{"id":32513,"date":"2026-04-23T06:14:00","date_gmt":"2026-04-23T09:14:00","guid":{"rendered":"http:\/\/www.estrategiaconcursos.com.br\/blog\/?p=32513"},"modified":"2026-04-23T06:14:29","modified_gmt":"2026-04-23T09:14:29","slug":"concurso-policia-federal","status":"publish","type":"post","link":"https:\/\/www.estrategiaconcursos.com.br\/blog\/concurso-policia-federal\/","title":{"rendered":"Concurso PF: confira cen\u00e1rio atual da Pol\u00edcia Federal!"},"content":{"rendered":"\n<p style=\"font-size:clamp(14.642px, 0.915rem + ((1vw - 3.2px) * 0.721), 22px);\"><em><strong><em><strong>Concurso PF 2025 oferece vagas para Agente, Escriv\u00e3o, Papiloscopista, Perito e <em><strong>Delegado<\/strong><\/em>. Resultados s\u00e3o divulgados! <\/strong><\/em><\/strong><\/em><\/p>\n\n\n\n<div style=\"height:9px\" aria-hidden=\"true\" class=\"wp-block-spacer\"><\/div>\n\n\n\n<hr class=\"wp-block-separator has-alpha-channel-opacity\"\/>\n\n\n<p><center><a id=\"cta-icon\" href=\"https:\/\/sndflw.com\/i\/pf-grupo\" target=\"_blank\" style=\"background:#29a61a; display:inline-flex; align-items:center; padding:10px 15px; border-radius:6px; color:#fff; text-decoration:none; font-weight:500; font-size:15px;\"><img decoding=\"async\" src=\"https:\/\/dhg1h5j42swfq.cloudfront.net\/2023\/12\/07154107\/whatsapp_13851.png\" alt=\"\" style=\"width:20px; height:20px; margin-right:8px;\"><span>Acesse agora o Grupo de Estudos para o Concurso PF<\/span><\/a><\/center><\/p>\n\n\n\n<div style=\"height:24px\" aria-hidden=\"true\" class=\"wp-block-spacer\"><\/div>\n\n\n\n<p>A <a href=\"https:\/\/www.estrategiaconcursos.com.br\/cursosPorConcurso\/cursos-para-policia-federal\/\" target=\"_blank\" rel=\"noreferrer noopener\">Pol\u00edcia Federal<\/a> avan\u00e7ou nos tr\u00e2mites administrativos para o aproveitamento de aprovados excedentes do <strong>concurso PF<\/strong>.<\/p>\n\n\n\n<p>Isso porque foi publicado o Decreto n\u00ba 12.943\/2026, que trata da nomea\u00e7\u00e3o de mil candidatos excedentes.<\/p>\n\n\n\n<ul class=\"wp-block-list\">\n<li><a href=\"https:\/\/dhg1h5j42swfq.cloudfront.net\/2026\/04\/22213440\/decreto-pf-nomeacao-excedentes.pdf\" target=\"_blank\" rel=\"noreferrer noopener nofollow\">Decreto PF &#8211; nomea\u00e7\u00e3o dos excedentes<\/a><\/li>\n<\/ul>\n\n\n\n<p>Recentemente, foi divulgado o resultado final da avalia\u00e7\u00e3o psicol\u00f3gica para Agente, al\u00e9m dos <a href=\"https:\/\/dhg1h5j42swfq.cloudfront.net\/2026\/04\/15080325\/edital-no-31-pf-policial-de-14-de-abril-de-2026-edital-no-31-pf-policial-de-14-de-abril-de-2026-dou-imprensa-nacional.pdf\" target=\"_blank\" rel=\"noreferrer noopener nofollow\">resultados finais dos t\u00edtulos e da primeira etapa para Delegado e Perito<\/a>.<\/p>\n\n\n\n<p><strong>Resultados PF divulgados:<\/strong><\/p>\n\n\n\n<ul class=\"wp-block-list\">\n<li><a href=\"https:\/\/dhg1h5j42swfq.cloudfront.net\/2026\/04\/23061044\/diariooficial-1-156-158.pdf\" target=\"_blank\" rel=\"noreferrer noopener nofollow\">Resultado final da avalia\u00e7\u00e3o psicol\u00f3gica para Agente<\/a><\/li>\n\n\n\n<li><a href=\"https:\/\/dhg1h5j42swfq.cloudfront.net\/2026\/02\/02054951\/edital-no-24-pf-policial-de-27-de-fevereiro-de-2026-edital-no-24-pf-policial-de-27-de-fevereiro-de-2026-dou-imprensa-nacional.pdf\" target=\"_blank\" rel=\"noreferrer noopener nofollow\">Resultado final da primeira etapa &#8211; Escriv\u00e3o e Papiloscopista<\/a><\/li>\n\n\n\n<li><a href=\"https:\/\/dhg1h5j42swfq.cloudfront.net\/2026\/01\/15061141\/edital-no-17-pf-policial-de-14-de-janeiro-de-2026-edital-no-17-pf-policial-de-14-de-janeiro-de-2026-dou-imprensa-nacional.pdf\" target=\"_blank\" rel=\"noreferrer noopener nofollow\">Resultado final e convoca\u00e7\u00e3o para CF<\/a><\/li>\n\n\n\n<li><a href=\"https:\/\/dhg1h5j42swfq.cloudfront.net\/2025\/11\/01151823\/bc483216835af71a8f81d43f84dc0de1353d021bbf202c05874d75070fd54746-1.pdf\" target=\"_blank\" rel=\"noreferrer noopener nofollow\">Resultado final da avalia\u00e7\u00e3o m\u00e9dica e biopsicossocial<\/a><\/li>\n\n\n\n<li><a href=\"https:\/\/dhg1h5j42swfq.cloudfront.net\/2026\/01\/15091413\/resultado-final-taf-pf-2025.pdf\" target=\"_blank\" rel=\"noreferrer noopener nofollow\">Resultado final do teste de aptid\u00e3o f\u00edsica<\/a><\/li>\n\n\n\n<li><a href=\"https:\/\/dhg1h5j42swfq.cloudfront.net\/2026\/01\/15091418\/resultado-final-prova-discursiva-pf-2025.pdf\" target=\"_blank\" rel=\"noreferrer noopener nofollow\">Resultado final da prova discursiva<\/a><\/li>\n\n\n\n<li><a href=\"https:\/\/dhg1h5j42swfq.cloudfront.net\/2025\/08\/20093126\/concurso-pf-2025-resultados.pdf\" target=\"_blank\" rel=\"noreferrer noopener nofollow\">Resultado final da prova objetiva<\/a><\/li>\n<\/ul>\n\n\n\n<p>As vagas s\u00e3o para os cargos de Agente, Escriv\u00e3o, Perito, Delegado e Papiloscopista. Com <strong>sal\u00e1rios de R$ 14.164,81 a R$ 26.800,00<\/strong>, as oportunidades se distribuem entre ampla concorr\u00eancia, candidatos negros e pessoas com defici\u00eancia.<\/p>\n\n\n\n<p>Vale destacar que obtivemos acesso \u00e0 minuta de um projeto de lei que cria gratifica\u00e7\u00f5es e <a href=\"https:\/\/www.estrategiaconcursos.com.br\/blog\/concursos-policiais-federais-minuta-de-gratificacao\/\" target=\"_blank\" rel=\"noreferrer noopener\">institui o Fundo Nacional de Combate \u00e0s Organiza\u00e7\u00f5es Criminosas<\/a> (FUNCOC).<\/p>\n\n\n\n<ul class=\"wp-block-list has-very-light-gray-to-cyan-bluish-gray-gradient-background has-background\">\n<li><strong>Concurso Pol\u00edcia Federal 2025<\/strong><\/li>\n\n\n\n<li><strong style=\"background-color: initial; color: initial;\">Situa\u00e7\u00e3o<\/strong><span style=\"background-color: initial; color: initial;\">: <\/span>em andamento<\/li>\n\n\n\n<li><strong>Banca<\/strong>: <a href=\"https:\/\/www.cebraspe.org.br\/concursos\/PF_25\" target=\"_blank\" rel=\"noreferrer noopener nofollow\">Cebraspe<\/a><\/li>\n\n\n\n<li><strong>Vagas<\/strong>: 1.000 <\/li>\n\n\n\n<li><strong>Cargos<\/strong>: Agente, Escriv\u00e3o, Papiloscopista, Perito Criminal e Delegado <\/li>\n\n\n\n<li><strong>Sal\u00e1rio<\/strong>: R$ 14.164,81 a R$ 26.800,00<\/li>\n\n\n\n<li><strong>Edital<\/strong>: <a href=\"https:\/\/dhg1h5j42swfq.cloudfront.net\/2025\/05\/20155200\/edital-concurso-pf-2025.pdf\" target=\"_blank\" rel=\"noreferrer noopener nofollow\">PF 2025<\/a><\/li>\n<\/ul>\n\n\n\n<p id=\"indice\">Neste artigo, voc\u00ea encontra um <strong>panorama completo e atualizado sobre o novo concurso da Pol\u00edcia Federal<\/strong>, tais como situa\u00e7\u00e3o do concurso, curiosidades e dados do \u00faltimo concurso. Confira os t\u00f3picos e n\u00e3o perca nenhum detalhe:<\/p>\n\n\n\n<ul id=\"indice\" class=\"wp-block-list\">\n<li><a href=\"#ultimas-noticias\"><strong>\u00daltimas not\u00edcias<\/strong><\/a>\n<ul class=\"wp-block-list\">\n<li><a href=\"#principais-acontecimentos\">Principais acontecimentos<\/a><\/li>\n<\/ul>\n<\/li>\n\n\n\n<li><strong><a href=\"#edital-2025\">Concurso Pol\u00edcia Federal 2025<\/a><\/strong>\n<ul class=\"wp-block-list\">\n<li><a href=\"#cargos-vagas\">Cargos e vagas<\/a><\/li>\n\n\n\n<li><a href=\"#etapas\">Etapas e provas<\/a><\/li>\n<\/ul>\n<\/li>\n\n\n\n<li><a href=\"#cargos\"><strong>Sobre os cargos<\/strong><\/a>\n\n\n\n\n\n\n\n\n\n\n\n\n\n\n\n\n\n\n\n\n\n\n\n\n\n\n\n\n\n\n\n\n\n\n\n\n\n\n\n\n\n\n\n\n\n\n\n\n\n\n\n\n\n\n\n\n\n\n\n\n\n\n\n\n\n\n\n\n\n\n\n\n\n\n\n\n\n\n\n\n\n\n\n\n\n\n\n\n\n\n\n\n\n\n\n\n\n\n\n\n\n\n\n\n\n\n\n\n\n\n\n\n\n\n\n\n\n\n\n\n\n\n\n\n\n\n\n\n\n\n\n\n\n\n<ul class=\"wp-block-list\">\n<li><a href=\"#requisitos\">O que \u00e9 preciso para entrar na PF?<\/a><\/li>\n\n\n\n<li><a href=\"#remuneracao\">Reestrutura\u00e7\u00e3o de carreiras<\/a><\/li>\n\n\n\n<li><a href=\"#atribuicoes\">Atribui\u00e7\u00f5es<\/a><\/li>\n\n\n\n<li><a href=\"#vagos\">Cargos vagos<\/a><\/li>\n<\/ul>\n<\/li>\n\n\n\n<li><strong><a href=\"#edital-2021\">Concurso Pol\u00edcia Federal 2021<\/a><\/strong>\n\n\n\n\n\n\n\n\n\n\n\n\n\n\n\n\n\n\n\n\n\n\n\n\n\n\n\n\n\n\n\n\n\n\n\n\n\n\n\n\n\n\n\n\n\n\n\n\n\n\n\n\n\n\n\n\n\n\n\n\n\n\n\n\n\n\n\n\n\n\n\n\n\n\n\n\n\n\n\n\n\n\n\n\n\n\n\n\n\n\n\n\n\n\n\n\n\n\n\n\n\n\n\n\n\n\n\n\n\n\n\n\n\n\n\n\n\n\n\n\n\n\n\n\n\n\n\n\n\n\n\n\n\n\n\n\n\n\n\n\n\n\n\n\n\n\n<ul class=\"wp-block-list\">\n<li><a href=\"#vagas\">Vagas do concurso<\/a><\/li>\n<\/ul>\n\n\n\n<ul class=\"wp-block-list\">\n<li><a href=\"#inscritos\">N\u00famero de inscritos<\/a><\/li>\n\n\n\n<li><a href=\"#etapas-policia-federal\">Etapas e provas<\/a><\/li>\n<\/ul>\n<\/li>\n\n\n\n<li><strong><a href=\"#ultimo\">Concurso 2018<\/a><\/strong>\n<ul class=\"wp-block-list\">\n<li><a href=\"#concorrencia\">Concorr\u00eancia no \u00faltimo edital<\/a><\/li>\n\n\n\n<li><a href=\"#nomeados\">Total de nomeados<\/a><\/li>\n<\/ul>\n<\/li>\n\n\n\n<li><strong><a href=\"#materiais\">Materiais B\u00f4nus e Gratuitos<\/a><\/strong>\n<ul class=\"wp-block-list\">\n<li><a href=\"#vade\">Vade-M\u00e9cum<\/a><\/li>\n\n\n\n<li><a href=\"#estrategico\">Edital estrat\u00e9gico<\/a><\/li>\n\n\n\n<li><a href=\"#artigos\">Artigos t\u00e9cnicos<\/a><\/li>\n\n\n\n<li><a href=\"#guia\">Guia de estudos<\/a><\/li>\n<\/ul>\n<\/li>\n\n\n\n<li><strong><a href=\"#cursos-e-assinaturas\">Cursos e Assinaturas<\/a><\/strong><\/li>\n\n\n\n<li><strong><a href=\"#ficha-tecnica\">Ficha t\u00e9cnica<\/a><\/strong><\/li>\n<\/ul>\n\n\n\n<div class=\"container\" id=\"boxes\">\n  <div class=\"row\">\n\n    <div class=\"col-sm\">\n      <div class=\"banner-policia-federal\" id=\"box-assinatura\">\n        <h2 class=\"titulo-assinatura\">Concurso Pol\u00edcia Federal<\/h2>\n        <p class=\"subtitulo-assinatura\">Trilhe o caminho rumo \u00e0 aprova\u00e7\u00e3o na PF!<\/p>\n        <div class=\"box-botao\">\n          <a class=\"btn-assinatura\" target=\"_blank\" href=\"https:\/\/www.estrategiaconcursos.com.br\/cursosPorConcurso\/cursos-para-policia-federal\/\" role=\"button\" rel=\"noopener noreferrer\">VER CURSOS<\/a>\n        <\/div>\n      <\/div>\n     \n    <\/div>\n\n  <\/div>\n<\/div>\n\n\n\n<h2 class=\"wp-block-heading has-very-light-gray-to-cyan-bluish-gray-gradient-background has-background\" id=\"ultimas-noticias\">Concurso Pol\u00edcia Federal: \u00faltimas not\u00edcias<\/h2>\n\n\n\n<p>Confira abaixo as <strong>principais not\u00edcias divulgadas sobre o Concurso PF<\/strong> e os principais acontecimentos sobre a Pol\u00edcia Federal.<\/p>\n\n\n\n<h3 class=\"wp-block-heading\" id=\"principais-acontecimentos\">Principais acontecimentos<\/h3>\n\n\n\n<ul class=\"wp-block-list\">\n<li>09\/04\/2026: <a href=\"https:\/\/www.estrategiaconcursos.com.br\/blog\/concurso-pf-minuta-decreto-1-000-nomeacoes\/\" target=\"_blank\" rel=\"noreferrer noopener\">Minuta de decreto de nomea\u00e7\u00f5es da PF \u00e9 enviada<\/a><\/li>\n\n\n\n<li>02\/04\/2026: <a href=\"https:\/\/www.estrategiaconcursos.com.br\/blog\/concurso-pf-ministra-excedentes\/\" target=\"_blank\" rel=\"noreferrer noopener\">Ministra confirma a convoca\u00e7\u00e3o de 1,5 mil excedentes<\/a><\/li>\n\n\n\n<li>11\/02\/2026: <a href=\"https:\/\/www.estrategiaconcursos.com.br\/blog\/concurso-pf-diretor-reforca-pedido-excedentes\/\" target=\"_blank\" rel=\"noreferrer noopener\">Diretor-geral da PF refor\u00e7a pedido para convocar excedentes<\/a><\/li>\n\n\n\n<li>27\/01\/2026: DPU solicita audi\u00eancia para tratar de excedentes e cotistas<\/li>\n\n\n\n<li>23\/01\/2026: Resultado de solicita\u00e7\u00e3o de final da fila e 2\u00aa chamada CFP para Agente<\/li>\n\n\n\n<li>19\/01\/2026: <a href=\"https:\/\/www.estrategiaconcursos.com.br\/blog\/concurso-pf-solicitado-aproveitamento-excedentes\/\" target=\"_blank\" rel=\"noreferrer noopener\">Pol\u00edcia Federal solicita aproveitamento de candidatos excedentes<\/a><\/li>\n\n\n\n<li>15\/01\/2026: <a href=\"https:\/\/www.estrategiaconcursos.com.br\/blog\/concurso-pf-agente-de-policia-resultado-final-e-convocacao-para-curso\/\" target=\"_blank\" rel=\"noreferrer noopener\">Resultado final e convoca\u00e7\u00e3o para o CF de Agente PF<\/a><\/li>\n\n\n\n<li>18\/11\/2025: <a href=\"https:\/\/www.estrategiaconcursos.com.br\/blog\/concurso-pf-diretor-geral-dobrar-efetivo\/\" target=\"_blank\" rel=\"noreferrer noopener\">Diretor-Geral fala em dobrar o efetivo<\/a><\/li>\n\n\n\n<li>20\/08\/2025: <a href=\"https:\/\/www.estrategiaconcursos.com.br\/blog\/concurso-pf-2025-resultados-divulgados\/\" target=\"_blank\" rel=\"noreferrer noopener\">Resultados das provas s\u00e3o divulgados<\/a><\/li>\n\n\n\n<li>28\/07\/2025: <a href=\"https:\/\/www.estrategiaconcursos.com.br\/blog\/concurso-pf-abstencoes\/\" target=\"_blank\" rel=\"noreferrer noopener\">N\u00famero de absten\u00e7\u00f5es<\/a><\/li>\n\n\n\n<li>18\/07\/2025: <a href=\"https:\/\/www.estrategiaconcursos.com.br\/blog\/concurso-pf-218-mil-inscritos\/\" target=\"_blank\" rel=\"noreferrer noopener\">Divulgada a demanda de inscritos<\/a><\/li>\n\n\n\n<li>26\/05\/2025: <a href=\"https:\/\/www.estrategiaconcursos.com.br\/blog\/concurso-pf-2025-inscricoes\/\" target=\"_blank\" rel=\"noreferrer noopener\">Inscri\u00e7\u00f5es abertas<\/a> <\/li>\n\n\n\n<li>15\/05\/2025: <a href=\"https:\/\/www.estrategiaconcursos.com.br\/blog\/concurso-pf-edital-publicado-2025\/\" target=\"_blank\" rel=\"noreferrer noopener\">Edital PF \u00e9 publicado com 1.000 vagas<\/a><\/li>\n\n\n\n<li>15\/05\/2025: <a href=\"https:\/\/www.estrategiaconcursos.com.br\/blog\/concurso-pf-extrato-contrato-divulgado\/\" target=\"_blank\" rel=\"noreferrer noopener\">Extrato de contrato divulgado<\/a><\/li>\n\n\n\n<li>13\/05\/2025: <a href=\"https:\/\/www.estrategiaconcursos.com.br\/blog\/concurso-pf-contrato-cebraspe-assinado-mil-vagas\/\" target=\"_blank\" rel=\"noreferrer noopener\">Contrato com Cebraspe \u00e9 assinado<\/a><\/li>\n\n\n\n<li>11\/04\/2025: <a href=\"https:\/\/www.estrategiaconcursos.com.br\/blog\/concurso-pf-cebraspe-banca-2025\/\" target=\"_blank\" rel=\"noreferrer noopener\">Dispensa de licita\u00e7\u00e3o confirma o Cebraspe como banca<\/a><\/li>\n\n\n\n<li>26\/03\/2025: <a href=\"https:\/\/www.estrategiaconcursos.com.br\/blog\/concurso-pf-cebraspe-banca-edital\/\" target=\"_blank\" rel=\"noreferrer noopener\">Presidente da APCF anuncia Cebraspe como banca<\/a><\/li>\n\n\n\n<li>14\/02\/2025: <a href=\"https:\/\/www.estrategiaconcursos.com.br\/blog\/concurso-pf-2025-autorizado\/\" target=\"_blank\" rel=\"noreferrer noopener\">Edital da PF com mil vagas \u00e9 autorizado<\/a><\/li>\n\n\n\n<li>29\/01\/2025: <a href=\"https:\/\/www.estrategiaconcursos.com.br\/blog\/concurso-pf-anunciado-2-mil-vagas\/\" target=\"_blank\" rel=\"noreferrer noopener\">Governo federal anuncia concurso com 2 mil vagas<\/a><\/li>\n\n\n\n<li>09\/12\/2024: <a href=\"https:\/\/www.estrategiaconcursos.com.br\/blog\/pec-seguranca-publica-anteprojeto-detalha-a-proposta\/\" target=\"_blank\" rel=\"noreferrer noopener\">Anteprojeto detalha a PEC Seguran\u00e7a P\u00fablica<\/a><\/li>\n\n\n\n<li>06\/12\/2024:&nbsp;<a href=\"https:\/\/www.estrategiaconcursos.com.br\/blog\/concurso-pf-administrativo-autorizado-192-vagas\/\" target=\"_blank\" rel=\"noreferrer noopener\">Concurso PF Administrativo autorizado com 192 vagas<\/a><\/li>\n\n\n\n<li>31\/10\/2024: <a href=\"https:\/\/www.estrategiaconcursos.com.br\/blog\/ministerio-da-justica-pec-seguranca-publica\/\" target=\"_blank\" rel=\"noreferrer noopener\">Ministro da Justi\u00e7a apresenta PEC da Seguran\u00e7a P\u00fablica<\/a><\/li>\n\n\n\n<li>03\/10\/2024: <a href=\"https:\/\/www.estrategiaconcursos.com.br\/blog\/concurso-prf-ministro-defende-mudancas-categoria\/\" target=\"_blank\" rel=\"noreferrer noopener\">Ministro defende mudan\u00e7as na categoria<\/a><\/li>\n\n\n\n<li>03\/10\/2024: <a href=\"https:\/\/www.estrategiaconcursos.com.br\/blog\/concurso-policia-federal-novo-edital-ate-2026\/\" target=\"_blank\" rel=\"noreferrer noopener\">Fenapef prev\u00ea novo edital at\u00e9 2026<\/a><\/li>\n\n\n\n<li>15\/07\/2024: <a href=\"https:\/\/www.estrategiaconcursos.com.br\/blog\/concurso-pf-minuta-finalizada-entregue\/\" target=\"_blank\" rel=\"noreferrer noopener\">Minuta de Lei Org\u00e2nica \u00e9 finalizada e entregue<\/a><\/li>\n\n\n\n<li>07\/06\/2024: <a href=\"https:\/\/www.estrategiaconcursos.com.br\/blog\/concurso-pf-solicitacao-2-599-vagas\/\" target=\"_blank\" rel=\"noreferrer noopener\">Pedido de concurso para 2.599 vagas<\/a><\/li>\n\n\n\n<li>26\/08\/2023: <a href=\"https:\/\/www.estrategiaconcursos.com.br\/blog\/concurso-pf-editais-anuais-comentados-diretor-geral\/\" target=\"_blank\" rel=\"noreferrer noopener\">Editais anuais s\u00e3o comentados pelo diretor-geral<\/a><\/li>\n\n\n\n<li>06\/06\/2023: <a href=\"https:\/\/www.estrategiaconcursos.com.br\/blog\/concurso-pf-autorizacao-nomeacao-201-excedentes\/\" target=\"_blank\" rel=\"noreferrer noopener\">Divulgada autoriza\u00e7\u00e3o para nomea\u00e7\u00e3o de 201 excedentes<\/a><\/li>\n\n\n\n<li>27\/02\/2023: <a href=\"https:\/\/www.estrategiaconcursos.com.br\/blog\/concurso-pf-validade-prorrogada\/\" target=\"_blank\" rel=\"noreferrer noopener\">Edital tem prazo de validade prorrogado<\/a><\/li>\n\n\n\n<li>22\/02\/2023: <a href=\"https:\/\/www.estrategiaconcursos.com.br\/blog\/concurso-pf-reestruturacao-salarial\/\" target=\"_blank\" rel=\"noreferrer noopener\">Pedido de reestrutura\u00e7\u00e3o salarial \u00e9 encaminhado<\/a><\/li>\n\n\n\n<li>08\/02\/2023: <a href=\"https:\/\/www.estrategiaconcursos.com.br\/blog\/concurso-pf-pauta-atual-governo\/\" target=\"_blank\" rel=\"noreferrer noopener\">Novos certames est\u00e3o na pauta do atual governo<\/a><\/li>\n\n\n\n<li>15\/09\/2022: <a href=\"https:\/\/www.estrategiaconcursos.com.br\/blog\/concurso-pf-resultado-final-homologado\/\" target=\"_blank\" rel=\"noreferrer noopener\">Resultado final homologado<\/a><\/li>\n\n\n\n<li>26\/05\/2022: <a href=\"https:\/\/www.estrategiaconcursos.com.br\/blog\/concurso-pf-decreto-publicado\/\" target=\"_blank\" rel=\"noreferrer noopener\">Publicado o decreto que autoriza convoca\u00e7\u00e3o de excedentes<\/a><\/li>\n\n\n\n<li>04\/10\/2021: <a href=\"https:\/\/www.estrategiaconcursos.com.br\/blog\/concurso-pf-pedido-por-excedentes-encaminhado-ao-mj\/\" target=\"_blank\" rel=\"noreferrer noopener\">Pedido por excedentes \u00e9 encaminhado ao MJ<\/a><\/li>\n\n\n\n<li>15\/01\/2021: Edital \u00e9 publicado com 1.500 vagas<\/li>\n\n\n\n<li>29\/12\/2020: <a href=\"https:\/\/dhg1h5j42swfq.cloudfront.net\/2020\/12\/29072453\/image-207.png\" target=\"_blank\" rel=\"noreferrer noopener nofollow\">Cebraspe \u00e9 definido banca organizadora<\/a><\/li>\n\n\n\n<li>11\/12\/2020: <a href=\"https:\/\/dhg1h5j42swfq.cloudfront.net\/2020\/12\/11075747\/captura-de-tela-2020-12-11-as-07-29-32-1-1024x503.png\" target=\"_blank\" rel=\"noreferrer noopener nofollow\">Autoriza\u00e7\u00e3o do concurso publicada<\/a><\/li>\n<\/ul>\n\n\n\n<h2 class=\"wp-block-heading has-very-light-gray-to-cyan-bluish-gray-gradient-background has-background\" id=\"edital-2025\">Concurso Pol\u00edcia Federal: edital 2025<\/h2>\n\n\n\n<p>Veja as informa\u00e7\u00f5es mais importantes do Concurso PF 2025:<\/p>\n\n\n\n<h3 class=\"wp-block-heading\" id=\"retificacoes\">Retifica\u00e7\u00f5es do edital divulgadas<\/h3>\n\n\n\n<ul class=\"wp-block-list\">\n<li><a href=\"https:\/\/dhg1h5j42swfq.cloudfront.net\/2025\/06\/13081738\/retificacao-do-concurso-pf-2025.pdf\" target=\"_blank\" rel=\"noreferrer noopener nofollow\">1\u00aa retifica\u00e7\u00e3o<\/a> [inscri\u00e7\u00f5es prorrogadas e conte\u00fado program\u00e1tico].<\/li>\n\n\n\n<li><a href=\"https:\/\/dhg1h5j42swfq.cloudfront.net\/2025\/09\/12064439\/edital-no-8-pf-policial-de-11-de-setembro-de-2025-edital-no-8-pf-policial-de-11-de-setembro-de-2025-dou-imprensa-nacional.pdf\" target=\"_blank\" rel=\"noreferrer noopener nofollow\">2\u00aa retifica\u00e7\u00e3o<\/a> [inclus\u00e3o do subitem 3.8].<\/li>\n<\/ul>\n\n\n\n<h3 class=\"wp-block-heading\" id=\"cargos-vagas\">Cargos e vagas do concurso PF 2025<\/h3>\n\n\n\n<figure class=\"wp-block-table is-style-stripes\"><table class=\"has-very-light-gray-to-cyan-bluish-gray-gradient-background has-background has-fixed-layout\"><thead><tr><th class=\"has-text-align-center\" data-align=\"center\">Cargo<\/th><th class=\"has-text-align-center\" data-align=\"center\">Vagas<\/th><th class=\"has-text-align-center\" data-align=\"center\"><strong>Sal\u00e1rio<\/strong><\/th><\/tr><\/thead><tbody><tr><td class=\"has-text-align-center\" data-align=\"center\">Agente<\/td><td class=\"has-text-align-center\" data-align=\"center\">630<\/td><td class=\"has-text-align-center\" data-align=\"center\">R$ 14.164,81<\/td><\/tr><tr><td class=\"has-text-align-center\" data-align=\"center\">Escriv\u00e3o<\/td><td class=\"has-text-align-center\" data-align=\"center\">160<\/td><td class=\"has-text-align-center\" data-align=\"center\">R$ 14.164,81<\/td><\/tr><tr><td class=\"has-text-align-center\" data-align=\"center\">Papiloscopista<\/td><td class=\"has-text-align-center\" data-align=\"center\">21<\/td><td class=\"has-text-align-center\" data-align=\"center\">R$ 14.164,81<\/td><\/tr><tr><td class=\"has-text-align-center\" data-align=\"center\">Perito Criminal<\/td><td class=\"has-text-align-center\" data-align=\"center\">69<\/td><td class=\"has-text-align-center\" data-align=\"center\">R$ 26.800,00<\/td><\/tr><tr><td class=\"has-text-align-center\" data-align=\"center\">Delegado<\/td><td class=\"has-text-align-center\" data-align=\"center\">120<\/td><td class=\"has-text-align-center\" data-align=\"center\">R$ 26.800,00<\/td><\/tr><\/tbody><\/table><\/figure>\n\n\n\n<p><strong>Distribui\u00e7\u00e3o das vagas de Perito:<\/strong><\/p>\n\n\n\n<div class=\"wp-block-columns is-layout-flex wp-container-core-columns-is-layout-28f84493 wp-block-columns-is-layout-flex\">\n<div class=\"wp-block-column is-layout-flow wp-block-column-is-layout-flow\">\n<ul class=\"wp-block-list\">\n<li>\u00c1rea 1: Cont\u00e1bil-Financeira<\/li>\n\n\n\n<li>\u00c1rea 2: Engenharia El\u00e9trica\/Eletr\u00f4nica<\/li>\n\n\n\n<li>\u00c1rea 3: Inform\u00e1tica Forense<\/li>\n\n\n\n<li>\u00c1rea 5: Geologia Forense<\/li>\n\n\n\n<li>\u00c1rea 7: Engenharia Civil<\/li>\n\n\n\n<li>\u00c1rea 11: Engenharia Cartogr\u00e1fica<\/li>\n\n\n\n<li>\u00c1rea 12: Medicina Legal<\/li>\n<\/ul>\n<\/div>\n\n\n\n<div class=\"wp-block-column is-layout-flow wp-block-column-is-layout-flow\">\n<ul class=\"wp-block-list\">\n<li>\u00c1rea 16: F\u00edsica Forense<\/li>\n\n\n\n<li>\u00c1rea 17: Engenharia de Minas<\/li>\n\n\n\n<li>\u00c1rea 19: Gen\u00e9tica Forense<\/li>\n\n\n\n<li>\u00c1rea 20: Engenharia Ambiental<\/li>\n\n\n\n<li>\u00c1rea 21: Antropologia Forense<\/li>\n\n\n\n<li>\u00c1rea 22: Meio Ambiente<\/li>\n<\/ul>\n<\/div>\n<\/div>\n\n\n\n<h3 class=\"wp-block-heading\" id=\"inscritos\">Demanda de inscritos<\/h3>\n\n\n\n<p>Foi divulgada a <strong>demanda de inscritos<\/strong> no concurso PF (Pol\u00edcia Federal 2025). Ao todo, foram registradas <strong>218.821 candidaturas.<\/strong><\/p>\n\n\n\n<p>O cargo com mais procura foi o de Agente de Pol\u00edcia Federal com 137.645 inscri\u00e7\u00f5es, seguido por Escriv\u00e3o, com 26.666. Veja abaixo os n\u00fameros completos:<\/p>\n\n\n\n<ul class=\"wp-block-list\">\n<li><a href=\"https:\/\/dhg1h5j42swfq.cloudfront.net\/2025\/07\/18172355\/demanda-candidatos-por-vaga-atualizado.pdf\" target=\"_blank\" rel=\"noreferrer noopener nofollow\">Demanda de inscritos concurso PF<\/a><\/li>\n<\/ul>\n\n\n\n<h3 class=\"wp-block-heading\" id=\"etapas\">Etapas e provas do concurso PF 2025<\/h3>\n\n\n\n<p>Os candidatos do concurso foram avaliados mediante aplica\u00e7\u00e3o das seguintes etapas:<\/p>\n\n\n\n<ol class=\"wp-block-list\">\n<li><strong>Provas objetivas e discursivas<\/strong>, de car\u00e1ter eliminat\u00f3rio e classificat\u00f3rio;<\/li>\n\n\n\n<li><strong>Exame de Aptid\u00e3o F\u00edsica<\/strong>, de car\u00e1ter eliminat\u00f3rio;<\/li>\n\n\n\n<li><strong>Avalia\u00e7\u00e3o M\u00e9dica<\/strong>, de car\u00e1ter eliminat\u00f3rio;<\/li>\n\n\n\n<li><strong>Prova Oral<\/strong>, de car\u00e1ter eliminat\u00f3rio e classificat\u00f3rio &#8211; somente Delegado;<\/li>\n\n\n\n<li><strong>Avalia\u00e7\u00e3o de T\u00edtulos<\/strong>, de car\u00e1ter classificat\u00f3rio &#8211; somente Perito e Delegado;<\/li>\n\n\n\n<li><strong>Avalia\u00e7\u00e3o Psicol\u00f3gica<\/strong>, de car\u00e1ter eliminat\u00f3rio.<\/li>\n<\/ol>\n\n\n\n<p>A prova objetiva e a prova discursiva para os cargos de Perito Criminal Federal, Escriv\u00e3o de Pol\u00edcia Federal, Agente de Pol\u00edcia Federal e Papiloscopista Policial Federal tiveram a <strong>dura\u00e7\u00e3o de 4 horas e 30 minutos<\/strong>, aplicadas no<strong> turno da tarde<\/strong>.<\/p>\n\n\n\n<h4 class=\"wp-block-heading\" id=\"objetiva\">Provas Objetivas<\/h4>\n\n\n\n<p>A prova objetiva do concurso Pol\u00edcia Federal 2025 foi constitu\u00edda de <strong>120 quest\u00f5es<\/strong>, com julgamento de cada item de <strong>CERTO ou ERRADO<\/strong>.<\/p>\n\n\n\n<ul class=\"wp-block-list\">\n<li><strong>Escriv\u00e3o:<\/strong>\n<ul class=\"wp-block-list\">\n<li>L\u00edngua Portuguesa<\/li>\n\n\n\n<li>No\u00e7\u00f5es de Direito Administrativo<\/li>\n\n\n\n<li>No\u00e7\u00f5es de Direito Constitucional<\/li>\n\n\n\n<li>No\u00e7\u00f5es de Direito Penal e de Direito Processual Penal<\/li>\n\n\n\n<li>Direitos Humanos<\/li>\n\n\n\n<li>Legisla\u00e7\u00e3o Especial<\/li>\n\n\n\n<li>Estat\u00edstica<\/li>\n\n\n\n<li>Racioc\u00ednio L\u00f3gico<\/li>\n\n\n\n<li>Inform\u00e1tica<\/li>\n\n\n\n<li>Contabilidade Geral<\/li>\n\n\n\n<li>Arquivologia<\/li>\n<\/ul>\n<\/li>\n<\/ul>\n\n\n\n<ul class=\"wp-block-list\">\n<li><strong>Agente:<\/strong>\n<ul class=\"wp-block-list\">\n<li>L\u00edngua Portuguesa<\/li>\n\n\n\n<li>No\u00e7\u00f5es de Direito Administrativo<\/li>\n\n\n\n<li>No\u00e7\u00f5es de Direito Constitucional<\/li>\n\n\n\n<li>No\u00e7\u00f5es de Direito Penal e de Direito Processual Penal<\/li>\n\n\n\n<li>Direitos Humanos<\/li>\n\n\n\n<li>Legisla\u00e7\u00e3o Especial<\/li>\n\n\n\n<li>Estat\u00edstica<\/li>\n\n\n\n<li>Racioc\u00ednio L\u00f3gico<\/li>\n\n\n\n<li>Inform\u00e1tica<\/li>\n\n\n\n<li>Contabilidade Geral<\/li>\n<\/ul>\n<\/li>\n<\/ul>\n\n\n\n<ul class=\"wp-block-list\">\n<li><strong>Papiloscopista:<\/strong>\n<ul class=\"wp-block-list\">\n<li>L\u00edngua Portuguesa<\/li>\n\n\n\n<li>No\u00e7\u00f5es de Direito Administrativo<\/li>\n\n\n\n<li>No\u00e7\u00f5es de Direito Constitucional<\/li>\n\n\n\n<li>No\u00e7\u00f5es de Direito Penal e de Direito Processual Penal<\/li>\n\n\n\n<li>Direitos Humanos<\/li>\n\n\n\n<li>Legisla\u00e7\u00e3o Especial<\/li>\n\n\n\n<li>Estat\u00edstica<\/li>\n\n\n\n<li>Racioc\u00ednio L\u00f3gico<\/li>\n\n\n\n<li>Inform\u00e1tica<\/li>\n\n\n\n<li>Biologia<\/li>\n\n\n\n<li>F\u00edsica<\/li>\n\n\n\n<li>Qu\u00edmica<\/li>\n<\/ul>\n<\/li>\n<\/ul>\n\n\n\n<ul class=\"wp-block-list\">\n<li><strong>Perito:<\/strong>\n<ul class=\"wp-block-list\">\n<li>L\u00edngua Portuguesa<\/li>\n\n\n\n<li>Inform\u00e1tica<\/li>\n\n\n\n<li>No\u00e7\u00f5es de Direito Administrativo<\/li>\n\n\n\n<li>No\u00e7\u00f5es de Direito Constitucional<\/li>\n\n\n\n<li>No\u00e7\u00f5es de Direito Penal e de Direito Processual Penal<\/li>\n\n\n\n<li>No\u00e7\u00f5es de Criminal\u00edstica<\/li>\n\n\n\n<li>Direitos Humanos<\/li>\n\n\n\n<li>Racioc\u00ednio L\u00f3gico<\/li>\n\n\n\n<li>Conhecimentos Espec\u00edficos<\/li>\n<\/ul>\n<\/li>\n<\/ul>\n\n\n\n<p>Foi reprovado na prova objetiva e eliminado do concurso p\u00fablico PF o candidato aos cargos de <strong>Escriv\u00e3o, Agente e Papiloscopista da Policial Federal<\/strong> que se enquadrou em pelo menos um dos itens a seguir:<\/p>\n\n\n\n<ul class=\"wp-block-list\">\n<li>a) obteve nota inferior a 6,00 pontos no bloco I da prova objetiva P1;<\/li>\n\n\n\n<li>b) obteve nota inferior a 3,00 pontos no bloco II da prova objetiva P1;<\/li>\n\n\n\n<li>b) obteve nota inferior a 2,00 pontos no bloco III da prova objetiva P1;<\/li>\n\n\n\n<li>c) obteve nota inferior a 48,00 pontos no conjunto dos tr\u00eas blocos da prova objetiva P1.<\/li>\n<\/ul>\n\n\n\n<p>Foi reprovado na prova objetiva e eliminado do concurso p\u00fablico o candidato ao cargo de <strong>Perito Criminal Federal<\/strong> que se enquadrou em pelo menos um dos itens a seguir:<\/p>\n\n\n\n<ul class=\"wp-block-list\">\n<li>a) obteve nota inferior a 10,00 pontos nos itens de conhecimentos b\u00e1sicos da prova objetiva P1;<\/li>\n\n\n\n<li>b) obteve nota inferior a 21,00 pontos nos itens de conhecimentos espec\u00edficos da prova objetiva P1;<\/li>\n\n\n\n<li>c) obteve nota inferior a 48,00 pontos na prova objetiva P1.<\/li>\n<\/ul>\n\n\n\n<h4 class=\"wp-block-heading\" id=\"discursiva\">Prova Discursiva<\/h4>\n\n\n\n<p>Para os cargos de Escriv\u00e3o, Agente e Papiloscopista a prova discursiva consistiu em reda\u00e7\u00e3o de texto dissertativo, de at\u00e9 30 linhas, com base em tema formulado pela banca examinadora.<\/p>\n\n\n\n<p>Para o cargo de Perito Criminal Federal a prova discursiva consistiu em reda\u00e7\u00e3o de texto dissertativo, de at\u00e9 30 linhas, a respeito de temas relacionados a conhecimentos espec\u00edficos de cada cargo\/\u00e1rea.<\/p>\n\n\n\n<p>A etapa do concurso PF para os cargos de Perito, Escriv\u00e3o, Agente e Papiloscopista Policial Federal vale 20,00 pontos. Foi aprovado o candidato que obteve nota final na prova discursiva (NFPD) igual ou superior a 10,00 pontos.<\/p>\n\n\n\n<h4 class=\"wp-block-heading\" id=\"aptidao\">Exame de Aptid\u00e3o F\u00edsica<\/h4>\n\n\n\n<p>O exame de aptid\u00e3o f\u00edsica, tamb\u00e9m conhecido como <a href=\"https:\/\/www.estrategiaconcursos.com.br\/blog\/preparacao-teste-aptidao-fisica\/\" target=\"_blank\" rel=\"noreferrer noopener\">TAF<\/a>, do concurso Pol\u00edcia Federal 2025 constou de quatro testes especificados a seguir:<\/p>\n\n\n\n<figure class=\"wp-block-table is-style-stripes\"><table class=\"has-very-light-gray-to-cyan-bluish-gray-gradient-background has-background has-fixed-layout\"><thead><tr><th class=\"has-text-align-center\" data-align=\"center\">Teste<\/th><th class=\"has-text-align-center\" data-align=\"center\">Masculino<\/th><th class=\"has-text-align-center\" data-align=\"center\">Feminino<\/th><\/tr><\/thead><tbody><tr><td class=\"has-text-align-center\" data-align=\"center\">Barra fixa<\/td><td class=\"has-text-align-center\" data-align=\"center\">5 flex\u00f5es<\/td><td class=\"has-text-align-center\" data-align=\"center\">15 segundos em suspens\u00e3o<\/td><\/tr><tr><td class=\"has-text-align-center\" data-align=\"center\">Impuls\u00e3o horizontal<\/td><td class=\"has-text-align-center\" data-align=\"center\">2,05 metros<\/td><td class=\"has-text-align-center\" data-align=\"center\">1,56 metros<\/td><\/tr><tr><td class=\"has-text-align-center\" data-align=\"center\">Nata\u00e7\u00e3o (50 metros)<\/td><td class=\"has-text-align-center\" data-align=\"center\">56 segundos<\/td><td class=\"has-text-align-center\" data-align=\"center\">64 segundos<\/td><\/tr><tr><td class=\"has-text-align-center\" data-align=\"center\">Corrida de 12 minutos<\/td><td class=\"has-text-align-center\" data-align=\"center\">2.300 metros<\/td><td class=\"has-text-align-center\" data-align=\"center\">1.800 metros<\/td><\/tr><\/tbody><\/table><\/figure>\n\n\n\n<h4 class=\"wp-block-heading\" id=\"h-avaliacao-de-titulos\">Avalia\u00e7\u00e3o de T\u00edtulos<\/h4>\n\n\n\n<p>Foram convocados para a avalia\u00e7\u00e3o de t\u00edtulos somente os candidatos aos cargos de Delegado e Perito Criminal. A etapa valeu 7,50 pontos, ainda que a soma dos valores dos t\u00edtulos apresentados fosse superior a esse valor.<\/p>\n\n\n\n<h2 class=\"wp-block-heading has-very-light-gray-to-cyan-bluish-gray-gradient-background has-background\" id=\"cargos\">Concurso Pol\u00edcia Federal: os cargos da PF<\/h2>\n\n\n\n<h3 class=\"wp-block-heading\" id=\"requisitos\">Requisitos das carreiras na Pol\u00edcia Federal<\/h3>\n\n\n\n<p><strong>Escriv\u00e3o, Agente e Papiloscopista<\/strong><\/p>\n\n\n\n<ul class=\"wp-block-list\">\n<li>Os cargos de Escriv\u00e3o, Agente e Papiloscopista da Pol\u00edcia Federal exigem do candidato N\u00edvel Superior em qualquer \u00e1rea de forma\u00e7\u00e3o. \u00c9 preciso ter ainda 18 anos na data de matr\u00edcula no Curso de Forma\u00e7\u00e3o e CNH na categoria B ou superior.<\/li>\n<\/ul>\n\n\n\n<p><strong>Perito Criminal Federal<\/strong><\/p>\n\n\n\n<ul class=\"wp-block-list\">\n<li>Para se candidatar ao cargo de Perito Criminal, \u00e9 preciso ter forma\u00e7\u00e3o em N\u00edvel Superior na fun\u00e7\u00e3o espec\u00edfica e possuir CNH categoria B ou superior.<\/li>\n<\/ul>\n\n\n\n<p><strong>Cursos aceitos:<\/strong><\/p>\n\n\n\n<ul class=\"wp-block-list\">\n<li>\u00c1rea 1: gradua\u00e7\u00e3o em Ci\u00eancias Cont\u00e1beis ou em Ci\u00eancias Econ\u00f4micas;<\/li>\n\n\n\n<li>\u00c1rea 2: gradua\u00e7\u00e3o em Engenharia El\u00e9trica, Engenharia Eletr\u00f4nica, Engenharia de Telecomunica\u00e7\u00f5es ou em Engenharia de Redes de Comunica\u00e7\u00e3o;<\/li>\n\n\n\n<li>\u00c1rea 3: gradua\u00e7\u00e3o em An\u00e1lise de Sistemas, Ci\u00eancias da Computa\u00e7\u00e3o, Engenharia da Computa\u00e7\u00e3o, Engenharia de Redes de Comunica\u00e7\u00e3o ou em Inform\u00e1tica;<\/li>\n\n\n\n<li>\u00c1rea 4: gradua\u00e7\u00e3o em Engenharia Agron\u00f4mica;<\/li>\n\n\n\n<li>\u00c1rea 5: gradua\u00e7\u00e3o em Geologia;<\/li>\n\n\n\n<li>\u00c1rea 6: gradua\u00e7\u00e3o em Engenharia Qu\u00edmica, Qu\u00edmica Industrial ou em Qu\u00edmica;<\/li>\n\n\n\n<li>\u00c1rea 7: gradua\u00e7\u00e3o em Engenharia Civil;<\/li>\n\n\n\n<li>\u00c1rea 8: gradua\u00e7\u00e3o em Ci\u00eancias Biol\u00f3gicas;<\/li>\n\n\n\n<li>\u00c1rea 9: gradua\u00e7\u00e3o em Engenharia Florestal;<\/li>\n\n\n\n<li>\u00c1rea 10: gradua\u00e7\u00e3o em Medicina Veterin\u00e1ria;<\/li>\n\n\n\n<li>\u00c1rea 11: gradua\u00e7\u00e3o em Engenharia Cartogr\u00e1fica;<\/li>\n\n\n\n<li>\u00c1rea 12: gradua\u00e7\u00e3o em Medicina;<\/li>\n\n\n\n<li>\u00c1rea 13: gradua\u00e7\u00e3o em Odontologia;<\/li>\n\n\n\n<li>\u00c1rea 14: gradua\u00e7\u00e3o em Farm\u00e1cia;<\/li>\n\n\n\n<li>\u00c1rea 15: gradua\u00e7\u00e3o em Engenharia Mec\u00e2nica ou Engenharia Mecatr\u00f4nica;<\/li>\n\n\n\n<li>\u00c1rea 16: gradua\u00e7\u00e3o em F\u00edsica;<\/li>\n\n\n\n<li>\u00c1rea 17: gradua\u00e7\u00e3o em Engenharia de Minas;<\/li>\n\n\n\n<li>\u00c1rea 18: gradua\u00e7\u00e3o em Engenharia El\u00e9trica;<\/li>\n\n\n\n<li>\u00c1rea 19: gradua\u00e7\u00e3o em Biomedicina, Ci\u00eancias Biol\u00f3gicas, Farm\u00e1cia, Odontologia, Medicina, Engenharia Agron\u00f4mica, Engenharia Florestal ou Medicina Veterin\u00e1ria;<\/li>\n\n\n\n<li>\u00c1rea 20: gradua\u00e7\u00e3o em Biomedicina, Ci\u00eancias Biol\u00f3gicas, Farm\u00e1cia, Odontologia, Medicina, Engenharia Agron\u00f4mica, Engenharia Florestal ou Medicina Veterin\u00e1ria;<\/li>\n\n\n\n<li>\u00c1rea 21: gradua\u00e7\u00e3o em Biomedicina, Ci\u00eancias Biol\u00f3gicas, Medicina ou Odontologia;<\/li>\n\n\n\n<li>\u00c1rea 22: gradua\u00e7\u00e3o em Ci\u00eancias Biol\u00f3gicas, Engenharia Agron\u00f4mica, Engenharia Ambiental, Engenharia Cartogr\u00e1fica, Engenharia de Minas, Engenharia Florestal, Geologia ou Medicina Veterin\u00e1ria.<\/li>\n<\/ul>\n\n\n\n<p><strong>Delegado PF<\/strong><\/p>\n\n\n\n<ul class=\"wp-block-list\">\n<li>Bacharelado em Direito<\/li>\n\n\n\n<li>Ter atividade jur\u00eddica ou policial de 3 anos (comprovados);<\/li>\n\n\n\n<li>Ter 18 anos, no m\u00ednimo;<\/li>\n\n\n\n<li>Possuir CNH na categoria \u201cB\u201d ou superior.<\/li>\n<\/ul>\n\n\n\n<p>Saiba mais sobre o <a href=\"https:\/\/cj.estrategia.com\/portal\/concurso-delegado-pf\/\" target=\"_blank\" rel=\"noreferrer noopener\">Concurso Delegado PF<\/a>.<\/p>\n\n\n\n<h4 class=\"wp-block-heading\" id=\"idade-maxima-policia-federal\">Qual idade m\u00e1xima para entrar na Pol\u00edcia Federal?<\/h4>\n\n\n\n<p><strong>N\u00e3o h\u00e1 idade m\u00e1xima<\/strong> para entrar por concurso na Pol\u00edcia Federal. Como voc\u00ea viu no item acima, h\u00e1 apenas uma <span style=\"text-decoration: underline;\">idade m\u00ednima<\/span>, que \u00e9 18 anos. A \u00fanica limita\u00e7\u00e3o que deve ser respeitada \u00e9 a da <strong>aposentadoria compuls\u00f3ria<\/strong>.<\/p>\n\n\n\n<h3 class=\"wp-block-heading\" id=\"remuneracao\">Remunera\u00e7\u00e3o da PF<\/h3>\n\n\n\n<p>O Minist\u00e9rio da Gest\u00e3o e da Inova\u00e7\u00e3o em Servi\u00e7os P\u00fablicos (MGI) assinou o acordo de <a href=\"https:\/\/www.estrategiaconcursos.com.br\/blog\/salarios-pf-e-prf-proposta-restruturacao-assinada\/\" target=\"_blank\" rel=\"noreferrer noopener\">reestrutura\u00e7\u00e3o remunerat\u00f3ria de diversas carreiras da Pol\u00edcia Federal<\/a> (PF).<\/p>\n\n\n\n<p><strong>Agente, Escriv\u00e3o e Papiloscopista<\/strong>:<\/p>\n\n\n\n<p class=\"has-very-light-gray-to-cyan-bluish-gray-gradient-background has-background\"><strong>2025 (a partir de maio) &#8211; Classe\/Subs\u00eddio<\/strong><\/p>\n\n\n\n<ul class=\"wp-block-list\">\n<li>Especial: R$ 21.987,38<\/li>\n\n\n\n<li>Primeira: R$ 17.997,59<\/li>\n\n\n\n<li>Segunda: R$ 15.377,21<\/li>\n\n\n\n<li>Terceira: R$ 14.164,81<\/li>\n<\/ul>\n\n\n\n<p class=\"has-very-light-gray-to-cyan-bluish-gray-gradient-background has-background\"><strong>2026 &#8211; Classe\/Subs\u00eddio<\/strong><\/p>\n\n\n\n<ul class=\"wp-block-list\">\n<li>Especial: R$ 25.250<\/li>\n\n\n\n<li>Primeira: R$ 19.617,37<\/li>\n\n\n\n<li>Segunda: R$ 16.761,16<\/li>\n\n\n\n<li>Terceira: R$ 14.710,10<\/li>\n<\/ul>\n\n\n\n<p><strong>Perito e Delegado<\/strong>:<\/p>\n\n\n\n<figure class=\"wp-block-image aligncenter size-full is-resized\"><img loading=\"lazy\" decoding=\"async\" width=\"1001\" height=\"211\" src=\"https:\/\/dhg1h5j42swfq.cloudfront.net\/2023\/12\/28235545\/image-404-1-1.png\" alt=\"Quadro de informa\u00e7\u00f5es sobre o reajuste salarial nas carreiras da PF\" class=\"wp-image-1326936\" style=\"width:840px;height:auto\" srcset=\"https:\/\/dhg1h5j42swfq.cloudfront.net\/2023\/12\/28235545\/image-404-1-1.png 1001w, https:\/\/dhg1h5j42swfq.cloudfront.net\/2023\/12\/28235545\/image-404-1-1-300x63.png 300w, https:\/\/dhg1h5j42swfq.cloudfront.net\/2023\/12\/28235545\/image-404-1-1-768x162.png 768w, https:\/\/dhg1h5j42swfq.cloudfront.net\/2023\/12\/28235545\/image-404-1-1-610x129.png 610w, https:\/\/dhg1h5j42swfq.cloudfront.net\/2023\/12\/28235545\/image-404-1-1-150x32.png 150w\" sizes=\"auto, (max-width: 1001px) 100vw, 1001px\" \/><figcaption class=\"wp-element-caption\">Tabela de reestrutura\u00e7\u00e3o da Pol\u00edcia Federal <\/figcaption><\/figure>\n\n\n\n<h4 class=\"wp-block-heading\" id=\"beneficios\">Benef\u00edcios da PF<\/h4>\n\n\n\n<p>O adicional de fronteira ser\u00e1 de R$ 91,00 por dia trabalhado durante a semana \u2013&nbsp; n\u00e3o ser\u00e3o contabilizados os fins de semana \u2013&nbsp;podendo chegar a um acr\u00e9scimo de&nbsp;<strong>R$ 2 mil reais&nbsp;<\/strong><b>l\u00edquidos<\/b>&nbsp;\u00e0 remunera\u00e7\u00e3o ao final de 22 dias trabalhados. <\/p>\n\n\n\n<p>Al\u00e9m disso, os servidores recebem aux\u00edlio-alimenta\u00e7\u00e3o no valor de R$ 1.000,00, conforme reajuste concedido em 2024.<\/p>\n\n\n\n<h3 class=\"wp-block-heading\" id=\"atribuicoes\">Conhe\u00e7a as atribui\u00e7\u00f5es dos cargos da PF<\/h3>\n\n\n\n<h4 class=\"wp-block-heading\" id=\"agente-de-policia-federal\">Agente de Pol\u00edcia Federal<\/h4>\n\n\n\n<ul class=\"wp-block-list\">\n<li>Investigar atos ou fatos que caracterizem ou possam caracterizar infra\u00e7\u00f5es penais, observada a compet\u00eancia da Pol\u00edcia Federal;<\/li>\n\n\n\n<li>Proceder \u00e0 busca de dados necess\u00e1rios; <\/li>\n\n\n\n<li>Executar todas as tarefas necess\u00e1rias \u00e0 identifica\u00e7\u00e3o, ao arquivamento, \u00e0 recupera\u00e7\u00e3o, \u00e0 produ\u00e7\u00e3o e ao preparo dos documentos de informa\u00e7\u00f5es; <\/li>\n\n\n\n<li>Executar todas as atividades necess\u00e1rias \u00e0 preven\u00e7\u00e3o e repress\u00e3o de il\u00edcitos penais da compet\u00eancia da Pol\u00edcia Federal; <\/li>\n\n\n\n<li>Conduzir ve\u00edculos automotores, embarca\u00e7\u00f5es e aeronaves; <\/li>\n\n\n\n<li>Auxiliar a autoridade policial em todos os atos de investiga\u00e7\u00e3o, cumprir medidas de seguran\u00e7a org\u00e2nica;<\/li>\n\n\n\n<li>Desempenhar outras atividades de natureza policial e administrativa, bem como executar outras tarefas que lhe forem atribu\u00eddas.<\/li>\n<\/ul>\n\n\n\n<h4 class=\"wp-block-heading\" id=\"escrivao-de-policia-federal\">Escriv\u00e3o de Pol\u00edcia Federal<\/h4>\n\n\n\n<ul class=\"wp-block-list\">\n<li>Dar cumprimento \u00e0s formalidades processuais, lavrar termos, autos e mandados, observando os prazos necess\u00e1rios ao preparo, \u00e0 ultima\u00e7\u00e3o e \u00e0 remessa de procedimentos policiais de investiga\u00e7\u00e3o; <\/li>\n\n\n\n<li>Atuar nos procedimentos policiais de investiga\u00e7\u00e3o, acompanhar a autoridade policial, sempre que determinado, em dilig\u00eancias policiais; <\/li>\n\n\n\n<li>Responsabilizar-se pelo valor das fian\u00e7as recebidas e pelos objetos de apreens\u00e3o; conduzir ve\u00edculos automotores; <\/li>\n\n\n\n<li>Cumprir medidas de seguran\u00e7a org\u00e2nica; atuar nos procedimentos policiais de investiga\u00e7\u00e3o; <\/li>\n\n\n\n<li>Desempenhar outras atividades de natureza policial e administrativa, bem como executar outras tarefas que lhe forem atribu\u00eddas. <\/li>\n<\/ul>\n\n\n\n<h4 class=\"wp-block-heading\" id=\"papiloscopista-da-policia-federal\">Papiloscopista da Pol\u00edcia Federal<\/h4>\n\n\n\n<ul class=\"wp-block-list\">\n<li>Executar, orientar, supervisionar e fiscalizar os procedimentos de coleta, revela\u00e7\u00e3o, levantamento e armazenamento de fragmentos e impress\u00f5es papilares, exames e laudos oficiais papilosc\u00f3picos, representa\u00e7\u00e3o facial humana; <\/li>\n\n\n\n<li>Opera\u00e7\u00e3o e gest\u00e3o de bancos e sistemas automatizados de identifica\u00e7\u00e3o civil e criminal; <\/li>\n\n\n\n<li>Assistir \u00e0 autoridade policial, desenvolver estudos na \u00e1rea de papiloscopia; <\/li>\n\n\n\n<li>Conduzir ve\u00edculos automotores, cumprir medidas de seguran\u00e7a org\u00e2nica, desempenhar outras atividades de natureza policial e administrativa, bem como executar outras tarefas que lhe forem atribu\u00eddas. <\/li>\n<\/ul>\n\n\n\n<h4 class=\"wp-block-heading\" id=\"perito-criminal-federal\">Perito Criminal Federal<\/h4>\n\n\n\n<ul class=\"wp-block-list\">\n<li>Realizar exames periciais em locais de infra\u00e7\u00e3o penal; <\/li>\n\n\n\n<li>Realizar exames em instrumentos utilizados, ou presumivelmente utilizados na pr\u00e1tica de infra\u00e7\u00f5es penais; <\/li>\n\n\n\n<li>Proceder pesquisas de interesse do servi\u00e7o; <\/li>\n\n\n\n<li>Coletar dados e informa\u00e7\u00f5es necess\u00e1rios \u00e0 complementa\u00e7\u00e3o dos exames periciais; <\/li>\n\n\n\n<li>Participar da execu\u00e7\u00e3o das medidas de seguran\u00e7a org\u00e2nica e zelar pelo cumprimento delas; <\/li>\n\n\n\n<li>Desempenhar outras atividades que visem apoiar t\u00e9cnica e administrativamente as metas da Institui\u00e7\u00e3o Policial, bem como executar outras tarefas que lhe forem atribu\u00eddas. <\/li>\n<\/ul>\n\n\n\n<h3 class=\"wp-block-heading\" id=\"vagos\">Cargos vagos<\/h3>\n\n\n\n<p>Dados de novembro de 2025, obtidos pelo jornalismo do Estrat\u00e9gia Concursos, apontam que a Pol\u00edcia Federal conta com<strong> 2.230 cargos vagos.<\/strong><\/p>\n\n\n\n<p>O cargo com mais d\u00e9ficit \u00e9 o de Agente de Pol\u00edcia Federal, com 1.421 fun\u00e7\u00f5es vagas, seguido por Escriv\u00e3o e Delegado, sendo 444 e 337 vac\u00e2ncias, respectivamente.<\/p>\n\n\n\n<figure class=\"wp-block-image aligncenter size-full\"><img loading=\"lazy\" decoding=\"async\" width=\"950\" height=\"236\" src=\"https:\/\/dhg1h5j42swfq.cloudfront.net\/2025\/11\/19184125\/screenshot-2025-11-19-at-18-37-10-resultados-1.png\" alt=\"Concurso PF 2025: cargos vagos\" class=\"wp-image-1673077\" srcset=\"https:\/\/dhg1h5j42swfq.cloudfront.net\/2025\/11\/19184125\/screenshot-2025-11-19-at-18-37-10-resultados-1.png 950w, https:\/\/dhg1h5j42swfq.cloudfront.net\/2025\/11\/19184125\/screenshot-2025-11-19-at-18-37-10-resultados-1-300x75.png 300w, https:\/\/dhg1h5j42swfq.cloudfront.net\/2025\/11\/19184125\/screenshot-2025-11-19-at-18-37-10-resultados-1-768x191.png 768w, https:\/\/dhg1h5j42swfq.cloudfront.net\/2025\/11\/19184125\/screenshot-2025-11-19-at-18-37-10-resultados-1-150x37.png 150w\" sizes=\"auto, (max-width: 950px) 100vw, 950px\" \/><figcaption class=\"wp-element-caption\">Concurso PF 2025: cargos vagos<\/figcaption><\/figure>\n\n\n\n<h2 class=\"wp-block-heading has-very-light-gray-to-cyan-bluish-gray-gradient-background has-background\" id=\"edital-2021\">Concurso Pol\u00edcia Federal: edital 2021<\/h2>\n\n\n\n<p>Veja as informa\u00e7\u00f5es sobre o \u00faltimo Concurso da Pol\u00edcia Federal, realizado em 2021:<\/p>\n\n\n\n<h3 class=\"wp-block-heading\" id=\"vagas\">Distribui\u00e7\u00e3o das vagas do concurso PF<\/h3>\n\n\n\n<figure class=\"wp-block-table is-style-stripes\"><table class=\"has-very-light-gray-to-cyan-bluish-gray-gradient-background has-background has-fixed-layout\"><thead><tr><th class=\"has-text-align-center\" data-align=\"center\">Cargo<\/th><th class=\"has-text-align-center\" data-align=\"center\">Vagas<\/th><th class=\"has-text-align-center\" data-align=\"center\"><strong>Sal\u00e1rio<\/strong><\/th><\/tr><\/thead><tbody><tr><td class=\"has-text-align-center\" data-align=\"center\">Delegado<\/td><td class=\"has-text-align-center\" data-align=\"center\">123<\/td><td class=\"has-text-align-center\" data-align=\"center\">R$ 23.692,74<\/td><\/tr><tr><td class=\"has-text-align-center\" data-align=\"center\">Escriv\u00e3o<\/td><td class=\"has-text-align-center\" data-align=\"center\">400<\/td><td class=\"has-text-align-center\" data-align=\"center\">R$ 12.522,50<\/td><\/tr><tr><td class=\"has-text-align-center\" data-align=\"center\">Papiloscopista<\/td><td class=\"has-text-align-center\" data-align=\"center\">84<\/td><td class=\"has-text-align-center\" data-align=\"center\">R$ 12.522,50<\/td><\/tr><tr><td class=\"has-text-align-center\" data-align=\"center\">Agente<\/td><td class=\"has-text-align-center\" data-align=\"center\">898<\/td><td class=\"has-text-align-center\" data-align=\"center\">R$ 12.522,50<\/td><\/tr><\/tbody><\/table><figcaption class=\"wp-element-caption\">Distribui\u00e7\u00e3o de cargos e vagas no Concurso Pol\u00edcia Federal<\/figcaption><\/figure>\n\n\n\n<p>Em discurso durante a cerim\u00f4nia de encerramento do Curso de Forma\u00e7\u00e3o da PF, foi revelado que seriam 1.500 vagas para 2021 e um excedente de 500 vagas, totalizando 2 mil oportunidades, em 2022.<\/p>\n\n\n\n<h3 class=\"wp-block-heading\" id=\"inscritos\">Demanda de inscritos<\/h3>\n\n\n\n<p>Segundo demanda divulgada pelo Cebraspe, foram <strong>registrados 321.615 candidatos inscritos<\/strong>. Confira abaixo:<\/p>\n\n\n\n<figure class=\"wp-block-table is-style-stripes\"><table class=\"has-very-light-gray-to-cyan-bluish-gray-gradient-background has-background has-fixed-layout\"><tbody><tr><td class=\"has-text-align-center\" data-align=\"center\"><strong>CARGO<\/strong><\/td><td class=\"has-text-align-center\" data-align=\"center\"><strong>TOTAL DE INSCRITOS<\/strong><\/td><td class=\"has-text-align-center\" data-align=\"center\"><strong>DEMANDA POR VAGA<\/strong><\/td><\/tr><tr><td class=\"has-text-align-center\" data-align=\"center\">Delegado <\/td><td class=\"has-text-align-center\" data-align=\"center\">27.751<\/td><td class=\"has-text-align-center\" data-align=\"center\">225.62<\/td><\/tr><tr><td class=\"has-text-align-center\" data-align=\"center\">Agente <\/td><td class=\"has-text-align-center\" data-align=\"center\">222.631<\/td><td class=\"has-text-align-center\" data-align=\"center\">249.31<\/td><\/tr><tr><td class=\"has-text-align-center\" data-align=\"center\">Escriv\u00e3o<\/td><td class=\"has-text-align-center\" data-align=\"center\">53.611<\/td><td class=\"has-text-align-center\" data-align=\"center\">134.03<\/td><\/tr><tr><td class=\"has-text-align-center\" data-align=\"center\">Papiloscopista<\/td><td class=\"has-text-align-center\" data-align=\"center\">17.622<\/td><td class=\"has-text-align-center\" data-align=\"center\">209.79<\/td><\/tr><\/tbody><\/table><figcaption class=\"wp-element-caption\">Demanda de candidatos por vaga no Concurso Pol\u00edcia Federal<\/figcaption><\/figure>\n\n\n\n<h3 class=\"wp-block-heading\" id=\"etapas-policia-federal\">Etapas e provas do Concurso Pol\u00edcia Federal<\/h3>\n\n\n\n<ol class=\"wp-block-list\">\n<li>Provas objetivas e discursivas (eliminat\u00f3ria e classificat\u00f3ria);<\/li>\n\n\n\n<li>Exame de Aptid\u00e3o F\u00edsica (eliminat\u00f3rio);<\/li>\n\n\n\n<li>Avalia\u00e7\u00e3o M\u00e9dica (eliminat\u00f3rio);<\/li>\n\n\n\n<li>Prova Oral (eliminat\u00f3ria e classificat\u00f3ria, somente para&nbsp;<strong>Delegado<\/strong>);<\/li>\n\n\n\n<li>Prova Pr\u00e1tica de Digita\u00e7\u00e3o (eliminat\u00f3rio, somente para <strong>Escriv\u00e3o<\/strong>);<\/li>\n\n\n\n<li>Avalia\u00e7\u00e3o de T\u00edtulos (classificat\u00f3ria); e<\/li>\n\n\n\n<li>Avalia\u00e7\u00e3o Psicol\u00f3gica (eliminat\u00f3ria).<\/li>\n<\/ol>\n\n\n\n<h2 class=\"wp-block-heading has-very-light-gray-to-cyan-bluish-gray-gradient-background has-background\" id=\"ultimo\">Concurso Pol\u00edcia Federal: edital PF 2018<\/h2>\n\n\n\n<p>Com edital publicado em 2018, o \u00faltimo concurso da Pol\u00edcia Federal foi organizado pelo Cebraspe, o certame ofertou inicialmente 500 vagas para todos os cargos da carreira e contou com&nbsp;147.744 inscritos. Posteriormente, mais 547 excedentes foram nomeados.<\/p>\n\n\n\n<ul class=\"wp-block-list\">\n<li><strong>Edital<\/strong>:&nbsp;<a href=\"https:\/\/dhg1h5j42swfq.cloudfront.net\/2018\/06\/15094102\/ED_1_DPF_2018___ABT.pdf\" target=\"_blank\" rel=\"noreferrer noopener nofollow\">Edital&nbsp; PF 2018 (Cebraspe)<\/a>.<\/li>\n<\/ul>\n\n\n\n<h3 class=\"wp-block-heading\" id=\"concorrencia\">Concorr\u00eancia <\/h3>\n\n\n\n<p>Confira abaixo o n\u00famero de vagas do Concurso da Pol\u00edcia federal, inscritos e concorr\u00eancia no <strong>edital 2018 da Pol\u00edcia Federal:<\/strong><\/p>\n\n\n\n<figure class=\"wp-block-table is-style-stripes\"><table class=\"has-very-light-gray-to-cyan-bluish-gray-gradient-background has-background has-fixed-layout\"><tbody><tr><td class=\"has-text-align-center\" data-align=\"center\"><strong>Cargo<\/strong><\/td><td class=\"has-text-align-center\" data-align=\"center\"><strong>Vagas<\/strong><\/td><td class=\"has-text-align-center\" data-align=\"center\"><strong>Inscritos<\/strong><\/td><\/tr><tr><td class=\"has-text-align-center\" data-align=\"center\">Delegado<\/td><td class=\"has-text-align-center\" data-align=\"center\">150<\/td><td class=\"has-text-align-center\" data-align=\"center\">17816<\/td><\/tr><tr><td class=\"has-text-align-center\" data-align=\"center\">Agente<\/td><td class=\"has-text-align-center\" data-align=\"center\">180<\/td><td class=\"has-text-align-center\" data-align=\"center\">92671<\/td><\/tr><tr><td class=\"has-text-align-center\" data-align=\"center\">Escriv\u00e3o<\/td><td class=\"has-text-align-center\" data-align=\"center\">80<\/td><td class=\"has-text-align-center\" data-align=\"center\">12663<\/td><\/tr><tr><td class=\"has-text-align-center\" data-align=\"center\">Papiloscopista<\/td><td class=\"has-text-align-center\" data-align=\"center\">30<\/td><td class=\"has-text-align-center\" data-align=\"center\">6452<\/td><\/tr><tr><td class=\"has-text-align-center\" data-align=\"center\">Perito &#8211; \u00c1rea 1<\/td><td class=\"has-text-align-center\" data-align=\"center\">10<\/td><td class=\"has-text-align-center\" data-align=\"center\">2295<\/td><\/tr><tr><td class=\"has-text-align-center\" data-align=\"center\">Perito &#8211; \u00c1rea 2<\/td><td class=\"has-text-align-center\" data-align=\"center\">05<\/td><td class=\"has-text-align-center\" data-align=\"center\">1186<\/td><\/tr><tr><td class=\"has-text-align-center\" data-align=\"center\">Perito &#8211; \u00c1rea 3<\/td><td class=\"has-text-align-center\" data-align=\"center\">20<\/td><td class=\"has-text-align-center\" data-align=\"center\">4235<\/td><\/tr><tr><td class=\"has-text-align-center\" data-align=\"center\">Perito &#8211; \u00c1rea 4<\/td><td class=\"has-text-align-center\" data-align=\"center\">2<\/td><td class=\"has-text-align-center\" data-align=\"center\">1090<\/td><\/tr><tr><td class=\"has-text-align-center\" data-align=\"center\">Perito &#8211; \u00c1rea 5<\/td><td class=\"has-text-align-center\" data-align=\"center\">2<\/td><td class=\"has-text-align-center\" data-align=\"center\">432<\/td><\/tr><tr><td class=\"has-text-align-center\" data-align=\"center\">Perito &#8211; \u00c1rea 6<\/td><td class=\"has-text-align-center\" data-align=\"center\">4<\/td><td class=\"has-text-align-center\" data-align=\"center\">1783<\/td><\/tr><tr><td class=\"has-text-align-center\" data-align=\"center\">Perito &#8211; \u00c1rea 7<\/td><td class=\"has-text-align-center\" data-align=\"center\">8<\/td><td class=\"has-text-align-center\" data-align=\"center\">3366<\/td><\/tr><tr><td class=\"has-text-align-center\" data-align=\"center\">Perito &#8211; \u00c1rea 9<\/td><td class=\"has-text-align-center\" data-align=\"center\">4<\/td><td class=\"has-text-align-center\" data-align=\"center\">789<\/td><\/tr><tr><td class=\"has-text-align-center\" data-align=\"center\">Perito &#8211; \u00c1rea 12<\/td><td class=\"has-text-align-center\" data-align=\"center\">2<\/td><td class=\"has-text-align-center\" data-align=\"center\">1701<\/td><\/tr><tr><td class=\"has-text-align-center\" data-align=\"center\">Perito &#8211; \u00c1rea 14<\/td><td class=\"has-text-align-center\" data-align=\"center\">3<\/td><td class=\"has-text-align-center\" data-align=\"center\">1265<\/td><\/tr><\/tbody><\/table><figcaption class=\"wp-element-caption\">Quadro de vagas, inscritos e concorr\u00eancia no Concurso Pol\u00edcia Federal de 2018<\/figcaption><\/figure>\n\n\n\n<h3 class=\"wp-block-heading\" id=\"nomeados\">Total de nomeados<\/h3>\n\n\n\n<figure class=\"wp-block-table is-style-stripes\"><table class=\"has-very-light-gray-to-cyan-bluish-gray-gradient-background has-background has-fixed-layout\"><tbody><tr><td class=\"has-text-align-center\" data-align=\"center\"><strong>Cargo<\/strong><\/td><td class=\"has-text-align-center\" data-align=\"center\"><strong>Vagas previstas no&nbsp; Edital<\/strong><\/td><td class=\"has-text-align-center\" data-align=\"center\"><strong>Quantidade<\/strong> <strong>Excedentes<\/strong><\/td><td class=\"has-text-align-center\" data-align=\"center\"><strong>Total de nomea\u00e7\u00f5es autorizadas<\/strong><\/td><\/tr><tr><td class=\"has-text-align-center\" data-align=\"center\">Delegado de Pol\u00edcia Federal<\/td><td class=\"has-text-align-center\" data-align=\"center\">150<\/td><td class=\"has-text-align-center\" data-align=\"center\">169<\/td><td class=\"has-text-align-center\" data-align=\"center\">319<\/td><\/tr><tr><td class=\"has-text-align-center\" data-align=\"center\">Perito Criminal \u2013 \u00c1rea 1<\/td><td class=\"has-text-align-center\" data-align=\"center\">10<\/td><td class=\"has-text-align-center\" data-align=\"center\">07<\/td><td class=\"has-text-align-center\" data-align=\"center\">17<\/td><\/tr><tr><td class=\"has-text-align-center\" data-align=\"center\">Perito Criminal \u2013 \u00c1rea 2<\/td><td class=\"has-text-align-center\" data-align=\"center\">5<\/td><td class=\"has-text-align-center\" data-align=\"center\">06<\/td><td class=\"has-text-align-center\" data-align=\"center\">11<\/td><\/tr><tr><td class=\"has-text-align-center\" data-align=\"center\">Perito Criminal \u2013 \u00c1rea 3<\/td><td class=\"has-text-align-center\" data-align=\"center\">20<\/td><td class=\"has-text-align-center\" data-align=\"center\">30<\/td><td class=\"has-text-align-center\" data-align=\"center\">50<\/td><\/tr><tr><td class=\"has-text-align-center\" data-align=\"center\">Perito Criminal \u2013 \u00c1rea 4<\/td><td class=\"has-text-align-center\" data-align=\"center\">2<\/td><td class=\"has-text-align-center\" data-align=\"center\">03<\/td><td class=\"has-text-align-center\" data-align=\"center\">5<\/td><\/tr><tr><td class=\"has-text-align-center\" data-align=\"center\">Perito Criminal \u2013 \u00c1rea 5<\/td><td class=\"has-text-align-center\" data-align=\"center\">2<\/td><td class=\"has-text-align-center\" data-align=\"center\">03<\/td><td class=\"has-text-align-center\" data-align=\"center\">5<\/td><\/tr><tr><td class=\"has-text-align-center\" data-align=\"center\">Perito Criminal \u2013 \u00c1rea 6<\/td><td class=\"has-text-align-center\" data-align=\"center\">4<\/td><td class=\"has-text-align-center\" data-align=\"center\">06<\/td><td class=\"has-text-align-center\" data-align=\"center\">10<\/td><\/tr><tr><td class=\"has-text-align-center\" data-align=\"center\">Perito Criminal \u2013 \u00c1rea 9<\/td><td class=\"has-text-align-center\" data-align=\"center\">4<\/td><td class=\"has-text-align-center\" data-align=\"center\">02<\/td><td class=\"has-text-align-center\" data-align=\"center\">6<\/td><\/tr><tr><td class=\"has-text-align-center\" data-align=\"center\">Perito Criminal \u2013 \u00c1rea 12<\/td><td class=\"has-text-align-center\" data-align=\"center\">2<\/td><td class=\"has-text-align-center\" data-align=\"center\">03<\/td><td class=\"has-text-align-center\" data-align=\"center\">5<\/td><\/tr><tr><td class=\"has-text-align-center\" data-align=\"center\">Perito Criminal \u2013 \u00c1rea 14<\/td><td class=\"has-text-align-center\" data-align=\"center\">3<\/td><td class=\"has-text-align-center\" data-align=\"center\">04<\/td><td class=\"has-text-align-center\" data-align=\"center\">7<\/td><\/tr><tr><td class=\"has-text-align-center\" data-align=\"center\">Agente de Pol\u00edcia Federal<\/td><td class=\"has-text-align-center\" data-align=\"center\">180<\/td><td class=\"has-text-align-center\" data-align=\"center\">229<\/td><td class=\"has-text-align-center\" data-align=\"center\">409<\/td><\/tr><tr><td class=\"has-text-align-center\" data-align=\"center\">Escriv\u00e3o de Pol\u00edcia Federal<\/td><td class=\"has-text-align-center\" data-align=\"center\">80<\/td><td class=\"has-text-align-center\" data-align=\"center\">68<\/td><td class=\"has-text-align-center\" data-align=\"center\">148<\/td><\/tr><tr><td class=\"has-text-align-center\" data-align=\"center\">Papiloscopista Policial Federal<\/td><td class=\"has-text-align-center\" data-align=\"center\">30<\/td><td class=\"has-text-align-center\" data-align=\"center\">17<\/td><td class=\"has-text-align-center\" data-align=\"center\">47<\/td><\/tr><\/tbody><\/table><figcaption class=\"wp-element-caption\">Quadro de nomeados no Concurso Pol\u00edcia Federal em 2018<\/figcaption><\/figure>\n\n\n\n<h2 class=\"wp-block-heading has-very-light-gray-to-cyan-bluish-gray-gradient-background has-background\" id=\"materiais\">Concurso Pol\u00edcia Federal: materiais b\u00f4nus e gratuitos<\/h2>\n\n\n\n<h3 class=\"wp-block-heading\" id=\"vade\">Vade-M\u00e9cum<\/h3>\n\n\n\n<ul class=\"wp-block-list\">\n<li><a href=\"https:\/\/www.estrategiaconcursos.com.br\/blog\/vade-mecum-pf-2025\/\" target=\"_blank\" rel=\"noreferrer noopener\">Vade-M\u00e9cum PF 2025<\/a><\/li>\n<\/ul>\n\n\n\n<h3 class=\"wp-block-heading\" id=\"estrategico\">Edital Estrat\u00e9gico: baixe gratuitamente<\/h3>\n\n\n\n<ul class=\"wp-block-list\">\n<li><a href=\"https:\/\/dhg1h5j42swfq.cloudfront.net\/2021\/01\/15122631\/edital-estrategico_policia-federal_agente-de-policia-federal.xlsx\" target=\"_blank\" rel=\"noreferrer noopener nofollow\">Agente<\/a>;<\/li>\n\n\n\n<li><a href=\"https:\/\/dhg1h5j42swfq.cloudfront.net\/2021\/01\/15122850\/edital-estrategico_policia-federal_delegado-de-policia-federal.xlsx\" target=\"_blank\" rel=\"noreferrer noopener nofollow\">Delegado<\/a>;<\/li>\n\n\n\n<li><a href=\"https:\/\/dhg1h5j42swfq.cloudfront.net\/2021\/01\/15123012\/edital-estrategico_policia-federal_papiloscopista-policial-federal.xlsx\" target=\"_blank\" rel=\"noreferrer noopener nofollow\">Papiloscopista<\/a>;<\/li>\n\n\n\n<li><a href=\"https:\/\/dhg1h5j42swfq.cloudfront.net\/2021\/01\/15123127\/edital-estrategico_policia-federal_escrivao-de-policia-federal.xlsx\" target=\"_blank\" rel=\"noreferrer noopener nofollow\">Escriv\u00e3o<\/a>.<\/li>\n<\/ul>\n\n\n\n<h3 class=\"wp-block-heading\" id=\"artigos\">Artigos t\u00e9cnicos da PF<\/h3>\n\n\n\n<p>Se voc\u00ea deseja obter uma an\u00e1lise mais t\u00e1tica sobre as disciplinas e t\u00e9cnicas de estudo cobradas no concurso Pol\u00edcia Federal, n\u00e3o deixe de conferir os artigos feitos pelos nossos professores e coaches, especialistas no assunto:<\/p>\n\n\n\n<ul class=\"wp-block-list\">\n<li><a href=\"https:\/\/www.estrategiaconcursos.com.br\/blog\/portugues-para-a-pf\/\" target=\"_blank\" rel=\"noreferrer noopener\">Portugu\u00eas para a PF<\/a>;<\/li>\n\n\n\n<li><a href=\"https:\/\/www.estrategiaconcursos.com.br\/blog\/simulados-pf\/\" target=\"_blank\" rel=\"noreferrer noopener\">Como utilizar os simulados para a PF?<\/a><\/li>\n\n\n\n<li><a href=\"https:\/\/www.estrategiaconcursos.com.br\/blog\/arquivologia-pf\/\" target=\"_blank\" rel=\"noreferrer noopener\">Arquivologia para PF \u2013 an\u00e1lise e dicas p\u00f3s-edital<\/a>;<\/li>\n\n\n\n<li><a href=\"https:\/\/www.estrategiaconcursos.com.br\/blog\/dispensa-de-licitacao-para-pf\/\" target=\"_blank\" rel=\"noreferrer noopener\">Veja as hip\u00f3teses de dispensa e inexigibilidade de licita\u00e7\u00e3o para PF<\/a>;<\/li>\n\n\n\n<li><a href=\"https:\/\/www.estrategiaconcursos.com.br\/blog\/sistema-de-registro-de-precos-para-pf\/\" target=\"_blank\" rel=\"noreferrer noopener\">Entenda o Sistema de Registro de Pre\u00e7os para PF<\/a>;<\/li>\n\n\n\n<li><a href=\"https:\/\/www.estrategiaconcursos.com.br\/blog\/pregao-para-concurso-pf\/\" target=\"_blank\" rel=\"noreferrer noopener\">Saiba tudo sobre o Preg\u00e3o para concurso da PF \u2013 Lei 10.520<\/a>;<\/li>\n\n\n\n<li><a href=\"https:\/\/www.estrategiaconcursos.com.br\/blog\/consorcios-publicos-para-concurso-pf\/\" target=\"_blank\" rel=\"noreferrer noopener\">Resumo da Lei de Cons\u00f3rcios P\u00fablicos para concurso PF<\/a>.<\/li>\n<\/ul>\n\n\n\n<h3 class=\"wp-block-heading\" id=\"guia\">Guia de estudos do concurso PF<\/h3>\n\n\n\n<ul class=\"wp-block-list\">\n<li><a href=\"https:\/\/www.estrategiaconcursos.com.br\/blog\/guia-de-estudos-pf-2025-agente-escrivao-papiloscopista\/\" target=\"_blank\" rel=\"noreferrer noopener\">Guia de estudos Pol\u00edcia Federal 2025 &#8211; Agente, Escriv\u00e3o e Papiloscopista<\/a><\/li>\n\n\n\n<li><a href=\"https:\/\/www.estrategiaconcursos.com.br\/blog\/guia-de-estudos-concurso-pf-2025\/\" target=\"_blank\" rel=\"noreferrer noopener\">Guia de estudos Pol\u00edcia Federal 2025<\/a><\/li>\n\n\n\n<li><a href=\"https:\/\/www.estrategiaconcursos.com.br\/blog\/guia-de-estudos-pf-2025-nocoes-informatica\/\" target=\"_blank\" rel=\"noreferrer noopener\">Guia de estudos Pol\u00edcia Federal &#8211; No\u00e7\u00f5es de Inform\u00e1tica<\/a><\/li>\n\n\n\n<li><a href=\"https:\/\/www.estrategiaconcursos.com.br\/blog\/guia-de-estudos-concurso-pf-perito-criminal-2025\" target=\"_blank\" rel=\"noreferrer noopener\">Guia de estudos Pol\u00edcia Federal 2025 &#8211; Perito Criminal<\/a><\/li>\n<\/ul>\n\n\n\n<hr class=\"wp-block-separator has-css-opacity\"\/>\n\n\n\n<h2 class=\"wp-block-heading has-text-align-center\" id=\"h-leia-tambem\">Leia tamb\u00e9m:<\/h2>\n\n\n\n<ul class=\"wp-block-list\">\n<li><a href=\"https:\/\/www.estrategiaconcursos.com.br\/blog\/concursos-abertos\/\" target=\"_blank\" rel=\"noreferrer noopener\">Concursos abertos<\/a><\/li>\n\n\n\n<li><a href=\"https:\/\/www.estrategiaconcursos.com.br\/blog\/concursos-de-policia\/\" target=\"_blank\" rel=\"noreferrer noopener\">Concursos policiais<\/a><\/li>\n\n\n\n<li><a href=\"https:\/\/www.estrategiaconcursos.com.br\/blog\/concurso-pf-administrativo\/\" target=\"_blank\" rel=\"noreferrer noopener\">Concurso PF Administrativo<\/a><\/li>\n\n\n\n<li><a href=\"https:\/\/www.estrategiaconcursos.com.br\/blog\/concurso-prf\/\" target=\"_blank\" rel=\"noreferrer noopener\">Concurso PRF<\/a><\/li>\n\n\n\n<li><a href=\"https:\/\/www.estrategiaconcursos.com.br\/blog\/concursos-2026\/\" target=\"_blank\" rel=\"noreferrer noopener\">Concursos 2026<\/a><\/li>\n<\/ul>\n\n\n\n<h2 class=\"wp-block-heading has-text-align-center\" id=\"cursos-e-assinaturas\">Quer estudar para o concurso Pol\u00edcia Federal?<\/h2>\n\n\n\n<div class=\"container\" id=\"boxes\">\n  <div class=\"row\">\n\n    <div class=\"col-sm\">\n      <div class=\"banner-policia-federal\" id=\"box-assinatura\">\n        <h3 class=\"titulo-assinatura\">Concurso PF<\/h3>\n        <p class=\"subtitulo-assinatura\">Prepara\u00e7\u00e3o completa para a Pol\u00edcia Federal!<\/p>\n        <div class=\"box-botao\">\n          <a class=\"btn-assinatura\" target=\"_blank\" href=\"https:\/\/www.estrategiaconcursos.com.br\/cursosPorConcurso\/cursos-para-policia-federal\/\" role=\"button\" rel=\"noopener noreferrer\">EXPLORAR CURSOS<\/a>\n        <\/div>\n      <\/div>\n     \n    <\/div>\n\n  <\/div>\n<\/div>\n\n\n\n<div class=\"container\" id=\"boxes\">\n  <div class=\"row\">\n\n    <div class=\"col-sm\">\n      <div class=\"estrategia\" id=\"box-assinatura\">\n        <h3 class=\"titulo-assinatura\">Assinatura de Concursos<\/h3>\n        <p class=\"subtitulo-assinatura\">Assinatura de 1 ano ou 2 anos<\/p>\n        <div class=\"box-botao\">\n          <a class=\"btn-assinatura\" target=\"_blank\" href=\"https:\/\/www.estrategiaconcursos.com.br\/assinaturas\/\" role=\"button\" rel=\"noopener noreferrer\">ASSINE AGORA<\/a>\n        <\/div>\n      <\/div>\n     \n    <\/div><\/div><\/div>\n\n\n\n<figure class=\"wp-block-image is-resized\"><img decoding=\"async\" src=\"https:\/\/dhg1h5j42swfq.cloudfront.net\/2021\/03\/27101326\/ficha-tecnica-1-1024x632.png\" alt=\"Ficha t\u00e9cnica\" style=\"width:323px;height:199px\"\/><\/figure>\n\n\n\n<h3 class=\"wp-block-heading\" id=\"ficha-tecnica\">Informa\u00e7\u00f5es do Concurso PF<\/h3>\n\n\n\n<ul class=\"wp-block-list\">\n<li><strong>Provas:<\/strong> 27\/07\/2025<\/li>\n\n\n\n<li><strong>Vagas:<\/strong>&nbsp;1.000<\/li>\n\n\n\n<li><strong>Cargos:<\/strong> Agente, Escriv\u00e3o, Papiloscopista, Perito e Delegado<\/li>\n\n\n\n<li><strong>Banca:<\/strong>&nbsp;Cebraspe<\/li>\n\n\n\n<li><strong>Escolaridade:<\/strong>&nbsp;N\u00edvel Superior<\/li>\n\n\n\n<li><strong>Edital<\/strong>: <a href=\"https:\/\/dhg1h5j42swfq.cloudfront.net\/2025\/05\/20155200\/edital-concurso-pf-2025.pdf\" target=\"_blank\" rel=\"noreferrer noopener nofollow\">PF 2025<\/a><\/li>\n<\/ul>\n\n\n\n<hr class=\"wp-block-separator has-alpha-channel-opacity\"\/>\n\n\n\n<div class=\"schema-faq wp-block-yoast-faq-block\"><div class=\"schema-faq-section\" id=\"faq-question-1748541586301\"><strong class=\"schema-faq-question\">Quando ser\u00e1 o pr\u00f3ximo Concurso da Pol\u00edcia Federal?<\/strong> <p class=\"schema-faq-answer\">O \u00faltimo Concurso PF foi realizado em 2025. O edital foi publicado em 20 de maio, com provas aplicadas em 27 de julho de 2025. N\u00e3o h\u00e1 previs\u00e3o para um novo edital.<\/p> <\/div> <div class=\"schema-faq-section\" id=\"faq-question-1748541673264\"><strong class=\"schema-faq-question\">Quantas vagas ter\u00e1 o Concurso PF 2025? Quais s\u00e3o os cargos contemplados?<\/strong> <p class=\"schema-faq-answer\">No total, s\u00e3o 1.000 vagas neste edital. Os cargos contemplados s\u00e3o Agente, Escriv\u00e3o, Papiloscopista, Perito e Delegado.<\/p> <\/div> <div class=\"schema-faq-section\" id=\"faq-question-1748541750718\"><strong class=\"schema-faq-question\">Quais s\u00e3o os requisitos para participar do Concurso PF?<\/strong> <p class=\"schema-faq-answer\">Os cargos de Escriv\u00e3o, Agente e Papiloscopista da Pol\u00edcia Federal exigem do candidato N\u00edvel Superior em qualquer \u00e1rea de forma\u00e7\u00e3o. \u00c9 preciso ter ainda 18 anos na data de matr\u00edcula no Curso de Forma\u00e7\u00e3o e CNH na categoria B ou superior. <br \/><br \/>Para se candidatar ao cargo de Perito Criminal, \u00e9 preciso ter forma\u00e7\u00e3o em N\u00edvel Superior na fun\u00e7\u00e3o espec\u00edfica e possuir CNH categoria B ou superior. <br \/><br \/>Para Delegado, \u00e9 preciso ter bacharel em Direito, ter atividade jur\u00eddica ou policial de tr\u00eas anos, ter, no m\u00ednimo, 18 anos e possuir CNH categoria B ou superior.<\/p> <\/div> <div class=\"schema-faq-section\" id=\"faq-question-1748541971326\"><strong class=\"schema-faq-question\">Qual a idade m\u00e1xima para entrar na Pol\u00edcia Federal?<\/strong> <p class=\"schema-faq-answer\">N\u00e3o h\u00e1 idade m\u00e1xima\u00a0para entrar por concurso na Pol\u00edcia Federal. Como voc\u00ea viu no item acima, h\u00e1 apenas uma\u00a0idade m\u00ednima, que \u00e9 18 anos. A \u00fanica limita\u00e7\u00e3o que deve ser respeitada \u00e9 a da<strong>\u00a0<\/strong>aposentadoria compuls\u00f3ria.<\/p> <\/div> <\/div>\n","protected":false},"excerpt":{"rendered":"<p>Concurso PF 2025 oferece vagas para Agente, Escriv\u00e3o, Papiloscopista, Perito e Delegado. Resultados s\u00e3o divulgados! A Pol\u00edcia Federal avan\u00e7ou nos tr\u00e2mites administrativos para o aproveitamento de aprovados excedentes do concurso PF. Isso porque foi publicado o Decreto n\u00ba 12.943\/2026, que trata da nomea\u00e7\u00e3o de mil candidatos excedentes. Recentemente, foi divulgado o resultado final da avalia\u00e7\u00e3o [&hellip;]<\/p>\n","protected":false},"author":1206,"featured_media":1418948,"comment_status":"open","ping_status":"open","sticky":false,"template":"","format":"standard","meta":{"post_tipo":"news_page","footnotes":""},"categories":[1988],"tags":[500],"tax_estado":[219963],"class_list":["post-32513","post","type-post","status-publish","format-standard","has-post-thumbnail","hentry","category-policia","tag-policia-federal","tax_estado-concursos-federais"],"acf":[],"yoast_head":"<!-- This site is optimized with the Yoast SEO Premium plugin v27.2 (Yoast SEO v27.2) - https:\/\/yoast.com\/product\/yoast-seo-premium-wordpress\/ -->\n<title>Concurso PF: confira cen\u00e1rio atual da Pol\u00edcia Federal!<\/title>\n<meta name=\"description\" content=\"\u00daltimo concurso Pol\u00edcia Federal ofereceu 1.000 vagas de n\u00edvel superior e at\u00e9 R$ 26 mil. Saiba tudo sobre o certame no site do Estrat\u00e9gia!\" \/>\n<meta name=\"robots\" content=\"index, follow, max-snippet:-1, max-image-preview:large, max-video-preview:-1\" \/>\n<link rel=\"canonical\" href=\"https:\/\/www.estrategiaconcursos.com.br\/blog\/concurso-policia-federal\/\" \/>\n<meta property=\"og:locale\" content=\"pt_BR\" \/>\n<meta property=\"og:type\" content=\"article\" \/>\n<meta property=\"og:title\" content=\"Concurso PF: confira cen\u00e1rio atual da Pol\u00edcia Federal!\" \/>\n<meta property=\"og:description\" content=\"\u00daltimo concurso Pol\u00edcia Federal ofereceu 1.000 vagas de n\u00edvel superior e at\u00e9 R$ 26 mil. Saiba tudo sobre o certame no site do Estrat\u00e9gia!\" \/>\n<meta property=\"og:url\" content=\"https:\/\/www.estrategiaconcursos.com.br\/blog\/concurso-policia-federal\/\" \/>\n<meta property=\"og:site_name\" content=\"Estrat\u00e9gia Concursos\" \/>\n<meta property=\"article:published_time\" content=\"2026-04-23T09:14:00+00:00\" \/>\n<meta property=\"article:modified_time\" content=\"2026-04-23T09:14:29+00:00\" \/>\n<meta property=\"og:image\" content=\"https:\/\/dhg1h5j42swfq.cloudfront.net\/2024\/06\/21170058\/policia-federal.png\" \/>\n\t<meta property=\"og:image:width\" content=\"768\" \/>\n\t<meta property=\"og:image:height\" content=\"432\" \/>\n\t<meta property=\"og:image:type\" content=\"image\/png\" \/>\n<meta name=\"author\" content=\"Bruna de Andrade Fran\u00e7a\" \/>\n<meta name=\"twitter:card\" content=\"summary_large_image\" \/>\n<meta name=\"twitter:creator\" content=\"@EstratConcursos\" \/>\n<meta name=\"twitter:site\" content=\"@EstratConcursos\" \/>\n<meta name=\"twitter:label1\" content=\"Escrito por\" \/>\n\t<meta name=\"twitter:data1\" content=\"Bruna de Andrade Fran\u00e7a\" \/>\n\t<meta name=\"twitter:label2\" content=\"Est. tempo de leitura\" \/>\n\t<meta name=\"twitter:data2\" content=\"20 minutos\" \/>\n<script type=\"application\/ld+json\" class=\"yoast-schema-graph\">{\"@context\":\"https:\/\/schema.org\",\"@graph\":[{\"@type\":\"NewsArticle\",\"@id\":\"https:\/\/www.estrategiaconcursos.com.br\/blog\/concurso-policia-federal\/#article\",\"isPartOf\":{\"@id\":\"https:\/\/www.estrategiaconcursos.com.br\/blog\/concurso-policia-federal\/\"},\"author\":{\"name\":\"Bruna de Andrade Fran\u00e7a\",\"@id\":\"https:\/\/www.estrategiaconcursos.com.br\/blog\/#\/schema\/person\/6630f91134abc08115cca62ce6372855\"},\"headline\":\"Concurso PF: confira cen\u00e1rio atual da Pol\u00edcia Federal!\",\"datePublished\":\"2026-04-23T09:14:00+00:00\",\"dateModified\":\"2026-04-23T09:14:29+00:00\",\"mainEntityOfPage\":{\"@id\":\"https:\/\/www.estrategiaconcursos.com.br\/blog\/concurso-policia-federal\/\"},\"wordCount\":3435,\"commentCount\":63,\"publisher\":{\"@id\":\"https:\/\/www.estrategiaconcursos.com.br\/blog\/#organization\"},\"image\":{\"@id\":\"https:\/\/www.estrategiaconcursos.com.br\/blog\/concurso-policia-federal\/#primaryimage\"},\"thumbnailUrl\":\"https:\/\/dhg1h5j42swfq.cloudfront.net\/2024\/06\/21170058\/policia-federal.png\",\"keywords\":[\"Policia Federal\"],\"articleSection\":[\"Policial (Agente, Escriv\u00e3o e Investigador)\"],\"inLanguage\":\"pt-BR\",\"potentialAction\":[{\"@type\":\"CommentAction\",\"name\":\"Comment\",\"target\":[\"https:\/\/www.estrategiaconcursos.com.br\/blog\/concurso-policia-federal\/#respond\"]}],\"copyrightYear\":\"2026\",\"copyrightHolder\":{\"@id\":\"https:\/\/www.estrategiaconcursos.com.br\/blog\/#organization\"}},{\"@type\":[\"WebPage\",\"FAQPage\"],\"@id\":\"https:\/\/www.estrategiaconcursos.com.br\/blog\/concurso-policia-federal\/\",\"url\":\"https:\/\/www.estrategiaconcursos.com.br\/blog\/concurso-policia-federal\/\",\"name\":\"Concurso PF: confira cen\u00e1rio atual da Pol\u00edcia Federal!\",\"isPartOf\":{\"@id\":\"https:\/\/www.estrategiaconcursos.com.br\/blog\/#website\"},\"primaryImageOfPage\":{\"@id\":\"https:\/\/www.estrategiaconcursos.com.br\/blog\/concurso-policia-federal\/#primaryimage\"},\"image\":{\"@id\":\"https:\/\/www.estrategiaconcursos.com.br\/blog\/concurso-policia-federal\/#primaryimage\"},\"thumbnailUrl\":\"https:\/\/dhg1h5j42swfq.cloudfront.net\/2024\/06\/21170058\/policia-federal.png\",\"datePublished\":\"2026-04-23T09:14:00+00:00\",\"dateModified\":\"2026-04-23T09:14:29+00:00\",\"description\":\"\u00daltimo concurso Pol\u00edcia Federal ofereceu 1.000 vagas de n\u00edvel superior e at\u00e9 R$ 26 mil. Saiba tudo sobre o certame no site do Estrat\u00e9gia!\",\"breadcrumb\":{\"@id\":\"https:\/\/www.estrategiaconcursos.com.br\/blog\/concurso-policia-federal\/#breadcrumb\"},\"mainEntity\":[{\"@id\":\"https:\/\/www.estrategiaconcursos.com.br\/blog\/concurso-policia-federal\/#faq-question-1748541586301\"},{\"@id\":\"https:\/\/www.estrategiaconcursos.com.br\/blog\/concurso-policia-federal\/#faq-question-1748541673264\"},{\"@id\":\"https:\/\/www.estrategiaconcursos.com.br\/blog\/concurso-policia-federal\/#faq-question-1748541750718\"},{\"@id\":\"https:\/\/www.estrategiaconcursos.com.br\/blog\/concurso-policia-federal\/#faq-question-1748541971326\"}],\"inLanguage\":\"pt-BR\",\"potentialAction\":[{\"@type\":\"ReadAction\",\"target\":[\"https:\/\/www.estrategiaconcursos.com.br\/blog\/concurso-policia-federal\/\"]}]},{\"@type\":\"ImageObject\",\"inLanguage\":\"pt-BR\",\"@id\":\"https:\/\/www.estrategiaconcursos.com.br\/blog\/concurso-policia-federal\/#primaryimage\",\"url\":\"https:\/\/dhg1h5j42swfq.cloudfront.net\/2024\/06\/21170058\/policia-federal.png\",\"contentUrl\":\"https:\/\/dhg1h5j42swfq.cloudfront.net\/2024\/06\/21170058\/policia-federal.png\",\"width\":768,\"height\":432,\"caption\":\"concurso Pol\u00edcia Federal\"},{\"@type\":\"BreadcrumbList\",\"@id\":\"https:\/\/www.estrategiaconcursos.com.br\/blog\/concurso-policia-federal\/#breadcrumb\",\"itemListElement\":[{\"@type\":\"ListItem\",\"position\":1,\"name\":\"In\u00edcio\",\"item\":\"https:\/\/www.estrategiaconcursos.com.br\/blog\/\"},{\"@type\":\"ListItem\",\"position\":2,\"name\":\"Concurso PF: confira cen\u00e1rio atual da Pol\u00edcia Federal!\"}]},{\"@type\":\"WebSite\",\"@id\":\"https:\/\/www.estrategiaconcursos.com.br\/blog\/#website\",\"url\":\"https:\/\/www.estrategiaconcursos.com.br\/blog\/\",\"name\":\"Estrat\u00e9gia Concursos\",\"description\":\"O blog da Estrat\u00e9gia Concursos traz not\u00edcias sobre concursos e artigos de professores oferecendo cursos para concursos (pdf + videaulas) no site.\",\"publisher\":{\"@id\":\"https:\/\/www.estrategiaconcursos.com.br\/blog\/#organization\"},\"potentialAction\":[{\"@type\":\"SearchAction\",\"target\":{\"@type\":\"EntryPoint\",\"urlTemplate\":\"https:\/\/www.estrategiaconcursos.com.br\/blog\/?s={search_term_string}\"},\"query-input\":{\"@type\":\"PropertyValueSpecification\",\"valueRequired\":true,\"valueName\":\"search_term_string\"}}],\"inLanguage\":\"pt-BR\"},{\"@type\":\"Organization\",\"@id\":\"https:\/\/www.estrategiaconcursos.com.br\/blog\/#organization\",\"name\":\"Estrat\u00e9gia Concursos\",\"url\":\"https:\/\/www.estrategiaconcursos.com.br\/blog\/\",\"logo\":{\"@type\":\"ImageObject\",\"inLanguage\":\"pt-BR\",\"@id\":\"https:\/\/www.estrategiaconcursos.com.br\/blog\/#\/schema\/logo\/image\/\",\"url\":\"https:\/\/dhg1h5j42swfq.cloudfront.net\/2025\/06\/03203428\/logo_concursos-1.jpg\",\"contentUrl\":\"https:\/\/dhg1h5j42swfq.cloudfront.net\/2025\/06\/03203428\/logo_concursos-1.jpg\",\"width\":230,\"height\":60,\"caption\":\"Estrat\u00e9gia Concursos\"},\"image\":{\"@id\":\"https:\/\/www.estrategiaconcursos.com.br\/blog\/#\/schema\/logo\/image\/\"},\"sameAs\":[\"https:\/\/x.com\/EstratConcursos\"]},{\"@type\":\"Person\",\"@id\":\"https:\/\/www.estrategiaconcursos.com.br\/blog\/#\/schema\/person\/6630f91134abc08115cca62ce6372855\",\"name\":\"Bruna de Andrade Fran\u00e7a\",\"image\":{\"@type\":\"ImageObject\",\"inLanguage\":\"pt-BR\",\"@id\":\"https:\/\/secure.gravatar.com\/avatar\/d6316d36d50cea0fadae28ed3015b8870cc90a2d3d8a95c37b44006af36a00e3?s=96&d=mm&r=g\",\"url\":\"https:\/\/secure.gravatar.com\/avatar\/d6316d36d50cea0fadae28ed3015b8870cc90a2d3d8a95c37b44006af36a00e3?s=96&d=mm&r=g\",\"contentUrl\":\"https:\/\/secure.gravatar.com\/avatar\/d6316d36d50cea0fadae28ed3015b8870cc90a2d3d8a95c37b44006af36a00e3?s=96&d=mm&r=g\",\"caption\":\"Bruna de Andrade Fran\u00e7a\"},\"description\":\"Bruna de Andrade Fran\u00e7a \u00e9 publicit\u00e1ria com p\u00f3s-gradua\u00e7\u00e3o em Marketing &amp; Growth, atuando h\u00e1 mais de 6 anos no universo dos concursos p\u00fablicos. Desde 2021, lidera no Blog do Estrat\u00e9gia Concursos a cobertura editorial especializada em Concursos Policiais (PF, PRF, PM, PC, etc.), al\u00e9m das frentes de concursos banc\u00e1rios, de sa\u00fade e da \u00e1rea legislativa. Especialista em reda\u00e7\u00e3o, com pr\u00e1ticas de SEO e Copywriting, possui tamb\u00e9m atua\u00e7\u00e3o pr\u00e1tica de contato direto com \u00f3rg\u00e3os p\u00fablicos respons\u00e1veis por editais, permitindo acesso antecipado a informa\u00e7\u00f5es, desdobramentos importantes e atualiza\u00e7\u00e3o eficiente dos concursos p\u00fablicos.\",\"url\":\"https:\/\/www.estrategiaconcursos.com.br\/blog\/author\/bruna-andrade\/\"},{\"@type\":\"Question\",\"@id\":\"https:\/\/www.estrategiaconcursos.com.br\/blog\/concurso-policia-federal\/#faq-question-1748541586301\",\"position\":1,\"url\":\"https:\/\/www.estrategiaconcursos.com.br\/blog\/concurso-policia-federal\/#faq-question-1748541586301\",\"name\":\"Quando ser\u00e1 o pr\u00f3ximo Concurso da Pol\u00edcia Federal?\",\"answerCount\":1,\"acceptedAnswer\":{\"@type\":\"Answer\",\"text\":\"O \u00faltimo Concurso PF foi realizado em 2025. O edital foi publicado em 20 de maio, com provas aplicadas em 27 de julho de 2025. N\u00e3o h\u00e1 previs\u00e3o para um novo edital.\",\"inLanguage\":\"pt-BR\"},\"inLanguage\":\"pt-BR\"},{\"@type\":\"Question\",\"@id\":\"https:\/\/www.estrategiaconcursos.com.br\/blog\/concurso-policia-federal\/#faq-question-1748541673264\",\"position\":2,\"url\":\"https:\/\/www.estrategiaconcursos.com.br\/blog\/concurso-policia-federal\/#faq-question-1748541673264\",\"name\":\"Quantas vagas ter\u00e1 o Concurso PF 2025? Quais s\u00e3o os cargos contemplados?\",\"answerCount\":1,\"acceptedAnswer\":{\"@type\":\"Answer\",\"text\":\"No total, s\u00e3o 1.000 vagas neste edital. Os cargos contemplados s\u00e3o Agente, Escriv\u00e3o, Papiloscopista, Perito e Delegado.\",\"inLanguage\":\"pt-BR\"},\"inLanguage\":\"pt-BR\"},{\"@type\":\"Question\",\"@id\":\"https:\/\/www.estrategiaconcursos.com.br\/blog\/concurso-policia-federal\/#faq-question-1748541750718\",\"position\":3,\"url\":\"https:\/\/www.estrategiaconcursos.com.br\/blog\/concurso-policia-federal\/#faq-question-1748541750718\",\"name\":\"Quais s\u00e3o os requisitos para participar do Concurso PF?\",\"answerCount\":1,\"acceptedAnswer\":{\"@type\":\"Answer\",\"text\":\"Os cargos de Escriv\u00e3o, Agente e Papiloscopista da Pol\u00edcia Federal exigem do candidato N\u00edvel Superior em qualquer \u00e1rea de forma\u00e7\u00e3o. \u00c9 preciso ter ainda 18 anos na data de matr\u00edcula no Curso de Forma\u00e7\u00e3o e CNH na categoria B ou superior. <br\/><br\/>Para se candidatar ao cargo de Perito Criminal, \u00e9 preciso ter forma\u00e7\u00e3o em N\u00edvel Superior na fun\u00e7\u00e3o espec\u00edfica e possuir CNH categoria B ou superior. <br\/><br\/>Para Delegado, \u00e9 preciso ter bacharel em Direito, ter atividade jur\u00eddica ou policial de tr\u00eas anos, ter, no m\u00ednimo, 18 anos e possuir CNH categoria B ou superior.\",\"inLanguage\":\"pt-BR\"},\"inLanguage\":\"pt-BR\"},{\"@type\":\"Question\",\"@id\":\"https:\/\/www.estrategiaconcursos.com.br\/blog\/concurso-policia-federal\/#faq-question-1748541971326\",\"position\":4,\"url\":\"https:\/\/www.estrategiaconcursos.com.br\/blog\/concurso-policia-federal\/#faq-question-1748541971326\",\"name\":\"Qual a idade m\u00e1xima para entrar na Pol\u00edcia Federal?\",\"answerCount\":1,\"acceptedAnswer\":{\"@type\":\"Answer\",\"text\":\"N\u00e3o h\u00e1 idade m\u00e1xima\u00a0para entrar por concurso na Pol\u00edcia Federal. Como voc\u00ea viu no item acima, h\u00e1 apenas uma\u00a0idade m\u00ednima, que \u00e9 18 anos. A \u00fanica limita\u00e7\u00e3o que deve ser respeitada \u00e9 a da<strong>\u00a0<\/strong>aposentadoria compuls\u00f3ria.\",\"inLanguage\":\"pt-BR\"},\"inLanguage\":\"pt-BR\"}]}<\/script>\n<!-- \/ Yoast SEO Premium plugin. -->","yoast_head_json":{"title":"Concurso PF: confira cen\u00e1rio atual da Pol\u00edcia Federal!","description":"\u00daltimo concurso Pol\u00edcia Federal ofereceu 1.000 vagas de n\u00edvel superior e at\u00e9 R$ 26 mil. Saiba tudo sobre o certame no site do Estrat\u00e9gia!","robots":{"index":"index","follow":"follow","max-snippet":"max-snippet:-1","max-image-preview":"max-image-preview:large","max-video-preview":"max-video-preview:-1"},"canonical":"https:\/\/www.estrategiaconcursos.com.br\/blog\/concurso-policia-federal\/","og_locale":"pt_BR","og_type":"article","og_title":"Concurso PF: confira cen\u00e1rio atual da Pol\u00edcia Federal!","og_description":"\u00daltimo concurso Pol\u00edcia Federal ofereceu 1.000 vagas de n\u00edvel superior e at\u00e9 R$ 26 mil. Saiba tudo sobre o certame no site do Estrat\u00e9gia!","og_url":"https:\/\/www.estrategiaconcursos.com.br\/blog\/concurso-policia-federal\/","og_site_name":"Estrat\u00e9gia Concursos","article_published_time":"2026-04-23T09:14:00+00:00","article_modified_time":"2026-04-23T09:14:29+00:00","og_image":[{"width":768,"height":432,"url":"https:\/\/dhg1h5j42swfq.cloudfront.net\/2024\/06\/21170058\/policia-federal.png","type":"image\/png"}],"author":"Bruna de Andrade Fran\u00e7a","twitter_card":"summary_large_image","twitter_creator":"@EstratConcursos","twitter_site":"@EstratConcursos","twitter_misc":{"Escrito por":"Bruna de Andrade Fran\u00e7a","Est. tempo de leitura":"20 minutos"},"schema":{"@context":"https:\/\/schema.org","@graph":[{"@type":"NewsArticle","@id":"https:\/\/www.estrategiaconcursos.com.br\/blog\/concurso-policia-federal\/#article","isPartOf":{"@id":"https:\/\/www.estrategiaconcursos.com.br\/blog\/concurso-policia-federal\/"},"author":{"name":"Bruna de Andrade Fran\u00e7a","@id":"https:\/\/www.estrategiaconcursos.com.br\/blog\/#\/schema\/person\/6630f91134abc08115cca62ce6372855"},"headline":"Concurso PF: confira cen\u00e1rio atual da Pol\u00edcia Federal!","datePublished":"2026-04-23T09:14:00+00:00","dateModified":"2026-04-23T09:14:29+00:00","mainEntityOfPage":{"@id":"https:\/\/www.estrategiaconcursos.com.br\/blog\/concurso-policia-federal\/"},"wordCount":3435,"commentCount":63,"publisher":{"@id":"https:\/\/www.estrategiaconcursos.com.br\/blog\/#organization"},"image":{"@id":"https:\/\/www.estrategiaconcursos.com.br\/blog\/concurso-policia-federal\/#primaryimage"},"thumbnailUrl":"https:\/\/dhg1h5j42swfq.cloudfront.net\/2024\/06\/21170058\/policia-federal.png","keywords":["Policia Federal"],"articleSection":["Policial (Agente, Escriv\u00e3o e Investigador)"],"inLanguage":"pt-BR","potentialAction":[{"@type":"CommentAction","name":"Comment","target":["https:\/\/www.estrategiaconcursos.com.br\/blog\/concurso-policia-federal\/#respond"]}],"copyrightYear":"2026","copyrightHolder":{"@id":"https:\/\/www.estrategiaconcursos.com.br\/blog\/#organization"}},{"@type":["WebPage","FAQPage"],"@id":"https:\/\/www.estrategiaconcursos.com.br\/blog\/concurso-policia-federal\/","url":"https:\/\/www.estrategiaconcursos.com.br\/blog\/concurso-policia-federal\/","name":"Concurso PF: confira cen\u00e1rio atual da Pol\u00edcia Federal!","isPartOf":{"@id":"https:\/\/www.estrategiaconcursos.com.br\/blog\/#website"},"primaryImageOfPage":{"@id":"https:\/\/www.estrategiaconcursos.com.br\/blog\/concurso-policia-federal\/#primaryimage"},"image":{"@id":"https:\/\/www.estrategiaconcursos.com.br\/blog\/concurso-policia-federal\/#primaryimage"},"thumbnailUrl":"https:\/\/dhg1h5j42swfq.cloudfront.net\/2024\/06\/21170058\/policia-federal.png","datePublished":"2026-04-23T09:14:00+00:00","dateModified":"2026-04-23T09:14:29+00:00","description":"\u00daltimo concurso Pol\u00edcia Federal ofereceu 1.000 vagas de n\u00edvel superior e at\u00e9 R$ 26 mil. Saiba tudo sobre o certame no site do Estrat\u00e9gia!","breadcrumb":{"@id":"https:\/\/www.estrategiaconcursos.com.br\/blog\/concurso-policia-federal\/#breadcrumb"},"mainEntity":[{"@id":"https:\/\/www.estrategiaconcursos.com.br\/blog\/concurso-policia-federal\/#faq-question-1748541586301"},{"@id":"https:\/\/www.estrategiaconcursos.com.br\/blog\/concurso-policia-federal\/#faq-question-1748541673264"},{"@id":"https:\/\/www.estrategiaconcursos.com.br\/blog\/concurso-policia-federal\/#faq-question-1748541750718"},{"@id":"https:\/\/www.estrategiaconcursos.com.br\/blog\/concurso-policia-federal\/#faq-question-1748541971326"}],"inLanguage":"pt-BR","potentialAction":[{"@type":"ReadAction","target":["https:\/\/www.estrategiaconcursos.com.br\/blog\/concurso-policia-federal\/"]}]},{"@type":"ImageObject","inLanguage":"pt-BR","@id":"https:\/\/www.estrategiaconcursos.com.br\/blog\/concurso-policia-federal\/#primaryimage","url":"https:\/\/dhg1h5j42swfq.cloudfront.net\/2024\/06\/21170058\/policia-federal.png","contentUrl":"https:\/\/dhg1h5j42swfq.cloudfront.net\/2024\/06\/21170058\/policia-federal.png","width":768,"height":432,"caption":"concurso Pol\u00edcia Federal"},{"@type":"BreadcrumbList","@id":"https:\/\/www.estrategiaconcursos.com.br\/blog\/concurso-policia-federal\/#breadcrumb","itemListElement":[{"@type":"ListItem","position":1,"name":"In\u00edcio","item":"https:\/\/www.estrategiaconcursos.com.br\/blog\/"},{"@type":"ListItem","position":2,"name":"Concurso PF: confira cen\u00e1rio atual da Pol\u00edcia Federal!"}]},{"@type":"WebSite","@id":"https:\/\/www.estrategiaconcursos.com.br\/blog\/#website","url":"https:\/\/www.estrategiaconcursos.com.br\/blog\/","name":"Estrat\u00e9gia Concursos","description":"O blog da Estrat\u00e9gia Concursos traz not\u00edcias sobre concursos e artigos de professores oferecendo cursos para concursos (pdf + videaulas) no site.","publisher":{"@id":"https:\/\/www.estrategiaconcursos.com.br\/blog\/#organization"},"potentialAction":[{"@type":"SearchAction","target":{"@type":"EntryPoint","urlTemplate":"https:\/\/www.estrategiaconcursos.com.br\/blog\/?s={search_term_string}"},"query-input":{"@type":"PropertyValueSpecification","valueRequired":true,"valueName":"search_term_string"}}],"inLanguage":"pt-BR"},{"@type":"Organization","@id":"https:\/\/www.estrategiaconcursos.com.br\/blog\/#organization","name":"Estrat\u00e9gia Concursos","url":"https:\/\/www.estrategiaconcursos.com.br\/blog\/","logo":{"@type":"ImageObject","inLanguage":"pt-BR","@id":"https:\/\/www.estrategiaconcursos.com.br\/blog\/#\/schema\/logo\/image\/","url":"https:\/\/dhg1h5j42swfq.cloudfront.net\/2025\/06\/03203428\/logo_concursos-1.jpg","contentUrl":"https:\/\/dhg1h5j42swfq.cloudfront.net\/2025\/06\/03203428\/logo_concursos-1.jpg","width":230,"height":60,"caption":"Estrat\u00e9gia Concursos"},"image":{"@id":"https:\/\/www.estrategiaconcursos.com.br\/blog\/#\/schema\/logo\/image\/"},"sameAs":["https:\/\/x.com\/EstratConcursos"]},{"@type":"Person","@id":"https:\/\/www.estrategiaconcursos.com.br\/blog\/#\/schema\/person\/6630f91134abc08115cca62ce6372855","name":"Bruna de Andrade Fran\u00e7a","image":{"@type":"ImageObject","inLanguage":"pt-BR","@id":"https:\/\/secure.gravatar.com\/avatar\/d6316d36d50cea0fadae28ed3015b8870cc90a2d3d8a95c37b44006af36a00e3?s=96&d=mm&r=g","url":"https:\/\/secure.gravatar.com\/avatar\/d6316d36d50cea0fadae28ed3015b8870cc90a2d3d8a95c37b44006af36a00e3?s=96&d=mm&r=g","contentUrl":"https:\/\/secure.gravatar.com\/avatar\/d6316d36d50cea0fadae28ed3015b8870cc90a2d3d8a95c37b44006af36a00e3?s=96&d=mm&r=g","caption":"Bruna de Andrade Fran\u00e7a"},"description":"Bruna de Andrade Fran\u00e7a \u00e9 publicit\u00e1ria com p\u00f3s-gradua\u00e7\u00e3o em Marketing &amp; Growth, atuando h\u00e1 mais de 6 anos no universo dos concursos p\u00fablicos. Desde 2021, lidera no Blog do Estrat\u00e9gia Concursos a cobertura editorial especializada em Concursos Policiais (PF, PRF, PM, PC, etc.), al\u00e9m das frentes de concursos banc\u00e1rios, de sa\u00fade e da \u00e1rea legislativa. Especialista em reda\u00e7\u00e3o, com pr\u00e1ticas de SEO e Copywriting, possui tamb\u00e9m atua\u00e7\u00e3o pr\u00e1tica de contato direto com \u00f3rg\u00e3os p\u00fablicos respons\u00e1veis por editais, permitindo acesso antecipado a informa\u00e7\u00f5es, desdobramentos importantes e atualiza\u00e7\u00e3o eficiente dos concursos p\u00fablicos.","url":"https:\/\/www.estrategiaconcursos.com.br\/blog\/author\/bruna-andrade\/"},{"@type":"Question","@id":"https:\/\/www.estrategiaconcursos.com.br\/blog\/concurso-policia-federal\/#faq-question-1748541586301","position":1,"url":"https:\/\/www.estrategiaconcursos.com.br\/blog\/concurso-policia-federal\/#faq-question-1748541586301","name":"Quando ser\u00e1 o pr\u00f3ximo Concurso da Pol\u00edcia Federal?","answerCount":1,"acceptedAnswer":{"@type":"Answer","text":"O \u00faltimo Concurso PF foi realizado em 2025. O edital foi publicado em 20 de maio, com provas aplicadas em 27 de julho de 2025. N\u00e3o h\u00e1 previs\u00e3o para um novo edital.","inLanguage":"pt-BR"},"inLanguage":"pt-BR"},{"@type":"Question","@id":"https:\/\/www.estrategiaconcursos.com.br\/blog\/concurso-policia-federal\/#faq-question-1748541673264","position":2,"url":"https:\/\/www.estrategiaconcursos.com.br\/blog\/concurso-policia-federal\/#faq-question-1748541673264","name":"Quantas vagas ter\u00e1 o Concurso PF 2025? Quais s\u00e3o os cargos contemplados?","answerCount":1,"acceptedAnswer":{"@type":"Answer","text":"No total, s\u00e3o 1.000 vagas neste edital. Os cargos contemplados s\u00e3o Agente, Escriv\u00e3o, Papiloscopista, Perito e Delegado.","inLanguage":"pt-BR"},"inLanguage":"pt-BR"},{"@type":"Question","@id":"https:\/\/www.estrategiaconcursos.com.br\/blog\/concurso-policia-federal\/#faq-question-1748541750718","position":3,"url":"https:\/\/www.estrategiaconcursos.com.br\/blog\/concurso-policia-federal\/#faq-question-1748541750718","name":"Quais s\u00e3o os requisitos para participar do Concurso PF?","answerCount":1,"acceptedAnswer":{"@type":"Answer","text":"Os cargos de Escriv\u00e3o, Agente e Papiloscopista da Pol\u00edcia Federal exigem do candidato N\u00edvel Superior em qualquer \u00e1rea de forma\u00e7\u00e3o. \u00c9 preciso ter ainda 18 anos na data de matr\u00edcula no Curso de Forma\u00e7\u00e3o e CNH na categoria B ou superior. <br\/><br\/>Para se candidatar ao cargo de Perito Criminal, \u00e9 preciso ter forma\u00e7\u00e3o em N\u00edvel Superior na fun\u00e7\u00e3o espec\u00edfica e possuir CNH categoria B ou superior. <br\/><br\/>Para Delegado, \u00e9 preciso ter bacharel em Direito, ter atividade jur\u00eddica ou policial de tr\u00eas anos, ter, no m\u00ednimo, 18 anos e possuir CNH categoria B ou superior.","inLanguage":"pt-BR"},"inLanguage":"pt-BR"},{"@type":"Question","@id":"https:\/\/www.estrategiaconcursos.com.br\/blog\/concurso-policia-federal\/#faq-question-1748541971326","position":4,"url":"https:\/\/www.estrategiaconcursos.com.br\/blog\/concurso-policia-federal\/#faq-question-1748541971326","name":"Qual a idade m\u00e1xima para entrar na Pol\u00edcia Federal?","answerCount":1,"acceptedAnswer":{"@type":"Answer","text":"N\u00e3o h\u00e1 idade m\u00e1xima\u00a0para entrar por concurso na Pol\u00edcia Federal. Como voc\u00ea viu no item acima, h\u00e1 apenas uma\u00a0idade m\u00ednima, que \u00e9 18 anos. A \u00fanica limita\u00e7\u00e3o que deve ser respeitada \u00e9 a da<strong>\u00a0<\/strong>aposentadoria compuls\u00f3ria.","inLanguage":"pt-BR"},"inLanguage":"pt-BR"}]}},"_links":{"self":[{"href":"https:\/\/www.estrategiaconcursos.com.br\/blog\/wp-json\/wp\/v2\/posts\/32513","targetHints":{"allow":["GET"]}}],"collection":[{"href":"https:\/\/www.estrategiaconcursos.com.br\/blog\/wp-json\/wp\/v2\/posts"}],"about":[{"href":"https:\/\/www.estrategiaconcursos.com.br\/blog\/wp-json\/wp\/v2\/types\/post"}],"author":[{"embeddable":true,"href":"https:\/\/www.estrategiaconcursos.com.br\/blog\/wp-json\/wp\/v2\/users\/1206"}],"replies":[{"embeddable":true,"href":"https:\/\/www.estrategiaconcursos.com.br\/blog\/wp-json\/wp\/v2\/comments?post=32513"}],"version-history":[{"count":862,"href":"https:\/\/www.estrategiaconcursos.com.br\/blog\/wp-json\/wp\/v2\/posts\/32513\/revisions"}],"predecessor-version":[{"id":1756604,"href":"https:\/\/www.estrategiaconcursos.com.br\/blog\/wp-json\/wp\/v2\/posts\/32513\/revisions\/1756604"}],"wp:featuredmedia":[{"embeddable":true,"href":"https:\/\/www.estrategiaconcursos.com.br\/blog\/wp-json\/wp\/v2\/media\/1418948"}],"wp:attachment":[{"href":"https:\/\/www.estrategiaconcursos.com.br\/blog\/wp-json\/wp\/v2\/media?parent=32513"}],"wp:term":[{"taxonomy":"category","embeddable":true,"href":"https:\/\/www.estrategiaconcursos.com.br\/blog\/wp-json\/wp\/v2\/categories?post=32513"},{"taxonomy":"post_tag","embeddable":true,"href":"https:\/\/www.estrategiaconcursos.com.br\/blog\/wp-json\/wp\/v2\/tags?post=32513"},{"taxonomy":"tax_estado","embeddable":true,"href":"https:\/\/www.estrategiaconcursos.com.br\/blog\/wp-json\/wp\/v2\/tax_estado?post=32513"}],"curies":[{"name":"wp","href":"https:\/\/api.w.org\/{rel}","templated":true}]}}