{"id":32253,"date":"2016-01-28T12:44:40","date_gmt":"2016-01-28T15:44:40","guid":{"rendered":"http:\/\/www.estrategiaconcursos.com.br\/blog\/?p=32253"},"modified":"2016-01-28T12:44:40","modified_gmt":"2016-01-28T15:44:40","slug":"servico-social-prova-da-dpu-tem-recurso","status":"publish","type":"post","link":"https:\/\/www.estrategiaconcursos.com.br\/blog\/servico-social-prova-da-dpu-tem-recurso\/","title":{"rendered":"Servi\u00e7o Social &#8211; Prova da DPU &#8211; TEM RECURSO!!!"},"content":{"rendered":"<p><span style=\"color: #000000\"><span style=\"font-family: Verdana,sans-serif\"><span style=\"font-size: medium\">Ol\u00e1 alun@s! <\/span><\/span><\/span><\/p>\n<p><span style=\"color: #000000\"><span style=\"font-family: Verdana,sans-serif\"><span style=\"font-size: medium\">No \u00faltimo domingo tivemos a prova da DPU. Para o cargo 3 foram 70 quest\u00f5es de conhecimentos espec\u00edficos do Servi\u00e7o Social. Neste artigo comentaremos somente aquelas em que identificamos possibilidade de recurso: 74 e 114, com base no gabarito oficial divulgado.<\/span><\/span><\/span><\/p>\n<p align=\"JUSTIFY\"><span style=\"color: #000000\"><span style=\"font-family: Verdana,sans-serif\"><span style=\"font-size: medium\"><strong>74 A quest\u00e3o social fundamenta a exist\u00eancia do servi\u00e7o social brasileiro como uma especializa\u00e7\u00e3o do trabalho coletivo, no contexto de afirma\u00e7\u00e3o da hegemonia do capital industrial e de apreens\u00e3o dos processos sob o \u00e2ngulo das classes sociais.<\/strong><b> <\/b><\/span><\/span><\/span><\/p>\n<p align=\"JUSTIFY\"><span style=\"color: #000000\"><span style=\"font-family: Verdana,sans-serif\"><span style=\"font-size: medium\"><b>Gabarito Preliminar: CERTA<\/b><\/span><\/span><\/span><\/p>\n<p align=\"JUSTIFY\"><span style=\"color: #000000\"><span style=\"font-family: Verdana,sans-serif\"><span style=\"font-size: medium\">Para tratar da institucionaliza\u00e7\u00e3o da profiss\u00e3o enquanto especializa\u00e7\u00e3o do trabalho coletivo, buscamos refer\u00eancias nos dois principais expoentes da literatura do Servi\u00e7o Social: Jos\u00e9 Paulo Netto e Marilda Iamamoto. Em suas obras, Iamamoto nos traz a compreens\u00e3o de que o Servi\u00e7o Social \u00e9 produto do movimento hist\u00f3rico da sociedade, determinado por circunst\u00e2ncias sociais objetivas, bem como pela a\u00e7\u00e3o dos agentes profissionais individuais que o constroem coletivamente. Por conseguinte: <\/span><\/span><\/span><\/p>\n<p align=\"JUSTIFY\"><span style=\"color: #000000\"><span style=\"font-family: Verdana,sans-serif\"><span style=\"font-size: medium\">O Servi\u00e7o Social afirma-se como uma especializa\u00e7\u00e3o do trabalho coletivo, inscrito na divis\u00e3o sociot\u00e9cnica de trabalho, ao se constituir em express\u00e3o de necessidades hist\u00f3ricas, derivadas da pr\u00e1tica de classes sociais no ato de produzir seus meios de vida e de trabalho de forma socialmente determinada. Assim seu significado social depende da din\u00e2mica das rela\u00e7\u00f5es entre as classes e dessas com o Estado nas sociedades nacionais em quadros conjunturais espec\u00edficos, no enfrentamento da \u201cquest\u00e3o social\u201d. (IAMAMOTO, 2006, p. 203).<\/span><\/span><\/span><\/p>\n<p align=\"JUSTIFY\"><span style=\"color: #000000\"><span style=\"font-family: Verdana,sans-serif\"><span style=\"font-size: medium\">Considerando ser um produto do movimento hist\u00f3rico da sociedade, Netto (2006) afirma que a profissionalidade do Servi\u00e7o Social deve ser vislumbrada a partir da \u201c[&#8230;] cria\u00e7\u00e3o de um espa\u00e7o s\u00f3cio-ocupacional no qual o agente t\u00e9cnico se movimenta \u2013 mais exatamente, o estabelecimento das condi\u00e7\u00f5es hist\u00f3rico-sociais que demandam este agente, configuradas na emers\u00e3o do mercado de trabalho.\u201d (NETTO, 2006, p. 70). Segundo o autor, estas condi\u00e7\u00f5es hist\u00f3rico-sociais manifestam-se por meio da ordem societ\u00e1ria comandada pelo monop\u00f3lio, visto que <\/span><\/span><\/span><\/p>\n<p align=\"JUSTIFY\"><span style=\"color: #000000\"><span style=\"font-family: Verdana,sans-serif\"><span style=\"font-size: medium\">[&#8230;] o capitalismo monopolista conduz ao \u00e1pice a contradi\u00e7\u00e3o elementar entre a socializa\u00e7\u00e3o da produ\u00e7\u00e3o e a apropria\u00e7\u00e3o privada: internacionalizada a produ\u00e7\u00e3o, grupos de monop\u00f3lios controlam-na por cima de povos e Estados. E no \u00e2mbito emoldurado pelo monop\u00f3lio, a dial\u00e9tica for\u00e7as produtivas\/rela\u00e7\u00f5es de produ\u00e7\u00e3o \u00e9 tensionada adicionalmente pelos condicionantes espec\u00edficos que a organiza\u00e7\u00e3o monop\u00f3lica imp\u00f5e especialmente ao desenvolvimento e \u00e0 inova\u00e7\u00e3o tecnol\u00f3gicos. O mais significativo, contudo, \u00e9 que a solu\u00e7\u00e3o monopolista \u2013 a maximiza\u00e7\u00e3o dos lucros pelo controle dos mercados \u2013 \u00e9 imanentemente problem\u00e1tica: pelos pr\u00f3prios mecanismos novos que deflagra, ao cabo de um certo n\u00edvel de desenvolvimento, \u00e9 v\u00edtima dos constrangimentos inerentes \u00e0 acumula\u00e7\u00e3o e \u00e0 valoriza\u00e7\u00e3o capitalistas. Assim, para efetivar-se com chance de \u00eaxito, ela demanda mecanismos de interven\u00e7\u00e3o extra-econ\u00f4micos. Da\u00ed a refuncionaliza\u00e7\u00e3o e o redimensionamento da inst\u00e2ncia por excel\u00eancia do poder extra-econ\u00f4mico, o Estado. (NETTO, 2006, p. 24)<\/span><\/span><\/span><\/p>\n<p align=\"JUSTIFY\"><span style=\"color: #000000\"><span style=\"font-family: Verdana,sans-serif\"><span style=\"font-size: medium\">Netto (2006) explicita que pela pr\u00f3pria din\u00e2mica e contradi\u00e7\u00f5es do capitalismo monopolista, o Estado \u201c[&#8230;] ao buscar legitima\u00e7\u00e3o pol\u00edtica atrav\u00e9s do jogo democr\u00e1tico, \u00e9 perme\u00e1vel a demandas das classes subalternas, que podem fazer incidir nele seus interesses e suas reivindica\u00e7\u00f5es imediatos.\u201d (NETTO, 2006, p. 29) <\/span><\/span><\/span><\/p>\n<p align=\"JUSTIFY\"><span style=\"color: #000000\"><span style=\"font-family: Verdana,sans-serif\"><span style=\"font-size: medium\">Atrav\u00e9s da pol\u00edtica social, o Estado burgu\u00eas no capitalismo monopolista procura administrar as express\u00f5es da \u201cquest\u00e3o social\u201d de forma a atender \u00e0s demandas da ordem monop\u00f3lica conformando, pela ades\u00e3o que recebe de categorias e setores cujas demandas incorpora, sistemas de consenso vari\u00e1veis, mas operantes. (NETTO, 2006, p. 30) <\/span><\/span><\/span><\/p>\n<p align=\"JUSTIFY\"><span style=\"color: #000000\"><span style=\"font-family: Verdana,sans-serif\"><span style=\"font-size: medium\">Por conseguinte, ao estabelecer o enfrentamento da quest\u00e3o social atrav\u00e9s das pol\u00edticas sociais, a ordem dos monop\u00f3lios instaura as bases para a constitui\u00e7\u00e3o do Servi\u00e7o Social enquanto profiss\u00e3o. <\/span><\/span><\/span><\/p>\n<p align=\"JUSTIFY\"><span style=\"color: #000000\"><span style=\"font-family: Verdana,sans-serif\"><span style=\"font-size: medium\">Assim, com base nestes pressupostos, entendemos que a exist\u00eancia do Servi\u00e7o Social brasileiro como especializa\u00e7\u00e3o do trabalho coletivo, n\u00e3o se deu no contexto de afirma\u00e7\u00e3o da hegemonia do capital industrial, mas sim do capital monopolista. Portanto, a afirmativa est\u00e1 errada.<\/span><\/span><\/span><\/p>\n<p align=\"JUSTIFY\"><span style=\"color: #000000\"><span style=\"font-family: Verdana,sans-serif\"><span style=\"font-size: medium\"><b>Gabarito: ERRADA<\/b><\/span><\/span><\/span><\/p>\n<p align=\"JUSTIFY\"><span style=\"color: #000000\"><span style=\"font-family: Verdana,sans-serif\"><span style=\"font-size: medium\">Refer\u00eancias:<\/span><\/span><\/span><\/p>\n<p align=\"JUSTIFY\"><span style=\"color: #000000\"><span style=\"font-family: Verdana,sans-serif\"><span style=\"font-size: medium\">IAMAMOTO, Marilda Vilela. <b>O servi\u00e7o social na contemporaneidade<\/b>: trabalho e forma\u00e7\u00e3o profissional. 10. ed. S\u00e3o Paulo: Cortez, 2006.<\/span><\/span><\/span><\/p>\n<p align=\"JUSTIFY\"><span style=\"color: #000000\"><span style=\"font-family: Verdana,sans-serif\"><span style=\"font-size: medium\">______. O servi\u00e7o social no processo de reprodu\u00e7\u00e3o das rela\u00e7\u00f5es sociais. In: IAMAMOTO, M. V.; CARVALHO, R. <b>Rela\u00e7\u00f5es sociais e servi\u00e7o social<\/b>: esbo\u00e7o de uma interpreta\u00e7\u00e3o hist\u00f3rico-metodol\u00f3gica. 34. ed. S\u00e3o Paulo: Cortez, 2011. p. 77- 130.<\/span><\/span><\/span><\/p>\n<p align=\"JUSTIFY\"><span style=\"color: #000000\"><span style=\"font-family: Verdana,sans-serif\"><span style=\"font-size: medium\">NETTO, Jos\u00e9 Paulo. <b>Capitalismo monopolista e servi\u00e7o social<\/b>. 5 ed. S\u00e3o Paulo: Cortez, 2006.<\/span><\/span><\/span><\/p>\n<p align=\"JUSTIFY\"><strong><span style=\"color: #000000\"><span style=\"font-family: Verdana,sans-serif\"><span style=\"font-size: medium\">114 Os direitos assistenciais t\u00eam caracter\u00edsticas diferenciadas, pois asseguram presta\u00e7\u00e3o monet\u00e1ria continuada e caracterizam-se por ser um direito pessoal e intransfer\u00edvel, como, por exemplo, o benef\u00edcio de presta\u00e7\u00e3o continuada. <\/span><\/span><\/span><\/strong><\/p>\n<p align=\"JUSTIFY\"><span style=\"color: #000000\"><span style=\"font-family: Verdana,sans-serif\"><span style=\"font-size: medium\"><b>Gabarito Preliminar: CERTA<\/b><\/span><\/span><\/span><\/p>\n<p align=\"JUSTIFY\"><span style=\"color: #000000\"><span style=\"font-family: Verdana,sans-serif\"><span style=\"font-size: medium\">Inicialmente \u00e9 importante ressaltar quer o termo \u201cdireitos assistenciais\u201d \u00e9 impreciso, o que dificulta sua conceitua\u00e7\u00e3o. Entretanto, entende-se que a quest\u00e3o se refere aos direitos socioassistenciais, ao citar como exemplo o Benef\u00edcio de Presta\u00e7\u00e3o Continuada da Assist\u00eancia Social.<\/span><\/span><\/span><\/p>\n<p align=\"JUSTIFY\"><span style=\"color: #000000\"><span style=\"font-family: Verdana,sans-serif\"><span style=\"font-size: medium\">Direito socioassistencial \u00e9 o termo utilizado na Lei Org\u00e2nica da Assist\u00eancia Social &#8211; Lei n\u00ba 8742\/1993, que disp\u00f5e sobre a organiza\u00e7\u00e3o da Assist\u00eancia Social e d\u00e1 outras provid\u00eancias, normativa legal que regulamenta o BPC. Neste sentido, compreende-se, em conson\u00e2ncia com a legisla\u00e7\u00e3o supracitada, que os direitos socioassistenciais n\u00e3o se limitam aos benef\u00edcios, como o BPC. Na verdade compreendem um conjunto integrado de servi\u00e7os, programas, projetos e benef\u00edcios de Assist\u00eancia Social. <\/span><\/span><\/span><\/p>\n<p align=\"JUSTIFY\"><span style=\"color: #000000\"><span style=\"font-family: Verdana,sans-serif\"><span style=\"font-size: medium\">No que tange aos benef\u00edcios assistenciais a LOAS estabelece duas modalidades, nas se\u00e7\u00f5es I e II do cap\u00edtulo IV \u2013 dos Benef\u00edcios, Servi\u00e7os, Programas e Projetos de Assist\u00eancia Social, a saber:<\/span><\/span><\/span><\/p>\n<p align=\"JUSTIFY\"><span style=\"color: #000000\"><span style=\"font-family: Verdana,sans-serif\"><span style=\"font-size: medium\">1) O Benef\u00edcio de Presta\u00e7\u00e3o Continuada \u2013 benef\u00edcio pessoal e intranfer\u00edvel, de presta\u00e7\u00e3o monet\u00e1ria continuada, nos termos da Lei:<\/span><\/span><\/span><\/p>\n<p align=\"JUSTIFY\"><span style=\"color: #000000\"><span style=\"font-family: Verdana,sans-serif\"><span style=\"font-size: medium\">Art. 20.\u00a0 O benef\u00edcio de presta\u00e7\u00e3o continuada \u00e9 a garantia de um sal\u00e1rio-m\u00ednimo mensal \u00e0 pessoa com defici\u00eancia e ao idoso com 65 (sessenta e cinco) anos ou mais que comprovem n\u00e3o possuir meios de prover a pr\u00f3pria manuten\u00e7\u00e3o nem de t\u00ea-la provida por sua fam\u00edlia. <\/span><\/span><\/span><a href=\"http:\/\/www.planalto.gov.br\/ccivil_03\/_Ato2011-2014\/2011\/Lei\/L12435.htm#art1\"><span style=\"color: #000000\"><span style=\"font-family: Verdana,sans-serif\"><span style=\"font-size: medium\"><span lang=\"zxx\"><u>(Reda\u00e7\u00e3o dada pela Lei n\u00ba 12.435, de 2011)<\/u><\/span><\/span><\/span><\/span><\/a><\/p>\n<p align=\"JUSTIFY\"><span style=\"color: #000000\"><span style=\"font-family: Verdana,sans-serif\"><span style=\"font-size: medium\">2) Benef\u00edcios Eventuais: provis\u00f5es provis\u00f3rias prestadas aos cidad\u00e3os em raz\u00e3o de nascimento, morte, situa\u00e7\u00f5es de vulnerabilidade tempor\u00e1ria e de calamidade p\u00fablica, conforme texto da lei:<\/span><\/span><\/span><\/p>\n<p align=\"JUSTIFY\"><span style=\"color: #000000\"><span style=\"font-family: Verdana,sans-serif\"><span style=\"font-size: medium\">Art. 22.\u00a0 Entendem-se por benef\u00edcios eventuais as provis\u00f5es suplementares e provis\u00f3rias que integram organicamente as garantias do Suas e s\u00e3o prestadas aos cidad\u00e3os e \u00e0s fam\u00edlias em virtude de nascimento, morte, situa\u00e7\u00f5es de vulnerabilidade tempor\u00e1ria e de calamidade p\u00fablica. <\/span><\/span><\/span><a href=\"http:\/\/www.planalto.gov.br\/ccivil_03\/_Ato2011-2014\/2011\/Lei\/L12435.htm#art1\"><span style=\"color: #000000\"><span style=\"font-family: Verdana,sans-serif\"><span style=\"font-size: medium\"><span lang=\"zxx\"><u>(Reda\u00e7\u00e3o dada pela Lei n\u00ba 12.435, de 2011)<\/u><\/span><\/span><\/span><\/span><\/a><\/p>\n<p align=\"JUSTIFY\"><span style=\"color: #000000\"><span style=\"font-family: Verdana,sans-serif\"><span style=\"font-size: medium\">\u00a7 1<\/span><\/span><\/span><span style=\"color: #000000\"><sup><span style=\"font-family: Verdana,sans-serif\"><span style=\"font-size: medium\"><u>o<\/u><\/span><\/span><\/sup><\/span><span style=\"color: #000000\"><span style=\"font-family: Verdana,sans-serif\"><span style=\"font-size: medium\">\u00a0 A concess\u00e3o e o valor dos benef\u00edcios de que trata este artigo ser\u00e3o definidos pelos Estados, Distrito Federal e Munic\u00edpios e previstos nas respectivas leis or\u00e7ament\u00e1rias anuais, com base em crit\u00e9rios e prazos definidos pelos respectivos Conselhos de Assist\u00eancia Social. <\/span><\/span><\/span><a href=\"http:\/\/www.planalto.gov.br\/ccivil_03\/_Ato2011-2014\/2011\/Lei\/L12435.htm#art1\"><span style=\"color: #000000\"><span style=\"font-family: Verdana,sans-serif\"><span style=\"font-size: medium\"><span lang=\"zxx\"><u>(Reda\u00e7\u00e3o dada pela Lei n\u00ba 12.435, de 2011)<\/u><\/span><\/span><\/span><\/span><\/a><\/p>\n<p align=\"JUSTIFY\"><span style=\"color: #000000\"><span style=\"font-family: Verdana,sans-serif\"><span style=\"font-size: medium\">Assim, entendemos que o termo direitos assistenciais t\u00eam caracter\u00edstica diferenciadas, e n\u00e3o se limitam assegurar presta\u00e7\u00e3o monet\u00e1ria continuada, como por exemplo, o benef\u00edcio de presta\u00e7\u00e3o continuada, visto que a LOAS estabelece os benef\u00edcios eventuais, enquanto presta\u00e7\u00f5es suplementares e provis\u00f3rias. Portanto, a afirmativa est\u00e1 errada. <\/span><\/span><\/span><\/p>\n<p align=\"JUSTIFY\"><span style=\"color: #000000\"><span style=\"font-family: Verdana,sans-serif\"><span style=\"font-size: medium\"><b>Gabarito: ERRADA<\/b><\/span><\/span><\/span><\/p>\n<p align=\"JUSTIFY\"><span style=\"color: #000000\"><span style=\"font-family: Verdana,sans-serif\"><span style=\"font-size: medium\">Refer\u00eancias: <\/span><\/span><\/span><\/p>\n<p align=\"JUSTIFY\"><span style=\"color: #000000\"><span style=\"font-family: Verdana,sans-serif\"><span style=\"font-size: medium\"><span lang=\"pt-BR\">BRASIL. Presid\u00eancia da Rep\u00fablica. <\/span><span lang=\"pt-BR\"><b>Lei 8.742, de 7 de dezembro de 1993<\/b><\/span><span lang=\"pt-BR\">.<\/span> <span lang=\"pt-BR\">Disp\u00f5e sobre a organiza\u00e7\u00e3o da Assist\u00eancia Social e d\u00e1 outras provid\u00eancias, 1993. <\/span><\/span><\/span><\/span><\/p>\n<p align=\"JUSTIFY\"><span style=\"color: #000000\"><span style=\"font-family: Verdana,sans-serif\"><span style=\"font-size: medium\">Professoras Ana Paula de Oliveira e Bianca de Souza.<\/span><\/span><\/span><\/p>\n<p><span style=\"color: #000000\"><span style=\"font-family: Verdana,sans-serif\"><span style=\"font-size: medium\">\u00a0<\/span><\/span><\/span><\/p>\n<p class=\"western\" align=\"JUSTIFY\">\n","protected":false},"excerpt":{"rendered":"<p>Ol\u00e1 alun@s! No \u00faltimo domingo tivemos a prova da DPU. Para o cargo 3 foram 70 quest\u00f5es de conhecimentos espec\u00edficos do Servi\u00e7o Social. Neste artigo comentaremos somente aquelas em que identificamos possibilidade de recurso: 74 e 114, com base no gabarito oficial divulgado. 74 A quest\u00e3o social fundamenta a exist\u00eancia do servi\u00e7o social brasileiro como [&hellip;]<\/p>\n","protected":false},"author":213,"featured_media":0,"comment_status":"open","ping_status":"open","sticky":false,"template":"","format":"standard","meta":{"post_tipo":"article","footnotes":""},"categories":[1],"tags":[],"tax_estado":[],"class_list":["post-32253","post","type-post","status-publish","format-standard","hentry","category-cursos-e-concursos"],"acf":[],"yoast_head":"<!-- This site is optimized with the Yoast SEO Premium plugin v27.2 (Yoast SEO v27.2) - https:\/\/yoast.com\/product\/yoast-seo-premium-wordpress\/ -->\n<title>Servi\u00e7o Social - Prova da DPU - TEM RECURSO!!!<\/title>\n<meta name=\"robots\" content=\"index, follow, max-snippet:-1, max-image-preview:large, max-video-preview:-1\" \/>\n<link rel=\"canonical\" href=\"https:\/\/www.estrategiaconcursos.com.br\/blog\/servico-social-prova-da-dpu-tem-recurso\/\" \/>\n<meta property=\"og:locale\" content=\"pt_BR\" \/>\n<meta property=\"og:type\" content=\"article\" \/>\n<meta property=\"og:title\" content=\"Servi\u00e7o Social - Prova da DPU - TEM RECURSO!!!\" \/>\n<meta property=\"og:description\" content=\"Ol\u00e1 alun@s! No \u00faltimo domingo tivemos a prova da DPU. Para o cargo 3 foram 70 quest\u00f5es de conhecimentos espec\u00edficos do Servi\u00e7o Social. Neste artigo comentaremos somente aquelas em que identificamos possibilidade de recurso: 74 e 114, com base no gabarito oficial divulgado. 74 A quest\u00e3o social fundamenta a exist\u00eancia do servi\u00e7o social brasileiro como [&hellip;]\" \/>\n<meta property=\"og:url\" content=\"https:\/\/www.estrategiaconcursos.com.br\/blog\/servico-social-prova-da-dpu-tem-recurso\/\" \/>\n<meta property=\"og:site_name\" content=\"Estrat\u00e9gia Concursos\" \/>\n<meta property=\"article:published_time\" content=\"2016-01-28T15:44:40+00:00\" \/>\n<meta name=\"author\" content=\"Ana Paula de Oliveira\" \/>\n<meta name=\"twitter:card\" content=\"summary_large_image\" \/>\n<meta name=\"twitter:creator\" content=\"@EstratConcursos\" \/>\n<meta name=\"twitter:site\" content=\"@EstratConcursos\" \/>\n<meta name=\"twitter:label1\" content=\"Escrito por\" \/>\n\t<meta name=\"twitter:data1\" content=\"Ana Paula de Oliveira\" \/>\n\t<meta name=\"twitter:label2\" content=\"Est. tempo de leitura\" \/>\n\t<meta name=\"twitter:data2\" content=\"6 minutos\" \/>\n<script type=\"application\/ld+json\" class=\"yoast-schema-graph\">{\"@context\":\"https:\/\/schema.org\",\"@graph\":[{\"@type\":\"NewsArticle\",\"@id\":\"https:\/\/www.estrategiaconcursos.com.br\/blog\/servico-social-prova-da-dpu-tem-recurso\/#article\",\"isPartOf\":{\"@id\":\"https:\/\/www.estrategiaconcursos.com.br\/blog\/servico-social-prova-da-dpu-tem-recurso\/\"},\"author\":{\"name\":\"Ana Paula de Oliveira\",\"@id\":\"https:\/\/www.estrategiaconcursos.com.br\/blog\/#\/schema\/person\/968d3af0f3581a24c32c07db7a47d0d3\"},\"headline\":\"Servi\u00e7o Social &#8211; Prova da DPU &#8211; TEM RECURSO!!!\",\"datePublished\":\"2016-01-28T15:44:40+00:00\",\"mainEntityOfPage\":{\"@id\":\"https:\/\/www.estrategiaconcursos.com.br\/blog\/servico-social-prova-da-dpu-tem-recurso\/\"},\"wordCount\":1282,\"commentCount\":0,\"publisher\":{\"@id\":\"https:\/\/www.estrategiaconcursos.com.br\/blog\/#organization\"},\"articleSection\":[\"Concursos P\u00fablicos\"],\"inLanguage\":\"pt-BR\",\"potentialAction\":[{\"@type\":\"CommentAction\",\"name\":\"Comment\",\"target\":[\"https:\/\/www.estrategiaconcursos.com.br\/blog\/servico-social-prova-da-dpu-tem-recurso\/#respond\"]}],\"copyrightYear\":\"2016\",\"copyrightHolder\":{\"@id\":\"https:\/\/www.estrategiaconcursos.com.br\/blog\/#organization\"}},{\"@type\":\"WebPage\",\"@id\":\"https:\/\/www.estrategiaconcursos.com.br\/blog\/servico-social-prova-da-dpu-tem-recurso\/\",\"url\":\"https:\/\/www.estrategiaconcursos.com.br\/blog\/servico-social-prova-da-dpu-tem-recurso\/\",\"name\":\"Servi\u00e7o Social - Prova da DPU - TEM RECURSO!!!\",\"isPartOf\":{\"@id\":\"https:\/\/www.estrategiaconcursos.com.br\/blog\/#website\"},\"datePublished\":\"2016-01-28T15:44:40+00:00\",\"breadcrumb\":{\"@id\":\"https:\/\/www.estrategiaconcursos.com.br\/blog\/servico-social-prova-da-dpu-tem-recurso\/#breadcrumb\"},\"inLanguage\":\"pt-BR\",\"potentialAction\":[{\"@type\":\"ReadAction\",\"target\":[\"https:\/\/www.estrategiaconcursos.com.br\/blog\/servico-social-prova-da-dpu-tem-recurso\/\"]}]},{\"@type\":\"BreadcrumbList\",\"@id\":\"https:\/\/www.estrategiaconcursos.com.br\/blog\/servico-social-prova-da-dpu-tem-recurso\/#breadcrumb\",\"itemListElement\":[{\"@type\":\"ListItem\",\"position\":1,\"name\":\"In\u00edcio\",\"item\":\"https:\/\/www.estrategiaconcursos.com.br\/blog\/\"},{\"@type\":\"ListItem\",\"position\":2,\"name\":\"Servi\u00e7o Social &#8211; Prova da DPU &#8211; TEM RECURSO!!!\"}]},{\"@type\":\"WebSite\",\"@id\":\"https:\/\/www.estrategiaconcursos.com.br\/blog\/#website\",\"url\":\"https:\/\/www.estrategiaconcursos.com.br\/blog\/\",\"name\":\"Estrat\u00e9gia Concursos\",\"description\":\"O blog da Estrat\u00e9gia Concursos traz not\u00edcias sobre concursos e artigos de professores oferecendo cursos para concursos (pdf + videaulas) no site.\",\"publisher\":{\"@id\":\"https:\/\/www.estrategiaconcursos.com.br\/blog\/#organization\"},\"potentialAction\":[{\"@type\":\"SearchAction\",\"target\":{\"@type\":\"EntryPoint\",\"urlTemplate\":\"https:\/\/www.estrategiaconcursos.com.br\/blog\/?s={search_term_string}\"},\"query-input\":{\"@type\":\"PropertyValueSpecification\",\"valueRequired\":true,\"valueName\":\"search_term_string\"}}],\"inLanguage\":\"pt-BR\"},{\"@type\":\"Organization\",\"@id\":\"https:\/\/www.estrategiaconcursos.com.br\/blog\/#organization\",\"name\":\"Estrat\u00e9gia Concursos\",\"url\":\"https:\/\/www.estrategiaconcursos.com.br\/blog\/\",\"logo\":{\"@type\":\"ImageObject\",\"inLanguage\":\"pt-BR\",\"@id\":\"https:\/\/www.estrategiaconcursos.com.br\/blog\/#\/schema\/logo\/image\/\",\"url\":\"https:\/\/dhg1h5j42swfq.cloudfront.net\/2025\/06\/03203428\/logo_concursos-1.jpg\",\"contentUrl\":\"https:\/\/dhg1h5j42swfq.cloudfront.net\/2025\/06\/03203428\/logo_concursos-1.jpg\",\"width\":230,\"height\":60,\"caption\":\"Estrat\u00e9gia Concursos\"},\"image\":{\"@id\":\"https:\/\/www.estrategiaconcursos.com.br\/blog\/#\/schema\/logo\/image\/\"},\"sameAs\":[\"https:\/\/x.com\/EstratConcursos\"]},{\"@type\":\"Person\",\"@id\":\"https:\/\/www.estrategiaconcursos.com.br\/blog\/#\/schema\/person\/968d3af0f3581a24c32c07db7a47d0d3\",\"name\":\"Ana Paula de Oliveira\",\"image\":{\"@type\":\"ImageObject\",\"inLanguage\":\"pt-BR\",\"@id\":\"https:\/\/secure.gravatar.com\/avatar\/0172d72aeb42d0b9f9721d2ea23e0ba93b1cc3153a889bac21b8dea85e627bb0?s=96&d=mm&r=g\",\"url\":\"https:\/\/secure.gravatar.com\/avatar\/0172d72aeb42d0b9f9721d2ea23e0ba93b1cc3153a889bac21b8dea85e627bb0?s=96&d=mm&r=g\",\"contentUrl\":\"https:\/\/secure.gravatar.com\/avatar\/0172d72aeb42d0b9f9721d2ea23e0ba93b1cc3153a889bac21b8dea85e627bb0?s=96&d=mm&r=g\",\"caption\":\"Ana Paula de Oliveira\"},\"url\":\"https:\/\/www.estrategiaconcursos.com.br\/blog\/author\/apb-deoliveiragmail-com\/\"}]}<\/script>\n<!-- \/ Yoast SEO Premium plugin. -->","yoast_head_json":{"title":"Servi\u00e7o Social - Prova da DPU - TEM RECURSO!!!","robots":{"index":"index","follow":"follow","max-snippet":"max-snippet:-1","max-image-preview":"max-image-preview:large","max-video-preview":"max-video-preview:-1"},"canonical":"https:\/\/www.estrategiaconcursos.com.br\/blog\/servico-social-prova-da-dpu-tem-recurso\/","og_locale":"pt_BR","og_type":"article","og_title":"Servi\u00e7o Social - Prova da DPU - TEM RECURSO!!!","og_description":"Ol\u00e1 alun@s! No \u00faltimo domingo tivemos a prova da DPU. Para o cargo 3 foram 70 quest\u00f5es de conhecimentos espec\u00edficos do Servi\u00e7o Social. Neste artigo comentaremos somente aquelas em que identificamos possibilidade de recurso: 74 e 114, com base no gabarito oficial divulgado. 74 A quest\u00e3o social fundamenta a exist\u00eancia do servi\u00e7o social brasileiro como [&hellip;]","og_url":"https:\/\/www.estrategiaconcursos.com.br\/blog\/servico-social-prova-da-dpu-tem-recurso\/","og_site_name":"Estrat\u00e9gia Concursos","article_published_time":"2016-01-28T15:44:40+00:00","author":"Ana Paula de Oliveira","twitter_card":"summary_large_image","twitter_creator":"@EstratConcursos","twitter_site":"@EstratConcursos","twitter_misc":{"Escrito por":"Ana Paula de Oliveira","Est. tempo de leitura":"6 minutos"},"schema":{"@context":"https:\/\/schema.org","@graph":[{"@type":"NewsArticle","@id":"https:\/\/www.estrategiaconcursos.com.br\/blog\/servico-social-prova-da-dpu-tem-recurso\/#article","isPartOf":{"@id":"https:\/\/www.estrategiaconcursos.com.br\/blog\/servico-social-prova-da-dpu-tem-recurso\/"},"author":{"name":"Ana Paula de Oliveira","@id":"https:\/\/www.estrategiaconcursos.com.br\/blog\/#\/schema\/person\/968d3af0f3581a24c32c07db7a47d0d3"},"headline":"Servi\u00e7o Social &#8211; Prova da DPU &#8211; TEM RECURSO!!!","datePublished":"2016-01-28T15:44:40+00:00","mainEntityOfPage":{"@id":"https:\/\/www.estrategiaconcursos.com.br\/blog\/servico-social-prova-da-dpu-tem-recurso\/"},"wordCount":1282,"commentCount":0,"publisher":{"@id":"https:\/\/www.estrategiaconcursos.com.br\/blog\/#organization"},"articleSection":["Concursos P\u00fablicos"],"inLanguage":"pt-BR","potentialAction":[{"@type":"CommentAction","name":"Comment","target":["https:\/\/www.estrategiaconcursos.com.br\/blog\/servico-social-prova-da-dpu-tem-recurso\/#respond"]}],"copyrightYear":"2016","copyrightHolder":{"@id":"https:\/\/www.estrategiaconcursos.com.br\/blog\/#organization"}},{"@type":"WebPage","@id":"https:\/\/www.estrategiaconcursos.com.br\/blog\/servico-social-prova-da-dpu-tem-recurso\/","url":"https:\/\/www.estrategiaconcursos.com.br\/blog\/servico-social-prova-da-dpu-tem-recurso\/","name":"Servi\u00e7o Social - Prova da DPU - TEM RECURSO!!!","isPartOf":{"@id":"https:\/\/www.estrategiaconcursos.com.br\/blog\/#website"},"datePublished":"2016-01-28T15:44:40+00:00","breadcrumb":{"@id":"https:\/\/www.estrategiaconcursos.com.br\/blog\/servico-social-prova-da-dpu-tem-recurso\/#breadcrumb"},"inLanguage":"pt-BR","potentialAction":[{"@type":"ReadAction","target":["https:\/\/www.estrategiaconcursos.com.br\/blog\/servico-social-prova-da-dpu-tem-recurso\/"]}]},{"@type":"BreadcrumbList","@id":"https:\/\/www.estrategiaconcursos.com.br\/blog\/servico-social-prova-da-dpu-tem-recurso\/#breadcrumb","itemListElement":[{"@type":"ListItem","position":1,"name":"In\u00edcio","item":"https:\/\/www.estrategiaconcursos.com.br\/blog\/"},{"@type":"ListItem","position":2,"name":"Servi\u00e7o Social &#8211; Prova da DPU &#8211; TEM RECURSO!!!"}]},{"@type":"WebSite","@id":"https:\/\/www.estrategiaconcursos.com.br\/blog\/#website","url":"https:\/\/www.estrategiaconcursos.com.br\/blog\/","name":"Estrat\u00e9gia Concursos","description":"O blog da Estrat\u00e9gia Concursos traz not\u00edcias sobre concursos e artigos de professores oferecendo cursos para concursos (pdf + videaulas) no site.","publisher":{"@id":"https:\/\/www.estrategiaconcursos.com.br\/blog\/#organization"},"potentialAction":[{"@type":"SearchAction","target":{"@type":"EntryPoint","urlTemplate":"https:\/\/www.estrategiaconcursos.com.br\/blog\/?s={search_term_string}"},"query-input":{"@type":"PropertyValueSpecification","valueRequired":true,"valueName":"search_term_string"}}],"inLanguage":"pt-BR"},{"@type":"Organization","@id":"https:\/\/www.estrategiaconcursos.com.br\/blog\/#organization","name":"Estrat\u00e9gia Concursos","url":"https:\/\/www.estrategiaconcursos.com.br\/blog\/","logo":{"@type":"ImageObject","inLanguage":"pt-BR","@id":"https:\/\/www.estrategiaconcursos.com.br\/blog\/#\/schema\/logo\/image\/","url":"https:\/\/dhg1h5j42swfq.cloudfront.net\/2025\/06\/03203428\/logo_concursos-1.jpg","contentUrl":"https:\/\/dhg1h5j42swfq.cloudfront.net\/2025\/06\/03203428\/logo_concursos-1.jpg","width":230,"height":60,"caption":"Estrat\u00e9gia Concursos"},"image":{"@id":"https:\/\/www.estrategiaconcursos.com.br\/blog\/#\/schema\/logo\/image\/"},"sameAs":["https:\/\/x.com\/EstratConcursos"]},{"@type":"Person","@id":"https:\/\/www.estrategiaconcursos.com.br\/blog\/#\/schema\/person\/968d3af0f3581a24c32c07db7a47d0d3","name":"Ana Paula de Oliveira","image":{"@type":"ImageObject","inLanguage":"pt-BR","@id":"https:\/\/secure.gravatar.com\/avatar\/0172d72aeb42d0b9f9721d2ea23e0ba93b1cc3153a889bac21b8dea85e627bb0?s=96&d=mm&r=g","url":"https:\/\/secure.gravatar.com\/avatar\/0172d72aeb42d0b9f9721d2ea23e0ba93b1cc3153a889bac21b8dea85e627bb0?s=96&d=mm&r=g","contentUrl":"https:\/\/secure.gravatar.com\/avatar\/0172d72aeb42d0b9f9721d2ea23e0ba93b1cc3153a889bac21b8dea85e627bb0?s=96&d=mm&r=g","caption":"Ana Paula de Oliveira"},"url":"https:\/\/www.estrategiaconcursos.com.br\/blog\/author\/apb-deoliveiragmail-com\/"}]}},"_links":{"self":[{"href":"https:\/\/www.estrategiaconcursos.com.br\/blog\/wp-json\/wp\/v2\/posts\/32253","targetHints":{"allow":["GET"]}}],"collection":[{"href":"https:\/\/www.estrategiaconcursos.com.br\/blog\/wp-json\/wp\/v2\/posts"}],"about":[{"href":"https:\/\/www.estrategiaconcursos.com.br\/blog\/wp-json\/wp\/v2\/types\/post"}],"author":[{"embeddable":true,"href":"https:\/\/www.estrategiaconcursos.com.br\/blog\/wp-json\/wp\/v2\/users\/213"}],"replies":[{"embeddable":true,"href":"https:\/\/www.estrategiaconcursos.com.br\/blog\/wp-json\/wp\/v2\/comments?post=32253"}],"version-history":[{"count":2,"href":"https:\/\/www.estrategiaconcursos.com.br\/blog\/wp-json\/wp\/v2\/posts\/32253\/revisions"}],"predecessor-version":[{"id":32255,"href":"https:\/\/www.estrategiaconcursos.com.br\/blog\/wp-json\/wp\/v2\/posts\/32253\/revisions\/32255"}],"wp:attachment":[{"href":"https:\/\/www.estrategiaconcursos.com.br\/blog\/wp-json\/wp\/v2\/media?parent=32253"}],"wp:term":[{"taxonomy":"category","embeddable":true,"href":"https:\/\/www.estrategiaconcursos.com.br\/blog\/wp-json\/wp\/v2\/categories?post=32253"},{"taxonomy":"post_tag","embeddable":true,"href":"https:\/\/www.estrategiaconcursos.com.br\/blog\/wp-json\/wp\/v2\/tags?post=32253"},{"taxonomy":"tax_estado","embeddable":true,"href":"https:\/\/www.estrategiaconcursos.com.br\/blog\/wp-json\/wp\/v2\/tax_estado?post=32253"}],"curies":[{"name":"wp","href":"https:\/\/api.w.org\/{rel}","templated":true}]}}