{"id":31588,"date":"2016-01-13T20:21:02","date_gmt":"2016-01-13T23:21:02","guid":{"rendered":"http:\/\/www.estrategiaconcursos.com.br\/blog\/?p=31588"},"modified":"2019-09-02T19:12:12","modified_gmt":"2019-09-02T22:12:12","slug":"concurso-auditor-tce-pr-2016-comentarios-as-questoes-de-direito-administrativo","status":"publish","type":"post","link":"https:\/\/www.estrategiaconcursos.com.br\/blog\/concurso-auditor-tce-pr-2016-comentarios-as-questoes-de-direito-administrativo\/","title":{"rendered":"Concurso Auditor TCE PR 2016 \u2013 coment\u00e1rios \u00e0s quest\u00f5es de Direito Administrativo"},"content":{"rendered":"<p>Ol\u00e1 pessoal, tudo bem?<\/p>\n<p style=\"text-align: justify;\">Seguem meus coment\u00e1rios \u00e0s quest\u00f5es de <strong>Direito Administrativo<\/strong> da prova de Auditor TCE PR 2016, aplicada no \u00faltimo final de semana pelo Cespe.<\/p>\n<p style=\"text-align: justify;\">Ao todo, identifiquei <strong>10 quest\u00f5es<\/strong> que trataram diretamente da disciplina.<\/p>\n<p style=\"text-align: justify;\">A princ\u00edpio, <strong><em>vislumbro possibilidade de recurso apenas na quest\u00e3o 14<\/em><\/strong>, mas quem tiver alguma d\u00favida ou sugest\u00e3o pode deixar um coment\u00e1rio aqui no artigo.<\/p>\n<p>Vamos \u00e0s quest\u00f5es:<\/p>\n<p style=\"text-align: justify;\"><strong>13. (Cespe \u2013 Auditor TCE PR 2016) <\/strong>Os atributos caracterizadores de determinada entidade como OSCIP incluem a<\/p>\n<p style=\"text-align: justify;\">A) presen\u00e7a facultativa de servidor na composi\u00e7\u00e3o do conselho.<\/p>\n<p style=\"text-align: justify;\">B) formaliza\u00e7\u00e3o por meio de contrato de gest\u00e3o.<\/p>\n<p style=\"text-align: justify;\">C) an\u00e1lise de qualifica\u00e7\u00e3o por diversos \u00f3rg\u00e3os p\u00fablicos.<\/p>\n<p style=\"text-align: justify;\">D) possibilidade de cess\u00e3o de bens.<\/p>\n<p style=\"text-align: justify;\">E) qualifica\u00e7\u00e3o discricion\u00e1ria.<\/p>\n<p><strong><span style=\"text-decoration: underline;\">Coment\u00e1rio:<\/span><\/strong><\/p>\n<p style=\"text-align: justify;\"><strong>a) CERTA. A Lei 9.790\/99 (art. 4\u00ba, III) exige que a Oscip tenha um Conselho Fiscal. Todavia, <span style=\"color: #3366ff;\">n\u00e3o h\u00e1 exig\u00eancia<\/span> de que existam representantes do Poder P\u00fablico em algum \u00f3rg\u00e3o da entidade (a participa\u00e7\u00e3o \u00e9 facultativa), ao contr\u00e1rio do que ocorre nas Organiza\u00e7\u00f5es Sociais (OS).<\/strong><\/p>\n<p style=\"text-align: justify;\"><strong>b) ERRADA. No caso da Oscip, a formaliza\u00e7\u00e3o ocorre por meio de <span style=\"color: #3366ff;\">termo de parceria<\/span>.<\/strong><\/p>\n<p style=\"text-align: justify;\"><strong>c) ERRADA. A an\u00e1lise da qualifica\u00e7\u00e3o \u00e9 sempre feita pelo <span style=\"color: #3366ff;\">Minist\u00e9rio da Justi\u00e7a<\/span> (Lei 9.790\/99, art. 5\u00ba).<\/strong><\/p>\n<p style=\"text-align: justify;\"><strong>d) ERRADA. A Lei 9.790\/99 n\u00e3o prev\u00ea, de forma expressa, a possibilidade de cess\u00e3o de bens p\u00fablicos \u00e0s Oscip, ao contr\u00e1rio do que ocorre com as Organiza\u00e7\u00f5es Sociais. Todavia, a Lei 9.790\/99 cont\u00e9m dispositivos que levam ao entendimento de que tais entidades <span style=\"color: #3366ff;\">podem sim<\/span> receber bens p\u00fablicos como forma de fomento. Por exemplo, o art. 4\u00ba, VII, \u201cd\u201d da lei estabelece que \u201ca presta\u00e7\u00e3o de contas de todos os recursos e <span style=\"color: #3366ff;\">bens de origem p\u00fablica recebidos pelas Organiza\u00e7\u00f5es da Sociedade Civil de Interesse P\u00fablico<\/span> ser\u00e1 feita conforme determina o\u00a0<a href=\"http:\/\/www.planalto.gov.br\/ccivil_03\/Constituicao\/Constituicao.htm#art70p\">par\u00e1grafo \u00fanico do art. 70 da Constitui\u00e7\u00e3o Federal<\/a>\u201d. O art. 13 tamb\u00e9m apresenta disciplina semelhante. Nessa linha, Maria Sylvia Di Pietro, ao discorrer sobre as caracter\u00edsticas das Oscip, menciona o \u201cfomento pelo Poder P\u00fablico ou coopera\u00e7\u00e3o entre Poder P\u00fablico e entidade privada, n\u00e3o sendo especificadas na lei as modalidades de fomento ou coopera\u00e7\u00e3o; <span style=\"color: #3366ff;\">h\u00e1 apenas algumas refer\u00eancias a bens ou recursos de origem p\u00fablica<\/span>\u201d<em>.<\/em> De qualquer forma, a possibilidade de cess\u00e3o de bens n\u00e3o \u00e9, por si s\u00f3, um atributo caracterizador de determinada entidade como Oscip, j\u00e1 que \u00e0s OS tamb\u00e9m se aplica tal possibilidade.<\/strong><\/p>\n<p style=\"text-align: justify;\"><strong>e) ERRADA. A qualifica\u00e7\u00e3o como Oscip \u00e9 <span style=\"color: #3366ff;\">ato vinculado<\/span>.<\/strong><\/p>\n<p><strong>\u00a0<span style=\"color: #ff0000;\">Gabarito: alternativa \u201ca\u201d<\/span><\/strong><\/p>\n<p style=\"text-align: justify;\"><strong>14. (Cespe \u2013 Auditor TCE PR 2016) <\/strong>Considerando que, de acordo com a legisla\u00e7\u00e3o vigente, a administra\u00e7\u00e3o p\u00fablica pode transferir a entidades do setor privado o encargo pela presta\u00e7\u00e3o de servi\u00e7os p\u00fablicos, assinale a op\u00e7\u00e3o correta.<\/p>\n<p style=\"text-align: justify;\">A) Cada ente da Federa\u00e7\u00e3o \u00e9 livre para definir a forma como os servi\u00e7os p\u00fablicos ser\u00e3o transferidos aos particulares.<\/p>\n<p style=\"text-align: justify;\">B) A permiss\u00e3o \u00e9 a delega\u00e7\u00e3o por prazo determinado de presta\u00e7\u00e3o de servi\u00e7o p\u00fablico a determinada pessoa jur\u00eddica.<\/p>\n<p style=\"text-align: justify;\">C) No caso de obra p\u00fablica, o investimento da concession\u00e1ria pode ser remunerado pela explora\u00e7\u00e3o do servi\u00e7o ou da obra por prazo determinado.<\/p>\n<p style=\"text-align: justify;\">D) O poder de pol\u00edcia \u00e9 uma das atividades que podem ser transferidas pelo Estado a entidades privadas.<\/p>\n<p style=\"text-align: justify;\">E) Pode ser dispensada licita\u00e7\u00e3o para a presta\u00e7\u00e3o de servi\u00e7os p\u00fablicos por particulares.<\/p>\n<p><strong><span style=\"text-decoration: underline;\">Coment\u00e1rio:<\/span><\/strong><\/p>\n<p style=\"text-align: justify;\"><strong>a) ERRADA. A forma como os servi\u00e7os p\u00fablicos ser\u00e3o transferidos aos particulares est\u00e1 definida no art. 175 da Constitui\u00e7\u00e3o, e ser\u00e1 <span style=\"color: #3366ff;\">sempre atrav\u00e9s de licita\u00e7\u00e3o<\/span>.<\/strong><\/p>\n<p style=\"text-align: justify;\"><span style=\"color: #ff0000;\"><strong>b)<\/strong><\/span><strong><span style=\"color: #ff0000;\"> ERRADA (cabe recurso).<\/span> A banca deu o item como errado, muito provavelmente por conta do car\u00e1ter prec\u00e1rio dos contratos de permiss\u00e3o (o que de certa forma invalidaria a celebra\u00e7\u00e3o \u201cpor prazo determinado\u201d) e tamb\u00e9m porque a permiss\u00e3o pode ser celebrada com pessoas f\u00edsicas e jur\u00eddicas (o item s\u00f3 fala em pessoa jur\u00eddica). Ocorre que, a despeito da precariedade dos contratos de permiss\u00e3o, \u00e9 certo que eles devem ser celebrados por <span style=\"color: #3366ff;\">prazo determinado<\/span>. Com efeito, a pr\u00f3pria Lei 8.987\/95 estabelece que a permiss\u00e3o ser\u00e1 firmada mediante \u201ccontrato de ades\u00e3o\u201d (art. 40), o qual a doutrina ensina ser um <span style=\"color: #3366ff;\">contrato administrativo<\/span> (ver Carvalho Filho, Manual de Direito Administrativo, 27\u00aa edi\u00e7\u00e3o, 2014, p. 425). Ora, como se sabe, os contratos administrativos n\u00e3o podem ser firmados por prazo indeterminado. Tanto \u00e9 verdade que o art. 23, inciso I da Lei 8.987\/95, aplic\u00e1vel \u00e0s permiss\u00f5es por for\u00e7a do art. 40, par\u00e1grafo \u00fanico da mesma lei, disp\u00f5e que o <span style=\"color: #3366ff;\">prazo<\/span> da concess\u00e3o \u00e9 <span style=\"color: #3366ff;\">cl\u00e1usula essencial<\/span> do contrato. Quanto \u00e0 possibilidade de celebra\u00e7\u00e3o com pessoas <span style=\"color: #3366ff;\">f\u00edsicas<\/span> e <span style=\"color: #3366ff;\">jur\u00eddicas,<\/span> o quesito n\u00e3o faz restri\u00e7\u00e3o a estas \u00faltimas, apesar de n\u00e3o citar as pessoas f\u00edsicas. Haveria restri\u00e7\u00e3o se o item afirmasse algo como \u201csomente a determinada pessoa jur\u00eddica\u201d. Pelo exposto, o item pode ser considerado correto, de modo que \u00e9 poss\u00edvel pedir a anula\u00e7\u00e3o da quest\u00e3o, por possuir duas alternativas certas.<\/strong><\/p>\n<p style=\"text-align: justify;\"><strong>c) CERTA, nos termos do art. 2\u00ba, III da Lei 8.987\/95:<\/strong><\/p>\n<p style=\"text-align: justify; padding-left: 30px;\"><em>III &#8211; concess\u00e3o de servi\u00e7o p\u00fablico precedida da execu\u00e7\u00e3o de obra p\u00fablica: a constru\u00e7\u00e3o, total ou parcial, conserva\u00e7\u00e3o, reforma, amplia\u00e7\u00e3o ou melhoramento de quaisquer obras de interesse p\u00fablico, delegada pelo poder concedente, mediante licita\u00e7\u00e3o, na modalidade de concorr\u00eancia, \u00e0 pessoa jur\u00eddica ou cons\u00f3rcio de empresas que demonstre capacidade para a sua realiza\u00e7\u00e3o, por sua conta e risco, de forma que o <span style=\"color: #3366ff;\">investimento da concession\u00e1ria seja remunerado e amortizado mediante a explora\u00e7\u00e3o do servi\u00e7o ou da obra por prazo determinado<\/span>;<\/em><\/p>\n<p style=\"text-align: justify;\"><strong>d) ERRADA. Segundo entendimento da doutrina e da jurisprud\u00eancia, a delega\u00e7\u00e3o do poder de pol\u00edcia a <span style=\"color: #3366ff;\">particulares<\/span> n\u00e3o \u00e9 poss\u00edvel, vez que se trata de atividade t\u00edpica de Estado, decorrente do poder de imp\u00e9rio.<\/strong><\/p>\n<p style=\"text-align: justify;\"><strong>e) ERRADA. Conforme o art. 175 da CF, a delega\u00e7\u00e3o de servi\u00e7os p\u00fablicos a particulares deve ser feita <span style=\"color: #3366ff;\">sempre atrav\u00e9s de licita\u00e7\u00e3o<\/span>. N\u00e3o h\u00e1 hip\u00f3tese de dispensa, nesse caso. <\/strong><\/p>\n<p><span style=\"color: #ff0000;\"><strong>Gabarito: alternativa \u201cc\u201d (cabe recurso)<\/strong><\/span><\/p>\n<p style=\"text-align: justify;\"><strong>51. (Cespe \u2013 Auditor TCE PR 2016) <\/strong>\u00c0 luz da Lei n.\u00ba 9.784\/1999, assinale a op\u00e7\u00e3o correta.<\/p>\n<p style=\"text-align: justify;\">A) Os prazos fixados em meses ou anos contam-se de data a data. Se, no m\u00eas do vencimento, n\u00e3o houver o dia equivalente \u00e0quele do in\u00edcio do prazo, e referido m\u00eas terminar em dia \u00fatil, ter-se-\u00e1 como termo final do prazo o primeiro dia \u00fatil do m\u00eas seguinte.<\/p>\n<p style=\"text-align: justify;\">B) A revis\u00e3o do processo administrativo que resultar em aplica\u00e7\u00e3o de san\u00e7\u00e3o depender\u00e1 da manifesta\u00e7\u00e3o do apenado.<\/p>\n<p style=\"text-align: justify;\">C) Os prazos come\u00e7am a correr a partir da data da cientifica\u00e7\u00e3o oficial do interessado, incluindo-se na contagem o dia da notifica\u00e7\u00e3o.<\/p>\n<p style=\"text-align: justify;\">D) Para efeito de prioridade na tramita\u00e7\u00e3o dos procedimentos administrativos, s\u00e3o consideradas idosas as pessoas com mais de sessenta e cinco anos de idade.<\/p>\n<p style=\"text-align: justify;\">E) O recurso administrativo deve ser dirigido \u00e0 autoridade que proferir a decis\u00e3o recorrida; se n\u00e3o reconsiderar a decis\u00e3o, tal autoridade ter\u00e1 de encaminhar o recurso \u00e0 autoridade que lhe for superior.<\/p>\n<p><strong><span style=\"text-decoration: underline;\">Coment\u00e1rio:<\/span><\/strong><\/p>\n<p style=\"text-align: justify;\"><strong>a) ERRADA. A regra correta \u00e9 a seguinte, prevista no art. 66, \u00a73\u00ba da Lei 9.784\/99:<\/strong><\/p>\n<p style=\"text-align: justify; padding-left: 30px;\"><em> 3<span style=\"text-decoration: underline;\"><sup>o<\/sup><\/span>Os prazos fixados em meses ou anos contam-se de data a data. Se no m\u00eas do vencimento n\u00e3o houver o dia equivalente \u00e0quele do in\u00edcio do prazo, tem-se como termo o \u00faltimo dia do m\u00eas.<\/em><\/p>\n<p style=\"text-align: justify;\"><strong>b) ERRADA. Os processos administrativos de que resultem san\u00e7\u00f5es podem ser objeto de <span style=\"color: #3366ff;\">revis\u00e3o,<\/span> a qualquer tempo, <span style=\"color: #3366ff;\">a pedido<\/span> ou <span style=\"color: #3366ff;\">de of\u00edcio<\/span>, quando surgirem fatos novos ou circunst\u00e2ncias relevantes suscet\u00edveis de justificar a inadequa\u00e7\u00e3o da san\u00e7\u00e3o aplicada (Lei 9.784\/99, art. 65).<\/strong><\/p>\n<p style=\"text-align: justify;\"><strong>c) ERRADA. Os prazos come\u00e7am a correr a partir da data da cientifica\u00e7\u00e3o oficial, <span style=\"color: #3366ff;\">excluindo-se<\/span> da contagem o dia do come\u00e7o e incluindo-se o do vencimento (Lei 9.784\/99, caput).<\/strong><\/p>\n<p style=\"text-align: justify;\"><strong>d) ERRADA. Ter\u00e3o prioridade na tramita\u00e7\u00e3o dos processos administrativos as pessoas com idade igual ou superior a 60 anos de idade (Lei 9.784\/99, art. 69-A, I).<\/strong><\/p>\n<p style=\"text-align: justify;\"><strong>e) CERTA, nos termos do art. 56, \u00a71\u00ba da Lei 9.784\/99:<\/strong><\/p>\n<p style=\"text-align: justify; padding-left: 30px;\"><em> 1<span style=\"text-decoration: underline;\"><sup>o<\/sup><\/span>O recurso ser\u00e1 dirigido \u00e0 autoridade que proferiu a decis\u00e3o, a qual, se n\u00e3o a reconsiderar no prazo de cinco dias, o encaminhar\u00e1 \u00e0 autoridade superior.<\/em><\/p>\n<p><span style=\"color: #ff0000;\"><strong>Gabarito: alternativa \u201ce\u201d<\/strong><\/span><\/p>\n<p style=\"text-align: justify;\"><strong>52. (Cespe \u2013 Auditor TCE PR 2016) <\/strong>Na organiza\u00e7\u00e3o administrativa do poder p\u00fablico, as autarquias p\u00fablicas s\u00e3o<\/p>\n<p style=\"text-align: justify;\">A) entidades da administra\u00e7\u00e3o indireta com personalidade jur\u00eddica, patrim\u00f4nio e receita pr\u00f3prios.<\/p>\n<p style=\"text-align: justify;\">B) sociedades de economia mista criadas por lei para a explora\u00e7\u00e3o de atividade econ\u00f4mica.<\/p>\n<p style=\"text-align: justify;\">C) organiza\u00e7\u00f5es da sociedade civil constitu\u00eddas com fins filantr\u00f3picos e sociais.<\/p>\n<p style=\"text-align: justify;\">D) \u00f3rg\u00e3os da administra\u00e7\u00e3o direta e est\u00e3o vinculadas a algum minist\u00e9rio.<\/p>\n<p style=\"text-align: justify;\">E) organiza\u00e7\u00f5es sociais sem fins lucrativos com atividades dirigidas ao ensino e \u00e0 pesquisa cient\u00edfica<\/p>\n<p style=\"text-align: justify;\"><strong><span style=\"text-decoration: underline;\">Coment\u00e1rio:<\/span><\/strong> <strong>Para responder o quesito, vamos nos valer da defini\u00e7\u00e3o de autarquia presente no art. 5\u00ba, I do Decreto-Lei 200\/1967:<\/strong><\/p>\n<p style=\"text-align: justify; padding-left: 30px;\"><span style=\"color: #3366ff;\"><em>Autarquia<\/em><\/span><em> &#8211; o servi\u00e7o aut\u00f4nomo, criado por lei, com <span style=\"color: #3366ff;\">personalidade jur\u00eddica,<\/span> <span style=\"color: #3366ff;\">patrim\u00f4nio e receita pr\u00f3prios<\/span>, para executar atividades t\u00edpicas da Administra\u00e7\u00e3o P\u00fablica, que requeiram, para seu melhor funcionamento, gest\u00e3o administrativa e financeira descentralizada.<\/em><\/p>\n<p><span style=\"color: #ff0000;\"><strong>Gabarito: alternativa \u201ca\u201d<\/strong><\/span><\/p>\n<p style=\"text-align: justify;\"><strong>53. (Cespe \u2013 Auditor TCE PR 2016) <\/strong>O artigo 71 da Lei de Licita\u00e7\u00f5es assim disp\u00f5e: Art. 71. O contratado \u00e9 respons\u00e1vel pelos encargos trabalhistas, previdenci\u00e1rios, fiscais e comerciais resultantes da execu\u00e7\u00e3o do contrato.<\/p>\n<p style=\"text-align: justify;\">1.\u00ba A inadimpl\u00eancia do contratado com refer\u00eancia aos encargos trabalhistas, fiscais e comerciais n\u00e3o transfere \u00e0 administra\u00e7\u00e3o p\u00fablica a responsabilidade por seu pagamento, nem poder\u00e1 onerar o objeto do contrato ou restringir a regulariza\u00e7\u00e3o e o uso das obras e edifica\u00e7\u00f5es, inclusive perante o registro de im\u00f3veis. (reda\u00e7\u00e3o dada pela Lei n.\u00ba 9.032\/1995)<\/p>\n<p style=\"text-align: justify;\">No julgamento da ADC n.\u00ba 16, o STF enfrentou a quest\u00e3o da constitucionalidade do \u00a7 1.\u00ba do art. 71 acima transcrito e, ap\u00f3s analisar se a administra\u00e7\u00e3o p\u00fablica poderia ser responsabilizada pelos encargos trabalhistas devidos por empresas que prestem servi\u00e7o ao poder p\u00fablico, assentou o entendimento de que o dispositivo objeto do referido par\u00e1grafo \u00e9<\/p>\n<p style=\"text-align: justify;\">A) parcialmente inconstitucional, devendo ser interpretado \u00e0 luz dos princ\u00edpios da razoabilidade e da proporcionalidade.<\/p>\n<p style=\"text-align: justify;\">B) constitucional, por\u00e9m a norma somente se aplica aos casos em que a empresa contratada for controlada por uma pessoa jur\u00eddica de direito p\u00fablico.<\/p>\n<p style=\"text-align: justify;\">C) constitucional, pois n\u00e3o pode ser automaticamente transferida para a administra\u00e7\u00e3o p\u00fablica a responsabilidade pela inadimpl\u00eancia negocial da empresa contratada.<\/p>\n<p style=\"text-align: justify;\">D) inconstitucional, por ferir o princ\u00edpio da supremacia do interesse p\u00fablico.<\/p>\n<p style=\"text-align: justify;\">E) inconstitucional, pois a administra\u00e7\u00e3o deve responder pelo risco administrativo.<\/p>\n<p style=\"text-align: justify;\"><strong><span style=\"text-decoration: underline;\">Coment\u00e1rio:<\/span><\/strong> <strong>Na ADC 16\/DF, o Supremo Tribunal Federal declarou que o art. 71, \u00a71\u00ba da Lei 8.666\/1993 \u00e9 <span style=\"color: #3366ff;\">compat\u00edvel<\/span> com a Constitui\u00e7\u00e3o Federal, ou seja, entendeu que a responsabilidade dos encargos <span style=\"color: #3366ff;\">trabalhistas, fiscais<\/span> e <span style=\"color: #3366ff;\">comerciais<\/span> \u00e9 <span style=\"color: #3366ff;\">exclusiva do contratado<\/span>, n\u00e3o podendo ser transferida \u00e0 Administra\u00e7\u00e3o. Da\u00ed a corre\u00e7\u00e3o do item \u201cc\u201d.<\/strong><\/p>\n<p style=\"text-align: justify;\"><strong>Ressalte-se, contudo, que em rela\u00e7\u00e3o aos encargos <span style=\"color: #3366ff;\">trabalhistas,<\/span> o Supremo entende que, <span style=\"color: #3366ff;\">excepcionalmente<\/span> (e n\u00e3o automaticamente), no exame de casos concretos, \u00e9 poss\u00edvel a responsabiliza\u00e7\u00e3o subsidi\u00e1ria (e n\u00e3o solid\u00e1ria) da Administra\u00e7\u00e3o, quando se comprovar sua <span style=\"color: #3366ff;\">omiss\u00e3o culposa<\/span> no exerc\u00edcio do seu dever de fiscaliza\u00e7\u00e3o ou de escolha adequada da empresa a contratar, a chamada <em>culpa in vigilando<\/em> ou <em>culpa in elegendo<\/em>.<\/strong><\/p>\n<p><span style=\"color: #ff0000;\"><strong>Gabarito: alternativa \u201cc\u201d<\/strong><\/span><\/p>\n<p style=\"text-align: justify;\"><strong>54. (Cespe \u2013 Auditor TCE PR 2016) <\/strong>A Secretaria da Educa\u00e7\u00e3o do Estado do Paran\u00e1 planeja contratar uma obra de grande porte para a constru\u00e7\u00e3o de tr\u00eas novos col\u00e9gios estaduais. Tal obra n\u00e3o integra o Programa de Acelera\u00e7\u00e3o do Crescimento, e o diretor de Engenharia, Projetos e Or\u00e7amentos da referida secretaria pretende que ela seja executada indiretamente, raz\u00e3o por que indagou ao \u00f3rg\u00e3o de controle se \u00e9 poss\u00edvel execut\u00e1-la no regime de empreitada.<\/p>\n<p>Nessa situa\u00e7\u00e3o hipot\u00e9tica, de acordo com a Lei Estadual n.\u00ba 15.608\/2007, a obra<\/p>\n<p style=\"text-align: justify;\">A) pode ser feita sob os regimes de empreitada integral ou de empreitada por administra\u00e7\u00e3o contratada.<\/p>\n<p style=\"text-align: justify;\">B) pode ser executada apenas no regime de execu\u00e7\u00e3o por tarefa, sendo vedada a contrata\u00e7\u00e3o sem fornecimento de materiais.<\/p>\n<p style=\"text-align: justify;\">C) n\u00e3o pode ser feita sob o regime de empreitada, pois a lei estadual em quest\u00e3o n\u00e3o \u00e9 aplic\u00e1vel aos \u00f3rg\u00e3os estaduais integrantes da administra\u00e7\u00e3o direta.<\/p>\n<p style=\"text-align: justify;\">D) n\u00e3o pode ser executada pelo regime de empreitada, pois a lei estadual em apre\u00e7o veda a contrata\u00e7\u00e3o pelo regime de execu\u00e7\u00e3o indireta em caso de obras relacionadas aos setores de educa\u00e7\u00e3o e sa\u00fade.<\/p>\n<p style=\"text-align: justify;\">E) pode ser executada nos regimes de empreitada por pre\u00e7o global, empreitada por pre\u00e7o unit\u00e1rio ou empreitada integral.<\/p>\n<p style=\"text-align: justify;\"><strong><span style=\"text-decoration: underline;\">Coment\u00e1rio:<\/span><\/strong> <strong>Conforme o art. 17 da Lei 15.608\/2007 (que se aplica \u00e0 administra\u00e7\u00e3o direta e indireta), a<\/strong><strong>s obras e servi\u00e7os, inclusive nos setores de educa\u00e7\u00e3o e sa\u00fade, poder\u00e3o ser executados nas seguintes formas:<\/strong><\/p>\n<p><strong>I \u2013<\/strong><strong>\u00a0execu\u00e7\u00e3o direta;<\/strong><\/p>\n<p><strong>II \u2013<\/strong><strong>\u00a0execu\u00e7\u00e3o <span style=\"color: #3366ff;\">indireta,<\/span> nos seguintes regimes:<\/strong><\/p>\n<p><strong>a)\u00a0<\/strong><strong><span style=\"color: #3366ff;\">empreitada por pre\u00e7o global<\/span>;<\/strong><\/p>\n<p><strong>b)\u00a0<\/strong><strong><span style=\"color: #3366ff;\">empreitada por pre\u00e7o unit\u00e1rio<\/span>;<\/strong><\/p>\n<p><strong>c)\u00a0<\/strong><span style=\"color: #3366ff;\"><strong>tarefa;<\/strong><\/span><\/p>\n<p><strong>d)\u00a0<\/strong><span style=\"color: #3366ff;\"><strong>empreitada integral.<\/strong><\/span><\/p>\n<p><span style=\"color: #ff0000;\"><strong>Gabarito: alternativa \u201ce\u201d<\/strong><\/span><\/p>\n<p style=\"text-align: justify;\"><strong>55. (Cespe \u2013 Auditor TCE PR 2016) <\/strong>De acordo com o Estatuto Nacional da Microempresa e da Empresa de Pequeno Porte, assinale a op\u00e7\u00e3o correta relativamente \u00e0 participa\u00e7\u00e3o dessas empresas em licita\u00e7\u00f5es e contrata\u00e7\u00f5es com o poder p\u00fablico.<\/p>\n<p style=\"text-align: justify;\">A) <strong>Situa\u00e7\u00e3o hipot\u00e9tica:<\/strong> em uma licita\u00e7\u00e3o na modalidade preg\u00e3o, o melhor lance, no valor de X, foi dado pela empresa de grande porte Alfa, e o segundo melhor lance, no valor de X + 10%, foi dado pela microempresa Beta. <strong>Assertiva<\/strong>: Nessa situa\u00e7\u00e3o, para o fim de escolha da empresa vencedora, o estatuto em apre\u00e7o considera ter havido empate e estabelece que haja sorteio para a defini\u00e7\u00e3o da empresa \u00e0 qual dever\u00e1 ser adjudicado o objeto da licita\u00e7\u00e3o.<\/p>\n<p style=\"text-align: justify;\">B) Caso haja empate entre uma microempresa e uma empresa de pequeno porte, a microempresa ter\u00e1 prioridade na contrata\u00e7\u00e3o.<\/p>\n<p style=\"text-align: justify;\">C) A comprova\u00e7\u00e3o de regularidade fiscal da empresa somente ser\u00e1 exigida no momento da apresenta\u00e7\u00e3o dos lances.<\/p>\n<p style=\"text-align: justify;\">D) Nos processos licitat\u00f3rios destinados \u00e0 aquisi\u00e7\u00e3o de obras e servi\u00e7os, a administra\u00e7\u00e3o n\u00e3o poder\u00e1 exigir dos licitantes a subcontrata\u00e7\u00e3o de microempresa ou empresa de pequeno porte.<\/p>\n<p style=\"text-align: justify;\">E) \u00c9 poss\u00edvel a realiza\u00e7\u00e3o de licita\u00e7\u00e3o destinada exclusivamente \u00e0 participa\u00e7\u00e3o de microempresas e empresas de pequeno porte, quando o objeto da contrata\u00e7\u00e3o for de at\u00e9 oitenta mil reais.<\/p>\n<p><strong><span style=\"text-decoration: underline;\">Coment\u00e1rio:<\/span><\/strong><\/p>\n<p style=\"text-align: justify;\"><strong>a) ERRADA. Na modalidade <span style=\"color: #3366ff;\">preg\u00e3o,<\/span> o percentual de sobrepre\u00e7o considerado para fins de empate \u00e9 de <span style=\"color: #3366ff;\">5%<\/span>, e n\u00e3o de 10%, como nas demais modalidades de licita\u00e7\u00e3o (LC 123\/2006, art. 44, \u00a72\u00ba).<\/strong><\/p>\n<p style=\"text-align: justify;\"><strong>b) ERRADA. Em caso de empate, sendo id\u00eanticos os valores das propostas originais das ME e EPP, far-se-\u00e1 um <span style=\"color: #3366ff;\">sorteio<\/span> para identificar aquela que primeiro poder\u00e1 apresentar a melhor oferta, ou seja, n\u00e3o h\u00e1 prioridade para a ME em detrimento da EPP (LC 123\/2006, art. 45, III).<\/strong><\/p>\n<p style=\"text-align: justify;\"><strong>c) ERRADA. A comprova\u00e7\u00e3o de regularidade fiscal da empresa somente ser\u00e1 exigida no momento da <span style=\"color: #3366ff;\">contrata\u00e7\u00e3o,<\/span> e n\u00e3o da apresenta\u00e7\u00e3o dos lances (LC 123\/2006, art. 42).<\/strong><\/p>\n<p style=\"text-align: justify;\"><strong>d) ERRADA. Nos processos licitat\u00f3rios destinados \u00e0 aquisi\u00e7\u00e3o de obras e servi\u00e7os, a administra\u00e7\u00e3o <span style=\"color: #3366ff;\">poder\u00e1 sim<\/span> exigir dos licitantes a subcontrata\u00e7\u00e3o de microempresa ou empresa de pequeno porte (LC 123\/2006, art. 48, II).<\/strong><\/p>\n<p style=\"text-align: justify;\"><strong>e) CERTA, conforme previsto no art. 48, I da LC 123\/2006:<\/strong><\/p>\n<p style=\"text-align: justify; padding-left: 30px;\"><em>Art. 48. \u00a0Para o cumprimento do disposto no art. 47 desta Lei Complementar, a administra\u00e7\u00e3o p\u00fablica:<\/em><\/p>\n<p style=\"text-align: justify; padding-left: 30px;\"><em>I\u00a0&#8211;\u00a0dever\u00e1 realizar processo licitat\u00f3rio destinado <span style=\"color: #3366ff;\">exclusivamente \u00e0 participa\u00e7\u00e3o de microempresas e empresas de pequeno porte<\/span> nos itens de contrata\u00e7\u00e3o cujo valor seja de <span style=\"color: #3366ff;\">at\u00e9 R$ 80.000,00 (oitenta mil reais)<\/span>;<\/em><\/p>\n<p><span style=\"color: #ff0000;\"><strong>Gabarito: alternativa \u201ce\u201d<\/strong><\/span><\/p>\n<p style=\"text-align: justify;\"><strong>56. (Cespe \u2013 Auditor TCE PR 2016) <\/strong>Um funcion\u00e1rio da prefeitura de determinado munic\u00edpio, encarregado de supervisionar as obras de reforma de um posto de sa\u00fade municipal, determinou que os empregados que trabalhavam na obra constru\u00edssem uma piscina em um s\u00edtio de sua propriedade. Na constru\u00e7\u00e3o dessa piscina, foram utilizadas m\u00e1quinas, ve\u00edculos e equipamentos da prefeitura, os quais, todavia, foram devolvidos sem qualquer tipo de dano. O caso foi objeto de apura\u00e7\u00e3o pelo TCE. Encerrada a tomada de contas, o tribunal concluiu pela inexist\u00eancia de provas de dano aos cofres p\u00fablicos, mas apontou haver provas de que o fato teria gerado um acr\u00e9scimo patrimonial indevido em proveito do servidor. Segundo a Lei de Improbidade Administrativa, no caso hipot\u00e9tico narrado, considerando haver provas suficientes para a caracteriza\u00e7\u00e3o da pr\u00e1tica de ato de improbidade, a conduta do servidor seria pass\u00edvel de aplica\u00e7\u00e3o da(s) penalidade(s) de<\/p>\n<p style=\"text-align: justify;\">A) multa civil no valor de at\u00e9 dez sal\u00e1rios m\u00ednimos.<\/p>\n<p style=\"text-align: justify;\">B) perda dos bens ou valores acrescidos ilicitamente ao patrim\u00f4nio; suspens\u00e3o do exerc\u00edcio da fun\u00e7\u00e3o p\u00fablica por at\u00e9 seis meses; e pagamento de multa civil de at\u00e9 cem vezes a remunera\u00e7\u00e3o do servidor.<\/p>\n<p style=\"text-align: justify;\">C) perda dos bens ou valores acrescidos ilicitamente ao patrim\u00f4nio; suspens\u00e3o do exerc\u00edcio da fun\u00e7\u00e3o p\u00fablica pelo prazo de at\u00e9 oito anos; pagamento de multa civil de at\u00e9 duas vezes o valor do acr\u00e9scimo patrimonial; e proibi\u00e7\u00e3o de contratar com o poder p\u00fablico ou receber benef\u00edcios ou incentivos fiscais ou credit\u00edcios pelo prazo de cinco anos.<\/p>\n<p style=\"text-align: justify;\">D) perda dos bens ou valores acrescidos ilicitamente ao patrim\u00f4nio; perda da fun\u00e7\u00e3o p\u00fablica; suspens\u00e3o dos direitos pol\u00edticos de oito a dez anos; pagamento de multa civil de at\u00e9 tr\u00eas vezes o valor do acr\u00e9scimo patrimonial; e proibi\u00e7\u00e3o de contratar com o poder p\u00fablico ou receber benef\u00edcios ou incentivos fiscais ou credit\u00edcios pelo prazo de dez anos.<\/p>\n<p style=\"text-align: justify;\">E) advert\u00eancia apenas, uma vez que n\u00e3o houve dano.<\/p>\n<p style=\"text-align: justify;\"><strong><span style=\"text-decoration: underline;\">Coment\u00e1rio:<\/span><\/strong> <strong>A conduta do servidor pode ser caracterizada como ato de improbidade administrativa que importa enriquecimento il\u00edcito, sujeito \u00e0s seguintes san\u00e7\u00f5es (Lei 8.429\/1992, art. 12, I):<\/strong><\/p>\n<ul style=\"text-align: justify;\">\n<li><strong>Perda dos bens ou valores acrescidos ilicitamente ao patrim\u00f4nio;<\/strong><\/li>\n<li><strong>Ressarcimento integral do dano, <span style=\"color: #3366ff;\">quando houver<\/span>;<\/strong><\/li>\n<li><strong>Perda da fun\u00e7\u00e3o p\u00fablica;<\/strong><\/li>\n<li><strong>Suspens\u00e3o dos direitos pol\u00edticos de <span style=\"color: #3366ff;\">oito a dez anos<\/span>;<\/strong><\/li>\n<li><strong>Pagamento de multa civil de at\u00e9 <span style=\"color: #3366ff;\">tr\u00eas vezes<\/span> o valor do <span style=\"color: #3366ff;\">acr\u00e9scimo patrimonial<\/span>;<\/strong><\/li>\n<li><strong>Proibi\u00e7\u00e3o de contratar com o Poder P\u00fablico ou receber benef\u00edcios ou incentivos fiscais ou credit\u00edcios, direta ou indiretamente, ainda que por interm\u00e9dio de pessoa jur\u00eddica da qual seja s\u00f3cio majorit\u00e1rio, pelo prazo de <span style=\"color: #3366ff;\">dez anos.<\/span><\/strong><\/li>\n<\/ul>\n<p style=\"text-align: justify;\"><span style=\"color: #ff0000;\"><strong>Gabarito: alternativa \u201cd\u201d<\/strong><\/span><\/p>\n<p style=\"text-align: justify;\"><strong>57. (Cespe \u2013 Auditor TCE PR 2016) <\/strong>Acerca dos institutos da concess\u00e3o, permiss\u00e3o e autoriza\u00e7\u00e3o para a presta\u00e7\u00e3o de servi\u00e7os p\u00fablicos, assinale a op\u00e7\u00e3o correta.<\/p>\n<p style=\"text-align: justify;\">A) A permiss\u00e3o de servi\u00e7o p\u00fablico pode ser revogada por ato unilateral do poder concedente.<\/p>\n<p style=\"text-align: justify;\">B) A permiss\u00e3o para a presta\u00e7\u00e3o de servi\u00e7o p\u00fablico n\u00e3o depende da realiza\u00e7\u00e3o de licita\u00e7\u00e3o.<\/p>\n<p style=\"text-align: justify;\">C) A explora\u00e7\u00e3o de servi\u00e7o p\u00fablico mediante autoriza\u00e7\u00e3o somente poder\u00e1 ser admitida se for precedida da constru\u00e7\u00e3o, total ou parcial, de obras de interesse p\u00fablico.<\/p>\n<p style=\"text-align: justify;\">D) A concess\u00e3o de servi\u00e7o p\u00fablico \u00e9 uma esp\u00e9cie de delega\u00e7\u00e3o, a t\u00edtulo prec\u00e1rio, da presta\u00e7\u00e3o de servi\u00e7os p\u00fablicos.<\/p>\n<p style=\"text-align: justify;\">E) A concess\u00e3o de servi\u00e7o p\u00fablico deve dar-se mediante licita\u00e7\u00e3o, a qual pode ser feita nas modalidades de concorr\u00eancia, leil\u00e3o ou concurso.<\/p>\n<p><strong><span style=\"text-decoration: underline;\">Coment\u00e1rio:<\/span><\/strong><\/p>\n<p style=\"text-align: justify;\"><strong>a) CERTA, nos termos do art. 40 da Lei 8.987\/95:<\/strong><\/p>\n<p style=\"padding-left: 30px;\"><em>Art. 40. A <span style=\"color: #3366ff;\">permiss\u00e3o<\/span> de servi\u00e7o p\u00fablico ser\u00e1 formalizada mediante contrato de ades\u00e3o, que observar\u00e1 os termos desta Lei, das demais normas pertinentes e do edital de licita\u00e7\u00e3o, inclusive quanto \u00e0 precariedade e \u00e0 <span style=\"color: #3366ff;\">revogabilidade unilateral do contrato pelo poder concedente<\/span>.<\/em><\/p>\n<p style=\"text-align: justify;\"><strong>b) ERRADA. Tanto a permiss\u00e3o como a concess\u00e3o de servi\u00e7os p\u00fablicos ser\u00e3o <span style=\"color: #3366ff;\">sempre feitas atrav\u00e9s de licita\u00e7\u00e3o<\/span> (CF, art. 175).<\/strong><\/p>\n<p style=\"text-align: justify;\"><strong>c) ERRADA. N\u00e3o h\u00e1 esse tipo de exig\u00eancia para as autoriza\u00e7\u00f5es. Ali\u00e1s, regra geral, os servi\u00e7os delegados por meio de autoriza\u00e7\u00e3o n\u00e3o s\u00e3o precedidos de obras p\u00fablicas, a exemplo do servi\u00e7o de t\u00e1xi.<\/strong><\/p>\n<p style=\"text-align: justify;\"><strong>d) ERRADA. A <span style=\"color: #3366ff;\">permiss\u00e3o,<\/span> e n\u00e3o a concess\u00e3o, \u00e9 que \u00e9 uma esp\u00e9cie de delega\u00e7\u00e3o de servi\u00e7os p\u00fablicos a <span style=\"color: #3366ff;\">t\u00edtulo prec\u00e1rio<\/span>.<\/strong><\/p>\n<p style=\"text-align: justify;\"><strong>e) ERRADA. A Lei 8.987\/1995 exige que a licita\u00e7\u00e3o pr\u00e9via \u00e0s concess\u00f5es seja realizada exclusivamente na modalidade <span style=\"color: #3366ff;\">concorr\u00eancia.<\/span> Em alguns casos, \u00e9 facultado o uso do <span style=\"color: #3366ff;\">leil\u00e3o<\/span> previamente a determinadas concess\u00f5es de servi\u00e7os p\u00fablicos. \u00c9 o exemplo do leil\u00e3o para promover a privatiza\u00e7\u00e3o de pessoas jur\u00eddicas sob controle direto ou indireto da Uni\u00e3o, simultaneamente com a outorga de nova concess\u00e3o (art. 27 da Lei 9.074\/1995) e as concess\u00f5es de gera\u00e7\u00e3o, transmiss\u00e3o e distribui\u00e7\u00e3o de energia el\u00e9trica (art. 8\u00ba da Lei 12.783\/2013). Mas n\u00e3o h\u00e1 previs\u00e3o para utiliza\u00e7\u00e3o da modalidade <span style=\"color: #3366ff;\">concurso.<\/span><\/strong><\/p>\n<p><span style=\"color: #ff0000;\"><strong>\u00a0Gabarito: alternativa \u201ca\u201d<\/strong><\/span><\/p>\n<p style=\"text-align: justify;\"><strong>59. (Cespe \u2013 Auditor TCE PR 2016) <\/strong>A respeito do sistema de registro de pre\u00e7os, previsto no art. 15 da Lei n.\u00ba 8.666\/1993 e regulamentado pelo Decreto n.\u00ba 7.892\/2013, assinale a op\u00e7\u00e3o correta.<\/p>\n<p style=\"text-align: justify;\">A) Quando o edital previr o fornecimento de bens ou a presta\u00e7\u00e3o de servi\u00e7os em locais diferentes, ser\u00e1 obrigat\u00f3ria a exig\u00eancia de apresenta\u00e7\u00e3o de proposta diferenciada por munic\u00edpio.<\/p>\n<p style=\"text-align: justify;\">B) Cabe ao \u00f3rg\u00e3o gerenciador aplicar as penalidades decorrentes de infra\u00e7\u00f5es no procedimento licitat\u00f3rio, garantido o direito \u00e0 ampla defesa e ao contradit\u00f3rio.<\/p>\n<p style=\"text-align: justify;\">C) O edital deve indicar a estimativa de quantidades a serem adquiridas e a dota\u00e7\u00e3o or\u00e7ament\u00e1ria dos \u00f3rg\u00e3os participantes.<\/p>\n<p style=\"text-align: justify;\">D) Cabe exclusivamente ao \u00f3rg\u00e3o participante conduzir eventuais renegocia\u00e7\u00f5es dos pre\u00e7os registrados.<\/p>\n<p style=\"text-align: justify;\">E) Sistema de registro de pre\u00e7os \u00e9 o conjunto de procedimentos para o registro formal de pre\u00e7os relativos \u00e0 presta\u00e7\u00e3o de servi\u00e7os e aquisi\u00e7\u00e3o de bens de contrata\u00e7\u00f5es j\u00e1 realizadas.<\/p>\n<p><strong><span style=\"text-decoration: underline;\">Coment\u00e1rio:<\/span><\/strong><\/p>\n<p style=\"text-align: justify;\"><strong>a) ERRADA. Quando o edital previr o fornecimento de bens ou presta\u00e7\u00e3o de servi\u00e7os em locais diferentes, \u00e9 <span style=\"color: #3366ff;\">facultada<\/span> a exig\u00eancia de apresenta\u00e7\u00e3o de proposta diferenciada por regi\u00e3o, de modo que aos pre\u00e7os sejam acrescidos custos vari\u00e1veis por regi\u00e3o (Decreto 7.892\/2013, art. 9\u00ba, \u00a72\u00ba).<\/strong><\/p>\n<p style=\"text-align: justify;\"><strong>b) CERTA, nos termos do art. 5\u00ba, IX do Decreto 7.892\/2013:<\/strong><\/p>\n<p style=\"text-align: justify; padding-left: 30px;\"><em>Art. 5\u00ba\u00a0 Caber\u00e1 ao \u00f3rg\u00e3o gerenciador a pr\u00e1tica de todos os atos de controle e administra\u00e7\u00e3o do Sistema de Registro de Pre\u00e7os, e ainda o seguinte:<\/em><\/p>\n<p style=\"text-align: justify; padding-left: 30px;\"><em>IX &#8211; aplicar, garantida a ampla defesa e o contradit\u00f3rio, as penalidades decorrentes de infra\u00e7\u00f5es no procedimento licitat\u00f3rio; e<\/em><\/p>\n<p style=\"text-align: justify;\"><strong>c) ERRADA. O Decreto 7.892\/2013 prev\u00ea que o edital deve indicar a estimativa de quantidades a serem adquiridas (art. 9\u00ba, incisos I e II), mas n\u00e3o a dota\u00e7\u00e3o or\u00e7ament\u00e1ria dos \u00f3rg\u00e3os participantes. Segundo o art. 7\u00ba, \u00a72\u00ba do decreto, \u201cna licita\u00e7\u00e3o para registro de pre\u00e7os n\u00e3o \u00e9 necess\u00e1rio indicar a dota\u00e7\u00e3o or\u00e7ament\u00e1ria, que somente ser\u00e1 exigida para a <span style=\"color: #3366ff;\">formaliza\u00e7\u00e3o do contrato<\/span> ou <span style=\"color: #3366ff;\">outro instrumento h\u00e1bil<\/span>\u201d.<\/strong><\/p>\n<p style=\"text-align: justify;\"><strong>d) ERRADA. A condu\u00e7\u00e3o de eventuais renegocia\u00e7\u00f5es dos pre\u00e7os registrados cabe ao <span style=\"color: #3366ff;\">\u00f3rg\u00e3o gerenciador<\/span>, e n\u00e3o ao \u00f3rg\u00e3o participante (Decreto 7.892\/2003, art. 5\u00ba, VIII).<\/strong><\/p>\n<p style=\"text-align: justify;\"><strong>e) ERRADA. Conforme o art. 2\u00ba, I do Decreto 7.892\/2013, <span style=\"color: #3366ff;\">sistema de registro de pre\u00e7os<\/span> \u00e9 o \u201cconjunto de procedimentos para registro formal de pre\u00e7os relativos \u00e0 presta\u00e7\u00e3o de servi\u00e7os e aquisi\u00e7\u00e3o de bens, para <span style=\"color: #3366ff;\">contrata\u00e7\u00f5es futuras<\/span>\u201d.<\/strong><\/p>\n<p><span style=\"color: #ff0000;\"><strong>Gabarito: alternativa \u201cb\u201d<\/strong><\/span><\/p>\n<p>\u00c9 isso. Espero que nossos alunos tenham alcan\u00e7ado um \u00f3timo desempenho.<\/p>\n<p>Grande abra\u00e7o!<\/p>\n","protected":false},"excerpt":{"rendered":"<p>Ol\u00e1 pessoal, tudo bem? Seguem meus coment\u00e1rios \u00e0s quest\u00f5es de Direito Administrativo da prova de Auditor TCE PR 2016, aplicada no \u00faltimo final de semana pelo Cespe. Ao todo, identifiquei 10 quest\u00f5es que trataram diretamente da disciplina. A princ\u00edpio, vislumbro possibilidade de recurso apenas na quest\u00e3o 14, mas quem tiver alguma d\u00favida ou sugest\u00e3o pode [&hellip;]<\/p>\n","protected":false},"author":48,"featured_media":0,"comment_status":"open","ping_status":"open","sticky":false,"template":"","format":"standard","meta":{"post_tipo":"article","footnotes":""},"categories":[],"tags":[67,1041],"tax_estado":[],"class_list":["post-31588","post","type-post","status-publish","format-standard","hentry","tag-direito-administrativo","tag-tce-pr"],"acf":[],"yoast_head":"<!-- This site is optimized with the Yoast SEO Premium plugin v27.2 (Yoast SEO v27.2) - https:\/\/yoast.com\/product\/yoast-seo-premium-wordpress\/ -->\n<title>Concurso Auditor TCE PR 2016 \u2013 coment\u00e1rios \u00e0s quest\u00f5es de Direito Administrativo<\/title>\n<meta name=\"description\" content=\"Coment\u00e1rios \u00e0s quest\u00f5es de Direito Administrativo do Concurso Auditor TCE PR, aplicado no dia 10\/1\/2016 pelo Cespe.\" \/>\n<meta name=\"robots\" content=\"index, follow, max-snippet:-1, max-image-preview:large, max-video-preview:-1\" \/>\n<link rel=\"canonical\" href=\"https:\/\/www.estrategiaconcursos.com.br\/blog\/concurso-auditor-tce-pr-2016-comentarios-as-questoes-de-direito-administrativo\/\" \/>\n<meta property=\"og:locale\" content=\"pt_BR\" \/>\n<meta property=\"og:type\" content=\"article\" \/>\n<meta property=\"og:title\" content=\"Concurso Auditor TCE PR 2016 \u2013 coment\u00e1rios \u00e0s quest\u00f5es de Direito Administrativo\" \/>\n<meta property=\"og:description\" content=\"Coment\u00e1rios \u00e0s quest\u00f5es de Direito Administrativo do Concurso Auditor TCE PR, aplicado no dia 10\/1\/2016 pelo Cespe.\" \/>\n<meta property=\"og:url\" content=\"https:\/\/www.estrategiaconcursos.com.br\/blog\/concurso-auditor-tce-pr-2016-comentarios-as-questoes-de-direito-administrativo\/\" \/>\n<meta property=\"og:site_name\" content=\"Estrat\u00e9gia Concursos\" \/>\n<meta property=\"article:published_time\" content=\"2016-01-13T23:21:02+00:00\" \/>\n<meta property=\"article:modified_time\" content=\"2019-09-02T22:12:12+00:00\" \/>\n<meta name=\"author\" content=\"Coordena\u00e7\u00e3o\" \/>\n<meta name=\"twitter:card\" content=\"summary_large_image\" \/>\n<meta name=\"twitter:creator\" content=\"@EstratConcursos\" \/>\n<meta name=\"twitter:site\" content=\"@EstratConcursos\" \/>\n<meta name=\"twitter:label1\" content=\"Escrito por\" \/>\n\t<meta name=\"twitter:data1\" content=\"Coordena\u00e7\u00e3o\" \/>\n\t<meta name=\"twitter:label2\" content=\"Est. tempo de leitura\" \/>\n\t<meta name=\"twitter:data2\" content=\"20 minutos\" \/>\n<script type=\"application\/ld+json\" class=\"yoast-schema-graph\">{\"@context\":\"https:\/\/schema.org\",\"@graph\":[{\"@type\":\"NewsArticle\",\"@id\":\"https:\/\/www.estrategiaconcursos.com.br\/blog\/concurso-auditor-tce-pr-2016-comentarios-as-questoes-de-direito-administrativo\/#article\",\"isPartOf\":{\"@id\":\"https:\/\/www.estrategiaconcursos.com.br\/blog\/concurso-auditor-tce-pr-2016-comentarios-as-questoes-de-direito-administrativo\/\"},\"author\":{\"name\":\"Coordena\u00e7\u00e3o\",\"@id\":\"https:\/\/www.estrategiaconcursos.com.br\/blog\/#\/schema\/person\/cdad40b5818eb228a838461fcd656da7\"},\"headline\":\"Concurso Auditor TCE PR 2016 \u2013 coment\u00e1rios \u00e0s quest\u00f5es de Direito Administrativo\",\"datePublished\":\"2016-01-13T23:21:02+00:00\",\"dateModified\":\"2019-09-02T22:12:12+00:00\",\"mainEntityOfPage\":{\"@id\":\"https:\/\/www.estrategiaconcursos.com.br\/blog\/concurso-auditor-tce-pr-2016-comentarios-as-questoes-de-direito-administrativo\/\"},\"wordCount\":3977,\"commentCount\":2,\"publisher\":{\"@id\":\"https:\/\/www.estrategiaconcursos.com.br\/blog\/#organization\"},\"keywords\":[\"Direito Administrativo\",\"TCE-PR\"],\"inLanguage\":\"pt-BR\",\"potentialAction\":[{\"@type\":\"CommentAction\",\"name\":\"Comment\",\"target\":[\"https:\/\/www.estrategiaconcursos.com.br\/blog\/concurso-auditor-tce-pr-2016-comentarios-as-questoes-de-direito-administrativo\/#respond\"]}],\"copyrightYear\":\"2016\",\"copyrightHolder\":{\"@id\":\"https:\/\/www.estrategiaconcursos.com.br\/blog\/#organization\"}},{\"@type\":\"WebPage\",\"@id\":\"https:\/\/www.estrategiaconcursos.com.br\/blog\/concurso-auditor-tce-pr-2016-comentarios-as-questoes-de-direito-administrativo\/\",\"url\":\"https:\/\/www.estrategiaconcursos.com.br\/blog\/concurso-auditor-tce-pr-2016-comentarios-as-questoes-de-direito-administrativo\/\",\"name\":\"Concurso Auditor TCE PR 2016 \u2013 coment\u00e1rios \u00e0s quest\u00f5es de Direito Administrativo\",\"isPartOf\":{\"@id\":\"https:\/\/www.estrategiaconcursos.com.br\/blog\/#website\"},\"datePublished\":\"2016-01-13T23:21:02+00:00\",\"dateModified\":\"2019-09-02T22:12:12+00:00\",\"description\":\"Coment\u00e1rios \u00e0s quest\u00f5es de Direito Administrativo do Concurso Auditor TCE PR, aplicado no dia 10\/1\/2016 pelo Cespe.\",\"breadcrumb\":{\"@id\":\"https:\/\/www.estrategiaconcursos.com.br\/blog\/concurso-auditor-tce-pr-2016-comentarios-as-questoes-de-direito-administrativo\/#breadcrumb\"},\"inLanguage\":\"pt-BR\",\"potentialAction\":[{\"@type\":\"ReadAction\",\"target\":[\"https:\/\/www.estrategiaconcursos.com.br\/blog\/concurso-auditor-tce-pr-2016-comentarios-as-questoes-de-direito-administrativo\/\"]}]},{\"@type\":\"BreadcrumbList\",\"@id\":\"https:\/\/www.estrategiaconcursos.com.br\/blog\/concurso-auditor-tce-pr-2016-comentarios-as-questoes-de-direito-administrativo\/#breadcrumb\",\"itemListElement\":[{\"@type\":\"ListItem\",\"position\":1,\"name\":\"In\u00edcio\",\"item\":\"https:\/\/www.estrategiaconcursos.com.br\/blog\/\"},{\"@type\":\"ListItem\",\"position\":2,\"name\":\"Concurso Auditor TCE PR 2016 \u2013 coment\u00e1rios \u00e0s quest\u00f5es de Direito Administrativo\"}]},{\"@type\":\"WebSite\",\"@id\":\"https:\/\/www.estrategiaconcursos.com.br\/blog\/#website\",\"url\":\"https:\/\/www.estrategiaconcursos.com.br\/blog\/\",\"name\":\"Estrat\u00e9gia Concursos\",\"description\":\"O blog da Estrat\u00e9gia Concursos traz not\u00edcias sobre concursos e artigos de professores oferecendo cursos para concursos (pdf + videaulas) no site.\",\"publisher\":{\"@id\":\"https:\/\/www.estrategiaconcursos.com.br\/blog\/#organization\"},\"potentialAction\":[{\"@type\":\"SearchAction\",\"target\":{\"@type\":\"EntryPoint\",\"urlTemplate\":\"https:\/\/www.estrategiaconcursos.com.br\/blog\/?s={search_term_string}\"},\"query-input\":{\"@type\":\"PropertyValueSpecification\",\"valueRequired\":true,\"valueName\":\"search_term_string\"}}],\"inLanguage\":\"pt-BR\"},{\"@type\":\"Organization\",\"@id\":\"https:\/\/www.estrategiaconcursos.com.br\/blog\/#organization\",\"name\":\"Estrat\u00e9gia Concursos\",\"url\":\"https:\/\/www.estrategiaconcursos.com.br\/blog\/\",\"logo\":{\"@type\":\"ImageObject\",\"inLanguage\":\"pt-BR\",\"@id\":\"https:\/\/www.estrategiaconcursos.com.br\/blog\/#\/schema\/logo\/image\/\",\"url\":\"https:\/\/dhg1h5j42swfq.cloudfront.net\/2025\/06\/03203428\/logo_concursos-1.jpg\",\"contentUrl\":\"https:\/\/dhg1h5j42swfq.cloudfront.net\/2025\/06\/03203428\/logo_concursos-1.jpg\",\"width\":230,\"height\":60,\"caption\":\"Estrat\u00e9gia Concursos\"},\"image\":{\"@id\":\"https:\/\/www.estrategiaconcursos.com.br\/blog\/#\/schema\/logo\/image\/\"},\"sameAs\":[\"https:\/\/x.com\/EstratConcursos\"]},{\"@type\":\"Person\",\"@id\":\"https:\/\/www.estrategiaconcursos.com.br\/blog\/#\/schema\/person\/cdad40b5818eb228a838461fcd656da7\",\"name\":\"Coordena\u00e7\u00e3o\",\"image\":{\"@type\":\"ImageObject\",\"inLanguage\":\"pt-BR\",\"@id\":\"https:\/\/secure.gravatar.com\/avatar\/a413b22da0f5009c634f6c4586a2dbe5207074fd5becd88db5183b8069ef25e4?s=96&d=mm&r=g\",\"url\":\"https:\/\/secure.gravatar.com\/avatar\/a413b22da0f5009c634f6c4586a2dbe5207074fd5becd88db5183b8069ef25e4?s=96&d=mm&r=g\",\"contentUrl\":\"https:\/\/secure.gravatar.com\/avatar\/a413b22da0f5009c634f6c4586a2dbe5207074fd5becd88db5183b8069ef25e4?s=96&d=mm&r=g\",\"caption\":\"Coordena\u00e7\u00e3o\"},\"url\":\"https:\/\/www.estrategiaconcursos.com.br\/blog\/author\/contatoestrategiaconcursos-com-br\/\"}]}<\/script>\n<!-- \/ Yoast SEO Premium plugin. -->","yoast_head_json":{"title":"Concurso Auditor TCE PR 2016 \u2013 coment\u00e1rios \u00e0s quest\u00f5es de Direito Administrativo","description":"Coment\u00e1rios \u00e0s quest\u00f5es de Direito Administrativo do Concurso Auditor TCE PR, aplicado no dia 10\/1\/2016 pelo Cespe.","robots":{"index":"index","follow":"follow","max-snippet":"max-snippet:-1","max-image-preview":"max-image-preview:large","max-video-preview":"max-video-preview:-1"},"canonical":"https:\/\/www.estrategiaconcursos.com.br\/blog\/concurso-auditor-tce-pr-2016-comentarios-as-questoes-de-direito-administrativo\/","og_locale":"pt_BR","og_type":"article","og_title":"Concurso Auditor TCE PR 2016 \u2013 coment\u00e1rios \u00e0s quest\u00f5es de Direito Administrativo","og_description":"Coment\u00e1rios \u00e0s quest\u00f5es de Direito Administrativo do Concurso Auditor TCE PR, aplicado no dia 10\/1\/2016 pelo Cespe.","og_url":"https:\/\/www.estrategiaconcursos.com.br\/blog\/concurso-auditor-tce-pr-2016-comentarios-as-questoes-de-direito-administrativo\/","og_site_name":"Estrat\u00e9gia Concursos","article_published_time":"2016-01-13T23:21:02+00:00","article_modified_time":"2019-09-02T22:12:12+00:00","author":"Coordena\u00e7\u00e3o","twitter_card":"summary_large_image","twitter_creator":"@EstratConcursos","twitter_site":"@EstratConcursos","twitter_misc":{"Escrito por":"Coordena\u00e7\u00e3o","Est. tempo de leitura":"20 minutos"},"schema":{"@context":"https:\/\/schema.org","@graph":[{"@type":"NewsArticle","@id":"https:\/\/www.estrategiaconcursos.com.br\/blog\/concurso-auditor-tce-pr-2016-comentarios-as-questoes-de-direito-administrativo\/#article","isPartOf":{"@id":"https:\/\/www.estrategiaconcursos.com.br\/blog\/concurso-auditor-tce-pr-2016-comentarios-as-questoes-de-direito-administrativo\/"},"author":{"name":"Coordena\u00e7\u00e3o","@id":"https:\/\/www.estrategiaconcursos.com.br\/blog\/#\/schema\/person\/cdad40b5818eb228a838461fcd656da7"},"headline":"Concurso Auditor TCE PR 2016 \u2013 coment\u00e1rios \u00e0s quest\u00f5es de Direito Administrativo","datePublished":"2016-01-13T23:21:02+00:00","dateModified":"2019-09-02T22:12:12+00:00","mainEntityOfPage":{"@id":"https:\/\/www.estrategiaconcursos.com.br\/blog\/concurso-auditor-tce-pr-2016-comentarios-as-questoes-de-direito-administrativo\/"},"wordCount":3977,"commentCount":2,"publisher":{"@id":"https:\/\/www.estrategiaconcursos.com.br\/blog\/#organization"},"keywords":["Direito Administrativo","TCE-PR"],"inLanguage":"pt-BR","potentialAction":[{"@type":"CommentAction","name":"Comment","target":["https:\/\/www.estrategiaconcursos.com.br\/blog\/concurso-auditor-tce-pr-2016-comentarios-as-questoes-de-direito-administrativo\/#respond"]}],"copyrightYear":"2016","copyrightHolder":{"@id":"https:\/\/www.estrategiaconcursos.com.br\/blog\/#organization"}},{"@type":"WebPage","@id":"https:\/\/www.estrategiaconcursos.com.br\/blog\/concurso-auditor-tce-pr-2016-comentarios-as-questoes-de-direito-administrativo\/","url":"https:\/\/www.estrategiaconcursos.com.br\/blog\/concurso-auditor-tce-pr-2016-comentarios-as-questoes-de-direito-administrativo\/","name":"Concurso Auditor TCE PR 2016 \u2013 coment\u00e1rios \u00e0s quest\u00f5es de Direito Administrativo","isPartOf":{"@id":"https:\/\/www.estrategiaconcursos.com.br\/blog\/#website"},"datePublished":"2016-01-13T23:21:02+00:00","dateModified":"2019-09-02T22:12:12+00:00","description":"Coment\u00e1rios \u00e0s quest\u00f5es de Direito Administrativo do Concurso Auditor TCE PR, aplicado no dia 10\/1\/2016 pelo Cespe.","breadcrumb":{"@id":"https:\/\/www.estrategiaconcursos.com.br\/blog\/concurso-auditor-tce-pr-2016-comentarios-as-questoes-de-direito-administrativo\/#breadcrumb"},"inLanguage":"pt-BR","potentialAction":[{"@type":"ReadAction","target":["https:\/\/www.estrategiaconcursos.com.br\/blog\/concurso-auditor-tce-pr-2016-comentarios-as-questoes-de-direito-administrativo\/"]}]},{"@type":"BreadcrumbList","@id":"https:\/\/www.estrategiaconcursos.com.br\/blog\/concurso-auditor-tce-pr-2016-comentarios-as-questoes-de-direito-administrativo\/#breadcrumb","itemListElement":[{"@type":"ListItem","position":1,"name":"In\u00edcio","item":"https:\/\/www.estrategiaconcursos.com.br\/blog\/"},{"@type":"ListItem","position":2,"name":"Concurso Auditor TCE PR 2016 \u2013 coment\u00e1rios \u00e0s quest\u00f5es de Direito Administrativo"}]},{"@type":"WebSite","@id":"https:\/\/www.estrategiaconcursos.com.br\/blog\/#website","url":"https:\/\/www.estrategiaconcursos.com.br\/blog\/","name":"Estrat\u00e9gia Concursos","description":"O blog da Estrat\u00e9gia Concursos traz not\u00edcias sobre concursos e artigos de professores oferecendo cursos para concursos (pdf + videaulas) no site.","publisher":{"@id":"https:\/\/www.estrategiaconcursos.com.br\/blog\/#organization"},"potentialAction":[{"@type":"SearchAction","target":{"@type":"EntryPoint","urlTemplate":"https:\/\/www.estrategiaconcursos.com.br\/blog\/?s={search_term_string}"},"query-input":{"@type":"PropertyValueSpecification","valueRequired":true,"valueName":"search_term_string"}}],"inLanguage":"pt-BR"},{"@type":"Organization","@id":"https:\/\/www.estrategiaconcursos.com.br\/blog\/#organization","name":"Estrat\u00e9gia Concursos","url":"https:\/\/www.estrategiaconcursos.com.br\/blog\/","logo":{"@type":"ImageObject","inLanguage":"pt-BR","@id":"https:\/\/www.estrategiaconcursos.com.br\/blog\/#\/schema\/logo\/image\/","url":"https:\/\/dhg1h5j42swfq.cloudfront.net\/2025\/06\/03203428\/logo_concursos-1.jpg","contentUrl":"https:\/\/dhg1h5j42swfq.cloudfront.net\/2025\/06\/03203428\/logo_concursos-1.jpg","width":230,"height":60,"caption":"Estrat\u00e9gia Concursos"},"image":{"@id":"https:\/\/www.estrategiaconcursos.com.br\/blog\/#\/schema\/logo\/image\/"},"sameAs":["https:\/\/x.com\/EstratConcursos"]},{"@type":"Person","@id":"https:\/\/www.estrategiaconcursos.com.br\/blog\/#\/schema\/person\/cdad40b5818eb228a838461fcd656da7","name":"Coordena\u00e7\u00e3o","image":{"@type":"ImageObject","inLanguage":"pt-BR","@id":"https:\/\/secure.gravatar.com\/avatar\/a413b22da0f5009c634f6c4586a2dbe5207074fd5becd88db5183b8069ef25e4?s=96&d=mm&r=g","url":"https:\/\/secure.gravatar.com\/avatar\/a413b22da0f5009c634f6c4586a2dbe5207074fd5becd88db5183b8069ef25e4?s=96&d=mm&r=g","contentUrl":"https:\/\/secure.gravatar.com\/avatar\/a413b22da0f5009c634f6c4586a2dbe5207074fd5becd88db5183b8069ef25e4?s=96&d=mm&r=g","caption":"Coordena\u00e7\u00e3o"},"url":"https:\/\/www.estrategiaconcursos.com.br\/blog\/author\/contatoestrategiaconcursos-com-br\/"}]}},"_links":{"self":[{"href":"https:\/\/www.estrategiaconcursos.com.br\/blog\/wp-json\/wp\/v2\/posts\/31588","targetHints":{"allow":["GET"]}}],"collection":[{"href":"https:\/\/www.estrategiaconcursos.com.br\/blog\/wp-json\/wp\/v2\/posts"}],"about":[{"href":"https:\/\/www.estrategiaconcursos.com.br\/blog\/wp-json\/wp\/v2\/types\/post"}],"author":[{"embeddable":true,"href":"https:\/\/www.estrategiaconcursos.com.br\/blog\/wp-json\/wp\/v2\/users\/48"}],"replies":[{"embeddable":true,"href":"https:\/\/www.estrategiaconcursos.com.br\/blog\/wp-json\/wp\/v2\/comments?post=31588"}],"version-history":[{"count":2,"href":"https:\/\/www.estrategiaconcursos.com.br\/blog\/wp-json\/wp\/v2\/posts\/31588\/revisions"}],"predecessor-version":[{"id":415621,"href":"https:\/\/www.estrategiaconcursos.com.br\/blog\/wp-json\/wp\/v2\/posts\/31588\/revisions\/415621"}],"wp:attachment":[{"href":"https:\/\/www.estrategiaconcursos.com.br\/blog\/wp-json\/wp\/v2\/media?parent=31588"}],"wp:term":[{"taxonomy":"category","embeddable":true,"href":"https:\/\/www.estrategiaconcursos.com.br\/blog\/wp-json\/wp\/v2\/categories?post=31588"},{"taxonomy":"post_tag","embeddable":true,"href":"https:\/\/www.estrategiaconcursos.com.br\/blog\/wp-json\/wp\/v2\/tags?post=31588"},{"taxonomy":"tax_estado","embeddable":true,"href":"https:\/\/www.estrategiaconcursos.com.br\/blog\/wp-json\/wp\/v2\/tax_estado?post=31588"}],"curies":[{"name":"wp","href":"https:\/\/api.w.org\/{rel}","templated":true}]}}