{"id":31528,"date":"2026-04-10T09:40:00","date_gmt":"2026-04-10T12:40:00","guid":{"rendered":"http:\/\/www.estrategiaconcursos.com.br\/blog\/?p=31528"},"modified":"2026-04-10T10:41:29","modified_gmt":"2026-04-10T13:41:29","slug":"concurso-pcdf","status":"publish","type":"post","link":"https:\/\/www.estrategiaconcursos.com.br\/blog\/concurso-pcdf\/","title":{"rendered":"Concurso PCDF: 315 vagas autorizadas! Veja \u00faltimas not\u00edcias"},"content":{"rendered":"\n<p style=\"font-size:clamp(15.197px, 0.95rem + ((1vw - 3.2px) * 0.765), 23px);\"><em><strong>PCDF possui novos concursos autorizados, solicitados e com banca definida! S\u00e3o 315 provimentos previstos com sal\u00e1rio de at\u00e9 R$ 21.449,24!<\/strong><\/em><\/p>\n\n\n\n<div style=\"height:20px\" aria-hidden=\"true\" class=\"wp-block-spacer\"><\/div>\n\n\n\n<hr class=\"wp-block-separator has-alpha-channel-opacity\"\/>\n\n\n<a id=\"cta-icon\" href=\"https:\/\/www.redirectmais.com\/wpp\/pcdf-grupo\" target=\"blank\" style=\"background:rgb(41,166,26)\">\n            <img decoding=\"async\" src=\"https:\/\/dhg1h5j42swfq.cloudfront.net\/2023\/12\/07154107\/whatsapp_13851.png\" alt=\"logo grupo whatsapp estrat\u00e9gia concursos\" alt=\"whatsapp_1385[1]\"><span > Acesse agora o Grupo de Estudos para o Concurso PCDF<\/span><\/a>\n\n\n\n<div style=\"height:20px\" aria-hidden=\"true\" class=\"wp-block-spacer\"><\/div>\n\n\n\n<p>A realiza\u00e7\u00e3o de novos certames no Distrito Federal \u00e9 sempre aguardada, com grande destaque para o <strong>concurso PCDF<\/strong> (<a href=\"https:\/\/www.estrategiaconcursos.com.br\/cursosPorConcurso\/policia-civil-do-distrito-federal-pc-df\/\" target=\"_blank\" rel=\"noreferrer noopener\">Pol\u00edcia Civil do Distrito Federal<\/a>).<\/p>\n\n\n\n<p>Recentemente, foi publicada a retifica\u00e7\u00e3o no Plano Anual de Compras e Contrata\u00e7\u00f5es (PACC) para 2026, assegurando verbas para a contrata\u00e7\u00e3o da banca para a sele\u00e7\u00e3o de <strong>Perito Criminal, Perito M\u00e9dico-Legista e Papiloscopista Policial<\/strong>.<\/p>\n\n\n\n<p>De acordo com a&nbsp;<a href=\"https:\/\/dhg1h5j42swfq.cloudfront.net\/2026\/04\/10094834\/concurso-pc-df-portaria-pacc2026.pdf\" target=\"_blank\" rel=\"noreferrer noopener\">portaria publicada<\/a>, o planejamento financeiro inclui R$ 500 mil para o certame, o que indica avan\u00e7os concretos na prepara\u00e7\u00e3o. <\/p>\n\n\n\n<p>Com a publica\u00e7\u00e3o do documento, a institui\u00e7\u00e3o tem respaldo administrativo e or\u00e7ament\u00e1rio para <strong>firmar contratos, inclusive com bancas organizadoras respons\u00e1veis pela execu\u00e7\u00e3o dos certames<\/strong>.<\/p>\n\n\n\n<p>O concurso est\u00e1 autorizado com 105 vagas imediatas e 210 em cadastro de reserva. Os sal\u00e1rios iniciais variam de <span style=\"background-color: initial;\">R$ 11.085,72<\/span> a R$ 21.449,24.<\/p>\n\n\n\n<p>De acordo com a corpora\u00e7\u00e3o, as empresas interessadas ainda podem encaminhar propostas para organizar as sele\u00e7\u00f5es. At\u00e9 o momento, participam da licita\u00e7\u00e3o as seguintes empresas: Funda\u00e7\u00e3o Getulio Vargas (FGV), Instituto ACCESS, Instituto Americano de Desenvolvimento (IADES), Instituto IDCAP e Instituto Verbena.<\/p>\n\n\n\n<p>Lembrando que, segundo o Projeto de Lei Or\u00e7ament\u00e1ria Anual 2026, bem como outros planos or\u00e7ament\u00e1rios do DF, \u00e9 previsto o <strong>provimento de 805 vagas<\/strong> em diferentes cargos. <a href=\"https:\/\/www.estrategiaconcursos.com.br\/blog\/concurso-pcdf-orcamento-805-vagas-em-2026\/\" target=\"_blank\" rel=\"noreferrer noopener\">Veja aqui os detalhes<\/a>!<\/p>\n\n\n\n<p>Ademais, o governador Ibaneis Rocha ratificou as autoriza\u00e7\u00f5es dos novos editais, sendo 205 imediatas e 410 para cadastro de reserva. <a href=\"https:\/\/www.estrategiaconcursos.com.br\/blog\/concurso-pcdf-governador-ratifica-vagas\/\" target=\"_blank\" rel=\"noreferrer noopener\">Veja os detalhes.<\/a><\/p>\n\n\n\n<p>Importante destacar que o <a href=\"https:\/\/www.estrategiaconcursos.com.br\/blog\/concursos-seguranca-df-senado-aprova-reajuste\" target=\"_blank\" rel=\"noreferrer noopener\">Senado aprovou uma MP<\/a> que trata dos reajustes e reestrutura\u00e7\u00e3o das carreiras de seguran\u00e7a do DF. Agora, o texto segue para san\u00e7\u00e3o presidencial.<\/p>\n\n\n\n<ul class=\"wp-block-list has-very-light-gray-to-cyan-bluish-gray-gradient-background has-background\">\n<li><strong>Concurso PCDF &#8211; Perito Criminal, M\u00e9dico-Legista e Papiloscopista<\/strong><\/li>\n\n\n\n<li><strong style=\"background-color: initial; color: initial;\">Situa\u00e7\u00e3o:<\/strong><span style=\"background-color: initial; color: initial;\"> autorizado<\/span><\/li>\n\n\n\n<li><strong>Vagas<\/strong>: 105 + 210 CR <\/li>\n\n\n\n<li><strong style=\"background-color: initial;\">Subs\u00eddio: <\/strong><span style=\"background-color: initial;\">R$ 11.085,72<\/span> a R$ 21.449,24<\/li>\n\n\n\n<li><strong>\u00daltimos editais<\/strong>:&nbsp;<a href=\"https:\/\/dhg1h5j42swfq.cloudfront.net\/2024\/05\/27122222\/edital_01_-_perito_criminal.pdf\" target=\"_blank\" rel=\"noreferrer noopener nofollow\">Perito Criminal-2016<\/a> | <a href=\"https:\/\/dhg1h5j42swfq.cloudfront.net\/2024\/05\/27122250\/edital_01_normativo.pdf\" target=\"_blank\" rel=\"noreferrer noopener nofollow\">M\u00e9dico Legista-2014<\/a> | <a href=\"https:\/\/dhg1h5j42swfq.cloudfront.net\/2024\/05\/27122246\/edital_01_normativo_papoloscopista.pdf\" target=\"_blank\" rel=\"noreferrer noopener nofollow\">Papiloscopista-2014<\/a><\/li>\n<\/ul>\n\n\n\n<p>Para a <strong>Carreira de Atividades Complementares de Seguran\u00e7a P\u00fablica<\/strong>, com atua\u00e7\u00e3o no Instituto de Medicina Legal (IML), foram solicitadas 60 vagas. Recentemente, a PCDF recebeu parecer or\u00e7ament\u00e1rio favor\u00e1vel. <a href=\"https:\/\/www.estrategiaconcursos.com.br\/blog\/concurso-pcdf-iml-parecer-favoravel-novo-edital\/\" target=\"_blank\" rel=\"noreferrer noopener\">Saiba mais<\/a>!<\/p>\n\n\n\n<p>Vale ressaltar que o concurso PCDF para <a href=\"https:\/\/www.estrategiaconcursos.com.br\/blog\/concurso-pcdf-agente-de-custodia\/\" target=\"_blank\" rel=\"noreferrer noopener\">Agente de Cust\u00f3dia<\/a> (50 + 100 CR) segue em fase de defini\u00e7\u00e3o da banca.<\/p>\n\n\n\n<p>Confira neste artigo as principais informa\u00e7\u00f5es e novidades sobre o concurso PCDF. Acompanhe os t\u00f3picos abaixo e n\u00e3o perca nenhum detalhe:<\/p>\n\n\n\n<ul id=\"indice\" class=\"wp-block-list\">\n<li><a href=\"#situacao-atual\"><strong>Situa\u00e7\u00e3o atual e informa\u00e7\u00f5es<\/strong> <strong>&#8211; Perito e Papiloscopista<\/strong><\/a>\n<ul class=\"wp-block-list\">\n<li><a href=\"#ratifica\">Ratifica\u00e7\u00e3o autoriza\u00e7\u00e3o<\/a><\/li>\n\n\n\n<li><a href=\"#autorizacao\">Autorizado<\/a><\/li>\n\n\n\n<li><a href=\"#editais-solicitados\">Novos editais solicitados<\/a><\/li>\n<\/ul>\n<\/li>\n\n\n\n<li><strong><a href=\"#iml\">Situa\u00e7\u00e3o atual e informa\u00e7\u00f5es &#8211; IML<\/a><\/strong>\n<ul class=\"wp-block-list\">\n<li><a href=\"#solicitado-iml\">Concurso solicitado<\/a><\/li>\n<\/ul>\n<\/li>\n\n\n\n<li><strong><a href=\"#conhecapcdf\">Conhe\u00e7a a Pol\u00edcia Civil do Distrito Federal<\/a><\/strong>\n<ul class=\"wp-block-list\">\n<li><a href=\"#criada\">Quando foi criada?<\/a><\/li>\n\n\n\n<li><a href=\"#atribuicoespcdf\">Atribui\u00e7\u00f5es da PCDF<\/a><\/li>\n\n\n\n<li><a href=\"#atricargo\">Atribui\u00e7\u00f5es dos cargos<\/a><\/li>\n\n\n\n<li><a href=\"#requi\">Requisitos dos cargos<\/a><\/li>\n\n\n\n<li><a href=\"#cargo-mais-alto\">Qual o cargo mais alto?<\/a><\/li>\n<\/ul>\n<\/li>\n\n\n\n<li><a href=\"#cargos-pcdf\"><strong>Cargos da PCDF<\/strong><\/a>\n<ul class=\"wp-block-list\">\n<li><a href=\"#cargos-vagos\">Cargos vagos na PCDF<\/a><\/li>\n\n\n\n<li><a href=\"#salario\">Remunera\u00e7\u00e3o<\/a><\/li>\n<\/ul>\n<\/li>\n\n\n\n<li><strong><a href=\"#pcdf-agente\">Concurso 2021 &#8211; Agente<\/a><\/strong>\n<ul class=\"wp-block-list\">\n<li><a href=\"#cargos-vagas-concurso-pcdf\">Cargos e vagas<\/a><\/li>\n\n\n\n<li><a href=\"#etapas-agente\">Etapas<\/a><\/li>\n<\/ul>\n<\/li>\n\n\n\n<li><strong><a href=\"#pcdf-escrivao\">Concurso 2021 &#8211; Escriv\u00e3o<\/a> <\/strong>\n<ul class=\"wp-block-list\">\n<li><a href=\"#cargos-e-vagas-escrivao\">Cargos e vagas<\/a><\/li>\n\n\n\n<li><a href=\"#etapas-escrivao\">Etapas<\/a><\/li>\n<\/ul>\n<\/li>\n\n\n\n<li><a href=\"#ultimos-editais\"><strong>\u00daltimos concursos Pol\u00edcia T\u00e9cnica<\/strong><\/a>\n<ul class=\"wp-block-list\">\n<li><a href=\"#perito-criminal-2016\">Edital Perito Criminal<\/a><\/li>\n\n\n\n<li><a href=\"#papiloscopista-2014\">Edital Papiloscopista<\/a><\/li>\n\n\n\n<li><a href=\"#medico-legista-2014\">Edital M\u00e9dico Legista<\/a><\/li>\n<\/ul>\n<\/li>\n\n\n\n<li><strong><a href=\"#materiais-gratuitos\">Materiais gratuitos<\/a><\/strong><\/li>\n\n\n\n<li><a href=\"#outros-concursos\"><strong>Outros concursos<\/strong><\/a><\/li>\n\n\n\n<li><strong><a href=\"#assinatura-e-cursos\">Assinatura e cursos<\/a><\/strong><\/li>\n\n\n\n<li><strong><a href=\"#ficha-tecnica\">Ficha t\u00e9cnica<\/a><\/strong><\/li>\n<\/ul>\n\n\n\n<div id=\"boxes\" class=\"container\">\n<div class=\"row\">\n<div class=\"col-sm\">\n<div id=\"box-assinatura\" class=\"banner-policia-civil\">\n<h2 class=\"titulo-assinatura\">Concurso PCDF<\/h2>\n<p class=\"subtitulo-assinatura\">Prepara\u00e7\u00e3o completa para a carreira na PCDF<\/p>\n<div class=\"box-botao\"><a class=\"btn-assinatura\" role=\"button\" href=\"https:\/\/www.estrategiaconcursos.com.br\/cursosPorConcurso\/policia-civil-do-distrito-federal-pc-df\/\" target=\"_blank\" rel=\"noopener noreferrer\">VER CURSOS<\/a><\/div>\n<\/div>\n\n<\/div>\n<\/div>\n<\/div>\n\n\n\n<h2 class=\"wp-block-heading\" id=\"situacao-atual\">Concurso PCDF: edital para Perito e Papiloscopista<\/h2>\n\n\n\n<p>Veja abaixo as informa\u00e7\u00f5es mais importantes sobre o Concurso PCDF:<\/p>\n\n\n\n<h3 class=\"wp-block-heading\" id=\"ratifica\">Ratifica\u00e7\u00e3o das vagas autorizadas<\/h3>\n\n\n\n<p>O governador Ibaneis Rocha, atrav\u00e9s de suas redes sociais, ratificou o quantitativo de vagas autorizadas do pr\u00f3ximo <strong>concurso PCDF (Pol\u00edcia Civil do Distrito Federal).<\/strong><\/p>\n\n\n\n<p>Ser\u00e3o <strong>205 oportunidades para provimento imediato,<\/strong> al\u00e9m de 410 destinadas \u00e0 forma\u00e7\u00e3o de cadastro de reserva. Veja abaixo:<\/p>\n\n\n\n<figure class=\"wp-block-image aligncenter size-full\"><img loading=\"lazy\" decoding=\"async\" width=\"660\" height=\"824\" src=\"https:\/\/dhg1h5j42swfq.cloudfront.net\/2025\/12\/02170344\/image-17.png\" alt=\"Concurso PCDF: governador ratifica vagas autorizadas\" class=\"wp-image-1678966\" srcset=\"https:\/\/dhg1h5j42swfq.cloudfront.net\/2025\/12\/02170344\/image-17.png 660w, https:\/\/dhg1h5j42swfq.cloudfront.net\/2025\/12\/02170344\/image-17-240x300.png 240w, https:\/\/dhg1h5j42swfq.cloudfront.net\/2025\/12\/02170344\/image-17-150x187.png 150w\" sizes=\"auto, (max-width: 660px) 100vw, 660px\" \/><figcaption class=\"wp-element-caption\">Concurso PCDF: governador ratifica vagas autorizadas | Imagem: <a href=\"https:\/\/www.instagram.com\/p\/DRuyjjWERc4\/?hl=pt-br&amp;img_index=1\" target=\"_blank\" rel=\"noreferrer noopener\">Instagram<\/a><\/figcaption><\/figure>\n\n\n\n<h3 class=\"wp-block-heading\" id=\"autoriza\">Concurso PCDF autorizado<\/h3>\n\n\n\n<p>Um novo concurso PCDF foi devidamente autorizado. De acordo com o documento, ser\u00e3o <strong>105 vagas imediatas <\/strong>e <strong>outras 210 para cadastro de reserva <\/strong>(CR).<\/p>\n\n\n\n<ul class=\"wp-block-list\">\n<li>Perito Criminal: 50 + 100 CR<\/li>\n\n\n\n<li>Papiloscopista: 30 + 60 CR<\/li>\n\n\n\n<li>Perito M\u00e9dico Legista: 25 + 50 CR<\/li>\n<\/ul>\n\n\n\n<p>Al\u00e9m disso, conv\u00e9m frisar que o texto da publica\u00e7\u00e3o ainda condiciona a realiza\u00e7\u00e3o do certame ao atendimento da legisla\u00e7\u00e3o aplic\u00e1vel.<\/p>\n\n\n\n<ul class=\"wp-block-list\">\n<li><a href=\"https:\/\/dhg1h5j42swfq.cloudfront.net\/2024\/12\/18183227\/sei_gdf-158909948-proposta.pdf\" target=\"_blank\" rel=\"noreferrer noopener nofollow\">Confira o documento de autoriza\u00e7\u00e3o na \u00edntegra<\/a><\/li>\n<\/ul>\n\n\n\n<h3 class=\"wp-block-heading\" id=\"editais-solicitados\">Solicita\u00e7\u00e3o do concurso Pol\u00edcia Civil DF<\/h3>\n\n\n\n<p>De acordo com informa\u00e7\u00f5es do deputado e atual presidente da C\u00e2mara Legislativa do Distrito Federal, Wellington Luiz, um novo concurso p\u00fablico para a Pol\u00edcia Civil foi solicitado.<\/p>\n\n\n\n<p>O pedido ser\u00e1 para provimento de vagas para os cargos de perito criminal, perito m\u00e9dico-legista e papiloscopista policial. Inclusive, segundo informa\u00e7\u00f5es, a solicita\u00e7\u00e3o foi formalizada &#8220;junto aos \u00f3rg\u00e3os competentes para acelerar os procedimentos necess\u00e1rios \u00e0 publica\u00e7\u00e3o dos editais&#8221;.<\/p>\n\n\n\n<figure class=\"wp-block-image aligncenter size-full\"><a href=\"https:\/\/www.instagram.com\/p\/C7Xh0deJ7u-\/?img_index=1\" target=\"_blank\" rel=\"noreferrer noopener\"><img loading=\"lazy\" decoding=\"async\" width=\"810\" height=\"605\" src=\"https:\/\/dhg1h5j42swfq.cloudfront.net\/2024\/05\/27125903\/image-533.png\" alt=\"Novo concurso PCDF \u00e9 solicitado para Peritos e Papiloscopista\" class=\"wp-image-1404991\" srcset=\"https:\/\/dhg1h5j42swfq.cloudfront.net\/2024\/05\/27125903\/image-533.png 810w, https:\/\/dhg1h5j42swfq.cloudfront.net\/2024\/05\/27125903\/image-533-300x224.png 300w, https:\/\/dhg1h5j42swfq.cloudfront.net\/2024\/05\/27125903\/image-533-768x574.png 768w, https:\/\/dhg1h5j42swfq.cloudfront.net\/2024\/05\/27125903\/image-533-610x456.png 610w, https:\/\/dhg1h5j42swfq.cloudfront.net\/2024\/05\/27125903\/image-533-150x112.png 150w\" sizes=\"auto, (max-width: 810px) 100vw, 810px\" \/><\/a><figcaption class=\"wp-element-caption\">Novo concurso PCDF \u00e9 solicitado para Peritos e Papiloscopista<\/figcaption><\/figure>\n\n\n\n<h2 class=\"wp-block-heading\" id=\"pcdf-agente\">Concurso PCDF: edital para atua\u00e7\u00e3o no IML<\/h2>\n\n\n\n<h3 class=\"wp-block-heading\" id=\"solicitado-iml\">Concurso PCDF solicitado<\/h3>\n\n\n\n<p>Em agosto, foi enviado um pedido de autoriza\u00e7\u00e3o para realiza\u00e7\u00e3o de concurso p\u00fablico para ingresso de 60 servidores na carreira de Atividades Complementares de Seguran\u00e7a P\u00fablica da Pol\u00edcia Civil do Distrito Federal.<\/p>\n\n\n\n<p>Vale lembrar que, no m\u00eas de maio, o certame havia sido solicitado para provimento de <strong>150 vagas<\/strong>para o cargo de Agente de Atividade Complementar de Seguran\u00e7a P\u00fablica, de n\u00edvel m\u00e9dio\/t\u00e9cnico em \u00e1reas espec\u00edficas. J\u00e1 o sal\u00e1rio da carreira \u00e9 de R$ 6,1 mil. <\/p>\n\n\n\n<figure class=\"wp-block-table is-style-stripes\"><table class=\"has-very-light-gray-to-cyan-bluish-gray-gradient-background has-background has-fixed-layout\"><thead><tr><th class=\"has-text-align-center\" data-align=\"center\">\u00c1rea<\/th><th class=\"has-text-align-center\" data-align=\"center\">Vagas<\/th><\/tr><\/thead><tbody><tr><td class=\"has-text-align-center\" data-align=\"center\">Anatomia <\/td><td class=\"has-text-align-center\" data-align=\"center\">60<\/td><\/tr><tr><td class=\"has-text-align-center\" data-align=\"center\">Enfermagem <\/td><td class=\"has-text-align-center\" data-align=\"center\">60<\/td><\/tr><tr><td class=\"has-text-align-center\" data-align=\"center\">Laborat\u00f3rio <\/td><td class=\"has-text-align-center\" data-align=\"center\">20<\/td><\/tr><tr><td class=\"has-text-align-center\" data-align=\"center\">Radiologia <\/td><td class=\"has-text-align-center\" data-align=\"center\">10<\/td><\/tr><\/tbody><\/table><figcaption class=\"wp-element-caption\">Quadro de subs\u00eddio por classe dos cargos.<\/figcaption><\/figure>\n\n\n\n<ul class=\"wp-block-list\">\n<li><a href=\"https:\/\/dhg1h5j42swfq.cloudfront.net\/2025\/09\/24161150\/sei_gdf-178983802-oficio.pdf\" target=\"_blank\" rel=\"noreferrer noopener nofollow\">Confira o documento de solicita\u00e7\u00e3o 08\/2025<\/a><\/li>\n\n\n\n<li><a href=\"https:\/\/dhg1h5j42swfq.cloudfront.net\/2025\/05\/15180703\/solicitacao-concurso-pcdf-iml.pdf\" target=\"_blank\" rel=\"noreferrer noopener nofollow\">Confira o documento de solicita\u00e7\u00e3o 05\/2025<\/a><\/li>\n<\/ul>\n\n\n\n<h2 class=\"wp-block-heading\" id=\"conhecapcdf\">Conhe\u00e7a a Pol\u00edcia Civil do Distrito Federal<\/h2>\n\n\n\n<h3 class=\"wp-block-heading\" id=\"criada\">Quando foi criada a PCDF?<\/h3>\n\n\n\n<p>A Pol\u00edcia Civil do Distrito Federal tem sua origem no processo de organiza\u00e7\u00e3o policial iniciado em 1808, quando Dom Jo\u00e3o VI criou a Intend\u00eancia-Geral de Pol\u00edcia, marco inicial da atividade policial no Brasil. Com o passar do tempo, a estrutura foi sendo adaptada: em 1830, surgiu a figura do Chefe de Pol\u00edcia, em 1871, o inqu\u00e9rito policial passou a ser adotado e, em 1902, a atual capital do pa\u00eds recebeu oficialmente o nome de Pol\u00edcia Civil do Distrito Federal.<\/p>\n\n\n\n<p>A mudan\u00e7a da capital para Bras\u00edlia, durante o governo Juscelino Kubitschek, trouxe uma nova configura\u00e7\u00e3o, com a incorpora\u00e7\u00e3o da Guarda Especial de Bras\u00edlia e a cria\u00e7\u00e3o de um regime jur\u00eddico espec\u00edfico em 1965, que marcou a fase moderna da institui\u00e7\u00e3o. <\/p>\n\n\n\n<h3 class=\"wp-block-heading\" id=\"atribuicoespcdf\">Quais s\u00e3o as atribui\u00e7\u00f5es da PCDF?<\/h3>\n\n\n\n<p>Dentro da esfera de compet\u00eancia est\u00e1 a realiza\u00e7\u00e3o de investiga\u00e7\u00f5es criminais, por meio de inqu\u00e9rito policial ou termo circunstanciado, bem como a lavratura de auto de pris\u00e3o em flagrante e termo circunstanciado em situa\u00e7\u00e3o flagrancial.<\/p>\n\n\n\n<p>Compete tamb\u00e9m \u00e0 Pol\u00edcia Civil do Distrito Federal representar pelas medidas judiciais necess\u00e1rias \u00e0 consecu\u00e7\u00e3o de suas atribui\u00e7\u00f5es e dar efetividade \u00e0s decis\u00f5es judiciais relacionadas \u00e0 investiga\u00e7\u00e3o criminal.<\/p>\n\n\n\n<h3 class=\"wp-block-heading\" id=\"atricargo\">Atribui\u00e7\u00f5es dos cargos da PCDF<\/h3>\n\n\n\n<h4 class=\"wp-block-heading\" id=\"h-delegado-de-policia\"><strong>Delegado de Pol\u00edcia<\/strong><\/h4>\n\n\n\n<ul class=\"wp-block-list\">\n<li>Presidir inqu\u00e9ritos policiais e demais procedimentos investigativos<\/li>\n\n\n\n<li>Determinar e supervisionar dilig\u00eancias policiais<\/li>\n\n\n\n<li>Requisitar per\u00edcias, informa\u00e7\u00f5es e documentos a \u00f3rg\u00e3os p\u00fablicos e privados<\/li>\n\n\n\n<li>Coordenar e orientar agentes, escriv\u00e3es e demais servidores na investiga\u00e7\u00e3o<\/li>\n\n\n\n<li>Representar pela pris\u00e3o preventiva, tempor\u00e1ria e medidas cautelares junto ao Judici\u00e1rio<\/li>\n\n\n\n<li>Zelar pela legalidade e pela prote\u00e7\u00e3o dos direitos fundamentais no \u00e2mbito policial<\/li>\n<\/ul>\n\n\n\n<h4 class=\"wp-block-heading\" id=\"h-agente-de-policia\"><strong>Agente de Pol\u00edcia<\/strong><\/h4>\n\n\n\n<ul class=\"wp-block-list\">\n<li>Executar investiga\u00e7\u00f5es policiais e dilig\u00eancias de campo<\/li>\n\n\n\n<li>Cumprir mandados judiciais (pris\u00e3o, busca e apreens\u00e3o etc.)<\/li>\n\n\n\n<li>Realizar pris\u00f5es em flagrante<\/li>\n\n\n\n<li>Colher informa\u00e7\u00f5es e levantar dados para subsidiar inqu\u00e9ritos<\/li>\n\n\n\n<li>Apoiar opera\u00e7\u00f5es policiais e atividades de intelig\u00eancia<\/li>\n\n\n\n<li>Auxiliar na prote\u00e7\u00e3o de pessoas, locais e bens relacionados a investiga\u00e7\u00f5es<\/li>\n<\/ul>\n\n\n\n<h4 class=\"wp-block-heading\" id=\"h-escrivao-de-policia\"><strong>Escriv\u00e3o de Pol\u00edcia<\/strong><\/h4>\n\n\n\n<ul class=\"wp-block-list\">\n<li>Lavrar autos de pris\u00e3o em flagrante, termos circunstanciados e demais registros<\/li>\n\n\n\n<li>Formalizar o inqu\u00e9rito policial e organizar sua tramita\u00e7\u00e3o<\/li>\n\n\n\n<li>Redigir despachos, of\u00edcios, mandados e comunica\u00e7\u00f5es oficiais<\/li>\n\n\n\n<li>Guardar, organizar e controlar os autos e documentos da investiga\u00e7\u00e3o<\/li>\n\n\n\n<li>Atuar como secret\u00e1rio do Delegado de Pol\u00edcia nos atos de pol\u00edcia judici\u00e1ria<\/li>\n<\/ul>\n\n\n\n<h4 class=\"wp-block-heading\" id=\"h-papiloscopista-policial\"><strong>Papiloscopista Policial<\/strong><\/h4>\n\n\n\n<ul class=\"wp-block-list\">\n<li>Realizar identifica\u00e7\u00e3o civil e criminal por meio de impress\u00f5es digitais.<\/li>\n\n\n\n<li>Efetuar per\u00edcias papilosc\u00f3picas em locais de crime, documentos e objetos.<\/li>\n\n\n\n<li>Coletar, analisar e confrontar impress\u00f5es digitais em sistemas automatizados.<\/li>\n\n\n\n<li>Emitir laudos t\u00e9cnicos de identifica\u00e7\u00e3o humana.<\/li>\n\n\n\n<li>Auxiliar na elabora\u00e7\u00e3o de retratos falados e reconhecimento facial.<\/li>\n<\/ul>\n\n\n\n<h4 class=\"wp-block-heading\" id=\"h-perito-criminal\"><strong>Perito Criminal<\/strong><\/h4>\n\n\n\n<ul class=\"wp-block-list\">\n<li>Realizar exames periciais em locais de crime, objetos, documentos, armas, ve\u00edculos etc<\/li>\n\n\n\n<li>Produzir laudos t\u00e9cnicos em diversas \u00e1reas (bal\u00edstica, qu\u00edmica, engenharia, inform\u00e1tica, contabilidade, DNA etc.)<\/li>\n\n\n\n<li>Participar de reconstitui\u00e7\u00f5es de crimes<\/li>\n\n\n\n<li>Prestar suporte t\u00e9cnico-cient\u00edfico \u00e0s investiga\u00e7\u00f5es<\/li>\n\n\n\n<li>Atuar como assistente t\u00e9cnico em processos judiciais, quando designado<\/li>\n<\/ul>\n\n\n\n<h4 class=\"wp-block-heading\" id=\"h-perito-medico-legista\"><strong>Perito M\u00e9dico-Legista<\/strong><\/h4>\n\n\n\n<ul class=\"wp-block-list\">\n<li>Realizar exames de corpo de delito em pessoas vivas (les\u00f5es corporais, viol\u00eancia sexual, embriaguez, sanidade mental etc.)<\/li>\n\n\n\n<li>Efetuar necropsias em cad\u00e1veres para determinar a causa da morte<\/li>\n\n\n\n<li>Produzir laudos de natureza m\u00e9dico-legal<\/li>\n\n\n\n<li>Prestar informa\u00e7\u00f5es t\u00e9cnicas em audi\u00eancias e julgamentos<\/li>\n\n\n\n<li>Contribuir com investiga\u00e7\u00f5es criminais por meio de an\u00e1lises cl\u00ednicas e laboratoriais<\/li>\n<\/ul>\n\n\n\n<h3 class=\"wp-block-heading\" id=\"requi\">Requisitos dos cargos<\/h3>\n\n\n\n<h4 class=\"wp-block-heading\" id=\"h-delegado-de-policia-0\"><strong>Delegado de Pol\u00edcia<\/strong><\/h4>\n\n\n\n<ul class=\"wp-block-list\">\n<li>Diploma, devidamente registrado, de conclus\u00e3o de curso de n\u00edvel superior em bacharelado em Direito, fornecido por institui\u00e7\u00e3o de ensino superior reconhecida pelo Minist\u00e9rio da Educa\u00e7\u00e3o e 3 (tr\u00eas) anos de pr\u00e1tica jur\u00eddica e ou atividade policial.<\/li>\n<\/ul>\n\n\n\n<h4 class=\"wp-block-heading\" id=\"h-agente-de-policia-0\"><strong>Agente de Pol\u00edcia<\/strong><\/h4>\n\n\n\n<ul class=\"wp-block-list\">\n<li>Diploma, devidamente registrado, de conclus\u00e3o de curso de gradua\u00e7\u00e3o de n\u00edvel superior em qualquer \u00e1rea de forma\u00e7\u00e3o, fornecido por institui\u00e7\u00e3o de ensino superior reconhecida pelo Minist\u00e9rio da Educa\u00e7\u00e3o (MEC); e<\/li>\n\n\n\n<li>Carteira Nacional de Habilita\u00e7\u00e3o, categoria \u201cB\u201d ou superior.<\/li>\n<\/ul>\n\n\n\n<h4 class=\"wp-block-heading\" id=\"h-escrivao\"><strong>Escriv\u00e3o <\/strong><\/h4>\n\n\n\n<ul class=\"wp-block-list\">\n<li>Diploma, devidamente registrado, de conclus\u00e3o de curso de gradua\u00e7\u00e3o de n\u00edvel superior em qualquer \u00e1rea de forma\u00e7\u00e3o, fornecido por institui\u00e7\u00e3o de ensino superior reconhecida pelo Minist\u00e9rio da Educa\u00e7\u00e3o (MEC); e<\/li>\n\n\n\n<li>Carteira Nacional de Habilita\u00e7\u00e3o, categoria \u201cB\u201d ou superior.<\/li>\n<\/ul>\n\n\n\n<h4 class=\"wp-block-heading\" id=\"h-papiloscopista-policial-0\"><strong>Papiloscopista Policial<\/strong><\/h4>\n\n\n\n<ul class=\"wp-block-list\">\n<li>Diploma, devidamente registrado, de conclus\u00e3o de curso de n\u00edvel superior em qualquer \u00e1rea de forma\u00e7\u00e3o, fornecido por institui\u00e7\u00e3o de ensino superior reconhecida pelo Minist\u00e9rio da Educa\u00e7\u00e3o.<\/li>\n<\/ul>\n\n\n\n<h4 class=\"wp-block-heading\" id=\"h-perito-criminal-0\"><strong>Perito Criminal<\/strong><\/h4>\n\n\n\n<ul class=\"wp-block-list\">\n<li>Diploma, devidamente registrado, de conclus\u00e3o de curso de n\u00edvel superior na \u00e1rea de interesse, fornecido por institui\u00e7\u00e3o de ensino superior reconhecida pelo Minist\u00e9rio da Educa\u00e7\u00e3o.<\/li>\n<\/ul>\n\n\n\n<h4 class=\"wp-block-heading\" id=\"h-perito-medico-legista-0\"><strong>Perito M\u00e9dico-Legista<\/strong><\/h4>\n\n\n\n<ul class=\"wp-block-list\">\n<li>Diploma, devidamente registrado, de conclus\u00e3o de curso de n\u00edvel superior em Medicina, fornecido por institui\u00e7\u00e3o de ensino superior reconhecida pelo Minist\u00e9rio da Educa\u00e7\u00e3o e registro no Conselho Regional de Medicina.<\/li>\n<\/ul>\n\n\n\n<h3 class=\"wp-block-heading\" id=\"cargo-mais-alto\">Qual o cargo mais alto na Pol\u00edcia Civil do DF?<\/h3>\n\n\n\n<p>O <strong>Diretor-Geral <\/strong>\u00e9 um cargo em comiss\u00e3o e sempre ocupado por um <strong>Delegado de Pol\u00edcia<\/strong> de carreira. O ocupante \u00e9 a autoridade m\u00e1xima da institui\u00e7\u00e3o, nomeado pelo Governador do DF.<\/p>\n\n\n\n<h2 class=\"wp-block-heading\" id=\"cargos-pcdf\">Concurso PCDF: informa\u00e7\u00f5es sobre os cargos<\/h2>\n\n\n\n<h3 class=\"wp-block-heading\" id=\"cargos-vagos\">Cargos vagos da Pol\u00edcia Civil DF<\/h3>\n\n\n\n<p>Segundo o levantamento mais recente dispon\u00edvel no Portal da Transpar\u00eancia do Distrito Federal (<a href=\"https:\/\/www.estrategiaconcursos.com.br\/blog\/concurso-pcdf-cargos-vagos\/\">fevereiro\/2026<\/a>), atualmente, existem <strong>3.789 cargos vagos<\/strong>, sendo que o maior d\u00e9ficit \u00e9 para Agente de Pol\u00edcia com 2.376 vac\u00e2ncias.<\/p>\n\n\n\n<figure class=\"wp-block-table is-style-stripes\"><table class=\"has-very-light-gray-to-cyan-bluish-gray-gradient-background has-background has-fixed-layout\"><tbody><tr><td class=\"has-text-align-center\" data-align=\"center\"><strong>Cargo<\/strong><\/td><td class=\"has-text-align-center\" data-align=\"center\"><strong>Cargos vagos<\/strong><\/td><td class=\"has-text-align-center\" data-align=\"center\"><strong>Cargos ocupados<\/strong><\/td><td class=\"has-text-align-center\" data-align=\"center\"><strong>Total<\/strong><\/td><\/tr><tr><td class=\"has-text-align-center\" data-align=\"center\">Agente de Pol\u00edcia<\/td><td class=\"has-text-align-center\" data-align=\"center\">2.375<\/td><td class=\"has-text-align-center\" data-align=\"center\">3.274<\/td><td class=\"has-text-align-center\" data-align=\"center\">5.649<\/td><\/tr><tr><td class=\"has-text-align-center\" data-align=\"center\">Escriv\u00e3o de Pol\u00edcia<\/td><td class=\"has-text-align-center\" data-align=\"center\">526<\/td><td class=\"has-text-align-center\" data-align=\"center\">474<\/td><td class=\"has-text-align-center\" data-align=\"center\">1.000<\/td><\/tr><tr><td class=\"has-text-align-center\" data-align=\"center\">Perito Criminal<\/td><td class=\"has-text-align-center\" data-align=\"center\">189<\/td><td class=\"has-text-align-center\" data-align=\"center\">211<\/td><td class=\"has-text-align-center\" data-align=\"center\">400<\/td><\/tr><tr><td class=\"has-text-align-center\" data-align=\"center\">Papiloscopista<\/td><td class=\"has-text-align-center\" data-align=\"center\">128<\/td><td class=\"has-text-align-center\" data-align=\"center\">232<\/td><td class=\"has-text-align-center\" data-align=\"center\">360<\/td><\/tr><tr><td class=\"has-text-align-center\" data-align=\"center\">Perito M\u00e9dico Legista<\/td><td class=\"has-text-align-center\" data-align=\"center\">84<\/td><td class=\"has-text-align-center\" data-align=\"center\">76<\/td><td class=\"has-text-align-center\" data-align=\"center\">160<\/td><\/tr><tr><td class=\"has-text-align-center\" data-align=\"center\">Agente Policial de Cust\u00f3dia<\/td><td class=\"has-text-align-center\" data-align=\"center\">487<\/td><td class=\"has-text-align-center\" data-align=\"center\">313<\/td><td class=\"has-text-align-center\" data-align=\"center\">800<\/td><\/tr><tr><td class=\"has-text-align-center\" data-align=\"center\"><strong>TOTAL<\/strong><\/td><td class=\"has-text-align-center\" data-align=\"center\"><strong>3.794<\/strong><\/td><td class=\"has-text-align-center\" data-align=\"center\"><strong>4.575<\/strong><\/td><td class=\"has-text-align-center\" data-align=\"center\"><strong>8.369<\/strong><\/td><\/tr><\/tbody><\/table><figcaption class=\"wp-element-caption\">Quadro com a quantidade de cargos vagos e ocupados<\/figcaption><\/figure>\n\n\n\n<h3 class=\"wp-block-heading\" id=\"salario\">Sal\u00e1rios dos servidores<\/h3>\n\n\n\n<p>O reajuste de<strong>&nbsp;18%&nbsp;<\/strong>na recomposi\u00e7\u00e3o salarial do concurso PCDF j\u00e1 foi promulgado e virou a Lei 14.724, de 2023. Agora, o inicial dos cargos de&nbsp;<strong>Agente e Escriv\u00e3o da PCDF&nbsp;<\/strong>\u00e9 de R$ 11.085,72. <\/p>\n\n\n\n<p>Veja abaixo a <a href=\"https:\/\/dhg1h5j42swfq.cloudfront.net\/2025\/11\/14121847\/policia-civil-4.pdf\" target=\"_blank\" rel=\"noreferrer noopener nofollow\">atual&nbsp;tabela remunerat\u00f3ria<\/a>&nbsp;para os cargos dos quadros da Pol\u00edcia Civil do DF!<\/p>\n\n\n\n<ul class=\"wp-block-list\">\n<li><strong>Papiloscopista, Escriv\u00e3o, Agente de Pol\u00edcia e Agente de Cust\u00f3dia:<\/strong><\/li>\n<\/ul>\n\n\n\n<figure class=\"wp-block-table is-style-stripes\"><table class=\"has-very-light-gray-to-cyan-bluish-gray-gradient-background has-background has-fixed-layout\"><tbody><tr><td class=\"has-text-align-center\" data-align=\"center\"><strong>Classe<\/strong><\/td><td class=\"has-text-align-center\" data-align=\"center\"><strong>Subs\u00eddio<\/strong><\/td><\/tr><tr><td class=\"has-text-align-center\" data-align=\"center\">Especial<\/td><td class=\"has-text-align-center\" data-align=\"center\">R$ 18.417,51<\/td><\/tr><tr><td class=\"has-text-align-center\" data-align=\"center\">Primeira<\/td><td class=\"has-text-align-center\" data-align=\"center\">R$ 13.969,28<\/td><\/tr><tr><td class=\"has-text-align-center\" data-align=\"center\">Segunda<\/td><td class=\"has-text-align-center\" data-align=\"center\">R$ 11.634,01<\/td><\/tr><tr><td class=\"has-text-align-center\" data-align=\"center\">Terceira<\/td><td class=\"has-text-align-center\" data-align=\"center\">R$ 11.085,72<\/td><\/tr><\/tbody><\/table><figcaption class=\"wp-element-caption\">Quadro de remunera\u00e7\u00e3o por classe do cargo.<\/figcaption><\/figure>\n\n\n\n<ul class=\"wp-block-list\">\n<li><strong>Perito Criminal, Perito M\u00e9dico-Legista<\/strong> <strong>e Delegado:<\/strong><\/li>\n<\/ul>\n\n\n\n<figure class=\"wp-block-table is-style-stripes\"><table class=\"has-very-light-gray-to-cyan-bluish-gray-gradient-background has-background has-fixed-layout\"><tbody><tr><td class=\"has-text-align-center\" data-align=\"center\"><strong>Classe<\/strong><\/td><td class=\"has-text-align-center\" data-align=\"center\"><strong>Subs\u00eddio a partir de janeiro\/24<\/strong><\/td><\/tr><tr><td class=\"has-text-align-center\" data-align=\"center\">Especial<\/td><td class=\"has-text-align-center\" data-align=\"center\">R$ 30.542,92<\/td><\/tr><tr><td class=\"has-text-align-center\" data-align=\"center\">Primeira<\/td><td class=\"has-text-align-center\" data-align=\"center\">R$ 25.815,00<\/td><\/tr><tr><td class=\"has-text-align-center\" data-align=\"center\">Segunda<\/td><td class=\"has-text-align-center\" data-align=\"center\">R$ 22.085,08<\/td><\/tr><tr><td class=\"has-text-align-center\" data-align=\"center\">Terceira<\/td><td class=\"has-text-align-center\" data-align=\"center\">R$ 21.449,24<\/td><\/tr><\/tbody><\/table><figcaption class=\"wp-element-caption\">Quadro de subs\u00eddio por classe dos cargos.<\/figcaption><\/figure>\n\n\n\n<h3 class=\"wp-block-heading\" id=\"h-exemplos-reais-de-remuneracao\">Exemplos reais de remunera\u00e7\u00e3o<\/h3>\n\n\n\n<p><strong><\/strong><strong>Papiloscopista, Escriv\u00e3o, Agente de Pol\u00edcia e Agente de Cust\u00f3dia<\/strong><\/p>\n\n\n\n<figure class=\"wp-block-image aligncenter size-full\"><img loading=\"lazy\" decoding=\"async\" width=\"815\" height=\"310\" src=\"https:\/\/dhg1h5j42swfq.cloudfront.net\/2025\/11\/14122908\/image-165.png\" alt=\"\" class=\"wp-image-1670763\" srcset=\"https:\/\/dhg1h5j42swfq.cloudfront.net\/2025\/11\/14122908\/image-165.png 815w, https:\/\/dhg1h5j42swfq.cloudfront.net\/2025\/11\/14122908\/image-165-300x114.png 300w, https:\/\/dhg1h5j42swfq.cloudfront.net\/2025\/11\/14122908\/image-165-768x292.png 768w, https:\/\/dhg1h5j42swfq.cloudfront.net\/2025\/11\/14122908\/image-165-150x57.png 150w\" sizes=\"auto, (max-width: 815px) 100vw, 815px\" \/><\/figure>\n\n\n\n<p><strong>Delegado, Perito Criminal e Perito M\u00e9dico-Legista<\/strong><\/p>\n\n\n\n<figure class=\"wp-block-image aligncenter size-full\"><img loading=\"lazy\" decoding=\"async\" width=\"823\" height=\"317\" src=\"https:\/\/dhg1h5j42swfq.cloudfront.net\/2025\/11\/14122744\/image-164.png\" alt=\"\" class=\"wp-image-1670760\" srcset=\"https:\/\/dhg1h5j42swfq.cloudfront.net\/2025\/11\/14122744\/image-164.png 823w, https:\/\/dhg1h5j42swfq.cloudfront.net\/2025\/11\/14122744\/image-164-300x116.png 300w, https:\/\/dhg1h5j42swfq.cloudfront.net\/2025\/11\/14122744\/image-164-768x296.png 768w, https:\/\/dhg1h5j42swfq.cloudfront.net\/2025\/11\/14122744\/image-164-150x58.png 150w\" sizes=\"auto, (max-width: 823px) 100vw, 823px\" \/><\/figure>\n\n\n\n<h2 class=\"wp-block-heading\" id=\"pcdf-agente\">Concurso PCDF: edital 2021 para Agente<\/h2>\n\n\n\n<p>O \u00faltimo certame realizado para Agente de Pol\u00edcia da PCDF teve a sua validade prorrogada por dois anos, a contar do dia 25 de setembro de 2025. Sendo assim, o <strong>prazo segue vigente at\u00e9 setembro de 2027<\/strong>.<\/p>\n\n\n\n<figure class=\"wp-block-image aligncenter size-full\"><img loading=\"lazy\" decoding=\"async\" width=\"600\" height=\"312\" src=\"https:\/\/dhg1h5j42swfq.cloudfront.net\/2025\/08\/22172627\/image-279.png\" alt=\"Validade prorrogada at\u00e9 2027 para Agente\" class=\"wp-image-1627870\" srcset=\"https:\/\/dhg1h5j42swfq.cloudfront.net\/2025\/08\/22172627\/image-279.png 600w, https:\/\/dhg1h5j42swfq.cloudfront.net\/2025\/08\/22172627\/image-279-300x156.png 300w, https:\/\/dhg1h5j42swfq.cloudfront.net\/2025\/08\/22172627\/image-279-150x78.png 150w\" sizes=\"auto, (max-width: 600px) 100vw, 600px\" \/><figcaption class=\"wp-element-caption\">Validade prorrogada at\u00e9 2027 para o concurso PCDF Agente<\/figcaption><\/figure>\n\n\n\n<ul class=\"wp-block-list\">\n<li><strong>Vagas<\/strong>: 600 + 1.200 CR<\/li>\n\n\n\n<li><strong>Cargo<\/strong>: Agente de Pol\u00edcia<\/li>\n\n\n\n<li><strong>Banca<\/strong>: Cebraspe<\/li>\n\n\n\n<li><strong>Edital<\/strong>: <a href=\"https:\/\/dhg1h5j42swfq.cloudfront.net\/2020\/07\/01074546\/Edital-PCDF-Agente-2020-1-1.pdf\" target=\"_blank\" rel=\"noreferrer noopener nofollow\">Agente 2020<\/a><\/li>\n<\/ul>\n\n\n\n<h3 class=\"wp-block-heading\" id=\"cargos-vagas-concurso-pcdf\">Cargos e vagas do concurso PCDF<\/h3>\n\n\n\n<figure class=\"wp-block-table is-style-stripes\"><table class=\"has-very-light-gray-to-cyan-bluish-gray-gradient-background has-background has-fixed-layout\"><tbody><tr><td class=\"has-text-align-center\" data-align=\"center\"><strong>CARGOS<\/strong><\/td><td class=\"has-text-align-center\" data-align=\"center\"><strong>VAGAS<\/strong><\/td><td class=\"has-text-align-center\" data-align=\"center\"><strong>ESCOLARIDADE<\/strong><\/td><td class=\"has-text-align-center\" data-align=\"center\"><strong>REMUNERA\u00c7\u00c3O<\/strong><\/td><\/tr><tr><td class=\"has-text-align-center\" data-align=\"center\">Agente de Pol\u00edcia<\/td><td class=\"has-text-align-center\" data-align=\"center\">600 + 1.200 CR<\/td><td class=\"has-text-align-center\" data-align=\"center\">N\u00edvel Superior<\/td><td class=\"has-text-align-center\" data-align=\"center\">R$ 8.698,78<\/td><\/tr><\/tbody><\/table><figcaption class=\"wp-element-caption\">PCDF: quadro de vagas para Agente de Pol\u00edcia<\/figcaption><\/figure>\n\n\n\n<p><strong>Quadro detalhado de vagas \u2013 imediatas<\/strong><\/p>\n\n\n\n<figure class=\"wp-block-table is-style-stripes\"><table class=\"has-very-light-gray-to-cyan-bluish-gray-gradient-background has-background has-fixed-layout\"><tbody><tr><td class=\"has-text-align-center\" data-align=\"center\"><strong>Ampla concorr\u00eancia<\/strong><\/td><td class=\"has-text-align-center\" data-align=\"center\"><strong>PcD<\/strong><\/td><td class=\"has-text-align-center\" data-align=\"center\"><strong>Negros<\/strong><\/td><\/tr><tr><td class=\"has-text-align-center\" data-align=\"center\">450<\/td><td class=\"has-text-align-center\" data-align=\"center\">30<\/td><td class=\"has-text-align-center\" data-align=\"center\">120<\/td><\/tr><\/tbody><\/table><figcaption class=\"wp-element-caption\">PCDF: vagas imediatas para Agente de Pol\u00edcia<\/figcaption><\/figure>\n\n\n\n<p><strong>Quadro detalhado de vagas \u2013 cadastro de reserva<\/strong><\/p>\n\n\n\n<figure class=\"wp-block-table is-style-stripes\"><table class=\"has-very-light-gray-to-cyan-bluish-gray-gradient-background has-background has-fixed-layout\"><tbody><tr><td class=\"has-text-align-center\" data-align=\"center\"><strong>Ampla concorr\u00eancia<\/strong><\/td><td class=\"has-text-align-center\" data-align=\"center\"><strong>PcD<\/strong><\/td><td class=\"has-text-align-center\" data-align=\"center\"><strong>Negros<\/strong><\/td><\/tr><tr><td class=\"has-text-align-center\" data-align=\"center\">900<\/td><td class=\"has-text-align-center\" data-align=\"center\">60<\/td><td class=\"has-text-align-center\" data-align=\"center\">240<\/td><\/tr><\/tbody><\/table><figcaption class=\"wp-element-caption\">PCDF: cadastro de reserva para Agente de Pol\u00edcia<\/figcaption><\/figure>\n\n\n\n<h3 class=\"wp-block-heading\" id=\"demanda-de-candidatos-por-vaga\">Demanda de candidatos por vaga<\/h3>\n\n\n\n<p>Mais de 88 mil candidatos foram inscritos no concurso de Agente da Pol\u00edcia Civil do Distrito Federal. Confira abaixo a rela\u00e7\u00e3o de candidatos por vaga:<\/p>\n\n\n\n<figure class=\"wp-block-table is-style-stripes\"><table class=\"has-very-light-gray-to-cyan-bluish-gray-gradient-background has-background has-fixed-layout\"><tbody><tr><td class=\"has-text-align-center\" data-align=\"center\"><strong>Vagas<\/strong><\/td><td class=\"has-text-align-center\" data-align=\"center\"><strong>Inscritos total<\/strong><\/td><td class=\"has-text-align-center\" data-align=\"center\"><strong>Vagas total<\/strong><\/td><td class=\"has-text-align-center\" data-align=\"center\"><strong>Candidatos por vaga<\/strong><\/td><\/tr><tr><td class=\"has-text-align-center\" data-align=\"center\">Total (ampla concorr\u00eancia)<\/td><td class=\"has-text-align-center\" data-align=\"center\"><strong><span class=\"has-inline-color has-vivid-red-color\">88.894<\/span><\/strong><\/td><td class=\"has-text-align-center\" data-align=\"center\">600<\/td><td class=\"has-text-align-center\" data-align=\"center\">148,15<\/td><\/tr><tr><td class=\"has-text-align-center\" data-align=\"center\">Vagas PcD<\/td><td class=\"has-text-align-center\" data-align=\"center\">868<\/td><td class=\"has-text-align-center\" data-align=\"center\">30<\/td><td class=\"has-text-align-center\" data-align=\"center\">28,93<\/td><\/tr><tr><td class=\"has-text-align-center\" data-align=\"center\">Vagas cotistas<\/td><td class=\"has-text-align-center\" data-align=\"center\">15.526<\/td><td class=\"has-text-align-center\" data-align=\"center\">120<\/td><td class=\"has-text-align-center\" data-align=\"center\">129,38<\/td><\/tr><\/tbody><\/table><figcaption class=\"wp-element-caption\">Quadro de demanda de candidatos por vagas<\/figcaption><\/figure>\n\n\n\n<h3 class=\"wp-block-heading\" id=\"etapas-agente\">Etapas de provas para Agente<\/h3>\n\n\n\n<h4 class=\"wp-block-heading\" id=\"h-primeira-etapa\"><strong>Primeira etapa<\/strong>:<\/h4>\n\n\n\n<ol class=\"wp-block-list\">\n<li><strong>Prova Objetiva&nbsp;<\/strong>(eliminat\u00f3rio e classificat\u00f3rio);<\/li>\n\n\n\n<li><strong>Prova Discursiva<\/strong> (eliminat\u00f3rio e classificat\u00f3rio);<\/li>\n\n\n\n<li><strong>Exames Biom\u00e9tricos e Avalia\u00e7\u00e3o M\u00e9dica<\/strong> (eliminat\u00f3rio);<\/li>\n\n\n\n<li><strong>Prova de Capacidade F\u00edsica&nbsp;<\/strong>(eliminat\u00f3rio);<\/li>\n\n\n\n<li><strong>Avalia\u00e7\u00e3o Psicol\u00f3gica<\/strong> (eliminat\u00f3rio);<\/li>\n\n\n\n<li><strong>Sindic\u00e2ncia de Vida Pregressa e Investiga\u00e7\u00e3o Social&nbsp;<\/strong>(eliminat\u00f3rio).<\/li>\n<\/ol>\n\n\n\n<h4 class=\"wp-block-heading\" id=\"h-segunda-etapa\"><strong>Segunda etapa<\/strong>:<\/h4>\n\n\n\n<ul class=\"wp-block-list\">\n<li><strong>Curso de Forma\u00e7\u00e3o Profissional<\/strong> (eliminat\u00f3rio e classificat\u00f3rio).<\/li>\n<\/ul>\n\n\n\n<h4 class=\"wp-block-heading\" id=\"prova-objetiva\">Prova Objetiva<\/h4>\n\n\n\n<p>A Prova Objetiva foi do tipo \u201ccerto\u201d ou \u201cerrado\u201d, com 120 itens para julgamento e dura\u00e7\u00e3o de <strong>4 horas e 30 minutos<\/strong>, aplicada no turno da tarde. A etapa foi eliminat\u00f3ria e classificat\u00f3ria, constitu\u00edda da seguinte maneira:<\/p>\n\n\n\n<ul class=\"wp-block-list\">\n<li><strong>Conhecimentos b\u00e1sicos<\/strong>: 50 itens;<\/li>\n\n\n\n<li><strong>Conhecimentos espec\u00edficos<\/strong>: 70 itens.<\/li>\n<\/ul>\n\n\n\n<p>Para ser aprovado nesta etapa do concurso PCDF foi necess\u00e1rio alcan\u00e7ar pelo menos 10 pontos na prova de conhecimentos b\u00e1sicos, 21 pontos na prova de conhecimentos espec\u00edficos e 36 pontos no total da prova.<\/p>\n\n\n\n<figure class=\"wp-block-table is-style-stripes\"><table class=\"has-very-light-gray-to-cyan-bluish-gray-gradient-background has-background has-fixed-layout\"><tbody><tr><td class=\"has-text-align-center\" data-align=\"center\"><strong>CONHECIMENTOS B\u00c1SICOS<\/strong><\/td><td class=\"has-text-align-center\" data-align=\"center\"><strong>CONHECIMENTOS ESPEC\u00cdFICOS<\/strong><\/td><\/tr><tr><td class=\"has-text-align-center\" data-align=\"center\">L\u00edngua Portuguesa<\/td><td class=\"has-text-align-center\" data-align=\"center\">No\u00e7\u00f5es de Direito Administrativo<\/td><\/tr><tr><td class=\"has-text-align-center\" data-align=\"center\">L\u00edngua Inglesa<\/td><td class=\"has-text-align-center\" data-align=\"center\">No\u00e7\u00f5es de Direito Constitucional<\/td><\/tr><tr><td class=\"has-text-align-center\" data-align=\"center\">Conhecimentos sobre o Distrito Federal<\/td><td class=\"has-text-align-center\" data-align=\"center\">No\u00e7\u00f5es de Direito Penal<\/td><\/tr><tr><td class=\"has-text-align-center\" data-align=\"center\">Matem\u00e1tica e Racioc\u00ednio L\u00f3gico<\/td><td class=\"has-text-align-center\" data-align=\"center\">No\u00e7\u00f5es de Direito Processual Penal<\/td><\/tr><tr><td class=\"has-text-align-center\" data-align=\"center\">Legisla\u00e7\u00e3o<\/td><td class=\"has-text-align-center\" data-align=\"center\">No\u00e7\u00f5es de Direitos Humanos<\/td><\/tr><tr><td class=\"has-text-align-center\" data-align=\"center\">&nbsp;<\/td><td class=\"has-text-align-center\" data-align=\"center\">Inform\u00e1tica<\/td><\/tr><tr><td class=\"has-text-align-center\" data-align=\"center\">&nbsp;<\/td><td class=\"has-text-align-center\" data-align=\"center\">Estat\u00edstica<\/td><\/tr><tr><td class=\"has-text-align-center\" data-align=\"center\">&nbsp;<\/td><td class=\"has-text-align-center\" data-align=\"center\">Contabilidade<\/td><\/tr><\/tbody><\/table><figcaption class=\"wp-element-caption\">Disciplinas: Agente de Pol\u00edcia da PCDF<\/figcaption><\/figure>\n\n\n\n<h4 class=\"wp-block-heading\" id=\"prova-discursiva\">Prova discursiva<\/h4>\n\n\n\n<p>A prova discursiva valeu 30,00 pontos e consistiu da reda\u00e7\u00e3o de texto dissertativo, de at\u00e9 30 linhas, a respeito de temas de <strong>atualidades<\/strong>. <\/p>\n\n\n\n<p>Esta etapa do concurso PCDF foi aplicada em conjunto com a prova objetiva, no turno da tarde.<\/p>\n\n\n\n<p><strong>Crit\u00e9rios de aprova\u00e7\u00e3o<\/strong>: de acordo com o <a href=\"https:\/\/www.estrategiaconcursos.com.br\/blog\/edital-pcdf-agente-2020\/\" target=\"_blank\" rel=\"noreferrer noopener\">edital PCDF 2020<\/a>, para ser aprovado nesta etapa, foi necess\u00e1rio atingir, no m\u00ednimo, <strong>18 pontos<\/strong>.<\/p>\n\n\n\n<h4 class=\"wp-block-heading\" id=\"teste-de-capacidade-fisica-do-concurso-pcdf\">Teste de capacidade f\u00edsica do concurso PCDF<\/h4>\n\n\n\n<p>Cada teste f\u00edsico valeu de zero a 100 pontos, devendo o candidato atingir um aproveitamento m\u00ednimo de<strong> 50% da pontua\u00e7\u00e3o<\/strong> para ser aprovado em cada teste espec\u00edfico.<\/p>\n\n\n\n<p>O candidato que n\u00e3o obteve no somat\u00f3rio total das notas de todos os testes da prova de capacidade f\u00edsica 60% de aproveitamento, foi considerado inapto e, consequentemente, eliminado do concurso PCDF.<\/p>\n\n\n\n<ul class=\"wp-block-list\">\n<li>Teste Din\u00e2mico de Barra (candidatos do sexo masculino);<\/li>\n\n\n\n<li>Teste Est\u00e1tico de Barra (candidatas do sexo feminino);<\/li>\n\n\n\n<li>Teste de Flex\u00e3o Abdominal;<\/li>\n\n\n\n<li>Teste de Meio-Sugado;<\/li>\n\n\n\n<li>Teste de Corrida de 12 minutos.<\/li>\n<\/ul>\n\n\n\n<h2 class=\"wp-block-heading\" id=\"pcdf-escrivao\">Concurso PCDF: edital 2021 para Escriv\u00e3o<\/h2>\n\n\n\n<ul class=\"wp-block-list\">\n<li><strong>Vagas<\/strong>: 300<\/li>\n\n\n\n<li><strong>Cargo<\/strong>: Escriv\u00e3o<\/li>\n\n\n\n<li><strong>Banca<\/strong>: Cebraspe<\/li>\n\n\n\n<li><strong>Edital 2021<\/strong>: <a href=\"https:\/\/dhg1h5j42swfq.cloudfront.net\/2019\/12\/12150854\/ED_1_2019_PCDF_ESCRIVAO_19_ABERTURA.pdf.pdf\" target=\"_blank\" rel=\"noreferrer noopener nofollow\">Edital PCDF Escriv\u00e3o<\/a><\/li>\n<\/ul>\n\n\n\n<h3 class=\"wp-block-heading\" id=\"cargos-e-vagas-escrivao\">Cargos e vagas<\/h3>\n\n\n\n<figure class=\"wp-block-table is-style-stripes\"><table class=\"has-very-light-gray-to-cyan-bluish-gray-gradient-background has-background has-fixed-layout\"><tbody><tr><td class=\"has-text-align-center\" data-align=\"center\"><strong>CARGOS<\/strong><\/td><td class=\"has-text-align-center\" data-align=\"center\"><strong>VAGAS<\/strong><\/td><td class=\"has-text-align-center\" data-align=\"center\"><strong>ESCOLARIDADE<\/strong><\/td><td class=\"has-text-align-center\" data-align=\"center\"><strong>REMUNERA\u00c7\u00c3O<\/strong><\/td><\/tr><tr><td class=\"has-text-align-center\" data-align=\"center\">Escriv\u00e3o<\/td><td class=\"has-text-align-center\" data-align=\"center\">300<\/td><td class=\"has-text-align-center\" data-align=\"center\">N\u00edvel Superior<\/td><td class=\"has-text-align-center\" data-align=\"center\"> R$ 8.698,78 <\/td><\/tr><\/tbody><\/table><figcaption class=\"wp-element-caption\">PCDF: quadro de vagas para Agente de Pol\u00edcia<\/figcaption><\/figure>\n\n\n\n<p><strong>Detalhamento das vagas<\/strong><\/p>\n\n\n\n<figure class=\"wp-block-table is-style-stripes\"><table class=\"has-very-light-gray-to-cyan-bluish-gray-gradient-background has-background has-fixed-layout\"><tbody><tr><td class=\"has-text-align-center\" data-align=\"center\"><strong>Ampla Concorr\u00eancia<\/strong><\/td><td class=\"has-text-align-center\" data-align=\"center\"><strong>PcD<\/strong><\/td><td class=\"has-text-align-center\" data-align=\"center\"><strong>Pretos e Pardos<\/strong><\/td><\/tr><tr><td class=\"has-text-align-center\" data-align=\"center\">225<\/td><td class=\"has-text-align-center\" data-align=\"center\">15<\/td><td class=\"has-text-align-center\" data-align=\"center\">60<\/td><\/tr><\/tbody><\/table><figcaption class=\"wp-element-caption\">Quadro com o detalhamento das vagas ofertadas<\/figcaption><\/figure>\n\n\n\n<h3 class=\"wp-block-heading\" id=\"demanda-de-candidatos-por-vaga\">Demanda de candidatos por vaga<\/h3>\n\n\n\n<p>Mais de 52 mil candidatos foram inscritos no concurso PCDF para o cargo de escriv\u00e3o. Confira abaixo a rela\u00e7\u00e3o de candidatos por vaga:<\/p>\n\n\n\n<figure class=\"wp-block-table is-style-stripes\"><table class=\"has-very-light-gray-to-cyan-bluish-gray-gradient-background has-background has-fixed-layout\"><tbody><tr><td class=\"has-text-align-center\" data-align=\"center\"><strong>Vagas<\/strong><\/td><td class=\"has-text-align-center\" data-align=\"center\"><strong>Inscritos total<\/strong><\/td><td class=\"has-text-align-center\" data-align=\"center\"><strong>Vagas total<\/strong><\/td><td class=\"has-text-align-center\" data-align=\"center\"><strong>Candidatos por vaga<\/strong><\/td><\/tr><tr><td class=\"has-text-align-center\" data-align=\"center\"><strong>Ampla concorr\u00eancia<\/strong><\/td><td class=\"has-text-align-center\" data-align=\"center\"><strong><span class=\"has-inline-color has-vivid-red-color\">52.636<\/span><\/strong><\/td><td class=\"has-text-align-center\" data-align=\"center\">225<\/td><td class=\"has-text-align-center\" data-align=\"center\">233,94<\/td><\/tr><tr><td class=\"has-text-align-center\" data-align=\"center\"><strong>Vagas PcD<\/strong><\/td><td class=\"has-text-align-center\" data-align=\"center\">550<\/td><td class=\"has-text-align-center\" data-align=\"center\">15<\/td><td class=\"has-text-align-center\" data-align=\"center\">36,67<\/td><\/tr><tr><td class=\"has-text-align-center\" data-align=\"center\"><strong>Vagas cotistas<\/strong><\/td><td class=\"has-text-align-center\" data-align=\"center\">8.668<\/td><td class=\"has-text-align-center\" data-align=\"center\">60<\/td><td class=\"has-text-align-center\" data-align=\"center\">144,47<\/td><\/tr><\/tbody><\/table><figcaption class=\"wp-element-caption\">Quadro com a quantidade de inscritos e demanda<\/figcaption><\/figure>\n\n\n\n<h3 class=\"wp-block-heading\" id=\"etapas-escrivao\">Etapas para Escriv\u00e3o<\/h3>\n\n\n\n<h4 class=\"wp-block-heading\" id=\"h-primeira-etapa-0\"><strong>Primeira etapa<\/strong>:<\/h4>\n\n\n\n<ol class=\"wp-block-list\">\n<li><strong>Prova Objetiva <\/strong>(eliminat\u00f3rio e classificat\u00f3rio);<\/li>\n\n\n\n<li><strong>Prova Discursiva<\/strong> (eliminat\u00f3rio e classificat\u00f3rio);<\/li>\n\n\n\n<li><strong>Prova Pr\u00e1tica de Digita\u00e7\u00e3o<\/strong> (eliminat\u00f3rio);<\/li>\n\n\n\n<li><strong>Exames Biom\u00e9tricos e Avalia\u00e7\u00e3o M\u00e9dica<\/strong> (eliminat\u00f3rio);<\/li>\n\n\n\n<li><strong>Prova de Capacidade F\u00edsica <\/strong>(eliminat\u00f3rio);<\/li>\n\n\n\n<li><strong>Avalia\u00e7\u00e3o Psicol\u00f3gica<\/strong> (eliminat\u00f3rio);<\/li>\n\n\n\n<li><strong>Sindic\u00e2ncia de Vida Pregressa e Investiga\u00e7\u00e3o Social <\/strong>(eliminat\u00f3rio).<\/li>\n<\/ol>\n\n\n\n<h4 class=\"wp-block-heading\" id=\"h-segunda-etapa-0\"><strong>Segunda etapa<\/strong>:<\/h4>\n\n\n\n<ul class=\"wp-block-list\">\n<li><strong>Curso de Forma\u00e7\u00e3o Profissional<\/strong> (eliminat\u00f3rio e classificat\u00f3rio).<\/li>\n<\/ul>\n\n\n\n<h4 class=\"wp-block-heading\" id=\"prova-objetiva\">Prova objetiva<\/h4>\n\n\n\n<p>A prova objetiva foi constitu\u00edda por 120 quest\u00f5es do tipo &#8220;Certo\u201d ou \u201cErrado\u201d, sendo 50 de conhecimentos b\u00e1sicos e 70 de conhecimentos espec\u00edficos. <\/p>\n\n\n\n<p>Foi reprovado na etapa e eliminado do concurso PCDF o candidato que se enquadrou em pelo menos um dos itens a seguir:<\/p>\n\n\n\n<ol class=\"wp-block-list\">\n<li>obtiver <strong>nota inferior a 10,00<\/strong> pontos na prova objetiva de conhecimentos b\u00e1sicos P1;<\/li>\n\n\n\n<li>obtiver <strong>nota inferior a 21,00<\/strong> pontos na prova objetiva de conhecimentos espec\u00edficos P2;<\/li>\n\n\n\n<li>obtiver<strong> nota inferior a 36,00<\/strong> pontos no conjunto das provas objetivas.<\/li>\n<\/ol>\n\n\n\n<figure class=\"wp-block-table is-style-stripes\"><table class=\"has-very-light-gray-to-cyan-bluish-gray-gradient-background has-background has-fixed-layout\"><tbody><tr><td class=\"has-text-align-center\" data-align=\"center\"><strong>Conhecimentos B\u00e1sicos<\/strong> <strong>(P1)<\/strong><\/td><td class=\"has-text-align-center\" data-align=\"center\"><strong>Conhecimentos Espec\u00edficos<\/strong> <strong>(P2)<\/strong><\/td><\/tr><tr><td class=\"has-text-align-center\" data-align=\"center\">L\u00edngua Portuguesa<\/td><td class=\"has-text-align-center\" data-align=\"center\">No\u00e7\u00f5es de Direito Constitucional<\/td><\/tr><tr><td class=\"has-text-align-center\" data-align=\"center\">L\u00edngua Inglesa<\/td><td class=\"has-text-align-center\" data-align=\"center\">No\u00e7\u00f5es de Direito Penal<\/td><\/tr><tr><td class=\"has-text-align-center\" data-align=\"center\">Conhecimentos Sobre o Distrito Federal<\/td><td class=\"has-text-align-center\" data-align=\"center\">No\u00e7\u00f5es de Direito Processual Penal<\/td><\/tr><tr><td class=\"has-text-align-center\" data-align=\"center\">Legisla\u00e7\u00e3o<\/td><td class=\"has-text-align-center\" data-align=\"center\">No\u00e7\u00f5es de Direitos Humanos<\/td><\/tr><tr><td class=\"has-text-align-center\" data-align=\"center\">&#8211;<\/td><td class=\"has-text-align-center\" data-align=\"center\">Inform\u00e1tica<\/td><\/tr><tr><td class=\"has-text-align-center\" data-align=\"center\">&#8211;<\/td><td class=\"has-text-align-center\" data-align=\"center\">Matem\u00e1tica e Racioc\u00ednio L\u00f3gico<\/td><\/tr><\/tbody><\/table><figcaption class=\"wp-element-caption\">Quadro de disciplinas da Prova Objetiva para Escriv\u00e3o<\/figcaption><\/figure>\n\n\n\n<h4 class=\"wp-block-heading\" id=\"prova-discursiva\">Prova Discursiva<\/h4>\n\n\n\n<p>A prova discursiva foi composta de uma<strong> reda\u00e7\u00e3o com at\u00e9 30 linhas<\/strong> sobre tema inerente ao conte\u00fado program\u00e1tico do concurso. A banca examinadora realizou a corre\u00e7\u00e3o de macroestrutura (conte\u00fado) e de microestrutura (l\u00edngua portuguesa).<\/p>\n\n\n\n<p>Foram corrigidas at\u00e9 900 provas discursivas (tr\u00eas vezes o n\u00famero de vagas) dos candidatos aprovados nas provas objetivas do concurso PCDF, respeitados os empates na \u00faltima posi\u00e7\u00e3o. <\/p>\n\n\n\n<h4 class=\"wp-block-heading\" id=\"prova-pratica-de-digitacao\">Prova Pr\u00e1tica de Digita\u00e7\u00e3o<\/h4>\n\n\n\n<p>Foram convocados nesta etapa do concurso PCDF para Escriv\u00e3o todos os candidatos aprovados na prova discursiva.<\/p>\n\n\n\n<p>A prova pr\u00e1tica teve a dura\u00e7\u00e3o de 10 minutos, valendo 10,00 pontos e consistiu de digita\u00e7\u00e3o de um texto predefinido de, aproximadamente, dois mil caracteres, em computador compat\u00edvel com IBM\/PC.<\/p>\n\n\n\n<h4 class=\"wp-block-heading\" id=\"prova-de-capacidade-fisica\">Prova de Capacidade F\u00edsica <\/h4>\n\n\n\n<p>Cada teste f\u00edsico valeu de zero a 100 pontos, devendo o candidato atingir um aproveitamento m\u00ednimo de<strong> 50% da pontua\u00e7\u00e3o<\/strong> para ser aprovado em cada teste espec\u00edfico.<\/p>\n\n\n\n<p>O candidato que n\u00e3o obteve no somat\u00f3rio total das notas de todos os testes da prova de capacidade f\u00edsica 60% de aproveitamento, foi considerado inapto e, consequentemente, eliminado do concurso PCDF.<\/p>\n\n\n\n<ul class=\"wp-block-list\">\n<li>Teste Din\u00e2mico de Barra (candidatos do sexo masculino);<\/li>\n\n\n\n<li>Teste Est\u00e1tico de Barra (candidatas do sexo feminino);<\/li>\n\n\n\n<li>Teste de Flex\u00e3o Abdominal;<\/li>\n\n\n\n<li>Teste de Meio-Sugado;<\/li>\n\n\n\n<li>Teste de Corrida de 12 minutos.<\/li>\n<\/ul>\n\n\n\n<h2 class=\"wp-block-heading\" id=\"ultimos-editais\">Concurso PCDF: \u00faltimos editais Pol\u00edcia T\u00e9cnica<\/h2>\n\n\n\n<h3 class=\"wp-block-heading\" id=\"perito-criminal-2016\">Edital Perito Criminal PCDF &#8211; 2016<\/h3>\n\n\n\n<ul class=\"wp-block-list\">\n<li><strong>Data<\/strong>: 2016<\/li>\n\n\n\n<li><strong>Vagas<\/strong>: 20 + 80 CR<\/li>\n\n\n\n<li><strong>Banca<\/strong>: IADES<\/li>\n\n\n\n<li><strong>Edital<\/strong>: <a href=\"https:\/\/dhg1h5j42swfq.cloudfront.net\/2024\/05\/27122222\/edital_01_-_perito_criminal.pdf\" target=\"_blank\" rel=\"noreferrer noopener nofollow\">Perito Criminal-2016<\/a> <\/li>\n<\/ul>\n\n\n\n<p>Em 2016, sob organiza\u00e7\u00e3o do IADES, foram ofertadas 20 vagas imediatas e 80 para forma\u00e7\u00e3o de cadastro de reserva ao cargo de Perito Criminal. <\/p>\n\n\n\n<figure class=\"wp-block-table is-style-stripes\"><table class=\"has-very-light-gray-to-cyan-bluish-gray-gradient-background has-background has-fixed-layout\"><thead><tr><th class=\"has-text-align-center\" data-align=\"center\">Especialidade<\/th><th class=\"has-text-align-center\" data-align=\"center\">Vagas<\/th><\/tr><\/thead><tbody><tr><td class=\"has-text-align-center\" data-align=\"center\">CI\u00caNCIAS BIOL\u00d3GICAS<\/td><td class=\"has-text-align-center\" data-align=\"center\">2 + 9 CR<\/td><\/tr><tr><td class=\"has-text-align-center\" data-align=\"center\">CI\u00caNCIAS CONT\u00c1BEIS<\/td><td class=\"has-text-align-center\" data-align=\"center\">2 + 5 CR<\/td><\/tr><tr><td class=\"has-text-align-center\" data-align=\"center\">CI\u00caNCIA DA COMPUTA\u00c7\u00c3O\/INFORM\u00c1TICA<\/td><td class=\"has-text-align-center\" data-align=\"center\">2 + 10 CR<\/td><\/tr><tr><td class=\"has-text-align-center\" data-align=\"center\">ENGENHARIA<\/td><td class=\"has-text-align-center\" data-align=\"center\">7 + 32 CR<\/td><\/tr><tr><td class=\"has-text-align-center\" data-align=\"center\">FARM\u00c1CIA\/BIOQU\u00cdMICA<\/td><td class=\"has-text-align-center\" data-align=\"center\">1 + 4 CR<\/td><\/tr><tr><td class=\"has-text-align-center\" data-align=\"center\">F\u00cdSICA<\/td><td class=\"has-text-align-center\" data-align=\"center\">2 + 10 CR<\/td><\/tr><tr><td class=\"has-text-align-center\" data-align=\"center\">GEOLOGIA<\/td><td class=\"has-text-align-center\" data-align=\"center\">1 + 3 CR<\/td><\/tr><tr><td class=\"has-text-align-center\" data-align=\"center\">ODONTOLOGIA<\/td><td class=\"has-text-align-center\" data-align=\"center\">1 + 1 CR<\/td><\/tr><tr><td class=\"has-text-align-center\" data-align=\"center\">QU\u00cdMICA<\/td><td class=\"has-text-align-center\" data-align=\"center\">2 + 6 CR<\/td><\/tr><\/tbody><\/table><\/figure>\n\n\n\n<p>O concurso p\u00fablico PCDF Perito Criminal consistiu de duas etapas, conforme a seguir. A 1\u00aa etapa foi composta por sete fases, a saber: <\/p>\n\n\n\n<ul class=\"wp-block-list\">\n<li><strong>a) Fase 1<\/strong> &#8211; prova objetiva de conhecimentos gerais e espec\u00edficos, de car\u00e1ter eliminat\u00f3rio e classificat\u00f3rio;<\/li>\n\n\n\n<li><strong>b) Fase 2<\/strong> &#8211; prova discursiva de conhecimentos gerais e espec\u00edficos, de car\u00e1ter eliminat\u00f3rio e classificat\u00f3rio;<\/li>\n\n\n\n<li><strong>c) Fase 3<\/strong> &#8211; sindic\u00e2ncia de vida pregressa e investiga\u00e7\u00e3o social, de car\u00e1ter unicamente eliminat\u00f3rio;<\/li>\n\n\n\n<li><strong>d) Fase 4<\/strong> &#8211; exames biom\u00e9tricos e avalia\u00e7\u00e3o m\u00e9dica, de car\u00e1ter unicamente eliminat\u00f3rio;<\/li>\n\n\n\n<li><strong>e) Fase 5<\/strong> &#8211; prova de capacidade f\u00edsica, de car\u00e1ter unicamente eliminat\u00f3rio;<\/li>\n\n\n\n<li><strong>f) Fase 6<\/strong> &#8211; avalia\u00e7\u00e3o psicol\u00f3gica, de car\u00e1ter unicamente eliminat\u00f3rio;<\/li>\n\n\n\n<li><strong>g) Fase 7<\/strong> &#8211; prova de t\u00edtulos, de car\u00e1ter meramente classificat\u00f3rio.<\/li>\n<\/ul>\n\n\n\n<p>A <strong>prova objetiva<\/strong> foi composta de 80 quest\u00f5es de m\u00faltipla escolha, com cinco alternativas, e pontua\u00e7\u00e3o total variando entre o m\u00ednimo de 0,00 ponto e o m\u00e1ximo de 100,00 pontos.<\/p>\n\n\n\n<ul class=\"wp-block-list\">\n<li><strong>a) conhecimentos gerais<\/strong>: 40 quest\u00f5es, com peso igual a 1,25 para cada quest\u00e3o, sendo: 8 quest\u00f5es de L\u00edngua Portuguesa, 6 quest\u00f5es de Matem\u00e1tica, Estat\u00edstica e Racioc\u00ednio L\u00f3gico, 4 quest\u00f5es sobre Aspectos Geopol\u00edticos do Distrito Federal, 3 quest\u00f5es sobre a Lei Org\u00e2nica do Distrito Federal, 4 quest\u00f5es de No\u00e7\u00f5es de Direito Administrativo, 4 quest\u00f5es de No\u00e7\u00f5es de Direito Constitucional, 4 quest\u00f5es de No\u00e7\u00f5es de Direito Penal, 4 quest\u00f5es de No\u00e7\u00f5es de Direito Processual Penal e 3 quest\u00f5es de Legisla\u00e7\u00e3o Especial;<\/li>\n\n\n\n<li><strong>b) conhecimentos espec\u00edficos<\/strong>: 40 quest\u00f5es, com peso igual a 1,25 para cada quest\u00e3o.<\/li>\n<\/ul>\n\n\n\n<p>A <strong>prova discursiva<\/strong> consistiu de 4 quest\u00f5es discursivas de 10 a 15 linhas. A pontua\u00e7\u00e3o m\u00e1xima foi igual a 100,00 pontos, sendo a pontua\u00e7\u00e3o m\u00e1xima para cada quest\u00e3o discursiva igual a 25,00 pontos.<\/p>\n\n\n\n<p>A <strong>prova de capacidade f\u00edsica<\/strong> consistiu em teste din\u00e2mico de barra fixa, teste de flex\u00e3o abdominal, teste de meio sugado e teste de corrida de 12 minutos. Cada teste f\u00edsico valeu de 00 a 100 pontos, sendo aprovado aquele que atingiu 50% da pontua\u00e7\u00e3o.<\/p>\n\n\n\n<h3 class=\"wp-block-heading\" id=\"papiloscopista-2014\">Edital Papiloscopista PCDF &#8211; 2014<\/h3>\n\n\n\n<ul class=\"wp-block-list\">\n<li><strong>Data<\/strong>: 2014<\/li>\n\n\n\n<li><strong>Vagas<\/strong>: 50 + 107 CR<\/li>\n\n\n\n<li><strong>Banca<\/strong>: Funda\u00e7\u00e3o Universa<\/li>\n\n\n\n<li><strong>Edital<\/strong>: <a href=\"https:\/\/dhg1h5j42swfq.cloudfront.net\/2024\/05\/27122246\/edital_01_normativo_papoloscopista.pdf\" target=\"_blank\" rel=\"noreferrer noopener nofollow\">Papiloscopista-2014<\/a><\/li>\n<\/ul>\n\n\n\n<p>Sob organiza\u00e7\u00e3o da Funda\u00e7\u00e3o Universa, foram ofertadas <strong>50 vagas imediatas para Papiloscopista<\/strong>, sendo 47 de ampla concorr\u00eancia e 3 aos candidatos com defici\u00eancia, al\u00e9m de 107 em cadastro de reserva. O concurso consistiu de duas etapas.<\/p>\n\n\n\n<ul class=\"wp-block-list\">\n<li><strong>a) Fase 1<\/strong> &#8211; prova objetiva de conhecimentos gerais e espec\u00edficos, de car\u00e1ter eliminat\u00f3rio e classificat\u00f3rio;<\/li>\n\n\n\n<li><strong>b) Fase 2<\/strong> &#8211; prova discursiva, de car\u00e1ter eliminat\u00f3rio e classificat\u00f3rio;<\/li>\n\n\n\n<li><strong>c) Fase 3<\/strong> &#8211; per\u00edcia para os candidatos com defici\u00eancia, de car\u00e1ter unicamente eliminat\u00f3rio;<\/li>\n\n\n\n<li><strong>d) Fase 4<\/strong> &#8211; exames biom\u00e9tricos e avalia\u00e7\u00e3o m\u00e9dica, de car\u00e1ter unicamente eliminat\u00f3rio;<\/li>\n\n\n\n<li><strong>e) Fase 5<\/strong> &#8211; prova de capacidade f\u00edsica, de car\u00e1ter unicamente eliminat\u00f3rio;<\/li>\n\n\n\n<li><strong>f) Fase 6<\/strong> &#8211; sindic\u00e2ncia de vida pregressa e investiga\u00e7\u00e3o social, de car\u00e1ter unicamente eliminat\u00f3rio;<\/li>\n\n\n\n<li><strong>g) Fase 7<\/strong> &#8211; avalia\u00e7\u00e3o psicol\u00f3gica, de car\u00e1ter unicamente eliminat\u00f3rio.<\/li>\n<\/ul>\n\n\n\n<p>A <strong>prova objetiva<\/strong> foi composta de 120 itens (Certo ou Errado), valendo 120,00 pontos. A <strong>prova discursiva <\/strong>consistiu na elabora\u00e7\u00e3o de um texto dissertativo, de at\u00e9 30 linhas.<\/p>\n\n\n\n<p>A <strong>prova de capacidade f\u00edsica<\/strong> consistiu em teste din\u00e2mico de barra fixa, teste de flex\u00e3o abdominal, teste de meio sugado e teste de corrida de 12 minutos. Cada teste f\u00edsico valeu de 00 a 100 pontos, sendo aprovado aquele que atingiu 50% da pontua\u00e7\u00e3o.<\/p>\n\n\n\n<h3 class=\"wp-block-heading\" id=\"medico-legista-2014\">Edital Perito M\u00e9dico-Legista PCDF &#8211; 2014<\/h3>\n\n\n\n<ul class=\"wp-block-list\">\n<li><strong>Data<\/strong>: 2014<\/li>\n\n\n\n<li><strong>Vagas<\/strong>: 20<\/li>\n\n\n\n<li><strong>Banca<\/strong>: Funda\u00e7\u00e3o Universa<\/li>\n\n\n\n<li><strong>Edital<\/strong>: <a href=\"https:\/\/dhg1h5j42swfq.cloudfront.net\/2024\/05\/27122250\/edital_01_normativo.pdf\" target=\"_blank\" rel=\"noreferrer noopener nofollow\">M\u00e9dico Legista-2014<\/a><\/li>\n<\/ul>\n\n\n\n<p>Sob organiza\u00e7\u00e3o da Funda\u00e7\u00e3o Universa, foram ofertadas <strong>20 vagas imediatas para Perito M\u00e9dico-Legista<\/strong>, sendo 19 de ampla concorr\u00eancia e 1 aos candidatos com defici\u00eancia, al\u00e9m de 40 em cadastro de reserva. <\/p>\n\n\n\n<ul class=\"wp-block-list\">\n<li><strong>a) Fase 1<\/strong> &#8211; prova objetiva de conhecimentos gerais e espec\u00edficos, de car\u00e1ter eliminat\u00f3rio e classificat\u00f3rio;<\/li>\n\n\n\n<li><strong>b) Fase 2<\/strong> &#8211; prova discursiva, de car\u00e1ter eliminat\u00f3rio e classificat\u00f3rio;<\/li>\n\n\n\n<li><strong>c) Fase 3<\/strong> &#8211; per\u00edcia para os candidatos com defici\u00eancia, de car\u00e1ter unicamente eliminat\u00f3rio;<\/li>\n\n\n\n<li><strong>d) Fase 4<\/strong> &#8211; exames biom\u00e9tricos e avalia\u00e7\u00e3o m\u00e9dica, de car\u00e1ter unicamente eliminat\u00f3rio;<\/li>\n\n\n\n<li><strong>e) Fase 5<\/strong> &#8211; prova de capacidade f\u00edsica, de car\u00e1ter unicamente eliminat\u00f3rio;<\/li>\n\n\n\n<li><strong>f) Fase 6<\/strong> &#8211; sindic\u00e2ncia de vida pregressa e investiga\u00e7\u00e3o social, de car\u00e1ter unicamente eliminat\u00f3rio;<\/li>\n\n\n\n<li><strong>g) Fase 7<\/strong> &#8211; avalia\u00e7\u00e3o psicol\u00f3gica, de car\u00e1ter unicamente eliminat\u00f3rio.<\/li>\n\n\n\n<li><strong>h) Fase 8<\/strong> &#8211; prova de t\u00edtulos, de car\u00e1ter meramente classificat\u00f3rio.<\/li>\n<\/ul>\n\n\n\n<p>A <strong>prova objetiva<\/strong> foi composta de 120 itens (Certo ou Errado), valendo 120,00 pontos. A <strong>prova discursiva <\/strong>consistiu na elabora\u00e7\u00e3o de um texto dissertativo, de at\u00e9 30 linhas.<\/p>\n\n\n\n<p>A <strong>prova de capacidade f\u00edsica<\/strong> consistiu em teste din\u00e2mico de barra fixa, teste de flex\u00e3o abdominal, teste de meio sugado e teste de corrida de 12 minutos. Cada teste f\u00edsico valeu de 00 a 100 pontos, sendo aprovado aquele que atingiu 50% da pontua\u00e7\u00e3o.<\/p>\n\n\n\n<h2 class=\"wp-block-heading\" id=\"materiais-gratuitos\">Concurso PCDF: materiais gratuitos<\/h2>\n\n\n\n<h3 class=\"wp-block-heading\" id=\"estrategico\">Edital Estrat\u00e9gico concurso PCDF: baixe gratuitamente<\/h3>\n\n\n\n<ul class=\"wp-block-list\">\n<li><strong><a href=\"https:\/\/docs.google.com\/spreadsheets\/d\/10SvXxlCY94V1CIQOGO1_WxynuUQ4ujzn\/edit?usp=sharing&amp;ouid=101265451508967920612&amp;rtpof=true&amp;sd=true\" target=\"_blank\" rel=\"noreferrer noopener nofollow\">Agente de Pol\u00edcia<\/a><\/strong><\/li>\n\n\n\n<li><strong><a href=\"https:\/\/drive.google.com\/file\/d\/0BwI9y3sTyv27NHdCT29VaE56Qmk5Wi1vTV9nc1hfZEd6TzBZ\/view\" target=\"_blank\" rel=\"noreferrer noopener nofollow\">Escriv\u00e3o<\/a><\/strong><\/li>\n<\/ul>\n\n\n\n<h3 class=\"wp-block-heading\" id=\"e-book-pcdf-analise-estatistica\">E-book PCDF: An\u00e1lise Estat\u00edstica<\/h3>\n\n\n\n<p>O Prof. T\u00falio Lages, coordenador dos cursos do \u201cPasso Estrat\u00e9gico\u201d, elaborou uma an\u00e1lise estat\u00edstica dos temas mais cobrados em prova pelo Cebraspe e que, portanto, t\u00eam mais chance de serem cobrados na prova da Pol\u00edcia Civil do Distrito Federal.<\/p>\n\n\n\n<p>Baixe gratuitamente no link abaixo:&nbsp;<\/p>\n\n\n\n<ul class=\"wp-block-list\">\n<li><a href=\"https:\/\/www.estrategiaconcursos.com.br\/blog\/pc-df-ebook-gratuito-com-estatisticas-de-cobranca-dos-assuntos\/\" target=\"_blank\" rel=\"noreferrer noopener\"><strong>Ebook PCDF<\/strong><\/a><\/li>\n<\/ul>\n\n\n\n<h3 class=\"wp-block-heading\" id=\"guia-de-estudos-do-concurso-pcdf\">Guia de Estudos do concurso PCDF<\/h3>\n\n\n\n<ul class=\"wp-block-list\">\n<li><strong><a href=\"https:\/\/www.estrategiaconcursos.com.br\/blog\/guia-de-estudos-pcdf-agente-policia-2025\/\" target=\"_blank\" rel=\"noreferrer noopener\">Guia de Estudos Agente PCDF &#8211; 2025<\/a><\/strong><\/li>\n\n\n\n<li><a href=\"https:\/\/www.estrategiaconcursos.com.br\/blog\/guia-de-estudos-pcdf-escrivao-2020\/\" target=\"_blank\" rel=\"noreferrer noopener\"><strong>Guia de estudos Escriv\u00e3o PCDF &#8211; 2020<\/strong><\/a><\/li>\n<\/ul>\n\n\n\n<h3 class=\"wp-block-heading\" id=\"vade-mecum-pcdf\">Vade Mecum PCDF<\/h3>\n\n\n\n<p>A equipe do Estrat\u00e9gia Concursos elaborou um Vade Mecum para a PCDF, com toda a Legisla\u00e7\u00e3o prevista nos editais.<\/p>\n\n\n\n<p>Baixe gratuitamente nos links abaixo:&nbsp;<\/p>\n\n\n\n<ul class=\"wp-block-list\">\n<li><a href=\"https:\/\/dhg1h5j42swfq.cloudfront.net\/2019\/12\/20113525\/VM-escriv%C3%A3o-PC-DF_atualizado.pdf\" target=\"_blank\" rel=\"noreferrer noopener nofollow\"><strong>Vade Mecum &#8211; Escriv\u00e3o<\/strong><\/a><\/li>\n\n\n\n<li><strong><a href=\"https:\/\/dhg1h5j42swfq.cloudfront.net\/2019\/09\/20124046\/VADE_MECUM_AGENTE.pdf\" target=\"_blank\" rel=\"noreferrer noopener nofollow\">Vade Mecum &#8211; Agente<\/a><\/strong><\/li>\n<\/ul>\n\n\n\n<h2 class=\"wp-block-heading\" id=\"outros-concursos\">Concurso PCDF: outros concursos<\/h2>\n\n\n\n<p>A Pol\u00edcia Civil do Distrito Federal tamb\u00e9m possui outros concursos previstos e em andamento. Confira abaixo:<\/p>\n\n\n\n<ul class=\"wp-block-list\">\n<li><strong><a href=\"https:\/\/www.estrategiaconcursos.com.br\/blog\/concurso-delegado-df\/\" target=\"_blank\" rel=\"noreferrer noopener\">Concurso Delegado DF<\/a><\/strong><\/li>\n\n\n\n<li><strong><a href=\"https:\/\/www.estrategiaconcursos.com.br\/blog\/concurso-pcdf-agente-de-custodia\/\" target=\"_blank\" rel=\"noreferrer noopener\">Concurso PCDF Agente de Cust\u00f3dia<\/a><\/strong><\/li>\n\n\n\n<li><a href=\"https:\/\/www.estrategiaconcursos.com.br\/blog\/concurso-pcdf-administrativo\/\" target=\"_blank\" rel=\"noreferrer noopener\"><strong>Concurso PCDF Administrativo<\/strong><\/a><\/li>\n<\/ul>\n\n\n\n<hr class=\"wp-block-separator has-css-opacity\"\/>\n\n\n\n<h2 class=\"wp-block-heading has-text-align-center\" id=\"h-quer-ficar-por-dentro-de-todas-as-informacoes-dos-concursos-entao-confira-nossos-artigos\">Quer ficar por dentro de todas as informa\u00e7\u00f5es dos concursos? Ent\u00e3o, confira nossos artigos:<\/h2>\n\n\n\n<ul class=\"wp-block-list\">\n<li><a href=\"https:\/\/www.estrategiaconcursos.com.br\/blog\/concursos-df\/\" target=\"_blank\" rel=\"noreferrer noopener\">Concursos DF<\/a><\/li>\n\n\n\n<li><a href=\"https:\/\/www.estrategiaconcursos.com.br\/blog\/concursos-abertos\/\" target=\"_blank\" rel=\"noreferrer noopener\">Concursos abertos<\/a><\/li>\n\n\n\n<li><a href=\"https:\/\/www.estrategiaconcursos.com.br\/blog\/concursos-de-policia\/\" target=\"_blank\" rel=\"noreferrer noopener\">Concursos de pol\u00edcia<\/a><\/li>\n\n\n\n<li><a href=\"https:\/\/www.estrategiaconcursos.com.br\/blog\/concursos-2026\/\" target=\"_blank\" rel=\"noreferrer noopener\">Concursos 2026<\/a><\/li>\n<\/ul>\n\n\n\n<h2 class=\"wp-block-heading has-text-align-center\" id=\"assinatura-e-cursos\">Quer estudar para o concurso Pol\u00edcia Civil DF?<\/h2>\n\n\n\n<div id=\"boxes\" class=\"container\">\n<div class=\"row\">\n<div class=\"col-sm\">\n<div id=\"box-assinatura\" class=\"banner-policia-civil\">\n<h3 class=\"titulo-assinatura\">Concurso PCDF<\/h3>\n<p class=\"subtitulo-assinatura\">Prepara\u00e7\u00e3o completa para a carreira na PCDF<\/p>\n<div class=\"box-botao\"><a class=\"btn-assinatura\" role=\"button\" href=\"https:\/\/www.estrategiaconcursos.com.br\/cursosPorConcurso\/policia-civil-do-distrito-federal-pc-df\/\" target=\"_blank\" rel=\"noopener noreferrer\">VER CURSOS<\/a><\/div>\n<\/div>\n\n<\/div>\n<\/div>\n<\/div>\n\n\n\n<div class=\"container\" id=\"boxes\">\n  <div class=\"row\">\n\n    <div class=\"col-sm\">\n      <div class=\"estrategia\" id=\"box-assinatura\">\n        <h3 class=\"titulo-assinatura\">Assinatura de Concursos<\/h3>\n        <p class=\"subtitulo-assinatura\">Assinatura de 1 ano ou 2 anos<\/p>\n        <div class=\"box-botao\">\n          <a class=\"btn-assinatura\" target=\"_blank\" href=\"https:\/\/www.estrategiaconcursos.com.br\/assinaturas\/\" role=\"button\" rel=\"noopener noreferrer\">ASSINE AGORA<\/a>\n        <\/div>\n      <\/div>\n     \n    <\/div><\/div><\/div>\n\n\n\n<figure class=\"wp-block-image is-resized\"><img decoding=\"async\" src=\"https:\/\/dhg1h5j42swfq.cloudfront.net\/2021\/03\/27101326\/ficha-tecnica-1-1024x632.png\" alt=\"Ficha do concurso PCDF\" style=\"width:278px;height:171px\"\/><\/figure>\n\n\n\n<h3 class=\"wp-block-heading\" id=\"ficha-tecnica\">Informa\u00e7\u00f5es do pr\u00f3ximo concurso PCDF <\/h3>\n\n\n\n<ul class=\"wp-block-list\">\n<li><strong>Data prevista<\/strong>: 2026<\/li>\n\n\n\n<li><strong>Vagas<\/strong>: 105 + 210 CR <\/li>\n\n\n\n<li><strong>Cargos<\/strong>: Perito Criminal, M\u00e9dico-Legista e Papiloscopista<\/li>\n\n\n\n<li><strong>Escolaridade<\/strong>: N\u00edvel superior<\/li>\n\n\n\n<li><strong>Banca<\/strong>: a definir<\/li>\n\n\n\n<li><strong>\u00daltimos editais<\/strong>:&nbsp;<a href=\"https:\/\/dhg1h5j42swfq.cloudfront.net\/2024\/05\/27122222\/edital_01_-_perito_criminal.pdf\" target=\"_blank\" rel=\"noreferrer noopener nofollow\">Perito Criminal-2016<\/a> | <a href=\"https:\/\/dhg1h5j42swfq.cloudfront.net\/2024\/05\/27122250\/edital_01_normativo.pdf\" target=\"_blank\" rel=\"noreferrer noopener nofollow\">M\u00e9dico Legista-2014<\/a> | <a href=\"https:\/\/dhg1h5j42swfq.cloudfront.net\/2024\/05\/27122246\/edital_01_normativo_papoloscopista.pdf\" target=\"_blank\" rel=\"noreferrer noopener nofollow\">Papiloscopista-2014<\/a><\/li>\n<\/ul>\n\n\n\n<h3 class=\"wp-block-heading\" id=\"ficha\">Informa\u00e7\u00f5es do \u00faltimo concurso PCDF <\/h3>\n\n\n\n<div class=\"wp-block-columns is-layout-flex wp-container-core-columns-is-layout-28f84493 wp-block-columns-is-layout-flex\">\n<div class=\"wp-block-column is-layout-flow wp-block-column-is-layout-flow\">\n<ul class=\"wp-block-list\">\n<li><strong>Data<\/strong>: 2021<\/li>\n\n\n\n<li><strong>Vagas<\/strong>: 600 + 1.200 CR<\/li>\n\n\n\n<li><strong>Cargo<\/strong>: Agente de Pol\u00edcia<\/li>\n\n\n\n<li><strong>Banca<\/strong>: Cebraspe<\/li>\n\n\n\n<li><strong>Escolaridade<\/strong>: N\u00edvel superior <\/li>\n\n\n\n<li><strong>Edital<\/strong>: <a href=\"https:\/\/dhg1h5j42swfq.cloudfront.net\/2020\/07\/01074546\/Edital-PCDF-Agente-2020-1-1.pdf\" target=\"_blank\" rel=\"noreferrer noopener nofollow\">Agente 2020<\/a><\/li>\n<\/ul>\n<\/div>\n\n\n\n<div class=\"wp-block-column is-layout-flow wp-block-column-is-layout-flow\">\n<ul class=\"wp-block-list\">\n<li><strong>Data<\/strong>: 2021<\/li>\n\n\n\n<li><strong>Vagas<\/strong>: 300<\/li>\n\n\n\n<li><strong>Cargo<\/strong>: Escriv\u00e3o<\/li>\n\n\n\n<li><strong>Banca<\/strong>: Cebraspe<\/li>\n\n\n\n<li><strong>Escolaridade<\/strong>: N\u00edvel superior<\/li>\n\n\n\n<li><strong>Edital<\/strong>: <a href=\"https:\/\/dhg1h5j42swfq.cloudfront.net\/2019\/12\/12150854\/ED_1_2019_PCDF_ESCRIVAO_19_ABERTURA.pdf.pdf\" target=\"_blank\" rel=\"noreferrer noopener nofollow\">PCDF Escriv\u00e3o 2020<\/a><\/li>\n<\/ul>\n<\/div>\n<\/div>\n\n\n\n<div class=\"schema-faq wp-block-yoast-faq-block\"><div class=\"schema-faq-section\" id=\"faq-question-1754077876089\"><strong class=\"schema-faq-question\">Quando ser\u00e1 o pr\u00f3ximo Concurso PCDF?<\/strong> <p class=\"schema-faq-answer\">Segundo o Projeto de Lei Or\u00e7ament\u00e1ria Anual do Distrito Federal 2026, bem como outros planos or\u00e7ament\u00e1rios do DF, \u00e9 previsto o provimento de 805 vagas em diferentes cargos para o Concurso PCDF no pr\u00f3ximo ano. J\u00e1 para os cargos de Perito Criminal, Perito M\u00e9dico-Legista e Papiloscopista Policial o concurso est\u00e1 autorizado com 105 vagas imediatas e 210 em cadastro de reserva.<\/p> <\/div> <div class=\"schema-faq-section\" id=\"faq-question-1754078450253\"><strong class=\"schema-faq-question\">Qual o sal\u00e1rio de um Policial Civil do DF?<\/strong> <p class=\"schema-faq-answer\">O reajuste de<strong>\u00a018%\u00a0<\/strong>na recomposi\u00e7\u00e3o salarial do concurso PCDF j\u00e1 foi promulgado e virou a Lei 14.724, de 2023. Agora, o inicial dos cargos de\u00a0<strong>Agente e Escriv\u00e3o da PCDF\u00a0<\/strong>\u00e9 de R$ 11.085,72. J\u00e1 os sal\u00e1rios iniciais dos cargos autorizados do Concurso PCDF variam de\u00a0R$ 11.085,72\u00a0a R$ 21.449,24.<\/p> <\/div> <div class=\"schema-faq-section\" id=\"faq-question-1754078606555\"><strong class=\"schema-faq-question\">Qual a banca organizadora do pr\u00f3ximo Concurso PCDF?<\/strong> <p class=\"schema-faq-answer\">O Cebraspe ser\u00e1 a banca dos concursos da PCDF para os cargos de Agente de Cust\u00f3dia e Escriv\u00e3o. Em 2021, o Cebraspe tamb\u00e9m foi a banca do \u00faltimo certame da Pol\u00edcia Civil do Distrito Federal. <\/p> <\/div> <\/div>\n","protected":false},"excerpt":{"rendered":"<p>PCDF possui novos concursos autorizados, solicitados e com banca definida! S\u00e3o 315 provimentos previstos com sal\u00e1rio de at\u00e9 R$ 21.449,24! A realiza\u00e7\u00e3o de novos certames no Distrito Federal \u00e9 sempre aguardada, com grande destaque para o concurso PCDF (Pol\u00edcia Civil do Distrito Federal). Recentemente, foi publicada a retifica\u00e7\u00e3o no Plano Anual de Compras e Contrata\u00e7\u00f5es [&hellip;]<\/p>\n","protected":false},"author":1206,"featured_media":1503862,"comment_status":"open","ping_status":"open","sticky":false,"template":"","format":"standard","meta":{"post_tipo":"news_page","footnotes":""},"categories":[1988],"tags":[498,625],"tax_estado":[219970],"class_list":["post-31528","post","type-post","status-publish","format-standard","has-post-thumbnail","hentry","category-policia","tag-pc-df","tag-policia-civil-df","tax_estado-df"],"acf":[],"yoast_head":"<!-- This site is optimized with the Yoast SEO Premium plugin v27.2 (Yoast SEO v27.2) - https:\/\/yoast.com\/product\/yoast-seo-premium-wordpress\/ -->\n<title>Concurso PCDF: 315 vagas autorizadas! Veja \u00faltimas not\u00edcias<\/title>\n<meta name=\"description\" content=\"Mais de 800 vagas s\u00e3o previstas para o Concurso PCDF em diferentes cargos. Novos s\u00e3o previstos em 2026. Confira mais!\" \/>\n<meta name=\"robots\" content=\"index, follow, max-snippet:-1, max-image-preview:large, max-video-preview:-1\" \/>\n<link rel=\"canonical\" href=\"https:\/\/www.estrategiaconcursos.com.br\/blog\/concurso-pcdf\/\" \/>\n<meta property=\"og:locale\" content=\"pt_BR\" \/>\n<meta property=\"og:type\" content=\"article\" \/>\n<meta property=\"og:title\" content=\"Concurso PCDF: 315 vagas autorizadas! Veja \u00faltimas not\u00edcias\" \/>\n<meta property=\"og:description\" content=\"Mais de 800 vagas s\u00e3o previstas para o Concurso PCDF em diferentes cargos. Novos s\u00e3o previstos em 2026. Confira mais!\" \/>\n<meta property=\"og:url\" content=\"https:\/\/www.estrategiaconcursos.com.br\/blog\/concurso-pcdf\/\" \/>\n<meta property=\"og:site_name\" content=\"Estrat\u00e9gia Concursos\" \/>\n<meta property=\"article:published_time\" content=\"2026-04-10T12:40:00+00:00\" \/>\n<meta property=\"article:modified_time\" content=\"2026-04-10T13:41:29+00:00\" \/>\n<meta property=\"og:image\" content=\"https:\/\/dhg1h5j42swfq.cloudfront.net\/2024\/12\/11163251\/pcdf.jpg\" \/>\n\t<meta property=\"og:image:width\" content=\"768\" \/>\n\t<meta property=\"og:image:height\" content=\"432\" \/>\n\t<meta property=\"og:image:type\" content=\"image\/jpeg\" \/>\n<meta name=\"author\" content=\"Bruna de Andrade Fran\u00e7a\" \/>\n<meta name=\"twitter:card\" content=\"summary_large_image\" \/>\n<meta name=\"twitter:creator\" content=\"@EstratConcursos\" \/>\n<meta name=\"twitter:site\" content=\"@EstratConcursos\" \/>\n<meta name=\"twitter:label1\" content=\"Escrito por\" \/>\n\t<meta name=\"twitter:data1\" content=\"Bruna de Andrade Fran\u00e7a\" \/>\n\t<meta name=\"twitter:label2\" content=\"Est. tempo de leitura\" \/>\n\t<meta name=\"twitter:data2\" content=\"13 minutos\" \/>\n<script type=\"application\/ld+json\" class=\"yoast-schema-graph\">{\"@context\":\"https:\/\/schema.org\",\"@graph\":[{\"@type\":\"NewsArticle\",\"@id\":\"https:\/\/www.estrategiaconcursos.com.br\/blog\/concurso-pcdf\/#article\",\"isPartOf\":{\"@id\":\"https:\/\/www.estrategiaconcursos.com.br\/blog\/concurso-pcdf\/\"},\"author\":{\"name\":\"Bruna de Andrade Fran\u00e7a\",\"@id\":\"https:\/\/www.estrategiaconcursos.com.br\/blog\/#\/schema\/person\/6630f91134abc08115cca62ce6372855\"},\"headline\":\"Concurso PCDF: 315 vagas autorizadas! Veja \u00faltimas not\u00edcias\",\"datePublished\":\"2026-04-10T12:40:00+00:00\",\"dateModified\":\"2026-04-10T13:41:29+00:00\",\"mainEntityOfPage\":{\"@id\":\"https:\/\/www.estrategiaconcursos.com.br\/blog\/concurso-pcdf\/\"},\"wordCount\":4504,\"commentCount\":85,\"publisher\":{\"@id\":\"https:\/\/www.estrategiaconcursos.com.br\/blog\/#organization\"},\"image\":{\"@id\":\"https:\/\/www.estrategiaconcursos.com.br\/blog\/concurso-pcdf\/#primaryimage\"},\"thumbnailUrl\":\"https:\/\/dhg1h5j42swfq.cloudfront.net\/2024\/12\/11163251\/pcdf.jpg\",\"keywords\":[\"PC-DF\",\"Policia Civil DF\"],\"articleSection\":[\"Policial (Agente, Escriv\u00e3o e Investigador)\"],\"inLanguage\":\"pt-BR\",\"potentialAction\":[{\"@type\":\"CommentAction\",\"name\":\"Comment\",\"target\":[\"https:\/\/www.estrategiaconcursos.com.br\/blog\/concurso-pcdf\/#respond\"]}],\"copyrightYear\":\"2026\",\"copyrightHolder\":{\"@id\":\"https:\/\/www.estrategiaconcursos.com.br\/blog\/#organization\"}},{\"@type\":[\"WebPage\",\"FAQPage\"],\"@id\":\"https:\/\/www.estrategiaconcursos.com.br\/blog\/concurso-pcdf\/\",\"url\":\"https:\/\/www.estrategiaconcursos.com.br\/blog\/concurso-pcdf\/\",\"name\":\"Concurso PCDF: 315 vagas autorizadas! Veja \u00faltimas not\u00edcias\",\"isPartOf\":{\"@id\":\"https:\/\/www.estrategiaconcursos.com.br\/blog\/#website\"},\"primaryImageOfPage\":{\"@id\":\"https:\/\/www.estrategiaconcursos.com.br\/blog\/concurso-pcdf\/#primaryimage\"},\"image\":{\"@id\":\"https:\/\/www.estrategiaconcursos.com.br\/blog\/concurso-pcdf\/#primaryimage\"},\"thumbnailUrl\":\"https:\/\/dhg1h5j42swfq.cloudfront.net\/2024\/12\/11163251\/pcdf.jpg\",\"datePublished\":\"2026-04-10T12:40:00+00:00\",\"dateModified\":\"2026-04-10T13:41:29+00:00\",\"description\":\"Mais de 800 vagas s\u00e3o previstas para o Concurso PCDF em diferentes cargos. Novos s\u00e3o previstos em 2026. Confira mais!\",\"breadcrumb\":{\"@id\":\"https:\/\/www.estrategiaconcursos.com.br\/blog\/concurso-pcdf\/#breadcrumb\"},\"mainEntity\":[{\"@id\":\"https:\/\/www.estrategiaconcursos.com.br\/blog\/concurso-pcdf\/#faq-question-1754077876089\"},{\"@id\":\"https:\/\/www.estrategiaconcursos.com.br\/blog\/concurso-pcdf\/#faq-question-1754078450253\"},{\"@id\":\"https:\/\/www.estrategiaconcursos.com.br\/blog\/concurso-pcdf\/#faq-question-1754078606555\"}],\"inLanguage\":\"pt-BR\",\"potentialAction\":[{\"@type\":\"ReadAction\",\"target\":[\"https:\/\/www.estrategiaconcursos.com.br\/blog\/concurso-pcdf\/\"]}]},{\"@type\":\"ImageObject\",\"inLanguage\":\"pt-BR\",\"@id\":\"https:\/\/www.estrategiaconcursos.com.br\/blog\/concurso-pcdf\/#primaryimage\",\"url\":\"https:\/\/dhg1h5j42swfq.cloudfront.net\/2024\/12\/11163251\/pcdf.jpg\",\"contentUrl\":\"https:\/\/dhg1h5j42swfq.cloudfront.net\/2024\/12\/11163251\/pcdf.jpg\",\"width\":768,\"height\":432,\"caption\":\"concurso PCDF\"},{\"@type\":\"BreadcrumbList\",\"@id\":\"https:\/\/www.estrategiaconcursos.com.br\/blog\/concurso-pcdf\/#breadcrumb\",\"itemListElement\":[{\"@type\":\"ListItem\",\"position\":1,\"name\":\"In\u00edcio\",\"item\":\"https:\/\/www.estrategiaconcursos.com.br\/blog\/\"},{\"@type\":\"ListItem\",\"position\":2,\"name\":\"Concurso PCDF: 315 vagas autorizadas! Veja \u00faltimas not\u00edcias\"}]},{\"@type\":\"WebSite\",\"@id\":\"https:\/\/www.estrategiaconcursos.com.br\/blog\/#website\",\"url\":\"https:\/\/www.estrategiaconcursos.com.br\/blog\/\",\"name\":\"Estrat\u00e9gia Concursos\",\"description\":\"O blog da Estrat\u00e9gia Concursos traz not\u00edcias sobre concursos e artigos de professores oferecendo cursos para concursos (pdf + videaulas) no site.\",\"publisher\":{\"@id\":\"https:\/\/www.estrategiaconcursos.com.br\/blog\/#organization\"},\"potentialAction\":[{\"@type\":\"SearchAction\",\"target\":{\"@type\":\"EntryPoint\",\"urlTemplate\":\"https:\/\/www.estrategiaconcursos.com.br\/blog\/?s={search_term_string}\"},\"query-input\":{\"@type\":\"PropertyValueSpecification\",\"valueRequired\":true,\"valueName\":\"search_term_string\"}}],\"inLanguage\":\"pt-BR\"},{\"@type\":\"Organization\",\"@id\":\"https:\/\/www.estrategiaconcursos.com.br\/blog\/#organization\",\"name\":\"Estrat\u00e9gia Concursos\",\"url\":\"https:\/\/www.estrategiaconcursos.com.br\/blog\/\",\"logo\":{\"@type\":\"ImageObject\",\"inLanguage\":\"pt-BR\",\"@id\":\"https:\/\/www.estrategiaconcursos.com.br\/blog\/#\/schema\/logo\/image\/\",\"url\":\"https:\/\/dhg1h5j42swfq.cloudfront.net\/2025\/06\/03203428\/logo_concursos-1.jpg\",\"contentUrl\":\"https:\/\/dhg1h5j42swfq.cloudfront.net\/2025\/06\/03203428\/logo_concursos-1.jpg\",\"width\":230,\"height\":60,\"caption\":\"Estrat\u00e9gia Concursos\"},\"image\":{\"@id\":\"https:\/\/www.estrategiaconcursos.com.br\/blog\/#\/schema\/logo\/image\/\"},\"sameAs\":[\"https:\/\/x.com\/EstratConcursos\"]},{\"@type\":\"Person\",\"@id\":\"https:\/\/www.estrategiaconcursos.com.br\/blog\/#\/schema\/person\/6630f91134abc08115cca62ce6372855\",\"name\":\"Bruna de Andrade Fran\u00e7a\",\"image\":{\"@type\":\"ImageObject\",\"inLanguage\":\"pt-BR\",\"@id\":\"https:\/\/secure.gravatar.com\/avatar\/d6316d36d50cea0fadae28ed3015b8870cc90a2d3d8a95c37b44006af36a00e3?s=96&d=mm&r=g\",\"url\":\"https:\/\/secure.gravatar.com\/avatar\/d6316d36d50cea0fadae28ed3015b8870cc90a2d3d8a95c37b44006af36a00e3?s=96&d=mm&r=g\",\"contentUrl\":\"https:\/\/secure.gravatar.com\/avatar\/d6316d36d50cea0fadae28ed3015b8870cc90a2d3d8a95c37b44006af36a00e3?s=96&d=mm&r=g\",\"caption\":\"Bruna de Andrade Fran\u00e7a\"},\"description\":\"Bruna de Andrade Fran\u00e7a \u00e9 publicit\u00e1ria com p\u00f3s-gradua\u00e7\u00e3o em Marketing &amp; Growth, atuando h\u00e1 mais de 6 anos no universo dos concursos p\u00fablicos. Desde 2021, lidera no Blog do Estrat\u00e9gia Concursos a cobertura editorial especializada em Concursos Policiais (PF, PRF, PM, PC, etc.), al\u00e9m das frentes de concursos banc\u00e1rios, de sa\u00fade e da \u00e1rea legislativa. Especialista em reda\u00e7\u00e3o, com pr\u00e1ticas de SEO e Copywriting, possui tamb\u00e9m atua\u00e7\u00e3o pr\u00e1tica de contato direto com \u00f3rg\u00e3os p\u00fablicos respons\u00e1veis por editais, permitindo acesso antecipado a informa\u00e7\u00f5es, desdobramentos importantes e atualiza\u00e7\u00e3o eficiente dos concursos p\u00fablicos.\",\"url\":\"https:\/\/www.estrategiaconcursos.com.br\/blog\/author\/bruna-andrade\/\"},{\"@type\":\"Question\",\"@id\":\"https:\/\/www.estrategiaconcursos.com.br\/blog\/concurso-pcdf\/#faq-question-1754077876089\",\"position\":1,\"url\":\"https:\/\/www.estrategiaconcursos.com.br\/blog\/concurso-pcdf\/#faq-question-1754077876089\",\"name\":\"Quando ser\u00e1 o pr\u00f3ximo Concurso PCDF?\",\"answerCount\":1,\"acceptedAnswer\":{\"@type\":\"Answer\",\"text\":\"Segundo o Projeto de Lei Or\u00e7ament\u00e1ria Anual do Distrito Federal 2026, bem como outros planos or\u00e7ament\u00e1rios do DF, \u00e9 previsto o provimento de 805 vagas em diferentes cargos para o Concurso PCDF no pr\u00f3ximo ano. J\u00e1 para os cargos de Perito Criminal, Perito M\u00e9dico-Legista e Papiloscopista Policial o concurso est\u00e1 autorizado com 105 vagas imediatas e 210 em cadastro de reserva.\",\"inLanguage\":\"pt-BR\"},\"inLanguage\":\"pt-BR\"},{\"@type\":\"Question\",\"@id\":\"https:\/\/www.estrategiaconcursos.com.br\/blog\/concurso-pcdf\/#faq-question-1754078450253\",\"position\":2,\"url\":\"https:\/\/www.estrategiaconcursos.com.br\/blog\/concurso-pcdf\/#faq-question-1754078450253\",\"name\":\"Qual o sal\u00e1rio de um Policial Civil do DF?\",\"answerCount\":1,\"acceptedAnswer\":{\"@type\":\"Answer\",\"text\":\"O reajuste de<strong>\u00a018%\u00a0<\/strong>na recomposi\u00e7\u00e3o salarial do concurso PCDF j\u00e1 foi promulgado e virou a Lei 14.724, de 2023. Agora, o inicial dos cargos de\u00a0<strong>Agente e Escriv\u00e3o da PCDF\u00a0<\/strong>\u00e9 de R$ 11.085,72. J\u00e1 os sal\u00e1rios iniciais dos cargos autorizados do Concurso PCDF variam de\u00a0R$ 11.085,72\u00a0a R$ 21.449,24.\",\"inLanguage\":\"pt-BR\"},\"inLanguage\":\"pt-BR\"},{\"@type\":\"Question\",\"@id\":\"https:\/\/www.estrategiaconcursos.com.br\/blog\/concurso-pcdf\/#faq-question-1754078606555\",\"position\":3,\"url\":\"https:\/\/www.estrategiaconcursos.com.br\/blog\/concurso-pcdf\/#faq-question-1754078606555\",\"name\":\"Qual a banca organizadora do pr\u00f3ximo Concurso PCDF?\",\"answerCount\":1,\"acceptedAnswer\":{\"@type\":\"Answer\",\"text\":\"O Cebraspe ser\u00e1 a banca dos concursos da PCDF para os cargos de Agente de Cust\u00f3dia e Escriv\u00e3o. Em 2021, o Cebraspe tamb\u00e9m foi a banca do \u00faltimo certame da Pol\u00edcia Civil do Distrito Federal. \",\"inLanguage\":\"pt-BR\"},\"inLanguage\":\"pt-BR\"}]}<\/script>\n<!-- \/ Yoast SEO Premium plugin. -->","yoast_head_json":{"title":"Concurso PCDF: 315 vagas autorizadas! Veja \u00faltimas not\u00edcias","description":"Mais de 800 vagas s\u00e3o previstas para o Concurso PCDF em diferentes cargos. Novos s\u00e3o previstos em 2026. Confira mais!","robots":{"index":"index","follow":"follow","max-snippet":"max-snippet:-1","max-image-preview":"max-image-preview:large","max-video-preview":"max-video-preview:-1"},"canonical":"https:\/\/www.estrategiaconcursos.com.br\/blog\/concurso-pcdf\/","og_locale":"pt_BR","og_type":"article","og_title":"Concurso PCDF: 315 vagas autorizadas! Veja \u00faltimas not\u00edcias","og_description":"Mais de 800 vagas s\u00e3o previstas para o Concurso PCDF em diferentes cargos. Novos s\u00e3o previstos em 2026. Confira mais!","og_url":"https:\/\/www.estrategiaconcursos.com.br\/blog\/concurso-pcdf\/","og_site_name":"Estrat\u00e9gia Concursos","article_published_time":"2026-04-10T12:40:00+00:00","article_modified_time":"2026-04-10T13:41:29+00:00","og_image":[{"width":768,"height":432,"url":"https:\/\/dhg1h5j42swfq.cloudfront.net\/2024\/12\/11163251\/pcdf.jpg","type":"image\/jpeg"}],"author":"Bruna de Andrade Fran\u00e7a","twitter_card":"summary_large_image","twitter_creator":"@EstratConcursos","twitter_site":"@EstratConcursos","twitter_misc":{"Escrito por":"Bruna de Andrade Fran\u00e7a","Est. tempo de leitura":"13 minutos"},"schema":{"@context":"https:\/\/schema.org","@graph":[{"@type":"NewsArticle","@id":"https:\/\/www.estrategiaconcursos.com.br\/blog\/concurso-pcdf\/#article","isPartOf":{"@id":"https:\/\/www.estrategiaconcursos.com.br\/blog\/concurso-pcdf\/"},"author":{"name":"Bruna de Andrade Fran\u00e7a","@id":"https:\/\/www.estrategiaconcursos.com.br\/blog\/#\/schema\/person\/6630f91134abc08115cca62ce6372855"},"headline":"Concurso PCDF: 315 vagas autorizadas! Veja \u00faltimas not\u00edcias","datePublished":"2026-04-10T12:40:00+00:00","dateModified":"2026-04-10T13:41:29+00:00","mainEntityOfPage":{"@id":"https:\/\/www.estrategiaconcursos.com.br\/blog\/concurso-pcdf\/"},"wordCount":4504,"commentCount":85,"publisher":{"@id":"https:\/\/www.estrategiaconcursos.com.br\/blog\/#organization"},"image":{"@id":"https:\/\/www.estrategiaconcursos.com.br\/blog\/concurso-pcdf\/#primaryimage"},"thumbnailUrl":"https:\/\/dhg1h5j42swfq.cloudfront.net\/2024\/12\/11163251\/pcdf.jpg","keywords":["PC-DF","Policia Civil DF"],"articleSection":["Policial (Agente, Escriv\u00e3o e Investigador)"],"inLanguage":"pt-BR","potentialAction":[{"@type":"CommentAction","name":"Comment","target":["https:\/\/www.estrategiaconcursos.com.br\/blog\/concurso-pcdf\/#respond"]}],"copyrightYear":"2026","copyrightHolder":{"@id":"https:\/\/www.estrategiaconcursos.com.br\/blog\/#organization"}},{"@type":["WebPage","FAQPage"],"@id":"https:\/\/www.estrategiaconcursos.com.br\/blog\/concurso-pcdf\/","url":"https:\/\/www.estrategiaconcursos.com.br\/blog\/concurso-pcdf\/","name":"Concurso PCDF: 315 vagas autorizadas! Veja \u00faltimas not\u00edcias","isPartOf":{"@id":"https:\/\/www.estrategiaconcursos.com.br\/blog\/#website"},"primaryImageOfPage":{"@id":"https:\/\/www.estrategiaconcursos.com.br\/blog\/concurso-pcdf\/#primaryimage"},"image":{"@id":"https:\/\/www.estrategiaconcursos.com.br\/blog\/concurso-pcdf\/#primaryimage"},"thumbnailUrl":"https:\/\/dhg1h5j42swfq.cloudfront.net\/2024\/12\/11163251\/pcdf.jpg","datePublished":"2026-04-10T12:40:00+00:00","dateModified":"2026-04-10T13:41:29+00:00","description":"Mais de 800 vagas s\u00e3o previstas para o Concurso PCDF em diferentes cargos. Novos s\u00e3o previstos em 2026. Confira mais!","breadcrumb":{"@id":"https:\/\/www.estrategiaconcursos.com.br\/blog\/concurso-pcdf\/#breadcrumb"},"mainEntity":[{"@id":"https:\/\/www.estrategiaconcursos.com.br\/blog\/concurso-pcdf\/#faq-question-1754077876089"},{"@id":"https:\/\/www.estrategiaconcursos.com.br\/blog\/concurso-pcdf\/#faq-question-1754078450253"},{"@id":"https:\/\/www.estrategiaconcursos.com.br\/blog\/concurso-pcdf\/#faq-question-1754078606555"}],"inLanguage":"pt-BR","potentialAction":[{"@type":"ReadAction","target":["https:\/\/www.estrategiaconcursos.com.br\/blog\/concurso-pcdf\/"]}]},{"@type":"ImageObject","inLanguage":"pt-BR","@id":"https:\/\/www.estrategiaconcursos.com.br\/blog\/concurso-pcdf\/#primaryimage","url":"https:\/\/dhg1h5j42swfq.cloudfront.net\/2024\/12\/11163251\/pcdf.jpg","contentUrl":"https:\/\/dhg1h5j42swfq.cloudfront.net\/2024\/12\/11163251\/pcdf.jpg","width":768,"height":432,"caption":"concurso PCDF"},{"@type":"BreadcrumbList","@id":"https:\/\/www.estrategiaconcursos.com.br\/blog\/concurso-pcdf\/#breadcrumb","itemListElement":[{"@type":"ListItem","position":1,"name":"In\u00edcio","item":"https:\/\/www.estrategiaconcursos.com.br\/blog\/"},{"@type":"ListItem","position":2,"name":"Concurso PCDF: 315 vagas autorizadas! Veja \u00faltimas not\u00edcias"}]},{"@type":"WebSite","@id":"https:\/\/www.estrategiaconcursos.com.br\/blog\/#website","url":"https:\/\/www.estrategiaconcursos.com.br\/blog\/","name":"Estrat\u00e9gia Concursos","description":"O blog da Estrat\u00e9gia Concursos traz not\u00edcias sobre concursos e artigos de professores oferecendo cursos para concursos (pdf + videaulas) no site.","publisher":{"@id":"https:\/\/www.estrategiaconcursos.com.br\/blog\/#organization"},"potentialAction":[{"@type":"SearchAction","target":{"@type":"EntryPoint","urlTemplate":"https:\/\/www.estrategiaconcursos.com.br\/blog\/?s={search_term_string}"},"query-input":{"@type":"PropertyValueSpecification","valueRequired":true,"valueName":"search_term_string"}}],"inLanguage":"pt-BR"},{"@type":"Organization","@id":"https:\/\/www.estrategiaconcursos.com.br\/blog\/#organization","name":"Estrat\u00e9gia Concursos","url":"https:\/\/www.estrategiaconcursos.com.br\/blog\/","logo":{"@type":"ImageObject","inLanguage":"pt-BR","@id":"https:\/\/www.estrategiaconcursos.com.br\/blog\/#\/schema\/logo\/image\/","url":"https:\/\/dhg1h5j42swfq.cloudfront.net\/2025\/06\/03203428\/logo_concursos-1.jpg","contentUrl":"https:\/\/dhg1h5j42swfq.cloudfront.net\/2025\/06\/03203428\/logo_concursos-1.jpg","width":230,"height":60,"caption":"Estrat\u00e9gia Concursos"},"image":{"@id":"https:\/\/www.estrategiaconcursos.com.br\/blog\/#\/schema\/logo\/image\/"},"sameAs":["https:\/\/x.com\/EstratConcursos"]},{"@type":"Person","@id":"https:\/\/www.estrategiaconcursos.com.br\/blog\/#\/schema\/person\/6630f91134abc08115cca62ce6372855","name":"Bruna de Andrade Fran\u00e7a","image":{"@type":"ImageObject","inLanguage":"pt-BR","@id":"https:\/\/secure.gravatar.com\/avatar\/d6316d36d50cea0fadae28ed3015b8870cc90a2d3d8a95c37b44006af36a00e3?s=96&d=mm&r=g","url":"https:\/\/secure.gravatar.com\/avatar\/d6316d36d50cea0fadae28ed3015b8870cc90a2d3d8a95c37b44006af36a00e3?s=96&d=mm&r=g","contentUrl":"https:\/\/secure.gravatar.com\/avatar\/d6316d36d50cea0fadae28ed3015b8870cc90a2d3d8a95c37b44006af36a00e3?s=96&d=mm&r=g","caption":"Bruna de Andrade Fran\u00e7a"},"description":"Bruna de Andrade Fran\u00e7a \u00e9 publicit\u00e1ria com p\u00f3s-gradua\u00e7\u00e3o em Marketing &amp; Growth, atuando h\u00e1 mais de 6 anos no universo dos concursos p\u00fablicos. Desde 2021, lidera no Blog do Estrat\u00e9gia Concursos a cobertura editorial especializada em Concursos Policiais (PF, PRF, PM, PC, etc.), al\u00e9m das frentes de concursos banc\u00e1rios, de sa\u00fade e da \u00e1rea legislativa. Especialista em reda\u00e7\u00e3o, com pr\u00e1ticas de SEO e Copywriting, possui tamb\u00e9m atua\u00e7\u00e3o pr\u00e1tica de contato direto com \u00f3rg\u00e3os p\u00fablicos respons\u00e1veis por editais, permitindo acesso antecipado a informa\u00e7\u00f5es, desdobramentos importantes e atualiza\u00e7\u00e3o eficiente dos concursos p\u00fablicos.","url":"https:\/\/www.estrategiaconcursos.com.br\/blog\/author\/bruna-andrade\/"},{"@type":"Question","@id":"https:\/\/www.estrategiaconcursos.com.br\/blog\/concurso-pcdf\/#faq-question-1754077876089","position":1,"url":"https:\/\/www.estrategiaconcursos.com.br\/blog\/concurso-pcdf\/#faq-question-1754077876089","name":"Quando ser\u00e1 o pr\u00f3ximo Concurso PCDF?","answerCount":1,"acceptedAnswer":{"@type":"Answer","text":"Segundo o Projeto de Lei Or\u00e7ament\u00e1ria Anual do Distrito Federal 2026, bem como outros planos or\u00e7ament\u00e1rios do DF, \u00e9 previsto o provimento de 805 vagas em diferentes cargos para o Concurso PCDF no pr\u00f3ximo ano. J\u00e1 para os cargos de Perito Criminal, Perito M\u00e9dico-Legista e Papiloscopista Policial o concurso est\u00e1 autorizado com 105 vagas imediatas e 210 em cadastro de reserva.","inLanguage":"pt-BR"},"inLanguage":"pt-BR"},{"@type":"Question","@id":"https:\/\/www.estrategiaconcursos.com.br\/blog\/concurso-pcdf\/#faq-question-1754078450253","position":2,"url":"https:\/\/www.estrategiaconcursos.com.br\/blog\/concurso-pcdf\/#faq-question-1754078450253","name":"Qual o sal\u00e1rio de um Policial Civil do DF?","answerCount":1,"acceptedAnswer":{"@type":"Answer","text":"O reajuste de<strong>\u00a018%\u00a0<\/strong>na recomposi\u00e7\u00e3o salarial do concurso PCDF j\u00e1 foi promulgado e virou a Lei 14.724, de 2023. Agora, o inicial dos cargos de\u00a0<strong>Agente e Escriv\u00e3o da PCDF\u00a0<\/strong>\u00e9 de R$ 11.085,72. J\u00e1 os sal\u00e1rios iniciais dos cargos autorizados do Concurso PCDF variam de\u00a0R$ 11.085,72\u00a0a R$ 21.449,24.","inLanguage":"pt-BR"},"inLanguage":"pt-BR"},{"@type":"Question","@id":"https:\/\/www.estrategiaconcursos.com.br\/blog\/concurso-pcdf\/#faq-question-1754078606555","position":3,"url":"https:\/\/www.estrategiaconcursos.com.br\/blog\/concurso-pcdf\/#faq-question-1754078606555","name":"Qual a banca organizadora do pr\u00f3ximo Concurso PCDF?","answerCount":1,"acceptedAnswer":{"@type":"Answer","text":"O Cebraspe ser\u00e1 a banca dos concursos da PCDF para os cargos de Agente de Cust\u00f3dia e Escriv\u00e3o. Em 2021, o Cebraspe tamb\u00e9m foi a banca do \u00faltimo certame da Pol\u00edcia Civil do Distrito Federal. ","inLanguage":"pt-BR"},"inLanguage":"pt-BR"}]}},"_links":{"self":[{"href":"https:\/\/www.estrategiaconcursos.com.br\/blog\/wp-json\/wp\/v2\/posts\/31528","targetHints":{"allow":["GET"]}}],"collection":[{"href":"https:\/\/www.estrategiaconcursos.com.br\/blog\/wp-json\/wp\/v2\/posts"}],"about":[{"href":"https:\/\/www.estrategiaconcursos.com.br\/blog\/wp-json\/wp\/v2\/types\/post"}],"author":[{"embeddable":true,"href":"https:\/\/www.estrategiaconcursos.com.br\/blog\/wp-json\/wp\/v2\/users\/1206"}],"replies":[{"embeddable":true,"href":"https:\/\/www.estrategiaconcursos.com.br\/blog\/wp-json\/wp\/v2\/comments?post=31528"}],"version-history":[{"count":1027,"href":"https:\/\/www.estrategiaconcursos.com.br\/blog\/wp-json\/wp\/v2\/posts\/31528\/revisions"}],"predecessor-version":[{"id":1751534,"href":"https:\/\/www.estrategiaconcursos.com.br\/blog\/wp-json\/wp\/v2\/posts\/31528\/revisions\/1751534"}],"wp:featuredmedia":[{"embeddable":true,"href":"https:\/\/www.estrategiaconcursos.com.br\/blog\/wp-json\/wp\/v2\/media\/1503862"}],"wp:attachment":[{"href":"https:\/\/www.estrategiaconcursos.com.br\/blog\/wp-json\/wp\/v2\/media?parent=31528"}],"wp:term":[{"taxonomy":"category","embeddable":true,"href":"https:\/\/www.estrategiaconcursos.com.br\/blog\/wp-json\/wp\/v2\/categories?post=31528"},{"taxonomy":"post_tag","embeddable":true,"href":"https:\/\/www.estrategiaconcursos.com.br\/blog\/wp-json\/wp\/v2\/tags?post=31528"},{"taxonomy":"tax_estado","embeddable":true,"href":"https:\/\/www.estrategiaconcursos.com.br\/blog\/wp-json\/wp\/v2\/tax_estado?post=31528"}],"curies":[{"name":"wp","href":"https:\/\/api.w.org\/{rel}","templated":true}]}}