{"id":31296,"date":"2026-03-16T11:41:00","date_gmt":"2026-03-16T14:41:00","guid":{"rendered":"http:\/\/www.estrategiaconcursos.com.br\/blog\/?p=31296"},"modified":"2026-03-16T16:50:29","modified_gmt":"2026-03-16T19:50:29","slug":"concurso-anac","status":"publish","type":"post","link":"https:\/\/www.estrategiaconcursos.com.br\/blog\/concurso-anac\/","title":{"rendered":"Concurso ANAC: saiu o resultado final; veja!"},"content":{"rendered":"\n<p style=\"font-size:clamp(15.747px, 0.984rem + ((1vw - 3.2px) * 0.809), 24px);\"><span><em><strong>Concurso ANAC: \u00f3rg\u00e3o tamb\u00e9m solicitou um novo certame para 2026 com mais de 490 vagas<\/strong><\/em><\/span><em>!<\/em><\/p>\n\n\n\n<center><a id=\"cta-icon\" href=\"https:\/\/sndflw.com\/i\/anac-grupo\" target=\"_blank\" style=\"background:#29a61a; display:inline-flex; align-items:center; padding:10px 15px; border-radius:6px; color:#fff; text-decoration:none; font-weight:500; font-size:15px;\"><img decoding=\"async\" src=\"https:\/\/dhg1h5j42swfq.cloudfront.net\/2023\/12\/07154107\/whatsapp_13851.png\" alt=\"\" style=\"width:20px; height:20px; margin-right:8px;\"><span>Acesse agora o Grupo de Estudos para o Concurso ANAC<\/span><\/a><\/center>\n\n\n\n<div style=\"height:31px\" aria-hidden=\"true\" class=\"wp-block-spacer\"><\/div>\n\n\n\n<p>Foi publicada a homologa\u00e7\u00e3o do resultado final de aprovados do <strong>concurso da Ag\u00eancia Nacional de Avia\u00e7\u00e3o Civil (<a href=\"https:\/\/www.estrategiaconcursos.com.br\/cursosPorConcurso\/anac-74\/\" target=\"_blank\" rel=\"noreferrer noopener\">ANAC<\/a>)<\/strong>, contemplado na segunda edi\u00e7\u00e3o do <a href=\"https:\/\/www.estrategiaconcursos.com.br\/blog\/concurso-nacional-unificado\/\" target=\"_blank\" rel=\"noreferrer noopener\"><strong>CNU<\/strong><\/a>.<\/p>\n\n\n\n<p>A informa\u00e7\u00e3o foi publicada no Di\u00e1rio Oficial da Uni\u00e3o do dia 16 de mar\u00e7o. Inclusive, \u00e9 poss\u00edvel conferir as listas finais de classifica\u00e7\u00e3o para as vagas imediatas e banco de espera.<\/p>\n\n\n\n<ul class=\"wp-block-list\">\n<li><a href=\"https:\/\/www.in.gov.br\/web\/dou\/-\/edital-n-84-de-13-de-marco-de-2026-693017893\" target=\"_blank\" rel=\"noreferrer noopener\">Resultado final!<\/a><\/li>\n<\/ul>\n\n\n\n<p>Agora, os candidatos aprovados na sele\u00e7\u00e3o poder\u00e3o come\u00e7ar a ser convocados, conforme a necessidade e a validade do Concurso Unificado.<\/p>\n\n\n\n<p>A sele\u00e7\u00e3o oferta <strong>70 vagas <\/strong>imediatas para o cargo de T\u00e9cnico em Regula\u00e7\u00e3o de Avia\u00e7\u00e3o Civil, de n\u00edvel m\u00e9dio.<\/p>\n\n\n\n<ul class=\"wp-block-list has-very-light-gray-to-cyan-bluish-gray-gradient-background has-background\">\n<li><strong>Ag\u00eancia Nacional de Avia\u00e7\u00e3o Civil<\/strong> <strong>&#8211; ANAC<\/strong><\/li>\n\n\n\n<li><strong>Status:<\/strong> homologado<\/li>\n\n\n\n<li><strong>Banca:<\/strong>&nbsp;<a href=\"https:\/\/conhecimento.fgv.br\/cpnu2\" target=\"_blank\" rel=\"noreferrer noopener\">FGV<\/a><\/li>\n\n\n\n<li><strong>Vagas:<\/strong>&nbsp;70<\/li>\n\n\n\n<li><strong>Sal\u00e1rio:<\/strong>&nbsp;R$ 8.053,32<\/li>\n\n\n\n<li><strong>Edital retificado:<\/strong> <a href=\"https:\/\/dhg1h5j42swfq.cloudfront.net\/2025\/08\/05113514\/edital-cnu-2025-retificado-1.pdf\" target=\"_blank\" rel=\"noreferrer noopener nofollow\">Edital CNU 2025<\/a> | <a href=\"https:\/\/dhg1h5j42swfq.cloudfront.net\/2025\/08\/05095954\/cnu-2025-bloco-9.pdf\" target=\"_blank\" rel=\"noreferrer noopener nofollow\">Bloco 9<\/a><\/li>\n<\/ul>\n\n\n\n<p>Ademais, vale lembrar que o \u00faltimo certame, realizado em <strong>2023<\/strong>, segue vigente at\u00e9 setembro de 2026. <\/p>\n\n\n\n<p>Algumas nomea\u00e7\u00f5es j\u00e1 foram publicadas. Os aprovados ser\u00e3o lotados em Bras\u00edlia\/DF, S\u00e3o Paulo\/SP ou S\u00e3o Jos\u00e9 dos Campos\/SP.<\/p>\n\n\n\n<ul class=\"wp-block-list\">\n<li><strong><a href=\"https:\/\/dhg1h5j42swfq.cloudfront.net\/2024\/11\/13092732\/anac-1.pdf\" target=\"_blank\" rel=\"noreferrer noopener nofollow\">1\u00aa nomea\u00e7\u00e3o<\/a> | <a href=\"https:\/\/dhg1h5j42swfq.cloudfront.net\/2026\/02\/04060204\/portaria-de-pessoal-no-128_sgp-de-25-de-fevereiro-de-2026-portaria-de-pessoal-no-128_sgp-de-25-de-fevereiro-de-2026-dou-imprensa-nacional.pdf\" target=\"_blank\" rel=\"noreferrer noopener nofollow\">2\u00aa nomea\u00e7\u00e3o<\/a><\/strong><\/li>\n<\/ul>\n\n\n\n<p>Se voc\u00ea tem interesse no certame, chegou ao lugar certo! Ao longo deste artigo reunimos as principais informa\u00e7\u00f5es sobre o <strong>concurso ANAC<\/strong>. Acompanhe atrav\u00e9s dos t\u00f3picos abaixo:<\/p>\n\n\n\n<ul id=\"indice\" class=\"wp-block-list\">\n<li><a href=\"#sobre\"><strong>Sobre a ANAC<\/strong><\/a><\/li>\n\n\n\n<li><strong><a href=\"#CNU\">ANAC no CNU 2025<\/a><\/strong>\n<ul class=\"wp-block-list\">\n<li><a href=\"#cargos\">Cargos e vagas<\/a><\/li>\n\n\n\n<li><a href=\"#etapas\">Etapas do concurso<\/a>\n<ul class=\"wp-block-list\">\n<li><a href=\"http:\/\/objetiva\">Prova objetiva<\/a><\/li>\n\n\n\n<li><a href=\"#discursiva\">Prova discursiva<\/a><\/li>\n\n\n\n<li><a href=\"#titulos\">Prova de t\u00edtulos<\/a><\/li>\n<\/ul>\n<\/li>\n<\/ul>\n<\/li>\n\n\n\n<li><a href=\"#solicitado\"><strong>Concurso solicitado<\/strong><\/a><\/li>\n\n\n\n<li><a href=\"#carreira\"><strong>Carreira<\/strong><\/a>\n<ul class=\"wp-block-list\">\n<li><a href=\"#remuneracao\">Remunera\u00e7\u00e3o<\/a><\/li>\n\n\n\n<li><a href=\"#requisitos\">Requisitos<\/a><\/li>\n\n\n\n<li><a href=\"#atribuicoes\">Atribui\u00e7\u00f5es<\/a><\/li>\n\n\n\n<li><a href=\"#cargos-vagos\">Cargos vagos<\/a><\/li>\n<\/ul>\n<\/li>\n\n\n\n<li><strong><a href=\"#ultimo\">\u00daltimo concurso<\/a><\/strong> (2023)<\/li>\n\n\n\n<li><a href=\"#cursos-assinatura\"><strong>Assinatura e cursos<\/strong><\/a><\/li>\n\n\n\n<li><a href=\"#ficha\"><strong>Ficha t\u00e9cnica<\/strong><\/a><\/li>\n<\/ul>\n\n\n\n<div class=\"container\" id=\"boxes\">\n  <div class=\"row\">\n\n    <div class=\"col-sm\">\n      <div class=\"banner-agencias-reguladoras\" id=\"box-assinatura\">\n        <h2 class=\"titulo-assinatura\">Cursos Concurso ANAC<\/h2>\n        <p class=\"subtitulo-assinatura\">Conhe\u00e7a os cursos preparat\u00f3rios!<\/p>\n        <div class=\"box-botao\">\n          <a class=\"btn-assinatura\" target=\"_blank\" href=\"https:\/\/www.estrategiaconcursos.com.br\/cursosPorConcurso\/anac-74\/\" role=\"button\" rel=\"noopener noreferrer\">VER CURSOS<\/a>\n        <\/div>\n      <\/div>\n     \n    <\/div>\n\n  <\/div>\n<\/div>\n\n\n\n<h2 class=\"wp-block-heading\" id=\"sobre\">Sobre a ANAC<\/h2>\n\n\n\n<p>A Ag\u00eancia Nacional de Avia\u00e7\u00e3o Civil, uma das ag\u00eancias reguladoras federais do Pa\u00eds, foi criada para regular e fiscalizar as atividades da avia\u00e7\u00e3o civil e a infraestrutura aeron\u00e1utica e aeroportu\u00e1ria no Brasil.<\/p>\n\n\n\n<p>Institu\u00edda em 2005, come\u00e7ou a atuar em 2006 substituindo o Departamento de Avia\u00e7\u00e3o Civil (DAC). <\/p>\n\n\n\n<p>As a\u00e7\u00f5es da ANAC se enquadram nos macroprocessos de certifica\u00e7\u00e3o, fiscaliza\u00e7\u00e3o, normatiza\u00e7\u00e3o e representa\u00e7\u00e3o institucional.<\/p>\n\n\n\n<h2 class=\"wp-block-heading\" id=\"CNU\">Concurso ANAC no CNU 2025!<\/h2>\n\n\n\n<h3 class=\"wp-block-heading\" id=\"cargos\">Concurso ANAC: cargos e vagas<\/h3>\n\n\n\n<figure class=\"wp-block-image aligncenter size-full is-resized\"><img loading=\"lazy\" decoding=\"async\" width=\"752\" height=\"223\" src=\"https:\/\/dhg1h5j42swfq.cloudfront.net\/2025\/06\/01071222\/captura-de-tela-2025-07-01-071157.png\" alt=\"Concurso ANAC: cargos e vagas\" class=\"wp-image-1599436\" style=\"width:752px;height:auto\" srcset=\"https:\/\/dhg1h5j42swfq.cloudfront.net\/2025\/06\/01071222\/captura-de-tela-2025-07-01-071157.png 752w, https:\/\/dhg1h5j42swfq.cloudfront.net\/2025\/06\/01071222\/captura-de-tela-2025-07-01-071157-300x89.png 300w, https:\/\/dhg1h5j42swfq.cloudfront.net\/2025\/06\/01071222\/captura-de-tela-2025-07-01-071157-150x44.png 150w\" sizes=\"auto, (max-width: 752px) 100vw, 752px\" \/><figcaption class=\"wp-element-caption\">Concurso ANAC: cargos e vagas<\/figcaption><\/figure>\n\n\n\n<p>A fun\u00e7\u00e3o apresenta o sal\u00e1rio inicial de: <strong>R$ 8.053,32.<\/strong><\/p>\n\n\n\n<h2 class=\"wp-block-heading\" id=\"etapas\">Etapas do concurso ANAC<\/h2>\n\n\n\n<p>Os candidatos do concurso ANAC, no \u00e2mbito do CNU, foram avaliados por meio de uma \u00fanica etapa, sendo dividida em fases:<\/p>\n\n\n\n<ul class=\"wp-block-list\">\n<li><strong>I \u2013 Primeira etapa, dividida nas seguintes fases:<\/strong>\n<ul class=\"wp-block-list\">\n<li><strong>a) Fase 1: Prova Objetiva<\/strong>, de car\u00e1ter eliminat\u00f3rio e classificat\u00f3rio;<\/li>\n\n\n\n<li><strong>b) Fase 2: Prova Discursiva<\/strong>, de car\u00e1ter eliminat\u00f3rio e classificat\u00f3rio;<\/li>\n\n\n\n<li><strong>d) Fase 4: <\/strong>\n<ul class=\"wp-block-list\">\n<li><strong>Procedimento de caracteriza\u00e7\u00e3o<\/strong>&nbsp;da defici\u00eancia das pessoas candidatas que optaram por concorrer \u00e0s vagas reservadas, bem como de aferi\u00e7\u00e3o da compatibilidade entre as atribui\u00e7\u00f5es do cargo e a defici\u00eancia apresentada por essas pessoas, na forma do item 6 deste Edital; e <\/li>\n\n\n\n<li><strong>Procedimento de confirma\u00e7\u00e3o\/verifica\u00e7\u00e3o complementar <\/strong>da autodeclara\u00e7\u00e3o para concorrer \u00e0s vagas reservadas \u00e0s pessoas candidatas negras, ind\u00edgenas e quilombolas, na forma do item 7 deste Edital;<\/li>\n<\/ul>\n<\/li>\n<\/ul>\n<\/li>\n<\/ul>\n\n\n\n<h3 class=\"wp-block-heading\" id=\"objetiva\">Prova objetiva<\/h3>\n\n\n\n<p>A prova objetiva foi composta por quest\u00f5es de m\u00faltipla escolha com 5 alternativas e apenas uma correta.<\/p>\n\n\n\n<p>Para n\u00edvel m\u00e9dio, foram <strong>3 horas e 30 minutos (13h \u00e0s 16h30)&nbsp;<\/strong>para responder&nbsp;<strong>68 quest\u00f5es<\/strong>, sendo 44 de conhecimentos gerais e 24 de espec\u00edficos.<\/p>\n\n\n\n<p><strong>Est\u00e3o vinculados \u00e0 Tabela 1, com etapa de t\u00edtulos, os seguintes cargos\/especialidades:<\/strong><\/p>\n\n\n\n<ul class=\"wp-block-list\">\n<li><strong>I.&nbsp;Ag\u00eancia Nacional de Avia\u00e7\u00e3o Civil (ANAC), Cargo: T\u00e9cnico em Regula\u00e7\u00e3o de Avia\u00e7\u00e3o Civil, Especialidade: Geral, Manuten\u00e7\u00e3o Aeron\u00e1utica, Padr\u00f5es Operacionais e Seguran\u00e7a em Voo;<\/strong><\/li>\n\n\n\n<li><strong>II.&nbsp;<\/strong>Ag\u00eancia Nacional de Transportes Aquavi\u00e1rios (ANTAQ), Cargo: T\u00e9cnico em Regula\u00e7\u00e3o de Servi\u00e7os de Transportes Aquavi\u00e1rios, Especialidade: Geral;<\/li>\n\n\n\n<li><strong>III.<\/strong>&nbsp;Ag\u00eancia Nacional de Transportes Terrestres (ANTT), Cargo: T\u00e9cnico em Regula\u00e7\u00e3o de Servi\u00e7os de Transportes Terrestres, Especialidade: Geral.<\/li>\n<\/ul>\n\n\n\n<p><strong>Est\u00e3o vinculados \u00e0 Tabela 2,&nbsp;sem etapa de t\u00edtulos, os seguintes cargos\/especialidades:<\/strong><\/p>\n\n\n\n<ul class=\"wp-block-list\">\n<li><strong>I.&nbsp;<\/strong>Ag\u00eancia Nacional de Minera\u00e7\u00e3o (ANM), Cargo: T\u00e9cnico em Atividades de Minera\u00e7\u00e3o, Especialidade: Geoprocessamento e Minera\u00e7\u00e3o;<\/li>\n\n\n\n<li><strong>II.&nbsp;<\/strong>Ag\u00eancia Nacional de Petr\u00f3leo, G\u00e1s Natural e Biocombust\u00edveis (ANP), Cargo: Cargo: T\u00e9cnico em Regula\u00e7\u00e3o de Petr\u00f3leo e Derivados, \u00c1lcool Combust\u00edvel e G\u00e1s Natural, Especialidade: Geral e Qu\u00edmica;<\/li>\n\n\n\n<li><strong>III.&nbsp;<\/strong>Ag\u00eancia Nacional de Sa\u00fade Suplementar (ANS), Cargo: T\u00e9cnico em Regula\u00e7\u00e3o de Sa\u00fade Suplementar, Especialidade: Geral;<\/li>\n\n\n\n<li><strong>IV.<\/strong>&nbsp;Ag\u00eancia Nacional de Telecomunica\u00e7\u00f5es (ANATEL), Cargo: T\u00e9cnico em Regula\u00e7\u00e3o de Servi\u00e7os P\u00fablicos de Telecomunica\u00e7\u00f5es, Especialidade: Telecomunica\u00e7\u00f5es;<\/li>\n\n\n\n<li><strong>V.&nbsp;<\/strong>Ag\u00eancia Nacional de Vigil\u00e2ncia Sanit\u00e1ria (ANVISA), Cargo: T\u00e9cnico em Regula\u00e7\u00e3o e Vigil\u00e2ncia Sanit\u00e1ria, Especialidade: Geral;<\/li>\n\n\n\n<li>VI. Ag\u00eancia Nacional do Cinema (ANCINE), Cargo: T\u00e9cnico em Regula\u00e7\u00e3o da Atividade Cinematogr\u00e1fica e Audiovisual, Especialidade: Geral.<\/li>\n<\/ul>\n\n\n\n<figure class=\"wp-block-image aligncenter\"><img loading=\"lazy\" decoding=\"async\" width=\"647\" height=\"697\" src=\"https:\/\/dhg1h5j42swfq.cloudfront.net\/2025\/06\/30235206\/image-360.png\" alt=\"Informa\u00e7\u00f5es sobre as disciplinas do bloco 9 do CNU 2025\" class=\"wp-image-1599300\" srcset=\"https:\/\/dhg1h5j42swfq.cloudfront.net\/2025\/06\/30235206\/image-360.png 647w, https:\/\/dhg1h5j42swfq.cloudfront.net\/2025\/06\/30235206\/image-360-278x300.png 278w, https:\/\/dhg1h5j42swfq.cloudfront.net\/2025\/06\/30235206\/image-360-150x162.png 150w\" sizes=\"auto, (max-width: 647px) 100vw, 647px\" \/><\/figure>\n\n\n\n<p>Para os cargos de N\u00edvel Intermedi\u00e1rio, as quest\u00f5es de Conhecimentos Espec\u00edficos estiveram distribu\u00eddas entre 5 eixos tem\u00e1ticos.<\/p>\n\n\n\n<p>Todas as quest\u00f5es objetivas tiveram o mesmo peso e cada e cada acerto valeu 1 (um) ponto.<\/p>\n\n\n\n<p>A nota da Prova Objetiva correspondeu \u00e0 quantidade total de acertos da pessoa candidata, podendo atingir o&nbsp;<strong>m\u00e1ximo de 68 pontos<\/strong>.<\/p>\n\n\n\n<h4 class=\"wp-block-heading\" id=\"conteudo\">Conte\u00fado program\u00e1tico<\/h4>\n\n\n\n<ul class=\"wp-block-list\">\n<li>L\u00edngua Portuguesa;<\/li>\n\n\n\n<li>Matem\u00e1tica;<\/li>\n\n\n\n<li>No\u00e7\u00f5es de Direito;<\/li>\n\n\n\n<li>Realidade Brasileira;<\/li>\n\n\n\n<li>Regula\u00e7\u00e3o e Ag\u00eancias Reguladoras.<\/li>\n<\/ul>\n\n\n\n<h3 class=\"wp-block-heading\" id=\"h-prova-discursiva\">Prova discursiva<\/h3>\n\n\n\n<p>Para os cargos de&nbsp;<strong>N\u00edvel Intermedi\u00e1rio<\/strong>, a Prova Discursiva foi composta por<strong>&nbsp;Reda\u00e7\u00e3o em formato dissertativo-argumentativo&nbsp;<\/strong>e p\u00f4de totalizar 30 pontos.<\/p>\n\n\n\n<p>Para a Reda\u00e7\u00e3o de N\u00edvel Intermedi\u00e1rio,&nbsp;<strong>100%&nbsp;<\/strong>da nota foi referente ao uso da L\u00edngua Portuguesa.<\/p>\n\n\n\n<p>Na avalia\u00e7\u00e3o do Uso da L\u00edngua Portuguesa, foi analisada a capacidade de a pessoa candidata de empregar a norma culta, demonstrando dom\u00ednio ortogr\u00e1fico, gramatical e textual. Foram considerados aspectos como a estrutura do texto (introdu\u00e7\u00e3o, desenvolvimento e conclus\u00e3o), al\u00e9m da coer\u00eancia e coes\u00e3o na exposi\u00e7\u00e3o das ideias.<\/p>\n\n\n\n<h3 class=\"wp-block-heading\" id=\"titulos\">Prova de t\u00edtulos<\/h3>\n\n\n\n<p>A nota m\u00e1xima que a pessoa candidata p\u00f4de obter na Avalia\u00e7\u00e3o de T\u00edtulos ser\u00e1 de<strong>&nbsp;2 pontos para N\u00edvel Intermedi\u00e1rio<\/strong>, ainda que a soma dos valores dos t\u00edtulos apresentados fosse superior a esses n\u00fameros.<\/p>\n\n\n\n<p>Para cada cargo\/especialidade ofertados, foram considerados e pontuados os t\u00edtulos presentes nas disposi\u00e7\u00f5es dos Quadros de Atribui\u00e7\u00e3o de Pontos para a Avalia\u00e7\u00e3o de T\u00edtulos, dispon\u00edveis nos Anexos dos Blocos Tem\u00e1ticos em que houver avalia\u00e7\u00e3o de t\u00edtulos.<\/p>\n\n\n\n<p>Vale ressaltar que a&nbsp;<strong>aus\u00eancia&nbsp;<\/strong>do envio de t\u00edtulos&nbsp;<strong>n\u00e3o eliminava<\/strong>&nbsp;o candidato, sendo a ele computada a pontua\u00e7\u00e3o 0 na Avalia\u00e7\u00e3o de T\u00edtulos para o c\u00e1lculo da pontua\u00e7\u00e3o final.<\/p>\n\n\n\n<h2 class=\"wp-block-heading\" id=\"solicitado\">Concurso ANAC solicitado<\/h2>\n\n\n\n<p>Al\u00e9m das vagas mencionadas, a ANAC confirmou ao time do Estrat\u00e9gia que solicitou autoriza\u00e7\u00e3o ao Minist\u00e9rio da Gest\u00e3o e da Inova\u00e7\u00e3o para preencher <strong>496 vagas em 2026<\/strong>.<\/p>\n\n\n\n<p>As oportunidades solicitadas se distribuem nos cargos de T\u00e9cnico em Administra\u00e7\u00e3o, T\u00e9cnico em Regula\u00e7\u00e3o, Analista Administrativo e Especialista em Regula\u00e7\u00e3o. Confira logo abaixo: <\/p>\n\n\n\n<figure class=\"wp-block-image aligncenter size-full\"><img loading=\"lazy\" decoding=\"async\" width=\"902\" height=\"248\" src=\"https:\/\/dhg1h5j42swfq.cloudfront.net\/2025\/05\/02122316\/anac-1-1.jpg\" alt=\"Informa\u00e7\u00f5es recebidas pela equipe de Jornalismo do Estrat\u00e9gia Concursos sobre a distribui\u00e7\u00e3o de vagas do Concurso ANAC.\" class=\"wp-image-1584318\" srcset=\"https:\/\/dhg1h5j42swfq.cloudfront.net\/2025\/05\/02122316\/anac-1-1.jpg 902w, https:\/\/dhg1h5j42swfq.cloudfront.net\/2025\/05\/02122316\/anac-1-1-300x82.jpg 300w, https:\/\/dhg1h5j42swfq.cloudfront.net\/2025\/05\/02122316\/anac-1-1-768x211.jpg 768w, https:\/\/dhg1h5j42swfq.cloudfront.net\/2025\/05\/02122316\/anac-1-1-150x41.jpg 150w\" sizes=\"auto, (max-width: 902px) 100vw, 902px\" \/><\/figure>\n\n\n\n<p>Vale ressaltar que esse \u00e9 um procedimento comum, realizado anualmente pelos \u00f3rg\u00e3os federais, com prazo limite at\u00e9 31 de maio do respectivo ano.<\/p>\n\n\n\n<p>Agora, cabe ao <a href=\"https:\/\/www.estrategiaconcursos.com.br\/blog\/concurso-mgi\/\" target=\"_blank\" rel=\"noreferrer noopener\">MGI<\/a> analisar a proposta e verificar a viabilidade or\u00e7ament\u00e1ria para autoriza\u00e7\u00e3o ou rejei\u00e7\u00e3o do pedido.<\/p>\n\n\n\n<h2 class=\"wp-block-heading\" id=\"carreira\">Como \u00e9 a carreira na ANAC?<\/h2>\n\n\n\n<h3 class=\"wp-block-heading\" id=\"remuneracao\">Remunera\u00e7\u00e3o <\/h3>\n\n\n\n<p>Foi sancionado o&nbsp;reajuste salarial de 9%&nbsp;dos servidores do executivo federal. Com isso, as remunera\u00e7\u00f5es da ANAC passaram a ser as seguintes:<\/p>\n\n\n\n<ul class=\"wp-block-list\">\n<li><strong>Analista Administrativo<\/strong>\n<ul class=\"wp-block-list\">\n<li>Inicial: de R$ 13.807,57 para&nbsp;<span style=\"text-decoration: underline;\"><strong>R$ 15.050,25<\/strong><\/span>;<\/li>\n<\/ul>\n<\/li>\n\n\n\n<li><strong>Especialista em Regula\u00e7\u00e3o <\/strong><strong>de Avia\u00e7\u00e3o Civil<\/strong>\n<ul class=\"wp-block-list\">\n<li>Inicial: de R$ 15.058,12 para&nbsp;<span style=\"text-decoration: underline;\"><strong>R$ <\/strong><\/span><strong><span style=\"text-decoration: underline;\">16.413,35<\/span><\/strong>;<\/li>\n<\/ul>\n<\/li>\n\n\n\n<li><strong>T\u00e9cnico Administrativo<\/strong>\n<ul class=\"wp-block-list\">\n<li>Inicial: de R$ 7.016,67 para&nbsp;<span style=\"text-decoration: underline;\"><strong>R$ 7.648,17<\/strong><\/span>;<\/li>\n<\/ul>\n<\/li>\n\n\n\n<li><strong>T\u00e9cnico em Regula\u00e7\u00e3o de Avia\u00e7\u00e3o Civil<\/strong>\n<ul class=\"wp-block-list\">\n<li>Inicial: de R$ 7.388,37 para&nbsp;<span style=\"text-decoration: underline;\"><strong>R$ 8.053,32<\/strong><\/span>.<\/li>\n<\/ul>\n<\/li>\n<\/ul>\n\n\n\n<h3 class=\"wp-block-heading\" id=\"requisitos\">Requisitos dos cargos<\/h3>\n\n\n\n<p><strong><\/strong><strong>Especialista em Regula\u00e7\u00e3o de Avia\u00e7\u00e3o Civil\/\u00c1rea 1<\/strong>:<strong> <\/strong>diploma, devidamente registrado, ou habilita\u00e7\u00e3o legal equivalente, de conclus\u00e3o de curso de n\u00edvel superior em qualquer \u00e1rea de forma\u00e7\u00e3o <strong>+<\/strong> licen\u00e7a, emitida ou convalidada pela ANAC, de Piloto Comercial de Avi\u00e3o OU de Piloto Comercial de Helic\u00f3ptero OU de Piloto de Linha A\u00e9rea de Avi\u00e3o OU de Piloto de Linha A\u00e9rea de Helic\u00f3ptero <strong>+<\/strong> pelo menos 1 (uma) habilita\u00e7\u00e3o de piloto vigente (v\u00e1lida) <strong>+<\/strong> Certificado M\u00e9dico Aeron\u00e1utico (CMA) de 1\u00aa Classe v\u00e1lido.<\/p>\n\n\n\n<p><strong>Especialista em Regula\u00e7\u00e3o de Avia\u00e7\u00e3o Civil\/\u00c1rea 2: <\/strong> diploma, devidamente registrado, ou habilita\u00e7\u00e3o legal equivalente, de conclus\u00e3o de curso de n\u00edvel superior em Engenharia.<\/p>\n\n\n\n<p><strong>Especialista em Regula\u00e7\u00e3o de Avia\u00e7\u00e3o Civil\/\u00c1rea 3: <\/strong> diploma, devidamente registrado, ou habilita\u00e7\u00e3o legal equivalente, de conclus\u00e3o de curso de n\u00edvel superior em qualquer \u00e1rea de forma\u00e7\u00e3o.<\/p>\n\n\n\n<h3 class=\"wp-block-heading\" id=\"atribuicoes\">Atribui\u00e7\u00f5es <\/h3>\n\n\n\n<p>Atribui\u00e7\u00f5es voltadas para o exerc\u00edcio de atividades especializadas de regula\u00e7\u00e3o, inspe\u00e7\u00e3o, fiscaliza\u00e7\u00e3o e controle da avia\u00e7\u00e3o civil, dos servi\u00e7os a\u00e9reos, dos servi\u00e7os auxiliares, da infraestrutura aeroportu\u00e1ria civil e dos demais sistemas que comp\u00f5em a infraestrutura aeron\u00e1utica, bem como a implementa\u00e7\u00e3o de pol\u00edticas e \u00e0 realiza\u00e7\u00e3o de estudos e pesquisas respectivos a essas atividades.<\/p>\n\n\n\n<h3 class=\"wp-block-heading\" id=\"cargos-vagos\">Cargos vagos <\/h3>\n\n\n\n<p>De acordo com dados de dezembro de 2025 do&nbsp;Portal Brasileiro de Dados Abertos, a ANAC possui <strong>534 cargos vagos<\/strong>:<\/p>\n\n\n\n<ul class=\"wp-block-list\">\n<li>211 &#8211; <strong>Especialista em Regula\u00e7\u00e3o<\/strong>&nbsp;<strong>(n\u00edvel superior)<\/strong>;<\/li>\n\n\n\n<li>95 &#8211; <strong>Analista Administrativo (n\u00edvel superior)<\/strong>;<\/li>\n\n\n\n<li>167 &#8211; <strong>T\u00e9cnico em Regula\u00e7\u00e3o (n\u00edvel m\u00e9dio)<\/strong>;<\/li>\n\n\n\n<li>61 &#8211; <strong>T\u00e9cnico Administrativo (n\u00edvel m\u00e9dio)<\/strong>.<\/li>\n<\/ul>\n\n\n\n<h2 class=\"wp-block-heading\" id=\"ultimo\">\u00daltimo concurso ANAC (2023)<\/h2>\n\n\n\n<p>O \u00faltimo concurso foi divulgado em 2023, sob organiza\u00e7\u00e3o do <a href=\"https:\/\/www.cebraspe.org.br\/concursos\/ANAC_23\" target=\"_blank\" rel=\"noreferrer noopener\">Cebraspe<\/a>. Na ocasi\u00e3o, foram ofertadas 70 vagas imediatas para o cargo de Especialista em Regula\u00e7\u00e3o de Avia\u00e7\u00e3o Civil, disputada por 9.942 inscritos.<\/p>\n\n\n\n<figure class=\"wp-block-table is-style-stripes\"><table><thead><tr><th class=\"has-text-align-center\" data-align=\"center\">Cargos<\/th><th class=\"has-text-align-center\" data-align=\"center\">Vagas<\/th><th class=\"has-text-align-center\" data-align=\"center\">Inscritos<\/th><\/tr><\/thead><tbody><tr><td class=\"has-text-align-center\" data-align=\"center\">CARGO 1: ESPECIALISTA EM REGULA\u00c7\u00c3O DE AVIA\u00c7\u00c3O CIVIL \u2013 \u00c1REA 1<\/td><td class=\"has-text-align-center\" data-align=\"center\">25<\/td><td class=\"has-text-align-center\" data-align=\"center\">1.490<\/td><\/tr><tr><td class=\"has-text-align-center\" data-align=\"center\">CARGO 2: ESPECIALISTA EM REGULA\u00c7\u00c3O DE AVIA\u00c7\u00c3O CIVIL \u2013 \u00c1REA 2<\/td><td class=\"has-text-align-center\" data-align=\"center\">25<\/td><td class=\"has-text-align-center\" data-align=\"center\">2.258<\/td><\/tr><tr><td class=\"has-text-align-center\" data-align=\"center\">CARGO 2: ESPECIALISTA EM REGULA\u00c7\u00c3O DE AVIA\u00c7\u00c3O CIVIL \u2013 \u00c1REA 3<\/td><td class=\"has-text-align-center\" data-align=\"center\">20<\/td><td class=\"has-text-align-center\" data-align=\"center\">6.194<\/td><\/tr><\/tbody><tfoot><tr><td class=\"has-text-align-center\" data-align=\"center\"><strong>TOTAL<\/strong><\/td><td class=\"has-text-align-center\" data-align=\"center\"><strong>70<\/strong><\/td><td class=\"has-text-align-center\" data-align=\"center\"><strong>9.942<\/strong><\/td><\/tr><\/tfoot><\/table><figcaption class=\"wp-element-caption\">Quantitativo de vagas x inscritos por cargo<\/figcaption><\/figure>\n\n\n\n<h2 class=\"wp-block-heading\" id=\"etapas\">Concurso ANAC: etapas de prova<\/h2>\n\n\n\n<p>Os candidatos enfrentaram <strong>quatro avalia\u00e7\u00f5es<\/strong> que foram compostas de quest\u00f5es e conte\u00fados a depender da \u00e1rea escolhida para o cargo ofertado.<\/p>\n\n\n\n<ul class=\"wp-block-list\">\n<li><strong>Prova objetiva<\/strong>, de car\u00e1ter classificat\u00f3rio e eliminat\u00f3rio;<\/li>\n\n\n\n<li><strong>Prova discursiva<\/strong>, de car\u00e1ter classificat\u00f3rio e eliminat\u00f3rio;<\/li>\n\n\n\n<li><strong>Avalia\u00e7\u00e3o de t\u00edtulos<\/strong>, de car\u00e1ter classificat\u00f3rio; e <\/li>\n\n\n\n<li><strong>Curso de Forma\u00e7\u00e3o<\/strong>, de car\u00e1ter classificat\u00f3rio e eliminat\u00f3rio.<\/li>\n<\/ul>\n\n\n\n<hr class=\"wp-block-separator has-css-opacity\"\/>\n\n\n\n<h2 class=\"wp-block-heading has-text-align-center\" id=\"cursos-assinatura\"><em>Quer estudar para o concurso ANAC?<\/em><\/h2>\n\n\n\n<div class=\"container\" id=\"boxes\">\n  <div class=\"row\">\n\n    <div class=\"col-sm\">\n      <div class=\"banner-agencias-reguladoras\" id=\"box-assinatura\">\n        <h2 class=\"titulo-assinatura\">Cursos Concurso ANAC<\/h2>\n        <p class=\"subtitulo-assinatura\">Conhe\u00e7a os cursos preparat\u00f3rios!<\/p>\n        <div class=\"box-botao\">\n          <a class=\"btn-assinatura\" target=\"_blank\" href=\"https:\/\/www.estrategiaconcursos.com.br\/cursosPorConcurso\/anac-74\/\" role=\"button\" rel=\"noopener noreferrer\">VER CURSOS<\/a>\n        <\/div>\n      <\/div>\n     \n    <\/div>\n\n  <\/div>\n<\/div>\n\n\n\n<div class=\"container\" id=\"boxes\">\r\n  <div class=\"row\">\r\n\r\n    <div class=\"col-sm\">\r\n      <div class=\"estrategia\" id=\"box-assinatura\">\r\n        <h3 class=\"titulo-assinatura\">Assinatura Concursos<\/h3>\r\n        <p class=\"subtitulo-assinatura\">Assinatura de 1 ano ou 2 anos<\/p>\r\n        <div class=\"box-botao\">\r\n          <a class=\"btn-assinatura\" target=\"_blank\" href=\"https:\/\/www.estrategiaconcursos.com.br\/assinaturas\/\" role=\"button\" rel=\"noopener noreferrer\">ASSINE AGORA<\/a>\r\n        <\/div>\r\n      <\/div><\/div><\/div><\/div>\n\n\n\n<h2 class=\"wp-block-heading has-text-align-center\" id=\"h-quer-saber-tudo-sobre-concursos-previstos-confira-nossos-artigos\">Quer saber tudo sobre concursos previstos?<br \/>Confira nossos artigos!<\/h2>\n\n\n\n<ul class=\"wp-block-list\">\n<li><a href=\"https:\/\/www.estrategiaconcursos.com.br\/blog\/concursos-agencias-reguladoras\/\" target=\"_blank\" rel=\"noreferrer noopener\">Concursos Ag\u00eancias Reguladoras<\/a><\/li>\n\n\n\n<li><a href=\"https:\/\/www.estrategiaconcursos.com.br\/blog\/concursos-abertos\/\" target=\"_blank\" rel=\"noreferrer noopener\">Concursos Abertos<\/a><\/li>\n\n\n\n<li><a href=\"https:\/\/www.estrategiaconcursos.com.br\/blog\/concursos-2026\/\" target=\"_blank\" rel=\"noreferrer noopener\">Concursos 2026<\/a><\/li>\n<\/ul>\n\n\n\n<figure class=\"wp-block-image size-large is-resized\"><img loading=\"lazy\" decoding=\"async\" width=\"1024\" height=\"632\" src=\"https:\/\/dhg1h5j42swfq.cloudfront.net\/2021\/07\/09123111\/ficha-tecnica-3-1024x632.png\" alt=\"Ficha t\u00e9cnica Concurso ANAC\" class=\"wp-image-791156\" style=\"aspect-ratio:1.620253164556962;width:279px;height:auto\" srcset=\"https:\/\/dhg1h5j42swfq.cloudfront.net\/2021\/07\/09123111\/ficha-tecnica-3-1024x632.png 1024w, https:\/\/dhg1h5j42swfq.cloudfront.net\/2021\/07\/09123111\/ficha-tecnica-3-300x185.png 300w, https:\/\/dhg1h5j42swfq.cloudfront.net\/2021\/07\/09123111\/ficha-tecnica-3-768x474.png 768w, https:\/\/dhg1h5j42swfq.cloudfront.net\/2021\/07\/09123111\/ficha-tecnica-3-1536x948.png 1536w, https:\/\/dhg1h5j42swfq.cloudfront.net\/2021\/07\/09123111\/ficha-tecnica-3-610x377.png 610w, https:\/\/dhg1h5j42swfq.cloudfront.net\/2021\/07\/09123111\/ficha-tecnica-3.png 1571w\" sizes=\"auto, (max-width: 1024px) 100vw, 1024px\" \/><\/figure>\n\n\n\n<h3 class=\"wp-block-heading\" id=\"ficha\">Informa\u00e7\u00f5es do concurso ANAC 2025<\/h3>\n\n\n\n<ul class=\"wp-block-list\">\n<li><strong>Ano:<\/strong> 2025\/2026<\/li>\n\n\n\n<li><strong>Vagas<\/strong>: 70<\/li>\n\n\n\n<li><strong>Cargo<\/strong>: T\u00e9cnico em Regula\u00e7\u00e3o de Avia\u00e7\u00e3o Civil<\/li>\n\n\n\n<li><strong>Banca<\/strong>: FGV<\/li>\n\n\n\n<li><strong>Escolaridade<\/strong>: N\u00edvel m\u00e9dio<\/li>\n\n\n\n<li><strong>Edital retificado:<\/strong> <a href=\"https:\/\/dhg1h5j42swfq.cloudfront.net\/2025\/08\/05113514\/edital-cnu-2025-retificado-1.pdf\" target=\"_blank\" rel=\"noreferrer noopener nofollow\">Edital CNU 2025<\/a> | <a href=\"https:\/\/dhg1h5j42swfq.cloudfront.net\/2025\/08\/05095954\/cnu-2025-bloco-9.pdf\" target=\"_blank\" rel=\"noreferrer noopener nofollow\">Bloco 9<\/a><\/li>\n<\/ul>\n\n\n\n<div class=\"schema-faq wp-block-yoast-faq-block\"><div class=\"schema-faq-section\" id=\"faq-question-1750258165325\"><strong class=\"schema-faq-question\">O que \u00e9 preciso para fazer o concurso ANAC?<\/strong> <p class=\"schema-faq-answer\">Para concorrer a uma das 70 vagas ofertadas para o cargo de T\u00e9cnico em Regula\u00e7\u00e3o de Avia\u00e7\u00e3o Civil \u00e9 necess\u00e1rio possuir certificado de conclus\u00e3o de ensino m\u00e9dio completo.<\/p> <\/div> <div class=\"schema-faq-section\" id=\"faq-question-1750258236581\"><strong class=\"schema-faq-question\">Vai ter concurso ANAC em 2026?<\/strong> <p class=\"schema-faq-answer\">Conforme informado para o time do Estrat\u00e9gia, al\u00e9m das vagas j\u00e1 previstas no CNU, a ANAC solicitou 496 vagas ao Minist\u00e9rio da Gest\u00e3o para um novo concurso em 2026.<\/p> <\/div> <\/div>\n","protected":false},"excerpt":{"rendered":"<p>Concurso ANAC: \u00f3rg\u00e3o tamb\u00e9m solicitou um novo certame para 2026 com mais de 490 vagas! Foi publicada a homologa\u00e7\u00e3o do resultado final de aprovados do concurso da Ag\u00eancia Nacional de Avia\u00e7\u00e3o Civil (ANAC), contemplado na segunda edi\u00e7\u00e3o do CNU. A informa\u00e7\u00e3o foi publicada no Di\u00e1rio Oficial da Uni\u00e3o do dia 16 de mar\u00e7o. Inclusive, \u00e9 [&hellip;]<\/p>\n","protected":false},"author":659,"featured_media":1023113,"comment_status":"open","ping_status":"open","sticky":false,"template":"","format":"standard","meta":{"post_tipo":"news_page","footnotes":""},"categories":[220215,214992],"tags":[780,676],"tax_estado":[219963],"class_list":["post-31296","post","type-post","status-publish","format-standard","has-post-thumbnail","hentry","category-agencia-reguladora","category-concursos-administrativos","tag-anac","tag-inscricao","tax_estado-concursos-federais"],"acf":[],"yoast_head":"<!-- This site is optimized with the Yoast SEO Premium plugin v27.2 (Yoast SEO v27.2) - https:\/\/yoast.com\/product\/yoast-seo-premium-wordpress\/ -->\n<title>Concurso ANAC: saiu o resultado final; veja!<\/title>\n<meta name=\"description\" content=\"Concurso ANAC no CNU tem 70 vagas de n\u00edvel m\u00e9dio. Novo pedido para 2026 prev\u00ea mais de 490 vagas. Saiba tudo com o Estrat\u00e9gia!\" \/>\n<meta name=\"robots\" content=\"index, follow, max-snippet:-1, max-image-preview:large, max-video-preview:-1\" \/>\n<link rel=\"canonical\" href=\"https:\/\/www.estrategiaconcursos.com.br\/blog\/concurso-anac\/\" \/>\n<meta property=\"og:locale\" content=\"pt_BR\" \/>\n<meta property=\"og:type\" content=\"article\" \/>\n<meta property=\"og:title\" content=\"Concurso ANAC: saiu o resultado final; veja!\" \/>\n<meta property=\"og:description\" content=\"Concurso ANAC no CNU tem 70 vagas de n\u00edvel m\u00e9dio. Novo pedido para 2026 prev\u00ea mais de 490 vagas. Saiba tudo com o Estrat\u00e9gia!\" \/>\n<meta property=\"og:url\" content=\"https:\/\/www.estrategiaconcursos.com.br\/blog\/concurso-anac\/\" \/>\n<meta property=\"og:site_name\" content=\"Estrat\u00e9gia Concursos\" \/>\n<meta property=\"article:published_time\" content=\"2026-03-16T14:41:00+00:00\" \/>\n<meta property=\"article:modified_time\" content=\"2026-03-16T19:50:29+00:00\" \/>\n<meta property=\"og:image\" content=\"https:\/\/dhg1h5j42swfq.cloudfront.net\/2022\/05\/06114030\/anac.jpg\" \/>\n\t<meta property=\"og:image:width\" content=\"768\" \/>\n\t<meta property=\"og:image:height\" content=\"432\" \/>\n\t<meta property=\"og:image:type\" content=\"image\/jpeg\" \/>\n<meta name=\"author\" content=\"Camila Leite\" \/>\n<meta name=\"twitter:card\" content=\"summary_large_image\" \/>\n<meta name=\"twitter:creator\" content=\"@EstratConcursos\" \/>\n<meta name=\"twitter:site\" content=\"@EstratConcursos\" \/>\n<meta name=\"twitter:label1\" content=\"Escrito por\" \/>\n\t<meta name=\"twitter:data1\" content=\"Camila Leite\" \/>\n\t<meta name=\"twitter:label2\" content=\"Est. tempo de leitura\" \/>\n\t<meta name=\"twitter:data2\" content=\"7 minutos\" \/>\n<script type=\"application\/ld+json\" class=\"yoast-schema-graph\">{\"@context\":\"https:\/\/schema.org\",\"@graph\":[{\"@type\":\"NewsArticle\",\"@id\":\"https:\/\/www.estrategiaconcursos.com.br\/blog\/concurso-anac\/#article\",\"isPartOf\":{\"@id\":\"https:\/\/www.estrategiaconcursos.com.br\/blog\/concurso-anac\/\"},\"author\":{\"name\":\"Camila Leite\",\"@id\":\"https:\/\/www.estrategiaconcursos.com.br\/blog\/#\/schema\/person\/84ecdc6eb58d3cf1689bf76c5cd8fb38\"},\"headline\":\"Concurso ANAC: saiu o resultado final; veja!\",\"datePublished\":\"2026-03-16T14:41:00+00:00\",\"dateModified\":\"2026-03-16T19:50:29+00:00\",\"mainEntityOfPage\":{\"@id\":\"https:\/\/www.estrategiaconcursos.com.br\/blog\/concurso-anac\/\"},\"wordCount\":1937,\"commentCount\":5,\"publisher\":{\"@id\":\"https:\/\/www.estrategiaconcursos.com.br\/blog\/#organization\"},\"image\":{\"@id\":\"https:\/\/www.estrategiaconcursos.com.br\/blog\/concurso-anac\/#primaryimage\"},\"thumbnailUrl\":\"https:\/\/dhg1h5j42swfq.cloudfront.net\/2022\/05\/06114030\/anac.jpg\",\"keywords\":[\"ANAC\",\"Inscri\u00e7\u00e3o\"],\"articleSection\":[\"Ag\u00eancia Reguladora\",\"Executivo (Administrativa)\"],\"inLanguage\":\"pt-BR\",\"potentialAction\":[{\"@type\":\"CommentAction\",\"name\":\"Comment\",\"target\":[\"https:\/\/www.estrategiaconcursos.com.br\/blog\/concurso-anac\/#respond\"]}],\"copyrightYear\":\"2026\",\"copyrightHolder\":{\"@id\":\"https:\/\/www.estrategiaconcursos.com.br\/blog\/#organization\"}},{\"@type\":[\"WebPage\",\"FAQPage\"],\"@id\":\"https:\/\/www.estrategiaconcursos.com.br\/blog\/concurso-anac\/\",\"url\":\"https:\/\/www.estrategiaconcursos.com.br\/blog\/concurso-anac\/\",\"name\":\"Concurso ANAC: saiu o resultado final; veja!\",\"isPartOf\":{\"@id\":\"https:\/\/www.estrategiaconcursos.com.br\/blog\/#website\"},\"primaryImageOfPage\":{\"@id\":\"https:\/\/www.estrategiaconcursos.com.br\/blog\/concurso-anac\/#primaryimage\"},\"image\":{\"@id\":\"https:\/\/www.estrategiaconcursos.com.br\/blog\/concurso-anac\/#primaryimage\"},\"thumbnailUrl\":\"https:\/\/dhg1h5j42swfq.cloudfront.net\/2022\/05\/06114030\/anac.jpg\",\"datePublished\":\"2026-03-16T14:41:00+00:00\",\"dateModified\":\"2026-03-16T19:50:29+00:00\",\"description\":\"Concurso ANAC no CNU tem 70 vagas de n\u00edvel m\u00e9dio. Novo pedido para 2026 prev\u00ea mais de 490 vagas. Saiba tudo com o Estrat\u00e9gia!\",\"breadcrumb\":{\"@id\":\"https:\/\/www.estrategiaconcursos.com.br\/blog\/concurso-anac\/#breadcrumb\"},\"mainEntity\":[{\"@id\":\"https:\/\/www.estrategiaconcursos.com.br\/blog\/concurso-anac\/#faq-question-1750258165325\"},{\"@id\":\"https:\/\/www.estrategiaconcursos.com.br\/blog\/concurso-anac\/#faq-question-1750258236581\"}],\"inLanguage\":\"pt-BR\",\"potentialAction\":[{\"@type\":\"ReadAction\",\"target\":[\"https:\/\/www.estrategiaconcursos.com.br\/blog\/concurso-anac\/\"]}]},{\"@type\":\"ImageObject\",\"inLanguage\":\"pt-BR\",\"@id\":\"https:\/\/www.estrategiaconcursos.com.br\/blog\/concurso-anac\/#primaryimage\",\"url\":\"https:\/\/dhg1h5j42swfq.cloudfront.net\/2022\/05\/06114030\/anac.jpg\",\"contentUrl\":\"https:\/\/dhg1h5j42swfq.cloudfront.net\/2022\/05\/06114030\/anac.jpg\",\"width\":768,\"height\":432,\"caption\":\"ANAC novo pedido concurso\"},{\"@type\":\"BreadcrumbList\",\"@id\":\"https:\/\/www.estrategiaconcursos.com.br\/blog\/concurso-anac\/#breadcrumb\",\"itemListElement\":[{\"@type\":\"ListItem\",\"position\":1,\"name\":\"In\u00edcio\",\"item\":\"https:\/\/www.estrategiaconcursos.com.br\/blog\/\"},{\"@type\":\"ListItem\",\"position\":2,\"name\":\"Concurso ANAC: saiu o resultado final; veja!\"}]},{\"@type\":\"WebSite\",\"@id\":\"https:\/\/www.estrategiaconcursos.com.br\/blog\/#website\",\"url\":\"https:\/\/www.estrategiaconcursos.com.br\/blog\/\",\"name\":\"Estrat\u00e9gia Concursos\",\"description\":\"O blog da Estrat\u00e9gia Concursos traz not\u00edcias sobre concursos e artigos de professores oferecendo cursos para concursos (pdf + videaulas) no site.\",\"publisher\":{\"@id\":\"https:\/\/www.estrategiaconcursos.com.br\/blog\/#organization\"},\"potentialAction\":[{\"@type\":\"SearchAction\",\"target\":{\"@type\":\"EntryPoint\",\"urlTemplate\":\"https:\/\/www.estrategiaconcursos.com.br\/blog\/?s={search_term_string}\"},\"query-input\":{\"@type\":\"PropertyValueSpecification\",\"valueRequired\":true,\"valueName\":\"search_term_string\"}}],\"inLanguage\":\"pt-BR\"},{\"@type\":\"Organization\",\"@id\":\"https:\/\/www.estrategiaconcursos.com.br\/blog\/#organization\",\"name\":\"Estrat\u00e9gia Concursos\",\"url\":\"https:\/\/www.estrategiaconcursos.com.br\/blog\/\",\"logo\":{\"@type\":\"ImageObject\",\"inLanguage\":\"pt-BR\",\"@id\":\"https:\/\/www.estrategiaconcursos.com.br\/blog\/#\/schema\/logo\/image\/\",\"url\":\"https:\/\/dhg1h5j42swfq.cloudfront.net\/2025\/06\/03203428\/logo_concursos-1.jpg\",\"contentUrl\":\"https:\/\/dhg1h5j42swfq.cloudfront.net\/2025\/06\/03203428\/logo_concursos-1.jpg\",\"width\":230,\"height\":60,\"caption\":\"Estrat\u00e9gia Concursos\"},\"image\":{\"@id\":\"https:\/\/www.estrategiaconcursos.com.br\/blog\/#\/schema\/logo\/image\/\"},\"sameAs\":[\"https:\/\/x.com\/EstratConcursos\"]},{\"@type\":\"Person\",\"@id\":\"https:\/\/www.estrategiaconcursos.com.br\/blog\/#\/schema\/person\/84ecdc6eb58d3cf1689bf76c5cd8fb38\",\"name\":\"Camila Leite\",\"image\":{\"@type\":\"ImageObject\",\"inLanguage\":\"pt-BR\",\"@id\":\"https:\/\/secure.gravatar.com\/avatar\/f2f8faef639c8a2bfb7fb909912a56917f4c3a0aed064500168e2fb8ea55cf61?s=96&d=mm&r=g\",\"url\":\"https:\/\/secure.gravatar.com\/avatar\/f2f8faef639c8a2bfb7fb909912a56917f4c3a0aed064500168e2fb8ea55cf61?s=96&d=mm&r=g\",\"contentUrl\":\"https:\/\/secure.gravatar.com\/avatar\/f2f8faef639c8a2bfb7fb909912a56917f4c3a0aed064500168e2fb8ea55cf61?s=96&d=mm&r=g\",\"caption\":\"Camila Leite\"},\"description\":\"Formada em Design Gr\u00e1fico e em Propaganda e Marketing pela UNIP, integra a equipe de jornalismo do Estrat\u00e9gia Concursos desde 2018. Ao longo dos anos, construiu uma s\u00f3lida experi\u00eancia na produ\u00e7\u00e3o de conte\u00fado informativo e relevante para concurseiros. Desde 2020, atua na cobertura das \u00e1reas Fiscal \u2014 com \u00eanfase nas Secretarias de Fazenda (Sefaz) das regi\u00f5es Sul e Sudeste \u2014, al\u00e9m da cobertura de concursos federais, como CNU, Petrobras, CGU, Receita Federal, ag\u00eancias reguladoras (Anvisa, ANAC, entre outras) e INSS. Mant\u00e9m contato direto com os principais \u00f3rg\u00e3os p\u00fablicos, acompanhando editais, atualiza\u00e7\u00f5es e movimenta\u00e7\u00f5es importantes para os candidatos.\",\"sameAs\":[\"https:\/\/www.linkedin.com\/in\/camila-pinheiro-leite-9ba135b6\/\"],\"url\":\"https:\/\/www.estrategiaconcursos.com.br\/blog\/author\/camila-leiteestrategiaconcursos-com-br\/\"},{\"@type\":\"Question\",\"@id\":\"https:\/\/www.estrategiaconcursos.com.br\/blog\/concurso-anac\/#faq-question-1750258165325\",\"position\":1,\"url\":\"https:\/\/www.estrategiaconcursos.com.br\/blog\/concurso-anac\/#faq-question-1750258165325\",\"name\":\"O que \u00e9 preciso para fazer o concurso ANAC?\",\"answerCount\":1,\"acceptedAnswer\":{\"@type\":\"Answer\",\"text\":\"Para concorrer a uma das 70 vagas ofertadas para o cargo de T\u00e9cnico em Regula\u00e7\u00e3o de Avia\u00e7\u00e3o Civil \u00e9 necess\u00e1rio possuir certificado de conclus\u00e3o de ensino m\u00e9dio completo.\",\"inLanguage\":\"pt-BR\"},\"inLanguage\":\"pt-BR\"},{\"@type\":\"Question\",\"@id\":\"https:\/\/www.estrategiaconcursos.com.br\/blog\/concurso-anac\/#faq-question-1750258236581\",\"position\":2,\"url\":\"https:\/\/www.estrategiaconcursos.com.br\/blog\/concurso-anac\/#faq-question-1750258236581\",\"name\":\"Vai ter concurso ANAC em 2026?\",\"answerCount\":1,\"acceptedAnswer\":{\"@type\":\"Answer\",\"text\":\"Conforme informado para o time do Estrat\u00e9gia, al\u00e9m das vagas j\u00e1 previstas no CNU, a ANAC solicitou 496 vagas ao Minist\u00e9rio da Gest\u00e3o para um novo concurso em 2026.\",\"inLanguage\":\"pt-BR\"},\"inLanguage\":\"pt-BR\"}]}<\/script>\n<!-- \/ Yoast SEO Premium plugin. -->","yoast_head_json":{"title":"Concurso ANAC: saiu o resultado final; veja!","description":"Concurso ANAC no CNU tem 70 vagas de n\u00edvel m\u00e9dio. Novo pedido para 2026 prev\u00ea mais de 490 vagas. Saiba tudo com o Estrat\u00e9gia!","robots":{"index":"index","follow":"follow","max-snippet":"max-snippet:-1","max-image-preview":"max-image-preview:large","max-video-preview":"max-video-preview:-1"},"canonical":"https:\/\/www.estrategiaconcursos.com.br\/blog\/concurso-anac\/","og_locale":"pt_BR","og_type":"article","og_title":"Concurso ANAC: saiu o resultado final; veja!","og_description":"Concurso ANAC no CNU tem 70 vagas de n\u00edvel m\u00e9dio. Novo pedido para 2026 prev\u00ea mais de 490 vagas. Saiba tudo com o Estrat\u00e9gia!","og_url":"https:\/\/www.estrategiaconcursos.com.br\/blog\/concurso-anac\/","og_site_name":"Estrat\u00e9gia Concursos","article_published_time":"2026-03-16T14:41:00+00:00","article_modified_time":"2026-03-16T19:50:29+00:00","og_image":[{"width":768,"height":432,"url":"https:\/\/dhg1h5j42swfq.cloudfront.net\/2022\/05\/06114030\/anac.jpg","type":"image\/jpeg"}],"author":"Camila Leite","twitter_card":"summary_large_image","twitter_creator":"@EstratConcursos","twitter_site":"@EstratConcursos","twitter_misc":{"Escrito por":"Camila Leite","Est. tempo de leitura":"7 minutos"},"schema":{"@context":"https:\/\/schema.org","@graph":[{"@type":"NewsArticle","@id":"https:\/\/www.estrategiaconcursos.com.br\/blog\/concurso-anac\/#article","isPartOf":{"@id":"https:\/\/www.estrategiaconcursos.com.br\/blog\/concurso-anac\/"},"author":{"name":"Camila Leite","@id":"https:\/\/www.estrategiaconcursos.com.br\/blog\/#\/schema\/person\/84ecdc6eb58d3cf1689bf76c5cd8fb38"},"headline":"Concurso ANAC: saiu o resultado final; veja!","datePublished":"2026-03-16T14:41:00+00:00","dateModified":"2026-03-16T19:50:29+00:00","mainEntityOfPage":{"@id":"https:\/\/www.estrategiaconcursos.com.br\/blog\/concurso-anac\/"},"wordCount":1937,"commentCount":5,"publisher":{"@id":"https:\/\/www.estrategiaconcursos.com.br\/blog\/#organization"},"image":{"@id":"https:\/\/www.estrategiaconcursos.com.br\/blog\/concurso-anac\/#primaryimage"},"thumbnailUrl":"https:\/\/dhg1h5j42swfq.cloudfront.net\/2022\/05\/06114030\/anac.jpg","keywords":["ANAC","Inscri\u00e7\u00e3o"],"articleSection":["Ag\u00eancia Reguladora","Executivo (Administrativa)"],"inLanguage":"pt-BR","potentialAction":[{"@type":"CommentAction","name":"Comment","target":["https:\/\/www.estrategiaconcursos.com.br\/blog\/concurso-anac\/#respond"]}],"copyrightYear":"2026","copyrightHolder":{"@id":"https:\/\/www.estrategiaconcursos.com.br\/blog\/#organization"}},{"@type":["WebPage","FAQPage"],"@id":"https:\/\/www.estrategiaconcursos.com.br\/blog\/concurso-anac\/","url":"https:\/\/www.estrategiaconcursos.com.br\/blog\/concurso-anac\/","name":"Concurso ANAC: saiu o resultado final; veja!","isPartOf":{"@id":"https:\/\/www.estrategiaconcursos.com.br\/blog\/#website"},"primaryImageOfPage":{"@id":"https:\/\/www.estrategiaconcursos.com.br\/blog\/concurso-anac\/#primaryimage"},"image":{"@id":"https:\/\/www.estrategiaconcursos.com.br\/blog\/concurso-anac\/#primaryimage"},"thumbnailUrl":"https:\/\/dhg1h5j42swfq.cloudfront.net\/2022\/05\/06114030\/anac.jpg","datePublished":"2026-03-16T14:41:00+00:00","dateModified":"2026-03-16T19:50:29+00:00","description":"Concurso ANAC no CNU tem 70 vagas de n\u00edvel m\u00e9dio. Novo pedido para 2026 prev\u00ea mais de 490 vagas. Saiba tudo com o Estrat\u00e9gia!","breadcrumb":{"@id":"https:\/\/www.estrategiaconcursos.com.br\/blog\/concurso-anac\/#breadcrumb"},"mainEntity":[{"@id":"https:\/\/www.estrategiaconcursos.com.br\/blog\/concurso-anac\/#faq-question-1750258165325"},{"@id":"https:\/\/www.estrategiaconcursos.com.br\/blog\/concurso-anac\/#faq-question-1750258236581"}],"inLanguage":"pt-BR","potentialAction":[{"@type":"ReadAction","target":["https:\/\/www.estrategiaconcursos.com.br\/blog\/concurso-anac\/"]}]},{"@type":"ImageObject","inLanguage":"pt-BR","@id":"https:\/\/www.estrategiaconcursos.com.br\/blog\/concurso-anac\/#primaryimage","url":"https:\/\/dhg1h5j42swfq.cloudfront.net\/2022\/05\/06114030\/anac.jpg","contentUrl":"https:\/\/dhg1h5j42swfq.cloudfront.net\/2022\/05\/06114030\/anac.jpg","width":768,"height":432,"caption":"ANAC novo pedido concurso"},{"@type":"BreadcrumbList","@id":"https:\/\/www.estrategiaconcursos.com.br\/blog\/concurso-anac\/#breadcrumb","itemListElement":[{"@type":"ListItem","position":1,"name":"In\u00edcio","item":"https:\/\/www.estrategiaconcursos.com.br\/blog\/"},{"@type":"ListItem","position":2,"name":"Concurso ANAC: saiu o resultado final; veja!"}]},{"@type":"WebSite","@id":"https:\/\/www.estrategiaconcursos.com.br\/blog\/#website","url":"https:\/\/www.estrategiaconcursos.com.br\/blog\/","name":"Estrat\u00e9gia Concursos","description":"O blog da Estrat\u00e9gia Concursos traz not\u00edcias sobre concursos e artigos de professores oferecendo cursos para concursos (pdf + videaulas) no site.","publisher":{"@id":"https:\/\/www.estrategiaconcursos.com.br\/blog\/#organization"},"potentialAction":[{"@type":"SearchAction","target":{"@type":"EntryPoint","urlTemplate":"https:\/\/www.estrategiaconcursos.com.br\/blog\/?s={search_term_string}"},"query-input":{"@type":"PropertyValueSpecification","valueRequired":true,"valueName":"search_term_string"}}],"inLanguage":"pt-BR"},{"@type":"Organization","@id":"https:\/\/www.estrategiaconcursos.com.br\/blog\/#organization","name":"Estrat\u00e9gia Concursos","url":"https:\/\/www.estrategiaconcursos.com.br\/blog\/","logo":{"@type":"ImageObject","inLanguage":"pt-BR","@id":"https:\/\/www.estrategiaconcursos.com.br\/blog\/#\/schema\/logo\/image\/","url":"https:\/\/dhg1h5j42swfq.cloudfront.net\/2025\/06\/03203428\/logo_concursos-1.jpg","contentUrl":"https:\/\/dhg1h5j42swfq.cloudfront.net\/2025\/06\/03203428\/logo_concursos-1.jpg","width":230,"height":60,"caption":"Estrat\u00e9gia Concursos"},"image":{"@id":"https:\/\/www.estrategiaconcursos.com.br\/blog\/#\/schema\/logo\/image\/"},"sameAs":["https:\/\/x.com\/EstratConcursos"]},{"@type":"Person","@id":"https:\/\/www.estrategiaconcursos.com.br\/blog\/#\/schema\/person\/84ecdc6eb58d3cf1689bf76c5cd8fb38","name":"Camila Leite","image":{"@type":"ImageObject","inLanguage":"pt-BR","@id":"https:\/\/secure.gravatar.com\/avatar\/f2f8faef639c8a2bfb7fb909912a56917f4c3a0aed064500168e2fb8ea55cf61?s=96&d=mm&r=g","url":"https:\/\/secure.gravatar.com\/avatar\/f2f8faef639c8a2bfb7fb909912a56917f4c3a0aed064500168e2fb8ea55cf61?s=96&d=mm&r=g","contentUrl":"https:\/\/secure.gravatar.com\/avatar\/f2f8faef639c8a2bfb7fb909912a56917f4c3a0aed064500168e2fb8ea55cf61?s=96&d=mm&r=g","caption":"Camila Leite"},"description":"Formada em Design Gr\u00e1fico e em Propaganda e Marketing pela UNIP, integra a equipe de jornalismo do Estrat\u00e9gia Concursos desde 2018. Ao longo dos anos, construiu uma s\u00f3lida experi\u00eancia na produ\u00e7\u00e3o de conte\u00fado informativo e relevante para concurseiros. Desde 2020, atua na cobertura das \u00e1reas Fiscal \u2014 com \u00eanfase nas Secretarias de Fazenda (Sefaz) das regi\u00f5es Sul e Sudeste \u2014, al\u00e9m da cobertura de concursos federais, como CNU, Petrobras, CGU, Receita Federal, ag\u00eancias reguladoras (Anvisa, ANAC, entre outras) e INSS. Mant\u00e9m contato direto com os principais \u00f3rg\u00e3os p\u00fablicos, acompanhando editais, atualiza\u00e7\u00f5es e movimenta\u00e7\u00f5es importantes para os candidatos.","sameAs":["https:\/\/www.linkedin.com\/in\/camila-pinheiro-leite-9ba135b6\/"],"url":"https:\/\/www.estrategiaconcursos.com.br\/blog\/author\/camila-leiteestrategiaconcursos-com-br\/"},{"@type":"Question","@id":"https:\/\/www.estrategiaconcursos.com.br\/blog\/concurso-anac\/#faq-question-1750258165325","position":1,"url":"https:\/\/www.estrategiaconcursos.com.br\/blog\/concurso-anac\/#faq-question-1750258165325","name":"O que \u00e9 preciso para fazer o concurso ANAC?","answerCount":1,"acceptedAnswer":{"@type":"Answer","text":"Para concorrer a uma das 70 vagas ofertadas para o cargo de T\u00e9cnico em Regula\u00e7\u00e3o de Avia\u00e7\u00e3o Civil \u00e9 necess\u00e1rio possuir certificado de conclus\u00e3o de ensino m\u00e9dio completo.","inLanguage":"pt-BR"},"inLanguage":"pt-BR"},{"@type":"Question","@id":"https:\/\/www.estrategiaconcursos.com.br\/blog\/concurso-anac\/#faq-question-1750258236581","position":2,"url":"https:\/\/www.estrategiaconcursos.com.br\/blog\/concurso-anac\/#faq-question-1750258236581","name":"Vai ter concurso ANAC em 2026?","answerCount":1,"acceptedAnswer":{"@type":"Answer","text":"Conforme informado para o time do Estrat\u00e9gia, al\u00e9m das vagas j\u00e1 previstas no CNU, a ANAC solicitou 496 vagas ao Minist\u00e9rio da Gest\u00e3o para um novo concurso em 2026.","inLanguage":"pt-BR"},"inLanguage":"pt-BR"}]}},"_links":{"self":[{"href":"https:\/\/www.estrategiaconcursos.com.br\/blog\/wp-json\/wp\/v2\/posts\/31296","targetHints":{"allow":["GET"]}}],"collection":[{"href":"https:\/\/www.estrategiaconcursos.com.br\/blog\/wp-json\/wp\/v2\/posts"}],"about":[{"href":"https:\/\/www.estrategiaconcursos.com.br\/blog\/wp-json\/wp\/v2\/types\/post"}],"author":[{"embeddable":true,"href":"https:\/\/www.estrategiaconcursos.com.br\/blog\/wp-json\/wp\/v2\/users\/659"}],"replies":[{"embeddable":true,"href":"https:\/\/www.estrategiaconcursos.com.br\/blog\/wp-json\/wp\/v2\/comments?post=31296"}],"version-history":[{"count":178,"href":"https:\/\/www.estrategiaconcursos.com.br\/blog\/wp-json\/wp\/v2\/posts\/31296\/revisions"}],"predecessor-version":[{"id":1735505,"href":"https:\/\/www.estrategiaconcursos.com.br\/blog\/wp-json\/wp\/v2\/posts\/31296\/revisions\/1735505"}],"wp:featuredmedia":[{"embeddable":true,"href":"https:\/\/www.estrategiaconcursos.com.br\/blog\/wp-json\/wp\/v2\/media\/1023113"}],"wp:attachment":[{"href":"https:\/\/www.estrategiaconcursos.com.br\/blog\/wp-json\/wp\/v2\/media?parent=31296"}],"wp:term":[{"taxonomy":"category","embeddable":true,"href":"https:\/\/www.estrategiaconcursos.com.br\/blog\/wp-json\/wp\/v2\/categories?post=31296"},{"taxonomy":"post_tag","embeddable":true,"href":"https:\/\/www.estrategiaconcursos.com.br\/blog\/wp-json\/wp\/v2\/tags?post=31296"},{"taxonomy":"tax_estado","embeddable":true,"href":"https:\/\/www.estrategiaconcursos.com.br\/blog\/wp-json\/wp\/v2\/tax_estado?post=31296"}],"curies":[{"name":"wp","href":"https:\/\/api.w.org\/{rel}","templated":true}]}}