{"id":31214,"date":"2015-12-30T08:09:29","date_gmt":"2015-12-30T11:09:29","guid":{"rendered":"http:\/\/www.estrategiaconcursos.com.br\/blog\/?p=31214"},"modified":"2016-03-10T11:13:42","modified_gmt":"2016-03-10T14:13:42","slug":"analise-do-edital-do-inss-analista","status":"publish","type":"post","link":"https:\/\/www.estrategiaconcursos.com.br\/blog\/analise-do-edital-do-inss-analista\/","title":{"rendered":"An\u00e1lise do edital do INSS: ANALISTA."},"content":{"rendered":"<p><span style=\"font-family: Times New Roman,serif;\"><span style=\"font-size: medium;\"><b>1. AN\u00c1LISE DO EDITAL<\/b><\/span><\/span><\/p>\n<p align=\"JUSTIFY\"><span style=\"font-family: Times New Roman,serif;\"><span style=\"font-size: medium;\">Ol\u00e1 alun@! <\/span><\/span><span style=\"font-family: Times New Roman,serif;\"><span style=\"font-size: medium;\">No dia 23 de dezembro saiu o t\u00e3o esperado edital do INSS. S\u00e3o 950 vagas, sendo 800 para t\u00e9cnicos e 150 para analistas do seguro social com forma\u00e7\u00e3o em Servi\u00e7o Social.<\/span><\/span><\/p>\n<p align=\"JUSTIFY\"><span style=\"font-family: Times New Roman,serif;\"><span style=\"font-size: medium;\">Neste artigo trago para voc\u00ea uma an\u00e1lise do edital para <strong>ANALISTA<\/strong>, com destaque para os pontos mais importantes.<\/span><\/span><\/p>\n<p align=\"JUSTIFY\"><span style=\"font-family: Times New Roman,serif;\"><span style=\"font-size: medium;\"> O prazo para as inscri\u00e7\u00f5es, no valor de R$80,00, ser\u00e1 de 04 de janeiro a 22 de fevereiro de 2016. Ap\u00f3s se inscrever voc\u00ea tem at\u00e9 o dia 18 de mar\u00e7o para pagar. Mas, cuidado, n\u00e3o deixe para fazer tudo isso nos \u00faltimos dias! Fa\u00e7a o quanto antes, para n\u00e3o correr nenhum risco de esquecer, ter algum contratempo e n\u00e3o conseguir se inscrever ou pagar. \u00c9 melhor n\u00e3o procrastinar! <\/span><\/span><\/p>\n<p align=\"JUSTIFY\"><span style=\"font-family: Times New Roman,serif;\"><span style=\"font-size: medium;\"> Ao se inscrever voc\u00ea concorrer\u00e1 ao cargo de <\/span><\/span><strong><span style=\"color: #661900;\"><span style=\"font-family: Times New Roman,serif;\"><span style=\"font-size: medium;\">ANALISTA DO SEGURO SOCIAL COM FORMA\u00c7\u00c3O EM SERVI\u00c7O SOCIAL<\/span><\/span><\/span><\/strong><span style=\"color: #c5000b;\"><span style=\"font-family: Times New Roman,serif;\"><span style=\"font-size: medium;\">.<\/span><\/span><\/span><span style=\"font-family: Times New Roman,serif;\"><span style=\"font-size: medium;\"> Veja, no INSS contamos com duas carreiras: a de m\u00e9dico perito previdenci\u00e1rio e a do seguro social. Esta \u00faltima congrega todos os t\u00e9cnicos (profissionais de n\u00edvel m\u00e9dio) e analistas (profissionais de n\u00edvel superior) da institui\u00e7\u00e3o previdenci\u00e1ria.<\/span><\/span><\/p>\n<p align=\"JUSTIFY\"><span style=\"font-family: Times New Roman,serif;\"><span style=\"font-size: medium;\"> Os analistas ainda s\u00e3o divididos em 2 grupos, os de qualquer forma\u00e7\u00e3o e os analistas com forma\u00e7\u00e3o espec\u00edfica. Inclusive, muitas pessoas com outras forma\u00e7\u00f5es superiores tinham a esperan\u00e7a de que as vagas para analista desse edital fossem para profissionais de qualquer forma\u00e7\u00e3o. Mas como j\u00e1 sab\u00edamos, por causa da autoriza\u00e7\u00e3o do MPOG, as vagas s\u00e3o exclusivas para pessoas formadas em Servi\u00e7o Social. Neste sentido, o edital estabelece como requisito:<\/span><\/span><\/p>\n<p><span style=\"font-family: Times New Roman,serif;\"><span style=\"font-size: medium;\">2.1 N\u00cdVEL SUPERIOR<\/span><\/span><\/p>\n<p><strong><span style=\"font-family: Times New Roman,serif;\"><span style=\"font-size: medium;\">2.1.1 CARGO 1: <\/span><\/span><span style=\"font-family: Times New Roman,serif;\"><span style=\"font-size: medium;\">ANALISTA DO SEGURO SOCIAL COM FORMA\u00c7\u00c3O EM SERVI\u00c7O SOCIAL<\/span><\/span><\/strong><\/p>\n<p style=\"text-align: center;\"><span style=\"font-family: Times New Roman,serif;\"><span style=\"font-size: medium;\"><strong>REQUISITO<\/strong>: diploma, devidamente registrado, de conclus\u00e3o de curso de gradua\u00e7\u00e3o de n\u00edvel superior em Servi\u00e7o Social, fornecido por institui\u00e7\u00e3o de ensino superior reconhecida pelo Minist\u00e9rio da Educa\u00e7\u00e3o (MEC), e registro no \u00f3rg\u00e3o de classe espec\u00edfico.<\/span><\/span><\/p>\n<p><span style=\"font-family: Times New Roman,serif;\"><span style=\"font-size: medium;\"> O pr\u00f3ximo item do edital faz a descri\u00e7\u00e3o das atividades a serem desenvolvidas, quais sejam:<\/span><\/span><\/p>\n<p align=\"JUSTIFY\"><span style=\"font-family: Times New Roman,serif;\"><span style=\"font-size: medium;\">DESCRI\u00c7\u00c3O SUM\u00c1RIA DAS ATIVIDADES<b>:<\/b><\/span><\/span><span style=\"font-family: Times New Roman,serif;\"><span style=\"font-size: medium;\"> prestar atendimento e acompanhamento aos usu\u00e1rios dos servi\u00e7os prestados pelo INSS nas Ag\u00eancias da Previd\u00eancia Social \u2013 APS e aos seus servidores, aposentados e pensionistas; elaborar, executar, avaliar planos, programas e projetos na \u00e1rea de Servi\u00e7o Social e Reabilita\u00e7\u00e3o Profissional; supervisionar e homologar os programas profissionais realizados por terceiros ou institui\u00e7\u00f5es conveniadas; realizar avalia\u00e7\u00e3o social para fins de concess\u00e3o de direitos previdenci\u00e1rios e benef\u00edcios assistenciais; promover estudos sociais e socioecon\u00f4micos, pesquisa e levantamento de informa\u00e7\u00f5es visando \u00e0 emiss\u00e3o de parecer social para subsidiar o reconhecimento e a manuten\u00e7\u00e3o de direitos previdenci\u00e1rios e benef\u00edcios assistenciais, bem como \u00e0 decis\u00e3o m\u00e9dico pericial; e exercer, mediante designa\u00e7\u00e3o da autoridade competente, outras atividades relacionadas \u00e0s finalidades institucionais do INSS, al\u00e9m das atividades comuns mencionadas no subitem 2.3 deste edital.<\/span><\/span><\/p>\n<p align=\"JUSTIFY\"><span style=\"font-family: Times New Roman,serif;\"><span style=\"font-size: medium;\"> As atividades elencadas acima podem ser desempenhadas em v\u00e1rios setores dentro do INSS, como o de Gest\u00e3o de Pessoas, Reabilita\u00e7\u00e3o Profissional, Qualidade de Vida, Servi\u00e7o Social, entre outros. Lembrando que a \u00e1rea que mais congrega assistentes sociais na atualidade \u00e9 o servi\u00e7o previdenci\u00e1rio denominado Servi\u00e7o Social, sobre o qual j\u00e1 estuda<\/span><\/span><span style=\"font-family: Times New Roman,serif;\"><span style=\"font-size: medium;\">remos <\/span><\/span><span style=\"font-family: Times New Roman,serif;\"><span style=\"font-size: medium;\">em nosso curso.<\/span><\/span><\/p>\n<p><span style=\"font-family: Times New Roman,serif;\"><span style=\"font-size: medium;\">REMUNERA\u00c7\u00c3O:<\/span><\/span><span style=\"font-family: Times New Roman,serif;\"><span style=\"font-size: medium;\"> at\u00e9 R$ 7.496,09, correspondente \u00e0 remunera\u00e7\u00e3o bruta, j\u00e1 inclu\u00eddo Vencimento B\u00e1sico, GAE (Gratifica\u00e7\u00e3o de Atividade Executiva) e GDASS (Gratifica\u00e7\u00e3o de Desempenho de Atividade do Seguro Social).<\/span><\/span><\/p>\n<p align=\"JUSTIFY\"><span style=\"font-family: Times New Roman,serif;\"><span style=\"font-size: medium;\"> Com toda certeza esse \u00e9 um dos primeiros itens que procuramos no edital (rs). Sim, o sal\u00e1rio no INSS \u00e9 realmente bom. Agora no in\u00edcio do ano de 2016 ter\u00e1 aumento no vale-alimenta\u00e7\u00e3o, aux\u00edlio-creche e contrapartida do plano de sa\u00fade, em decorr\u00eancia de acordo de greve. Ou seja, o retorno financeiro \u00e9 certo! Por isso, estude, estude, estude!<\/span><\/span><\/p>\n<p align=\"JUSTIFY\"><span style=\"font-family: Times New Roman,serif;\"><span style=\"font-size: medium;\"> Outro ponto cr\u00edtico do edital. <\/span><\/span><\/p>\n<p align=\"LEFT\"><span style=\"font-family: Times New Roman,serif;\"><span style=\"font-size: medium;\">JORNADA DE TRABALHO<\/span><\/span><span style=\"font-family: Times New Roman,serif;\"><span style=\"font-size: medium;\">: 40 horas semanais.<\/span><\/span><\/p>\n<p align=\"JUSTIFY\"><span style=\"font-family: Times New Roman,serif;\"><span style=\"font-size: medium;\"> Infelizmente o servi\u00e7o p\u00fablico federal n\u00e3o reconheceu a nossa lei das 30 horas (Lei 12.317\/2010). O MPOG alega que a lei \u00e9 restrita aos celetistas (servi\u00e7o privado). Entretanto, acalme-se, pois, no INSS a maior parte das Ag\u00eancias da Previd\u00eancia Social (APS) cumprem turno estendido de 30 horas semanais. Ou seja, todos os servidores trabalham das 7h \u00e0s 13h, ou das 13h \u00e0s 19h. Na minha APS, por exemplo (em Taguatinga &#8211; Distrito Federal), desde 2010 trabalhamos em regime de turno estendido. <\/span><\/span><\/p>\n<p><span style=\"font-family: Times New Roman,serif;\"><span style=\"font-size: medium;\">A<\/span><\/span><span style=\"font-family: Times New Roman,serif;\"><span style=\"font-size: medium;\">l\u00e9m de forma\u00e7\u00e3o em Servi\u00e7o Social e inscri\u00e7\u00e3o no conselho de classe o edital estabelece os requisitos b\u00e1sicos, comuns para qualquer concurso p\u00fablico:<\/span><\/span><\/p>\n<p align=\"JUSTIFY\"><span style=\"font-family: Times New Roman,serif;\"><span style=\"font-size: medium;\">3 DOS REQUISITOS B\u00c1SICOS PARA A INVESTIDURA NO CARGO<\/span><\/span><\/p>\n<p align=\"JUSTIFY\"><span style=\"font-family: Times New Roman,serif;\"><span style=\"font-size: medium;\">3.1 Ser aprovado no concurso p\u00fablico.<\/span><\/span><\/p>\n<p align=\"JUSTIFY\"><span style=\"font-family: Times New Roman,serif;\"><span style=\"font-size: medium;\">3.2 Ter a nacionalidade brasileira ou portuguesa e, no caso de nacionalidade portuguesa, estar amparado pelo estatuto de igualdade entre brasileiros e portugueses, com reconhecimento do gozo dos direitos pol\u00edticos, nos termos do \u00a7 1\u00ba do artigo 12 da Constitui\u00e7\u00e3o Federal.<\/span><\/span><\/p>\n<p align=\"JUSTIFY\"><span style=\"font-family: Times New Roman,serif;\"><span style=\"font-size: medium;\">3.3 Estar em gozo dos direitos pol\u00edticos.<\/span><\/span><\/p>\n<p align=\"JUSTIFY\"><span style=\"font-family: Times New Roman,serif;\"><span style=\"font-size: medium;\">3.4 Estar quite com as obriga\u00e7\u00f5es militares, em caso de candidato do sexo masculino.<\/span><\/span><\/p>\n<p align=\"JUSTIFY\"><span style=\"font-family: Times New Roman,serif;\"><span style=\"font-size: medium;\">3.5 Estar quite com as obriga\u00e7\u00f5es eleitorais.<\/span><\/span><\/p>\n<p align=\"JUSTIFY\"><span style=\"font-family: Times New Roman,serif;\"><span style=\"font-size: medium;\">3.6 Possuir os requisitos exigidos para o exerc\u00edcio do cargo, conforme item 2 deste edital.<\/span><\/span><\/p>\n<p align=\"JUSTIFY\"><span style=\"font-family: Times New Roman,serif;\"><span style=\"font-size: medium;\">3.7 Ter idade m\u00ednima de 18 anos completos na data da posse.<\/span><\/span><\/p>\n<p align=\"JUSTIFY\"><span style=\"font-family: Times New Roman,serif;\"><span style=\"font-size: medium;\">3.8 Ter aptid\u00e3o f\u00edsica e mental para o exerc\u00edcio das atribui\u00e7\u00f5es do cargo.<\/span><\/span><\/p>\n<p align=\"JUSTIFY\"><span style=\"font-family: Times New Roman,serif;\"><span style=\"font-size: medium;\">3.9 Cumprir as determina\u00e7\u00f5es deste edital.<\/span><\/span><\/p>\n<p align=\"JUSTIFY\"><span style=\"font-family: Times New Roman,serif;\"><span style=\"font-size: medium;\">3.10 O candidato dever\u00e1 declarar, na solicita\u00e7\u00e3o de inscri\u00e7\u00e3o, que tem ci\u00eancia e aceita que, caso aprovado, dever\u00e1 entregar os documentos comprobat\u00f3rios dos requisitos exigidos para o cargo por ocasi\u00e3o da posse.<\/span><\/span><\/p>\n<p align=\"JUSTIFY\"><span style=\"font-family: Times New Roman,serif;\"><span style=\"font-size: medium;\">Sobre as vagas, este edital traz uma inova\u00e7\u00e3o. Ao se inscrever voc\u00ea escolher\u00e1 uma ger\u00eancia executiva, e n\u00e3o uma cidade espec\u00edfica. E ent\u00e3o, ao ser aprovado e nomeado \u00e9 que escolher\u00e1 a ag\u00eancia da previd\u00eancia social em que trabalhar\u00e1. Isso \u00e9 bom, pois aumenta as possibilidades de ser tornar assistente social do INSS, na sua cidade, ou pr\u00f3ximo dela. <\/span><\/span><\/p>\n<p align=\"LEFT\"><span style=\"font-family: Times New Roman,serif;\"><span style=\"font-size: medium;\">DA PROVA<b> <\/b><\/span><\/span><\/p>\n<p align=\"JUSTIFY\"><span style=\"font-family: Times New Roman,serif;\"><span style=\"font-size: medium;\"> A prova ser\u00e1 realizada na data prov\u00e1vel de 15 de maio de 2016, no per\u00edodo da manh\u00e3, e ter\u00e1 dura\u00e7\u00e3o de 3h30. Ah, e temos uma boa not\u00edcia. A prova ser\u00e1 objetiva. Portanto, <\/span><\/span><span style=\"font-family: Times New Roman,serif;\"><span style=\"font-size: medium;\"><b>n\u00e3o teremos reda\u00e7\u00e3o!<\/b><\/span><\/span><span style=\"font-family: Times New Roman,serif;\"><span style=\"font-size: medium;\"> Um motivo pra voc\u00ea comemorar. <\/span><\/span><\/p>\n<p><span style=\"font-family: Times New Roman,serif;\"><span style=\"font-size: medium;\">A prova objetiva tem car\u00e1ter eliminat\u00f3rio e classificat\u00f3rio. O que isso quer dizer?<\/span><\/span><\/p>\n<p><span style=\"font-family: Times New Roman,serif;\"><span style=\"font-size: medium;\"> Pode parecer \u00f3bvio, mas vou explicar mesmo assim (rs). Quer dizer que voc\u00ea tem que fazer uma pontua\u00e7\u00e3o m\u00ednima, para n\u00e3o ser eliminado. E, tendo atingido esta pontua\u00e7\u00e3o m\u00ednima, voc\u00ea ser\u00e1 classificado de acordo com a pontua\u00e7\u00e3o que fizer. A prova objetiva ser\u00e1 dividida entre conhecimentos b\u00e1sicos e conhecimentos espec\u00edficos.<\/span><\/span><\/p>\n<table width=\"602\" cellspacing=\"0\" cellpadding=\"4\">\n<colgroup>\n<col width=\"141\" \/>\n<col width=\"142\" \/>\n<col width=\"142\" \/>\n<col width=\"142\" \/> <\/colgroup>\n<tbody>\n<tr valign=\"TOP\">\n<td bgcolor=\"#92cddc\" width=\"141\">\n<p align=\"LEFT\"><span style=\"font-family: Times New Roman,serif;\"><span style=\"font-size: medium;\"><b>PROVA\/TIPO<\/b><\/span><\/span><\/p>\n<\/td>\n<td bgcolor=\"#92cddc\" width=\"142\">\n<p align=\"LEFT\"><span style=\"font-family: Times New Roman,serif;\"><span style=\"font-size: medium;\"><b>\u00c1REA DE CONHECIMENTO<\/b><\/span><\/span><\/p>\n<\/td>\n<td bgcolor=\"#92cddc\" width=\"142\">\n<p align=\"LEFT\"><span style=\"font-family: Times New Roman,serif;\"><span style=\"font-size: medium;\"><b>N\u00daMERO DE ITENS <\/b><\/span><\/span><\/p>\n<\/td>\n<td bgcolor=\"#92cddc\" width=\"142\">\n<p align=\"CENTER\"><span style=\"font-family: Times New Roman,serif;\"><span style=\"font-size: medium;\"><b>Peso <\/b><\/span><\/span><\/p>\n<\/td>\n<\/tr>\n<tr valign=\"TOP\">\n<td bgcolor=\"#92cddc\" width=\"141\">\n<p align=\"LEFT\"><span style=\"font-family: Times New Roman,serif;\"><span style=\"font-size: medium;\">(P1) Objetiva <\/span><\/span><\/p>\n<\/td>\n<td bgcolor=\"#92cddc\" width=\"142\">\n<p align=\"LEFT\"><span style=\"font-family: Times New Roman,serif;\"><span style=\"font-size: medium;\">Conhecimentos B\u00e1sicos<\/span><\/span><\/p>\n<\/td>\n<td bgcolor=\"#92cddc\" width=\"142\">\n<p align=\"LEFT\"><span style=\"font-family: Times New Roman,serif;\"><span style=\"font-size: medium;\">50 <\/span><\/span><\/p>\n<\/td>\n<td bgcolor=\"#92cddc\" width=\"142\">\n<p align=\"CENTER\"><span style=\"font-family: Times New Roman,serif;\"><span style=\"font-size: medium;\">41,67%<\/span><\/span><\/p>\n<\/td>\n<\/tr>\n<tr valign=\"TOP\">\n<td bgcolor=\"#92cddc\" width=\"141\">\n<p align=\"LEFT\"><span style=\"font-family: Times New Roman,serif;\"><span style=\"font-size: medium;\">(P2) Objetiva <\/span><\/span><\/p>\n<\/td>\n<td bgcolor=\"#92cddc\" width=\"142\">\n<p align=\"LEFT\"><span style=\"font-family: Times New Roman,serif;\"><span style=\"font-size: medium;\">Conhecimentos Espec\u00edficos <\/span><\/span><\/p>\n<\/td>\n<td bgcolor=\"#92cddc\" width=\"142\"><span style=\"font-family: Times New Roman,serif;\"><span style=\"font-size: medium;\">70<\/span><\/span><\/td>\n<td bgcolor=\"#92cddc\" width=\"142\">\n<p align=\"CENTER\"><span style=\"font-family: Times New Roman,serif;\"><span style=\"font-size: medium;\">58,33%<\/span><\/span><\/p>\n<\/td>\n<\/tr>\n<\/tbody>\n<\/table>\n<p><span style=\"font-family: Times New Roman,serif;\"><span style=\"font-size: medium;\"> Como j\u00e1 vimos, a prova ser\u00e1 divida entre: <\/span><\/span><\/p>\n<p><span style=\"font-family: Times New Roman,serif;\"><span style=\"font-size: medium;\"><b>Conhecimentos b\u00e1sico<\/b><\/span><\/span><span style=\"font-family: Times New Roman,serif;\"><span style=\"font-size: medium;\">s: l\u00edngua portuguesa, racioc\u00ednio l\u00f3gico, no\u00e7\u00f5es de inform\u00e1tica, direito constitucional, direito administrativo, legisla\u00e7\u00e3o previdenci\u00e1ria e legisla\u00e7\u00e3o da assist\u00eancia social, sa\u00fade do (a) trabalhador (a) e da pessoa com defici\u00eancia, e <b>Conhecimentos espec\u00edficos<\/b><\/span><\/span><span style=\"font-family: Times New Roman,serif;\"><span style=\"font-size: medium;\">: Servi\u00e7o Social.<\/span><\/span><\/p>\n<p align=\"JUSTIFY\"><span style=\"font-family: Times New Roman,serif;\"><span style=\"font-size: medium;\"> Ao todo ser\u00e3o 120 itens para julgamento de CERTO ou ERRADO. Cada item correto (de acordo com o gabarito oficial) vale 1 ponto. A cada item errado (em discord\u00e2ncia ao gabarito oficial) \u00e9 descontado um ponto seu. Essa metodologia busca evitar os acertos por chute. Por isso, na d\u00favida, sugiro que n\u00e3o marque certo ou errado, ou marque os dois, para que n\u00e3o haja desconto de pontos. <\/span><\/span><\/p>\n<p align=\"JUSTIFY\"><span style=\"font-family: Times New Roman,serif;\"><span style=\"font-size: medium;\"> Voc\u00ea precisa<\/span><\/span><span style=\"font-family: Times New Roman,serif;\"><span style=\"font-size: medium;\">r\u00e1<\/span><\/span><span style=\"font-family: Times New Roman,serif;\"><span style=\"font-size: medium;\"> de uma pontua\u00e7\u00e3o m\u00ednima na prova para n\u00e3o ser eliminado do concurso, como j\u00e1 disse. Tem um item do edital que descreve essa situa\u00e7\u00e3o: <\/span><\/span><\/p>\n<p align=\"JUSTIFY\"><span style=\"font-family: Times New Roman,serif;\"><span style=\"font-size: medium;\">8.15.4 Ser\u00e1 reprovado nas provas objetivas e eliminado do concurso p\u00fablico o candidato que se enquadrar em pelo menos um dos itens a seguir:<\/span><\/span><\/p>\n<p align=\"JUSTIFY\"><span style=\"font-family: Times New Roman,serif;\"><span style=\"font-size: medium;\">a) obtiver nota inferior a 10,00 pontos na prova objetiva de Conhecimentos B\u00e1sicos P1;<\/span><\/span><\/p>\n<p align=\"JUSTIFY\"><span style=\"font-family: Times New Roman,serif;\"><span style=\"font-size: medium;\">b) obtiver nota inferior a 21,00 pontos na prova objetiva de Conhecimentos Espec\u00edficos P2;<\/span><\/span><\/p>\n<p align=\"JUSTIFY\"><span style=\"font-family: Times New Roman,serif;\"><span style=\"font-size: medium;\">c) obtiver nota inferior a 36,00 pontos no conjunto das provas objetivas.<\/span><\/span><\/p>\n<p>&nbsp;<\/p>\n<p align=\"JUSTIFY\"><span style=\"font-family: Times New Roman,serif;\"><span style=\"font-size: medium;\">10 DOS CRIT\u00c9RIOS DE DESEMPATE<\/span><\/span><\/p>\n<p align=\"JUSTIFY\"><span style=\"font-family: Times New Roman,serif;\"><span style=\"font-size: medium;\">10.1 Em caso de empate na nota final no concurso, ter\u00e1 prefer\u00eancia o candidato que, na seguinte ordem:<\/span><\/span><\/p>\n<p align=\"JUSTIFY\"><span style=\"font-family: Times New Roman,serif;\"><span style=\"font-size: medium;\">a) tiver idade igual ou superior a 60 anos, at\u00e9 o \u00faltimo dia de inscri\u00e7\u00e3o neste concurso, conforme artigo 27,<\/span><\/span><\/p>\n<p align=\"JUSTIFY\"><span style=\"font-family: Times New Roman,serif;\"><span style=\"font-size: medium;\">par\u00e1grafo \u00fanico, da Lei n\u00ba 10.741, de 1\u00ba de outubro de 2003 (Estatuto do Idoso);<\/span><\/span><\/p>\n<p align=\"JUSTIFY\"><span style=\"font-family: Times New Roman,serif;\"><span style=\"font-size: medium;\">b) obtiver a maior nota na prova objetiva de Conhecimentos Espec\u00edficos P2;<\/span><\/span><\/p>\n<p align=\"JUSTIFY\"><span style=\"font-family: Times New Roman,serif;\"><span style=\"font-size: medium;\">c) obtiver o maior n\u00famero de acertos na prova objetiva de Conhecimentos Espec\u00edficos P2;<\/span><\/span><\/p>\n<p align=\"JUSTIFY\"><span style=\"font-family: Times New Roman,serif;\"><span style=\"font-size: medium;\">e) obtiver o maior n\u00famero de acertos na prova objetiva de Conhecimentos B\u00e1sicos P1;<\/span><\/span><\/p>\n<p align=\"JUSTIFY\"><span style=\"font-family: Times New Roman,serif;\"><span style=\"font-size: medium;\">f) tiver maior idade;<\/span><\/span><\/p>\n<p align=\"JUSTIFY\"><span style=\"font-family: Times New Roman,serif;\"><span style=\"font-size: medium;\">g) tiver exercido a fun\u00e7\u00e3o de jurado (conforme art. 440 do C\u00f3digo de Processo Penal).<\/span><\/span><\/p>\n<p align=\"JUSTIFY\"><span style=\"font-family: Times New Roman,serif;\"><span style=\"font-size: medium;\">10.1.1 Os candidatos a que se refere a al\u00ednea \u201cg\u201d do subitem 10.1 ser\u00e3o convocados, antes do resultado final do concurso, para a entrega da documenta\u00e7\u00e3o que comprovar\u00e1 o exerc\u00edcio da fun\u00e7\u00e3o de jurado.<\/span><\/span><\/p>\n<p align=\"JUSTIFY\"><span style=\"font-family: Times New Roman,serif;\"><span style=\"font-size: medium;\">10.1.1.1 Para fins de comprova\u00e7\u00e3o da fun\u00e7\u00e3o citada no subitem anterior, ser\u00e3o aceitas certid\u00f5es, declara\u00e7\u00f5es, atestados ou outros documentos p\u00fablicos (original ou c\u00f3pia autenticada em cart\u00f3rio) emitidos pelos Tribunais de Justi\u00e7a Estaduais e Regionais Federais do Pa\u00eds, relativos ao exerc\u00edcio da fun\u00e7\u00e3o de jurado, nos termos dodo art. 440 do CPP, a partir de 10 de agosto de 2008, data da entrada em vigor da Lei n\u00ba 11.689\/2008.<\/span><\/span><\/p>\n<p align=\"JUSTIFY\"><span style=\"font-family: Times New Roman,serif;\"><span style=\"font-size: medium;\"> O gabarito oficial ser\u00e1 divulgado na internet na data prov\u00e1vel de 17 de maio de 2016. A partir da data de divulga\u00e7\u00e3o, voc\u00ea, concurseir@, tem o prazo de 3 dias para entrar com recurso contra o gabarito oficial, atrav\u00e9s de sistema eletr\u00f4nico de interposi\u00e7\u00e3o de recursos do CESPE. Vamos ficar atentos a esse prazo juntos!!!<\/span><\/span><\/p>\n<p align=\"JUSTIFY\"><span style=\"font-family: Times New Roman,serif;\"><span style=\"font-size: medium;\"> Ao ser aprovado e ter seu nome homologado dentro do n\u00famero de vagas, voc\u00ea ser\u00e1 convocado para escolher a localidade em que trabalhar\u00e1, de acordo com sua classifica\u00e7\u00e3o! Depois de ter o nome publicado no Di\u00e1rio Oficial da Uni\u00e3o ter\u00e1 at\u00e9 30 dias para tomar posse.<\/span><\/span><\/p>\n<p align=\"JUSTIFY\"><span style=\"font-family: Times New Roman,serif;\"><span style=\"font-size: medium;\"> Algumas outras informa\u00e7\u00f5es importantes:<\/span><\/span><\/p>\n<p><span style=\"font-family: Times New Roman,serif;\"><span style=\"font-size: medium;\">12.13 Ap\u00f3s a nomea\u00e7\u00e3o, a posse e o exerc\u00edcio, o servidor cumprir\u00e1 est\u00e1gio probat\u00f3rio, nos termos do artigo20 da Lei n.\u00ba 8.112, de 11 de dezembro de 1990, e suas altera\u00e7\u00f5es.<\/span><\/span><\/p>\n<p><span style=\"font-family: Times New Roman,serif;\"><span style=\"font-size: medium;\">12.13.1 N\u00e3o ser\u00e1 efetuada a remo\u00e7\u00e3o a pedido de servidores antes de completado o per\u00edodo do est\u00e1gio probat\u00f3rio no local de posse.<\/span><\/span><\/p>\n<p align=\"JUSTIFY\"><span style=\"font-family: Times New Roman,serif;\"><span style=\"font-size: medium;\"> Veja, voc\u00ea ter\u00e1 que esperar os 36 meses do est\u00e1gio probat\u00f3rio para ser removido para outra localidade. Mas, existe exce\u00e7\u00e3o a essa regra: a remo\u00e7\u00e3o ex oficio, a interesse da administra\u00e7\u00e3o. Por interesse do servi\u00e7o p\u00fablico o servidor poder\u00e1 ser removido a qualquer tempo. <\/span><\/span><\/p>\n<p><span style=\"font-family: Times New Roman,serif;\"><span style=\"font-size: medium;\">Mais informa\u00e7\u00f5es importantes&#8230;.<\/span><\/span><\/p>\n<p><span style=\"font-family: Times New Roman,serif;\"><span style=\"font-size: medium;\">12.16 N\u00e3o havendo candidato aprovado e homologado para os cargos ofertados no \u00e2mbito de uma determinada ger\u00eancia-executiva, o INSS, no interesse da Administra\u00e7\u00e3o, poder\u00e1 remanejar a vaga n\u00e3o preenchida para outra unidade onde haja candidato homologado.<\/span><\/span><\/p>\n<p><span style=\"font-family: Times New Roman,serif;\"><span style=\"font-size: medium;\"> Vej@ alun@! Isso \u00e9 exce\u00e7\u00e3o, e n\u00e3o regra. Ou seja, se n\u00e3o houver candidato aprovado em uma determinada regi\u00e3o (ger\u00eancia executiva), o INSS pode pegar essa vaga que n\u00e3o foi preenchida, e realocar em outra ger\u00eancia-executiva em que tenham aprovados.<\/span><\/span><\/p>\n<p><span style=\"font-family: Times New Roman,serif;\"><span style=\"font-size: medium;\">\u00c9 isso! Agora \u00e9 estudar, estudar, estudar!!! <\/span><\/span><\/p>\n<p><strong><em>Conhe\u00e7a os nossos cursos para ANALISTA:<\/em><\/strong><\/p>\n<p><a href=\"https:\/\/www.estrategiaconcursos.com.br\/curso\/servico-social-p-inss-analista-do-seguro-social-servico-social-2016\/\">https:\/\/www.estrategiaconcursos.com.br\/curso\/servico-social-p-inss-analista-do-seguro-social-servico-social-2016\/<\/a><\/p>\n<p><a href=\"https:\/\/www.estrategiaconcursos.com.br\/curso\/legislacao-da-assistencia-social-saude-do-trabalhador-e-da-pessoa-c-deficiencia-p-inss-analista\/\">https:\/\/www.estrategiaconcursos.com.br\/curso\/legislacao-da-assistencia-social-saude-do-trabalhador-e-da-pessoa-c-deficiencia-p-inss-analista\/<\/a><\/p>\n<p><em><strong>Confira nosso Guia \u00a0\u00c9pico de Estudo\u00a0\u00a0Para o Concurso do INSS:<\/strong><\/em><\/p>\n<p><a href=\"https:\/\/www.estrategiaconcursos.com.br\/guia-concurso-inss\">https:\/\/www.estrategiaconcursos.com.br\/guia-concurso-inss<\/a><\/p>\n<p>Bons estudos!!!<\/p>\n","protected":false},"excerpt":{"rendered":"<p>1. AN\u00c1LISE DO EDITAL Ol\u00e1 alun@! No dia 23 de dezembro saiu o t\u00e3o esperado edital do INSS. S\u00e3o 950 vagas, sendo 800 para t\u00e9cnicos e 150 para analistas do seguro social com forma\u00e7\u00e3o em Servi\u00e7o Social. Neste artigo trago para voc\u00ea uma an\u00e1lise do edital para ANALISTA, com destaque para os pontos mais importantes. [&hellip;]<\/p>\n","protected":false},"author":213,"featured_media":0,"comment_status":"open","ping_status":"open","sticky":false,"template":"","format":"standard","meta":{"post_tipo":"article","footnotes":""},"categories":[1],"tags":[],"tax_estado":[],"class_list":["post-31214","post","type-post","status-publish","format-standard","hentry","category-cursos-e-concursos"],"acf":[],"yoast_head":"<!-- This site is optimized with the Yoast SEO Premium plugin v27.2 (Yoast SEO v27.2) - https:\/\/yoast.com\/product\/yoast-seo-premium-wordpress\/ -->\n<title>An\u00e1lise do Edital INSS 2016<\/title>\n<meta name=\"description\" content=\"An\u00e1lise do edital do INSS, um dos maiores e mais concorridos do Brasil. Conhe\u00e7a nossos cursos para ingressar no INSS.\" \/>\n<meta name=\"robots\" content=\"index, follow, max-snippet:-1, max-image-preview:large, max-video-preview:-1\" \/>\n<link rel=\"canonical\" href=\"https:\/\/www.estrategiaconcursos.com.br\/blog\/analise-do-edital-do-inss-analista\/\" \/>\n<meta property=\"og:locale\" content=\"pt_BR\" \/>\n<meta property=\"og:type\" content=\"article\" \/>\n<meta property=\"og:title\" content=\"An\u00e1lise do edital do INSS: ANALISTA.\" \/>\n<meta property=\"og:description\" content=\"An\u00e1lise do edital do INSS, um dos maiores e mais concorridos do Brasil. Conhe\u00e7a nossos cursos para ingressar no INSS.\" \/>\n<meta property=\"og:url\" content=\"https:\/\/www.estrategiaconcursos.com.br\/blog\/analise-do-edital-do-inss-analista\/\" \/>\n<meta property=\"og:site_name\" content=\"Estrat\u00e9gia Concursos\" \/>\n<meta property=\"article:published_time\" content=\"2015-12-30T11:09:29+00:00\" \/>\n<meta property=\"article:modified_time\" content=\"2016-03-10T14:13:42+00:00\" \/>\n<meta name=\"author\" content=\"Ana Paula de Oliveira\" \/>\n<meta name=\"twitter:card\" content=\"summary_large_image\" \/>\n<meta name=\"twitter:creator\" content=\"@EstratConcursos\" \/>\n<meta name=\"twitter:site\" content=\"@EstratConcursos\" \/>\n<meta name=\"twitter:label1\" content=\"Escrito por\" \/>\n\t<meta name=\"twitter:data1\" content=\"Ana Paula de Oliveira\" \/>\n\t<meta name=\"twitter:label2\" content=\"Est. tempo de leitura\" \/>\n\t<meta name=\"twitter:data2\" content=\"10 minutos\" \/>\n<script type=\"application\/ld+json\" class=\"yoast-schema-graph\">{\"@context\":\"https:\/\/schema.org\",\"@graph\":[{\"@type\":\"NewsArticle\",\"@id\":\"https:\/\/www.estrategiaconcursos.com.br\/blog\/analise-do-edital-do-inss-analista\/#article\",\"isPartOf\":{\"@id\":\"https:\/\/www.estrategiaconcursos.com.br\/blog\/analise-do-edital-do-inss-analista\/\"},\"author\":{\"name\":\"Ana Paula de Oliveira\",\"@id\":\"https:\/\/www.estrategiaconcursos.com.br\/blog\/#\/schema\/person\/968d3af0f3581a24c32c07db7a47d0d3\"},\"headline\":\"An\u00e1lise do edital do INSS: ANALISTA.\",\"datePublished\":\"2015-12-30T11:09:29+00:00\",\"dateModified\":\"2016-03-10T14:13:42+00:00\",\"mainEntityOfPage\":{\"@id\":\"https:\/\/www.estrategiaconcursos.com.br\/blog\/analise-do-edital-do-inss-analista\/\"},\"wordCount\":1956,\"commentCount\":3,\"publisher\":{\"@id\":\"https:\/\/www.estrategiaconcursos.com.br\/blog\/#organization\"},\"articleSection\":[\"Concursos P\u00fablicos\"],\"inLanguage\":\"pt-BR\",\"potentialAction\":[{\"@type\":\"CommentAction\",\"name\":\"Comment\",\"target\":[\"https:\/\/www.estrategiaconcursos.com.br\/blog\/analise-do-edital-do-inss-analista\/#respond\"]}],\"copyrightYear\":\"2015\",\"copyrightHolder\":{\"@id\":\"https:\/\/www.estrategiaconcursos.com.br\/blog\/#organization\"}},{\"@type\":\"WebPage\",\"@id\":\"https:\/\/www.estrategiaconcursos.com.br\/blog\/analise-do-edital-do-inss-analista\/\",\"url\":\"https:\/\/www.estrategiaconcursos.com.br\/blog\/analise-do-edital-do-inss-analista\/\",\"name\":\"An\u00e1lise do Edital INSS 2016\",\"isPartOf\":{\"@id\":\"https:\/\/www.estrategiaconcursos.com.br\/blog\/#website\"},\"datePublished\":\"2015-12-30T11:09:29+00:00\",\"dateModified\":\"2016-03-10T14:13:42+00:00\",\"description\":\"An\u00e1lise do edital do INSS, um dos maiores e mais concorridos do Brasil. Conhe\u00e7a nossos cursos para ingressar no INSS.\",\"breadcrumb\":{\"@id\":\"https:\/\/www.estrategiaconcursos.com.br\/blog\/analise-do-edital-do-inss-analista\/#breadcrumb\"},\"inLanguage\":\"pt-BR\",\"potentialAction\":[{\"@type\":\"ReadAction\",\"target\":[\"https:\/\/www.estrategiaconcursos.com.br\/blog\/analise-do-edital-do-inss-analista\/\"]}]},{\"@type\":\"BreadcrumbList\",\"@id\":\"https:\/\/www.estrategiaconcursos.com.br\/blog\/analise-do-edital-do-inss-analista\/#breadcrumb\",\"itemListElement\":[{\"@type\":\"ListItem\",\"position\":1,\"name\":\"In\u00edcio\",\"item\":\"https:\/\/www.estrategiaconcursos.com.br\/blog\/\"},{\"@type\":\"ListItem\",\"position\":2,\"name\":\"An\u00e1lise do edital do INSS: ANALISTA.\"}]},{\"@type\":\"WebSite\",\"@id\":\"https:\/\/www.estrategiaconcursos.com.br\/blog\/#website\",\"url\":\"https:\/\/www.estrategiaconcursos.com.br\/blog\/\",\"name\":\"Estrat\u00e9gia Concursos\",\"description\":\"O blog da Estrat\u00e9gia Concursos traz not\u00edcias sobre concursos e artigos de professores oferecendo cursos para concursos (pdf + videaulas) no site.\",\"publisher\":{\"@id\":\"https:\/\/www.estrategiaconcursos.com.br\/blog\/#organization\"},\"potentialAction\":[{\"@type\":\"SearchAction\",\"target\":{\"@type\":\"EntryPoint\",\"urlTemplate\":\"https:\/\/www.estrategiaconcursos.com.br\/blog\/?s={search_term_string}\"},\"query-input\":{\"@type\":\"PropertyValueSpecification\",\"valueRequired\":true,\"valueName\":\"search_term_string\"}}],\"inLanguage\":\"pt-BR\"},{\"@type\":\"Organization\",\"@id\":\"https:\/\/www.estrategiaconcursos.com.br\/blog\/#organization\",\"name\":\"Estrat\u00e9gia Concursos\",\"url\":\"https:\/\/www.estrategiaconcursos.com.br\/blog\/\",\"logo\":{\"@type\":\"ImageObject\",\"inLanguage\":\"pt-BR\",\"@id\":\"https:\/\/www.estrategiaconcursos.com.br\/blog\/#\/schema\/logo\/image\/\",\"url\":\"https:\/\/dhg1h5j42swfq.cloudfront.net\/2025\/06\/03203428\/logo_concursos-1.jpg\",\"contentUrl\":\"https:\/\/dhg1h5j42swfq.cloudfront.net\/2025\/06\/03203428\/logo_concursos-1.jpg\",\"width\":230,\"height\":60,\"caption\":\"Estrat\u00e9gia Concursos\"},\"image\":{\"@id\":\"https:\/\/www.estrategiaconcursos.com.br\/blog\/#\/schema\/logo\/image\/\"},\"sameAs\":[\"https:\/\/x.com\/EstratConcursos\"]},{\"@type\":\"Person\",\"@id\":\"https:\/\/www.estrategiaconcursos.com.br\/blog\/#\/schema\/person\/968d3af0f3581a24c32c07db7a47d0d3\",\"name\":\"Ana Paula de Oliveira\",\"image\":{\"@type\":\"ImageObject\",\"inLanguage\":\"pt-BR\",\"@id\":\"https:\/\/secure.gravatar.com\/avatar\/0172d72aeb42d0b9f9721d2ea23e0ba93b1cc3153a889bac21b8dea85e627bb0?s=96&d=mm&r=g\",\"url\":\"https:\/\/secure.gravatar.com\/avatar\/0172d72aeb42d0b9f9721d2ea23e0ba93b1cc3153a889bac21b8dea85e627bb0?s=96&d=mm&r=g\",\"contentUrl\":\"https:\/\/secure.gravatar.com\/avatar\/0172d72aeb42d0b9f9721d2ea23e0ba93b1cc3153a889bac21b8dea85e627bb0?s=96&d=mm&r=g\",\"caption\":\"Ana Paula de Oliveira\"},\"url\":\"https:\/\/www.estrategiaconcursos.com.br\/blog\/author\/apb-deoliveiragmail-com\/\"}]}<\/script>\n<!-- \/ Yoast SEO Premium plugin. -->","yoast_head_json":{"title":"An\u00e1lise do Edital INSS 2016","description":"An\u00e1lise do edital do INSS, um dos maiores e mais concorridos do Brasil. Conhe\u00e7a nossos cursos para ingressar no INSS.","robots":{"index":"index","follow":"follow","max-snippet":"max-snippet:-1","max-image-preview":"max-image-preview:large","max-video-preview":"max-video-preview:-1"},"canonical":"https:\/\/www.estrategiaconcursos.com.br\/blog\/analise-do-edital-do-inss-analista\/","og_locale":"pt_BR","og_type":"article","og_title":"An\u00e1lise do edital do INSS: ANALISTA.","og_description":"An\u00e1lise do edital do INSS, um dos maiores e mais concorridos do Brasil. Conhe\u00e7a nossos cursos para ingressar no INSS.","og_url":"https:\/\/www.estrategiaconcursos.com.br\/blog\/analise-do-edital-do-inss-analista\/","og_site_name":"Estrat\u00e9gia Concursos","article_published_time":"2015-12-30T11:09:29+00:00","article_modified_time":"2016-03-10T14:13:42+00:00","author":"Ana Paula de Oliveira","twitter_card":"summary_large_image","twitter_creator":"@EstratConcursos","twitter_site":"@EstratConcursos","twitter_misc":{"Escrito por":"Ana Paula de Oliveira","Est. tempo de leitura":"10 minutos"},"schema":{"@context":"https:\/\/schema.org","@graph":[{"@type":"NewsArticle","@id":"https:\/\/www.estrategiaconcursos.com.br\/blog\/analise-do-edital-do-inss-analista\/#article","isPartOf":{"@id":"https:\/\/www.estrategiaconcursos.com.br\/blog\/analise-do-edital-do-inss-analista\/"},"author":{"name":"Ana Paula de Oliveira","@id":"https:\/\/www.estrategiaconcursos.com.br\/blog\/#\/schema\/person\/968d3af0f3581a24c32c07db7a47d0d3"},"headline":"An\u00e1lise do edital do INSS: ANALISTA.","datePublished":"2015-12-30T11:09:29+00:00","dateModified":"2016-03-10T14:13:42+00:00","mainEntityOfPage":{"@id":"https:\/\/www.estrategiaconcursos.com.br\/blog\/analise-do-edital-do-inss-analista\/"},"wordCount":1956,"commentCount":3,"publisher":{"@id":"https:\/\/www.estrategiaconcursos.com.br\/blog\/#organization"},"articleSection":["Concursos P\u00fablicos"],"inLanguage":"pt-BR","potentialAction":[{"@type":"CommentAction","name":"Comment","target":["https:\/\/www.estrategiaconcursos.com.br\/blog\/analise-do-edital-do-inss-analista\/#respond"]}],"copyrightYear":"2015","copyrightHolder":{"@id":"https:\/\/www.estrategiaconcursos.com.br\/blog\/#organization"}},{"@type":"WebPage","@id":"https:\/\/www.estrategiaconcursos.com.br\/blog\/analise-do-edital-do-inss-analista\/","url":"https:\/\/www.estrategiaconcursos.com.br\/blog\/analise-do-edital-do-inss-analista\/","name":"An\u00e1lise do Edital INSS 2016","isPartOf":{"@id":"https:\/\/www.estrategiaconcursos.com.br\/blog\/#website"},"datePublished":"2015-12-30T11:09:29+00:00","dateModified":"2016-03-10T14:13:42+00:00","description":"An\u00e1lise do edital do INSS, um dos maiores e mais concorridos do Brasil. Conhe\u00e7a nossos cursos para ingressar no INSS.","breadcrumb":{"@id":"https:\/\/www.estrategiaconcursos.com.br\/blog\/analise-do-edital-do-inss-analista\/#breadcrumb"},"inLanguage":"pt-BR","potentialAction":[{"@type":"ReadAction","target":["https:\/\/www.estrategiaconcursos.com.br\/blog\/analise-do-edital-do-inss-analista\/"]}]},{"@type":"BreadcrumbList","@id":"https:\/\/www.estrategiaconcursos.com.br\/blog\/analise-do-edital-do-inss-analista\/#breadcrumb","itemListElement":[{"@type":"ListItem","position":1,"name":"In\u00edcio","item":"https:\/\/www.estrategiaconcursos.com.br\/blog\/"},{"@type":"ListItem","position":2,"name":"An\u00e1lise do edital do INSS: ANALISTA."}]},{"@type":"WebSite","@id":"https:\/\/www.estrategiaconcursos.com.br\/blog\/#website","url":"https:\/\/www.estrategiaconcursos.com.br\/blog\/","name":"Estrat\u00e9gia Concursos","description":"O blog da Estrat\u00e9gia Concursos traz not\u00edcias sobre concursos e artigos de professores oferecendo cursos para concursos (pdf + videaulas) no site.","publisher":{"@id":"https:\/\/www.estrategiaconcursos.com.br\/blog\/#organization"},"potentialAction":[{"@type":"SearchAction","target":{"@type":"EntryPoint","urlTemplate":"https:\/\/www.estrategiaconcursos.com.br\/blog\/?s={search_term_string}"},"query-input":{"@type":"PropertyValueSpecification","valueRequired":true,"valueName":"search_term_string"}}],"inLanguage":"pt-BR"},{"@type":"Organization","@id":"https:\/\/www.estrategiaconcursos.com.br\/blog\/#organization","name":"Estrat\u00e9gia Concursos","url":"https:\/\/www.estrategiaconcursos.com.br\/blog\/","logo":{"@type":"ImageObject","inLanguage":"pt-BR","@id":"https:\/\/www.estrategiaconcursos.com.br\/blog\/#\/schema\/logo\/image\/","url":"https:\/\/dhg1h5j42swfq.cloudfront.net\/2025\/06\/03203428\/logo_concursos-1.jpg","contentUrl":"https:\/\/dhg1h5j42swfq.cloudfront.net\/2025\/06\/03203428\/logo_concursos-1.jpg","width":230,"height":60,"caption":"Estrat\u00e9gia Concursos"},"image":{"@id":"https:\/\/www.estrategiaconcursos.com.br\/blog\/#\/schema\/logo\/image\/"},"sameAs":["https:\/\/x.com\/EstratConcursos"]},{"@type":"Person","@id":"https:\/\/www.estrategiaconcursos.com.br\/blog\/#\/schema\/person\/968d3af0f3581a24c32c07db7a47d0d3","name":"Ana Paula de Oliveira","image":{"@type":"ImageObject","inLanguage":"pt-BR","@id":"https:\/\/secure.gravatar.com\/avatar\/0172d72aeb42d0b9f9721d2ea23e0ba93b1cc3153a889bac21b8dea85e627bb0?s=96&d=mm&r=g","url":"https:\/\/secure.gravatar.com\/avatar\/0172d72aeb42d0b9f9721d2ea23e0ba93b1cc3153a889bac21b8dea85e627bb0?s=96&d=mm&r=g","contentUrl":"https:\/\/secure.gravatar.com\/avatar\/0172d72aeb42d0b9f9721d2ea23e0ba93b1cc3153a889bac21b8dea85e627bb0?s=96&d=mm&r=g","caption":"Ana Paula de Oliveira"},"url":"https:\/\/www.estrategiaconcursos.com.br\/blog\/author\/apb-deoliveiragmail-com\/"}]}},"_links":{"self":[{"href":"https:\/\/www.estrategiaconcursos.com.br\/blog\/wp-json\/wp\/v2\/posts\/31214","targetHints":{"allow":["GET"]}}],"collection":[{"href":"https:\/\/www.estrategiaconcursos.com.br\/blog\/wp-json\/wp\/v2\/posts"}],"about":[{"href":"https:\/\/www.estrategiaconcursos.com.br\/blog\/wp-json\/wp\/v2\/types\/post"}],"author":[{"embeddable":true,"href":"https:\/\/www.estrategiaconcursos.com.br\/blog\/wp-json\/wp\/v2\/users\/213"}],"replies":[{"embeddable":true,"href":"https:\/\/www.estrategiaconcursos.com.br\/blog\/wp-json\/wp\/v2\/comments?post=31214"}],"version-history":[{"count":7,"href":"https:\/\/www.estrategiaconcursos.com.br\/blog\/wp-json\/wp\/v2\/posts\/31214\/revisions"}],"predecessor-version":[{"id":31699,"href":"https:\/\/www.estrategiaconcursos.com.br\/blog\/wp-json\/wp\/v2\/posts\/31214\/revisions\/31699"}],"wp:attachment":[{"href":"https:\/\/www.estrategiaconcursos.com.br\/blog\/wp-json\/wp\/v2\/media?parent=31214"}],"wp:term":[{"taxonomy":"category","embeddable":true,"href":"https:\/\/www.estrategiaconcursos.com.br\/blog\/wp-json\/wp\/v2\/categories?post=31214"},{"taxonomy":"post_tag","embeddable":true,"href":"https:\/\/www.estrategiaconcursos.com.br\/blog\/wp-json\/wp\/v2\/tags?post=31214"},{"taxonomy":"tax_estado","embeddable":true,"href":"https:\/\/www.estrategiaconcursos.com.br\/blog\/wp-json\/wp\/v2\/tax_estado?post=31214"}],"curies":[{"name":"wp","href":"https:\/\/api.w.org\/{rel}","templated":true}]}}