{"id":31202,"date":"2026-03-30T15:40:00","date_gmt":"2026-03-30T18:40:00","guid":{"rendered":"http:\/\/www.estrategiaconcursos.com.br\/blog\/?p=31202"},"modified":"2026-03-30T16:37:19","modified_gmt":"2026-03-30T19:37:19","slug":"concurso-trf-3","status":"publish","type":"post","link":"https:\/\/www.estrategiaconcursos.com.br\/blog\/concurso-trf-3\/","title":{"rendered":"Concurso TRF3: estudos iniciados para novo edital!"},"content":{"rendered":"\n<p>Um novo concurso para o <a href=\"https:\/\/www.estrategiaconcursos.com.br\/cursosPorConcurso\/trf-3-regiao-sao-paulo-e-mato-grosso-do-sul-219\/\" target=\"_blank\" rel=\"noreferrer noopener\">Tribunal Regional Federal da 3\u00aa Regi\u00e3o<\/a> (<strong>TRF3<\/strong>) pode acontecer em 2026.<\/p>\n\n\n\n<p>A assessoria do \u00f3rg\u00e3o confirmou \u00e0 equipe do Estrat\u00e9gia Concursos que <a href=\"https:\/\/www.estrategiaconcursos.com.br\/blog\/concurso-trf3-2026-nova-selecao-em-estudo\/\" target=\"_blank\" rel=\"noreferrer noopener nofollow\">foram iniciados os trabalhos<\/a> para possibilitar a realiza\u00e7\u00e3o de uma nova sele\u00e7\u00e3o.<\/p>\n\n\n\n<p>O \u00faltimo edital ocorreu em 2024, <a href=\"https:\/\/web.trf3.jus.br\/noticias\/Noticiar\/ExibirNoticia\/434441-trf3-homologa-resultado-final-do-concurso-publico\">j\u00e1 homologado<\/a>, e foram ofertadas <strong>269 vagas<\/strong>, al\u00e9m de forma\u00e7\u00e3o de cadastro de reserva para os cargos de <strong>analista e t\u00e9cnico judici\u00e1rio<\/strong>.<\/p>\n\n\n\n<p>Importante lembrar que a partir de julho de 2026, os aprovados ter\u00e3o novos sal\u00e1rios previstos na&nbsp;<strong>Lei 15293\/25<\/strong>. Assim, as remunera\u00e7\u00f5es iniciais passam a ter os valores abaixo:<\/p>\n\n\n\n<ul class=\"wp-block-list\">\n<li><strong>T\u00e9cnico Judici\u00e1rio:<\/strong>&nbsp;R$ 9.776,74.<\/li>\n\n\n\n<li><strong>Analista Judici\u00e1rio:<\/strong>&nbsp;R$ 16.041,21.<\/li>\n<\/ul>\n\n\n\n<ul class=\"wp-block-list has-blush-light-purple-gradient-background has-background\">\n<li><strong>Concurso TRF3<\/strong> <strong>&#8211; 2026<\/strong><\/li>\n\n\n\n<li><strong>Status:<\/strong> em estudos<\/li>\n\n\n\n<li><strong>Vagas:<\/strong> a definir<\/li>\n\n\n\n<li><strong>Banca<\/strong>: a definir<\/li>\n\n\n\n<li><strong>Escolaridade<\/strong>: a definir<\/li>\n\n\n\n<li><strong>Sal\u00e1rios a partir de Jul. de 2026:\u00a0<\/strong>R$ 9.776,74 (T\u00e9cnico)\/R$ 16.041,21 (Analista)<\/li>\n<\/ul>\n\n\n\n<ul class=\"wp-block-list has-blush-light-purple-gradient-background has-background\">\n<li><strong>Concurso TRF3<\/strong> <strong>&#8211; 2024<\/strong><\/li>\n\n\n\n<li><strong>Status:<\/strong> homologado<\/li>\n\n\n\n<li><strong>Vagas:<\/strong> 269 + CR<\/li>\n\n\n\n<li><strong>Banca<\/strong>:<a href=\"https:\/\/www.concursosfcc.com.br\/concursos\/trf3r124\/index.html\"> FCC<\/a><\/li>\n\n\n\n<li><strong>Escolaridade<\/strong>: n\u00edvel superior<\/li>\n\n\n\n<li><strong>Sal\u00e1rio inicial conforme edital 2024:<\/strong><em>\u00a0<\/em>R$ 8.529,67 a R$ 13.994,78 <\/li>\n\n\n\n<li><strong>Edital: <\/strong><a href=\"https:\/\/www.concursosfcc.com.br\/rybena\/web\/index.html?file=https:\/\/www.concursosfcc.com.br\/concursos\/trf3r124\/edital_de_abertura.pdf\">TRF 3 2024<\/a><\/li>\n<\/ul>\n\n\n\n<div class=\"container\" id=\"boxes\">\n  <div class=\"row\">\n\n    <div class=\"col-sm\">\n      <div class=\"banner-tribunal\" id=\"box-assinatura\">\n        <h3 class=\"titulo-assinatura\">Curso TRF3<\/h3>\n        <p class=\"subtitulo-assinatura\">Conhe\u00e7a os cursos<\/p>\n        <div class=\"box-botao\">\n          <a class=\"btn-assinatura\" target=\"_blank\" href=\"https:\/\/www.estrategiaconcursos.com.br\/cursosPorConcurso\/trf-3-regiao-sao-paulo-e-mato-grosso-do-sul-219\/\" role=\"button\" rel=\"noopener noreferrer\">Conhe\u00e7a mais<\/a>\n        <\/div>\n      <\/div>\n      <p class=\"texto-auxiliar\">Prepare-se com o melhor material e com quem mais aprova em Concursos P\u00fablicos em todo o pa\u00eds.<\/p>\n    <\/div>\n\n  <\/div>\n<\/div>\n\n\n\n<p id=\"indice\">Neste artigo voc\u00ea vai encontrar informa\u00e7\u00f5es sobre o edital do concurso TRF3, com tudo o que voc\u00ea precisa saber para come\u00e7ar sua prepara\u00e7\u00e3o, confira:<\/p>\n\n\n\n<ul class=\"wp-block-list\">\n<li><a href=\"#situa\u00e7\u00e3o\"><strong>Situa\u00e7\u00e3o atual<\/strong><\/a>\n<ul class=\"wp-block-list\">\n<li><a href=\"#h-nova-selecao-em-estudos\">Nova sele\u00e7\u00e3o em estudos<\/a><\/li>\n<\/ul>\n<\/li>\n\n\n\n<li><strong><a href=\"#h-concurso-trf3-2024\">Concurso TRF3 &#8211; 2024<\/a><\/strong><\/li>\n\n\n\n<li><a href=\"#cargos-vagas-edital-2024\">Cargos e vagas<\/a><\/li>\n\n\n\n<li><a href=\"#etapas-e-provas-2024\">Etapas e provas<\/a>\n<ul class=\"wp-block-list\">\n<li><a href=\"#objetiva\">Provas objetivas<\/a><\/li>\n\n\n\n<li><a href=\"#discursiva\">Provas discursivas<\/a><\/li>\n\n\n\n<li><a href=\"#teste-de-aptidao-fisica\">TAF<\/a><\/li>\n\n\n\n<li><a href=\"#h-resultados\">Resultados<\/a><\/li>\n<\/ul>\n<\/li>\n\n\n\n<li><a href=\"#cargos-vagos\"><strong>Cargos vagos<\/strong><\/a><\/li>\n\n\n\n<li><strong>Remunera\u00e7\u00f5es reajustadas<\/strong><\/li>\n\n\n\n<li><a href=\"#ultimo-concurso-trf-3-2023\"><strong>\u00daltimo concurso 2023<\/strong><\/a>\n<ul class=\"wp-block-list\">\n<li><a href=\"#situacao-atual-classificacao-final\">Classifica\u00e7\u00e3o final<\/a><\/li>\n\n\n\n<li><a href=\"#inscritos-2023\">Inscritos<\/a><\/li>\n\n\n\n<li><a href=\"#etapas-2023\">Etapas e provas<\/a><\/li>\n<\/ul>\n<\/li>\n\n\n\n<li><a href=\"#nomeacoes-2019\">Nomea\u00e7\u00f5es &#8211; concurso 2019<\/a><\/li>\n\n\n\n<li><a href=\"#assinatura-e-cursos\">Cursos e assinatura<\/a><\/li>\n\n\n\n<li><a href=\"#ficha\">Ficha t\u00e9cnica <\/a><\/li>\n<\/ul>\n\n\n\n<h2 class=\"wp-block-heading\" id=\"situa\u00e7\u00e3o\">Concurso TRF3 : situa\u00e7\u00e3o atual<\/h2>\n\n\n\n<h3 class=\"wp-block-heading\" id=\"h-nova-selecao-em-estudos\">Nova sele\u00e7\u00e3o em estudos<\/h3>\n\n\n\n<p>A assessoria de comunica\u00e7\u00e3o do TRF3 confirmou que <strong><a href=\"https:\/\/www.estrategiaconcursos.com.br\/blog\/concurso-trf3-2026-nova-selecao-em-estudo\/\" target=\"_blank\" rel=\"noreferrer noopener nofollow\">estudos foram iniciados<\/a><\/strong> para a realiza\u00e7\u00e3o de um novo concurso.<\/p>\n\n\n\n<h2 class=\"wp-block-heading\" id=\"h-concurso-trf3-2024\">Concurso TRF3 &#8211; 2024<\/h2>\n\n\n\n<h3 class=\"wp-block-heading\" id=\"cargos-vagas-edital-2024\">Cargos e vagas<\/h3>\n\n\n\n<h4 class=\"wp-block-heading\" id=\"tecnico\">T\u00e9cnico Judici\u00e1rio<\/h4>\n\n\n\n<figure class=\"wp-block-table is-style-stripes\"><table class=\"has-blush-light-purple-gradient-background has-background has-fixed-layout\"><thead><tr><th class=\"has-text-align-center\" data-align=\"center\">CARGO\/\u00c1REA<\/th><th class=\"has-text-align-center\" data-align=\"center\">VAGAS<\/th><th class=\"has-text-align-center\" data-align=\"center\">SAL\u00c1RIO<\/th><\/tr><\/thead><tbody><tr><td class=\"has-text-align-center\" data-align=\"center\">T\u00e9cnico Judici\u00e1rio &#8211; \u00c1rea<br \/>Administrativa<\/td><td class=\"has-text-align-center\" data-align=\"center\">269<\/td><td class=\"has-text-align-center\" data-align=\"center\">R$ 8.529,65<\/td><\/tr><\/tbody><\/table><figcaption class=\"wp-element-caption\">Cargos, vagas e sal\u00e1rios T\u00e9cnico Judici\u00e1rio.<\/figcaption><\/figure>\n\n\n\n<h4 class=\"wp-block-heading\">Analista Judici\u00e1rio<\/h4>\n\n\n\n<figure class=\"wp-block-table is-style-stripes\"><table class=\"has-blush-light-purple-gradient-background has-background has-fixed-layout\"><thead><tr><th class=\"has-text-align-center\" data-align=\"center\">CARGOS\/\u00c1REA<\/th><th class=\"has-text-align-center\" data-align=\"center\">VAGAS<\/th><th class=\"has-text-align-center\" data-align=\"center\">SAL\u00c1RIO<\/th><\/tr><\/thead><tbody><tr><td class=\"has-text-align-center\" data-align=\"center\">Analista Judici\u00e1rio &#8211; \u00c1rea Judici\u00e1ria<\/td><td class=\"has-text-align-center\" data-align=\"center\">CR<\/td><td class=\"has-text-align-center\" data-align=\"center\">R$ 13.994,78<\/td><\/tr><\/tbody><\/table><figcaption class=\"wp-element-caption\">Cargos, vagas e sal\u00e1rios Analista Judici\u00e1rio.<\/figcaption><\/figure>\n\n\n\n<h3 class=\"wp-block-heading\" id=\"estatistica-de-inscritos\">Estat\u00edstica de inscritos <\/h3>\n\n\n\n<ul class=\"wp-block-list\">\n<li>T\u00c9CNICO JUDICI\u00c1RIO &#8211; \u00c1REA ADMINISTRATIVA: 4.159 inscritos<\/li>\n\n\n\n<li>ANALISTA JUDICI\u00c1RIO &#8211; \u00c1REA JUDICI\u00c1RIA: 17.744 inscritos <\/li>\n\n\n\n<li>T\u00c9CNICO JUDICI\u00c1RIO &#8211; \u00c1REA ADMINISTRATIVA: 33.510 inscritos<\/li>\n\n\n\n<li>ANALISTA JUDICI\u00c1RIO &#8211; \u00c1REA JUDICI\u00c1RIA: 6.108 inscritos <\/li>\n\n\n\n<li>T\u00c9CNICO JUDICI\u00c1RIO &#8211; \u00c1REA ADMINISTRATIVA: 9.923 inscritos <br \/><strong>TOTAL: 71.444 inscritos<\/strong><\/li>\n<\/ul>\n\n\n\n<h3 class=\"wp-block-heading\" id=\"etapas-e-provas-2024\">Etapas e provas<\/h3>\n\n\n\n<p>O concurso foi composto pelas seguintes etapas:<\/p>\n\n\n\n<ul class=\"wp-block-list\">\n<li>Prova objetiva, de car\u00e1ter eliminat\u00f3rio e classificat\u00f3rio, para todos os cargos;<\/li>\n\n\n\n<li>Prova de discursiva, tamb\u00e9m de car\u00e1ter eliminat\u00f3rio e classificat\u00f3rio, para todos os cargos.<\/li>\n<\/ul>\n\n\n\n<h4 class=\"wp-block-heading\" id=\"objetiva\">Provas Objetivas<\/h4>\n\n\n\n<p>A prova objetiva foi composta de quest\u00f5es de m\u00faltipla escolha com 5 (cinco) alternativas, sendo apenas uma alternativa correta. <\/p>\n\n\n\n<h4 class=\"wp-block-heading\">T\u00e9cnico Judici\u00e1rio \u2013 \u00c1rea Administrativa<\/h4>\n\n\n\n<figure class=\"wp-block-table is-style-stripes\"><table><thead><tr><th>Disciplinas<\/th><th>Quest\u00f5es<\/th><th>Peso<\/th><\/tr><\/thead><tbody><tr><td>L\u00edngua Portuguesa<\/td><td>15<\/td><td>1<\/td><\/tr><tr><td>No\u00e7\u00f5es de Direito Eleitoral<\/td><td>10<\/td><td>1<\/td><\/tr><tr><td>No\u00e7\u00f5es de Direito Administrativo<\/td><td>5<\/td><td>1<\/td><\/tr><tr><td>No\u00e7\u00f5es de Direito Constitucional<\/td><td>5<\/td><td>1<\/td><\/tr><tr><td>Administra\u00e7\u00e3o P\u00fablica<\/td><td>15<\/td><td>1<\/td><\/tr><tr><td>Gest\u00e3o de Pessoas<\/td><td>10<\/td><td>1<\/td><\/tr><tr><td>Gest\u00e3o de Contratos<\/td><td>10<\/td><td>1<\/td><\/tr><tr><td>Conhecimentos Espec\u00edficos<\/td><td>30<\/td><td>2<\/td><\/tr><tr><td><strong>Total<\/strong><\/td><td><strong>100<\/strong><\/td><td><\/td><\/tr><\/tbody><\/table><figcaption class=\"wp-element-caption\">Provas objetivas TRF 3<\/figcaption><\/figure>\n\n\n\n<h4 class=\"wp-block-heading\">T\u00e9cnico Judici\u00e1rio \u2013 \u00c1rea Administrativa \u2013 Agente da Pol\u00edcia Judicial<\/h4>\n\n\n\n<figure class=\"wp-block-table is-style-stripes\"><table><thead><tr><th>Disciplinas<\/th><th>Quest\u00f5es<\/th><th>Peso<\/th><\/tr><\/thead><tbody><tr><td>L\u00edngua Portuguesa<\/td><td>15<\/td><td>1<\/td><\/tr><tr><td>No\u00e7\u00f5es de Direito Eleitoral<\/td><td>10<\/td><td>1<\/td><\/tr><tr><td>No\u00e7\u00f5es de Direito Administrativo<\/td><td>5<\/td><td>1<\/td><\/tr><tr><td>No\u00e7\u00f5es de Direito Constitucional<\/td><td>5<\/td><td>1<\/td><\/tr><tr><td>Seguran\u00e7a Judici\u00e1ria<\/td><td>15<\/td><td>1<\/td><\/tr><tr><td>No\u00e7\u00f5es de Direitos Humanos<\/td><td>10<\/td><td>1<\/td><\/tr><tr><td>No\u00e7\u00f5es de Direito Penal e Processual Penal<\/td><td>10<\/td><td>1<\/td><\/tr><tr><td>Conhecimentos Espec\u00edficos<\/td><td>30<\/td><td>2<\/td><\/tr><tr><td><strong>Total<\/strong><\/td><td><strong>100<\/strong><\/td><td><\/td><\/tr><\/tbody><\/table><figcaption class=\"wp-element-caption\">Provas objetivas TRF 3<\/figcaption><\/figure>\n\n\n\n<h4 class=\"wp-block-heading\">T\u00e9cnico Judici\u00e1rio \u2013 Apoio Especializado \u2013 Programa\u00e7\u00e3o de Sistemas<\/h4>\n\n\n\n<figure class=\"wp-block-table is-style-stripes\"><table><thead><tr><th>Disciplinas<\/th><th>Quest\u00f5es<\/th><th>Peso<\/th><\/tr><\/thead><tbody><tr><td>L\u00edngua Portuguesa<\/td><td>15<\/td><td>1<\/td><\/tr><tr><td>No\u00e7\u00f5es de Direito Eleitoral<\/td><td>10<\/td><td>1<\/td><\/tr><tr><td>No\u00e7\u00f5es de Direito Administrativo<\/td><td>5<\/td><td>1<\/td><\/tr><tr><td>No\u00e7\u00f5es de Direito Constitucional<\/td><td>5<\/td><td>1<\/td><\/tr><tr><td>Programa\u00e7\u00e3o de Sistemas<\/td><td>15<\/td><td>1<\/td><\/tr><tr><td>Engenharia de Software<\/td><td>10<\/td><td>1<\/td><\/tr><tr><td>Banco de Dados<\/td><td>10<\/td><td>1<\/td><\/tr><tr><td>Conhecimentos Espec\u00edficos<\/td><td>30<\/td><td>2<\/td><\/tr><tr><td><strong>Total<\/strong><\/td><td><strong>100<\/strong><\/td><td><\/td><\/tr><\/tbody><\/table><figcaption class=\"wp-element-caption\">Provas objetivas TRF 3<\/figcaption><\/figure>\n\n\n\n<h4 class=\"wp-block-heading\">Analista Judici\u00e1rio \u2013 \u00c1rea Administrativa<\/h4>\n\n\n\n<figure class=\"wp-block-table is-style-stripes\"><table><thead><tr><th>Disciplinas<\/th><th>Quest\u00f5es<\/th><th>Peso<\/th><\/tr><\/thead><tbody><tr><td>L\u00edngua Portuguesa<\/td><td>20<\/td><td>1<\/td><\/tr><tr><td>No\u00e7\u00f5es de Direito Eleitoral<\/td><td>10<\/td><td>1<\/td><\/tr><tr><td>No\u00e7\u00f5es de Direito Administrativo<\/td><td>10<\/td><td>1<\/td><\/tr><tr><td>No\u00e7\u00f5es de Direito Constitucional<\/td><td>10<\/td><td>1<\/td><\/tr><tr><td>Administra\u00e7\u00e3o P\u00fablica<\/td><td>10<\/td><td>1<\/td><\/tr><tr><td>Gest\u00e3o de Pessoas<\/td><td>10<\/td><td>1<\/td><\/tr><tr><td>Gest\u00e3o de Contratos<\/td><td>10<\/td><td>1<\/td><\/tr><tr><td>Conhecimentos Espec\u00edficos<\/td><td>30<\/td><td>2<\/td><\/tr><tr><td><strong>Total<\/strong><\/td><td><strong>110<\/strong><\/td><td><\/td><\/tr><\/tbody><\/table><figcaption class=\"wp-element-caption\">Provas objetivas TRF 3<\/figcaption><\/figure>\n\n\n\n<h4 class=\"wp-block-heading\">Analista Judici\u00e1rio \u2013 \u00c1rea Judici\u00e1ria<\/h4>\n\n\n\n<figure class=\"wp-block-table is-style-stripes\"><table><thead><tr><th>Disciplinas<\/th><th>Quest\u00f5es<\/th><th>Peso<\/th><\/tr><\/thead><tbody><tr><td>L\u00edngua Portuguesa<\/td><td>20<\/td><td>1<\/td><\/tr><tr><td>No\u00e7\u00f5es de Direito Eleitoral<\/td><td>10<\/td><td>1<\/td><\/tr><tr><td>No\u00e7\u00f5es de Direito Administrativo<\/td><td>10<\/td><td>1<\/td><\/tr><tr><td>No\u00e7\u00f5es de Direito Constitucional<\/td><td>10<\/td><td>1<\/td><\/tr><tr><td>Direito Civil<\/td><td>10<\/td><td>1<\/td><\/tr><tr><td>Direito Processual Civil<\/td><td>10<\/td><td>1<\/td><\/tr><tr><td>Direito Penal<\/td><td>10<\/td><td>1<\/td><\/tr><tr><td>Direito Processual Penal<\/td><td>10<\/td><td>1<\/td><\/tr><tr><td>Conhecimentos Espec\u00edficos<\/td><td>30<\/td><td>2<\/td><\/tr><tr><td><strong>Total<\/strong><\/td><td><strong>120<\/strong><\/td><td><\/td><\/tr><\/tbody><\/table><figcaption class=\"wp-element-caption\">Provas objetivas TRF 3<\/figcaption><\/figure>\n\n\n\n<h4 class=\"wp-block-heading\">Analista Judici\u00e1rio \u2013 \u00c1rea Apoio Especializado<\/h4>\n\n\n\n<figure class=\"wp-block-table is-style-stripes\"><table><thead><tr><th>Disciplinas<\/th><th>Quest\u00f5es<\/th><th>Peso<\/th><\/tr><\/thead><tbody><tr><td>L\u00edngua Portuguesa<\/td><td>20<\/td><td>1<\/td><\/tr><tr><td>No\u00e7\u00f5es de Direito Eleitoral<\/td><td>10<\/td><td>1<\/td><\/tr><tr><td>No\u00e7\u00f5es de Direito Administrativo<\/td><td>10<\/td><td>1<\/td><\/tr><tr><td>No\u00e7\u00f5es de Direito Constitucional<\/td><td>10<\/td><td>1<\/td><\/tr><tr><td>Especialidade (TI, Contabilidade, etc.)<\/td><td>60<\/td><td>2<\/td><\/tr><tr><td><strong>Total<\/strong><\/td><td><strong>110<\/strong><\/td><\/tr><\/tbody><\/table><figcaption class=\"wp-element-caption\">Provas objetivas TRF 3<\/figcaption><\/figure>\n\n\n\n<h4 class=\"wp-block-heading\" id=\"discursiva\">Prova Discursiva<\/h4>\n\n\n\n<p>A etapa de prova discursiva foi Estudo de Caso para o cargo de <strong>Analista Judici\u00e1rio &#8211; \u00c1rea Judici\u00e1ria<\/strong>, composta por 2 quest\u00f5es pr\u00e1ticas, para as quais o candidato deveria apresentar, por escrito, as solu\u00e7\u00f5es.<\/p>\n\n\n\n<p>J\u00e1 as quest\u00f5es da prova discursiva abordaram conhecimentos espec\u00edficos dos cargos.<\/p>\n\n\n\n<p>Para o cargo de <strong>T\u00e9cnico Judici\u00e1rio<\/strong> foi aplicada uma reda\u00e7\u00e3o com, no m\u00ednimo 20 (vinte) linhas e m\u00e1ximo de 30 (trinta).<\/p>\n\n\n\n<h4 class=\"wp-block-heading\" id=\"teste-de-aptidao-fisica\">Teste de Aptid\u00e3o F\u00edsica <\/h4>\n\n\n\n<p>Al\u00e9m das provas objetivas e discursivas, candidatos ao cargo de <strong>Policial Judicial<\/strong> foram avaliados por meio do Teste de Aptid\u00e3o F\u00edsica (TAF) de car\u00e1ter eliminat\u00f3rio e classificat\u00f3rio. <\/p>\n\n\n\n<p><strong>Corrida de 12 minutos<\/strong><\/p>\n\n\n\n<ul class=\"wp-block-list\">\n<li><strong>Homens:<\/strong>&nbsp;Percorrer a dist\u00e2ncia m\u00ednima de 2.400 metros.<\/li>\n\n\n\n<li><strong>Mulheres:<\/strong>&nbsp;Percorrer a dist\u00e2ncia m\u00ednima de 2.000 metros.<\/li>\n<\/ul>\n\n\n\n<p><strong>Flex\u00e3o de Bra\u00e7o no Solo<\/strong><\/p>\n\n\n\n<ul class=\"wp-block-list\">\n<li><strong>Homens:<\/strong>&nbsp;No m\u00ednimo, 20 repeti\u00e7\u00f5es em 1 minuto.<\/li>\n\n\n\n<li><strong>Mulheres:<\/strong>&nbsp;No m\u00ednimo, 15 repeti\u00e7\u00f5es em 1 minuto.<\/li>\n<\/ul>\n\n\n\n<p><strong>Abdominal Remador<\/strong><\/p>\n\n\n\n<ul class=\"wp-block-list\">\n<li><strong>Homens:<\/strong>&nbsp;No m\u00ednimo, 30 repeti\u00e7\u00f5es em 1 minuto.<\/li>\n\n\n\n<li><strong>Mulheres:<\/strong>&nbsp;No m\u00ednimo, 25 repeti\u00e7\u00f5es em 1 minuto.<\/li>\n<\/ul>\n\n\n\n<p><strong>Teste de Impuls\u00e3o Horizontal<\/strong><\/p>\n\n\n\n<ul class=\"wp-block-list\">\n<li><strong>Homens:<\/strong>&nbsp;Saltar uma dist\u00e2ncia m\u00ednima de 2,10 metros.<\/li>\n\n\n\n<li><strong>Mulheres:<\/strong>&nbsp;Saltar uma dist\u00e2ncia m\u00ednima de 1,80 metros.<\/li>\n<\/ul>\n\n\n\n<h3 class=\"wp-block-heading\" id=\"h-resultados\">Resultados<\/h3>\n\n\n\n<ul class=\"wp-block-list\">\n<li><a href=\"https:\/\/www.in.gov.br\/en\/web\/dou\/-\/edital-n-8\/2024-587761020\">Resultado definitivo das provas Objetiva e Discursiva<\/a>;<\/li>\n\n\n\n<li><a href=\"https:\/\/www.concursosfcc.com.br\/rybena\/web\/index.html?file=https:\/\/www.concursosfcc.com.br\/concursos\/trf3r124\/edital_ni_15_2024.pdf\">Resultado final<\/a>;<\/li>\n\n\n\n<li><a href=\"https:\/\/web.trf3.jus.br\/noticias\/Noticiar\/ExibirNoticia\/434441-trf3-homologa-resultado-final-do-concurso-publico\" target=\"_blank\" rel=\"noreferrer noopener nofollow\">Homologa\u00e7\u00e3o<\/a>.<\/li>\n<\/ul>\n\n\n\n<h2 class=\"wp-block-heading\" id=\"cargos-vagos\">Cargos vagos no TRF 3\u00aa Regi\u00e3o<\/h2>\n\n\n\n<p>Confira abaixo o n\u00famero de cargos vagos no TRF3 conforme levantamento realizado em dezembro de 2025, o \u00f3rg\u00e3o conta com 285 cargos vagos.<\/p>\n\n\n\n<ul class=\"wp-block-list\">\n<li>45 cargos vagos para Analista; e<\/li>\n\n\n\n<li>240 cargos vagos para T\u00e9cnico.<\/li>\n<\/ul>\n\n\n\n<h2 class=\"wp-block-heading\" id=\"h-salarios-e-adicionais-de-qualificacao-reajustados\">Sal\u00e1rios e adicionais de qualifica\u00e7\u00e3o reajustados<\/h2>\n\n\n\n<p>A Justi\u00e7a Federal teve o&nbsp;<a href=\"https:\/\/www.estrategiaconcursos.com.br\/blog\/lula-sancionou-reajuste-salarial-aos-servidores-para-2026\/\">reajuste salarial de 8%<\/a>&nbsp;para todas as carreiras sancionado pelo governo federal. Com isso, os sal\u00e1rios iniciais podem&nbsp;<strong>chegar a R$&nbsp;16.041,21<\/strong>, al\u00e9m de benef\u00edcios.<\/p>\n\n\n\n<p>O adicional de qualifica\u00e7\u00e3o tamb\u00e9m foi reajustado. Atualmente, um analista em final de carreira pode somar R$ 1.161,52 se tiver doutorado, por exemplo.&nbsp;<\/p>\n\n\n\n<p>Com a mudan\u00e7a, o valor vai para&nbsp;<strong>R$ 3.857,75<\/strong>&nbsp;a partir de 2026, considerando-se o reajuste de 8% a partir do pr\u00f3ximo ano, previsto na&nbsp;Lei 15.293, de 19 de dezembro de 2025.<\/p>\n\n\n\n<p>Tamb\u00e9m a partir de 2026, o mestrado valer\u00e1&nbsp;<strong>R$ 2.700,43 (contra os atuais R$ 929,21)<\/strong>. Essas duas qualifica\u00e7\u00f5es n\u00e3o podem ser acumuladas entre si e absorvem outras de valores menores.<\/p>\n\n\n\n<p>Com o reajuste, os vencimentos b\u00e1sicos iniciais para os cargos ficam com os seguintes valores a partir de julho de 2026:<\/p>\n\n\n\n<ul class=\"wp-block-list\">\n<li><strong>R$ 9.776,74 (T\u00e9cnico)&nbsp;<\/strong><\/li>\n\n\n\n<li><strong>R$ 16.041,21 (Analista)<\/strong><\/li>\n<\/ul>\n\n\n\n<p>Al\u00e9m do vencimento b\u00e1sico atualizado, os aprovados ter\u00e3o direito a benef\u00edcios como&nbsp;<strong>aux\u00edlio pr\u00e9-escolar<\/strong>&nbsp;no valor de&nbsp;<strong>R$ 1.288,47<\/strong>, e&nbsp;<strong>aux\u00edlio alimenta\u00e7\u00e3o<\/strong>&nbsp;no valor de&nbsp;<strong>R$ 1.860,51<\/strong>,&nbsp;<strong>Aux\u00edlio-Natalidade<\/strong>&nbsp;no valor de&nbsp;<strong>R$718,58<\/strong>&nbsp;e&nbsp;<strong>Aux\u00edlio-Sa\u00fade&nbsp;<\/strong>no valor de&nbsp;<strong>R$579,39.<\/strong><\/p>\n\n\n\n<h2 class=\"wp-block-heading\" id=\"ultimo-concurso-trf-3-2023\">\u00daltimo concurso TRF 3 &#8211; 2023<\/h2>\n\n\n\n<p>O \u00faltimo concurso TRF3 foi realizado em 2023 e foram ofertadas 21 vagas imediatas, al\u00e9m de cadastro de reserva, em diversas especialidades do cargo de t\u00e9cnico e analista judici\u00e1rio.<\/p>\n\n\n\n<h3 class=\"wp-block-heading\" id=\"inscritos-2023\">Inscritos no concurso \u00faltimo concurso TRF 3<\/h3>\n\n\n\n<p>De acordo com a banca Vunesp, o certame recebeu no total, <strong><em>20.861 inscri\u00e7\u00f5es<\/em><\/strong>. <a href=\"https:\/\/dhg1h5j42swfq.cloudfront.net\/2024\/07\/15191410\/pdf.pdf\">Confira aqui a estat\u00edstica geral!<\/a><\/p>\n\n\n\n<h3 class=\"wp-block-heading\" id=\"etapas-2023\">Etapas e provas<\/h3>\n\n\n\n<p>O concurso foi composto pelas seguintes etapas:<\/p>\n\n\n\n<ul class=\"wp-block-list\">\n<li>Prova objetiva, de car\u00e1ter eliminat\u00f3rio e classificat\u00f3rio, para todos os cargos;<\/li>\n\n\n\n<li>Prova de discursiva, tamb\u00e9m de car\u00e1ter eliminat\u00f3rio e classificat\u00f3rio, para todos os cargos;<\/li>\n\n\n\n<li>Prova Pr\u00e1tica de Capacidade F\u00edsica, de car\u00e1ter eliminat\u00f3rio, para a especialidade Agente da Pol\u00edcia Judicial.<\/li>\n<\/ul>\n\n\n\n<h4 class=\"wp-block-heading\" id=\"objetiva\">Provas Objetivas<\/h4>\n\n\n\n<p>A prova objetiva foi composta de quest\u00f5es de m\u00faltipla escolha com 5 (cinco) alternativas, sendo apenas uma alternativa correta, sendo:<\/p>\n\n\n\n<figure class=\"wp-block-image aligncenter size-full is-resized\"><img loading=\"lazy\" decoding=\"async\" width=\"997\" height=\"554\" src=\"https:\/\/dhg1h5j42swfq.cloudfront.net\/2023\/07\/03073635\/image.png\" alt=\"Estrutura provas objetivas concurso TRF 3.\" class=\"wp-image-1242104\" style=\"width:850px;height:472px\" srcset=\"https:\/\/dhg1h5j42swfq.cloudfront.net\/2023\/07\/03073635\/image.png 997w, https:\/\/dhg1h5j42swfq.cloudfront.net\/2023\/07\/03073635\/image-300x167.png 300w, https:\/\/dhg1h5j42swfq.cloudfront.net\/2023\/07\/03073635\/image-768x427.png 768w, https:\/\/dhg1h5j42swfq.cloudfront.net\/2023\/07\/03073635\/image-610x339.png 610w, https:\/\/dhg1h5j42swfq.cloudfront.net\/2023\/07\/03073635\/image-150x83.png 150w\" sizes=\"auto, (max-width: 997px) 100vw, 997px\" \/><\/figure>\n\n\n\n<h4 class=\"wp-block-heading\" id=\"discursiva\">Prova Discursiva<\/h4>\n\n\n\n<p>A etapa de prova discursiva constou de Estudo de Caso, exceto para o cargo de T\u00e9cnico Judici\u00e1rio &#8211; \u00c1rea: Administrativa &#8211; Especialidade: Agente da Pol\u00edcia Judicial que foi composta por uma reda\u00e7\u00e3o.<\/p>\n\n\n\n<h4 class=\"wp-block-heading\" id=\"pr\u00e1tica\">Prova Pr\u00e1tica de Capacidade F\u00edsica<\/h4>\n\n\n\n<p>A etapa no \u00faltimo concurso foi composta da seguinte forma:<\/p>\n\n\n\n<ul class=\"wp-block-list\">\n<li>Barra Fixa Pronada (Teste Est\u00e1tico de Barra) &#8211; Tempo Medido em Segundos &#8211; mulheres;<\/li>\n\n\n\n<li>Barra Fixa Pronada (Teste Din\u00e2mico de Barra N\u00famero de Repeti\u00e7\u00f5es) &#8211; homens;<\/li>\n\n\n\n<li>Corrida 12 minutos.<\/li>\n<\/ul>\n\n\n\n<h3 class=\"wp-block-heading\" id=\"situacao-atual-classificacao-final\">Resultados <\/h3>\n\n\n\n<ul class=\"wp-block-list\">\n<li><a href=\"https:\/\/www.in.gov.br\/web\/dou\/-\/edital-n-26\/2024-586457782\">Resultado final homologado<\/a>;<\/li>\n\n\n\n<li><a href=\"https:\/\/dhg1h5j42swfq.cloudfront.net\/2023\/11\/27165702\/microsoft-word-trft2202_divulga_347_343o-da-nota-da-po.pdf\" target=\"_blank\" rel=\"noreferrer noopener\">Notas da prova objetiva<\/a>.<\/li>\n<\/ul>\n\n\n\n<h3 class=\"wp-block-heading\" id=\"nomeacoes-2019\">Nomea\u00e7\u00f5es do concurso TRF 3 &#8211; 2019<\/h3>\n\n\n\n<p>Abaixo podemos observar o quantitativo de nomeados em rela\u00e7\u00e3o aos cargos ofertados, tamb\u00e9m de Analista e T\u00e9cnico:<\/p>\n\n\n\n<figure class=\"wp-block-table is-style-stripes\"><table><tbody><tr><td><strong>Cargo<\/strong><\/td><td><strong>Vagas<\/strong><\/td><td><strong>Nomea\u00e7\u00f5es<\/strong><\/td><\/tr><tr><td>Analista Judici\u00e1rio \u2013 \u00c1rea Judici\u00e1ria<\/td><td>3<\/td><td>43<\/td><\/tr><tr><td>Analista Judici\u00e1rio \u2013 \u00c1rea Apoio Especializado \u2013 Especialidade Inform\u00e1tica<\/td><td>1<\/td><td>5<\/td><\/tr><tr><td>T\u00e9cnico Judici\u00e1rio \u2013 \u00c1rea Administrativa<\/td><td>4<\/td><td>142<\/td><\/tr><tr><td>T\u00e9cnico Judici\u00e1rio \u2013 \u00c1rea Apoio Especializado \u2013 Especialidade Inform\u00e1tica<\/td><td>1<\/td><td>27<\/td><\/tr><tr><td><strong>TOTAL TRF 3<\/strong><\/td><td><strong>9<\/strong><\/td><td><strong>217<\/strong><\/td><\/tr><\/tbody><\/table><\/figure>\n\n\n\n<p>Um dos motivos que possa ter levado este concurso a ter nomeado menos aprovados \u00e9 a menor quantidade de \u00e1reas disponibilizadas no edital, sendo apenas quatro especialidades.<\/p>\n\n\n\n<h2 class=\"wp-block-heading has-text-align-center\" id=\"h-quer-saber-tudo-sobre-concursos-previstos-confira-nossos-artigos\">Quer saber tudo sobre concursos previstos?<br \/>Confira nossos artigos!<\/h2>\n\n\n\n<ul class=\"wp-block-list\">\n<li><a href=\"https:\/\/www.estrategiaconcursos.com.br\/blog\/concursos-abertos\/\" target=\"_blank\" rel=\"noreferrer noopener\">Concursos abertos<\/a><\/li>\n\n\n\n<li><a href=\"https:\/\/www.estrategiaconcursos.com.br\/blog\/concursos-tribunais\/\">Concursos tribunais<\/a><\/li>\n\n\n\n<li><a href=\"https:\/\/www.estrategiaconcursos.com.br\/blog\/concursos-trf\/\">Concurso TRF<\/a><\/li>\n\n\n\n<li><a href=\"https:\/\/www.estrategiaconcursos.com.br\/blog\/concursos-2026\/\">Concursos 2026<\/a><\/li>\n<\/ul>\n\n\n\n<h2 class=\"wp-block-heading has-text-align-center\" id=\"assinatura-e-cursos\">Como estudar para o concurso TRF3?<\/h2>\n\n\n\n<p class=\"has-text-align-left\"><em>Gostou desta oportunidade e deseja come\u00e7ar se preparar agora mesmo? Ent\u00e3o, confira os nossos cursos e comece a estudar para o TRF3:<\/em><\/p>\n\n\n\n<div class=\"container\" id=\"boxes\">\n  <div class=\"row\">\n\n    <div class=\"col-sm\">\n      <div class=\"banner-tribunal\" id=\"box-assinatura\">\n        <h3 class=\"titulo-assinatura\">Curso TRF3<\/h3>\n        <p class=\"subtitulo-assinatura\">Conhe\u00e7a os cursos<\/p>\n        <div class=\"box-botao\">\n          <a class=\"btn-assinatura\" target=\"_blank\" href=\"https:\/\/www.estrategiaconcursos.com.br\/cursosPorConcurso\/trf-3-regiao-sao-paulo-e-mato-grosso-do-sul-219\/\" role=\"button\" rel=\"noopener noreferrer\">Conhe\u00e7a mais<\/a>\n        <\/div>\n      <\/div>\n      <p class=\"texto-auxiliar\">Prepare-se com o melhor material e com quem mais aprova em Concursos P\u00fablicos em todo o pa\u00eds.<\/p>\n    <\/div>\n\n  <\/div>\n<\/div>\n\n\n\n<div class=\"container\" id=\"boxes\">\n  <div class=\"row\">\n\n    <div class=\"col-sm\">\n      <div class=\"estrategia\" id=\"box-assinatura\">\n        <h3 class=\"titulo-assinatura\">Assinatura Concursos<\/h3>\n        <p class=\"subtitulo-assinatura\">Assinatura de 1 ano ou 2 anos<\/p>\n        <div class=\"box-botao\">\n          <a class=\"btn-assinatura\" target=\"_blank\" href=\"https:\/\/www.estrategiaconcursos.com.br\/assinaturas\/\" role=\"button\" rel=\"noopener noreferrer\">ASSINE AGORA<\/a>\n        <\/div>\n      <\/div>\n     \n    <\/div><\/div><\/div>\n\n\n\n<figure class=\"wp-block-image size-large is-resized\"><img loading=\"lazy\" decoding=\"async\" width=\"1024\" height=\"632\" src=\"https:\/\/dhg1h5j42swfq.cloudfront.net\/2021\/04\/06114101\/ficha-tecnica-57-1024x632.png\" alt=\"\" class=\"wp-image-708352\" style=\"width:190px;height:116px\" srcset=\"https:\/\/dhg1h5j42swfq.cloudfront.net\/2021\/04\/06114101\/ficha-tecnica-57-1024x632.png 1024w, https:\/\/dhg1h5j42swfq.cloudfront.net\/2021\/04\/06114101\/ficha-tecnica-57-300x185.png 300w, https:\/\/dhg1h5j42swfq.cloudfront.net\/2021\/04\/06114101\/ficha-tecnica-57-768x474.png 768w, https:\/\/dhg1h5j42swfq.cloudfront.net\/2021\/04\/06114101\/ficha-tecnica-57-1536x948.png 1536w, https:\/\/dhg1h5j42swfq.cloudfront.net\/2021\/04\/06114101\/ficha-tecnica-57-610x377.png 610w, https:\/\/dhg1h5j42swfq.cloudfront.net\/2021\/04\/06114101\/ficha-tecnica-57.png 1571w\" sizes=\"auto, (max-width: 1024px) 100vw, 1024px\" \/><\/figure>\n\n\n\n<h4 class=\"wp-block-heading\" id=\"ficha\"><strong>\u2666 <\/strong>Informa\u00e7\u00f5es do edital do concurso TRF3<\/h4>\n\n\n\n<ul class=\"wp-block-list\">\n<li><strong>Data<\/strong> <strong>da prova<\/strong>: <s>28\/07\/2024<\/s><\/li>\n\n\n\n<li><strong>Vagas:&nbsp;<\/strong>269 + CR<\/li>\n\n\n\n<li><strong>Cargos:&nbsp;<\/strong>Analista Judici\u00e1rio e T\u00e9cnico Judici\u00e1rio<\/li>\n\n\n\n<li><strong>Escolaridade:<\/strong> n\u00edvel superior<\/li>\n\n\n\n<li><strong>Lota\u00e7\u00f5es: <\/strong>S\u00e3o Paulo e Mato Grosso do Sul<\/li>\n\n\n\n<li><strong>Banca: <\/strong>FCC<\/li>\n\n\n\n<li><strong>Edital:<\/strong> <a href=\"https:\/\/www.concursosfcc.com.br\/rybena\/web\/index.html?file=https:\/\/www.concursosfcc.com.br\/concursos\/trf3r124\/edital_de_abertura.pdf\">TRF 3 2024<\/a><\/li>\n<\/ul>\n\n\n\n<h4 class=\"wp-block-heading\" id=\"ficha\"><strong>\u2666 <\/strong>Informa\u00e7\u00f5es do edital do concurso TRF3<\/h4>\n\n\n\n<ul class=\"wp-block-list\">\n<li><strong>Data<\/strong> <strong>da prova<\/strong>: <s>8\/10\/2023<\/s><\/li>\n\n\n\n<li><strong>Vagas:&nbsp;<\/strong>21 + CR<\/li>\n\n\n\n<li><strong>Cargos:&nbsp;<\/strong>Analista Judici\u00e1rio e T\u00e9cnico Judici\u00e1rio<\/li>\n\n\n\n<li><strong>Escolaridade:<\/strong> n\u00edvel superior<\/li>\n\n\n\n<li><strong>Lota\u00e7\u00f5es: <\/strong>S\u00e3o Paulo e Mato Grosso do Sul<\/li>\n\n\n\n<li><strong>Banca: <\/strong>Vunesp<\/li>\n\n\n\n<li><strong>Edital: <\/strong><a href=\"https:\/\/dhg1h5j42swfq.cloudfront.net\/2023\/07\/03054220\/edital-de-abertura-trf-3-1.pdf\" target=\"_blank\" rel=\"noreferrer noopener\">TRF 3 2023<\/a><\/li>\n<\/ul>\n\n\n\n<h4 class=\"wp-block-heading\" id=\"ficha\"><strong>\u2666 <\/strong>Informa\u00e7\u00f5es do edital do concurso TRF3 2019<\/h4>\n\n\n\n<p><strong>\u25baData<\/strong>: <s>01\/12\/2019<\/s><br \/><strong>\u25baVagas:&nbsp;<\/strong>9 + CR<br \/><strong>\u25baCargos:&nbsp;<\/strong>Analista Judici\u00e1rio e T\u00e9cnico Judici\u00e1rio<br \/><strong>\u25baLota\u00e7\u00f5es: <\/strong>S\u00e3o Paulo e Mato Grosso do Sul<br \/><strong>\u25baBanca: <\/strong>FCC<br \/><strong>\u25baEdital<\/strong>: <a href=\"https:\/\/dhg1h5j42swfq.cloudfront.net\/2019\/09\/06064458\/Edital-TRF-3-2019.pdf\" target=\"_blank\" rel=\"noreferrer noopener nofollow\">TRF3 2019<\/a><strong> | <\/strong><a href=\"https:\/\/dhg1h5j42swfq.cloudfront.net\/2019\/09\/17104846\/Retifica%C3%A7%C3%A3o-TRF3.pdf\" target=\"_blank\" rel=\"noreferrer noopener nofollow\">Retifica\u00e7\u00e3o<\/a><\/p>\n\n\n\n<hr class=\"wp-block-separator has-css-opacity\"\/>\n","protected":false},"excerpt":{"rendered":"<p>Um novo concurso para o Tribunal Regional Federal da 3\u00aa Regi\u00e3o (TRF3) pode acontecer em 2026. A assessoria do \u00f3rg\u00e3o confirmou \u00e0 equipe do Estrat\u00e9gia Concursos que foram iniciados os trabalhos para possibilitar a realiza\u00e7\u00e3o de uma nova sele\u00e7\u00e3o. O \u00faltimo edital ocorreu em 2024, j\u00e1 homologado, e foram ofertadas 269 vagas, al\u00e9m de forma\u00e7\u00e3o [&hellip;]<\/p>\n","protected":false},"author":1,"featured_media":827674,"comment_status":"open","ping_status":"open","sticky":false,"template":"","format":"standard","meta":{"post_tipo":"news_page","footnotes":""},"categories":[1984],"tags":[48,289],"tax_estado":[219975,219989],"class_list":["post-31202","post","type-post","status-publish","format-standard","has-post-thumbnail","hentry","category-tribunais","tag-edital","tag-trf-3","tax_estado-ms","tax_estado-sp"],"acf":[],"yoast_head":"<!-- This site is optimized with the Yoast SEO Premium plugin v27.2 (Yoast SEO v27.2) - https:\/\/yoast.com\/product\/yoast-seo-premium-wordpress\/ -->\n<title>Concurso TRF3: estudos iniciados para novo edital!<\/title>\n<meta name=\"description\" content=\"Concurso TRF3: edital ofertou 269 vagas + CR para sal\u00e1rios iniciais de at\u00e9 R$ 13,9 mil! Resultado final e homologa\u00e7\u00e3o publicados.\" \/>\n<meta name=\"robots\" content=\"index, follow, max-snippet:-1, max-image-preview:large, max-video-preview:-1\" \/>\n<link rel=\"canonical\" href=\"https:\/\/www.estrategiaconcursos.com.br\/blog\/concurso-trf-3\/\" \/>\n<meta property=\"og:locale\" content=\"pt_BR\" \/>\n<meta property=\"og:type\" content=\"article\" \/>\n<meta property=\"og:title\" content=\"Concurso TRF3: estudos iniciados para novo edital!\" \/>\n<meta property=\"og:description\" content=\"Concurso TRF3: edital ofertou 269 vagas + CR para sal\u00e1rios iniciais de at\u00e9 R$ 13,9 mil! Resultado final e homologa\u00e7\u00e3o publicados.\" \/>\n<meta property=\"og:url\" content=\"https:\/\/www.estrategiaconcursos.com.br\/blog\/concurso-trf-3\/\" \/>\n<meta property=\"og:site_name\" content=\"Estrat\u00e9gia Concursos\" \/>\n<meta property=\"article:author\" content=\"https:\/\/www.facebook.com\/EstrategiaConcursos\" \/>\n<meta property=\"article:published_time\" content=\"2026-03-30T18:40:00+00:00\" \/>\n<meta property=\"article:modified_time\" content=\"2026-03-30T19:37:19+00:00\" \/>\n<meta property=\"og:image\" content=\"https:\/\/dhg1h5j42swfq.cloudfront.net\/2021\/07\/03112309\/trf3.jpeg\" \/>\n\t<meta property=\"og:image:width\" content=\"768\" \/>\n\t<meta property=\"og:image:height\" content=\"432\" \/>\n\t<meta property=\"og:image:type\" content=\"image\/jpeg\" \/>\n<meta name=\"author\" content=\"Coordena\u00e7\u00e3o\" \/>\n<meta name=\"twitter:card\" content=\"summary_large_image\" \/>\n<meta name=\"twitter:creator\" content=\"@EstratConcursos\" \/>\n<meta name=\"twitter:site\" content=\"@EstratConcursos\" \/>\n<meta name=\"twitter:label1\" content=\"Escrito por\" \/>\n\t<meta name=\"twitter:data1\" content=\"Coordena\u00e7\u00e3o\" \/>\n\t<meta name=\"twitter:label2\" content=\"Est. tempo de leitura\" \/>\n\t<meta name=\"twitter:data2\" content=\"14 minutos\" \/>\n<script type=\"application\/ld+json\" class=\"yoast-schema-graph\">{\"@context\":\"https:\/\/schema.org\",\"@graph\":[{\"@type\":\"NewsArticle\",\"@id\":\"https:\/\/www.estrategiaconcursos.com.br\/blog\/concurso-trf-3\/#article\",\"isPartOf\":{\"@id\":\"https:\/\/www.estrategiaconcursos.com.br\/blog\/concurso-trf-3\/\"},\"author\":{\"name\":\"Coordena\u00e7\u00e3o\",\"@id\":\"https:\/\/www.estrategiaconcursos.com.br\/blog\/#\/schema\/person\/b4a388c97673c5f483d72185668afa1f\"},\"headline\":\"Concurso TRF3: estudos iniciados para novo edital!\",\"datePublished\":\"2026-03-30T18:40:00+00:00\",\"dateModified\":\"2026-03-30T19:37:19+00:00\",\"mainEntityOfPage\":{\"@id\":\"https:\/\/www.estrategiaconcursos.com.br\/blog\/concurso-trf-3\/\"},\"wordCount\":1754,\"commentCount\":75,\"publisher\":{\"@id\":\"https:\/\/www.estrategiaconcursos.com.br\/blog\/#organization\"},\"image\":{\"@id\":\"https:\/\/www.estrategiaconcursos.com.br\/blog\/concurso-trf-3\/#primaryimage\"},\"thumbnailUrl\":\"https:\/\/dhg1h5j42swfq.cloudfront.net\/2021\/07\/03112309\/trf3.jpeg\",\"keywords\":[\"edital\",\"TRF-3\"],\"articleSection\":[\"Tribunais\"],\"inLanguage\":\"pt-BR\",\"potentialAction\":[{\"@type\":\"CommentAction\",\"name\":\"Comment\",\"target\":[\"https:\/\/www.estrategiaconcursos.com.br\/blog\/concurso-trf-3\/#respond\"]}],\"copyrightYear\":\"2026\",\"copyrightHolder\":{\"@id\":\"https:\/\/www.estrategiaconcursos.com.br\/blog\/#organization\"}},{\"@type\":\"WebPage\",\"@id\":\"https:\/\/www.estrategiaconcursos.com.br\/blog\/concurso-trf-3\/\",\"url\":\"https:\/\/www.estrategiaconcursos.com.br\/blog\/concurso-trf-3\/\",\"name\":\"Concurso TRF3: estudos iniciados para novo edital!\",\"isPartOf\":{\"@id\":\"https:\/\/www.estrategiaconcursos.com.br\/blog\/#website\"},\"primaryImageOfPage\":{\"@id\":\"https:\/\/www.estrategiaconcursos.com.br\/blog\/concurso-trf-3\/#primaryimage\"},\"image\":{\"@id\":\"https:\/\/www.estrategiaconcursos.com.br\/blog\/concurso-trf-3\/#primaryimage\"},\"thumbnailUrl\":\"https:\/\/dhg1h5j42swfq.cloudfront.net\/2021\/07\/03112309\/trf3.jpeg\",\"datePublished\":\"2026-03-30T18:40:00+00:00\",\"dateModified\":\"2026-03-30T19:37:19+00:00\",\"description\":\"Concurso TRF3: edital ofertou 269 vagas + CR para sal\u00e1rios iniciais de at\u00e9 R$ 13,9 mil! Resultado final e homologa\u00e7\u00e3o publicados.\",\"breadcrumb\":{\"@id\":\"https:\/\/www.estrategiaconcursos.com.br\/blog\/concurso-trf-3\/#breadcrumb\"},\"inLanguage\":\"pt-BR\",\"potentialAction\":[{\"@type\":\"ReadAction\",\"target\":[\"https:\/\/www.estrategiaconcursos.com.br\/blog\/concurso-trf-3\/\"]}]},{\"@type\":\"ImageObject\",\"inLanguage\":\"pt-BR\",\"@id\":\"https:\/\/www.estrategiaconcursos.com.br\/blog\/concurso-trf-3\/#primaryimage\",\"url\":\"https:\/\/dhg1h5j42swfq.cloudfront.net\/2021\/07\/03112309\/trf3.jpeg\",\"contentUrl\":\"https:\/\/dhg1h5j42swfq.cloudfront.net\/2021\/07\/03112309\/trf3.jpeg\",\"width\":768,\"height\":432,\"caption\":\"Concurso TRF3: nova sele\u00e7\u00e3o\"},{\"@type\":\"BreadcrumbList\",\"@id\":\"https:\/\/www.estrategiaconcursos.com.br\/blog\/concurso-trf-3\/#breadcrumb\",\"itemListElement\":[{\"@type\":\"ListItem\",\"position\":1,\"name\":\"In\u00edcio\",\"item\":\"https:\/\/www.estrategiaconcursos.com.br\/blog\/\"},{\"@type\":\"ListItem\",\"position\":2,\"name\":\"Concurso TRF3: estudos iniciados para novo edital!\"}]},{\"@type\":\"WebSite\",\"@id\":\"https:\/\/www.estrategiaconcursos.com.br\/blog\/#website\",\"url\":\"https:\/\/www.estrategiaconcursos.com.br\/blog\/\",\"name\":\"Estrat\u00e9gia Concursos\",\"description\":\"O blog da Estrat\u00e9gia Concursos traz not\u00edcias sobre concursos e artigos de professores oferecendo cursos para concursos (pdf + videaulas) no site.\",\"publisher\":{\"@id\":\"https:\/\/www.estrategiaconcursos.com.br\/blog\/#organization\"},\"potentialAction\":[{\"@type\":\"SearchAction\",\"target\":{\"@type\":\"EntryPoint\",\"urlTemplate\":\"https:\/\/www.estrategiaconcursos.com.br\/blog\/?s={search_term_string}\"},\"query-input\":{\"@type\":\"PropertyValueSpecification\",\"valueRequired\":true,\"valueName\":\"search_term_string\"}}],\"inLanguage\":\"pt-BR\"},{\"@type\":\"Organization\",\"@id\":\"https:\/\/www.estrategiaconcursos.com.br\/blog\/#organization\",\"name\":\"Estrat\u00e9gia Concursos\",\"url\":\"https:\/\/www.estrategiaconcursos.com.br\/blog\/\",\"logo\":{\"@type\":\"ImageObject\",\"inLanguage\":\"pt-BR\",\"@id\":\"https:\/\/www.estrategiaconcursos.com.br\/blog\/#\/schema\/logo\/image\/\",\"url\":\"https:\/\/dhg1h5j42swfq.cloudfront.net\/2025\/06\/03203428\/logo_concursos-1.jpg\",\"contentUrl\":\"https:\/\/dhg1h5j42swfq.cloudfront.net\/2025\/06\/03203428\/logo_concursos-1.jpg\",\"width\":230,\"height\":60,\"caption\":\"Estrat\u00e9gia Concursos\"},\"image\":{\"@id\":\"https:\/\/www.estrategiaconcursos.com.br\/blog\/#\/schema\/logo\/image\/\"},\"sameAs\":[\"https:\/\/x.com\/EstratConcursos\"]},{\"@type\":\"Person\",\"@id\":\"https:\/\/www.estrategiaconcursos.com.br\/blog\/#\/schema\/person\/b4a388c97673c5f483d72185668afa1f\",\"name\":\"Coordena\u00e7\u00e3o\",\"image\":{\"@type\":\"ImageObject\",\"inLanguage\":\"pt-BR\",\"@id\":\"https:\/\/secure.gravatar.com\/avatar\/b720319e4c9a967eb58678d110f4fe35452fc5d5f97b202bac7b8acceb18c6ad?s=96&d=mm&r=g\",\"url\":\"https:\/\/secure.gravatar.com\/avatar\/b720319e4c9a967eb58678d110f4fe35452fc5d5f97b202bac7b8acceb18c6ad?s=96&d=mm&r=g\",\"contentUrl\":\"https:\/\/secure.gravatar.com\/avatar\/b720319e4c9a967eb58678d110f4fe35452fc5d5f97b202bac7b8acceb18c6ad?s=96&d=mm&r=g\",\"caption\":\"Coordena\u00e7\u00e3o\"},\"sameAs\":[\"https:\/\/www.facebook.com\/EstrategiaConcursos\",\"https:\/\/x.com\/EstratConcursos\"],\"url\":\"https:\/\/www.estrategiaconcursos.com.br\/blog\/author\/estrategia2013\/\"}]}<\/script>\n<!-- \/ Yoast SEO Premium plugin. -->","yoast_head_json":{"title":"Concurso TRF3: estudos iniciados para novo edital!","description":"Concurso TRF3: edital ofertou 269 vagas + CR para sal\u00e1rios iniciais de at\u00e9 R$ 13,9 mil! Resultado final e homologa\u00e7\u00e3o publicados.","robots":{"index":"index","follow":"follow","max-snippet":"max-snippet:-1","max-image-preview":"max-image-preview:large","max-video-preview":"max-video-preview:-1"},"canonical":"https:\/\/www.estrategiaconcursos.com.br\/blog\/concurso-trf-3\/","og_locale":"pt_BR","og_type":"article","og_title":"Concurso TRF3: estudos iniciados para novo edital!","og_description":"Concurso TRF3: edital ofertou 269 vagas + CR para sal\u00e1rios iniciais de at\u00e9 R$ 13,9 mil! Resultado final e homologa\u00e7\u00e3o publicados.","og_url":"https:\/\/www.estrategiaconcursos.com.br\/blog\/concurso-trf-3\/","og_site_name":"Estrat\u00e9gia Concursos","article_author":"https:\/\/www.facebook.com\/EstrategiaConcursos","article_published_time":"2026-03-30T18:40:00+00:00","article_modified_time":"2026-03-30T19:37:19+00:00","og_image":[{"width":768,"height":432,"url":"https:\/\/dhg1h5j42swfq.cloudfront.net\/2021\/07\/03112309\/trf3.jpeg","type":"image\/jpeg"}],"author":"Coordena\u00e7\u00e3o","twitter_card":"summary_large_image","twitter_creator":"@EstratConcursos","twitter_site":"@EstratConcursos","twitter_misc":{"Escrito por":"Coordena\u00e7\u00e3o","Est. tempo de leitura":"14 minutos"},"schema":{"@context":"https:\/\/schema.org","@graph":[{"@type":"NewsArticle","@id":"https:\/\/www.estrategiaconcursos.com.br\/blog\/concurso-trf-3\/#article","isPartOf":{"@id":"https:\/\/www.estrategiaconcursos.com.br\/blog\/concurso-trf-3\/"},"author":{"name":"Coordena\u00e7\u00e3o","@id":"https:\/\/www.estrategiaconcursos.com.br\/blog\/#\/schema\/person\/b4a388c97673c5f483d72185668afa1f"},"headline":"Concurso TRF3: estudos iniciados para novo edital!","datePublished":"2026-03-30T18:40:00+00:00","dateModified":"2026-03-30T19:37:19+00:00","mainEntityOfPage":{"@id":"https:\/\/www.estrategiaconcursos.com.br\/blog\/concurso-trf-3\/"},"wordCount":1754,"commentCount":75,"publisher":{"@id":"https:\/\/www.estrategiaconcursos.com.br\/blog\/#organization"},"image":{"@id":"https:\/\/www.estrategiaconcursos.com.br\/blog\/concurso-trf-3\/#primaryimage"},"thumbnailUrl":"https:\/\/dhg1h5j42swfq.cloudfront.net\/2021\/07\/03112309\/trf3.jpeg","keywords":["edital","TRF-3"],"articleSection":["Tribunais"],"inLanguage":"pt-BR","potentialAction":[{"@type":"CommentAction","name":"Comment","target":["https:\/\/www.estrategiaconcursos.com.br\/blog\/concurso-trf-3\/#respond"]}],"copyrightYear":"2026","copyrightHolder":{"@id":"https:\/\/www.estrategiaconcursos.com.br\/blog\/#organization"}},{"@type":"WebPage","@id":"https:\/\/www.estrategiaconcursos.com.br\/blog\/concurso-trf-3\/","url":"https:\/\/www.estrategiaconcursos.com.br\/blog\/concurso-trf-3\/","name":"Concurso TRF3: estudos iniciados para novo edital!","isPartOf":{"@id":"https:\/\/www.estrategiaconcursos.com.br\/blog\/#website"},"primaryImageOfPage":{"@id":"https:\/\/www.estrategiaconcursos.com.br\/blog\/concurso-trf-3\/#primaryimage"},"image":{"@id":"https:\/\/www.estrategiaconcursos.com.br\/blog\/concurso-trf-3\/#primaryimage"},"thumbnailUrl":"https:\/\/dhg1h5j42swfq.cloudfront.net\/2021\/07\/03112309\/trf3.jpeg","datePublished":"2026-03-30T18:40:00+00:00","dateModified":"2026-03-30T19:37:19+00:00","description":"Concurso TRF3: edital ofertou 269 vagas + CR para sal\u00e1rios iniciais de at\u00e9 R$ 13,9 mil! Resultado final e homologa\u00e7\u00e3o publicados.","breadcrumb":{"@id":"https:\/\/www.estrategiaconcursos.com.br\/blog\/concurso-trf-3\/#breadcrumb"},"inLanguage":"pt-BR","potentialAction":[{"@type":"ReadAction","target":["https:\/\/www.estrategiaconcursos.com.br\/blog\/concurso-trf-3\/"]}]},{"@type":"ImageObject","inLanguage":"pt-BR","@id":"https:\/\/www.estrategiaconcursos.com.br\/blog\/concurso-trf-3\/#primaryimage","url":"https:\/\/dhg1h5j42swfq.cloudfront.net\/2021\/07\/03112309\/trf3.jpeg","contentUrl":"https:\/\/dhg1h5j42swfq.cloudfront.net\/2021\/07\/03112309\/trf3.jpeg","width":768,"height":432,"caption":"Concurso TRF3: nova sele\u00e7\u00e3o"},{"@type":"BreadcrumbList","@id":"https:\/\/www.estrategiaconcursos.com.br\/blog\/concurso-trf-3\/#breadcrumb","itemListElement":[{"@type":"ListItem","position":1,"name":"In\u00edcio","item":"https:\/\/www.estrategiaconcursos.com.br\/blog\/"},{"@type":"ListItem","position":2,"name":"Concurso TRF3: estudos iniciados para novo edital!"}]},{"@type":"WebSite","@id":"https:\/\/www.estrategiaconcursos.com.br\/blog\/#website","url":"https:\/\/www.estrategiaconcursos.com.br\/blog\/","name":"Estrat\u00e9gia Concursos","description":"O blog da Estrat\u00e9gia Concursos traz not\u00edcias sobre concursos e artigos de professores oferecendo cursos para concursos (pdf + videaulas) no site.","publisher":{"@id":"https:\/\/www.estrategiaconcursos.com.br\/blog\/#organization"},"potentialAction":[{"@type":"SearchAction","target":{"@type":"EntryPoint","urlTemplate":"https:\/\/www.estrategiaconcursos.com.br\/blog\/?s={search_term_string}"},"query-input":{"@type":"PropertyValueSpecification","valueRequired":true,"valueName":"search_term_string"}}],"inLanguage":"pt-BR"},{"@type":"Organization","@id":"https:\/\/www.estrategiaconcursos.com.br\/blog\/#organization","name":"Estrat\u00e9gia Concursos","url":"https:\/\/www.estrategiaconcursos.com.br\/blog\/","logo":{"@type":"ImageObject","inLanguage":"pt-BR","@id":"https:\/\/www.estrategiaconcursos.com.br\/blog\/#\/schema\/logo\/image\/","url":"https:\/\/dhg1h5j42swfq.cloudfront.net\/2025\/06\/03203428\/logo_concursos-1.jpg","contentUrl":"https:\/\/dhg1h5j42swfq.cloudfront.net\/2025\/06\/03203428\/logo_concursos-1.jpg","width":230,"height":60,"caption":"Estrat\u00e9gia Concursos"},"image":{"@id":"https:\/\/www.estrategiaconcursos.com.br\/blog\/#\/schema\/logo\/image\/"},"sameAs":["https:\/\/x.com\/EstratConcursos"]},{"@type":"Person","@id":"https:\/\/www.estrategiaconcursos.com.br\/blog\/#\/schema\/person\/b4a388c97673c5f483d72185668afa1f","name":"Coordena\u00e7\u00e3o","image":{"@type":"ImageObject","inLanguage":"pt-BR","@id":"https:\/\/secure.gravatar.com\/avatar\/b720319e4c9a967eb58678d110f4fe35452fc5d5f97b202bac7b8acceb18c6ad?s=96&d=mm&r=g","url":"https:\/\/secure.gravatar.com\/avatar\/b720319e4c9a967eb58678d110f4fe35452fc5d5f97b202bac7b8acceb18c6ad?s=96&d=mm&r=g","contentUrl":"https:\/\/secure.gravatar.com\/avatar\/b720319e4c9a967eb58678d110f4fe35452fc5d5f97b202bac7b8acceb18c6ad?s=96&d=mm&r=g","caption":"Coordena\u00e7\u00e3o"},"sameAs":["https:\/\/www.facebook.com\/EstrategiaConcursos","https:\/\/x.com\/EstratConcursos"],"url":"https:\/\/www.estrategiaconcursos.com.br\/blog\/author\/estrategia2013\/"}]}},"_links":{"self":[{"href":"https:\/\/www.estrategiaconcursos.com.br\/blog\/wp-json\/wp\/v2\/posts\/31202","targetHints":{"allow":["GET"]}}],"collection":[{"href":"https:\/\/www.estrategiaconcursos.com.br\/blog\/wp-json\/wp\/v2\/posts"}],"about":[{"href":"https:\/\/www.estrategiaconcursos.com.br\/blog\/wp-json\/wp\/v2\/types\/post"}],"author":[{"embeddable":true,"href":"https:\/\/www.estrategiaconcursos.com.br\/blog\/wp-json\/wp\/v2\/users\/1"}],"replies":[{"embeddable":true,"href":"https:\/\/www.estrategiaconcursos.com.br\/blog\/wp-json\/wp\/v2\/comments?post=31202"}],"version-history":[{"count":402,"href":"https:\/\/www.estrategiaconcursos.com.br\/blog\/wp-json\/wp\/v2\/posts\/31202\/revisions"}],"predecessor-version":[{"id":1745600,"href":"https:\/\/www.estrategiaconcursos.com.br\/blog\/wp-json\/wp\/v2\/posts\/31202\/revisions\/1745600"}],"wp:featuredmedia":[{"embeddable":true,"href":"https:\/\/www.estrategiaconcursos.com.br\/blog\/wp-json\/wp\/v2\/media\/827674"}],"wp:attachment":[{"href":"https:\/\/www.estrategiaconcursos.com.br\/blog\/wp-json\/wp\/v2\/media?parent=31202"}],"wp:term":[{"taxonomy":"category","embeddable":true,"href":"https:\/\/www.estrategiaconcursos.com.br\/blog\/wp-json\/wp\/v2\/categories?post=31202"},{"taxonomy":"post_tag","embeddable":true,"href":"https:\/\/www.estrategiaconcursos.com.br\/blog\/wp-json\/wp\/v2\/tags?post=31202"},{"taxonomy":"tax_estado","embeddable":true,"href":"https:\/\/www.estrategiaconcursos.com.br\/blog\/wp-json\/wp\/v2\/tax_estado?post=31202"}],"curies":[{"name":"wp","href":"https:\/\/api.w.org\/{rel}","templated":true}]}}