{"id":31162,"date":"2015-12-28T11:04:05","date_gmt":"2015-12-28T14:04:05","guid":{"rendered":"http:\/\/www.estrategiaconcursos.com.br\/blog\/?p=31162"},"modified":"2018-10-23T18:41:28","modified_gmt":"2018-10-23T21:41:28","slug":"retrospectiva-2015-as-principais-novidades-do-ano-em-direito-administrativo","status":"publish","type":"post","link":"https:\/\/www.estrategiaconcursos.com.br\/blog\/retrospectiva-2015-as-principais-novidades-do-ano-em-direito-administrativo\/","title":{"rendered":"Retrospectiva 2015 \u2013 as principais novidades do ano em Direito Administrativo"},"content":{"rendered":"<p style=\"text-align: justify;\">Ol\u00e1 pessoal, tudo bem?<\/p>\n<p style=\"text-align: justify;\">Aproveitando o clima de final de ano, que tal fazermos uma retrospectiva das principais novidades ocorridas em 2015 no <a title=\"Cursos de Direito Administrativo para Concursos\" href=\"https:\/\/www.estrategiaconcursos.com.br\/cursosPorMateria\/direito-administrativo-5\/\" target=\"_blank\" rel=\"noopener\">Direito Administrativo<\/a>?<\/p>\n<p style=\"text-align: justify;\">Como sabemos, o Direito \u00e9 uma mat\u00e9ria bastante din\u00e2mica, que se modifica a todo o instante: s\u00e3o emendas constitucionais, novas leis, altera\u00e7\u00f5es de leis antigas, medidas provis\u00f3rias, entendimentos jurisprudenciais&#8230;<\/p>\n<p style=\"text-align: justify;\">Assim, quem estuda para concurso com <strong>seriedade<\/strong> tem que ter o cuidado e a preocupa\u00e7\u00e3o de se manter sempre atualizado(a).<\/p>\n<p style=\"text-align: justify;\">A fim de ajud\u00e1-los(as) nessa tarefa, farei uma retrospectiva das atualiza\u00e7\u00f5es mais relevantes do Direito Administrativo ocorridas ao longo de 2015, tanto na legisla\u00e7\u00e3o como na jurisprud\u00eancia.<\/p>\n<p style=\"text-align: justify;\">Veremos os seguintes assuntos:<\/p>\n<p><span style=\"color: #800000;\"><strong>I) LEGISLA\u00c7\u00c3O<\/strong><\/span><\/p>\n<ul style=\"text-align: justify;\">\n<li><span style=\"color: #000080;\">Idade da aposentadoria compuls\u00f3ria dos agentes p\u00fablicos<\/span><\/li>\n<li><span style=\"color: #000080;\">Pens\u00e3o por morte dos servidores p\u00fablicos federais<\/span><\/li>\n<li><span style=\"color: #000080;\">Limite para consigna\u00e7\u00e3o em folha dos servidores p\u00fablicos federais<\/span><\/li>\n<li><span style=\"color: #000080;\">Altera\u00e7\u00f5es na Lei do Regime Diferenciado de Contrata\u00e7\u00f5es<\/span><\/li>\n<li><span style=\"color: #000080;\">Altera\u00e7\u00f5es no acordo de leni\u00eancia da Lei Anticorrup\u00e7\u00e3o<\/span><\/li>\n<li><span style=\"color: #000080;\">Possibilidade de fazer transa\u00e7\u00e3o, acordo ou concilia\u00e7\u00e3o nas a\u00e7\u00f5es de improbidade administrativa<\/span><\/li>\n<li><span style=\"color: #000080;\">Nova hip\u00f3tese de dispensa de licita\u00e7\u00e3o<\/span><\/li>\n<li><span style=\"color: #000080;\">Crit\u00e9rios de desempate e margem de prefer\u00eancia em licita\u00e7\u00f5es<\/span><\/li>\n<\/ul>\n<p><span style=\"color: #800000;\"><strong>II) JURISPRUD\u00caNCIA<\/strong><\/span><\/p>\n<ul style=\"text-align: justify;\">\n<li><span style=\"color: #000080;\">Entendimentos sobre Organiza\u00e7\u00f5es Sociais<\/span><\/li>\n<li><span style=\"color: #000080;\">Desnecessidade de nova sabatina na aposentadoria compuls\u00f3ria<\/span><\/li>\n<li><span style=\"color: #000080;\">Candidatos aprovados fora das vagas do edital<\/span><\/li>\n<li><span style=\"color: #000080;\">Vantagens pessoais anteriores \u00e0 EC 41\/2003 e teto remunerat\u00f3rio<\/span><\/li>\n<li><span style=\"color: #000080;\">Sistema carcer\u00e1rio e Estado de Coisas Inconstitucional<\/span><\/li>\n<li><span style=\"color: #000080;\">Posse em cargo p\u00fablico por determina\u00e7\u00e3o judicial<\/span><\/li>\n<li><span style=\"color: #000080;\">In\u00edcio do prazo prescricional da a\u00e7\u00e3o de improbidade em caso de reelei\u00e7\u00e3o<\/span><\/li>\n<\/ul>\n<p style=\"text-align: justify;\">Destaco que nossos cursos de Direito Administrativo j\u00e1 contemplam essas e outras novidades!<\/p>\n<p style=\"text-align: center;\"><strong><a href=\"https:\/\/www.estrategiaconcursos.com.br\/cursosPorProfessor\/erick-alves-1000\/\">Cursos de Direito Administrativo do Prof. Erick Alves<\/a><\/strong><\/p>\n<p style=\"text-align: justify;\">Em seguida, vou fazer um resumo de cada assunto, deixando tamb\u00e9m os links para as respectivas normas e decis\u00f5es judiciais, bem como para alguns artigos publicados ao longo do ano aqui no Estrat\u00e9gia.<\/p>\n<p style=\"text-align: justify;\"><strong><em>Vamos l\u00e1?!<\/em><\/strong><\/p>\n<p style=\"text-align: justify;\"><strong>\u00a0<\/strong><span style=\"color: #800000;\"><strong>I) LEGISLA\u00c7\u00c3O<\/strong><\/span><\/p>\n<p style=\"text-align: justify;\"><span style=\"color: #0000ff;\"><strong><span style=\"text-decoration: underline;\">Idade da aposentadoria compuls\u00f3ria dos agentes p\u00fablicos<\/span><\/strong><\/span><\/p>\n<p style=\"text-align: justify;\">A <span style=\"color: #000080;\"><strong>EC 88\/2015<\/strong><\/span> (conhecida como PEC da Bengala) alterou a idade da <strong>aposentadoria compuls\u00f3ria<\/strong> dos agentes p\u00fablicos para <strong>75 anos<\/strong>, na forma de lei complementar.<\/p>\n<p style=\"text-align: justify;\">Inicialmente v\u00e1lida apenas para ministros do Supremo Tribunal Federal, dos Tribunais Superiores (STJ, TSE, TST e STM) e do Tribunal de Contas da Uni\u00e3o, a partir da <strong>LC\u00a0152\/2015<\/strong> a regra passou a ser v\u00e1lida tamb\u00e9m para todos os servidores titulares de\u00a0<strong>cargos efetivos<\/strong>\u00a0da Uni\u00e3o, dos Estados, do Distrito Federal e dos Munic\u00edpios, inclu\u00eddas suas autarquias e funda\u00e7\u00f5es, al\u00e9m dos membros do <strong>Poder Judici\u00e1rio<\/strong>, do <strong>Minist\u00e9rio P\u00fablico<\/strong>, das <strong>Defensorias P\u00fablicas<\/strong> e dos <strong>Tribunais de Contas<\/strong>.<\/p>\n<p style=\"text-align: justify;\"><strong>Links:<\/strong> <a href=\"http:\/\/www.planalto.gov.br\/ccivil_03\/constituicao\/emendas\/emc\/emc88.htm\">EC 88\/2015<\/a>, <a href=\"http:\/\/www.planalto.gov.br\/ccivil_03\/LEIS\/LCP\/Lcp152.htm\">LC 152\/2015<\/a>, <a href=\"http:\/\/www.estrategiaconcursos.com.br\/blog\/aposentadoria-compulsoria-aos-75-anos-lc-1522015\/\">artigo Prof. Herbert Almeida<\/a><\/p>\n<p style=\"text-align: justify;\"><span style=\"color: #0000ff;\"><strong><span style=\"text-decoration: underline;\">Pens\u00e3o por morte dos servidores p\u00fablicos federais<\/span><\/strong><\/span><\/p>\n<p style=\"text-align: justify;\">A <span style=\"color: #000080;\"><strong>Lei 13.135\/2015<\/strong><\/span> promoveu substanciosas altera\u00e7\u00f5es nos art. 215 a 225 da <strong>Lei 8.112\/90<\/strong>, que tratam da pens\u00e3o mensal a que os dependentes fazem jus no caso de morte do servidor p\u00fablico federal.<\/p>\n<p style=\"text-align: justify;\">Em suma, foram modificados os benefici\u00e1rios das pens\u00f5es e os prazos de usufruto do benef\u00edcio, al\u00e9m de limitar bastante a possibilidade de recebimento de pens\u00f5es vital\u00edcias.<\/p>\n<p style=\"text-align: justify;\">A l\u00f3gica, agora, \u00e9 que quanto mais jovem for o c\u00f4njuge ou companheiro(a), menor ser\u00e1 o tempo em que ser\u00e1 benefici\u00e1rio da pens\u00e3o deixada pelo servidor falecido. A partir das novas regras, a <strong>pens\u00e3o vital\u00edcia<\/strong> passou a ser <strong>excepcional<\/strong>, s\u00f3 sendo devida ao c\u00f4njuge ou companheiro(a) que possuir, na data de \u00f3bito do servidor, idade igual ou superior a 44 anos.<\/p>\n<p style=\"text-align: justify;\">Vale ressaltar que \u201c<em>a<\/em> <em>m\u00e3e e o pai que comprovem depend\u00eancia econ\u00f4mica do servidor\u201d<\/em> tamb\u00e9m possuem direito \u00e0 pens\u00e3o vital\u00edcia; tais benefici\u00e1rios, contudo, s\u00e3o preteridos pelos c\u00f4njuges e filhos, ou seja, a m\u00e3e e o pai dependentes s\u00f3 recebem a pens\u00e3o se o servidor <em><span style=\"text-decoration: underline;\">n\u00e3o<\/span><\/em> possuir c\u00f4njuge, companheiro(a) ou filho aptos a receberem o benef\u00edcio.<\/p>\n<p style=\"text-align: justify;\"><strong>Links:<\/strong> <a href=\"http:\/\/www.planalto.gov.br\/ccivil_03\/_Ato2015-2018\/2015\/Lei\/L13135.htm\">Lei 13.135\/2015<\/a>; <a href=\"http:\/\/www.planalto.gov.br\/ccivil_03\/LEIS\/L8112compilado.htm\">Lei 8.112 atualizada<\/a><\/p>\n<p style=\"text-align: justify;\"><span style=\"color: #0000ff;\"><strong><span style=\"text-decoration: underline;\">Limite para consigna\u00e7\u00e3o em folha dos servidores p\u00fablicos federais<\/span><\/strong><\/span><\/p>\n<p style=\"text-align: justify;\">A <span style=\"color: #000080;\"><strong>Lei 13.172\/2015<\/strong><\/span> alterou o art. 45 da <strong>Lei 8.112\/90<\/strong>, modificando o limite de consigna\u00e7\u00e3o em folha de pagamento em favor de terceiros.<\/p>\n<p style=\"text-align: justify;\">Agora, o valor total do desconto <strong><em><span style=\"text-decoration: underline;\">n\u00e3o<\/span><\/em><\/strong> pode exceder a <strong>35%<\/strong> da remunera\u00e7\u00e3o mensal do servidor, sendo <strong>5%<\/strong> destinados exclusivamente para a amortiza\u00e7\u00e3o de despesas contra\u00eddas por meio de cart\u00e3o de cr\u00e9dito ou para a utiliza\u00e7\u00e3o com a finalidade de saque por meio do cart\u00e3o de cr\u00e9dito.<\/p>\n<p style=\"text-align: justify;\"><strong>Links:<\/strong> <a href=\"http:\/\/www.planalto.gov.br\/ccivil_03\/_Ato2015-2018\/2015\/Lei\/L13172.htm\">Lei 13.172\/2015<\/a>; <a href=\"http:\/\/www.planalto.gov.br\/ccivil_03\/LEIS\/L8112compilado.htm\">Lei 8.112 atualizada<\/a><\/p>\n<p style=\"text-align: justify;\"><span style=\"color: #0000ff;\"><strong><span style=\"text-decoration: underline;\">Altera\u00e7\u00f5es na Lei do Regime Diferenciado de Contrata\u00e7\u00f5es<\/span><\/strong><\/span><\/p>\n<p style=\"text-align: justify;\">A\u00a0<span style=\"color: #000080;\"><strong>Lei\u00a013.190\/2015<\/strong><\/span>\u00a0alterou a <strong>Lei 12.462\/2011<\/strong>, que trata do\u00a0<strong>Regime Diferenciado de Contrata\u00e7\u00f5es<\/strong>.<\/p>\n<p style=\"text-align: justify;\">Basicamente, foram feitas tr\u00eas\u00a0mudan\u00e7as importantes:<\/p>\n<p style=\"text-align: justify;\"><strong>(i) inclus\u00e3o de novas hip\u00f3teses de aplica\u00e7\u00e3o do RDC;<\/strong><\/p>\n<p style=\"text-align: justify;\"><strong>(ii) possibilidade de resolu\u00e7\u00e3o de conflitos por meio de arbitragem e media\u00e7\u00e3o;<\/strong><\/p>\n<p style=\"text-align: justify;\"><strong>(iii) previs\u00e3o de utiliza\u00e7\u00e3o do RDC para celebrar contratos de loca\u00e7\u00e3o sob medida (<em>built to suit<\/em>).<\/strong><\/p>\n<p style=\"text-align: justify;\">Ressalte-se, contudo, que o Supremo Tribunal Federal (MS 33.889)\u00a0<strong><em>suspendeu a efic\u00e1cia<\/em><\/strong>\u00a0de\u00a0<strong><em>quase toda<\/em><\/strong>\u00a0a\u00a0Lei 13.190\/2015, em virtude do chamado \u201ccontrabando legislativo\u201d (inclus\u00e3o de assuntos sem rela\u00e7\u00e3o de pertin\u00eancia tem\u00e1tica durante a tramita\u00e7\u00e3o da medida provis\u00f3ria\u00a0no Congresso). Desse modo,\u00a0<strong><em>apenas parte do item (i) acima est\u00e1 vigente. Todos os demais itens est\u00e3o suspensos.<\/em><\/strong><\/p>\n<p style=\"text-align: justify;\">E a parte que est\u00e1 vigente apenas confirmou duas hip\u00f3teses de utiliza\u00e7\u00e3o do RDC que j\u00e1 estavam no texto da Lei 12.846\/2011 desde 2013, em virtude de outras medidas provis\u00f3rias, quais sejam: para <strong>obras e servi\u00e7os de engenharia em estabelecimentos penais<\/strong> e <strong>unidades de atendimento socioeducativo<\/strong> e para <strong>a\u00e7\u00f5es no \u00e2mbito da seguran\u00e7a p\u00fablica<\/strong>.<\/p>\n<p style=\"text-align: justify;\">De qualquer forma, \u00e9 importante saber que os institutos da arbitragem e da loca\u00e7\u00e3o sob medida &#8211; itens (ii) e (iii) acima -, embora n\u00e3o estejam vigentes na Lei do RDC, podem ser utilizados pela Administra\u00e7\u00e3o independentemente da suspens\u00e3o promovida pelo STF, em raz\u00e3o de outras previs\u00f5es legislativas e entendimentos jurisprudenciais.<\/p>\n<p style=\"text-align: justify;\"><strong>Links:<\/strong> <a href=\"http:\/\/www.planalto.gov.br\/ccivil_03\/_Ato2015-2018\/2015\/Lei\/L13190.htm\">Lei 13.190\/2015<\/a>, <a href=\"http:\/\/www.planalto.gov.br\/ccivil_03\/_ato2011-2014\/2011\/Lei\/L12462.htm\">Lei 12.462\/2011 atualizada<\/a>, <a href=\"http:\/\/www.stf.jus.br\/portal\/processo\/verProcessoAndamento.asp?incidente=4887565\">MS 33.889<\/a>, <a href=\"http:\/\/www.estrategiaconcursos.com.br\/blog\/novidade-no-rdc-regime-diferenciado-de-contratacoes\/\">artigo Prof. Erick Alves<\/a><\/p>\n<p style=\"text-align: justify;\"><span style=\"color: #0000ff;\"><strong><span style=\"text-decoration: underline;\">Altera\u00e7\u00f5es no acordo de leni\u00eancia da Lei Anticorrup\u00e7\u00e3o <\/span><\/strong><\/span><\/p>\n<p style=\"text-align: justify;\">A <span style=\"color: #000080;\"><strong>Medida Provis\u00f3ria 703\/2015<\/strong><\/span> instituiu importantes altera\u00e7\u00f5es na <strong>Lei 12.846\/2013<\/strong>\u00a0(conhecida como Lei Anticorrup\u00e7\u00e3o), especialmente na sistem\u00e1tica para celebra\u00e7\u00e3o do\u00a0<strong>acordo de leni\u00eancia<\/strong>.<\/p>\n<p style=\"text-align: justify;\">Em suma, foram feitas as seguintes modifica\u00e7\u00f5es:<\/p>\n<ul style=\"text-align: justify;\">\n<li><strong>Ci\u00eancia ao Minist\u00e9rio P\u00fablico (art. 15)<\/strong><\/li>\n<li><strong>Compet\u00eancia para celebrar o acordo de leni\u00eancia (art. 16)<\/strong><\/li>\n<li><strong>Resultados do acordo de leni\u00eancia (art. 16, incisos)<\/strong><\/li>\n<li><strong>Requisitos para celebra\u00e7\u00e3o do acordo de leni\u00eancia (art. 16, \u00a71\u00ba)<\/strong><\/li>\n<li><strong>Isen\u00e7\u00e3o e redu\u00e7\u00e3o de san\u00e7\u00f5es (art. 16, \u00a72\u00ba)<\/strong><\/li>\n<li><strong>Interrup\u00e7\u00e3o e suspens\u00e3o do prazo de prescri\u00e7\u00e3o (art. 16, \u00a79\u00ba)<\/strong><\/li>\n<li><strong>Impedimento para ajuizar e prosseguir com a\u00e7\u00f5es na esfera c\u00edvel (art. 16, \u00a7\u00a711 e 12; art. 18)<\/strong><\/li>\n<li><strong>Arquivamento de processos administrativos (art. 17-A)<\/strong><\/li>\n<li><strong>Participa\u00e7\u00e3o do Tribunal de Contas (art. 16, \u00a714)<\/strong><\/li>\n<\/ul>\n<p style=\"text-align: justify;\">Como as altera\u00e7\u00f5es foram promovidas por Medida Provis\u00f3ria, \u00e9 necess\u00e1rio acompanhar a convers\u00e3o em lei no Congresso, al\u00e9m de eventuais a\u00e7\u00f5es no STF, para ver se as altera\u00e7\u00f5es comentadas acima (bastante relevantes, por sinal!), ser\u00e3o mantidas ou n\u00e3o.<\/p>\n<p style=\"text-align: justify;\"><strong>Links:<\/strong> <a href=\"http:\/\/www.planalto.gov.br\/ccivil_03\/_Ato2015-2018\/2015\/Mpv\/mpv703.htm\">MP 703\/2015<\/a>, <a href=\"http:\/\/www.planalto.gov.br\/ccivil_03\/_ato2011-2014\/2013\/lei\/l12846.htm\">Lei 12.846\/2013 atualizada<\/a>, <a href=\"http:\/\/www.estrategiaconcursos.com.br\/blog\/medida-provisoria-7032015-mudancas-importantes-na-celebracao-do-acordo-de-leniencia-previsto-na-lei-anticorrupcao\/\">artigo Prof. Erick Alves<\/a><\/p>\n<p style=\"text-align: justify;\"><span style=\"color: #0000ff;\"><strong><span style=\"text-decoration: underline;\">Possibilidade de fazer transa\u00e7\u00e3o, acordo ou concilia\u00e7\u00e3o nas a\u00e7\u00f5es de improbidade administrativa<\/span><\/strong><\/span><\/p>\n<p style=\"text-align: justify;\">Al\u00e9m das altera\u00e7\u00f5es promovidas na Lei 12.846\/2013, a MP 703\/2015 tamb\u00e9m\u00a0<strong>revogou<\/strong>\u00a0expressamente o dispositivo da Lei 8.429\/92 (art. 17, \u00a71\u00ba) que vedava a\u00a0<strong>transa\u00e7\u00e3o<\/strong>,\u00a0<strong>acordo<\/strong>\u00a0ou\u00a0<strong>concilia\u00e7\u00e3o<\/strong>\u00a0nas a\u00e7\u00f5es de <strong>improbidade administrativa<\/strong>.<\/p>\n<p style=\"text-align: justify;\">Agora, portanto, \u00e9 poss\u00edvel que as partes firmem tais acordos como meio de se evitar a aplica\u00e7\u00e3o das san\u00e7\u00f5es previstas na Lei de Improbidade Administrativa.<\/p>\n<p style=\"text-align: justify;\"><strong>Links:<\/strong> <a href=\"http:\/\/www.planalto.gov.br\/ccivil_03\/_Ato2015-2018\/2015\/Mpv\/mpv703.htm\">MP 703\/2015<\/a>, <a href=\"http:\/\/www.planalto.gov.br\/ccivil_03\/LEIS\/L8429.htm\">Lei 8.429\/92 atualizada<\/a>, <a href=\"http:\/\/www.estrategiaconcursos.com.br\/blog\/medida-provisoria-7032015-mudancas-importantes-na-celebracao-do-acordo-de-leniencia-previsto-na-lei-anticorrupcao\/\">artigo Prof. Erick Alves<\/a><\/p>\n<p style=\"text-align: justify;\"><span style=\"color: #0000ff;\"><strong><span style=\"text-decoration: underline;\">Nova hip\u00f3tese de dispensa de licita\u00e7\u00e3o<\/span><\/strong><\/span><\/p>\n<p style=\"text-align: justify;\">A <span style=\"color: #000080;\"><strong>Lei 13.204\/2015<\/strong><\/span>, com vig\u00eancia a partir de janeiro de 2016, alterou o art. 24 da Lei 8.666\/93 para incluir uma nova hip\u00f3tese de dispensa de licita\u00e7\u00e3o, qual seja:<\/p>\n<p style=\"text-align: justify;\"><em>XXXIV &#8211; para a aquisi\u00e7\u00e3o por <strong>pessoa jur\u00eddica de direito p\u00fablico interno<\/strong> de <strong>insumos estrat\u00e9gicos para a sa\u00fade<\/strong> produzidos ou distribu\u00eddos por <strong>funda\u00e7\u00e3o<\/strong> que, regimental ou estatutariamente, tenha por finalidade apoiar \u00f3rg\u00e3o da administra\u00e7\u00e3o p\u00fablica direta, sua autarquia ou funda\u00e7\u00e3o em <strong>projetos de ensino<\/strong>, <strong>pesquisa<\/strong>, <strong>extens\u00e3o<\/strong>, <strong>desenvolvimento institucional<\/strong>, <strong>cient\u00edfico<\/strong> e <strong>tecnol\u00f3gico<\/strong> e <strong>est\u00edmulo \u00e0 inova\u00e7\u00e3o<\/strong>, inclusive na gest\u00e3o administrativa e financeira necess\u00e1ria \u00e0 execu\u00e7\u00e3o desses projetos, ou em parcerias que envolvam <strong>transfer\u00eancia de tecnologia de produtos estrat\u00e9gicos para o Sistema \u00danico de Sa\u00fade \u2013 SUS<\/strong>, nos termos do inciso XXXII deste artigo, e que tenha sido <strong>criada para esse fim espec\u00edfico em data anterior \u00e0 vig\u00eancia desta Lei<\/strong>, desde que o pre\u00e7o contratado seja compat\u00edvel com o praticado no mercado.<\/em><\/p>\n<p style=\"text-align: justify;\"><strong>Links:<\/strong> <a href=\"http:\/\/www.planalto.gov.br\/ccivil_03\/_Ato2015-2018\/2015\/Lei\/L13204.htm#art6\">Lei 13.204\/2015<\/a>, <a href=\"http:\/\/www.planalto.gov.br\/ccivil_03\/Leis\/L8666cons.htm\">Lei 8.666\/93 atualizada<\/a><\/p>\n<p style=\"text-align: justify;\"><span style=\"color: #0000ff;\"><strong><span style=\"text-decoration: underline;\">Crit\u00e9rios de desempate e margem de prefer\u00eancia em licita\u00e7\u00f5es<\/span><\/strong><\/span><\/p>\n<p style=\"text-align: justify;\">A <span style=\"color: #000080;\"><strong>Lei 13.146\/2015<\/strong><\/span>, com vig\u00eancia a partir de janeiro de 2016, alterou o art. 3\u00ba, \u00a7\u00a72\u00ba e 5\u00ba da <strong>Lei 8.666\/93<\/strong> para incluir a seguinte hip\u00f3tese como <strong>crit\u00e9rio de desempate<\/strong> e <strong>margem de prefer\u00eancia<\/strong> em licita\u00e7\u00f5es:<\/p>\n<ul style=\"text-align: justify;\">\n<li>Bens e servi\u00e7os produzidos ou prestados por empresas que comprovem cumprimento de <strong>reserva de cargos<\/strong> prevista em lei para <strong>pessoa com defici\u00eancia<\/strong> ou para <strong>reabilitado da Previd\u00eancia Social<\/strong> e que atendam \u00e0s <strong>regras de acessibilidade<\/strong> previstas na legisla\u00e7\u00e3o<\/li>\n<\/ul>\n<p style=\"text-align: justify;\"><strong>Links:<\/strong> <a href=\"http:\/\/www.planalto.gov.br\/ccivil_03\/_Ato2015-2018\/2015\/Lei\/L13146.htm\">Lei 13.146\/2015<\/a>, <a href=\"http:\/\/www.planalto.gov.br\/ccivil_03\/Leis\/L8666cons.htm\">Lei 8.666\/93 atualizada<\/a><\/p>\n<p style=\"text-align: justify;\"><span style=\"color: #800000;\"><strong>II) JURISPRUD\u00caNCIA<\/strong><\/span><\/p>\n<p style=\"text-align: justify;\"><span style=\"color: #0000ff;\"><strong><span style=\"text-decoration: underline;\">Entendimentos sobre Organiza\u00e7\u00f5es Sociais<\/span><\/strong><\/span><\/p>\n<p style=\"text-align: justify;\">Na <span style=\"color: #000080;\"><strong>ADI 1923\/DF<\/strong><\/span>, o Plen\u00e1rio do STF deu <strong>interpreta\u00e7\u00e3o conforme a Constitui\u00e7\u00e3o<\/strong> a diversos dispositivos da Lei 9.637\/98, deixando expl\u00edcitas as seguintes conclus\u00f5es:<\/p>\n<p style=\"text-align: justify;\">a) o <strong>procedimento de qualifica\u00e7\u00e3o<\/strong> das organiza\u00e7\u00f5es sociais deve ser conduzido de forma <span style=\"text-decoration: underline;\">p\u00fablica<\/span>, <span style=\"text-decoration: underline;\">objetiva<\/span> e <span style=\"text-decoration: underline;\">impessoal<\/span>, com observ\u00e2ncia dos princ\u00edpios do \u201ccaput\u201d do art. 37 da CF, e de acordo com par\u00e2metros fixados em abstrato segundo o disposto no art. 20 da Lei 9.637\/98;<\/p>\n<p style=\"text-align: justify;\">b) a <strong>celebra\u00e7\u00e3o do contrato de gest\u00e3o<\/strong> deve ser conduzida de forma <span style=\"text-decoration: underline;\">p\u00fablica<\/span>, <span style=\"text-decoration: underline;\">objetiva<\/span> e <span style=\"text-decoration: underline;\">impessoal<\/span>, com observ\u00e2ncia dos princ\u00edpios do \u201ccaput\u201d do art. 37 da CF;<\/p>\n<p style=\"text-align: justify;\">c) as <strong>hip\u00f3teses de dispensa de licita\u00e7\u00e3o<\/strong> para contrata\u00e7\u00f5es (Lei 8.666\/1993, art. 24, XXIV) e outorga de permiss\u00e3o de uso de bem p\u00fablico (Lei 9.637\/1998, art. 12, \u00a7 3\u00ba) s\u00e3o <strong>v\u00e1lidas<\/strong>, mas devem ser conduzidas de forma <span style=\"text-decoration: underline;\">p\u00fablica<\/span>, <span style=\"text-decoration: underline;\">objetiva<\/span> e <span style=\"text-decoration: underline;\">impessoal<\/span>, com observ\u00e2ncia dos princ\u00edpios do \u201ccaput\u201d do art. 37 da CF;<\/p>\n<p style=\"text-align: justify;\">d) a <strong>sele\u00e7\u00e3o de pessoal pelas organiza\u00e7\u00f5es sociais<\/strong> deve ser conduzida de forma <span style=\"text-decoration: underline;\">p\u00fablica<\/span>, <span style=\"text-decoration: underline;\">objetiva<\/span> e <span style=\"text-decoration: underline;\">impessoal<\/span>, com observ\u00e2ncia dos princ\u00edpios do \u201ccaput\u201d do art. 37 da CF, e nos termos do regulamento pr\u00f3prio a ser editado por cada entidade; e<\/p>\n<p style=\"text-align: justify;\">e) <strong>qualquer interpreta\u00e7\u00e3o que restrinja o controle, pelo Minist\u00e9rio P\u00fablico e pelo Tribunal de Contas da Uni\u00e3o<\/strong>, da aplica\u00e7\u00e3o de verbas p\u00fablicas deve ser <strong>afastada<\/strong>.<\/p>\n<p style=\"text-align: justify;\"><strong>Links:<\/strong> <a href=\"http:\/\/www.stf.jus.br\/portal\/jurisprudencia\/listarJurisprudencia.asp?s1=%28ADI%24%2ESCLA%2E+E+1923%2ENUME%2E%29+OU+%28ADI%2EACMS%2E+ADJ2+1923%2EACMS%2E%29&amp;base=baseAcordaos&amp;url=http:\/\/tinyurl.com\/al38b8e\">ADI 1923\/DF<\/a>, <a href=\"http:\/\/www.estrategiaconcursos.com.br\/blog\/contrato-de-gestao-com-organizacoes-sociais-possivel-tema-de-questao-discursiva-para-o-tcu\/\">artigo Prof. Herbert Almeida<\/a><\/p>\n<p style=\"text-align: justify;\"><span style=\"color: #0000ff;\"><strong><span style=\"text-decoration: underline;\">Desnecessidade de nova sabatina na aposentadoria compuls\u00f3ria <\/span><\/strong><\/span><\/p>\n<p style=\"text-align: justify;\">Na <span style=\"color: #000080;\"><strong>ADI 5316\/DF<\/strong><\/span>, o STF <strong>suspendeu a aplica\u00e7\u00e3o<\/strong> da express\u00e3o \u201cnas condi\u00e7\u00f5es do artigo 52 da Constitui\u00e7\u00e3o Federal\u201d, contida no final do art. 100 do ADCT, a qual exige que os Ministros do Supremo Tribunal Federal, dos Tribunais Superiores e do Tribunal de Contas da Uni\u00e3o se submetam a nova sabatina ao atingirem 70 anos de idade, para que possam se aposentar compulsoriamente aos 75.<\/p>\n<p style=\"text-align: justify;\">Segundo o entendimento da Suprema Corte, essa exig\u00eancia de nova sabatina acaba \u201cpor vulnerar as condi\u00e7\u00f5es materiais necess\u00e1rias ao exerc\u00edcio imparcial e independente da fun\u00e7\u00e3o jurisdicional, ultrajando a separa\u00e7\u00e3o de Poderes, cl\u00e1usula p\u00e9trea inscrita no artigo 60, par\u00e1grafo 4\u00ba, inciso III, da Constitui\u00e7\u00e3o Federal\u201d.<\/p>\n<p style=\"text-align: justify;\"><strong>Link:<\/strong> <a href=\"http:\/\/www.stf.jus.br\/portal\/jurisprudencia\/listarJurisprudencia.asp?s1=%28ADI%24%2ESCLA%2E+E+5316%2ENUME%2E%29+OU+%28ADI%2EACMS%2E+ADJ2+5316%2EACMS%2E%29&amp;base=baseAcordaos&amp;url=http:\/\/tinyurl.com\/pey8vs3\">ADI 5316\/DF<\/a><\/p>\n<p style=\"text-align: justify;\"><span style=\"color: #0000ff;\"><strong><span style=\"text-decoration: underline;\">Candidatos aprovados fora das vagas do edital<\/span><\/strong><\/span><\/p>\n<p style=\"text-align: justify;\">No <span style=\"color: #000080;\"><strong>RE 837311<\/strong><\/span>, em sede de repercuss\u00e3o geral, o STF fixou a tese de que o <strong>surgimento de novas vagas<\/strong> ou a <strong>abertura de novo concurso para o mesmo cargo<\/strong>, <em><span style=\"text-decoration: underline;\">durante o prazo de validade do certame anterior<\/span><\/em>, <strong><em><span style=\"text-decoration: underline;\">n\u00e3o<\/span><\/em><\/strong> gera automaticamente o direito \u00e0 nomea\u00e7\u00e3o dos candidatos aprovados fora das vagas previstas no edital, <strong><em><span style=\"text-decoration: underline;\">ressalvadas<\/span><\/em><\/strong> as hip\u00f3teses de <strong>preteri\u00e7\u00e3o arbitr\u00e1ria<\/strong> e <strong>imotivada<\/strong> por parte da Administra\u00e7\u00e3o, caracterizada por <strong>comportamento t\u00e1cito<\/strong> ou <strong>expresso<\/strong> do Poder P\u00fablico capaz de revelar a inequ\u00edvoca necessidade de nomea\u00e7\u00e3o do aprovado durante o per\u00edodo de validade do certame, a ser demonstrada de forma cabal pelo candidato. Assim, o <strong>direito subjetivo<\/strong> \u00e0 nomea\u00e7\u00e3o do candidato aprovado em concurso p\u00fablico, exsurge nas seguintes hip\u00f3teses:<\/p>\n<p style=\"text-align: justify;\"><strong>1 \u2013 Quando a aprova\u00e7\u00e3o ocorrer dentro do n\u00famero de vagas previsto no edital;<\/strong><\/p>\n<p style=\"text-align: justify;\"><strong>2 \u2013 Quando houver preteri\u00e7\u00e3o na nomea\u00e7\u00e3o por n\u00e3o observ\u00e2ncia da ordem de classifica\u00e7\u00e3o;<\/strong><\/p>\n<p style=\"text-align: justify;\"><strong>3 \u2013 Quando surgirem novas vagas, ou for aberto novo concurso durante a validade do certame anterior, e ocorrer a preteri\u00e7\u00e3o de candidatos de forma arbitr\u00e1ria e imotivada por parte da administra\u00e7\u00e3o nos termos acima.<\/strong><\/p>\n<p style=\"text-align: justify;\"><strong>Link:<\/strong> <a href=\"http:\/\/www.stf.jus.br\/portal\/jurisprudencia\/listarJurisprudencia.asp?s1=%28RE%24%2ESCLA%2E+E+837311%2ENUME%2E%29+OU+%28RE%2EPRCR%2E+ADJ2+837311%2EPRCR%2E%29&amp;base=baseRepercussao&amp;url=http:\/\/tinyurl.com\/lhjyj67\">RE 837311<\/a><\/p>\n<p style=\"text-align: justify;\"><span style=\"color: #0000ff;\"><strong><span style=\"text-decoration: underline;\">Vantagens pessoais anteriores \u00e0 EC 41\/2003 e teto remunerat\u00f3rio<\/span><\/strong><\/span><\/p>\n<p style=\"text-align: justify;\">No <span style=\"color: #000080;\"><strong>RE 606358\/SP<\/strong><\/span>, em sede de repercuss\u00e3o geral, o STF fixou a tese de que os valores percebidos <strong>anteriormente \u00e0 vig\u00eancia da EC 41\/2003<\/strong> a t\u00edtulo de <strong>vantagens pessoais pelo servidor p\u00fablico<\/strong> tamb\u00e9m se computam para efeito de observ\u00e2ncia do teto remunerat\u00f3rio do artigo 37, XI, da Constitui\u00e7\u00e3o da Rep\u00fablica, <em><span style=\"text-decoration: underline;\">dispensada a restitui\u00e7\u00e3o<\/span><\/em> de valores eventualmente recebidos em excesso e de <strong>boa-f\u00e9<\/strong> <strong>at\u00e9 o dia 18\/11\/2015<\/strong>.<\/p>\n<p style=\"text-align: justify;\"><strong>Links:<\/strong> <a href=\"http:\/\/www.stf.jus.br\/portal\/jurisprudencia\/listarJurisprudencia.asp?s1=%28RE%24%2ESCLA%2E+E+606358%2ENUME%2E%29+OU+%28RE%2EPRCR%2E+ADJ2+606358%2EPRCR%2E%29&amp;base=baseRepercussao&amp;url=http:\/\/tinyurl.com\/atendtl\">RE 606358\/SP<\/a>, <a href=\"http:\/\/www.estrategiaconcursos.com.br\/blog\/stf-teto-remuneratorio-x-irredutibilidade\/\">artigo Prof. Daniel Mesquita<\/a><\/p>\n<p style=\"text-align: justify;\"><span style=\"color: #0000ff;\"><strong><span style=\"text-decoration: underline;\">Sistema carcer\u00e1rio e Estado de Coisas Inconstitucional<\/span><\/strong><\/span><\/p>\n<p style=\"text-align: justify;\">No <span style=\"color: #000080;\"><strong>RE 592581\/RS<\/strong><\/span> e na <strong><span style=\"color: #000080;\">ADPF 347 MC\/DF<\/span><\/strong>, o STF reconheceu que o sistema penitenci\u00e1rio brasileiro vive um &#8220;Estado de Coisas Inconstitucional&#8221;, com uma viola\u00e7\u00e3o generalizada de direitos fundamentais dos presos.<\/p>\n<p style=\"text-align: justify;\">Assim, a Suprema Corte decidiu que \u00e9 l\u00edcito ao <strong>Poder Judici\u00e1rio<\/strong> <em><span style=\"text-decoration: underline;\">impor<\/span><\/em> \u00e0 Administra\u00e7\u00e3o P\u00fablica obriga\u00e7\u00e3o de fazer obras emergenciais em pres\u00eddios, para dar efetividade ao princ\u00edpio da dignidade da pessoa humana e assegurar aos detentos o respeito \u00e0 sua integridade f\u00edsica e moral, nos termos do que preceitua o art. 5\u00ba, XLIX, da CF, n\u00e3o sendo opon\u00edvel \u00e0 decis\u00e3o o argumento da reserva do poss\u00edvel nem o princ\u00edpio da separa\u00e7\u00e3o dos poderes.<\/p>\n<p style=\"text-align: justify;\"><strong>Links:<\/strong> <a href=\"http:\/\/www.stf.jus.br\/portal\/jurisprudencia\/listarJurisprudencia.asp?s1=%28RE%24%2ESCLA%2E+E+592581%2ENUME%2E%29+OU+%28RE%2EPRCR%2E+ADJ2+592581%2EPRCR%2E%29&amp;base=baseRepercussao&amp;url=http:\/\/tinyurl.com\/andcev4\">RE 592581\/RS<\/a>, <a href=\"http:\/\/www.stf.jus.br\/portal\/jurisprudencia\/listarConsolidada.asp?classe=ADPF&amp;numero=347&amp;origem=AP\">ADPF 347 MC\/DF<\/a>, <a href=\"http:\/\/www.estrategiaconcursos.com.br\/blog\/dignidade-da-pessoa-humana-separacao-dos-poderes-merito-administrativo\/\">artigo Prof. Daniel Mesquita<\/a><\/p>\n<p style=\"text-align: justify;\"><span style=\"color: #0000ff;\"><strong><span style=\"text-decoration: underline;\">Posse em cargo p\u00fablico por determina\u00e7\u00e3o judicial<\/span><\/strong><\/span><\/p>\n<p style=\"text-align: justify;\">No <span style=\"color: #000080;\"><strong>RE 724347\/DF<\/strong><\/span>, em sede de repercuss\u00e3o geral, o STF decidiu que, na hip\u00f3tese de posse em cargo p\u00fablico determinada por decis\u00e3o judicial, o servidor <strong><em><span style=\"text-decoration: underline;\">n\u00e3o<\/span><\/em> faz jus \u00e0 indeniza\u00e7\u00e3o<\/strong>, sob fundamento de que deveria ter sido investido em momento anterior, <strong>salvo situa\u00e7\u00e3o de arbitrariedade flagrante<\/strong>.<\/p>\n<p style=\"text-align: justify;\">Ademais, no <strong><span style=\"color: #000080;\">RMS 31538\/DF<\/span><\/strong>, a Suprema Corte reafirmou o entendimento de que o candidato que toma posse em concurso p\u00fablico por for\u00e7a de <strong>decis\u00e3o judicial prec\u00e1ria<\/strong> assume o risco de posterior reforma desse julgado que, em raz\u00e3o do efeito \u201cex tunc\u201d, inviabiliza a aplica\u00e7\u00e3o da teoria do fato consumado em tais hip\u00f3teses. Logo, se a decis\u00e3o judicial provis\u00f3ria for revista quando do julgamento do m\u00e9rito, o candidato n\u00e3o tem direito a permanecer no cargo.<\/p>\n<p style=\"text-align: justify;\"><strong>Links:<\/strong> <a href=\"http:\/\/www.stf.jus.br\/portal\/jurisprudencia\/listarJurisprudencia.asp?s1=%28RE%24%2ESCLA%2E+E+724347%2ENUME%2E%29+OU+%28RE%2EACMS%2E+ADJ2+724347%2EACMS%2E%29&amp;base=baseAcordaos&amp;url=http:\/\/tinyurl.com\/d5s464f\">RE 724347\/DF<\/a>, <a href=\"http:\/\/www.stf.jus.br\/portal\/processo\/verProcessoAndamento.asp?incidente=4280051\">RMS 31538\/DF<\/a><\/p>\n<p style=\"text-align: justify;\"><strong><span style=\"text-decoration: underline;\"><span style=\"color: #0000ff; text-decoration: underline;\">I<\/span><span style=\"color: #0000ff; text-decoration: underline;\">n\u00edcio do prazo prescricional da a\u00e7\u00e3o de improbidade em caso de reelei\u00e7\u00e3o<\/span><\/span><\/strong><\/p>\n<p style=\"text-align: justify;\">Se o agente p\u00fablico \u00e9 detentor de mandato eletivo, praticou o ato de improbidade no primeiro mandato e depois se reelegeu, o prazo prescricional \u00e9 contado a partir do <strong>fim do segundo mandato<\/strong>.<\/p>\n<p style=\"text-align: justify;\">No <span style=\"color: #000080;\"><strong>REsp 1.414.757-RN<\/strong><\/span>, o STJ reconheceu que tal regra vale <strong>ainda que tenha havido descontinuidade entre o primeiro e o segundo mandato<\/strong> em raz\u00e3o da anula\u00e7\u00e3o de pleito eleitoral, com posse provis\u00f3ria do Presidente da C\u00e2mara, por determina\u00e7\u00e3o da Justi\u00e7a Eleitoral, antes da reelei\u00e7\u00e3o do prefeito em novas elei\u00e7\u00f5es convocadas.<\/p>\n<p style=\"text-align: justify;\"><strong>Link:<\/strong> <a href=\"http:\/\/www.stj.jus.br\/SCON\/jurisprudencia\/toc.jsp?tipo_visualizacao=RESUMO&amp;livre=1414757&amp;b=ACOR\">REsp 1.414.757-RN<\/a><\/p>\n<p style=\"text-align: center;\">*****<\/p>\n<p style=\"text-align: justify;\">\u00c9 isso, pessoal. Desejo a todos voc\u00eas um excelente 2016, de muito estudo e repleto de aprova\u00e7\u00f5es!<\/p>\n<p style=\"text-align: justify;\">Caso precise de mais esclarecimentos, entre em contato comigo deixando um\u00a0<strong><em>coment\u00e1rio aqui nesse artigo.<\/em><\/strong><\/p>\n<p style=\"text-align: justify;\">Abra\u00e7o!<\/p>\n<p style=\"text-align: justify;\">&gt; Confira todos os <a title=\"Cursos de Direito Administrativo para Concursos\" href=\"https:\/\/www.estrategiaconcursos.com.br\/cursosPorMateria\/direito-administrativo-5\/\" target=\"_blank\" rel=\"noopener\">cursos de direito administrativo para concurso<\/a><\/p>\n","protected":false},"excerpt":{"rendered":"<p>Ol\u00e1 pessoal, tudo bem? Aproveitando o clima de final de ano, que tal fazermos uma retrospectiva das principais novidades ocorridas em 2015 no Direito Administrativo? Como sabemos, o Direito \u00e9 uma mat\u00e9ria bastante din\u00e2mica, que se modifica a todo o instante: s\u00e3o emendas constitucionais, novas leis, altera\u00e7\u00f5es de leis antigas, medidas provis\u00f3rias, entendimentos jurisprudenciais&#8230; Assim, [&hellip;]<\/p>\n","protected":false},"author":48,"featured_media":0,"comment_status":"open","ping_status":"open","sticky":false,"template":"","format":"standard","meta":{"post_tipo":"article","footnotes":""},"categories":[1],"tags":[67],"tax_estado":[],"class_list":["post-31162","post","type-post","status-publish","format-standard","hentry","category-cursos-e-concursos","tag-direito-administrativo"],"acf":[],"yoast_head":"<!-- This site is optimized with the Yoast SEO Premium plugin v27.2 (Yoast SEO v27.2) - https:\/\/yoast.com\/product\/yoast-seo-premium-wordpress\/ -->\n<title>Retrospectiva 2015 \u2013 novidades em Direito Administrativo<\/title>\n<meta name=\"description\" content=\"Retrospectiva das atualiza\u00e7\u00f5es mais relevantes do Direito Administrativo ocorridas ao longo de 2015, tanto na legisla\u00e7\u00e3o como na jurisprud\u00eancia.\" \/>\n<meta name=\"robots\" content=\"index, follow, max-snippet:-1, max-image-preview:large, max-video-preview:-1\" \/>\n<link rel=\"canonical\" href=\"https:\/\/www.estrategiaconcursos.com.br\/blog\/retrospectiva-2015-as-principais-novidades-do-ano-em-direito-administrativo\/\" \/>\n<meta property=\"og:locale\" content=\"pt_BR\" \/>\n<meta property=\"og:type\" content=\"article\" \/>\n<meta property=\"og:title\" content=\"Retrospectiva 2015 \u2013 as principais novidades do ano em Direito Administrativo\" \/>\n<meta property=\"og:description\" content=\"Retrospectiva das atualiza\u00e7\u00f5es mais relevantes do Direito Administrativo ocorridas ao longo de 2015, tanto na legisla\u00e7\u00e3o como na jurisprud\u00eancia.\" \/>\n<meta property=\"og:url\" content=\"https:\/\/www.estrategiaconcursos.com.br\/blog\/retrospectiva-2015-as-principais-novidades-do-ano-em-direito-administrativo\/\" \/>\n<meta property=\"og:site_name\" content=\"Estrat\u00e9gia Concursos\" \/>\n<meta property=\"article:published_time\" content=\"2015-12-28T14:04:05+00:00\" \/>\n<meta property=\"article:modified_time\" content=\"2018-10-23T21:41:28+00:00\" \/>\n<meta name=\"author\" content=\"Coordena\u00e7\u00e3o\" \/>\n<meta name=\"twitter:card\" content=\"summary_large_image\" \/>\n<meta name=\"twitter:creator\" content=\"@EstratConcursos\" \/>\n<meta name=\"twitter:site\" content=\"@EstratConcursos\" \/>\n<meta name=\"twitter:label1\" content=\"Escrito por\" \/>\n\t<meta name=\"twitter:data1\" content=\"Coordena\u00e7\u00e3o\" \/>\n\t<meta name=\"twitter:label2\" content=\"Est. tempo de leitura\" \/>\n\t<meta name=\"twitter:data2\" content=\"13 minutos\" \/>\n<script type=\"application\/ld+json\" class=\"yoast-schema-graph\">{\"@context\":\"https:\/\/schema.org\",\"@graph\":[{\"@type\":\"NewsArticle\",\"@id\":\"https:\/\/www.estrategiaconcursos.com.br\/blog\/retrospectiva-2015-as-principais-novidades-do-ano-em-direito-administrativo\/#article\",\"isPartOf\":{\"@id\":\"https:\/\/www.estrategiaconcursos.com.br\/blog\/retrospectiva-2015-as-principais-novidades-do-ano-em-direito-administrativo\/\"},\"author\":{\"name\":\"Coordena\u00e7\u00e3o\",\"@id\":\"https:\/\/www.estrategiaconcursos.com.br\/blog\/#\/schema\/person\/cdad40b5818eb228a838461fcd656da7\"},\"headline\":\"Retrospectiva 2015 \u2013 as principais novidades do ano em Direito Administrativo\",\"datePublished\":\"2015-12-28T14:04:05+00:00\",\"dateModified\":\"2018-10-23T21:41:28+00:00\",\"mainEntityOfPage\":{\"@id\":\"https:\/\/www.estrategiaconcursos.com.br\/blog\/retrospectiva-2015-as-principais-novidades-do-ano-em-direito-administrativo\/\"},\"wordCount\":2685,\"commentCount\":27,\"publisher\":{\"@id\":\"https:\/\/www.estrategiaconcursos.com.br\/blog\/#organization\"},\"keywords\":[\"Direito Administrativo\"],\"articleSection\":[\"Concursos P\u00fablicos\"],\"inLanguage\":\"pt-BR\",\"potentialAction\":[{\"@type\":\"CommentAction\",\"name\":\"Comment\",\"target\":[\"https:\/\/www.estrategiaconcursos.com.br\/blog\/retrospectiva-2015-as-principais-novidades-do-ano-em-direito-administrativo\/#respond\"]}],\"copyrightYear\":\"2015\",\"copyrightHolder\":{\"@id\":\"https:\/\/www.estrategiaconcursos.com.br\/blog\/#organization\"}},{\"@type\":\"WebPage\",\"@id\":\"https:\/\/www.estrategiaconcursos.com.br\/blog\/retrospectiva-2015-as-principais-novidades-do-ano-em-direito-administrativo\/\",\"url\":\"https:\/\/www.estrategiaconcursos.com.br\/blog\/retrospectiva-2015-as-principais-novidades-do-ano-em-direito-administrativo\/\",\"name\":\"Retrospectiva 2015 \u2013 novidades em Direito Administrativo\",\"isPartOf\":{\"@id\":\"https:\/\/www.estrategiaconcursos.com.br\/blog\/#website\"},\"datePublished\":\"2015-12-28T14:04:05+00:00\",\"dateModified\":\"2018-10-23T21:41:28+00:00\",\"description\":\"Retrospectiva das atualiza\u00e7\u00f5es mais relevantes do Direito Administrativo ocorridas ao longo de 2015, tanto na legisla\u00e7\u00e3o como na jurisprud\u00eancia.\",\"breadcrumb\":{\"@id\":\"https:\/\/www.estrategiaconcursos.com.br\/blog\/retrospectiva-2015-as-principais-novidades-do-ano-em-direito-administrativo\/#breadcrumb\"},\"inLanguage\":\"pt-BR\",\"potentialAction\":[{\"@type\":\"ReadAction\",\"target\":[\"https:\/\/www.estrategiaconcursos.com.br\/blog\/retrospectiva-2015-as-principais-novidades-do-ano-em-direito-administrativo\/\"]}]},{\"@type\":\"BreadcrumbList\",\"@id\":\"https:\/\/www.estrategiaconcursos.com.br\/blog\/retrospectiva-2015-as-principais-novidades-do-ano-em-direito-administrativo\/#breadcrumb\",\"itemListElement\":[{\"@type\":\"ListItem\",\"position\":1,\"name\":\"In\u00edcio\",\"item\":\"https:\/\/www.estrategiaconcursos.com.br\/blog\/\"},{\"@type\":\"ListItem\",\"position\":2,\"name\":\"Retrospectiva 2015 \u2013 as principais novidades do ano em Direito Administrativo\"}]},{\"@type\":\"WebSite\",\"@id\":\"https:\/\/www.estrategiaconcursos.com.br\/blog\/#website\",\"url\":\"https:\/\/www.estrategiaconcursos.com.br\/blog\/\",\"name\":\"Estrat\u00e9gia Concursos\",\"description\":\"O blog da Estrat\u00e9gia Concursos traz not\u00edcias sobre concursos e artigos de professores oferecendo cursos para concursos (pdf + videaulas) no site.\",\"publisher\":{\"@id\":\"https:\/\/www.estrategiaconcursos.com.br\/blog\/#organization\"},\"potentialAction\":[{\"@type\":\"SearchAction\",\"target\":{\"@type\":\"EntryPoint\",\"urlTemplate\":\"https:\/\/www.estrategiaconcursos.com.br\/blog\/?s={search_term_string}\"},\"query-input\":{\"@type\":\"PropertyValueSpecification\",\"valueRequired\":true,\"valueName\":\"search_term_string\"}}],\"inLanguage\":\"pt-BR\"},{\"@type\":\"Organization\",\"@id\":\"https:\/\/www.estrategiaconcursos.com.br\/blog\/#organization\",\"name\":\"Estrat\u00e9gia Concursos\",\"url\":\"https:\/\/www.estrategiaconcursos.com.br\/blog\/\",\"logo\":{\"@type\":\"ImageObject\",\"inLanguage\":\"pt-BR\",\"@id\":\"https:\/\/www.estrategiaconcursos.com.br\/blog\/#\/schema\/logo\/image\/\",\"url\":\"https:\/\/dhg1h5j42swfq.cloudfront.net\/2025\/06\/03203428\/logo_concursos-1.jpg\",\"contentUrl\":\"https:\/\/dhg1h5j42swfq.cloudfront.net\/2025\/06\/03203428\/logo_concursos-1.jpg\",\"width\":230,\"height\":60,\"caption\":\"Estrat\u00e9gia Concursos\"},\"image\":{\"@id\":\"https:\/\/www.estrategiaconcursos.com.br\/blog\/#\/schema\/logo\/image\/\"},\"sameAs\":[\"https:\/\/x.com\/EstratConcursos\"]},{\"@type\":\"Person\",\"@id\":\"https:\/\/www.estrategiaconcursos.com.br\/blog\/#\/schema\/person\/cdad40b5818eb228a838461fcd656da7\",\"name\":\"Coordena\u00e7\u00e3o\",\"image\":{\"@type\":\"ImageObject\",\"inLanguage\":\"pt-BR\",\"@id\":\"https:\/\/secure.gravatar.com\/avatar\/a413b22da0f5009c634f6c4586a2dbe5207074fd5becd88db5183b8069ef25e4?s=96&d=mm&r=g\",\"url\":\"https:\/\/secure.gravatar.com\/avatar\/a413b22da0f5009c634f6c4586a2dbe5207074fd5becd88db5183b8069ef25e4?s=96&d=mm&r=g\",\"contentUrl\":\"https:\/\/secure.gravatar.com\/avatar\/a413b22da0f5009c634f6c4586a2dbe5207074fd5becd88db5183b8069ef25e4?s=96&d=mm&r=g\",\"caption\":\"Coordena\u00e7\u00e3o\"},\"url\":\"https:\/\/www.estrategiaconcursos.com.br\/blog\/author\/contatoestrategiaconcursos-com-br\/\"}]}<\/script>\n<!-- \/ Yoast SEO Premium plugin. -->","yoast_head_json":{"title":"Retrospectiva 2015 \u2013 novidades em Direito Administrativo","description":"Retrospectiva das atualiza\u00e7\u00f5es mais relevantes do Direito Administrativo ocorridas ao longo de 2015, tanto na legisla\u00e7\u00e3o como na jurisprud\u00eancia.","robots":{"index":"index","follow":"follow","max-snippet":"max-snippet:-1","max-image-preview":"max-image-preview:large","max-video-preview":"max-video-preview:-1"},"canonical":"https:\/\/www.estrategiaconcursos.com.br\/blog\/retrospectiva-2015-as-principais-novidades-do-ano-em-direito-administrativo\/","og_locale":"pt_BR","og_type":"article","og_title":"Retrospectiva 2015 \u2013 as principais novidades do ano em Direito Administrativo","og_description":"Retrospectiva das atualiza\u00e7\u00f5es mais relevantes do Direito Administrativo ocorridas ao longo de 2015, tanto na legisla\u00e7\u00e3o como na jurisprud\u00eancia.","og_url":"https:\/\/www.estrategiaconcursos.com.br\/blog\/retrospectiva-2015-as-principais-novidades-do-ano-em-direito-administrativo\/","og_site_name":"Estrat\u00e9gia Concursos","article_published_time":"2015-12-28T14:04:05+00:00","article_modified_time":"2018-10-23T21:41:28+00:00","author":"Coordena\u00e7\u00e3o","twitter_card":"summary_large_image","twitter_creator":"@EstratConcursos","twitter_site":"@EstratConcursos","twitter_misc":{"Escrito por":"Coordena\u00e7\u00e3o","Est. tempo de leitura":"13 minutos"},"schema":{"@context":"https:\/\/schema.org","@graph":[{"@type":"NewsArticle","@id":"https:\/\/www.estrategiaconcursos.com.br\/blog\/retrospectiva-2015-as-principais-novidades-do-ano-em-direito-administrativo\/#article","isPartOf":{"@id":"https:\/\/www.estrategiaconcursos.com.br\/blog\/retrospectiva-2015-as-principais-novidades-do-ano-em-direito-administrativo\/"},"author":{"name":"Coordena\u00e7\u00e3o","@id":"https:\/\/www.estrategiaconcursos.com.br\/blog\/#\/schema\/person\/cdad40b5818eb228a838461fcd656da7"},"headline":"Retrospectiva 2015 \u2013 as principais novidades do ano em Direito Administrativo","datePublished":"2015-12-28T14:04:05+00:00","dateModified":"2018-10-23T21:41:28+00:00","mainEntityOfPage":{"@id":"https:\/\/www.estrategiaconcursos.com.br\/blog\/retrospectiva-2015-as-principais-novidades-do-ano-em-direito-administrativo\/"},"wordCount":2685,"commentCount":27,"publisher":{"@id":"https:\/\/www.estrategiaconcursos.com.br\/blog\/#organization"},"keywords":["Direito Administrativo"],"articleSection":["Concursos P\u00fablicos"],"inLanguage":"pt-BR","potentialAction":[{"@type":"CommentAction","name":"Comment","target":["https:\/\/www.estrategiaconcursos.com.br\/blog\/retrospectiva-2015-as-principais-novidades-do-ano-em-direito-administrativo\/#respond"]}],"copyrightYear":"2015","copyrightHolder":{"@id":"https:\/\/www.estrategiaconcursos.com.br\/blog\/#organization"}},{"@type":"WebPage","@id":"https:\/\/www.estrategiaconcursos.com.br\/blog\/retrospectiva-2015-as-principais-novidades-do-ano-em-direito-administrativo\/","url":"https:\/\/www.estrategiaconcursos.com.br\/blog\/retrospectiva-2015-as-principais-novidades-do-ano-em-direito-administrativo\/","name":"Retrospectiva 2015 \u2013 novidades em Direito Administrativo","isPartOf":{"@id":"https:\/\/www.estrategiaconcursos.com.br\/blog\/#website"},"datePublished":"2015-12-28T14:04:05+00:00","dateModified":"2018-10-23T21:41:28+00:00","description":"Retrospectiva das atualiza\u00e7\u00f5es mais relevantes do Direito Administrativo ocorridas ao longo de 2015, tanto na legisla\u00e7\u00e3o como na jurisprud\u00eancia.","breadcrumb":{"@id":"https:\/\/www.estrategiaconcursos.com.br\/blog\/retrospectiva-2015-as-principais-novidades-do-ano-em-direito-administrativo\/#breadcrumb"},"inLanguage":"pt-BR","potentialAction":[{"@type":"ReadAction","target":["https:\/\/www.estrategiaconcursos.com.br\/blog\/retrospectiva-2015-as-principais-novidades-do-ano-em-direito-administrativo\/"]}]},{"@type":"BreadcrumbList","@id":"https:\/\/www.estrategiaconcursos.com.br\/blog\/retrospectiva-2015-as-principais-novidades-do-ano-em-direito-administrativo\/#breadcrumb","itemListElement":[{"@type":"ListItem","position":1,"name":"In\u00edcio","item":"https:\/\/www.estrategiaconcursos.com.br\/blog\/"},{"@type":"ListItem","position":2,"name":"Retrospectiva 2015 \u2013 as principais novidades do ano em Direito Administrativo"}]},{"@type":"WebSite","@id":"https:\/\/www.estrategiaconcursos.com.br\/blog\/#website","url":"https:\/\/www.estrategiaconcursos.com.br\/blog\/","name":"Estrat\u00e9gia Concursos","description":"O blog da Estrat\u00e9gia Concursos traz not\u00edcias sobre concursos e artigos de professores oferecendo cursos para concursos (pdf + videaulas) no site.","publisher":{"@id":"https:\/\/www.estrategiaconcursos.com.br\/blog\/#organization"},"potentialAction":[{"@type":"SearchAction","target":{"@type":"EntryPoint","urlTemplate":"https:\/\/www.estrategiaconcursos.com.br\/blog\/?s={search_term_string}"},"query-input":{"@type":"PropertyValueSpecification","valueRequired":true,"valueName":"search_term_string"}}],"inLanguage":"pt-BR"},{"@type":"Organization","@id":"https:\/\/www.estrategiaconcursos.com.br\/blog\/#organization","name":"Estrat\u00e9gia Concursos","url":"https:\/\/www.estrategiaconcursos.com.br\/blog\/","logo":{"@type":"ImageObject","inLanguage":"pt-BR","@id":"https:\/\/www.estrategiaconcursos.com.br\/blog\/#\/schema\/logo\/image\/","url":"https:\/\/dhg1h5j42swfq.cloudfront.net\/2025\/06\/03203428\/logo_concursos-1.jpg","contentUrl":"https:\/\/dhg1h5j42swfq.cloudfront.net\/2025\/06\/03203428\/logo_concursos-1.jpg","width":230,"height":60,"caption":"Estrat\u00e9gia Concursos"},"image":{"@id":"https:\/\/www.estrategiaconcursos.com.br\/blog\/#\/schema\/logo\/image\/"},"sameAs":["https:\/\/x.com\/EstratConcursos"]},{"@type":"Person","@id":"https:\/\/www.estrategiaconcursos.com.br\/blog\/#\/schema\/person\/cdad40b5818eb228a838461fcd656da7","name":"Coordena\u00e7\u00e3o","image":{"@type":"ImageObject","inLanguage":"pt-BR","@id":"https:\/\/secure.gravatar.com\/avatar\/a413b22da0f5009c634f6c4586a2dbe5207074fd5becd88db5183b8069ef25e4?s=96&d=mm&r=g","url":"https:\/\/secure.gravatar.com\/avatar\/a413b22da0f5009c634f6c4586a2dbe5207074fd5becd88db5183b8069ef25e4?s=96&d=mm&r=g","contentUrl":"https:\/\/secure.gravatar.com\/avatar\/a413b22da0f5009c634f6c4586a2dbe5207074fd5becd88db5183b8069ef25e4?s=96&d=mm&r=g","caption":"Coordena\u00e7\u00e3o"},"url":"https:\/\/www.estrategiaconcursos.com.br\/blog\/author\/contatoestrategiaconcursos-com-br\/"}]}},"_links":{"self":[{"href":"https:\/\/www.estrategiaconcursos.com.br\/blog\/wp-json\/wp\/v2\/posts\/31162","targetHints":{"allow":["GET"]}}],"collection":[{"href":"https:\/\/www.estrategiaconcursos.com.br\/blog\/wp-json\/wp\/v2\/posts"}],"about":[{"href":"https:\/\/www.estrategiaconcursos.com.br\/blog\/wp-json\/wp\/v2\/types\/post"}],"author":[{"embeddable":true,"href":"https:\/\/www.estrategiaconcursos.com.br\/blog\/wp-json\/wp\/v2\/users\/48"}],"replies":[{"embeddable":true,"href":"https:\/\/www.estrategiaconcursos.com.br\/blog\/wp-json\/wp\/v2\/comments?post=31162"}],"version-history":[{"count":7,"href":"https:\/\/www.estrategiaconcursos.com.br\/blog\/wp-json\/wp\/v2\/posts\/31162\/revisions"}],"predecessor-version":[{"id":148642,"href":"https:\/\/www.estrategiaconcursos.com.br\/blog\/wp-json\/wp\/v2\/posts\/31162\/revisions\/148642"}],"wp:attachment":[{"href":"https:\/\/www.estrategiaconcursos.com.br\/blog\/wp-json\/wp\/v2\/media?parent=31162"}],"wp:term":[{"taxonomy":"category","embeddable":true,"href":"https:\/\/www.estrategiaconcursos.com.br\/blog\/wp-json\/wp\/v2\/categories?post=31162"},{"taxonomy":"post_tag","embeddable":true,"href":"https:\/\/www.estrategiaconcursos.com.br\/blog\/wp-json\/wp\/v2\/tags?post=31162"},{"taxonomy":"tax_estado","embeddable":true,"href":"https:\/\/www.estrategiaconcursos.com.br\/blog\/wp-json\/wp\/v2\/tax_estado?post=31162"}],"curies":[{"name":"wp","href":"https:\/\/api.w.org\/{rel}","templated":true}]}}