{"id":31050,"date":"2015-12-24T17:41:46","date_gmt":"2015-12-24T20:41:46","guid":{"rendered":"http:\/\/www.estrategiaconcursos.com.br\/blog\/?p=31050"},"modified":"2016-01-04T23:39:53","modified_gmt":"2016-01-05T02:39:53","slug":"trers-prova-comentada-tecnologia-da-informacao-cargo-7-tecnico-judiciario-redes-e-seguranca","status":"publish","type":"post","link":"https:\/\/www.estrategiaconcursos.com.br\/blog\/trers-prova-comentada-tecnologia-da-informacao-cargo-7-tecnico-judiciario-redes-e-seguranca\/","title":{"rendered":"TRE\/RS Prova Comentada \u2013  Tecnologia da Informa\u00e7\u00e3o \u2013 Cargo 7: T\u00e9cnico JUDICI\u00c1RIO (Redes e Seguran\u00e7a)"},"content":{"rendered":"<p><span style=\"text-decoration: underline\"><em><span style=\"color: #ff0000;text-decoration: underline\">TRE\/RS Prova Comentada &#8211; T\u00e9cnico\u00a0Judici\u00e1rio &#8211; Cargo 7<\/span><\/em><\/span><\/p>\n<p>Ol\u00e1 Pessoal. Como est\u00e3o? Apresento a voc\u00eas alguns coment\u00e1rios a respeito das quest\u00f5es do Concurso do TRE\/RS para o Cargo 7\u00a0nas disciplinas de redes e seguran\u00e7a.<\/p>\n<p>Vamos l\u00e1! (<strong><span style=\"color: #ff0000\">TEMOS POSSIBILIDADE DE RECURSO!<\/span><\/strong>)<\/p>\n<hr \/>\n<p>&nbsp;<\/p>\n<p><strong>Quest\u00e3o 30<\/strong>\u00a0&#8211;\u00a0No que se refere aos fundamentos da pilha TCP\/IP e \u00e0s no\u00e7\u00f5es de protocolos de transporte TCP e UDP, assinale a op\u00e7\u00e3o correta.<\/p>\n<p>A) Quando prov\u00eam de um mesmo processo de origem e possuem o mesmo programa de destino, os datagramas de usu\u00e1rio enviados pelo UDP s\u00e3o dependentes.<\/p>\n<p>B) O c\u00e1lculo do checksum realizado para datagramas UDP \u00e9 id\u00eantico ao c\u00e1lculo para pacotes IP, incluindo o cabe\u00e7alho e os dados provenientes da camada de aplica\u00e7\u00e3o.<\/p>\n<p>C) O TCP\/IP \u00e9 um conjunto de protocolos hier\u00e1rquicos compostos por m\u00f3dulos interativos cujas camadas cont\u00eam protocolos interdependentes sem possibilidade de combina\u00e7\u00e3o.<\/p>\n<p>D) A movimenta\u00e7\u00e3o de dados na camada de transporte em TCP\/IP \u00e9 realizada pelo protocolo IP.<\/p>\n<p>E) Na camada f\u00edsica e na de enlace, o TCP\/IP suporta protocolos padr\u00e3o e protocolos propriet\u00e1rios.<\/p>\n<p><strong>Coment\u00e1rios<\/strong>:<\/p>\n<p>Pessoal, entendo que caiba recurso nessa quest\u00e3o. Conforme j\u00e1 apresentado pelo CESPE em outras quest\u00f5es, inclusive culminando em anula\u00e7\u00e3o de um item na prova do BACEN, na arquitetura TCP\/IP, n\u00e3o temos a camada f\u00edsica e de enlace de dados. Temos uma camada que agrupa ambas, chamada de acesso \u00e0 rede ou interfece host\/rede. A RFC 793, que define a arquitetura TCP\/IP traz a divis\u00e3o em somente quatro camadas.<\/p>\n<p>Portanto, entendo que tal quest\u00e3o deveria ser anulada. Fica a sugest\u00e3o para elabora\u00e7\u00e3o do recurso com base nos argumentos acima.<\/p>\n<p>Segue a quest\u00e3o do Bacen que foi anulada com argumento de diverg\u00eancia na literatura:<\/p>\n<h3>1.\u00a0\u00a0\u00a0 CESPE \u2013 BACEN \u2013 Analista\/An\u00e1lise de Desenvolvimento de Sistemas\/2013<\/h3>\n<p>Algumas das camadas do modelo de refer\u00eancia OSI\/ISO inexistem no modelo de refer\u00eancia TCP\/IP, como as camadas apresenta\u00e7\u00e3o, sess\u00e3o e f\u00edsica<\/p>\n<p><span style=\"color: #ff0000\"><strong>Gabarito Preliminar<\/strong>: E<\/span><\/p>\n<p>&nbsp;<\/p>\n<hr \/>\n<p>&nbsp;<\/p>\n<p><strong>Quest\u00e3o 31<\/strong> &#8211;\u00a0A prop\u00f3sito dos protocolos de aplica\u00e7\u00e3o DNS, HTTP, FTP e SMTP e de tecnologias de rede LAN, WAN e Wireless, assinale a op\u00e7\u00e3o correta.<\/p>\n<p>A) O DNS define dois tipos de servidores: prim\u00e1rios e secund\u00e1rios. O servidor secund\u00e1rio n\u00e3o cria nem atualiza os arquivos de zona. Se for necess\u00e1ria a atualiza\u00e7\u00e3o, ela deve ser feita pelo servidor prim\u00e1rio, que transmite uma vers\u00e3o atualizada para o secund\u00e1rio.<\/p>\n<p>B) O FTP utiliza duas portas diferentes, sendo uma para a transfer\u00eancia de dados e outra para a troca de informa\u00e7\u00f5es de controle embora sem necessidade de duas conex\u00f5es entre os hosts.<\/p>\n<p>C) Por exigir que, na \u00e1rvore de seu espa\u00e7o de nome, os filhos de um n\u00f3 tenham labels distintos, o DNS \u00e9 considerado um espa\u00e7o de nomes planos.<\/p>\n<p>D) Para a transfer\u00eancia efetiva de mensagens de email, o SMTP deve estar dispon\u00edvel nos servidores de correio do remetente e do destinat\u00e1rio, sem a possibilidade de implementa\u00e7\u00e3o de outros protocolos.<\/p>\n<p>E) Em aplica\u00e7\u00f5es wireless (sem fio) para ambientes de redes LANs e WANs, a t\u00e9cnica de espalhamento espectral de sequ\u00eancia direta usa M frequ\u00eancias de portadora diferentes, que s\u00e3o moduladas pelo sinal da fonte.<\/p>\n<p><strong>Coment\u00e1rios<\/strong>:<\/p>\n<p>a) Exatamente isso pessoal. Em cada zona, devemos ter sempre apenas um prim\u00e1rio, que ser\u00e1 respons\u00e1vel pela atualiza\u00e7\u00e3o das entradas e m\u00faltiplos secund\u00e1rios, que ter\u00e3o suas bases replicadas a partir do servidor prim\u00e1rio. <span style=\"color: #000080\">CORRETO<\/span>.<\/p>\n<p>b) Cada porta do FTP gerar\u00e1 uma conex\u00e3o distinta. Utiliza-se para tanto as portas 20 e 21. <span style=\"color: #ff0000\">INCORRETO<\/span><\/p>\n<p>c) O DNS utiliza o conceito de espa\u00e7o de nomes hierarquizados e n\u00e3o planos. <span style=\"color: #ff0000\">INCORRETO<\/span><\/p>\n<p>d) A caracter\u00edstica do SMTP \u00e9 seu funcionamento ass\u00edncrono ou tamb\u00e9m conhecido como store-and-forward. Ou seja, caso um servidor receba determinada mensagem, ele por guardar essa mensagem pelo tempo necess\u00e1rio at\u00e9 que o servidor que deva receb\u00e2-la esteja online, n\u00e3o necessitando que seja feito de forma simult\u00e2nea.\u00a0<span style=\"color: #ff0000\">INCORRETO<\/span><\/p>\n<p>e) A modula\u00e7\u00e3o n\u00e3o acontece pelo sinal da fonte e sim por um sequ\u00eancia de 11 bits.\u00a0<span style=\"color: #ff0000\">INCORRETO<\/span><\/p>\n<p><strong>Gabarito Preliminar<\/strong>: A<\/p>\n<hr \/>\n<p>&nbsp;<\/p>\n<p><strong>Quest\u00e3o 32<\/strong> &#8211;\u00a0A normatiza\u00e7\u00e3o de cabeamento estruturado no Brasil \u00e9 discutida na NBR 14565. Com refer\u00eancia aos conceitos e \u00e0s no\u00e7\u00f5es b\u00e1sicas de cabeamento estruturado, assinale a op\u00e7\u00e3o correta.<\/p>\n<p>A) Preenchimento total de n\u00facleo \u00e9 o m\u00e9todo de medi\u00e7\u00e3o da largura de banda das fibras mult\u00edmodo. Nesse m\u00e9todo, o equipamento de medi\u00e7\u00e3o simula um LED, no qual existem todos os modos da fibra, o que permite a medi\u00e7\u00e3o de sua largura da banda.<\/p>\n<p>B) Perda de transfer\u00eancia de convers\u00e3o longitudinal \u00e9 a rela\u00e7\u00e3o entre as correntes de modo diferencial e comum, medidas entre os pares adjacentes na mesma extremidade de um cabo.<\/p>\n<p>C) As classifica\u00e7\u00f5es de categorias EIA\/TIA especificam a frequ\u00eancia m\u00ednima que o cabo deve suportar com atenua\u00e7\u00e3o excessiva.<\/p>\n<p>D) Patch cord \u00e9 definido como o painel com v\u00e1rias tomadas, usado para a distribui\u00e7\u00e3o dos subsistemas de cabeamento.<\/p>\n<p>E) A perda de convers\u00e3o longitudinal \u00e9 a rela\u00e7\u00e3o entre a pot\u00eancia de sinal de modo comum e a pot\u00eancia injetada do sinal de modo diferencial.<\/p>\n<p><strong>Coment\u00e1rios<\/strong>:<\/p>\n<p>a) Exatamente isso! Tamb\u00e9m conhecido como OFL (Over<i>verfilled Lauch). <\/i>Como a fibra multimodo possui v\u00e1rios modos que podem carregar sinal, ou seja, feixes distintos, busca-se preencher todos os feixes poss\u00edveis para verificar a capacidade m\u00e1xima de um fibra multimodo. <span style=\"color: #000080\">CORRETO<\/span><\/p>\n<p>b) Quest\u00e3o bem maldosa. Por ser perda de transfer\u00eancia, deve-se considerar as extremidades opostas. Caso fosse perda de convers\u00e3o apenas, seria na mesma extremidade. <span style=\"color: #ff0000\">INCORRETO<\/span><\/p>\n<p>c) Especificam a frequ\u00eancia m\u00e1xima.\u00a0<span style=\"color: #ff0000\">INCORRETO<\/span><\/p>\n<p>d) Essa descri\u00e7\u00e3o corresponde ao patch panel.\u00a0<span style=\"color: #ff0000\">INCORRETO<\/span><\/p>\n<p>e) Temos aqui a descri\u00e7\u00e3o da Perda de Convers\u00e3o Transversal.\u00a0<span style=\"color: #ff0000\">INCORRETO<\/span><\/p>\n<p>Para ajudar nesses pontos, segue o resumo com cada uma delas:<\/p>\n<p><strong>Patch Cord<\/strong>:\u00a0 Cord\u00e3o com conectores modulares em ambas as extremidades usado para estabelecer conex\u00f5es em um patch panel.<\/p>\n<p><strong>Patch Panel:<\/strong>\u00a0 Painel com v\u00e1rias tomadas usado para a distribui\u00e7\u00e3o dos subsistemas de cabeamento.<\/p>\n<p><strong>Perda de Convers\u00e3o Longitudinal (LCL):<\/strong>\u00a0 Rela\u00e7\u00e3o entre as correntes de modo diferencial e comum medidas entre pares adjacentes na mesma extremidade de um cabo.<\/p>\n<p><strong>Perda de Convers\u00e3o Transversal (TCL):<\/strong>\u00a0 Rela\u00e7\u00e3o entre a pot\u00eancia de sinal de modo comum e a pot\u00eancia injetada do sinal de modo diferencial.<\/p>\n<p><strong>Perda de Inser\u00e7\u00e3o (dB):<\/strong>\u00a0 Atenua\u00e7\u00e3o devida \u00e0 inser\u00e7\u00e3o de componentes do cabeamento em um canal.<\/p>\n<p><strong>Perda de Transfer\u00eancia de Convers\u00e3o Longitudinal (LCTL<\/strong>):\u00a0 Rela\u00e7\u00e3o entre as correntes de modo diferencial e comum medidas entre pares adjacentes em extremidades opostas de um cabo.<\/p>\n<p><strong>Gabarito Preliminar<\/strong>: A<\/p>\n<hr \/>\n<p>&nbsp;<\/p>\n<p><strong>Quest\u00e3o 33 &#8211;\u00a0<\/strong>Acerca de elementos ativos de rede \u2014 hubs, switches e roteadores \u2014 assinale a op\u00e7\u00e3o correta.<\/p>\n<p>A) Na arquitetura TCP\/IP, um hub ativo conecta cabos provenientes de diferentes ramifica\u00e7\u00f5es, sendo considerado um componente de meio de transmiss\u00e3o abaixo da camada f\u00edsica.<\/p>\n<p>B) Em um backbone multicomutado, \u00e9 suficiente que cada switch saiba qual esta\u00e7\u00e3o pertence a qual LAN.<\/p>\n<p>C) Para determinar as LANs que receber\u00e3o a mensagem de broadcast, utiliza-se o m\u00e9todo de manuten\u00e7\u00e3o de tabelas, que consiste em se acrescentar um cabe\u00e7alho extra ao frame MAC para definir a LAN destino.<\/p>\n<p>D) Switches cut-through s\u00e3o switches de camada 2 que n\u00e3o possuem buffer para reter os frames para processamento e, por isso, encaminham o frame assim que verificam os endere\u00e7os MAC no cabe\u00e7alho do frame.<\/p>\n<p>E) No m\u00e9todo de \u00e1rvore compartilhada por grupos, o roteador de ponto de encontro assume a responsabilidade de distribuir o tr\u00e1fego multicast.<\/p>\n<p><strong>Coment\u00e1rios<\/strong>:<\/p>\n<p>Vamos aos itens:<\/p>\n<p>a) Abaixo da camada f\u00edsica \u00e9 um pouco dif\u00edcil, certo pessoal? <span style=\"color: #ff0000\">INCORRETO<\/span><\/p>\n<p>b) A assertiva est\u00e1 incompleta, uma vez que necessita-se ter conhecimento das esta\u00e7\u00f5es conectadas aos demais switches.\u00a0<span style=\"color: #ff0000\">INCORRETO<\/span><\/p>\n<p>c) Utiliza-se endere\u00e7os espec\u00edficos para tal e n\u00e3o acr\u00e9scimo de cabe\u00e7alhos.\u00a0<span style=\"color: #ff0000\">INCORRETO<\/span><\/p>\n<p>d) Primeiro que, para analisar o cabe\u00e7alho, o equipamento deve ter um m\u00ednimo de buffer para processar a informa\u00e7\u00e3o, ainda que seja de forma um tanto r\u00e1pida. Entretanto, a falha est\u00e1 em afirmar que o switch verificar\u00e1 os endere\u00e7os MAC, ou seja, tanto destino quanto origem, quando, de fato, ser\u00e1 verificado apenas o endere\u00e7o MAC de destino que consta nos 6 primeiros bytes do cabe\u00e7alho MAC. <span style=\"color: #ff0000\">INCORRETO<\/span><\/p>\n<p>e)\u00a0De fato, essa \u00e9 a caracter\u00edstica do Roteador que atua como ponto de encontro no m\u00e9todo de roteamento multicast apresentado na quest\u00e3o. Entretanto, entendo que tal quest\u00e3o tenha extrapolado o escopo do edital, n\u00e3o se restringindo ao mero conhecimento dos elementos ativos de rede, conforme previs\u00e3o edital\u00edcia, mas para uma perfeita interpreta\u00e7\u00e3o do enunciado, o candidato deveria conhecer o m\u00e9todo em si. Desse modo, entendo que tal item deve ser anulado.<span style=\"color: #ff0000\"> Extrapolou o Edital<\/span><\/p>\n<p><strong>Gabarito Preliminar<\/strong>: E<\/p>\n<p><strong>Sugest\u00e3o do Professor:<\/strong> Anula\u00e7\u00e3o<\/p>\n<hr \/>\n<p>&nbsp;<\/p>\n<p><strong>Quest\u00e3o 34<\/strong> &#8211;\u00a0Determinados aspectos de seguran\u00e7a, em particular a autentica\u00e7\u00e3o de mensagens e de privacidade, podem ser aplicados \u00e0s camadas de rede, de transporte e de aplica\u00e7\u00e3o do modelo Internet. Com rela\u00e7\u00e3o a filtro de pacotes, firewall, proxy, DMZ e redes virtuais privativas (VPN), assinale a op\u00e7\u00e3o correta.<\/p>\n<p>A) Ao utilizar o IPSec no modo t\u00fanel, cada datagrama IP destinado ao uso de uma VPN \u00e9 encapsulado em outro datagrama, sendo necess\u00e1rio que as VPNs usem dois conjuntos de endere\u00e7amento.<\/p>\n<p>B) No modo de transporte, o IPSec protege o payload da camada de rede a ser encapsulado na camada de transporte, protegendo o cabe\u00e7alho IP.<\/p>\n<p>C) Como filtro de pacotes, um firewall \u00e9 um roteador que usa uma tabela de filtragem baseada somente nas informa\u00e7\u00f5es contidas nos cabe\u00e7alhos da camada de rede, para decidir quais pacotes devem ser descartados.<\/p>\n<p>D) O uso de um firewall de filtragem de pacotes permite distinguir diferentes pacotes que chegam \u00e0 porta TCP 80 (HTTP), possibilitando a realiza\u00e7\u00e3o de testes no n\u00edvel de aplica\u00e7\u00e3o.<\/p>\n<p>E) O Authentication Header \u00e9 um protocolo utilizado para prover confidencialidade dos dados presentes nos pacotes transmitidos na VPN, incluindo a parte invariante do cabe\u00e7alho.<\/p>\n<p><strong>Coment\u00e1rios<\/strong>:<\/p>\n<p>a) Exatamente isso pessoal. Vale lembrar que no modo t\u00fanel, todo o pacote \u00e9 IP original \u00e9 encapsulado em um novo pacote com a inser\u00e7\u00e3o dos cabe\u00e7alhos do IPSeC. <span style=\"color: #333399\">CORRETO<\/span><\/p>\n<p>b) Houve uma invers\u00e3o. No modo transporte apenas o segmento (cabe\u00e7alho + dados da camada de transporte) estar\u00e1 sujeito \u00e0 aplica\u00e7\u00e3o do IPSeC, ou seja, poder\u00e1 ser protegido na camada de rede. <span style=\"color: #ff0000\">INCORRETO<\/span><\/p>\n<p>c) Uma generaliza\u00e7\u00e3o indevida a respeito do firewall. O filtro de pacotes nada mais \u00e9 do que um tipo de firewall, sendo o mais simples deles.\u00a0<span style=\"color: #ff0000\">INCORRETO<\/span><\/p>\n<p>d) O filtro de pacotes, conforme visto no item anterior, \u00e9 o mais simples e n\u00e3o possui a capacidade de verificar informa\u00e7\u00f5es da camada de aplica\u00e7\u00e3o.\u00a0<span style=\"color: #ff0000\">INCORRETO<\/span><\/p>\n<p>e) O AH, juntamente com o ESP, s\u00e3o os elementos presentes no IPSeC para prover os recursos de autentica\u00e7\u00e3o, integridade e confidencialidade de acordo com sua utiliza\u00e7\u00e3o.\u00a0<span style=\"color: #ff0000\">INCORRETO<\/span><\/p>\n<p><strong>Gabarito Preliminar<\/strong>: A<\/p>\n<hr \/>\n<p>Ent\u00e3o \u00e9 isso pessoal. Fica a sugest\u00e3o de recurso para a quest\u00e3o 30.<\/p>\n<p>Um grande abra\u00e7o!!!<\/p>\n","protected":false},"excerpt":{"rendered":"<p>TRE\/RS Prova Comentada &#8211; T\u00e9cnico\u00a0Judici\u00e1rio &#8211; Cargo 7 Ol\u00e1 Pessoal. Como est\u00e3o? Apresento a voc\u00eas alguns coment\u00e1rios a respeito das quest\u00f5es do Concurso do TRE\/RS para o Cargo 7\u00a0nas disciplinas de redes e seguran\u00e7a. Vamos l\u00e1! (TEMOS POSSIBILIDADE DE RECURSO!) &nbsp; Quest\u00e3o 30\u00a0&#8211;\u00a0No que se refere aos fundamentos da pilha TCP\/IP e \u00e0s no\u00e7\u00f5es de [&hellip;]<\/p>\n","protected":false},"author":192,"featured_media":0,"comment_status":"open","ping_status":"open","sticky":false,"template":"","format":"standard","meta":{"post_tipo":"article","footnotes":""},"categories":[],"tags":[1007],"tax_estado":[],"class_list":["post-31050","post","type-post","status-publish","format-standard","hentry","tag-tre-rs"],"acf":[],"yoast_head":"<!-- This site is optimized with the Yoast SEO Premium plugin v27.2 (Yoast SEO v27.2) - https:\/\/yoast.com\/product\/yoast-seo-premium-wordpress\/ -->\n<title>TRE\/RS Prova Comentada \u2013 Tecnologia da Informa\u00e7\u00e3o \u2013 Cargo 7: T\u00e9cnico JUDICI\u00c1RIO (Redes e Seguran\u00e7a)<\/title>\n<meta name=\"description\" content=\"TRE\/RS Prova Comentada Tecnologia da Informa\u00e7\u00e3o Redes Seguran\u00e7a da Informa\u00e7\u00e3o\" \/>\n<meta name=\"robots\" content=\"index, follow, max-snippet:-1, max-image-preview:large, max-video-preview:-1\" \/>\n<link rel=\"canonical\" href=\"https:\/\/www.estrategiaconcursos.com.br\/blog\/trers-prova-comentada-tecnologia-da-informacao-cargo-7-tecnico-judiciario-redes-e-seguranca\/\" \/>\n<meta property=\"og:locale\" content=\"pt_BR\" \/>\n<meta property=\"og:type\" content=\"article\" \/>\n<meta property=\"og:title\" content=\"TRE\/RS Prova Comentada \u2013 Tecnologia da Informa\u00e7\u00e3o \u2013 Cargo 7: T\u00e9cnico JUDICI\u00c1RIO (Redes e Seguran\u00e7a)\" \/>\n<meta property=\"og:description\" content=\"TRE\/RS Prova Comentada Tecnologia da Informa\u00e7\u00e3o Redes Seguran\u00e7a da Informa\u00e7\u00e3o\" \/>\n<meta property=\"og:url\" content=\"https:\/\/www.estrategiaconcursos.com.br\/blog\/trers-prova-comentada-tecnologia-da-informacao-cargo-7-tecnico-judiciario-redes-e-seguranca\/\" \/>\n<meta property=\"og:site_name\" content=\"Estrat\u00e9gia Concursos\" \/>\n<meta property=\"article:published_time\" content=\"2015-12-24T20:41:46+00:00\" \/>\n<meta property=\"article:modified_time\" content=\"2016-01-05T02:39:53+00:00\" \/>\n<meta name=\"author\" content=\"Andr\u00e9 Castro\" \/>\n<meta name=\"twitter:card\" content=\"summary_large_image\" \/>\n<meta name=\"twitter:creator\" content=\"@EstratConcursos\" \/>\n<meta name=\"twitter:site\" content=\"@EstratConcursos\" \/>\n<meta name=\"twitter:label1\" content=\"Escrito por\" \/>\n\t<meta name=\"twitter:data1\" content=\"Andr\u00e9 Castro\" \/>\n\t<meta name=\"twitter:label2\" content=\"Est. tempo de leitura\" \/>\n\t<meta name=\"twitter:data2\" content=\"10 minutos\" \/>\n<script type=\"application\/ld+json\" class=\"yoast-schema-graph\">{\"@context\":\"https:\/\/schema.org\",\"@graph\":[{\"@type\":\"NewsArticle\",\"@id\":\"https:\/\/www.estrategiaconcursos.com.br\/blog\/trers-prova-comentada-tecnologia-da-informacao-cargo-7-tecnico-judiciario-redes-e-seguranca\/#article\",\"isPartOf\":{\"@id\":\"https:\/\/www.estrategiaconcursos.com.br\/blog\/trers-prova-comentada-tecnologia-da-informacao-cargo-7-tecnico-judiciario-redes-e-seguranca\/\"},\"author\":{\"name\":\"Andr\u00e9 Castro\",\"@id\":\"https:\/\/www.estrategiaconcursos.com.br\/blog\/#\/schema\/person\/5fb07f6bb5fa6bcf5c9838182430c3b8\"},\"headline\":\"TRE\/RS Prova Comentada \u2013 Tecnologia da Informa\u00e7\u00e3o \u2013 Cargo 7: T\u00e9cnico JUDICI\u00c1RIO (Redes e Seguran\u00e7a)\",\"datePublished\":\"2015-12-24T20:41:46+00:00\",\"dateModified\":\"2016-01-05T02:39:53+00:00\",\"mainEntityOfPage\":{\"@id\":\"https:\/\/www.estrategiaconcursos.com.br\/blog\/trers-prova-comentada-tecnologia-da-informacao-cargo-7-tecnico-judiciario-redes-e-seguranca\/\"},\"wordCount\":1953,\"commentCount\":4,\"publisher\":{\"@id\":\"https:\/\/www.estrategiaconcursos.com.br\/blog\/#organization\"},\"keywords\":[\"TRE-RS\"],\"inLanguage\":\"pt-BR\",\"potentialAction\":[{\"@type\":\"CommentAction\",\"name\":\"Comment\",\"target\":[\"https:\/\/www.estrategiaconcursos.com.br\/blog\/trers-prova-comentada-tecnologia-da-informacao-cargo-7-tecnico-judiciario-redes-e-seguranca\/#respond\"]}],\"copyrightYear\":\"2015\",\"copyrightHolder\":{\"@id\":\"https:\/\/www.estrategiaconcursos.com.br\/blog\/#organization\"}},{\"@type\":\"WebPage\",\"@id\":\"https:\/\/www.estrategiaconcursos.com.br\/blog\/trers-prova-comentada-tecnologia-da-informacao-cargo-7-tecnico-judiciario-redes-e-seguranca\/\",\"url\":\"https:\/\/www.estrategiaconcursos.com.br\/blog\/trers-prova-comentada-tecnologia-da-informacao-cargo-7-tecnico-judiciario-redes-e-seguranca\/\",\"name\":\"TRE\/RS Prova Comentada \u2013 Tecnologia da Informa\u00e7\u00e3o \u2013 Cargo 7: T\u00e9cnico JUDICI\u00c1RIO (Redes e Seguran\u00e7a)\",\"isPartOf\":{\"@id\":\"https:\/\/www.estrategiaconcursos.com.br\/blog\/#website\"},\"datePublished\":\"2015-12-24T20:41:46+00:00\",\"dateModified\":\"2016-01-05T02:39:53+00:00\",\"description\":\"TRE\/RS Prova Comentada Tecnologia da Informa\u00e7\u00e3o Redes Seguran\u00e7a da Informa\u00e7\u00e3o\",\"breadcrumb\":{\"@id\":\"https:\/\/www.estrategiaconcursos.com.br\/blog\/trers-prova-comentada-tecnologia-da-informacao-cargo-7-tecnico-judiciario-redes-e-seguranca\/#breadcrumb\"},\"inLanguage\":\"pt-BR\",\"potentialAction\":[{\"@type\":\"ReadAction\",\"target\":[\"https:\/\/www.estrategiaconcursos.com.br\/blog\/trers-prova-comentada-tecnologia-da-informacao-cargo-7-tecnico-judiciario-redes-e-seguranca\/\"]}]},{\"@type\":\"BreadcrumbList\",\"@id\":\"https:\/\/www.estrategiaconcursos.com.br\/blog\/trers-prova-comentada-tecnologia-da-informacao-cargo-7-tecnico-judiciario-redes-e-seguranca\/#breadcrumb\",\"itemListElement\":[{\"@type\":\"ListItem\",\"position\":1,\"name\":\"In\u00edcio\",\"item\":\"https:\/\/www.estrategiaconcursos.com.br\/blog\/\"},{\"@type\":\"ListItem\",\"position\":2,\"name\":\"TRE\/RS Prova Comentada \u2013 Tecnologia da Informa\u00e7\u00e3o \u2013 Cargo 7: T\u00e9cnico JUDICI\u00c1RIO (Redes e Seguran\u00e7a)\"}]},{\"@type\":\"WebSite\",\"@id\":\"https:\/\/www.estrategiaconcursos.com.br\/blog\/#website\",\"url\":\"https:\/\/www.estrategiaconcursos.com.br\/blog\/\",\"name\":\"Estrat\u00e9gia Concursos\",\"description\":\"O blog da Estrat\u00e9gia Concursos traz not\u00edcias sobre concursos e artigos de professores oferecendo cursos para concursos (pdf + videaulas) no site.\",\"publisher\":{\"@id\":\"https:\/\/www.estrategiaconcursos.com.br\/blog\/#organization\"},\"potentialAction\":[{\"@type\":\"SearchAction\",\"target\":{\"@type\":\"EntryPoint\",\"urlTemplate\":\"https:\/\/www.estrategiaconcursos.com.br\/blog\/?s={search_term_string}\"},\"query-input\":{\"@type\":\"PropertyValueSpecification\",\"valueRequired\":true,\"valueName\":\"search_term_string\"}}],\"inLanguage\":\"pt-BR\"},{\"@type\":\"Organization\",\"@id\":\"https:\/\/www.estrategiaconcursos.com.br\/blog\/#organization\",\"name\":\"Estrat\u00e9gia Concursos\",\"url\":\"https:\/\/www.estrategiaconcursos.com.br\/blog\/\",\"logo\":{\"@type\":\"ImageObject\",\"inLanguage\":\"pt-BR\",\"@id\":\"https:\/\/www.estrategiaconcursos.com.br\/blog\/#\/schema\/logo\/image\/\",\"url\":\"https:\/\/dhg1h5j42swfq.cloudfront.net\/2025\/06\/03203428\/logo_concursos-1.jpg\",\"contentUrl\":\"https:\/\/dhg1h5j42swfq.cloudfront.net\/2025\/06\/03203428\/logo_concursos-1.jpg\",\"width\":230,\"height\":60,\"caption\":\"Estrat\u00e9gia Concursos\"},\"image\":{\"@id\":\"https:\/\/www.estrategiaconcursos.com.br\/blog\/#\/schema\/logo\/image\/\"},\"sameAs\":[\"https:\/\/x.com\/EstratConcursos\"]},{\"@type\":\"Person\",\"@id\":\"https:\/\/www.estrategiaconcursos.com.br\/blog\/#\/schema\/person\/5fb07f6bb5fa6bcf5c9838182430c3b8\",\"name\":\"Andr\u00e9 Castro\",\"image\":{\"@type\":\"ImageObject\",\"inLanguage\":\"pt-BR\",\"@id\":\"https:\/\/secure.gravatar.com\/avatar\/2c9329f63d4eb0e17ed708317419b285c3528fb1b6a06f1e9e004d7649b67588?s=96&d=mm&r=g\",\"url\":\"https:\/\/secure.gravatar.com\/avatar\/2c9329f63d4eb0e17ed708317419b285c3528fb1b6a06f1e9e004d7649b67588?s=96&d=mm&r=g\",\"contentUrl\":\"https:\/\/secure.gravatar.com\/avatar\/2c9329f63d4eb0e17ed708317419b285c3528fb1b6a06f1e9e004d7649b67588?s=96&d=mm&r=g\",\"caption\":\"Andr\u00e9 Castro\"},\"url\":\"https:\/\/www.estrategiaconcursos.com.br\/blog\/author\/andrehenriqueestrategiaconcursos-com-br\/\"}]}<\/script>\n<!-- \/ Yoast SEO Premium plugin. -->","yoast_head_json":{"title":"TRE\/RS Prova Comentada \u2013 Tecnologia da Informa\u00e7\u00e3o \u2013 Cargo 7: T\u00e9cnico JUDICI\u00c1RIO (Redes e Seguran\u00e7a)","description":"TRE\/RS Prova Comentada Tecnologia da Informa\u00e7\u00e3o Redes Seguran\u00e7a da Informa\u00e7\u00e3o","robots":{"index":"index","follow":"follow","max-snippet":"max-snippet:-1","max-image-preview":"max-image-preview:large","max-video-preview":"max-video-preview:-1"},"canonical":"https:\/\/www.estrategiaconcursos.com.br\/blog\/trers-prova-comentada-tecnologia-da-informacao-cargo-7-tecnico-judiciario-redes-e-seguranca\/","og_locale":"pt_BR","og_type":"article","og_title":"TRE\/RS Prova Comentada \u2013 Tecnologia da Informa\u00e7\u00e3o \u2013 Cargo 7: T\u00e9cnico JUDICI\u00c1RIO (Redes e Seguran\u00e7a)","og_description":"TRE\/RS Prova Comentada Tecnologia da Informa\u00e7\u00e3o Redes Seguran\u00e7a da Informa\u00e7\u00e3o","og_url":"https:\/\/www.estrategiaconcursos.com.br\/blog\/trers-prova-comentada-tecnologia-da-informacao-cargo-7-tecnico-judiciario-redes-e-seguranca\/","og_site_name":"Estrat\u00e9gia Concursos","article_published_time":"2015-12-24T20:41:46+00:00","article_modified_time":"2016-01-05T02:39:53+00:00","author":"Andr\u00e9 Castro","twitter_card":"summary_large_image","twitter_creator":"@EstratConcursos","twitter_site":"@EstratConcursos","twitter_misc":{"Escrito por":"Andr\u00e9 Castro","Est. tempo de leitura":"10 minutos"},"schema":{"@context":"https:\/\/schema.org","@graph":[{"@type":"NewsArticle","@id":"https:\/\/www.estrategiaconcursos.com.br\/blog\/trers-prova-comentada-tecnologia-da-informacao-cargo-7-tecnico-judiciario-redes-e-seguranca\/#article","isPartOf":{"@id":"https:\/\/www.estrategiaconcursos.com.br\/blog\/trers-prova-comentada-tecnologia-da-informacao-cargo-7-tecnico-judiciario-redes-e-seguranca\/"},"author":{"name":"Andr\u00e9 Castro","@id":"https:\/\/www.estrategiaconcursos.com.br\/blog\/#\/schema\/person\/5fb07f6bb5fa6bcf5c9838182430c3b8"},"headline":"TRE\/RS Prova Comentada \u2013 Tecnologia da Informa\u00e7\u00e3o \u2013 Cargo 7: T\u00e9cnico JUDICI\u00c1RIO (Redes e Seguran\u00e7a)","datePublished":"2015-12-24T20:41:46+00:00","dateModified":"2016-01-05T02:39:53+00:00","mainEntityOfPage":{"@id":"https:\/\/www.estrategiaconcursos.com.br\/blog\/trers-prova-comentada-tecnologia-da-informacao-cargo-7-tecnico-judiciario-redes-e-seguranca\/"},"wordCount":1953,"commentCount":4,"publisher":{"@id":"https:\/\/www.estrategiaconcursos.com.br\/blog\/#organization"},"keywords":["TRE-RS"],"inLanguage":"pt-BR","potentialAction":[{"@type":"CommentAction","name":"Comment","target":["https:\/\/www.estrategiaconcursos.com.br\/blog\/trers-prova-comentada-tecnologia-da-informacao-cargo-7-tecnico-judiciario-redes-e-seguranca\/#respond"]}],"copyrightYear":"2015","copyrightHolder":{"@id":"https:\/\/www.estrategiaconcursos.com.br\/blog\/#organization"}},{"@type":"WebPage","@id":"https:\/\/www.estrategiaconcursos.com.br\/blog\/trers-prova-comentada-tecnologia-da-informacao-cargo-7-tecnico-judiciario-redes-e-seguranca\/","url":"https:\/\/www.estrategiaconcursos.com.br\/blog\/trers-prova-comentada-tecnologia-da-informacao-cargo-7-tecnico-judiciario-redes-e-seguranca\/","name":"TRE\/RS Prova Comentada \u2013 Tecnologia da Informa\u00e7\u00e3o \u2013 Cargo 7: T\u00e9cnico JUDICI\u00c1RIO (Redes e Seguran\u00e7a)","isPartOf":{"@id":"https:\/\/www.estrategiaconcursos.com.br\/blog\/#website"},"datePublished":"2015-12-24T20:41:46+00:00","dateModified":"2016-01-05T02:39:53+00:00","description":"TRE\/RS Prova Comentada Tecnologia da Informa\u00e7\u00e3o Redes Seguran\u00e7a da Informa\u00e7\u00e3o","breadcrumb":{"@id":"https:\/\/www.estrategiaconcursos.com.br\/blog\/trers-prova-comentada-tecnologia-da-informacao-cargo-7-tecnico-judiciario-redes-e-seguranca\/#breadcrumb"},"inLanguage":"pt-BR","potentialAction":[{"@type":"ReadAction","target":["https:\/\/www.estrategiaconcursos.com.br\/blog\/trers-prova-comentada-tecnologia-da-informacao-cargo-7-tecnico-judiciario-redes-e-seguranca\/"]}]},{"@type":"BreadcrumbList","@id":"https:\/\/www.estrategiaconcursos.com.br\/blog\/trers-prova-comentada-tecnologia-da-informacao-cargo-7-tecnico-judiciario-redes-e-seguranca\/#breadcrumb","itemListElement":[{"@type":"ListItem","position":1,"name":"In\u00edcio","item":"https:\/\/www.estrategiaconcursos.com.br\/blog\/"},{"@type":"ListItem","position":2,"name":"TRE\/RS Prova Comentada \u2013 Tecnologia da Informa\u00e7\u00e3o \u2013 Cargo 7: T\u00e9cnico JUDICI\u00c1RIO (Redes e Seguran\u00e7a)"}]},{"@type":"WebSite","@id":"https:\/\/www.estrategiaconcursos.com.br\/blog\/#website","url":"https:\/\/www.estrategiaconcursos.com.br\/blog\/","name":"Estrat\u00e9gia Concursos","description":"O blog da Estrat\u00e9gia Concursos traz not\u00edcias sobre concursos e artigos de professores oferecendo cursos para concursos (pdf + videaulas) no site.","publisher":{"@id":"https:\/\/www.estrategiaconcursos.com.br\/blog\/#organization"},"potentialAction":[{"@type":"SearchAction","target":{"@type":"EntryPoint","urlTemplate":"https:\/\/www.estrategiaconcursos.com.br\/blog\/?s={search_term_string}"},"query-input":{"@type":"PropertyValueSpecification","valueRequired":true,"valueName":"search_term_string"}}],"inLanguage":"pt-BR"},{"@type":"Organization","@id":"https:\/\/www.estrategiaconcursos.com.br\/blog\/#organization","name":"Estrat\u00e9gia Concursos","url":"https:\/\/www.estrategiaconcursos.com.br\/blog\/","logo":{"@type":"ImageObject","inLanguage":"pt-BR","@id":"https:\/\/www.estrategiaconcursos.com.br\/blog\/#\/schema\/logo\/image\/","url":"https:\/\/dhg1h5j42swfq.cloudfront.net\/2025\/06\/03203428\/logo_concursos-1.jpg","contentUrl":"https:\/\/dhg1h5j42swfq.cloudfront.net\/2025\/06\/03203428\/logo_concursos-1.jpg","width":230,"height":60,"caption":"Estrat\u00e9gia Concursos"},"image":{"@id":"https:\/\/www.estrategiaconcursos.com.br\/blog\/#\/schema\/logo\/image\/"},"sameAs":["https:\/\/x.com\/EstratConcursos"]},{"@type":"Person","@id":"https:\/\/www.estrategiaconcursos.com.br\/blog\/#\/schema\/person\/5fb07f6bb5fa6bcf5c9838182430c3b8","name":"Andr\u00e9 Castro","image":{"@type":"ImageObject","inLanguage":"pt-BR","@id":"https:\/\/secure.gravatar.com\/avatar\/2c9329f63d4eb0e17ed708317419b285c3528fb1b6a06f1e9e004d7649b67588?s=96&d=mm&r=g","url":"https:\/\/secure.gravatar.com\/avatar\/2c9329f63d4eb0e17ed708317419b285c3528fb1b6a06f1e9e004d7649b67588?s=96&d=mm&r=g","contentUrl":"https:\/\/secure.gravatar.com\/avatar\/2c9329f63d4eb0e17ed708317419b285c3528fb1b6a06f1e9e004d7649b67588?s=96&d=mm&r=g","caption":"Andr\u00e9 Castro"},"url":"https:\/\/www.estrategiaconcursos.com.br\/blog\/author\/andrehenriqueestrategiaconcursos-com-br\/"}]}},"_links":{"self":[{"href":"https:\/\/www.estrategiaconcursos.com.br\/blog\/wp-json\/wp\/v2\/posts\/31050","targetHints":{"allow":["GET"]}}],"collection":[{"href":"https:\/\/www.estrategiaconcursos.com.br\/blog\/wp-json\/wp\/v2\/posts"}],"about":[{"href":"https:\/\/www.estrategiaconcursos.com.br\/blog\/wp-json\/wp\/v2\/types\/post"}],"author":[{"embeddable":true,"href":"https:\/\/www.estrategiaconcursos.com.br\/blog\/wp-json\/wp\/v2\/users\/192"}],"replies":[{"embeddable":true,"href":"https:\/\/www.estrategiaconcursos.com.br\/blog\/wp-json\/wp\/v2\/comments?post=31050"}],"version-history":[{"count":7,"href":"https:\/\/www.estrategiaconcursos.com.br\/blog\/wp-json\/wp\/v2\/posts\/31050\/revisions"}],"predecessor-version":[{"id":31325,"href":"https:\/\/www.estrategiaconcursos.com.br\/blog\/wp-json\/wp\/v2\/posts\/31050\/revisions\/31325"}],"wp:attachment":[{"href":"https:\/\/www.estrategiaconcursos.com.br\/blog\/wp-json\/wp\/v2\/media?parent=31050"}],"wp:term":[{"taxonomy":"category","embeddable":true,"href":"https:\/\/www.estrategiaconcursos.com.br\/blog\/wp-json\/wp\/v2\/categories?post=31050"},{"taxonomy":"post_tag","embeddable":true,"href":"https:\/\/www.estrategiaconcursos.com.br\/blog\/wp-json\/wp\/v2\/tags?post=31050"},{"taxonomy":"tax_estado","embeddable":true,"href":"https:\/\/www.estrategiaconcursos.com.br\/blog\/wp-json\/wp\/v2\/tax_estado?post=31050"}],"curies":[{"name":"wp","href":"https:\/\/api.w.org\/{rel}","templated":true}]}}