{"id":30865,"date":"2016-02-24T13:57:25","date_gmt":"2016-02-24T16:57:25","guid":{"rendered":"http:\/\/www.estrategiaconcursos.com.br\/blog\/?p=30865"},"modified":"2016-02-24T17:06:20","modified_gmt":"2016-02-24T20:06:20","slug":"concurso-trt-23-2016","status":"publish","type":"post","link":"https:\/\/www.estrategiaconcursos.com.br\/blog\/concurso-trt-23-2016\/","title":{"rendered":"Gabaritos preliminares do concurso TRT 23 j\u00e1 est\u00e3o dispon\u00edveis. Prazo para recurso termina nesta quinta-feira"},"content":{"rendered":"<p style=\"text-align: justify;\"><span style=\"color: #000000;\"><a href=\"https:\/\/dhg1h5j42swfq.cloudfront.net\/2015\/11\/20130835\/concurso-TRT-23.jpg\"><img loading=\"lazy\" decoding=\"async\" class=\"alignleft wp-image-29364 size-medium\" src=\"https:\/\/dhg1h5j42swfq.cloudfront.net\/2015\/11\/20130835\/concurso-TRT-23-300x182.jpg\" alt=\"concurso TRT 23\" width=\"300\" height=\"182\" srcset=\"https:\/\/dhg1h5j42swfq.cloudfront.net\/2015\/11\/20130835\/concurso-TRT-23.jpg 300w, https:\/\/dhg1h5j42swfq.cloudfront.net\/2015\/11\/20130835\/concurso-TRT-23.jpg 495w, https:\/\/dhg1h5j42swfq.cloudfront.net\/2015\/11\/20130835\/concurso-TRT-23.jpg 640w\" sizes=\"auto, (max-width: 300px) 100vw, 300px\" \/><\/a><\/span><\/p>\n<p style=\"text-align: justify;\"><span style=\"color: #000000;\"><strong><em>[ATUALIZADO\u00a0EM 24 de\u00a0fevereiro de 2016]\u00a0Gabaritos preliminares do concurso TRT 23 j\u00e1 est\u00e3o dispon\u00edveis. Prazo para recurso termina nesta quinta-feira<\/em><\/strong><\/span><\/p>\n<p style=\"text-align: justify;\"><span style=\"color: #000000;\">Os candidatos que prestaram concurso para o Tribunal Regional do Trabalho da 23\u00aa Regi\u00e3o, com base no Mato Grosso, j\u00e1 podem consultar o gabarito preliminar divulgado pela Funda\u00e7\u00e3o Carlos Chagas. O resultado final sai no dia 3 de junho.<\/span><\/p>\n<p style=\"text-align: justify;\"><span style=\"color: #000000;\">Para aprova\u00e7\u00e3o, o candidato precisa ter acertado, no m\u00ednimo, 240 pontos do total da prova e 60, no m\u00ednimo, na reda\u00e7\u00e3o. Para entrar com recurso, a data limite \u00e9 esta quinta-feira, 25 de fevereiro.<\/span><\/p>\n<p style=\"text-align: justify;\"><span style=\"color: #000000;\">Consulte as provas e gabaritos preliminares em:<\/span><\/p>\n<p>http:\/\/www.concursosfcc.com.br\/concursos\/trt23215\/provas\/index.html<\/p>\n<p style=\"text-align: justify;\"><span style=\"color: #000000;\"><strong><em>[PUBLICADO EM 22 de dezembro de 2015] Termina nesta ter\u00e7a-feira o prazo para inscri\u00e7\u00f5es no concurso TRT 23. Vagas em cargos de n\u00edvel m\u00e9dio e superior. Saiba mais!<\/em><\/strong><\/span><\/p>\n<p style=\"text-align: justify;\"><span style=\"color: #000000;\"><strong><em>\u00a0<\/em><\/strong>Termina nesta ter\u00e7a-feira, 22, o prazo para inscri\u00e7\u00f5es no concurso do\u00a0Tribunal Regional do Trabalho da 23\u00aa Regi\u00e3o, que abrange o\u00a0estado do Mato Grosso. Os interessados devem acessar o site da organizadora, a <span style=\"color: #3366ff;\"><a style=\"color: #3366ff;\" href=\"http:\/\/www.concursosfcc.com.br\/concursos\/trt23215\/index.html\">FCC<\/a><\/span>, at\u00e9 \u00e0s\u00a014h. A taxa \u00e9 de R$95,00 e de R$75,00, dependendo do cargo desejado.<\/span><\/p>\n<p style=\"text-align: justify;\"><span style=\"color: #000000;\">As oportunidades do concurso TRT 23, para quem possui n\u00edvel superior, s\u00e3o para o cargo de Analista Judici\u00e1rio nas \u00e1reas, Judici\u00e1ria (CR); Administrativa (CR); e Apoio Especializado, especificamente nas especialidades, Oficial de Justi\u00e7a Avaliador Federal (2 vagas); Contabilidade (CR); Biblioteconomia (CR); Medicina do Trabalho (CR); Fisioterapia (CR); e Tecnologia da Informa\u00e7\u00e3o (CR). A remunera\u00e7\u00e3o ser\u00e1 de R$ 8.803,97, sendo acrescido valor de R$ 1.621,78, para o cargo de Oficial de Justi\u00e7a, correspondente a Gratifica\u00e7\u00e3o de Atividade Externa.<\/span><\/p>\n<p style=\"text-align: justify;\"><span style=\"color: #000000;\">J\u00e1 para quem possui n\u00edvel m\u00e9dio, as vagas s\u00e3o para T\u00e9cnicos Judici\u00e1rios nas \u00e1reas Administrativas (13 vagas); Apoio Especializado \u2013 Especialidade Tecnologia da Informa\u00e7\u00e3o (1 vaga); e Enfermagem do Trabalho (CR). A remunera\u00e7\u00e3o ofertada ser\u00e1 de R$ 5.365,92.<\/span><\/p>\n<p style=\"text-align: justify;\"><span style=\"color: #000000;\">As provas, objetivas e discursivas, de car\u00e1ter classificat\u00f3rio e eliminat\u00f3rio, ser\u00e3o aplicadas em 21 de fevereiro de 2016, na cidade de Cuiab\u00e1.<\/span><\/p>\n<p style=\"text-align: justify;\"><span style=\"color: #000000;\">O concurso TRT 23 tem validade de dois anos e pode ser prorrogado por igual per\u00edodo.<\/span><\/p>\n<p style=\"text-align: justify;\"><span style=\"color: #000000;\">Confira o edital em:<\/span><\/p>\n<p style=\"text-align: justify;\"><span style=\"color: #3366ff;\"><a style=\"color: #3366ff;\" href=\"https:\/\/dhg1h5j42swfq.cloudfront.net\/2015\/11\/26101058\/Edital-concurso-TRT-23.pdf\">Edital concurso TRT 23<\/a><\/span><\/p>\n<p style=\"text-align: justify;\"><span style=\"color: #000000;\"><strong>O Estrat\u00e9gia Concursos j\u00e1 lan\u00e7ou cursos para este concurso. Confira em:<\/strong><\/span><\/p>\n<p style=\"text-align: justify;\"><span style=\"color: #000000;\"><a style=\"color: #000000;\" href=\"https:\/\/www.estrategiaconcursos.com.br\/cursosPorConcurso\/trt-23-regiao-mato-grosso\/\"><span style=\"color: #3366ff;\">https:\/\/www.estrategiaconcursos.com.br\/cursosPorConcurso\/trt-23-regiao-mato-grosso<\/span>\/<\/a><\/span><\/p>\n<p style=\"text-align: justify;\"><span style=\"color: #000000;\">Assessoria de Comunica\u00e7\u00e3o<\/span><\/p>\n<p style=\"text-align: justify;\"><span style=\"color: #000000;\">comunicacao@estrategiaconcursos.com.br<\/span><\/p>\n","protected":false},"excerpt":{"rendered":"<p>[ATUALIZADO\u00a0EM 24 de\u00a0fevereiro de 2016]\u00a0Gabaritos preliminares do concurso TRT 23 j\u00e1 est\u00e3o dispon\u00edveis. Prazo para recurso termina nesta quinta-feira Os candidatos que prestaram concurso para o Tribunal Regional do Trabalho da 23\u00aa Regi\u00e3o, com base no Mato Grosso, j\u00e1 podem consultar o gabarito preliminar divulgado pela Funda\u00e7\u00e3o Carlos Chagas. O resultado final sai no dia [&hellip;]<\/p>\n","protected":false},"author":1,"featured_media":0,"comment_status":"open","ping_status":"open","sticky":false,"template":"","format":"standard","meta":{"post_tipo":"news","footnotes":""},"categories":[1],"tags":[676,1066],"tax_estado":[],"class_list":["post-30865","post","type-post","status-publish","format-standard","hentry","category-cursos-e-concursos","tag-inscricao","tag-trt-23"],"acf":[],"yoast_head":"<!-- This site is optimized with the Yoast SEO Premium plugin v27.2 (Yoast SEO v27.2) - https:\/\/yoast.com\/product\/yoast-seo-premium-wordpress\/ -->\n<title>Gabaritos preliminares do concurso TRT 23 j\u00e1 est\u00e3o dispon\u00edveis. Prazo para recurso termina nesta quinta-feira<\/title>\n<meta name=\"description\" content=\"Termina nesta ter\u00e7a-feira, 22, o prazo para inscri\u00e7\u00f5es do concurso TRT 23. Saiba mais!\" \/>\n<meta name=\"robots\" content=\"index, follow, max-snippet:-1, max-image-preview:large, max-video-preview:-1\" \/>\n<link rel=\"canonical\" href=\"https:\/\/www.estrategiaconcursos.com.br\/blog\/concurso-trt-23-2016\/\" \/>\n<meta property=\"og:locale\" content=\"pt_BR\" \/>\n<meta property=\"og:type\" content=\"article\" \/>\n<meta property=\"og:title\" content=\"Gabaritos preliminares do concurso TRT 23 j\u00e1 est\u00e3o dispon\u00edveis. Prazo para recurso termina nesta quinta-feira\" \/>\n<meta property=\"og:description\" content=\"Termina nesta ter\u00e7a-feira, 22, o prazo para inscri\u00e7\u00f5es do concurso TRT 23. Saiba mais!\" \/>\n<meta property=\"og:url\" content=\"https:\/\/www.estrategiaconcursos.com.br\/blog\/concurso-trt-23-2016\/\" \/>\n<meta property=\"og:site_name\" content=\"Estrat\u00e9gia Concursos\" \/>\n<meta property=\"article:author\" content=\"https:\/\/www.facebook.com\/EstrategiaConcursos\" \/>\n<meta property=\"article:published_time\" content=\"2016-02-24T16:57:25+00:00\" \/>\n<meta property=\"article:modified_time\" content=\"2016-02-24T20:06:20+00:00\" \/>\n<meta property=\"og:image\" content=\"https:\/\/dhg1h5j42swfq.cloudfront.net\/2015\/11\/20130835\/concurso-TRT-23-300x182.jpg\" \/>\n<meta name=\"author\" content=\"Coordena\u00e7\u00e3o\" \/>\n<meta name=\"twitter:card\" content=\"summary_large_image\" \/>\n<meta name=\"twitter:creator\" content=\"@EstratConcursos\" \/>\n<meta name=\"twitter:site\" content=\"@EstratConcursos\" \/>\n<meta name=\"twitter:label1\" content=\"Escrito por\" \/>\n\t<meta name=\"twitter:data1\" content=\"Coordena\u00e7\u00e3o\" \/>\n\t<meta name=\"twitter:label2\" content=\"Est. tempo de leitura\" \/>\n\t<meta name=\"twitter:data2\" content=\"2 minutos\" \/>\n<script type=\"application\/ld+json\" class=\"yoast-schema-graph\">{\"@context\":\"https:\/\/schema.org\",\"@graph\":[{\"@type\":\"NewsArticle\",\"@id\":\"https:\/\/www.estrategiaconcursos.com.br\/blog\/concurso-trt-23-2016\/#article\",\"isPartOf\":{\"@id\":\"https:\/\/www.estrategiaconcursos.com.br\/blog\/concurso-trt-23-2016\/\"},\"author\":{\"name\":\"Coordena\u00e7\u00e3o\",\"@id\":\"https:\/\/www.estrategiaconcursos.com.br\/blog\/#\/schema\/person\/b4a388c97673c5f483d72185668afa1f\"},\"headline\":\"Gabaritos preliminares do concurso TRT 23 j\u00e1 est\u00e3o dispon\u00edveis. Prazo para recurso termina nesta quinta-feira\",\"datePublished\":\"2016-02-24T16:57:25+00:00\",\"dateModified\":\"2016-02-24T20:06:20+00:00\",\"mainEntityOfPage\":{\"@id\":\"https:\/\/www.estrategiaconcursos.com.br\/blog\/concurso-trt-23-2016\/\"},\"wordCount\":405,\"commentCount\":0,\"publisher\":{\"@id\":\"https:\/\/www.estrategiaconcursos.com.br\/blog\/#organization\"},\"image\":{\"@id\":\"https:\/\/www.estrategiaconcursos.com.br\/blog\/concurso-trt-23-2016\/#primaryimage\"},\"thumbnailUrl\":\"https:\/\/dhg1h5j42swfq.cloudfront.net\/2015\/11\/20130835\/concurso-TRT-23-300x182.jpg\",\"keywords\":[\"Inscri\u00e7\u00e3o\",\"TRT 23\"],\"articleSection\":[\"Concursos P\u00fablicos\"],\"inLanguage\":\"pt-BR\",\"potentialAction\":[{\"@type\":\"CommentAction\",\"name\":\"Comment\",\"target\":[\"https:\/\/www.estrategiaconcursos.com.br\/blog\/concurso-trt-23-2016\/#respond\"]}],\"copyrightYear\":\"2016\",\"copyrightHolder\":{\"@id\":\"https:\/\/www.estrategiaconcursos.com.br\/blog\/#organization\"}},{\"@type\":\"WebPage\",\"@id\":\"https:\/\/www.estrategiaconcursos.com.br\/blog\/concurso-trt-23-2016\/\",\"url\":\"https:\/\/www.estrategiaconcursos.com.br\/blog\/concurso-trt-23-2016\/\",\"name\":\"Gabaritos preliminares do concurso TRT 23 j\u00e1 est\u00e3o dispon\u00edveis. Prazo para recurso termina nesta quinta-feira\",\"isPartOf\":{\"@id\":\"https:\/\/www.estrategiaconcursos.com.br\/blog\/#website\"},\"primaryImageOfPage\":{\"@id\":\"https:\/\/www.estrategiaconcursos.com.br\/blog\/concurso-trt-23-2016\/#primaryimage\"},\"image\":{\"@id\":\"https:\/\/www.estrategiaconcursos.com.br\/blog\/concurso-trt-23-2016\/#primaryimage\"},\"thumbnailUrl\":\"https:\/\/dhg1h5j42swfq.cloudfront.net\/2015\/11\/20130835\/concurso-TRT-23-300x182.jpg\",\"datePublished\":\"2016-02-24T16:57:25+00:00\",\"dateModified\":\"2016-02-24T20:06:20+00:00\",\"description\":\"Termina nesta ter\u00e7a-feira, 22, o prazo para inscri\u00e7\u00f5es do concurso TRT 23. Saiba mais!\",\"breadcrumb\":{\"@id\":\"https:\/\/www.estrategiaconcursos.com.br\/blog\/concurso-trt-23-2016\/#breadcrumb\"},\"inLanguage\":\"pt-BR\",\"potentialAction\":[{\"@type\":\"ReadAction\",\"target\":[\"https:\/\/www.estrategiaconcursos.com.br\/blog\/concurso-trt-23-2016\/\"]}]},{\"@type\":\"ImageObject\",\"inLanguage\":\"pt-BR\",\"@id\":\"https:\/\/www.estrategiaconcursos.com.br\/blog\/concurso-trt-23-2016\/#primaryimage\",\"url\":\"https:\/\/dhg1h5j42swfq.cloudfront.net\/2015\/11\/20130835\/concurso-TRT-23-300x182.jpg\",\"contentUrl\":\"https:\/\/dhg1h5j42swfq.cloudfront.net\/2015\/11\/20130835\/concurso-TRT-23-300x182.jpg\"},{\"@type\":\"BreadcrumbList\",\"@id\":\"https:\/\/www.estrategiaconcursos.com.br\/blog\/concurso-trt-23-2016\/#breadcrumb\",\"itemListElement\":[{\"@type\":\"ListItem\",\"position\":1,\"name\":\"In\u00edcio\",\"item\":\"https:\/\/www.estrategiaconcursos.com.br\/blog\/\"},{\"@type\":\"ListItem\",\"position\":2,\"name\":\"Gabaritos preliminares do concurso TRT 23 j\u00e1 est\u00e3o dispon\u00edveis. Prazo para recurso termina nesta quinta-feira\"}]},{\"@type\":\"WebSite\",\"@id\":\"https:\/\/www.estrategiaconcursos.com.br\/blog\/#website\",\"url\":\"https:\/\/www.estrategiaconcursos.com.br\/blog\/\",\"name\":\"Estrat\u00e9gia Concursos\",\"description\":\"O blog da Estrat\u00e9gia Concursos traz not\u00edcias sobre concursos e artigos de professores oferecendo cursos para concursos (pdf + videaulas) no site.\",\"publisher\":{\"@id\":\"https:\/\/www.estrategiaconcursos.com.br\/blog\/#organization\"},\"potentialAction\":[{\"@type\":\"SearchAction\",\"target\":{\"@type\":\"EntryPoint\",\"urlTemplate\":\"https:\/\/www.estrategiaconcursos.com.br\/blog\/?s={search_term_string}\"},\"query-input\":{\"@type\":\"PropertyValueSpecification\",\"valueRequired\":true,\"valueName\":\"search_term_string\"}}],\"inLanguage\":\"pt-BR\"},{\"@type\":\"Organization\",\"@id\":\"https:\/\/www.estrategiaconcursos.com.br\/blog\/#organization\",\"name\":\"Estrat\u00e9gia Concursos\",\"url\":\"https:\/\/www.estrategiaconcursos.com.br\/blog\/\",\"logo\":{\"@type\":\"ImageObject\",\"inLanguage\":\"pt-BR\",\"@id\":\"https:\/\/www.estrategiaconcursos.com.br\/blog\/#\/schema\/logo\/image\/\",\"url\":\"https:\/\/dhg1h5j42swfq.cloudfront.net\/2025\/06\/03203428\/logo_concursos-1.jpg\",\"contentUrl\":\"https:\/\/dhg1h5j42swfq.cloudfront.net\/2025\/06\/03203428\/logo_concursos-1.jpg\",\"width\":230,\"height\":60,\"caption\":\"Estrat\u00e9gia Concursos\"},\"image\":{\"@id\":\"https:\/\/www.estrategiaconcursos.com.br\/blog\/#\/schema\/logo\/image\/\"},\"sameAs\":[\"https:\/\/x.com\/EstratConcursos\"]},{\"@type\":\"Person\",\"@id\":\"https:\/\/www.estrategiaconcursos.com.br\/blog\/#\/schema\/person\/b4a388c97673c5f483d72185668afa1f\",\"name\":\"Coordena\u00e7\u00e3o\",\"image\":{\"@type\":\"ImageObject\",\"inLanguage\":\"pt-BR\",\"@id\":\"https:\/\/secure.gravatar.com\/avatar\/b720319e4c9a967eb58678d110f4fe35452fc5d5f97b202bac7b8acceb18c6ad?s=96&d=mm&r=g\",\"url\":\"https:\/\/secure.gravatar.com\/avatar\/b720319e4c9a967eb58678d110f4fe35452fc5d5f97b202bac7b8acceb18c6ad?s=96&d=mm&r=g\",\"contentUrl\":\"https:\/\/secure.gravatar.com\/avatar\/b720319e4c9a967eb58678d110f4fe35452fc5d5f97b202bac7b8acceb18c6ad?s=96&d=mm&r=g\",\"caption\":\"Coordena\u00e7\u00e3o\"},\"sameAs\":[\"https:\/\/www.facebook.com\/EstrategiaConcursos\",\"https:\/\/x.com\/EstratConcursos\"],\"url\":\"https:\/\/www.estrategiaconcursos.com.br\/blog\/author\/estrategia2013\/\"}]}<\/script>\n<!-- \/ Yoast SEO Premium plugin. -->","yoast_head_json":{"title":"Gabaritos preliminares do concurso TRT 23 j\u00e1 est\u00e3o dispon\u00edveis. Prazo para recurso termina nesta quinta-feira","description":"Termina nesta ter\u00e7a-feira, 22, o prazo para inscri\u00e7\u00f5es do concurso TRT 23. Saiba mais!","robots":{"index":"index","follow":"follow","max-snippet":"max-snippet:-1","max-image-preview":"max-image-preview:large","max-video-preview":"max-video-preview:-1"},"canonical":"https:\/\/www.estrategiaconcursos.com.br\/blog\/concurso-trt-23-2016\/","og_locale":"pt_BR","og_type":"article","og_title":"Gabaritos preliminares do concurso TRT 23 j\u00e1 est\u00e3o dispon\u00edveis. Prazo para recurso termina nesta quinta-feira","og_description":"Termina nesta ter\u00e7a-feira, 22, o prazo para inscri\u00e7\u00f5es do concurso TRT 23. Saiba mais!","og_url":"https:\/\/www.estrategiaconcursos.com.br\/blog\/concurso-trt-23-2016\/","og_site_name":"Estrat\u00e9gia Concursos","article_author":"https:\/\/www.facebook.com\/EstrategiaConcursos","article_published_time":"2016-02-24T16:57:25+00:00","article_modified_time":"2016-02-24T20:06:20+00:00","og_image":[{"url":"https:\/\/dhg1h5j42swfq.cloudfront.net\/2015\/11\/20130835\/concurso-TRT-23-300x182.jpg","type":"","width":"","height":""}],"author":"Coordena\u00e7\u00e3o","twitter_card":"summary_large_image","twitter_creator":"@EstratConcursos","twitter_site":"@EstratConcursos","twitter_misc":{"Escrito por":"Coordena\u00e7\u00e3o","Est. tempo de leitura":"2 minutos"},"schema":{"@context":"https:\/\/schema.org","@graph":[{"@type":"NewsArticle","@id":"https:\/\/www.estrategiaconcursos.com.br\/blog\/concurso-trt-23-2016\/#article","isPartOf":{"@id":"https:\/\/www.estrategiaconcursos.com.br\/blog\/concurso-trt-23-2016\/"},"author":{"name":"Coordena\u00e7\u00e3o","@id":"https:\/\/www.estrategiaconcursos.com.br\/blog\/#\/schema\/person\/b4a388c97673c5f483d72185668afa1f"},"headline":"Gabaritos preliminares do concurso TRT 23 j\u00e1 est\u00e3o dispon\u00edveis. Prazo para recurso termina nesta quinta-feira","datePublished":"2016-02-24T16:57:25+00:00","dateModified":"2016-02-24T20:06:20+00:00","mainEntityOfPage":{"@id":"https:\/\/www.estrategiaconcursos.com.br\/blog\/concurso-trt-23-2016\/"},"wordCount":405,"commentCount":0,"publisher":{"@id":"https:\/\/www.estrategiaconcursos.com.br\/blog\/#organization"},"image":{"@id":"https:\/\/www.estrategiaconcursos.com.br\/blog\/concurso-trt-23-2016\/#primaryimage"},"thumbnailUrl":"https:\/\/dhg1h5j42swfq.cloudfront.net\/2015\/11\/20130835\/concurso-TRT-23-300x182.jpg","keywords":["Inscri\u00e7\u00e3o","TRT 23"],"articleSection":["Concursos P\u00fablicos"],"inLanguage":"pt-BR","potentialAction":[{"@type":"CommentAction","name":"Comment","target":["https:\/\/www.estrategiaconcursos.com.br\/blog\/concurso-trt-23-2016\/#respond"]}],"copyrightYear":"2016","copyrightHolder":{"@id":"https:\/\/www.estrategiaconcursos.com.br\/blog\/#organization"}},{"@type":"WebPage","@id":"https:\/\/www.estrategiaconcursos.com.br\/blog\/concurso-trt-23-2016\/","url":"https:\/\/www.estrategiaconcursos.com.br\/blog\/concurso-trt-23-2016\/","name":"Gabaritos preliminares do concurso TRT 23 j\u00e1 est\u00e3o dispon\u00edveis. Prazo para recurso termina nesta quinta-feira","isPartOf":{"@id":"https:\/\/www.estrategiaconcursos.com.br\/blog\/#website"},"primaryImageOfPage":{"@id":"https:\/\/www.estrategiaconcursos.com.br\/blog\/concurso-trt-23-2016\/#primaryimage"},"image":{"@id":"https:\/\/www.estrategiaconcursos.com.br\/blog\/concurso-trt-23-2016\/#primaryimage"},"thumbnailUrl":"https:\/\/dhg1h5j42swfq.cloudfront.net\/2015\/11\/20130835\/concurso-TRT-23-300x182.jpg","datePublished":"2016-02-24T16:57:25+00:00","dateModified":"2016-02-24T20:06:20+00:00","description":"Termina nesta ter\u00e7a-feira, 22, o prazo para inscri\u00e7\u00f5es do concurso TRT 23. Saiba mais!","breadcrumb":{"@id":"https:\/\/www.estrategiaconcursos.com.br\/blog\/concurso-trt-23-2016\/#breadcrumb"},"inLanguage":"pt-BR","potentialAction":[{"@type":"ReadAction","target":["https:\/\/www.estrategiaconcursos.com.br\/blog\/concurso-trt-23-2016\/"]}]},{"@type":"ImageObject","inLanguage":"pt-BR","@id":"https:\/\/www.estrategiaconcursos.com.br\/blog\/concurso-trt-23-2016\/#primaryimage","url":"https:\/\/dhg1h5j42swfq.cloudfront.net\/2015\/11\/20130835\/concurso-TRT-23-300x182.jpg","contentUrl":"https:\/\/dhg1h5j42swfq.cloudfront.net\/2015\/11\/20130835\/concurso-TRT-23-300x182.jpg"},{"@type":"BreadcrumbList","@id":"https:\/\/www.estrategiaconcursos.com.br\/blog\/concurso-trt-23-2016\/#breadcrumb","itemListElement":[{"@type":"ListItem","position":1,"name":"In\u00edcio","item":"https:\/\/www.estrategiaconcursos.com.br\/blog\/"},{"@type":"ListItem","position":2,"name":"Gabaritos preliminares do concurso TRT 23 j\u00e1 est\u00e3o dispon\u00edveis. Prazo para recurso termina nesta quinta-feira"}]},{"@type":"WebSite","@id":"https:\/\/www.estrategiaconcursos.com.br\/blog\/#website","url":"https:\/\/www.estrategiaconcursos.com.br\/blog\/","name":"Estrat\u00e9gia Concursos","description":"O blog da Estrat\u00e9gia Concursos traz not\u00edcias sobre concursos e artigos de professores oferecendo cursos para concursos (pdf + videaulas) no site.","publisher":{"@id":"https:\/\/www.estrategiaconcursos.com.br\/blog\/#organization"},"potentialAction":[{"@type":"SearchAction","target":{"@type":"EntryPoint","urlTemplate":"https:\/\/www.estrategiaconcursos.com.br\/blog\/?s={search_term_string}"},"query-input":{"@type":"PropertyValueSpecification","valueRequired":true,"valueName":"search_term_string"}}],"inLanguage":"pt-BR"},{"@type":"Organization","@id":"https:\/\/www.estrategiaconcursos.com.br\/blog\/#organization","name":"Estrat\u00e9gia Concursos","url":"https:\/\/www.estrategiaconcursos.com.br\/blog\/","logo":{"@type":"ImageObject","inLanguage":"pt-BR","@id":"https:\/\/www.estrategiaconcursos.com.br\/blog\/#\/schema\/logo\/image\/","url":"https:\/\/dhg1h5j42swfq.cloudfront.net\/2025\/06\/03203428\/logo_concursos-1.jpg","contentUrl":"https:\/\/dhg1h5j42swfq.cloudfront.net\/2025\/06\/03203428\/logo_concursos-1.jpg","width":230,"height":60,"caption":"Estrat\u00e9gia Concursos"},"image":{"@id":"https:\/\/www.estrategiaconcursos.com.br\/blog\/#\/schema\/logo\/image\/"},"sameAs":["https:\/\/x.com\/EstratConcursos"]},{"@type":"Person","@id":"https:\/\/www.estrategiaconcursos.com.br\/blog\/#\/schema\/person\/b4a388c97673c5f483d72185668afa1f","name":"Coordena\u00e7\u00e3o","image":{"@type":"ImageObject","inLanguage":"pt-BR","@id":"https:\/\/secure.gravatar.com\/avatar\/b720319e4c9a967eb58678d110f4fe35452fc5d5f97b202bac7b8acceb18c6ad?s=96&d=mm&r=g","url":"https:\/\/secure.gravatar.com\/avatar\/b720319e4c9a967eb58678d110f4fe35452fc5d5f97b202bac7b8acceb18c6ad?s=96&d=mm&r=g","contentUrl":"https:\/\/secure.gravatar.com\/avatar\/b720319e4c9a967eb58678d110f4fe35452fc5d5f97b202bac7b8acceb18c6ad?s=96&d=mm&r=g","caption":"Coordena\u00e7\u00e3o"},"sameAs":["https:\/\/www.facebook.com\/EstrategiaConcursos","https:\/\/x.com\/EstratConcursos"],"url":"https:\/\/www.estrategiaconcursos.com.br\/blog\/author\/estrategia2013\/"}]}},"_links":{"self":[{"href":"https:\/\/www.estrategiaconcursos.com.br\/blog\/wp-json\/wp\/v2\/posts\/30865","targetHints":{"allow":["GET"]}}],"collection":[{"href":"https:\/\/www.estrategiaconcursos.com.br\/blog\/wp-json\/wp\/v2\/posts"}],"about":[{"href":"https:\/\/www.estrategiaconcursos.com.br\/blog\/wp-json\/wp\/v2\/types\/post"}],"author":[{"embeddable":true,"href":"https:\/\/www.estrategiaconcursos.com.br\/blog\/wp-json\/wp\/v2\/users\/1"}],"replies":[{"embeddable":true,"href":"https:\/\/www.estrategiaconcursos.com.br\/blog\/wp-json\/wp\/v2\/comments?post=30865"}],"version-history":[{"count":5,"href":"https:\/\/www.estrategiaconcursos.com.br\/blog\/wp-json\/wp\/v2\/posts\/30865\/revisions"}],"predecessor-version":[{"id":33912,"href":"https:\/\/www.estrategiaconcursos.com.br\/blog\/wp-json\/wp\/v2\/posts\/30865\/revisions\/33912"}],"wp:attachment":[{"href":"https:\/\/www.estrategiaconcursos.com.br\/blog\/wp-json\/wp\/v2\/media?parent=30865"}],"wp:term":[{"taxonomy":"category","embeddable":true,"href":"https:\/\/www.estrategiaconcursos.com.br\/blog\/wp-json\/wp\/v2\/categories?post=30865"},{"taxonomy":"post_tag","embeddable":true,"href":"https:\/\/www.estrategiaconcursos.com.br\/blog\/wp-json\/wp\/v2\/tags?post=30865"},{"taxonomy":"tax_estado","embeddable":true,"href":"https:\/\/www.estrategiaconcursos.com.br\/blog\/wp-json\/wp\/v2\/tax_estado?post=30865"}],"curies":[{"name":"wp","href":"https:\/\/api.w.org\/{rel}","templated":true}]}}