{"id":30732,"date":"2015-12-18T12:23:54","date_gmt":"2015-12-18T15:23:54","guid":{"rendered":"http:\/\/www.estrategiaconcursos.com.br\/blog\/?p=30732"},"modified":"2015-12-22T08:34:44","modified_gmt":"2015-12-22T11:34:44","slug":"adpf-378-novo-rito-do-impeachment-do-presidente-da-republica","status":"publish","type":"post","link":"https:\/\/www.estrategiaconcursos.com.br\/blog\/adpf-378-novo-rito-do-impeachment-do-presidente-da-republica\/","title":{"rendered":"[ADPF 378] Novo Rito do Impeachment do Presidente da Rep\u00fablica"},"content":{"rendered":"<p>Ol\u00e1, pessoal, tudo bem?<\/p>\n<p>Aqui \u00e9 o Ricardo Vale, coordenador e professor do Estrat\u00e9gia Concursos.<\/p>\n<p>Hoje, gostaria de conversar com voc\u00eas sobre o assunto do momento: <em><strong>o impeachment do Presidente da Rep\u00fablica<\/strong><\/em>. Sem d\u00favida, \u00e9 um tema que deve ser cada vez mais cobrado em provas de concurso p\u00fablico.<\/p>\n<p>O Supremo Tribunal definiu, ontem (18\/12\/2015), no \u00e2mbito da ADPF 378, um novo rito para o processo de <em>impeachment<\/em>. \u00c9 algo totalmente inovador, indo no sentido contr\u00e1rio do que afirma a doutrina e a jurisprud\u00eancia acerca do julgamento do Presidente da Rep\u00fablica.<\/p>\n<p>Foram v\u00e1rios os temas examinados pelo STF no \u00e2mbito da ADPF 378. No entanto, a minha an\u00e1lise se concentrar\u00e1 em 3 (tr\u00eas) t\u00f3picos:<\/p>\n<p><strong>1) Elei\u00e7\u00e3o da Comiss\u00e3o Especial da C\u00e2mara dos Deputados<\/strong>;<\/p>\n<p><strong>2) Possibilidade de candidaturas avulsas para a forma\u00e7\u00e3o da Comiss\u00e3o Especial<\/strong>;<\/p>\n<p><strong>3) Processo e Julgamento no Senado Federal<\/strong>.<\/p>\n<p>Na minha opini\u00e3o, s\u00e3o esses os temas mais relevantes e que impactam no rito do processo de impeachment.<\/p>\n<p>Por se tratar de tema complexo, teremos que recorrer, tamb\u00e9m, \u00e0 an\u00e1lise do Regimento Interno da C\u00e2mara dos Deputados.<\/p>\n<p><strong>&#8230;<\/strong><\/p>\n<p><strong>1) Elei\u00e7\u00e3o da Comiss\u00e3o Especial da C\u00e2mara dos Deputados<\/strong>:<\/p>\n<p>Nos crimes de responsabilidade do Presidente da Rep\u00fablica, a den\u00fancia \u00e9 popular, o que significa que qualquer cidad\u00e3o pode apresentar den\u00fancia \u00e0 C\u00e2mara dos Deputados.<\/p>\n<p>Recebida a den\u00fancia pela C\u00e2mara dos Deputados, o pr\u00f3ximo passo \u00e9 a elei\u00e7\u00e3o de uma Comiss\u00e3o Especial, que ser\u00e1 respons\u00e1vel por analisar se a den\u00fancia dever\u00e1 ou n\u00e3o ser objeto de delibera\u00e7\u00e3o pelo Plen\u00e1rio da C\u00e2mara dos Deputados. Isso \u00e9 exatamente o que se extrai do art. 19, da Lei n\u00ba 1.079\/1950:<\/p>\n<p><strong><em>Art. 19.<\/em><\/strong><em> Recebida a den\u00fancia, ser\u00e1 lida no expediente da sess\u00e3o seguinte e despachada a uma comiss\u00e3o especial eleita, da qual participem, observada a respectiva propor\u00e7\u00e3o, representantes de todos os partidos para opinar sobre a mesma<\/em>.<\/p>\n<p>A pol\u00eamica, ent\u00e3o, gira em torno da elei\u00e7\u00e3o dessa Comiss\u00e3o Especial. Como ser\u00e1, afinal feita essa elei\u00e7\u00e3o? Teremos voto aberto ou voto secreto?<\/p>\n<p>O Presidente da C\u00e2mara dos Deputados determinou que se fizesse uma vota\u00e7\u00e3o secreta. Mas com qual fundamento?<\/p>\n<p>\u00c9 o seguinte! O art. 58, da Constitui\u00e7\u00e3o Federal de 1988, determina <em>que \u201co Congresso Nacional e suas Casas ter\u00e3o comiss\u00f5es permanentes e tempor\u00e1rias, constitu\u00eddas na forma e com as atribui\u00e7\u00f5es previstas no respectivo regimento ou no ato de que resultar sua cria\u00e7\u00e3o\u201d. <\/em><\/p>\n<p>A Constitui\u00e7\u00e3o, portanto, \u00e9 expl\u00edcita ao dizer que a forma de constitui\u00e7\u00e3o das Comiss\u00f5es permanentes e tempor\u00e1rias das Casas Legislativas \u00e9 mat\u00e9ria regimental. N\u00e3o \u00e9 a Constitui\u00e7\u00e3o que deve dizer se a vota\u00e7\u00e3o para elei\u00e7\u00e3o da comiss\u00e3o deve ser aberta ou secreta. \u00c9 o Regimento Interno das Casas Legislativas que dever\u00e1 faz\u00ea-lo.<\/p>\n<p>E o que diz o Regimento Interno da C\u00e2mara dos Deputados?<\/p>\n<p>O Regimento Interno da C\u00e2mara dos Deputados, com a for\u00e7a que lhe outorgou a Constitui\u00e7\u00e3o, determina, em seu art. 188, III, que caber\u00e1 vota\u00e7\u00e3o secreta <em>\u201cpara elei\u00e7\u00e3o do Presidente e demais membros da Mesa Diretora, do Presidente e Vice-Presidentes de Comiss\u00f5es Permanentes e Tempor\u00e1rias, dos membros da C\u00e2mara que ir\u00e3o compor a Comiss\u00e3o Representativa do Congresso Nacional e dos dois cidad\u00e3os que ir\u00e3o integrar o Conselho da Rep\u00fablica <strong>E NAS DEMAIS ELEI\u00c7\u00d5ES<\/strong>.\u201d<\/em><\/p>\n<p><strong><em>O Regimento Interno \u00e9 claro ao determinar que a vota\u00e7\u00e3o ser\u00e1 secreta nas elei\u00e7\u00f5es que se realizarem no \u00e2mbito da C\u00e2mara dos Deputados<\/em><\/strong>. Veja: n\u00e3o estamos falando aqui em delibera\u00e7\u00f5es, mas sim em elei\u00e7\u00f5es! S\u00e3o coisas distintas. Logo, a elei\u00e7\u00e3o da Comiss\u00e3o Especial deveria mesmo ser feito pelo voto secreto.<\/p>\n<p>E como entendeu o STF?<\/p>\n<p>Quem assistiu o julgamento, viu que o Min. Lu\u00eds Roberto Barroso disse as seguintes palavras:<\/p>\n<p><em>\u201cO voto secreto foi institu\u00eddo por delibera\u00e7\u00e3o unipessoal do presidente da C\u00e2mara, no meio do jogo. Sem\u00a0autoriza\u00e7\u00e3o constitucional, sem autoriza\u00e7\u00e3o legal, sem autoriza\u00e7\u00e3o regimental ele disse: &#8216;vai ser secreto&#8217;.\u00a0A vida na democracia n\u00e3o funciona assim.\u201d<\/em><\/p>\n<p>A opini\u00e3o do Min. Barroso acabou influenciado os demais Ministros do STF, que se manifestaram pela <strong><em>vota\u00e7\u00e3o aberta<\/em><\/strong>.<\/p>\n<p>Mas temos que deixar aqui bem claro que o STF fez uma \u201c<em>pirueta interpretativa<\/em>\u201d. Impressionante o malabarismo da Corte ao interpretar algo que \u00e9 claro. Mais impressionante, ainda, \u00e9 que o Min. Barroso tenha dito que o \u201c<em>voto secreto foi institu\u00eddo sem autoriza\u00e7\u00e3o regimental<\/em>\u201d. Ele n\u00e3o deve ter lido o Regimento Interno&#8230;<\/p>\n<p>Simplificando, a Constitui\u00e7\u00e3o d\u00e1 poderes ao Regimento Interno para determinar a forma de constitui\u00e7\u00e3o das Comiss\u00f5es; o Regimento, por sua vez, determina explicitamente que a vota\u00e7\u00e3o ser\u00e1 secreta. Mesmo assim, o STF decidiu que a vota\u00e7\u00e3o ser\u00e1 aberta.<\/p>\n<p><strong>2) Possibilidade de candidaturas avulsas para a forma\u00e7\u00e3o da Comiss\u00e3o Especial<\/strong>:<\/p>\n<p>O art. 19, da Lei n\u00ba 1.079\/50 determina que devem participar da Comiss\u00e3o Especial representantes de todos os partidos, observada a respectiva propor\u00e7\u00e3o.<\/p>\n<p>A pol\u00eamica, ent\u00e3o, \u00e9 a seguinte: esses representantes dos partidos devem ser indicados pelos l\u00edderes ou s\u00e3o admitidas candidaturas avulsas?<\/p>\n<p>O art. 33, \u00a7\u00a01\u00ba, do Regimento Interno, determina que \u201c<em>as Comiss\u00f5es Tempor\u00e1rias compor-se-\u00e3o do n\u00famero de membros que for previsto no ato ou requerimento de sua constitui\u00e7\u00e3o, <strong>designados pelo Presidente por indica\u00e7\u00e3o dos L\u00edderes<\/strong>, ou independentemente desta se, no prazo de quarenta e oito horas ap\u00f3s criar-se a Comiss\u00e3o, n\u00e3o se fizer a escolha\u201d. <\/em><\/p>\n<p>As Comiss\u00f5es Tempor\u00e1rias da C\u00e2mara s\u00e3o, ent\u00e3o, formadas por membros designados pelos l\u00edderes partid\u00e1rios. Por essa l\u00f3gica, o l\u00edder do PMDB poderia designar quais deputados do partido participar\u00e3o da Comiss\u00e3o. Destaque-se, todavia, que n\u00e3o estaremos a\u00ed diante de uma elei\u00e7\u00e3o, mas sim de mera escolha \/ designa\u00e7\u00e3o. A Lei n\u00ba 1.079\/1950 estaria, a princ\u00edpio, sendo contrariada.<\/p>\n<p>O que foi feito, ent\u00e3o, na C\u00e2mara dos Deputados?<\/p>\n<p>Na C\u00e2mara dos Deputados, foram criadas duas \u201cchapas\u201d: a primeira, formada pelos Deputados indicados pelos l\u00edderes partid\u00e1rios; a segunda \u201cchapa\u201d, por sua vez, seria formada por candidaturas avulsas, observando-se a propor\u00e7\u00e3o partid\u00e1ria em sua composi\u00e7\u00e3o. Ocorreu, ent\u00e3o, a elei\u00e7\u00e3o da Comiss\u00e3o Especial em plen\u00e1rio. Ganhou a chapa formada por candidaturas avulsas.<\/p>\n<p>O STF, apreciando o tema, decidiu pela <strong><em>impossibilidade da exist\u00eancia de candidaturas avulsas<\/em><\/strong> para a forma\u00e7\u00e3o da Comiss\u00e3o Especial. O Min. Barroso deixou consignado o seu entendimento de que a palavra \u201celei\u00e7\u00e3o\u201d, prevista na Lei n\u00ba 1.079\/50 deve ser entendida como sin\u00f4nima de \u201cescolha\u201d. Para ele, os membros da Comiss\u00e3o Especial devem ser \u201cescolhidos\u201d pelos l\u00edderes partid\u00e1rios.<\/p>\n<p><strong>3) Processo e Julgamento no Senado Federal<\/strong>:<\/p>\n<p>A Constitui\u00e7\u00e3o Federal determina que \u00a0<em>\u201cadmitida a acusa\u00e7\u00e3o contra o Presidente da Rep\u00fablica, por dois ter\u00e7os da C\u00e2mara dos Deputados, ser\u00e1 ele submetido a julgamento perante o Supremo Tribunal Federal, nas infra\u00e7\u00f5es penais comuns, ou perante o Senado Federal, nos crimes de responsabilidade<\/em>\u201d.<\/p>\n<p>At\u00e9 a ADPF 378, a doutrina e a jurisprud\u00eancia eram un\u00e2nimes em reconhecer que, uma vez admitida a acusa\u00e7\u00e3o contra o Presidente da Rep\u00fablica pela C\u00e2mara dos Deputados, o <strong><em>Senado Federal estaria obrigado a instaurar o processo<\/em><\/strong>.<\/p>\n<p>Em outras palavras, o ju\u00edzo de admissibilidade pol\u00edtico da C\u00e2mara dos Deputados vinculava o Senado Federal. N\u00e3o havia outra op\u00e7\u00e3o. Ap\u00f3s a autoriza\u00e7\u00e3o da C\u00e2mara dos Deputados (por 2\/3 dos seus membros), o Senado deveria processar e julgar o Presidente da Rep\u00fablica.<\/p>\n<p>N\u00e3o foi esse, todavia, o entendimento que prevaleceu!<\/p>\n<p>Na ADPF 378, o STF decidiu que, no Senado, haver\u00e1 <strong><em>novo ju\u00edzo de admissibilidade da den\u00fancia<\/em><\/strong> (por maioria simples). O Senado Federal possui, dessa forma, <strong><em>discricionariedade<\/em><\/strong> para decidir pela instaura\u00e7\u00e3o ou n\u00e3o do processo contra o Presidente da Rep\u00fablica. Em outras palavras, <strong><em>o Senado Federal n\u00e3o est\u00e1 vinculado<\/em><\/strong> ao ju\u00edzo de admissibilidade da C\u00e2mara dos Deputados.<\/p>\n<p>Admitida a den\u00fancia pelo Senado Federal (por maioria simples), ser\u00e1 <strong><em>instaurado o processo<\/em><\/strong> contra o Presidente. O Senado Federal ir\u00e1, ent\u00e3o, atuar como verdadeiro \u201cTribunal pol\u00edtico\u201d, sendo presidido pelo Presidente do STF. A condena\u00e7\u00e3o do Presidente pelo Senado Federal depende do <strong><em>voto nominal <\/em><\/strong><em>(aberto)<strong> de 2\/3 dos seus membros<\/strong><\/em>.<\/p>\n<p>&#8230;<\/p>\n<p>Abra\u00e7os,<\/p>\n<p>Ricardo Vale<\/p>\n<p><em><strong>&#8220;O segredo do sucesso \u00e9 a const\u00e2ncia no objetivo&#8221;<\/strong><\/em><\/p>\n<p><strong>Periscope:<\/strong> <strong>@profricardovale\u00a0<\/strong><\/p>\n<p><strong>Facebook:\u00a0<\/strong><a href=\"https:\/\/www.facebook.com\/profricardovale\/\">https:\/\/www.facebook.com\/profricardovale\/<\/a><\/p>\n","protected":false},"excerpt":{"rendered":"<p>Ol\u00e1, pessoal, tudo bem? Aqui \u00e9 o Ricardo Vale, coordenador e professor do Estrat\u00e9gia Concursos. Hoje, gostaria de conversar com voc\u00eas sobre o assunto do momento: o impeachment do Presidente da Rep\u00fablica. Sem d\u00favida, \u00e9 um tema que deve ser cada vez mais cobrado em provas de concurso p\u00fablico. O Supremo Tribunal definiu, ontem (18\/12\/2015), [&hellip;]<\/p>\n","protected":false},"author":26,"featured_media":0,"comment_status":"open","ping_status":"open","sticky":false,"template":"","format":"standard","meta":{"post_tipo":"article","footnotes":""},"categories":[1],"tags":[1133],"tax_estado":[],"class_list":["post-30732","post","type-post","status-publish","format-standard","hentry","category-cursos-e-concursos","tag-impeachment"],"acf":[],"yoast_head":"<!-- This site is optimized with the Yoast SEO Premium plugin v27.2 (Yoast SEO v27.2) - https:\/\/yoast.com\/product\/yoast-seo-premium-wordpress\/ -->\n<title>[ADPF 378] Novo Rito do Impeachment do Presidente da Rep\u00fablica<\/title>\n<meta name=\"description\" content=\"Nesse artigo, o Prof. Ricardo Vale comenta o novo rito do impeachment do Presidente da Rep\u00fablica, conforme definido na ADPF 378.\" \/>\n<meta name=\"robots\" content=\"index, follow, max-snippet:-1, max-image-preview:large, max-video-preview:-1\" \/>\n<link rel=\"canonical\" href=\"https:\/\/www.estrategiaconcursos.com.br\/blog\/adpf-378-novo-rito-do-impeachment-do-presidente-da-republica\/\" \/>\n<meta property=\"og:locale\" content=\"pt_BR\" \/>\n<meta property=\"og:type\" content=\"article\" \/>\n<meta property=\"og:title\" content=\"[ADPF 378] Novo Rito do Impeachment do Presidente da Rep\u00fablica\" \/>\n<meta property=\"og:description\" content=\"Nesse artigo, o Prof. Ricardo Vale comenta o novo rito do impeachment do Presidente da Rep\u00fablica, conforme definido na ADPF 378.\" \/>\n<meta property=\"og:url\" content=\"https:\/\/www.estrategiaconcursos.com.br\/blog\/adpf-378-novo-rito-do-impeachment-do-presidente-da-republica\/\" \/>\n<meta property=\"og:site_name\" content=\"Estrat\u00e9gia Concursos\" \/>\n<meta property=\"article:author\" content=\"https:\/\/www.facebook.com\/rvale01\" \/>\n<meta property=\"article:published_time\" content=\"2015-12-18T15:23:54+00:00\" \/>\n<meta property=\"article:modified_time\" content=\"2015-12-22T11:34:44+00:00\" \/>\n<meta name=\"author\" content=\"Ricardo Vale\" \/>\n<meta name=\"twitter:card\" content=\"summary_large_image\" \/>\n<meta name=\"twitter:creator\" content=\"@https:\/\/twitter.com\/EstratConcursos\" \/>\n<meta name=\"twitter:site\" content=\"@EstratConcursos\" \/>\n<meta name=\"twitter:label1\" content=\"Escrito por\" \/>\n\t<meta name=\"twitter:data1\" content=\"Ricardo Vale\" \/>\n\t<meta name=\"twitter:label2\" content=\"Est. tempo de leitura\" \/>\n\t<meta name=\"twitter:data2\" content=\"7 minutos\" \/>\n<script type=\"application\/ld+json\" class=\"yoast-schema-graph\">{\"@context\":\"https:\/\/schema.org\",\"@graph\":[{\"@type\":\"NewsArticle\",\"@id\":\"https:\/\/www.estrategiaconcursos.com.br\/blog\/adpf-378-novo-rito-do-impeachment-do-presidente-da-republica\/#article\",\"isPartOf\":{\"@id\":\"https:\/\/www.estrategiaconcursos.com.br\/blog\/adpf-378-novo-rito-do-impeachment-do-presidente-da-republica\/\"},\"author\":{\"name\":\"Ricardo Vale\",\"@id\":\"https:\/\/www.estrategiaconcursos.com.br\/blog\/#\/schema\/person\/c32e47dba2159cafe7796a9569a6ff7e\"},\"headline\":\"[ADPF 378] Novo Rito do Impeachment do Presidente da Rep\u00fablica\",\"datePublished\":\"2015-12-18T15:23:54+00:00\",\"dateModified\":\"2015-12-22T11:34:44+00:00\",\"mainEntityOfPage\":{\"@id\":\"https:\/\/www.estrategiaconcursos.com.br\/blog\/adpf-378-novo-rito-do-impeachment-do-presidente-da-republica\/\"},\"wordCount\":1442,\"commentCount\":20,\"publisher\":{\"@id\":\"https:\/\/www.estrategiaconcursos.com.br\/blog\/#organization\"},\"keywords\":[\"Impeachment\"],\"articleSection\":[\"Concursos P\u00fablicos\"],\"inLanguage\":\"pt-BR\",\"potentialAction\":[{\"@type\":\"CommentAction\",\"name\":\"Comment\",\"target\":[\"https:\/\/www.estrategiaconcursos.com.br\/blog\/adpf-378-novo-rito-do-impeachment-do-presidente-da-republica\/#respond\"]}],\"copyrightYear\":\"2015\",\"copyrightHolder\":{\"@id\":\"https:\/\/www.estrategiaconcursos.com.br\/blog\/#organization\"}},{\"@type\":\"WebPage\",\"@id\":\"https:\/\/www.estrategiaconcursos.com.br\/blog\/adpf-378-novo-rito-do-impeachment-do-presidente-da-republica\/\",\"url\":\"https:\/\/www.estrategiaconcursos.com.br\/blog\/adpf-378-novo-rito-do-impeachment-do-presidente-da-republica\/\",\"name\":\"[ADPF 378] Novo Rito do Impeachment do Presidente da Rep\u00fablica\",\"isPartOf\":{\"@id\":\"https:\/\/www.estrategiaconcursos.com.br\/blog\/#website\"},\"datePublished\":\"2015-12-18T15:23:54+00:00\",\"dateModified\":\"2015-12-22T11:34:44+00:00\",\"description\":\"Nesse artigo, o Prof. Ricardo Vale comenta o novo rito do impeachment do Presidente da Rep\u00fablica, conforme definido na ADPF 378.\",\"breadcrumb\":{\"@id\":\"https:\/\/www.estrategiaconcursos.com.br\/blog\/adpf-378-novo-rito-do-impeachment-do-presidente-da-republica\/#breadcrumb\"},\"inLanguage\":\"pt-BR\",\"potentialAction\":[{\"@type\":\"ReadAction\",\"target\":[\"https:\/\/www.estrategiaconcursos.com.br\/blog\/adpf-378-novo-rito-do-impeachment-do-presidente-da-republica\/\"]}]},{\"@type\":\"BreadcrumbList\",\"@id\":\"https:\/\/www.estrategiaconcursos.com.br\/blog\/adpf-378-novo-rito-do-impeachment-do-presidente-da-republica\/#breadcrumb\",\"itemListElement\":[{\"@type\":\"ListItem\",\"position\":1,\"name\":\"In\u00edcio\",\"item\":\"https:\/\/www.estrategiaconcursos.com.br\/blog\/\"},{\"@type\":\"ListItem\",\"position\":2,\"name\":\"[ADPF 378] Novo Rito do Impeachment do Presidente da Rep\u00fablica\"}]},{\"@type\":\"WebSite\",\"@id\":\"https:\/\/www.estrategiaconcursos.com.br\/blog\/#website\",\"url\":\"https:\/\/www.estrategiaconcursos.com.br\/blog\/\",\"name\":\"Estrat\u00e9gia Concursos\",\"description\":\"O blog da Estrat\u00e9gia Concursos traz not\u00edcias sobre concursos e artigos de professores oferecendo cursos para concursos (pdf + videaulas) no site.\",\"publisher\":{\"@id\":\"https:\/\/www.estrategiaconcursos.com.br\/blog\/#organization\"},\"potentialAction\":[{\"@type\":\"SearchAction\",\"target\":{\"@type\":\"EntryPoint\",\"urlTemplate\":\"https:\/\/www.estrategiaconcursos.com.br\/blog\/?s={search_term_string}\"},\"query-input\":{\"@type\":\"PropertyValueSpecification\",\"valueRequired\":true,\"valueName\":\"search_term_string\"}}],\"inLanguage\":\"pt-BR\"},{\"@type\":\"Organization\",\"@id\":\"https:\/\/www.estrategiaconcursos.com.br\/blog\/#organization\",\"name\":\"Estrat\u00e9gia Concursos\",\"url\":\"https:\/\/www.estrategiaconcursos.com.br\/blog\/\",\"logo\":{\"@type\":\"ImageObject\",\"inLanguage\":\"pt-BR\",\"@id\":\"https:\/\/www.estrategiaconcursos.com.br\/blog\/#\/schema\/logo\/image\/\",\"url\":\"https:\/\/dhg1h5j42swfq.cloudfront.net\/2025\/06\/03203428\/logo_concursos-1.jpg\",\"contentUrl\":\"https:\/\/dhg1h5j42swfq.cloudfront.net\/2025\/06\/03203428\/logo_concursos-1.jpg\",\"width\":230,\"height\":60,\"caption\":\"Estrat\u00e9gia Concursos\"},\"image\":{\"@id\":\"https:\/\/www.estrategiaconcursos.com.br\/blog\/#\/schema\/logo\/image\/\"},\"sameAs\":[\"https:\/\/x.com\/EstratConcursos\"]},{\"@type\":\"Person\",\"@id\":\"https:\/\/www.estrategiaconcursos.com.br\/blog\/#\/schema\/person\/c32e47dba2159cafe7796a9569a6ff7e\",\"name\":\"Ricardo Vale\",\"image\":{\"@type\":\"ImageObject\",\"inLanguage\":\"pt-BR\",\"@id\":\"https:\/\/secure.gravatar.com\/avatar\/e5a5658c798bb49dd53314263f59f38c192d73370fb65839a372c2ae9027be74?s=96&d=mm&r=g\",\"url\":\"https:\/\/secure.gravatar.com\/avatar\/e5a5658c798bb49dd53314263f59f38c192d73370fb65839a372c2ae9027be74?s=96&d=mm&r=g\",\"contentUrl\":\"https:\/\/secure.gravatar.com\/avatar\/e5a5658c798bb49dd53314263f59f38c192d73370fb65839a372c2ae9027be74?s=96&d=mm&r=g\",\"caption\":\"Ricardo Vale\"},\"sameAs\":[\"https:\/\/www.facebook.com\/rvale01\",\"https:\/\/x.com\/https:\/\/twitter.com\/EstratConcursos\"],\"url\":\"https:\/\/www.estrategiaconcursos.com.br\/blog\/author\/ricardovaleestrategiaconcursos-com-br\/\"}]}<\/script>\n<!-- \/ Yoast SEO Premium plugin. -->","yoast_head_json":{"title":"[ADPF 378] Novo Rito do Impeachment do Presidente da Rep\u00fablica","description":"Nesse artigo, o Prof. Ricardo Vale comenta o novo rito do impeachment do Presidente da Rep\u00fablica, conforme definido na ADPF 378.","robots":{"index":"index","follow":"follow","max-snippet":"max-snippet:-1","max-image-preview":"max-image-preview:large","max-video-preview":"max-video-preview:-1"},"canonical":"https:\/\/www.estrategiaconcursos.com.br\/blog\/adpf-378-novo-rito-do-impeachment-do-presidente-da-republica\/","og_locale":"pt_BR","og_type":"article","og_title":"[ADPF 378] Novo Rito do Impeachment do Presidente da Rep\u00fablica","og_description":"Nesse artigo, o Prof. Ricardo Vale comenta o novo rito do impeachment do Presidente da Rep\u00fablica, conforme definido na ADPF 378.","og_url":"https:\/\/www.estrategiaconcursos.com.br\/blog\/adpf-378-novo-rito-do-impeachment-do-presidente-da-republica\/","og_site_name":"Estrat\u00e9gia Concursos","article_author":"https:\/\/www.facebook.com\/rvale01","article_published_time":"2015-12-18T15:23:54+00:00","article_modified_time":"2015-12-22T11:34:44+00:00","author":"Ricardo Vale","twitter_card":"summary_large_image","twitter_creator":"@https:\/\/twitter.com\/EstratConcursos","twitter_site":"@EstratConcursos","twitter_misc":{"Escrito por":"Ricardo Vale","Est. tempo de leitura":"7 minutos"},"schema":{"@context":"https:\/\/schema.org","@graph":[{"@type":"NewsArticle","@id":"https:\/\/www.estrategiaconcursos.com.br\/blog\/adpf-378-novo-rito-do-impeachment-do-presidente-da-republica\/#article","isPartOf":{"@id":"https:\/\/www.estrategiaconcursos.com.br\/blog\/adpf-378-novo-rito-do-impeachment-do-presidente-da-republica\/"},"author":{"name":"Ricardo Vale","@id":"https:\/\/www.estrategiaconcursos.com.br\/blog\/#\/schema\/person\/c32e47dba2159cafe7796a9569a6ff7e"},"headline":"[ADPF 378] Novo Rito do Impeachment do Presidente da Rep\u00fablica","datePublished":"2015-12-18T15:23:54+00:00","dateModified":"2015-12-22T11:34:44+00:00","mainEntityOfPage":{"@id":"https:\/\/www.estrategiaconcursos.com.br\/blog\/adpf-378-novo-rito-do-impeachment-do-presidente-da-republica\/"},"wordCount":1442,"commentCount":20,"publisher":{"@id":"https:\/\/www.estrategiaconcursos.com.br\/blog\/#organization"},"keywords":["Impeachment"],"articleSection":["Concursos P\u00fablicos"],"inLanguage":"pt-BR","potentialAction":[{"@type":"CommentAction","name":"Comment","target":["https:\/\/www.estrategiaconcursos.com.br\/blog\/adpf-378-novo-rito-do-impeachment-do-presidente-da-republica\/#respond"]}],"copyrightYear":"2015","copyrightHolder":{"@id":"https:\/\/www.estrategiaconcursos.com.br\/blog\/#organization"}},{"@type":"WebPage","@id":"https:\/\/www.estrategiaconcursos.com.br\/blog\/adpf-378-novo-rito-do-impeachment-do-presidente-da-republica\/","url":"https:\/\/www.estrategiaconcursos.com.br\/blog\/adpf-378-novo-rito-do-impeachment-do-presidente-da-republica\/","name":"[ADPF 378] Novo Rito do Impeachment do Presidente da Rep\u00fablica","isPartOf":{"@id":"https:\/\/www.estrategiaconcursos.com.br\/blog\/#website"},"datePublished":"2015-12-18T15:23:54+00:00","dateModified":"2015-12-22T11:34:44+00:00","description":"Nesse artigo, o Prof. Ricardo Vale comenta o novo rito do impeachment do Presidente da Rep\u00fablica, conforme definido na ADPF 378.","breadcrumb":{"@id":"https:\/\/www.estrategiaconcursos.com.br\/blog\/adpf-378-novo-rito-do-impeachment-do-presidente-da-republica\/#breadcrumb"},"inLanguage":"pt-BR","potentialAction":[{"@type":"ReadAction","target":["https:\/\/www.estrategiaconcursos.com.br\/blog\/adpf-378-novo-rito-do-impeachment-do-presidente-da-republica\/"]}]},{"@type":"BreadcrumbList","@id":"https:\/\/www.estrategiaconcursos.com.br\/blog\/adpf-378-novo-rito-do-impeachment-do-presidente-da-republica\/#breadcrumb","itemListElement":[{"@type":"ListItem","position":1,"name":"In\u00edcio","item":"https:\/\/www.estrategiaconcursos.com.br\/blog\/"},{"@type":"ListItem","position":2,"name":"[ADPF 378] Novo Rito do Impeachment do Presidente da Rep\u00fablica"}]},{"@type":"WebSite","@id":"https:\/\/www.estrategiaconcursos.com.br\/blog\/#website","url":"https:\/\/www.estrategiaconcursos.com.br\/blog\/","name":"Estrat\u00e9gia Concursos","description":"O blog da Estrat\u00e9gia Concursos traz not\u00edcias sobre concursos e artigos de professores oferecendo cursos para concursos (pdf + videaulas) no site.","publisher":{"@id":"https:\/\/www.estrategiaconcursos.com.br\/blog\/#organization"},"potentialAction":[{"@type":"SearchAction","target":{"@type":"EntryPoint","urlTemplate":"https:\/\/www.estrategiaconcursos.com.br\/blog\/?s={search_term_string}"},"query-input":{"@type":"PropertyValueSpecification","valueRequired":true,"valueName":"search_term_string"}}],"inLanguage":"pt-BR"},{"@type":"Organization","@id":"https:\/\/www.estrategiaconcursos.com.br\/blog\/#organization","name":"Estrat\u00e9gia Concursos","url":"https:\/\/www.estrategiaconcursos.com.br\/blog\/","logo":{"@type":"ImageObject","inLanguage":"pt-BR","@id":"https:\/\/www.estrategiaconcursos.com.br\/blog\/#\/schema\/logo\/image\/","url":"https:\/\/dhg1h5j42swfq.cloudfront.net\/2025\/06\/03203428\/logo_concursos-1.jpg","contentUrl":"https:\/\/dhg1h5j42swfq.cloudfront.net\/2025\/06\/03203428\/logo_concursos-1.jpg","width":230,"height":60,"caption":"Estrat\u00e9gia Concursos"},"image":{"@id":"https:\/\/www.estrategiaconcursos.com.br\/blog\/#\/schema\/logo\/image\/"},"sameAs":["https:\/\/x.com\/EstratConcursos"]},{"@type":"Person","@id":"https:\/\/www.estrategiaconcursos.com.br\/blog\/#\/schema\/person\/c32e47dba2159cafe7796a9569a6ff7e","name":"Ricardo Vale","image":{"@type":"ImageObject","inLanguage":"pt-BR","@id":"https:\/\/secure.gravatar.com\/avatar\/e5a5658c798bb49dd53314263f59f38c192d73370fb65839a372c2ae9027be74?s=96&d=mm&r=g","url":"https:\/\/secure.gravatar.com\/avatar\/e5a5658c798bb49dd53314263f59f38c192d73370fb65839a372c2ae9027be74?s=96&d=mm&r=g","contentUrl":"https:\/\/secure.gravatar.com\/avatar\/e5a5658c798bb49dd53314263f59f38c192d73370fb65839a372c2ae9027be74?s=96&d=mm&r=g","caption":"Ricardo Vale"},"sameAs":["https:\/\/www.facebook.com\/rvale01","https:\/\/x.com\/https:\/\/twitter.com\/EstratConcursos"],"url":"https:\/\/www.estrategiaconcursos.com.br\/blog\/author\/ricardovaleestrategiaconcursos-com-br\/"}]}},"_links":{"self":[{"href":"https:\/\/www.estrategiaconcursos.com.br\/blog\/wp-json\/wp\/v2\/posts\/30732","targetHints":{"allow":["GET"]}}],"collection":[{"href":"https:\/\/www.estrategiaconcursos.com.br\/blog\/wp-json\/wp\/v2\/posts"}],"about":[{"href":"https:\/\/www.estrategiaconcursos.com.br\/blog\/wp-json\/wp\/v2\/types\/post"}],"author":[{"embeddable":true,"href":"https:\/\/www.estrategiaconcursos.com.br\/blog\/wp-json\/wp\/v2\/users\/26"}],"replies":[{"embeddable":true,"href":"https:\/\/www.estrategiaconcursos.com.br\/blog\/wp-json\/wp\/v2\/comments?post=30732"}],"version-history":[{"count":2,"href":"https:\/\/www.estrategiaconcursos.com.br\/blog\/wp-json\/wp\/v2\/posts\/30732\/revisions"}],"predecessor-version":[{"id":30735,"href":"https:\/\/www.estrategiaconcursos.com.br\/blog\/wp-json\/wp\/v2\/posts\/30732\/revisions\/30735"}],"wp:attachment":[{"href":"https:\/\/www.estrategiaconcursos.com.br\/blog\/wp-json\/wp\/v2\/media?parent=30732"}],"wp:term":[{"taxonomy":"category","embeddable":true,"href":"https:\/\/www.estrategiaconcursos.com.br\/blog\/wp-json\/wp\/v2\/categories?post=30732"},{"taxonomy":"post_tag","embeddable":true,"href":"https:\/\/www.estrategiaconcursos.com.br\/blog\/wp-json\/wp\/v2\/tags?post=30732"},{"taxonomy":"tax_estado","embeddable":true,"href":"https:\/\/www.estrategiaconcursos.com.br\/blog\/wp-json\/wp\/v2\/tax_estado?post=30732"}],"curies":[{"name":"wp","href":"https:\/\/api.w.org\/{rel}","templated":true}]}}