{"id":30021,"date":"2015-12-08T17:20:47","date_gmt":"2015-12-08T20:20:47","guid":{"rendered":"http:\/\/www.estrategiaconcursos.com.br\/blog\/?p=30021"},"modified":"2015-12-10T08:48:49","modified_gmt":"2015-12-10T11:48:49","slug":"portugues-fcc","status":"publish","type":"post","link":"https:\/\/www.estrategiaconcursos.com.br\/blog\/portugues-fcc\/","title":{"rendered":"Portugu\u00eas FCC"},"content":{"rendered":"<p>Portugu\u00eas FCC<\/p>\n<p>Ol\u00e1, vencedores!! Tudo bem?<\/p>\n<p>Estou aqui para falar especialmente com aqueles que est\u00e3o se preparando para prestar concursos organizados pela <strong>Funda\u00e7\u00e3o Carlos Chagas<\/strong>, a famosa <strong>FCC<\/strong>!!! Meu foco \u00e9 o Portugu\u00eas FCC e, de cara, sem balela, vamos direto para quest\u00f5es \u201cquentinhas\u201d comentadas por mim!! S\u00e3o quest\u00f5es do concurso do TRE-PB, que aconteceu em novembro de 2015! Sim, suuuuper recente! Entenda como uma das bancas mais populares do Brasil tem cobrado os conte\u00fados de L\u00edngua portuguesa! Vamos juntos!<\/p>\n<p><a href=\"https:\/\/dhg1h5j42swfq.cloudfront.net\/2015\/12\/08171757\/logo-FCC.jpg\"><img loading=\"lazy\" decoding=\"async\" class=\"alignnone  wp-image-30124\" src=\"https:\/\/dhg1h5j42swfq.cloudfront.net\/2015\/12\/08171757\/logo-FCC-300x225.jpg\" alt=\"logo FCC\" width=\"155\" height=\"118\" \/><\/a><\/p>\n<p>O rio Para\u00edba corria bem pr\u00f3ximo ao cercado. Chamavam-no &#8220;o rio&#8221;. E era tudo. Em tempos antigos fora muito mais estreito. Os marizeiros e as ingazeiras apertavam as duas margens e as \u00e1guas corriam em leito mais fundo. Agora era largo e, quando descia nas grandes enchentes, fazia medo. Contava-se o tempo pelas eras das cheias. Isto se deu na cheia de 93, aquilo se fez depois da cheia de 68. Para n\u00f3s meninos, o rio era mesmo a nossa serventia nos tempos de ver\u00e3o, quando as \u00e1guas partiam e se retinham nos po\u00e7os. Os moleques sa\u00edam para lavar os cavalos e \u00edamos com eles. Havia o Po\u00e7o das Pedras, l\u00e1 para as bandas da Paci\u00eancia. Punham-se os animais dentro d\u2019\u00e1gua e fic\u00e1vamos nos banhos, nos cangap\u00e9s. Os aru\u00e1s cobriam os lajedos, botando gosma pelo casco. Nas grandes secas o povo comia aru\u00e1 que tinha gosto de lama. O leito do rio cobria-se de junco e faziam-se planta\u00e7\u00f5es de batata-doce pelas vazantes. Era o bom rio da seca a pagar o que fizera de mau nas cheias devastadoras. E quando ainda n\u00e3o partia a corrente, o povo grande do engenho armava banheiros de palha para o banho das mo\u00e7as. As minhas tias desciam para a \u00e1gua fria do Para\u00edba que ainda n\u00e3o cortava sab\u00e3o.<br \/>\nO rio para mim seria um ponto de contato com o mundo. Quando estava ele de barreira a barreira, no marizeiro maior, amarravam a canoa que Z\u00e9 Guedes manobrava.<br \/>\nVinham cargueiros do outro lado pedindo passagem. Tiravam as cangalhas dos cavalos e, enquanto os canoeiros remavam a toda a for\u00e7a, os animais, com as cabe\u00e7as agarradas pelo cabresto, seguiam nadando ao lado da embarca\u00e7\u00e3o. Ouvia ent\u00e3o a conversa dos estranhos. Quase sempre eram aguardenteiros contrabandistas que atravessavam, vindos dos engenhos de Itamb\u00e9 com destino ao sert\u00e3o. Falavam do outro lado do mundo, de terras que n\u00e3o eram de meu av\u00f4. Os grandes do engenho n\u00e3o gostavam de me ver metido com aquela gente. \u00c0s vezes o meu av\u00f4 aparecia para dar gritos. Escondia-me no fundo da canoa at\u00e9 que ele fosse para longe. Uma vez eu e o moleque Ricardo chegamos na beira do rio e n\u00e3o havia ningu\u00e9m. O Para\u00edba dava somente um nado e corria no manso, sem correnteza forte. Ricardo desatou a corda, meteu-se na canoa comigo, e quando procurou manobrar era imposs\u00edvel. A canoa foi descendo de rio abaixo aos arrancos da \u00e1gua. N\u00e3o havia for\u00e7a que pudesse cont\u00ea-la. Pus-me a chorar alto, senti-me arrastado para o fim da terra. Mas Z\u00e9 Guedes, vendo a canoa solta, correu pela beira do rio e foi nos pegar quase que no Po\u00e7o das Pedras. Ricardo nem tomara conhecimento do desastre. Estava sentado na popa. Z\u00e9 Guedes por\u00e9m deu-lhe umas lapadas de cintur\u00e3o e gritou para mim:<br \/>\n\u2212 Vou dizer ao velho!<br \/>\nN\u00e3o disse nada. Apenas a viagem malograda me deixou alarmado. Fiquei com medo da canoa e apavorado com o rio. S\u00f3 mais tarde \u00e9 que voltaria ele a ser para mim mestre de vida.<br \/>\n(REGO, Jos\u00e9 Lins do. &#8220;O Rio&#8221;. In: VV.AA. O Melhor da Cr\u00f4nica Brasileira. Rio de Janeiro: Jos\u00e9 Olympio Editora, 1997, p. 43)<\/p>\n<p>INTERPRETA\u00c7\u00c3O TEXTUAL<br \/>\n1. (TRE\/PB \u2013 2015 \u2013 AAJA &#8211; FCC) Conforme o texto,<br \/>\n(A) o av\u00f4, dono de engenho, n\u00e3o gostava dos viajantes, pois questionavam sua soberania ao falarem de lugares dos quais ele n\u00e3o era dono, ainda que o narrador j\u00e1 os conhecesse.<br \/>\n(B) o sentido de Chamavam-no &#8220;o rio&#8221; (1o par\u00e1grafo) \u00e9 imediatamente posto em quest\u00e3o pela frase seguinte (E era tudo), visto que esta constata\u00e7\u00e3o se afasta do modo de ver o rio pelas pessoas.<br \/>\n(C) embora n\u00e3o tivessem subestimado o rio, o narrador e seu amigo Ricardo assustam-se com a correnteza e com o logro praticado por Z\u00e9 Guedes.<br \/>\n(D) a \u00e9poca de estiagem proporcionava o verdadeiro per\u00edodo f\u00e9rtil do rio, uma vez que seu leito era ent\u00e3o o lugar de plantio e de divers\u00e3o para os meninos, em contraposi\u00e7\u00e3o ao per\u00edodo destrutivo das cheias.<br \/>\n(E) &#8220;Paci\u00eancia&#8221; era o nome que se dava a um lugar bastante afastado, a que se chegava a cavalo e onde o narrador e seu amigo passearam de canoa com Z\u00e9 Guedes.<\/p>\n<p>Coment\u00e1rio: a alternativa correta para essa quest\u00e3o \u00e9 a letra D, o que pode ser confirmado atrav\u00e9s do trecho: \u201cO leito do rio cobria-se de junco e faziam-se planta\u00e7\u00f5es de batata-doce pelas vazantes. Era o bom rio da seca a pagar o que fizera de mau nas cheias devastadoras.\u201d Para as demais op\u00e7\u00f5es, n\u00e3o encontramos respaldo no texto. A alternativa A, por exemplo, est\u00e1 errada, pois n\u00e3o est\u00e1 escrito no texto, nem sugerido que seja, que o av\u00f4 n\u00e3o gostava dos viajantes j\u00e1 que questionavam sua soberania falando de lugares desconhecidos por ele.<br \/>\nGabarito: D<\/p>\n<p>USO DOS PRONOMES<br \/>\n2. (TRE\/PB \u2013 2015 \u2013 AAJA &#8211; FCC) S\u00f3 mais tarde \u00e9 que voltaria ele a ser para mim mestre de vida. (\u00daltimo par\u00e1grafo)<br \/>\nN\u00e3o havia for\u00e7a que pudesse cont\u00ea-<em><strong>la<\/strong><\/em>. (3\u00ba par\u00e1grafo)<br \/>\nNas grandes secas o povo comia aru\u00e1 <strong><em>que<\/em><\/strong> tinha gosto de lama. (1\u00ba par\u00e1grafo)<br \/>\nNas frases acima, os pronomes sublinhados referem-se respectivamente a:<br \/>\n(A) rio \u2212 canoa \u2212 aru\u00e1<br \/>\n(B) Z\u00e9 Guedes \u2212 \u00e1gua \u2212 aru\u00e1<br \/>\n(C) rio \u2212 correnteza \u2212 povo<br \/>\n(D) Z\u00e9 Guedes \u2212 canoa \u2212 povo<br \/>\n(E) Z\u00e9 Guedes \u2212 correnteza \u2013 aru\u00e1<\/p>\n<p>Coment\u00e1rio: os pronomes destacados est\u00e3o retomando nomes que foram mencionados anteriormente no texto, est\u00e3o funcionando como pronomes anaf\u00f3ricos. Respectivamente, eles est\u00e3o retomando as palavras: rio, canoa e aru\u00e1. A alternativa correta \u00e9 letra A.<br \/>\nGabarito: A<\/p>\n<p>REG\u00caNCIA E CRASE<br \/>\n3. (TRE\/PB \u2013 2015 \u2013 AAJA &#8211; FCC) Atente para as seguintes afirma\u00e7\u00f5es:<br \/>\nI. Na frase <strong><em>Uma vez eu e o moleque Ricardo chegamos na beira do rio e n\u00e3o havia ningu\u00e9m<\/em> <\/strong>(3\u00ba par\u00e1grafo), pode-se substituir &#8220;na&#8221; por &#8220;\u00e0&#8221;, mantendo-se a corre\u00e7\u00e3o e, em linhas gerais, o sentido da frase.<br \/>\nII. Em &#8230; <em><strong>enquanto os canoeiros remavam a toda a for\u00e7a<\/strong><\/em>&#8230; (3\u00ba par\u00e1grafo), pode-se acrescentar crase em &#8220;\u00e0 toda a for\u00e7a&#8221;, sem preju\u00edzo para a corre\u00e7\u00e3o da frase.<br \/>\nIII. No segmento <em><strong>As minhas tias desciam para a \u00e1gua fria do Para\u00edba<\/strong><\/em>&#8230; (1\u00ba par\u00e1grafo), pode-se substituir &#8220;para a&#8221; por &#8220;\u00e0&#8221;, sem preju\u00edzo para a corre\u00e7\u00e3o e, em linhas gerais, o sentido da frase.<br \/>\nEst\u00e1 correto o que se afirma APENAS em<br \/>\n(A) I.<br \/>\n(B) II e III.<br \/>\n(C) III.<br \/>\n(D) I e II.<br \/>\n(E) I e III.<\/p>\n<p>Coment\u00e1rio: a op\u00e7\u00e3o I est\u00e1 correta porque o verbo \u201cchegar\u201d rege preposi\u00e7\u00e3o \u201ca\u201d ou \u201cde\u201d (quem chega&#8230; chega a ou de algum lugar), o uso da preposi\u00e7\u00e3o \u201cem\u201d para esse verbo \u00e9 mais comum na linguagem falada. Quanto \u00e0 assertiva II, ressalto que o uso da crase \u00e9 facultativo diante de pronomes possessivos, \u00e9 obrigat\u00f3rio, se o verbo exigir preposi\u00e7\u00e3o, diante de pronomes demonstrativos, mas, no geral, n\u00e3o \u00e9 aceito diante dos demais pronomes. A palavra \u201ctoda\u201d \u00e9 um pronome indefinido, por isso n\u00e3o deve haver crase antes dela. A assertiva III est\u00e1 correta, o verbo \u201cdescer\u201d \u00e9 intransitivo e \u201dpara a \u00e1gua fria do Para\u00edba\u201d \u00e9 adjunto adverbial, podendo ter a preposi\u00e7\u00e3o \u201cpara a\u201d substitu\u00edda por \u201c\u00e0\u201d sem preju\u00edzo algum. A op\u00e7\u00e3o correta, ent\u00e3o, \u00e9 letra E.<br \/>\nGabarito: E<\/p>\n<p>TERMOS DA ORA\u00c7\u00c3O<br \/>\n4. (TRE\/PB \u2013 2015 \u2013 AAJA &#8211; FCC) No trecho <em>Havia <span style=\"text-decoration: underline;\">o Po\u00e7o das Pedras<\/span>, l\u00e1 para as bandas da Paci\u00eancia. Punham-se <span style=\"text-decoration: underline;\">os animais<\/span> dentro d\u2019\u00e1gua e fic\u00e1vamos nos banhos, nos cangap\u00e9s<\/em> (1\u00ba par\u00e1grafo), os elementos sublinhados t\u00eam, respectivamente, a mesma fun\u00e7\u00e3o que os sublinhados em:<br \/>\n(A) <span style=\"text-decoration: underline;\">Os marizeiros e as ingazeiras<\/span> apertavam <span style=\"text-decoration: underline;\">as duas margens<\/span>&#8230; (1\u00ba par\u00e1grafo)<br \/>\n(B) &#8230; amarravam <span style=\"text-decoration: underline;\">a canoa<\/span> que <span style=\"text-decoration: underline;\">Z\u00e9 Guedes<\/span> manobrava. (2\u00ba par\u00e1grafo)<br \/>\n(C) Escondia-me no <span style=\"text-decoration: underline;\">fundo da canoa<\/span> at\u00e9 que <span style=\"text-decoration: underline;\">ele<\/span> fosse para longe. (3\u00ba par\u00e1grafo)<br \/>\n(D) Tiravam <span style=\"text-decoration: underline;\">as cangalhas<\/span> dos cavalos e, enquanto os canoeiros remavam <span style=\"text-decoration: underline;\">a toda a for\u00e7a<\/span>&#8230; (3\u00ba par\u00e1grafo)<br \/>\n(E) <span style=\"text-decoration: underline;\">Ricardo<\/span> desatou a corda, meteu-se na canoa <span style=\"text-decoration: underline;\">comigo<\/span>, e quando procurou manobrar era imposs\u00edvel. (3\u00ba par\u00e1grafo)<\/p>\n<p>Coment\u00e1rio: o termo \u201co Po\u00e7o das Pedras\u201d \u00e9 objeto direto, e \u201cos animais\u201d tem fun\u00e7\u00e3o de sujeito. A op\u00e7\u00e3o em que ambos os termos t\u00eam as mesmas fun\u00e7\u00f5es que essas \u00e9 a letra B. Nas demais alternativas temos, respectivamente:<br \/>\nem A &#8211; sujeito e objeto direto;<br \/>\nem C &#8211; adjunto adnominal e sujeito;<br \/>\nem D \u2013 objeto direto e adjunto adverbial;<br \/>\nem E \u2013 sujeito e adjunto adverbial.<br \/>\nGabarito: B<\/p>\n<p>VOZES DO VERBO<br \/>\n5. (TRE\/PB \u2013 2015 \u2013 AAJA &#8211; FCC) A frase que admite transposi\u00e7\u00e3o para a voz passiva est\u00e1 em:<br \/>\n(A) Na obra de Augusto dos Anjos aparecem&#8230;<br \/>\n(B) Quando a linguagem da poesia desceu ao n\u00edvel da prosa&#8230;<br \/>\n(C) Augusto dos Anjos vive em um ambiente de decad\u00eancia, doen\u00e7a e luto.<br \/>\n(D) &#8230; o Parnasianismo e o Simbolismo eram as tend\u00eancias atuantes na poesia brasileira.<br \/>\n(E) Na \u00e9poca em que Augusto forjava os instrumentos de sua express\u00e3o po\u00e9tica&#8230;<\/p>\n<p>Coment\u00e1rio: s\u00f3 \u00e9 poss\u00edvel a transposi\u00e7\u00e3o de uma ora\u00e7\u00e3o na voz ativa para a voz passiva quando se tratar de um verbo transitivo direto ou bitransitivo, uma vez que o objeto direto da voz ativa torna-se sujeito da voz passiva, e o que era sujeito na voz ativa passa a ser o agente da passiva. Sendo assim, a \u00fanica alternativa em que \u00e9 poss\u00edvel a transposi\u00e7\u00e3o \u00e9 a letra E, ficando assim: Na \u00e9poca em que os instrumentos de sua express\u00e3o po\u00e9tica eram forjados por Augusto.<br \/>\nGabarito: E<\/p>\n<p>Eis, ent\u00e3o, meus queridos, os temas que devem ser a t\u00f4nica do estudo de voc\u00eas para \u201cencararem\u201d a FCC e sa\u00edrem VITORIOSOS: interpreta\u00e7\u00e3o de textos (cerca de 30% da prova), Reg\u00eancia e crase, uso dos pronomes (costuma vir mais de uma quest\u00e3o sobre esse tema, normalmente cobrando an\u00e1fora e pronome relativo), termos da ora\u00e7\u00e3o (rela\u00e7\u00e3o sint\u00e1tica entre os termos) e, por fim, vozes verbais (mais especificamente transposi\u00e7\u00e3o de voz ativa para voz passiva).<\/p>\n<p>Moleza, galera!! Pra cima deles!!! Contem comigo para auxiliar na sua prepara\u00e7\u00e3o!!<br \/>\nForte abra\u00e7o,<\/p>\n<p>Rafaela Freitas.<\/p>\n<p>Meus cursos no Estrat\u00e9gia:<\/p>\n<p><a title=\"Meus cursos no Estrat\u00e9gia Concursos\" href=\"https:\/\/www.estrategiaconcursos.com.br\/cursosPorProfessor\/rafaela-freitas-3351\/\" target=\"_blank\">https:\/\/www.estrategiaconcursos.com.br\/cursosPorProfessor\/rafaela-freitas-3351\/<\/a><\/p>\n<p>P\u00e1gina no Facebook:<\/p>\n<p><a title=\"P\u00e1gina no Facebook\" href=\"https:\/\/www.facebook.com\/prof.rafaelafreitas\/?fref=ts\" target=\"_blank\">https:\/\/www.facebook.com\/prof.rafaelafreitas\/?fref=ts<\/a><\/p>\n","protected":false},"excerpt":{"rendered":"<p>Portugu\u00eas FCC Ol\u00e1, vencedores!! Tudo bem? Estou aqui para falar especialmente com aqueles que est\u00e3o se preparando para prestar concursos organizados pela Funda\u00e7\u00e3o Carlos Chagas, a famosa FCC!!! Meu foco \u00e9 o Portugu\u00eas FCC e, de cara, sem balela, vamos direto para quest\u00f5es \u201cquentinhas\u201d comentadas por mim!! S\u00e3o quest\u00f5es do concurso do TRE-PB, que aconteceu [&hellip;]<\/p>\n","protected":false},"author":190,"featured_media":30124,"comment_status":"open","ping_status":"open","sticky":false,"template":"","format":"standard","meta":{"post_tipo":"article","footnotes":""},"categories":[1],"tags":[328,15,798],"tax_estado":[],"class_list":["post-30021","post","type-post","status-publish","format-standard","has-post-thumbnail","hentry","category-cursos-e-concursos","tag-fcc","tag-portugues","tag-tre-pb"],"acf":[],"yoast_head":"<!-- This site is optimized with the Yoast SEO Premium plugin v27.2 (Yoast SEO v27.2) - https:\/\/yoast.com\/product\/yoast-seo-premium-wordpress\/ -->\n<title>Portugu\u00eas FCC<\/title>\n<meta name=\"description\" content=\"Vamos conhecer tudo sobre Portugu\u00eas FCC em um artigo com quest\u00f5es muito atuais e comentadas! Nada melhor do que estar por dentro da banca organizadora do certame para garantir o sucesso!!\" \/>\n<meta name=\"robots\" content=\"index, follow, max-snippet:-1, max-image-preview:large, max-video-preview:-1\" \/>\n<link rel=\"canonical\" href=\"https:\/\/www.estrategiaconcursos.com.br\/blog\/portugues-fcc\/\" \/>\n<meta property=\"og:locale\" content=\"pt_BR\" \/>\n<meta property=\"og:type\" content=\"article\" \/>\n<meta property=\"og:title\" content=\"Portugu\u00eas FCC\" \/>\n<meta property=\"og:description\" content=\"Vamos conhecer tudo sobre Portugu\u00eas FCC em um artigo com quest\u00f5es muito atuais e comentadas! Nada melhor do que estar por dentro da banca organizadora do certame para garantir o sucesso!!\" \/>\n<meta property=\"og:url\" content=\"https:\/\/www.estrategiaconcursos.com.br\/blog\/portugues-fcc\/\" \/>\n<meta property=\"og:site_name\" content=\"Estrat\u00e9gia Concursos\" \/>\n<meta property=\"article:published_time\" content=\"2015-12-08T20:20:47+00:00\" \/>\n<meta property=\"article:modified_time\" content=\"2015-12-10T11:48:49+00:00\" \/>\n<meta property=\"og:image\" content=\"https:\/\/dhg1h5j42swfq.cloudfront.net\/2015\/12\/08171757\/logo-FCC.jpg\" \/>\n\t<meta property=\"og:image:width\" content=\"300\" \/>\n\t<meta property=\"og:image:height\" content=\"225\" \/>\n\t<meta property=\"og:image:type\" content=\"image\/jpeg\" \/>\n<meta name=\"author\" content=\"Rafaela Freitas\" \/>\n<meta name=\"twitter:card\" content=\"summary_large_image\" \/>\n<meta name=\"twitter:creator\" content=\"@EstratConcursos\" \/>\n<meta name=\"twitter:site\" content=\"@EstratConcursos\" \/>\n<meta name=\"twitter:label1\" content=\"Escrito por\" \/>\n\t<meta name=\"twitter:data1\" content=\"Rafaela Freitas\" \/>\n\t<meta name=\"twitter:label2\" content=\"Est. tempo de leitura\" \/>\n\t<meta name=\"twitter:data2\" content=\"9 minutos\" \/>\n<script type=\"application\/ld+json\" class=\"yoast-schema-graph\">{\"@context\":\"https:\/\/schema.org\",\"@graph\":[{\"@type\":\"NewsArticle\",\"@id\":\"https:\/\/www.estrategiaconcursos.com.br\/blog\/portugues-fcc\/#article\",\"isPartOf\":{\"@id\":\"https:\/\/www.estrategiaconcursos.com.br\/blog\/portugues-fcc\/\"},\"author\":{\"name\":\"Rafaela Freitas\",\"@id\":\"https:\/\/www.estrategiaconcursos.com.br\/blog\/#\/schema\/person\/b91f2c79fa09f992bd34e4182afb626c\"},\"headline\":\"Portugu\u00eas FCC\",\"datePublished\":\"2015-12-08T20:20:47+00:00\",\"dateModified\":\"2015-12-10T11:48:49+00:00\",\"mainEntityOfPage\":{\"@id\":\"https:\/\/www.estrategiaconcursos.com.br\/blog\/portugues-fcc\/\"},\"wordCount\":1829,\"commentCount\":2,\"publisher\":{\"@id\":\"https:\/\/www.estrategiaconcursos.com.br\/blog\/#organization\"},\"image\":{\"@id\":\"https:\/\/www.estrategiaconcursos.com.br\/blog\/portugues-fcc\/#primaryimage\"},\"thumbnailUrl\":\"https:\/\/dhg1h5j42swfq.cloudfront.net\/2015\/12\/08171757\/logo-FCC.jpg\",\"keywords\":[\"FCC\",\"Portugu\u00eas\",\"TRE-PB\"],\"articleSection\":[\"Concursos P\u00fablicos\"],\"inLanguage\":\"pt-BR\",\"potentialAction\":[{\"@type\":\"CommentAction\",\"name\":\"Comment\",\"target\":[\"https:\/\/www.estrategiaconcursos.com.br\/blog\/portugues-fcc\/#respond\"]}],\"copyrightYear\":\"2015\",\"copyrightHolder\":{\"@id\":\"https:\/\/www.estrategiaconcursos.com.br\/blog\/#organization\"}},{\"@type\":\"WebPage\",\"@id\":\"https:\/\/www.estrategiaconcursos.com.br\/blog\/portugues-fcc\/\",\"url\":\"https:\/\/www.estrategiaconcursos.com.br\/blog\/portugues-fcc\/\",\"name\":\"Portugu\u00eas FCC\",\"isPartOf\":{\"@id\":\"https:\/\/www.estrategiaconcursos.com.br\/blog\/#website\"},\"primaryImageOfPage\":{\"@id\":\"https:\/\/www.estrategiaconcursos.com.br\/blog\/portugues-fcc\/#primaryimage\"},\"image\":{\"@id\":\"https:\/\/www.estrategiaconcursos.com.br\/blog\/portugues-fcc\/#primaryimage\"},\"thumbnailUrl\":\"https:\/\/dhg1h5j42swfq.cloudfront.net\/2015\/12\/08171757\/logo-FCC.jpg\",\"datePublished\":\"2015-12-08T20:20:47+00:00\",\"dateModified\":\"2015-12-10T11:48:49+00:00\",\"description\":\"Vamos conhecer tudo sobre Portugu\u00eas FCC em um artigo com quest\u00f5es muito atuais e comentadas! Nada melhor do que estar por dentro da banca organizadora do certame para garantir o sucesso!!\",\"breadcrumb\":{\"@id\":\"https:\/\/www.estrategiaconcursos.com.br\/blog\/portugues-fcc\/#breadcrumb\"},\"inLanguage\":\"pt-BR\",\"potentialAction\":[{\"@type\":\"ReadAction\",\"target\":[\"https:\/\/www.estrategiaconcursos.com.br\/blog\/portugues-fcc\/\"]}]},{\"@type\":\"ImageObject\",\"inLanguage\":\"pt-BR\",\"@id\":\"https:\/\/www.estrategiaconcursos.com.br\/blog\/portugues-fcc\/#primaryimage\",\"url\":\"https:\/\/dhg1h5j42swfq.cloudfront.net\/2015\/12\/08171757\/logo-FCC.jpg\",\"contentUrl\":\"https:\/\/dhg1h5j42swfq.cloudfront.net\/2015\/12\/08171757\/logo-FCC.jpg\",\"width\":300,\"height\":225},{\"@type\":\"BreadcrumbList\",\"@id\":\"https:\/\/www.estrategiaconcursos.com.br\/blog\/portugues-fcc\/#breadcrumb\",\"itemListElement\":[{\"@type\":\"ListItem\",\"position\":1,\"name\":\"In\u00edcio\",\"item\":\"https:\/\/www.estrategiaconcursos.com.br\/blog\/\"},{\"@type\":\"ListItem\",\"position\":2,\"name\":\"Portugu\u00eas FCC\"}]},{\"@type\":\"WebSite\",\"@id\":\"https:\/\/www.estrategiaconcursos.com.br\/blog\/#website\",\"url\":\"https:\/\/www.estrategiaconcursos.com.br\/blog\/\",\"name\":\"Estrat\u00e9gia Concursos\",\"description\":\"O blog da Estrat\u00e9gia Concursos traz not\u00edcias sobre concursos e artigos de professores oferecendo cursos para concursos (pdf + videaulas) no site.\",\"publisher\":{\"@id\":\"https:\/\/www.estrategiaconcursos.com.br\/blog\/#organization\"},\"potentialAction\":[{\"@type\":\"SearchAction\",\"target\":{\"@type\":\"EntryPoint\",\"urlTemplate\":\"https:\/\/www.estrategiaconcursos.com.br\/blog\/?s={search_term_string}\"},\"query-input\":{\"@type\":\"PropertyValueSpecification\",\"valueRequired\":true,\"valueName\":\"search_term_string\"}}],\"inLanguage\":\"pt-BR\"},{\"@type\":\"Organization\",\"@id\":\"https:\/\/www.estrategiaconcursos.com.br\/blog\/#organization\",\"name\":\"Estrat\u00e9gia Concursos\",\"url\":\"https:\/\/www.estrategiaconcursos.com.br\/blog\/\",\"logo\":{\"@type\":\"ImageObject\",\"inLanguage\":\"pt-BR\",\"@id\":\"https:\/\/www.estrategiaconcursos.com.br\/blog\/#\/schema\/logo\/image\/\",\"url\":\"https:\/\/dhg1h5j42swfq.cloudfront.net\/2025\/06\/03203428\/logo_concursos-1.jpg\",\"contentUrl\":\"https:\/\/dhg1h5j42swfq.cloudfront.net\/2025\/06\/03203428\/logo_concursos-1.jpg\",\"width\":230,\"height\":60,\"caption\":\"Estrat\u00e9gia Concursos\"},\"image\":{\"@id\":\"https:\/\/www.estrategiaconcursos.com.br\/blog\/#\/schema\/logo\/image\/\"},\"sameAs\":[\"https:\/\/x.com\/EstratConcursos\"]},{\"@type\":\"Person\",\"@id\":\"https:\/\/www.estrategiaconcursos.com.br\/blog\/#\/schema\/person\/b91f2c79fa09f992bd34e4182afb626c\",\"name\":\"Rafaela Freitas\",\"image\":{\"@type\":\"ImageObject\",\"inLanguage\":\"pt-BR\",\"@id\":\"https:\/\/secure.gravatar.com\/avatar\/97ece78bdb320995d343d6c012a26475a2b8b6a591c52fbbd62c62640f68911e?s=96&d=mm&r=g\",\"url\":\"https:\/\/secure.gravatar.com\/avatar\/97ece78bdb320995d343d6c012a26475a2b8b6a591c52fbbd62c62640f68911e?s=96&d=mm&r=g\",\"contentUrl\":\"https:\/\/secure.gravatar.com\/avatar\/97ece78bdb320995d343d6c012a26475a2b8b6a591c52fbbd62c62640f68911e?s=96&d=mm&r=g\",\"caption\":\"Rafaela Freitas\"},\"url\":\"https:\/\/www.estrategiaconcursos.com.br\/blog\/author\/rafaelafreitasestrategiaconcursos-com-br\/\"}]}<\/script>\n<!-- \/ Yoast SEO Premium plugin. -->","yoast_head_json":{"title":"Portugu\u00eas FCC","description":"Vamos conhecer tudo sobre Portugu\u00eas FCC em um artigo com quest\u00f5es muito atuais e comentadas! Nada melhor do que estar por dentro da banca organizadora do certame para garantir o sucesso!!","robots":{"index":"index","follow":"follow","max-snippet":"max-snippet:-1","max-image-preview":"max-image-preview:large","max-video-preview":"max-video-preview:-1"},"canonical":"https:\/\/www.estrategiaconcursos.com.br\/blog\/portugues-fcc\/","og_locale":"pt_BR","og_type":"article","og_title":"Portugu\u00eas FCC","og_description":"Vamos conhecer tudo sobre Portugu\u00eas FCC em um artigo com quest\u00f5es muito atuais e comentadas! Nada melhor do que estar por dentro da banca organizadora do certame para garantir o sucesso!!","og_url":"https:\/\/www.estrategiaconcursos.com.br\/blog\/portugues-fcc\/","og_site_name":"Estrat\u00e9gia Concursos","article_published_time":"2015-12-08T20:20:47+00:00","article_modified_time":"2015-12-10T11:48:49+00:00","og_image":[{"width":300,"height":225,"url":"https:\/\/dhg1h5j42swfq.cloudfront.net\/2015\/12\/08171757\/logo-FCC.jpg","type":"image\/jpeg"}],"author":"Rafaela Freitas","twitter_card":"summary_large_image","twitter_creator":"@EstratConcursos","twitter_site":"@EstratConcursos","twitter_misc":{"Escrito por":"Rafaela Freitas","Est. tempo de leitura":"9 minutos"},"schema":{"@context":"https:\/\/schema.org","@graph":[{"@type":"NewsArticle","@id":"https:\/\/www.estrategiaconcursos.com.br\/blog\/portugues-fcc\/#article","isPartOf":{"@id":"https:\/\/www.estrategiaconcursos.com.br\/blog\/portugues-fcc\/"},"author":{"name":"Rafaela Freitas","@id":"https:\/\/www.estrategiaconcursos.com.br\/blog\/#\/schema\/person\/b91f2c79fa09f992bd34e4182afb626c"},"headline":"Portugu\u00eas FCC","datePublished":"2015-12-08T20:20:47+00:00","dateModified":"2015-12-10T11:48:49+00:00","mainEntityOfPage":{"@id":"https:\/\/www.estrategiaconcursos.com.br\/blog\/portugues-fcc\/"},"wordCount":1829,"commentCount":2,"publisher":{"@id":"https:\/\/www.estrategiaconcursos.com.br\/blog\/#organization"},"image":{"@id":"https:\/\/www.estrategiaconcursos.com.br\/blog\/portugues-fcc\/#primaryimage"},"thumbnailUrl":"https:\/\/dhg1h5j42swfq.cloudfront.net\/2015\/12\/08171757\/logo-FCC.jpg","keywords":["FCC","Portugu\u00eas","TRE-PB"],"articleSection":["Concursos P\u00fablicos"],"inLanguage":"pt-BR","potentialAction":[{"@type":"CommentAction","name":"Comment","target":["https:\/\/www.estrategiaconcursos.com.br\/blog\/portugues-fcc\/#respond"]}],"copyrightYear":"2015","copyrightHolder":{"@id":"https:\/\/www.estrategiaconcursos.com.br\/blog\/#organization"}},{"@type":"WebPage","@id":"https:\/\/www.estrategiaconcursos.com.br\/blog\/portugues-fcc\/","url":"https:\/\/www.estrategiaconcursos.com.br\/blog\/portugues-fcc\/","name":"Portugu\u00eas FCC","isPartOf":{"@id":"https:\/\/www.estrategiaconcursos.com.br\/blog\/#website"},"primaryImageOfPage":{"@id":"https:\/\/www.estrategiaconcursos.com.br\/blog\/portugues-fcc\/#primaryimage"},"image":{"@id":"https:\/\/www.estrategiaconcursos.com.br\/blog\/portugues-fcc\/#primaryimage"},"thumbnailUrl":"https:\/\/dhg1h5j42swfq.cloudfront.net\/2015\/12\/08171757\/logo-FCC.jpg","datePublished":"2015-12-08T20:20:47+00:00","dateModified":"2015-12-10T11:48:49+00:00","description":"Vamos conhecer tudo sobre Portugu\u00eas FCC em um artigo com quest\u00f5es muito atuais e comentadas! Nada melhor do que estar por dentro da banca organizadora do certame para garantir o sucesso!!","breadcrumb":{"@id":"https:\/\/www.estrategiaconcursos.com.br\/blog\/portugues-fcc\/#breadcrumb"},"inLanguage":"pt-BR","potentialAction":[{"@type":"ReadAction","target":["https:\/\/www.estrategiaconcursos.com.br\/blog\/portugues-fcc\/"]}]},{"@type":"ImageObject","inLanguage":"pt-BR","@id":"https:\/\/www.estrategiaconcursos.com.br\/blog\/portugues-fcc\/#primaryimage","url":"https:\/\/dhg1h5j42swfq.cloudfront.net\/2015\/12\/08171757\/logo-FCC.jpg","contentUrl":"https:\/\/dhg1h5j42swfq.cloudfront.net\/2015\/12\/08171757\/logo-FCC.jpg","width":300,"height":225},{"@type":"BreadcrumbList","@id":"https:\/\/www.estrategiaconcursos.com.br\/blog\/portugues-fcc\/#breadcrumb","itemListElement":[{"@type":"ListItem","position":1,"name":"In\u00edcio","item":"https:\/\/www.estrategiaconcursos.com.br\/blog\/"},{"@type":"ListItem","position":2,"name":"Portugu\u00eas FCC"}]},{"@type":"WebSite","@id":"https:\/\/www.estrategiaconcursos.com.br\/blog\/#website","url":"https:\/\/www.estrategiaconcursos.com.br\/blog\/","name":"Estrat\u00e9gia Concursos","description":"O blog da Estrat\u00e9gia Concursos traz not\u00edcias sobre concursos e artigos de professores oferecendo cursos para concursos (pdf + videaulas) no site.","publisher":{"@id":"https:\/\/www.estrategiaconcursos.com.br\/blog\/#organization"},"potentialAction":[{"@type":"SearchAction","target":{"@type":"EntryPoint","urlTemplate":"https:\/\/www.estrategiaconcursos.com.br\/blog\/?s={search_term_string}"},"query-input":{"@type":"PropertyValueSpecification","valueRequired":true,"valueName":"search_term_string"}}],"inLanguage":"pt-BR"},{"@type":"Organization","@id":"https:\/\/www.estrategiaconcursos.com.br\/blog\/#organization","name":"Estrat\u00e9gia Concursos","url":"https:\/\/www.estrategiaconcursos.com.br\/blog\/","logo":{"@type":"ImageObject","inLanguage":"pt-BR","@id":"https:\/\/www.estrategiaconcursos.com.br\/blog\/#\/schema\/logo\/image\/","url":"https:\/\/dhg1h5j42swfq.cloudfront.net\/2025\/06\/03203428\/logo_concursos-1.jpg","contentUrl":"https:\/\/dhg1h5j42swfq.cloudfront.net\/2025\/06\/03203428\/logo_concursos-1.jpg","width":230,"height":60,"caption":"Estrat\u00e9gia Concursos"},"image":{"@id":"https:\/\/www.estrategiaconcursos.com.br\/blog\/#\/schema\/logo\/image\/"},"sameAs":["https:\/\/x.com\/EstratConcursos"]},{"@type":"Person","@id":"https:\/\/www.estrategiaconcursos.com.br\/blog\/#\/schema\/person\/b91f2c79fa09f992bd34e4182afb626c","name":"Rafaela Freitas","image":{"@type":"ImageObject","inLanguage":"pt-BR","@id":"https:\/\/secure.gravatar.com\/avatar\/97ece78bdb320995d343d6c012a26475a2b8b6a591c52fbbd62c62640f68911e?s=96&d=mm&r=g","url":"https:\/\/secure.gravatar.com\/avatar\/97ece78bdb320995d343d6c012a26475a2b8b6a591c52fbbd62c62640f68911e?s=96&d=mm&r=g","contentUrl":"https:\/\/secure.gravatar.com\/avatar\/97ece78bdb320995d343d6c012a26475a2b8b6a591c52fbbd62c62640f68911e?s=96&d=mm&r=g","caption":"Rafaela Freitas"},"url":"https:\/\/www.estrategiaconcursos.com.br\/blog\/author\/rafaelafreitasestrategiaconcursos-com-br\/"}]}},"_links":{"self":[{"href":"https:\/\/www.estrategiaconcursos.com.br\/blog\/wp-json\/wp\/v2\/posts\/30021","targetHints":{"allow":["GET"]}}],"collection":[{"href":"https:\/\/www.estrategiaconcursos.com.br\/blog\/wp-json\/wp\/v2\/posts"}],"about":[{"href":"https:\/\/www.estrategiaconcursos.com.br\/blog\/wp-json\/wp\/v2\/types\/post"}],"author":[{"embeddable":true,"href":"https:\/\/www.estrategiaconcursos.com.br\/blog\/wp-json\/wp\/v2\/users\/190"}],"replies":[{"embeddable":true,"href":"https:\/\/www.estrategiaconcursos.com.br\/blog\/wp-json\/wp\/v2\/comments?post=30021"}],"version-history":[{"count":5,"href":"https:\/\/www.estrategiaconcursos.com.br\/blog\/wp-json\/wp\/v2\/posts\/30021\/revisions"}],"predecessor-version":[{"id":30185,"href":"https:\/\/www.estrategiaconcursos.com.br\/blog\/wp-json\/wp\/v2\/posts\/30021\/revisions\/30185"}],"wp:featuredmedia":[{"embeddable":true,"href":"https:\/\/www.estrategiaconcursos.com.br\/blog\/wp-json\/wp\/v2\/media\/30124"}],"wp:attachment":[{"href":"https:\/\/www.estrategiaconcursos.com.br\/blog\/wp-json\/wp\/v2\/media?parent=30021"}],"wp:term":[{"taxonomy":"category","embeddable":true,"href":"https:\/\/www.estrategiaconcursos.com.br\/blog\/wp-json\/wp\/v2\/categories?post=30021"},{"taxonomy":"post_tag","embeddable":true,"href":"https:\/\/www.estrategiaconcursos.com.br\/blog\/wp-json\/wp\/v2\/tags?post=30021"},{"taxonomy":"tax_estado","embeddable":true,"href":"https:\/\/www.estrategiaconcursos.com.br\/blog\/wp-json\/wp\/v2\/tax_estado?post=30021"}],"curies":[{"name":"wp","href":"https:\/\/api.w.org\/{rel}","templated":true}]}}