{"id":30008,"date":"2015-12-07T12:38:47","date_gmt":"2015-12-07T15:38:47","guid":{"rendered":"http:\/\/www.estrategiaconcursos.com.br\/blog\/?p=30008"},"modified":"2015-12-08T10:42:23","modified_gmt":"2015-12-08T13:42:23","slug":"cespe-e-escolhido-para-organizar-concurso-da-funpresp-edital-ainda-este-mes","status":"publish","type":"post","link":"https:\/\/www.estrategiaconcursos.com.br\/blog\/cespe-e-escolhido-para-organizar-concurso-da-funpresp-edital-ainda-este-mes\/","title":{"rendered":"Cespe \u00e9 escolhido para organizar concurso da Funpresp. Edital ainda este m\u00eas!"},"content":{"rendered":"<p style=\"text-align: justify;\"><a title=\"Cursos para Concurso FUNPRESP\" href=\"https:\/\/www.estrategiaconcursos.com.br\/cursosPorConcurso\/funpresp\/\" target=\"_blank\"><img loading=\"lazy\" decoding=\"async\" class=\"alignleft wp-image-30009 size-medium\" src=\"https:\/\/dhg1h5j42swfq.cloudfront.net\/2015\/12\/07123450\/concurso-da-Funpresp-300x225.jpg\" alt=\"concurso da Funpresp\" width=\"300\" height=\"225\" srcset=\"https:\/\/dhg1h5j42swfq.cloudfront.net\/2015\/12\/07123450\/concurso-da-Funpresp.jpg 300w, https:\/\/dhg1h5j42swfq.cloudfront.net\/2015\/12\/07123450\/concurso-da-Funpresp.jpg 320w\" sizes=\"auto, (max-width: 300px) 100vw, 300px\" \/><\/a><span style=\"color: #000000;\">O\u00a0\u00a0Centro Brasileiro de Pesquisa em Avalia\u00e7\u00e3o e Sele\u00e7\u00e3o e de Promo\u00e7\u00e3o de Eventos \u2013 Cespe\/UnB, foi escolhido para organizar o primeiro concurso p\u00fablico da Funda\u00e7\u00e3o de Previd\u00eancia Complementar para Servidores P\u00fablicos Federais (Funpresp-Exe), que prev\u00ea o preenchimento de 62 vagas em cargos de n\u00edvel superior.<\/span><\/p>\n<p style=\"text-align: justify;\"><span style=\"color: #000000;\">Para o <a title=\"Cursos Online para Funpresp\" href=\"https:\/\/www.estrategiaconcursos.com.br\/cursosPorConcurso\/funpresp\/\" target=\"_blank\">concurso da Funpresp<\/a>, ser\u00e3o ofertadas 45 vagas para os cargos de analista, de n\u00edvel superior, com sal\u00e1rio inicial de R$ 5.443,00 e 17 vagas para o cargo de especialista com sal\u00e1rio inicial de R$ 6.295,00.<\/span><\/p>\n<p style=\"text-align: justify;\"><span style=\"color: #000000;\">O concurso \u00e9 proveniente do novo Plano de Cargos, Carreiras e Remunera\u00e7\u00e3o (PCCR) da Funpresp, aprovado pelo Conselho Deliberativo da Entidade no dia em 29 de outubro deste ano. O Plano cria a carreira permanente de t\u00e9cnico previdenci\u00e1rio composta por dois cargos, de acordo com sua complexidade. As especialistas constituem os profissionais de quatro \u00e1reas da funda\u00e7\u00e3o: Jur\u00eddica, Atu\u00e1ria, Tecnologia da Informa\u00e7\u00e3o e Investimentos. J\u00e1 os analistas comp\u00f5em as demais \u00e1reas da Funpresp-Exe: Comunica\u00e7\u00e3o, Administrativa, Seguridade e Governan\u00e7a.<\/span><\/p>\n<p style=\"text-align: justify;\"><span style=\"color: #000000;\">Em 2013 a funda\u00e7\u00e3o promoveu um concurso para vagas tempor\u00e1rias que admitiu 37 empregados, cujos contratos se encerrar\u00e3o a partir de abril de 2016 e os empregados come\u00e7ar\u00e3o a se desligar.<\/span><\/p>\n<p style=\"text-align: justify;\"><span style=\"color: #000000;\">O edital do concurso da Funpresp dever\u00e1 ser lan\u00e7ado ainda neste m\u00eas de dezembro e a realiza\u00e7\u00e3o das provas dever\u00e1 ocorrer ainda no primeiro trimestre de 2016.<\/span><\/p>\n<p style=\"text-align: justify;\"><span style=\"color: #000000;\"><strong>O Estrat\u00e9gia Concursos j\u00e1 lan\u00e7ou\u00a0cursos para este concurso. Acompanhe em:<\/strong><\/span><\/p>\n<p><a href=\"https:\/\/www.estrategiaconcursos.com.br\/cursosPorConcurso\/funpresp\/\" target=\"_blank\">https:\/\/www.estrategiaconcursos.com.br\/cursosPorConcurso\/funpresp\/<\/a><\/p>\n<p style=\"text-align: justify;\"><span style=\"color: #000000;\">Assessoria de Comunica\u00e7\u00e3o<\/span><\/p>\n<p style=\"text-align: justify;\"><span style=\"color: #000000;\">comunicacao@estrategiaconcursos.com.br<\/span><\/p>\n","protected":false},"excerpt":{"rendered":"<p>O\u00a0\u00a0Centro Brasileiro de Pesquisa em Avalia\u00e7\u00e3o e Sele\u00e7\u00e3o e de Promo\u00e7\u00e3o de Eventos \u2013 Cespe\/UnB, foi escolhido para organizar o primeiro concurso p\u00fablico da Funda\u00e7\u00e3o de Previd\u00eancia Complementar para Servidores P\u00fablicos Federais (Funpresp-Exe), que prev\u00ea o preenchimento de 62 vagas em cargos de n\u00edvel superior. Para o concurso da Funpresp, ser\u00e3o ofertadas 45 vagas para [&hellip;]<\/p>\n","protected":false},"author":1,"featured_media":0,"comment_status":"open","ping_status":"open","sticky":false,"template":"","format":"standard","meta":{"post_tipo":"news","footnotes":""},"categories":[1],"tags":[1146],"tax_estado":[],"class_list":["post-30008","post","type-post","status-publish","format-standard","hentry","category-cursos-e-concursos","tag-funpresp"],"acf":[],"yoast_head":"<!-- This site is optimized with the Yoast SEO Premium plugin v27.2 (Yoast SEO v27.2) - https:\/\/yoast.com\/product\/yoast-seo-premium-wordpress\/ -->\n<title>Cespe \u00e9 escolhido para organizar concurso da Funpresp. Edital ainda este m\u00eas!<\/title>\n<meta name=\"description\" content=\"Concurso Funpresp: Cespe \u00e9 escolhido para organizar. S\u00e3o 62 vagas em cargos de n\u00edvel superior. Edital ainda este m\u00eas. Saiba mais!\" \/>\n<meta name=\"robots\" content=\"index, follow, max-snippet:-1, max-image-preview:large, max-video-preview:-1\" \/>\n<link rel=\"canonical\" href=\"https:\/\/www.estrategiaconcursos.com.br\/blog\/cespe-e-escolhido-para-organizar-concurso-da-funpresp-edital-ainda-este-mes\/\" \/>\n<meta property=\"og:locale\" content=\"pt_BR\" \/>\n<meta property=\"og:type\" content=\"article\" \/>\n<meta property=\"og:title\" content=\"Cespe \u00e9 escolhido para organizar concurso da Funpresp. Edital ainda este m\u00eas!\" \/>\n<meta property=\"og:description\" content=\"Concurso Funpresp: Cespe \u00e9 escolhido para organizar. S\u00e3o 62 vagas em cargos de n\u00edvel superior. Edital ainda este m\u00eas. Saiba mais!\" \/>\n<meta property=\"og:url\" content=\"https:\/\/www.estrategiaconcursos.com.br\/blog\/cespe-e-escolhido-para-organizar-concurso-da-funpresp-edital-ainda-este-mes\/\" \/>\n<meta property=\"og:site_name\" content=\"Estrat\u00e9gia Concursos\" \/>\n<meta property=\"article:author\" content=\"https:\/\/www.facebook.com\/EstrategiaConcursos\" \/>\n<meta property=\"article:published_time\" content=\"2015-12-07T15:38:47+00:00\" \/>\n<meta property=\"article:modified_time\" content=\"2015-12-08T13:42:23+00:00\" \/>\n<meta property=\"og:image\" content=\"https:\/\/dhg1h5j42swfq.cloudfront.net\/2015\/12\/07123450\/concurso-da-Funpresp-300x225.jpg\" \/>\n<meta name=\"author\" content=\"Coordena\u00e7\u00e3o\" \/>\n<meta name=\"twitter:card\" content=\"summary_large_image\" \/>\n<meta name=\"twitter:creator\" content=\"@EstratConcursos\" \/>\n<meta name=\"twitter:site\" content=\"@EstratConcursos\" \/>\n<meta name=\"twitter:label1\" content=\"Escrito por\" \/>\n\t<meta name=\"twitter:data1\" content=\"Coordena\u00e7\u00e3o\" \/>\n\t<meta name=\"twitter:label2\" content=\"Est. tempo de leitura\" \/>\n\t<meta name=\"twitter:data2\" content=\"1 minuto\" \/>\n<script type=\"application\/ld+json\" class=\"yoast-schema-graph\">{\"@context\":\"https:\/\/schema.org\",\"@graph\":[{\"@type\":\"NewsArticle\",\"@id\":\"https:\/\/www.estrategiaconcursos.com.br\/blog\/cespe-e-escolhido-para-organizar-concurso-da-funpresp-edital-ainda-este-mes\/#article\",\"isPartOf\":{\"@id\":\"https:\/\/www.estrategiaconcursos.com.br\/blog\/cespe-e-escolhido-para-organizar-concurso-da-funpresp-edital-ainda-este-mes\/\"},\"author\":{\"name\":\"Coordena\u00e7\u00e3o\",\"@id\":\"https:\/\/www.estrategiaconcursos.com.br\/blog\/#\/schema\/person\/b4a388c97673c5f483d72185668afa1f\"},\"headline\":\"Cespe \u00e9 escolhido para organizar concurso da Funpresp. Edital ainda este m\u00eas!\",\"datePublished\":\"2015-12-07T15:38:47+00:00\",\"dateModified\":\"2015-12-08T13:42:23+00:00\",\"mainEntityOfPage\":{\"@id\":\"https:\/\/www.estrategiaconcursos.com.br\/blog\/cespe-e-escolhido-para-organizar-concurso-da-funpresp-edital-ainda-este-mes\/\"},\"wordCount\":278,\"commentCount\":0,\"publisher\":{\"@id\":\"https:\/\/www.estrategiaconcursos.com.br\/blog\/#organization\"},\"image\":{\"@id\":\"https:\/\/www.estrategiaconcursos.com.br\/blog\/cespe-e-escolhido-para-organizar-concurso-da-funpresp-edital-ainda-este-mes\/#primaryimage\"},\"thumbnailUrl\":\"https:\/\/dhg1h5j42swfq.cloudfront.net\/2015\/12\/07123450\/concurso-da-Funpresp-300x225.jpg\",\"keywords\":[\"Funpresp\"],\"articleSection\":[\"Concursos P\u00fablicos\"],\"inLanguage\":\"pt-BR\",\"potentialAction\":[{\"@type\":\"CommentAction\",\"name\":\"Comment\",\"target\":[\"https:\/\/www.estrategiaconcursos.com.br\/blog\/cespe-e-escolhido-para-organizar-concurso-da-funpresp-edital-ainda-este-mes\/#respond\"]}],\"copyrightYear\":\"2015\",\"copyrightHolder\":{\"@id\":\"https:\/\/www.estrategiaconcursos.com.br\/blog\/#organization\"}},{\"@type\":\"WebPage\",\"@id\":\"https:\/\/www.estrategiaconcursos.com.br\/blog\/cespe-e-escolhido-para-organizar-concurso-da-funpresp-edital-ainda-este-mes\/\",\"url\":\"https:\/\/www.estrategiaconcursos.com.br\/blog\/cespe-e-escolhido-para-organizar-concurso-da-funpresp-edital-ainda-este-mes\/\",\"name\":\"Cespe \u00e9 escolhido para organizar concurso da Funpresp. Edital ainda este m\u00eas!\",\"isPartOf\":{\"@id\":\"https:\/\/www.estrategiaconcursos.com.br\/blog\/#website\"},\"primaryImageOfPage\":{\"@id\":\"https:\/\/www.estrategiaconcursos.com.br\/blog\/cespe-e-escolhido-para-organizar-concurso-da-funpresp-edital-ainda-este-mes\/#primaryimage\"},\"image\":{\"@id\":\"https:\/\/www.estrategiaconcursos.com.br\/blog\/cespe-e-escolhido-para-organizar-concurso-da-funpresp-edital-ainda-este-mes\/#primaryimage\"},\"thumbnailUrl\":\"https:\/\/dhg1h5j42swfq.cloudfront.net\/2015\/12\/07123450\/concurso-da-Funpresp-300x225.jpg\",\"datePublished\":\"2015-12-07T15:38:47+00:00\",\"dateModified\":\"2015-12-08T13:42:23+00:00\",\"description\":\"Concurso Funpresp: Cespe \u00e9 escolhido para organizar. S\u00e3o 62 vagas em cargos de n\u00edvel superior. Edital ainda este m\u00eas. Saiba mais!\",\"breadcrumb\":{\"@id\":\"https:\/\/www.estrategiaconcursos.com.br\/blog\/cespe-e-escolhido-para-organizar-concurso-da-funpresp-edital-ainda-este-mes\/#breadcrumb\"},\"inLanguage\":\"pt-BR\",\"potentialAction\":[{\"@type\":\"ReadAction\",\"target\":[\"https:\/\/www.estrategiaconcursos.com.br\/blog\/cespe-e-escolhido-para-organizar-concurso-da-funpresp-edital-ainda-este-mes\/\"]}]},{\"@type\":\"ImageObject\",\"inLanguage\":\"pt-BR\",\"@id\":\"https:\/\/www.estrategiaconcursos.com.br\/blog\/cespe-e-escolhido-para-organizar-concurso-da-funpresp-edital-ainda-este-mes\/#primaryimage\",\"url\":\"https:\/\/dhg1h5j42swfq.cloudfront.net\/2015\/12\/07123450\/concurso-da-Funpresp-300x225.jpg\",\"contentUrl\":\"https:\/\/dhg1h5j42swfq.cloudfront.net\/2015\/12\/07123450\/concurso-da-Funpresp-300x225.jpg\"},{\"@type\":\"BreadcrumbList\",\"@id\":\"https:\/\/www.estrategiaconcursos.com.br\/blog\/cespe-e-escolhido-para-organizar-concurso-da-funpresp-edital-ainda-este-mes\/#breadcrumb\",\"itemListElement\":[{\"@type\":\"ListItem\",\"position\":1,\"name\":\"In\u00edcio\",\"item\":\"https:\/\/www.estrategiaconcursos.com.br\/blog\/\"},{\"@type\":\"ListItem\",\"position\":2,\"name\":\"Cespe \u00e9 escolhido para organizar concurso da Funpresp. Edital ainda este m\u00eas!\"}]},{\"@type\":\"WebSite\",\"@id\":\"https:\/\/www.estrategiaconcursos.com.br\/blog\/#website\",\"url\":\"https:\/\/www.estrategiaconcursos.com.br\/blog\/\",\"name\":\"Estrat\u00e9gia Concursos\",\"description\":\"O blog da Estrat\u00e9gia Concursos traz not\u00edcias sobre concursos e artigos de professores oferecendo cursos para concursos (pdf + videaulas) no site.\",\"publisher\":{\"@id\":\"https:\/\/www.estrategiaconcursos.com.br\/blog\/#organization\"},\"potentialAction\":[{\"@type\":\"SearchAction\",\"target\":{\"@type\":\"EntryPoint\",\"urlTemplate\":\"https:\/\/www.estrategiaconcursos.com.br\/blog\/?s={search_term_string}\"},\"query-input\":{\"@type\":\"PropertyValueSpecification\",\"valueRequired\":true,\"valueName\":\"search_term_string\"}}],\"inLanguage\":\"pt-BR\"},{\"@type\":\"Organization\",\"@id\":\"https:\/\/www.estrategiaconcursos.com.br\/blog\/#organization\",\"name\":\"Estrat\u00e9gia Concursos\",\"url\":\"https:\/\/www.estrategiaconcursos.com.br\/blog\/\",\"logo\":{\"@type\":\"ImageObject\",\"inLanguage\":\"pt-BR\",\"@id\":\"https:\/\/www.estrategiaconcursos.com.br\/blog\/#\/schema\/logo\/image\/\",\"url\":\"https:\/\/dhg1h5j42swfq.cloudfront.net\/2025\/06\/03203428\/logo_concursos-1.jpg\",\"contentUrl\":\"https:\/\/dhg1h5j42swfq.cloudfront.net\/2025\/06\/03203428\/logo_concursos-1.jpg\",\"width\":230,\"height\":60,\"caption\":\"Estrat\u00e9gia Concursos\"},\"image\":{\"@id\":\"https:\/\/www.estrategiaconcursos.com.br\/blog\/#\/schema\/logo\/image\/\"},\"sameAs\":[\"https:\/\/x.com\/EstratConcursos\"]},{\"@type\":\"Person\",\"@id\":\"https:\/\/www.estrategiaconcursos.com.br\/blog\/#\/schema\/person\/b4a388c97673c5f483d72185668afa1f\",\"name\":\"Coordena\u00e7\u00e3o\",\"image\":{\"@type\":\"ImageObject\",\"inLanguage\":\"pt-BR\",\"@id\":\"https:\/\/secure.gravatar.com\/avatar\/b720319e4c9a967eb58678d110f4fe35452fc5d5f97b202bac7b8acceb18c6ad?s=96&d=mm&r=g\",\"url\":\"https:\/\/secure.gravatar.com\/avatar\/b720319e4c9a967eb58678d110f4fe35452fc5d5f97b202bac7b8acceb18c6ad?s=96&d=mm&r=g\",\"contentUrl\":\"https:\/\/secure.gravatar.com\/avatar\/b720319e4c9a967eb58678d110f4fe35452fc5d5f97b202bac7b8acceb18c6ad?s=96&d=mm&r=g\",\"caption\":\"Coordena\u00e7\u00e3o\"},\"sameAs\":[\"https:\/\/www.facebook.com\/EstrategiaConcursos\",\"https:\/\/x.com\/EstratConcursos\"],\"url\":\"https:\/\/www.estrategiaconcursos.com.br\/blog\/author\/estrategia2013\/\"}]}<\/script>\n<!-- \/ Yoast SEO Premium plugin. -->","yoast_head_json":{"title":"Cespe \u00e9 escolhido para organizar concurso da Funpresp. Edital ainda este m\u00eas!","description":"Concurso Funpresp: Cespe \u00e9 escolhido para organizar. S\u00e3o 62 vagas em cargos de n\u00edvel superior. Edital ainda este m\u00eas. Saiba mais!","robots":{"index":"index","follow":"follow","max-snippet":"max-snippet:-1","max-image-preview":"max-image-preview:large","max-video-preview":"max-video-preview:-1"},"canonical":"https:\/\/www.estrategiaconcursos.com.br\/blog\/cespe-e-escolhido-para-organizar-concurso-da-funpresp-edital-ainda-este-mes\/","og_locale":"pt_BR","og_type":"article","og_title":"Cespe \u00e9 escolhido para organizar concurso da Funpresp. Edital ainda este m\u00eas!","og_description":"Concurso Funpresp: Cespe \u00e9 escolhido para organizar. S\u00e3o 62 vagas em cargos de n\u00edvel superior. Edital ainda este m\u00eas. Saiba mais!","og_url":"https:\/\/www.estrategiaconcursos.com.br\/blog\/cespe-e-escolhido-para-organizar-concurso-da-funpresp-edital-ainda-este-mes\/","og_site_name":"Estrat\u00e9gia Concursos","article_author":"https:\/\/www.facebook.com\/EstrategiaConcursos","article_published_time":"2015-12-07T15:38:47+00:00","article_modified_time":"2015-12-08T13:42:23+00:00","og_image":[{"url":"https:\/\/dhg1h5j42swfq.cloudfront.net\/2015\/12\/07123450\/concurso-da-Funpresp-300x225.jpg","type":"","width":"","height":""}],"author":"Coordena\u00e7\u00e3o","twitter_card":"summary_large_image","twitter_creator":"@EstratConcursos","twitter_site":"@EstratConcursos","twitter_misc":{"Escrito por":"Coordena\u00e7\u00e3o","Est. tempo de leitura":"1 minuto"},"schema":{"@context":"https:\/\/schema.org","@graph":[{"@type":"NewsArticle","@id":"https:\/\/www.estrategiaconcursos.com.br\/blog\/cespe-e-escolhido-para-organizar-concurso-da-funpresp-edital-ainda-este-mes\/#article","isPartOf":{"@id":"https:\/\/www.estrategiaconcursos.com.br\/blog\/cespe-e-escolhido-para-organizar-concurso-da-funpresp-edital-ainda-este-mes\/"},"author":{"name":"Coordena\u00e7\u00e3o","@id":"https:\/\/www.estrategiaconcursos.com.br\/blog\/#\/schema\/person\/b4a388c97673c5f483d72185668afa1f"},"headline":"Cespe \u00e9 escolhido para organizar concurso da Funpresp. Edital ainda este m\u00eas!","datePublished":"2015-12-07T15:38:47+00:00","dateModified":"2015-12-08T13:42:23+00:00","mainEntityOfPage":{"@id":"https:\/\/www.estrategiaconcursos.com.br\/blog\/cespe-e-escolhido-para-organizar-concurso-da-funpresp-edital-ainda-este-mes\/"},"wordCount":278,"commentCount":0,"publisher":{"@id":"https:\/\/www.estrategiaconcursos.com.br\/blog\/#organization"},"image":{"@id":"https:\/\/www.estrategiaconcursos.com.br\/blog\/cespe-e-escolhido-para-organizar-concurso-da-funpresp-edital-ainda-este-mes\/#primaryimage"},"thumbnailUrl":"https:\/\/dhg1h5j42swfq.cloudfront.net\/2015\/12\/07123450\/concurso-da-Funpresp-300x225.jpg","keywords":["Funpresp"],"articleSection":["Concursos P\u00fablicos"],"inLanguage":"pt-BR","potentialAction":[{"@type":"CommentAction","name":"Comment","target":["https:\/\/www.estrategiaconcursos.com.br\/blog\/cespe-e-escolhido-para-organizar-concurso-da-funpresp-edital-ainda-este-mes\/#respond"]}],"copyrightYear":"2015","copyrightHolder":{"@id":"https:\/\/www.estrategiaconcursos.com.br\/blog\/#organization"}},{"@type":"WebPage","@id":"https:\/\/www.estrategiaconcursos.com.br\/blog\/cespe-e-escolhido-para-organizar-concurso-da-funpresp-edital-ainda-este-mes\/","url":"https:\/\/www.estrategiaconcursos.com.br\/blog\/cespe-e-escolhido-para-organizar-concurso-da-funpresp-edital-ainda-este-mes\/","name":"Cespe \u00e9 escolhido para organizar concurso da Funpresp. Edital ainda este m\u00eas!","isPartOf":{"@id":"https:\/\/www.estrategiaconcursos.com.br\/blog\/#website"},"primaryImageOfPage":{"@id":"https:\/\/www.estrategiaconcursos.com.br\/blog\/cespe-e-escolhido-para-organizar-concurso-da-funpresp-edital-ainda-este-mes\/#primaryimage"},"image":{"@id":"https:\/\/www.estrategiaconcursos.com.br\/blog\/cespe-e-escolhido-para-organizar-concurso-da-funpresp-edital-ainda-este-mes\/#primaryimage"},"thumbnailUrl":"https:\/\/dhg1h5j42swfq.cloudfront.net\/2015\/12\/07123450\/concurso-da-Funpresp-300x225.jpg","datePublished":"2015-12-07T15:38:47+00:00","dateModified":"2015-12-08T13:42:23+00:00","description":"Concurso Funpresp: Cespe \u00e9 escolhido para organizar. S\u00e3o 62 vagas em cargos de n\u00edvel superior. Edital ainda este m\u00eas. Saiba mais!","breadcrumb":{"@id":"https:\/\/www.estrategiaconcursos.com.br\/blog\/cespe-e-escolhido-para-organizar-concurso-da-funpresp-edital-ainda-este-mes\/#breadcrumb"},"inLanguage":"pt-BR","potentialAction":[{"@type":"ReadAction","target":["https:\/\/www.estrategiaconcursos.com.br\/blog\/cespe-e-escolhido-para-organizar-concurso-da-funpresp-edital-ainda-este-mes\/"]}]},{"@type":"ImageObject","inLanguage":"pt-BR","@id":"https:\/\/www.estrategiaconcursos.com.br\/blog\/cespe-e-escolhido-para-organizar-concurso-da-funpresp-edital-ainda-este-mes\/#primaryimage","url":"https:\/\/dhg1h5j42swfq.cloudfront.net\/2015\/12\/07123450\/concurso-da-Funpresp-300x225.jpg","contentUrl":"https:\/\/dhg1h5j42swfq.cloudfront.net\/2015\/12\/07123450\/concurso-da-Funpresp-300x225.jpg"},{"@type":"BreadcrumbList","@id":"https:\/\/www.estrategiaconcursos.com.br\/blog\/cespe-e-escolhido-para-organizar-concurso-da-funpresp-edital-ainda-este-mes\/#breadcrumb","itemListElement":[{"@type":"ListItem","position":1,"name":"In\u00edcio","item":"https:\/\/www.estrategiaconcursos.com.br\/blog\/"},{"@type":"ListItem","position":2,"name":"Cespe \u00e9 escolhido para organizar concurso da Funpresp. Edital ainda este m\u00eas!"}]},{"@type":"WebSite","@id":"https:\/\/www.estrategiaconcursos.com.br\/blog\/#website","url":"https:\/\/www.estrategiaconcursos.com.br\/blog\/","name":"Estrat\u00e9gia Concursos","description":"O blog da Estrat\u00e9gia Concursos traz not\u00edcias sobre concursos e artigos de professores oferecendo cursos para concursos (pdf + videaulas) no site.","publisher":{"@id":"https:\/\/www.estrategiaconcursos.com.br\/blog\/#organization"},"potentialAction":[{"@type":"SearchAction","target":{"@type":"EntryPoint","urlTemplate":"https:\/\/www.estrategiaconcursos.com.br\/blog\/?s={search_term_string}"},"query-input":{"@type":"PropertyValueSpecification","valueRequired":true,"valueName":"search_term_string"}}],"inLanguage":"pt-BR"},{"@type":"Organization","@id":"https:\/\/www.estrategiaconcursos.com.br\/blog\/#organization","name":"Estrat\u00e9gia Concursos","url":"https:\/\/www.estrategiaconcursos.com.br\/blog\/","logo":{"@type":"ImageObject","inLanguage":"pt-BR","@id":"https:\/\/www.estrategiaconcursos.com.br\/blog\/#\/schema\/logo\/image\/","url":"https:\/\/dhg1h5j42swfq.cloudfront.net\/2025\/06\/03203428\/logo_concursos-1.jpg","contentUrl":"https:\/\/dhg1h5j42swfq.cloudfront.net\/2025\/06\/03203428\/logo_concursos-1.jpg","width":230,"height":60,"caption":"Estrat\u00e9gia Concursos"},"image":{"@id":"https:\/\/www.estrategiaconcursos.com.br\/blog\/#\/schema\/logo\/image\/"},"sameAs":["https:\/\/x.com\/EstratConcursos"]},{"@type":"Person","@id":"https:\/\/www.estrategiaconcursos.com.br\/blog\/#\/schema\/person\/b4a388c97673c5f483d72185668afa1f","name":"Coordena\u00e7\u00e3o","image":{"@type":"ImageObject","inLanguage":"pt-BR","@id":"https:\/\/secure.gravatar.com\/avatar\/b720319e4c9a967eb58678d110f4fe35452fc5d5f97b202bac7b8acceb18c6ad?s=96&d=mm&r=g","url":"https:\/\/secure.gravatar.com\/avatar\/b720319e4c9a967eb58678d110f4fe35452fc5d5f97b202bac7b8acceb18c6ad?s=96&d=mm&r=g","contentUrl":"https:\/\/secure.gravatar.com\/avatar\/b720319e4c9a967eb58678d110f4fe35452fc5d5f97b202bac7b8acceb18c6ad?s=96&d=mm&r=g","caption":"Coordena\u00e7\u00e3o"},"sameAs":["https:\/\/www.facebook.com\/EstrategiaConcursos","https:\/\/x.com\/EstratConcursos"],"url":"https:\/\/www.estrategiaconcursos.com.br\/blog\/author\/estrategia2013\/"}]}},"_links":{"self":[{"href":"https:\/\/www.estrategiaconcursos.com.br\/blog\/wp-json\/wp\/v2\/posts\/30008","targetHints":{"allow":["GET"]}}],"collection":[{"href":"https:\/\/www.estrategiaconcursos.com.br\/blog\/wp-json\/wp\/v2\/posts"}],"about":[{"href":"https:\/\/www.estrategiaconcursos.com.br\/blog\/wp-json\/wp\/v2\/types\/post"}],"author":[{"embeddable":true,"href":"https:\/\/www.estrategiaconcursos.com.br\/blog\/wp-json\/wp\/v2\/users\/1"}],"replies":[{"embeddable":true,"href":"https:\/\/www.estrategiaconcursos.com.br\/blog\/wp-json\/wp\/v2\/comments?post=30008"}],"version-history":[{"count":4,"href":"https:\/\/www.estrategiaconcursos.com.br\/blog\/wp-json\/wp\/v2\/posts\/30008\/revisions"}],"predecessor-version":[{"id":30097,"href":"https:\/\/www.estrategiaconcursos.com.br\/blog\/wp-json\/wp\/v2\/posts\/30008\/revisions\/30097"}],"wp:attachment":[{"href":"https:\/\/www.estrategiaconcursos.com.br\/blog\/wp-json\/wp\/v2\/media?parent=30008"}],"wp:term":[{"taxonomy":"category","embeddable":true,"href":"https:\/\/www.estrategiaconcursos.com.br\/blog\/wp-json\/wp\/v2\/categories?post=30008"},{"taxonomy":"post_tag","embeddable":true,"href":"https:\/\/www.estrategiaconcursos.com.br\/blog\/wp-json\/wp\/v2\/tags?post=30008"},{"taxonomy":"tax_estado","embeddable":true,"href":"https:\/\/www.estrategiaconcursos.com.br\/blog\/wp-json\/wp\/v2\/tax_estado?post=30008"}],"curies":[{"name":"wp","href":"https:\/\/api.w.org\/{rel}","templated":true}]}}