{"id":30005,"date":"2015-12-07T06:49:03","date_gmt":"2015-12-07T09:49:03","guid":{"rendered":"http:\/\/www.estrategiaconcursos.com.br\/blog\/?p=30005"},"modified":"2015-12-07T09:49:33","modified_gmt":"2015-12-07T12:49:33","slug":"atencao-ao-prazo-termina-nesta-segunda-feira-o-prazo-para-inscricoes-no-concurso-tre-pi-saiba-mais","status":"publish","type":"post","link":"https:\/\/www.estrategiaconcursos.com.br\/blog\/atencao-ao-prazo-termina-nesta-segunda-feira-o-prazo-para-inscricoes-no-concurso-tre-pi-saiba-mais\/","title":{"rendered":"ATEN\u00c7\u00c3O AO PRAZO: Termina nesta segunda-feira o prazo para inscri\u00e7\u00f5es no concurso TRE-PI. Saiba mais!"},"content":{"rendered":"<p style=\"text-align: justify;\"><span style=\"color: #000000;\"><a href=\"https:\/\/dhg1h5j42swfq.cloudfront.net\/2015\/08\/18094515\/concurso-TRE-PI.jpg\"><img loading=\"lazy\" decoding=\"async\" class=\" size-full wp-image-25766 alignleft\" src=\"https:\/\/dhg1h5j42swfq.cloudfront.net\/2015\/08\/18094515\/concurso-TRE-PI.jpg\" alt=\"concurso TRE-PI\" width=\"219\" height=\"90\" \/><\/a>Termina nesta segunda-feira, 07, o prazo para inscri\u00e7\u00f5es no concurso do\u00a0do Tribunal Regional Eleitoral do Piau\u00ed (TRE-PI), que prev\u00ea o preenchimento de vagas imediatas e\u00a0forma\u00e7\u00e3o de cadastro de reserva nos cargos de analista e t\u00e9cnico judici\u00e1rio.\u00a0Os interessados devem acessar o site\u00a0<span style=\"color: #3366ff;\"><a style=\"color: #3366ff;\" href=\"http:\/\/www.cespe.unb.br\/concursos\/tre_pi_15\/\">http:\/\/www.cespe.unb.br\/concursos\/tre_pi_15\/<\/a><\/span>\u00a0at\u00e9 \u00e1s 23h59.\u00a0As taxas de inscri\u00e7\u00e3o s\u00e3o de R$95,00 para os cargos de analista e R$75,00 para o cargo de t\u00e9cnico.<\/span><\/p>\n<p style=\"text-align: justify;\"><span style=\"color: #000000;\">Para quem possui n\u00edvel superior, em qualquer \u00e1rea, as vagas do concurso TRE-PI s\u00e3o para Analista nas \u00e1reas Administrativa (1), Judici\u00e1ria (4), de Apoio Especializado\/ An\u00e1lise de Sistemas (CR), e Apoio Especializado\/ Taquigrafia (1). A remunera\u00e7\u00e3o ofertada \u00e9 de R$ 8.863,84.<\/span><\/p>\n<p style=\"text-align: justify;\"><span style=\"color: #000000;\">J\u00e1 para M\u00e9dio\/T\u00e9cnico, s\u00e3o oferecidas vagas e cadastramento de profissionais para as \u00e1reas de Apoio Especializado\/ Opera\u00e7\u00e3o de Computadores (CR), Apoio Especializado\/ Programa\u00e7\u00e3o de Sistemas (1) e Administrativa (8). Os vencimentos s\u00e3o de R$ 5.425,79<\/span><\/p>\n<p style=\"text-align: justify;\"><span style=\"color: #000000;\">O concurso ser\u00e1 composto de prova objetiva para todos os cargos, al\u00e9m de prova discursiva apenas para cargos de Analista, exceto especialidade de Taquigrafia, que ter\u00e1 prova pr\u00e1tica. As provas ser\u00e3o aplicadas na cidade de Teresina, na data prov\u00e1vel de 31 de janeiro de 2016.<\/span><\/p>\n<p style=\"text-align: justify;\"><span style=\"color: #000000;\">Os candidatos aprovados ser\u00e3o lotados em Teresina.<\/span><\/p>\n<p style=\"text-align: justify;\"><span style=\"color: #000000;\">O concurso TRE-PI\u00a0ter\u00e1 validade de dois anos, a contar da data da publica\u00e7\u00e3o da homologa\u00e7\u00e3o do resultado final, podendo ser prorrogado por igual per\u00edodo, a crit\u00e9rio do TRE do Piau\u00ed.<\/span><\/p>\n<p style=\"text-align: justify;\"><span style=\"color: #000000;\"><strong>O Estrat\u00e9gia Concursos\u00a0j\u00e1 lan\u00e7ou cursos para este concurso. Veja\u00a0em:<\/strong><\/span><\/p>\n<p style=\"text-align: justify;\"><span style=\"color: #3366ff;\"><a style=\"color: #3366ff;\" href=\"https:\/\/www.estrategiaconcursos.com.br\/cursosPorConcurso\/tre-pi-tribunal-regional-eleitoral-do-piaui-407\/\">https:\/\/www.estrategiaconcursos.com.br\/cursosPorConcurso\/tre-pi-tribunal-regional-eleitoral-do-piaui-407\/<\/a><\/span><\/p>\n<p style=\"text-align: justify;\"><span style=\"color: #000000;\">Assessoria de Comunica\u00e7\u00e3o<\/span><\/p>\n<p style=\"text-align: justify;\"><span style=\"color: #000000;\">comunicacao@estrategiaconcursos.com.br<\/span><\/p>\n","protected":false},"excerpt":{"rendered":"<p>Termina nesta segunda-feira, 07, o prazo para inscri\u00e7\u00f5es no concurso do\u00a0do Tribunal Regional Eleitoral do Piau\u00ed (TRE-PI), que prev\u00ea o preenchimento de vagas imediatas e\u00a0forma\u00e7\u00e3o de cadastro de reserva nos cargos de analista e t\u00e9cnico judici\u00e1rio.\u00a0Os interessados devem acessar o site\u00a0http:\/\/www.cespe.unb.br\/concursos\/tre_pi_15\/\u00a0at\u00e9 \u00e1s 23h59.\u00a0As taxas de inscri\u00e7\u00e3o s\u00e3o de R$95,00 para os cargos de analista e [&hellip;]<\/p>\n","protected":false},"author":1,"featured_media":0,"comment_status":"open","ping_status":"open","sticky":false,"template":"","format":"standard","meta":{"post_tipo":"news","footnotes":""},"categories":[1],"tags":[674,884],"tax_estado":[],"class_list":["post-30005","post","type-post","status-publish","format-standard","hentry","category-cursos-e-concursos","tag-inscricoes","tag-tre-pi"],"acf":[],"yoast_head":"<!-- This site is optimized with the Yoast SEO Premium plugin v27.2 (Yoast SEO v27.2) - https:\/\/yoast.com\/product\/yoast-seo-premium-wordpress\/ -->\n<title>ATEN\u00c7\u00c3O AO PRAZO: Termina nesta segunda-feira o prazo para inscri\u00e7\u00f5es no concurso TRE-PI. Saiba mais!<\/title>\n<meta name=\"description\" content=\"Termina nesta segunda-feira, 07, o prazo para inscri\u00e7\u00f5es no concurso TRE-PI, que prev\u00ea o preenchimento de vagas nos cargos de analista e t\u00e9cnico judici\u00e1rio.\" \/>\n<meta name=\"robots\" content=\"index, follow, max-snippet:-1, max-image-preview:large, max-video-preview:-1\" \/>\n<link rel=\"canonical\" href=\"https:\/\/www.estrategiaconcursos.com.br\/blog\/atencao-ao-prazo-termina-nesta-segunda-feira-o-prazo-para-inscricoes-no-concurso-tre-pi-saiba-mais\/\" \/>\n<meta property=\"og:locale\" content=\"pt_BR\" \/>\n<meta property=\"og:type\" content=\"article\" \/>\n<meta property=\"og:title\" content=\"ATEN\u00c7\u00c3O AO PRAZO: Termina nesta segunda-feira o prazo para inscri\u00e7\u00f5es no concurso TRE-PI. Saiba mais!\" \/>\n<meta property=\"og:description\" content=\"Termina nesta segunda-feira, 07, o prazo para inscri\u00e7\u00f5es no concurso TRE-PI, que prev\u00ea o preenchimento de vagas nos cargos de analista e t\u00e9cnico judici\u00e1rio.\" \/>\n<meta property=\"og:url\" content=\"https:\/\/www.estrategiaconcursos.com.br\/blog\/atencao-ao-prazo-termina-nesta-segunda-feira-o-prazo-para-inscricoes-no-concurso-tre-pi-saiba-mais\/\" \/>\n<meta property=\"og:site_name\" content=\"Estrat\u00e9gia Concursos\" \/>\n<meta property=\"article:author\" content=\"https:\/\/www.facebook.com\/EstrategiaConcursos\" \/>\n<meta property=\"article:published_time\" content=\"2015-12-07T09:49:03+00:00\" \/>\n<meta property=\"article:modified_time\" content=\"2015-12-07T12:49:33+00:00\" \/>\n<meta property=\"og:image\" content=\"https:\/\/dhg1h5j42swfq.cloudfront.net\/2015\/08\/18094515\/concurso-TRE-PI.jpg\" \/>\n<meta name=\"author\" content=\"Coordena\u00e7\u00e3o\" \/>\n<meta name=\"twitter:card\" content=\"summary_large_image\" \/>\n<meta name=\"twitter:creator\" content=\"@EstratConcursos\" \/>\n<meta name=\"twitter:site\" content=\"@EstratConcursos\" \/>\n<meta name=\"twitter:label1\" content=\"Escrito por\" \/>\n\t<meta name=\"twitter:data1\" content=\"Coordena\u00e7\u00e3o\" \/>\n\t<meta name=\"twitter:label2\" content=\"Est. tempo de leitura\" \/>\n\t<meta name=\"twitter:data2\" content=\"1 minuto\" \/>\n<script type=\"application\/ld+json\" class=\"yoast-schema-graph\">{\"@context\":\"https:\/\/schema.org\",\"@graph\":[{\"@type\":\"NewsArticle\",\"@id\":\"https:\/\/www.estrategiaconcursos.com.br\/blog\/atencao-ao-prazo-termina-nesta-segunda-feira-o-prazo-para-inscricoes-no-concurso-tre-pi-saiba-mais\/#article\",\"isPartOf\":{\"@id\":\"https:\/\/www.estrategiaconcursos.com.br\/blog\/atencao-ao-prazo-termina-nesta-segunda-feira-o-prazo-para-inscricoes-no-concurso-tre-pi-saiba-mais\/\"},\"author\":{\"name\":\"Coordena\u00e7\u00e3o\",\"@id\":\"https:\/\/www.estrategiaconcursos.com.br\/blog\/#\/schema\/person\/b4a388c97673c5f483d72185668afa1f\"},\"headline\":\"ATEN\u00c7\u00c3O AO PRAZO: Termina nesta segunda-feira o prazo para inscri\u00e7\u00f5es no concurso TRE-PI. Saiba mais!\",\"datePublished\":\"2015-12-07T09:49:03+00:00\",\"dateModified\":\"2015-12-07T12:49:33+00:00\",\"mainEntityOfPage\":{\"@id\":\"https:\/\/www.estrategiaconcursos.com.br\/blog\/atencao-ao-prazo-termina-nesta-segunda-feira-o-prazo-para-inscricoes-no-concurso-tre-pi-saiba-mais\/\"},\"wordCount\":295,\"commentCount\":0,\"publisher\":{\"@id\":\"https:\/\/www.estrategiaconcursos.com.br\/blog\/#organization\"},\"image\":{\"@id\":\"https:\/\/www.estrategiaconcursos.com.br\/blog\/atencao-ao-prazo-termina-nesta-segunda-feira-o-prazo-para-inscricoes-no-concurso-tre-pi-saiba-mais\/#primaryimage\"},\"thumbnailUrl\":\"https:\/\/dhg1h5j42swfq.cloudfront.net\/2015\/08\/18094515\/concurso-TRE-PI.jpg\",\"keywords\":[\"inscri\u00e7\u00f5es\",\"TRE-PI\"],\"articleSection\":[\"Concursos P\u00fablicos\"],\"inLanguage\":\"pt-BR\",\"potentialAction\":[{\"@type\":\"CommentAction\",\"name\":\"Comment\",\"target\":[\"https:\/\/www.estrategiaconcursos.com.br\/blog\/atencao-ao-prazo-termina-nesta-segunda-feira-o-prazo-para-inscricoes-no-concurso-tre-pi-saiba-mais\/#respond\"]}],\"copyrightYear\":\"2015\",\"copyrightHolder\":{\"@id\":\"https:\/\/www.estrategiaconcursos.com.br\/blog\/#organization\"}},{\"@type\":\"WebPage\",\"@id\":\"https:\/\/www.estrategiaconcursos.com.br\/blog\/atencao-ao-prazo-termina-nesta-segunda-feira-o-prazo-para-inscricoes-no-concurso-tre-pi-saiba-mais\/\",\"url\":\"https:\/\/www.estrategiaconcursos.com.br\/blog\/atencao-ao-prazo-termina-nesta-segunda-feira-o-prazo-para-inscricoes-no-concurso-tre-pi-saiba-mais\/\",\"name\":\"ATEN\u00c7\u00c3O AO PRAZO: Termina nesta segunda-feira o prazo para inscri\u00e7\u00f5es no concurso TRE-PI. Saiba mais!\",\"isPartOf\":{\"@id\":\"https:\/\/www.estrategiaconcursos.com.br\/blog\/#website\"},\"primaryImageOfPage\":{\"@id\":\"https:\/\/www.estrategiaconcursos.com.br\/blog\/atencao-ao-prazo-termina-nesta-segunda-feira-o-prazo-para-inscricoes-no-concurso-tre-pi-saiba-mais\/#primaryimage\"},\"image\":{\"@id\":\"https:\/\/www.estrategiaconcursos.com.br\/blog\/atencao-ao-prazo-termina-nesta-segunda-feira-o-prazo-para-inscricoes-no-concurso-tre-pi-saiba-mais\/#primaryimage\"},\"thumbnailUrl\":\"https:\/\/dhg1h5j42swfq.cloudfront.net\/2015\/08\/18094515\/concurso-TRE-PI.jpg\",\"datePublished\":\"2015-12-07T09:49:03+00:00\",\"dateModified\":\"2015-12-07T12:49:33+00:00\",\"description\":\"Termina nesta segunda-feira, 07, o prazo para inscri\u00e7\u00f5es no concurso TRE-PI, que prev\u00ea o preenchimento de vagas nos cargos de analista e t\u00e9cnico judici\u00e1rio.\",\"breadcrumb\":{\"@id\":\"https:\/\/www.estrategiaconcursos.com.br\/blog\/atencao-ao-prazo-termina-nesta-segunda-feira-o-prazo-para-inscricoes-no-concurso-tre-pi-saiba-mais\/#breadcrumb\"},\"inLanguage\":\"pt-BR\",\"potentialAction\":[{\"@type\":\"ReadAction\",\"target\":[\"https:\/\/www.estrategiaconcursos.com.br\/blog\/atencao-ao-prazo-termina-nesta-segunda-feira-o-prazo-para-inscricoes-no-concurso-tre-pi-saiba-mais\/\"]}]},{\"@type\":\"ImageObject\",\"inLanguage\":\"pt-BR\",\"@id\":\"https:\/\/www.estrategiaconcursos.com.br\/blog\/atencao-ao-prazo-termina-nesta-segunda-feira-o-prazo-para-inscricoes-no-concurso-tre-pi-saiba-mais\/#primaryimage\",\"url\":\"https:\/\/dhg1h5j42swfq.cloudfront.net\/2015\/08\/18094515\/concurso-TRE-PI.jpg\",\"contentUrl\":\"https:\/\/dhg1h5j42swfq.cloudfront.net\/2015\/08\/18094515\/concurso-TRE-PI.jpg\"},{\"@type\":\"BreadcrumbList\",\"@id\":\"https:\/\/www.estrategiaconcursos.com.br\/blog\/atencao-ao-prazo-termina-nesta-segunda-feira-o-prazo-para-inscricoes-no-concurso-tre-pi-saiba-mais\/#breadcrumb\",\"itemListElement\":[{\"@type\":\"ListItem\",\"position\":1,\"name\":\"In\u00edcio\",\"item\":\"https:\/\/www.estrategiaconcursos.com.br\/blog\/\"},{\"@type\":\"ListItem\",\"position\":2,\"name\":\"ATEN\u00c7\u00c3O AO PRAZO: Termina nesta segunda-feira o prazo para inscri\u00e7\u00f5es no concurso TRE-PI. Saiba mais!\"}]},{\"@type\":\"WebSite\",\"@id\":\"https:\/\/www.estrategiaconcursos.com.br\/blog\/#website\",\"url\":\"https:\/\/www.estrategiaconcursos.com.br\/blog\/\",\"name\":\"Estrat\u00e9gia Concursos\",\"description\":\"O blog da Estrat\u00e9gia Concursos traz not\u00edcias sobre concursos e artigos de professores oferecendo cursos para concursos (pdf + videaulas) no site.\",\"publisher\":{\"@id\":\"https:\/\/www.estrategiaconcursos.com.br\/blog\/#organization\"},\"potentialAction\":[{\"@type\":\"SearchAction\",\"target\":{\"@type\":\"EntryPoint\",\"urlTemplate\":\"https:\/\/www.estrategiaconcursos.com.br\/blog\/?s={search_term_string}\"},\"query-input\":{\"@type\":\"PropertyValueSpecification\",\"valueRequired\":true,\"valueName\":\"search_term_string\"}}],\"inLanguage\":\"pt-BR\"},{\"@type\":\"Organization\",\"@id\":\"https:\/\/www.estrategiaconcursos.com.br\/blog\/#organization\",\"name\":\"Estrat\u00e9gia Concursos\",\"url\":\"https:\/\/www.estrategiaconcursos.com.br\/blog\/\",\"logo\":{\"@type\":\"ImageObject\",\"inLanguage\":\"pt-BR\",\"@id\":\"https:\/\/www.estrategiaconcursos.com.br\/blog\/#\/schema\/logo\/image\/\",\"url\":\"https:\/\/dhg1h5j42swfq.cloudfront.net\/2025\/06\/03203428\/logo_concursos-1.jpg\",\"contentUrl\":\"https:\/\/dhg1h5j42swfq.cloudfront.net\/2025\/06\/03203428\/logo_concursos-1.jpg\",\"width\":230,\"height\":60,\"caption\":\"Estrat\u00e9gia Concursos\"},\"image\":{\"@id\":\"https:\/\/www.estrategiaconcursos.com.br\/blog\/#\/schema\/logo\/image\/\"},\"sameAs\":[\"https:\/\/x.com\/EstratConcursos\"]},{\"@type\":\"Person\",\"@id\":\"https:\/\/www.estrategiaconcursos.com.br\/blog\/#\/schema\/person\/b4a388c97673c5f483d72185668afa1f\",\"name\":\"Coordena\u00e7\u00e3o\",\"image\":{\"@type\":\"ImageObject\",\"inLanguage\":\"pt-BR\",\"@id\":\"https:\/\/secure.gravatar.com\/avatar\/b720319e4c9a967eb58678d110f4fe35452fc5d5f97b202bac7b8acceb18c6ad?s=96&d=mm&r=g\",\"url\":\"https:\/\/secure.gravatar.com\/avatar\/b720319e4c9a967eb58678d110f4fe35452fc5d5f97b202bac7b8acceb18c6ad?s=96&d=mm&r=g\",\"contentUrl\":\"https:\/\/secure.gravatar.com\/avatar\/b720319e4c9a967eb58678d110f4fe35452fc5d5f97b202bac7b8acceb18c6ad?s=96&d=mm&r=g\",\"caption\":\"Coordena\u00e7\u00e3o\"},\"sameAs\":[\"https:\/\/www.facebook.com\/EstrategiaConcursos\",\"https:\/\/x.com\/EstratConcursos\"],\"url\":\"https:\/\/www.estrategiaconcursos.com.br\/blog\/author\/estrategia2013\/\"}]}<\/script>\n<!-- \/ Yoast SEO Premium plugin. -->","yoast_head_json":{"title":"ATEN\u00c7\u00c3O AO PRAZO: Termina nesta segunda-feira o prazo para inscri\u00e7\u00f5es no concurso TRE-PI. Saiba mais!","description":"Termina nesta segunda-feira, 07, o prazo para inscri\u00e7\u00f5es no concurso TRE-PI, que prev\u00ea o preenchimento de vagas nos cargos de analista e t\u00e9cnico judici\u00e1rio.","robots":{"index":"index","follow":"follow","max-snippet":"max-snippet:-1","max-image-preview":"max-image-preview:large","max-video-preview":"max-video-preview:-1"},"canonical":"https:\/\/www.estrategiaconcursos.com.br\/blog\/atencao-ao-prazo-termina-nesta-segunda-feira-o-prazo-para-inscricoes-no-concurso-tre-pi-saiba-mais\/","og_locale":"pt_BR","og_type":"article","og_title":"ATEN\u00c7\u00c3O AO PRAZO: Termina nesta segunda-feira o prazo para inscri\u00e7\u00f5es no concurso TRE-PI. Saiba mais!","og_description":"Termina nesta segunda-feira, 07, o prazo para inscri\u00e7\u00f5es no concurso TRE-PI, que prev\u00ea o preenchimento de vagas nos cargos de analista e t\u00e9cnico judici\u00e1rio.","og_url":"https:\/\/www.estrategiaconcursos.com.br\/blog\/atencao-ao-prazo-termina-nesta-segunda-feira-o-prazo-para-inscricoes-no-concurso-tre-pi-saiba-mais\/","og_site_name":"Estrat\u00e9gia Concursos","article_author":"https:\/\/www.facebook.com\/EstrategiaConcursos","article_published_time":"2015-12-07T09:49:03+00:00","article_modified_time":"2015-12-07T12:49:33+00:00","og_image":[{"url":"https:\/\/dhg1h5j42swfq.cloudfront.net\/2015\/08\/18094515\/concurso-TRE-PI.jpg","type":"","width":"","height":""}],"author":"Coordena\u00e7\u00e3o","twitter_card":"summary_large_image","twitter_creator":"@EstratConcursos","twitter_site":"@EstratConcursos","twitter_misc":{"Escrito por":"Coordena\u00e7\u00e3o","Est. tempo de leitura":"1 minuto"},"schema":{"@context":"https:\/\/schema.org","@graph":[{"@type":"NewsArticle","@id":"https:\/\/www.estrategiaconcursos.com.br\/blog\/atencao-ao-prazo-termina-nesta-segunda-feira-o-prazo-para-inscricoes-no-concurso-tre-pi-saiba-mais\/#article","isPartOf":{"@id":"https:\/\/www.estrategiaconcursos.com.br\/blog\/atencao-ao-prazo-termina-nesta-segunda-feira-o-prazo-para-inscricoes-no-concurso-tre-pi-saiba-mais\/"},"author":{"name":"Coordena\u00e7\u00e3o","@id":"https:\/\/www.estrategiaconcursos.com.br\/blog\/#\/schema\/person\/b4a388c97673c5f483d72185668afa1f"},"headline":"ATEN\u00c7\u00c3O AO PRAZO: Termina nesta segunda-feira o prazo para inscri\u00e7\u00f5es no concurso TRE-PI. Saiba mais!","datePublished":"2015-12-07T09:49:03+00:00","dateModified":"2015-12-07T12:49:33+00:00","mainEntityOfPage":{"@id":"https:\/\/www.estrategiaconcursos.com.br\/blog\/atencao-ao-prazo-termina-nesta-segunda-feira-o-prazo-para-inscricoes-no-concurso-tre-pi-saiba-mais\/"},"wordCount":295,"commentCount":0,"publisher":{"@id":"https:\/\/www.estrategiaconcursos.com.br\/blog\/#organization"},"image":{"@id":"https:\/\/www.estrategiaconcursos.com.br\/blog\/atencao-ao-prazo-termina-nesta-segunda-feira-o-prazo-para-inscricoes-no-concurso-tre-pi-saiba-mais\/#primaryimage"},"thumbnailUrl":"https:\/\/dhg1h5j42swfq.cloudfront.net\/2015\/08\/18094515\/concurso-TRE-PI.jpg","keywords":["inscri\u00e7\u00f5es","TRE-PI"],"articleSection":["Concursos P\u00fablicos"],"inLanguage":"pt-BR","potentialAction":[{"@type":"CommentAction","name":"Comment","target":["https:\/\/www.estrategiaconcursos.com.br\/blog\/atencao-ao-prazo-termina-nesta-segunda-feira-o-prazo-para-inscricoes-no-concurso-tre-pi-saiba-mais\/#respond"]}],"copyrightYear":"2015","copyrightHolder":{"@id":"https:\/\/www.estrategiaconcursos.com.br\/blog\/#organization"}},{"@type":"WebPage","@id":"https:\/\/www.estrategiaconcursos.com.br\/blog\/atencao-ao-prazo-termina-nesta-segunda-feira-o-prazo-para-inscricoes-no-concurso-tre-pi-saiba-mais\/","url":"https:\/\/www.estrategiaconcursos.com.br\/blog\/atencao-ao-prazo-termina-nesta-segunda-feira-o-prazo-para-inscricoes-no-concurso-tre-pi-saiba-mais\/","name":"ATEN\u00c7\u00c3O AO PRAZO: Termina nesta segunda-feira o prazo para inscri\u00e7\u00f5es no concurso TRE-PI. Saiba mais!","isPartOf":{"@id":"https:\/\/www.estrategiaconcursos.com.br\/blog\/#website"},"primaryImageOfPage":{"@id":"https:\/\/www.estrategiaconcursos.com.br\/blog\/atencao-ao-prazo-termina-nesta-segunda-feira-o-prazo-para-inscricoes-no-concurso-tre-pi-saiba-mais\/#primaryimage"},"image":{"@id":"https:\/\/www.estrategiaconcursos.com.br\/blog\/atencao-ao-prazo-termina-nesta-segunda-feira-o-prazo-para-inscricoes-no-concurso-tre-pi-saiba-mais\/#primaryimage"},"thumbnailUrl":"https:\/\/dhg1h5j42swfq.cloudfront.net\/2015\/08\/18094515\/concurso-TRE-PI.jpg","datePublished":"2015-12-07T09:49:03+00:00","dateModified":"2015-12-07T12:49:33+00:00","description":"Termina nesta segunda-feira, 07, o prazo para inscri\u00e7\u00f5es no concurso TRE-PI, que prev\u00ea o preenchimento de vagas nos cargos de analista e t\u00e9cnico judici\u00e1rio.","breadcrumb":{"@id":"https:\/\/www.estrategiaconcursos.com.br\/blog\/atencao-ao-prazo-termina-nesta-segunda-feira-o-prazo-para-inscricoes-no-concurso-tre-pi-saiba-mais\/#breadcrumb"},"inLanguage":"pt-BR","potentialAction":[{"@type":"ReadAction","target":["https:\/\/www.estrategiaconcursos.com.br\/blog\/atencao-ao-prazo-termina-nesta-segunda-feira-o-prazo-para-inscricoes-no-concurso-tre-pi-saiba-mais\/"]}]},{"@type":"ImageObject","inLanguage":"pt-BR","@id":"https:\/\/www.estrategiaconcursos.com.br\/blog\/atencao-ao-prazo-termina-nesta-segunda-feira-o-prazo-para-inscricoes-no-concurso-tre-pi-saiba-mais\/#primaryimage","url":"https:\/\/dhg1h5j42swfq.cloudfront.net\/2015\/08\/18094515\/concurso-TRE-PI.jpg","contentUrl":"https:\/\/dhg1h5j42swfq.cloudfront.net\/2015\/08\/18094515\/concurso-TRE-PI.jpg"},{"@type":"BreadcrumbList","@id":"https:\/\/www.estrategiaconcursos.com.br\/blog\/atencao-ao-prazo-termina-nesta-segunda-feira-o-prazo-para-inscricoes-no-concurso-tre-pi-saiba-mais\/#breadcrumb","itemListElement":[{"@type":"ListItem","position":1,"name":"In\u00edcio","item":"https:\/\/www.estrategiaconcursos.com.br\/blog\/"},{"@type":"ListItem","position":2,"name":"ATEN\u00c7\u00c3O AO PRAZO: Termina nesta segunda-feira o prazo para inscri\u00e7\u00f5es no concurso TRE-PI. Saiba mais!"}]},{"@type":"WebSite","@id":"https:\/\/www.estrategiaconcursos.com.br\/blog\/#website","url":"https:\/\/www.estrategiaconcursos.com.br\/blog\/","name":"Estrat\u00e9gia Concursos","description":"O blog da Estrat\u00e9gia Concursos traz not\u00edcias sobre concursos e artigos de professores oferecendo cursos para concursos (pdf + videaulas) no site.","publisher":{"@id":"https:\/\/www.estrategiaconcursos.com.br\/blog\/#organization"},"potentialAction":[{"@type":"SearchAction","target":{"@type":"EntryPoint","urlTemplate":"https:\/\/www.estrategiaconcursos.com.br\/blog\/?s={search_term_string}"},"query-input":{"@type":"PropertyValueSpecification","valueRequired":true,"valueName":"search_term_string"}}],"inLanguage":"pt-BR"},{"@type":"Organization","@id":"https:\/\/www.estrategiaconcursos.com.br\/blog\/#organization","name":"Estrat\u00e9gia Concursos","url":"https:\/\/www.estrategiaconcursos.com.br\/blog\/","logo":{"@type":"ImageObject","inLanguage":"pt-BR","@id":"https:\/\/www.estrategiaconcursos.com.br\/blog\/#\/schema\/logo\/image\/","url":"https:\/\/dhg1h5j42swfq.cloudfront.net\/2025\/06\/03203428\/logo_concursos-1.jpg","contentUrl":"https:\/\/dhg1h5j42swfq.cloudfront.net\/2025\/06\/03203428\/logo_concursos-1.jpg","width":230,"height":60,"caption":"Estrat\u00e9gia Concursos"},"image":{"@id":"https:\/\/www.estrategiaconcursos.com.br\/blog\/#\/schema\/logo\/image\/"},"sameAs":["https:\/\/x.com\/EstratConcursos"]},{"@type":"Person","@id":"https:\/\/www.estrategiaconcursos.com.br\/blog\/#\/schema\/person\/b4a388c97673c5f483d72185668afa1f","name":"Coordena\u00e7\u00e3o","image":{"@type":"ImageObject","inLanguage":"pt-BR","@id":"https:\/\/secure.gravatar.com\/avatar\/b720319e4c9a967eb58678d110f4fe35452fc5d5f97b202bac7b8acceb18c6ad?s=96&d=mm&r=g","url":"https:\/\/secure.gravatar.com\/avatar\/b720319e4c9a967eb58678d110f4fe35452fc5d5f97b202bac7b8acceb18c6ad?s=96&d=mm&r=g","contentUrl":"https:\/\/secure.gravatar.com\/avatar\/b720319e4c9a967eb58678d110f4fe35452fc5d5f97b202bac7b8acceb18c6ad?s=96&d=mm&r=g","caption":"Coordena\u00e7\u00e3o"},"sameAs":["https:\/\/www.facebook.com\/EstrategiaConcursos","https:\/\/x.com\/EstratConcursos"],"url":"https:\/\/www.estrategiaconcursos.com.br\/blog\/author\/estrategia2013\/"}]}},"_links":{"self":[{"href":"https:\/\/www.estrategiaconcursos.com.br\/blog\/wp-json\/wp\/v2\/posts\/30005","targetHints":{"allow":["GET"]}}],"collection":[{"href":"https:\/\/www.estrategiaconcursos.com.br\/blog\/wp-json\/wp\/v2\/posts"}],"about":[{"href":"https:\/\/www.estrategiaconcursos.com.br\/blog\/wp-json\/wp\/v2\/types\/post"}],"author":[{"embeddable":true,"href":"https:\/\/www.estrategiaconcursos.com.br\/blog\/wp-json\/wp\/v2\/users\/1"}],"replies":[{"embeddable":true,"href":"https:\/\/www.estrategiaconcursos.com.br\/blog\/wp-json\/wp\/v2\/comments?post=30005"}],"version-history":[{"count":2,"href":"https:\/\/www.estrategiaconcursos.com.br\/blog\/wp-json\/wp\/v2\/posts\/30005\/revisions"}],"predecessor-version":[{"id":30007,"href":"https:\/\/www.estrategiaconcursos.com.br\/blog\/wp-json\/wp\/v2\/posts\/30005\/revisions\/30007"}],"wp:attachment":[{"href":"https:\/\/www.estrategiaconcursos.com.br\/blog\/wp-json\/wp\/v2\/media?parent=30005"}],"wp:term":[{"taxonomy":"category","embeddable":true,"href":"https:\/\/www.estrategiaconcursos.com.br\/blog\/wp-json\/wp\/v2\/categories?post=30005"},{"taxonomy":"post_tag","embeddable":true,"href":"https:\/\/www.estrategiaconcursos.com.br\/blog\/wp-json\/wp\/v2\/tags?post=30005"},{"taxonomy":"tax_estado","embeddable":true,"href":"https:\/\/www.estrategiaconcursos.com.br\/blog\/wp-json\/wp\/v2\/tax_estado?post=30005"}],"curies":[{"name":"wp","href":"https:\/\/api.w.org\/{rel}","templated":true}]}}