{"id":29976,"date":"2015-12-06T18:12:25","date_gmt":"2015-12-06T21:12:25","guid":{"rendered":"http:\/\/www.estrategiaconcursos.com.br\/blog\/?p=29976"},"modified":"2015-12-08T10:38:45","modified_gmt":"2015-12-08T13:38:45","slug":"aposentadoria-compulsoria-aos-75-anos-lc-1522015","status":"publish","type":"post","link":"https:\/\/www.estrategiaconcursos.com.br\/blog\/aposentadoria-compulsoria-aos-75-anos-lc-1522015\/","title":{"rendered":"Aposentadoria compuls\u00f3ria aos 75 anos &#8211; LC 152\/2015"},"content":{"rendered":"<p style=\"text-align: justify;\">Ol\u00e1 pessoal, tudo bem?<\/p>\n<p style=\"text-align: justify;\">Estou passando para comentar brevemente a\u00a0Lei Complementar 152, de 3 de dezembro de 2015 (LC 152\/2015), que alterou a idade da aposentadoria por idade, com proventos proporcionais, na forma prevista no art. 40, \u00a7 1\u00ba, II, da CF.<\/p>\n<p style=\"text-align: justify;\">Veja tamb\u00e9m em:\u00a0<a title=\"Altera\u00e7\u00e3o da idade da aposentadoria compuls\u00f3ria\" href=\"https:\/\/www.youtube.com\/watch?v=IB4Dzj8epJg\">https:\/\/www.youtube.com\/watch?v=IB4Dzj8epJg<\/a><\/p>\n<p style=\"text-align: justify;\">Dessa forma, a partir de agora, a aposentadoria compuls\u00f3ria por idade de servidor p\u00fablico\u00a0da Uni\u00e3o, dos Estados, do Distrito Federal e dos Munic\u00edpios ocorrer\u00e1 somente <span style=\"color: #000080;\"><strong>aos 75 anos<\/strong><\/span>, n\u00e3o mais aos 70 como previsto anteriormente.<\/p>\n<p style=\"text-align: justify;\">O tema, no entanto, al\u00e9m de importante (principalmente para os\u00a0pr\u00f3ximos concursos p\u00fablicos) \u00e9 um pouco pol\u00eamico.\u00a0Assim, inicialmente, vamos discutir a base sobre o assunto, depois veremos os dispositivos da LC 152\/2015, para, ao final, dispormos sobre a pol\u00eamica do tema.<\/p>\n<p style=\"text-align: justify;\">A <span style=\"color: #000080;\"><strong>aposentadoria compuls\u00f3ria<\/strong> <\/span>\u00e9 aquela que deve ocorrer independentemente da vontade da Administra\u00e7\u00e3o e do servidor p\u00fablico, uma vez que, ao se alcan\u00e7ar a idade determinada, o servidor obrigatoriamente ser\u00e1 aposentado. \u00c9 por isso que popularmente ela ficou conhecida como &#8220;aposentadoria expuls\u00f3ria&#8221;.<\/p>\n<p style=\"text-align: justify;\">O tema ganhou relev\u00e2ncia durante o julgamento da A\u00e7\u00e3o Penal 470, em que se analisou, no \u00e2mbito do STF, a responsabilidade penal dos envolvidos no &#8220;Mensal\u00e3o&#8221;. Ao longo do julgamento, alguns ministros foram obrigados a se aposentar, uma vez que alcan\u00e7aram a idade m\u00e1xima prevista para a \u00e9poca (70 anos). Assim, mesmo aparentando um \u00f3timo estado de sa\u00fade, os ministros foram\u00a0compulsoriamente aposentados. Dessa forma, ganhou for\u00e7a a necessidade de se rever o prazo de 70 anos, que vigorava desde a\u00a0promulga\u00e7\u00e3o da Constitui\u00e7\u00e3o Federal de 1988.<\/p>\n<p style=\"text-align: justify;\">Nesse contexto, a Carta Pol\u00edtica\u00a0de 1988 estabelecia que a aposentadoria compuls\u00f3ria por idade ocorreria aos 70 anos.\u00a0Na reda\u00e7\u00e3o original, tal aposentadoria seria proporcional ao tempo\u00a0de servi\u00e7o. Por\u00e9m, a Emenda Constitucional 20\/1998 alterou a base de c\u00e1lculo da aposentadoria, que passou a ser proporcional ao tempo de contribui\u00e7\u00e3o, mantendo-se a idade original (70 anos).<\/p>\n<p style=\"text-align: justify;\">Ap\u00f3s isso, a Emenda Constitucional 88\/2015, decorrente da &#8220;PEC da Bengala&#8221;, alterou a idade da aposentadoria compuls\u00f3ria para 75 anos, mas somente para os Ministros do Supremo Tribunal Federal &#8211; STF, dos Tribunais Superiores e do Tribunal de Contas da Uni\u00e3o &#8211; TCU.\u00a0Al\u00e9m disso, a EC 88\/2015 permitiu que a idade da aposentadoria compuls\u00f3ria dos servidores p\u00fablicos fosse alterada para 75 anos, mediante a edi\u00e7\u00e3o de <strong>lei complementar<\/strong>. Ou seja, a altera\u00e7\u00e3o\u00a0para 75 anos\u00a0teve\u00a0efic\u00e1cia plena\u00a0para os Ministros do STF, dos Tribunais Superiores e do TCU, mas constituiu norma de efic\u00e1cia limitada\u00a0para os servidores p\u00fablicos, uma vez que somente produziria efeitos diretos com a edi\u00e7\u00e3o de uma lei complementar\u00a0dispondo sobre o assunto.<\/p>\n<p style=\"text-align: justify;\">Pois bem, a LC 152\/2015, decorrente de projeto de autoria do Senador Jos\u00e9 Serra (j\u00e1 vou explicar o motivo de mencionar a autoria),\u00a0cumpriu o papel de\u00a0modificar a idade da aposentadoria compuls\u00f3ria por idade dos <strong>servidores p\u00fablicos <\/strong>ocupantes de cargo efetivos e alguns membros de Poderes e ou \u00f3rg\u00e3os\u00a0da\u00a0Uni\u00e3o, dos Estados, do Distrito Federal e dos Munic\u00edpios. Essa Lei Complementar possui quatro\u00a0artigos, interessando-nos somente a reda\u00e7\u00e3o do art. 2\u00ba, vazada nos seguintes termos:<\/p>\n<p style=\"padding-left: 60px;\"><em>Art. 2<s>\u00ba<\/s> Ser\u00e3o aposentados compulsoriamente, com proventos proporcionais ao tempo de contribui\u00e7\u00e3o, aos 75 (setenta e cinco) anos de idade:\u00a0<\/em><\/p>\n<p class=\"Artigo\" style=\"padding-left: 60px;\" align=\"justify\"><em>I &#8211; os servidores titulares de <strong>cargos efetivos<\/strong> da Uni\u00e3o, dos Estados, do Distrito Federal e dos Munic\u00edpios, inclu\u00eddas suas autarquias e funda\u00e7\u00f5es;\u00a0<\/em><\/p>\n<p class=\"Artigo\" style=\"padding-left: 60px;\" align=\"justify\"><em>II &#8211; os membros do Poder Judici\u00e1rio;\u00a0<\/em><\/p>\n<p class=\"Artigo\" style=\"padding-left: 60px;\" align=\"justify\"><em>III &#8211; os membros do Minist\u00e9rio P\u00fablico;\u00a0<\/em><\/p>\n<p class=\"Artigo\" style=\"padding-left: 60px;\" align=\"justify\"><em>IV &#8211; os membros das Defensorias P\u00fablicas;\u00a0<\/em><\/p>\n<p class=\"Artigo\" style=\"padding-left: 60px;\" align=\"justify\"><em>V &#8211; os membros dos Tribunais e dos Conselhos de Contas.<\/em><\/p>\n<p class=\"Artigo\" style=\"padding-left: 60px;\" align=\"justify\"><em>Par\u00e1grafo \u00fanico. Aos servidores do Servi\u00e7o Exterior Brasileiro, regidos pela <a href=\"http:\/\/www.planalto.gov.br\/ccivil_03\/_Ato2004-2006\/2006\/Lei\/L11440.htm\">Lei n<s>\u00ba<\/s> 11.440, de 29 de dezembro de 2006<\/a>, o disposto neste artigo ser\u00e1 aplicado progressivamente \u00e0 raz\u00e3o de 1 (um) ano adicional de limite para aposentadoria compuls\u00f3ria ao fim de cada 2 (dois) anos, a partir da vig\u00eancia desta Lei Complementar, at\u00e9 o limite de 75 (setenta e cinco) anos previsto no caput.\u00a0<\/em><\/p>\n<p style=\"text-align: justify;\">Dessa forma, a partir de agora, a aposentadoria compuls\u00f3ria ocorrer\u00e1 <strong>aos 75 anos<\/strong>\u00a0para os servidores p\u00fablicos efetivos, membros do Poder Judici\u00e1rio (ju\u00edzes, desembargadores e ministros), membros do Minist\u00e9rio P\u00fablico, \u00a0membros da Defensoria P\u00fablica e membros de Tribunais ou\u00a0Conselhos de Contas (ministros e conselheiros).<\/p>\n<p style=\"text-align: justify;\">Note, por\u00e9m, que aos servidores do Servi\u00e7o Exterior Brasileiro a mudan\u00e7a ser\u00e1 progressiva, aumentando em um ano (71, 72&#8230;) a cada dois anos, contados a partir da vig\u00eancia da LC 152\/2015.<\/p>\n<p style=\"text-align: justify;\">Para fins de concurso p\u00fablico, o assunto visto acima \u00e9 mais do que suficiente.<\/p>\n<p style=\"text-align: justify;\">Por\u00e9m, \u00e9 necess\u00e1rio ficar atento, pois o tema poder\u00e1 sofrer mudan\u00e7as\u00a0no curto prazo. A LC 152\/2015 surgiu do Projeto de Lei 274\/2015, de autoria do Senador Jos\u00e9 Serra. Tal projeto foi vetado pela Presidente da Rep\u00fablica, sob o argumento de que &#8220;<b><i>Por tratar da aposentadoria de servidores p\u00fablicos da Uni\u00e3o, tema de iniciativa privativa do Presidente da Rep\u00fablica, o projeto contraria o disposto no art. 61, \u00a7 1\u00ba, inciso II, da Constitui\u00e7\u00e3o.<\/i><\/b>&#8221; (Mensagem PR 441\/2015).<\/p>\n<p style=\"text-align: justify;\">Assim, entendeu a Presidente da Rep\u00fablica que a iniciativa do projeto de lei para alterar a aposentadoria compuls\u00f3ria, por tratar de tema relacionado ao regime jur\u00eddico dos servidores p\u00fablicos, seria de sua compet\u00eancia privativa, logo n\u00e3o poderia ter sido iniciado por um senador.<\/p>\n<p style=\"text-align: justify;\">Contudo, o veto foi derrubado pelo Congresso Nacional, sendo a lei promulgada.<\/p>\n<p style=\"text-align: justify;\">Portanto, h\u00e1 discuss\u00e3o se a LC 152\/2015 n\u00e3o teria nascido com v\u00edcio de inconstitucionalidade formal, uma vez que um parlamentar n\u00e3o poderia propor o projeto de lei sobre o assunto.<\/p>\n<p style=\"text-align: justify;\">Nesse contexto, o STF possui alguns precedentes\u00a0no sentido de que a aposentadoria de servidor p\u00fablico \u00e9 tema de iniciativa privativa do Presidente da Rep\u00fablica, conforme MI 1675 AgR &#8211; Plen\u00e1rio (julgado em 29\/5\/13, com relatoria da Min. Rosa Weber) e\u00a0MI 4158 AgR &#8211; Plen\u00e1rio (julgado em 18\/12\/13, com relatoria do Min. Luiz Fux), ambos tratando sobre a regulamenta\u00e7\u00e3o do art. 40, \u00a7 4\u00ba, da CF (que trata de requisitos e crit\u00e9rios especiais de aposentadoria).<\/p>\n<p style=\"text-align: justify;\">Ademais, no julgamento da\u00a0ADI 5316, que tratou de alguns assuntos espec\u00edficos sobre a EC 88\/2015, o\u00a0Ministro Luiz Fux, relator, havia informado em seu voto que a aposentadoria de magistrados seria tema de lei complementar nacional, de iniciativa do STF.<\/p>\n<p style=\"text-align: justify;\">Assim, aplicando-se os precedentes acima, a LC 152\/2015 teria um v\u00edcio formal de constitucionalidade.<\/p>\n<p style=\"text-align: justify;\">Todavia, n\u00e3o podemos aplicar tal entendimento para a prova. Em primeiro lugar, a LC 152\/2015 est\u00e1 em vigor, e continuar\u00e1 assim, salvo quando for revogada ou expressamente considerada inconstitucional.<\/p>\n<p style=\"text-align: justify;\">Al\u00e9m disso, em reuni\u00e3o administrativa do STF,\u00a0realizada em 7 de outubro, os ministros deram a entender que tal entendimento n\u00e3o se aplicaria ao Projeto de Lei\u00a0274\/2015, que n\u00e3o padeceria, em tese, de inconstitucionalidade formal.<\/p>\n<p style=\"text-align: justify;\">Em resumo, o fato \u00e9 que, a partir de agora, a aposentadoria compuls\u00f3ria por idade ocorre aos 75 anos.<\/p>\n<p style=\"text-align: justify;\">Quem desejar, poder\u00e1 acessar a Lei Complementar 152\/2015 no seguinte link:\u00a0<a title=\"LC 152\/2015 - Altera a idade da aposentadoria compuls\u00f3ria\" href=\"http:\/\/www.planalto.gov.br\/ccivil_03\/LEIS\/LCP\/Lcp152.htm\">http:\/\/www.planalto.gov.br\/ccivil_03\/LEIS\/LCP\/Lcp152.htm<\/a><\/p>\n<p style=\"text-align: justify;\">Se voc\u00ea estiver na luta por sua aprova\u00e7\u00e3o, n\u00e3o deixe de conferir os nossos cursos de Direito Administrativo aqui no Estrat\u00e9gia Concursos:\u00a0<a title=\"Direito Administrativo - Prof. Herbert Almeida\" href=\"https:\/\/www.estrategiaconcursos.com.br\/cursosPorProfessor\/herbert-almeida-3314\/\">https:\/\/www.estrategiaconcursos.com.br\/cursosPorProfessor\/herbert-almeida-3314\/<\/a><\/p>\n<p style=\"text-align: justify;\">Abra\u00e7os, pessoal!<\/p>\n<p style=\"text-align: justify;\">Prof. Herbert Almeida<\/p>\n","protected":false},"excerpt":{"rendered":"<p>Ol\u00e1 pessoal, tudo bem? Estou passando para comentar brevemente a\u00a0Lei Complementar 152, de 3 de dezembro de 2015 (LC 152\/2015), que alterou a idade da aposentadoria por idade, com proventos proporcionais, na forma prevista no art. 40, \u00a7 1\u00ba, II, da CF. Veja tamb\u00e9m em:\u00a0https:\/\/www.youtube.com\/watch?v=IB4Dzj8epJg Dessa forma, a partir de agora, a aposentadoria compuls\u00f3ria por [&hellip;]<\/p>\n","protected":false},"author":129,"featured_media":0,"comment_status":"open","ping_status":"open","sticky":false,"template":"","format":"standard","meta":{"post_tipo":"article","footnotes":""},"categories":[1],"tags":[727],"tax_estado":[],"class_list":["post-29976","post","type-post","status-publish","format-standard","hentry","category-cursos-e-concursos","tag-administracao-publica"],"acf":[],"yoast_head":"<!-- This site is optimized with the Yoast SEO Premium plugin v27.2 (Yoast SEO v27.2) - https:\/\/yoast.com\/product\/yoast-seo-premium-wordpress\/ -->\n<title>Aposentadoria compuls\u00f3ria aos 75 anos - LC 152\/2015<\/title>\n<meta name=\"description\" content=\"An\u00e1lise sobre a altera\u00e7\u00e3o da idade da aposentadoria compuls\u00f3ria para os 75 anos, nos termos da Lei Complementar 152\/2015.\" \/>\n<meta name=\"robots\" content=\"index, follow, max-snippet:-1, max-image-preview:large, max-video-preview:-1\" \/>\n<link rel=\"canonical\" href=\"https:\/\/www.estrategiaconcursos.com.br\/blog\/aposentadoria-compulsoria-aos-75-anos-lc-1522015\/\" \/>\n<meta property=\"og:locale\" content=\"pt_BR\" \/>\n<meta property=\"og:type\" content=\"article\" \/>\n<meta property=\"og:title\" content=\"Aposentadoria compuls\u00f3ria aos 75 anos - LC 152\/2015\" \/>\n<meta property=\"og:description\" content=\"An\u00e1lise sobre a altera\u00e7\u00e3o da idade da aposentadoria compuls\u00f3ria para os 75 anos, nos termos da Lei Complementar 152\/2015.\" \/>\n<meta property=\"og:url\" content=\"https:\/\/www.estrategiaconcursos.com.br\/blog\/aposentadoria-compulsoria-aos-75-anos-lc-1522015\/\" \/>\n<meta property=\"og:site_name\" content=\"Estrat\u00e9gia Concursos\" \/>\n<meta property=\"article:published_time\" content=\"2015-12-06T21:12:25+00:00\" \/>\n<meta property=\"article:modified_time\" content=\"2015-12-08T13:38:45+00:00\" \/>\n<meta name=\"author\" content=\"Herbert Almeida\" \/>\n<meta name=\"twitter:card\" content=\"summary_large_image\" \/>\n<meta name=\"twitter:creator\" content=\"@EstratConcursos\" \/>\n<meta name=\"twitter:site\" content=\"@EstratConcursos\" \/>\n<meta name=\"twitter:label1\" content=\"Escrito por\" \/>\n\t<meta name=\"twitter:data1\" content=\"Herbert Almeida\" \/>\n\t<meta name=\"twitter:label2\" content=\"Est. tempo de leitura\" \/>\n\t<meta name=\"twitter:data2\" content=\"6 minutos\" \/>\n<script type=\"application\/ld+json\" class=\"yoast-schema-graph\">{\"@context\":\"https:\/\/schema.org\",\"@graph\":[{\"@type\":\"NewsArticle\",\"@id\":\"https:\/\/www.estrategiaconcursos.com.br\/blog\/aposentadoria-compulsoria-aos-75-anos-lc-1522015\/#article\",\"isPartOf\":{\"@id\":\"https:\/\/www.estrategiaconcursos.com.br\/blog\/aposentadoria-compulsoria-aos-75-anos-lc-1522015\/\"},\"author\":{\"name\":\"Herbert Almeida\",\"@id\":\"https:\/\/www.estrategiaconcursos.com.br\/blog\/#\/schema\/person\/59717c75350fa01aa0fd68a52a8d02e0\"},\"headline\":\"Aposentadoria compuls\u00f3ria aos 75 anos &#8211; LC 152\/2015\",\"datePublished\":\"2015-12-06T21:12:25+00:00\",\"dateModified\":\"2015-12-08T13:38:45+00:00\",\"mainEntityOfPage\":{\"@id\":\"https:\/\/www.estrategiaconcursos.com.br\/blog\/aposentadoria-compulsoria-aos-75-anos-lc-1522015\/\"},\"wordCount\":1226,\"commentCount\":15,\"publisher\":{\"@id\":\"https:\/\/www.estrategiaconcursos.com.br\/blog\/#organization\"},\"keywords\":[\"Administra\u00e7\u00e3o P\u00fablica\"],\"articleSection\":[\"Concursos P\u00fablicos\"],\"inLanguage\":\"pt-BR\",\"potentialAction\":[{\"@type\":\"CommentAction\",\"name\":\"Comment\",\"target\":[\"https:\/\/www.estrategiaconcursos.com.br\/blog\/aposentadoria-compulsoria-aos-75-anos-lc-1522015\/#respond\"]}],\"copyrightYear\":\"2015\",\"copyrightHolder\":{\"@id\":\"https:\/\/www.estrategiaconcursos.com.br\/blog\/#organization\"}},{\"@type\":\"WebPage\",\"@id\":\"https:\/\/www.estrategiaconcursos.com.br\/blog\/aposentadoria-compulsoria-aos-75-anos-lc-1522015\/\",\"url\":\"https:\/\/www.estrategiaconcursos.com.br\/blog\/aposentadoria-compulsoria-aos-75-anos-lc-1522015\/\",\"name\":\"Aposentadoria compuls\u00f3ria aos 75 anos - LC 152\/2015\",\"isPartOf\":{\"@id\":\"https:\/\/www.estrategiaconcursos.com.br\/blog\/#website\"},\"datePublished\":\"2015-12-06T21:12:25+00:00\",\"dateModified\":\"2015-12-08T13:38:45+00:00\",\"description\":\"An\u00e1lise sobre a altera\u00e7\u00e3o da idade da aposentadoria compuls\u00f3ria para os 75 anos, nos termos da Lei Complementar 152\/2015.\",\"breadcrumb\":{\"@id\":\"https:\/\/www.estrategiaconcursos.com.br\/blog\/aposentadoria-compulsoria-aos-75-anos-lc-1522015\/#breadcrumb\"},\"inLanguage\":\"pt-BR\",\"potentialAction\":[{\"@type\":\"ReadAction\",\"target\":[\"https:\/\/www.estrategiaconcursos.com.br\/blog\/aposentadoria-compulsoria-aos-75-anos-lc-1522015\/\"]}]},{\"@type\":\"BreadcrumbList\",\"@id\":\"https:\/\/www.estrategiaconcursos.com.br\/blog\/aposentadoria-compulsoria-aos-75-anos-lc-1522015\/#breadcrumb\",\"itemListElement\":[{\"@type\":\"ListItem\",\"position\":1,\"name\":\"In\u00edcio\",\"item\":\"https:\/\/www.estrategiaconcursos.com.br\/blog\/\"},{\"@type\":\"ListItem\",\"position\":2,\"name\":\"Aposentadoria compuls\u00f3ria aos 75 anos &#8211; LC 152\/2015\"}]},{\"@type\":\"WebSite\",\"@id\":\"https:\/\/www.estrategiaconcursos.com.br\/blog\/#website\",\"url\":\"https:\/\/www.estrategiaconcursos.com.br\/blog\/\",\"name\":\"Estrat\u00e9gia Concursos\",\"description\":\"O blog da Estrat\u00e9gia Concursos traz not\u00edcias sobre concursos e artigos de professores oferecendo cursos para concursos (pdf + videaulas) no site.\",\"publisher\":{\"@id\":\"https:\/\/www.estrategiaconcursos.com.br\/blog\/#organization\"},\"potentialAction\":[{\"@type\":\"SearchAction\",\"target\":{\"@type\":\"EntryPoint\",\"urlTemplate\":\"https:\/\/www.estrategiaconcursos.com.br\/blog\/?s={search_term_string}\"},\"query-input\":{\"@type\":\"PropertyValueSpecification\",\"valueRequired\":true,\"valueName\":\"search_term_string\"}}],\"inLanguage\":\"pt-BR\"},{\"@type\":\"Organization\",\"@id\":\"https:\/\/www.estrategiaconcursos.com.br\/blog\/#organization\",\"name\":\"Estrat\u00e9gia Concursos\",\"url\":\"https:\/\/www.estrategiaconcursos.com.br\/blog\/\",\"logo\":{\"@type\":\"ImageObject\",\"inLanguage\":\"pt-BR\",\"@id\":\"https:\/\/www.estrategiaconcursos.com.br\/blog\/#\/schema\/logo\/image\/\",\"url\":\"https:\/\/dhg1h5j42swfq.cloudfront.net\/2025\/06\/03203428\/logo_concursos-1.jpg\",\"contentUrl\":\"https:\/\/dhg1h5j42swfq.cloudfront.net\/2025\/06\/03203428\/logo_concursos-1.jpg\",\"width\":230,\"height\":60,\"caption\":\"Estrat\u00e9gia Concursos\"},\"image\":{\"@id\":\"https:\/\/www.estrategiaconcursos.com.br\/blog\/#\/schema\/logo\/image\/\"},\"sameAs\":[\"https:\/\/x.com\/EstratConcursos\"]},{\"@type\":\"Person\",\"@id\":\"https:\/\/www.estrategiaconcursos.com.br\/blog\/#\/schema\/person\/59717c75350fa01aa0fd68a52a8d02e0\",\"name\":\"Herbert Almeida\",\"image\":{\"@type\":\"ImageObject\",\"inLanguage\":\"pt-BR\",\"@id\":\"https:\/\/secure.gravatar.com\/avatar\/b6461a43893c24d5fc91efc433971ffec025c84c0341129f4578034d77f9a536?s=96&d=mm&r=g\",\"url\":\"https:\/\/secure.gravatar.com\/avatar\/b6461a43893c24d5fc91efc433971ffec025c84c0341129f4578034d77f9a536?s=96&d=mm&r=g\",\"contentUrl\":\"https:\/\/secure.gravatar.com\/avatar\/b6461a43893c24d5fc91efc433971ffec025c84c0341129f4578034d77f9a536?s=96&d=mm&r=g\",\"caption\":\"Herbert Almeida\"},\"url\":\"https:\/\/www.estrategiaconcursos.com.br\/blog\/author\/herbertestrategiaconcursos-com-br\/\"}]}<\/script>\n<!-- \/ Yoast SEO Premium plugin. -->","yoast_head_json":{"title":"Aposentadoria compuls\u00f3ria aos 75 anos - LC 152\/2015","description":"An\u00e1lise sobre a altera\u00e7\u00e3o da idade da aposentadoria compuls\u00f3ria para os 75 anos, nos termos da Lei Complementar 152\/2015.","robots":{"index":"index","follow":"follow","max-snippet":"max-snippet:-1","max-image-preview":"max-image-preview:large","max-video-preview":"max-video-preview:-1"},"canonical":"https:\/\/www.estrategiaconcursos.com.br\/blog\/aposentadoria-compulsoria-aos-75-anos-lc-1522015\/","og_locale":"pt_BR","og_type":"article","og_title":"Aposentadoria compuls\u00f3ria aos 75 anos - LC 152\/2015","og_description":"An\u00e1lise sobre a altera\u00e7\u00e3o da idade da aposentadoria compuls\u00f3ria para os 75 anos, nos termos da Lei Complementar 152\/2015.","og_url":"https:\/\/www.estrategiaconcursos.com.br\/blog\/aposentadoria-compulsoria-aos-75-anos-lc-1522015\/","og_site_name":"Estrat\u00e9gia Concursos","article_published_time":"2015-12-06T21:12:25+00:00","article_modified_time":"2015-12-08T13:38:45+00:00","author":"Herbert Almeida","twitter_card":"summary_large_image","twitter_creator":"@EstratConcursos","twitter_site":"@EstratConcursos","twitter_misc":{"Escrito por":"Herbert Almeida","Est. tempo de leitura":"6 minutos"},"schema":{"@context":"https:\/\/schema.org","@graph":[{"@type":"NewsArticle","@id":"https:\/\/www.estrategiaconcursos.com.br\/blog\/aposentadoria-compulsoria-aos-75-anos-lc-1522015\/#article","isPartOf":{"@id":"https:\/\/www.estrategiaconcursos.com.br\/blog\/aposentadoria-compulsoria-aos-75-anos-lc-1522015\/"},"author":{"name":"Herbert Almeida","@id":"https:\/\/www.estrategiaconcursos.com.br\/blog\/#\/schema\/person\/59717c75350fa01aa0fd68a52a8d02e0"},"headline":"Aposentadoria compuls\u00f3ria aos 75 anos &#8211; LC 152\/2015","datePublished":"2015-12-06T21:12:25+00:00","dateModified":"2015-12-08T13:38:45+00:00","mainEntityOfPage":{"@id":"https:\/\/www.estrategiaconcursos.com.br\/blog\/aposentadoria-compulsoria-aos-75-anos-lc-1522015\/"},"wordCount":1226,"commentCount":15,"publisher":{"@id":"https:\/\/www.estrategiaconcursos.com.br\/blog\/#organization"},"keywords":["Administra\u00e7\u00e3o P\u00fablica"],"articleSection":["Concursos P\u00fablicos"],"inLanguage":"pt-BR","potentialAction":[{"@type":"CommentAction","name":"Comment","target":["https:\/\/www.estrategiaconcursos.com.br\/blog\/aposentadoria-compulsoria-aos-75-anos-lc-1522015\/#respond"]}],"copyrightYear":"2015","copyrightHolder":{"@id":"https:\/\/www.estrategiaconcursos.com.br\/blog\/#organization"}},{"@type":"WebPage","@id":"https:\/\/www.estrategiaconcursos.com.br\/blog\/aposentadoria-compulsoria-aos-75-anos-lc-1522015\/","url":"https:\/\/www.estrategiaconcursos.com.br\/blog\/aposentadoria-compulsoria-aos-75-anos-lc-1522015\/","name":"Aposentadoria compuls\u00f3ria aos 75 anos - LC 152\/2015","isPartOf":{"@id":"https:\/\/www.estrategiaconcursos.com.br\/blog\/#website"},"datePublished":"2015-12-06T21:12:25+00:00","dateModified":"2015-12-08T13:38:45+00:00","description":"An\u00e1lise sobre a altera\u00e7\u00e3o da idade da aposentadoria compuls\u00f3ria para os 75 anos, nos termos da Lei Complementar 152\/2015.","breadcrumb":{"@id":"https:\/\/www.estrategiaconcursos.com.br\/blog\/aposentadoria-compulsoria-aos-75-anos-lc-1522015\/#breadcrumb"},"inLanguage":"pt-BR","potentialAction":[{"@type":"ReadAction","target":["https:\/\/www.estrategiaconcursos.com.br\/blog\/aposentadoria-compulsoria-aos-75-anos-lc-1522015\/"]}]},{"@type":"BreadcrumbList","@id":"https:\/\/www.estrategiaconcursos.com.br\/blog\/aposentadoria-compulsoria-aos-75-anos-lc-1522015\/#breadcrumb","itemListElement":[{"@type":"ListItem","position":1,"name":"In\u00edcio","item":"https:\/\/www.estrategiaconcursos.com.br\/blog\/"},{"@type":"ListItem","position":2,"name":"Aposentadoria compuls\u00f3ria aos 75 anos &#8211; LC 152\/2015"}]},{"@type":"WebSite","@id":"https:\/\/www.estrategiaconcursos.com.br\/blog\/#website","url":"https:\/\/www.estrategiaconcursos.com.br\/blog\/","name":"Estrat\u00e9gia Concursos","description":"O blog da Estrat\u00e9gia Concursos traz not\u00edcias sobre concursos e artigos de professores oferecendo cursos para concursos (pdf + videaulas) no site.","publisher":{"@id":"https:\/\/www.estrategiaconcursos.com.br\/blog\/#organization"},"potentialAction":[{"@type":"SearchAction","target":{"@type":"EntryPoint","urlTemplate":"https:\/\/www.estrategiaconcursos.com.br\/blog\/?s={search_term_string}"},"query-input":{"@type":"PropertyValueSpecification","valueRequired":true,"valueName":"search_term_string"}}],"inLanguage":"pt-BR"},{"@type":"Organization","@id":"https:\/\/www.estrategiaconcursos.com.br\/blog\/#organization","name":"Estrat\u00e9gia Concursos","url":"https:\/\/www.estrategiaconcursos.com.br\/blog\/","logo":{"@type":"ImageObject","inLanguage":"pt-BR","@id":"https:\/\/www.estrategiaconcursos.com.br\/blog\/#\/schema\/logo\/image\/","url":"https:\/\/dhg1h5j42swfq.cloudfront.net\/2025\/06\/03203428\/logo_concursos-1.jpg","contentUrl":"https:\/\/dhg1h5j42swfq.cloudfront.net\/2025\/06\/03203428\/logo_concursos-1.jpg","width":230,"height":60,"caption":"Estrat\u00e9gia Concursos"},"image":{"@id":"https:\/\/www.estrategiaconcursos.com.br\/blog\/#\/schema\/logo\/image\/"},"sameAs":["https:\/\/x.com\/EstratConcursos"]},{"@type":"Person","@id":"https:\/\/www.estrategiaconcursos.com.br\/blog\/#\/schema\/person\/59717c75350fa01aa0fd68a52a8d02e0","name":"Herbert Almeida","image":{"@type":"ImageObject","inLanguage":"pt-BR","@id":"https:\/\/secure.gravatar.com\/avatar\/b6461a43893c24d5fc91efc433971ffec025c84c0341129f4578034d77f9a536?s=96&d=mm&r=g","url":"https:\/\/secure.gravatar.com\/avatar\/b6461a43893c24d5fc91efc433971ffec025c84c0341129f4578034d77f9a536?s=96&d=mm&r=g","contentUrl":"https:\/\/secure.gravatar.com\/avatar\/b6461a43893c24d5fc91efc433971ffec025c84c0341129f4578034d77f9a536?s=96&d=mm&r=g","caption":"Herbert Almeida"},"url":"https:\/\/www.estrategiaconcursos.com.br\/blog\/author\/herbertestrategiaconcursos-com-br\/"}]}},"_links":{"self":[{"href":"https:\/\/www.estrategiaconcursos.com.br\/blog\/wp-json\/wp\/v2\/posts\/29976","targetHints":{"allow":["GET"]}}],"collection":[{"href":"https:\/\/www.estrategiaconcursos.com.br\/blog\/wp-json\/wp\/v2\/posts"}],"about":[{"href":"https:\/\/www.estrategiaconcursos.com.br\/blog\/wp-json\/wp\/v2\/types\/post"}],"author":[{"embeddable":true,"href":"https:\/\/www.estrategiaconcursos.com.br\/blog\/wp-json\/wp\/v2\/users\/129"}],"replies":[{"embeddable":true,"href":"https:\/\/www.estrategiaconcursos.com.br\/blog\/wp-json\/wp\/v2\/comments?post=29976"}],"version-history":[{"count":12,"href":"https:\/\/www.estrategiaconcursos.com.br\/blog\/wp-json\/wp\/v2\/posts\/29976\/revisions"}],"predecessor-version":[{"id":30096,"href":"https:\/\/www.estrategiaconcursos.com.br\/blog\/wp-json\/wp\/v2\/posts\/29976\/revisions\/30096"}],"wp:attachment":[{"href":"https:\/\/www.estrategiaconcursos.com.br\/blog\/wp-json\/wp\/v2\/media?parent=29976"}],"wp:term":[{"taxonomy":"category","embeddable":true,"href":"https:\/\/www.estrategiaconcursos.com.br\/blog\/wp-json\/wp\/v2\/categories?post=29976"},{"taxonomy":"post_tag","embeddable":true,"href":"https:\/\/www.estrategiaconcursos.com.br\/blog\/wp-json\/wp\/v2\/tags?post=29976"},{"taxonomy":"tax_estado","embeddable":true,"href":"https:\/\/www.estrategiaconcursos.com.br\/blog\/wp-json\/wp\/v2\/tax_estado?post=29976"}],"curies":[{"name":"wp","href":"https:\/\/api.w.org\/{rel}","templated":true}]}}