{"id":29830,"date":"2015-12-02T13:53:50","date_gmt":"2015-12-02T16:53:50","guid":{"rendered":"http:\/\/www.estrategiaconcursos.com.br\/blog\/?p=29830"},"modified":"2015-12-04T10:21:22","modified_gmt":"2015-12-04T13:21:22","slug":"recursos-trt-pr-seguranca-institucionallegislacao","status":"publish","type":"post","link":"https:\/\/www.estrategiaconcursos.com.br\/blog\/recursos-trt-pr-seguranca-institucionallegislacao\/","title":{"rendered":"Recursos &#8211; TRT PR &#8211; Seguran\u00e7a Institucional\/Legisla\u00e7\u00e3o."},"content":{"rendered":"<p>Ol\u00e1, pessoal!<\/p>\n<p>Entendo que h\u00e1 possibilidade de recurso\u00a0nesta quest\u00e3o,<strong>\u00a0pois a parte\u00a0&#8220;Das penas&#8221; n\u00e3o est\u00e1 no edital.\u00a0<\/strong>E o examinador copiou a literal do\u00a0\u00a7 4\u00ba \u00a0do art. 33.<\/p>\n<p><strong>35) (2015 \u2013 TRT PR \u2013 FCC \u2013 Especialidade Seguran\u00e7a) Sobre os crimes praticados por funcion\u00e1rio p\u00fablico contra a Administra\u00e7\u00e3o em geral, \u00e9 correto afirmar:<\/strong><\/p>\n<p>(A) O condenado por crime contra a administra\u00e7\u00e3o p\u00fablica ter\u00e1 a progress\u00e3o de regime do cumprimento da pena condicionada \u00e0 repara\u00e7\u00e3o do dano que causou, ou \u00e0 devolu\u00e7\u00e3o do produto do il\u00edcito praticado, com os acr\u00e9scimos legais.<\/p>\n<p>(B) Ap\u00f3s o recebimento da den\u00fancia sempre ser\u00e1 adotado o rito sum\u00e1rio.<\/p>\n<p>(C) Os crimes de peculato, corrup\u00e7\u00e3o passiva, concuss\u00e3o e excesso de exa\u00e7\u00e3o s\u00e3o hediondos.<\/p>\n<p>(D) Crimes funcionais pr\u00f3prios s\u00e3o aqueles que se for exclu\u00edda a qualidade de funcion\u00e1rio p\u00fablico, haver\u00e1 a desclassifica\u00e7\u00e3o para crime de outra natureza.<\/p>\n<p>(E) Crimes funcionais impr\u00f3prios s\u00e3o aqueles cuja exclus\u00e3o da qualidade de funcion\u00e1rio p\u00fablico torna o fato at\u00edpico.<\/p>\n<p><strong>Coment\u00e1rios:<\/strong><\/p>\n<p>Vejamos:<\/p>\n<p>T\u00f3pico do edital: No\u00e7\u00f5es de Direito Penal: Decreto-Lei n\u00ba 2848, de 7 de dezembro de 1940, e altera\u00e7\u00f5es posteriores &#8211; Infra\u00e7\u00e3o Penal: elementos, esp\u00e9cies. Sujeito ativo e sujeito passivo da infra\u00e7\u00e3o penal. Tipicidade, ilicitude, culpabilidade. Imputabilidade penal. Erro de tipo, erro de proibi\u00e7\u00e3o. Crimes contra a pessoa. Crimes contra o patrim\u00f4nio. Crimes contra a Administra\u00e7\u00e3o p\u00fablica.<\/p>\n<p><em>\u201cT\u00cdTULO V<\/em><\/p>\n<p><em>DAS PENAS<\/em><\/p>\n<p><em>CAP\u00cdTULO I<\/em><\/p>\n<p><em>DAS ESP\u00c9CIES DE PENA<\/em><\/p>\n<p><em>\u00a0\u00a0\u00a0\u00a0\u00a0\u00a0\u00a0 (&#8230;)<\/em><\/p>\n<p><em>SE\u00c7\u00c3O I<\/em><\/p>\n<p><em>DAS PENAS PRIVATIVAS DE LIBERDADE<\/em><\/p>\n<p><em>\u00a0\u00a0\u00a0\u00a0\u00a0\u00a0\u00a0 Reclus\u00e3o e deten\u00e7\u00e3o<\/em><\/p>\n<p><em>\u00a0\u00a0\u00a0\u00a0\u00a0\u00a0\u00a0 Art. 33<\/em><\/p>\n<p><em>\u00a0\u00a0\u00a0\u00a0\u00a0\u00a0\u00a0 (&#8230;) \u00a7 4o O condenado por crime contra a administra\u00e7\u00e3o p\u00fablica ter\u00e1 a progress\u00e3o de regime do cumprimento da pena condicionada \u00e0 repara\u00e7\u00e3o do dano que causou, ou \u00e0 devolu\u00e7\u00e3o do produto do il\u00edcito praticado, com os acr\u00e9scimos legais. (Inclu\u00eddo pela Lei n\u00ba 10.763, de 12.11.2003)\u201d<\/em><\/p>\n<p><strong>Gabarito: A.<\/strong><\/p>\n<p>&nbsp;<\/p>\n<p>Grande abra\u00e7o e bons estudos!<\/p>\n<p>&nbsp;<\/p>\n<p>Alexandre Herculano<\/p>\n<p>&nbsp;<\/p>\n","protected":false},"excerpt":{"rendered":"<p>Ol\u00e1, pessoal! Entendo que h\u00e1 possibilidade de recurso\u00a0nesta quest\u00e3o,\u00a0pois a parte\u00a0&#8220;Das penas&#8221; n\u00e3o est\u00e1 no edital.\u00a0E o examinador copiou a literal do\u00a0\u00a7 4\u00ba \u00a0do art. 33. 35) (2015 \u2013 TRT PR \u2013 FCC \u2013 Especialidade Seguran\u00e7a) Sobre os crimes praticados por funcion\u00e1rio p\u00fablico contra a Administra\u00e7\u00e3o em geral, \u00e9 correto afirmar: (A) O condenado por [&hellip;]<\/p>\n","protected":false},"author":86,"featured_media":0,"comment_status":"open","ping_status":"open","sticky":false,"template":"","format":"standard","meta":{"post_tipo":"article","footnotes":""},"categories":[],"tags":[657],"tax_estado":[],"class_list":["post-29830","post","type-post","status-publish","format-standard","hentry","tag-trt-pr"],"acf":[],"yoast_head":"<!-- This site is optimized with the Yoast SEO Premium plugin v27.2 (Yoast SEO v27.2) - https:\/\/yoast.com\/product\/yoast-seo-premium-wordpress\/ -->\n<title>Prova TRT-PR: Recursos Seguran\u00e7a Institucional\/Legisla\u00e7\u00e3o<\/title>\n<meta name=\"description\" content=\"Coment\u00e1rios a prova do TRT-PR. H\u00e1 possibilidade de recurso nesta quest\u00e3o, pois a parte &quot;Das penas&quot; n\u00e3o est\u00e1 no edital.\" \/>\n<meta name=\"robots\" content=\"index, follow, max-snippet:-1, max-image-preview:large, max-video-preview:-1\" \/>\n<link rel=\"canonical\" href=\"https:\/\/www.estrategiaconcursos.com.br\/blog\/recursos-trt-pr-seguranca-institucionallegislacao\/\" \/>\n<meta property=\"og:locale\" content=\"pt_BR\" \/>\n<meta property=\"og:type\" content=\"article\" \/>\n<meta property=\"og:title\" content=\"Recursos - TRT PR - Seguran\u00e7a Institucional\/Legisla\u00e7\u00e3o.\" \/>\n<meta property=\"og:description\" content=\"Coment\u00e1rios a prova do TRT-PR. H\u00e1 possibilidade de recurso nesta quest\u00e3o, pois a parte &quot;Das penas&quot; n\u00e3o est\u00e1 no edital.\" \/>\n<meta property=\"og:url\" content=\"https:\/\/www.estrategiaconcursos.com.br\/blog\/recursos-trt-pr-seguranca-institucionallegislacao\/\" \/>\n<meta property=\"og:site_name\" content=\"Estrat\u00e9gia Concursos\" \/>\n<meta property=\"article:published_time\" content=\"2015-12-02T16:53:50+00:00\" \/>\n<meta property=\"article:modified_time\" content=\"2015-12-04T13:21:22+00:00\" \/>\n<meta name=\"author\" content=\"Alexandre Herculano\" \/>\n<meta name=\"twitter:card\" content=\"summary_large_image\" \/>\n<meta name=\"twitter:creator\" content=\"@EstratConcursos\" \/>\n<meta name=\"twitter:site\" content=\"@EstratConcursos\" \/>\n<meta name=\"twitter:label1\" content=\"Escrito por\" \/>\n\t<meta name=\"twitter:data1\" content=\"Alexandre Herculano\" \/>\n\t<meta name=\"twitter:label2\" content=\"Est. tempo de leitura\" \/>\n\t<meta name=\"twitter:data2\" content=\"2 minutos\" \/>\n<script type=\"application\/ld+json\" class=\"yoast-schema-graph\">{\"@context\":\"https:\/\/schema.org\",\"@graph\":[{\"@type\":\"NewsArticle\",\"@id\":\"https:\/\/www.estrategiaconcursos.com.br\/blog\/recursos-trt-pr-seguranca-institucionallegislacao\/#article\",\"isPartOf\":{\"@id\":\"https:\/\/www.estrategiaconcursos.com.br\/blog\/recursos-trt-pr-seguranca-institucionallegislacao\/\"},\"author\":{\"name\":\"Alexandre Herculano\",\"@id\":\"https:\/\/www.estrategiaconcursos.com.br\/blog\/#\/schema\/person\/edda4e500c7c5065d53cfab276ffa8dd\"},\"headline\":\"Recursos &#8211; TRT PR &#8211; Seguran\u00e7a Institucional\/Legisla\u00e7\u00e3o.\",\"datePublished\":\"2015-12-02T16:53:50+00:00\",\"dateModified\":\"2015-12-04T13:21:22+00:00\",\"mainEntityOfPage\":{\"@id\":\"https:\/\/www.estrategiaconcursos.com.br\/blog\/recursos-trt-pr-seguranca-institucionallegislacao\/\"},\"wordCount\":344,\"commentCount\":3,\"publisher\":{\"@id\":\"https:\/\/www.estrategiaconcursos.com.br\/blog\/#organization\"},\"keywords\":[\"TRT-PR\"],\"inLanguage\":\"pt-BR\",\"potentialAction\":[{\"@type\":\"CommentAction\",\"name\":\"Comment\",\"target\":[\"https:\/\/www.estrategiaconcursos.com.br\/blog\/recursos-trt-pr-seguranca-institucionallegislacao\/#respond\"]}],\"copyrightYear\":\"2015\",\"copyrightHolder\":{\"@id\":\"https:\/\/www.estrategiaconcursos.com.br\/blog\/#organization\"}},{\"@type\":\"WebPage\",\"@id\":\"https:\/\/www.estrategiaconcursos.com.br\/blog\/recursos-trt-pr-seguranca-institucionallegislacao\/\",\"url\":\"https:\/\/www.estrategiaconcursos.com.br\/blog\/recursos-trt-pr-seguranca-institucionallegislacao\/\",\"name\":\"Prova TRT-PR: Recursos Seguran\u00e7a Institucional\/Legisla\u00e7\u00e3o\",\"isPartOf\":{\"@id\":\"https:\/\/www.estrategiaconcursos.com.br\/blog\/#website\"},\"datePublished\":\"2015-12-02T16:53:50+00:00\",\"dateModified\":\"2015-12-04T13:21:22+00:00\",\"description\":\"Coment\u00e1rios a prova do TRT-PR. H\u00e1 possibilidade de recurso nesta quest\u00e3o, pois a parte \\\"Das penas\\\" n\u00e3o est\u00e1 no edital.\",\"breadcrumb\":{\"@id\":\"https:\/\/www.estrategiaconcursos.com.br\/blog\/recursos-trt-pr-seguranca-institucionallegislacao\/#breadcrumb\"},\"inLanguage\":\"pt-BR\",\"potentialAction\":[{\"@type\":\"ReadAction\",\"target\":[\"https:\/\/www.estrategiaconcursos.com.br\/blog\/recursos-trt-pr-seguranca-institucionallegislacao\/\"]}]},{\"@type\":\"BreadcrumbList\",\"@id\":\"https:\/\/www.estrategiaconcursos.com.br\/blog\/recursos-trt-pr-seguranca-institucionallegislacao\/#breadcrumb\",\"itemListElement\":[{\"@type\":\"ListItem\",\"position\":1,\"name\":\"In\u00edcio\",\"item\":\"https:\/\/www.estrategiaconcursos.com.br\/blog\/\"},{\"@type\":\"ListItem\",\"position\":2,\"name\":\"Recursos &#8211; TRT PR &#8211; Seguran\u00e7a Institucional\/Legisla\u00e7\u00e3o.\"}]},{\"@type\":\"WebSite\",\"@id\":\"https:\/\/www.estrategiaconcursos.com.br\/blog\/#website\",\"url\":\"https:\/\/www.estrategiaconcursos.com.br\/blog\/\",\"name\":\"Estrat\u00e9gia Concursos\",\"description\":\"O blog da Estrat\u00e9gia Concursos traz not\u00edcias sobre concursos e artigos de professores oferecendo cursos para concursos (pdf + videaulas) no site.\",\"publisher\":{\"@id\":\"https:\/\/www.estrategiaconcursos.com.br\/blog\/#organization\"},\"potentialAction\":[{\"@type\":\"SearchAction\",\"target\":{\"@type\":\"EntryPoint\",\"urlTemplate\":\"https:\/\/www.estrategiaconcursos.com.br\/blog\/?s={search_term_string}\"},\"query-input\":{\"@type\":\"PropertyValueSpecification\",\"valueRequired\":true,\"valueName\":\"search_term_string\"}}],\"inLanguage\":\"pt-BR\"},{\"@type\":\"Organization\",\"@id\":\"https:\/\/www.estrategiaconcursos.com.br\/blog\/#organization\",\"name\":\"Estrat\u00e9gia Concursos\",\"url\":\"https:\/\/www.estrategiaconcursos.com.br\/blog\/\",\"logo\":{\"@type\":\"ImageObject\",\"inLanguage\":\"pt-BR\",\"@id\":\"https:\/\/www.estrategiaconcursos.com.br\/blog\/#\/schema\/logo\/image\/\",\"url\":\"https:\/\/dhg1h5j42swfq.cloudfront.net\/2025\/06\/03203428\/logo_concursos-1.jpg\",\"contentUrl\":\"https:\/\/dhg1h5j42swfq.cloudfront.net\/2025\/06\/03203428\/logo_concursos-1.jpg\",\"width\":230,\"height\":60,\"caption\":\"Estrat\u00e9gia Concursos\"},\"image\":{\"@id\":\"https:\/\/www.estrategiaconcursos.com.br\/blog\/#\/schema\/logo\/image\/\"},\"sameAs\":[\"https:\/\/x.com\/EstratConcursos\"]},{\"@type\":\"Person\",\"@id\":\"https:\/\/www.estrategiaconcursos.com.br\/blog\/#\/schema\/person\/edda4e500c7c5065d53cfab276ffa8dd\",\"name\":\"Alexandre Herculano\",\"image\":{\"@type\":\"ImageObject\",\"inLanguage\":\"pt-BR\",\"@id\":\"https:\/\/secure.gravatar.com\/avatar\/38cb0c33a42096a75e0d9cdd0d8f7413cf51bcfdd398eb7a35bdcd48e89060f8?s=96&d=mm&r=g\",\"url\":\"https:\/\/secure.gravatar.com\/avatar\/38cb0c33a42096a75e0d9cdd0d8f7413cf51bcfdd398eb7a35bdcd48e89060f8?s=96&d=mm&r=g\",\"contentUrl\":\"https:\/\/secure.gravatar.com\/avatar\/38cb0c33a42096a75e0d9cdd0d8f7413cf51bcfdd398eb7a35bdcd48e89060f8?s=96&d=mm&r=g\",\"caption\":\"Alexandre Herculano\"},\"url\":\"https:\/\/www.estrategiaconcursos.com.br\/blog\/author\/alexandreherculanoestrategiaconcursos-com-br\/\"}]}<\/script>\n<!-- \/ Yoast SEO Premium plugin. -->","yoast_head_json":{"title":"Prova TRT-PR: Recursos Seguran\u00e7a Institucional\/Legisla\u00e7\u00e3o","description":"Coment\u00e1rios a prova do TRT-PR. H\u00e1 possibilidade de recurso nesta quest\u00e3o, pois a parte \"Das penas\" n\u00e3o est\u00e1 no edital.","robots":{"index":"index","follow":"follow","max-snippet":"max-snippet:-1","max-image-preview":"max-image-preview:large","max-video-preview":"max-video-preview:-1"},"canonical":"https:\/\/www.estrategiaconcursos.com.br\/blog\/recursos-trt-pr-seguranca-institucionallegislacao\/","og_locale":"pt_BR","og_type":"article","og_title":"Recursos - TRT PR - Seguran\u00e7a Institucional\/Legisla\u00e7\u00e3o.","og_description":"Coment\u00e1rios a prova do TRT-PR. H\u00e1 possibilidade de recurso nesta quest\u00e3o, pois a parte \"Das penas\" n\u00e3o est\u00e1 no edital.","og_url":"https:\/\/www.estrategiaconcursos.com.br\/blog\/recursos-trt-pr-seguranca-institucionallegislacao\/","og_site_name":"Estrat\u00e9gia Concursos","article_published_time":"2015-12-02T16:53:50+00:00","article_modified_time":"2015-12-04T13:21:22+00:00","author":"Alexandre Herculano","twitter_card":"summary_large_image","twitter_creator":"@EstratConcursos","twitter_site":"@EstratConcursos","twitter_misc":{"Escrito por":"Alexandre Herculano","Est. tempo de leitura":"2 minutos"},"schema":{"@context":"https:\/\/schema.org","@graph":[{"@type":"NewsArticle","@id":"https:\/\/www.estrategiaconcursos.com.br\/blog\/recursos-trt-pr-seguranca-institucionallegislacao\/#article","isPartOf":{"@id":"https:\/\/www.estrategiaconcursos.com.br\/blog\/recursos-trt-pr-seguranca-institucionallegislacao\/"},"author":{"name":"Alexandre Herculano","@id":"https:\/\/www.estrategiaconcursos.com.br\/blog\/#\/schema\/person\/edda4e500c7c5065d53cfab276ffa8dd"},"headline":"Recursos &#8211; TRT PR &#8211; Seguran\u00e7a Institucional\/Legisla\u00e7\u00e3o.","datePublished":"2015-12-02T16:53:50+00:00","dateModified":"2015-12-04T13:21:22+00:00","mainEntityOfPage":{"@id":"https:\/\/www.estrategiaconcursos.com.br\/blog\/recursos-trt-pr-seguranca-institucionallegislacao\/"},"wordCount":344,"commentCount":3,"publisher":{"@id":"https:\/\/www.estrategiaconcursos.com.br\/blog\/#organization"},"keywords":["TRT-PR"],"inLanguage":"pt-BR","potentialAction":[{"@type":"CommentAction","name":"Comment","target":["https:\/\/www.estrategiaconcursos.com.br\/blog\/recursos-trt-pr-seguranca-institucionallegislacao\/#respond"]}],"copyrightYear":"2015","copyrightHolder":{"@id":"https:\/\/www.estrategiaconcursos.com.br\/blog\/#organization"}},{"@type":"WebPage","@id":"https:\/\/www.estrategiaconcursos.com.br\/blog\/recursos-trt-pr-seguranca-institucionallegislacao\/","url":"https:\/\/www.estrategiaconcursos.com.br\/blog\/recursos-trt-pr-seguranca-institucionallegislacao\/","name":"Prova TRT-PR: Recursos Seguran\u00e7a Institucional\/Legisla\u00e7\u00e3o","isPartOf":{"@id":"https:\/\/www.estrategiaconcursos.com.br\/blog\/#website"},"datePublished":"2015-12-02T16:53:50+00:00","dateModified":"2015-12-04T13:21:22+00:00","description":"Coment\u00e1rios a prova do TRT-PR. H\u00e1 possibilidade de recurso nesta quest\u00e3o, pois a parte \"Das penas\" n\u00e3o est\u00e1 no edital.","breadcrumb":{"@id":"https:\/\/www.estrategiaconcursos.com.br\/blog\/recursos-trt-pr-seguranca-institucionallegislacao\/#breadcrumb"},"inLanguage":"pt-BR","potentialAction":[{"@type":"ReadAction","target":["https:\/\/www.estrategiaconcursos.com.br\/blog\/recursos-trt-pr-seguranca-institucionallegislacao\/"]}]},{"@type":"BreadcrumbList","@id":"https:\/\/www.estrategiaconcursos.com.br\/blog\/recursos-trt-pr-seguranca-institucionallegislacao\/#breadcrumb","itemListElement":[{"@type":"ListItem","position":1,"name":"In\u00edcio","item":"https:\/\/www.estrategiaconcursos.com.br\/blog\/"},{"@type":"ListItem","position":2,"name":"Recursos &#8211; TRT PR &#8211; Seguran\u00e7a Institucional\/Legisla\u00e7\u00e3o."}]},{"@type":"WebSite","@id":"https:\/\/www.estrategiaconcursos.com.br\/blog\/#website","url":"https:\/\/www.estrategiaconcursos.com.br\/blog\/","name":"Estrat\u00e9gia Concursos","description":"O blog da Estrat\u00e9gia Concursos traz not\u00edcias sobre concursos e artigos de professores oferecendo cursos para concursos (pdf + videaulas) no site.","publisher":{"@id":"https:\/\/www.estrategiaconcursos.com.br\/blog\/#organization"},"potentialAction":[{"@type":"SearchAction","target":{"@type":"EntryPoint","urlTemplate":"https:\/\/www.estrategiaconcursos.com.br\/blog\/?s={search_term_string}"},"query-input":{"@type":"PropertyValueSpecification","valueRequired":true,"valueName":"search_term_string"}}],"inLanguage":"pt-BR"},{"@type":"Organization","@id":"https:\/\/www.estrategiaconcursos.com.br\/blog\/#organization","name":"Estrat\u00e9gia Concursos","url":"https:\/\/www.estrategiaconcursos.com.br\/blog\/","logo":{"@type":"ImageObject","inLanguage":"pt-BR","@id":"https:\/\/www.estrategiaconcursos.com.br\/blog\/#\/schema\/logo\/image\/","url":"https:\/\/dhg1h5j42swfq.cloudfront.net\/2025\/06\/03203428\/logo_concursos-1.jpg","contentUrl":"https:\/\/dhg1h5j42swfq.cloudfront.net\/2025\/06\/03203428\/logo_concursos-1.jpg","width":230,"height":60,"caption":"Estrat\u00e9gia Concursos"},"image":{"@id":"https:\/\/www.estrategiaconcursos.com.br\/blog\/#\/schema\/logo\/image\/"},"sameAs":["https:\/\/x.com\/EstratConcursos"]},{"@type":"Person","@id":"https:\/\/www.estrategiaconcursos.com.br\/blog\/#\/schema\/person\/edda4e500c7c5065d53cfab276ffa8dd","name":"Alexandre Herculano","image":{"@type":"ImageObject","inLanguage":"pt-BR","@id":"https:\/\/secure.gravatar.com\/avatar\/38cb0c33a42096a75e0d9cdd0d8f7413cf51bcfdd398eb7a35bdcd48e89060f8?s=96&d=mm&r=g","url":"https:\/\/secure.gravatar.com\/avatar\/38cb0c33a42096a75e0d9cdd0d8f7413cf51bcfdd398eb7a35bdcd48e89060f8?s=96&d=mm&r=g","contentUrl":"https:\/\/secure.gravatar.com\/avatar\/38cb0c33a42096a75e0d9cdd0d8f7413cf51bcfdd398eb7a35bdcd48e89060f8?s=96&d=mm&r=g","caption":"Alexandre Herculano"},"url":"https:\/\/www.estrategiaconcursos.com.br\/blog\/author\/alexandreherculanoestrategiaconcursos-com-br\/"}]}},"_links":{"self":[{"href":"https:\/\/www.estrategiaconcursos.com.br\/blog\/wp-json\/wp\/v2\/posts\/29830","targetHints":{"allow":["GET"]}}],"collection":[{"href":"https:\/\/www.estrategiaconcursos.com.br\/blog\/wp-json\/wp\/v2\/posts"}],"about":[{"href":"https:\/\/www.estrategiaconcursos.com.br\/blog\/wp-json\/wp\/v2\/types\/post"}],"author":[{"embeddable":true,"href":"https:\/\/www.estrategiaconcursos.com.br\/blog\/wp-json\/wp\/v2\/users\/86"}],"replies":[{"embeddable":true,"href":"https:\/\/www.estrategiaconcursos.com.br\/blog\/wp-json\/wp\/v2\/comments?post=29830"}],"version-history":[{"count":1,"href":"https:\/\/www.estrategiaconcursos.com.br\/blog\/wp-json\/wp\/v2\/posts\/29830\/revisions"}],"predecessor-version":[{"id":29831,"href":"https:\/\/www.estrategiaconcursos.com.br\/blog\/wp-json\/wp\/v2\/posts\/29830\/revisions\/29831"}],"wp:attachment":[{"href":"https:\/\/www.estrategiaconcursos.com.br\/blog\/wp-json\/wp\/v2\/media?parent=29830"}],"wp:term":[{"taxonomy":"category","embeddable":true,"href":"https:\/\/www.estrategiaconcursos.com.br\/blog\/wp-json\/wp\/v2\/categories?post=29830"},{"taxonomy":"post_tag","embeddable":true,"href":"https:\/\/www.estrategiaconcursos.com.br\/blog\/wp-json\/wp\/v2\/tags?post=29830"},{"taxonomy":"tax_estado","embeddable":true,"href":"https:\/\/www.estrategiaconcursos.com.br\/blog\/wp-json\/wp\/v2\/tax_estado?post=29830"}],"curies":[{"name":"wp","href":"https:\/\/api.w.org\/{rel}","templated":true}]}}