{"id":29789,"date":"2015-12-02T07:23:49","date_gmt":"2015-12-02T10:23:49","guid":{"rendered":"http:\/\/www.estrategiaconcursos.com.br\/blog\/?p=29789"},"modified":"2015-12-02T07:23:49","modified_gmt":"2015-12-02T10:23:49","slug":"direito-constitucional-secretaria-da-crianca-df-atendente-de-reintegracao","status":"publish","type":"post","link":"https:\/\/www.estrategiaconcursos.com.br\/blog\/direito-constitucional-secretaria-da-crianca-df-atendente-de-reintegracao\/","title":{"rendered":"Direito Constitucional &#8211;  Secretaria da Crian\u00e7a \/ DF (Atendente de Reintegra\u00e7\u00e3o)"},"content":{"rendered":"<p>Ol\u00e1, pessoal, tudo bem?<\/p>\n<p>Nesse \u00faltimo final de semana, a FUNIVERSA aplicou a prova da Secretaria da Crian\u00e7a do DF. Como sempre, a FUNIVERSA fez quest\u00f5es com um n\u00edvel razo\u00e1vel de dificuldade. Quem n\u00e3o se preparou em alto n\u00edvel, provavelmente acabou errando as quest\u00f5es.<\/p>\n<p>A seguir, fa\u00e7o os coment\u00e1rios da prova de Atendente de Reintegra\u00e7\u00e3o!<\/p>\n<p><strong>15 &#8211; (FUNIVERSA \/ Secretaria da Crian\u00e7a-DF \u2013 2015) No que se refere \u00e0 Administra\u00e7\u00e3o P\u00fablica, assinale a alternativa correta.<\/strong><\/p>\n<p>a) Considere que o edital de um concurso p\u00fablico tenha sido publicado, prevendo prazo de validade de dezoito meses. Nesse caso, esse concurso poder\u00e1 ser prorrogado por mais quatro meses, desde que n\u00e3o ultrapasse dois anos.<\/p>\n<p>b) Considere que Pedro n\u00e3o detenha cargo efetivo. Nesse caso, ele poder\u00e1 ocupar cargo em comiss\u00e3o ou fun\u00e7\u00e3o comissionada, de livre nomea\u00e7\u00e3o e exonera\u00e7\u00e3o.<\/p>\n<p>c) Suponha-se que o governador do DF pretenda contratar defensores p\u00fablicos para promover a defesa dos hipossuficientes. Em momento de crise econ\u00f4mica, nada impede que esses defensores p\u00fablicos sejam empossados em cargos tempor\u00e1rios para atender a necessidade tempor\u00e1ria de excepcional interesse p\u00fablico.<\/p>\n<p>d) Suponha-se que uma lei do DF estabele\u00e7a que toda vez que houver aumento de remunera\u00e7\u00e3o dos servidores do Poder Judici\u00e1rio haja, na mesma propor\u00e7\u00e3o e na mesma data, aumento da remunera\u00e7\u00e3o dos servidores do DF. Nesse caso, essa lei seria inconstitucional.<\/p>\n<p>e) Suponha-se que Jo\u00e3o seja empregado celetista em uma empresa p\u00fablica distrital, sendo que o cargo que ele exerce n\u00e3o \u00e9 considerado como t\u00e9cnico ou cient\u00edfico. Nesse caso, Jo\u00e3o poder\u00e1 ocupar cargo efetivo de professor da Secretaria de Estado da Educa\u00e7\u00e3o, desde que haja compatibilidade de hor\u00e1rio.<\/p>\n<p><strong>Coment\u00e1rios<\/strong>:<\/p>\n<p>Letra A: errada. O prazo de validade do concurso p\u00fablico \u00e9 de <strong><em>at\u00e9 2 (dois) anos, prorrog\u00e1vel por igual per\u00edodo<\/em><\/strong>. \u00c9 poss\u00edvel, assim, que o concurso p\u00fablico tenha validade total, ap\u00f3s a prorroga\u00e7\u00e3o, de 4 (quatro) anos.<\/p>\n<p>Letra B: errada. Os cargos em comiss\u00e3o s\u00e3o de livre nomea\u00e7\u00e3o e exonera\u00e7\u00e3o. Entretanto, as <strong><em>fun\u00e7\u00f5es de confian\u00e7a<\/em><\/strong> s\u00e3o destinadas exclusivamente a <strong><em>servidores p\u00fablicos ocupantes de cargo efetivo<\/em><\/strong>.<\/p>\n<p>Letra C: errada. Segundo o STF, <strong><em>n\u00e3o \u00e9 poss\u00edvel<\/em><\/strong> a contrata\u00e7\u00e3o tempor\u00e1ria de servidores p\u00fablicos para o <strong><em>exerc\u00edcio de servi\u00e7os t\u00edpicos de carreira e de cargos permanentes de Estado,<\/em><\/strong> sem concurso ou motiva\u00e7\u00e3o de excepcional relev\u00e2ncia que o justifique.<\/p>\n<p>Letra D: correta. \u00c9 isso mesmo! Segundo o art. 37, XIII,<em> CF\/88, \u201c\u00e9 vedada a vincula\u00e7\u00e3o ou equipara\u00e7\u00e3o de quaisquer esp\u00e9cies remunerat\u00f3rias para o efeito de remunera\u00e7\u00e3o de pessoal do servi\u00e7o p\u00fablico\u201d. <\/em><\/p>\n<p>Letra E: errada. \u00c9 poss\u00edvel a acumula\u00e7\u00e3o remunerada de cargos, desde que haja compatibilidade de hor\u00e1rios, nos seguintes casos: i) 1 cargo t\u00e9cnico ou cient\u00edfico com 1 cargo de professor; ii) 2 cargos de professor e; iii) 2 cargos ou empregos privativos de profissionais de sa\u00fade, com profiss\u00f5es regulamentadas.<\/p>\n<p>O gabarito \u00e9 a letra D.<\/p>\n<p><strong>16 &#8211; (FUNIVERSA \/ Secretaria da Crian\u00e7a-DF \u2013 2015) Em rela\u00e7\u00e3o a direitos e garantias fundamentais, assinale a alternativa correta.<\/strong><\/p>\n<p>a) \u00a0Considere que Marcos, por convic\u00e7\u00e3o religiosa e pol\u00edtica, pretenda se eximir de uma obriga\u00e7\u00e3o legal que \u00e9 imposta a todos os brasileiros. Nesse caso, diante da liberdade individual de cada indiv\u00edduo, o Estado n\u00e3o poder\u00e1 obrig\u00e1-lo a cumprir sua obriga\u00e7\u00e3o ou a presta\u00e7\u00e3o alternativa, mas apenas fixar multa.<\/p>\n<p>b) \u00a0Suponha-se que Pedro, policial militar, descubra, por acidente, o cativeiro onde Maria estava sendo mantida como ref\u00e9m, qual seja, a casa onde Jo\u00e3o reside. Nesse caso, Pedro somente poder\u00e1 adentrar nesta casa, durante o dia, por meio de decis\u00e3o judicial.<\/p>\n<p>c) \u00a0Suponha-se que uma associa\u00e7\u00e3o, que tenha por finalidade institucional cuidar de crian\u00e7as abandonadas, sofra fiscaliza\u00e7\u00e3o do poder p\u00fablico que identifique maus-tratos em sua sede. Nesse caso, o Poder Executivo poder\u00e1 dissolver a referida associa\u00e7\u00e3o.<\/p>\n<p>d) \u00a0O racismo, a tortura, o tr\u00e1fico de drogas, o terrorismo e os crimes hediondos s\u00e3o imprescrit\u00edveis e insuscet\u00edveis de gra\u00e7a ou anistia.<\/p>\n<p>e) \u00a0\u00c9 inconstitucional lei federal que estabele\u00e7a que as penas sejam cumpridas no mesmo estabelecimento quando os delitos tiverem natureza distinta.<\/p>\n<p><strong>Coment\u00e1rios:<\/strong><\/p>\n<p>Letra A: errada. Segundo o art. 5\u00ba, VIII, CF\/88, \u201c<em>ningu\u00e9m ser\u00e1 privado de direitos por motivo de cren\u00e7a religiosa ou de convic\u00e7\u00e3o filos\u00f3fica ou pol\u00edtica, salvo se as invocar para eximir-se de obriga\u00e7\u00e3o legal a todos imposta e recusar-se a cumprir presta\u00e7\u00e3o alternativa, fixada em lei<\/em>\u201d.<\/p>\n<p>Ao contr\u00e1rio do que diz o enunciado, <strong><em>n\u00e3o h\u00e1 que se falar em pagamento de multa<\/em><\/strong> pelo descumprimento de obriga\u00e7\u00e3o legal a todos imposta. Havendo o descumprimento de obriga\u00e7\u00e3o dessa natureza, a \u00fanica alternativa \u00e9 cumprir presta\u00e7\u00e3o alternativa fixada em lei, sob pena de ocorrer a perda dos direitos pol\u00edticos.<\/p>\n<p>Letra B: errada. Na situa\u00e7\u00e3o apresentada, estamos diante de um caso de flagrante delito. Portanto, \u00e9 poss\u00edvel o ingresso na casa do morador a qualquer hora, <strong><em>mesmo sem ordem judicial<\/em><\/strong>.<\/p>\n<p>Letra C: errada. O <strong><em>Poder Judici\u00e1rio<\/em><\/strong> \u00e9 que poder\u00e1 proceder \u00e0 dissolu\u00e7\u00e3o compuls\u00f3ria da associa\u00e7\u00e3o, mediante decis\u00e3o judicial transitada em julgado.<\/p>\n<p>Letra D: errada. O racismo \u00e9 inafian\u00e7\u00e1vel e imprescrit\u00edvel. S\u00e3o inafian\u00e7\u00e1veis e insuscet\u00edveis de gra\u00e7a ou anistia tortura, o tr\u00e1fico de drogas, o terrorismo e os crimes hediondos.<\/p>\n<p>Letra E: correta. Segundo o art. 5\u00ba, XLVIII, CF\/88, <em>\u201ca pena ser\u00e1 cumprida em estabelecimentos distintos, de acordo com a natureza do delito, a idade e o sexo do apenado\u201d<\/em>.<\/p>\n<p>O gabarito \u00e9 a letra E.<\/p>\n<p><strong>17 &#8211; (FUNIVERSA \/ Secretaria da Crian\u00e7a-DF \u2013 2015) Acerca da seguran\u00e7a p\u00fablica, da organiza\u00e7\u00e3o do Estado e da nacionalidade, na forma como previstas na Constitui\u00e7\u00e3o Federal de 1988 (CF), assinale a alternativa correta.<\/strong><\/p>\n<p>a) \u00a0Considere que Paulo tenha cometido um crime de roubo no Banco de Bras\u00edlia (BRB). Nesse caso, competir\u00e1 \u00e0 Pol\u00edcia Federal apurar tal crime.<\/p>\n<p>b) \u00a0Aos agentes de tr\u00e2nsito compete, no \u00e2mbito dos estados e do DF, a seguran\u00e7a vi\u00e1ria, exercida para a preserva\u00e7\u00e3o da ordem p\u00fablica e da incolumidade das pessoas e do seu patrim\u00f4nio nas vias p\u00fablicas.<\/p>\n<p>c) \u00a0Compete privativamente \u00e0 Uni\u00e3o legislar a respeito da prote\u00e7\u00e3o \u00e0 inf\u00e2ncia e \u00e0 juventude.<\/p>\n<p>d) \u00a0Suponha-se que o governador do DF n\u00e3o esteja assegurando os princ\u00edpios constitucionais sobre os direitos da pessoa humana. Nesse caso, a interven\u00e7\u00e3o da Uni\u00e3o no DF depender\u00e1 de solicita\u00e7\u00e3o da C\u00e2mara Legislativa do DF.<\/p>\n<p>e) \u00a0Suponha-se que Pedro, que \u00e9 filho de Ant\u00f4nio e de Maria, tenha nascido na Alemanha quando sua m\u00e3e estava a trabalho para a Rep\u00fablica Federativa do Brasil. Nesse caso, Pedro poder\u00e1 naturalizar-se como brasileiro.<\/p>\n<p><strong>Coment\u00e1rios:<\/strong><\/p>\n<p>Letra A: errada. A Pol\u00edcia Federal tem compet\u00eancia para <em>\u201capurar infra\u00e7\u00f5es penais contra a ordem pol\u00edtica e social ou em detrimento de bens, servi\u00e7os e <strong>interesses da Uni\u00e3o ou de suas entidades aut\u00e1rquicas e empresas p\u00fablicas<\/strong>, assim como outras infra\u00e7\u00f5es cuja pr\u00e1tica tenha repercuss\u00e3o interestadual ou internacional e exija repress\u00e3o uniforme, segundo se dispuser em lei<\/em>\u201d (art. 144, \u00a7 1\u00ba, I).<\/p>\n<p>Letra B: correta. \u00c9 exatamente o que est\u00e1 previsto no art. 144, \u00a7 10, CF\/88:<\/p>\n<p><strong>Art. 144 (&#8230;)<\/strong><\/p>\n<p><strong>\u00a7 10.<\/strong> A seguran\u00e7a vi\u00e1ria, exercida para a preserva\u00e7\u00e3o da ordem p\u00fablica e da incolumidade das pessoas e do seu patrim\u00f4nio nas vias p\u00fablicas:<\/p>\n<p><strong> I &#8211;<\/strong> compreende a educa\u00e7\u00e3o, engenharia e fiscaliza\u00e7\u00e3o de tr\u00e2nsito, al\u00e9m de outras atividades previstas em lei, que assegurem ao cidad\u00e3o o direito \u00e0 mobilidade urbana eficiente; e<\/p>\n<p><strong>II &#8211;<\/strong> compete, no \u00e2mbito dos Estados, do Distrito Federal e dos Munic\u00edpios, aos respectivos \u00f3rg\u00e3os ou entidades executivos e seus agentes de tr\u00e2nsito, estruturados em Carreira, na forma da lei.<\/p>\n<p>Letra C: errada. \u00c9 <strong><em>compet\u00eancia concorrente<\/em><\/strong> da Uni\u00e3o, dos Estados e do Distrito Federal legislar sobre prote\u00e7\u00e3o \u00e0 inf\u00e2ncia e \u00e0 juventude (art. 24, XV).<\/p>\n<p>Letra D: errada. Havendo inobserv\u00e2ncia dos direitos da pessoa humana, a interven\u00e7\u00e3o federal depender\u00e1 do provimento, pelo STF, de representa\u00e7\u00e3o do Procurador-Geral da Rep\u00fablica.<\/p>\n<p>Letra E: errada. Pedro ser\u00e1 <strong><em>brasileiro nato<\/em><\/strong>, pois, apesar de ter nascido no exterior, seus pais estavam a servi\u00e7o da Rep\u00fablica Federativa do Brasil.<\/p>\n<p>O gabarito \u00e9 a letra B.<\/p>\n<p>&#8230;<\/p>\n<p>Abra\u00e7os,<\/p>\n<p>Ricardo Vale<\/p>\n","protected":false},"excerpt":{"rendered":"<p>Ol\u00e1, pessoal, tudo bem? Nesse \u00faltimo final de semana, a FUNIVERSA aplicou a prova da Secretaria da Crian\u00e7a do DF. Como sempre, a FUNIVERSA fez quest\u00f5es com um n\u00edvel razo\u00e1vel de dificuldade. Quem n\u00e3o se preparou em alto n\u00edvel, provavelmente acabou errando as quest\u00f5es. A seguir, fa\u00e7o os coment\u00e1rios da prova de Atendente de Reintegra\u00e7\u00e3o! [&hellip;]<\/p>\n","protected":false},"author":26,"featured_media":0,"comment_status":"open","ping_status":"open","sticky":false,"template":"","format":"standard","meta":{"post_tipo":"article","footnotes":""},"categories":[1],"tags":[],"tax_estado":[],"class_list":["post-29789","post","type-post","status-publish","format-standard","hentry","category-cursos-e-concursos"],"acf":[],"yoast_head":"<!-- This site is optimized with the Yoast SEO Premium plugin v27.2 (Yoast SEO v27.2) - https:\/\/yoast.com\/product\/yoast-seo-premium-wordpress\/ -->\n<title>Direito Constitucional - Secretaria da Crian\u00e7a \/ DF (Atendente de Reintegra\u00e7\u00e3o)<\/title>\n<meta name=\"description\" content=\"Nesse artigo, o Prof. Ricardo Vale comenta a prova de Direito Constitucional de Atendente de Reintegra\u00e7\u00e3o, da Secretaria da Crian\u00e7a-DF.\" \/>\n<meta name=\"robots\" content=\"index, follow, max-snippet:-1, max-image-preview:large, max-video-preview:-1\" \/>\n<link rel=\"canonical\" href=\"https:\/\/www.estrategiaconcursos.com.br\/blog\/direito-constitucional-secretaria-da-crianca-df-atendente-de-reintegracao\/\" \/>\n<meta property=\"og:locale\" content=\"pt_BR\" \/>\n<meta property=\"og:type\" content=\"article\" \/>\n<meta property=\"og:title\" content=\"Direito Constitucional - Secretaria da Crian\u00e7a \/ DF (Atendente de Reintegra\u00e7\u00e3o)\" \/>\n<meta property=\"og:description\" content=\"Nesse artigo, o Prof. Ricardo Vale comenta a prova de Direito Constitucional de Atendente de Reintegra\u00e7\u00e3o, da Secretaria da Crian\u00e7a-DF.\" \/>\n<meta property=\"og:url\" content=\"https:\/\/www.estrategiaconcursos.com.br\/blog\/direito-constitucional-secretaria-da-crianca-df-atendente-de-reintegracao\/\" \/>\n<meta property=\"og:site_name\" content=\"Estrat\u00e9gia Concursos\" \/>\n<meta property=\"article:author\" content=\"https:\/\/www.facebook.com\/rvale01\" \/>\n<meta property=\"article:published_time\" content=\"2015-12-02T10:23:49+00:00\" \/>\n<meta name=\"author\" content=\"Ricardo Vale\" \/>\n<meta name=\"twitter:card\" content=\"summary_large_image\" \/>\n<meta name=\"twitter:creator\" content=\"@https:\/\/twitter.com\/EstratConcursos\" \/>\n<meta name=\"twitter:site\" content=\"@EstratConcursos\" \/>\n<meta name=\"twitter:label1\" content=\"Escrito por\" \/>\n\t<meta name=\"twitter:data1\" content=\"Ricardo Vale\" \/>\n\t<meta name=\"twitter:label2\" content=\"Est. tempo de leitura\" \/>\n\t<meta name=\"twitter:data2\" content=\"7 minutos\" \/>\n<script type=\"application\/ld+json\" class=\"yoast-schema-graph\">{\"@context\":\"https:\/\/schema.org\",\"@graph\":[{\"@type\":\"NewsArticle\",\"@id\":\"https:\/\/www.estrategiaconcursos.com.br\/blog\/direito-constitucional-secretaria-da-crianca-df-atendente-de-reintegracao\/#article\",\"isPartOf\":{\"@id\":\"https:\/\/www.estrategiaconcursos.com.br\/blog\/direito-constitucional-secretaria-da-crianca-df-atendente-de-reintegracao\/\"},\"author\":{\"name\":\"Ricardo Vale\",\"@id\":\"https:\/\/www.estrategiaconcursos.com.br\/blog\/#\/schema\/person\/c32e47dba2159cafe7796a9569a6ff7e\"},\"headline\":\"Direito Constitucional &#8211; Secretaria da Crian\u00e7a \/ DF (Atendente de Reintegra\u00e7\u00e3o)\",\"datePublished\":\"2015-12-02T10:23:49+00:00\",\"mainEntityOfPage\":{\"@id\":\"https:\/\/www.estrategiaconcursos.com.br\/blog\/direito-constitucional-secretaria-da-crianca-df-atendente-de-reintegracao\/\"},\"wordCount\":1428,\"commentCount\":2,\"publisher\":{\"@id\":\"https:\/\/www.estrategiaconcursos.com.br\/blog\/#organization\"},\"articleSection\":[\"Concursos P\u00fablicos\"],\"inLanguage\":\"pt-BR\",\"potentialAction\":[{\"@type\":\"CommentAction\",\"name\":\"Comment\",\"target\":[\"https:\/\/www.estrategiaconcursos.com.br\/blog\/direito-constitucional-secretaria-da-crianca-df-atendente-de-reintegracao\/#respond\"]}],\"copyrightYear\":\"2015\",\"copyrightHolder\":{\"@id\":\"https:\/\/www.estrategiaconcursos.com.br\/blog\/#organization\"}},{\"@type\":\"WebPage\",\"@id\":\"https:\/\/www.estrategiaconcursos.com.br\/blog\/direito-constitucional-secretaria-da-crianca-df-atendente-de-reintegracao\/\",\"url\":\"https:\/\/www.estrategiaconcursos.com.br\/blog\/direito-constitucional-secretaria-da-crianca-df-atendente-de-reintegracao\/\",\"name\":\"Direito Constitucional - Secretaria da Crian\u00e7a \/ DF (Atendente de Reintegra\u00e7\u00e3o)\",\"isPartOf\":{\"@id\":\"https:\/\/www.estrategiaconcursos.com.br\/blog\/#website\"},\"datePublished\":\"2015-12-02T10:23:49+00:00\",\"description\":\"Nesse artigo, o Prof. Ricardo Vale comenta a prova de Direito Constitucional de Atendente de Reintegra\u00e7\u00e3o, da Secretaria da Crian\u00e7a-DF.\",\"breadcrumb\":{\"@id\":\"https:\/\/www.estrategiaconcursos.com.br\/blog\/direito-constitucional-secretaria-da-crianca-df-atendente-de-reintegracao\/#breadcrumb\"},\"inLanguage\":\"pt-BR\",\"potentialAction\":[{\"@type\":\"ReadAction\",\"target\":[\"https:\/\/www.estrategiaconcursos.com.br\/blog\/direito-constitucional-secretaria-da-crianca-df-atendente-de-reintegracao\/\"]}]},{\"@type\":\"BreadcrumbList\",\"@id\":\"https:\/\/www.estrategiaconcursos.com.br\/blog\/direito-constitucional-secretaria-da-crianca-df-atendente-de-reintegracao\/#breadcrumb\",\"itemListElement\":[{\"@type\":\"ListItem\",\"position\":1,\"name\":\"In\u00edcio\",\"item\":\"https:\/\/www.estrategiaconcursos.com.br\/blog\/\"},{\"@type\":\"ListItem\",\"position\":2,\"name\":\"Direito Constitucional &#8211; Secretaria da Crian\u00e7a \/ DF (Atendente de Reintegra\u00e7\u00e3o)\"}]},{\"@type\":\"WebSite\",\"@id\":\"https:\/\/www.estrategiaconcursos.com.br\/blog\/#website\",\"url\":\"https:\/\/www.estrategiaconcursos.com.br\/blog\/\",\"name\":\"Estrat\u00e9gia Concursos\",\"description\":\"O blog da Estrat\u00e9gia Concursos traz not\u00edcias sobre concursos e artigos de professores oferecendo cursos para concursos (pdf + videaulas) no site.\",\"publisher\":{\"@id\":\"https:\/\/www.estrategiaconcursos.com.br\/blog\/#organization\"},\"potentialAction\":[{\"@type\":\"SearchAction\",\"target\":{\"@type\":\"EntryPoint\",\"urlTemplate\":\"https:\/\/www.estrategiaconcursos.com.br\/blog\/?s={search_term_string}\"},\"query-input\":{\"@type\":\"PropertyValueSpecification\",\"valueRequired\":true,\"valueName\":\"search_term_string\"}}],\"inLanguage\":\"pt-BR\"},{\"@type\":\"Organization\",\"@id\":\"https:\/\/www.estrategiaconcursos.com.br\/blog\/#organization\",\"name\":\"Estrat\u00e9gia Concursos\",\"url\":\"https:\/\/www.estrategiaconcursos.com.br\/blog\/\",\"logo\":{\"@type\":\"ImageObject\",\"inLanguage\":\"pt-BR\",\"@id\":\"https:\/\/www.estrategiaconcursos.com.br\/blog\/#\/schema\/logo\/image\/\",\"url\":\"https:\/\/dhg1h5j42swfq.cloudfront.net\/2025\/06\/03203428\/logo_concursos-1.jpg\",\"contentUrl\":\"https:\/\/dhg1h5j42swfq.cloudfront.net\/2025\/06\/03203428\/logo_concursos-1.jpg\",\"width\":230,\"height\":60,\"caption\":\"Estrat\u00e9gia Concursos\"},\"image\":{\"@id\":\"https:\/\/www.estrategiaconcursos.com.br\/blog\/#\/schema\/logo\/image\/\"},\"sameAs\":[\"https:\/\/x.com\/EstratConcursos\"]},{\"@type\":\"Person\",\"@id\":\"https:\/\/www.estrategiaconcursos.com.br\/blog\/#\/schema\/person\/c32e47dba2159cafe7796a9569a6ff7e\",\"name\":\"Ricardo Vale\",\"image\":{\"@type\":\"ImageObject\",\"inLanguage\":\"pt-BR\",\"@id\":\"https:\/\/secure.gravatar.com\/avatar\/e5a5658c798bb49dd53314263f59f38c192d73370fb65839a372c2ae9027be74?s=96&d=mm&r=g\",\"url\":\"https:\/\/secure.gravatar.com\/avatar\/e5a5658c798bb49dd53314263f59f38c192d73370fb65839a372c2ae9027be74?s=96&d=mm&r=g\",\"contentUrl\":\"https:\/\/secure.gravatar.com\/avatar\/e5a5658c798bb49dd53314263f59f38c192d73370fb65839a372c2ae9027be74?s=96&d=mm&r=g\",\"caption\":\"Ricardo Vale\"},\"sameAs\":[\"https:\/\/www.facebook.com\/rvale01\",\"https:\/\/x.com\/https:\/\/twitter.com\/EstratConcursos\"],\"url\":\"https:\/\/www.estrategiaconcursos.com.br\/blog\/author\/ricardovaleestrategiaconcursos-com-br\/\"}]}<\/script>\n<!-- \/ Yoast SEO Premium plugin. -->","yoast_head_json":{"title":"Direito Constitucional - Secretaria da Crian\u00e7a \/ DF (Atendente de Reintegra\u00e7\u00e3o)","description":"Nesse artigo, o Prof. Ricardo Vale comenta a prova de Direito Constitucional de Atendente de Reintegra\u00e7\u00e3o, da Secretaria da Crian\u00e7a-DF.","robots":{"index":"index","follow":"follow","max-snippet":"max-snippet:-1","max-image-preview":"max-image-preview:large","max-video-preview":"max-video-preview:-1"},"canonical":"https:\/\/www.estrategiaconcursos.com.br\/blog\/direito-constitucional-secretaria-da-crianca-df-atendente-de-reintegracao\/","og_locale":"pt_BR","og_type":"article","og_title":"Direito Constitucional - Secretaria da Crian\u00e7a \/ DF (Atendente de Reintegra\u00e7\u00e3o)","og_description":"Nesse artigo, o Prof. Ricardo Vale comenta a prova de Direito Constitucional de Atendente de Reintegra\u00e7\u00e3o, da Secretaria da Crian\u00e7a-DF.","og_url":"https:\/\/www.estrategiaconcursos.com.br\/blog\/direito-constitucional-secretaria-da-crianca-df-atendente-de-reintegracao\/","og_site_name":"Estrat\u00e9gia Concursos","article_author":"https:\/\/www.facebook.com\/rvale01","article_published_time":"2015-12-02T10:23:49+00:00","author":"Ricardo Vale","twitter_card":"summary_large_image","twitter_creator":"@https:\/\/twitter.com\/EstratConcursos","twitter_site":"@EstratConcursos","twitter_misc":{"Escrito por":"Ricardo Vale","Est. tempo de leitura":"7 minutos"},"schema":{"@context":"https:\/\/schema.org","@graph":[{"@type":"NewsArticle","@id":"https:\/\/www.estrategiaconcursos.com.br\/blog\/direito-constitucional-secretaria-da-crianca-df-atendente-de-reintegracao\/#article","isPartOf":{"@id":"https:\/\/www.estrategiaconcursos.com.br\/blog\/direito-constitucional-secretaria-da-crianca-df-atendente-de-reintegracao\/"},"author":{"name":"Ricardo Vale","@id":"https:\/\/www.estrategiaconcursos.com.br\/blog\/#\/schema\/person\/c32e47dba2159cafe7796a9569a6ff7e"},"headline":"Direito Constitucional &#8211; Secretaria da Crian\u00e7a \/ DF (Atendente de Reintegra\u00e7\u00e3o)","datePublished":"2015-12-02T10:23:49+00:00","mainEntityOfPage":{"@id":"https:\/\/www.estrategiaconcursos.com.br\/blog\/direito-constitucional-secretaria-da-crianca-df-atendente-de-reintegracao\/"},"wordCount":1428,"commentCount":2,"publisher":{"@id":"https:\/\/www.estrategiaconcursos.com.br\/blog\/#organization"},"articleSection":["Concursos P\u00fablicos"],"inLanguage":"pt-BR","potentialAction":[{"@type":"CommentAction","name":"Comment","target":["https:\/\/www.estrategiaconcursos.com.br\/blog\/direito-constitucional-secretaria-da-crianca-df-atendente-de-reintegracao\/#respond"]}],"copyrightYear":"2015","copyrightHolder":{"@id":"https:\/\/www.estrategiaconcursos.com.br\/blog\/#organization"}},{"@type":"WebPage","@id":"https:\/\/www.estrategiaconcursos.com.br\/blog\/direito-constitucional-secretaria-da-crianca-df-atendente-de-reintegracao\/","url":"https:\/\/www.estrategiaconcursos.com.br\/blog\/direito-constitucional-secretaria-da-crianca-df-atendente-de-reintegracao\/","name":"Direito Constitucional - Secretaria da Crian\u00e7a \/ DF (Atendente de Reintegra\u00e7\u00e3o)","isPartOf":{"@id":"https:\/\/www.estrategiaconcursos.com.br\/blog\/#website"},"datePublished":"2015-12-02T10:23:49+00:00","description":"Nesse artigo, o Prof. Ricardo Vale comenta a prova de Direito Constitucional de Atendente de Reintegra\u00e7\u00e3o, da Secretaria da Crian\u00e7a-DF.","breadcrumb":{"@id":"https:\/\/www.estrategiaconcursos.com.br\/blog\/direito-constitucional-secretaria-da-crianca-df-atendente-de-reintegracao\/#breadcrumb"},"inLanguage":"pt-BR","potentialAction":[{"@type":"ReadAction","target":["https:\/\/www.estrategiaconcursos.com.br\/blog\/direito-constitucional-secretaria-da-crianca-df-atendente-de-reintegracao\/"]}]},{"@type":"BreadcrumbList","@id":"https:\/\/www.estrategiaconcursos.com.br\/blog\/direito-constitucional-secretaria-da-crianca-df-atendente-de-reintegracao\/#breadcrumb","itemListElement":[{"@type":"ListItem","position":1,"name":"In\u00edcio","item":"https:\/\/www.estrategiaconcursos.com.br\/blog\/"},{"@type":"ListItem","position":2,"name":"Direito Constitucional &#8211; Secretaria da Crian\u00e7a \/ DF (Atendente de Reintegra\u00e7\u00e3o)"}]},{"@type":"WebSite","@id":"https:\/\/www.estrategiaconcursos.com.br\/blog\/#website","url":"https:\/\/www.estrategiaconcursos.com.br\/blog\/","name":"Estrat\u00e9gia Concursos","description":"O blog da Estrat\u00e9gia Concursos traz not\u00edcias sobre concursos e artigos de professores oferecendo cursos para concursos (pdf + videaulas) no site.","publisher":{"@id":"https:\/\/www.estrategiaconcursos.com.br\/blog\/#organization"},"potentialAction":[{"@type":"SearchAction","target":{"@type":"EntryPoint","urlTemplate":"https:\/\/www.estrategiaconcursos.com.br\/blog\/?s={search_term_string}"},"query-input":{"@type":"PropertyValueSpecification","valueRequired":true,"valueName":"search_term_string"}}],"inLanguage":"pt-BR"},{"@type":"Organization","@id":"https:\/\/www.estrategiaconcursos.com.br\/blog\/#organization","name":"Estrat\u00e9gia Concursos","url":"https:\/\/www.estrategiaconcursos.com.br\/blog\/","logo":{"@type":"ImageObject","inLanguage":"pt-BR","@id":"https:\/\/www.estrategiaconcursos.com.br\/blog\/#\/schema\/logo\/image\/","url":"https:\/\/dhg1h5j42swfq.cloudfront.net\/2025\/06\/03203428\/logo_concursos-1.jpg","contentUrl":"https:\/\/dhg1h5j42swfq.cloudfront.net\/2025\/06\/03203428\/logo_concursos-1.jpg","width":230,"height":60,"caption":"Estrat\u00e9gia Concursos"},"image":{"@id":"https:\/\/www.estrategiaconcursos.com.br\/blog\/#\/schema\/logo\/image\/"},"sameAs":["https:\/\/x.com\/EstratConcursos"]},{"@type":"Person","@id":"https:\/\/www.estrategiaconcursos.com.br\/blog\/#\/schema\/person\/c32e47dba2159cafe7796a9569a6ff7e","name":"Ricardo Vale","image":{"@type":"ImageObject","inLanguage":"pt-BR","@id":"https:\/\/secure.gravatar.com\/avatar\/e5a5658c798bb49dd53314263f59f38c192d73370fb65839a372c2ae9027be74?s=96&d=mm&r=g","url":"https:\/\/secure.gravatar.com\/avatar\/e5a5658c798bb49dd53314263f59f38c192d73370fb65839a372c2ae9027be74?s=96&d=mm&r=g","contentUrl":"https:\/\/secure.gravatar.com\/avatar\/e5a5658c798bb49dd53314263f59f38c192d73370fb65839a372c2ae9027be74?s=96&d=mm&r=g","caption":"Ricardo Vale"},"sameAs":["https:\/\/www.facebook.com\/rvale01","https:\/\/x.com\/https:\/\/twitter.com\/EstratConcursos"],"url":"https:\/\/www.estrategiaconcursos.com.br\/blog\/author\/ricardovaleestrategiaconcursos-com-br\/"}]}},"_links":{"self":[{"href":"https:\/\/www.estrategiaconcursos.com.br\/blog\/wp-json\/wp\/v2\/posts\/29789","targetHints":{"allow":["GET"]}}],"collection":[{"href":"https:\/\/www.estrategiaconcursos.com.br\/blog\/wp-json\/wp\/v2\/posts"}],"about":[{"href":"https:\/\/www.estrategiaconcursos.com.br\/blog\/wp-json\/wp\/v2\/types\/post"}],"author":[{"embeddable":true,"href":"https:\/\/www.estrategiaconcursos.com.br\/blog\/wp-json\/wp\/v2\/users\/26"}],"replies":[{"embeddable":true,"href":"https:\/\/www.estrategiaconcursos.com.br\/blog\/wp-json\/wp\/v2\/comments?post=29789"}],"version-history":[{"count":1,"href":"https:\/\/www.estrategiaconcursos.com.br\/blog\/wp-json\/wp\/v2\/posts\/29789\/revisions"}],"predecessor-version":[{"id":29790,"href":"https:\/\/www.estrategiaconcursos.com.br\/blog\/wp-json\/wp\/v2\/posts\/29789\/revisions\/29790"}],"wp:attachment":[{"href":"https:\/\/www.estrategiaconcursos.com.br\/blog\/wp-json\/wp\/v2\/media?parent=29789"}],"wp:term":[{"taxonomy":"category","embeddable":true,"href":"https:\/\/www.estrategiaconcursos.com.br\/blog\/wp-json\/wp\/v2\/categories?post=29789"},{"taxonomy":"post_tag","embeddable":true,"href":"https:\/\/www.estrategiaconcursos.com.br\/blog\/wp-json\/wp\/v2\/tags?post=29789"},{"taxonomy":"tax_estado","embeddable":true,"href":"https:\/\/www.estrategiaconcursos.com.br\/blog\/wp-json\/wp\/v2\/tax_estado?post=29789"}],"curies":[{"name":"wp","href":"https:\/\/api.w.org\/{rel}","templated":true}]}}