{"id":29783,"date":"2015-12-01T20:52:28","date_gmt":"2015-12-01T23:52:28","guid":{"rendered":"http:\/\/www.estrategiaconcursos.com.br\/blog\/?p=29783"},"modified":"2020-12-05T08:40:52","modified_gmt":"2020-12-05T11:40:52","slug":"xviii-exame-da-oab-questoes-de-direito-tributario","status":"publish","type":"post","link":"https:\/\/www.estrategiaconcursos.com.br\/blog\/xviii-exame-da-oab-questoes-de-direito-tributario\/","title":{"rendered":"XVIII Exame da OAB &#8211; Quest\u00f5es de Direito Tribut\u00e1rio"},"content":{"rendered":"<p style=\"text-align: justify\">Ol\u00e1, meus amigos! Tudo bem?<\/p>\n<p style=\"text-align: justify\">No \u00faltimo final de semana, foi aplicada a prova objetiva referente ao XVIII Exame da OAB. No que se refere \u00e0 nossa disciplina, Direito Tribut\u00e1rio, tivemos 04 boas quest\u00f5es elaboradas pela FGV de f\u00e1cil resolu\u00e7\u00e3o!<\/p>\n<p style=\"text-align: justify\">Com toda certeza, quem estudou pelo nosso curso n\u00e3o teve qualquer dificuldade com a prova, j\u00e1 que todas as quest\u00f5es abordaram temas que foram trabalhados em nossas aulas na medida certa, para que voc\u00ea pudesse acert\u00e1-las sem pestanejar!<\/p>\n<p style=\"text-align: justify\">A seguir, comentaremos as quest\u00f5es de Direito Tribut\u00e1rio! Acompanhe:<\/p>\n<p style=\"text-align: justify\"><strong>Quest\u00e3o 25 &#8211;<\/strong> A Uni\u00e3o instituiu determinado tributo federal e conferiu a uma autarquia as tarefas de fiscaliz\u00e1-lo e arrecad\u00e1-lo. Tendo em vista a situa\u00e7\u00e3o narrada, assinale a op\u00e7\u00e3o correta.<\/p>\n<p style=\"text-align: justify\">A) A capacidade tribut\u00e1ria ativa (realizar atos de fiscaliza\u00e7\u00e3o e arrecada\u00e7\u00e3o) \u00e9 deleg\u00e1vel.<\/p>\n<p style=\"text-align: justify\">B) Trata-se de caso de delega\u00e7\u00e3o da compet\u00eancia tribut\u00e1ria da Uni\u00e3o.<\/p>\n<p style=\"text-align: justify\">C) N\u00e3o \u00e9 poss\u00edvel que a Uni\u00e3o revogue, a qualquer tempo e por ato unilateral, a atribui\u00e7\u00e3o que conferiu a tal autarquia.<\/p>\n<p style=\"text-align: justify\">D) Em eventual discuss\u00e3o judicial proposta por um contribuinte do tributo, a autarquia n\u00e3o ter\u00e1 prazo em dobro para recorrer.<\/p>\n<p style=\"text-align: justify\"><span style=\"color: #3366ff\"><strong>Coment\u00e1rio:<\/strong><\/span><\/p>\n<p style=\"text-align: justify\"><strong>Alternativa A:<\/strong> Realmente, a capacidade tribut\u00e1ria ativa, consistente na atribui\u00e7\u00e3o de arrecadar e fiscalizar os tributos, \u00e9 deleg\u00e1vel. Alternativa correta.<\/p>\n<p style=\"text-align: justify\"><strong>Alternativa B:<\/strong> A situa\u00e7\u00e3o tratada na alternativa refere-se \u00e0 delega\u00e7\u00e3o da capacidade tribut\u00e1ria ativa, e n\u00e3o delega\u00e7\u00e3o de compet\u00eancia tribut\u00e1ria. A compet\u00eancia tribut\u00e1ria \u00e9 indeleg\u00e1vel. Alternativa errada.<\/p>\n<p style=\"text-align: justify\"><strong>Alternativa C:<\/strong> De acordo com o art. 7\u00b0, \u00a7 2\u00b0, do CTN, a delega\u00e7\u00e3o da capacidade tribut\u00e1ria ativa pode ser revogada, a qualquer tempo, por ato unilateral da pessoa jur\u00eddica de direito p\u00fablico que a tenha conferido. Alternativa errada.<\/p>\n<p style=\"text-align: justify\">\n<p style=\"text-align: justify\"><strong>Alternativa D:<\/strong> De acordo com o art. 7\u00b0, \u00a7 1\u00b0, do CTN, a atribui\u00e7\u00e3o compreende as garantias e os privil\u00e9gios processuais que competem \u00e0 pessoa jur\u00eddica de direito p\u00fablico que a conferir. Assim sendo, como o art. 188, do CPC, define que a Fazenda P\u00fablica (Uni\u00e3o, no caso da quest\u00e3o) possui o dobro do prazo para recorrer, este privil\u00e9gio processual se estende \u00e0 pessoa jur\u00eddica de direito p\u00fablico que receber a delega\u00e7\u00e3o da capacidade tribut\u00e1ria ativa. Alternativa errada.<\/p>\n<p style=\"text-align: justify\">\n<p style=\"text-align: justify\"><strong>Gabarito: Letra A<\/strong><\/p>\n<p style=\"text-align: justify\">\n<p style=\"text-align: justify\"><strong>Quest\u00e3o 26 &#8211;<\/strong> Ant\u00f4nio, prestador de servi\u00e7o de manuten\u00e7\u00e3o e reparo de instrumentos musicais, sujeito \u00e0 incid\u00eancia do Imposto Sobre Servi\u00e7os (ISS), deixou de recolher o tributo incidente sobre fato gerador consumado em janeiro de 2013 (quando a al\u00edquota do ISS era de 5% sobre o total auferido pelos servi\u00e7os prestados e a multa pelo inadimplemento do tributo era de 25% sobre o ISS devido e n\u00e3o recolhido). Em 30 de agosto de 2013, o Munic\u00edpio credor aprovou lei que:<\/p>\n<p style=\"text-align: justify\">(a) reduziu para 2% a al\u00edquota do ISS sobre a atividade de manuten\u00e7\u00e3o e reparo de instrumentos musicais; e<\/p>\n<p style=\"text-align: justify\">(b) reduziu a multa pelo inadimplemento do imposto incidente nessa mesma atividade, que passou a ser de 10% sobre o ISS devido e n\u00e3o recolhido.<\/p>\n<p style=\"text-align: justify\">\n<p style=\"text-align: justify\">Em fevereiro de 2014, o Munic\u00edpio X promoveu o lan\u00e7amento do imposto, exigindo do contribuinte o montante de R$ 25.000,00 \u2013 sendo R$ 20.000,00 de imposto (5% sobre R$ 400.000,00, valor dos servi\u00e7os prestados) e R$ 5.000,00 a t\u00edtulo de multa pela falta de pagamento (25% do imposto devido).<\/p>\n<p style=\"text-align: justify\">Sobre a hip\u00f3tese apresentada, assinale a afirmativa correta.<\/p>\n<p style=\"text-align: justify\">A) O lan\u00e7amento est\u00e1 correto em rela\u00e7\u00e3o ao imposto e \u00e0 multa.<\/p>\n<p style=\"text-align: justify\">B) O lan\u00e7amento est\u00e1 incorreto tanto em rela\u00e7\u00e3o ao imposto (que deveria observar a nova al\u00edquota de 2%) quanto em rela\u00e7\u00e3o \u00e0 multa (que deveria ser de 10% sobre o ISS devido e n\u00e3o recolhido).<\/p>\n<p style=\"text-align: justify\">C) O lan\u00e7amento est\u00e1 correto em rela\u00e7\u00e3o \u00e0 multa, mas incorreto em rela\u00e7\u00e3o ao imposto (que deveria observar a nova al\u00edquota de 2%).<\/p>\n<p style=\"text-align: justify\">D) O lan\u00e7amento est\u00e1 correto em rela\u00e7\u00e3o ao imposto, mas incorreto em rela\u00e7\u00e3o \u00e0 multa (que deveria ser de 10% sobre o ISS devido e n\u00e3o recolhido).<\/p>\n<p style=\"text-align: justify\">\n<p style=\"text-align: justify\"><span style=\"color: #3366ff\"><strong>Coment\u00e1rio:<\/strong> <\/span>O C\u00f3digo Tribut\u00e1rio Nacional estabelece que o lan\u00e7amento reporta-se \u00e0 data da ocorr\u00eancia do fato gerador da obriga\u00e7\u00e3o e rege-se pela lei ent\u00e3o vigente, ainda que posteriormente modificada ou revogada. Portanto, a al\u00edquota aplic\u00e1vel ao ISS deve ser aquela que estava vigente na data do fato gerador, isto \u00e9, 5%.<\/p>\n<p style=\"text-align: justify\">\n<p style=\"text-align: justify\">Quanto \u00e0 aplica\u00e7\u00e3o da penalidade aplic\u00e1vel sobre o ISS devido e n\u00e3o recolhido, deve-se aplicar retroativamente a lei que reduzir o valor da penalidade, em raz\u00e3o do previsto no art. 106, II, \u201cc\u201d, do CTN. Assim sendo, aplica-se a multa de 10%, e n\u00e3o 25%.<\/p>\n<p style=\"text-align: justify\">\n<p style=\"text-align: justify\">Dessa forma, O lan\u00e7amento est\u00e1 correto em rela\u00e7\u00e3o ao imposto, mas incorreto em rela\u00e7\u00e3o \u00e0 multa (que deveria ser de 10% sobre o ISS devido e n\u00e3o recolhido).<\/p>\n<p style=\"text-align: justify\">\n<p style=\"text-align: justify\"><strong>Gabarito: Letra D<\/strong><\/p>\n<p style=\"text-align: justify\">\n<p style=\"text-align: justify\">\n<p style=\"text-align: justify\">\n<p style=\"text-align: justify\">\n<p style=\"text-align: justify\">\n<p style=\"text-align: justify\"><strong>Quest\u00e3o 27 &#8211;<\/strong> A Presid\u00eancia da Rep\u00fablica, por meio do Decreto 123, de 1\u00ba de janeiro de 2015, aprovou novas al\u00edquotas para o Imposto sobre Produtos Industrializados (IPI), dentro das balizas fiadas na lei tribut\u00e1ria, a saber:<\/p>\n<p style=\"text-align: justify\">Cigarro \u2013 al\u00edquota de 100%<\/p>\n<p style=\"text-align: justify\">Vestu\u00e1rio \u2013 al\u00edquota de 10%<\/p>\n<p style=\"text-align: justify\">Macarr\u00e3o \u2013 al\u00edquota zero<\/p>\n<p style=\"text-align: justify\">Sobre a hip\u00f3tese, \u00e9 poss\u00edvel afirmar que<\/p>\n<p style=\"text-align: justify\">A) o referido decreto \u00e9 inconstitucional, uma vez que viola o princ\u00edpio da legalidade.<\/p>\n<p style=\"text-align: justify\">B) o referido decreto \u00e9 inconstitucional, uma vez que viola o princ\u00edpio do n\u00e3o confisco.<\/p>\n<p style=\"text-align: justify\">C) as al\u00edquotas s\u00e3o diferenciadas em raz\u00e3o da progressividade do IPI.<\/p>\n<p style=\"text-align: justify\">D) as al\u00edquotas s\u00e3o diferenciadas em raz\u00e3o do princ\u00edpio da seletividade do IPI.<\/p>\n<p style=\"text-align: justify\"><span style=\"color: #3366ff\"><strong>Coment\u00e1rio:<\/strong> <\/span>Consoante o art. 153, \u00a7 3\u00b0, I, da CF\/88, o IPI \u00e9 um imposto que deve ser seletivo, em fun\u00e7\u00e3o da essencialidade dos produtos. Portanto, ao aplicar al\u00edquota de 100% sobre o cigarro, 10% sobre vestur\u00e1rio e al\u00edquota zero sobre o macarr\u00e3o, est\u00e1-se considerando a essencialidade do produto, ou seja, os bens sup\u00e9rfluos est\u00e3o sofrendo carga tribut\u00e1ria mais elevada do que os bens de consumo b\u00e1sico.<\/p>\n<p style=\"text-align: justify\">\n<p style=\"text-align: justify\"><strong>Gabarito: Letra D<\/strong><\/p>\n<p style=\"text-align: justify\">\n<p style=\"text-align: justify\"><strong>Quest\u00e3o 28 &#8211;<\/strong> Prefeito de um determinado munic\u00edpio resolveu conceder isen\u00e7\u00e3o de IPTU, por 10 (dez) anos, a propriet\u00e1rios de im\u00f3veis que sejam portadores de defici\u00eancia e que realizem investimento nas condi\u00e7\u00f5es de acessibilidade de suas propriedades. Com base na situa\u00e7\u00e3o apresentada, assinale a afirmativa correta.<\/p>\n<p style=\"text-align: justify\">A) \u00c9 poss\u00edvel que o munic\u00edpio institua a isen\u00e7\u00e3o por meio de decreto.<\/p>\n<p style=\"text-align: justify\">B) Tal isen\u00e7\u00e3o constitui caso de suspens\u00e3o da exigibilidade daqueles cr\u00e9ditos tribut\u00e1rios.<\/p>\n<p style=\"text-align: justify\">C) Somente por meio de lei espec\u00edfica municipal pode ser concedida isen\u00e7\u00e3o de IPTU.<\/p>\n<p style=\"text-align: justify\">D) A isen\u00e7\u00e3o concedida em fun\u00e7\u00e3o de determinadas condi\u00e7\u00f5es, como \u00e9 o caso, pode ser revogada a qualquer tempo.<\/p>\n<p style=\"text-align: justify\"><span style=\"color: #3366ff\"><strong>Coment\u00e1rio:<\/strong><\/span><\/p>\n<p style=\"text-align: justify\"><strong>Alternativa A:<\/strong> A isen\u00e7\u00e3o deve sempre ser concedida mediante lei espec\u00edfica municipal, conforme determina o art. 150, \u00a7 6\u00b0, da CF\/88. Alternativa errada.<\/p>\n<p style=\"text-align: justify\"><strong>Alternativa B:<\/strong> A isen\u00e7\u00e3o, de acordo com o art. 175, I, do CTN, constitui hip\u00f3tese de exclus\u00e3o do cr\u00e9dito tribut\u00e1rio. Alternativa errada.<\/p>\n<p style=\"text-align: justify\"><strong>Alternativa C:<\/strong> Conforme comentamos, somente por meio de lei espec\u00edfica municipal pode ser concedida isen\u00e7\u00e3o de IPTU. Alternativa correta.<\/p>\n<p style=\"text-align: justify\"><strong>Alternativa D:<\/strong> Por se tratar de isen\u00e7\u00e3o onerosa (concedida por prazo certo e em fun\u00e7\u00e3o de determinada condi\u00e7\u00e3o), n\u00e3o pode ser revogada a qualquer tempo, conforme disp\u00f5e o art. 178, do CTN. Alternativa errada.<\/p>\n<p style=\"text-align: justify\"><strong>Gabarito: Letra C<\/strong><\/p>\n<p style=\"text-align: justify\">Se voc\u00ea ainda est\u00e1 estudando para a OAB, e deseja conhecer nossos cursos exclusivamente focados no Exame de Ordem, n\u00e3o deixe de <a href=\"https:\/\/www.estrategiaconcursos.com.br\/cursosPorProfessor\/fabio-dutra-3329\/\">CLICAR AQUI<\/a> e conferir o nosso curso!<\/p>\n<p style=\"text-align: justify\">Nesta p\u00e1gina, voc\u00ea ter\u00e1 acesso a todos os nossos cursos aqui no Estrat\u00e9gia Concursos!<\/p>\n<p style=\"text-align: justify\">Qualquer d\u00favida, \u00e9 s\u00f3 entrar em contato comigo!<\/p>\n<p style=\"text-align: justify\">F\u00e1bio Dutra<\/p>\n<p style=\"text-align: justify\">Professor de Direito Tribut\u00e1rio e Legisla\u00e7\u00e3o Tribut\u00e1ria<\/p>\n<p style=\"text-align: justify\">E-mail: fabiodutra08@gmail.com<\/p>\n<p style=\"text-align: justify\">Facebook: <a href=\"http:\/\/www.facebook.com\/ProfFabioDutra\">http:\/\/www.facebook.com\/ProfFabioDutra<\/a><\/p>\n<p>&nbsp;<\/p>\n","protected":false},"excerpt":{"rendered":"<p>Ol\u00e1, meus amigos! Tudo bem? No \u00faltimo final de semana, foi aplicada a prova objetiva referente ao XVIII Exame da OAB. No que se refere \u00e0 nossa disciplina, Direito Tribut\u00e1rio, tivemos 04 boas quest\u00f5es elaboradas pela FGV de f\u00e1cil resolu\u00e7\u00e3o! Com toda certeza, quem estudou pelo nosso curso n\u00e3o teve qualquer dificuldade com a prova, [&hellip;]<\/p>\n","protected":false},"author":150,"featured_media":0,"comment_status":"open","ping_status":"open","sticky":false,"template":"","format":"standard","meta":{"post_tipo":"article","footnotes":""},"categories":[1],"tags":[535,1116,304,71],"tax_estado":[219963],"class_list":["post-29783","post","type-post","status-publish","format-standard","hentry","category-cursos-e-concursos","tag-direito-tributario","tag-exame-de-ordem","tag-fgv","tag-oab","tax_estado-concursos-federais"],"acf":[],"yoast_head":"<!-- This site is optimized with the Yoast SEO Premium plugin v27.2 (Yoast SEO v27.2) - https:\/\/yoast.com\/product\/yoast-seo-premium-wordpress\/ -->\n<title>Exame da OAB - Quest\u00f5es Direito Tribut\u00e1rio<\/title>\n<meta name=\"description\" content=\"Quest\u00f5es Comentadas de Direito Tribut\u00e1rio - XVIII Exame da OAB\" \/>\n<meta name=\"robots\" content=\"index, follow, max-snippet:-1, max-image-preview:large, max-video-preview:-1\" \/>\n<link rel=\"canonical\" href=\"https:\/\/www.estrategiaconcursos.com.br\/blog\/xviii-exame-da-oab-questoes-de-direito-tributario\/\" \/>\n<meta property=\"og:locale\" content=\"pt_BR\" \/>\n<meta property=\"og:type\" content=\"article\" \/>\n<meta property=\"og:title\" content=\"XVIII Exame da OAB - Quest\u00f5es de Direito Tribut\u00e1rio\" \/>\n<meta property=\"og:description\" content=\"Quest\u00f5es Comentadas de Direito Tribut\u00e1rio - XVIII Exame da OAB\" \/>\n<meta property=\"og:url\" content=\"https:\/\/www.estrategiaconcursos.com.br\/blog\/xviii-exame-da-oab-questoes-de-direito-tributario\/\" \/>\n<meta property=\"og:site_name\" content=\"Estrat\u00e9gia Concursos\" \/>\n<meta property=\"article:published_time\" content=\"2015-12-01T23:52:28+00:00\" \/>\n<meta property=\"article:modified_time\" content=\"2020-12-05T11:40:52+00:00\" \/>\n<meta name=\"author\" content=\"F\u00e1bio Dutra\" \/>\n<meta name=\"twitter:card\" content=\"summary_large_image\" \/>\n<meta name=\"twitter:creator\" content=\"@EstratConcursos\" \/>\n<meta name=\"twitter:site\" content=\"@EstratConcursos\" \/>\n<meta name=\"twitter:label1\" content=\"Escrito por\" \/>\n\t<meta name=\"twitter:data1\" content=\"F\u00e1bio Dutra\" \/>\n\t<meta name=\"twitter:label2\" content=\"Est. tempo de leitura\" \/>\n\t<meta name=\"twitter:data2\" content=\"7 minutos\" \/>\n<script type=\"application\/ld+json\" class=\"yoast-schema-graph\">{\"@context\":\"https:\/\/schema.org\",\"@graph\":[{\"@type\":\"NewsArticle\",\"@id\":\"https:\/\/www.estrategiaconcursos.com.br\/blog\/xviii-exame-da-oab-questoes-de-direito-tributario\/#article\",\"isPartOf\":{\"@id\":\"https:\/\/www.estrategiaconcursos.com.br\/blog\/xviii-exame-da-oab-questoes-de-direito-tributario\/\"},\"author\":{\"name\":\"F\u00e1bio Dutra\",\"@id\":\"https:\/\/www.estrategiaconcursos.com.br\/blog\/#\/schema\/person\/c6615b1e72eae70edca73ea5362ead63\"},\"headline\":\"XVIII Exame da OAB &#8211; Quest\u00f5es de Direito Tribut\u00e1rio\",\"datePublished\":\"2015-12-01T23:52:28+00:00\",\"dateModified\":\"2020-12-05T11:40:52+00:00\",\"mainEntityOfPage\":{\"@id\":\"https:\/\/www.estrategiaconcursos.com.br\/blog\/xviii-exame-da-oab-questoes-de-direito-tributario\/\"},\"wordCount\":1332,\"commentCount\":1,\"publisher\":{\"@id\":\"https:\/\/www.estrategiaconcursos.com.br\/blog\/#organization\"},\"keywords\":[\"Direito Tribut\u00e1rio\",\"Exame de Ordem\",\"FGV\",\"OAB\"],\"articleSection\":[\"Concursos P\u00fablicos\"],\"inLanguage\":\"pt-BR\",\"potentialAction\":[{\"@type\":\"CommentAction\",\"name\":\"Comment\",\"target\":[\"https:\/\/www.estrategiaconcursos.com.br\/blog\/xviii-exame-da-oab-questoes-de-direito-tributario\/#respond\"]}],\"copyrightYear\":\"2015\",\"copyrightHolder\":{\"@id\":\"https:\/\/www.estrategiaconcursos.com.br\/blog\/#organization\"}},{\"@type\":\"WebPage\",\"@id\":\"https:\/\/www.estrategiaconcursos.com.br\/blog\/xviii-exame-da-oab-questoes-de-direito-tributario\/\",\"url\":\"https:\/\/www.estrategiaconcursos.com.br\/blog\/xviii-exame-da-oab-questoes-de-direito-tributario\/\",\"name\":\"Exame da OAB - Quest\u00f5es Direito Tribut\u00e1rio\",\"isPartOf\":{\"@id\":\"https:\/\/www.estrategiaconcursos.com.br\/blog\/#website\"},\"datePublished\":\"2015-12-01T23:52:28+00:00\",\"dateModified\":\"2020-12-05T11:40:52+00:00\",\"description\":\"Quest\u00f5es Comentadas de Direito Tribut\u00e1rio - XVIII Exame da OAB\",\"breadcrumb\":{\"@id\":\"https:\/\/www.estrategiaconcursos.com.br\/blog\/xviii-exame-da-oab-questoes-de-direito-tributario\/#breadcrumb\"},\"inLanguage\":\"pt-BR\",\"potentialAction\":[{\"@type\":\"ReadAction\",\"target\":[\"https:\/\/www.estrategiaconcursos.com.br\/blog\/xviii-exame-da-oab-questoes-de-direito-tributario\/\"]}]},{\"@type\":\"BreadcrumbList\",\"@id\":\"https:\/\/www.estrategiaconcursos.com.br\/blog\/xviii-exame-da-oab-questoes-de-direito-tributario\/#breadcrumb\",\"itemListElement\":[{\"@type\":\"ListItem\",\"position\":1,\"name\":\"In\u00edcio\",\"item\":\"https:\/\/www.estrategiaconcursos.com.br\/blog\/\"},{\"@type\":\"ListItem\",\"position\":2,\"name\":\"XVIII Exame da OAB &#8211; Quest\u00f5es de Direito Tribut\u00e1rio\"}]},{\"@type\":\"WebSite\",\"@id\":\"https:\/\/www.estrategiaconcursos.com.br\/blog\/#website\",\"url\":\"https:\/\/www.estrategiaconcursos.com.br\/blog\/\",\"name\":\"Estrat\u00e9gia Concursos\",\"description\":\"O blog da Estrat\u00e9gia Concursos traz not\u00edcias sobre concursos e artigos de professores oferecendo cursos para concursos (pdf + videaulas) no site.\",\"publisher\":{\"@id\":\"https:\/\/www.estrategiaconcursos.com.br\/blog\/#organization\"},\"potentialAction\":[{\"@type\":\"SearchAction\",\"target\":{\"@type\":\"EntryPoint\",\"urlTemplate\":\"https:\/\/www.estrategiaconcursos.com.br\/blog\/?s={search_term_string}\"},\"query-input\":{\"@type\":\"PropertyValueSpecification\",\"valueRequired\":true,\"valueName\":\"search_term_string\"}}],\"inLanguage\":\"pt-BR\"},{\"@type\":\"Organization\",\"@id\":\"https:\/\/www.estrategiaconcursos.com.br\/blog\/#organization\",\"name\":\"Estrat\u00e9gia Concursos\",\"url\":\"https:\/\/www.estrategiaconcursos.com.br\/blog\/\",\"logo\":{\"@type\":\"ImageObject\",\"inLanguage\":\"pt-BR\",\"@id\":\"https:\/\/www.estrategiaconcursos.com.br\/blog\/#\/schema\/logo\/image\/\",\"url\":\"https:\/\/dhg1h5j42swfq.cloudfront.net\/2025\/06\/03203428\/logo_concursos-1.jpg\",\"contentUrl\":\"https:\/\/dhg1h5j42swfq.cloudfront.net\/2025\/06\/03203428\/logo_concursos-1.jpg\",\"width\":230,\"height\":60,\"caption\":\"Estrat\u00e9gia Concursos\"},\"image\":{\"@id\":\"https:\/\/www.estrategiaconcursos.com.br\/blog\/#\/schema\/logo\/image\/\"},\"sameAs\":[\"https:\/\/x.com\/EstratConcursos\"]},{\"@type\":\"Person\",\"@id\":\"https:\/\/www.estrategiaconcursos.com.br\/blog\/#\/schema\/person\/c6615b1e72eae70edca73ea5362ead63\",\"name\":\"F\u00e1bio Dutra\",\"image\":{\"@type\":\"ImageObject\",\"inLanguage\":\"pt-BR\",\"@id\":\"https:\/\/secure.gravatar.com\/avatar\/2fb4b2715a33320653086a45a7174528e6836e078753b587b59cb70f7b453819?s=96&d=mm&r=g\",\"url\":\"https:\/\/secure.gravatar.com\/avatar\/2fb4b2715a33320653086a45a7174528e6836e078753b587b59cb70f7b453819?s=96&d=mm&r=g\",\"contentUrl\":\"https:\/\/secure.gravatar.com\/avatar\/2fb4b2715a33320653086a45a7174528e6836e078753b587b59cb70f7b453819?s=96&d=mm&r=g\",\"caption\":\"F\u00e1bio Dutra\"},\"url\":\"https:\/\/www.estrategiaconcursos.com.br\/blog\/author\/fabiodutraestrategiaconcursos-com-br\/\"}]}<\/script>\n<!-- \/ Yoast SEO Premium plugin. -->","yoast_head_json":{"title":"Exame da OAB - Quest\u00f5es Direito Tribut\u00e1rio","description":"Quest\u00f5es Comentadas de Direito Tribut\u00e1rio - XVIII Exame da OAB","robots":{"index":"index","follow":"follow","max-snippet":"max-snippet:-1","max-image-preview":"max-image-preview:large","max-video-preview":"max-video-preview:-1"},"canonical":"https:\/\/www.estrategiaconcursos.com.br\/blog\/xviii-exame-da-oab-questoes-de-direito-tributario\/","og_locale":"pt_BR","og_type":"article","og_title":"XVIII Exame da OAB - Quest\u00f5es de Direito Tribut\u00e1rio","og_description":"Quest\u00f5es Comentadas de Direito Tribut\u00e1rio - XVIII Exame da OAB","og_url":"https:\/\/www.estrategiaconcursos.com.br\/blog\/xviii-exame-da-oab-questoes-de-direito-tributario\/","og_site_name":"Estrat\u00e9gia Concursos","article_published_time":"2015-12-01T23:52:28+00:00","article_modified_time":"2020-12-05T11:40:52+00:00","author":"F\u00e1bio Dutra","twitter_card":"summary_large_image","twitter_creator":"@EstratConcursos","twitter_site":"@EstratConcursos","twitter_misc":{"Escrito por":"F\u00e1bio Dutra","Est. tempo de leitura":"7 minutos"},"schema":{"@context":"https:\/\/schema.org","@graph":[{"@type":"NewsArticle","@id":"https:\/\/www.estrategiaconcursos.com.br\/blog\/xviii-exame-da-oab-questoes-de-direito-tributario\/#article","isPartOf":{"@id":"https:\/\/www.estrategiaconcursos.com.br\/blog\/xviii-exame-da-oab-questoes-de-direito-tributario\/"},"author":{"name":"F\u00e1bio Dutra","@id":"https:\/\/www.estrategiaconcursos.com.br\/blog\/#\/schema\/person\/c6615b1e72eae70edca73ea5362ead63"},"headline":"XVIII Exame da OAB &#8211; Quest\u00f5es de Direito Tribut\u00e1rio","datePublished":"2015-12-01T23:52:28+00:00","dateModified":"2020-12-05T11:40:52+00:00","mainEntityOfPage":{"@id":"https:\/\/www.estrategiaconcursos.com.br\/blog\/xviii-exame-da-oab-questoes-de-direito-tributario\/"},"wordCount":1332,"commentCount":1,"publisher":{"@id":"https:\/\/www.estrategiaconcursos.com.br\/blog\/#organization"},"keywords":["Direito Tribut\u00e1rio","Exame de Ordem","FGV","OAB"],"articleSection":["Concursos P\u00fablicos"],"inLanguage":"pt-BR","potentialAction":[{"@type":"CommentAction","name":"Comment","target":["https:\/\/www.estrategiaconcursos.com.br\/blog\/xviii-exame-da-oab-questoes-de-direito-tributario\/#respond"]}],"copyrightYear":"2015","copyrightHolder":{"@id":"https:\/\/www.estrategiaconcursos.com.br\/blog\/#organization"}},{"@type":"WebPage","@id":"https:\/\/www.estrategiaconcursos.com.br\/blog\/xviii-exame-da-oab-questoes-de-direito-tributario\/","url":"https:\/\/www.estrategiaconcursos.com.br\/blog\/xviii-exame-da-oab-questoes-de-direito-tributario\/","name":"Exame da OAB - Quest\u00f5es Direito Tribut\u00e1rio","isPartOf":{"@id":"https:\/\/www.estrategiaconcursos.com.br\/blog\/#website"},"datePublished":"2015-12-01T23:52:28+00:00","dateModified":"2020-12-05T11:40:52+00:00","description":"Quest\u00f5es Comentadas de Direito Tribut\u00e1rio - XVIII Exame da OAB","breadcrumb":{"@id":"https:\/\/www.estrategiaconcursos.com.br\/blog\/xviii-exame-da-oab-questoes-de-direito-tributario\/#breadcrumb"},"inLanguage":"pt-BR","potentialAction":[{"@type":"ReadAction","target":["https:\/\/www.estrategiaconcursos.com.br\/blog\/xviii-exame-da-oab-questoes-de-direito-tributario\/"]}]},{"@type":"BreadcrumbList","@id":"https:\/\/www.estrategiaconcursos.com.br\/blog\/xviii-exame-da-oab-questoes-de-direito-tributario\/#breadcrumb","itemListElement":[{"@type":"ListItem","position":1,"name":"In\u00edcio","item":"https:\/\/www.estrategiaconcursos.com.br\/blog\/"},{"@type":"ListItem","position":2,"name":"XVIII Exame da OAB &#8211; Quest\u00f5es de Direito Tribut\u00e1rio"}]},{"@type":"WebSite","@id":"https:\/\/www.estrategiaconcursos.com.br\/blog\/#website","url":"https:\/\/www.estrategiaconcursos.com.br\/blog\/","name":"Estrat\u00e9gia Concursos","description":"O blog da Estrat\u00e9gia Concursos traz not\u00edcias sobre concursos e artigos de professores oferecendo cursos para concursos (pdf + videaulas) no site.","publisher":{"@id":"https:\/\/www.estrategiaconcursos.com.br\/blog\/#organization"},"potentialAction":[{"@type":"SearchAction","target":{"@type":"EntryPoint","urlTemplate":"https:\/\/www.estrategiaconcursos.com.br\/blog\/?s={search_term_string}"},"query-input":{"@type":"PropertyValueSpecification","valueRequired":true,"valueName":"search_term_string"}}],"inLanguage":"pt-BR"},{"@type":"Organization","@id":"https:\/\/www.estrategiaconcursos.com.br\/blog\/#organization","name":"Estrat\u00e9gia Concursos","url":"https:\/\/www.estrategiaconcursos.com.br\/blog\/","logo":{"@type":"ImageObject","inLanguage":"pt-BR","@id":"https:\/\/www.estrategiaconcursos.com.br\/blog\/#\/schema\/logo\/image\/","url":"https:\/\/dhg1h5j42swfq.cloudfront.net\/2025\/06\/03203428\/logo_concursos-1.jpg","contentUrl":"https:\/\/dhg1h5j42swfq.cloudfront.net\/2025\/06\/03203428\/logo_concursos-1.jpg","width":230,"height":60,"caption":"Estrat\u00e9gia Concursos"},"image":{"@id":"https:\/\/www.estrategiaconcursos.com.br\/blog\/#\/schema\/logo\/image\/"},"sameAs":["https:\/\/x.com\/EstratConcursos"]},{"@type":"Person","@id":"https:\/\/www.estrategiaconcursos.com.br\/blog\/#\/schema\/person\/c6615b1e72eae70edca73ea5362ead63","name":"F\u00e1bio Dutra","image":{"@type":"ImageObject","inLanguage":"pt-BR","@id":"https:\/\/secure.gravatar.com\/avatar\/2fb4b2715a33320653086a45a7174528e6836e078753b587b59cb70f7b453819?s=96&d=mm&r=g","url":"https:\/\/secure.gravatar.com\/avatar\/2fb4b2715a33320653086a45a7174528e6836e078753b587b59cb70f7b453819?s=96&d=mm&r=g","contentUrl":"https:\/\/secure.gravatar.com\/avatar\/2fb4b2715a33320653086a45a7174528e6836e078753b587b59cb70f7b453819?s=96&d=mm&r=g","caption":"F\u00e1bio Dutra"},"url":"https:\/\/www.estrategiaconcursos.com.br\/blog\/author\/fabiodutraestrategiaconcursos-com-br\/"}]}},"_links":{"self":[{"href":"https:\/\/www.estrategiaconcursos.com.br\/blog\/wp-json\/wp\/v2\/posts\/29783","targetHints":{"allow":["GET"]}}],"collection":[{"href":"https:\/\/www.estrategiaconcursos.com.br\/blog\/wp-json\/wp\/v2\/posts"}],"about":[{"href":"https:\/\/www.estrategiaconcursos.com.br\/blog\/wp-json\/wp\/v2\/types\/post"}],"author":[{"embeddable":true,"href":"https:\/\/www.estrategiaconcursos.com.br\/blog\/wp-json\/wp\/v2\/users\/150"}],"replies":[{"embeddable":true,"href":"https:\/\/www.estrategiaconcursos.com.br\/blog\/wp-json\/wp\/v2\/comments?post=29783"}],"version-history":[{"count":2,"href":"https:\/\/www.estrategiaconcursos.com.br\/blog\/wp-json\/wp\/v2\/posts\/29783\/revisions"}],"predecessor-version":[{"id":29785,"href":"https:\/\/www.estrategiaconcursos.com.br\/blog\/wp-json\/wp\/v2\/posts\/29783\/revisions\/29785"}],"wp:attachment":[{"href":"https:\/\/www.estrategiaconcursos.com.br\/blog\/wp-json\/wp\/v2\/media?parent=29783"}],"wp:term":[{"taxonomy":"category","embeddable":true,"href":"https:\/\/www.estrategiaconcursos.com.br\/blog\/wp-json\/wp\/v2\/categories?post=29783"},{"taxonomy":"post_tag","embeddable":true,"href":"https:\/\/www.estrategiaconcursos.com.br\/blog\/wp-json\/wp\/v2\/tags?post=29783"},{"taxonomy":"tax_estado","embeddable":true,"href":"https:\/\/www.estrategiaconcursos.com.br\/blog\/wp-json\/wp\/v2\/tax_estado?post=29783"}],"curies":[{"name":"wp","href":"https:\/\/api.w.org\/{rel}","templated":true}]}}