{"id":29742,"date":"2015-12-01T15:00:58","date_gmt":"2015-12-01T18:00:58","guid":{"rendered":"http:\/\/www.estrategiaconcursos.com.br\/blog\/?p=29742"},"modified":"2015-12-04T08:54:51","modified_gmt":"2015-12-04T11:54:51","slug":"prova-comentada-trtpr-2015-tecnico-judiciario-nocoes-de-orcamento-e-financas","status":"publish","type":"post","link":"https:\/\/www.estrategiaconcursos.com.br\/blog\/prova-comentada-trtpr-2015-tecnico-judiciario-nocoes-de-orcamento-e-financas\/","title":{"rendered":"Prova comentada TRT\/PR &#8211; 2015 &#8211; T\u00e9cnico Judici\u00e1rio &#8211; No\u00e7\u00f5es de Or\u00e7amento e Finan\u00e7as"},"content":{"rendered":"<p>Ol\u00e1 amigos! Como \u00e9 bom estar aqui!<\/p>\n<p style=\"text-align: justify\"><span style=\"color: #000000\">Segue a prova comentada de\u00a0No\u00e7\u00f5es de Or\u00e7amento e Finan\u00e7as\u00a0para\u00a0T\u00e9cnico Judici\u00e1rio &#8211;\u00a0\u00c1rea Administrativa do TRT\/PR\u00a0de 2015.<\/span><\/p>\n<p>&nbsp;<\/p>\n<p><strong>No\u00e7\u00f5es de Or\u00e7amento P\u00fablico e Finan\u00e7as<\/strong><\/p>\n<p>&nbsp;<\/p>\n<p><strong>58) (FCC \u2013 T\u00e9cnico Judici\u00e1rio \u2013 Administrativa \u2013 TRT\/PR &#8211; 2015) Autoriza\u00e7\u00e3o para abertura de cr\u00e9ditos Suplementares \u00e9 uma exce\u00e7\u00e3o \u00e0 aplica\u00e7\u00e3o do princ\u00edpio or\u00e7ament\u00e1rio da:<\/strong><\/p>\n<p><strong>(A) legalidade.<\/strong><\/p>\n<p><strong>(B) universalidade.<\/strong><\/p>\n<p><strong>(C) anualidade.<\/strong><\/p>\n<p><strong>(D) clareza.<\/strong><\/p>\n<p><strong>(E) exclusividade.<\/strong><\/p>\n<p>&nbsp;<\/p>\n<p>Segundo o princ\u00edpio da <strong>exclusividade<\/strong>, a lei or\u00e7ament\u00e1ria anual n\u00e3o conter\u00e1 dispositivo estranho \u00e0 previs\u00e3o da receita e \u00e0 fixa\u00e7\u00e3o da despesa, <span style=\"text-decoration: underline\">n\u00e3o se incluindo na proibi\u00e7\u00e3o a autoriza\u00e7\u00e3o para abertura de cr\u00e9ditos suplementares<\/span> e contrata\u00e7\u00e3o de opera\u00e7\u00f5es de cr\u00e9dito, ainda que por antecipa\u00e7\u00e3o de receita, nos termos da lei.<\/p>\n<p>Resposta: Letra E<\/p>\n<p>&nbsp;<\/p>\n<p><strong>59) (FCC \u2013 T\u00e9cnico Judici\u00e1rio \u2013 Administrativa \u2013 TRT\/PR &#8211; 2015) O refor\u00e7o de uma dota\u00e7\u00e3o que j\u00e1 existe na LOA &#8211; Lei Or\u00e7ament\u00e1ria Anual deve ser efetuado com:<\/strong><\/p>\n<p><strong>(A) a abertura de um cr\u00e9dito adicional suplementar.<\/strong><\/p>\n<p><strong>(B) a anula\u00e7\u00e3o parcial de dota\u00e7\u00e3o.<\/strong><\/p>\n<p><strong>(C) o excesso de arrecada\u00e7\u00e3o da receita.<\/strong><\/p>\n<p><strong>(D) a abertura de um cr\u00e9dito adicional extraordin\u00e1rio.<\/strong><\/p>\n<p><strong>(E) a abertura de um cr\u00e9dito adicional especial.<\/strong><\/p>\n<p>&nbsp;<\/p>\n<p>Os <strong>cr\u00e9ditos<\/strong> <strong>suplementares<\/strong> s\u00e3o os destinados a refor\u00e7o de dota\u00e7\u00e3o or\u00e7ament\u00e1ria.<\/p>\n<p>Resposta: Letra A<\/p>\n<p>&nbsp;<\/p>\n<p><strong>60) (FCC \u2013 T\u00e9cnico Judici\u00e1rio \u2013 Administrativa \u2013 TRT\/PR &#8211; 2015) S\u00e3o consideradas despesas de car\u00e1ter continuado, de acordo com a Lei de Responsabilidade Fiscal, aquelas que fixem para o ente a obriga\u00e7\u00e3o legal da sua execu\u00e7\u00e3o por um per\u00edodo superior a:<\/strong><\/p>\n<p><strong>(A) um exerc\u00edcio.<\/strong><\/p>\n<p><strong>(B) tr\u00eas exerc\u00edcios.<\/strong><\/p>\n<p><strong>(C) quatro exerc\u00edcios.<\/strong><\/p>\n<p><strong>(D) dois exerc\u00edcios.<\/strong><\/p>\n<p><strong>(E) seis meses. <\/strong><\/p>\n<p>&nbsp;<\/p>\n<p>Considera-se obrigat\u00f3ria de car\u00e1ter continuado a despesa corrente derivada de lei, medida provis\u00f3ria ou ato administrativo normativo que fixem para o ente a obriga\u00e7\u00e3o legal de sua execu\u00e7\u00e3o por um per\u00edodo superior a <strong>dois exerc\u00edcios<\/strong> (art. 17, <em>caput<\/em>, da LRF).<\/p>\n<p>Resposta: Letra D<\/p>\n<p>&nbsp;<\/p>\n<p style=\"text-align: justify\">\n<p style=\"text-align: justify\"><span style=\"color: #000000\">Forte abra\u00e7o!<\/span><\/p>\n<p style=\"text-align: justify\"><span style=\"color: #000000\">S\u00e9rgio Mendes<\/span><\/p>\n<p style=\"text-align: justify\"><span style=\"color: #99ccff\">.<\/span><\/p>\n<p style=\"text-align: justify\"><span style=\"color: #000000\">Fa\u00e7a um curso\u00a0online espec\u00edfico para o seu concurso: <span style=\"color: #0000ff\"><a style=\"color: #0000ff\" href=\"http:\/\/www.estrategiaconcursos.com.br\/cursosPorProfessor\/sergio-mendes-3000\/\"><span style=\"text-decoration: underline\">http:\/\/www.estrategiaconcursos.com.br\/cursosPorProfessor\/sergio-mendes-3000\/<\/span><\/a><\/span><\/span><\/p>\n<p style=\"text-align: justify\"><span style=\"color: #99ccff\">.<\/span><\/p>\n<p style=\"text-align: justify\"><span style=\"color: #000000\">Quer uma prepara\u00e7\u00e3o mais geral para diversos concursos? Fa\u00e7a o curso regular de Administra\u00e7\u00e3o Financeira e Or\u00e7ament\u00e1ria e Lei de Responsabilidade Fiscal:<\/span><\/p>\n<p style=\"text-align: justify\"><span style=\"color: #0000ff\"><a style=\"color: #0000ff\" href=\"https:\/\/www.estrategiaconcursos.com.br\/curso\/curso-regular-de-administracao-financeira-e-orcamentaria-e-lei-de-resp-fiscal-com-videoaulas-6129\/\"><span style=\"text-decoration: underline\">https:\/\/www.estrategiaconcursos.com.br\/curso\/curso-regular-de-administracao-financeira-e-orcamentaria-e-lei-de-resp-fiscal-com-videoaulas-6129\/<\/span><\/a><\/span><\/p>\n","protected":false},"excerpt":{"rendered":"<p>Ol\u00e1 amigos! Como \u00e9 bom estar aqui! Segue a prova comentada de\u00a0No\u00e7\u00f5es de Or\u00e7amento e Finan\u00e7as\u00a0para\u00a0T\u00e9cnico Judici\u00e1rio &#8211;\u00a0\u00c1rea Administrativa do TRT\/PR\u00a0de 2015. &nbsp; No\u00e7\u00f5es de Or\u00e7amento P\u00fablico e Finan\u00e7as &nbsp; 58) (FCC \u2013 T\u00e9cnico Judici\u00e1rio \u2013 Administrativa \u2013 TRT\/PR &#8211; 2015) Autoriza\u00e7\u00e3o para abertura de cr\u00e9ditos Suplementares \u00e9 uma exce\u00e7\u00e3o \u00e0 aplica\u00e7\u00e3o do princ\u00edpio or\u00e7ament\u00e1rio [&hellip;]<\/p>\n","protected":false},"author":29,"featured_media":0,"comment_status":"open","ping_status":"open","sticky":false,"template":"","format":"standard","meta":{"post_tipo":"article","footnotes":""},"categories":[],"tags":[894,657],"tax_estado":[],"class_list":["post-29742","post","type-post","status-publish","format-standard","hentry","tag-afo","tag-trt-pr"],"acf":[],"yoast_head":"<!-- This site is optimized with the Yoast SEO Premium plugin v27.2 (Yoast SEO v27.2) - https:\/\/yoast.com\/product\/yoast-seo-premium-wordpress\/ -->\n<title>Prova comentada TRT\/PR - 2015 - T\u00e9cnico Judici\u00e1rio - No\u00e7\u00f5es de Or\u00e7amento e Finan\u00e7as<\/title>\n<meta name=\"robots\" content=\"index, follow, max-snippet:-1, max-image-preview:large, max-video-preview:-1\" \/>\n<link rel=\"canonical\" href=\"https:\/\/www.estrategiaconcursos.com.br\/blog\/prova-comentada-trtpr-2015-tecnico-judiciario-nocoes-de-orcamento-e-financas\/\" \/>\n<meta property=\"og:locale\" content=\"pt_BR\" \/>\n<meta property=\"og:type\" content=\"article\" \/>\n<meta property=\"og:title\" content=\"Prova comentada TRT\/PR - 2015 - T\u00e9cnico Judici\u00e1rio - No\u00e7\u00f5es de Or\u00e7amento e Finan\u00e7as\" \/>\n<meta property=\"og:description\" content=\"Ol\u00e1 amigos! Como \u00e9 bom estar aqui! Segue a prova comentada de\u00a0No\u00e7\u00f5es de Or\u00e7amento e Finan\u00e7as\u00a0para\u00a0T\u00e9cnico Judici\u00e1rio &#8211;\u00a0\u00c1rea Administrativa do TRT\/PR\u00a0de 2015. &nbsp; No\u00e7\u00f5es de Or\u00e7amento P\u00fablico e Finan\u00e7as &nbsp; 58) (FCC \u2013 T\u00e9cnico Judici\u00e1rio \u2013 Administrativa \u2013 TRT\/PR &#8211; 2015) Autoriza\u00e7\u00e3o para abertura de cr\u00e9ditos Suplementares \u00e9 uma exce\u00e7\u00e3o \u00e0 aplica\u00e7\u00e3o do princ\u00edpio or\u00e7ament\u00e1rio [&hellip;]\" \/>\n<meta property=\"og:url\" content=\"https:\/\/www.estrategiaconcursos.com.br\/blog\/prova-comentada-trtpr-2015-tecnico-judiciario-nocoes-de-orcamento-e-financas\/\" \/>\n<meta property=\"og:site_name\" content=\"Estrat\u00e9gia Concursos\" \/>\n<meta property=\"article:author\" content=\"https:\/\/www.facebook.com\/profsergiomendes\" \/>\n<meta property=\"article:published_time\" content=\"2015-12-01T18:00:58+00:00\" \/>\n<meta property=\"article:modified_time\" content=\"2015-12-04T11:54:51+00:00\" \/>\n<meta name=\"author\" content=\"S\u00e9rgio Mendes\" \/>\n<meta name=\"twitter:card\" content=\"summary_large_image\" \/>\n<meta name=\"twitter:creator\" content=\"@EstratConcursos\" \/>\n<meta name=\"twitter:site\" content=\"@EstratConcursos\" \/>\n<meta name=\"twitter:label1\" content=\"Escrito por\" \/>\n\t<meta name=\"twitter:data1\" content=\"S\u00e9rgio Mendes\" \/>\n\t<meta name=\"twitter:label2\" content=\"Est. tempo de leitura\" \/>\n\t<meta name=\"twitter:data2\" content=\"2 minutos\" \/>\n<script type=\"application\/ld+json\" class=\"yoast-schema-graph\">{\"@context\":\"https:\/\/schema.org\",\"@graph\":[{\"@type\":\"NewsArticle\",\"@id\":\"https:\/\/www.estrategiaconcursos.com.br\/blog\/prova-comentada-trtpr-2015-tecnico-judiciario-nocoes-de-orcamento-e-financas\/#article\",\"isPartOf\":{\"@id\":\"https:\/\/www.estrategiaconcursos.com.br\/blog\/prova-comentada-trtpr-2015-tecnico-judiciario-nocoes-de-orcamento-e-financas\/\"},\"author\":{\"name\":\"S\u00e9rgio Mendes\",\"@id\":\"https:\/\/www.estrategiaconcursos.com.br\/blog\/#\/schema\/person\/4ddc4a162b4fdffa2ea9956dbf62f583\"},\"headline\":\"Prova comentada TRT\/PR &#8211; 2015 &#8211; T\u00e9cnico Judici\u00e1rio &#8211; No\u00e7\u00f5es de Or\u00e7amento e Finan\u00e7as\",\"datePublished\":\"2015-12-01T18:00:58+00:00\",\"dateModified\":\"2015-12-04T11:54:51+00:00\",\"mainEntityOfPage\":{\"@id\":\"https:\/\/www.estrategiaconcursos.com.br\/blog\/prova-comentada-trtpr-2015-tecnico-judiciario-nocoes-de-orcamento-e-financas\/\"},\"wordCount\":439,\"commentCount\":3,\"publisher\":{\"@id\":\"https:\/\/www.estrategiaconcursos.com.br\/blog\/#organization\"},\"keywords\":[\"AFO\",\"TRT-PR\"],\"inLanguage\":\"pt-BR\",\"potentialAction\":[{\"@type\":\"CommentAction\",\"name\":\"Comment\",\"target\":[\"https:\/\/www.estrategiaconcursos.com.br\/blog\/prova-comentada-trtpr-2015-tecnico-judiciario-nocoes-de-orcamento-e-financas\/#respond\"]}],\"copyrightYear\":\"2015\",\"copyrightHolder\":{\"@id\":\"https:\/\/www.estrategiaconcursos.com.br\/blog\/#organization\"}},{\"@type\":\"WebPage\",\"@id\":\"https:\/\/www.estrategiaconcursos.com.br\/blog\/prova-comentada-trtpr-2015-tecnico-judiciario-nocoes-de-orcamento-e-financas\/\",\"url\":\"https:\/\/www.estrategiaconcursos.com.br\/blog\/prova-comentada-trtpr-2015-tecnico-judiciario-nocoes-de-orcamento-e-financas\/\",\"name\":\"Prova comentada TRT\/PR - 2015 - T\u00e9cnico Judici\u00e1rio - No\u00e7\u00f5es de Or\u00e7amento e Finan\u00e7as\",\"isPartOf\":{\"@id\":\"https:\/\/www.estrategiaconcursos.com.br\/blog\/#website\"},\"datePublished\":\"2015-12-01T18:00:58+00:00\",\"dateModified\":\"2015-12-04T11:54:51+00:00\",\"breadcrumb\":{\"@id\":\"https:\/\/www.estrategiaconcursos.com.br\/blog\/prova-comentada-trtpr-2015-tecnico-judiciario-nocoes-de-orcamento-e-financas\/#breadcrumb\"},\"inLanguage\":\"pt-BR\",\"potentialAction\":[{\"@type\":\"ReadAction\",\"target\":[\"https:\/\/www.estrategiaconcursos.com.br\/blog\/prova-comentada-trtpr-2015-tecnico-judiciario-nocoes-de-orcamento-e-financas\/\"]}]},{\"@type\":\"BreadcrumbList\",\"@id\":\"https:\/\/www.estrategiaconcursos.com.br\/blog\/prova-comentada-trtpr-2015-tecnico-judiciario-nocoes-de-orcamento-e-financas\/#breadcrumb\",\"itemListElement\":[{\"@type\":\"ListItem\",\"position\":1,\"name\":\"In\u00edcio\",\"item\":\"https:\/\/www.estrategiaconcursos.com.br\/blog\/\"},{\"@type\":\"ListItem\",\"position\":2,\"name\":\"Prova comentada TRT\/PR &#8211; 2015 &#8211; T\u00e9cnico Judici\u00e1rio &#8211; No\u00e7\u00f5es de Or\u00e7amento e Finan\u00e7as\"}]},{\"@type\":\"WebSite\",\"@id\":\"https:\/\/www.estrategiaconcursos.com.br\/blog\/#website\",\"url\":\"https:\/\/www.estrategiaconcursos.com.br\/blog\/\",\"name\":\"Estrat\u00e9gia Concursos\",\"description\":\"O blog da Estrat\u00e9gia Concursos traz not\u00edcias sobre concursos e artigos de professores oferecendo cursos para concursos (pdf + videaulas) no site.\",\"publisher\":{\"@id\":\"https:\/\/www.estrategiaconcursos.com.br\/blog\/#organization\"},\"potentialAction\":[{\"@type\":\"SearchAction\",\"target\":{\"@type\":\"EntryPoint\",\"urlTemplate\":\"https:\/\/www.estrategiaconcursos.com.br\/blog\/?s={search_term_string}\"},\"query-input\":{\"@type\":\"PropertyValueSpecification\",\"valueRequired\":true,\"valueName\":\"search_term_string\"}}],\"inLanguage\":\"pt-BR\"},{\"@type\":\"Organization\",\"@id\":\"https:\/\/www.estrategiaconcursos.com.br\/blog\/#organization\",\"name\":\"Estrat\u00e9gia Concursos\",\"url\":\"https:\/\/www.estrategiaconcursos.com.br\/blog\/\",\"logo\":{\"@type\":\"ImageObject\",\"inLanguage\":\"pt-BR\",\"@id\":\"https:\/\/www.estrategiaconcursos.com.br\/blog\/#\/schema\/logo\/image\/\",\"url\":\"https:\/\/dhg1h5j42swfq.cloudfront.net\/2025\/06\/03203428\/logo_concursos-1.jpg\",\"contentUrl\":\"https:\/\/dhg1h5j42swfq.cloudfront.net\/2025\/06\/03203428\/logo_concursos-1.jpg\",\"width\":230,\"height\":60,\"caption\":\"Estrat\u00e9gia Concursos\"},\"image\":{\"@id\":\"https:\/\/www.estrategiaconcursos.com.br\/blog\/#\/schema\/logo\/image\/\"},\"sameAs\":[\"https:\/\/x.com\/EstratConcursos\"]},{\"@type\":\"Person\",\"@id\":\"https:\/\/www.estrategiaconcursos.com.br\/blog\/#\/schema\/person\/4ddc4a162b4fdffa2ea9956dbf62f583\",\"name\":\"S\u00e9rgio Mendes\",\"image\":{\"@type\":\"ImageObject\",\"inLanguage\":\"pt-BR\",\"@id\":\"https:\/\/secure.gravatar.com\/avatar\/4eb4b562c33f40d6f7f76579da7e07350c69579df7db305d32a69ed32ecfd5ce?s=96&d=mm&r=g\",\"url\":\"https:\/\/secure.gravatar.com\/avatar\/4eb4b562c33f40d6f7f76579da7e07350c69579df7db305d32a69ed32ecfd5ce?s=96&d=mm&r=g\",\"contentUrl\":\"https:\/\/secure.gravatar.com\/avatar\/4eb4b562c33f40d6f7f76579da7e07350c69579df7db305d32a69ed32ecfd5ce?s=96&d=mm&r=g\",\"caption\":\"S\u00e9rgio Mendes\"},\"sameAs\":[\"https:\/\/www.facebook.com\/profsergiomendes\"],\"url\":\"https:\/\/www.estrategiaconcursos.com.br\/blog\/author\/sergiomendesestrategiaconcursos-com-br\/\"}]}<\/script>\n<!-- \/ Yoast SEO Premium plugin. -->","yoast_head_json":{"title":"Prova comentada TRT\/PR - 2015 - T\u00e9cnico Judici\u00e1rio - No\u00e7\u00f5es de Or\u00e7amento e Finan\u00e7as","robots":{"index":"index","follow":"follow","max-snippet":"max-snippet:-1","max-image-preview":"max-image-preview:large","max-video-preview":"max-video-preview:-1"},"canonical":"https:\/\/www.estrategiaconcursos.com.br\/blog\/prova-comentada-trtpr-2015-tecnico-judiciario-nocoes-de-orcamento-e-financas\/","og_locale":"pt_BR","og_type":"article","og_title":"Prova comentada TRT\/PR - 2015 - T\u00e9cnico Judici\u00e1rio - No\u00e7\u00f5es de Or\u00e7amento e Finan\u00e7as","og_description":"Ol\u00e1 amigos! Como \u00e9 bom estar aqui! Segue a prova comentada de\u00a0No\u00e7\u00f5es de Or\u00e7amento e Finan\u00e7as\u00a0para\u00a0T\u00e9cnico Judici\u00e1rio &#8211;\u00a0\u00c1rea Administrativa do TRT\/PR\u00a0de 2015. &nbsp; No\u00e7\u00f5es de Or\u00e7amento P\u00fablico e Finan\u00e7as &nbsp; 58) (FCC \u2013 T\u00e9cnico Judici\u00e1rio \u2013 Administrativa \u2013 TRT\/PR &#8211; 2015) Autoriza\u00e7\u00e3o para abertura de cr\u00e9ditos Suplementares \u00e9 uma exce\u00e7\u00e3o \u00e0 aplica\u00e7\u00e3o do princ\u00edpio or\u00e7ament\u00e1rio [&hellip;]","og_url":"https:\/\/www.estrategiaconcursos.com.br\/blog\/prova-comentada-trtpr-2015-tecnico-judiciario-nocoes-de-orcamento-e-financas\/","og_site_name":"Estrat\u00e9gia Concursos","article_author":"https:\/\/www.facebook.com\/profsergiomendes","article_published_time":"2015-12-01T18:00:58+00:00","article_modified_time":"2015-12-04T11:54:51+00:00","author":"S\u00e9rgio Mendes","twitter_card":"summary_large_image","twitter_creator":"@EstratConcursos","twitter_site":"@EstratConcursos","twitter_misc":{"Escrito por":"S\u00e9rgio Mendes","Est. tempo de leitura":"2 minutos"},"schema":{"@context":"https:\/\/schema.org","@graph":[{"@type":"NewsArticle","@id":"https:\/\/www.estrategiaconcursos.com.br\/blog\/prova-comentada-trtpr-2015-tecnico-judiciario-nocoes-de-orcamento-e-financas\/#article","isPartOf":{"@id":"https:\/\/www.estrategiaconcursos.com.br\/blog\/prova-comentada-trtpr-2015-tecnico-judiciario-nocoes-de-orcamento-e-financas\/"},"author":{"name":"S\u00e9rgio Mendes","@id":"https:\/\/www.estrategiaconcursos.com.br\/blog\/#\/schema\/person\/4ddc4a162b4fdffa2ea9956dbf62f583"},"headline":"Prova comentada TRT\/PR &#8211; 2015 &#8211; T\u00e9cnico Judici\u00e1rio &#8211; No\u00e7\u00f5es de Or\u00e7amento e Finan\u00e7as","datePublished":"2015-12-01T18:00:58+00:00","dateModified":"2015-12-04T11:54:51+00:00","mainEntityOfPage":{"@id":"https:\/\/www.estrategiaconcursos.com.br\/blog\/prova-comentada-trtpr-2015-tecnico-judiciario-nocoes-de-orcamento-e-financas\/"},"wordCount":439,"commentCount":3,"publisher":{"@id":"https:\/\/www.estrategiaconcursos.com.br\/blog\/#organization"},"keywords":["AFO","TRT-PR"],"inLanguage":"pt-BR","potentialAction":[{"@type":"CommentAction","name":"Comment","target":["https:\/\/www.estrategiaconcursos.com.br\/blog\/prova-comentada-trtpr-2015-tecnico-judiciario-nocoes-de-orcamento-e-financas\/#respond"]}],"copyrightYear":"2015","copyrightHolder":{"@id":"https:\/\/www.estrategiaconcursos.com.br\/blog\/#organization"}},{"@type":"WebPage","@id":"https:\/\/www.estrategiaconcursos.com.br\/blog\/prova-comentada-trtpr-2015-tecnico-judiciario-nocoes-de-orcamento-e-financas\/","url":"https:\/\/www.estrategiaconcursos.com.br\/blog\/prova-comentada-trtpr-2015-tecnico-judiciario-nocoes-de-orcamento-e-financas\/","name":"Prova comentada TRT\/PR - 2015 - T\u00e9cnico Judici\u00e1rio - No\u00e7\u00f5es de Or\u00e7amento e Finan\u00e7as","isPartOf":{"@id":"https:\/\/www.estrategiaconcursos.com.br\/blog\/#website"},"datePublished":"2015-12-01T18:00:58+00:00","dateModified":"2015-12-04T11:54:51+00:00","breadcrumb":{"@id":"https:\/\/www.estrategiaconcursos.com.br\/blog\/prova-comentada-trtpr-2015-tecnico-judiciario-nocoes-de-orcamento-e-financas\/#breadcrumb"},"inLanguage":"pt-BR","potentialAction":[{"@type":"ReadAction","target":["https:\/\/www.estrategiaconcursos.com.br\/blog\/prova-comentada-trtpr-2015-tecnico-judiciario-nocoes-de-orcamento-e-financas\/"]}]},{"@type":"BreadcrumbList","@id":"https:\/\/www.estrategiaconcursos.com.br\/blog\/prova-comentada-trtpr-2015-tecnico-judiciario-nocoes-de-orcamento-e-financas\/#breadcrumb","itemListElement":[{"@type":"ListItem","position":1,"name":"In\u00edcio","item":"https:\/\/www.estrategiaconcursos.com.br\/blog\/"},{"@type":"ListItem","position":2,"name":"Prova comentada TRT\/PR &#8211; 2015 &#8211; T\u00e9cnico Judici\u00e1rio &#8211; No\u00e7\u00f5es de Or\u00e7amento e Finan\u00e7as"}]},{"@type":"WebSite","@id":"https:\/\/www.estrategiaconcursos.com.br\/blog\/#website","url":"https:\/\/www.estrategiaconcursos.com.br\/blog\/","name":"Estrat\u00e9gia Concursos","description":"O blog da Estrat\u00e9gia Concursos traz not\u00edcias sobre concursos e artigos de professores oferecendo cursos para concursos (pdf + videaulas) no site.","publisher":{"@id":"https:\/\/www.estrategiaconcursos.com.br\/blog\/#organization"},"potentialAction":[{"@type":"SearchAction","target":{"@type":"EntryPoint","urlTemplate":"https:\/\/www.estrategiaconcursos.com.br\/blog\/?s={search_term_string}"},"query-input":{"@type":"PropertyValueSpecification","valueRequired":true,"valueName":"search_term_string"}}],"inLanguage":"pt-BR"},{"@type":"Organization","@id":"https:\/\/www.estrategiaconcursos.com.br\/blog\/#organization","name":"Estrat\u00e9gia Concursos","url":"https:\/\/www.estrategiaconcursos.com.br\/blog\/","logo":{"@type":"ImageObject","inLanguage":"pt-BR","@id":"https:\/\/www.estrategiaconcursos.com.br\/blog\/#\/schema\/logo\/image\/","url":"https:\/\/dhg1h5j42swfq.cloudfront.net\/2025\/06\/03203428\/logo_concursos-1.jpg","contentUrl":"https:\/\/dhg1h5j42swfq.cloudfront.net\/2025\/06\/03203428\/logo_concursos-1.jpg","width":230,"height":60,"caption":"Estrat\u00e9gia Concursos"},"image":{"@id":"https:\/\/www.estrategiaconcursos.com.br\/blog\/#\/schema\/logo\/image\/"},"sameAs":["https:\/\/x.com\/EstratConcursos"]},{"@type":"Person","@id":"https:\/\/www.estrategiaconcursos.com.br\/blog\/#\/schema\/person\/4ddc4a162b4fdffa2ea9956dbf62f583","name":"S\u00e9rgio Mendes","image":{"@type":"ImageObject","inLanguage":"pt-BR","@id":"https:\/\/secure.gravatar.com\/avatar\/4eb4b562c33f40d6f7f76579da7e07350c69579df7db305d32a69ed32ecfd5ce?s=96&d=mm&r=g","url":"https:\/\/secure.gravatar.com\/avatar\/4eb4b562c33f40d6f7f76579da7e07350c69579df7db305d32a69ed32ecfd5ce?s=96&d=mm&r=g","contentUrl":"https:\/\/secure.gravatar.com\/avatar\/4eb4b562c33f40d6f7f76579da7e07350c69579df7db305d32a69ed32ecfd5ce?s=96&d=mm&r=g","caption":"S\u00e9rgio Mendes"},"sameAs":["https:\/\/www.facebook.com\/profsergiomendes"],"url":"https:\/\/www.estrategiaconcursos.com.br\/blog\/author\/sergiomendesestrategiaconcursos-com-br\/"}]}},"_links":{"self":[{"href":"https:\/\/www.estrategiaconcursos.com.br\/blog\/wp-json\/wp\/v2\/posts\/29742","targetHints":{"allow":["GET"]}}],"collection":[{"href":"https:\/\/www.estrategiaconcursos.com.br\/blog\/wp-json\/wp\/v2\/posts"}],"about":[{"href":"https:\/\/www.estrategiaconcursos.com.br\/blog\/wp-json\/wp\/v2\/types\/post"}],"author":[{"embeddable":true,"href":"https:\/\/www.estrategiaconcursos.com.br\/blog\/wp-json\/wp\/v2\/users\/29"}],"replies":[{"embeddable":true,"href":"https:\/\/www.estrategiaconcursos.com.br\/blog\/wp-json\/wp\/v2\/comments?post=29742"}],"version-history":[{"count":3,"href":"https:\/\/www.estrategiaconcursos.com.br\/blog\/wp-json\/wp\/v2\/posts\/29742\/revisions"}],"predecessor-version":[{"id":29746,"href":"https:\/\/www.estrategiaconcursos.com.br\/blog\/wp-json\/wp\/v2\/posts\/29742\/revisions\/29746"}],"wp:attachment":[{"href":"https:\/\/www.estrategiaconcursos.com.br\/blog\/wp-json\/wp\/v2\/media?parent=29742"}],"wp:term":[{"taxonomy":"category","embeddable":true,"href":"https:\/\/www.estrategiaconcursos.com.br\/blog\/wp-json\/wp\/v2\/categories?post=29742"},{"taxonomy":"post_tag","embeddable":true,"href":"https:\/\/www.estrategiaconcursos.com.br\/blog\/wp-json\/wp\/v2\/tags?post=29742"},{"taxonomy":"tax_estado","embeddable":true,"href":"https:\/\/www.estrategiaconcursos.com.br\/blog\/wp-json\/wp\/v2\/tax_estado?post=29742"}],"curies":[{"name":"wp","href":"https:\/\/api.w.org\/{rel}","templated":true}]}}