{"id":29717,"date":"2015-12-02T11:38:03","date_gmt":"2015-12-02T14:38:03","guid":{"rendered":"http:\/\/www.estrategiaconcursos.com.br\/blog\/?p=29717"},"modified":"2015-12-04T10:07:31","modified_gmt":"2015-12-04T13:07:31","slug":"aposentadoria-compulsoria-do-servidor-publico","status":"publish","type":"post","link":"https:\/\/www.estrategiaconcursos.com.br\/blog\/aposentadoria-compulsoria-do-servidor-publico\/","title":{"rendered":"Aposentadoria compuls\u00f3ria do servidor p\u00fablico"},"content":{"rendered":"<p>Foi noticiado no dia 01.12.2015 que o Congresso Nacional derrubou o veto da Presidente Dilma quanto \u00e0 <strong>aposentadoria compuls\u00f3ria do servidor p\u00fablico aos 75 anos<\/strong>.<br \/>\nVamos explicar o que aconteceu!<br \/>\nA aposentadoria compuls\u00f3ria do servidor p\u00fablico, na reda\u00e7\u00e3o anterior, dada pela Emenda Constitucional n. 20\/98, era de 70 anos de idade.<br \/>\nCom a edi\u00e7\u00e3o da Emenda Constitucional n. 88\/2015, a aposentadoria compuls\u00f3ria do servidor p\u00fablico titular de cargos efetivos da Uni\u00e3o, dos Estados, do Distrito Federal e dos Munic\u00edpios, inclu\u00eddas suas autarquias e funda\u00e7\u00f5es passou a ser de 75 anos de idade. Leia o dispositivo do <a title=\"EC 88\/2015\" href=\"http:\/\/www.planalto.gov.br\/ccivil_03\/Constituicao\/Constituicao.htm\">art. 40, \u00a7 1\u00ba, II, da CF<\/a>, ap\u00f3s a EC 88\/2015:<\/p>\n<p>&nbsp;<\/p>\n<p>Art. 40. Aos servidores titulares de cargos efetivos da Uni\u00e3o, dos Estados, do Distrito Federal e dos Munic\u00edpios, inclu\u00eddas suas autarquias e funda\u00e7\u00f5es, \u00e9 assegurado regime de previd\u00eancia de car\u00e1ter contributivo e solid\u00e1rio, mediante contribui\u00e7\u00e3o do respectivo ente p\u00fablico, dos servidores ativos e inativos e dos pensionistas, observados crit\u00e9rios que preservem o equil\u00edbrio financeiro e atuarial e o disposto neste artigo. (Reda\u00e7\u00e3o dada pela Emenda Constitucional n\u00ba 41, 19.12.2003)<br \/>\n\u00a7 1\u00ba Os servidores abrangidos pelo regime de previd\u00eancia de que trata este artigo ser\u00e3o aposentados, calculados os seus proventos a partir dos valores fixados na forma dos \u00a7\u00a7 3\u00ba e 17: (Reda\u00e7\u00e3o dada pela Emenda Constitucional n\u00ba 41, 19.12.2003)<br \/>\nII &#8211; compulsoriamente, com proventos proporcionais ao tempo de contribui\u00e7\u00e3o, aos 70 (setenta) anos de idade, ou <strong>aos 75 (setenta e cinco) anos de idade, na forma de lei complementar<\/strong>; (Reda\u00e7\u00e3o dada pela Emenda Constitucional n\u00ba 88, de 2015)<\/p>\n<p>&nbsp;<\/p>\n<p>Destaco que essa regra condicionou a entrada em vigor da nova idade para a aposentadoria compuls\u00f3ria a <strong>edi\u00e7\u00e3o de lei complementar<\/strong>.<\/p>\n<p>Interessante notar que a EC 88\/2015 trouxe uma altera\u00e7\u00e3o tamb\u00e9m no <a title=\"ADCT\" href=\"http:\/\/www.planalto.gov.br\/ccivil_03\/Constituicao\/Emendas\/Emc\/emc88.htm#art1\">ADCT<\/a>, de forma a regulamentar a entrada em vigor da regra que aumentava a idade da aposentadoria compuls\u00f3ria. Veja:<br \/>\nArt. 2\u00ba O Ato das Disposi\u00e7\u00f5es Constitucionais Transit\u00f3rias passa a vigorar acrescido do seguinte art. 100:<br \/>\n&#8220;Art. 100. At\u00e9 que entre em vigor a lei complementar de que trata o inciso II do \u00a7 1\u00ba do art. 40 da Constitui\u00e7\u00e3o Federal, os Ministros do Supremo Tribunal Federal, dos Tribunais Superiores e do Tribunal de Contas da Uni\u00e3o aposentar-se-\u00e3o, compulsoriamente, aos 75 (setenta e cinco) anos de idade, nas condi\u00e7\u00f5es do art. 52 da Constitui\u00e7\u00e3o Federal.&#8221;<\/p>\n<p>&nbsp;<\/p>\n<p>Nesse quadro, enquanto n\u00e3o editada a lei complementar para dar plena efic\u00e1cia a aposentadoria compuls\u00f3ria aos 75 anos de idade aos servidores p\u00fablicos em geral, somente os Ministros do STF, dos Tribunais Superiores e do TCU poderiam gozar, de imediato, desses 5 anos a mais. <em>Os demais servidores teriam que esperar a edi\u00e7\u00e3o da lei complementar.<\/em><\/p>\n<p>Outro detalhe, \u00e9 que a parte final do art. 100 do ADCT \u2013 \u201cnas condi\u00e7\u00f5es do art. 52 da Constitui\u00e7\u00e3o Federal\u201d \u2013 determinava que os Ministros alcan\u00e7ados imediatamente com a inova\u00e7\u00e3o constitucional deveriam se submeter a nova sabatina perante o Senado Federal para poderem continuar no cargo por mais 5 anos ap\u00f3s os 70 anos de idade.<br \/>\nEssa express\u00e3o \u201cnas condi\u00e7\u00f5es do art. 52 da Constitui\u00e7\u00e3o Federal\u201d, contudo, foi <em>declarada inconstitucional pelo STF<\/em>, no julgamento da liminar na <a title=\"ADI 75 anos\" href=\"http:\/\/www.stf.jus.br\/portal\/processo\/verProcessoAndamento.asp?numero=5316&amp;classe=ADI&amp;origem=AP&amp;recurso=0&amp;tipoJulgamento=M\">ADI 5316<\/a>, conforme divulgado no <a title=\"Informativo STF\" href=\"http:\/\/www.stf.jus.br\/arquivo\/informativo\/documento\/informativo786.htm#TCU%20e declara\u00e7\u00e3o de inidoneidade para licitar\">Informativo STF 786<\/a>.<br \/>\nMas, professor, e a aposentadoria compuls\u00f3ria aos 75 anos do servidor p\u00fablico em geral, como ficou?<br \/>\nTramitou no Senado Federal o <a title=\"PL\" href=\"http:\/\/www.senado.leg.br\/atividade\/rotinas\/materia\/getPDF.asp?t=180035&amp;tp=1\">PL n\u00ba 274\/2015<\/a>, para permitir aos servidores p\u00fablicos a aposentadoria compuls\u00f3ria aos 75 anos de idade. Esse projeto de lei foi aprovado com a seguinte reda\u00e7\u00e3o, no que importa ao presente artigo:<\/p>\n<p>PROJETO DE LEI DO SENADO N\u00ba 274, DE 2015 (Complementar)<br \/>\nArt. 2\u00ba Ser\u00e3o aposentados compulsoriamente, com proventos proporcionais ao tempo de contribui\u00e7\u00e3o, aos 75 (setenta e cinco) anos de idade:<br \/>\nI \u2013 os servidores titulares de cargos efetivos da Uni\u00e3o, dos Estados, do Distrito Federal e dos Munic\u00edpios, inclu\u00eddas suas autarquias e funda\u00e7\u00f5es;<br \/>\nII \u2013 os membros do Poder Judici\u00e1rio;<br \/>\nIII \u2013 os membros do Minist\u00e9rio P\u00fablico;<br \/>\nIV \u2013 os membros das Defensorias P\u00fablicas;<br \/>\nV \u2013 os membros dos Tribunais e dos Conselhos de Contas.<\/p>\n<p>Ap\u00f3s aprovado pelo Congresso Nacional, a Presidente Dilma vetou o projeto de lei.<br \/>\nA mat\u00e9ria, ent\u00e3o, voltou ao Congresso para an\u00e1lise da derrubada ou n\u00e3o do veto, nos termos do art. 66, \u00a7 4\u00ba, da Constitui\u00e7\u00e3o.<br \/>\nEnfim, no dia 1\u00ba de dezembro de 2015 <strong>o veto da Presidente foi derrubado e o PL 274 seguir\u00e1 para publica\u00e7\u00e3o, para autorizar aos servidores p\u00fablicos em geral a aposentadoria compuls\u00f3ria aos 75 anos de idade<\/strong>.<\/p>\n<p>Segue uma not\u00edcia sobre o tema:<\/p>\n<p><a href=\"http:\/\/www12.senado.leg.br\/noticias\/materias\/2015\/12\/01\/congresso-derruba-veto-ao-projeto-que-eleva-a-75-anos-aposentadoria-compulsoria-no-servico-publico\">http:\/\/www12.senado.leg.br\/noticias\/materias\/2015\/12\/01\/congresso-derruba-veto-ao-projeto-que-eleva-a-75-anos-aposentadoria-compulsoria-no-servico-publico<\/a><br \/>\nEsse tema, com certeza, ser\u00e1 objeto de cobran\u00e7a nas provas de 2016. Por isso, se prepare com qualidade com os nossos cursos em v\u00eddeo e pdf, <a title=\"CURSOS DIREITO ADMINISTRATIVO\" href=\"https:\/\/www.estrategiaconcursos.com.br\/cursosPorProfessor\/daniel-mesquita-700\/\">clicando aqui<\/a>!<\/p>\n<p><a href=\"https:\/\/dhg1h5j42swfq.cloudfront.net\/2015\/12\/02113445\/PL-274.pdf\">PL 274<\/a><\/p>\n","protected":false},"excerpt":{"rendered":"<p>Foi noticiado no dia 01.12.2015 que o Congresso Nacional derrubou o veto da Presidente Dilma quanto \u00e0 aposentadoria compuls\u00f3ria do servidor p\u00fablico aos 75 anos. Vamos explicar o que aconteceu! A aposentadoria compuls\u00f3ria do servidor p\u00fablico, na reda\u00e7\u00e3o anterior, dada pela Emenda Constitucional n. 20\/98, era de 70 anos de idade. Com a edi\u00e7\u00e3o da [&hellip;]<\/p>\n","protected":false},"author":8,"featured_media":0,"comment_status":"open","ping_status":"open","sticky":false,"template":"","format":"standard","meta":{"post_tipo":"article","footnotes":""},"categories":[1],"tags":[924],"tax_estado":[],"class_list":["post-29717","post","type-post","status-publish","format-standard","hentry","category-cursos-e-concursos","tag-aposentadoria-do-servidor-publico"],"acf":[],"yoast_head":"<!-- This site is optimized with the Yoast SEO Premium plugin v27.2 (Yoast SEO v27.2) - https:\/\/yoast.com\/product\/yoast-seo-premium-wordpress\/ -->\n<title>aposentadoria compuls\u00f3ria servidor p\u00fablico 75 anos<\/title>\n<meta name=\"description\" content=\"Congresso Nacional derrubou veto da Presidente Dilma quanto \u00e0 aposentadoria compuls\u00f3ria do servidor p\u00fablico aos 75 anos. Vamos explicar o que aconteceu!\" \/>\n<meta name=\"robots\" content=\"index, follow, max-snippet:-1, max-image-preview:large, max-video-preview:-1\" \/>\n<link rel=\"canonical\" href=\"https:\/\/www.estrategiaconcursos.com.br\/blog\/aposentadoria-compulsoria-do-servidor-publico\/\" \/>\n<meta property=\"og:locale\" content=\"pt_BR\" \/>\n<meta property=\"og:type\" content=\"article\" \/>\n<meta property=\"og:title\" content=\"Aposentadoria compuls\u00f3ria do servidor p\u00fablico\" \/>\n<meta property=\"og:description\" content=\"Congresso Nacional derrubou veto da Presidente Dilma quanto \u00e0 aposentadoria compuls\u00f3ria do servidor p\u00fablico aos 75 anos. Vamos explicar o que aconteceu!\" \/>\n<meta property=\"og:url\" content=\"https:\/\/www.estrategiaconcursos.com.br\/blog\/aposentadoria-compulsoria-do-servidor-publico\/\" \/>\n<meta property=\"og:site_name\" content=\"Estrat\u00e9gia Concursos\" \/>\n<meta property=\"article:published_time\" content=\"2015-12-02T14:38:03+00:00\" \/>\n<meta property=\"article:modified_time\" content=\"2015-12-04T13:07:31+00:00\" \/>\n<meta name=\"author\" content=\"Daniel Mesquita\" \/>\n<meta name=\"twitter:card\" content=\"summary_large_image\" \/>\n<meta name=\"twitter:creator\" content=\"@EstratConcursos\" \/>\n<meta name=\"twitter:site\" content=\"@EstratConcursos\" \/>\n<meta name=\"twitter:label1\" content=\"Escrito por\" \/>\n\t<meta name=\"twitter:data1\" content=\"Daniel Mesquita\" \/>\n\t<meta name=\"twitter:label2\" content=\"Est. tempo de leitura\" \/>\n\t<meta name=\"twitter:data2\" content=\"4 minutos\" \/>\n<script type=\"application\/ld+json\" class=\"yoast-schema-graph\">{\"@context\":\"https:\/\/schema.org\",\"@graph\":[{\"@type\":\"NewsArticle\",\"@id\":\"https:\/\/www.estrategiaconcursos.com.br\/blog\/aposentadoria-compulsoria-do-servidor-publico\/#article\",\"isPartOf\":{\"@id\":\"https:\/\/www.estrategiaconcursos.com.br\/blog\/aposentadoria-compulsoria-do-servidor-publico\/\"},\"author\":{\"name\":\"Daniel Mesquita\",\"@id\":\"https:\/\/www.estrategiaconcursos.com.br\/blog\/#\/schema\/person\/9eaf1124191babd2cd91ce9a50b4df1b\"},\"headline\":\"Aposentadoria compuls\u00f3ria do servidor p\u00fablico\",\"datePublished\":\"2015-12-02T14:38:03+00:00\",\"dateModified\":\"2015-12-04T13:07:31+00:00\",\"mainEntityOfPage\":{\"@id\":\"https:\/\/www.estrategiaconcursos.com.br\/blog\/aposentadoria-compulsoria-do-servidor-publico\/\"},\"wordCount\":802,\"commentCount\":8,\"publisher\":{\"@id\":\"https:\/\/www.estrategiaconcursos.com.br\/blog\/#organization\"},\"keywords\":[\"aposentadoria do servidor p\u00fablico\"],\"articleSection\":[\"Concursos P\u00fablicos\"],\"inLanguage\":\"pt-BR\",\"potentialAction\":[{\"@type\":\"CommentAction\",\"name\":\"Comment\",\"target\":[\"https:\/\/www.estrategiaconcursos.com.br\/blog\/aposentadoria-compulsoria-do-servidor-publico\/#respond\"]}],\"copyrightYear\":\"2015\",\"copyrightHolder\":{\"@id\":\"https:\/\/www.estrategiaconcursos.com.br\/blog\/#organization\"}},{\"@type\":\"WebPage\",\"@id\":\"https:\/\/www.estrategiaconcursos.com.br\/blog\/aposentadoria-compulsoria-do-servidor-publico\/\",\"url\":\"https:\/\/www.estrategiaconcursos.com.br\/blog\/aposentadoria-compulsoria-do-servidor-publico\/\",\"name\":\"aposentadoria compuls\u00f3ria servidor p\u00fablico 75 anos\",\"isPartOf\":{\"@id\":\"https:\/\/www.estrategiaconcursos.com.br\/blog\/#website\"},\"datePublished\":\"2015-12-02T14:38:03+00:00\",\"dateModified\":\"2015-12-04T13:07:31+00:00\",\"description\":\"Congresso Nacional derrubou veto da Presidente Dilma quanto \u00e0 aposentadoria compuls\u00f3ria do servidor p\u00fablico aos 75 anos. Vamos explicar o que aconteceu!\",\"breadcrumb\":{\"@id\":\"https:\/\/www.estrategiaconcursos.com.br\/blog\/aposentadoria-compulsoria-do-servidor-publico\/#breadcrumb\"},\"inLanguage\":\"pt-BR\",\"potentialAction\":[{\"@type\":\"ReadAction\",\"target\":[\"https:\/\/www.estrategiaconcursos.com.br\/blog\/aposentadoria-compulsoria-do-servidor-publico\/\"]}]},{\"@type\":\"BreadcrumbList\",\"@id\":\"https:\/\/www.estrategiaconcursos.com.br\/blog\/aposentadoria-compulsoria-do-servidor-publico\/#breadcrumb\",\"itemListElement\":[{\"@type\":\"ListItem\",\"position\":1,\"name\":\"In\u00edcio\",\"item\":\"https:\/\/www.estrategiaconcursos.com.br\/blog\/\"},{\"@type\":\"ListItem\",\"position\":2,\"name\":\"Aposentadoria compuls\u00f3ria do servidor p\u00fablico\"}]},{\"@type\":\"WebSite\",\"@id\":\"https:\/\/www.estrategiaconcursos.com.br\/blog\/#website\",\"url\":\"https:\/\/www.estrategiaconcursos.com.br\/blog\/\",\"name\":\"Estrat\u00e9gia Concursos\",\"description\":\"O blog da Estrat\u00e9gia Concursos traz not\u00edcias sobre concursos e artigos de professores oferecendo cursos para concursos (pdf + videaulas) no site.\",\"publisher\":{\"@id\":\"https:\/\/www.estrategiaconcursos.com.br\/blog\/#organization\"},\"potentialAction\":[{\"@type\":\"SearchAction\",\"target\":{\"@type\":\"EntryPoint\",\"urlTemplate\":\"https:\/\/www.estrategiaconcursos.com.br\/blog\/?s={search_term_string}\"},\"query-input\":{\"@type\":\"PropertyValueSpecification\",\"valueRequired\":true,\"valueName\":\"search_term_string\"}}],\"inLanguage\":\"pt-BR\"},{\"@type\":\"Organization\",\"@id\":\"https:\/\/www.estrategiaconcursos.com.br\/blog\/#organization\",\"name\":\"Estrat\u00e9gia Concursos\",\"url\":\"https:\/\/www.estrategiaconcursos.com.br\/blog\/\",\"logo\":{\"@type\":\"ImageObject\",\"inLanguage\":\"pt-BR\",\"@id\":\"https:\/\/www.estrategiaconcursos.com.br\/blog\/#\/schema\/logo\/image\/\",\"url\":\"https:\/\/dhg1h5j42swfq.cloudfront.net\/2025\/06\/03203428\/logo_concursos-1.jpg\",\"contentUrl\":\"https:\/\/dhg1h5j42swfq.cloudfront.net\/2025\/06\/03203428\/logo_concursos-1.jpg\",\"width\":230,\"height\":60,\"caption\":\"Estrat\u00e9gia Concursos\"},\"image\":{\"@id\":\"https:\/\/www.estrategiaconcursos.com.br\/blog\/#\/schema\/logo\/image\/\"},\"sameAs\":[\"https:\/\/x.com\/EstratConcursos\"]},{\"@type\":\"Person\",\"@id\":\"https:\/\/www.estrategiaconcursos.com.br\/blog\/#\/schema\/person\/9eaf1124191babd2cd91ce9a50b4df1b\",\"name\":\"Daniel Mesquita\",\"image\":{\"@type\":\"ImageObject\",\"inLanguage\":\"pt-BR\",\"@id\":\"https:\/\/secure.gravatar.com\/avatar\/706770cb0fb6fef61b228494b341a7865da68c2e586815b508303374d2dc2223?s=96&d=mm&r=g\",\"url\":\"https:\/\/secure.gravatar.com\/avatar\/706770cb0fb6fef61b228494b341a7865da68c2e586815b508303374d2dc2223?s=96&d=mm&r=g\",\"contentUrl\":\"https:\/\/secure.gravatar.com\/avatar\/706770cb0fb6fef61b228494b341a7865da68c2e586815b508303374d2dc2223?s=96&d=mm&r=g\",\"caption\":\"Daniel Mesquita\"},\"url\":\"https:\/\/www.estrategiaconcursos.com.br\/blog\/author\/danielmesquitaestrategiaconcursos-com-br\/\"}]}<\/script>\n<!-- \/ Yoast SEO Premium plugin. -->","yoast_head_json":{"title":"aposentadoria compuls\u00f3ria servidor p\u00fablico 75 anos","description":"Congresso Nacional derrubou veto da Presidente Dilma quanto \u00e0 aposentadoria compuls\u00f3ria do servidor p\u00fablico aos 75 anos. Vamos explicar o que aconteceu!","robots":{"index":"index","follow":"follow","max-snippet":"max-snippet:-1","max-image-preview":"max-image-preview:large","max-video-preview":"max-video-preview:-1"},"canonical":"https:\/\/www.estrategiaconcursos.com.br\/blog\/aposentadoria-compulsoria-do-servidor-publico\/","og_locale":"pt_BR","og_type":"article","og_title":"Aposentadoria compuls\u00f3ria do servidor p\u00fablico","og_description":"Congresso Nacional derrubou veto da Presidente Dilma quanto \u00e0 aposentadoria compuls\u00f3ria do servidor p\u00fablico aos 75 anos. Vamos explicar o que aconteceu!","og_url":"https:\/\/www.estrategiaconcursos.com.br\/blog\/aposentadoria-compulsoria-do-servidor-publico\/","og_site_name":"Estrat\u00e9gia Concursos","article_published_time":"2015-12-02T14:38:03+00:00","article_modified_time":"2015-12-04T13:07:31+00:00","author":"Daniel Mesquita","twitter_card":"summary_large_image","twitter_creator":"@EstratConcursos","twitter_site":"@EstratConcursos","twitter_misc":{"Escrito por":"Daniel Mesquita","Est. tempo de leitura":"4 minutos"},"schema":{"@context":"https:\/\/schema.org","@graph":[{"@type":"NewsArticle","@id":"https:\/\/www.estrategiaconcursos.com.br\/blog\/aposentadoria-compulsoria-do-servidor-publico\/#article","isPartOf":{"@id":"https:\/\/www.estrategiaconcursos.com.br\/blog\/aposentadoria-compulsoria-do-servidor-publico\/"},"author":{"name":"Daniel Mesquita","@id":"https:\/\/www.estrategiaconcursos.com.br\/blog\/#\/schema\/person\/9eaf1124191babd2cd91ce9a50b4df1b"},"headline":"Aposentadoria compuls\u00f3ria do servidor p\u00fablico","datePublished":"2015-12-02T14:38:03+00:00","dateModified":"2015-12-04T13:07:31+00:00","mainEntityOfPage":{"@id":"https:\/\/www.estrategiaconcursos.com.br\/blog\/aposentadoria-compulsoria-do-servidor-publico\/"},"wordCount":802,"commentCount":8,"publisher":{"@id":"https:\/\/www.estrategiaconcursos.com.br\/blog\/#organization"},"keywords":["aposentadoria do servidor p\u00fablico"],"articleSection":["Concursos P\u00fablicos"],"inLanguage":"pt-BR","potentialAction":[{"@type":"CommentAction","name":"Comment","target":["https:\/\/www.estrategiaconcursos.com.br\/blog\/aposentadoria-compulsoria-do-servidor-publico\/#respond"]}],"copyrightYear":"2015","copyrightHolder":{"@id":"https:\/\/www.estrategiaconcursos.com.br\/blog\/#organization"}},{"@type":"WebPage","@id":"https:\/\/www.estrategiaconcursos.com.br\/blog\/aposentadoria-compulsoria-do-servidor-publico\/","url":"https:\/\/www.estrategiaconcursos.com.br\/blog\/aposentadoria-compulsoria-do-servidor-publico\/","name":"aposentadoria compuls\u00f3ria servidor p\u00fablico 75 anos","isPartOf":{"@id":"https:\/\/www.estrategiaconcursos.com.br\/blog\/#website"},"datePublished":"2015-12-02T14:38:03+00:00","dateModified":"2015-12-04T13:07:31+00:00","description":"Congresso Nacional derrubou veto da Presidente Dilma quanto \u00e0 aposentadoria compuls\u00f3ria do servidor p\u00fablico aos 75 anos. Vamos explicar o que aconteceu!","breadcrumb":{"@id":"https:\/\/www.estrategiaconcursos.com.br\/blog\/aposentadoria-compulsoria-do-servidor-publico\/#breadcrumb"},"inLanguage":"pt-BR","potentialAction":[{"@type":"ReadAction","target":["https:\/\/www.estrategiaconcursos.com.br\/blog\/aposentadoria-compulsoria-do-servidor-publico\/"]}]},{"@type":"BreadcrumbList","@id":"https:\/\/www.estrategiaconcursos.com.br\/blog\/aposentadoria-compulsoria-do-servidor-publico\/#breadcrumb","itemListElement":[{"@type":"ListItem","position":1,"name":"In\u00edcio","item":"https:\/\/www.estrategiaconcursos.com.br\/blog\/"},{"@type":"ListItem","position":2,"name":"Aposentadoria compuls\u00f3ria do servidor p\u00fablico"}]},{"@type":"WebSite","@id":"https:\/\/www.estrategiaconcursos.com.br\/blog\/#website","url":"https:\/\/www.estrategiaconcursos.com.br\/blog\/","name":"Estrat\u00e9gia Concursos","description":"O blog da Estrat\u00e9gia Concursos traz not\u00edcias sobre concursos e artigos de professores oferecendo cursos para concursos (pdf + videaulas) no site.","publisher":{"@id":"https:\/\/www.estrategiaconcursos.com.br\/blog\/#organization"},"potentialAction":[{"@type":"SearchAction","target":{"@type":"EntryPoint","urlTemplate":"https:\/\/www.estrategiaconcursos.com.br\/blog\/?s={search_term_string}"},"query-input":{"@type":"PropertyValueSpecification","valueRequired":true,"valueName":"search_term_string"}}],"inLanguage":"pt-BR"},{"@type":"Organization","@id":"https:\/\/www.estrategiaconcursos.com.br\/blog\/#organization","name":"Estrat\u00e9gia Concursos","url":"https:\/\/www.estrategiaconcursos.com.br\/blog\/","logo":{"@type":"ImageObject","inLanguage":"pt-BR","@id":"https:\/\/www.estrategiaconcursos.com.br\/blog\/#\/schema\/logo\/image\/","url":"https:\/\/dhg1h5j42swfq.cloudfront.net\/2025\/06\/03203428\/logo_concursos-1.jpg","contentUrl":"https:\/\/dhg1h5j42swfq.cloudfront.net\/2025\/06\/03203428\/logo_concursos-1.jpg","width":230,"height":60,"caption":"Estrat\u00e9gia Concursos"},"image":{"@id":"https:\/\/www.estrategiaconcursos.com.br\/blog\/#\/schema\/logo\/image\/"},"sameAs":["https:\/\/x.com\/EstratConcursos"]},{"@type":"Person","@id":"https:\/\/www.estrategiaconcursos.com.br\/blog\/#\/schema\/person\/9eaf1124191babd2cd91ce9a50b4df1b","name":"Daniel Mesquita","image":{"@type":"ImageObject","inLanguage":"pt-BR","@id":"https:\/\/secure.gravatar.com\/avatar\/706770cb0fb6fef61b228494b341a7865da68c2e586815b508303374d2dc2223?s=96&d=mm&r=g","url":"https:\/\/secure.gravatar.com\/avatar\/706770cb0fb6fef61b228494b341a7865da68c2e586815b508303374d2dc2223?s=96&d=mm&r=g","contentUrl":"https:\/\/secure.gravatar.com\/avatar\/706770cb0fb6fef61b228494b341a7865da68c2e586815b508303374d2dc2223?s=96&d=mm&r=g","caption":"Daniel Mesquita"},"url":"https:\/\/www.estrategiaconcursos.com.br\/blog\/author\/danielmesquitaestrategiaconcursos-com-br\/"}]}},"_links":{"self":[{"href":"https:\/\/www.estrategiaconcursos.com.br\/blog\/wp-json\/wp\/v2\/posts\/29717","targetHints":{"allow":["GET"]}}],"collection":[{"href":"https:\/\/www.estrategiaconcursos.com.br\/blog\/wp-json\/wp\/v2\/posts"}],"about":[{"href":"https:\/\/www.estrategiaconcursos.com.br\/blog\/wp-json\/wp\/v2\/types\/post"}],"author":[{"embeddable":true,"href":"https:\/\/www.estrategiaconcursos.com.br\/blog\/wp-json\/wp\/v2\/users\/8"}],"replies":[{"embeddable":true,"href":"https:\/\/www.estrategiaconcursos.com.br\/blog\/wp-json\/wp\/v2\/comments?post=29717"}],"version-history":[{"count":5,"href":"https:\/\/www.estrategiaconcursos.com.br\/blog\/wp-json\/wp\/v2\/posts\/29717\/revisions"}],"predecessor-version":[{"id":29898,"href":"https:\/\/www.estrategiaconcursos.com.br\/blog\/wp-json\/wp\/v2\/posts\/29717\/revisions\/29898"}],"wp:attachment":[{"href":"https:\/\/www.estrategiaconcursos.com.br\/blog\/wp-json\/wp\/v2\/media?parent=29717"}],"wp:term":[{"taxonomy":"category","embeddable":true,"href":"https:\/\/www.estrategiaconcursos.com.br\/blog\/wp-json\/wp\/v2\/categories?post=29717"},{"taxonomy":"post_tag","embeddable":true,"href":"https:\/\/www.estrategiaconcursos.com.br\/blog\/wp-json\/wp\/v2\/tags?post=29717"},{"taxonomy":"tax_estado","embeddable":true,"href":"https:\/\/www.estrategiaconcursos.com.br\/blog\/wp-json\/wp\/v2\/tax_estado?post=29717"}],"curies":[{"name":"wp","href":"https:\/\/api.w.org\/{rel}","templated":true}]}}