{"id":29702,"date":"2015-11-30T20:38:08","date_gmt":"2015-11-30T23:38:08","guid":{"rendered":"http:\/\/www.estrategiaconcursos.com.br\/blog\/?p=29702"},"modified":"2022-12-27T16:44:40","modified_gmt":"2022-12-27T19:44:40","slug":"direito-administrativo-oab-xviii-exame-de-ordem-comentarios","status":"publish","type":"post","link":"https:\/\/www.estrategiaconcursos.com.br\/blog\/direito-administrativo-oab-xviii-exame-de-ordem-comentarios\/","title":{"rendered":"Quest\u00f5es Comentadas de Direito Administrativo &#8211; Prova OAB"},"content":{"rendered":"<p>Ol\u00e1 pessoal, tudo bem?<\/p>\n<p>Seguem meus coment\u00e1rios \u00e0s quest\u00f5es de <strong>Direito Administrativo do XVIII Exame de Ordem<\/strong>, cuja <a href=\"https:\/\/oab.estrategia.com\/portal\/prova-oab\/\">prova OAB<\/a> foi realizada no dia 29\/11.<\/p>\n<p>As <strong>seis quest\u00f5es<\/strong> foram distribu\u00eddas da seguinte forma:<\/p>\n<ul>\n<li>2 quest\u00f5es sobre Licita\u00e7\u00f5es e Contratos.<\/li>\n<li>1 quest\u00e3o sobre Improbidade Administrativa<\/li>\n<li>1 quest\u00e3o sobre Organiza\u00e7\u00e3o da Administra\u00e7\u00e3o P\u00fablica<\/li>\n<li>1 quest\u00e3o sobre Agentes P\u00fablicos e Lei 8.112\/90.<\/li>\n<li>1 quest\u00e3o sobre Servi\u00e7os P\u00fablicos<\/li>\n<\/ul>\n<p><strong>A princ\u00edpio, n\u00e3o vislumbrei possibilidade de recursos.<\/strong> De qualquer forma, se algu\u00e9m tiver alguma d\u00favida, pode entrar em contato comigo deixando um <strong>coment\u00e1rio neste artigo<\/strong>.<\/p>\n<p>Vamos l\u00e1:<\/p>\n<p style=\"text-align: justify;\"><strong>29. (XVIII Exame de Ordem Unificado \u2013 2015)<\/strong> O Minist\u00e9rio P\u00fablico do Estado W ajuizou a\u00e7\u00e3o de improbidade administrativa contra um ex-governador, com fundamento no Art. 9\u00ba da Lei n\u00ba 8.429\/1992 (ato de improbidade administrativa que importe enriquecimento il\u00edcito), mesmo passados quase 3 (tr\u00eas) anos do t\u00e9rmino do mandato e 6 (seis) anos desde a suposta pr\u00e1tica do ato de improbidade que lhe \u00e9 atribu\u00edda. Nesse caso,<\/p>\n<p style=\"text-align: justify;\">A) o ex-governador est\u00e1 sujeito, dentre outras san\u00e7\u00f5es, \u00e0 perda dos bens ou valores acrescidos ilicitamente ao patrim\u00f4nio, ao ressarcimento integral do dano e \u00e0 suspens\u00e3o dos direitos pol\u00edticos pelo per\u00edodo de oito a dez anos.<\/p>\n<p style=\"text-align: justify;\">B) a a\u00e7\u00e3o de improbidade est\u00e1 fadada ao insucesso, tendo em vista que n\u00e3o podem ser r\u00e9us de tal demanda aqueles que j\u00e1 n\u00e3o ocupam mandato eletivo e nem cargo, emprego ou fun\u00e7\u00e3o na Administra\u00e7\u00e3o.<\/p>\n<p style=\"text-align: justify;\">C) a a\u00e7\u00e3o de improbidade est\u00e1 fadada ao insucesso, tendo em vista que j\u00e1 transcorreram mais de 3 (tr\u00eas) anos desde o t\u00e9rmino do exerc\u00edcio do mandado eletivo.<\/p>\n<p style=\"text-align: justify;\">D) \u00e9 imprescrit\u00edvel a a\u00e7\u00e3o de improbidade destinada \u00e0 aplica\u00e7\u00e3o das san\u00e7\u00f5es previstas na Lei n\u00ba 8.429\/1992, e, por essa raz\u00e3o, o ex-governador pode sofrer as comina\u00e7\u00f5es legais, mesmo ap\u00f3s o t\u00e9rmino do seu mandato.<\/p>\n<p style=\"text-align: justify;\"><strong><span style=\"text-decoration: underline;\">Coment\u00e1rio<\/span>: vamos analisar cada alternativa:<\/strong><\/p>\n<p style=\"text-align: justify;\"><strong> a) CERTA. As penalidades previstas para os agentes condenados por ato de improbidade administrativa que importe enriquecimento il\u00edcito est\u00e3o previstas no art. 12, inciso I da Lei 8.429\/92:<\/strong><\/p>\n<p style=\"text-align: justify;\"><em>Art. 12.\u00a0 Independentemente das san\u00e7\u00f5es penais, civis e administrativas previstas na legisla\u00e7\u00e3o espec\u00edfica, est\u00e1 o respons\u00e1vel pelo ato de improbidade sujeito \u00e0s seguintes comina\u00e7\u00f5es, que podem ser aplicadas isolada ou cumulativamente, de acordo com a gravidade do fato:\u00a0\u00a0\u00a0\u00a0\u00a0\u00a0\u00a0\u00a0 <\/em><\/p>\n<p style=\"text-align: justify;\"><em>I &#8211; na <span style=\"color: #003366;\"><strong>hip\u00f3tese do art. 9\u00b0<\/strong>, <strong>perda dos bens ou valores acrescidos ilicitamente ao patrim\u00f4nio, ressarcimento integral do dano<\/strong><\/span>, quando houver, perda da fun\u00e7\u00e3o p\u00fablica, <span style=\"color: #003366;\"><strong>suspens\u00e3o dos direitos pol\u00edticos de oito a dez anos<\/strong><\/span>, pagamento de multa civil de at\u00e9 tr\u00eas vezes o valor do acr\u00e9scimo patrimonial e proibi\u00e7\u00e3o de contratar com o Poder P\u00fablico ou receber benef\u00edcios ou incentivos fiscais ou credit\u00edcios, direta ou indiretamente, ainda que por interm\u00e9dio de pessoa jur\u00eddica da qual seja s\u00f3cio majorit\u00e1rio, pelo prazo de dez anos;<\/em><\/p>\n<p style=\"text-align: justify;\"><strong> b) ERRADA. Os agentes que j\u00e1 n\u00e3o ocupam mandato eletivo e nem cargo, emprego ou fun\u00e7\u00e3o na Administra\u00e7\u00e3o podem sim ser r\u00e9us em a\u00e7\u00f5es de improbidade. Tanto \u00e9 verdade que a Lei 8.429\/92 estabelece que o prazo de prescri\u00e7\u00e3o das a\u00e7\u00f5es de improbidade come\u00e7a a contar \u201cap\u00f3s o t\u00e9rmino do exerc\u00edcio de mandato, de cargo em comiss\u00e3o ou de fun\u00e7\u00e3o de confian\u00e7a\u201d (art. 23, I).<\/strong><\/p>\n<p style=\"text-align: justify;\"><strong> c) ERRADA. Segundo o art. 23, I da Lei 8.429\/92, o prazo de prescri\u00e7\u00e3o \u00e9 de <span style=\"color: #003366;\">cinco anos<\/span>, contado ap\u00f3s o t\u00e9rmino do exerc\u00edcio de mandato, de cargo em comiss\u00e3o ou de fun\u00e7\u00e3o de confian\u00e7a;<\/strong><\/p>\n<p style=\"text-align: justify;\"><strong> d) ERRADA. De fato, o Governador pode sofrer as comina\u00e7\u00f5es da Lei de Improbidade mesmo ap\u00f3s o t\u00e9rmino do seu mandato. O erro \u00e9 que a a\u00e7\u00e3o de improbidade <span style=\"color: #003366;\">n\u00e3o \u00e9 imprescrit\u00edvel<\/span>. \u00c9 o que est\u00e1 previsto no art. 23 da Lei 8.429\/92:<\/strong><\/p>\n<p style=\"text-align: justify;\"><em>Art. 23. As a\u00e7\u00f5es destinadas a levar a efeitos as san\u00e7\u00f5es previstas nesta lei podem ser propostas:<\/em><\/p>\n<p style=\"text-align: justify;\"><em>I &#8211; at\u00e9 cinco anos ap\u00f3s o t\u00e9rmino do exerc\u00edcio de mandato, de cargo em comiss\u00e3o ou de fun\u00e7\u00e3o de confian\u00e7a;<\/em><\/p>\n<p style=\"text-align: justify;\"><em>II &#8211; dentro do prazo prescricional previsto em lei espec\u00edfica para faltas disciplinares pun\u00edveis com demiss\u00e3o a bem do servi\u00e7o p\u00fablico, nos casos de exerc\u00edcio de cargo efetivo ou emprego.<\/em><\/p>\n<p style=\"text-align: justify;\"><span style=\"color: #993300;\"><strong>Gabarito: alternativa \u201ca\u201d <\/strong><\/span><\/p>\n<p style=\"text-align: justify;\"><strong>30<\/strong>. <strong>(XVIII Exame de Ordem Unificado \u2013 2015)<\/strong> O Estado XYZ pretende criar uma nova universidade estadual sob a forma de funda\u00e7\u00e3o p\u00fablica. Considerando que \u00e9 inten\u00e7\u00e3o do Estado atribuir personalidade jur\u00eddica de direito p\u00fablico a tal funda\u00e7\u00e3o, assinale a afirmativa correta.<\/p>\n<p style=\"text-align: justify;\">A) Tal funda\u00e7\u00e3o h\u00e1 de ser criada com o registro de seus atos constitutivos, ap\u00f3s a edi\u00e7\u00e3o de lei ordin\u00e1ria autorizando sua institui\u00e7\u00e3o.<\/p>\n<p style=\"text-align: justify;\">B) Tal funda\u00e7\u00e3o h\u00e1 de ser criada por lei ordin\u00e1ria espec\u00edfica.<\/p>\n<p style=\"text-align: justify;\">C) N\u00e3o \u00e9 poss\u00edvel a cria\u00e7\u00e3o de uma funda\u00e7\u00e3o p\u00fablica com personalidade jur\u00eddica de direito p\u00fablico.<\/p>\n<p style=\"text-align: justify;\">D) Tal funda\u00e7\u00e3o h\u00e1 de ser criada por lei complementar espec\u00edfica.<\/p>\n<p style=\"text-align: justify;\"><strong><span style=\"text-decoration: underline;\">Coment\u00e1rio<\/span>: Conforme art. 37, XIX da Constitui\u00e7\u00e3o Federal, as <span style=\"color: #003300;\">funda\u00e7\u00f5es de direito p\u00fablico<\/span> s\u00e3o criadas por <span style=\"color: #003366;\">lei ordin\u00e1ria espec\u00edfica<\/span>. N\u00e3o h\u00e1 necessidade de registro de seus atos constitutivos, ap\u00f3s a edi\u00e7\u00e3o de lei ordin\u00e1ria, pois tal procedimento somente se aplica \u00e0s entidades com personalidade jur\u00eddica de direito privado.<\/strong><\/p>\n<p style=\"text-align: justify;\"><span style=\"color: #993300;\"><strong>Gabarito: alternativa \u201cb\u201d <\/strong><\/span><\/p>\n<p style=\"text-align: justify;\"><strong>31<\/strong>. <strong>(XVIII Exame de Ordem Unificado \u2013 2015)<\/strong> Marcos Paulo \u00e9 servidor p\u00fablico federal h\u00e1 mais de 5 (cinco) anos e, durante todo esse tempo, nunca sofreu qualquer san\u00e7\u00e3o administrativa, apesar de serem frequentes suas faltas e seus atrasos ao servi\u00e7o. No \u00faltimo m\u00eas, entretanto, as constantes aus\u00eancias chamaram a aten\u00e7\u00e3o de seu chefe, que, ao buscar a ficha de frequ\u00eancia do servidor, descobriu que Marcos Paulo faltara mais de 90 (noventa) dias no \u00faltimo ano. A respeito do caso apresentado, assinale a afirmativa correta.<\/p>\n<p style=\"text-align: justify;\">A) Marcos Paulo, servidor p\u00fablico est\u00e1vel, s\u00f3 pode ser demitido ap\u00f3s decis\u00e3o judicial transitada em julgado.<\/p>\n<p style=\"text-align: justify;\">B) Marcos Paulo, servidor p\u00fablico est\u00e1vel, pode ser demitido pela sua inassiduidade ap\u00f3s decis\u00e3o em processo administrativo em que lhe seja assegurada ampla defesa.<\/p>\n<p style=\"text-align: justify;\">C) Marcos Paulo, servidor p\u00fablico est\u00e1vel que nunca sofrera qualquer puni\u00e7\u00e3o na esfera administrativa, n\u00e3o pode ser demitido em raz\u00e3o de sua inassiduidade.<\/p>\n<p style=\"text-align: justify;\">D) Marcos Paulo, servidor p\u00fablico est\u00e1vel, n\u00e3o pode ser demitido em raz\u00e3o de sua inassiduidade, pois esta somente autoriza a aplica\u00e7\u00e3o das san\u00e7\u00f5es de advert\u00eancia e suspens\u00e3o.<\/p>\n<p style=\"text-align: justify;\"><strong><span style=\"text-decoration: underline;\">Coment\u00e1rio<\/span>: De acordo com o art. 41, \u00a71\u00ba da Constitui\u00e7\u00e3o Federal, o servidor p\u00fablico est\u00e1vel poder\u00e1 <span style=\"color: #003366;\">perder o cargo<\/span> caso atendida alguma das seguintes condi\u00e7\u00f5es:<\/strong><\/p>\n<p style=\"text-align: justify;\"><strong>I &#8211; em virtude de <span style=\"color: #003366;\">senten\u00e7a judicial transitada em julgado<\/span>;<\/strong><\/p>\n<p style=\"text-align: justify;\"><strong>II &#8211; mediante<span style=\"color: #003366;\"> processo administrativo<\/span> em que lhe seja assegurada <span style=\"color: #003366;\">ampla defesa<\/span>;<\/strong><\/p>\n<p style=\"text-align: justify;\"><strong>III &#8211; mediante procedimento de <span style=\"color: #003366;\">avalia\u00e7\u00e3o peri\u00f3dica de desempenho<\/span>, na forma de <span style=\"color: #003366;\">lei complementar<\/span>, assegurada ampla defesa.<\/strong><\/p>\n<p style=\"text-align: justify;\"><strong>Por sua vez, segundo o art. 132 da Lei 8.112\/90, a <span style=\"color: #003366;\">inassiduidade habitual constitui<\/span> infra\u00e7\u00e3o administrativa pun\u00edvel com demiss\u00e3o. Entende-se por inassiduidade habitual a falta ao servi\u00e7o, sem causa justificada, por <em>60 dias, interpoladamente<\/em>, <em>durante o per\u00edodo de 12 meses <\/em>(Lei 8.112\/90, art. 139). <\/strong><\/p>\n<p style=\"text-align: justify;\"><strong>Portanto, \u00e9 correto afirmar que Marcos Paulo, servidor p\u00fablico est\u00e1vel, ao faltar mais de 90 dias no \u00faltimo ano, cometeu a falta de inassiduidade habitual, podendo ser demitido<\/strong> <strong>ap\u00f3s decis\u00e3o em processo administrativo em que lhe seja assegurada ampla defesa.<\/strong><\/p>\n<p style=\"text-align: justify;\"><span style=\"color: #993300;\"><strong>Gabarito: alternativa \u201cb\u201d <\/strong><\/span><\/p>\n<p style=\"text-align: justify;\"><strong>32. (XVIII Exame de Ordem Unificado \u2013 2015)<\/strong> O Munic\u00edpio C est\u00e1 elaborando edital de licita\u00e7\u00e3o para a contrata\u00e7\u00e3o de servi\u00e7o de limpeza predial. A respeito do prazo de dura\u00e7\u00e3o desse contrato, assinale a afirmativa correta.<\/p>\n<p style=\"text-align: justify;\">A) O prazo de dura\u00e7\u00e3o do contrato est\u00e1 adstrito \u00e0 vig\u00eancia do respectivo cr\u00e9dito or\u00e7ament\u00e1rio, sem possibilidade de prorroga\u00e7\u00e3o.<\/p>\n<p style=\"text-align: justify;\">B) O contrato de presta\u00e7\u00e3o de servi\u00e7os pode ser celebrado pelo prazo de at\u00e9 48 meses.<\/p>\n<p style=\"text-align: justify;\">C) O contrato pode ser celebrado por prazo indeterminado, mantendo-se vigente enquanto n\u00e3o houver melhor pre\u00e7o do que o da proposta vencedora da licita\u00e7\u00e3o.<\/p>\n<p style=\"text-align: justify;\">D) O contrato poder\u00e1 ter a sua dura\u00e7\u00e3o prorrogada por iguais e sucessivos per\u00edodos com vistas \u00e0 obten\u00e7\u00e3o de pre\u00e7os e condi\u00e7\u00f5es mais vantajosas para a administra\u00e7\u00e3o, limitada a sessenta meses.<\/p>\n<p style=\"text-align: justify;\"><strong><span style=\"text-decoration: underline;\">Coment\u00e1rios<\/span>: vamos analisar cada alternativa:<\/strong><\/p>\n<p><strong> a) ERRADA. O servi\u00e7o de limpeza predial \u00e9 um servi\u00e7o de <span style=\"color: #003366;\">presta\u00e7\u00e3o continuada<\/span>. Segundo o art. 57, II da Lei 8.666\/93, os contratos de presta\u00e7\u00e3o de servi\u00e7os a serem executados de forma cont\u00ednua poder\u00e3o ter a sua dura\u00e7\u00e3o <span style=\"color: #003366;\">prorrogada<\/span> por <span style=\"color: #003366;\">iguais e sucessivos per\u00edodos<\/span> com vistas \u00e0 obten\u00e7\u00e3o de pre\u00e7os e condi\u00e7\u00f5es mais vantajosas para a administra\u00e7\u00e3o,<span style=\"color: #003366;\"> limitada a 60 meses<\/span>.<\/strong><\/p>\n<p><strong> b) ERRADA. Como afirmado acima, o contrato poder\u00e1 ser prorrogado por <span style=\"color: #003366;\">at\u00e9 60 meses<\/span>, em regra. Esse prazo, em <span style=\"color: #003366;\">car\u00e1ter excepcional<\/span>, poder\u00e1 ser prorrogado por <span style=\"color: #003366;\">mais 12 meses<\/span> (quando atinge o total de 72 meses), devendo essa prorroga\u00e7\u00e3o adicional ser devidamente justificada, sendo exigida, ainda, autoriza\u00e7\u00e3o da autoridade superior (Lei 8.666\/93, art.\u00a057, \u00a74\u00ba).<\/strong><\/p>\n<p><strong> c) ERRADA. A Lei 8.666\/1993 <span style=\"color: #003366;\">veda<\/span> a celebra\u00e7\u00e3o de contratos por prazo indeterminado (art.57, \u00a73\u00ba).<\/strong><\/p>\n<p><strong> d) CERTA. Nos termos do art. 57, II da Lei 8.666\/93.<\/strong><\/p>\n<p style=\"text-align: justify;\"><span style=\"color: #993300;\"><strong>Gabarito: alternativa \u201cd\u201d<\/strong><\/span><\/p>\n<p style=\"text-align: justify;\"><strong>33. (XVIII Exame de Ordem Unificado \u2013 2015)<\/strong> Ap\u00f3s celebrar contrato de gest\u00e3o com uma organiza\u00e7\u00e3o social, a Uni\u00e3o pretende celebrar, com a mesma organiza\u00e7\u00e3o, contrato de presta\u00e7\u00e3o de servi\u00e7os para a realiza\u00e7\u00e3o de atividades contempladas no contrato de gest\u00e3o. Com base na hip\u00f3tese apresentada, assinale a afirmativa correta.<\/p>\n<p style=\"text-align: justify;\">(A) \u00c9 obrigat\u00f3ria a realiza\u00e7\u00e3o de licita\u00e7\u00e3o para a celebra\u00e7\u00e3o do contrato de presta\u00e7\u00e3o de servi\u00e7os.<\/p>\n<p style=\"text-align: justify;\">(B) \u00c9 dispens\u00e1vel a realiza\u00e7\u00e3o de licita\u00e7\u00e3o para a celebra\u00e7\u00e3o do contrato de presta\u00e7\u00e3o de servi\u00e7os.<\/p>\n<p style=\"text-align: justify;\">(C) \u00c9 inexig\u00edvel a realiza\u00e7\u00e3o de licita\u00e7\u00e3o para a celebra\u00e7\u00e3o do contrato de presta\u00e7\u00e3o de servi\u00e7os.<\/p>\n<p style=\"text-align: justify;\">(D) N\u00e3o \u00e9 poss\u00edvel celebrar contrato de presta\u00e7\u00e3o de servi\u00e7os com entidade qualificada como organiza\u00e7\u00e3o social.<\/p>\n<p style=\"text-align: justify;\"><strong><span style=\"text-decoration: underline;\">Coment\u00e1rio<\/span>: Segundo o art. 24, XXIV da Lei 8.666\/93, a licita\u00e7\u00e3o \u00e9 <span style=\"color: #003366;\">dispens\u00e1vel<\/span> para a celebra\u00e7\u00e3o de contratos de presta\u00e7\u00e3o de servi\u00e7os com as organiza\u00e7\u00f5es sociais, qualificadas no \u00e2mbito das respectivas esferas de governo, para atividades contempladas no contrato de gest\u00e3o.<\/strong><\/p>\n<p style=\"text-align: justify;\"><span style=\"color: #993300;\"><strong>Gabarito: alternativa \u201cb\u201d <\/strong><\/span><\/p>\n<p><strong>34. (XVIII Exame de Ordem Unificado \u2013 2015)<\/strong> Ap\u00f3s dezenas de reclama\u00e7\u00f5es dos usu\u00e1rios do servi\u00e7o de transporte metrovi\u00e1rio, o Estado Y determinou a abertura de processo administrativo para verificar a presta\u00e7\u00e3o inadequada e ineficiente do servi\u00e7o por parte da empresa concession\u00e1ria. Caso se demonstre a inadimpl\u00eancia, como dever\u00e1 proceder o poder p\u00fablico concedente?<\/p>\n<p>A) Declarar, por decreto, a caducidade da concess\u00e3o.<\/p>\n<p>B) Declarar, por decreto, a encampa\u00e7\u00e3o do servi\u00e7o.<\/p>\n<p>C) Declarar, por decreto, ap\u00f3s lei autorizativa, a revoga\u00e7\u00e3o da concess\u00e3o.<\/p>\n<p>D) Declarar, por lei, a anula\u00e7\u00e3o do contrato de concess\u00e3o.<\/p>\n<p style=\"text-align: justify;\"><strong><span style=\"text-decoration: underline;\">Coment\u00e1rios<\/span>: A modalidade de extin\u00e7\u00e3o a ser observada no caso narrado \u00e9 a <span style=\"color: #003366;\">caducidade<\/span>, a qual \u00e9 declarada decorr\u00eancia da inexecu\u00e7\u00e3o total ou parcial do contrato por parte da concession\u00e1ria. Especificamente, nos termos do art. 38, \u00a71\u00ba, I da Lei 8.987\/95, a caducidade \u00e9 utilizada quando <em>\u201co servi\u00e7o estiver sendo prestado de <span style=\"color: #003366;\">forma inadequada ou deficiente<\/span>, tendo por base as normas, crit\u00e9rios, indicadores e par\u00e2metros definidores da qualidade do servi\u00e7o\u201d<\/em>.<\/strong><\/p>\n<p style=\"text-align: justify;\"><span style=\"color: #993300;\"><strong>Gabarito: alternativa \u201ca\u201d <\/strong><\/span><\/p>\n<p style=\"text-align: justify;\">\u00c9 isso. Tenho certeza de que nossos alunos tiveram um \u00f3timo desempenho!<\/p>\n<p style=\"text-align: justify;\">Abra\u00e7o!<\/p>\n<p>Confira\u00a0os <a href=\"https:\/\/www.estrategiaconcursos.com.br\/cursosPorConcurso\/exame-de-ordem-oab-146\/\" target=\"_blank\" rel=\"noopener noreferrer\">Cursos Online para OAB aqui<\/a><\/p>\n","protected":false},"excerpt":{"rendered":"<p>Ol\u00e1 pessoal, tudo bem? Seguem meus coment\u00e1rios \u00e0s quest\u00f5es de Direito Administrativo do XVIII Exame de Ordem, cuja prova OAB foi realizada no dia 29\/11. As seis quest\u00f5es foram distribu\u00eddas da seguinte forma: 2 quest\u00f5es sobre Licita\u00e7\u00f5es e Contratos. 1 quest\u00e3o sobre Improbidade Administrativa 1 quest\u00e3o sobre Organiza\u00e7\u00e3o da Administra\u00e7\u00e3o P\u00fablica 1 quest\u00e3o sobre Agentes [&hellip;]<\/p>\n","protected":false},"author":48,"featured_media":0,"comment_status":"open","ping_status":"open","sticky":false,"template":"","format":"standard","meta":{"post_tipo":"article","footnotes":""},"categories":[1],"tags":[71],"tax_estado":[219967],"class_list":["post-29702","post","type-post","status-publish","format-standard","hentry","category-cursos-e-concursos","tag-oab","tax_estado-ap"],"acf":[],"yoast_head":"<!-- This site is optimized with the Yoast SEO Premium plugin v27.2 (Yoast SEO v27.2) - https:\/\/yoast.com\/product\/yoast-seo-premium-wordpress\/ -->\n<title>Quest\u00f5es Comentadas de Direito Administrativo - Prova OAB<\/title>\n<meta name=\"description\" content=\"Prova OAB Comentada: Coment\u00e1rios \u00e0s quest\u00f5es de Direito Administrativo do XVIII Exame de Ordem.\" \/>\n<meta name=\"robots\" content=\"index, follow, max-snippet:-1, max-image-preview:large, max-video-preview:-1\" \/>\n<link rel=\"canonical\" href=\"https:\/\/www.estrategiaconcursos.com.br\/blog\/direito-administrativo-oab-xviii-exame-de-ordem-comentarios\/\" \/>\n<meta property=\"og:locale\" content=\"pt_BR\" \/>\n<meta property=\"og:type\" content=\"article\" \/>\n<meta property=\"og:title\" content=\"Quest\u00f5es Comentadas de Direito Administrativo - Prova OAB\" \/>\n<meta property=\"og:description\" content=\"Prova OAB Comentada: Coment\u00e1rios \u00e0s quest\u00f5es de Direito Administrativo do XVIII Exame de Ordem.\" \/>\n<meta property=\"og:url\" content=\"https:\/\/www.estrategiaconcursos.com.br\/blog\/direito-administrativo-oab-xviii-exame-de-ordem-comentarios\/\" \/>\n<meta property=\"og:site_name\" content=\"Estrat\u00e9gia Concursos\" \/>\n<meta property=\"article:published_time\" content=\"2015-11-30T23:38:08+00:00\" \/>\n<meta property=\"article:modified_time\" content=\"2022-12-27T19:44:40+00:00\" \/>\n<meta name=\"author\" content=\"Coordena\u00e7\u00e3o\" \/>\n<meta name=\"twitter:card\" content=\"summary_large_image\" \/>\n<meta name=\"twitter:creator\" content=\"@EstratConcursos\" \/>\n<meta name=\"twitter:site\" content=\"@EstratConcursos\" \/>\n<meta name=\"twitter:label1\" content=\"Escrito por\" \/>\n\t<meta name=\"twitter:data1\" content=\"Coordena\u00e7\u00e3o\" \/>\n\t<meta name=\"twitter:label2\" content=\"Est. tempo de leitura\" \/>\n\t<meta name=\"twitter:data2\" content=\"10 minutos\" \/>\n<script type=\"application\/ld+json\" class=\"yoast-schema-graph\">{\"@context\":\"https:\/\/schema.org\",\"@graph\":[{\"@type\":\"NewsArticle\",\"@id\":\"https:\/\/www.estrategiaconcursos.com.br\/blog\/direito-administrativo-oab-xviii-exame-de-ordem-comentarios\/#article\",\"isPartOf\":{\"@id\":\"https:\/\/www.estrategiaconcursos.com.br\/blog\/direito-administrativo-oab-xviii-exame-de-ordem-comentarios\/\"},\"author\":{\"name\":\"Coordena\u00e7\u00e3o\",\"@id\":\"https:\/\/www.estrategiaconcursos.com.br\/blog\/#\/schema\/person\/cdad40b5818eb228a838461fcd656da7\"},\"headline\":\"Quest\u00f5es Comentadas de Direito Administrativo &#8211; Prova OAB\",\"datePublished\":\"2015-11-30T23:38:08+00:00\",\"dateModified\":\"2022-12-27T19:44:40+00:00\",\"mainEntityOfPage\":{\"@id\":\"https:\/\/www.estrategiaconcursos.com.br\/blog\/direito-administrativo-oab-xviii-exame-de-ordem-comentarios\/\"},\"wordCount\":1972,\"commentCount\":1,\"publisher\":{\"@id\":\"https:\/\/www.estrategiaconcursos.com.br\/blog\/#organization\"},\"keywords\":[\"OAB\"],\"articleSection\":[\"Concursos P\u00fablicos\"],\"inLanguage\":\"pt-BR\",\"potentialAction\":[{\"@type\":\"CommentAction\",\"name\":\"Comment\",\"target\":[\"https:\/\/www.estrategiaconcursos.com.br\/blog\/direito-administrativo-oab-xviii-exame-de-ordem-comentarios\/#respond\"]}],\"copyrightYear\":\"2015\",\"copyrightHolder\":{\"@id\":\"https:\/\/www.estrategiaconcursos.com.br\/blog\/#organization\"}},{\"@type\":\"WebPage\",\"@id\":\"https:\/\/www.estrategiaconcursos.com.br\/blog\/direito-administrativo-oab-xviii-exame-de-ordem-comentarios\/\",\"url\":\"https:\/\/www.estrategiaconcursos.com.br\/blog\/direito-administrativo-oab-xviii-exame-de-ordem-comentarios\/\",\"name\":\"Quest\u00f5es Comentadas de Direito Administrativo - Prova OAB\",\"isPartOf\":{\"@id\":\"https:\/\/www.estrategiaconcursos.com.br\/blog\/#website\"},\"datePublished\":\"2015-11-30T23:38:08+00:00\",\"dateModified\":\"2022-12-27T19:44:40+00:00\",\"description\":\"Prova OAB Comentada: Coment\u00e1rios \u00e0s quest\u00f5es de Direito Administrativo do XVIII Exame de Ordem.\",\"breadcrumb\":{\"@id\":\"https:\/\/www.estrategiaconcursos.com.br\/blog\/direito-administrativo-oab-xviii-exame-de-ordem-comentarios\/#breadcrumb\"},\"inLanguage\":\"pt-BR\",\"potentialAction\":[{\"@type\":\"ReadAction\",\"target\":[\"https:\/\/www.estrategiaconcursos.com.br\/blog\/direito-administrativo-oab-xviii-exame-de-ordem-comentarios\/\"]}]},{\"@type\":\"BreadcrumbList\",\"@id\":\"https:\/\/www.estrategiaconcursos.com.br\/blog\/direito-administrativo-oab-xviii-exame-de-ordem-comentarios\/#breadcrumb\",\"itemListElement\":[{\"@type\":\"ListItem\",\"position\":1,\"name\":\"In\u00edcio\",\"item\":\"https:\/\/www.estrategiaconcursos.com.br\/blog\/\"},{\"@type\":\"ListItem\",\"position\":2,\"name\":\"Quest\u00f5es Comentadas de Direito Administrativo &#8211; Prova OAB\"}]},{\"@type\":\"WebSite\",\"@id\":\"https:\/\/www.estrategiaconcursos.com.br\/blog\/#website\",\"url\":\"https:\/\/www.estrategiaconcursos.com.br\/blog\/\",\"name\":\"Estrat\u00e9gia Concursos\",\"description\":\"O blog da Estrat\u00e9gia Concursos traz not\u00edcias sobre concursos e artigos de professores oferecendo cursos para concursos (pdf + videaulas) no site.\",\"publisher\":{\"@id\":\"https:\/\/www.estrategiaconcursos.com.br\/blog\/#organization\"},\"potentialAction\":[{\"@type\":\"SearchAction\",\"target\":{\"@type\":\"EntryPoint\",\"urlTemplate\":\"https:\/\/www.estrategiaconcursos.com.br\/blog\/?s={search_term_string}\"},\"query-input\":{\"@type\":\"PropertyValueSpecification\",\"valueRequired\":true,\"valueName\":\"search_term_string\"}}],\"inLanguage\":\"pt-BR\"},{\"@type\":\"Organization\",\"@id\":\"https:\/\/www.estrategiaconcursos.com.br\/blog\/#organization\",\"name\":\"Estrat\u00e9gia Concursos\",\"url\":\"https:\/\/www.estrategiaconcursos.com.br\/blog\/\",\"logo\":{\"@type\":\"ImageObject\",\"inLanguage\":\"pt-BR\",\"@id\":\"https:\/\/www.estrategiaconcursos.com.br\/blog\/#\/schema\/logo\/image\/\",\"url\":\"https:\/\/dhg1h5j42swfq.cloudfront.net\/2025\/06\/03203428\/logo_concursos-1.jpg\",\"contentUrl\":\"https:\/\/dhg1h5j42swfq.cloudfront.net\/2025\/06\/03203428\/logo_concursos-1.jpg\",\"width\":230,\"height\":60,\"caption\":\"Estrat\u00e9gia Concursos\"},\"image\":{\"@id\":\"https:\/\/www.estrategiaconcursos.com.br\/blog\/#\/schema\/logo\/image\/\"},\"sameAs\":[\"https:\/\/x.com\/EstratConcursos\"]},{\"@type\":\"Person\",\"@id\":\"https:\/\/www.estrategiaconcursos.com.br\/blog\/#\/schema\/person\/cdad40b5818eb228a838461fcd656da7\",\"name\":\"Coordena\u00e7\u00e3o\",\"image\":{\"@type\":\"ImageObject\",\"inLanguage\":\"pt-BR\",\"@id\":\"https:\/\/secure.gravatar.com\/avatar\/a413b22da0f5009c634f6c4586a2dbe5207074fd5becd88db5183b8069ef25e4?s=96&d=mm&r=g\",\"url\":\"https:\/\/secure.gravatar.com\/avatar\/a413b22da0f5009c634f6c4586a2dbe5207074fd5becd88db5183b8069ef25e4?s=96&d=mm&r=g\",\"contentUrl\":\"https:\/\/secure.gravatar.com\/avatar\/a413b22da0f5009c634f6c4586a2dbe5207074fd5becd88db5183b8069ef25e4?s=96&d=mm&r=g\",\"caption\":\"Coordena\u00e7\u00e3o\"},\"url\":\"https:\/\/www.estrategiaconcursos.com.br\/blog\/author\/contatoestrategiaconcursos-com-br\/\"}]}<\/script>\n<!-- \/ Yoast SEO Premium plugin. -->","yoast_head_json":{"title":"Quest\u00f5es Comentadas de Direito Administrativo - Prova OAB","description":"Prova OAB Comentada: Coment\u00e1rios \u00e0s quest\u00f5es de Direito Administrativo do XVIII Exame de Ordem.","robots":{"index":"index","follow":"follow","max-snippet":"max-snippet:-1","max-image-preview":"max-image-preview:large","max-video-preview":"max-video-preview:-1"},"canonical":"https:\/\/www.estrategiaconcursos.com.br\/blog\/direito-administrativo-oab-xviii-exame-de-ordem-comentarios\/","og_locale":"pt_BR","og_type":"article","og_title":"Quest\u00f5es Comentadas de Direito Administrativo - Prova OAB","og_description":"Prova OAB Comentada: Coment\u00e1rios \u00e0s quest\u00f5es de Direito Administrativo do XVIII Exame de Ordem.","og_url":"https:\/\/www.estrategiaconcursos.com.br\/blog\/direito-administrativo-oab-xviii-exame-de-ordem-comentarios\/","og_site_name":"Estrat\u00e9gia Concursos","article_published_time":"2015-11-30T23:38:08+00:00","article_modified_time":"2022-12-27T19:44:40+00:00","author":"Coordena\u00e7\u00e3o","twitter_card":"summary_large_image","twitter_creator":"@EstratConcursos","twitter_site":"@EstratConcursos","twitter_misc":{"Escrito por":"Coordena\u00e7\u00e3o","Est. tempo de leitura":"10 minutos"},"schema":{"@context":"https:\/\/schema.org","@graph":[{"@type":"NewsArticle","@id":"https:\/\/www.estrategiaconcursos.com.br\/blog\/direito-administrativo-oab-xviii-exame-de-ordem-comentarios\/#article","isPartOf":{"@id":"https:\/\/www.estrategiaconcursos.com.br\/blog\/direito-administrativo-oab-xviii-exame-de-ordem-comentarios\/"},"author":{"name":"Coordena\u00e7\u00e3o","@id":"https:\/\/www.estrategiaconcursos.com.br\/blog\/#\/schema\/person\/cdad40b5818eb228a838461fcd656da7"},"headline":"Quest\u00f5es Comentadas de Direito Administrativo &#8211; Prova OAB","datePublished":"2015-11-30T23:38:08+00:00","dateModified":"2022-12-27T19:44:40+00:00","mainEntityOfPage":{"@id":"https:\/\/www.estrategiaconcursos.com.br\/blog\/direito-administrativo-oab-xviii-exame-de-ordem-comentarios\/"},"wordCount":1972,"commentCount":1,"publisher":{"@id":"https:\/\/www.estrategiaconcursos.com.br\/blog\/#organization"},"keywords":["OAB"],"articleSection":["Concursos P\u00fablicos"],"inLanguage":"pt-BR","potentialAction":[{"@type":"CommentAction","name":"Comment","target":["https:\/\/www.estrategiaconcursos.com.br\/blog\/direito-administrativo-oab-xviii-exame-de-ordem-comentarios\/#respond"]}],"copyrightYear":"2015","copyrightHolder":{"@id":"https:\/\/www.estrategiaconcursos.com.br\/blog\/#organization"}},{"@type":"WebPage","@id":"https:\/\/www.estrategiaconcursos.com.br\/blog\/direito-administrativo-oab-xviii-exame-de-ordem-comentarios\/","url":"https:\/\/www.estrategiaconcursos.com.br\/blog\/direito-administrativo-oab-xviii-exame-de-ordem-comentarios\/","name":"Quest\u00f5es Comentadas de Direito Administrativo - Prova OAB","isPartOf":{"@id":"https:\/\/www.estrategiaconcursos.com.br\/blog\/#website"},"datePublished":"2015-11-30T23:38:08+00:00","dateModified":"2022-12-27T19:44:40+00:00","description":"Prova OAB Comentada: Coment\u00e1rios \u00e0s quest\u00f5es de Direito Administrativo do XVIII Exame de Ordem.","breadcrumb":{"@id":"https:\/\/www.estrategiaconcursos.com.br\/blog\/direito-administrativo-oab-xviii-exame-de-ordem-comentarios\/#breadcrumb"},"inLanguage":"pt-BR","potentialAction":[{"@type":"ReadAction","target":["https:\/\/www.estrategiaconcursos.com.br\/blog\/direito-administrativo-oab-xviii-exame-de-ordem-comentarios\/"]}]},{"@type":"BreadcrumbList","@id":"https:\/\/www.estrategiaconcursos.com.br\/blog\/direito-administrativo-oab-xviii-exame-de-ordem-comentarios\/#breadcrumb","itemListElement":[{"@type":"ListItem","position":1,"name":"In\u00edcio","item":"https:\/\/www.estrategiaconcursos.com.br\/blog\/"},{"@type":"ListItem","position":2,"name":"Quest\u00f5es Comentadas de Direito Administrativo &#8211; Prova OAB"}]},{"@type":"WebSite","@id":"https:\/\/www.estrategiaconcursos.com.br\/blog\/#website","url":"https:\/\/www.estrategiaconcursos.com.br\/blog\/","name":"Estrat\u00e9gia Concursos","description":"O blog da Estrat\u00e9gia Concursos traz not\u00edcias sobre concursos e artigos de professores oferecendo cursos para concursos (pdf + videaulas) no site.","publisher":{"@id":"https:\/\/www.estrategiaconcursos.com.br\/blog\/#organization"},"potentialAction":[{"@type":"SearchAction","target":{"@type":"EntryPoint","urlTemplate":"https:\/\/www.estrategiaconcursos.com.br\/blog\/?s={search_term_string}"},"query-input":{"@type":"PropertyValueSpecification","valueRequired":true,"valueName":"search_term_string"}}],"inLanguage":"pt-BR"},{"@type":"Organization","@id":"https:\/\/www.estrategiaconcursos.com.br\/blog\/#organization","name":"Estrat\u00e9gia Concursos","url":"https:\/\/www.estrategiaconcursos.com.br\/blog\/","logo":{"@type":"ImageObject","inLanguage":"pt-BR","@id":"https:\/\/www.estrategiaconcursos.com.br\/blog\/#\/schema\/logo\/image\/","url":"https:\/\/dhg1h5j42swfq.cloudfront.net\/2025\/06\/03203428\/logo_concursos-1.jpg","contentUrl":"https:\/\/dhg1h5j42swfq.cloudfront.net\/2025\/06\/03203428\/logo_concursos-1.jpg","width":230,"height":60,"caption":"Estrat\u00e9gia Concursos"},"image":{"@id":"https:\/\/www.estrategiaconcursos.com.br\/blog\/#\/schema\/logo\/image\/"},"sameAs":["https:\/\/x.com\/EstratConcursos"]},{"@type":"Person","@id":"https:\/\/www.estrategiaconcursos.com.br\/blog\/#\/schema\/person\/cdad40b5818eb228a838461fcd656da7","name":"Coordena\u00e7\u00e3o","image":{"@type":"ImageObject","inLanguage":"pt-BR","@id":"https:\/\/secure.gravatar.com\/avatar\/a413b22da0f5009c634f6c4586a2dbe5207074fd5becd88db5183b8069ef25e4?s=96&d=mm&r=g","url":"https:\/\/secure.gravatar.com\/avatar\/a413b22da0f5009c634f6c4586a2dbe5207074fd5becd88db5183b8069ef25e4?s=96&d=mm&r=g","contentUrl":"https:\/\/secure.gravatar.com\/avatar\/a413b22da0f5009c634f6c4586a2dbe5207074fd5becd88db5183b8069ef25e4?s=96&d=mm&r=g","caption":"Coordena\u00e7\u00e3o"},"url":"https:\/\/www.estrategiaconcursos.com.br\/blog\/author\/contatoestrategiaconcursos-com-br\/"}]}},"_links":{"self":[{"href":"https:\/\/www.estrategiaconcursos.com.br\/blog\/wp-json\/wp\/v2\/posts\/29702","targetHints":{"allow":["GET"]}}],"collection":[{"href":"https:\/\/www.estrategiaconcursos.com.br\/blog\/wp-json\/wp\/v2\/posts"}],"about":[{"href":"https:\/\/www.estrategiaconcursos.com.br\/blog\/wp-json\/wp\/v2\/types\/post"}],"author":[{"embeddable":true,"href":"https:\/\/www.estrategiaconcursos.com.br\/blog\/wp-json\/wp\/v2\/users\/48"}],"replies":[{"embeddable":true,"href":"https:\/\/www.estrategiaconcursos.com.br\/blog\/wp-json\/wp\/v2\/comments?post=29702"}],"version-history":[{"count":10,"href":"https:\/\/www.estrategiaconcursos.com.br\/blog\/wp-json\/wp\/v2\/posts\/29702\/revisions"}],"predecessor-version":[{"id":1144063,"href":"https:\/\/www.estrategiaconcursos.com.br\/blog\/wp-json\/wp\/v2\/posts\/29702\/revisions\/1144063"}],"wp:attachment":[{"href":"https:\/\/www.estrategiaconcursos.com.br\/blog\/wp-json\/wp\/v2\/media?parent=29702"}],"wp:term":[{"taxonomy":"category","embeddable":true,"href":"https:\/\/www.estrategiaconcursos.com.br\/blog\/wp-json\/wp\/v2\/categories?post=29702"},{"taxonomy":"post_tag","embeddable":true,"href":"https:\/\/www.estrategiaconcursos.com.br\/blog\/wp-json\/wp\/v2\/tags?post=29702"},{"taxonomy":"tax_estado","embeddable":true,"href":"https:\/\/www.estrategiaconcursos.com.br\/blog\/wp-json\/wp\/v2\/tax_estado?post=29702"}],"curies":[{"name":"wp","href":"https:\/\/api.w.org\/{rel}","templated":true}]}}