{"id":29656,"date":"2015-11-30T13:41:37","date_gmt":"2015-11-30T16:41:37","guid":{"rendered":"http:\/\/www.estrategiaconcursos.com.br\/blog\/?p=29656"},"modified":"2023-02-06T11:13:14","modified_gmt":"2023-02-06T14:13:14","slug":"direito-ambiental-oab-xviii-exame-de-ordem-comentarios","status":"publish","type":"post","link":"https:\/\/www.estrategiaconcursos.com.br\/blog\/direito-ambiental-oab-xviii-exame-de-ordem-comentarios\/","title":{"rendered":"Direito Ambiental OAB \u2013 XVIII Exame de Ordem [Coment\u00e1rios]"},"content":{"rendered":"<p style=\"text-align: justify;\"><em><strong>Ol\u00e1, pessoal.<\/strong><\/em><\/p>\n<p style=\"text-align: justify;\"><strong>Tudo bem?! Espero que todos tenham feito uma \u00f3tima <a href=\"https:\/\/oab.estrategia.com\/portal\/prova-oab\/\">prova OAB<\/a>!!!<\/strong><\/p>\n<p style=\"text-align: justify;\"><strong>Fa\u00e7o agora os coment\u00e1rios das duas quest\u00f5es aplicadas, neste domingo, dia 29 de novembro de 2015, no XVIII Exame de Ordem Unificado.<\/strong><\/p>\n<p style=\"text-align: justify;\"><strong>A cobran\u00e7a foi coerente, abordando dois temas importantes e muito recorrentes em provas de direito ambiental: <span style=\"color: #0000ff;\">Licenciamento Ambiental<\/span> e o <span style=\"color: #0000ff;\">Novo C\u00f3digo Florestal.<\/span><\/strong><\/p>\n<p style=\"text-align: justify;\"><strong>Esses dois temas s\u00e3o bem batidos e sempre aparecem! Abordamos exaustivamente esses assuntos em nossas aulas 3 e 5 do curso para o Exame da OAB.<\/strong><\/p>\n<p style=\"text-align: justify;\"><strong>Certamente quem estudou as aulas tirou de letra!<\/strong><\/p>\n<p style=\"text-align: justify;\"><strong>Seguem os coment\u00e1rios.<\/strong><\/p>\n<p style=\"text-align: justify;\"><strong>Prova Tipo 1 &#8211; Branca<\/strong><\/p>\n<p style=\"text-align: justify;\"><span style=\"color: #0000ff;\"><strong>Quest\u00e3o 35<\/strong><\/span><\/p>\n<p style=\"text-align: justify;\"><strong>Determinada sociedade empres\u00e1ria consulta seu advogado para obter informa\u00e7\u00f5es sobre as exig\u00eancias ambientais que possam incidir em seus projetos, especialmente no que tange \u00e0 apresenta\u00e7\u00e3o e aprova\u00e7\u00e3o de Estudo Pr\u00e9vio de Impacto Ambiental e seu respectivo Relat\u00f3rio (EIA\/RIMA). Considerando a disciplina do EIA\/RIMA pelo ordenamento jur\u00eddico, assinale a afirmativa correta.<\/strong><\/p>\n<p style=\"text-align: justify;\"><strong>A) O EIA\/RIMA \u00e9 um estudo simplificado, integrante do licenciamento ambiental, destinado a avaliar os impactos ao meio ambiente natural, n\u00e3o abordando impactos aos meios artificial e cultural, pois esses componentes, segundo pac\u00edfico entendimento doutrin\u00e1rio e jurisprudencial, n\u00e3o integram o conceito de \u201cmeio ambiente\u201d.<\/strong><\/p>\n<p style=\"text-align: justify;\"><strong>Errado.<\/strong> O Estudo de Impacto Ambiental \u00e9 um estudo complexo, elaborado por equipe multidisciplinar habilitada. O estudo de impacto ambiental desenvolver\u00e1 um diagn\u00f3stico ambiental considerando: o meio f\u00edsico (subsolo, \u00e1guas, o ar e o clima); o meio biol\u00f3gico e os ecossistemas naturais (a fauna e a flora); e o meio socioecon\u00f4mico.<\/p>\n<p style=\"text-align: justify;\">Lembrando que para fins did\u00e1ticos, a doutrina classifica o meio ambiente em meio ambiente natural; artificial; cultural; e meio ambiente do trabalho.<\/p>\n<p style=\"text-align: justify;\">Para variar um Item com diversos erros&#8230;<\/p>\n<p style=\"text-align: justify;\"><strong>B) O EIA\/RIMA \u00e9 exigido em todas as atividades e empreendimentos que possam causar impactos ambientais, devendo ser aprovado previamente \u00e0 concess\u00e3o da denominada Licen\u00e7a Ambiental Pr\u00e9via.<\/strong><\/p>\n<p style=\"text-align: justify;\"><strong>Errado.<\/strong> O EIA\/RIMA \u00e9 exigido para atividades que causem <strong><span style=\"color: #ff0000;\">SIGNIFICATIVO<\/span><\/strong> impacto ambiental, logo n\u00e3o \u00e9 para todas as atividades. Vejam o que diz o art. 225, \u00a7 1\u00ba, IV, da CF\/88: \u201cIncumbe ao Poder P\u00fablico exigir, na forma da lei, para instala\u00e7\u00e3o de obra ou atividade potencialmente causadora de <strong>significativa<\/strong> degrada\u00e7\u00e3o do meio ambiente, estudo pr\u00e9vio de impacto ambiental, a que se dar\u00e1 publicidade.\u201d<\/p>\n<p style=\"text-align: justify;\"><strong>C) O EIA\/RIMA, al\u00e9m de ser aprovado entre as Licen\u00e7as Ambientais Pr\u00e9via e de Instala\u00e7\u00e3o, tem a sua metodologia e o seu conte\u00fado regrados exclusivamente por Resolu\u00e7\u00f5es do Conselho Nacional do Meio Ambiente (CONAMA), podendo a entidade \/ o \u00f3rg\u00e3o ambiental licenciador dispens\u00e1-lo segundo crit\u00e9rios discricion\u00e1rios e independentemente de fundamenta\u00e7\u00e3o, ainda que a atividade esteja prevista em Resolu\u00e7\u00e3o CONAMA como pass\u00edvel de EIA\/RIMA.<\/strong><\/p>\n<p style=\"text-align: justify;\"><strong>Errado.<\/strong> Aqui n\u00f3s temos uma sucess\u00e3o e erros. O EIA\/RIMA \u00e9 pr\u00e9vio! Apresentado antes da concess\u00e3o das licen\u00e7as. O licenciamento n\u00e3o \u00e9 s\u00f3 disciplinado pelas Resolu\u00e7\u00f5es do CONAMA. H\u00e1 outras normas que tratam do licenciamento ambiental como a LC 140\/11. A parte final tamb\u00e9m est\u00e1 errada. N\u00e3o basta apenas um erro, a FGV coloca v\u00e1rios erros no mesmo item.<\/p>\n<p style=\"text-align: justify;\"><strong>D) O EIA-RIMA \u00e9 um instrumento de avalia\u00e7\u00e3o de impactos ambientais, de natureza preventiva, exigido para atividades\/empreendimentos n\u00e3o s\u00f3 efetiva como potencialmente capazes de causar significativa degrada\u00e7\u00e3o, sendo certo que a sua publicidade \u00e9 uma imposi\u00e7\u00e3o Constitucional (CRFB\/1988).<\/strong><\/p>\n<p style=\"text-align: justify;\"><strong>Certo.<\/strong> Consoante disp\u00f5e o art. 225, \u00a7 1\u00ba, IV, da CF\/88, incumbe ao Poder P\u00fablico exigir, na forma da lei, para instala\u00e7\u00e3o de obra ou atividade potencialmente causadora de <span style=\"text-decoration: underline;\"><span style=\"color: #ff0000;\"><strong>significativa<\/strong><\/span><\/span> degrada\u00e7\u00e3o do meio ambiente, estudo pr\u00e9vio de impacto ambiental, <strong>a que se dar\u00e1 publicidade<\/strong><\/p>\n<p style=\"text-align: justify;\"><strong>\u00a0Gabarito: Letra D.<\/strong><\/p>\n<p style=\"text-align: justify;\"><strong><span style=\"color: #0000ff;\">Quest\u00e3o 36<\/span> Jo\u00e3o acaba de adquirir dois im\u00f3veis, sendo um localizado em \u00e1rea urbana e outro, em \u00e1rea rural. Por ocasi\u00e3o da aquisi\u00e7\u00e3o de ambos os im\u00f3veis, Jo\u00e3o foi alertado pelos alienantes de que os im\u00f3veis contemplavam \u00c1reas de Preserva\u00e7\u00e3o Permanente (APP) e de que, por tal raz\u00e3o, ele deveria buscar uma orienta\u00e7\u00e3o mais especializada, caso desejasse nelas intervir. Considerando a disciplina legal das \u00c1reas de Preserva\u00e7\u00e3o Permanente (APP), bem como as poss\u00edveis preocupa\u00e7\u00f5es gerais de Jo\u00e3o, assinale a afirmativa correta.<\/strong><\/p>\n<p style=\"text-align: justify;\"><strong>A) As APPs n\u00e3o s\u00e3o pass\u00edveis de interven\u00e7\u00e3o e utiliza\u00e7\u00e3o, salvo decis\u00e3o administrativa em sentido contr\u00e1rio de \u00f3rg\u00e3o estadual integrante do Sistema Nacional de Meio Ambiente \u2013 SISNAMA, uma vez que n\u00e3o h\u00e1 preceitos legais abstratamente prevendo exce\u00e7\u00f5es \u00e0 sua preserva\u00e7\u00e3o absoluta e integral.<\/strong><\/p>\n<p style=\"text-align: justify;\"><strong>Errado.<\/strong> A interven\u00e7\u00e3o ou a supress\u00e3o de vegeta\u00e7\u00e3o nativa em \u00c1rea de Preserva\u00e7\u00e3o Permanente pode ocorrer sim, nas hip\u00f3teses de utilidade p\u00fablica, de interesse social ou de baixo impacto ambiental. Lembrando que a supress\u00e3o de vegeta\u00e7\u00e3o nativa protetora de nascentes, dunas e restingas somente poder\u00e1 ser autorizada em caso de utilidade p\u00fablica.<\/p>\n<p style=\"text-align: justify;\"><strong>B) As hip\u00f3teses legais de APP, com o advento do denominado \u201cNovo C\u00f3digo Florestal\u201d \u2013 Lei n\u00ba 12.651\/2012 \u2013, foram abolidas em \u00e2mbito federal, subsistindo apenas nos casos em que os Estados e Munic\u00edpios assim as exijam legalmente.<\/strong><\/p>\n<p style=\"text-align: justify;\"><strong>Errado.<\/strong> Ris\u00edvel! Um dos temas mais pol\u00eamicos do novo c\u00f3digo foram as disposi\u00e7\u00f5es sobre as APPs. L\u00f3gico que elas <strong><span style=\"text-decoration: underline; color: #ff0000;\"><span style=\"text-decoration: underline;\">n\u00e3o<\/span><\/span><\/strong> foram abolidas! Item absurdo.<\/p>\n<p style=\"text-align: justify;\"><strong>C) As APPs s\u00e3o espa\u00e7os territoriais especialmente protegidos, comportando exce\u00e7\u00f5es legais para fins de interven\u00e7\u00e3o, sendo certo que os Estados e os Munic\u00edpios podem prever outras hip\u00f3teses de APP al\u00e9m daquelas dispostas em normas gerais, inclusive em suas Constitui\u00e7\u00f5es Estaduais e Leis Org\u00e2nicas, sendo que a supress\u00e3o irregular da vegeta\u00e7\u00e3o nela situada gera a obriga\u00e7\u00e3o do propriet\u00e1rio, possuidor ou ocupante a qualquer t\u00edtulo de promover a sua recomposi\u00e7\u00e3o, obriga\u00e7\u00e3o esta de natureza propter rem.<\/strong><\/p>\n<p style=\"text-align: justify;\"><strong>Certo.<\/strong> Sim. A APPs s\u00e3o espa\u00e7os territoriais especialmente protegidos, assim como, por exemplo, as Reservas Legais, e as Unidades de Conserva\u00e7\u00e3o tamb\u00e9m s\u00e3o. Espa\u00e7o territorial especialmente protegido \u00e9 o g\u00eanero, o termo mais amplo, o hiper\u00f4nimo.<\/p>\n<p style=\"text-align: justify;\">As obriga\u00e7\u00f5es previstas no c\u00f3digo florestal t\u00eam natureza real e s\u00e3o transmitidas ao sucessor, de qualquer natureza, no caso de transfer\u00eancia de dom\u00ednio ou posse do im\u00f3vel rural. \u00c9 a <strong>obriga\u00e7\u00e3o\u00a0<em>propter rem<\/em><\/strong>, ou seja, aquela que recai sobre uma pessoa em raz\u00e3o da sua qualidade de propriet\u00e1rio ou de titular de um direito real sobre um bem.<\/p>\n<p style=\"text-align: justify;\">A obriga\u00e7\u00e3o\u00a0<em>propter rem<\/em>\u00a0segue o bem ou a coisa, passando do antigo propriet\u00e1rio ao novo. A obriga\u00e7\u00e3o\u00a0<em>propter rem<\/em>\u00a0\u00e9 transmitida juntamente com a propriedade, e o seu cumprimento \u00e9 da responsabilidade do titular, independentemente de ter origem anterior \u00e0 transmiss\u00e3o do dom\u00ednio.<\/p>\n<p style=\"text-align: justify;\">Al\u00e9m disso, todos os entes da federa\u00e7\u00e3o podem ter normas sobre florestas.<\/p>\n<p style=\"text-align: justify;\"><strong>D) As APPs, assim como as reservas legais, n\u00e3o se aplicam \u00e0s \u00e1reas urbanas, sendo certo que a Lei Federal n\u00ba 12.651\/2012 (\u201cNovo C\u00f3digo Florestal\u201d), apesar de ter trazido significativas mudan\u00e7as no seu regime, garantiu as APPs para os im\u00f3veis rurais com mais de 100 hectares.<\/strong><\/p>\n<p style=\"text-align: justify;\"><strong>Errado. <span style=\"color: #ff0000;\">ATEN\u00c7\u00c3O!<\/span><\/strong><\/p>\n<p style=\"text-align: justify;\"><strong>APP<\/strong> \u00e9 uma \u00e1rea protegida em<strong> im\u00f3vel rural e urbano.<\/strong><\/p>\n<p style=\"text-align: justify;\"><strong>Reserva Leg<span style=\"text-decoration: underline;\">al<\/span><\/strong> \u00e9 uma \u00e1rea localizada no interior de uma <strong>propriedade ou posse rur<span style=\"text-decoration: underline;\">al<\/span>.<\/strong><\/p>\n<p style=\"text-align: justify;\">Logo, o item est\u00e1 errado, pois APP aplica-se sim \u00e0s \u00e1reas urbanas.<\/p>\n<p style=\"text-align: justify;\">Gabarito: Letra C.<\/p>\n<p style=\"text-align: justify;\"><strong>Assine o nosso canal no Youtube:<\/strong><br \/>\n<a href=\"https:\/\/www.youtube.com\/channel\/UC5RVvVo1Hu5kBHdT62ciYTw\" target=\"_blank\" rel=\"noopener noreferrer\">https:\/\/www.youtube.com\/channel\/UC5RVvVo1Hu5kBHdT62ciYTw<\/a><\/p>\n<p style=\"text-align: justify;\"><strong>Curta a nossa Fanpage:<\/strong><br \/>\n<a href=\"http:\/\/pt-br.facebook.com\/rosenvaljr\" target=\"_blank\" rel=\"noopener noreferrer\">https:\/\/pt-br.facebook.com\/rosenvaljr<\/a><\/p>\n<p><strong>Conhe\u00e7a nossos cursos:<\/strong><br \/>\n<a href=\"https:\/\/www.estrategiaconcursos.com.br\/cursosPorProfessor\/rosenval-junior-3244\/\" target=\"_blank\" rel=\"noopener noreferrer\">https:\/\/www.estrategiaconcursos.com.br\/cursosPorProfessor\/rosenval-junior-3244\/<\/a><\/p>\n<p style=\"text-align: justify;\"><strong>Sucesso, meus amigos.<\/strong><\/p>\n<p style=\"text-align: justify;\"><strong>Grande abra\u00e7o.<\/strong><\/p>\n<p style=\"text-align: justify;\"><strong>Prof. Rosenval<\/strong><\/p>\n","protected":false},"excerpt":{"rendered":"<p>Ol\u00e1, pessoal. Tudo bem?! Espero que todos tenham feito uma \u00f3tima prova OAB!!! Fa\u00e7o agora os coment\u00e1rios das duas quest\u00f5es aplicadas, neste domingo, dia 29 de novembro de 2015, no XVIII Exame de Ordem Unificado. A cobran\u00e7a foi coerente, abordando dois temas importantes e muito recorrentes em provas de direito ambiental: Licenciamento Ambiental e o [&hellip;]<\/p>\n","protected":false},"author":73,"featured_media":0,"comment_status":"open","ping_status":"open","sticky":false,"template":"","format":"standard","meta":{"post_tipo":"article","footnotes":""},"categories":[1],"tags":[579,1116,304,71,1117],"tax_estado":[219968],"class_list":["post-29656","post","type-post","status-publish","format-standard","hentry","category-cursos-e-concursos","tag-direito-ambiental","tag-exame-de-ordem","tag-fgv","tag-oab","tag-ula","tax_estado-ba"],"acf":[],"yoast_head":"<!-- This site is optimized with the Yoast SEO Premium plugin v27.2 (Yoast SEO v27.2) - https:\/\/yoast.com\/product\/yoast-seo-premium-wordpress\/ -->\n<title>Direito Ambiental OAB \u2013 XVIII Exame de Ordem [Coment\u00e1rios]<\/title>\n<meta name=\"description\" content=\"direito ambiental exame de ordem oab fgv\" \/>\n<meta name=\"robots\" content=\"index, follow, max-snippet:-1, max-image-preview:large, max-video-preview:-1\" \/>\n<link rel=\"canonical\" href=\"https:\/\/www.estrategiaconcursos.com.br\/blog\/direito-ambiental-oab-xviii-exame-de-ordem-comentarios\/\" \/>\n<meta property=\"og:locale\" content=\"pt_BR\" \/>\n<meta property=\"og:type\" content=\"article\" \/>\n<meta property=\"og:title\" content=\"Direito Ambiental OAB \u2013 XVIII Exame de Ordem [Coment\u00e1rios]\" \/>\n<meta property=\"og:description\" content=\"direito ambiental exame de ordem oab fgv\" \/>\n<meta property=\"og:url\" content=\"https:\/\/www.estrategiaconcursos.com.br\/blog\/direito-ambiental-oab-xviii-exame-de-ordem-comentarios\/\" \/>\n<meta property=\"og:site_name\" content=\"Estrat\u00e9gia Concursos\" \/>\n<meta property=\"article:author\" content=\"https:\/\/www.facebook.com\/rosenvaljr\" \/>\n<meta property=\"article:published_time\" content=\"2015-11-30T16:41:37+00:00\" \/>\n<meta property=\"article:modified_time\" content=\"2023-02-06T14:13:14+00:00\" \/>\n<meta name=\"author\" content=\"Rosenval J\u00fanior\" \/>\n<meta name=\"twitter:card\" content=\"summary_large_image\" \/>\n<meta name=\"twitter:creator\" content=\"@EstratConcursos\" \/>\n<meta name=\"twitter:site\" content=\"@EstratConcursos\" \/>\n<meta name=\"twitter:label1\" content=\"Escrito por\" \/>\n\t<meta name=\"twitter:data1\" content=\"Rosenval J\u00fanior\" \/>\n\t<meta name=\"twitter:label2\" content=\"Est. tempo de leitura\" \/>\n\t<meta name=\"twitter:data2\" content=\"6 minutos\" \/>\n<script type=\"application\/ld+json\" class=\"yoast-schema-graph\">{\"@context\":\"https:\/\/schema.org\",\"@graph\":[{\"@type\":\"NewsArticle\",\"@id\":\"https:\/\/www.estrategiaconcursos.com.br\/blog\/direito-ambiental-oab-xviii-exame-de-ordem-comentarios\/#article\",\"isPartOf\":{\"@id\":\"https:\/\/www.estrategiaconcursos.com.br\/blog\/direito-ambiental-oab-xviii-exame-de-ordem-comentarios\/\"},\"author\":{\"name\":\"Rosenval J\u00fanior\",\"@id\":\"https:\/\/www.estrategiaconcursos.com.br\/blog\/#\/schema\/person\/3489eb8fb39ff11193689cf7762b03b0\"},\"headline\":\"Direito Ambiental OAB \u2013 XVIII Exame de Ordem [Coment\u00e1rios]\",\"datePublished\":\"2015-11-30T16:41:37+00:00\",\"dateModified\":\"2023-02-06T14:13:14+00:00\",\"mainEntityOfPage\":{\"@id\":\"https:\/\/www.estrategiaconcursos.com.br\/blog\/direito-ambiental-oab-xviii-exame-de-ordem-comentarios\/\"},\"wordCount\":1302,\"commentCount\":0,\"publisher\":{\"@id\":\"https:\/\/www.estrategiaconcursos.com.br\/blog\/#organization\"},\"keywords\":[\"Direito Ambiental\",\"Exame de Ordem\",\"FGV\",\"OAB\",\"ula\"],\"articleSection\":[\"Concursos P\u00fablicos\"],\"inLanguage\":\"pt-BR\",\"potentialAction\":[{\"@type\":\"CommentAction\",\"name\":\"Comment\",\"target\":[\"https:\/\/www.estrategiaconcursos.com.br\/blog\/direito-ambiental-oab-xviii-exame-de-ordem-comentarios\/#respond\"]}],\"copyrightYear\":\"2015\",\"copyrightHolder\":{\"@id\":\"https:\/\/www.estrategiaconcursos.com.br\/blog\/#organization\"}},{\"@type\":\"WebPage\",\"@id\":\"https:\/\/www.estrategiaconcursos.com.br\/blog\/direito-ambiental-oab-xviii-exame-de-ordem-comentarios\/\",\"url\":\"https:\/\/www.estrategiaconcursos.com.br\/blog\/direito-ambiental-oab-xviii-exame-de-ordem-comentarios\/\",\"name\":\"Direito Ambiental OAB \u2013 XVIII Exame de Ordem [Coment\u00e1rios]\",\"isPartOf\":{\"@id\":\"https:\/\/www.estrategiaconcursos.com.br\/blog\/#website\"},\"datePublished\":\"2015-11-30T16:41:37+00:00\",\"dateModified\":\"2023-02-06T14:13:14+00:00\",\"description\":\"direito ambiental exame de ordem oab fgv\",\"breadcrumb\":{\"@id\":\"https:\/\/www.estrategiaconcursos.com.br\/blog\/direito-ambiental-oab-xviii-exame-de-ordem-comentarios\/#breadcrumb\"},\"inLanguage\":\"pt-BR\",\"potentialAction\":[{\"@type\":\"ReadAction\",\"target\":[\"https:\/\/www.estrategiaconcursos.com.br\/blog\/direito-ambiental-oab-xviii-exame-de-ordem-comentarios\/\"]}]},{\"@type\":\"BreadcrumbList\",\"@id\":\"https:\/\/www.estrategiaconcursos.com.br\/blog\/direito-ambiental-oab-xviii-exame-de-ordem-comentarios\/#breadcrumb\",\"itemListElement\":[{\"@type\":\"ListItem\",\"position\":1,\"name\":\"In\u00edcio\",\"item\":\"https:\/\/www.estrategiaconcursos.com.br\/blog\/\"},{\"@type\":\"ListItem\",\"position\":2,\"name\":\"Direito Ambiental OAB \u2013 XVIII Exame de Ordem [Coment\u00e1rios]\"}]},{\"@type\":\"WebSite\",\"@id\":\"https:\/\/www.estrategiaconcursos.com.br\/blog\/#website\",\"url\":\"https:\/\/www.estrategiaconcursos.com.br\/blog\/\",\"name\":\"Estrat\u00e9gia Concursos\",\"description\":\"O blog da Estrat\u00e9gia Concursos traz not\u00edcias sobre concursos e artigos de professores oferecendo cursos para concursos (pdf + videaulas) no site.\",\"publisher\":{\"@id\":\"https:\/\/www.estrategiaconcursos.com.br\/blog\/#organization\"},\"potentialAction\":[{\"@type\":\"SearchAction\",\"target\":{\"@type\":\"EntryPoint\",\"urlTemplate\":\"https:\/\/www.estrategiaconcursos.com.br\/blog\/?s={search_term_string}\"},\"query-input\":{\"@type\":\"PropertyValueSpecification\",\"valueRequired\":true,\"valueName\":\"search_term_string\"}}],\"inLanguage\":\"pt-BR\"},{\"@type\":\"Organization\",\"@id\":\"https:\/\/www.estrategiaconcursos.com.br\/blog\/#organization\",\"name\":\"Estrat\u00e9gia Concursos\",\"url\":\"https:\/\/www.estrategiaconcursos.com.br\/blog\/\",\"logo\":{\"@type\":\"ImageObject\",\"inLanguage\":\"pt-BR\",\"@id\":\"https:\/\/www.estrategiaconcursos.com.br\/blog\/#\/schema\/logo\/image\/\",\"url\":\"https:\/\/dhg1h5j42swfq.cloudfront.net\/2025\/06\/03203428\/logo_concursos-1.jpg\",\"contentUrl\":\"https:\/\/dhg1h5j42swfq.cloudfront.net\/2025\/06\/03203428\/logo_concursos-1.jpg\",\"width\":230,\"height\":60,\"caption\":\"Estrat\u00e9gia Concursos\"},\"image\":{\"@id\":\"https:\/\/www.estrategiaconcursos.com.br\/blog\/#\/schema\/logo\/image\/\"},\"sameAs\":[\"https:\/\/x.com\/EstratConcursos\"]},{\"@type\":\"Person\",\"@id\":\"https:\/\/www.estrategiaconcursos.com.br\/blog\/#\/schema\/person\/3489eb8fb39ff11193689cf7762b03b0\",\"name\":\"Rosenval J\u00fanior\",\"image\":{\"@type\":\"ImageObject\",\"inLanguage\":\"pt-BR\",\"@id\":\"https:\/\/secure.gravatar.com\/avatar\/dc38e7bcadccb99c8a28b35b027bdc6b8b6a65ee938a25ed335e3e31eed462e0?s=96&d=mm&r=g\",\"url\":\"https:\/\/secure.gravatar.com\/avatar\/dc38e7bcadccb99c8a28b35b027bdc6b8b6a65ee938a25ed335e3e31eed462e0?s=96&d=mm&r=g\",\"contentUrl\":\"https:\/\/secure.gravatar.com\/avatar\/dc38e7bcadccb99c8a28b35b027bdc6b8b6a65ee938a25ed335e3e31eed462e0?s=96&d=mm&r=g\",\"caption\":\"Rosenval J\u00fanior\"},\"description\":\"Graduado pela Universidade Federal de Vi\u00e7osa - UFV. P\u00f3s-graduado em Direito Ambiental. Graduado tamb\u00e9m em Gest\u00e3o Ambiental, com tr\u00eas especializa\u00e7\u00f5es na \u00e1rea ambiental. Mestrando em Engenharia Ambiental. Servidor p\u00fablico do Minist\u00e9rio da Justi\u00e7a e professor de Direito Ambiental, Meio Ambiente, Direito Agr\u00e1rio e Direito Urban\u00edstico para concursos p\u00fablicos. Professor de Direito Ambiental para o Exame de Ordem. Aprovado em 15 concursos p\u00fablicos na \u00e1rea de Meio Ambiente como Analista Ambiental do Instituto Brasileiro do Meio Ambiente e dos Recursos Naturais Renov\u00e1veis - IBAMA; Analista Pericial - Especialidade Engenharia Florestal do Minist\u00e9rio P\u00fablico da Uni\u00e3o - MPU; Analista de Infraestrutura - \u00c1rea de Especializa\u00e7\u00e3o Ambiental do Departamento Nacional de Infraestrutura de Transportes - DNIT; Especialista em Regula\u00e7\u00e3o - \u00c1rea Engenharia Ambiental e Engenharia Florestal, com \u00eanfase em Meio Ambiente da Ag\u00eancia Nacional de Transportes Terrestres - ANTT; Consultor Legislativo em Meio Ambiente e Direito Ambiental, Organiza\u00e7\u00e3o Territorial, Desenvolvimento Urbano e Regional da C\u00e2mara dos Deputados; entre outros. Autor do livro \\\"Direito Ambiental para Concursos e Exame de Ordem\\\", Editora Juru\u00e1. Iniciou sua carreira no servi\u00e7o p\u00fablico federal em 2006, quando obteve aprova\u00e7\u00e3o em 1\u00b0 lugar para o cargo de engenheiro florestal da Casa Civil da Presid\u00eancia da Rep\u00fablica\/Arquivo Nacional. Alguns concursos em que foi aprovado: 1\u00b0 lugar para Analista do Minist\u00e9rio P\u00fablico de MG; 1\u00ba lugar para Engenheiro da Casa Civil da Presid\u00eancia da Rep\u00fablica; 1\u00b0 lugar para T\u00e9cnico em Recursos Naturais \u2013 n\u00edvel II \u2013 \u00c1rea Engenharia Florestal do IDAF; 2\u00b0 lugar para Analista Pericial do Minist\u00e9rio P\u00fablico da Uni\u00e3o - MPU; 2\u00b0 lugar para Analista em Reforma e Desenvolvimento Agr\u00e1rio do INCRA; 7\u00ba lugar Engenheiro J\u00fanior da Caixa Econ\u00f4mica Federal; 10\u00ba lugar para Analista Ambiental do Instituto Estadual de Florestas - IEF\/MG; 6\u00ba lugar para Analista de Infraestrutura (\u00c1rea de Especializa\u00e7\u00e3o Ambiental) do Departamento Nacional de Infraestrutura de Transportes \u2013 DNIT (Prova objetiva e discursiva); 2\u00b0 lugar para Perito Criminal da Pol\u00edcia Civil do Estado do Rio de Janeiro \u2013PCERJ (Resultado na Prova objetiva, TAF, Avalia\u00e7\u00e3o M\u00e9dica, e Psicot\u00e9cnico); 10\u00ba lugar para Perito Criminal da Pol\u00edcia Federal \u2013 DPF \u2013 \u00c1rea 9 (Resultado definitivo na prova objetiva e discursiva); 2\u00b0 lugar para Analista Ambiental do Instituto Brasileiro do Meio Ambiente e dos Recursos Naturais Renov\u00e1veis \u2013 IBAMA (Prova objetiva e discursiva); 1\u00b0 lugar para Especialista em Regula\u00e7\u00e3o Engenharia Ambiental e Engenharia Florestal (com \u00eanfase em meio ambiente) da Ag\u00eancia Nacional de Transportes Terrestres - ANTT (Resultado da prova objetiva, discursiva e de t\u00edtulos); 10\u00ba lugar para Consultor Legislativo em Meio Ambiente e Direito Ambiental, Organiza\u00e7\u00e3o Territorial, Desenvolvimento Urbano e Regional da C\u00e2mara dos Deputados. (Resultado da prova objetiva, discursiva e de t\u00edtulos) Entre em contato comigo pelo facebook e pelo Youtube. Basta colocar na busca: Rosenval J\u00fanior. Ou copiar e colar o endere\u00e7o: www.facebook.com\/rosenvaljr Acesse o meu site e saiba mais: www.aprendadireitoambiental.com.br\",\"sameAs\":[\"http:\/\/www.aprendadireitoambiental.com.br\",\"https:\/\/www.facebook.com\/rosenvaljr\"],\"url\":\"https:\/\/www.estrategiaconcursos.com.br\/blog\/author\/rosenvaljuniorestrategiaconcursos-com-br\/\"}]}<\/script>\n<!-- \/ Yoast SEO Premium plugin. -->","yoast_head_json":{"title":"Direito Ambiental OAB \u2013 XVIII Exame de Ordem [Coment\u00e1rios]","description":"direito ambiental exame de ordem oab fgv","robots":{"index":"index","follow":"follow","max-snippet":"max-snippet:-1","max-image-preview":"max-image-preview:large","max-video-preview":"max-video-preview:-1"},"canonical":"https:\/\/www.estrategiaconcursos.com.br\/blog\/direito-ambiental-oab-xviii-exame-de-ordem-comentarios\/","og_locale":"pt_BR","og_type":"article","og_title":"Direito Ambiental OAB \u2013 XVIII Exame de Ordem [Coment\u00e1rios]","og_description":"direito ambiental exame de ordem oab fgv","og_url":"https:\/\/www.estrategiaconcursos.com.br\/blog\/direito-ambiental-oab-xviii-exame-de-ordem-comentarios\/","og_site_name":"Estrat\u00e9gia Concursos","article_author":"https:\/\/www.facebook.com\/rosenvaljr","article_published_time":"2015-11-30T16:41:37+00:00","article_modified_time":"2023-02-06T14:13:14+00:00","author":"Rosenval J\u00fanior","twitter_card":"summary_large_image","twitter_creator":"@EstratConcursos","twitter_site":"@EstratConcursos","twitter_misc":{"Escrito por":"Rosenval J\u00fanior","Est. tempo de leitura":"6 minutos"},"schema":{"@context":"https:\/\/schema.org","@graph":[{"@type":"NewsArticle","@id":"https:\/\/www.estrategiaconcursos.com.br\/blog\/direito-ambiental-oab-xviii-exame-de-ordem-comentarios\/#article","isPartOf":{"@id":"https:\/\/www.estrategiaconcursos.com.br\/blog\/direito-ambiental-oab-xviii-exame-de-ordem-comentarios\/"},"author":{"name":"Rosenval J\u00fanior","@id":"https:\/\/www.estrategiaconcursos.com.br\/blog\/#\/schema\/person\/3489eb8fb39ff11193689cf7762b03b0"},"headline":"Direito Ambiental OAB \u2013 XVIII Exame de Ordem [Coment\u00e1rios]","datePublished":"2015-11-30T16:41:37+00:00","dateModified":"2023-02-06T14:13:14+00:00","mainEntityOfPage":{"@id":"https:\/\/www.estrategiaconcursos.com.br\/blog\/direito-ambiental-oab-xviii-exame-de-ordem-comentarios\/"},"wordCount":1302,"commentCount":0,"publisher":{"@id":"https:\/\/www.estrategiaconcursos.com.br\/blog\/#organization"},"keywords":["Direito Ambiental","Exame de Ordem","FGV","OAB","ula"],"articleSection":["Concursos P\u00fablicos"],"inLanguage":"pt-BR","potentialAction":[{"@type":"CommentAction","name":"Comment","target":["https:\/\/www.estrategiaconcursos.com.br\/blog\/direito-ambiental-oab-xviii-exame-de-ordem-comentarios\/#respond"]}],"copyrightYear":"2015","copyrightHolder":{"@id":"https:\/\/www.estrategiaconcursos.com.br\/blog\/#organization"}},{"@type":"WebPage","@id":"https:\/\/www.estrategiaconcursos.com.br\/blog\/direito-ambiental-oab-xviii-exame-de-ordem-comentarios\/","url":"https:\/\/www.estrategiaconcursos.com.br\/blog\/direito-ambiental-oab-xviii-exame-de-ordem-comentarios\/","name":"Direito Ambiental OAB \u2013 XVIII Exame de Ordem [Coment\u00e1rios]","isPartOf":{"@id":"https:\/\/www.estrategiaconcursos.com.br\/blog\/#website"},"datePublished":"2015-11-30T16:41:37+00:00","dateModified":"2023-02-06T14:13:14+00:00","description":"direito ambiental exame de ordem oab fgv","breadcrumb":{"@id":"https:\/\/www.estrategiaconcursos.com.br\/blog\/direito-ambiental-oab-xviii-exame-de-ordem-comentarios\/#breadcrumb"},"inLanguage":"pt-BR","potentialAction":[{"@type":"ReadAction","target":["https:\/\/www.estrategiaconcursos.com.br\/blog\/direito-ambiental-oab-xviii-exame-de-ordem-comentarios\/"]}]},{"@type":"BreadcrumbList","@id":"https:\/\/www.estrategiaconcursos.com.br\/blog\/direito-ambiental-oab-xviii-exame-de-ordem-comentarios\/#breadcrumb","itemListElement":[{"@type":"ListItem","position":1,"name":"In\u00edcio","item":"https:\/\/www.estrategiaconcursos.com.br\/blog\/"},{"@type":"ListItem","position":2,"name":"Direito Ambiental OAB \u2013 XVIII Exame de Ordem [Coment\u00e1rios]"}]},{"@type":"WebSite","@id":"https:\/\/www.estrategiaconcursos.com.br\/blog\/#website","url":"https:\/\/www.estrategiaconcursos.com.br\/blog\/","name":"Estrat\u00e9gia Concursos","description":"O blog da Estrat\u00e9gia Concursos traz not\u00edcias sobre concursos e artigos de professores oferecendo cursos para concursos (pdf + videaulas) no site.","publisher":{"@id":"https:\/\/www.estrategiaconcursos.com.br\/blog\/#organization"},"potentialAction":[{"@type":"SearchAction","target":{"@type":"EntryPoint","urlTemplate":"https:\/\/www.estrategiaconcursos.com.br\/blog\/?s={search_term_string}"},"query-input":{"@type":"PropertyValueSpecification","valueRequired":true,"valueName":"search_term_string"}}],"inLanguage":"pt-BR"},{"@type":"Organization","@id":"https:\/\/www.estrategiaconcursos.com.br\/blog\/#organization","name":"Estrat\u00e9gia Concursos","url":"https:\/\/www.estrategiaconcursos.com.br\/blog\/","logo":{"@type":"ImageObject","inLanguage":"pt-BR","@id":"https:\/\/www.estrategiaconcursos.com.br\/blog\/#\/schema\/logo\/image\/","url":"https:\/\/dhg1h5j42swfq.cloudfront.net\/2025\/06\/03203428\/logo_concursos-1.jpg","contentUrl":"https:\/\/dhg1h5j42swfq.cloudfront.net\/2025\/06\/03203428\/logo_concursos-1.jpg","width":230,"height":60,"caption":"Estrat\u00e9gia Concursos"},"image":{"@id":"https:\/\/www.estrategiaconcursos.com.br\/blog\/#\/schema\/logo\/image\/"},"sameAs":["https:\/\/x.com\/EstratConcursos"]},{"@type":"Person","@id":"https:\/\/www.estrategiaconcursos.com.br\/blog\/#\/schema\/person\/3489eb8fb39ff11193689cf7762b03b0","name":"Rosenval J\u00fanior","image":{"@type":"ImageObject","inLanguage":"pt-BR","@id":"https:\/\/secure.gravatar.com\/avatar\/dc38e7bcadccb99c8a28b35b027bdc6b8b6a65ee938a25ed335e3e31eed462e0?s=96&d=mm&r=g","url":"https:\/\/secure.gravatar.com\/avatar\/dc38e7bcadccb99c8a28b35b027bdc6b8b6a65ee938a25ed335e3e31eed462e0?s=96&d=mm&r=g","contentUrl":"https:\/\/secure.gravatar.com\/avatar\/dc38e7bcadccb99c8a28b35b027bdc6b8b6a65ee938a25ed335e3e31eed462e0?s=96&d=mm&r=g","caption":"Rosenval J\u00fanior"},"description":"Graduado pela Universidade Federal de Vi\u00e7osa - UFV. P\u00f3s-graduado em Direito Ambiental. Graduado tamb\u00e9m em Gest\u00e3o Ambiental, com tr\u00eas especializa\u00e7\u00f5es na \u00e1rea ambiental. Mestrando em Engenharia Ambiental. Servidor p\u00fablico do Minist\u00e9rio da Justi\u00e7a e professor de Direito Ambiental, Meio Ambiente, Direito Agr\u00e1rio e Direito Urban\u00edstico para concursos p\u00fablicos. Professor de Direito Ambiental para o Exame de Ordem. Aprovado em 15 concursos p\u00fablicos na \u00e1rea de Meio Ambiente como Analista Ambiental do Instituto Brasileiro do Meio Ambiente e dos Recursos Naturais Renov\u00e1veis - IBAMA; Analista Pericial - Especialidade Engenharia Florestal do Minist\u00e9rio P\u00fablico da Uni\u00e3o - MPU; Analista de Infraestrutura - \u00c1rea de Especializa\u00e7\u00e3o Ambiental do Departamento Nacional de Infraestrutura de Transportes - DNIT; Especialista em Regula\u00e7\u00e3o - \u00c1rea Engenharia Ambiental e Engenharia Florestal, com \u00eanfase em Meio Ambiente da Ag\u00eancia Nacional de Transportes Terrestres - ANTT; Consultor Legislativo em Meio Ambiente e Direito Ambiental, Organiza\u00e7\u00e3o Territorial, Desenvolvimento Urbano e Regional da C\u00e2mara dos Deputados; entre outros. Autor do livro \"Direito Ambiental para Concursos e Exame de Ordem\", Editora Juru\u00e1. Iniciou sua carreira no servi\u00e7o p\u00fablico federal em 2006, quando obteve aprova\u00e7\u00e3o em 1\u00b0 lugar para o cargo de engenheiro florestal da Casa Civil da Presid\u00eancia da Rep\u00fablica\/Arquivo Nacional. Alguns concursos em que foi aprovado: 1\u00b0 lugar para Analista do Minist\u00e9rio P\u00fablico de MG; 1\u00ba lugar para Engenheiro da Casa Civil da Presid\u00eancia da Rep\u00fablica; 1\u00b0 lugar para T\u00e9cnico em Recursos Naturais \u2013 n\u00edvel II \u2013 \u00c1rea Engenharia Florestal do IDAF; 2\u00b0 lugar para Analista Pericial do Minist\u00e9rio P\u00fablico da Uni\u00e3o - MPU; 2\u00b0 lugar para Analista em Reforma e Desenvolvimento Agr\u00e1rio do INCRA; 7\u00ba lugar Engenheiro J\u00fanior da Caixa Econ\u00f4mica Federal; 10\u00ba lugar para Analista Ambiental do Instituto Estadual de Florestas - IEF\/MG; 6\u00ba lugar para Analista de Infraestrutura (\u00c1rea de Especializa\u00e7\u00e3o Ambiental) do Departamento Nacional de Infraestrutura de Transportes \u2013 DNIT (Prova objetiva e discursiva); 2\u00b0 lugar para Perito Criminal da Pol\u00edcia Civil do Estado do Rio de Janeiro \u2013PCERJ (Resultado na Prova objetiva, TAF, Avalia\u00e7\u00e3o M\u00e9dica, e Psicot\u00e9cnico); 10\u00ba lugar para Perito Criminal da Pol\u00edcia Federal \u2013 DPF \u2013 \u00c1rea 9 (Resultado definitivo na prova objetiva e discursiva); 2\u00b0 lugar para Analista Ambiental do Instituto Brasileiro do Meio Ambiente e dos Recursos Naturais Renov\u00e1veis \u2013 IBAMA (Prova objetiva e discursiva); 1\u00b0 lugar para Especialista em Regula\u00e7\u00e3o Engenharia Ambiental e Engenharia Florestal (com \u00eanfase em meio ambiente) da Ag\u00eancia Nacional de Transportes Terrestres - ANTT (Resultado da prova objetiva, discursiva e de t\u00edtulos); 10\u00ba lugar para Consultor Legislativo em Meio Ambiente e Direito Ambiental, Organiza\u00e7\u00e3o Territorial, Desenvolvimento Urbano e Regional da C\u00e2mara dos Deputados. (Resultado da prova objetiva, discursiva e de t\u00edtulos) Entre em contato comigo pelo facebook e pelo Youtube. Basta colocar na busca: Rosenval J\u00fanior. Ou copiar e colar o endere\u00e7o: www.facebook.com\/rosenvaljr Acesse o meu site e saiba mais: www.aprendadireitoambiental.com.br","sameAs":["http:\/\/www.aprendadireitoambiental.com.br","https:\/\/www.facebook.com\/rosenvaljr"],"url":"https:\/\/www.estrategiaconcursos.com.br\/blog\/author\/rosenvaljuniorestrategiaconcursos-com-br\/"}]}},"_links":{"self":[{"href":"https:\/\/www.estrategiaconcursos.com.br\/blog\/wp-json\/wp\/v2\/posts\/29656","targetHints":{"allow":["GET"]}}],"collection":[{"href":"https:\/\/www.estrategiaconcursos.com.br\/blog\/wp-json\/wp\/v2\/posts"}],"about":[{"href":"https:\/\/www.estrategiaconcursos.com.br\/blog\/wp-json\/wp\/v2\/types\/post"}],"author":[{"embeddable":true,"href":"https:\/\/www.estrategiaconcursos.com.br\/blog\/wp-json\/wp\/v2\/users\/73"}],"replies":[{"embeddable":true,"href":"https:\/\/www.estrategiaconcursos.com.br\/blog\/wp-json\/wp\/v2\/comments?post=29656"}],"version-history":[{"count":10,"href":"https:\/\/www.estrategiaconcursos.com.br\/blog\/wp-json\/wp\/v2\/posts\/29656\/revisions"}],"predecessor-version":[{"id":1165558,"href":"https:\/\/www.estrategiaconcursos.com.br\/blog\/wp-json\/wp\/v2\/posts\/29656\/revisions\/1165558"}],"wp:attachment":[{"href":"https:\/\/www.estrategiaconcursos.com.br\/blog\/wp-json\/wp\/v2\/media?parent=29656"}],"wp:term":[{"taxonomy":"category","embeddable":true,"href":"https:\/\/www.estrategiaconcursos.com.br\/blog\/wp-json\/wp\/v2\/categories?post=29656"},{"taxonomy":"post_tag","embeddable":true,"href":"https:\/\/www.estrategiaconcursos.com.br\/blog\/wp-json\/wp\/v2\/tags?post=29656"},{"taxonomy":"tax_estado","embeddable":true,"href":"https:\/\/www.estrategiaconcursos.com.br\/blog\/wp-json\/wp\/v2\/tax_estado?post=29656"}],"curies":[{"name":"wp","href":"https:\/\/api.w.org\/{rel}","templated":true}]}}