{"id":29638,"date":"2015-11-30T08:12:48","date_gmt":"2015-11-30T11:12:48","guid":{"rendered":"http:\/\/www.estrategiaconcursos.com.br\/blog\/?p=29638"},"modified":"2019-04-09T15:47:59","modified_gmt":"2019-04-09T18:47:59","slug":"direito-do-trabalho-oab-xviii-exame-de-ordem-comentarios","status":"publish","type":"post","link":"https:\/\/www.estrategiaconcursos.com.br\/blog\/direito-do-trabalho-oab-xviii-exame-de-ordem-comentarios\/","title":{"rendered":"Direito do Trabalho OAB \u2013 XVIII Exame de Ordem [Coment\u00e1rios]"},"content":{"rendered":"<p>Ol\u00e1 pessoal,<\/p>\n<p>Aqui \u00e9 o Antonio Daud, professor do Estrat\u00e9gia Concursos.<\/p>\n<p>Hoje, passo por aqui para comentar a Prova de Direito do Trabalho do XVIII Exame de Ordem.<\/p>\n<p>Seguindo a tend\u00eancia da FGV, foram cobradas 6 (seis) quest\u00f5es de Direito do Trabalho. Em tr\u00eas delas, foi cobrada a literalidade da CLT e, nas outras tr\u00eas, a jurisprud\u00eancia sumulada do TST.<\/p>\n<p>Seguem abaixo os coment\u00e1rios a cada uma delas e, ao final, um raio-x atualizado dos temas que a FGV t\u00eam cobrado nos Exames de Ordem.<\/p>\n<p>N\u00e3o vislumbramos possibilidades de recurso em face das quest\u00f5es. De qualquer maneira, se algu\u00e9m achar que cabe recurso contra alguma outra quest\u00e3o, por favor entre em contato conosco.<\/p>\n<p>&nbsp;<\/p>\n<p><strong>70 &#8211; Em normas coletivas firmadas pela empresa Montagens Industriais Ltda., h\u00e1 previs\u00e3o de multa por descumprimento de cl\u00e1usulas normativas que foram efetivamente descumpridas pela empresa. Diante disso, assinale a afirmativa correta.<\/strong><\/p>\n<p>A) O empregado ter\u00e1 de ajuizar tantas a\u00e7\u00f5es quantas forem as les\u00f5es, postulando, em cada uma delas, a multa pelo descumprimento de obriga\u00e7\u00f5es previstas nas respectivas cl\u00e1usulas.<\/p>\n<p>B) Tratando-se de multa prevista em instrumento normativo em decorr\u00eancia de descumprimento de cl\u00e1usula que reproduz texto de lei, a multa \u00e9 incab\u00edvel.<\/p>\n<p>C) Tendo em vista a reprodu\u00e7\u00e3o de textos de lei em cl\u00e1usulas de instrumentos normativos diversos, ficar\u00e1 a crit\u00e9rio do juiz definir se pode haver esse ac\u00famulo.<\/p>\n<p>D) O descumprimento de qualquer cl\u00e1usula constante de instrumentos normativos diversos n\u00e3o submete o empregado a ajuizar v\u00e1rias a\u00e7\u00f5es, pleiteando, em cada uma, o pagamento de multa referente ao descumprimento de obriga\u00e7\u00f5es previstas nas respectivas cl\u00e1usulas.<\/p>\n<p>Gabarito D<\/p>\n<p><strong>Coment\u00e1rios:<\/strong><\/p>\n<p><em>\u00a0<\/em>A quest\u00e3o cobrou a literalidade do item I da S\u00famula n\u00ba 384 do TST, transcrita abaixo:<\/p>\n<p><em>\u00a0<\/em><em>S\u00famula n\u00ba 384 do TST<\/em><\/p>\n<p><em>MULTA CONVENCIONAL. COBRAN\u00c7A <\/em><\/p>\n<p><em>\u00a0<\/em><em>I &#8211; <strong>O descumprimento de qualquer cl\u00e1usula constante de instrumentos normativos diversos n\u00e3o submete o empregado a ajuizar v\u00e1rias a\u00e7\u00f5es, pleiteando em cada uma o pagamento da multa referente ao descumprimento de obriga\u00e7\u00f5es previstas nas cl\u00e1usulas respectivas<\/strong>.<\/em><\/p>\n<p><em>\u00a0<\/em><em>II &#8211; \u00c9 aplic\u00e1vel multa prevista em instrumento normativo (senten\u00e7a normativa, conven\u00e7\u00e3o ou acordo coletivo) em caso de descumprimento de obriga\u00e7\u00e3o prevista em lei, mesmo que a norma coletiva seja mera repeti\u00e7\u00e3o de texto legal.<\/em><\/p>\n<p>&nbsp;<\/p>\n<p><strong>71 &#8211; Pl\u00e1cido, empregado de um restaurante, sem qualquer motivo, passou a agredir verbalmente seu superior, at\u00e9 que, violentamente, quebrou uma mesa e uma cadeira que estavam pr\u00f3ximas. Contornada a situa\u00e7\u00e3o, Pl\u00e1cido foi dispensado e a empresa descontou no seu TRCT os valores do preju\u00edzo com os m\u00f3veis, que correspondiam a 60% do sal\u00e1rio do trabalhador. Sobre o epis\u00f3dio apresentado, assinale a op\u00e7\u00e3o correta.<\/strong><\/p>\n<p>A) A empresa pode descontar o valor mesmo sem previs\u00e3o contratual para tanto, pois a atitude de Pl\u00e1cido, ao praticar o dano, foi dolosa.<\/p>\n<p>B) O desconto na remunera\u00e7\u00e3o do empregado relativo ao dano causado \u00e9 vedado em qualquer hip\u00f3tese.<\/p>\n<p>C) A empresa s\u00f3 poderia descontar o valor do dano causado por Pl\u00e1cido se houvesse previs\u00e3o contratual nesse sentido.<\/p>\n<p>D) N\u00e3o estando a parcela relacionada a um desconto tipificado em lei, n\u00e3o pode haver o desconto nas verbas devidas a Pl\u00e1cido.<\/p>\n<p>Gabarito A<\/p>\n<p><strong>Coment\u00e1rios:<\/strong><\/p>\n<p>A quest\u00e3o exigiu o conhecimento de dois dispositivos celetistas. O primeiro diz respeito \u00e0 possibilidade de o empregador realizar descontos da remunera\u00e7\u00e3o do empregado em virtude de danos causados com dolo ao empregador:<\/p>\n<p><em>CLT, art. 462, \u00a7 1\u00ba &#8211; Em caso de dano causado pelo empregado, o desconto ser\u00e1 l\u00edcito, <span style=\"text-decoration: underline\">desde que<\/span> esta possibilidade tenha sido acordada <strong>ou<\/strong> na ocorr\u00eancia de <strong>dolo<\/strong> do empregado.<\/em><\/p>\n<p>O segundo dispositivo informa o limite para estes descontos, quando estes forem realizados na rescis\u00e3o do empregado. Este limite \u00e9 equivalente a um m\u00eas de remunera\u00e7\u00e3o do empregado:<\/p>\n<p><em>CLT, art. 477, \u00a7 5\u00ba &#8211; Qualquer compensa\u00e7\u00e3o no pagamento de que trata o par\u00e1grafo anterior [de verbas rescis\u00f3rias] n\u00e3o poder\u00e1 exceder o equivalente a <span style=\"text-decoration: underline\">um m\u00eas de remunera\u00e7\u00e3o do empregado<\/span>.<\/em><\/p>\n<p>&nbsp;<\/p>\n<p><strong>72 &#8211; Jefferson, empregado da sociedade empres\u00e1ria Editora S\u00e9culo XIX, resolve adotar, sozinho, uma crian\u00e7a de 5 anos de idade. Diante da hip\u00f3tese, de acordo com a legisla\u00e7\u00e3o em vigor, assinale a afirmativa correta. <\/strong><\/p>\n<p>A) Jefferson n\u00e3o ter\u00e1 direito \u00e0 licen\u00e7a-maternidade, por falta de dispositivo legal.<\/p>\n<p>B) Jefferson receber\u00e1 sal\u00e1rio-maternidade, mas n\u00e3o ter\u00e1 direito \u00e0 licen\u00e7a-maternidade, porque a regra aplica-se apenas \u00e0s mulheres.<\/p>\n<p>C) Jefferson ter\u00e1 direito \u00e0 licen\u00e7a-maternidade, pois este direito aplica-se \u00e0 pessoa que adotar, independentemente do g\u00eanero.<\/p>\n<p>D) Jefferson ter\u00e1 direito \u00e0 licen\u00e7a-maternidade de 60 dias.<\/p>\n<p>Gabarito C<\/p>\n<p><strong>Coment\u00e1rios:<\/strong><\/p>\n<p>Com as mudan\u00e7as trazidas pela Lei n\u00ba 12.873, de outubro\/2013, o empregado (do sexo masculino) que adotar uma crian\u00e7a tamb\u00e9m far\u00e1 jus a licen\u00e7a de 120 dias, na forma abaixo, com a restri\u00e7\u00e3o do art. 392-A, \u00a7 5\u00ba:<\/p>\n<p><em>CLT, art. 392-C. Aplica-se, no que couber, o disposto no art. 392-A [licen\u00e7a maternidade para empregada adotante] e 392-B [em caso de morte da genitora, \u00e9 assegurado ao c\u00f4njuge empregado o gozo de licen\u00e7a pelo per\u00edodo restante] <strong>ao empregad<span style=\"text-decoration: underline\">o<\/span><\/strong> que adotar ou obtiver guarda judicial para fins de ado\u00e7\u00e3o<\/em>.<\/p>\n<p>&nbsp;<\/p>\n<p><strong>73 &#8211; Nelson foi contratado como vigilante, diretamente pelo Banco Moeda Firme, empresa que assinou a sua carteira profissional. Ele atua em diversas ag\u00eancias banc\u00e1rias e recebe adicional de periculosidade em seu contracheque. Sobre a categoria profissional de Nelson e em rela\u00e7\u00e3o ao adicional de periculosidade, assinale a op\u00e7\u00e3o correta de acordo com a jurisprud\u00eancia do TST.<\/strong><\/p>\n<p>A) Nelson n\u00e3o \u00e9 banc\u00e1rio.<\/p>\n<p>B) O recebimento do adicional de periculosidade \u00e9 uma liberalidade do empregador.<\/p>\n<p>C) Nelson integra a categoria dos banc\u00e1rios, j\u00e1 que seu empregador explora essa atividade.<\/p>\n<p>D) A situa\u00e7\u00e3o \u00e9 irregular, pois o servi\u00e7o de vigilante precisa ser terceirizado.<\/p>\n<p>Gabarito A<\/p>\n<p><strong>Coment\u00e1rios:<\/strong><\/p>\n<p>A quest\u00e3o abordou o enquadramento da atividade de vigilante, quando este \u00e9 contratado por institui\u00e7\u00f5es financeiras.<\/p>\n<p>Passando ao lado da discuss\u00e3o a respeito do enquadramento ou n\u00e3o do vigilante como integrante de categoria profissional diferenciada, a FGV cobrou a literalidade da SUM-257 do TST:<\/p>\n<p><em>S\u00famula n\u00ba 257 do TST<\/em><\/p>\n<p><em>VIGILANTE (mantida) &#8211; Res. 121\/2003, DJ 19, 20 e 21.11.2003<\/em><\/p>\n<p><em>O vigilante, contratado diretamente por banco ou por interm\u00e9dio de empresas especializadas, <strong>n\u00e3o \u00e9 banc\u00e1rio<\/strong>.<\/em><\/p>\n<p>&nbsp;<\/p>\n<p><strong>74 &#8211; Reinaldo trabalha em uma empresa cujo regulamento interno prev\u00ea que o empregador pagar\u00e1 a conta de telefone celular do empregado, at\u00e9 o limite de R$ 150,00 mensais. Posteriormente, havendo crise no setor em que a empresa atua, o regulamento interno foi expressamente alterado para constar que, dali em diante, a empresa arcar\u00e1 com a conta dos celulares dos empregados at\u00e9 o limite de R$ 50,00 mensais. De acordo com o entendimento consolidado do TST, assinale a afirmativa correta.<\/strong><\/p>\n<p>A) O regulamento interno \u00e9 ato unilateral de vontade do empregador, que poder\u00e1 modific\u00e1-lo a qualquer momento, da\u00ed por que n\u00e3o h\u00e1 direito adquirido e a nova condi\u00e7\u00e3o alcan\u00e7a Reinaldo.<\/p>\n<p>B) A altera\u00e7\u00e3o somente \u00e9 v\u00e1lida para aqueles que foram admitidos anteriormente \u00e0 mudan\u00e7a e n\u00e3o prevalece para os que forem contratados ap\u00f3s a mudan\u00e7a.<\/p>\n<p>C) A altera\u00e7\u00e3o \u00e9 v\u00e1lida, mas s\u00f3 alcan\u00e7a aqueles admitidos posteriormente \u00e0 mudan\u00e7a, n\u00e3o podendo ent\u00e3o alcan\u00e7ar a situa\u00e7\u00e3o de Reinaldo.<\/p>\n<p>D) A altera\u00e7\u00e3o feita pela empresa \u00e9 ilegal, pois, uma vez concedida a benesse, ela n\u00e3o pode ser retirada em momento algum e para nenhum empregado, atual ou futuro.<\/p>\n<p>Gabarito C<\/p>\n<p><strong>Coment\u00e1rios:<\/strong><\/p>\n<p>A quest\u00e3o cobrou conhecimentos a respeito do Princ\u00edpio da Condi\u00e7\u00e3o Mais Ben\u00e9fica, em especial da S\u00famula n\u00ba 51 do TST, item I.<\/p>\n<p><em>SUM-51 NORMA REGULAMENTAR. VANTAGENS E OP\u00c7\u00c3O PELO NOVO REGULAMENTO. ART. 468 DA CLT<\/em><\/p>\n<p><em>I &#8211; As cl\u00e1usulas regulamentares, que revoguem ou alterem vantagens deferidas anteriormente, s\u00f3 atingir\u00e3o os trabalhadores admitidos ap\u00f3s a revoga\u00e7\u00e3o ou altera\u00e7\u00e3o do regulamento. <\/em><\/p>\n<p><em>(..)<\/em><\/p>\n<p>&nbsp;<\/p>\n<p><strong>75 &#8211; Jorge, Luiz e Pedro trabalham na mesma empresa. Na \u00e9poca designada para o gozo das f\u00e9rias, eles foram informados pelo empregador que Jorge n\u00e3o teria direito \u00e0s f\u00e9rias porque havia faltado, injustificadamente, 34 dias ao longo do per\u00edodo aquisitivo; que Luiz teria que fracionar as f\u00e9rias em tr\u00eas per\u00edodos de 10 dias e que Pedro deveria converter 2\/3 das f\u00e9rias em abono pecuni\u00e1rio, podendo gozar de apenas 1\/3 destas, em raz\u00e3o da necessidade de servi\u00e7o do setor de ambos. Diante disso, assinale a afirmativa correta.<\/strong><\/p>\n<p>A) A informa\u00e7\u00e3o do empregador foi correta nos tr\u00eas casos.<\/p>\n<p>B) Apenas no caso de Jorge o empregador est\u00e1 correto.<\/p>\n<p>C) O empregador agiu corretamente nos casos de Jorge e de Luiz, mas n\u00e3o no de Pedro.<\/p>\n<p>D) O empregador est\u00e1 errado nas tr\u00eas hip\u00f3teses.<\/p>\n<p>Gabarito B<\/p>\n<p><strong>Coment\u00e1rios:<\/strong><\/p>\n<p>Quest\u00e3o um pouco mais trabalhosa que as demais, mas sem grandes dificuldades. Vamos analisar cada um dos casos:<\/p>\n<p><strong>A) Jorge<\/strong><\/p>\n<p>Como sabemos, Jorge foi quem faltou por mais de 32 dias (exatos 34 dias) durante o per\u00edodo aquisitivo, de modo injustificado. Nesse caso, Jorge realmente n\u00e3o ter\u00e1 direito a f\u00e9rias, como informado pelo empregador.<\/p>\n<p>Segue uma tabela que compila a regra do art. 130:<\/p>\n<p><a href=\"https:\/\/dhg1h5j42swfq.cloudfront.net\/2015\/11\/30080752\/tabela-f%C3%A9rias.jpg\"><img loading=\"lazy\" decoding=\"async\" class=\"alignnone  wp-image-29640\" src=\"https:\/\/dhg1h5j42swfq.cloudfront.net\/2015\/11\/30080752\/tabela-f%C3%A9rias.jpg\" alt=\"tabela f\u00e9rias\" width=\"651\" height=\"219\" \/><\/a><\/p>\n<p><strong>B) Luiz<\/strong><\/p>\n<p>Luiz foi aquele que teria que fracionar as f\u00e9rias em tr\u00eas per\u00edodos de 10 dias.<\/p>\n<p>Ora, a CLT n\u00e3o permite tal fracionamento. No caso de f\u00e9rias individuais, a CLT permite, em casos excepcionais apenas, o fracionamento em <strong>dois per\u00edodos<\/strong>.<\/p>\n<p>Dessa forma, agiu de modo equivocado o empregador de Luiz.<\/p>\n<p><em>CLT, art. 134, \u00a7 1\u00ba &#8211; Somente em <span style=\"text-decoration: underline\">casos excepcionais<\/span> ser\u00e3o as f\u00e9rias concedidas <strong>em 2 (dois) per\u00edodos<\/strong>, um dos quais n\u00e3o poder\u00e1 ser inferior a 10 (dez) dias corridos.<\/em><\/p>\n<p><strong>C) Pedro<\/strong><\/p>\n<p>Pedro, por fim, foi aquele a quem o empregador informou que deveria converter 2\/3 das f\u00e9rias em abono pecuni\u00e1rio, podendo gozar de apenas 1\/3 destas, em raz\u00e3o da necessidade de servi\u00e7o do setor.<\/p>\n<p>Como vimos no curso, o <strong>abono pecuni\u00e1rio de f\u00e9rias<\/strong>, tamb\u00e9m entendido como <strong>convers\u00e3o pecuni\u00e1ria das f\u00e9rias<\/strong>, \u00e9 a convers\u00e3o de parte das f\u00e9rias em dinheiro. Entretanto, h\u00e1 um limite m\u00e1ximo para esta convers\u00e3o e este limite \u00e9 de 1\/3 do per\u00edodo de f\u00e9rias. Dessa forma, agiu incorretamente o empregador de Pedro.<\/p>\n<p>Al\u00e9m disso, trata-se de uma faculdade do empregado. Ou seja, se Pedro quisesse converter parte das suas f\u00e9rias, seria por sua conveni\u00eancia, n\u00e3o do empregador.<\/p>\n<p><em>CLT, art. 143 &#8211; \u00c9 facultado <span style=\"text-decoration: underline\">ao empregado<\/span> converter <strong>1\/3 (um ter\u00e7o)<\/strong> do per\u00edodo de f\u00e9rias a que tiver direito em <strong>abono pecuni\u00e1rio<\/strong>, no valor da remunera\u00e7\u00e3o que lhe seria devida nos dias correspondentes.<\/em><\/p>\n<p>Trata-se de uma medida que visa a garantir que o empregado goze, ao menos, de 2\/3 do seu per\u00edodo de f\u00e9rias, como medida de higiene e sa\u00fade do trabalho.<\/p>\n<p>&nbsp;<\/p>\n<p>Resumindo os tr\u00eas casos apresentados pela quest\u00e3o, temos a tabela abaixo:<\/p>\n<p><a href=\"https:\/\/dhg1h5j42swfq.cloudfront.net\/2015\/11\/30080905\/tabela-quest%C3%A1o.jpg\"><img loading=\"lazy\" decoding=\"async\" class=\"alignnone  wp-image-29641\" src=\"https:\/\/dhg1h5j42swfq.cloudfront.net\/2015\/11\/30080905\/tabela-quest%C3%A1o.jpg\" alt=\"tabela quest\u00e1o\" width=\"617\" height=\"334\" \/><\/a><\/p>\n<p>&#8212;&#8212;&#8212;&#8212;&#8212;&#8212;&#8212;&#8212;&#8212;-<\/p>\n<p>\u00c9 isso, pessoal! Tor\u00e7o para que voc\u00ea tenha acertado todas essas quest\u00f5es.<\/p>\n<p>Um abra\u00e7o.<\/p>\n<p>&#8212;&#8212;&#8212;&#8212;&#8212;&#8212;&#8212;&#8212;&#8212;-<\/p>\n<p>Apresento, no link a seguir, o <strong>Raio-X da OAB em Direito do Trabalho<\/strong>, j\u00e1 considerando as quest\u00f5es deste XVIII Exame. Essa an\u00e1lise foi feita a partir de um exame detalhado de todos os exames da OAB aplicados pela FGV, que nos indica as seguintes <strong>estat\u00edsticas de cobran\u00e7a de quest\u00f5es<\/strong> (por assunto):\u00a0<a href=\"https:\/\/dhg1h5j42swfq.cloudfront.net\/2015\/11\/30081235\/Raio-X-Direito-do-Trabalho.pdf\">Raio-X &#8211; Direito do Trabalho<\/a><\/p>\n<p>&nbsp;<\/p>\n<p>&nbsp;<\/p>\n<p>&nbsp;<\/p>\n<p>&nbsp;<\/p>\n<p>&nbsp;<\/p>\n<p>&nbsp;<\/p>\n","protected":false},"excerpt":{"rendered":"<p>Ol\u00e1 pessoal, Aqui \u00e9 o Antonio Daud, professor do Estrat\u00e9gia Concursos. Hoje, passo por aqui para comentar a Prova de Direito do Trabalho do XVIII Exame de Ordem. Seguindo a tend\u00eancia da FGV, foram cobradas 6 (seis) quest\u00f5es de Direito do Trabalho. Em tr\u00eas delas, foi cobrada a literalidade da CLT e, nas outras tr\u00eas, [&hellip;]<\/p>\n","protected":false},"author":135,"featured_media":0,"comment_status":"open","ping_status":"open","sticky":false,"template":"","format":"standard","meta":{"post_tipo":"article","footnotes":""},"categories":[1],"tags":[627,71],"tax_estado":[],"class_list":["post-29638","post","type-post","status-publish","format-standard","hentry","category-cursos-e-concursos","tag-direito-do-trabalho","tag-oab"],"acf":[],"yoast_head":"<!-- This site is optimized with the Yoast SEO Premium plugin v27.2 (Yoast SEO v27.2) - https:\/\/yoast.com\/product\/yoast-seo-premium-wordpress\/ -->\n<title>Direito do Trabalho OAB \u2013 XVIII Exame de Ordem [Coment\u00e1rios]<\/title>\n<meta name=\"robots\" content=\"index, follow, max-snippet:-1, max-image-preview:large, max-video-preview:-1\" \/>\n<link rel=\"canonical\" href=\"https:\/\/www.estrategiaconcursos.com.br\/blog\/direito-do-trabalho-oab-xviii-exame-de-ordem-comentarios\/\" \/>\n<meta property=\"og:locale\" content=\"pt_BR\" \/>\n<meta property=\"og:type\" content=\"article\" \/>\n<meta property=\"og:title\" content=\"Direito do Trabalho OAB \u2013 XVIII Exame de Ordem [Coment\u00e1rios]\" \/>\n<meta property=\"og:description\" content=\"Ol\u00e1 pessoal, Aqui \u00e9 o Antonio Daud, professor do Estrat\u00e9gia Concursos. Hoje, passo por aqui para comentar a Prova de Direito do Trabalho do XVIII Exame de Ordem. Seguindo a tend\u00eancia da FGV, foram cobradas 6 (seis) quest\u00f5es de Direito do Trabalho. Em tr\u00eas delas, foi cobrada a literalidade da CLT e, nas outras tr\u00eas, [&hellip;]\" \/>\n<meta property=\"og:url\" content=\"https:\/\/www.estrategiaconcursos.com.br\/blog\/direito-do-trabalho-oab-xviii-exame-de-ordem-comentarios\/\" \/>\n<meta property=\"og:site_name\" content=\"Estrat\u00e9gia Concursos\" \/>\n<meta property=\"article:published_time\" content=\"2015-11-30T11:12:48+00:00\" \/>\n<meta property=\"article:modified_time\" content=\"2019-04-09T18:47:59+00:00\" \/>\n<meta name=\"author\" content=\"Antonio Daud\" \/>\n<meta name=\"twitter:card\" content=\"summary_large_image\" \/>\n<meta name=\"twitter:creator\" content=\"@EstratConcursos\" \/>\n<meta name=\"twitter:site\" content=\"@EstratConcursos\" \/>\n<meta name=\"twitter:label1\" content=\"Escrito por\" \/>\n\t<meta name=\"twitter:data1\" content=\"Antonio Daud\" \/>\n\t<meta name=\"twitter:label2\" content=\"Est. tempo de leitura\" \/>\n\t<meta name=\"twitter:data2\" content=\"10 minutos\" \/>\n<script type=\"application\/ld+json\" class=\"yoast-schema-graph\">{\"@context\":\"https:\/\/schema.org\",\"@graph\":[{\"@type\":\"NewsArticle\",\"@id\":\"https:\/\/www.estrategiaconcursos.com.br\/blog\/direito-do-trabalho-oab-xviii-exame-de-ordem-comentarios\/#article\",\"isPartOf\":{\"@id\":\"https:\/\/www.estrategiaconcursos.com.br\/blog\/direito-do-trabalho-oab-xviii-exame-de-ordem-comentarios\/\"},\"author\":{\"name\":\"Antonio Daud\",\"@id\":\"https:\/\/www.estrategiaconcursos.com.br\/blog\/#\/schema\/person\/90692507130b147bb9128fc093141dad\"},\"headline\":\"Direito do Trabalho OAB \u2013 XVIII Exame de Ordem [Coment\u00e1rios]\",\"datePublished\":\"2015-11-30T11:12:48+00:00\",\"dateModified\":\"2019-04-09T18:47:59+00:00\",\"mainEntityOfPage\":{\"@id\":\"https:\/\/www.estrategiaconcursos.com.br\/blog\/direito-do-trabalho-oab-xviii-exame-de-ordem-comentarios\/\"},\"wordCount\":1938,\"commentCount\":12,\"publisher\":{\"@id\":\"https:\/\/www.estrategiaconcursos.com.br\/blog\/#organization\"},\"keywords\":[\"Direito do Trabalho\",\"OAB\"],\"articleSection\":[\"Concursos P\u00fablicos\"],\"inLanguage\":\"pt-BR\",\"potentialAction\":[{\"@type\":\"CommentAction\",\"name\":\"Comment\",\"target\":[\"https:\/\/www.estrategiaconcursos.com.br\/blog\/direito-do-trabalho-oab-xviii-exame-de-ordem-comentarios\/#respond\"]}],\"copyrightYear\":\"2015\",\"copyrightHolder\":{\"@id\":\"https:\/\/www.estrategiaconcursos.com.br\/blog\/#organization\"}},{\"@type\":\"WebPage\",\"@id\":\"https:\/\/www.estrategiaconcursos.com.br\/blog\/direito-do-trabalho-oab-xviii-exame-de-ordem-comentarios\/\",\"url\":\"https:\/\/www.estrategiaconcursos.com.br\/blog\/direito-do-trabalho-oab-xviii-exame-de-ordem-comentarios\/\",\"name\":\"Direito do Trabalho OAB \u2013 XVIII Exame de Ordem [Coment\u00e1rios]\",\"isPartOf\":{\"@id\":\"https:\/\/www.estrategiaconcursos.com.br\/blog\/#website\"},\"datePublished\":\"2015-11-30T11:12:48+00:00\",\"dateModified\":\"2019-04-09T18:47:59+00:00\",\"breadcrumb\":{\"@id\":\"https:\/\/www.estrategiaconcursos.com.br\/blog\/direito-do-trabalho-oab-xviii-exame-de-ordem-comentarios\/#breadcrumb\"},\"inLanguage\":\"pt-BR\",\"potentialAction\":[{\"@type\":\"ReadAction\",\"target\":[\"https:\/\/www.estrategiaconcursos.com.br\/blog\/direito-do-trabalho-oab-xviii-exame-de-ordem-comentarios\/\"]}]},{\"@type\":\"BreadcrumbList\",\"@id\":\"https:\/\/www.estrategiaconcursos.com.br\/blog\/direito-do-trabalho-oab-xviii-exame-de-ordem-comentarios\/#breadcrumb\",\"itemListElement\":[{\"@type\":\"ListItem\",\"position\":1,\"name\":\"In\u00edcio\",\"item\":\"https:\/\/www.estrategiaconcursos.com.br\/blog\/\"},{\"@type\":\"ListItem\",\"position\":2,\"name\":\"Direito do Trabalho OAB \u2013 XVIII Exame de Ordem [Coment\u00e1rios]\"}]},{\"@type\":\"WebSite\",\"@id\":\"https:\/\/www.estrategiaconcursos.com.br\/blog\/#website\",\"url\":\"https:\/\/www.estrategiaconcursos.com.br\/blog\/\",\"name\":\"Estrat\u00e9gia Concursos\",\"description\":\"O blog da Estrat\u00e9gia Concursos traz not\u00edcias sobre concursos e artigos de professores oferecendo cursos para concursos (pdf + videaulas) no site.\",\"publisher\":{\"@id\":\"https:\/\/www.estrategiaconcursos.com.br\/blog\/#organization\"},\"potentialAction\":[{\"@type\":\"SearchAction\",\"target\":{\"@type\":\"EntryPoint\",\"urlTemplate\":\"https:\/\/www.estrategiaconcursos.com.br\/blog\/?s={search_term_string}\"},\"query-input\":{\"@type\":\"PropertyValueSpecification\",\"valueRequired\":true,\"valueName\":\"search_term_string\"}}],\"inLanguage\":\"pt-BR\"},{\"@type\":\"Organization\",\"@id\":\"https:\/\/www.estrategiaconcursos.com.br\/blog\/#organization\",\"name\":\"Estrat\u00e9gia Concursos\",\"url\":\"https:\/\/www.estrategiaconcursos.com.br\/blog\/\",\"logo\":{\"@type\":\"ImageObject\",\"inLanguage\":\"pt-BR\",\"@id\":\"https:\/\/www.estrategiaconcursos.com.br\/blog\/#\/schema\/logo\/image\/\",\"url\":\"https:\/\/dhg1h5j42swfq.cloudfront.net\/2025\/06\/03203428\/logo_concursos-1.jpg\",\"contentUrl\":\"https:\/\/dhg1h5j42swfq.cloudfront.net\/2025\/06\/03203428\/logo_concursos-1.jpg\",\"width\":230,\"height\":60,\"caption\":\"Estrat\u00e9gia Concursos\"},\"image\":{\"@id\":\"https:\/\/www.estrategiaconcursos.com.br\/blog\/#\/schema\/logo\/image\/\"},\"sameAs\":[\"https:\/\/x.com\/EstratConcursos\"]},{\"@type\":\"Person\",\"@id\":\"https:\/\/www.estrategiaconcursos.com.br\/blog\/#\/schema\/person\/90692507130b147bb9128fc093141dad\",\"name\":\"Antonio Daud\",\"image\":{\"@type\":\"ImageObject\",\"inLanguage\":\"pt-BR\",\"@id\":\"https:\/\/secure.gravatar.com\/avatar\/9a6539d0d807c3d7c2aaa709166f9aa9824103126593f30916973bcaedf16896?s=96&d=mm&r=g\",\"url\":\"https:\/\/secure.gravatar.com\/avatar\/9a6539d0d807c3d7c2aaa709166f9aa9824103126593f30916973bcaedf16896?s=96&d=mm&r=g\",\"contentUrl\":\"https:\/\/secure.gravatar.com\/avatar\/9a6539d0d807c3d7c2aaa709166f9aa9824103126593f30916973bcaedf16896?s=96&d=mm&r=g\",\"caption\":\"Antonio Daud\"},\"description\":\"Antonio Daud J\u00fanior \u00e9 bacharel em Engenharia El\u00e9trica e em Direito. Foi Analista de Finan\u00e7as e Controle da Controladoria-Geral da Uni\u00e3o\/Presid\u00eancia da Rep\u00fablica (CGU\/PR), aprovado no concurso de 2008. Atualmente \u00e9 Auditor Federal de Controle Externo (AUFC) do Tribunal de Contas da Uni\u00e3o (TCU), aprovado tamb\u00e9m em 2008.\",\"sameAs\":[\"https:\/\/www.instagram.com\/professordaud\/?hl=en\"],\"url\":\"https:\/\/www.estrategiaconcursos.com.br\/blog\/author\/antoniodaudestrategiaconcursos-com-br\/\"}]}<\/script>\n<!-- \/ Yoast SEO Premium plugin. -->","yoast_head_json":{"title":"Direito do Trabalho OAB \u2013 XVIII Exame de Ordem [Coment\u00e1rios]","robots":{"index":"index","follow":"follow","max-snippet":"max-snippet:-1","max-image-preview":"max-image-preview:large","max-video-preview":"max-video-preview:-1"},"canonical":"https:\/\/www.estrategiaconcursos.com.br\/blog\/direito-do-trabalho-oab-xviii-exame-de-ordem-comentarios\/","og_locale":"pt_BR","og_type":"article","og_title":"Direito do Trabalho OAB \u2013 XVIII Exame de Ordem [Coment\u00e1rios]","og_description":"Ol\u00e1 pessoal, Aqui \u00e9 o Antonio Daud, professor do Estrat\u00e9gia Concursos. Hoje, passo por aqui para comentar a Prova de Direito do Trabalho do XVIII Exame de Ordem. Seguindo a tend\u00eancia da FGV, foram cobradas 6 (seis) quest\u00f5es de Direito do Trabalho. Em tr\u00eas delas, foi cobrada a literalidade da CLT e, nas outras tr\u00eas, [&hellip;]","og_url":"https:\/\/www.estrategiaconcursos.com.br\/blog\/direito-do-trabalho-oab-xviii-exame-de-ordem-comentarios\/","og_site_name":"Estrat\u00e9gia Concursos","article_published_time":"2015-11-30T11:12:48+00:00","article_modified_time":"2019-04-09T18:47:59+00:00","author":"Antonio Daud","twitter_card":"summary_large_image","twitter_creator":"@EstratConcursos","twitter_site":"@EstratConcursos","twitter_misc":{"Escrito por":"Antonio Daud","Est. tempo de leitura":"10 minutos"},"schema":{"@context":"https:\/\/schema.org","@graph":[{"@type":"NewsArticle","@id":"https:\/\/www.estrategiaconcursos.com.br\/blog\/direito-do-trabalho-oab-xviii-exame-de-ordem-comentarios\/#article","isPartOf":{"@id":"https:\/\/www.estrategiaconcursos.com.br\/blog\/direito-do-trabalho-oab-xviii-exame-de-ordem-comentarios\/"},"author":{"name":"Antonio Daud","@id":"https:\/\/www.estrategiaconcursos.com.br\/blog\/#\/schema\/person\/90692507130b147bb9128fc093141dad"},"headline":"Direito do Trabalho OAB \u2013 XVIII Exame de Ordem [Coment\u00e1rios]","datePublished":"2015-11-30T11:12:48+00:00","dateModified":"2019-04-09T18:47:59+00:00","mainEntityOfPage":{"@id":"https:\/\/www.estrategiaconcursos.com.br\/blog\/direito-do-trabalho-oab-xviii-exame-de-ordem-comentarios\/"},"wordCount":1938,"commentCount":12,"publisher":{"@id":"https:\/\/www.estrategiaconcursos.com.br\/blog\/#organization"},"keywords":["Direito do Trabalho","OAB"],"articleSection":["Concursos P\u00fablicos"],"inLanguage":"pt-BR","potentialAction":[{"@type":"CommentAction","name":"Comment","target":["https:\/\/www.estrategiaconcursos.com.br\/blog\/direito-do-trabalho-oab-xviii-exame-de-ordem-comentarios\/#respond"]}],"copyrightYear":"2015","copyrightHolder":{"@id":"https:\/\/www.estrategiaconcursos.com.br\/blog\/#organization"}},{"@type":"WebPage","@id":"https:\/\/www.estrategiaconcursos.com.br\/blog\/direito-do-trabalho-oab-xviii-exame-de-ordem-comentarios\/","url":"https:\/\/www.estrategiaconcursos.com.br\/blog\/direito-do-trabalho-oab-xviii-exame-de-ordem-comentarios\/","name":"Direito do Trabalho OAB \u2013 XVIII Exame de Ordem [Coment\u00e1rios]","isPartOf":{"@id":"https:\/\/www.estrategiaconcursos.com.br\/blog\/#website"},"datePublished":"2015-11-30T11:12:48+00:00","dateModified":"2019-04-09T18:47:59+00:00","breadcrumb":{"@id":"https:\/\/www.estrategiaconcursos.com.br\/blog\/direito-do-trabalho-oab-xviii-exame-de-ordem-comentarios\/#breadcrumb"},"inLanguage":"pt-BR","potentialAction":[{"@type":"ReadAction","target":["https:\/\/www.estrategiaconcursos.com.br\/blog\/direito-do-trabalho-oab-xviii-exame-de-ordem-comentarios\/"]}]},{"@type":"BreadcrumbList","@id":"https:\/\/www.estrategiaconcursos.com.br\/blog\/direito-do-trabalho-oab-xviii-exame-de-ordem-comentarios\/#breadcrumb","itemListElement":[{"@type":"ListItem","position":1,"name":"In\u00edcio","item":"https:\/\/www.estrategiaconcursos.com.br\/blog\/"},{"@type":"ListItem","position":2,"name":"Direito do Trabalho OAB \u2013 XVIII Exame de Ordem [Coment\u00e1rios]"}]},{"@type":"WebSite","@id":"https:\/\/www.estrategiaconcursos.com.br\/blog\/#website","url":"https:\/\/www.estrategiaconcursos.com.br\/blog\/","name":"Estrat\u00e9gia Concursos","description":"O blog da Estrat\u00e9gia Concursos traz not\u00edcias sobre concursos e artigos de professores oferecendo cursos para concursos (pdf + videaulas) no site.","publisher":{"@id":"https:\/\/www.estrategiaconcursos.com.br\/blog\/#organization"},"potentialAction":[{"@type":"SearchAction","target":{"@type":"EntryPoint","urlTemplate":"https:\/\/www.estrategiaconcursos.com.br\/blog\/?s={search_term_string}"},"query-input":{"@type":"PropertyValueSpecification","valueRequired":true,"valueName":"search_term_string"}}],"inLanguage":"pt-BR"},{"@type":"Organization","@id":"https:\/\/www.estrategiaconcursos.com.br\/blog\/#organization","name":"Estrat\u00e9gia Concursos","url":"https:\/\/www.estrategiaconcursos.com.br\/blog\/","logo":{"@type":"ImageObject","inLanguage":"pt-BR","@id":"https:\/\/www.estrategiaconcursos.com.br\/blog\/#\/schema\/logo\/image\/","url":"https:\/\/dhg1h5j42swfq.cloudfront.net\/2025\/06\/03203428\/logo_concursos-1.jpg","contentUrl":"https:\/\/dhg1h5j42swfq.cloudfront.net\/2025\/06\/03203428\/logo_concursos-1.jpg","width":230,"height":60,"caption":"Estrat\u00e9gia Concursos"},"image":{"@id":"https:\/\/www.estrategiaconcursos.com.br\/blog\/#\/schema\/logo\/image\/"},"sameAs":["https:\/\/x.com\/EstratConcursos"]},{"@type":"Person","@id":"https:\/\/www.estrategiaconcursos.com.br\/blog\/#\/schema\/person\/90692507130b147bb9128fc093141dad","name":"Antonio Daud","image":{"@type":"ImageObject","inLanguage":"pt-BR","@id":"https:\/\/secure.gravatar.com\/avatar\/9a6539d0d807c3d7c2aaa709166f9aa9824103126593f30916973bcaedf16896?s=96&d=mm&r=g","url":"https:\/\/secure.gravatar.com\/avatar\/9a6539d0d807c3d7c2aaa709166f9aa9824103126593f30916973bcaedf16896?s=96&d=mm&r=g","contentUrl":"https:\/\/secure.gravatar.com\/avatar\/9a6539d0d807c3d7c2aaa709166f9aa9824103126593f30916973bcaedf16896?s=96&d=mm&r=g","caption":"Antonio Daud"},"description":"Antonio Daud J\u00fanior \u00e9 bacharel em Engenharia El\u00e9trica e em Direito. Foi Analista de Finan\u00e7as e Controle da Controladoria-Geral da Uni\u00e3o\/Presid\u00eancia da Rep\u00fablica (CGU\/PR), aprovado no concurso de 2008. Atualmente \u00e9 Auditor Federal de Controle Externo (AUFC) do Tribunal de Contas da Uni\u00e3o (TCU), aprovado tamb\u00e9m em 2008.","sameAs":["https:\/\/www.instagram.com\/professordaud\/?hl=en"],"url":"https:\/\/www.estrategiaconcursos.com.br\/blog\/author\/antoniodaudestrategiaconcursos-com-br\/"}]}},"_links":{"self":[{"href":"https:\/\/www.estrategiaconcursos.com.br\/blog\/wp-json\/wp\/v2\/posts\/29638","targetHints":{"allow":["GET"]}}],"collection":[{"href":"https:\/\/www.estrategiaconcursos.com.br\/blog\/wp-json\/wp\/v2\/posts"}],"about":[{"href":"https:\/\/www.estrategiaconcursos.com.br\/blog\/wp-json\/wp\/v2\/types\/post"}],"author":[{"embeddable":true,"href":"https:\/\/www.estrategiaconcursos.com.br\/blog\/wp-json\/wp\/v2\/users\/135"}],"replies":[{"embeddable":true,"href":"https:\/\/www.estrategiaconcursos.com.br\/blog\/wp-json\/wp\/v2\/comments?post=29638"}],"version-history":[{"count":4,"href":"https:\/\/www.estrategiaconcursos.com.br\/blog\/wp-json\/wp\/v2\/posts\/29638\/revisions"}],"predecessor-version":[{"id":182121,"href":"https:\/\/www.estrategiaconcursos.com.br\/blog\/wp-json\/wp\/v2\/posts\/29638\/revisions\/182121"}],"wp:attachment":[{"href":"https:\/\/www.estrategiaconcursos.com.br\/blog\/wp-json\/wp\/v2\/media?parent=29638"}],"wp:term":[{"taxonomy":"category","embeddable":true,"href":"https:\/\/www.estrategiaconcursos.com.br\/blog\/wp-json\/wp\/v2\/categories?post=29638"},{"taxonomy":"post_tag","embeddable":true,"href":"https:\/\/www.estrategiaconcursos.com.br\/blog\/wp-json\/wp\/v2\/tags?post=29638"},{"taxonomy":"tax_estado","embeddable":true,"href":"https:\/\/www.estrategiaconcursos.com.br\/blog\/wp-json\/wp\/v2\/tax_estado?post=29638"}],"curies":[{"name":"wp","href":"https:\/\/api.w.org\/{rel}","templated":true}]}}