{"id":296051,"date":"2019-04-18T09:32:50","date_gmt":"2019-04-18T12:32:50","guid":{"rendered":"https:\/\/www.estrategiaconcursos.com.br\/blog\/?p=296051"},"modified":"2019-04-18T11:52:38","modified_gmt":"2019-04-18T14:52:38","slug":"nota-de-repudio-ao-correio-braziliense","status":"publish","type":"post","link":"https:\/\/www.estrategiaconcursos.com.br\/blog\/nota-de-repudio-ao-correio-braziliense\/","title":{"rendered":"Nota de rep\u00fadio \u00e0 Fake News do Correio Braziliense"},"content":{"rendered":"\n<p>O Estrat\u00e9gia Concursos repudia veementemente o artigo\npublicado pelo blogueiro Vicente Nunes do jornal \u201cCorreio Braziliense\u201d.<\/p>\n\n\n\n<p>Analisamos os 5 par\u00e1grafos do texto, um por um. Conforme\nser\u00e1 mostrado ao leitor, o artigo \u00e9 eivado de dados falsos, maledic\u00eancia e\nerros de Portugu\u00eas.<\/p>\n\n\n\n<p>Vamos ao seu come\u00e7o:<\/p>\n\n\n\n<div class=\"wp-block-image\"><figure class=\"aligncenter\"><img loading=\"lazy\" decoding=\"async\" width=\"575\" height=\"246\" src=\"https:\/\/dhg1h5j42swfq.cloudfront.net\/2019\/04\/18093156\/image105.png\" alt=\"\" class=\"wp-image-296052\" srcset=\"https:\/\/dhg1h5j42swfq.cloudfront.net\/2019\/04\/18093156\/image105.png 575w, https:\/\/dhg1h5j42swfq.cloudfront.net\/2019\/04\/18093156\/image105.png 300w\" sizes=\"auto, (max-width: 575px) 100vw, 575px\" \/><\/figure><\/div>\n\n\n\n<p>At\u00e9 o momento, o \u201ccursinho\u201d vai muito bem e ainda n\u00e3o sentiu\no baque da suspens\u00e3o de concursos, que, diga-se de passagem, come\u00e7ou em 2015,\nlogo ap\u00f3s o in\u00edcio do segundo mandato da chapa Dilma-Temer.<\/p>\n\n\n\n<p>Comparados os primeiros trimestres de <strong>2018<\/strong> e <strong>2019<\/strong>, nosso <strong>crescimento de receita \u00e9 de 142%<\/strong>. Entre 2017 e 2018, o crescimento de receita foi de 50%. Entre 2016 e 2017, foi 60%. Entre 2015 e 2016, 80%. Perceba que, para desespero dos <em>haters<\/em>, vamos bem. Infelizmente, o blogueiro n\u00e3o nos procurou para fazer o <em>fact checking<\/em> dos seus devaneios. Ele perceberia que n\u00e3o h\u00e1 baque a ser sentido. Inclusive, convido o blogueiro a confirmar os n\u00fameros citados. Quem sabe assim ele para de propagar Fake News.<\/p>\n\n\n\n<p>Outro ponto \u00e9 que n\u00e3o oferecemos 12% de desconto depois da\nvit\u00f3ria do \u201ccapital\u201d(?) reformado. Oferecemos sim 12% quando foi determinada a\npris\u00e3o do ex-presidente Lula. Nas elei\u00e7\u00f5es, oferecemos 20% de desconto ap\u00f3s o\nresultado do primeiro turno (e o desconto era independente de quem vencesse).\nAo final do segundo turno, n\u00e3o foi oferecido desconto aos alunos.<\/p>\n\n\n\n<p>Passemos para o pr\u00f3ximo par\u00e1grafo:<\/p>\n\n\n\n<div class=\"wp-block-image\"><figure class=\"aligncenter\"><img loading=\"lazy\" decoding=\"async\" width=\"575\" height=\"304\" src=\"https:\/\/dhg1h5j42swfq.cloudfront.net\/2019\/04\/18093209\/image106.png\" alt=\"\" class=\"wp-image-296053\" srcset=\"https:\/\/dhg1h5j42swfq.cloudfront.net\/2019\/04\/18093209\/image106.png 575w, https:\/\/dhg1h5j42swfq.cloudfront.net\/2019\/04\/18093209\/image106.png 300w\" sizes=\"auto, (max-width: 575px) 100vw, 575px\" \/><\/figure><\/div>\n\n\n\n<p>No segundo par\u00e1grafo, foi reproduzida a foto da bem sucedida promo\u00e7\u00e3o que fizemos em 06\/04\/2018, dia em que foi determinada a pris\u00e3o do ex-Presidente Lula. Naquele dia, fomos alvos de a\u00e7\u00e3o coordenada da milit\u00e2ncia (milhares de pessoas foram em nossas redes sociais nos negativar). Sa\u00edmos no G1. &nbsp;No entanto, obtivemos o maior faturamento em vendas daquele m\u00eas. O Brasil das ruas \u00e9 diferente do que a milit\u00e2ncia e algumas reda\u00e7\u00f5es jornal\u00edsticas (desculpem a redund\u00e2ncia) imaginam.<\/p>\n\n\n\n<p>Por conte\u00fados em rede social, percebe-se que o blogueiro tem suas prefer\u00eancias ideol\u00f3gicas. At\u00e9 a\u00ed, tudo bem. Apesar do fingimento reinante, sabemos que as pessoas costumam ter lados. A imparcialidade \u00e9 exce\u00e7\u00e3o. N\u00e3o \u00e9 regra. E, ao que parece, a inten\u00e7\u00e3o do blogueiro, com esse texto mal escrito, n\u00e3o era informar, mas apenas \u201clacrar\u201d em cima de uma empresa com posicionamento discordante do dele.<\/p>\n\n\n\n<div class=\"wp-block-image\"><figure class=\"aligncenter is-resized\"><img loading=\"lazy\" decoding=\"async\" src=\"https:\/\/dhg1h5j42swfq.cloudfront.net\/2019\/04\/18094446\/Captura-de-Tela-2019-04-18-a%CC%80s-9.43.51-AM.png\" alt=\"\" class=\"wp-image-296068\" width=\"555\" height=\"354\"\/><\/figure><\/div>\n\n\n\n<p>Observando, finalmente, o momento em que se revela a parcialidade do blogueiro, ficamos aliviados. \u00c9 uma enorme satisfa\u00e7\u00e3o para o Estrat\u00e9gia Concursos estar em espectro pol\u00edtico oposto ao de quem tem como refer\u00eancia Guilherme Boulos, um invasor de propriedades privadas. De bandido, queremos dist\u00e2ncia. Por isso, comemoraremos a simb\u00f3lica pris\u00e3o do ex-presidente Lula. Sem d\u00favida, foi um marco no combate \u00e0 corrup\u00e7\u00e3o. Quando ele for condenado nos outros in\u00fameros processos em que \u00e9 r\u00e9u, comemoremos novamente. <\/p>\n\n\n\n<p>Ent\u00e3o, caro aluno(a) que nos l\u00ea: j\u00e1 sabe, n\u00e9?! Quando Lula for condenado novamente, ser\u00e1 dia de desconto no Estrat\u00e9gia!<\/p>\n\n\n\n<figure class=\"wp-block-image is-resized\"><img loading=\"lazy\" decoding=\"async\" src=\"https:\/\/dhg1h5j42swfq.cloudfront.net\/2019\/04\/18094516\/Captura-de-Tela-2019-04-18-a%CC%80s-9.44.49-AM.png\" alt=\"\" class=\"wp-image-296069\" width=\"548\" height=\"118\" srcset=\"https:\/\/dhg1h5j42swfq.cloudfront.net\/2019\/04\/18094516\/Captura-de-Tela-2019-04-18-a%CC%80s-9.44.49-AM.png 1302w, https:\/\/dhg1h5j42swfq.cloudfront.net\/2019\/04\/18094516\/Captura-de-Tela-2019-04-18-a%CC%80s-9.44.49-AM.png 300w, https:\/\/dhg1h5j42swfq.cloudfront.net\/2019\/04\/18094516\/Captura-de-Tela-2019-04-18-a%CC%80s-9.44.49-AM.png 768w, https:\/\/dhg1h5j42swfq.cloudfront.net\/2019\/04\/18094516\/Captura-de-Tela-2019-04-18-a%CC%80s-9.44.49-AM.png 1024w\" sizes=\"auto, (max-width: 548px) 100vw, 548px\" \/><\/figure>\n\n\n\n<p>Outra mentira do blogueiro ocorre quando ele diz que o\ncandidato Jair Bolsonaro \u201cp\u00f4s fim ao sonho\u201d (?) de milhares de pessoas que\nquerem se tornar servidor p\u00fablico. Na verdade, h\u00e1 poucos dias, o governo anunciou\nque convocaria 1.000 aprovados no \u00faltimo concurso da Pol\u00edcia Federal (eram 500\nvagas, mas ele disse que vai chamar o dobro do n\u00famero de vagas inicialmente\nprevisto).<\/p>\n\n\n\n<p>Na LDO enviada ao Congresso, no dia 15\/04, at\u00e9 que algu\u00e9m mostre o contr\u00e1rio, n\u00e3o h\u00e1 nada que seja diferente do que estava em LDOs enviadas em anos anteriores. Inclusive, o Estrat\u00e9gia Concursos, sempre no intuito de manter seus alunos informados, fez uma transmiss\u00e3o no Youtube para comentar o envio da LDO 2020 ao Parlamento:<\/p>\n\n\n<figure class=\"wp-block-embed-youtube wp-block-embed is-type-video is-provider-youtube wp-embed-aspect-16-9 wp-has-aspect-ratio\"><div class=\"lyte-wrapper\" style=\"width:853px;max-width:100%;margin:5px;\"><div class=\"lyMe\" id=\"WYL_oqobVdMusmE\"><div id=\"lyte_oqobVdMusmE\" data-src=\"\/\/i.ytimg.com\/vi\/oqobVdMusmE\/hqdefault.jpg\" class=\"pL\"><div class=\"tC\"><div class=\"tT\"><\/div><\/div><div class=\"play\"><\/div><div class=\"ctrl\"><div class=\"Lctrl\"><\/div><div class=\"Rctrl\"><\/div><\/div><\/div><noscript><a href=\"https:\/\/youtu.be\/oqobVdMusmE\" rel=\"nofollow\"><img loading=\"lazy\" decoding=\"async\" src=\"https:\/\/i.ytimg.com\/vi\/oqobVdMusmE\/0.jpg\" alt=\"YouTube video thumbnail\" width=\"853\" height=\"460\" \/><br \/>Assista a este v\u00eddeo no YouTube<\/a><\/noscript><\/div><\/div><div class=\"lL\" style=\"max-width:100%;width:853px;margin:5px;\"><\/div><figcaption><\/figcaption><\/figure>\n\n\n<p>Em r\u00e1pidas pesquisas no Google, o blogueiro teria,\nfacilmente, acesso \u00e0s informa\u00e7\u00f5es completas para opinar sobre o tema. Mas,\nconforme j\u00e1 explicamos e comentaremos novamente a seguir, sua inten\u00e7\u00e3o nunca\nfoi informar.<\/p>\n\n\n\n<p>Prossigamos para o pior par\u00e1grafo do sujeito:<\/p>\n\n\n\n<figure class=\"wp-block-image is-resized\"><img loading=\"lazy\" decoding=\"async\" src=\"https:\/\/dhg1h5j42swfq.cloudfront.net\/2019\/04\/18094612\/Captura-de-Tela-2019-04-18-a%CC%80s-9.45.51-AM.png\" alt=\"\" class=\"wp-image-296070\" width=\"551\" height=\"129\" srcset=\"https:\/\/dhg1h5j42swfq.cloudfront.net\/2019\/04\/18094612\/Captura-de-Tela-2019-04-18-a%CC%80s-9.45.51-AM.png 1298w, https:\/\/dhg1h5j42swfq.cloudfront.net\/2019\/04\/18094612\/Captura-de-Tela-2019-04-18-a%CC%80s-9.45.51-AM.png 300w, https:\/\/dhg1h5j42swfq.cloudfront.net\/2019\/04\/18094612\/Captura-de-Tela-2019-04-18-a%CC%80s-9.45.51-AM.png 768w, https:\/\/dhg1h5j42swfq.cloudfront.net\/2019\/04\/18094612\/Captura-de-Tela-2019-04-18-a%CC%80s-9.45.51-AM.png 1024w\" sizes=\"auto, (max-width: 551px) 100vw, 551px\" \/><\/figure>\n\n\n\n<p>Esse par\u00e1grafo, particularmente, pode provocar \u00e2nsia de v\u00f4mito, tamanha a desonestidade intelectual. Primeiro, o blogueiro sequer teve a iniciativa de consultar o Google para saber, por meio de informa\u00e7\u00f5es divulgadas em portais oficiais, o n\u00famero de servidores p\u00fablicos ativos no Governo Federal. <\/p>\n\n\n\n<p>Em um esfor\u00e7o de pesquisa que duraria CINCO minutos, ele\nchegaria ao Portal da Transpar\u00eancia, que nos mostra que o Governo Federal\npossui 930.916 servidores efetivos em exerc\u00edcio (com estabilidade). O n\u00famero \u00e9\nbem distante dos 700 mil que ele diz.<\/p>\n\n\n\n<p>Estes 930.916 servidores t\u00eam estabilidade garantida\nconstitucionalmente. Portanto, o governo n\u00e3o tem como \u201cfechar\u201d (demitir) as 250\nmil vagas que est\u00e3o preenchidas com os servidores a que se refere o par\u00e1grafo.\nNo m\u00e1ximo, pode-se esperar algum efetivo se aposentar e repor o pessoal em quantidade\ninferior ao n\u00famero dos que se aposentarem no decorrer dos pr\u00f3ximos anos. Mas\nisso \u00e9 bem diferente de \u201cfechar 250 mil vagas\u201d. <\/p>\n\n\n\n<p>Pela apar\u00eancia do blogueiro, percebe-se que \u00e9 pessoa\nexperiente. Seu curr\u00edculo fala em 32 anos de profiss\u00e3o. Tamb\u00e9m mostra diversos\npr\u00eamios recebidos. Apesar dos in\u00fameros erros de Portugu\u00eas, percebe-se que sabe\nmanipular a linguagem. E o fez em prol do sensacionalismo barato, para jogar o\nleitor contra o Estrat\u00e9gia Concursos e contra o governo. <\/p>\n\n\n\n<p>Diante de fatos como estes, come\u00e7a a fazer sentido o resultado da pesquisa CNT\/MDA, de Fev\/2019, em que apenas 3,7% dos entrevistados afirmaram que a Imprensa \u00e9 a institui\u00e7\u00e3o em que mais confiam (a Igreja ficou em primeiro lugar).<\/p>\n\n\n\n<p>Bem, passemos para o \u00faltimo par\u00e1grafo:<\/p>\n\n\n\n<figure class=\"wp-block-image is-resized\"><img loading=\"lazy\" decoding=\"async\" src=\"https:\/\/dhg1h5j42swfq.cloudfront.net\/2019\/04\/18094651\/Captura-de-Tela-2019-04-18-a%CC%80s-9.46.33-AM.png\" alt=\"\" class=\"wp-image-296072\" width=\"539\" height=\"140\" srcset=\"https:\/\/dhg1h5j42swfq.cloudfront.net\/2019\/04\/18094651\/Captura-de-Tela-2019-04-18-a%CC%80s-9.46.33-AM.png 1300w, https:\/\/dhg1h5j42swfq.cloudfront.net\/2019\/04\/18094651\/Captura-de-Tela-2019-04-18-a%CC%80s-9.46.33-AM.png 300w, https:\/\/dhg1h5j42swfq.cloudfront.net\/2019\/04\/18094651\/Captura-de-Tela-2019-04-18-a%CC%80s-9.46.33-AM.png 768w, https:\/\/dhg1h5j42swfq.cloudfront.net\/2019\/04\/18094651\/Captura-de-Tela-2019-04-18-a%CC%80s-9.46.33-AM.png 1024w\" sizes=\"auto, (max-width: 539px) 100vw, 539px\" \/><figcaption><br \/><\/figcaption><\/figure>\n\n\n\n<p>Aqui, temos o \u00fanico par\u00e1grafo sem Fake News. De fato, o\nestado brasileiro poderia ser mais eficiente. S\u00e3o raros os servi\u00e7os p\u00fablicos dignos\nde elogios quase un\u00e2nimes da sociedade. \u00c9 preciso modernizar, sim, o setor\np\u00fablico com o uso de tecnologias. Mas, mesmo neste cen\u00e1rio, muitos servidores\np\u00fablicos sempre ser\u00e3o necess\u00e1rios.<\/p>\n\n\n\n<p>&#8230;.<\/p>\n\n\n\n<p>Terminada a an\u00e1lise do texto, gostar\u00edamos de afirmar que\nlamentamos o ocorrido. \u00c9 bem prov\u00e1vel que este lixo encontrado no blog do\nCorreio Braziliense seja republicado por outros portais cujos objetivos\nideol\u00f3gicos s\u00e3o conhecidos de todos. Vale tudo para atingir e prejudicar\npessoas que resolveram se posicionar contra a maior cleptocracia j\u00e1 vista na\nhist\u00f3ria mundial. A milit\u00e2ncia \u00e9 raivosa e n\u00e3o perdoa. <\/p>\n\n\n\n<p>No entanto, nossos valores s\u00e3o inegoci\u00e1veis. N\u00e3o vamos desejar o pior para o pa\u00eds s\u00f3 para ver mais concursos sendo abertos. A tentativa de ajuste fiscal (que se iniciou em 2015) \u00e9 justific\u00e1vel, face aos enormes d\u00e9ficits p\u00fablicos que o pa\u00eds vem enfrentando. Mas, mesmo neste cen\u00e1rio, tem havido concursos. <\/p>\n\n\n\n<p>Recomendamos aos concurseiros \u2013 sendo nossos alunos ou n\u00e3o \u2013 que mantenham sua motiva\u00e7\u00e3o nos estudos. Vamos torcer para que os ajustes sejam feitos, e o Brasil possa retomar o caminho do crescimento, com infla\u00e7\u00e3o baixa e as contas p\u00fablicas equilibradas. Quando o pa\u00eds cresce, todos crescem juntos.<\/p>\n\n\n\n<p><strong>Heber Carvalho <br \/>Fundador do Estrat\u00e9gia Concursos<\/strong><\/p>\n\n\n\n<p><strong>Instagram:<\/strong> <a rel=\"noreferrer noopener\" aria-label=\"@profhebercarvalho (opens in a new tab)\" href=\"https:\/\/www.instagram.com\/profhebercarvalho\/?utm_source=ig_profile_share&amp;igshid=gxga945fcnzq\" target=\"_blank\">@profhebercarvalho<\/a><\/p>\n\n\n\n<p><a href=\"https:\/\/www.estrategiaconcursos.com.br\/cursos\/concurso\/\">Cursos para Concursos<\/a><\/p>\n\n\n\n<p><a href=\"https:\/\/www.estrategiaconcursos.com.br\/blog\/concursos-2019\/\">Concursos 2019 &#8211; Previs\u00f5es realistas e atualizadas<\/a><\/p>\n\n\n\n<figure class=\"wp-block-image\"><a href=\"https:\/\/www.estrategiaconcursos.com.br\/blog\/concursos-2019\/\" target=\"_blank\" rel=\"noreferrer noopener\"><img loading=\"lazy\" decoding=\"async\" width=\"600\" height=\"314\" src=\"https:\/\/dhg1h5j42swfq.cloudfront.net\/2019\/03\/27172756\/concursos-2019-e1556561639706.jpg\" alt=\"\" class=\"wp-image-174621\"\/><\/a><\/figure>\n","protected":false},"excerpt":{"rendered":"<p>O Estrat\u00e9gia Concursos repudia veementemente o artigo publicado pelo blogueiro Vicente Nunes do jornal \u201cCorreio Braziliense\u201d. Analisamos os 5 par\u00e1grafos do texto, um por um. Conforme ser\u00e1 mostrado ao leitor, o artigo \u00e9 eivado de dados falsos, maledic\u00eancia e erros de Portugu\u00eas. Vamos ao seu come\u00e7o: At\u00e9 o momento, o \u201ccursinho\u201d vai muito bem e [&hellip;]<\/p>\n","protected":false},"author":13,"featured_media":0,"comment_status":"open","ping_status":"closed","sticky":false,"template":"","format":"standard","meta":{"post_tipo":"article","footnotes":""},"categories":[1],"tags":[],"tax_estado":[],"class_list":["post-296051","post","type-post","status-publish","format-standard","hentry","category-cursos-e-concursos"],"acf":[],"yoast_head":"<!-- This site is optimized with the Yoast SEO Premium plugin v27.2 (Yoast SEO v27.2) - https:\/\/yoast.com\/product\/yoast-seo-premium-wordpress\/ -->\n<title>Nota de rep\u00fadio \u00e0 Fake News do Correio Braziliense<\/title>\n<meta name=\"robots\" content=\"index, follow, max-snippet:-1, max-image-preview:large, max-video-preview:-1\" \/>\n<link rel=\"canonical\" href=\"https:\/\/www.estrategiaconcursos.com.br\/blog\/nota-de-repudio-ao-correio-braziliense\/\" \/>\n<meta property=\"og:locale\" content=\"pt_BR\" \/>\n<meta property=\"og:type\" content=\"article\" \/>\n<meta property=\"og:title\" content=\"Nota de rep\u00fadio \u00e0 Fake News do Correio Braziliense\" \/>\n<meta property=\"og:description\" content=\"O Estrat\u00e9gia Concursos repudia veementemente o artigo publicado pelo blogueiro Vicente Nunes do jornal \u201cCorreio Braziliense\u201d. Analisamos os 5 par\u00e1grafos do texto, um por um. Conforme ser\u00e1 mostrado ao leitor, o artigo \u00e9 eivado de dados falsos, maledic\u00eancia e erros de Portugu\u00eas. Vamos ao seu come\u00e7o: At\u00e9 o momento, o \u201ccursinho\u201d vai muito bem e [&hellip;]\" \/>\n<meta property=\"og:url\" content=\"https:\/\/www.estrategiaconcursos.com.br\/blog\/nota-de-repudio-ao-correio-braziliense\/\" \/>\n<meta property=\"og:site_name\" content=\"Estrat\u00e9gia Concursos\" \/>\n<meta property=\"article:author\" content=\"https:\/\/www.facebook.com\/heber.economia\" \/>\n<meta property=\"article:published_time\" content=\"2019-04-18T12:32:50+00:00\" \/>\n<meta property=\"article:modified_time\" content=\"2019-04-18T14:52:38+00:00\" \/>\n<meta property=\"og:image\" content=\"https:\/\/www.estrategiaconcursos.com.br\/blog\/wp-content\/uploads\/2019\/04\/image105.png\" \/>\n<meta name=\"author\" content=\"Heber Carvalho\" \/>\n<meta name=\"twitter:card\" content=\"summary_large_image\" \/>\n<meta name=\"twitter:creator\" content=\"@https:\/\/twitter.com\/EstratConcursos\" \/>\n<meta name=\"twitter:site\" content=\"@EstratConcursos\" \/>\n<meta name=\"twitter:label1\" content=\"Escrito por\" \/>\n\t<meta name=\"twitter:data1\" content=\"Heber Carvalho\" \/>\n\t<meta name=\"twitter:label2\" content=\"Est. tempo de leitura\" \/>\n\t<meta name=\"twitter:data2\" content=\"6 minutos\" \/>\n<script type=\"application\/ld+json\" class=\"yoast-schema-graph\">{\"@context\":\"https:\/\/schema.org\",\"@graph\":[{\"@type\":\"NewsArticle\",\"@id\":\"https:\/\/www.estrategiaconcursos.com.br\/blog\/nota-de-repudio-ao-correio-braziliense\/#article\",\"isPartOf\":{\"@id\":\"https:\/\/www.estrategiaconcursos.com.br\/blog\/nota-de-repudio-ao-correio-braziliense\/\"},\"author\":{\"name\":\"Heber Carvalho\",\"@id\":\"https:\/\/www.estrategiaconcursos.com.br\/blog\/#\/schema\/person\/555176e5fb81029706226eaf88b58f77\"},\"headline\":\"Nota de rep\u00fadio \u00e0 Fake News do Correio Braziliense\",\"datePublished\":\"2019-04-18T12:32:50+00:00\",\"dateModified\":\"2019-04-18T14:52:38+00:00\",\"mainEntityOfPage\":{\"@id\":\"https:\/\/www.estrategiaconcursos.com.br\/blog\/nota-de-repudio-ao-correio-braziliense\/\"},\"wordCount\":1197,\"commentCount\":936,\"publisher\":{\"@id\":\"https:\/\/www.estrategiaconcursos.com.br\/blog\/#organization\"},\"image\":{\"@id\":\"https:\/\/www.estrategiaconcursos.com.br\/blog\/nota-de-repudio-ao-correio-braziliense\/#primaryimage\"},\"thumbnailUrl\":\"https:\/\/www.estrategiaconcursos.com.br\/blog\/wp-content\/uploads\/2019\/04\/image105.png\",\"articleSection\":[\"Concursos P\u00fablicos\"],\"inLanguage\":\"pt-BR\",\"potentialAction\":[{\"@type\":\"CommentAction\",\"name\":\"Comment\",\"target\":[\"https:\/\/www.estrategiaconcursos.com.br\/blog\/nota-de-repudio-ao-correio-braziliense\/#respond\"]}],\"copyrightYear\":\"2019\",\"copyrightHolder\":{\"@id\":\"https:\/\/www.estrategiaconcursos.com.br\/blog\/#organization\"}},{\"@type\":\"WebPage\",\"@id\":\"https:\/\/www.estrategiaconcursos.com.br\/blog\/nota-de-repudio-ao-correio-braziliense\/\",\"url\":\"https:\/\/www.estrategiaconcursos.com.br\/blog\/nota-de-repudio-ao-correio-braziliense\/\",\"name\":\"Nota de rep\u00fadio \u00e0 Fake News do Correio Braziliense\",\"isPartOf\":{\"@id\":\"https:\/\/www.estrategiaconcursos.com.br\/blog\/#website\"},\"primaryImageOfPage\":{\"@id\":\"https:\/\/www.estrategiaconcursos.com.br\/blog\/nota-de-repudio-ao-correio-braziliense\/#primaryimage\"},\"image\":{\"@id\":\"https:\/\/www.estrategiaconcursos.com.br\/blog\/nota-de-repudio-ao-correio-braziliense\/#primaryimage\"},\"thumbnailUrl\":\"https:\/\/www.estrategiaconcursos.com.br\/blog\/wp-content\/uploads\/2019\/04\/image105.png\",\"datePublished\":\"2019-04-18T12:32:50+00:00\",\"dateModified\":\"2019-04-18T14:52:38+00:00\",\"breadcrumb\":{\"@id\":\"https:\/\/www.estrategiaconcursos.com.br\/blog\/nota-de-repudio-ao-correio-braziliense\/#breadcrumb\"},\"inLanguage\":\"pt-BR\",\"potentialAction\":[{\"@type\":\"ReadAction\",\"target\":[\"https:\/\/www.estrategiaconcursos.com.br\/blog\/nota-de-repudio-ao-correio-braziliense\/\"]}]},{\"@type\":\"ImageObject\",\"inLanguage\":\"pt-BR\",\"@id\":\"https:\/\/www.estrategiaconcursos.com.br\/blog\/nota-de-repudio-ao-correio-braziliense\/#primaryimage\",\"url\":\"https:\/\/dhg1h5j42swfq.cloudfront.net\/2019\/04\/18093156\/image105.png\",\"contentUrl\":\"https:\/\/dhg1h5j42swfq.cloudfront.net\/2019\/04\/18093156\/image105.png\",\"width\":575,\"height\":246},{\"@type\":\"BreadcrumbList\",\"@id\":\"https:\/\/www.estrategiaconcursos.com.br\/blog\/nota-de-repudio-ao-correio-braziliense\/#breadcrumb\",\"itemListElement\":[{\"@type\":\"ListItem\",\"position\":1,\"name\":\"In\u00edcio\",\"item\":\"https:\/\/www.estrategiaconcursos.com.br\/blog\/\"},{\"@type\":\"ListItem\",\"position\":2,\"name\":\"Nota de rep\u00fadio \u00e0 Fake News do Correio Braziliense\"}]},{\"@type\":\"WebSite\",\"@id\":\"https:\/\/www.estrategiaconcursos.com.br\/blog\/#website\",\"url\":\"https:\/\/www.estrategiaconcursos.com.br\/blog\/\",\"name\":\"Estrat\u00e9gia Concursos\",\"description\":\"O blog da Estrat\u00e9gia Concursos traz not\u00edcias sobre concursos e artigos de professores oferecendo cursos para concursos (pdf + videaulas) no site.\",\"publisher\":{\"@id\":\"https:\/\/www.estrategiaconcursos.com.br\/blog\/#organization\"},\"potentialAction\":[{\"@type\":\"SearchAction\",\"target\":{\"@type\":\"EntryPoint\",\"urlTemplate\":\"https:\/\/www.estrategiaconcursos.com.br\/blog\/?s={search_term_string}\"},\"query-input\":{\"@type\":\"PropertyValueSpecification\",\"valueRequired\":true,\"valueName\":\"search_term_string\"}}],\"inLanguage\":\"pt-BR\"},{\"@type\":\"Organization\",\"@id\":\"https:\/\/www.estrategiaconcursos.com.br\/blog\/#organization\",\"name\":\"Estrat\u00e9gia Concursos\",\"url\":\"https:\/\/www.estrategiaconcursos.com.br\/blog\/\",\"logo\":{\"@type\":\"ImageObject\",\"inLanguage\":\"pt-BR\",\"@id\":\"https:\/\/www.estrategiaconcursos.com.br\/blog\/#\/schema\/logo\/image\/\",\"url\":\"https:\/\/dhg1h5j42swfq.cloudfront.net\/2025\/06\/03203428\/logo_concursos-1.jpg\",\"contentUrl\":\"https:\/\/dhg1h5j42swfq.cloudfront.net\/2025\/06\/03203428\/logo_concursos-1.jpg\",\"width\":230,\"height\":60,\"caption\":\"Estrat\u00e9gia Concursos\"},\"image\":{\"@id\":\"https:\/\/www.estrategiaconcursos.com.br\/blog\/#\/schema\/logo\/image\/\"},\"sameAs\":[\"https:\/\/x.com\/EstratConcursos\"]},{\"@type\":\"Person\",\"@id\":\"https:\/\/www.estrategiaconcursos.com.br\/blog\/#\/schema\/person\/555176e5fb81029706226eaf88b58f77\",\"name\":\"Heber Carvalho\",\"image\":{\"@type\":\"ImageObject\",\"inLanguage\":\"pt-BR\",\"@id\":\"https:\/\/secure.gravatar.com\/avatar\/7fb00f951b5b5ef6352d915a4dd32e75828f1e329e22967291a52e461270e40a?s=96&d=mm&r=g\",\"url\":\"https:\/\/secure.gravatar.com\/avatar\/7fb00f951b5b5ef6352d915a4dd32e75828f1e329e22967291a52e461270e40a?s=96&d=mm&r=g\",\"contentUrl\":\"https:\/\/secure.gravatar.com\/avatar\/7fb00f951b5b5ef6352d915a4dd32e75828f1e329e22967291a52e461270e40a?s=96&d=mm&r=g\",\"caption\":\"Heber Carvalho\"},\"sameAs\":[\"https:\/\/www.facebook.com\/heber.economia\",\"https:\/\/x.com\/https:\/\/twitter.com\/EstratConcursos\"],\"url\":\"https:\/\/www.estrategiaconcursos.com.br\/blog\/author\/hebercarvalhoestrategiaconcursos-com-br\/\"}]}<\/script>\n<!-- \/ Yoast SEO Premium plugin. -->","yoast_head_json":{"title":"Nota de rep\u00fadio \u00e0 Fake News do Correio Braziliense","robots":{"index":"index","follow":"follow","max-snippet":"max-snippet:-1","max-image-preview":"max-image-preview:large","max-video-preview":"max-video-preview:-1"},"canonical":"https:\/\/www.estrategiaconcursos.com.br\/blog\/nota-de-repudio-ao-correio-braziliense\/","og_locale":"pt_BR","og_type":"article","og_title":"Nota de rep\u00fadio \u00e0 Fake News do Correio Braziliense","og_description":"O Estrat\u00e9gia Concursos repudia veementemente o artigo publicado pelo blogueiro Vicente Nunes do jornal \u201cCorreio Braziliense\u201d. Analisamos os 5 par\u00e1grafos do texto, um por um. Conforme ser\u00e1 mostrado ao leitor, o artigo \u00e9 eivado de dados falsos, maledic\u00eancia e erros de Portugu\u00eas. Vamos ao seu come\u00e7o: At\u00e9 o momento, o \u201ccursinho\u201d vai muito bem e [&hellip;]","og_url":"https:\/\/www.estrategiaconcursos.com.br\/blog\/nota-de-repudio-ao-correio-braziliense\/","og_site_name":"Estrat\u00e9gia Concursos","article_author":"https:\/\/www.facebook.com\/heber.economia","article_published_time":"2019-04-18T12:32:50+00:00","article_modified_time":"2019-04-18T14:52:38+00:00","og_image":[{"url":"https:\/\/www.estrategiaconcursos.com.br\/blog\/wp-content\/uploads\/2019\/04\/image105.png","type":"","width":"","height":""}],"author":"Heber Carvalho","twitter_card":"summary_large_image","twitter_creator":"@https:\/\/twitter.com\/EstratConcursos","twitter_site":"@EstratConcursos","twitter_misc":{"Escrito por":"Heber Carvalho","Est. tempo de leitura":"6 minutos"},"schema":{"@context":"https:\/\/schema.org","@graph":[{"@type":"NewsArticle","@id":"https:\/\/www.estrategiaconcursos.com.br\/blog\/nota-de-repudio-ao-correio-braziliense\/#article","isPartOf":{"@id":"https:\/\/www.estrategiaconcursos.com.br\/blog\/nota-de-repudio-ao-correio-braziliense\/"},"author":{"name":"Heber Carvalho","@id":"https:\/\/www.estrategiaconcursos.com.br\/blog\/#\/schema\/person\/555176e5fb81029706226eaf88b58f77"},"headline":"Nota de rep\u00fadio \u00e0 Fake News do Correio Braziliense","datePublished":"2019-04-18T12:32:50+00:00","dateModified":"2019-04-18T14:52:38+00:00","mainEntityOfPage":{"@id":"https:\/\/www.estrategiaconcursos.com.br\/blog\/nota-de-repudio-ao-correio-braziliense\/"},"wordCount":1197,"commentCount":936,"publisher":{"@id":"https:\/\/www.estrategiaconcursos.com.br\/blog\/#organization"},"image":{"@id":"https:\/\/www.estrategiaconcursos.com.br\/blog\/nota-de-repudio-ao-correio-braziliense\/#primaryimage"},"thumbnailUrl":"https:\/\/www.estrategiaconcursos.com.br\/blog\/wp-content\/uploads\/2019\/04\/image105.png","articleSection":["Concursos P\u00fablicos"],"inLanguage":"pt-BR","potentialAction":[{"@type":"CommentAction","name":"Comment","target":["https:\/\/www.estrategiaconcursos.com.br\/blog\/nota-de-repudio-ao-correio-braziliense\/#respond"]}],"copyrightYear":"2019","copyrightHolder":{"@id":"https:\/\/www.estrategiaconcursos.com.br\/blog\/#organization"}},{"@type":"WebPage","@id":"https:\/\/www.estrategiaconcursos.com.br\/blog\/nota-de-repudio-ao-correio-braziliense\/","url":"https:\/\/www.estrategiaconcursos.com.br\/blog\/nota-de-repudio-ao-correio-braziliense\/","name":"Nota de rep\u00fadio \u00e0 Fake News do Correio Braziliense","isPartOf":{"@id":"https:\/\/www.estrategiaconcursos.com.br\/blog\/#website"},"primaryImageOfPage":{"@id":"https:\/\/www.estrategiaconcursos.com.br\/blog\/nota-de-repudio-ao-correio-braziliense\/#primaryimage"},"image":{"@id":"https:\/\/www.estrategiaconcursos.com.br\/blog\/nota-de-repudio-ao-correio-braziliense\/#primaryimage"},"thumbnailUrl":"https:\/\/www.estrategiaconcursos.com.br\/blog\/wp-content\/uploads\/2019\/04\/image105.png","datePublished":"2019-04-18T12:32:50+00:00","dateModified":"2019-04-18T14:52:38+00:00","breadcrumb":{"@id":"https:\/\/www.estrategiaconcursos.com.br\/blog\/nota-de-repudio-ao-correio-braziliense\/#breadcrumb"},"inLanguage":"pt-BR","potentialAction":[{"@type":"ReadAction","target":["https:\/\/www.estrategiaconcursos.com.br\/blog\/nota-de-repudio-ao-correio-braziliense\/"]}]},{"@type":"ImageObject","inLanguage":"pt-BR","@id":"https:\/\/www.estrategiaconcursos.com.br\/blog\/nota-de-repudio-ao-correio-braziliense\/#primaryimage","url":"https:\/\/dhg1h5j42swfq.cloudfront.net\/2019\/04\/18093156\/image105.png","contentUrl":"https:\/\/dhg1h5j42swfq.cloudfront.net\/2019\/04\/18093156\/image105.png","width":575,"height":246},{"@type":"BreadcrumbList","@id":"https:\/\/www.estrategiaconcursos.com.br\/blog\/nota-de-repudio-ao-correio-braziliense\/#breadcrumb","itemListElement":[{"@type":"ListItem","position":1,"name":"In\u00edcio","item":"https:\/\/www.estrategiaconcursos.com.br\/blog\/"},{"@type":"ListItem","position":2,"name":"Nota de rep\u00fadio \u00e0 Fake News do Correio Braziliense"}]},{"@type":"WebSite","@id":"https:\/\/www.estrategiaconcursos.com.br\/blog\/#website","url":"https:\/\/www.estrategiaconcursos.com.br\/blog\/","name":"Estrat\u00e9gia Concursos","description":"O blog da Estrat\u00e9gia Concursos traz not\u00edcias sobre concursos e artigos de professores oferecendo cursos para concursos (pdf + videaulas) no site.","publisher":{"@id":"https:\/\/www.estrategiaconcursos.com.br\/blog\/#organization"},"potentialAction":[{"@type":"SearchAction","target":{"@type":"EntryPoint","urlTemplate":"https:\/\/www.estrategiaconcursos.com.br\/blog\/?s={search_term_string}"},"query-input":{"@type":"PropertyValueSpecification","valueRequired":true,"valueName":"search_term_string"}}],"inLanguage":"pt-BR"},{"@type":"Organization","@id":"https:\/\/www.estrategiaconcursos.com.br\/blog\/#organization","name":"Estrat\u00e9gia Concursos","url":"https:\/\/www.estrategiaconcursos.com.br\/blog\/","logo":{"@type":"ImageObject","inLanguage":"pt-BR","@id":"https:\/\/www.estrategiaconcursos.com.br\/blog\/#\/schema\/logo\/image\/","url":"https:\/\/dhg1h5j42swfq.cloudfront.net\/2025\/06\/03203428\/logo_concursos-1.jpg","contentUrl":"https:\/\/dhg1h5j42swfq.cloudfront.net\/2025\/06\/03203428\/logo_concursos-1.jpg","width":230,"height":60,"caption":"Estrat\u00e9gia Concursos"},"image":{"@id":"https:\/\/www.estrategiaconcursos.com.br\/blog\/#\/schema\/logo\/image\/"},"sameAs":["https:\/\/x.com\/EstratConcursos"]},{"@type":"Person","@id":"https:\/\/www.estrategiaconcursos.com.br\/blog\/#\/schema\/person\/555176e5fb81029706226eaf88b58f77","name":"Heber Carvalho","image":{"@type":"ImageObject","inLanguage":"pt-BR","@id":"https:\/\/secure.gravatar.com\/avatar\/7fb00f951b5b5ef6352d915a4dd32e75828f1e329e22967291a52e461270e40a?s=96&d=mm&r=g","url":"https:\/\/secure.gravatar.com\/avatar\/7fb00f951b5b5ef6352d915a4dd32e75828f1e329e22967291a52e461270e40a?s=96&d=mm&r=g","contentUrl":"https:\/\/secure.gravatar.com\/avatar\/7fb00f951b5b5ef6352d915a4dd32e75828f1e329e22967291a52e461270e40a?s=96&d=mm&r=g","caption":"Heber Carvalho"},"sameAs":["https:\/\/www.facebook.com\/heber.economia","https:\/\/x.com\/https:\/\/twitter.com\/EstratConcursos"],"url":"https:\/\/www.estrategiaconcursos.com.br\/blog\/author\/hebercarvalhoestrategiaconcursos-com-br\/"}]}},"_links":{"self":[{"href":"https:\/\/www.estrategiaconcursos.com.br\/blog\/wp-json\/wp\/v2\/posts\/296051","targetHints":{"allow":["GET"]}}],"collection":[{"href":"https:\/\/www.estrategiaconcursos.com.br\/blog\/wp-json\/wp\/v2\/posts"}],"about":[{"href":"https:\/\/www.estrategiaconcursos.com.br\/blog\/wp-json\/wp\/v2\/types\/post"}],"author":[{"embeddable":true,"href":"https:\/\/www.estrategiaconcursos.com.br\/blog\/wp-json\/wp\/v2\/users\/13"}],"replies":[{"embeddable":true,"href":"https:\/\/www.estrategiaconcursos.com.br\/blog\/wp-json\/wp\/v2\/comments?post=296051"}],"version-history":[{"count":23,"href":"https:\/\/www.estrategiaconcursos.com.br\/blog\/wp-json\/wp\/v2\/posts\/296051\/revisions"}],"predecessor-version":[{"id":296122,"href":"https:\/\/www.estrategiaconcursos.com.br\/blog\/wp-json\/wp\/v2\/posts\/296051\/revisions\/296122"}],"wp:attachment":[{"href":"https:\/\/www.estrategiaconcursos.com.br\/blog\/wp-json\/wp\/v2\/media?parent=296051"}],"wp:term":[{"taxonomy":"category","embeddable":true,"href":"https:\/\/www.estrategiaconcursos.com.br\/blog\/wp-json\/wp\/v2\/categories?post=296051"},{"taxonomy":"post_tag","embeddable":true,"href":"https:\/\/www.estrategiaconcursos.com.br\/blog\/wp-json\/wp\/v2\/tags?post=296051"},{"taxonomy":"tax_estado","embeddable":true,"href":"https:\/\/www.estrategiaconcursos.com.br\/blog\/wp-json\/wp\/v2\/tax_estado?post=296051"}],"curies":[{"name":"wp","href":"https:\/\/api.w.org\/{rel}","templated":true}]}}