{"id":29601,"date":"2015-11-27T18:33:02","date_gmt":"2015-11-27T21:33:02","guid":{"rendered":"http:\/\/www.estrategiaconcursos.com.br\/blog\/?p=29601"},"modified":"2015-11-27T18:33:02","modified_gmt":"2015-11-27T21:33:02","slug":"o-rompimento-da-barreira-da-represa-o-meio-ambiente-e-a-sua-prova-fique-de-olho","status":"publish","type":"post","link":"https:\/\/www.estrategiaconcursos.com.br\/blog\/o-rompimento-da-barreira-da-represa-o-meio-ambiente-e-a-sua-prova-fique-de-olho\/","title":{"rendered":"O rompimento da barreira da represa, o meio ambiente e a sua prova. Fique de olho!!!!"},"content":{"rendered":"<p>Voc\u00ea e muitos brasileiros devem estar aturdidos com um dos maiores desastres ambientais mundial.<\/p>\n<p>Pouco se foi falado na m\u00eddia, principalmente devido aos fatos pol\u00edticos e econ\u00f4micos se sobreporem ao desastre em quest\u00e3o.<\/p>\n<p>Agora resta torcer para que os efeitos ambientais e humano (que s\u00e3o gigantescos) sejam amenizados por atitudes vindas do governo (at\u00e9 aqui ausente de todo esse processo, pois, busca salvar o pr\u00f3prio pesco\u00e7o da corda) e por parte da empresa (que julga que o fato foi um simples acidente. Se bobear, nem se julga respons\u00e1vel).<\/p>\n<p>Este assunto pode aparecer na sua prova nas disciplinas cobradas nas provas, tais como Atualidades, Geografia, Biologia, Qu\u00edmica, Hist\u00f3ria. Ou outra qualquer. Percebeu a import\u00e2ncia desta cat\u00e1strofe para o pa\u00eds e para sua prova?<\/p>\n<p>Os elementos t\u00f3xicos podem ser questionados em Qu\u00edmica, no aspecto da distribui\u00e7\u00e3o eletr\u00f4nica, classifica\u00e7\u00e3o peri\u00f3dica, efeitos t\u00f3xicos, propriedades f\u00edsicas (o texto menciona a insolubilidade destes em \u00e1gua), pH, \u00a0enfim, v\u00e1rias op\u00e7\u00f5es.<\/p>\n<p>Em Biologia pode ser questionado a a\u00e7\u00e3o destes elementos sobre omeio ambiente, sobre habitats espec\u00edficos que foram afetados (mangues e aqui teremos a geografia; projeto TAMAR, entre outros), tempo e formas de recupera\u00e7\u00e3o do rio e do oceano.<\/p>\n<p>Como n\u00e3o pretendo discorrer sobre todos os aspectos poss\u00edveis recomendo o seguinte: fique ligado!!!!!<\/p>\n<p>&nbsp;<\/p>\n<p><strong>Vale admite presen\u00e7a de ars\u00eanico, chumbo e outros metais no rio Doce<\/strong><\/p>\n<p>27.nov.2015 &#8211; T\u00e9cnico retira amostra de \u00e1gua do mar em Reg\u00eancia (ES). O navio de pesquisa da Marinha est\u00e1 no local e vai realizar an\u00e1lises para mensurar os impactos da lama de rejeitos, proveniente do rompimento de uma barragem em Mariana (MG), na foz do Rio Doce e no litoral capixaba<\/p>\n<p>A mineradora Vale afirmou nesta sexta-feira (27) que as \u00e1guas do rio Doce cont\u00eam em certos pontos chumbo, ars\u00eanico e n\u00edquel, encontrados \u00e0s margens do leito do rio, e anunciou um fundo para fazer a recupera\u00e7\u00e3o ambiental.<\/p>\n<p>A administra\u00e7\u00e3o da Vale, maior exportadora do Brasil, nega que a torrente de lama e res\u00edduos da explora\u00e7\u00e3o mineira que em 5 de novembro engoliu um povoado e contaminou o do rio Doce seja t\u00f3xica, como denuncia a ONU.<\/p>\n<p>Vania Somaville, diretora de Recursos Humanos, Sa\u00fade e Seguran\u00e7a da Vale, disse em coletiva de imprensa que em certos pontos do rio as an\u00e1lises do governo de Minas Gerais identificou chumbo, ars\u00eanico, n\u00edquel e cromo. Segundo Somaville, esses metais t\u00f3xicos j\u00e1 estavam nas margens ou no leito do segundo maior rio do Brasil, onde est\u00e3o assentadas 228 cidades, e foram removidos pela corrente de lama.<\/p>\n<p>&#8220;A boa not\u00edcia \u00e9 que estes materiais n\u00e3o s\u00e3o dissolvidos na \u00e1gua&#8221;, n\u00e3o modificaram a acidez da \u00e1gua (pH) e est\u00e3o diminuindo com o passar dos dias, acrescentou.<\/p>\n<p>&nbsp;<\/p>\n<p>Especialistas da ONU relataram esta semana que a massa viscosa de 50 milh\u00f5es de m3 de lamas e res\u00edduos provenientes da extra\u00e7\u00e3o de min\u00e9rio de ferro &#8220;mostrou altos n\u00edveis de metais pesados t\u00f3xicos e outros produtos qu\u00edmicos t\u00f3xicos no rio Doce&#8221;.<\/p>\n<p>&nbsp;<\/p>\n<p>O reservat\u00f3rio pertencia \u00e0 empresa brasileira de minera\u00e7\u00e3o Samarco, detida em partes iguais pela Vale e pela anglo-australiana BHP Billiton.<\/p>\n<p>Fundo &#8220;volunt\u00e1rio&#8221;<\/p>\n<p>O presidente da Vale, Murilo Ferreira, anunciou nesta sexta-feira a cria\u00e7\u00e3o de um grande fundo volunt\u00e1rio para recuperar o rio, no qual participar\u00e3o as tr\u00eas mineradoras. Seu valor total ainda n\u00e3o foi estabelecido.<\/p>\n<p>&#8220;Ser\u00e1 um fundo volunt\u00e1rio, um fundo de longo prazo (&#8230;) auditado por empresas internacionais&#8221;, em que tamb\u00e9m participam entidades governamentais e n\u00e3o-governamentais, do setor p\u00fablico e privado, disse Ferreira.<\/p>\n<p>O presidente da Vale foi criticado por responder tarde \u00e0 trag\u00e9dia assim. A primeira declara\u00e7\u00e3o ap\u00f3s o desastre havia relatado que a Vale era apenas acionista da Samarco.<\/p>\n<p>&#8220;O desastre foi extremamente doloroso para mim e todo o diret\u00f3rio&#8221; da Vale, argumentou Ferreira nesta sexta-feira.<\/p>\n<p>&#8220;Estou com a alma triste e consternada&#8221; pelas v\u00edtimas e &#8220;estamos muito preocupados porque existem 5.200 pessoas que n\u00e3o sabem o que esperar do futuro&#8221;, afirmou em refer\u00eancia aos empregados diretos e indiretos da Samarco na regi\u00e3o. As opera\u00e7\u00f5es da mineradora foram suspensas at\u00e9 que a investiga\u00e7\u00e3o sobre as causas da trag\u00e9dia sejam seja conclu\u00edda.<\/p>\n<p>Competidoras<\/p>\n<p>Ferreira e outros diretores da Vale disseram que as leis anti-monop\u00f3lio da Uni\u00e3o Europeia &#8211; um dos destinos das exporta\u00e7\u00f5es da Vale e da Samarco &#8211; pedem que eles se mantenham afastados da gest\u00e3o dessa joint-venture, j\u00e1 que ambas produzem min\u00e9rio de ferro e o bloco as considera competidoras.<\/p>\n<p>&#8220;Em quatro anos nunca fui aos escrit\u00f3rios da Samarco em Mariana, n\u00e3o os conhecia (&#8230;) N\u00e3o sabemos que s\u00e3o seus clientes, nem seus pre\u00e7os. N\u00e3o temos uma interfer\u00eancia direta na Samarco porque n\u00e3o podemos&#8221;, argumentou, se eximindo de toda responsabilidade direta no desastre.<\/p>\n<p>O n\u00famero um da Vale lembrou que dois dias ap\u00f3s o rompimento da barragem viajou para os arredores da cidade de Mariana e decidiu que a empresa deveria ajudar a Samarco no atendimento humanit\u00e1rio \u00e0s v\u00edtimas, como maneira de mostrar &#8220;solidariedade&#8221;.<\/p>\n<p>A Vale tem apenas uma &#8220;responsabilidade subsidi\u00e1ria&#8221; com a Samarco, o que implica que caso a d\u00e9cima exportadora do Brasil n\u00e3o possa pagar suas d\u00favidas, seus acionistas (Vale e BHP) dever\u00e3o assumi-las, explicou Cl\u00f3vis Torres, diretor jur\u00eddico da Vale.<\/p>\n<p>&#8220;A Samarco \u00e9 uma empresa grande, tem recursos para pagar eventuais danos. N\u00f3s como acionistas tentamos entender o que ocorreu&#8221;, agregou.<\/p>\n<p>&nbsp;<\/p>\n<p><strong>Destaco a frase final: o sofrimento e o valor afetivo, bem como os danos ambientais s\u00e3o valorados? Quem atribui valor a uma vida de um ente querido?<\/strong><\/p>\n<p>Um aspecto \u00e9tico e filos\u00f3fico a ser discutido.<\/p>\n<p>Um grande abra\u00e7o, queridos Estrategistas.<\/p>\n<p>Prof. Wagner Bertolini<\/p>\n","protected":false},"excerpt":{"rendered":"<p>Voc\u00ea e muitos brasileiros devem estar aturdidos com um dos maiores desastres ambientais mundial. Pouco se foi falado na m\u00eddia, principalmente devido aos fatos pol\u00edticos e econ\u00f4micos se sobreporem ao desastre em quest\u00e3o. Agora resta torcer para que os efeitos ambientais e humano (que s\u00e3o gigantescos) sejam amenizados por atitudes vindas do governo (at\u00e9 aqui [&hellip;]<\/p>\n","protected":false},"author":1,"featured_media":0,"comment_status":"open","ping_status":"open","sticky":false,"template":"","format":"standard","meta":{"post_tipo":"news","footnotes":""},"categories":[1],"tags":[],"tax_estado":[],"class_list":["post-29601","post","type-post","status-publish","format-standard","hentry","category-cursos-e-concursos"],"acf":[],"yoast_head":"<!-- This site is optimized with the Yoast SEO Premium plugin v27.2 (Yoast SEO v27.2) - https:\/\/yoast.com\/product\/yoast-seo-premium-wordpress\/ -->\n<title>O rompimento da barreira da represa, o meio ambiente e a sua prova. Fique de olho!!!!<\/title>\n<meta name=\"robots\" content=\"index, follow, max-snippet:-1, max-image-preview:large, max-video-preview:-1\" \/>\n<link rel=\"canonical\" href=\"https:\/\/www.estrategiaconcursos.com.br\/blog\/o-rompimento-da-barreira-da-represa-o-meio-ambiente-e-a-sua-prova-fique-de-olho\/\" \/>\n<meta property=\"og:locale\" content=\"pt_BR\" \/>\n<meta property=\"og:type\" content=\"article\" \/>\n<meta property=\"og:title\" content=\"O rompimento da barreira da represa, o meio ambiente e a sua prova. Fique de olho!!!!\" \/>\n<meta property=\"og:description\" content=\"Voc\u00ea e muitos brasileiros devem estar aturdidos com um dos maiores desastres ambientais mundial. Pouco se foi falado na m\u00eddia, principalmente devido aos fatos pol\u00edticos e econ\u00f4micos se sobreporem ao desastre em quest\u00e3o. Agora resta torcer para que os efeitos ambientais e humano (que s\u00e3o gigantescos) sejam amenizados por atitudes vindas do governo (at\u00e9 aqui [&hellip;]\" \/>\n<meta property=\"og:url\" content=\"https:\/\/www.estrategiaconcursos.com.br\/blog\/o-rompimento-da-barreira-da-represa-o-meio-ambiente-e-a-sua-prova-fique-de-olho\/\" \/>\n<meta property=\"og:site_name\" content=\"Estrat\u00e9gia Concursos\" \/>\n<meta property=\"article:author\" content=\"https:\/\/www.facebook.com\/EstrategiaConcursos\" \/>\n<meta property=\"article:published_time\" content=\"2015-11-27T21:33:02+00:00\" \/>\n<meta name=\"author\" content=\"Coordena\u00e7\u00e3o\" \/>\n<meta name=\"twitter:card\" content=\"summary_large_image\" \/>\n<meta name=\"twitter:creator\" content=\"@EstratConcursos\" \/>\n<meta name=\"twitter:site\" content=\"@EstratConcursos\" \/>\n<meta name=\"twitter:label1\" content=\"Escrito por\" \/>\n\t<meta name=\"twitter:data1\" content=\"Coordena\u00e7\u00e3o\" \/>\n\t<meta name=\"twitter:label2\" content=\"Est. tempo de leitura\" \/>\n\t<meta name=\"twitter:data2\" content=\"5 minutos\" \/>\n<script type=\"application\/ld+json\" class=\"yoast-schema-graph\">{\"@context\":\"https:\/\/schema.org\",\"@graph\":[{\"@type\":\"NewsArticle\",\"@id\":\"https:\/\/www.estrategiaconcursos.com.br\/blog\/o-rompimento-da-barreira-da-represa-o-meio-ambiente-e-a-sua-prova-fique-de-olho\/#article\",\"isPartOf\":{\"@id\":\"https:\/\/www.estrategiaconcursos.com.br\/blog\/o-rompimento-da-barreira-da-represa-o-meio-ambiente-e-a-sua-prova-fique-de-olho\/\"},\"author\":{\"name\":\"Coordena\u00e7\u00e3o\",\"@id\":\"https:\/\/www.estrategiaconcursos.com.br\/blog\/#\/schema\/person\/b4a388c97673c5f483d72185668afa1f\"},\"headline\":\"O rompimento da barreira da represa, o meio ambiente e a sua prova. Fique de olho!!!!\",\"datePublished\":\"2015-11-27T21:33:02+00:00\",\"mainEntityOfPage\":{\"@id\":\"https:\/\/www.estrategiaconcursos.com.br\/blog\/o-rompimento-da-barreira-da-represa-o-meio-ambiente-e-a-sua-prova-fique-de-olho\/\"},\"wordCount\":1021,\"commentCount\":0,\"publisher\":{\"@id\":\"https:\/\/www.estrategiaconcursos.com.br\/blog\/#organization\"},\"articleSection\":[\"Concursos P\u00fablicos\"],\"inLanguage\":\"pt-BR\",\"potentialAction\":[{\"@type\":\"CommentAction\",\"name\":\"Comment\",\"target\":[\"https:\/\/www.estrategiaconcursos.com.br\/blog\/o-rompimento-da-barreira-da-represa-o-meio-ambiente-e-a-sua-prova-fique-de-olho\/#respond\"]}],\"copyrightYear\":\"2015\",\"copyrightHolder\":{\"@id\":\"https:\/\/www.estrategiaconcursos.com.br\/blog\/#organization\"}},{\"@type\":\"WebPage\",\"@id\":\"https:\/\/www.estrategiaconcursos.com.br\/blog\/o-rompimento-da-barreira-da-represa-o-meio-ambiente-e-a-sua-prova-fique-de-olho\/\",\"url\":\"https:\/\/www.estrategiaconcursos.com.br\/blog\/o-rompimento-da-barreira-da-represa-o-meio-ambiente-e-a-sua-prova-fique-de-olho\/\",\"name\":\"O rompimento da barreira da represa, o meio ambiente e a sua prova. Fique de olho!!!!\",\"isPartOf\":{\"@id\":\"https:\/\/www.estrategiaconcursos.com.br\/blog\/#website\"},\"datePublished\":\"2015-11-27T21:33:02+00:00\",\"breadcrumb\":{\"@id\":\"https:\/\/www.estrategiaconcursos.com.br\/blog\/o-rompimento-da-barreira-da-represa-o-meio-ambiente-e-a-sua-prova-fique-de-olho\/#breadcrumb\"},\"inLanguage\":\"pt-BR\",\"potentialAction\":[{\"@type\":\"ReadAction\",\"target\":[\"https:\/\/www.estrategiaconcursos.com.br\/blog\/o-rompimento-da-barreira-da-represa-o-meio-ambiente-e-a-sua-prova-fique-de-olho\/\"]}]},{\"@type\":\"BreadcrumbList\",\"@id\":\"https:\/\/www.estrategiaconcursos.com.br\/blog\/o-rompimento-da-barreira-da-represa-o-meio-ambiente-e-a-sua-prova-fique-de-olho\/#breadcrumb\",\"itemListElement\":[{\"@type\":\"ListItem\",\"position\":1,\"name\":\"In\u00edcio\",\"item\":\"https:\/\/www.estrategiaconcursos.com.br\/blog\/\"},{\"@type\":\"ListItem\",\"position\":2,\"name\":\"O rompimento da barreira da represa, o meio ambiente e a sua prova. Fique de olho!!!!\"}]},{\"@type\":\"WebSite\",\"@id\":\"https:\/\/www.estrategiaconcursos.com.br\/blog\/#website\",\"url\":\"https:\/\/www.estrategiaconcursos.com.br\/blog\/\",\"name\":\"Estrat\u00e9gia Concursos\",\"description\":\"O blog da Estrat\u00e9gia Concursos traz not\u00edcias sobre concursos e artigos de professores oferecendo cursos para concursos (pdf + videaulas) no site.\",\"publisher\":{\"@id\":\"https:\/\/www.estrategiaconcursos.com.br\/blog\/#organization\"},\"potentialAction\":[{\"@type\":\"SearchAction\",\"target\":{\"@type\":\"EntryPoint\",\"urlTemplate\":\"https:\/\/www.estrategiaconcursos.com.br\/blog\/?s={search_term_string}\"},\"query-input\":{\"@type\":\"PropertyValueSpecification\",\"valueRequired\":true,\"valueName\":\"search_term_string\"}}],\"inLanguage\":\"pt-BR\"},{\"@type\":\"Organization\",\"@id\":\"https:\/\/www.estrategiaconcursos.com.br\/blog\/#organization\",\"name\":\"Estrat\u00e9gia Concursos\",\"url\":\"https:\/\/www.estrategiaconcursos.com.br\/blog\/\",\"logo\":{\"@type\":\"ImageObject\",\"inLanguage\":\"pt-BR\",\"@id\":\"https:\/\/www.estrategiaconcursos.com.br\/blog\/#\/schema\/logo\/image\/\",\"url\":\"https:\/\/dhg1h5j42swfq.cloudfront.net\/2025\/06\/03203428\/logo_concursos-1.jpg\",\"contentUrl\":\"https:\/\/dhg1h5j42swfq.cloudfront.net\/2025\/06\/03203428\/logo_concursos-1.jpg\",\"width\":230,\"height\":60,\"caption\":\"Estrat\u00e9gia Concursos\"},\"image\":{\"@id\":\"https:\/\/www.estrategiaconcursos.com.br\/blog\/#\/schema\/logo\/image\/\"},\"sameAs\":[\"https:\/\/x.com\/EstratConcursos\"]},{\"@type\":\"Person\",\"@id\":\"https:\/\/www.estrategiaconcursos.com.br\/blog\/#\/schema\/person\/b4a388c97673c5f483d72185668afa1f\",\"name\":\"Coordena\u00e7\u00e3o\",\"image\":{\"@type\":\"ImageObject\",\"inLanguage\":\"pt-BR\",\"@id\":\"https:\/\/secure.gravatar.com\/avatar\/b720319e4c9a967eb58678d110f4fe35452fc5d5f97b202bac7b8acceb18c6ad?s=96&d=mm&r=g\",\"url\":\"https:\/\/secure.gravatar.com\/avatar\/b720319e4c9a967eb58678d110f4fe35452fc5d5f97b202bac7b8acceb18c6ad?s=96&d=mm&r=g\",\"contentUrl\":\"https:\/\/secure.gravatar.com\/avatar\/b720319e4c9a967eb58678d110f4fe35452fc5d5f97b202bac7b8acceb18c6ad?s=96&d=mm&r=g\",\"caption\":\"Coordena\u00e7\u00e3o\"},\"sameAs\":[\"https:\/\/www.facebook.com\/EstrategiaConcursos\",\"https:\/\/x.com\/EstratConcursos\"],\"url\":\"https:\/\/www.estrategiaconcursos.com.br\/blog\/author\/estrategia2013\/\"}]}<\/script>\n<!-- \/ Yoast SEO Premium plugin. -->","yoast_head_json":{"title":"O rompimento da barreira da represa, o meio ambiente e a sua prova. Fique de olho!!!!","robots":{"index":"index","follow":"follow","max-snippet":"max-snippet:-1","max-image-preview":"max-image-preview:large","max-video-preview":"max-video-preview:-1"},"canonical":"https:\/\/www.estrategiaconcursos.com.br\/blog\/o-rompimento-da-barreira-da-represa-o-meio-ambiente-e-a-sua-prova-fique-de-olho\/","og_locale":"pt_BR","og_type":"article","og_title":"O rompimento da barreira da represa, o meio ambiente e a sua prova. Fique de olho!!!!","og_description":"Voc\u00ea e muitos brasileiros devem estar aturdidos com um dos maiores desastres ambientais mundial. Pouco se foi falado na m\u00eddia, principalmente devido aos fatos pol\u00edticos e econ\u00f4micos se sobreporem ao desastre em quest\u00e3o. Agora resta torcer para que os efeitos ambientais e humano (que s\u00e3o gigantescos) sejam amenizados por atitudes vindas do governo (at\u00e9 aqui [&hellip;]","og_url":"https:\/\/www.estrategiaconcursos.com.br\/blog\/o-rompimento-da-barreira-da-represa-o-meio-ambiente-e-a-sua-prova-fique-de-olho\/","og_site_name":"Estrat\u00e9gia Concursos","article_author":"https:\/\/www.facebook.com\/EstrategiaConcursos","article_published_time":"2015-11-27T21:33:02+00:00","author":"Coordena\u00e7\u00e3o","twitter_card":"summary_large_image","twitter_creator":"@EstratConcursos","twitter_site":"@EstratConcursos","twitter_misc":{"Escrito por":"Coordena\u00e7\u00e3o","Est. tempo de leitura":"5 minutos"},"schema":{"@context":"https:\/\/schema.org","@graph":[{"@type":"NewsArticle","@id":"https:\/\/www.estrategiaconcursos.com.br\/blog\/o-rompimento-da-barreira-da-represa-o-meio-ambiente-e-a-sua-prova-fique-de-olho\/#article","isPartOf":{"@id":"https:\/\/www.estrategiaconcursos.com.br\/blog\/o-rompimento-da-barreira-da-represa-o-meio-ambiente-e-a-sua-prova-fique-de-olho\/"},"author":{"name":"Coordena\u00e7\u00e3o","@id":"https:\/\/www.estrategiaconcursos.com.br\/blog\/#\/schema\/person\/b4a388c97673c5f483d72185668afa1f"},"headline":"O rompimento da barreira da represa, o meio ambiente e a sua prova. Fique de olho!!!!","datePublished":"2015-11-27T21:33:02+00:00","mainEntityOfPage":{"@id":"https:\/\/www.estrategiaconcursos.com.br\/blog\/o-rompimento-da-barreira-da-represa-o-meio-ambiente-e-a-sua-prova-fique-de-olho\/"},"wordCount":1021,"commentCount":0,"publisher":{"@id":"https:\/\/www.estrategiaconcursos.com.br\/blog\/#organization"},"articleSection":["Concursos P\u00fablicos"],"inLanguage":"pt-BR","potentialAction":[{"@type":"CommentAction","name":"Comment","target":["https:\/\/www.estrategiaconcursos.com.br\/blog\/o-rompimento-da-barreira-da-represa-o-meio-ambiente-e-a-sua-prova-fique-de-olho\/#respond"]}],"copyrightYear":"2015","copyrightHolder":{"@id":"https:\/\/www.estrategiaconcursos.com.br\/blog\/#organization"}},{"@type":"WebPage","@id":"https:\/\/www.estrategiaconcursos.com.br\/blog\/o-rompimento-da-barreira-da-represa-o-meio-ambiente-e-a-sua-prova-fique-de-olho\/","url":"https:\/\/www.estrategiaconcursos.com.br\/blog\/o-rompimento-da-barreira-da-represa-o-meio-ambiente-e-a-sua-prova-fique-de-olho\/","name":"O rompimento da barreira da represa, o meio ambiente e a sua prova. Fique de olho!!!!","isPartOf":{"@id":"https:\/\/www.estrategiaconcursos.com.br\/blog\/#website"},"datePublished":"2015-11-27T21:33:02+00:00","breadcrumb":{"@id":"https:\/\/www.estrategiaconcursos.com.br\/blog\/o-rompimento-da-barreira-da-represa-o-meio-ambiente-e-a-sua-prova-fique-de-olho\/#breadcrumb"},"inLanguage":"pt-BR","potentialAction":[{"@type":"ReadAction","target":["https:\/\/www.estrategiaconcursos.com.br\/blog\/o-rompimento-da-barreira-da-represa-o-meio-ambiente-e-a-sua-prova-fique-de-olho\/"]}]},{"@type":"BreadcrumbList","@id":"https:\/\/www.estrategiaconcursos.com.br\/blog\/o-rompimento-da-barreira-da-represa-o-meio-ambiente-e-a-sua-prova-fique-de-olho\/#breadcrumb","itemListElement":[{"@type":"ListItem","position":1,"name":"In\u00edcio","item":"https:\/\/www.estrategiaconcursos.com.br\/blog\/"},{"@type":"ListItem","position":2,"name":"O rompimento da barreira da represa, o meio ambiente e a sua prova. Fique de olho!!!!"}]},{"@type":"WebSite","@id":"https:\/\/www.estrategiaconcursos.com.br\/blog\/#website","url":"https:\/\/www.estrategiaconcursos.com.br\/blog\/","name":"Estrat\u00e9gia Concursos","description":"O blog da Estrat\u00e9gia Concursos traz not\u00edcias sobre concursos e artigos de professores oferecendo cursos para concursos (pdf + videaulas) no site.","publisher":{"@id":"https:\/\/www.estrategiaconcursos.com.br\/blog\/#organization"},"potentialAction":[{"@type":"SearchAction","target":{"@type":"EntryPoint","urlTemplate":"https:\/\/www.estrategiaconcursos.com.br\/blog\/?s={search_term_string}"},"query-input":{"@type":"PropertyValueSpecification","valueRequired":true,"valueName":"search_term_string"}}],"inLanguage":"pt-BR"},{"@type":"Organization","@id":"https:\/\/www.estrategiaconcursos.com.br\/blog\/#organization","name":"Estrat\u00e9gia Concursos","url":"https:\/\/www.estrategiaconcursos.com.br\/blog\/","logo":{"@type":"ImageObject","inLanguage":"pt-BR","@id":"https:\/\/www.estrategiaconcursos.com.br\/blog\/#\/schema\/logo\/image\/","url":"https:\/\/dhg1h5j42swfq.cloudfront.net\/2025\/06\/03203428\/logo_concursos-1.jpg","contentUrl":"https:\/\/dhg1h5j42swfq.cloudfront.net\/2025\/06\/03203428\/logo_concursos-1.jpg","width":230,"height":60,"caption":"Estrat\u00e9gia Concursos"},"image":{"@id":"https:\/\/www.estrategiaconcursos.com.br\/blog\/#\/schema\/logo\/image\/"},"sameAs":["https:\/\/x.com\/EstratConcursos"]},{"@type":"Person","@id":"https:\/\/www.estrategiaconcursos.com.br\/blog\/#\/schema\/person\/b4a388c97673c5f483d72185668afa1f","name":"Coordena\u00e7\u00e3o","image":{"@type":"ImageObject","inLanguage":"pt-BR","@id":"https:\/\/secure.gravatar.com\/avatar\/b720319e4c9a967eb58678d110f4fe35452fc5d5f97b202bac7b8acceb18c6ad?s=96&d=mm&r=g","url":"https:\/\/secure.gravatar.com\/avatar\/b720319e4c9a967eb58678d110f4fe35452fc5d5f97b202bac7b8acceb18c6ad?s=96&d=mm&r=g","contentUrl":"https:\/\/secure.gravatar.com\/avatar\/b720319e4c9a967eb58678d110f4fe35452fc5d5f97b202bac7b8acceb18c6ad?s=96&d=mm&r=g","caption":"Coordena\u00e7\u00e3o"},"sameAs":["https:\/\/www.facebook.com\/EstrategiaConcursos","https:\/\/x.com\/EstratConcursos"],"url":"https:\/\/www.estrategiaconcursos.com.br\/blog\/author\/estrategia2013\/"}]}},"_links":{"self":[{"href":"https:\/\/www.estrategiaconcursos.com.br\/blog\/wp-json\/wp\/v2\/posts\/29601","targetHints":{"allow":["GET"]}}],"collection":[{"href":"https:\/\/www.estrategiaconcursos.com.br\/blog\/wp-json\/wp\/v2\/posts"}],"about":[{"href":"https:\/\/www.estrategiaconcursos.com.br\/blog\/wp-json\/wp\/v2\/types\/post"}],"author":[{"embeddable":true,"href":"https:\/\/www.estrategiaconcursos.com.br\/blog\/wp-json\/wp\/v2\/users\/1"}],"replies":[{"embeddable":true,"href":"https:\/\/www.estrategiaconcursos.com.br\/blog\/wp-json\/wp\/v2\/comments?post=29601"}],"version-history":[{"count":1,"href":"https:\/\/www.estrategiaconcursos.com.br\/blog\/wp-json\/wp\/v2\/posts\/29601\/revisions"}],"predecessor-version":[{"id":29602,"href":"https:\/\/www.estrategiaconcursos.com.br\/blog\/wp-json\/wp\/v2\/posts\/29601\/revisions\/29602"}],"wp:attachment":[{"href":"https:\/\/www.estrategiaconcursos.com.br\/blog\/wp-json\/wp\/v2\/media?parent=29601"}],"wp:term":[{"taxonomy":"category","embeddable":true,"href":"https:\/\/www.estrategiaconcursos.com.br\/blog\/wp-json\/wp\/v2\/categories?post=29601"},{"taxonomy":"post_tag","embeddable":true,"href":"https:\/\/www.estrategiaconcursos.com.br\/blog\/wp-json\/wp\/v2\/tags?post=29601"},{"taxonomy":"tax_estado","embeddable":true,"href":"https:\/\/www.estrategiaconcursos.com.br\/blog\/wp-json\/wp\/v2\/tax_estado?post=29601"}],"curies":[{"name":"wp","href":"https:\/\/api.w.org\/{rel}","templated":true}]}}