{"id":295804,"date":"2026-04-14T09:44:00","date_gmt":"2026-04-14T12:44:00","guid":{"rendered":"https:\/\/www.estrategiaconcursos.com.br\/blog\/?p=295804"},"modified":"2026-04-14T14:11:41","modified_gmt":"2026-04-14T17:11:41","slug":"concurso-sefaz-sp","status":"publish","type":"post","link":"https:\/\/www.estrategiaconcursos.com.br\/blog\/concurso-sefaz-sp\/","title":{"rendered":"Concurso Sefaz SP 2026: resultado definitivo da objetiva!"},"content":{"rendered":"\n<p style=\"font-size:clamp(15.747px, 0.984rem + ((1vw - 3.2px) * 0.809), 24px);\"><em><strong>Concurso Sefaz SP oferta 200 vagas para Auditor Fiscal<\/strong><\/em><\/p>\n\n\n\n<center><a id=\"cta-icon\" href=\"https:\/\/sndflw.com\/i\/sefaz-sp-grupo\" target=\"_blank\" style=\"background:#29a61a; display:inline-flex; align-items:center; padding:10px 15px; border-radius:6px; color:#fff; text-decoration:none; font-weight:500; font-size:15px;\"><img decoding=\"async\" src=\"https:\/\/dhg1h5j42swfq.cloudfront.net\/2023\/12\/07154107\/whatsapp_13851.png\" alt=\"\" style=\"width:20px; height:20px; margin-right:8px;\"><span>Acesse agora o Grupo de Estudos para o Concurso Sefaz SP<\/span><\/a><\/center>\n\n\n\n<div style=\"height:13px\" aria-hidden=\"true\" class=\"wp-block-spacer\"><\/div>\n\n\n\n<p>Uma das maiores e mais quentes oportunidades do momento \u00e9 o concurso da <strong><a href=\"https:\/\/www.estrategiaconcursos.com.br\/cursosPorConcurso\/icms-sp-63\/\" target=\"_blank\" rel=\"noreferrer noopener\">Secretaria da Fazenda e Planejamento do Estado de S\u00e3o Paulo<\/a> (Sefaz SP)<\/strong>!<\/p>\n\n\n\n<p>Ap\u00f3s mais de 10 anos sem edital, o \u00f3rg\u00e3o est\u00e1 ofertando <strong>200 vagas imediatas com sal\u00e1rios iniciais de R$ 21,1 mil<\/strong>. No total, <strong>foram registradas <a href=\"https:\/\/dhg1h5j42swfq.cloudfront.net\/2026\/02\/10140126\/1_estatistica_geral.pdf\" target=\"_blank\" rel=\"noreferrer noopener nofollow\">35.891 candidaturas<\/a>.<\/strong><\/p>\n\n\n\n<p>Como forma de avalia\u00e7\u00e3o, os candidatos enfrentaram tr\u00eas provas objetivas nos dias<strong> 28 de fevereiro e 1\u00ba de mar\u00e7o<\/strong>.<\/p>\n\n\n\n<p>Agora, os candidatos j\u00e1 podem conferir o <strong><a href=\"https:\/\/dhg1h5j42swfq.cloudfront.net\/2026\/04\/14121027\/resultado-definitivo-da-prova-objetiva-do-concurso-sefaz-sp-2026.pdf\" target=\"_blank\" rel=\"noreferrer noopener nofollow\">resultado definitivo da prova objetiva<\/a><\/strong>. Tamb\u00e9m foi divulgada a\u00a0<a href=\"https:\/\/dhg1h5j42swfq.cloudfront.net\/2026\/04\/14121119\/convocacao-para-a-heteroidentificacao.pdf\" target=\"_blank\" rel=\"noreferrer noopener nofollow\">convoca\u00e7\u00e3o para o procedimento de heteroidentifica\u00e7\u00e3o<\/a>. <\/p>\n\n\n\n<p>A etapa ser\u00e1 aplicada entre os dias<strong>25 e 26 de abril <\/strong>para os 139 candidatos mais bem classificados que se autodeclararam pretos e pardos.<\/p>\n\n\n\n<ul id=\"block-ee678516-e9d1-48bd-b327-7b9acd55f0fd\" class=\"wp-block-list has-very-light-gray-to-cyan-bluish-gray-gradient-background has-background\">\n<li><strong>Secretaria da Fazenda e Planejamento do Estado de S\u00e3o Paulo &#8211; <span style=\"text-decoration: underline;\">\u00c1rea fiscal<\/span><\/strong><\/li>\n\n\n\n<li><strong>Status:<\/strong>&nbsp;resultados divulgados<\/li>\n\n\n\n<li><strong>Banca:&nbsp;<\/strong><a href=\"https:\/\/www.concursosfcc.com.br\/concursos\/fazsp125\/index.html\" target=\"_blank\" rel=\"noreferrer noopener\">FCC<\/a><\/li>\n\n\n\n<li><strong>Vagas:&nbsp;<\/strong>200<\/li>\n\n\n\n<li><strong>Sal\u00e1rio inicial:<\/strong>&nbsp;R$ 21.177,10 <\/li>\n\n\n\n<li><strong>Sal\u00e1rio real:<\/strong>&nbsp;cerca de R$ 30 mil l\u00edquido<\/li>\n\n\n\n<li><strong>Edital:<\/strong> <a href=\"https:\/\/dhg1h5j42swfq.cloudfront.net\/2025\/11\/27084229\/edital-concurso-sefaz-sp-2025.pdf\" target=\"_blank\" rel=\"noreferrer noopener nofollow\">Edital Sefaz SP &#8211; 2025<\/a> | <a href=\"https:\/\/dhg1h5j42swfq.cloudfront.net\/2026\/01\/30160250\/edital_n0_02-2026_-_retificacao_do_edital_n0_02-2025_-_abertura_de_inscricoes.pdf\" target=\"_blank\" rel=\"noreferrer noopener nofollow\">Retifica\u00e7\u00e3o<\/a><\/li>\n<\/ul>\n\n\n\n<h2 class=\"wp-block-heading has-medium-font-size\" id=\"h-concurso-sefaz-sp-para-a-area-contabil-esta-com-resultados-divulgados\"><em><strong>Concurso Sefaz SP para a \u00e1rea cont\u00e1bil est\u00e1 com resultados divulgados!<\/strong><\/em><\/h2>\n\n\n\n<p>Foi divulgado o <strong>resultado final do concurso p\u00fablico Sefaz SP<\/strong>, especificamente para a <strong>\u00e1rea de contabilidade<\/strong>.<\/p>\n\n\n\n<ul class=\"wp-block-list\">\n<li><a href=\"https:\/\/dhg1h5j42swfq.cloudfront.net\/2026\/02\/06173113\/resultado-final-sefaz-sp.pdf\" target=\"_blank\" rel=\"noreferrer noopener nofollow\">Resultado final do concurso<\/a><\/li>\n<\/ul>\n\n\n\n<p>Ao todo, foram oferecidas <strong>12 vagas<\/strong> imediatas para o cargo de <strong>Especialista Cont\u00e1bil<\/strong>, com remunera\u00e7\u00e3o inicial de R$ 6.117,26 e jornada de trabalho de 40 horas semanais.<\/p>\n\n\n\n<ul id=\"block-ee678516-e9d1-48bd-b327-7b9acd55f0fd\" class=\"wp-block-list has-very-light-gray-to-cyan-bluish-gray-gradient-background has-background\">\n<li><strong>Secretaria da Fazenda e Planejamento do Estado de S\u00e3o Paulo<\/strong> <strong>&#8211; <span style=\"text-decoration: underline;\">\u00c1rea cont\u00e1bil<\/span><\/strong><\/li>\n\n\n\n<li><strong>Status:<\/strong>&nbsp;resultado final divulgado<\/li>\n\n\n\n<li><strong>Banca:&nbsp;<\/strong><a href=\"https:\/\/www.nossorumo.org.br\/\" target=\"_blank\" rel=\"noreferrer noopener\">Instituto Nosso Rumo<\/a><\/li>\n\n\n\n<li><strong>Vagas:&nbsp;<\/strong>12<\/li>\n\n\n\n<li><strong>Sal\u00e1rio inicial:<\/strong>&nbsp;R$ 6.117,26<\/li>\n\n\n\n<li><strong>Edital:<\/strong> <a href=\"https:\/\/dhg1h5j42swfq.cloudfront.net\/2025\/08\/20101312\/edital-sefaz-sp-2025-especialista-contabil.pdf\" target=\"_blank\" rel=\"noreferrer noopener nofollow\">Sefaz SP &#8211; 2025<\/a> <\/li>\n<\/ul>\n\n\n\n<p>Confira neste artigo as principais informa\u00e7\u00f5es e novidades a respeito do concurso Sefaz SP. Acompanhe os t\u00f3picos abaixo e n\u00e3o perca nenhum detalhe:<\/p>\n\n\n\n<ul id=\"indice\" class=\"wp-block-list\">\n<li><strong><a href=\"#fiscal\">Concurso \u00e1rea fiscal<\/a><\/strong> \n<ul class=\"wp-block-list\">\n<li><a href=\"#linha-auditor-2025\">Linha do tempo<\/a><\/li>\n\n\n\n<li><a href=\"#carreira\">Carreira<\/a>\n<ul class=\"wp-block-list\">\n<li><a href=\"#o-que-faz\">O que faz o Auditor Fiscal<\/a><\/li>\n\n\n\n<li><a href=\"#salario-auditor-fiscal\">Sal\u00e1rio<\/a><\/li>\n\n\n\n<li><a href=\"#beneficios\">Benef\u00edcios<\/a><\/li>\n<\/ul>\n<\/li>\n\n\n\n<li><a href=\"#etapas\">Etapa de prova<\/a> &#8211; prova objetiva\n<ul class=\"wp-block-list\">\n<li><a href=\"#locais\">Locais de prova<\/a><\/li>\n<\/ul>\n<\/li>\n<\/ul>\n<\/li>\n\n\n\n<li><a href=\"#ultimo-concurso\"><strong>\u00daltimo concurso<\/strong><\/a><strong> <\/strong><em>&#8211; 2013<\/em>\n<ul class=\"wp-block-list\">\n<li><a href=\"#nomeacoes\">Nomea\u00e7\u00f5es dos \u00faltimos concursos<\/a><\/li>\n<\/ul>\n<\/li>\n\n\n\n<li><strong><a href=\"#contabil\">Concurso \u00e1rea cont\u00e1bil<\/a><\/strong>\n<ul class=\"wp-block-list\">\n<li><a href=\"#cargo\">Sobre o cargo<\/a><\/li>\n\n\n\n<li><a href=\"#etapa-c\">Etapas de prova<\/a><\/li>\n<\/ul>\n<\/li>\n\n\n\n<li><a href=\"#cursos-assinatura\"><strong>Assinatura e cursos<\/strong><\/a><\/li>\n\n\n\n<li><a href=\"#ficha\"><strong>Ficha t\u00e9cnica<\/strong><\/a><\/li>\n<\/ul>\n\n\n\n<p class=\"has-text-align-center has-background has-medium-font-size\" style=\"background-color:#e1e6ea\"><strong><a href=\"https:\/\/www.estrategiaconcursos.com.br\/blog\/estrategia-aprovacoes-concursos-fiscais\/\" target=\"_blank\" rel=\"noreferrer noopener\">Aprova\u00e7\u00e3o em peso: Estrat\u00e9gia \u00e9 refer\u00eancia na \u00e1rea fiscal!<\/a><\/strong><a href=\"https:\/\/www.estrategiaconcursos.com.br\/blog\/author\/camila-leiteestrategiaconcursos-com-br\/\"><\/a><\/p>\n\n\n\n<p class=\"has-text-align-center has-background has-medium-font-size\" style=\"background-color:#e1e6ea\"><strong><a href=\"https:\/\/www.estrategiaconcursos.com.br\/blog\/concurso-sefaz-sp-2026-aprovados-estrategia\/\" target=\"_blank\" rel=\"noreferrer noopener\">Sefaz SP Auditor Fiscal: 88% dos aprovados s\u00e3o nossos alunos!<\/a><\/strong><\/p>\n\n\n\n<p class=\"has-text-align-center has-background has-medium-font-size\" style=\"background-color:#e1e6ea\"><strong><a href=\"https:\/\/www.estrategiaconcursos.com.br\/blog\/concurso-sefaz-sp-especialista-contabil-aprovados-estrategia\/\" target=\"_blank\" rel=\"noreferrer noopener\">Sefaz SP Especialista Cont\u00e1bil: 92% dos aprovados s\u00e3o nossos alunos!<\/a><\/strong><\/p>\n\n\n\n<div class=\"container\" id=\"boxes\">\n  <div class=\"row\">\n\n    <div class=\"col-sm\">\n      <div class=\"banner-sefaz-ec\" id=\"box-assinatura\">\n        <h2 class=\"titulo-assinatura\">Concurso Sefaz SP<\/h2>\n        <p class=\"subtitulo-assinatura\">Prepara\u00e7\u00e3o completa para a carreira na Sefaz SP<\/p>\n        <div class=\"box-botao\">\n          <a class=\"btn-assinatura\" target=\"_blank\" href=\"https:\/\/www.estrategiaconcursos.com.br\/cursosPorConcurso\/icms-sp-63\/\" role=\"button\" rel=\"noopener noreferrer\">VER CURSOS<\/a>\n        <\/div>\n      <\/div>\n    \n    <\/div>\n\n  <\/div>\n<\/div>\n\n\n\n<h2 class=\"wp-block-heading has-pale-cyan-blue-background-color has-background\" id=\"fiscal\">Concurso Sefaz SP para \u00e1rea fiscal &#8211; edital publicado!<\/h2>\n\n\n\n<p>Ao todo, s\u00e3o ofertadas <strong>200 vagas<\/strong> imediatas para <strong>Auditor Fiscal da Receita Estadual<\/strong> nas \u00e1reas de Gest\u00e3o Tribut\u00e1ria e Tecnologia da Informa\u00e7\u00e3o e Comunica\u00e7\u00e3o, ambas com exig\u00eancia de n\u00edvel superior em qualquer \u00e1rea de forma\u00e7\u00e3o.<\/p>\n\n\n\n<figure class=\"wp-block-table is-style-stripes\"><table><thead><tr><th class=\"has-text-align-center\" data-align=\"center\">\u00c1rea de Conhecimento<\/th><th class=\"has-text-align-center\" data-align=\"center\">Total de Vagas\u00b9 <\/th><th class=\"has-text-align-center\" data-align=\"center\">Vagas ampla<br \/>concorr\u00eancia<\/th><th class=\"has-text-align-center\" data-align=\"center\">Vagas PcD<\/th><\/tr><\/thead><tbody><tr><td class=\"has-text-align-center\" data-align=\"center\">Gest\u00e3o Tribut\u00e1ria<\/td><td class=\"has-text-align-center\" data-align=\"center\"><strong>150<\/strong><\/td><td class=\"has-text-align-center\" data-align=\"center\">142<\/td><td class=\"has-text-align-center\" data-align=\"center\">8<\/td><\/tr><tr><td class=\"has-text-align-center\" data-align=\"center\">Tecnologia da Informa\u00e7\u00e3o e Comunica\u00e7\u00e3o<\/td><td class=\"has-text-align-center\" data-align=\"center\"><strong>50<\/strong><\/td><td class=\"has-text-align-center\" data-align=\"center\">47<\/td><td class=\"has-text-align-center\" data-align=\"center\">3<\/td><\/tr><\/tbody><tfoot><tr><td class=\"has-text-align-center\" data-align=\"center\"><\/td><td class=\"has-text-align-center\" data-align=\"center\"><strong>200<\/strong><\/td><td class=\"has-text-align-center\" data-align=\"center\">189<\/td><td class=\"has-text-align-center\" data-align=\"center\">11<\/td><\/tr><\/tfoot><\/table><figcaption class=\"wp-element-caption\">Quadro de vagas do concurso Sefaz SP 2026<\/figcaption><\/figure>\n\n\n\n<p>(\u00b9) Total de vagas (incluindo-se a reserva para candidatos com defici\u00eancia)<\/p>\n\n\n\n<h3 class=\"wp-block-heading\" id=\"linha-auditor-2025\">Linha do tempo<\/h3>\n\n\n\n<ul class=\"wp-block-list\">\n<li><strong>14\/08\/2023:<\/strong> <a href=\"https:\/\/www.estrategiaconcursos.com.br\/blog\/concurso-sefaz-sp-auditor-fiscal\/\" target=\"_blank\" rel=\"noreferrer noopener\">Governador pretende realizar concurso ap\u00f3s reforma administrativa<\/a>;<\/li>\n\n\n\n<li><strong>15\/06\/2024: <\/strong><a href=\"https:\/\/www.estrategiaconcursos.com.br\/blog\/solicitadas-1-100-vagas-concurso-sefaz-sp\/\" target=\"_blank\" rel=\"noreferrer noopener\">solicitadas 1.110 vagas para Auditor Fiscal e outros cargos<\/a>;<\/li>\n\n\n\n<li><strong>08\/08\/2025:<\/strong> <a href=\"https:\/\/www.estrategiaconcursos.com.br\/blog\/concurso-sefaz-sp-auditor-fiscal-autorizado-200-vagas\/\" target=\"_blank\" rel=\"noreferrer noopener\">concurso autorizado com 200 vagas<\/a>;<\/li>\n\n\n\n<li><strong>22\/08\/2025: <\/strong><a href=\"https:\/\/www.estrategiaconcursos.com.br\/blog\/comissao-formada-concurso-sefaz-sp\/\" target=\"_blank\" rel=\"noreferrer noopener\">comiss\u00e3o formada<\/a>;<\/li>\n\n\n\n<li><strong>12\/11\/2025:<\/strong> <a href=\"https:\/\/www.estrategiaconcursos.com.br\/blog\/concurso-sefaz-sp-banca-definida\/\" target=\"_blank\" rel=\"noreferrer noopener\">banca definida<\/a>;<\/li>\n\n\n\n<li><strong>27\/11\/2025: <\/strong><a href=\"https:\/\/www.estrategiaconcursos.com.br\/blog\/concurso-sefaz-sp-edital-publicado\/\" target=\"_blank\" rel=\"noreferrer noopener\">edital publicado<\/a>.<\/li>\n<\/ul>\n\n\n\n<h3 class=\"wp-block-heading\" id=\"carreira\">Carreira na Sefaz SP<\/h3>\n\n\n\n<h4 class=\"wp-block-heading\" id=\"o-que-faz\">O que faz o Auditor Fiscal da Receita Estadual?<\/h4>\n\n\n\n<ul class=\"wp-block-list\">\n<li>Fiscaliza\u00e7\u00e3o direta dos tributos estaduais;<\/li>\n\n\n\n<li>Fun\u00e7\u00f5es relacionadas com a subsecretaria, coordenadoria, dire\u00e7\u00e3o, inspe\u00e7\u00e3o, controle<br \/>da arrecada\u00e7\u00e3o de tributos, chefia, encarregatura, supervis\u00e3o, assessoramento, assist\u00eancia<br \/>e do planejamento da a\u00e7\u00e3o fiscal;<\/li>\n\n\n\n<li>Consultoria e orienta\u00e7\u00e3o tribut\u00e1ria;<\/li>\n\n\n\n<li>Representa\u00e7\u00e3o junto a \u00f3rg\u00e3os julgadores, julgamento em primeira inst\u00e2ncia do<br \/>contencioso administrativo tribut\u00e1rio;<\/li>\n\n\n\n<li>Correi\u00e7\u00e3o da fiscaliza\u00e7\u00e3o tribut\u00e1ria;<\/li>\n\n\n\n<li>Gest\u00e3o de projetos relacionados \u00e0 administra\u00e7\u00e3o tribut\u00e1ria;<\/li>\n\n\n\n<li>Planejamento estrat\u00e9gico da Subsecretaria da Receita Estadual; e<\/li>\n\n\n\n<li>Outras atividades ou fun\u00e7\u00f5es que venham a ser criadas por lei ou regulamento.<\/li>\n<\/ul>\n\n\n\n<h4 class=\"wp-block-heading\" id=\"salario-auditor-fiscal\">Quanto ganha um Auditor Fiscal? <\/h4>\n\n\n\n<p>O cargo de Auditor Fiscal possui 6 n\u00edveis, denominados N\u00edveis I a VI. O in\u00edcio da carreira come\u00e7a no n\u00edvel I. <\/p>\n\n\n\n<p>A remunera\u00e7\u00e3o b\u00e1sica compreende uma <strong>parte fixa<\/strong> (R$ 13.008,79) e uma <strong>parte vari\u00e1vel <\/strong>(pr\u00eamio de produtividade &#8211; R$ 8.168,31). Inclusive, vale ressaltar que esse ano os servidores estaduais tiverem um <a href=\"https:\/\/www.agenciasp.sp.gov.br\/governo-de-sp-sanciona-lei-complementar-que-reajusta-em-5-o-salario-de-servidores-publicos\/\" target=\"_blank\" rel=\"noreferrer noopener\">reajuste salarial de 5%<\/a>.<\/p>\n\n\n\n<p>Apesar de o valor<strong> inicial de R$ 21.177,10<\/strong> j\u00e1 ser bastante atrativo, saiba que na realidade, ele \u00e9 ainda maior! Confira:<\/p>\n\n\n\n<ul style=\"background-color:#f7f7f8\" class=\"wp-block-list has-background\">\n<li>Vencimento base: R$ 13.008,79<\/li>\n\n\n\n<li>Pr\u00eamio de Produtividade: R$ 8.168,31<\/li>\n\n\n\n<li>Verba Indenizat\u00f3ria (VI): R$ 11.106,00\n<ul class=\"wp-block-list\">\n<li><strong>Bruto com VI: R$ 32.283,10<\/strong><\/li>\n<\/ul>\n<\/li>\n\n\n\n<li>Participa\u00e7\u00e3o nos resultados (PR): R$ 7.000,00\n<ul class=\"wp-block-list\">\n<li><strong>Bruto com VI e PR: R$ 39.283,10<\/strong><\/li>\n<\/ul>\n<\/li>\n\n\n\n<li>Descontos obrigat\u00f3rios: aproximadamente R$ 8.769,25\n<ul class=\"wp-block-list\">\n<li><strong>Valor l\u00edquido: aproximadamente <span style=\"text-decoration: underline;\">R$ 30.513,85<\/span><\/strong><\/li>\n<\/ul>\n<\/li>\n<\/ul>\n\n\n\n<p><em>Abaixo, confira uma estimativa mais detalhada dos valores recebidos, conforme progress\u00e3o:<\/em><\/p>\n\n\n\n<figure class=\"wp-block-image aligncenter size-large\"><img loading=\"lazy\" decoding=\"async\" width=\"1024\" height=\"298\" src=\"https:\/\/dhg1h5j42swfq.cloudfront.net\/2025\/08\/22111619\/image-269-1024x298.png\" alt=\"Quadro de informa\u00e7\u00f5es sobre remunera\u00e7\u00e3o no concurso Sefaz SP.\" class=\"wp-image-1627545\" srcset=\"https:\/\/dhg1h5j42swfq.cloudfront.net\/2025\/08\/22111619\/image-269-1024x298.png 1024w, https:\/\/dhg1h5j42swfq.cloudfront.net\/2025\/08\/22111619\/image-269-300x87.png 300w, https:\/\/dhg1h5j42swfq.cloudfront.net\/2025\/08\/22111619\/image-269-768x224.png 768w, https:\/\/dhg1h5j42swfq.cloudfront.net\/2025\/08\/22111619\/image-269-150x44.png 150w, https:\/\/dhg1h5j42swfq.cloudfront.net\/2025\/08\/22111619\/image-269.png 1531w\" sizes=\"auto, (max-width: 1024px) 100vw, 1024px\" \/><\/figure>\n\n\n\n<p>Para exemplificar ainda melhor, trouxemos abaixo o valor real recebido por um <strong>servidor aprovado no \u00faltimo concurso<\/strong> (2013). Conforme o detalhamento, o sal\u00e1rio ap\u00f3s os descontos obrigat\u00f3rios \u00e9 de&nbsp;<strong>R$ 33,2 mil<\/strong>:<\/p>\n\n\n\n<figure class=\"wp-block-image aligncenter size-full\"><img loading=\"lazy\" decoding=\"async\" width=\"764\" height=\"120\" src=\"https:\/\/dhg1h5j42swfq.cloudfront.net\/2025\/11\/13153443\/image-123.png\" alt=\"\" class=\"wp-image-1670211\" srcset=\"https:\/\/dhg1h5j42swfq.cloudfront.net\/2025\/11\/13153443\/image-123.png 764w, https:\/\/dhg1h5j42swfq.cloudfront.net\/2025\/11\/13153443\/image-123-300x47.png 300w, https:\/\/dhg1h5j42swfq.cloudfront.net\/2025\/11\/13153443\/image-123-150x24.png 150w\" sizes=\"auto, (max-width: 764px) 100vw, 764px\" \/><\/figure>\n\n\n\n<ul class=\"wp-block-list\">\n<li><strong><a href=\"https:\/\/www.transparencia.sp.gov.br\/Home\/Servidor\" target=\"_blank\" rel=\"noreferrer noopener\">Confira as remunera\u00e7\u00f5es reais diretamente no Portal da Transpar\u00eancia de SP<\/a><\/strong><\/li>\n<\/ul>\n\n\n\n<h4 class=\"wp-block-heading\" id=\"beneficios\">Benef\u00edcios<\/h4>\n\n\n\n<ul class=\"wp-block-list\">\n<li><strong>Acolhimento Infantil <\/strong>(para filhos ou dependentes legais at\u00e9 4 anos incompletos) &#8211; Benef\u00edcio indireto: atendimento em pr\u00e9dio pr\u00f3prio (Capital) e credenciamento de escolas (Regionais)<\/li>\n\n\n\n<li><strong>Adicional de Transporte<\/strong>* &#8211; R$ 4.927,02<\/li>\n\n\n\n<li><strong>Pr\u00eamio de Produtividade \u2013 Externo*<\/strong>* &#8211; As quotas s\u00e3o vari\u00e1veis, sendo mensuradas mensalmente, podendo ser de at\u00e9 2.700 quotas<\/li>\n\n\n\n<li><strong>Vale Refei\u00e7\u00e3o<\/strong> &#8211; R$ 50,00 por dia \u00fatil trabalhado (aproximadamente R$ 1.110,00).<\/li>\n<\/ul>\n\n\n\n<p><strong>*<\/strong>O limite m\u00e1ximo de percep\u00e7\u00e3o do Adicional de Transporte n\u00e3o poder\u00e1 ultrapassar 28,5% do valor da parte fixa da remunera\u00e7\u00e3o do AFRE N\u00edvel VI. O valor do AT ser\u00e1 pago: integralmente ao AFRE que tenha exercido, pelo menos, 20 dias\/m\u00eas, considerados os dias trabalhados aos s\u00e1bados, domingos e feriados, de acordo com o disposto no artigo 4\u00ba da LC n\u00ba 1.059\/2008. O AT n\u00e3o pode ser recebido concomitantemente com o aux\u00edlio pecuni\u00e1rio da LC. 1320\/2018.<\/p>\n\n\n\n<p><strong>**<\/strong>Para fins de pagamento, o valor unit\u00e1rio da quota, conforme consta no \u00a7 4, do artigo 16, Lei Complementar n\u00ba 1.059\/2008 e altera\u00e7\u00f5es posteriores, neste momento, \u00e9 de 2,8813.<\/p>\n\n\n\n<h3 class=\"wp-block-heading\" id=\"etapas\">Etapa de prova do concurso Sefaz SP 2026<\/h3>\n\n\n\n<p>O certame constou de etapa \u00fanica, sendo de 3 (tr\u00eas) provas objetivas:<\/p>\n\n\n\n<ul class=\"wp-block-list\">\n<li><strong>Prova Objetiva P1 (Conhecimentos Gerais): <\/strong>28\/02\/2026;<\/li>\n\n\n\n<li><strong>Prova Objetiva P2 (Conhecimentos B\u00e1sicos): <\/strong>01\/03\/2026 &#8211; turno da manh\u00e3;<\/li>\n\n\n\n<li><strong>Prova Objetiva P3 (Conhecimentos Espec\u00edficos):<\/strong> 01\/03\/2026 &#8211; turno da tarde.<\/li>\n<\/ul>\n\n\n\n<p>Com dura\u00e7\u00e3o de 4 horas, as avalia\u00e7\u00f5es constaram de 80 e 100 quest\u00f5es de m\u00faltipla escolha, com 5 alternativas e apenas uma a correta.<\/p>\n\n\n\n<figure class=\"wp-block-image aligncenter size-full\"><img loading=\"lazy\" decoding=\"async\" width=\"637\" height=\"820\" src=\"https:\/\/dhg1h5j42swfq.cloudfront.net\/2025\/11\/27013731\/image-319.png\" alt=\"Provas do concurso Sefaz SP\" class=\"wp-image-1676384\" srcset=\"https:\/\/dhg1h5j42swfq.cloudfront.net\/2025\/11\/27013731\/image-319.png 637w, https:\/\/dhg1h5j42swfq.cloudfront.net\/2025\/11\/27013731\/image-319-233x300.png 233w, https:\/\/dhg1h5j42swfq.cloudfront.net\/2025\/11\/27013731\/image-319-150x193.png 150w\" sizes=\"auto, (max-width: 637px) 100vw, 637px\" \/><figcaption class=\"wp-element-caption\">Provas do concurso Sefaz SP<\/figcaption><\/figure>\n\n\n\n<p>Foi considerado habilitado nas Provas Objetivas do edital Sefaz SP o candidato que, concomitantemente:<\/p>\n\n\n\n<ul class=\"wp-block-list\">\n<li>tivesse obtido nas Provas 1, 2 e 3, no m\u00ednimo, 50% do total de pontos em cada uma; e<\/li>\n\n\n\n<li>tivesse obtido, no m\u00ednimo, 60% do total geral de pontos ponderados nas 3 provas (Provas 1, 2 e 3).<\/li>\n<\/ul>\n\n\n\n<h4 class=\"wp-block-heading\" id=\"locais\">Locais de prova do concurso Sefaz SP<\/h4>\n\n\n\n<p>As provas foram aplicadas em 16 cidades do estado de S\u00e3o Paulo, conforme a op\u00e7\u00e3o indicada pelo candidato no formul\u00e1rio de inscri\u00e7\u00e3o.<\/p>\n\n\n\n<div class=\"wp-block-columns is-layout-flex wp-container-core-columns-is-layout-28f84493 wp-block-columns-is-layout-flex\">\n<div class=\"wp-block-column is-layout-flow wp-block-column-is-layout-flow\">\n<ul class=\"wp-block-list\">\n<li>Ara\u00e7atuba;<\/li>\n\n\n\n<li>Araraquara;<\/li>\n\n\n\n<li>Bauru;<\/li>\n\n\n\n<li>Campinas;<\/li>\n\n\n\n<li>Guarulhos;<\/li>\n\n\n\n<li>Jundia\u00ed;<\/li>\n\n\n\n<li>Mar\u00edlia;<\/li>\n\n\n\n<li>Osasco;<\/li>\n<\/ul>\n<\/div>\n\n\n\n<div class=\"wp-block-column is-layout-flow wp-block-column-is-layout-flow\">\n<ul class=\"wp-block-list\">\n<li>Presidente Prudente;<\/li>\n\n\n\n<li>Ribeir\u00e3o Preto;<\/li>\n\n\n\n<li>Santos;<\/li>\n\n\n\n<li>S\u00e3o Bernardo do Campo;<\/li>\n\n\n\n<li>S\u00e3o Jos\u00e9 do Rio Preto;<\/li>\n\n\n\n<li>S\u00e3o Jos\u00e9 dos Campos;<\/li>\n\n\n\n<li>S\u00e3o Paulo;<\/li>\n\n\n\n<li>Sorocaba.<\/li>\n<\/ul>\n<\/div>\n<\/div>\n\n\n\n<hr class=\"wp-block-separator has-alpha-channel-opacity is-style-dots\"\/>\n\n\n\n<h2 class=\"wp-block-heading\" id=\"ultimo-concurso\">\u00daltimo concurso Sefaz SP: Agente Fiscal de Rendas (2013)<\/h2>\n\n\n\n<p>No \u00faltimo concurso p\u00fablico, <strong>realizado em 2013<\/strong> pela FCC, foram ofertadas <strong>885 vagas<\/strong>, sendo 782 na \u00e1rea de gest\u00e3o tribut\u00e1ria e 103 na \u00e1rea de tecnologia da informa\u00e7\u00e3o.<\/p>\n\n\n\n<p>No total, foram registrados&nbsp;<strong>35.304 inscritos<\/strong>, sendo&nbsp;<strong>31.359 <\/strong>para a \u00e1rea de gest\u00e3o tribut\u00e1ria (m\u00e9dia de 40 candidatos x vaga) e&nbsp;<strong>3.945&nbsp;<\/strong>para a \u00e1rea de tecnologia da informa\u00e7\u00e3o (m\u00e9dia de 38 candidatos x vaga). <\/p>\n\n\n\n<h3 class=\"wp-block-heading\" id=\"nomeacoes\">Nomea\u00e7\u00f5es dos \u00faltimos concursos Sefaz SP<\/h3>\n\n\n\n<p>Conforme informa\u00e7\u00f5es obtidas diretamente com o \u00f3rg\u00e3o, todos os concursos j\u00e1 realizados t\u00eam hist\u00f3rico de ofertar um grande quantitativo de vagas. <\/p>\n\n\n\n<p>Como \u00e9 poss\u00edvel ver abaixo, as vagas costumam ser preenchidas em sua \u00edntegra, exce\u00e7\u00e3o quando n\u00e3o houve candidatos aprovados<strong>*<\/strong>.<\/p>\n\n\n\n<ul class=\"wp-block-list\">\n<li><strong>2013:<\/strong>&nbsp;foram ofertadas 885 vagas e nomeados 884 candidatos;<\/li>\n\n\n\n<li><strong>2009:&nbsp;<\/strong>foram ofertados 600 vagas e nomeados 552 candidatos;<\/li>\n\n\n\n<li><strong>2006:<\/strong>&nbsp;foram ofertadas 350 vagas e nomeados 338 candidatos;<\/li>\n\n\n\n<li><strong>2002:<\/strong>&nbsp;foram ofertadas 350 vagas e nomeados 330 candidatos<\/li>\n\n\n\n<li><strong>1997:<\/strong>&nbsp;foram ofertadas 400 vagas e nomeados 376 candidatos.<\/li>\n<\/ul>\n\n\n\n<p><strong>*<\/strong>Em alguns casos acima, o n\u00famero de nomeados \u00e9 menor que o n\u00famero de vagas, pois houve desist\u00eancias de candidatos nas etapas posteriores \u00e0s provas. Pelo formato do concurso considerar &#8220;Curso de Forma\u00e7\u00e3o em car\u00e1ter eliminat\u00f3rio&#8221;, somente os candidatos que foram classificados dentro do n\u00famero de vagas passaram para a pr\u00f3xima fase, n\u00e3o havendo possibilidade de aproveitamento de vagas remanescentes.<\/p>\n\n\n\n<h2 class=\"wp-block-heading has-pale-cyan-blue-background-color has-background\" id=\"contabil\">Concurso Sefaz SP para \u00e1rea cont\u00e1bil &#8211; em andamento<\/h2>\n\n\n\n<h3 class=\"wp-block-heading\" id=\"cargo\">Sobre o cargo de Especialista Cont\u00e1bil da Sefaz SP<\/h3>\n\n\n\n<p>Foram ofertadas no edital <strong>12 vagas<\/strong> imediatas para Especialista Cont\u00e1bil, cujo sal\u00e1rio inicial \u00e9 de <strong>R$ 6.117,26<\/strong> para uma jornada de 40 horas semanais.<\/p>\n\n\n\n<p>Entretanto, vale ressaltar que, atualmente, h\u00e1 o dobro de cargos vagos. S\u00e3o <strong>24 vagas desocupadas<\/strong>, conforme informado pela pr\u00f3pria Secretaria.<\/p>\n\n\n\n<figure class=\"wp-block-table is-style-stripes\"><table class=\"has-fixed-layout\"><thead><tr><th class=\"has-text-align-center\" data-align=\"center\">Sal\u00e1rio Base<\/th><th class=\"has-text-align-center\" data-align=\"center\">Pr\u00eamio incentivo qualidade<\/th><th class=\"has-text-align-center\" data-align=\"center\">Sal\u00e1rio inicial<\/th><\/tr><\/thead><tbody><tr><td class=\"has-text-align-center\" data-align=\"center\">R$ 2.407,59<\/td><td class=\"has-text-align-center\" data-align=\"center\">R$ 3.709,67<\/td><td class=\"has-text-align-center\" data-align=\"center\">R$ 6.117,26<\/td><\/tr><\/tbody><\/table><figcaption class=\"wp-element-caption\">Concurso Sefaz SP: remunera\u00e7\u00e3o ao cargo de Especialista Cont\u00e1bil<\/figcaption><\/figure>\n\n\n\n<p>Junto a isso, tamb\u00e9m recebem as seguintes vantagens e benef\u00edcios:<\/p>\n\n\n\n<ul class=\"wp-block-list\">\n<li><strong>Assist\u00eancia M\u00e9dica \u2013 atrav\u00e9s do IAMSPE <\/strong>\u2013 com participa\u00e7\u00e3o de desconto de 3% nas remunera\u00e7\u00f5es do servidor, bem como extensivo aos agregados \u2013 pai, m\u00e3e e filhos;<\/li>\n\n\n\n<li><strong>Vale refei\u00e7\u00e3o de R$ 50,00<\/strong> (aproximadamente R$ 1.100, considerando 22 dias);<\/li>\n\n\n\n<li><strong>Bonifica\u00e7\u00e3o de Resultado<\/strong> \u2013 bonifica\u00e7\u00e3o anual, sob o limite de 2,4 rota\u00e7\u00f5es, cuja peculiaridade \u00e9 com base nas condi\u00e7\u00f5es previstas pela Lei complementar 1361\/2021;<\/li>\n\n\n\n<li><strong>Licen\u00e7a Pr\u00eamio<\/strong> \u2013 Gozo de 90 dias a cada 5 anos de exerc\u00edcio ininterrupto, sendo permitida a dedu\u00e7\u00e3o de 30 dias deste bloco para fins de pagamento em pec\u00fania, com base de 1 m\u00eas de sal\u00e1rios brutos;<\/li>\n\n\n\n<li><strong>Acr\u00e9scimo de 5% <\/strong>sobre o vencimento por adicional por tempo de servi\u00e7o a cada <strong>quinqu\u00eanio<\/strong>;<\/li>\n\n\n\n<li><strong>Sexta \u2013 parte<\/strong>, incorporada sobre os vencimentos integrais, ap\u00f3s 20 anos de exerc\u00edcio efetivo;<\/li>\n\n\n\n<li><strong>PIQ \u2013 Pr\u00eamio de Incentivo a Qualidade<\/strong> \u2013 agrega aos vencimentos.<\/li>\n<\/ul>\n\n\n\n<p>Para exemplificar ainda melhor, trouxemos abaixo o valor real recebido por alguns servidores ativos. Conforme o detalhamento, o sal\u00e1rio ap\u00f3s os descontos obrigat\u00f3rios varia de&nbsp;<strong>R$ 8 mil<\/strong> <strong>a R$ 9 mil<\/strong>, podendo atingir at\u00e9 valores maiores:<\/p>\n\n\n\n<figure class=\"wp-block-image aligncenter size-full\"><img loading=\"lazy\" decoding=\"async\" width=\"766\" height=\"653\" src=\"https:\/\/dhg1h5j42swfq.cloudfront.net\/2025\/11\/13152759\/image-121.png\" alt=\"\" class=\"wp-image-1670205\" srcset=\"https:\/\/dhg1h5j42swfq.cloudfront.net\/2025\/11\/13152759\/image-121.png 766w, https:\/\/dhg1h5j42swfq.cloudfront.net\/2025\/11\/13152759\/image-121-300x256.png 300w, https:\/\/dhg1h5j42swfq.cloudfront.net\/2025\/11\/13152759\/image-121-150x128.png 150w\" sizes=\"auto, (max-width: 766px) 100vw, 766px\" \/><\/figure>\n\n\n\n<ul class=\"wp-block-list\">\n<li><strong><a href=\"https:\/\/www.transparencia.sp.gov.br\/Home\/Servidor\" target=\"_blank\" rel=\"noreferrer noopener\">Confira as remunera\u00e7\u00f5es reais diretamente no Portal da Transpar\u00eancia de SP<\/a><\/strong><\/li>\n<\/ul>\n\n\n\n<div class=\"schema-faq wp-block-yoast-faq-block\"><div class=\"schema-faq-section\" id=\"faq-question-1755089313286\"><strong class=\"schema-faq-question\">Quais os requisitos para o cargo de Especialista Cont\u00e1bil no concurso Sefaz SP?<\/strong> <p class=\"schema-faq-answer\">Para ingressar no cargo, \u00e9 necess\u00e1rio possuir curso superior completo de Ci\u00eancias Cont\u00e1beis e registro ativo no Conselho Regional de Contabilidade (CRC).<\/p> <\/div> <\/div>\n\n\n\n<h3 class=\"wp-block-heading\" id=\"etapa-c\">Etapas de prova<\/h3>\n\n\n\n<p>Os candidatos inscritos no concurso Sefaz SP, para Especialista Cont\u00e1bil, foram avaliados mediante duas etapas, sendo elas:<\/p>\n\n\n\n<ul class=\"wp-block-list\">\n<li><strong>Prova objetiva,<\/strong> de car\u00e1ter eliminat\u00f3rio e classificat\u00f3rio; e<\/li>\n\n\n\n<li><strong>Avalia\u00e7\u00e3o de t\u00edtulos,<\/strong> de car\u00e1ter classificat\u00f3rio.<\/li>\n<\/ul>\n\n\n\n<h4 class=\"wp-block-heading\" id=\"h-prova-objetiva\">Prova objetiva<\/h4>\n\n\n\n<p>Com dura\u00e7\u00e3o de 5 horas, a prova objetiva foi aplicada no dia 2 de novembro, no per\u00edodo da manh\u00e3. A avalia\u00e7\u00e3o foi constitu\u00edda por 80 quest\u00f5es de m\u00faltipla escolha, sendo 5 alternativas de resposta e apenas uma considerada a correta.<\/p>\n\n\n\n<figure class=\"wp-block-image aligncenter size-full\"><img loading=\"lazy\" decoding=\"async\" width=\"785\" height=\"517\" src=\"https:\/\/dhg1h5j42swfq.cloudfront.net\/2025\/08\/20013145\/image-231.png\" alt=\"Prova objetiva do concurso Sefaz SP - Especialista Cont\u00e1bil\" class=\"wp-image-1626199\" srcset=\"https:\/\/dhg1h5j42swfq.cloudfront.net\/2025\/08\/20013145\/image-231.png 785w, https:\/\/dhg1h5j42swfq.cloudfront.net\/2025\/08\/20013145\/image-231-300x198.png 300w, https:\/\/dhg1h5j42swfq.cloudfront.net\/2025\/08\/20013145\/image-231-768x506.png 768w, https:\/\/dhg1h5j42swfq.cloudfront.net\/2025\/08\/20013145\/image-231-150x99.png 150w\" sizes=\"auto, (max-width: 785px) 100vw, 785px\" \/><figcaption class=\"wp-element-caption\">Prova objetiva do concurso Sefaz SP &#8211; Especialista Cont\u00e1bil<\/figcaption><\/figure>\n\n\n\n<p>A etapa foi avaliada na escala de 0 a 140 pontos, sendo considerado aprovado o candidato que obtivesse:<\/p>\n\n\n\n<ul class=\"wp-block-list\">\n<li><strong>a)<\/strong> no m\u00ednimo, 50% dos pontos ponderados da prova objetiva em Conhecimentos B\u00e1sicos; e<\/li>\n\n\n\n<li><strong>b)<\/strong> no m\u00ednimo, 50% dos pontos ponderados da prova objetiva em Conhecimentos Espec\u00edficos.<\/li>\n<\/ul>\n\n\n\n<h4 class=\"wp-block-heading\" id=\"h-prova-de-titulos\">Prova de t\u00edtulos<\/h4>\n\n\n\n<p>Foram considerados T\u00edtulos e Experi\u00eancia Profissional somente os documentos constantes na tabela a seguir:<\/p>\n\n\n\n<figure class=\"wp-block-image aligncenter size-full\"><img loading=\"lazy\" decoding=\"async\" width=\"803\" height=\"463\" src=\"https:\/\/dhg1h5j42swfq.cloudfront.net\/2025\/08\/20013400\/image-232.png\" alt=\"T\u00edtulos do edital do concurso Sefaz SP para Especialista Cont\u00e1bil\" class=\"wp-image-1626200\" srcset=\"https:\/\/dhg1h5j42swfq.cloudfront.net\/2025\/08\/20013400\/image-232.png 803w, https:\/\/dhg1h5j42swfq.cloudfront.net\/2025\/08\/20013400\/image-232-300x173.png 300w, https:\/\/dhg1h5j42swfq.cloudfront.net\/2025\/08\/20013400\/image-232-768x443.png 768w, https:\/\/dhg1h5j42swfq.cloudfront.net\/2025\/08\/20013400\/image-232-150x86.png 150w\" sizes=\"auto, (max-width: 803px) 100vw, 803px\" \/><figcaption class=\"wp-element-caption\">Avalia\u00e7\u00e3o de T\u00edtulos do concurso Sefaz SP &#8211; Especialista Cont\u00e1bil<\/figcaption><\/figure>\n\n\n\n<hr class=\"wp-block-separator has-css-opacity\"\/>\n\n\n\n<p class=\"has-text-align-center has-x-large-font-size\" id=\"cursos-assinatura\"><strong>Quer estudar para o Concurso Sefaz SP?<\/strong><\/p>\n\n\n\n<div class=\"container\" id=\"boxes\">\n  <div class=\"row\">\n\n    <div class=\"col-sm\">\n      <div class=\"banner-sefaz-ec\" id=\"box-assinatura\">\n        <h2 class=\"titulo-assinatura\">Concurso Sefaz SP<\/h2>\n        <p class=\"subtitulo-assinatura\">Prepara\u00e7\u00e3o completa para a carreira na Sefaz SP<\/p>\n        <div class=\"box-botao\">\n          <a class=\"btn-assinatura\" target=\"_blank\" href=\"https:\/\/www.estrategiaconcursos.com.br\/cursosPorConcurso\/icms-sp-63\/\" role=\"button\" rel=\"noopener noreferrer\">VER CURSOS<\/a>\n        <\/div>\n      <\/div>\n    \n    <\/div>\n\n  <\/div>\n<\/div>\n\n\n\n<div class=\"container\" id=\"boxes\">\n  <div class=\"row\">\n\n    <div class=\"col-sm\">\n      <div class=\"estrategia\" id=\"box-assinatura\">\n        <h3 class=\"titulo-assinatura\">Assinatura Concursos<\/h3>\n        <p class=\"subtitulo-assinatura\">Assinatura de 1 ano ou 2 anos<\/p>\n        <div class=\"box-botao\">\n          <a class=\"btn-assinatura\" target=\"_blank\" href=\"https:\/\/www.estrategiaconcursos.com.br\/assinaturas\/\" role=\"button\" rel=\"noopener noreferrer\">ASSINE AGORA<\/a>\n        <\/div>\n      <\/div>\n     \n    <\/div><\/div><\/div>\n\n\n\n<p class=\"has-text-align-center has-x-large-font-size\" id=\"h-quer-saber-tudo-sobre-concursos-previstos-confira-nossos-artigos\"><strong>Quer saber tudo sobre concursos previstos? Confira nossos artigos!<\/strong><\/p>\n\n\n\n<ul class=\"wp-block-list\">\n<li><a href=\"https:\/\/www.estrategiaconcursos.com.br\/blog\/concursos-abertos\/\" target=\"_blank\" rel=\"noreferrer noopener\">Concursos Abertos<\/a><\/li>\n\n\n\n<li><a href=\"https:\/\/www.estrategiaconcursos.com.br\/blog\/concursos-fiscais\/\" target=\"_blank\" rel=\"noreferrer noopener\">Concursos Fiscais<\/a><\/li>\n\n\n\n<li><a href=\"https:\/\/www.estrategiaconcursos.com.br\/blog\/concursos-2026\/\" target=\"_blank\" rel=\"noreferrer noopener\">Concursos 2026<\/a><\/li>\n\n\n\n<li><a href=\"https:\/\/www.estrategiaconcursos.com.br\/blog\/concursos-sp\/\" target=\"_blank\" rel=\"noreferrer noopener\">Concursos SP<\/a><\/li>\n<\/ul>\n\n\n\n<figure class=\"wp-block-image size-large is-resized\"><img loading=\"lazy\" decoding=\"async\" width=\"1024\" height=\"632\" src=\"https:\/\/dhg1h5j42swfq.cloudfront.net\/2025\/06\/27101122\/ficha-tecnica-1-1024x632.png\" alt=\"Ficha t\u00e9cnica do concurso Sefaz SP\" class=\"wp-image-702728\" style=\"width:271px;height:167px\" srcset=\"https:\/\/dhg1h5j42swfq.cloudfront.net\/2025\/06\/27101122\/ficha-tecnica-1-1024x632.png 1024w, https:\/\/dhg1h5j42swfq.cloudfront.net\/2025\/06\/27101122\/ficha-tecnica-1-300x185.png 300w, https:\/\/dhg1h5j42swfq.cloudfront.net\/2025\/06\/27101122\/ficha-tecnica-1-768x474.png 768w, https:\/\/dhg1h5j42swfq.cloudfront.net\/2025\/06\/27101122\/ficha-tecnica-1-1536x948.png 1536w, https:\/\/dhg1h5j42swfq.cloudfront.net\/2025\/06\/27101122\/ficha-tecnica-1-610x377.png 610w, https:\/\/dhg1h5j42swfq.cloudfront.net\/2025\/06\/27101122\/ficha-tecnica-1.png 1571w\" sizes=\"auto, (max-width: 1024px) 100vw, 1024px\" \/><\/figure>\n\n\n\n<h3 class=\"wp-block-heading\" id=\"ficha\"><strong>Informa\u00e7\u00f5es do novo concurso Sefaz SP &#8211; Fiscal<\/strong><\/h3>\n\n\n\n<ul class=\"wp-block-list\">\n<li><strong>Data da prova<\/strong>: <s>28\/02 e 01\/03\/2026<\/s><\/li>\n\n\n\n<li><strong>Vagas<\/strong>: 200<\/li>\n\n\n\n<li><strong>Cargos: <\/strong>Auditor Fiscal<\/li>\n\n\n\n<li><strong>Banca<\/strong>: FCC<\/li>\n\n\n\n<li><strong>Escolaridade<\/strong>: n\u00edvel superior<\/li>\n\n\n\n<li><strong>Edital:<\/strong> <a href=\"https:\/\/dhg1h5j42swfq.cloudfront.net\/2025\/11\/27084229\/edital-concurso-sefaz-sp-2025.pdf\" target=\"_blank\" rel=\"noreferrer noopener nofollow\">Sefaz SP &#8211; 2025<\/a> | <a href=\"https:\/\/dhg1h5j42swfq.cloudfront.net\/2026\/01\/30160250\/edital_n0_02-2026_-_retificacao_do_edital_n0_02-2025_-_abertura_de_inscricoes.pdf\" target=\"_blank\" rel=\"noreferrer noopener nofollow\">Retifica\u00e7\u00e3o<\/a><\/li>\n<\/ul>\n\n\n\n<h3 class=\"wp-block-heading\" id=\"ficha\">Informa\u00e7\u00f5es do concurso Sefaz SP &#8211; Contabilidade<\/h3>\n\n\n\n<ul class=\"wp-block-list\">\n<li><strong>Ano<\/strong>: 2025<\/li>\n\n\n\n<li><strong>Vagas<\/strong>: 12<\/li>\n\n\n\n<li><strong>Cargo<\/strong>: Especialista Cont\u00e1bil<\/li>\n\n\n\n<li><strong>Banca<\/strong>: Instituto Nosso Rumo<\/li>\n\n\n\n<li><strong>Escolaridade<\/strong>: n\u00edvel superior<\/li>\n\n\n\n<li><strong>Edital:<\/strong> <a href=\"https:\/\/dhg1h5j42swfq.cloudfront.net\/2025\/08\/20101312\/edital-sefaz-sp-2025-especialista-contabil.pdf\" target=\"_blank\" rel=\"noreferrer noopener nofollow\">Sefaz SP &#8211; 2025<\/a><\/li>\n<\/ul>\n\n\n\n<div style=\"height:40px\" aria-hidden=\"true\" class=\"wp-block-spacer\"><\/div>\n\n\n\n<div class=\"schema-faq wp-block-yoast-faq-block\"><div class=\"schema-faq-section\" id=\"faq-question-1755086633774\"><strong class=\"schema-faq-question\">Quanto ganha um auditor da Sefaz SP?<\/strong> <p class=\"schema-faq-answer\">Atualmente, o sal\u00e1rio inicial de um Auditor Fiscal da Sefaz SP \u00e9 de<strong> R$ 21.177,10<\/strong>. No entanto, esse valor tende a ser bem maior na pr\u00e1tica, pois n\u00e3o inclui as gratifica\u00e7\u00f5es e bonifica\u00e7\u00f5es extras, que geralmente n\u00e3o s\u00e3o detalhadas nos editais.<\/p> <\/div> <\/div>\n\n\n\n<p><\/p>\n","protected":false},"excerpt":{"rendered":"<p>O concurso Sefaz SP para Auditor Fiscal da Receita Estadual da Secretaria da Fazenda e Planejamento de S\u00e3o Paulo teve a sua banca organizadora definida, sendo esta a Funda\u00e7\u00e3o Carlos Chagas (FCC).<\/p>\n","protected":false},"author":659,"featured_media":891057,"comment_status":"open","ping_status":"closed","sticky":false,"template":"","format":"standard","meta":{"post_tipo":"news_page","footnotes":""},"categories":[1983],"tags":[],"tax_estado":[219989],"class_list":["post-295804","post","type-post","status-publish","format-standard","has-post-thumbnail","hentry","category-fiscal-estadual","tax_estado-sp"],"acf":[],"yoast_head":"<!-- This site is optimized with the Yoast SEO Premium plugin v27.2 (Yoast SEO v27.2) - https:\/\/yoast.com\/product\/yoast-seo-premium-wordpress\/ -->\n<title>Concurso Sefaz SP 2026: resultado definitivo da objetiva!<\/title>\n<meta name=\"description\" content=\"Concurso Sefaz SP 2026: saiu o resultado definitivo da prova objetiva! S\u00e3o 200 vagas para o cargo de Auditor Fiscal.\" \/>\n<meta name=\"robots\" content=\"index, follow, max-snippet:-1, max-image-preview:large, max-video-preview:-1\" \/>\n<link rel=\"canonical\" href=\"https:\/\/www.estrategiaconcursos.com.br\/blog\/concurso-sefaz-sp\/\" \/>\n<meta property=\"og:locale\" content=\"pt_BR\" \/>\n<meta property=\"og:type\" content=\"article\" \/>\n<meta property=\"og:title\" content=\"Concurso Sefaz SP 2026: resultado definitivo da objetiva!\" \/>\n<meta property=\"og:description\" content=\"Concurso Sefaz SP 2026: saiu o resultado definitivo da prova objetiva! S\u00e3o 200 vagas para o cargo de Auditor Fiscal.\" \/>\n<meta property=\"og:url\" content=\"https:\/\/www.estrategiaconcursos.com.br\/blog\/concurso-sefaz-sp\/\" \/>\n<meta property=\"og:site_name\" content=\"Estrat\u00e9gia Concursos\" \/>\n<meta property=\"article:published_time\" content=\"2026-04-14T12:44:00+00:00\" \/>\n<meta property=\"article:modified_time\" content=\"2026-04-14T17:11:41+00:00\" \/>\n<meta property=\"og:image\" content=\"https:\/\/dhg1h5j42swfq.cloudfront.net\/2021\/10\/22141700\/sefaz-sp.jpg\" \/>\n\t<meta property=\"og:image:width\" content=\"1024\" \/>\n\t<meta property=\"og:image:height\" content=\"536\" \/>\n\t<meta property=\"og:image:type\" content=\"image\/jpeg\" \/>\n<meta name=\"author\" content=\"Camila Leite\" \/>\n<meta name=\"twitter:card\" content=\"summary_large_image\" \/>\n<meta name=\"twitter:creator\" content=\"@EstratConcursos\" \/>\n<meta name=\"twitter:site\" content=\"@EstratConcursos\" \/>\n<meta name=\"twitter:label1\" content=\"Escrito por\" \/>\n\t<meta name=\"twitter:data1\" content=\"Camila Leite\" \/>\n\t<meta name=\"twitter:label2\" content=\"Est. tempo de leitura\" \/>\n\t<meta name=\"twitter:data2\" content=\"9 minutos\" \/>\n<script type=\"application\/ld+json\" class=\"yoast-schema-graph\">{\"@context\":\"https:\/\/schema.org\",\"@graph\":[{\"@type\":\"NewsArticle\",\"@id\":\"https:\/\/www.estrategiaconcursos.com.br\/blog\/concurso-sefaz-sp\/#article\",\"isPartOf\":{\"@id\":\"https:\/\/www.estrategiaconcursos.com.br\/blog\/concurso-sefaz-sp\/\"},\"author\":{\"name\":\"Camila Leite\",\"@id\":\"https:\/\/www.estrategiaconcursos.com.br\/blog\/#\/schema\/person\/84ecdc6eb58d3cf1689bf76c5cd8fb38\"},\"headline\":\"Concurso Sefaz SP 2026: resultado definitivo da objetiva!\",\"datePublished\":\"2026-04-14T12:44:00+00:00\",\"dateModified\":\"2026-04-14T17:11:41+00:00\",\"mainEntityOfPage\":{\"@id\":\"https:\/\/www.estrategiaconcursos.com.br\/blog\/concurso-sefaz-sp\/\"},\"wordCount\":2085,\"commentCount\":7,\"publisher\":{\"@id\":\"https:\/\/www.estrategiaconcursos.com.br\/blog\/#organization\"},\"image\":{\"@id\":\"https:\/\/www.estrategiaconcursos.com.br\/blog\/concurso-sefaz-sp\/#primaryimage\"},\"thumbnailUrl\":\"https:\/\/dhg1h5j42swfq.cloudfront.net\/2021\/10\/22141700\/sefaz-sp.jpg\",\"articleSection\":[\"Fiscal - Estadual (ICMS)\"],\"inLanguage\":\"pt-BR\",\"potentialAction\":[{\"@type\":\"CommentAction\",\"name\":\"Comment\",\"target\":[\"https:\/\/www.estrategiaconcursos.com.br\/blog\/concurso-sefaz-sp\/#respond\"]}],\"copyrightYear\":\"2026\",\"copyrightHolder\":{\"@id\":\"https:\/\/www.estrategiaconcursos.com.br\/blog\/#organization\"}},{\"@type\":[\"WebPage\",\"FAQPage\"],\"@id\":\"https:\/\/www.estrategiaconcursos.com.br\/blog\/concurso-sefaz-sp\/\",\"url\":\"https:\/\/www.estrategiaconcursos.com.br\/blog\/concurso-sefaz-sp\/\",\"name\":\"Concurso Sefaz SP 2026: resultado definitivo da objetiva!\",\"isPartOf\":{\"@id\":\"https:\/\/www.estrategiaconcursos.com.br\/blog\/#website\"},\"primaryImageOfPage\":{\"@id\":\"https:\/\/www.estrategiaconcursos.com.br\/blog\/concurso-sefaz-sp\/#primaryimage\"},\"image\":{\"@id\":\"https:\/\/www.estrategiaconcursos.com.br\/blog\/concurso-sefaz-sp\/#primaryimage\"},\"thumbnailUrl\":\"https:\/\/dhg1h5j42swfq.cloudfront.net\/2021\/10\/22141700\/sefaz-sp.jpg\",\"datePublished\":\"2026-04-14T12:44:00+00:00\",\"dateModified\":\"2026-04-14T17:11:41+00:00\",\"description\":\"Concurso Sefaz SP 2026: saiu o resultado definitivo da prova objetiva! S\u00e3o 200 vagas para o cargo de Auditor Fiscal.\",\"breadcrumb\":{\"@id\":\"https:\/\/www.estrategiaconcursos.com.br\/blog\/concurso-sefaz-sp\/#breadcrumb\"},\"mainEntity\":[{\"@id\":\"https:\/\/www.estrategiaconcursos.com.br\/blog\/concurso-sefaz-sp\/#faq-question-1755089313286\"},{\"@id\":\"https:\/\/www.estrategiaconcursos.com.br\/blog\/concurso-sefaz-sp\/#faq-question-1755086633774\"}],\"inLanguage\":\"pt-BR\",\"potentialAction\":[{\"@type\":\"ReadAction\",\"target\":[\"https:\/\/www.estrategiaconcursos.com.br\/blog\/concurso-sefaz-sp\/\"]}]},{\"@type\":\"ImageObject\",\"inLanguage\":\"pt-BR\",\"@id\":\"https:\/\/www.estrategiaconcursos.com.br\/blog\/concurso-sefaz-sp\/#primaryimage\",\"url\":\"https:\/\/dhg1h5j42swfq.cloudfront.net\/2021\/10\/22141700\/sefaz-sp.jpg\",\"contentUrl\":\"https:\/\/dhg1h5j42swfq.cloudfront.net\/2021\/10\/22141700\/sefaz-sp.jpg\",\"width\":1024,\"height\":536,\"caption\":\"Concurso Sefaz SP escolha da banca\"},{\"@type\":\"BreadcrumbList\",\"@id\":\"https:\/\/www.estrategiaconcursos.com.br\/blog\/concurso-sefaz-sp\/#breadcrumb\",\"itemListElement\":[{\"@type\":\"ListItem\",\"position\":1,\"name\":\"In\u00edcio\",\"item\":\"https:\/\/www.estrategiaconcursos.com.br\/blog\/\"},{\"@type\":\"ListItem\",\"position\":2,\"name\":\"Concurso Sefaz SP 2026: resultado definitivo da objetiva!\"}]},{\"@type\":\"WebSite\",\"@id\":\"https:\/\/www.estrategiaconcursos.com.br\/blog\/#website\",\"url\":\"https:\/\/www.estrategiaconcursos.com.br\/blog\/\",\"name\":\"Estrat\u00e9gia Concursos\",\"description\":\"O blog da Estrat\u00e9gia Concursos traz not\u00edcias sobre concursos e artigos de professores oferecendo cursos para concursos (pdf + videaulas) no site.\",\"publisher\":{\"@id\":\"https:\/\/www.estrategiaconcursos.com.br\/blog\/#organization\"},\"potentialAction\":[{\"@type\":\"SearchAction\",\"target\":{\"@type\":\"EntryPoint\",\"urlTemplate\":\"https:\/\/www.estrategiaconcursos.com.br\/blog\/?s={search_term_string}\"},\"query-input\":{\"@type\":\"PropertyValueSpecification\",\"valueRequired\":true,\"valueName\":\"search_term_string\"}}],\"inLanguage\":\"pt-BR\"},{\"@type\":\"Organization\",\"@id\":\"https:\/\/www.estrategiaconcursos.com.br\/blog\/#organization\",\"name\":\"Estrat\u00e9gia Concursos\",\"url\":\"https:\/\/www.estrategiaconcursos.com.br\/blog\/\",\"logo\":{\"@type\":\"ImageObject\",\"inLanguage\":\"pt-BR\",\"@id\":\"https:\/\/www.estrategiaconcursos.com.br\/blog\/#\/schema\/logo\/image\/\",\"url\":\"https:\/\/dhg1h5j42swfq.cloudfront.net\/2025\/06\/03203428\/logo_concursos-1.jpg\",\"contentUrl\":\"https:\/\/dhg1h5j42swfq.cloudfront.net\/2025\/06\/03203428\/logo_concursos-1.jpg\",\"width\":230,\"height\":60,\"caption\":\"Estrat\u00e9gia Concursos\"},\"image\":{\"@id\":\"https:\/\/www.estrategiaconcursos.com.br\/blog\/#\/schema\/logo\/image\/\"},\"sameAs\":[\"https:\/\/x.com\/EstratConcursos\"]},{\"@type\":\"Person\",\"@id\":\"https:\/\/www.estrategiaconcursos.com.br\/blog\/#\/schema\/person\/84ecdc6eb58d3cf1689bf76c5cd8fb38\",\"name\":\"Camila Leite\",\"image\":{\"@type\":\"ImageObject\",\"inLanguage\":\"pt-BR\",\"@id\":\"https:\/\/secure.gravatar.com\/avatar\/f2f8faef639c8a2bfb7fb909912a56917f4c3a0aed064500168e2fb8ea55cf61?s=96&d=mm&r=g\",\"url\":\"https:\/\/secure.gravatar.com\/avatar\/f2f8faef639c8a2bfb7fb909912a56917f4c3a0aed064500168e2fb8ea55cf61?s=96&d=mm&r=g\",\"contentUrl\":\"https:\/\/secure.gravatar.com\/avatar\/f2f8faef639c8a2bfb7fb909912a56917f4c3a0aed064500168e2fb8ea55cf61?s=96&d=mm&r=g\",\"caption\":\"Camila Leite\"},\"description\":\"Formada em Design Gr\u00e1fico e em Propaganda e Marketing pela UNIP, integra a equipe de jornalismo do Estrat\u00e9gia Concursos desde 2018. Ao longo dos anos, construiu uma s\u00f3lida experi\u00eancia na produ\u00e7\u00e3o de conte\u00fado informativo e relevante para concurseiros. Desde 2020, atua na cobertura das \u00e1reas Fiscal \u2014 com \u00eanfase nas Secretarias de Fazenda (Sefaz) das regi\u00f5es Sul e Sudeste \u2014, al\u00e9m da cobertura de concursos federais, como CNU, Petrobras, CGU, Receita Federal, ag\u00eancias reguladoras (Anvisa, ANAC, entre outras) e INSS. Mant\u00e9m contato direto com os principais \u00f3rg\u00e3os p\u00fablicos, acompanhando editais, atualiza\u00e7\u00f5es e movimenta\u00e7\u00f5es importantes para os candidatos.\",\"sameAs\":[\"https:\/\/www.linkedin.com\/in\/camila-pinheiro-leite-9ba135b6\/\"],\"url\":\"https:\/\/www.estrategiaconcursos.com.br\/blog\/author\/camila-leiteestrategiaconcursos-com-br\/\"},{\"@type\":\"Question\",\"@id\":\"https:\/\/www.estrategiaconcursos.com.br\/blog\/concurso-sefaz-sp\/#faq-question-1755089313286\",\"position\":1,\"url\":\"https:\/\/www.estrategiaconcursos.com.br\/blog\/concurso-sefaz-sp\/#faq-question-1755089313286\",\"name\":\"Quais os requisitos para o cargo de Especialista Cont\u00e1bil no concurso Sefaz SP?\",\"answerCount\":1,\"acceptedAnswer\":{\"@type\":\"Answer\",\"text\":\"Para ingressar no cargo, \u00e9 necess\u00e1rio possuir curso superior completo de Ci\u00eancias Cont\u00e1beis e registro ativo no Conselho Regional de Contabilidade (CRC).\",\"inLanguage\":\"pt-BR\"},\"inLanguage\":\"pt-BR\"},{\"@type\":\"Question\",\"@id\":\"https:\/\/www.estrategiaconcursos.com.br\/blog\/concurso-sefaz-sp\/#faq-question-1755086633774\",\"position\":2,\"url\":\"https:\/\/www.estrategiaconcursos.com.br\/blog\/concurso-sefaz-sp\/#faq-question-1755086633774\",\"name\":\"Quanto ganha um auditor da Sefaz SP?\",\"answerCount\":1,\"acceptedAnswer\":{\"@type\":\"Answer\",\"text\":\"Atualmente, o sal\u00e1rio inicial de um Auditor Fiscal da Sefaz SP \u00e9 de<strong> R$ 21.177,10<\/strong>. No entanto, esse valor tende a ser bem maior na pr\u00e1tica, pois n\u00e3o inclui as gratifica\u00e7\u00f5es e bonifica\u00e7\u00f5es extras, que geralmente n\u00e3o s\u00e3o detalhadas nos editais.\",\"inLanguage\":\"pt-BR\"},\"inLanguage\":\"pt-BR\"}]}<\/script>\n<!-- \/ Yoast SEO Premium plugin. -->","yoast_head_json":{"title":"Concurso Sefaz SP 2026: resultado definitivo da objetiva!","description":"Concurso Sefaz SP 2026: saiu o resultado definitivo da prova objetiva! S\u00e3o 200 vagas para o cargo de Auditor Fiscal.","robots":{"index":"index","follow":"follow","max-snippet":"max-snippet:-1","max-image-preview":"max-image-preview:large","max-video-preview":"max-video-preview:-1"},"canonical":"https:\/\/www.estrategiaconcursos.com.br\/blog\/concurso-sefaz-sp\/","og_locale":"pt_BR","og_type":"article","og_title":"Concurso Sefaz SP 2026: resultado definitivo da objetiva!","og_description":"Concurso Sefaz SP 2026: saiu o resultado definitivo da prova objetiva! S\u00e3o 200 vagas para o cargo de Auditor Fiscal.","og_url":"https:\/\/www.estrategiaconcursos.com.br\/blog\/concurso-sefaz-sp\/","og_site_name":"Estrat\u00e9gia Concursos","article_published_time":"2026-04-14T12:44:00+00:00","article_modified_time":"2026-04-14T17:11:41+00:00","og_image":[{"width":1024,"height":536,"url":"https:\/\/dhg1h5j42swfq.cloudfront.net\/2021\/10\/22141700\/sefaz-sp.jpg","type":"image\/jpeg"}],"author":"Camila Leite","twitter_card":"summary_large_image","twitter_creator":"@EstratConcursos","twitter_site":"@EstratConcursos","twitter_misc":{"Escrito por":"Camila Leite","Est. tempo de leitura":"9 minutos"},"schema":{"@context":"https:\/\/schema.org","@graph":[{"@type":"NewsArticle","@id":"https:\/\/www.estrategiaconcursos.com.br\/blog\/concurso-sefaz-sp\/#article","isPartOf":{"@id":"https:\/\/www.estrategiaconcursos.com.br\/blog\/concurso-sefaz-sp\/"},"author":{"name":"Camila Leite","@id":"https:\/\/www.estrategiaconcursos.com.br\/blog\/#\/schema\/person\/84ecdc6eb58d3cf1689bf76c5cd8fb38"},"headline":"Concurso Sefaz SP 2026: resultado definitivo da objetiva!","datePublished":"2026-04-14T12:44:00+00:00","dateModified":"2026-04-14T17:11:41+00:00","mainEntityOfPage":{"@id":"https:\/\/www.estrategiaconcursos.com.br\/blog\/concurso-sefaz-sp\/"},"wordCount":2085,"commentCount":7,"publisher":{"@id":"https:\/\/www.estrategiaconcursos.com.br\/blog\/#organization"},"image":{"@id":"https:\/\/www.estrategiaconcursos.com.br\/blog\/concurso-sefaz-sp\/#primaryimage"},"thumbnailUrl":"https:\/\/dhg1h5j42swfq.cloudfront.net\/2021\/10\/22141700\/sefaz-sp.jpg","articleSection":["Fiscal - Estadual (ICMS)"],"inLanguage":"pt-BR","potentialAction":[{"@type":"CommentAction","name":"Comment","target":["https:\/\/www.estrategiaconcursos.com.br\/blog\/concurso-sefaz-sp\/#respond"]}],"copyrightYear":"2026","copyrightHolder":{"@id":"https:\/\/www.estrategiaconcursos.com.br\/blog\/#organization"}},{"@type":["WebPage","FAQPage"],"@id":"https:\/\/www.estrategiaconcursos.com.br\/blog\/concurso-sefaz-sp\/","url":"https:\/\/www.estrategiaconcursos.com.br\/blog\/concurso-sefaz-sp\/","name":"Concurso Sefaz SP 2026: resultado definitivo da objetiva!","isPartOf":{"@id":"https:\/\/www.estrategiaconcursos.com.br\/blog\/#website"},"primaryImageOfPage":{"@id":"https:\/\/www.estrategiaconcursos.com.br\/blog\/concurso-sefaz-sp\/#primaryimage"},"image":{"@id":"https:\/\/www.estrategiaconcursos.com.br\/blog\/concurso-sefaz-sp\/#primaryimage"},"thumbnailUrl":"https:\/\/dhg1h5j42swfq.cloudfront.net\/2021\/10\/22141700\/sefaz-sp.jpg","datePublished":"2026-04-14T12:44:00+00:00","dateModified":"2026-04-14T17:11:41+00:00","description":"Concurso Sefaz SP 2026: saiu o resultado definitivo da prova objetiva! S\u00e3o 200 vagas para o cargo de Auditor Fiscal.","breadcrumb":{"@id":"https:\/\/www.estrategiaconcursos.com.br\/blog\/concurso-sefaz-sp\/#breadcrumb"},"mainEntity":[{"@id":"https:\/\/www.estrategiaconcursos.com.br\/blog\/concurso-sefaz-sp\/#faq-question-1755089313286"},{"@id":"https:\/\/www.estrategiaconcursos.com.br\/blog\/concurso-sefaz-sp\/#faq-question-1755086633774"}],"inLanguage":"pt-BR","potentialAction":[{"@type":"ReadAction","target":["https:\/\/www.estrategiaconcursos.com.br\/blog\/concurso-sefaz-sp\/"]}]},{"@type":"ImageObject","inLanguage":"pt-BR","@id":"https:\/\/www.estrategiaconcursos.com.br\/blog\/concurso-sefaz-sp\/#primaryimage","url":"https:\/\/dhg1h5j42swfq.cloudfront.net\/2021\/10\/22141700\/sefaz-sp.jpg","contentUrl":"https:\/\/dhg1h5j42swfq.cloudfront.net\/2021\/10\/22141700\/sefaz-sp.jpg","width":1024,"height":536,"caption":"Concurso Sefaz SP escolha da banca"},{"@type":"BreadcrumbList","@id":"https:\/\/www.estrategiaconcursos.com.br\/blog\/concurso-sefaz-sp\/#breadcrumb","itemListElement":[{"@type":"ListItem","position":1,"name":"In\u00edcio","item":"https:\/\/www.estrategiaconcursos.com.br\/blog\/"},{"@type":"ListItem","position":2,"name":"Concurso Sefaz SP 2026: resultado definitivo da objetiva!"}]},{"@type":"WebSite","@id":"https:\/\/www.estrategiaconcursos.com.br\/blog\/#website","url":"https:\/\/www.estrategiaconcursos.com.br\/blog\/","name":"Estrat\u00e9gia Concursos","description":"O blog da Estrat\u00e9gia Concursos traz not\u00edcias sobre concursos e artigos de professores oferecendo cursos para concursos (pdf + videaulas) no site.","publisher":{"@id":"https:\/\/www.estrategiaconcursos.com.br\/blog\/#organization"},"potentialAction":[{"@type":"SearchAction","target":{"@type":"EntryPoint","urlTemplate":"https:\/\/www.estrategiaconcursos.com.br\/blog\/?s={search_term_string}"},"query-input":{"@type":"PropertyValueSpecification","valueRequired":true,"valueName":"search_term_string"}}],"inLanguage":"pt-BR"},{"@type":"Organization","@id":"https:\/\/www.estrategiaconcursos.com.br\/blog\/#organization","name":"Estrat\u00e9gia Concursos","url":"https:\/\/www.estrategiaconcursos.com.br\/blog\/","logo":{"@type":"ImageObject","inLanguage":"pt-BR","@id":"https:\/\/www.estrategiaconcursos.com.br\/blog\/#\/schema\/logo\/image\/","url":"https:\/\/dhg1h5j42swfq.cloudfront.net\/2025\/06\/03203428\/logo_concursos-1.jpg","contentUrl":"https:\/\/dhg1h5j42swfq.cloudfront.net\/2025\/06\/03203428\/logo_concursos-1.jpg","width":230,"height":60,"caption":"Estrat\u00e9gia Concursos"},"image":{"@id":"https:\/\/www.estrategiaconcursos.com.br\/blog\/#\/schema\/logo\/image\/"},"sameAs":["https:\/\/x.com\/EstratConcursos"]},{"@type":"Person","@id":"https:\/\/www.estrategiaconcursos.com.br\/blog\/#\/schema\/person\/84ecdc6eb58d3cf1689bf76c5cd8fb38","name":"Camila Leite","image":{"@type":"ImageObject","inLanguage":"pt-BR","@id":"https:\/\/secure.gravatar.com\/avatar\/f2f8faef639c8a2bfb7fb909912a56917f4c3a0aed064500168e2fb8ea55cf61?s=96&d=mm&r=g","url":"https:\/\/secure.gravatar.com\/avatar\/f2f8faef639c8a2bfb7fb909912a56917f4c3a0aed064500168e2fb8ea55cf61?s=96&d=mm&r=g","contentUrl":"https:\/\/secure.gravatar.com\/avatar\/f2f8faef639c8a2bfb7fb909912a56917f4c3a0aed064500168e2fb8ea55cf61?s=96&d=mm&r=g","caption":"Camila Leite"},"description":"Formada em Design Gr\u00e1fico e em Propaganda e Marketing pela UNIP, integra a equipe de jornalismo do Estrat\u00e9gia Concursos desde 2018. Ao longo dos anos, construiu uma s\u00f3lida experi\u00eancia na produ\u00e7\u00e3o de conte\u00fado informativo e relevante para concurseiros. Desde 2020, atua na cobertura das \u00e1reas Fiscal \u2014 com \u00eanfase nas Secretarias de Fazenda (Sefaz) das regi\u00f5es Sul e Sudeste \u2014, al\u00e9m da cobertura de concursos federais, como CNU, Petrobras, CGU, Receita Federal, ag\u00eancias reguladoras (Anvisa, ANAC, entre outras) e INSS. Mant\u00e9m contato direto com os principais \u00f3rg\u00e3os p\u00fablicos, acompanhando editais, atualiza\u00e7\u00f5es e movimenta\u00e7\u00f5es importantes para os candidatos.","sameAs":["https:\/\/www.linkedin.com\/in\/camila-pinheiro-leite-9ba135b6\/"],"url":"https:\/\/www.estrategiaconcursos.com.br\/blog\/author\/camila-leiteestrategiaconcursos-com-br\/"},{"@type":"Question","@id":"https:\/\/www.estrategiaconcursos.com.br\/blog\/concurso-sefaz-sp\/#faq-question-1755089313286","position":1,"url":"https:\/\/www.estrategiaconcursos.com.br\/blog\/concurso-sefaz-sp\/#faq-question-1755089313286","name":"Quais os requisitos para o cargo de Especialista Cont\u00e1bil no concurso Sefaz SP?","answerCount":1,"acceptedAnswer":{"@type":"Answer","text":"Para ingressar no cargo, \u00e9 necess\u00e1rio possuir curso superior completo de Ci\u00eancias Cont\u00e1beis e registro ativo no Conselho Regional de Contabilidade (CRC).","inLanguage":"pt-BR"},"inLanguage":"pt-BR"},{"@type":"Question","@id":"https:\/\/www.estrategiaconcursos.com.br\/blog\/concurso-sefaz-sp\/#faq-question-1755086633774","position":2,"url":"https:\/\/www.estrategiaconcursos.com.br\/blog\/concurso-sefaz-sp\/#faq-question-1755086633774","name":"Quanto ganha um auditor da Sefaz SP?","answerCount":1,"acceptedAnswer":{"@type":"Answer","text":"Atualmente, o sal\u00e1rio inicial de um Auditor Fiscal da Sefaz SP \u00e9 de<strong> R$ 21.177,10<\/strong>. No entanto, esse valor tende a ser bem maior na pr\u00e1tica, pois n\u00e3o inclui as gratifica\u00e7\u00f5es e bonifica\u00e7\u00f5es extras, que geralmente n\u00e3o s\u00e3o detalhadas nos editais.","inLanguage":"pt-BR"},"inLanguage":"pt-BR"}]}},"_links":{"self":[{"href":"https:\/\/www.estrategiaconcursos.com.br\/blog\/wp-json\/wp\/v2\/posts\/295804","targetHints":{"allow":["GET"]}}],"collection":[{"href":"https:\/\/www.estrategiaconcursos.com.br\/blog\/wp-json\/wp\/v2\/posts"}],"about":[{"href":"https:\/\/www.estrategiaconcursos.com.br\/blog\/wp-json\/wp\/v2\/types\/post"}],"author":[{"embeddable":true,"href":"https:\/\/www.estrategiaconcursos.com.br\/blog\/wp-json\/wp\/v2\/users\/659"}],"replies":[{"embeddable":true,"href":"https:\/\/www.estrategiaconcursos.com.br\/blog\/wp-json\/wp\/v2\/comments?post=295804"}],"version-history":[{"count":236,"href":"https:\/\/www.estrategiaconcursos.com.br\/blog\/wp-json\/wp\/v2\/posts\/295804\/revisions"}],"predecessor-version":[{"id":1753391,"href":"https:\/\/www.estrategiaconcursos.com.br\/blog\/wp-json\/wp\/v2\/posts\/295804\/revisions\/1753391"}],"wp:featuredmedia":[{"embeddable":true,"href":"https:\/\/www.estrategiaconcursos.com.br\/blog\/wp-json\/wp\/v2\/media\/891057"}],"wp:attachment":[{"href":"https:\/\/www.estrategiaconcursos.com.br\/blog\/wp-json\/wp\/v2\/media?parent=295804"}],"wp:term":[{"taxonomy":"category","embeddable":true,"href":"https:\/\/www.estrategiaconcursos.com.br\/blog\/wp-json\/wp\/v2\/categories?post=295804"},{"taxonomy":"post_tag","embeddable":true,"href":"https:\/\/www.estrategiaconcursos.com.br\/blog\/wp-json\/wp\/v2\/tags?post=295804"},{"taxonomy":"tax_estado","embeddable":true,"href":"https:\/\/www.estrategiaconcursos.com.br\/blog\/wp-json\/wp\/v2\/tax_estado?post=295804"}],"curies":[{"name":"wp","href":"https:\/\/api.w.org\/{rel}","templated":true}]}}