{"id":295610,"date":"2019-04-17T08:09:02","date_gmt":"2019-04-17T11:09:02","guid":{"rendered":"https:\/\/www.estrategiaconcursos.com.br\/blog\/?p=295610"},"modified":"2019-04-17T08:09:06","modified_gmt":"2019-04-17T11:09:06","slug":"concurso-sefaz-df-processo-tem-novas-tramitacoes-edital-em-abril","status":"publish","type":"post","link":"https:\/\/www.estrategiaconcursos.com.br\/blog\/concurso-sefaz-df-processo-tem-novas-tramitacoes-edital-em-abril\/","title":{"rendered":"Concurso SEFAZ DF: processo tem novas tramita\u00e7\u00f5es; edital em abril"},"content":{"rendered":"\n<p style=\"font-size:25px\"><em>Concurso SEFAZ DF  ser\u00e1 organizado pelo CEBRASPE<\/em><\/p>\n\n\n\n<p>O processo de autoriza\u00e7\u00e3o do novo concurso da Secretaria da Fazenda do Distrito Federal registrou <strong>novas tramita\u00e7\u00f5es<\/strong> nesta semana, tendo sido recebido na Subsecretaria de Administra\u00e7\u00e3o Geral da pasta.  Com banca definida (<strong>Cebraspe<\/strong>), o certame \u00e9 um dos mais aguardados de 2019.<\/p>\n\n\n\n<p>O edital do novo concurso deve ser publicado at\u00e9 o fim deste m\u00eas, observando o que foi previsto em sua portaria de autoriza\u00e7\u00e3o, publicada em outubro de 2018. <\/p>\n\n\n\n<p>S\u00e3o previstas  <strong>120 vagas<\/strong> (40 + 80 CR) para o cargo de Auditor Fiscal da Receita do DF. O cargo exige N\u00edvel Superior e tem remunera\u00e7\u00e3o b\u00e1sica inicial de R$ 15 mil.<\/p>\n\n\n\n<p>Abaixo voc\u00ea confere uma reprodu\u00e7\u00e3o do andamento do processo de autoriza\u00e7\u00e3o do concurso SEFAZ DF:<\/p>\n\n\n\n<figure class=\"wp-block-image\"><img loading=\"lazy\" decoding=\"async\" width=\"1312\" height=\"545\" src=\"https:\/\/dhg1h5j42swfq.cloudfront.net\/2019\/04\/17080833\/image100.png\" alt=\"CONCURSO SEFAZ DF\" class=\"wp-image-295615\" srcset=\"https:\/\/dhg1h5j42swfq.cloudfront.net\/2019\/04\/17080833\/image100.png 1312w, https:\/\/dhg1h5j42swfq.cloudfront.net\/2019\/04\/17080833\/image100.png 300w, https:\/\/dhg1h5j42swfq.cloudfront.net\/2019\/04\/17080833\/image100.png 768w, https:\/\/dhg1h5j42swfq.cloudfront.net\/2019\/04\/17080833\/image100.png 1024w\" sizes=\"auto, (max-width: 1312px) 100vw, 1312px\" \/><\/figure>\n\n\n\n<h2 class=\"wp-block-heading\">O \u00faltimo concurso SEFAZ DF<\/h2>\n\n\n\n<p>O \u00faltimo concurso da Secretaria da Fazenda do DF para o cargo de Auditor Fiscal aconteceu em 2001, quando o edital ofertou 200 vagas imediatas al\u00e9m de cadastro de reserva. A Funda\u00e7\u00e3o Carlos Chagas (FCC) foi a banca organizadora do certame.<\/p>\n\n\n\n<p>Um edital chegou a ser publicado em novembro de 2010 para o cargo de Auditor Tribut\u00e1rio, organizado pela banca UNIVERSA. O concurso, posteriormente cancelado, previa o oferecimento de 50 vagas imediatas e cadastro de reserva.<\/p>\n\n\n\n<p style=\"font-size:25px;text-align:center\"><em>Mais informa\u00e7\u00f5es<\/em><\/p>\n\n\n\n<p style=\"font-size:25px;text-align:center\"><a href=\"https:\/\/www.estrategiaconcursos.com.br\/blog\/concurso-sefaz-df-auditor\/\" target=\"_blank\" rel=\"noreferrer noopener\" aria-label=\"CONCURSO SEFAZ DF (opens in a new tab)\">CONCURSO SEFAZ DF<\/a><\/p>\n\n\n\n<p><em>Ascom Estrat\u00e9gia<\/em><br \/>ascomestrategia@gmail.com<\/p>\n\n\n\n<p style=\"font-size:25px;text-align:center\"><em><strong>Cursos&nbsp;para&nbsp;o&nbsp;Concurso SEFAZ DF<\/strong><\/em><\/p>\n\n\n\n<p style=\"text-align:center\"><em><a href=\"https:\/\/www.estrategiaconcursos.com.br\/cursosPorConcurso\/sefaz-df-279\/\">CURSO CONCURSO SEFAZ-DF<\/a><\/em><\/p>\n\n\n\n<h2 class=\"wp-block-heading\" style=\"text-align:center\"><em><strong>Assinatura Anual Ilimitada<\/strong><\/em><\/h2>\n\n\n\n<p style=\"text-align:center\"><em>Prepare-se com o melhor material e com quem mais aprova em&nbsp;Concursos P\u00fablicos de todo o pa\u00eds. Assine agora a nossa Assinatura Anual e tenha acesso ilimitado a todos os nossos cursos.<\/em><\/p>\n\n\n\n<figure class=\"wp-block-image\"><a href=\"https:\/\/www.estrategiaconcursos.com.br\/assinaturas\" target=\"_blank\" rel=\"noreferrer noopener\"><img decoding=\"async\" src=\"https:\/\/www.estrategiaconcursos.com.br\/assets\/img\/banner-assinaturas.jpg\" alt=\"Assinatura Ilimitada\" class=\"wp-image-157836\"\/><\/a><\/figure>\n\n\n<p><!--EndFragment--><br \/>\n<br \/>\n<\/p>","protected":false},"excerpt":{"rendered":"<p>Concurso SEFAZ DF ser\u00e1 organizado pelo CEBRASPE O processo de autoriza\u00e7\u00e3o do novo concurso da Secretaria da Fazenda do Distrito Federal registrou novas tramita\u00e7\u00f5es nesta semana, tendo sido recebido na Subsecretaria de Administra\u00e7\u00e3o Geral da pasta. Com banca definida (Cebraspe), o certame \u00e9 um dos mais aguardados de 2019. O edital do novo concurso deve [&hellip;]<\/p>\n","protected":false},"author":1,"featured_media":147072,"comment_status":"open","ping_status":"closed","sticky":false,"template":"","format":"standard","meta":{"post_tipo":"news","footnotes":""},"categories":[1],"tags":[],"tax_estado":[],"class_list":["post-295610","post","type-post","status-publish","format-standard","has-post-thumbnail","hentry","category-cursos-e-concursos"],"acf":[],"yoast_head":"<!-- This site is optimized with the Yoast SEO Premium plugin v27.2 (Yoast SEO v27.2) - https:\/\/yoast.com\/product\/yoast-seo-premium-wordpress\/ -->\n<title>Concurso SEFAZ DF: processo tem novas tramita\u00e7\u00f5es; edital em abril<\/title>\n<meta name=\"description\" content=\"Concurso SEFAZ DF: processo de autoriza\u00e7\u00e3o registra novas tramita\u00e7\u00f5es. Com banca definida (CEBRASPE), edital com 120 vagas deve ser publicado em abril.\" \/>\n<meta name=\"robots\" content=\"index, follow, max-snippet:-1, max-image-preview:large, max-video-preview:-1\" \/>\n<link rel=\"canonical\" href=\"https:\/\/www.estrategiaconcursos.com.br\/blog\/concurso-sefaz-df-processo-tem-novas-tramitacoes-edital-em-abril\/\" \/>\n<meta property=\"og:locale\" content=\"pt_BR\" \/>\n<meta property=\"og:type\" content=\"article\" \/>\n<meta property=\"og:title\" content=\"Concurso SEFAZ DF: processo tem novas tramita\u00e7\u00f5es; edital em abril\" \/>\n<meta property=\"og:description\" content=\"Concurso SEFAZ DF: processo de autoriza\u00e7\u00e3o registra novas tramita\u00e7\u00f5es. Com banca definida (CEBRASPE), edital com 120 vagas deve ser publicado em abril.\" \/>\n<meta property=\"og:url\" content=\"https:\/\/www.estrategiaconcursos.com.br\/blog\/concurso-sefaz-df-processo-tem-novas-tramitacoes-edital-em-abril\/\" \/>\n<meta property=\"og:site_name\" content=\"Estrat\u00e9gia Concursos\" \/>\n<meta property=\"article:author\" content=\"https:\/\/www.facebook.com\/EstrategiaConcursos\" \/>\n<meta property=\"article:published_time\" content=\"2019-04-17T11:09:02+00:00\" \/>\n<meta property=\"article:modified_time\" content=\"2019-04-17T11:09:06+00:00\" \/>\n<meta property=\"og:image\" content=\"https:\/\/dhg1h5j42swfq.cloudfront.net\/2018\/10\/16115133\/concurso-sefaz-df.jpg\" \/>\n\t<meta property=\"og:image:width\" content=\"1200\" \/>\n\t<meta property=\"og:image:height\" content=\"628\" \/>\n\t<meta property=\"og:image:type\" content=\"image\/jpeg\" \/>\n<meta name=\"author\" content=\"Coordena\u00e7\u00e3o\" \/>\n<meta name=\"twitter:card\" content=\"summary_large_image\" \/>\n<meta name=\"twitter:creator\" content=\"@EstratConcursos\" \/>\n<meta name=\"twitter:site\" content=\"@EstratConcursos\" \/>\n<meta name=\"twitter:label1\" content=\"Escrito por\" \/>\n\t<meta name=\"twitter:data1\" content=\"Coordena\u00e7\u00e3o\" \/>\n\t<meta name=\"twitter:label2\" content=\"Est. tempo de leitura\" \/>\n\t<meta name=\"twitter:data2\" content=\"1 minuto\" \/>\n<script type=\"application\/ld+json\" class=\"yoast-schema-graph\">{\"@context\":\"https:\/\/schema.org\",\"@graph\":[{\"@type\":\"NewsArticle\",\"@id\":\"https:\/\/www.estrategiaconcursos.com.br\/blog\/concurso-sefaz-df-processo-tem-novas-tramitacoes-edital-em-abril\/#article\",\"isPartOf\":{\"@id\":\"https:\/\/www.estrategiaconcursos.com.br\/blog\/concurso-sefaz-df-processo-tem-novas-tramitacoes-edital-em-abril\/\"},\"author\":{\"name\":\"Coordena\u00e7\u00e3o\",\"@id\":\"https:\/\/www.estrategiaconcursos.com.br\/blog\/#\/schema\/person\/b4a388c97673c5f483d72185668afa1f\"},\"headline\":\"Concurso SEFAZ DF: processo tem novas tramita\u00e7\u00f5es; edital em abril\",\"datePublished\":\"2019-04-17T11:09:02+00:00\",\"dateModified\":\"2019-04-17T11:09:06+00:00\",\"mainEntityOfPage\":{\"@id\":\"https:\/\/www.estrategiaconcursos.com.br\/blog\/concurso-sefaz-df-processo-tem-novas-tramitacoes-edital-em-abril\/\"},\"wordCount\":280,\"commentCount\":0,\"publisher\":{\"@id\":\"https:\/\/www.estrategiaconcursos.com.br\/blog\/#organization\"},\"image\":{\"@id\":\"https:\/\/www.estrategiaconcursos.com.br\/blog\/concurso-sefaz-df-processo-tem-novas-tramitacoes-edital-em-abril\/#primaryimage\"},\"thumbnailUrl\":\"https:\/\/dhg1h5j42swfq.cloudfront.net\/2018\/10\/16115133\/concurso-sefaz-df.jpg\",\"articleSection\":[\"Concursos P\u00fablicos\"],\"inLanguage\":\"pt-BR\",\"potentialAction\":[{\"@type\":\"CommentAction\",\"name\":\"Comment\",\"target\":[\"https:\/\/www.estrategiaconcursos.com.br\/blog\/concurso-sefaz-df-processo-tem-novas-tramitacoes-edital-em-abril\/#respond\"]}],\"copyrightYear\":\"2019\",\"copyrightHolder\":{\"@id\":\"https:\/\/www.estrategiaconcursos.com.br\/blog\/#organization\"}},{\"@type\":\"WebPage\",\"@id\":\"https:\/\/www.estrategiaconcursos.com.br\/blog\/concurso-sefaz-df-processo-tem-novas-tramitacoes-edital-em-abril\/\",\"url\":\"https:\/\/www.estrategiaconcursos.com.br\/blog\/concurso-sefaz-df-processo-tem-novas-tramitacoes-edital-em-abril\/\",\"name\":\"Concurso SEFAZ DF: processo tem novas tramita\u00e7\u00f5es; edital em abril\",\"isPartOf\":{\"@id\":\"https:\/\/www.estrategiaconcursos.com.br\/blog\/#website\"},\"primaryImageOfPage\":{\"@id\":\"https:\/\/www.estrategiaconcursos.com.br\/blog\/concurso-sefaz-df-processo-tem-novas-tramitacoes-edital-em-abril\/#primaryimage\"},\"image\":{\"@id\":\"https:\/\/www.estrategiaconcursos.com.br\/blog\/concurso-sefaz-df-processo-tem-novas-tramitacoes-edital-em-abril\/#primaryimage\"},\"thumbnailUrl\":\"https:\/\/dhg1h5j42swfq.cloudfront.net\/2018\/10\/16115133\/concurso-sefaz-df.jpg\",\"datePublished\":\"2019-04-17T11:09:02+00:00\",\"dateModified\":\"2019-04-17T11:09:06+00:00\",\"description\":\"Concurso SEFAZ DF: processo de autoriza\u00e7\u00e3o registra novas tramita\u00e7\u00f5es. Com banca definida (CEBRASPE), edital com 120 vagas deve ser publicado em abril.\",\"breadcrumb\":{\"@id\":\"https:\/\/www.estrategiaconcursos.com.br\/blog\/concurso-sefaz-df-processo-tem-novas-tramitacoes-edital-em-abril\/#breadcrumb\"},\"inLanguage\":\"pt-BR\",\"potentialAction\":[{\"@type\":\"ReadAction\",\"target\":[\"https:\/\/www.estrategiaconcursos.com.br\/blog\/concurso-sefaz-df-processo-tem-novas-tramitacoes-edital-em-abril\/\"]}]},{\"@type\":\"ImageObject\",\"inLanguage\":\"pt-BR\",\"@id\":\"https:\/\/www.estrategiaconcursos.com.br\/blog\/concurso-sefaz-df-processo-tem-novas-tramitacoes-edital-em-abril\/#primaryimage\",\"url\":\"https:\/\/dhg1h5j42swfq.cloudfront.net\/2018\/10\/16115133\/concurso-sefaz-df.jpg\",\"contentUrl\":\"https:\/\/dhg1h5j42swfq.cloudfront.net\/2018\/10\/16115133\/concurso-sefaz-df.jpg\",\"width\":1200,\"height\":628,\"caption\":\"SEFAZ DF\"},{\"@type\":\"BreadcrumbList\",\"@id\":\"https:\/\/www.estrategiaconcursos.com.br\/blog\/concurso-sefaz-df-processo-tem-novas-tramitacoes-edital-em-abril\/#breadcrumb\",\"itemListElement\":[{\"@type\":\"ListItem\",\"position\":1,\"name\":\"In\u00edcio\",\"item\":\"https:\/\/www.estrategiaconcursos.com.br\/blog\/\"},{\"@type\":\"ListItem\",\"position\":2,\"name\":\"Concurso SEFAZ DF: processo tem novas tramita\u00e7\u00f5es; edital em abril\"}]},{\"@type\":\"WebSite\",\"@id\":\"https:\/\/www.estrategiaconcursos.com.br\/blog\/#website\",\"url\":\"https:\/\/www.estrategiaconcursos.com.br\/blog\/\",\"name\":\"Estrat\u00e9gia Concursos\",\"description\":\"O blog da Estrat\u00e9gia Concursos traz not\u00edcias sobre concursos e artigos de professores oferecendo cursos para concursos (pdf + videaulas) no site.\",\"publisher\":{\"@id\":\"https:\/\/www.estrategiaconcursos.com.br\/blog\/#organization\"},\"potentialAction\":[{\"@type\":\"SearchAction\",\"target\":{\"@type\":\"EntryPoint\",\"urlTemplate\":\"https:\/\/www.estrategiaconcursos.com.br\/blog\/?s={search_term_string}\"},\"query-input\":{\"@type\":\"PropertyValueSpecification\",\"valueRequired\":true,\"valueName\":\"search_term_string\"}}],\"inLanguage\":\"pt-BR\"},{\"@type\":\"Organization\",\"@id\":\"https:\/\/www.estrategiaconcursos.com.br\/blog\/#organization\",\"name\":\"Estrat\u00e9gia Concursos\",\"url\":\"https:\/\/www.estrategiaconcursos.com.br\/blog\/\",\"logo\":{\"@type\":\"ImageObject\",\"inLanguage\":\"pt-BR\",\"@id\":\"https:\/\/www.estrategiaconcursos.com.br\/blog\/#\/schema\/logo\/image\/\",\"url\":\"https:\/\/dhg1h5j42swfq.cloudfront.net\/2025\/06\/03203428\/logo_concursos-1.jpg\",\"contentUrl\":\"https:\/\/dhg1h5j42swfq.cloudfront.net\/2025\/06\/03203428\/logo_concursos-1.jpg\",\"width\":230,\"height\":60,\"caption\":\"Estrat\u00e9gia Concursos\"},\"image\":{\"@id\":\"https:\/\/www.estrategiaconcursos.com.br\/blog\/#\/schema\/logo\/image\/\"},\"sameAs\":[\"https:\/\/x.com\/EstratConcursos\"]},{\"@type\":\"Person\",\"@id\":\"https:\/\/www.estrategiaconcursos.com.br\/blog\/#\/schema\/person\/b4a388c97673c5f483d72185668afa1f\",\"name\":\"Coordena\u00e7\u00e3o\",\"image\":{\"@type\":\"ImageObject\",\"inLanguage\":\"pt-BR\",\"@id\":\"https:\/\/secure.gravatar.com\/avatar\/b720319e4c9a967eb58678d110f4fe35452fc5d5f97b202bac7b8acceb18c6ad?s=96&d=mm&r=g\",\"url\":\"https:\/\/secure.gravatar.com\/avatar\/b720319e4c9a967eb58678d110f4fe35452fc5d5f97b202bac7b8acceb18c6ad?s=96&d=mm&r=g\",\"contentUrl\":\"https:\/\/secure.gravatar.com\/avatar\/b720319e4c9a967eb58678d110f4fe35452fc5d5f97b202bac7b8acceb18c6ad?s=96&d=mm&r=g\",\"caption\":\"Coordena\u00e7\u00e3o\"},\"sameAs\":[\"https:\/\/www.facebook.com\/EstrategiaConcursos\",\"https:\/\/x.com\/EstratConcursos\"],\"url\":\"https:\/\/www.estrategiaconcursos.com.br\/blog\/author\/estrategia2013\/\"}]}<\/script>\n<!-- \/ Yoast SEO Premium plugin. -->","yoast_head_json":{"title":"Concurso SEFAZ DF: processo tem novas tramita\u00e7\u00f5es; edital em abril","description":"Concurso SEFAZ DF: processo de autoriza\u00e7\u00e3o registra novas tramita\u00e7\u00f5es. Com banca definida (CEBRASPE), edital com 120 vagas deve ser publicado em abril.","robots":{"index":"index","follow":"follow","max-snippet":"max-snippet:-1","max-image-preview":"max-image-preview:large","max-video-preview":"max-video-preview:-1"},"canonical":"https:\/\/www.estrategiaconcursos.com.br\/blog\/concurso-sefaz-df-processo-tem-novas-tramitacoes-edital-em-abril\/","og_locale":"pt_BR","og_type":"article","og_title":"Concurso SEFAZ DF: processo tem novas tramita\u00e7\u00f5es; edital em abril","og_description":"Concurso SEFAZ DF: processo de autoriza\u00e7\u00e3o registra novas tramita\u00e7\u00f5es. Com banca definida (CEBRASPE), edital com 120 vagas deve ser publicado em abril.","og_url":"https:\/\/www.estrategiaconcursos.com.br\/blog\/concurso-sefaz-df-processo-tem-novas-tramitacoes-edital-em-abril\/","og_site_name":"Estrat\u00e9gia Concursos","article_author":"https:\/\/www.facebook.com\/EstrategiaConcursos","article_published_time":"2019-04-17T11:09:02+00:00","article_modified_time":"2019-04-17T11:09:06+00:00","og_image":[{"width":1200,"height":628,"url":"https:\/\/dhg1h5j42swfq.cloudfront.net\/2018\/10\/16115133\/concurso-sefaz-df.jpg","type":"image\/jpeg"}],"author":"Coordena\u00e7\u00e3o","twitter_card":"summary_large_image","twitter_creator":"@EstratConcursos","twitter_site":"@EstratConcursos","twitter_misc":{"Escrito por":"Coordena\u00e7\u00e3o","Est. tempo de leitura":"1 minuto"},"schema":{"@context":"https:\/\/schema.org","@graph":[{"@type":"NewsArticle","@id":"https:\/\/www.estrategiaconcursos.com.br\/blog\/concurso-sefaz-df-processo-tem-novas-tramitacoes-edital-em-abril\/#article","isPartOf":{"@id":"https:\/\/www.estrategiaconcursos.com.br\/blog\/concurso-sefaz-df-processo-tem-novas-tramitacoes-edital-em-abril\/"},"author":{"name":"Coordena\u00e7\u00e3o","@id":"https:\/\/www.estrategiaconcursos.com.br\/blog\/#\/schema\/person\/b4a388c97673c5f483d72185668afa1f"},"headline":"Concurso SEFAZ DF: processo tem novas tramita\u00e7\u00f5es; edital em abril","datePublished":"2019-04-17T11:09:02+00:00","dateModified":"2019-04-17T11:09:06+00:00","mainEntityOfPage":{"@id":"https:\/\/www.estrategiaconcursos.com.br\/blog\/concurso-sefaz-df-processo-tem-novas-tramitacoes-edital-em-abril\/"},"wordCount":280,"commentCount":0,"publisher":{"@id":"https:\/\/www.estrategiaconcursos.com.br\/blog\/#organization"},"image":{"@id":"https:\/\/www.estrategiaconcursos.com.br\/blog\/concurso-sefaz-df-processo-tem-novas-tramitacoes-edital-em-abril\/#primaryimage"},"thumbnailUrl":"https:\/\/dhg1h5j42swfq.cloudfront.net\/2018\/10\/16115133\/concurso-sefaz-df.jpg","articleSection":["Concursos P\u00fablicos"],"inLanguage":"pt-BR","potentialAction":[{"@type":"CommentAction","name":"Comment","target":["https:\/\/www.estrategiaconcursos.com.br\/blog\/concurso-sefaz-df-processo-tem-novas-tramitacoes-edital-em-abril\/#respond"]}],"copyrightYear":"2019","copyrightHolder":{"@id":"https:\/\/www.estrategiaconcursos.com.br\/blog\/#organization"}},{"@type":"WebPage","@id":"https:\/\/www.estrategiaconcursos.com.br\/blog\/concurso-sefaz-df-processo-tem-novas-tramitacoes-edital-em-abril\/","url":"https:\/\/www.estrategiaconcursos.com.br\/blog\/concurso-sefaz-df-processo-tem-novas-tramitacoes-edital-em-abril\/","name":"Concurso SEFAZ DF: processo tem novas tramita\u00e7\u00f5es; edital em abril","isPartOf":{"@id":"https:\/\/www.estrategiaconcursos.com.br\/blog\/#website"},"primaryImageOfPage":{"@id":"https:\/\/www.estrategiaconcursos.com.br\/blog\/concurso-sefaz-df-processo-tem-novas-tramitacoes-edital-em-abril\/#primaryimage"},"image":{"@id":"https:\/\/www.estrategiaconcursos.com.br\/blog\/concurso-sefaz-df-processo-tem-novas-tramitacoes-edital-em-abril\/#primaryimage"},"thumbnailUrl":"https:\/\/dhg1h5j42swfq.cloudfront.net\/2018\/10\/16115133\/concurso-sefaz-df.jpg","datePublished":"2019-04-17T11:09:02+00:00","dateModified":"2019-04-17T11:09:06+00:00","description":"Concurso SEFAZ DF: processo de autoriza\u00e7\u00e3o registra novas tramita\u00e7\u00f5es. Com banca definida (CEBRASPE), edital com 120 vagas deve ser publicado em abril.","breadcrumb":{"@id":"https:\/\/www.estrategiaconcursos.com.br\/blog\/concurso-sefaz-df-processo-tem-novas-tramitacoes-edital-em-abril\/#breadcrumb"},"inLanguage":"pt-BR","potentialAction":[{"@type":"ReadAction","target":["https:\/\/www.estrategiaconcursos.com.br\/blog\/concurso-sefaz-df-processo-tem-novas-tramitacoes-edital-em-abril\/"]}]},{"@type":"ImageObject","inLanguage":"pt-BR","@id":"https:\/\/www.estrategiaconcursos.com.br\/blog\/concurso-sefaz-df-processo-tem-novas-tramitacoes-edital-em-abril\/#primaryimage","url":"https:\/\/dhg1h5j42swfq.cloudfront.net\/2018\/10\/16115133\/concurso-sefaz-df.jpg","contentUrl":"https:\/\/dhg1h5j42swfq.cloudfront.net\/2018\/10\/16115133\/concurso-sefaz-df.jpg","width":1200,"height":628,"caption":"SEFAZ DF"},{"@type":"BreadcrumbList","@id":"https:\/\/www.estrategiaconcursos.com.br\/blog\/concurso-sefaz-df-processo-tem-novas-tramitacoes-edital-em-abril\/#breadcrumb","itemListElement":[{"@type":"ListItem","position":1,"name":"In\u00edcio","item":"https:\/\/www.estrategiaconcursos.com.br\/blog\/"},{"@type":"ListItem","position":2,"name":"Concurso SEFAZ DF: processo tem novas tramita\u00e7\u00f5es; edital em abril"}]},{"@type":"WebSite","@id":"https:\/\/www.estrategiaconcursos.com.br\/blog\/#website","url":"https:\/\/www.estrategiaconcursos.com.br\/blog\/","name":"Estrat\u00e9gia Concursos","description":"O blog da Estrat\u00e9gia Concursos traz not\u00edcias sobre concursos e artigos de professores oferecendo cursos para concursos (pdf + videaulas) no site.","publisher":{"@id":"https:\/\/www.estrategiaconcursos.com.br\/blog\/#organization"},"potentialAction":[{"@type":"SearchAction","target":{"@type":"EntryPoint","urlTemplate":"https:\/\/www.estrategiaconcursos.com.br\/blog\/?s={search_term_string}"},"query-input":{"@type":"PropertyValueSpecification","valueRequired":true,"valueName":"search_term_string"}}],"inLanguage":"pt-BR"},{"@type":"Organization","@id":"https:\/\/www.estrategiaconcursos.com.br\/blog\/#organization","name":"Estrat\u00e9gia Concursos","url":"https:\/\/www.estrategiaconcursos.com.br\/blog\/","logo":{"@type":"ImageObject","inLanguage":"pt-BR","@id":"https:\/\/www.estrategiaconcursos.com.br\/blog\/#\/schema\/logo\/image\/","url":"https:\/\/dhg1h5j42swfq.cloudfront.net\/2025\/06\/03203428\/logo_concursos-1.jpg","contentUrl":"https:\/\/dhg1h5j42swfq.cloudfront.net\/2025\/06\/03203428\/logo_concursos-1.jpg","width":230,"height":60,"caption":"Estrat\u00e9gia Concursos"},"image":{"@id":"https:\/\/www.estrategiaconcursos.com.br\/blog\/#\/schema\/logo\/image\/"},"sameAs":["https:\/\/x.com\/EstratConcursos"]},{"@type":"Person","@id":"https:\/\/www.estrategiaconcursos.com.br\/blog\/#\/schema\/person\/b4a388c97673c5f483d72185668afa1f","name":"Coordena\u00e7\u00e3o","image":{"@type":"ImageObject","inLanguage":"pt-BR","@id":"https:\/\/secure.gravatar.com\/avatar\/b720319e4c9a967eb58678d110f4fe35452fc5d5f97b202bac7b8acceb18c6ad?s=96&d=mm&r=g","url":"https:\/\/secure.gravatar.com\/avatar\/b720319e4c9a967eb58678d110f4fe35452fc5d5f97b202bac7b8acceb18c6ad?s=96&d=mm&r=g","contentUrl":"https:\/\/secure.gravatar.com\/avatar\/b720319e4c9a967eb58678d110f4fe35452fc5d5f97b202bac7b8acceb18c6ad?s=96&d=mm&r=g","caption":"Coordena\u00e7\u00e3o"},"sameAs":["https:\/\/www.facebook.com\/EstrategiaConcursos","https:\/\/x.com\/EstratConcursos"],"url":"https:\/\/www.estrategiaconcursos.com.br\/blog\/author\/estrategia2013\/"}]}},"_links":{"self":[{"href":"https:\/\/www.estrategiaconcursos.com.br\/blog\/wp-json\/wp\/v2\/posts\/295610","targetHints":{"allow":["GET"]}}],"collection":[{"href":"https:\/\/www.estrategiaconcursos.com.br\/blog\/wp-json\/wp\/v2\/posts"}],"about":[{"href":"https:\/\/www.estrategiaconcursos.com.br\/blog\/wp-json\/wp\/v2\/types\/post"}],"author":[{"embeddable":true,"href":"https:\/\/www.estrategiaconcursos.com.br\/blog\/wp-json\/wp\/v2\/users\/1"}],"replies":[{"embeddable":true,"href":"https:\/\/www.estrategiaconcursos.com.br\/blog\/wp-json\/wp\/v2\/comments?post=295610"}],"version-history":[{"count":2,"href":"https:\/\/www.estrategiaconcursos.com.br\/blog\/wp-json\/wp\/v2\/posts\/295610\/revisions"}],"predecessor-version":[{"id":295619,"href":"https:\/\/www.estrategiaconcursos.com.br\/blog\/wp-json\/wp\/v2\/posts\/295610\/revisions\/295619"}],"wp:featuredmedia":[{"embeddable":true,"href":"https:\/\/www.estrategiaconcursos.com.br\/blog\/wp-json\/wp\/v2\/media\/147072"}],"wp:attachment":[{"href":"https:\/\/www.estrategiaconcursos.com.br\/blog\/wp-json\/wp\/v2\/media?parent=295610"}],"wp:term":[{"taxonomy":"category","embeddable":true,"href":"https:\/\/www.estrategiaconcursos.com.br\/blog\/wp-json\/wp\/v2\/categories?post=295610"},{"taxonomy":"post_tag","embeddable":true,"href":"https:\/\/www.estrategiaconcursos.com.br\/blog\/wp-json\/wp\/v2\/tags?post=295610"},{"taxonomy":"tax_estado","embeddable":true,"href":"https:\/\/www.estrategiaconcursos.com.br\/blog\/wp-json\/wp\/v2\/tax_estado?post=295610"}],"curies":[{"name":"wp","href":"https:\/\/api.w.org\/{rel}","templated":true}]}}