{"id":295483,"date":"2019-04-16T14:28:24","date_gmt":"2019-04-16T17:28:24","guid":{"rendered":"https:\/\/www.estrategiaconcursos.com.br\/blog\/?p=295483"},"modified":"2019-04-17T10:22:44","modified_gmt":"2019-04-17T13:22:44","slug":"concurso-dpdf-defensor-tem-edital-retificado-data-da-prova-e-alterada","status":"publish","type":"post","link":"https:\/\/www.estrategiaconcursos.com.br\/blog\/concurso-dpdf-defensor-tem-edital-retificado-data-da-prova-e-alterada\/","title":{"rendered":"Concurso DPDF Defensor tem edital retificado; data da prova \u00e9 alterada"},"content":{"rendered":"\n<p style=\"font-size:25px\"><em>Prova objetiva foi transferida para 7 de julho<\/em><\/p>\n\n\n\n<p>O edital do concurso p\u00fablico de ingresso na carreira da Defensoria P\u00fablica do Distrito Federal passou por importantes <strong>retifica\u00e7\u00f5es<\/strong>, com altera\u00e7\u00e3o no cronograma de aplica\u00e7\u00e3o das provas. A \u00edntegra das mudan\u00e7as foi disponibilizada no portal do Cebraspe, banca organizadora do certame.<\/p>\n\n\n\n<p>Segundo o documento, a data da prova objetiva, antes marcada para o dia 23 de junho, foi transferida para o dia 7 de julho. O mesmo ocorreu com as provas escritas discursivas, transferidas para os dias 15 e 16 de setembro.<\/p>\n\n\n\n<p>O edital do concurso foi publicado em 7 de mar\u00e7o, com oferta de 12 vagas para a classe inicial da carreira de Defensor P\u00fablico, com remunera\u00e7\u00e3o inicial de R$ 24.668,75. S\u00e3o <\/p>\n\n\n\n<p>Para se candidatar a uma das vagas o candidato deve ter forma\u00e7\u00e3o em N\u00edvel Superior na \u00e1rea de Direito. \u00c9 preciso ainda ter registro na Ordem dos Advogados do Brasil (OAB) e, no m\u00ednimo, dois anos de pr\u00e1tica forense.<\/p>\n\n\n\n<p>As inscri\u00e7\u00f5es ficam abertas entre os dias 10 e 29 de maio de 2019, exclusivamente pela internet, no portal da banca organizadora, o Cebraspe. O valor da taxa de inscri\u00e7\u00e3o ficou fixada no edital em R$ 170,00.<\/p>\n\n\n\n<div class=\"wp-block-file\"><a href=\"https:\/\/dhg1h5j42swfq.cloudfront.net\/2019\/04\/16143119\/Retifica%C3%A7%C3%A3o-Edital-DPDF-Defensor-P%C3%BAblico.pdf\" target=\"_blank\" rel=\"noreferrer noopener\">Retifica\u00e7\u00e3o Edital DPDF Defensor P\u00fablico<\/a><a href=\"https:\/\/dhg1h5j42swfq.cloudfront.net\/2019\/04\/16143119\/Retifica%C3%A7%C3%A3o-Edital-DPDF-Defensor-P%C3%BAblico.pdf\" class=\"wp-block-file__button\" download>Baixar<\/a><\/div>\n\n\n\n<p style=\"font-size:25px;text-align:center\"><em>Mais informa\u00e7\u00f5es<\/em><\/p>\n\n\n\n<p style=\"font-size:25px;text-align:center\"><a rel=\"noreferrer noopener\" aria-label=\"CONCURSO DPDF (opens in a new tab)\" href=\"https:\/\/www.estrategiaconcursos.com.br\/blog\/concurso-dpdf-defensor\/\" target=\"_blank\">CONCURSO DPDF<\/a><\/p>\n\n\n\n<p><em>Ascom Estrat\u00e9gia<\/em><br \/>ascomestrategia@gmail.com<\/p>\n\n\n\n<p style=\"font-size:25px;text-align:center\" class=\"has-background has-very-light-gray-background-color\"><a href=\"https:\/\/www.estrategiaconcursos.com.br\/cursosPorConcurso\/defensoria-publica-df\/\"><em>CURSOS CONCURSO DP-DF<\/em><\/a><br \/><\/p>\n","protected":false},"excerpt":{"rendered":"<p>Prova objetiva foi transferida para 7 de julho O edital do concurso p\u00fablico de ingresso na carreira da Defensoria P\u00fablica do Distrito Federal passou por importantes retifica\u00e7\u00f5es, com altera\u00e7\u00e3o no cronograma de aplica\u00e7\u00e3o das provas. A \u00edntegra das mudan\u00e7as foi disponibilizada no portal do Cebraspe, banca organizadora do certame. Segundo o documento, a data da [&hellip;]<\/p>\n","protected":false},"author":180,"featured_media":156692,"comment_status":"open","ping_status":"closed","sticky":false,"template":"","format":"standard","meta":{"post_tipo":"article","footnotes":""},"categories":[1],"tags":[],"tax_estado":[],"class_list":["post-295483","post","type-post","status-publish","format-standard","has-post-thumbnail","hentry","category-cursos-e-concursos"],"acf":[],"yoast_head":"<!-- This site is optimized with the Yoast SEO Premium plugin v27.2 (Yoast SEO v27.2) - https:\/\/yoast.com\/product\/yoast-seo-premium-wordpress\/ -->\n<title>Concurso DPDF Defensor tem edital retificado; data da prova \u00e9 alterada<\/title>\n<meta name=\"description\" content=\"Edital do concurso DPDF Defensor \u00e9 retificado, com mudan\u00e7a na data de aplica\u00e7\u00e3o das provas objetiva e discursiva. Confira aqui todos os detalhes!\" \/>\n<meta name=\"robots\" content=\"index, follow, max-snippet:-1, max-image-preview:large, max-video-preview:-1\" \/>\n<link rel=\"canonical\" href=\"https:\/\/www.estrategiaconcursos.com.br\/blog\/concurso-dpdf-defensor-tem-edital-retificado-data-da-prova-e-alterada\/\" \/>\n<meta property=\"og:locale\" content=\"pt_BR\" \/>\n<meta property=\"og:type\" content=\"article\" \/>\n<meta property=\"og:title\" content=\"Concurso DPDF Defensor tem edital retificado; data da prova \u00e9 alterada\" \/>\n<meta property=\"og:description\" content=\"Edital do concurso DPDF Defensor \u00e9 retificado, com mudan\u00e7a na data de aplica\u00e7\u00e3o das provas objetiva e discursiva. Confira aqui todos os detalhes!\" \/>\n<meta property=\"og:url\" content=\"https:\/\/www.estrategiaconcursos.com.br\/blog\/concurso-dpdf-defensor-tem-edital-retificado-data-da-prova-e-alterada\/\" \/>\n<meta property=\"og:site_name\" content=\"Estrat\u00e9gia Concursos\" \/>\n<meta property=\"article:author\" content=\"https:\/\/www.facebook.com\/ricardo.s.torques\" \/>\n<meta property=\"article:published_time\" content=\"2019-04-16T17:28:24+00:00\" \/>\n<meta property=\"article:modified_time\" content=\"2019-04-17T13:22:44+00:00\" \/>\n<meta property=\"og:image\" content=\"https:\/\/dhg1h5j42swfq.cloudfront.net\/2018\/12\/26070048\/nome.jpg\" \/>\n\t<meta property=\"og:image:width\" content=\"1200\" \/>\n\t<meta property=\"og:image:height\" content=\"628\" \/>\n\t<meta property=\"og:image:type\" content=\"image\/jpeg\" \/>\n<meta name=\"author\" content=\"Ricardo Torques\" \/>\n<meta name=\"twitter:card\" content=\"summary_large_image\" \/>\n<meta name=\"twitter:creator\" content=\"@EstratConcursos\" \/>\n<meta name=\"twitter:site\" content=\"@EstratConcursos\" \/>\n<meta name=\"twitter:label1\" content=\"Escrito por\" \/>\n\t<meta name=\"twitter:data1\" content=\"Ricardo Torques\" \/>\n\t<meta name=\"twitter:label2\" content=\"Est. tempo de leitura\" \/>\n\t<meta name=\"twitter:data2\" content=\"1 minuto\" \/>\n<script type=\"application\/ld+json\" class=\"yoast-schema-graph\">{\"@context\":\"https:\/\/schema.org\",\"@graph\":[{\"@type\":\"NewsArticle\",\"@id\":\"https:\/\/www.estrategiaconcursos.com.br\/blog\/concurso-dpdf-defensor-tem-edital-retificado-data-da-prova-e-alterada\/#article\",\"isPartOf\":{\"@id\":\"https:\/\/www.estrategiaconcursos.com.br\/blog\/concurso-dpdf-defensor-tem-edital-retificado-data-da-prova-e-alterada\/\"},\"author\":{\"name\":\"Ricardo Torques\",\"@id\":\"https:\/\/www.estrategiaconcursos.com.br\/blog\/#\/schema\/person\/aa39cf5ddb518e5bdce27c35788405e2\"},\"headline\":\"Concurso DPDF Defensor tem edital retificado; data da prova \u00e9 alterada\",\"datePublished\":\"2019-04-16T17:28:24+00:00\",\"dateModified\":\"2019-04-17T13:22:44+00:00\",\"mainEntityOfPage\":{\"@id\":\"https:\/\/www.estrategiaconcursos.com.br\/blog\/concurso-dpdf-defensor-tem-edital-retificado-data-da-prova-e-alterada\/\"},\"wordCount\":232,\"commentCount\":0,\"publisher\":{\"@id\":\"https:\/\/www.estrategiaconcursos.com.br\/blog\/#organization\"},\"image\":{\"@id\":\"https:\/\/www.estrategiaconcursos.com.br\/blog\/concurso-dpdf-defensor-tem-edital-retificado-data-da-prova-e-alterada\/#primaryimage\"},\"thumbnailUrl\":\"https:\/\/dhg1h5j42swfq.cloudfront.net\/2018\/12\/26070048\/nome.jpg\",\"articleSection\":[\"Concursos P\u00fablicos\"],\"inLanguage\":\"pt-BR\",\"potentialAction\":[{\"@type\":\"CommentAction\",\"name\":\"Comment\",\"target\":[\"https:\/\/www.estrategiaconcursos.com.br\/blog\/concurso-dpdf-defensor-tem-edital-retificado-data-da-prova-e-alterada\/#respond\"]}],\"copyrightYear\":\"2019\",\"copyrightHolder\":{\"@id\":\"https:\/\/www.estrategiaconcursos.com.br\/blog\/#organization\"}},{\"@type\":\"WebPage\",\"@id\":\"https:\/\/www.estrategiaconcursos.com.br\/blog\/concurso-dpdf-defensor-tem-edital-retificado-data-da-prova-e-alterada\/\",\"url\":\"https:\/\/www.estrategiaconcursos.com.br\/blog\/concurso-dpdf-defensor-tem-edital-retificado-data-da-prova-e-alterada\/\",\"name\":\"Concurso DPDF Defensor tem edital retificado; data da prova \u00e9 alterada\",\"isPartOf\":{\"@id\":\"https:\/\/www.estrategiaconcursos.com.br\/blog\/#website\"},\"primaryImageOfPage\":{\"@id\":\"https:\/\/www.estrategiaconcursos.com.br\/blog\/concurso-dpdf-defensor-tem-edital-retificado-data-da-prova-e-alterada\/#primaryimage\"},\"image\":{\"@id\":\"https:\/\/www.estrategiaconcursos.com.br\/blog\/concurso-dpdf-defensor-tem-edital-retificado-data-da-prova-e-alterada\/#primaryimage\"},\"thumbnailUrl\":\"https:\/\/dhg1h5j42swfq.cloudfront.net\/2018\/12\/26070048\/nome.jpg\",\"datePublished\":\"2019-04-16T17:28:24+00:00\",\"dateModified\":\"2019-04-17T13:22:44+00:00\",\"description\":\"Edital do concurso DPDF Defensor \u00e9 retificado, com mudan\u00e7a na data de aplica\u00e7\u00e3o das provas objetiva e discursiva. Confira aqui todos os detalhes!\",\"breadcrumb\":{\"@id\":\"https:\/\/www.estrategiaconcursos.com.br\/blog\/concurso-dpdf-defensor-tem-edital-retificado-data-da-prova-e-alterada\/#breadcrumb\"},\"inLanguage\":\"pt-BR\",\"potentialAction\":[{\"@type\":\"ReadAction\",\"target\":[\"https:\/\/www.estrategiaconcursos.com.br\/blog\/concurso-dpdf-defensor-tem-edital-retificado-data-da-prova-e-alterada\/\"]}]},{\"@type\":\"ImageObject\",\"inLanguage\":\"pt-BR\",\"@id\":\"https:\/\/www.estrategiaconcursos.com.br\/blog\/concurso-dpdf-defensor-tem-edital-retificado-data-da-prova-e-alterada\/#primaryimage\",\"url\":\"https:\/\/dhg1h5j42swfq.cloudfront.net\/2018\/12\/26070048\/nome.jpg\",\"contentUrl\":\"https:\/\/dhg1h5j42swfq.cloudfront.net\/2018\/12\/26070048\/nome.jpg\",\"width\":1200,\"height\":628,\"caption\":\"concurso defensor df\"},{\"@type\":\"BreadcrumbList\",\"@id\":\"https:\/\/www.estrategiaconcursos.com.br\/blog\/concurso-dpdf-defensor-tem-edital-retificado-data-da-prova-e-alterada\/#breadcrumb\",\"itemListElement\":[{\"@type\":\"ListItem\",\"position\":1,\"name\":\"In\u00edcio\",\"item\":\"https:\/\/www.estrategiaconcursos.com.br\/blog\/\"},{\"@type\":\"ListItem\",\"position\":2,\"name\":\"Concurso DPDF Defensor tem edital retificado; data da prova \u00e9 alterada\"}]},{\"@type\":\"WebSite\",\"@id\":\"https:\/\/www.estrategiaconcursos.com.br\/blog\/#website\",\"url\":\"https:\/\/www.estrategiaconcursos.com.br\/blog\/\",\"name\":\"Estrat\u00e9gia Concursos\",\"description\":\"O blog da Estrat\u00e9gia Concursos traz not\u00edcias sobre concursos e artigos de professores oferecendo cursos para concursos (pdf + videaulas) no site.\",\"publisher\":{\"@id\":\"https:\/\/www.estrategiaconcursos.com.br\/blog\/#organization\"},\"potentialAction\":[{\"@type\":\"SearchAction\",\"target\":{\"@type\":\"EntryPoint\",\"urlTemplate\":\"https:\/\/www.estrategiaconcursos.com.br\/blog\/?s={search_term_string}\"},\"query-input\":{\"@type\":\"PropertyValueSpecification\",\"valueRequired\":true,\"valueName\":\"search_term_string\"}}],\"inLanguage\":\"pt-BR\"},{\"@type\":\"Organization\",\"@id\":\"https:\/\/www.estrategiaconcursos.com.br\/blog\/#organization\",\"name\":\"Estrat\u00e9gia Concursos\",\"url\":\"https:\/\/www.estrategiaconcursos.com.br\/blog\/\",\"logo\":{\"@type\":\"ImageObject\",\"inLanguage\":\"pt-BR\",\"@id\":\"https:\/\/www.estrategiaconcursos.com.br\/blog\/#\/schema\/logo\/image\/\",\"url\":\"https:\/\/dhg1h5j42swfq.cloudfront.net\/2025\/06\/03203428\/logo_concursos-1.jpg\",\"contentUrl\":\"https:\/\/dhg1h5j42swfq.cloudfront.net\/2025\/06\/03203428\/logo_concursos-1.jpg\",\"width\":230,\"height\":60,\"caption\":\"Estrat\u00e9gia Concursos\"},\"image\":{\"@id\":\"https:\/\/www.estrategiaconcursos.com.br\/blog\/#\/schema\/logo\/image\/\"},\"sameAs\":[\"https:\/\/x.com\/EstratConcursos\"]},{\"@type\":\"Person\",\"@id\":\"https:\/\/www.estrategiaconcursos.com.br\/blog\/#\/schema\/person\/aa39cf5ddb518e5bdce27c35788405e2\",\"name\":\"Ricardo Torques\",\"image\":{\"@type\":\"ImageObject\",\"inLanguage\":\"pt-BR\",\"@id\":\"https:\/\/secure.gravatar.com\/avatar\/ce9ac6c3cff25fe86d15ed568ebc64d1724baf5c0693133bcb1f6073f712f92a?s=96&d=mm&r=g\",\"url\":\"https:\/\/secure.gravatar.com\/avatar\/ce9ac6c3cff25fe86d15ed568ebc64d1724baf5c0693133bcb1f6073f712f92a?s=96&d=mm&r=g\",\"contentUrl\":\"https:\/\/secure.gravatar.com\/avatar\/ce9ac6c3cff25fe86d15ed568ebc64d1724baf5c0693133bcb1f6073f712f92a?s=96&d=mm&r=g\",\"caption\":\"Ricardo Torques\"},\"sameAs\":[\"https:\/\/www.facebook.com\/ricardo.s.torques\"],\"url\":\"https:\/\/www.estrategiaconcursos.com.br\/blog\/author\/ricardotorquesestrategiaconcursos-com-br\/\"}]}<\/script>\n<!-- \/ Yoast SEO Premium plugin. -->","yoast_head_json":{"title":"Concurso DPDF Defensor tem edital retificado; data da prova \u00e9 alterada","description":"Edital do concurso DPDF Defensor \u00e9 retificado, com mudan\u00e7a na data de aplica\u00e7\u00e3o das provas objetiva e discursiva. Confira aqui todos os detalhes!","robots":{"index":"index","follow":"follow","max-snippet":"max-snippet:-1","max-image-preview":"max-image-preview:large","max-video-preview":"max-video-preview:-1"},"canonical":"https:\/\/www.estrategiaconcursos.com.br\/blog\/concurso-dpdf-defensor-tem-edital-retificado-data-da-prova-e-alterada\/","og_locale":"pt_BR","og_type":"article","og_title":"Concurso DPDF Defensor tem edital retificado; data da prova \u00e9 alterada","og_description":"Edital do concurso DPDF Defensor \u00e9 retificado, com mudan\u00e7a na data de aplica\u00e7\u00e3o das provas objetiva e discursiva. Confira aqui todos os detalhes!","og_url":"https:\/\/www.estrategiaconcursos.com.br\/blog\/concurso-dpdf-defensor-tem-edital-retificado-data-da-prova-e-alterada\/","og_site_name":"Estrat\u00e9gia Concursos","article_author":"https:\/\/www.facebook.com\/ricardo.s.torques","article_published_time":"2019-04-16T17:28:24+00:00","article_modified_time":"2019-04-17T13:22:44+00:00","og_image":[{"width":1200,"height":628,"url":"https:\/\/dhg1h5j42swfq.cloudfront.net\/2018\/12\/26070048\/nome.jpg","type":"image\/jpeg"}],"author":"Ricardo Torques","twitter_card":"summary_large_image","twitter_creator":"@EstratConcursos","twitter_site":"@EstratConcursos","twitter_misc":{"Escrito por":"Ricardo Torques","Est. tempo de leitura":"1 minuto"},"schema":{"@context":"https:\/\/schema.org","@graph":[{"@type":"NewsArticle","@id":"https:\/\/www.estrategiaconcursos.com.br\/blog\/concurso-dpdf-defensor-tem-edital-retificado-data-da-prova-e-alterada\/#article","isPartOf":{"@id":"https:\/\/www.estrategiaconcursos.com.br\/blog\/concurso-dpdf-defensor-tem-edital-retificado-data-da-prova-e-alterada\/"},"author":{"name":"Ricardo Torques","@id":"https:\/\/www.estrategiaconcursos.com.br\/blog\/#\/schema\/person\/aa39cf5ddb518e5bdce27c35788405e2"},"headline":"Concurso DPDF Defensor tem edital retificado; data da prova \u00e9 alterada","datePublished":"2019-04-16T17:28:24+00:00","dateModified":"2019-04-17T13:22:44+00:00","mainEntityOfPage":{"@id":"https:\/\/www.estrategiaconcursos.com.br\/blog\/concurso-dpdf-defensor-tem-edital-retificado-data-da-prova-e-alterada\/"},"wordCount":232,"commentCount":0,"publisher":{"@id":"https:\/\/www.estrategiaconcursos.com.br\/blog\/#organization"},"image":{"@id":"https:\/\/www.estrategiaconcursos.com.br\/blog\/concurso-dpdf-defensor-tem-edital-retificado-data-da-prova-e-alterada\/#primaryimage"},"thumbnailUrl":"https:\/\/dhg1h5j42swfq.cloudfront.net\/2018\/12\/26070048\/nome.jpg","articleSection":["Concursos P\u00fablicos"],"inLanguage":"pt-BR","potentialAction":[{"@type":"CommentAction","name":"Comment","target":["https:\/\/www.estrategiaconcursos.com.br\/blog\/concurso-dpdf-defensor-tem-edital-retificado-data-da-prova-e-alterada\/#respond"]}],"copyrightYear":"2019","copyrightHolder":{"@id":"https:\/\/www.estrategiaconcursos.com.br\/blog\/#organization"}},{"@type":"WebPage","@id":"https:\/\/www.estrategiaconcursos.com.br\/blog\/concurso-dpdf-defensor-tem-edital-retificado-data-da-prova-e-alterada\/","url":"https:\/\/www.estrategiaconcursos.com.br\/blog\/concurso-dpdf-defensor-tem-edital-retificado-data-da-prova-e-alterada\/","name":"Concurso DPDF Defensor tem edital retificado; data da prova \u00e9 alterada","isPartOf":{"@id":"https:\/\/www.estrategiaconcursos.com.br\/blog\/#website"},"primaryImageOfPage":{"@id":"https:\/\/www.estrategiaconcursos.com.br\/blog\/concurso-dpdf-defensor-tem-edital-retificado-data-da-prova-e-alterada\/#primaryimage"},"image":{"@id":"https:\/\/www.estrategiaconcursos.com.br\/blog\/concurso-dpdf-defensor-tem-edital-retificado-data-da-prova-e-alterada\/#primaryimage"},"thumbnailUrl":"https:\/\/dhg1h5j42swfq.cloudfront.net\/2018\/12\/26070048\/nome.jpg","datePublished":"2019-04-16T17:28:24+00:00","dateModified":"2019-04-17T13:22:44+00:00","description":"Edital do concurso DPDF Defensor \u00e9 retificado, com mudan\u00e7a na data de aplica\u00e7\u00e3o das provas objetiva e discursiva. Confira aqui todos os detalhes!","breadcrumb":{"@id":"https:\/\/www.estrategiaconcursos.com.br\/blog\/concurso-dpdf-defensor-tem-edital-retificado-data-da-prova-e-alterada\/#breadcrumb"},"inLanguage":"pt-BR","potentialAction":[{"@type":"ReadAction","target":["https:\/\/www.estrategiaconcursos.com.br\/blog\/concurso-dpdf-defensor-tem-edital-retificado-data-da-prova-e-alterada\/"]}]},{"@type":"ImageObject","inLanguage":"pt-BR","@id":"https:\/\/www.estrategiaconcursos.com.br\/blog\/concurso-dpdf-defensor-tem-edital-retificado-data-da-prova-e-alterada\/#primaryimage","url":"https:\/\/dhg1h5j42swfq.cloudfront.net\/2018\/12\/26070048\/nome.jpg","contentUrl":"https:\/\/dhg1h5j42swfq.cloudfront.net\/2018\/12\/26070048\/nome.jpg","width":1200,"height":628,"caption":"concurso defensor df"},{"@type":"BreadcrumbList","@id":"https:\/\/www.estrategiaconcursos.com.br\/blog\/concurso-dpdf-defensor-tem-edital-retificado-data-da-prova-e-alterada\/#breadcrumb","itemListElement":[{"@type":"ListItem","position":1,"name":"In\u00edcio","item":"https:\/\/www.estrategiaconcursos.com.br\/blog\/"},{"@type":"ListItem","position":2,"name":"Concurso DPDF Defensor tem edital retificado; data da prova \u00e9 alterada"}]},{"@type":"WebSite","@id":"https:\/\/www.estrategiaconcursos.com.br\/blog\/#website","url":"https:\/\/www.estrategiaconcursos.com.br\/blog\/","name":"Estrat\u00e9gia Concursos","description":"O blog da Estrat\u00e9gia Concursos traz not\u00edcias sobre concursos e artigos de professores oferecendo cursos para concursos (pdf + videaulas) no site.","publisher":{"@id":"https:\/\/www.estrategiaconcursos.com.br\/blog\/#organization"},"potentialAction":[{"@type":"SearchAction","target":{"@type":"EntryPoint","urlTemplate":"https:\/\/www.estrategiaconcursos.com.br\/blog\/?s={search_term_string}"},"query-input":{"@type":"PropertyValueSpecification","valueRequired":true,"valueName":"search_term_string"}}],"inLanguage":"pt-BR"},{"@type":"Organization","@id":"https:\/\/www.estrategiaconcursos.com.br\/blog\/#organization","name":"Estrat\u00e9gia Concursos","url":"https:\/\/www.estrategiaconcursos.com.br\/blog\/","logo":{"@type":"ImageObject","inLanguage":"pt-BR","@id":"https:\/\/www.estrategiaconcursos.com.br\/blog\/#\/schema\/logo\/image\/","url":"https:\/\/dhg1h5j42swfq.cloudfront.net\/2025\/06\/03203428\/logo_concursos-1.jpg","contentUrl":"https:\/\/dhg1h5j42swfq.cloudfront.net\/2025\/06\/03203428\/logo_concursos-1.jpg","width":230,"height":60,"caption":"Estrat\u00e9gia Concursos"},"image":{"@id":"https:\/\/www.estrategiaconcursos.com.br\/blog\/#\/schema\/logo\/image\/"},"sameAs":["https:\/\/x.com\/EstratConcursos"]},{"@type":"Person","@id":"https:\/\/www.estrategiaconcursos.com.br\/blog\/#\/schema\/person\/aa39cf5ddb518e5bdce27c35788405e2","name":"Ricardo Torques","image":{"@type":"ImageObject","inLanguage":"pt-BR","@id":"https:\/\/secure.gravatar.com\/avatar\/ce9ac6c3cff25fe86d15ed568ebc64d1724baf5c0693133bcb1f6073f712f92a?s=96&d=mm&r=g","url":"https:\/\/secure.gravatar.com\/avatar\/ce9ac6c3cff25fe86d15ed568ebc64d1724baf5c0693133bcb1f6073f712f92a?s=96&d=mm&r=g","contentUrl":"https:\/\/secure.gravatar.com\/avatar\/ce9ac6c3cff25fe86d15ed568ebc64d1724baf5c0693133bcb1f6073f712f92a?s=96&d=mm&r=g","caption":"Ricardo Torques"},"sameAs":["https:\/\/www.facebook.com\/ricardo.s.torques"],"url":"https:\/\/www.estrategiaconcursos.com.br\/blog\/author\/ricardotorquesestrategiaconcursos-com-br\/"}]}},"_links":{"self":[{"href":"https:\/\/www.estrategiaconcursos.com.br\/blog\/wp-json\/wp\/v2\/posts\/295483","targetHints":{"allow":["GET"]}}],"collection":[{"href":"https:\/\/www.estrategiaconcursos.com.br\/blog\/wp-json\/wp\/v2\/posts"}],"about":[{"href":"https:\/\/www.estrategiaconcursos.com.br\/blog\/wp-json\/wp\/v2\/types\/post"}],"author":[{"embeddable":true,"href":"https:\/\/www.estrategiaconcursos.com.br\/blog\/wp-json\/wp\/v2\/users\/180"}],"replies":[{"embeddable":true,"href":"https:\/\/www.estrategiaconcursos.com.br\/blog\/wp-json\/wp\/v2\/comments?post=295483"}],"version-history":[{"count":3,"href":"https:\/\/www.estrategiaconcursos.com.br\/blog\/wp-json\/wp\/v2\/posts\/295483\/revisions"}],"predecessor-version":[{"id":295659,"href":"https:\/\/www.estrategiaconcursos.com.br\/blog\/wp-json\/wp\/v2\/posts\/295483\/revisions\/295659"}],"wp:featuredmedia":[{"embeddable":true,"href":"https:\/\/www.estrategiaconcursos.com.br\/blog\/wp-json\/wp\/v2\/media\/156692"}],"wp:attachment":[{"href":"https:\/\/www.estrategiaconcursos.com.br\/blog\/wp-json\/wp\/v2\/media?parent=295483"}],"wp:term":[{"taxonomy":"category","embeddable":true,"href":"https:\/\/www.estrategiaconcursos.com.br\/blog\/wp-json\/wp\/v2\/categories?post=295483"},{"taxonomy":"post_tag","embeddable":true,"href":"https:\/\/www.estrategiaconcursos.com.br\/blog\/wp-json\/wp\/v2\/tags?post=295483"},{"taxonomy":"tax_estado","embeddable":true,"href":"https:\/\/www.estrategiaconcursos.com.br\/blog\/wp-json\/wp\/v2\/tax_estado?post=295483"}],"curies":[{"name":"wp","href":"https:\/\/api.w.org\/{rel}","templated":true}]}}