{"id":295461,"date":"2019-04-16T13:57:07","date_gmt":"2019-04-16T16:57:07","guid":{"rendered":"https:\/\/www.estrategiaconcursos.com.br\/blog\/?p=295461"},"modified":"2019-04-16T14:03:08","modified_gmt":"2019-04-16T17:03:08","slug":"candidatos-relatam-falhas-na-prova-do-concurso-sedest-df","status":"publish","type":"post","link":"https:\/\/www.estrategiaconcursos.com.br\/blog\/candidatos-relatam-falhas-na-prova-do-concurso-sedest-df\/","title":{"rendered":"Candidatos relatam falhas na prova do concurso SEDEST (DF)"},"content":{"rendered":"\n<p style=\"font-size:25px\"><em>Candidatos divulgaram v\u00eddeos nas redes sociais denunciando supostas irregularidades<\/em><\/p>\n\n\n\n<p>Novas pol\u00eamicas marcaram a reaplica\u00e7\u00e3o das provas do concurso p\u00fablico da  Secretaria de Desenvolvimento Social do Distrito Federal (Sedest). Realizada neste domingo, 14 de abril, a nova prova para o cargo de Educador Social registrou incidentes, relatados por candidatos nas redes sociais.<\/p>\n\n\n\n<p>Em v\u00eddeos que circulam pela <em>internet<\/em>, \u00e9 poss\u00edvel ver, por exemplo, que os malotes que continham os cadernos de quest\u00f5es foram distribu\u00eddos antes que todos os candidatos ingressassem em suas salas, o que representa uma viola\u00e7\u00e3o do protocolo de seguran\u00e7a na aplica\u00e7\u00e3o das provas.<\/p>\n\n\n\n<p>O IBRAE (Instituto Brasil de Educa\u00e7\u00e3o), respons\u00e1vel pela organiza\u00e7\u00e3o do certame, ainda n\u00e3o se pronunciou sobre os incidentes, que teriam ocorrido no Centro Universit\u00e1rio de Bras\u00edlia (UniCEUB), um dos locais de aplica\u00e7\u00e3o da prova objetiva.<\/p>\n\n\n\n<p>Candidatos tamb\u00e9m relatam outras suspeitas de irregularidades, como reaproveitamento das quest\u00f5es da prova aplicada em 24 de mar\u00e7o, cancelada ap\u00f3s a comprova\u00e7\u00e3o de irregularidades,  cadernos incompletos e conte\u00fados cobrados sem previs\u00e3o no edital de abertura do concurso.<\/p>\n\n\n\n<h2 class=\"wp-block-heading\">Cronograma do concurso<\/h2>\n\n\n\n<p>O IBRAE tamb\u00e9m disponibilizou o calend\u00e1rio de aplica\u00e7\u00e3o das provas dos outros cargos oferecidos no certame, marcadas para o dia 28 de abril, 12 e 26 de maio de 2019:<\/p>\n\n\n\n<figure class=\"wp-block-image\"><img loading=\"lazy\" decoding=\"async\" width=\"621\" height=\"276\" src=\"https:\/\/dhg1h5j42swfq.cloudfront.net\/2019\/04\/08155535\/image67.png\" alt=\"\" class=\"wp-image-177640\" srcset=\"https:\/\/dhg1h5j42swfq.cloudfront.net\/2019\/04\/08155535\/image67.png 621w, https:\/\/dhg1h5j42swfq.cloudfront.net\/2019\/04\/08155535\/image67.png 300w\" sizes=\"auto, (max-width: 621px) 100vw, 621px\" \/><figcaption><br \/><\/figcaption><\/figure>\n\n\n\n<p style=\"font-size:25px;text-align:center\" class=\"has-background has-very-light-gray-background-color\"><em><strong>Assinatura Anual Ilimitada*<\/strong><\/em><\/p>\n\n\n\n<p style=\"text-align:center\"><em>Prepare-se com o melhor material e com quem mais aprova em&nbsp;Concursos P\u00fablicos de todo o pa\u00eds. Assine agora a nossa Assinatura Anual e tenha acesso ilimitado* a todos os nossos cursos.<\/em><\/p>\n\n\n\n<figure class=\"wp-block-image\"><a href=\"https:\/\/www.estrategiaconcursos.com.br\/assinaturas\/\" target=\"_blank\" rel=\"noreferrer noopener\"><img decoding=\"async\" src=\"https:\/\/www.estrategiaconcursos.com.br\/assets\/img\/banner-assinaturas.jpg\" alt=\"Assinatura Ilimitada\" class=\"wp-image-157836\"\/><\/a><\/figure>\n","protected":false},"excerpt":{"rendered":"<p>Candidatos divulgaram v\u00eddeos nas redes sociais denunciando supostas irregularidades Novas pol\u00eamicas marcaram a reaplica\u00e7\u00e3o das provas do concurso p\u00fablico da Secretaria de Desenvolvimento Social do Distrito Federal (Sedest). Realizada neste domingo, 14 de abril, a nova prova para o cargo de Educador Social registrou incidentes, relatados por candidatos nas redes sociais. Em v\u00eddeos que circulam [&hellip;]<\/p>\n","protected":false},"author":1,"featured_media":153198,"comment_status":"open","ping_status":"closed","sticky":false,"template":"","format":"standard","meta":{"post_tipo":"news","footnotes":""},"categories":[1],"tags":[],"tax_estado":[],"class_list":["post-295461","post","type-post","status-publish","format-standard","has-post-thumbnail","hentry","category-cursos-e-concursos"],"acf":[],"yoast_head":"<!-- This site is optimized with the Yoast SEO Premium plugin v27.2 (Yoast SEO v27.2) - https:\/\/yoast.com\/product\/yoast-seo-premium-wordpress\/ -->\n<title>Candidatos relatam falhas na prova do concurso SEDEST (DF)<\/title>\n<meta name=\"description\" content=\"Segundo candidatos, reaplica\u00e7\u00e3o de provas do concurso SEDEST, no Distrito Federal, \u00e9 marcada por falhas, como viola\u00e7\u00e3o dos pacotes de prova. Saiba mais!\" \/>\n<meta name=\"robots\" content=\"index, follow, max-snippet:-1, max-image-preview:large, max-video-preview:-1\" \/>\n<link rel=\"canonical\" href=\"https:\/\/www.estrategiaconcursos.com.br\/blog\/candidatos-relatam-falhas-na-prova-do-concurso-sedest-df\/\" \/>\n<meta property=\"og:locale\" content=\"pt_BR\" \/>\n<meta property=\"og:type\" content=\"article\" \/>\n<meta property=\"og:title\" content=\"Candidatos relatam falhas na prova do concurso SEDEST (DF)\" \/>\n<meta property=\"og:description\" content=\"Segundo candidatos, reaplica\u00e7\u00e3o de provas do concurso SEDEST, no Distrito Federal, \u00e9 marcada por falhas, como viola\u00e7\u00e3o dos pacotes de prova. Saiba mais!\" \/>\n<meta property=\"og:url\" content=\"https:\/\/www.estrategiaconcursos.com.br\/blog\/candidatos-relatam-falhas-na-prova-do-concurso-sedest-df\/\" \/>\n<meta property=\"og:site_name\" content=\"Estrat\u00e9gia Concursos\" \/>\n<meta property=\"article:author\" content=\"https:\/\/www.facebook.com\/EstrategiaConcursos\" \/>\n<meta property=\"article:published_time\" content=\"2019-04-16T16:57:07+00:00\" \/>\n<meta property=\"article:modified_time\" content=\"2019-04-16T17:03:08+00:00\" \/>\n<meta property=\"og:image\" content=\"https:\/\/dhg1h5j42swfq.cloudfront.net\/2018\/11\/28093548\/SEDEST-e1543408567681.jpg\" \/>\n\t<meta property=\"og:image:width\" content=\"400\" \/>\n\t<meta property=\"og:image:height\" content=\"209\" \/>\n\t<meta property=\"og:image:type\" content=\"image\/jpeg\" \/>\n<meta name=\"author\" content=\"Coordena\u00e7\u00e3o\" \/>\n<meta name=\"twitter:card\" content=\"summary_large_image\" \/>\n<meta name=\"twitter:creator\" content=\"@EstratConcursos\" \/>\n<meta name=\"twitter:site\" content=\"@EstratConcursos\" \/>\n<meta name=\"twitter:label1\" content=\"Escrito por\" \/>\n\t<meta name=\"twitter:data1\" content=\"Coordena\u00e7\u00e3o\" \/>\n\t<meta name=\"twitter:label2\" content=\"Est. tempo de leitura\" \/>\n\t<meta name=\"twitter:data2\" content=\"1 minuto\" \/>\n<script type=\"application\/ld+json\" class=\"yoast-schema-graph\">{\"@context\":\"https:\/\/schema.org\",\"@graph\":[{\"@type\":\"NewsArticle\",\"@id\":\"https:\/\/www.estrategiaconcursos.com.br\/blog\/candidatos-relatam-falhas-na-prova-do-concurso-sedest-df\/#article\",\"isPartOf\":{\"@id\":\"https:\/\/www.estrategiaconcursos.com.br\/blog\/candidatos-relatam-falhas-na-prova-do-concurso-sedest-df\/\"},\"author\":{\"name\":\"Coordena\u00e7\u00e3o\",\"@id\":\"https:\/\/www.estrategiaconcursos.com.br\/blog\/#\/schema\/person\/b4a388c97673c5f483d72185668afa1f\"},\"headline\":\"Candidatos relatam falhas na prova do concurso SEDEST (DF)\",\"datePublished\":\"2019-04-16T16:57:07+00:00\",\"dateModified\":\"2019-04-16T17:03:08+00:00\",\"mainEntityOfPage\":{\"@id\":\"https:\/\/www.estrategiaconcursos.com.br\/blog\/candidatos-relatam-falhas-na-prova-do-concurso-sedest-df\/\"},\"wordCount\":268,\"commentCount\":4,\"publisher\":{\"@id\":\"https:\/\/www.estrategiaconcursos.com.br\/blog\/#organization\"},\"image\":{\"@id\":\"https:\/\/www.estrategiaconcursos.com.br\/blog\/candidatos-relatam-falhas-na-prova-do-concurso-sedest-df\/#primaryimage\"},\"thumbnailUrl\":\"https:\/\/dhg1h5j42swfq.cloudfront.net\/2018\/11\/28093548\/SEDEST-e1543408567681.jpg\",\"articleSection\":[\"Concursos P\u00fablicos\"],\"inLanguage\":\"pt-BR\",\"potentialAction\":[{\"@type\":\"CommentAction\",\"name\":\"Comment\",\"target\":[\"https:\/\/www.estrategiaconcursos.com.br\/blog\/candidatos-relatam-falhas-na-prova-do-concurso-sedest-df\/#respond\"]}],\"copyrightYear\":\"2019\",\"copyrightHolder\":{\"@id\":\"https:\/\/www.estrategiaconcursos.com.br\/blog\/#organization\"}},{\"@type\":\"WebPage\",\"@id\":\"https:\/\/www.estrategiaconcursos.com.br\/blog\/candidatos-relatam-falhas-na-prova-do-concurso-sedest-df\/\",\"url\":\"https:\/\/www.estrategiaconcursos.com.br\/blog\/candidatos-relatam-falhas-na-prova-do-concurso-sedest-df\/\",\"name\":\"Candidatos relatam falhas na prova do concurso SEDEST (DF)\",\"isPartOf\":{\"@id\":\"https:\/\/www.estrategiaconcursos.com.br\/blog\/#website\"},\"primaryImageOfPage\":{\"@id\":\"https:\/\/www.estrategiaconcursos.com.br\/blog\/candidatos-relatam-falhas-na-prova-do-concurso-sedest-df\/#primaryimage\"},\"image\":{\"@id\":\"https:\/\/www.estrategiaconcursos.com.br\/blog\/candidatos-relatam-falhas-na-prova-do-concurso-sedest-df\/#primaryimage\"},\"thumbnailUrl\":\"https:\/\/dhg1h5j42swfq.cloudfront.net\/2018\/11\/28093548\/SEDEST-e1543408567681.jpg\",\"datePublished\":\"2019-04-16T16:57:07+00:00\",\"dateModified\":\"2019-04-16T17:03:08+00:00\",\"description\":\"Segundo candidatos, reaplica\u00e7\u00e3o de provas do concurso SEDEST, no Distrito Federal, \u00e9 marcada por falhas, como viola\u00e7\u00e3o dos pacotes de prova. Saiba mais!\",\"breadcrumb\":{\"@id\":\"https:\/\/www.estrategiaconcursos.com.br\/blog\/candidatos-relatam-falhas-na-prova-do-concurso-sedest-df\/#breadcrumb\"},\"inLanguage\":\"pt-BR\",\"potentialAction\":[{\"@type\":\"ReadAction\",\"target\":[\"https:\/\/www.estrategiaconcursos.com.br\/blog\/candidatos-relatam-falhas-na-prova-do-concurso-sedest-df\/\"]}]},{\"@type\":\"ImageObject\",\"inLanguage\":\"pt-BR\",\"@id\":\"https:\/\/www.estrategiaconcursos.com.br\/blog\/candidatos-relatam-falhas-na-prova-do-concurso-sedest-df\/#primaryimage\",\"url\":\"https:\/\/dhg1h5j42swfq.cloudfront.net\/2018\/11\/28093548\/SEDEST-e1543408567681.jpg\",\"contentUrl\":\"https:\/\/dhg1h5j42swfq.cloudfront.net\/2018\/11\/28093548\/SEDEST-e1543408567681.jpg\",\"width\":400,\"height\":209,\"caption\":\"Concurso sedest df\"},{\"@type\":\"BreadcrumbList\",\"@id\":\"https:\/\/www.estrategiaconcursos.com.br\/blog\/candidatos-relatam-falhas-na-prova-do-concurso-sedest-df\/#breadcrumb\",\"itemListElement\":[{\"@type\":\"ListItem\",\"position\":1,\"name\":\"In\u00edcio\",\"item\":\"https:\/\/www.estrategiaconcursos.com.br\/blog\/\"},{\"@type\":\"ListItem\",\"position\":2,\"name\":\"Candidatos relatam falhas na prova do concurso SEDEST (DF)\"}]},{\"@type\":\"WebSite\",\"@id\":\"https:\/\/www.estrategiaconcursos.com.br\/blog\/#website\",\"url\":\"https:\/\/www.estrategiaconcursos.com.br\/blog\/\",\"name\":\"Estrat\u00e9gia Concursos\",\"description\":\"O blog da Estrat\u00e9gia Concursos traz not\u00edcias sobre concursos e artigos de professores oferecendo cursos para concursos (pdf + videaulas) no site.\",\"publisher\":{\"@id\":\"https:\/\/www.estrategiaconcursos.com.br\/blog\/#organization\"},\"potentialAction\":[{\"@type\":\"SearchAction\",\"target\":{\"@type\":\"EntryPoint\",\"urlTemplate\":\"https:\/\/www.estrategiaconcursos.com.br\/blog\/?s={search_term_string}\"},\"query-input\":{\"@type\":\"PropertyValueSpecification\",\"valueRequired\":true,\"valueName\":\"search_term_string\"}}],\"inLanguage\":\"pt-BR\"},{\"@type\":\"Organization\",\"@id\":\"https:\/\/www.estrategiaconcursos.com.br\/blog\/#organization\",\"name\":\"Estrat\u00e9gia Concursos\",\"url\":\"https:\/\/www.estrategiaconcursos.com.br\/blog\/\",\"logo\":{\"@type\":\"ImageObject\",\"inLanguage\":\"pt-BR\",\"@id\":\"https:\/\/www.estrategiaconcursos.com.br\/blog\/#\/schema\/logo\/image\/\",\"url\":\"https:\/\/dhg1h5j42swfq.cloudfront.net\/2025\/06\/03203428\/logo_concursos-1.jpg\",\"contentUrl\":\"https:\/\/dhg1h5j42swfq.cloudfront.net\/2025\/06\/03203428\/logo_concursos-1.jpg\",\"width\":230,\"height\":60,\"caption\":\"Estrat\u00e9gia Concursos\"},\"image\":{\"@id\":\"https:\/\/www.estrategiaconcursos.com.br\/blog\/#\/schema\/logo\/image\/\"},\"sameAs\":[\"https:\/\/x.com\/EstratConcursos\"]},{\"@type\":\"Person\",\"@id\":\"https:\/\/www.estrategiaconcursos.com.br\/blog\/#\/schema\/person\/b4a388c97673c5f483d72185668afa1f\",\"name\":\"Coordena\u00e7\u00e3o\",\"image\":{\"@type\":\"ImageObject\",\"inLanguage\":\"pt-BR\",\"@id\":\"https:\/\/secure.gravatar.com\/avatar\/b720319e4c9a967eb58678d110f4fe35452fc5d5f97b202bac7b8acceb18c6ad?s=96&d=mm&r=g\",\"url\":\"https:\/\/secure.gravatar.com\/avatar\/b720319e4c9a967eb58678d110f4fe35452fc5d5f97b202bac7b8acceb18c6ad?s=96&d=mm&r=g\",\"contentUrl\":\"https:\/\/secure.gravatar.com\/avatar\/b720319e4c9a967eb58678d110f4fe35452fc5d5f97b202bac7b8acceb18c6ad?s=96&d=mm&r=g\",\"caption\":\"Coordena\u00e7\u00e3o\"},\"sameAs\":[\"https:\/\/www.facebook.com\/EstrategiaConcursos\",\"https:\/\/x.com\/EstratConcursos\"],\"url\":\"https:\/\/www.estrategiaconcursos.com.br\/blog\/author\/estrategia2013\/\"}]}<\/script>\n<!-- \/ Yoast SEO Premium plugin. -->","yoast_head_json":{"title":"Candidatos relatam falhas na prova do concurso SEDEST (DF)","description":"Segundo candidatos, reaplica\u00e7\u00e3o de provas do concurso SEDEST, no Distrito Federal, \u00e9 marcada por falhas, como viola\u00e7\u00e3o dos pacotes de prova. Saiba mais!","robots":{"index":"index","follow":"follow","max-snippet":"max-snippet:-1","max-image-preview":"max-image-preview:large","max-video-preview":"max-video-preview:-1"},"canonical":"https:\/\/www.estrategiaconcursos.com.br\/blog\/candidatos-relatam-falhas-na-prova-do-concurso-sedest-df\/","og_locale":"pt_BR","og_type":"article","og_title":"Candidatos relatam falhas na prova do concurso SEDEST (DF)","og_description":"Segundo candidatos, reaplica\u00e7\u00e3o de provas do concurso SEDEST, no Distrito Federal, \u00e9 marcada por falhas, como viola\u00e7\u00e3o dos pacotes de prova. Saiba mais!","og_url":"https:\/\/www.estrategiaconcursos.com.br\/blog\/candidatos-relatam-falhas-na-prova-do-concurso-sedest-df\/","og_site_name":"Estrat\u00e9gia Concursos","article_author":"https:\/\/www.facebook.com\/EstrategiaConcursos","article_published_time":"2019-04-16T16:57:07+00:00","article_modified_time":"2019-04-16T17:03:08+00:00","og_image":[{"width":400,"height":209,"url":"https:\/\/dhg1h5j42swfq.cloudfront.net\/2018\/11\/28093548\/SEDEST-e1543408567681.jpg","type":"image\/jpeg"}],"author":"Coordena\u00e7\u00e3o","twitter_card":"summary_large_image","twitter_creator":"@EstratConcursos","twitter_site":"@EstratConcursos","twitter_misc":{"Escrito por":"Coordena\u00e7\u00e3o","Est. tempo de leitura":"1 minuto"},"schema":{"@context":"https:\/\/schema.org","@graph":[{"@type":"NewsArticle","@id":"https:\/\/www.estrategiaconcursos.com.br\/blog\/candidatos-relatam-falhas-na-prova-do-concurso-sedest-df\/#article","isPartOf":{"@id":"https:\/\/www.estrategiaconcursos.com.br\/blog\/candidatos-relatam-falhas-na-prova-do-concurso-sedest-df\/"},"author":{"name":"Coordena\u00e7\u00e3o","@id":"https:\/\/www.estrategiaconcursos.com.br\/blog\/#\/schema\/person\/b4a388c97673c5f483d72185668afa1f"},"headline":"Candidatos relatam falhas na prova do concurso SEDEST (DF)","datePublished":"2019-04-16T16:57:07+00:00","dateModified":"2019-04-16T17:03:08+00:00","mainEntityOfPage":{"@id":"https:\/\/www.estrategiaconcursos.com.br\/blog\/candidatos-relatam-falhas-na-prova-do-concurso-sedest-df\/"},"wordCount":268,"commentCount":4,"publisher":{"@id":"https:\/\/www.estrategiaconcursos.com.br\/blog\/#organization"},"image":{"@id":"https:\/\/www.estrategiaconcursos.com.br\/blog\/candidatos-relatam-falhas-na-prova-do-concurso-sedest-df\/#primaryimage"},"thumbnailUrl":"https:\/\/dhg1h5j42swfq.cloudfront.net\/2018\/11\/28093548\/SEDEST-e1543408567681.jpg","articleSection":["Concursos P\u00fablicos"],"inLanguage":"pt-BR","potentialAction":[{"@type":"CommentAction","name":"Comment","target":["https:\/\/www.estrategiaconcursos.com.br\/blog\/candidatos-relatam-falhas-na-prova-do-concurso-sedest-df\/#respond"]}],"copyrightYear":"2019","copyrightHolder":{"@id":"https:\/\/www.estrategiaconcursos.com.br\/blog\/#organization"}},{"@type":"WebPage","@id":"https:\/\/www.estrategiaconcursos.com.br\/blog\/candidatos-relatam-falhas-na-prova-do-concurso-sedest-df\/","url":"https:\/\/www.estrategiaconcursos.com.br\/blog\/candidatos-relatam-falhas-na-prova-do-concurso-sedest-df\/","name":"Candidatos relatam falhas na prova do concurso SEDEST (DF)","isPartOf":{"@id":"https:\/\/www.estrategiaconcursos.com.br\/blog\/#website"},"primaryImageOfPage":{"@id":"https:\/\/www.estrategiaconcursos.com.br\/blog\/candidatos-relatam-falhas-na-prova-do-concurso-sedest-df\/#primaryimage"},"image":{"@id":"https:\/\/www.estrategiaconcursos.com.br\/blog\/candidatos-relatam-falhas-na-prova-do-concurso-sedest-df\/#primaryimage"},"thumbnailUrl":"https:\/\/dhg1h5j42swfq.cloudfront.net\/2018\/11\/28093548\/SEDEST-e1543408567681.jpg","datePublished":"2019-04-16T16:57:07+00:00","dateModified":"2019-04-16T17:03:08+00:00","description":"Segundo candidatos, reaplica\u00e7\u00e3o de provas do concurso SEDEST, no Distrito Federal, \u00e9 marcada por falhas, como viola\u00e7\u00e3o dos pacotes de prova. Saiba mais!","breadcrumb":{"@id":"https:\/\/www.estrategiaconcursos.com.br\/blog\/candidatos-relatam-falhas-na-prova-do-concurso-sedest-df\/#breadcrumb"},"inLanguage":"pt-BR","potentialAction":[{"@type":"ReadAction","target":["https:\/\/www.estrategiaconcursos.com.br\/blog\/candidatos-relatam-falhas-na-prova-do-concurso-sedest-df\/"]}]},{"@type":"ImageObject","inLanguage":"pt-BR","@id":"https:\/\/www.estrategiaconcursos.com.br\/blog\/candidatos-relatam-falhas-na-prova-do-concurso-sedest-df\/#primaryimage","url":"https:\/\/dhg1h5j42swfq.cloudfront.net\/2018\/11\/28093548\/SEDEST-e1543408567681.jpg","contentUrl":"https:\/\/dhg1h5j42swfq.cloudfront.net\/2018\/11\/28093548\/SEDEST-e1543408567681.jpg","width":400,"height":209,"caption":"Concurso sedest df"},{"@type":"BreadcrumbList","@id":"https:\/\/www.estrategiaconcursos.com.br\/blog\/candidatos-relatam-falhas-na-prova-do-concurso-sedest-df\/#breadcrumb","itemListElement":[{"@type":"ListItem","position":1,"name":"In\u00edcio","item":"https:\/\/www.estrategiaconcursos.com.br\/blog\/"},{"@type":"ListItem","position":2,"name":"Candidatos relatam falhas na prova do concurso SEDEST (DF)"}]},{"@type":"WebSite","@id":"https:\/\/www.estrategiaconcursos.com.br\/blog\/#website","url":"https:\/\/www.estrategiaconcursos.com.br\/blog\/","name":"Estrat\u00e9gia Concursos","description":"O blog da Estrat\u00e9gia Concursos traz not\u00edcias sobre concursos e artigos de professores oferecendo cursos para concursos (pdf + videaulas) no site.","publisher":{"@id":"https:\/\/www.estrategiaconcursos.com.br\/blog\/#organization"},"potentialAction":[{"@type":"SearchAction","target":{"@type":"EntryPoint","urlTemplate":"https:\/\/www.estrategiaconcursos.com.br\/blog\/?s={search_term_string}"},"query-input":{"@type":"PropertyValueSpecification","valueRequired":true,"valueName":"search_term_string"}}],"inLanguage":"pt-BR"},{"@type":"Organization","@id":"https:\/\/www.estrategiaconcursos.com.br\/blog\/#organization","name":"Estrat\u00e9gia Concursos","url":"https:\/\/www.estrategiaconcursos.com.br\/blog\/","logo":{"@type":"ImageObject","inLanguage":"pt-BR","@id":"https:\/\/www.estrategiaconcursos.com.br\/blog\/#\/schema\/logo\/image\/","url":"https:\/\/dhg1h5j42swfq.cloudfront.net\/2025\/06\/03203428\/logo_concursos-1.jpg","contentUrl":"https:\/\/dhg1h5j42swfq.cloudfront.net\/2025\/06\/03203428\/logo_concursos-1.jpg","width":230,"height":60,"caption":"Estrat\u00e9gia Concursos"},"image":{"@id":"https:\/\/www.estrategiaconcursos.com.br\/blog\/#\/schema\/logo\/image\/"},"sameAs":["https:\/\/x.com\/EstratConcursos"]},{"@type":"Person","@id":"https:\/\/www.estrategiaconcursos.com.br\/blog\/#\/schema\/person\/b4a388c97673c5f483d72185668afa1f","name":"Coordena\u00e7\u00e3o","image":{"@type":"ImageObject","inLanguage":"pt-BR","@id":"https:\/\/secure.gravatar.com\/avatar\/b720319e4c9a967eb58678d110f4fe35452fc5d5f97b202bac7b8acceb18c6ad?s=96&d=mm&r=g","url":"https:\/\/secure.gravatar.com\/avatar\/b720319e4c9a967eb58678d110f4fe35452fc5d5f97b202bac7b8acceb18c6ad?s=96&d=mm&r=g","contentUrl":"https:\/\/secure.gravatar.com\/avatar\/b720319e4c9a967eb58678d110f4fe35452fc5d5f97b202bac7b8acceb18c6ad?s=96&d=mm&r=g","caption":"Coordena\u00e7\u00e3o"},"sameAs":["https:\/\/www.facebook.com\/EstrategiaConcursos","https:\/\/x.com\/EstratConcursos"],"url":"https:\/\/www.estrategiaconcursos.com.br\/blog\/author\/estrategia2013\/"}]}},"_links":{"self":[{"href":"https:\/\/www.estrategiaconcursos.com.br\/blog\/wp-json\/wp\/v2\/posts\/295461","targetHints":{"allow":["GET"]}}],"collection":[{"href":"https:\/\/www.estrategiaconcursos.com.br\/blog\/wp-json\/wp\/v2\/posts"}],"about":[{"href":"https:\/\/www.estrategiaconcursos.com.br\/blog\/wp-json\/wp\/v2\/types\/post"}],"author":[{"embeddable":true,"href":"https:\/\/www.estrategiaconcursos.com.br\/blog\/wp-json\/wp\/v2\/users\/1"}],"replies":[{"embeddable":true,"href":"https:\/\/www.estrategiaconcursos.com.br\/blog\/wp-json\/wp\/v2\/comments?post=295461"}],"version-history":[{"count":5,"href":"https:\/\/www.estrategiaconcursos.com.br\/blog\/wp-json\/wp\/v2\/posts\/295461\/revisions"}],"predecessor-version":[{"id":295478,"href":"https:\/\/www.estrategiaconcursos.com.br\/blog\/wp-json\/wp\/v2\/posts\/295461\/revisions\/295478"}],"wp:featuredmedia":[{"embeddable":true,"href":"https:\/\/www.estrategiaconcursos.com.br\/blog\/wp-json\/wp\/v2\/media\/153198"}],"wp:attachment":[{"href":"https:\/\/www.estrategiaconcursos.com.br\/blog\/wp-json\/wp\/v2\/media?parent=295461"}],"wp:term":[{"taxonomy":"category","embeddable":true,"href":"https:\/\/www.estrategiaconcursos.com.br\/blog\/wp-json\/wp\/v2\/categories?post=295461"},{"taxonomy":"post_tag","embeddable":true,"href":"https:\/\/www.estrategiaconcursos.com.br\/blog\/wp-json\/wp\/v2\/tags?post=295461"},{"taxonomy":"tax_estado","embeddable":true,"href":"https:\/\/www.estrategiaconcursos.com.br\/blog\/wp-json\/wp\/v2\/tax_estado?post=295461"}],"curies":[{"name":"wp","href":"https:\/\/api.w.org\/{rel}","templated":true}]}}