{"id":295214,"date":"2023-10-11T15:59:00","date_gmt":"2023-10-11T18:59:00","guid":{"rendered":"https:\/\/www.estrategiaconcursos.com.br\/blog\/?p=295214"},"modified":"2023-10-11T16:45:17","modified_gmt":"2023-10-11T19:45:17","slug":"concurso-emprel","status":"publish","type":"post","link":"https:\/\/www.estrategiaconcursos.com.br\/blog\/concurso-emprel\/","title":{"rendered":"Concurso Emprel \u00e9 homologado! Edital ofertou 30 vagas"},"content":{"rendered":"\n<p>O resultado final do <strong>concurso Emprel<\/strong> (<a href=\"https:\/\/www.estrategiaconcursos.com.br\/cursosPorConcurso\/empresa-municipal-de-informatica-da-prefeitura-do-recife-emprel\" target=\"_blank\" rel=\"noreferrer noopener\">Empresa Municipal de Inform\u00e1tica de Recife<\/a>) foi oficialmente homologado.<\/p>\n\n\n\n<p>Com isso, come\u00e7a a contar a validade de dois anos do certame, ou seja, <strong>at\u00e9 outubro de 2025<\/strong>. Se necess\u00e1rio, esse prazo poder\u00e1 ser prorrogado uma \u00fanica vez, por mais dois anos.<\/p>\n\n\n\n<ul class=\"wp-block-list\">\n<li><strong><a href=\"https:\/\/dhg1h5j42swfq.cloudfront.net\/2023\/10\/11155620\/ed_8_2023_emprel_res_final_concurso.pdf\" target=\"_blank\" rel=\"noreferrer noopener nofollow\">Resultado final\/Homologa\u00e7\u00e3o<\/a><\/strong><\/li>\n<\/ul>\n\n\n\n<p>O certame registou <strong><a href=\"https:\/\/dhg1h5j42swfq.cloudfront.net\/2023\/08\/11112311\/emprel_23___demanda_candidatos_por_vaga.pdf\" target=\"_blank\" rel=\"noreferrer noopener nofollow\">1.208 inscritos<\/a><\/strong> que concorreram a <strong>30 vagas <\/strong>imediatas mais forma\u00e7\u00e3o de cadastro reserva para cargos com exig\u00eancia de n\u00edvel superior na \u00e1rea de tecnologia da informa\u00e7\u00e3o:<\/p>\n\n\n\n<ul class=\"wp-block-list\">\n<li>Analista de Infraestrutura e Suporte \u2013 Banco de Dados (2 + CR);<\/li>\n\n\n\n<li>Analista de Infraestrutura e Suporte \u2013 Redes (2 + CR);<\/li>\n\n\n\n<li>Analista de Infraestrutura e Suporte \u2013 Softwares B\u00e1sicos (2 + CR); e<\/li>\n\n\n\n<li>Analista de Sistemas (24 + CR).<\/li>\n<\/ul>\n\n\n\n<ul class=\"has-very-light-gray-to-cyan-bluish-gray-gradient-background has-background wp-block-list\">\n<li><strong>Emprel &#8211; Empresa Municipal de Inform\u00e1tica de Recife<\/strong><\/li>\n\n\n\n<li><strong>Status:<\/strong> concurso homologado<\/li>\n\n\n\n<li><strong>Banca:<\/strong>&nbsp;<a href=\"https:\/\/www.cebraspe.org.br\/concursos\/emprel_23\" target=\"_blank\" rel=\"noreferrer noopener\">Cebraspe<\/a><\/li>\n\n\n\n<li><strong>Vagas:<\/strong>&nbsp;30 + CR<\/li>\n\n\n\n<li><strong>Sal\u00e1rio inicial:<\/strong>&nbsp;R$ 6.200,00<\/li>\n\n\n\n<li><strong>Edital:<\/strong> <a href=\"https:\/\/dhg1h5j42swfq.cloudfront.net\/2023\/10\/11155736\/ed_1_2023_emprel_abertura.pdf\" target=\"_blank\" rel=\"noreferrer noopener nofollow\">Emprel 2023<\/a> | <a href=\"https:\/\/dhg1h5j42swfq.cloudfront.net\/2023\/05\/30171554\/ed_2_2023_emprel_retificaes.pdf\" target=\"_blank\" rel=\"noreferrer noopener nofollow\">retifica\u00e7\u00e3o I<\/a><\/li>\n<\/ul>\n\n\n\n<p>Confira neste artigo as principais informa\u00e7\u00f5es e novidades a respeito do concurso Emprel PE. Acompanhe os t\u00f3picos abaixo e n\u00e3o perca nenhum detalhe:<\/p>\n\n\n\n<ul class=\"wp-block-list\" id=\"indice\">\n<li><a href=\"#cargos\"><strong>Cargos e vagas<\/strong><\/a>\n<ul class=\"wp-block-list\">\n<li><a href=\"#requisitos\">Requisitos<\/a><\/li>\n\n\n\n<li><a href=\"#atribuicoes\">Atribui\u00e7\u00f5es<\/a><\/li>\n<\/ul>\n<\/li>\n\n\n\n<li><a href=\"#etapas\"><strong>Etapas e provas<\/strong><\/a><\/li>\n\n\n\n<li><a href=\"#o-que-e\"><strong>Saiba mais sobre a empresa<\/strong><\/a><\/li>\n\n\n\n<li><a href=\"#cursos-assinatura\"><strong>Cursos e Assinatura<\/strong><\/a><\/li>\n\n\n\n<li><a href=\"#ficha\"><strong>Ficha t\u00e9cnica<\/strong><\/a><\/li>\n<\/ul>\n\n\n\n<div class=\"container\" id=\"boxes\">\n  <div class=\"row\">\n\n    <div class=\"col-sm\">\n      <div class=\"banner-estrategia\" id=\"box-assinatura\">\n        <h3 class=\"titulo-assinatura\">Cursos para EMPREL<\/h3>\n        <p class=\"subtitulo-assinatura\">Conhe\u00e7a os cursos<\/p>\n        <div class=\"box-botao\">\n          <a class=\"btn-assinatura\" target=\"_blank\" href=\"https:\/\/www.estrategiaconcursos.com.br\/cursosPorConcurso\/empresa-municipal-de-informatica-da-prefeitura-do-recife-emprel\" role=\"button\" rel=\"noopener noreferrer\">Conhe\u00e7a mais<\/a>\n        <\/div>\n      <\/div>\n     \n    <\/div>\n\n  <\/div>\n<\/div>\n\n\n\n<h2 class=\"wp-block-heading\" id=\"cargos\">Cargos e vagas do concurso Emprel<\/h2>\n\n\n\n<p>Confira abaixo a distribui\u00e7\u00e3o dos cargos, vagas e sal\u00e1rios do concurso p\u00fablico Emprel:<\/p>\n\n\n\n<figure class=\"wp-block-table is-style-stripes\"><table class=\"has-fixed-layout\"><thead><tr><th class=\"has-text-align-center\" data-align=\"center\">CARGOS<\/th><th class=\"has-text-align-center\" data-align=\"center\">VAGAS<\/th><th class=\"has-text-align-center\" data-align=\"center\">VAGAS PCD<\/th><th class=\"has-text-align-center\" data-align=\"center\">SAL\u00c1RIO<\/th><\/tr><\/thead><tbody><tr><td class=\"has-text-align-center\" data-align=\"center\">Cargo 1: Analista de Infraestrutura e Suporte \u2013 Banco de Dados<\/td><td class=\"has-text-align-center\" data-align=\"center\">2 + CR<\/td><td class=\"has-text-align-center\" data-align=\"center\">CR<\/td><td class=\"has-text-align-center\" data-align=\"center\">R$ 6.200,00<\/td><\/tr><tr><td class=\"has-text-align-center\" data-align=\"center\">Cargo 2: Analista de Infraestrutura e Suporte \u2013 Redes<\/td><td class=\"has-text-align-center\" data-align=\"center\">2 + CR<\/td><td class=\"has-text-align-center\" data-align=\"center\">CR<\/td><td class=\"has-text-align-center\" data-align=\"center\">R$ 6.200,00<\/td><\/tr><tr><td class=\"has-text-align-center\" data-align=\"center\">Cargo 3: Analista de Infraestrutura e Suporte \u2013 Softwares B\u00e1sicos<\/td><td class=\"has-text-align-center\" data-align=\"center\">2 + CR<\/td><td class=\"has-text-align-center\" data-align=\"center\">CR<\/td><td class=\"has-text-align-center\" data-align=\"center\">R$ 6.200,00<\/td><\/tr><tr><td class=\"has-text-align-center\" data-align=\"center\">Cargo 4: Analista de Sistemas<\/td><td class=\"has-text-align-center\" data-align=\"center\">22 + CR<\/td><td class=\"has-text-align-center\" data-align=\"center\">2 + CR<\/td><td class=\"has-text-align-center\" data-align=\"center\">R$ 6.200,00<\/td><\/tr><\/tbody><\/table><figcaption class=\"wp-element-caption\">Quadro de vagas e sal\u00e1rios do Concurso Emprel<\/figcaption><\/figure>\n\n\n\n<p>A lota\u00e7\u00e3o para o cargo de Analista de Sistemas ser\u00e1 na Diretoria de Sistema da Informa\u00e7\u00e3o (DSI), j\u00e1 para Analista de Infraestrutura e Suporte ser\u00e1 na Diretoria de Infraestrutura e Suporte (DII).<\/p>\n\n\n\n<h3 class=\"wp-block-heading\" id=\"requisitos\">Requisitos<\/h3>\n\n\n\n<p><strong>Analista de Infraestrutura e Suporte \u2013 Banco de Dados:<\/strong>&nbsp;diploma de conclus\u00e3o de n\u00edvel superior em An\u00e1lise de Sistemas, Ci\u00eancias da Computa\u00e7\u00e3o, Inform\u00e1tica, Engenharia da Computa\u00e7\u00e3o, Sistema de Informa\u00e7\u00e3o ou Rede de Computadores.<\/p>\n\n\n\n<p><strong>Analista de Infraestrutura e Suporte \u2013 Redes:&nbsp;<\/strong>An\u00e1lise de Sistemas, Ci\u00eancias da Computa\u00e7\u00e3o, Inform\u00e1tica, Engenharia da Computa\u00e7\u00e3o, Sistema de Informa\u00e7\u00e3o ou Rede de Computadores.<\/p>\n\n\n\n<p><strong>Analista de Infraestrutura e Suporte \u2013 Softwares B\u00e1sicos:&nbsp;<\/strong>diploma de conclus\u00e3o de curso de gradua\u00e7\u00e3o na \u00e1rea de Tecnologia; ou de curso de gradua\u00e7\u00e3o em qualquer \u00e1rea de forma\u00e7\u00e3o, acrescido de curso de p\u00f3s-gradua\u00e7\u00e3o na \u00e1rea de Tecnologia, com carga hor\u00e1ria m\u00ednima de 360 horas.<\/p>\n\n\n\n<p><strong>Analista de Sistemas:<\/strong>&nbsp;diploma de conclus\u00e3o de curso de gradua\u00e7\u00e3o na \u00e1rea de Tecnologia; ou de curso de gradua\u00e7\u00e3o em qualquer \u00e1rea de forma\u00e7\u00e3o, acrescido de curso de p\u00f3s-gradua\u00e7\u00e3o na \u00e1rea de Tecnologia, com carga hor\u00e1ria m\u00ednima de 360 horas.<\/p>\n\n\n\n<h3 class=\"wp-block-heading\" id=\"atribuicoes\">Atribui\u00e7\u00f5es dos cargos<\/h3>\n\n\n\n<p><strong>Analista de Infraestrutura e Suporte \u2013 Banco de Dados:<\/strong>&nbsp;instalar, configurar, migrar entre vers\u00f5es e aplicar corre\u00e7\u00f5es nos sistemas gerenciadores de bancos de dados (SGBD); instalar e configurar clientes de SGBD; implementar shell scripts; implementar scripts usando todos os tipos de SQL; fiscalizar a cria\u00e7\u00e3o\/altera\u00e7\u00e3o de dados de acordo com os padr\u00f5es para a cria\u00e7\u00e3o de dados; entre outras atribui\u00e7\u00f5es.<\/p>\n\n\n\n<p><strong>Analista de Infraestrutura e Suporte \u2013 Redes:&nbsp;<\/strong>projetar e definir tecnologias, topologias e configura\u00e7\u00f5es de rede de computadores e sistemas de comunica\u00e7\u00e3o; avaliar, especificar, dimensionar e valorar recursos e servi\u00e7os de comunica\u00e7\u00e3o de dados; elaborar procedimentos para instala\u00e7\u00e3o, customiza\u00e7\u00e3o e manuten\u00e7\u00e3o dos recursos de redes; analisar problemas do ambiente operacional de rede e desempenho de redes de computadores e sistemas de comunica\u00e7\u00e3o; entre outras atribui\u00e7\u00f5es.<\/p>\n\n\n\n<p><strong>Analista de Infraestrutura e Suporte \u2013 Softwares B\u00e1sicos:&nbsp;<\/strong>instalar, configurar e otimizar solu\u00e7\u00f5es de servidores; instalar, configurar, personalizar e dar manuten\u00e7\u00e3o nos sistemas operacionais (Windows server\/Linux); instalar, configurar e administrar servi\u00e7os: AD\/DS, DNS, DHCP, Jboss, Tomcat, PHP e Drupal; realizar a cria\u00e7\u00e3o, instala\u00e7\u00e3o, configura\u00e7\u00e3o e manuten\u00e7\u00e3o de m\u00e1quinas virtuais; entre outras atribui\u00e7\u00f5es.<\/p>\n\n\n\n<p><strong>Analista de Sistemas:<\/strong>&nbsp;analisar e diagnosticar as necessidades de informa\u00e7\u00e3o dos clientes e propor alternativas de solu\u00e7\u00e3o t\u00e9cnica e estrat\u00e9gia de desenvolvimento; elicitar requisitos e criar modelos de uso e de testes de sistemas; elaborar projeto l\u00f3gico e f\u00edsico de dados e de sistemas; definir a arquitetura de softwares e de sistemas; especificar unidades de implementa\u00e7\u00e3o de software; entre outras atribui\u00e7\u00f5es.<\/p>\n\n\n\n<h2 class=\"wp-block-heading\" id=\"etapas\">Etapas e provas do concurso Emprel<\/h2>\n\n\n\n<p>Com dura\u00e7\u00e3o de 3 horas, foram aplicadas provas objetivas, de car\u00e1ter eliminat\u00f3rio e classificat\u00f3rio, com 50 quest\u00f5es de m\u00faltipla escolha (A, B, C, D e E), valendo 50,00 pontos.<\/p>\n\n\n\n<ul class=\"wp-block-list\">\n<li><strong>P1 &#8211; Conhecimentos gerais:<\/strong> 25 quest\u00f5es\n<ul class=\"wp-block-list\">\n<li>L\u00edngua Portuguesa<\/li>\n\n\n\n<li>Racioc\u00ednio L\u00f3gico e Quantitativo<\/li>\n\n\n\n<li>Legisla\u00e7\u00e3o<\/li>\n<\/ul>\n<\/li>\n\n\n\n<li><strong>P2 Objetiva<\/strong> <strong>&#8211; Conhecimentos espec\u00edficos:<\/strong> 25 quest\u00f5es<\/li>\n<\/ul>\n\n\n\n<p>Foi reprovado nas provas objetivas e eliminado do concurso p\u00fablico o candidato que se enquadrasse em pelo menos um dos itens a seguir:<\/p>\n\n\n\n<ul class=\"wp-block-list\">\n<li>nota inferior a 10,00 pontos na prova objetiva de conhecimentos gerais P1;<\/li>\n\n\n\n<li>nota inferior a 10,00 pontos na prova objetiva de conhecimentos espec\u00edficos P2; e<\/li>\n\n\n\n<li>nota inferior a 25,00 pontos no conjunto das provas objetivas.<\/li>\n<\/ul>\n\n\n\n<h2 class=\"wp-block-heading\" id=\"o-que-e\">O que \u00e9 a Emprel?<\/h2>\n\n\n\n<p>A Empresa Municipal de Inform\u00e1tica \u00e9 uma empresa p\u00fablica dotada de personalidade jur\u00eddica de direito privado, com patrim\u00f4nio pr\u00f3prio, autonomia administrativa e financeira, integrante da Administra\u00e7\u00e3o Indireta Municipal que atua, estrategicamente, no planejamento e implementa\u00e7\u00e3o da pol\u00edtica de Tecnologia da Informa\u00e7\u00e3o e Comunica\u00e7\u00e3o necess\u00e1rias aos \u00f3rg\u00e3os e entidades da administra\u00e7\u00e3o direta e indireta da Prefeitura do Recife. <\/p>\n\n\n\n<hr class=\"wp-block-separator has-css-opacity\"\/>\n\n\n\n<h2 class=\"wp-block-heading has-text-align-center\" id=\"cursos-assinatura\"><em>Cursos para o concurso Emprel<\/em><\/h2>\n\n\n\n<div class=\"container\" id=\"boxes\">\n  <div class=\"row\">\n\n    <div class=\"col-sm\">\n      <div class=\"banner-estrategia\" id=\"box-assinatura\">\n        <h3 class=\"titulo-assinatura\">Cursos para EMPREL<\/h3>\n        <p class=\"subtitulo-assinatura\">Conhe\u00e7a os cursos<\/p>\n        <div class=\"box-botao\">\n          <a class=\"btn-assinatura\" target=\"_blank\" href=\"https:\/\/www.estrategiaconcursos.com.br\/cursosPorConcurso\/empresa-municipal-de-informatica-da-prefeitura-do-recife-emprel\" role=\"button\" rel=\"noopener noreferrer\">Conhe\u00e7a mais<\/a>\n        <\/div>\n      <\/div>\n     \n    <\/div>\n\n  <\/div>\n<\/div>\n\n\n\n<div class=\"container\" id=\"boxes\">\n  <div class=\"row\">\n\n    <div class=\"col-sm\">\n      <div class=\"estrategia\" id=\"box-assinatura\">\n        <h3 class=\"titulo-assinatura\">Assinatura Concursos<\/h3>\n        <p class=\"subtitulo-assinatura\">Assinatura de 1 ano ou 2 anos<\/p>\n        <div class=\"box-botao\">\n          <a class=\"btn-assinatura\" target=\"_blank\" href=\"https:\/\/www.estrategiaconcursos.com.br\/assinaturas\/\" role=\"button\" rel=\"noopener noreferrer\">ASSINE AGORA<\/a>\n        <\/div>\n      <\/div><\/div><\/div><\/div>\n\n\n\n<h2 class=\"wp-block-heading has-text-align-center\" id=\"h-quer-saber-tudo-sobre-concursos-previstos-confira-nossos-artigos\">Quer saber tudo sobre concursos previstos?<br \/>Confira  nossos artigos!<\/h2>\n\n\n\n<ul class=\"wp-block-list\">\n<li><a href=\"https:\/\/www.estrategiaconcursos.com.br\/blog\/concursos-abertos\/\" target=\"_blank\" rel=\"noreferrer noopener\">Concursos Abertos<\/a><\/li>\n\n\n\n<li><a href=\"https:\/\/www.estrategiaconcursos.com.br\/blog\/concursos-2024\/\" target=\"_blank\" rel=\"noreferrer noopener\">Concursos 2024<\/a><\/li>\n<\/ul>\n\n\n\n<figure class=\"wp-block-image size-large is-resized\"><img loading=\"lazy\" decoding=\"async\" src=\"https:\/\/dhg1h5j42swfq.cloudfront.net\/2021\/08\/18151931\/ficha-tecnica-3-1024x632.png\" alt=\"Informa\u00e7\u00f5es do concurso Emprel-PE\" class=\"wp-image-839757\" style=\"width:268px;height:166px\" width=\"268\" height=\"166\" srcset=\"https:\/\/dhg1h5j42swfq.cloudfront.net\/2021\/08\/18151931\/ficha-tecnica-3-1024x632.png 1024w, https:\/\/dhg1h5j42swfq.cloudfront.net\/2021\/08\/18151931\/ficha-tecnica-3-300x185.png 300w, https:\/\/dhg1h5j42swfq.cloudfront.net\/2021\/08\/18151931\/ficha-tecnica-3-768x474.png 768w, https:\/\/dhg1h5j42swfq.cloudfront.net\/2021\/08\/18151931\/ficha-tecnica-3-1536x948.png 1536w, https:\/\/dhg1h5j42swfq.cloudfront.net\/2021\/08\/18151931\/ficha-tecnica-3-610x377.png 610w, https:\/\/dhg1h5j42swfq.cloudfront.net\/2021\/08\/18151931\/ficha-tecnica-3.png 1571w\" sizes=\"auto, (max-width: 268px) 100vw, 268px\" \/><\/figure>\n\n\n\n<h3 class=\"wp-block-heading\" id=\"ficha\">Informa\u00e7\u00f5es do concurso Emprel-PE<\/h3>\n\n\n\n<ul class=\"wp-block-list\">\n<li><strong>Ano<\/strong>: 2023<\/li>\n\n\n\n<li><strong>Vagas<\/strong>: 30 + CR<\/li>\n\n\n\n<li><strong>Cargos<\/strong>: Analista de Infraestrutura e Suporte e Analista de Sistemas<\/li>\n\n\n\n<li><strong>Banca<\/strong>: Cebraspe<\/li>\n\n\n\n<li><strong>Escolaridade<\/strong>: N\u00edvel superior<\/li>\n\n\n\n<li><strong>Edital: <\/strong><a href=\"https:\/\/dhg1h5j42swfq.cloudfront.net\/2019\/10\/08090936\/Edital_Emprel_PE_1.pdf\" target=\"_blank\" rel=\"noreferrer noopener nofollow\"><\/a><a href=\"https:\/\/dhg1h5j42swfq.cloudfront.net\/2023\/10\/11155736\/ed_1_2023_emprel_abertura.pdf\" target=\"_blank\" rel=\"noreferrer noopener nofollow\">Emprel 2023<\/a> | <a href=\"https:\/\/dhg1h5j42swfq.cloudfront.net\/2023\/05\/30171554\/ed_2_2023_emprel_retificaes.pdf\" target=\"_blank\" rel=\"noreferrer noopener nofollow\">retifica\u00e7\u00e3o I<\/a><\/li>\n<\/ul>\n","protected":false},"excerpt":{"rendered":"<p>O resultado final do concurso Emprel (Empresa Municipal de Inform\u00e1tica de Recife) foi oficialmente homologado. Com isso, come\u00e7a a contar a validade de dois anos do certame, ou seja, at\u00e9 outubro de 2025. Se necess\u00e1rio, esse prazo poder\u00e1 ser prorrogado uma \u00fanica vez, por mais dois anos. O certame registou 1.208 inscritos que concorreram a [&hellip;]<\/p>\n","protected":false},"author":1,"featured_media":1212928,"comment_status":"open","ping_status":"closed","sticky":false,"template":"","format":"standard","meta":{"post_tipo":"news_page","footnotes":""},"categories":[214992],"tags":[],"tax_estado":[219979],"class_list":["post-295214","post","type-post","status-publish","format-standard","has-post-thumbnail","hentry","category-concursos-administrativos","tax_estado-pe"],"acf":[],"yoast_head":"<!-- This site is optimized with the Yoast SEO Premium plugin v27.2 (Yoast SEO v27.2) - https:\/\/yoast.com\/product\/yoast-seo-premium-wordpress\/ -->\n<title>Concurso Emprel \u00e9 homologado! Edital ofertou 30 vagas<\/title>\n<meta name=\"description\" content=\"Concurso Emprel: edital ofertou 30 vagas para cargos de n\u00edvel superior e inicial de R$ 6,2 mil. Certame fica vigente at\u00e9 2025.\" \/>\n<meta name=\"robots\" content=\"index, follow, max-snippet:-1, max-image-preview:large, max-video-preview:-1\" \/>\n<link rel=\"canonical\" href=\"https:\/\/www.estrategiaconcursos.com.br\/blog\/concurso-emprel\/\" \/>\n<meta property=\"og:locale\" content=\"pt_BR\" \/>\n<meta property=\"og:type\" content=\"article\" \/>\n<meta property=\"og:title\" content=\"Concurso Emprel \u00e9 homologado! Edital ofertou 30 vagas\" \/>\n<meta property=\"og:description\" content=\"Concurso Emprel: edital ofertou 30 vagas para cargos de n\u00edvel superior e inicial de R$ 6,2 mil. Certame fica vigente at\u00e9 2025.\" \/>\n<meta property=\"og:url\" content=\"https:\/\/www.estrategiaconcursos.com.br\/blog\/concurso-emprel\/\" \/>\n<meta property=\"og:site_name\" content=\"Estrat\u00e9gia Concursos\" \/>\n<meta property=\"article:author\" content=\"https:\/\/www.facebook.com\/EstrategiaConcursos\" \/>\n<meta property=\"article:published_time\" content=\"2023-10-11T18:59:00+00:00\" \/>\n<meta property=\"article:modified_time\" content=\"2023-10-11T19:45:17+00:00\" \/>\n<meta property=\"og:image\" content=\"https:\/\/dhg1h5j42swfq.cloudfront.net\/2023\/05\/09105539\/768-432-max-3.jpg\" \/>\n\t<meta property=\"og:image:width\" content=\"768\" \/>\n\t<meta property=\"og:image:height\" content=\"432\" \/>\n\t<meta property=\"og:image:type\" content=\"image\/jpeg\" \/>\n<meta name=\"author\" content=\"Coordena\u00e7\u00e3o\" \/>\n<meta name=\"twitter:card\" content=\"summary_large_image\" \/>\n<meta name=\"twitter:creator\" content=\"@EstratConcursos\" \/>\n<meta name=\"twitter:site\" content=\"@EstratConcursos\" \/>\n<meta name=\"twitter:label1\" content=\"Escrito por\" \/>\n\t<meta name=\"twitter:data1\" content=\"Coordena\u00e7\u00e3o\" \/>\n\t<meta name=\"twitter:label2\" content=\"Est. tempo de leitura\" \/>\n\t<meta name=\"twitter:data2\" content=\"5 minutos\" \/>\n<script type=\"application\/ld+json\" class=\"yoast-schema-graph\">{\"@context\":\"https:\/\/schema.org\",\"@graph\":[{\"@type\":\"NewsArticle\",\"@id\":\"https:\/\/www.estrategiaconcursos.com.br\/blog\/concurso-emprel\/#article\",\"isPartOf\":{\"@id\":\"https:\/\/www.estrategiaconcursos.com.br\/blog\/concurso-emprel\/\"},\"author\":{\"name\":\"Coordena\u00e7\u00e3o\",\"@id\":\"https:\/\/www.estrategiaconcursos.com.br\/blog\/#\/schema\/person\/b4a388c97673c5f483d72185668afa1f\"},\"headline\":\"Concurso Emprel \u00e9 homologado! Edital ofertou 30 vagas\",\"datePublished\":\"2023-10-11T18:59:00+00:00\",\"dateModified\":\"2023-10-11T19:45:17+00:00\",\"mainEntityOfPage\":{\"@id\":\"https:\/\/www.estrategiaconcursos.com.br\/blog\/concurso-emprel\/\"},\"wordCount\":1027,\"commentCount\":3,\"publisher\":{\"@id\":\"https:\/\/www.estrategiaconcursos.com.br\/blog\/#organization\"},\"image\":{\"@id\":\"https:\/\/www.estrategiaconcursos.com.br\/blog\/concurso-emprel\/#primaryimage\"},\"thumbnailUrl\":\"https:\/\/dhg1h5j42swfq.cloudfront.net\/2023\/05\/09105539\/768-432-max-3.jpg\",\"articleSection\":[\"Executivo (Administrativa)\"],\"inLanguage\":\"pt-BR\",\"potentialAction\":[{\"@type\":\"CommentAction\",\"name\":\"Comment\",\"target\":[\"https:\/\/www.estrategiaconcursos.com.br\/blog\/concurso-emprel\/#respond\"]}],\"copyrightYear\":\"2023\",\"copyrightHolder\":{\"@id\":\"https:\/\/www.estrategiaconcursos.com.br\/blog\/#organization\"}},{\"@type\":\"WebPage\",\"@id\":\"https:\/\/www.estrategiaconcursos.com.br\/blog\/concurso-emprel\/\",\"url\":\"https:\/\/www.estrategiaconcursos.com.br\/blog\/concurso-emprel\/\",\"name\":\"Concurso Emprel \u00e9 homologado! Edital ofertou 30 vagas\",\"isPartOf\":{\"@id\":\"https:\/\/www.estrategiaconcursos.com.br\/blog\/#website\"},\"primaryImageOfPage\":{\"@id\":\"https:\/\/www.estrategiaconcursos.com.br\/blog\/concurso-emprel\/#primaryimage\"},\"image\":{\"@id\":\"https:\/\/www.estrategiaconcursos.com.br\/blog\/concurso-emprel\/#primaryimage\"},\"thumbnailUrl\":\"https:\/\/dhg1h5j42swfq.cloudfront.net\/2023\/05\/09105539\/768-432-max-3.jpg\",\"datePublished\":\"2023-10-11T18:59:00+00:00\",\"dateModified\":\"2023-10-11T19:45:17+00:00\",\"description\":\"Concurso Emprel: edital ofertou 30 vagas para cargos de n\u00edvel superior e inicial de R$ 6,2 mil. Certame fica vigente at\u00e9 2025.\",\"breadcrumb\":{\"@id\":\"https:\/\/www.estrategiaconcursos.com.br\/blog\/concurso-emprel\/#breadcrumb\"},\"inLanguage\":\"pt-BR\",\"potentialAction\":[{\"@type\":\"ReadAction\",\"target\":[\"https:\/\/www.estrategiaconcursos.com.br\/blog\/concurso-emprel\/\"]}]},{\"@type\":\"ImageObject\",\"inLanguage\":\"pt-BR\",\"@id\":\"https:\/\/www.estrategiaconcursos.com.br\/blog\/concurso-emprel\/#primaryimage\",\"url\":\"https:\/\/dhg1h5j42swfq.cloudfront.net\/2023\/05\/09105539\/768-432-max-3.jpg\",\"contentUrl\":\"https:\/\/dhg1h5j42swfq.cloudfront.net\/2023\/05\/09105539\/768-432-max-3.jpg\",\"width\":768,\"height\":432,\"caption\":\"Concurso EMPREL\"},{\"@type\":\"BreadcrumbList\",\"@id\":\"https:\/\/www.estrategiaconcursos.com.br\/blog\/concurso-emprel\/#breadcrumb\",\"itemListElement\":[{\"@type\":\"ListItem\",\"position\":1,\"name\":\"In\u00edcio\",\"item\":\"https:\/\/www.estrategiaconcursos.com.br\/blog\/\"},{\"@type\":\"ListItem\",\"position\":2,\"name\":\"Concurso Emprel \u00e9 homologado! Edital ofertou 30 vagas\"}]},{\"@type\":\"WebSite\",\"@id\":\"https:\/\/www.estrategiaconcursos.com.br\/blog\/#website\",\"url\":\"https:\/\/www.estrategiaconcursos.com.br\/blog\/\",\"name\":\"Estrat\u00e9gia Concursos\",\"description\":\"O blog da Estrat\u00e9gia Concursos traz not\u00edcias sobre concursos e artigos de professores oferecendo cursos para concursos (pdf + videaulas) no site.\",\"publisher\":{\"@id\":\"https:\/\/www.estrategiaconcursos.com.br\/blog\/#organization\"},\"potentialAction\":[{\"@type\":\"SearchAction\",\"target\":{\"@type\":\"EntryPoint\",\"urlTemplate\":\"https:\/\/www.estrategiaconcursos.com.br\/blog\/?s={search_term_string}\"},\"query-input\":{\"@type\":\"PropertyValueSpecification\",\"valueRequired\":true,\"valueName\":\"search_term_string\"}}],\"inLanguage\":\"pt-BR\"},{\"@type\":\"Organization\",\"@id\":\"https:\/\/www.estrategiaconcursos.com.br\/blog\/#organization\",\"name\":\"Estrat\u00e9gia Concursos\",\"url\":\"https:\/\/www.estrategiaconcursos.com.br\/blog\/\",\"logo\":{\"@type\":\"ImageObject\",\"inLanguage\":\"pt-BR\",\"@id\":\"https:\/\/www.estrategiaconcursos.com.br\/blog\/#\/schema\/logo\/image\/\",\"url\":\"https:\/\/dhg1h5j42swfq.cloudfront.net\/2025\/06\/03203428\/logo_concursos-1.jpg\",\"contentUrl\":\"https:\/\/dhg1h5j42swfq.cloudfront.net\/2025\/06\/03203428\/logo_concursos-1.jpg\",\"width\":230,\"height\":60,\"caption\":\"Estrat\u00e9gia Concursos\"},\"image\":{\"@id\":\"https:\/\/www.estrategiaconcursos.com.br\/blog\/#\/schema\/logo\/image\/\"},\"sameAs\":[\"https:\/\/x.com\/EstratConcursos\"]},{\"@type\":\"Person\",\"@id\":\"https:\/\/www.estrategiaconcursos.com.br\/blog\/#\/schema\/person\/b4a388c97673c5f483d72185668afa1f\",\"name\":\"Coordena\u00e7\u00e3o\",\"image\":{\"@type\":\"ImageObject\",\"inLanguage\":\"pt-BR\",\"@id\":\"https:\/\/secure.gravatar.com\/avatar\/b720319e4c9a967eb58678d110f4fe35452fc5d5f97b202bac7b8acceb18c6ad?s=96&d=mm&r=g\",\"url\":\"https:\/\/secure.gravatar.com\/avatar\/b720319e4c9a967eb58678d110f4fe35452fc5d5f97b202bac7b8acceb18c6ad?s=96&d=mm&r=g\",\"contentUrl\":\"https:\/\/secure.gravatar.com\/avatar\/b720319e4c9a967eb58678d110f4fe35452fc5d5f97b202bac7b8acceb18c6ad?s=96&d=mm&r=g\",\"caption\":\"Coordena\u00e7\u00e3o\"},\"sameAs\":[\"https:\/\/www.facebook.com\/EstrategiaConcursos\",\"https:\/\/x.com\/EstratConcursos\"],\"url\":\"https:\/\/www.estrategiaconcursos.com.br\/blog\/author\/estrategia2013\/\"}]}<\/script>\n<!-- \/ Yoast SEO Premium plugin. -->","yoast_head_json":{"title":"Concurso Emprel \u00e9 homologado! Edital ofertou 30 vagas","description":"Concurso Emprel: edital ofertou 30 vagas para cargos de n\u00edvel superior e inicial de R$ 6,2 mil. Certame fica vigente at\u00e9 2025.","robots":{"index":"index","follow":"follow","max-snippet":"max-snippet:-1","max-image-preview":"max-image-preview:large","max-video-preview":"max-video-preview:-1"},"canonical":"https:\/\/www.estrategiaconcursos.com.br\/blog\/concurso-emprel\/","og_locale":"pt_BR","og_type":"article","og_title":"Concurso Emprel \u00e9 homologado! Edital ofertou 30 vagas","og_description":"Concurso Emprel: edital ofertou 30 vagas para cargos de n\u00edvel superior e inicial de R$ 6,2 mil. Certame fica vigente at\u00e9 2025.","og_url":"https:\/\/www.estrategiaconcursos.com.br\/blog\/concurso-emprel\/","og_site_name":"Estrat\u00e9gia Concursos","article_author":"https:\/\/www.facebook.com\/EstrategiaConcursos","article_published_time":"2023-10-11T18:59:00+00:00","article_modified_time":"2023-10-11T19:45:17+00:00","og_image":[{"width":768,"height":432,"url":"https:\/\/dhg1h5j42swfq.cloudfront.net\/2023\/05\/09105539\/768-432-max-3.jpg","type":"image\/jpeg"}],"author":"Coordena\u00e7\u00e3o","twitter_card":"summary_large_image","twitter_creator":"@EstratConcursos","twitter_site":"@EstratConcursos","twitter_misc":{"Escrito por":"Coordena\u00e7\u00e3o","Est. tempo de leitura":"5 minutos"},"schema":{"@context":"https:\/\/schema.org","@graph":[{"@type":"NewsArticle","@id":"https:\/\/www.estrategiaconcursos.com.br\/blog\/concurso-emprel\/#article","isPartOf":{"@id":"https:\/\/www.estrategiaconcursos.com.br\/blog\/concurso-emprel\/"},"author":{"name":"Coordena\u00e7\u00e3o","@id":"https:\/\/www.estrategiaconcursos.com.br\/blog\/#\/schema\/person\/b4a388c97673c5f483d72185668afa1f"},"headline":"Concurso Emprel \u00e9 homologado! Edital ofertou 30 vagas","datePublished":"2023-10-11T18:59:00+00:00","dateModified":"2023-10-11T19:45:17+00:00","mainEntityOfPage":{"@id":"https:\/\/www.estrategiaconcursos.com.br\/blog\/concurso-emprel\/"},"wordCount":1027,"commentCount":3,"publisher":{"@id":"https:\/\/www.estrategiaconcursos.com.br\/blog\/#organization"},"image":{"@id":"https:\/\/www.estrategiaconcursos.com.br\/blog\/concurso-emprel\/#primaryimage"},"thumbnailUrl":"https:\/\/dhg1h5j42swfq.cloudfront.net\/2023\/05\/09105539\/768-432-max-3.jpg","articleSection":["Executivo (Administrativa)"],"inLanguage":"pt-BR","potentialAction":[{"@type":"CommentAction","name":"Comment","target":["https:\/\/www.estrategiaconcursos.com.br\/blog\/concurso-emprel\/#respond"]}],"copyrightYear":"2023","copyrightHolder":{"@id":"https:\/\/www.estrategiaconcursos.com.br\/blog\/#organization"}},{"@type":"WebPage","@id":"https:\/\/www.estrategiaconcursos.com.br\/blog\/concurso-emprel\/","url":"https:\/\/www.estrategiaconcursos.com.br\/blog\/concurso-emprel\/","name":"Concurso Emprel \u00e9 homologado! Edital ofertou 30 vagas","isPartOf":{"@id":"https:\/\/www.estrategiaconcursos.com.br\/blog\/#website"},"primaryImageOfPage":{"@id":"https:\/\/www.estrategiaconcursos.com.br\/blog\/concurso-emprel\/#primaryimage"},"image":{"@id":"https:\/\/www.estrategiaconcursos.com.br\/blog\/concurso-emprel\/#primaryimage"},"thumbnailUrl":"https:\/\/dhg1h5j42swfq.cloudfront.net\/2023\/05\/09105539\/768-432-max-3.jpg","datePublished":"2023-10-11T18:59:00+00:00","dateModified":"2023-10-11T19:45:17+00:00","description":"Concurso Emprel: edital ofertou 30 vagas para cargos de n\u00edvel superior e inicial de R$ 6,2 mil. Certame fica vigente at\u00e9 2025.","breadcrumb":{"@id":"https:\/\/www.estrategiaconcursos.com.br\/blog\/concurso-emprel\/#breadcrumb"},"inLanguage":"pt-BR","potentialAction":[{"@type":"ReadAction","target":["https:\/\/www.estrategiaconcursos.com.br\/blog\/concurso-emprel\/"]}]},{"@type":"ImageObject","inLanguage":"pt-BR","@id":"https:\/\/www.estrategiaconcursos.com.br\/blog\/concurso-emprel\/#primaryimage","url":"https:\/\/dhg1h5j42swfq.cloudfront.net\/2023\/05\/09105539\/768-432-max-3.jpg","contentUrl":"https:\/\/dhg1h5j42swfq.cloudfront.net\/2023\/05\/09105539\/768-432-max-3.jpg","width":768,"height":432,"caption":"Concurso EMPREL"},{"@type":"BreadcrumbList","@id":"https:\/\/www.estrategiaconcursos.com.br\/blog\/concurso-emprel\/#breadcrumb","itemListElement":[{"@type":"ListItem","position":1,"name":"In\u00edcio","item":"https:\/\/www.estrategiaconcursos.com.br\/blog\/"},{"@type":"ListItem","position":2,"name":"Concurso Emprel \u00e9 homologado! Edital ofertou 30 vagas"}]},{"@type":"WebSite","@id":"https:\/\/www.estrategiaconcursos.com.br\/blog\/#website","url":"https:\/\/www.estrategiaconcursos.com.br\/blog\/","name":"Estrat\u00e9gia Concursos","description":"O blog da Estrat\u00e9gia Concursos traz not\u00edcias sobre concursos e artigos de professores oferecendo cursos para concursos (pdf + videaulas) no site.","publisher":{"@id":"https:\/\/www.estrategiaconcursos.com.br\/blog\/#organization"},"potentialAction":[{"@type":"SearchAction","target":{"@type":"EntryPoint","urlTemplate":"https:\/\/www.estrategiaconcursos.com.br\/blog\/?s={search_term_string}"},"query-input":{"@type":"PropertyValueSpecification","valueRequired":true,"valueName":"search_term_string"}}],"inLanguage":"pt-BR"},{"@type":"Organization","@id":"https:\/\/www.estrategiaconcursos.com.br\/blog\/#organization","name":"Estrat\u00e9gia Concursos","url":"https:\/\/www.estrategiaconcursos.com.br\/blog\/","logo":{"@type":"ImageObject","inLanguage":"pt-BR","@id":"https:\/\/www.estrategiaconcursos.com.br\/blog\/#\/schema\/logo\/image\/","url":"https:\/\/dhg1h5j42swfq.cloudfront.net\/2025\/06\/03203428\/logo_concursos-1.jpg","contentUrl":"https:\/\/dhg1h5j42swfq.cloudfront.net\/2025\/06\/03203428\/logo_concursos-1.jpg","width":230,"height":60,"caption":"Estrat\u00e9gia Concursos"},"image":{"@id":"https:\/\/www.estrategiaconcursos.com.br\/blog\/#\/schema\/logo\/image\/"},"sameAs":["https:\/\/x.com\/EstratConcursos"]},{"@type":"Person","@id":"https:\/\/www.estrategiaconcursos.com.br\/blog\/#\/schema\/person\/b4a388c97673c5f483d72185668afa1f","name":"Coordena\u00e7\u00e3o","image":{"@type":"ImageObject","inLanguage":"pt-BR","@id":"https:\/\/secure.gravatar.com\/avatar\/b720319e4c9a967eb58678d110f4fe35452fc5d5f97b202bac7b8acceb18c6ad?s=96&d=mm&r=g","url":"https:\/\/secure.gravatar.com\/avatar\/b720319e4c9a967eb58678d110f4fe35452fc5d5f97b202bac7b8acceb18c6ad?s=96&d=mm&r=g","contentUrl":"https:\/\/secure.gravatar.com\/avatar\/b720319e4c9a967eb58678d110f4fe35452fc5d5f97b202bac7b8acceb18c6ad?s=96&d=mm&r=g","caption":"Coordena\u00e7\u00e3o"},"sameAs":["https:\/\/www.facebook.com\/EstrategiaConcursos","https:\/\/x.com\/EstratConcursos"],"url":"https:\/\/www.estrategiaconcursos.com.br\/blog\/author\/estrategia2013\/"}]}},"_links":{"self":[{"href":"https:\/\/www.estrategiaconcursos.com.br\/blog\/wp-json\/wp\/v2\/posts\/295214","targetHints":{"allow":["GET"]}}],"collection":[{"href":"https:\/\/www.estrategiaconcursos.com.br\/blog\/wp-json\/wp\/v2\/posts"}],"about":[{"href":"https:\/\/www.estrategiaconcursos.com.br\/blog\/wp-json\/wp\/v2\/types\/post"}],"author":[{"embeddable":true,"href":"https:\/\/www.estrategiaconcursos.com.br\/blog\/wp-json\/wp\/v2\/users\/1"}],"replies":[{"embeddable":true,"href":"https:\/\/www.estrategiaconcursos.com.br\/blog\/wp-json\/wp\/v2\/comments?post=295214"}],"version-history":[{"count":53,"href":"https:\/\/www.estrategiaconcursos.com.br\/blog\/wp-json\/wp\/v2\/posts\/295214\/revisions"}],"predecessor-version":[{"id":1291613,"href":"https:\/\/www.estrategiaconcursos.com.br\/blog\/wp-json\/wp\/v2\/posts\/295214\/revisions\/1291613"}],"wp:featuredmedia":[{"embeddable":true,"href":"https:\/\/www.estrategiaconcursos.com.br\/blog\/wp-json\/wp\/v2\/media\/1212928"}],"wp:attachment":[{"href":"https:\/\/www.estrategiaconcursos.com.br\/blog\/wp-json\/wp\/v2\/media?parent=295214"}],"wp:term":[{"taxonomy":"category","embeddable":true,"href":"https:\/\/www.estrategiaconcursos.com.br\/blog\/wp-json\/wp\/v2\/categories?post=295214"},{"taxonomy":"post_tag","embeddable":true,"href":"https:\/\/www.estrategiaconcursos.com.br\/blog\/wp-json\/wp\/v2\/tags?post=295214"},{"taxonomy":"tax_estado","embeddable":true,"href":"https:\/\/www.estrategiaconcursos.com.br\/blog\/wp-json\/wp\/v2\/tax_estado?post=295214"}],"curies":[{"name":"wp","href":"https:\/\/api.w.org\/{rel}","templated":true}]}}