{"id":29404,"date":"2015-11-20T18:46:16","date_gmt":"2015-11-20T21:46:16","guid":{"rendered":"http:\/\/www.estrategiaconcursos.com.br\/blog\/?p=29404"},"modified":"2022-10-20T13:37:33","modified_gmt":"2022-10-20T16:37:33","slug":"stf-teto-remuneratorio-x-irredutibilidade","status":"publish","type":"post","link":"https:\/\/www.estrategiaconcursos.com.br\/blog\/stf-teto-remuneratorio-x-irredutibilidade\/","title":{"rendered":"Pol\u00eamica! STF: Teto remunerat\u00f3rio x irredutibilidade"},"content":{"rendered":"<p>Hoje vou falar de um tema que apresentei ao vivo hoje no meu Periscope (aplicativo que transmite v\u00eddeos ao vivo, para me encontrar l\u00e1, procure Daniel Mesquita ou @dmesquitaestrategia).<\/p>\n<p>Nesta semana o STF, mais uma vez, se deparou com a discuss\u00e3o: os servidores que ganhavam verba remunerat\u00f3ria acima do <strong>teto<\/strong> constitucional t\u00eam direito \u00e0 irredutibilidade de vencimentos ap\u00f3s\u00a0a vig\u00eancia da EC 41\/03?<\/p>\n<p>A resposta, mais uma vez, foi n\u00e3o! O vencimento do servidor, se acima do teto, pode ser cortado!<\/p>\n<p>Nos termos do art. 37,\u00a0XV, da Constitui\u00e7\u00e3o, o subs\u00eddio e os vencimentos dos ocupantes de cargos e empregos p\u00fablicos s\u00e3o irredut\u00edveis, <strong>ressalvado o disposto nos incisos XI<\/strong> e XIV deste artigo e nos arts. 39, \u00a7 4\u00ba, 150, II, 153, III, e 153, \u00a7 2\u00ba, I;<\/p>\n<p>Como se v\u00ea, a irredutibilidade n\u00e3o tem mais for\u00e7a que o <strong>teto<\/strong> constitucional, assim previsto no art. 37, XI, da Constitui\u00e7\u00e3o:<\/p>\n<p>XI &#8211; a remunera\u00e7\u00e3o e o subs\u00eddio dos ocupantes de cargos, fun\u00e7\u00f5es e empregos p\u00fablicos da administra\u00e7\u00e3o direta, aut\u00e1rquica e fundacional, dos membros de qualquer dos Poderes da Uni\u00e3o, dos Estados, do Distrito Federal e dos Munic\u00edpios, dos detentores de mandato eletivo e dos demais agentes pol\u00edticos e os proventos, pens\u00f5es ou outra esp\u00e9cie remunerat\u00f3ria, percebidos cumulativamente ou n\u00e3o, inclu\u00eddas as vantagens pessoais ou de qualquer outra natureza, n\u00e3o poder\u00e3o exceder o subs\u00eddio mensal, em esp\u00e9cie, dos Ministros do Supremo Tribunal Federal, aplicando-se como limite, nos Munic\u00edpios, o subs\u00eddio do Prefeito, e nos Estados e no Distrito Federal, o subs\u00eddio mensal do Governador no \u00e2mbito do Poder Executivo, o subs\u00eddio dos Deputados Estaduais e Distritais no \u00e2mbito do Poder Legislativo e o subs\u00eddio dos Desembargadores do Tribunal de Justi\u00e7a, limitado a noventa inteiros e vinte e cinco cent\u00e9simos por cento do subs\u00eddio mensal, em esp\u00e9cie, dos Ministros do Supremo Tribunal Federal, no \u00e2mbito do Poder Judici\u00e1rio, aplic\u00e1vel este limite aos membros do Minist\u00e9rio P\u00fablico, aos Procuradores e aos Defensores P\u00fablicos;\u00a0\u00a0\u00a0\u00a0\u00a0\u00a0\u00a0\u00a0<a href=\"http:\/\/www.planalto.gov.br\/ccivil_03\/Constituicao\/Emendas\/Emc\/emc41.htm#art1\">(Reda\u00e7\u00e3o dada pela Emenda Constitucional n\u00ba 41, 19.12.2003)<\/a><\/p>\n<p>No julgamento desta semana, o STF, no\u00a0<strong><a class=\"noticia\" href=\"http:\/\/www.stf.jus.br\/portal\/processo\/verProcessoAndamento.asp?numero=606358&amp;classe=RE&amp;origem=AP&amp;recurso=0&amp;tipoJulgamento=M\">RE 606358<\/a>,\u00a0<\/strong>julgado pela sistem\u00e1tica da repercuss\u00e3o geral, refor\u00e7ou o entendimento de que\u00a0\u201cComputam-se para efeito de observ\u00e2ncia do <strong>teto<\/strong> remunerat\u00f3rio do artigo 37, XI, da Constitui\u00e7\u00e3o da Rep\u00fablica, tamb\u00e9m os valores percebidos anteriormente \u00e0 vig\u00eancia da EC 41\/2003 a t\u00edtulo de vantagens pessoais pelo servidor p\u00fablico, dispensada a restitui\u00e7\u00e3o de valores eventualmente recebidos em excesso e de boa-f\u00e9 at\u00e9 o dia 18\/11\/2015&#8243; (<a title=\"teto: STF\" href=\"http:\/\/www.stf.jus.br\/portal\/cms\/verNoticiaDetalhe.asp?idConteudo=304346\">not\u00edcia veiculada pelo STF<\/a>).<\/p>\n<p>Esse entendimento j\u00e1 havia sido manifestado pelo STF em outubro de 2014, no julgamento do\u00a0<b><span class=\"texto\" style=\"color: #008080;\"><a href=\"http:\/\/www.stf.jus.br\/portal\/processo\/verProcessoAndamento.asp?numero=609381&amp;classe=RE&amp;origem=AP&amp;recurso=0&amp;tipoJulgamento=M\">RE 609381\/GO, rel. Min. Teori Zavascki, 2.10.2014. (RE-609381)<\/a><\/span><\/b><\/p>\n<p>Naquela oportunidade, a decis\u00e3o foi fundamentada nos seguintes termos: &#8220;Em seguida, e no tocante \u00e0 aplicabilidade da EC 41\/2003, o Plen\u00e1rio asseverou que o teto de retribui\u00e7\u00e3o constituiria norma constitucional de estrutura complexa, porque estabelecida pela conjun\u00e7\u00e3o de diferentes dispositivos do texto constitucional, cujo sentido normativo seria chancelado por quatro principais ingredientes constitutivos: a) a limita\u00e7\u00e3o da autonomia de cada ente federativo, ao se apresentar um \u00e1pice remunerat\u00f3rio que deveria ser obrigatoriamente seguido; b) a abrang\u00eancia inclusiva do teto, a compreender tudo o quanto viesse a remunerar o trabalho do servidor, a qualquer t\u00edtulo; c) o recado normativo complementar, presente no ADCT e nos artigos 29 da EC 19\/1998 e 9\u00ba da EC 41\/2003, a determinar que aquilo que sobejasse da incid\u00eancia do teto constituiria excesso, cuja percep\u00e7\u00e3o n\u00e3o poderia ser reclamada, ainda que o direito a ela tivesse sido licitamente adquirido segundo uma ordem jur\u00eddica anterior; e, por fim, d) a disposi\u00e7\u00e3o, que decorreria do sistema constitucional, no sentido de que a garantia da irredutibilidade de proventos n\u00e3o ampararia a percep\u00e7\u00e3o de verbas remunerat\u00f3rias que desbordassem do teto de retribui\u00e7\u00e3o.&#8221; <a title=\"Informativo STF 761\" href=\"http:\/\/www.stf.jus.br\/arquivo\/informativo\/documento\/informativo761.htm#EC%2041\/2003: fixa\u00e7\u00e3o de teto constitucional e irredutibilidade de vencimentos - 1\">Informativo 761<\/a>.<\/p>\n<p>Mas aten\u00e7\u00e3o! O corte n\u00e3o \u00e9 feito se a verba for indenizat\u00f3ria! As verbas indenizat\u00f3rias podem ser recebidas acima do teto sim!<\/p>\n<p>A pol\u00eamica no \u00faltimo julgado ficou por conta do Ministro Gilmar Mendes. Em seu voto, o Ministro teceu severas cr\u00edticas quanto \u00e0 possibilidade de Subprocuradores Gerais da Rep\u00fablica viajarem em primeira classe e quanto ao aux\u00edlio moradia de ju\u00edzes, promotores e defensores p\u00fablicos.<\/p>\n","protected":false},"excerpt":{"rendered":"<p>Hoje vou falar de um tema que apresentei ao vivo hoje no meu Periscope (aplicativo que transmite v\u00eddeos ao vivo, para me encontrar l\u00e1, procure Daniel Mesquita ou @dmesquitaestrategia). Nesta semana o STF, mais uma vez, se deparou com a discuss\u00e3o: os servidores que ganhavam verba remunerat\u00f3ria acima do teto constitucional t\u00eam direito \u00e0 irredutibilidade [&hellip;]<\/p>\n","protected":false},"author":8,"featured_media":0,"comment_status":"open","ping_status":"open","sticky":false,"template":"","format":"standard","meta":{"post_tipo":"article","footnotes":""},"categories":[1,1984],"tags":[751,1099,1098],"tax_estado":[],"class_list":["post-29404","post","type-post","status-publish","format-standard","hentry","category-cursos-e-concursos","category-tribunais","tag-constituicao-federal","tag-irredutibilidade","tag-teto"],"acf":[],"yoast_head":"<!-- This site is optimized with the Yoast SEO Premium plugin v27.2 (Yoast SEO v27.2) - https:\/\/yoast.com\/product\/yoast-seo-premium-wordpress\/ -->\n<title>Pol\u00eamica! STF: Teto remunerat\u00f3rio x irredutibilidade<\/title>\n<meta name=\"description\" content=\"teto remunera\u00e7\u00e3o vencimento servidor p\u00fablico irredutibilidade STF repercuss\u00e3o geral constitui\u00e7\u00e3o\" \/>\n<meta name=\"robots\" content=\"index, follow, max-snippet:-1, max-image-preview:large, max-video-preview:-1\" \/>\n<link rel=\"canonical\" href=\"https:\/\/www.estrategiaconcursos.com.br\/blog\/stf-teto-remuneratorio-x-irredutibilidade\/\" \/>\n<meta property=\"og:locale\" content=\"pt_BR\" \/>\n<meta property=\"og:type\" content=\"article\" \/>\n<meta property=\"og:title\" content=\"Pol\u00eamica! STF: Teto remunerat\u00f3rio x irredutibilidade\" \/>\n<meta property=\"og:description\" content=\"teto remunera\u00e7\u00e3o vencimento servidor p\u00fablico irredutibilidade STF repercuss\u00e3o geral constitui\u00e7\u00e3o\" \/>\n<meta property=\"og:url\" content=\"https:\/\/www.estrategiaconcursos.com.br\/blog\/stf-teto-remuneratorio-x-irredutibilidade\/\" \/>\n<meta property=\"og:site_name\" content=\"Estrat\u00e9gia Concursos\" \/>\n<meta property=\"article:published_time\" content=\"2015-11-20T21:46:16+00:00\" \/>\n<meta property=\"article:modified_time\" content=\"2022-10-20T16:37:33+00:00\" \/>\n<meta name=\"author\" content=\"Daniel Mesquita\" \/>\n<meta name=\"twitter:card\" content=\"summary_large_image\" \/>\n<meta name=\"twitter:creator\" content=\"@EstratConcursos\" \/>\n<meta name=\"twitter:site\" content=\"@EstratConcursos\" \/>\n<meta name=\"twitter:label1\" content=\"Escrito por\" \/>\n\t<meta name=\"twitter:data1\" content=\"Daniel Mesquita\" \/>\n\t<meta name=\"twitter:label2\" content=\"Est. tempo de leitura\" \/>\n\t<meta name=\"twitter:data2\" content=\"4 minutos\" \/>\n<script type=\"application\/ld+json\" class=\"yoast-schema-graph\">{\"@context\":\"https:\/\/schema.org\",\"@graph\":[{\"@type\":\"NewsArticle\",\"@id\":\"https:\/\/www.estrategiaconcursos.com.br\/blog\/stf-teto-remuneratorio-x-irredutibilidade\/#article\",\"isPartOf\":{\"@id\":\"https:\/\/www.estrategiaconcursos.com.br\/blog\/stf-teto-remuneratorio-x-irredutibilidade\/\"},\"author\":{\"name\":\"Daniel Mesquita\",\"@id\":\"https:\/\/www.estrategiaconcursos.com.br\/blog\/#\/schema\/person\/9eaf1124191babd2cd91ce9a50b4df1b\"},\"headline\":\"Pol\u00eamica! STF: Teto remunerat\u00f3rio x irredutibilidade\",\"datePublished\":\"2015-11-20T21:46:16+00:00\",\"dateModified\":\"2022-10-20T16:37:33+00:00\",\"mainEntityOfPage\":{\"@id\":\"https:\/\/www.estrategiaconcursos.com.br\/blog\/stf-teto-remuneratorio-x-irredutibilidade\/\"},\"wordCount\":738,\"commentCount\":0,\"publisher\":{\"@id\":\"https:\/\/www.estrategiaconcursos.com.br\/blog\/#organization\"},\"keywords\":[\"Constitui\u00e7\u00e3o Federal\",\"irredutibilidade\",\"teto\"],\"articleSection\":[\"Concursos P\u00fablicos\",\"Tribunais\"],\"inLanguage\":\"pt-BR\",\"potentialAction\":[{\"@type\":\"CommentAction\",\"name\":\"Comment\",\"target\":[\"https:\/\/www.estrategiaconcursos.com.br\/blog\/stf-teto-remuneratorio-x-irredutibilidade\/#respond\"]}],\"copyrightYear\":\"2015\",\"copyrightHolder\":{\"@id\":\"https:\/\/www.estrategiaconcursos.com.br\/blog\/#organization\"}},{\"@type\":\"WebPage\",\"@id\":\"https:\/\/www.estrategiaconcursos.com.br\/blog\/stf-teto-remuneratorio-x-irredutibilidade\/\",\"url\":\"https:\/\/www.estrategiaconcursos.com.br\/blog\/stf-teto-remuneratorio-x-irredutibilidade\/\",\"name\":\"Pol\u00eamica! STF: Teto remunerat\u00f3rio x irredutibilidade\",\"isPartOf\":{\"@id\":\"https:\/\/www.estrategiaconcursos.com.br\/blog\/#website\"},\"datePublished\":\"2015-11-20T21:46:16+00:00\",\"dateModified\":\"2022-10-20T16:37:33+00:00\",\"description\":\"teto remunera\u00e7\u00e3o vencimento servidor p\u00fablico irredutibilidade STF repercuss\u00e3o geral constitui\u00e7\u00e3o\",\"breadcrumb\":{\"@id\":\"https:\/\/www.estrategiaconcursos.com.br\/blog\/stf-teto-remuneratorio-x-irredutibilidade\/#breadcrumb\"},\"inLanguage\":\"pt-BR\",\"potentialAction\":[{\"@type\":\"ReadAction\",\"target\":[\"https:\/\/www.estrategiaconcursos.com.br\/blog\/stf-teto-remuneratorio-x-irredutibilidade\/\"]}]},{\"@type\":\"BreadcrumbList\",\"@id\":\"https:\/\/www.estrategiaconcursos.com.br\/blog\/stf-teto-remuneratorio-x-irredutibilidade\/#breadcrumb\",\"itemListElement\":[{\"@type\":\"ListItem\",\"position\":1,\"name\":\"In\u00edcio\",\"item\":\"https:\/\/www.estrategiaconcursos.com.br\/blog\/\"},{\"@type\":\"ListItem\",\"position\":2,\"name\":\"Pol\u00eamica! STF: Teto remunerat\u00f3rio x irredutibilidade\"}]},{\"@type\":\"WebSite\",\"@id\":\"https:\/\/www.estrategiaconcursos.com.br\/blog\/#website\",\"url\":\"https:\/\/www.estrategiaconcursos.com.br\/blog\/\",\"name\":\"Estrat\u00e9gia Concursos\",\"description\":\"O blog da Estrat\u00e9gia Concursos traz not\u00edcias sobre concursos e artigos de professores oferecendo cursos para concursos (pdf + videaulas) no site.\",\"publisher\":{\"@id\":\"https:\/\/www.estrategiaconcursos.com.br\/blog\/#organization\"},\"potentialAction\":[{\"@type\":\"SearchAction\",\"target\":{\"@type\":\"EntryPoint\",\"urlTemplate\":\"https:\/\/www.estrategiaconcursos.com.br\/blog\/?s={search_term_string}\"},\"query-input\":{\"@type\":\"PropertyValueSpecification\",\"valueRequired\":true,\"valueName\":\"search_term_string\"}}],\"inLanguage\":\"pt-BR\"},{\"@type\":\"Organization\",\"@id\":\"https:\/\/www.estrategiaconcursos.com.br\/blog\/#organization\",\"name\":\"Estrat\u00e9gia Concursos\",\"url\":\"https:\/\/www.estrategiaconcursos.com.br\/blog\/\",\"logo\":{\"@type\":\"ImageObject\",\"inLanguage\":\"pt-BR\",\"@id\":\"https:\/\/www.estrategiaconcursos.com.br\/blog\/#\/schema\/logo\/image\/\",\"url\":\"https:\/\/dhg1h5j42swfq.cloudfront.net\/2025\/06\/03203428\/logo_concursos-1.jpg\",\"contentUrl\":\"https:\/\/dhg1h5j42swfq.cloudfront.net\/2025\/06\/03203428\/logo_concursos-1.jpg\",\"width\":230,\"height\":60,\"caption\":\"Estrat\u00e9gia Concursos\"},\"image\":{\"@id\":\"https:\/\/www.estrategiaconcursos.com.br\/blog\/#\/schema\/logo\/image\/\"},\"sameAs\":[\"https:\/\/x.com\/EstratConcursos\"]},{\"@type\":\"Person\",\"@id\":\"https:\/\/www.estrategiaconcursos.com.br\/blog\/#\/schema\/person\/9eaf1124191babd2cd91ce9a50b4df1b\",\"name\":\"Daniel Mesquita\",\"image\":{\"@type\":\"ImageObject\",\"inLanguage\":\"pt-BR\",\"@id\":\"https:\/\/secure.gravatar.com\/avatar\/706770cb0fb6fef61b228494b341a7865da68c2e586815b508303374d2dc2223?s=96&d=mm&r=g\",\"url\":\"https:\/\/secure.gravatar.com\/avatar\/706770cb0fb6fef61b228494b341a7865da68c2e586815b508303374d2dc2223?s=96&d=mm&r=g\",\"contentUrl\":\"https:\/\/secure.gravatar.com\/avatar\/706770cb0fb6fef61b228494b341a7865da68c2e586815b508303374d2dc2223?s=96&d=mm&r=g\",\"caption\":\"Daniel Mesquita\"},\"url\":\"https:\/\/www.estrategiaconcursos.com.br\/blog\/author\/danielmesquitaestrategiaconcursos-com-br\/\"}]}<\/script>\n<!-- \/ Yoast SEO Premium plugin. -->","yoast_head_json":{"title":"Pol\u00eamica! STF: Teto remunerat\u00f3rio x irredutibilidade","description":"teto remunera\u00e7\u00e3o vencimento servidor p\u00fablico irredutibilidade STF repercuss\u00e3o geral constitui\u00e7\u00e3o","robots":{"index":"index","follow":"follow","max-snippet":"max-snippet:-1","max-image-preview":"max-image-preview:large","max-video-preview":"max-video-preview:-1"},"canonical":"https:\/\/www.estrategiaconcursos.com.br\/blog\/stf-teto-remuneratorio-x-irredutibilidade\/","og_locale":"pt_BR","og_type":"article","og_title":"Pol\u00eamica! STF: Teto remunerat\u00f3rio x irredutibilidade","og_description":"teto remunera\u00e7\u00e3o vencimento servidor p\u00fablico irredutibilidade STF repercuss\u00e3o geral constitui\u00e7\u00e3o","og_url":"https:\/\/www.estrategiaconcursos.com.br\/blog\/stf-teto-remuneratorio-x-irredutibilidade\/","og_site_name":"Estrat\u00e9gia Concursos","article_published_time":"2015-11-20T21:46:16+00:00","article_modified_time":"2022-10-20T16:37:33+00:00","author":"Daniel Mesquita","twitter_card":"summary_large_image","twitter_creator":"@EstratConcursos","twitter_site":"@EstratConcursos","twitter_misc":{"Escrito por":"Daniel Mesquita","Est. tempo de leitura":"4 minutos"},"schema":{"@context":"https:\/\/schema.org","@graph":[{"@type":"NewsArticle","@id":"https:\/\/www.estrategiaconcursos.com.br\/blog\/stf-teto-remuneratorio-x-irredutibilidade\/#article","isPartOf":{"@id":"https:\/\/www.estrategiaconcursos.com.br\/blog\/stf-teto-remuneratorio-x-irredutibilidade\/"},"author":{"name":"Daniel Mesquita","@id":"https:\/\/www.estrategiaconcursos.com.br\/blog\/#\/schema\/person\/9eaf1124191babd2cd91ce9a50b4df1b"},"headline":"Pol\u00eamica! STF: Teto remunerat\u00f3rio x irredutibilidade","datePublished":"2015-11-20T21:46:16+00:00","dateModified":"2022-10-20T16:37:33+00:00","mainEntityOfPage":{"@id":"https:\/\/www.estrategiaconcursos.com.br\/blog\/stf-teto-remuneratorio-x-irredutibilidade\/"},"wordCount":738,"commentCount":0,"publisher":{"@id":"https:\/\/www.estrategiaconcursos.com.br\/blog\/#organization"},"keywords":["Constitui\u00e7\u00e3o Federal","irredutibilidade","teto"],"articleSection":["Concursos P\u00fablicos","Tribunais"],"inLanguage":"pt-BR","potentialAction":[{"@type":"CommentAction","name":"Comment","target":["https:\/\/www.estrategiaconcursos.com.br\/blog\/stf-teto-remuneratorio-x-irredutibilidade\/#respond"]}],"copyrightYear":"2015","copyrightHolder":{"@id":"https:\/\/www.estrategiaconcursos.com.br\/blog\/#organization"}},{"@type":"WebPage","@id":"https:\/\/www.estrategiaconcursos.com.br\/blog\/stf-teto-remuneratorio-x-irredutibilidade\/","url":"https:\/\/www.estrategiaconcursos.com.br\/blog\/stf-teto-remuneratorio-x-irredutibilidade\/","name":"Pol\u00eamica! STF: Teto remunerat\u00f3rio x irredutibilidade","isPartOf":{"@id":"https:\/\/www.estrategiaconcursos.com.br\/blog\/#website"},"datePublished":"2015-11-20T21:46:16+00:00","dateModified":"2022-10-20T16:37:33+00:00","description":"teto remunera\u00e7\u00e3o vencimento servidor p\u00fablico irredutibilidade STF repercuss\u00e3o geral constitui\u00e7\u00e3o","breadcrumb":{"@id":"https:\/\/www.estrategiaconcursos.com.br\/blog\/stf-teto-remuneratorio-x-irredutibilidade\/#breadcrumb"},"inLanguage":"pt-BR","potentialAction":[{"@type":"ReadAction","target":["https:\/\/www.estrategiaconcursos.com.br\/blog\/stf-teto-remuneratorio-x-irredutibilidade\/"]}]},{"@type":"BreadcrumbList","@id":"https:\/\/www.estrategiaconcursos.com.br\/blog\/stf-teto-remuneratorio-x-irredutibilidade\/#breadcrumb","itemListElement":[{"@type":"ListItem","position":1,"name":"In\u00edcio","item":"https:\/\/www.estrategiaconcursos.com.br\/blog\/"},{"@type":"ListItem","position":2,"name":"Pol\u00eamica! STF: Teto remunerat\u00f3rio x irredutibilidade"}]},{"@type":"WebSite","@id":"https:\/\/www.estrategiaconcursos.com.br\/blog\/#website","url":"https:\/\/www.estrategiaconcursos.com.br\/blog\/","name":"Estrat\u00e9gia Concursos","description":"O blog da Estrat\u00e9gia Concursos traz not\u00edcias sobre concursos e artigos de professores oferecendo cursos para concursos (pdf + videaulas) no site.","publisher":{"@id":"https:\/\/www.estrategiaconcursos.com.br\/blog\/#organization"},"potentialAction":[{"@type":"SearchAction","target":{"@type":"EntryPoint","urlTemplate":"https:\/\/www.estrategiaconcursos.com.br\/blog\/?s={search_term_string}"},"query-input":{"@type":"PropertyValueSpecification","valueRequired":true,"valueName":"search_term_string"}}],"inLanguage":"pt-BR"},{"@type":"Organization","@id":"https:\/\/www.estrategiaconcursos.com.br\/blog\/#organization","name":"Estrat\u00e9gia Concursos","url":"https:\/\/www.estrategiaconcursos.com.br\/blog\/","logo":{"@type":"ImageObject","inLanguage":"pt-BR","@id":"https:\/\/www.estrategiaconcursos.com.br\/blog\/#\/schema\/logo\/image\/","url":"https:\/\/dhg1h5j42swfq.cloudfront.net\/2025\/06\/03203428\/logo_concursos-1.jpg","contentUrl":"https:\/\/dhg1h5j42swfq.cloudfront.net\/2025\/06\/03203428\/logo_concursos-1.jpg","width":230,"height":60,"caption":"Estrat\u00e9gia Concursos"},"image":{"@id":"https:\/\/www.estrategiaconcursos.com.br\/blog\/#\/schema\/logo\/image\/"},"sameAs":["https:\/\/x.com\/EstratConcursos"]},{"@type":"Person","@id":"https:\/\/www.estrategiaconcursos.com.br\/blog\/#\/schema\/person\/9eaf1124191babd2cd91ce9a50b4df1b","name":"Daniel Mesquita","image":{"@type":"ImageObject","inLanguage":"pt-BR","@id":"https:\/\/secure.gravatar.com\/avatar\/706770cb0fb6fef61b228494b341a7865da68c2e586815b508303374d2dc2223?s=96&d=mm&r=g","url":"https:\/\/secure.gravatar.com\/avatar\/706770cb0fb6fef61b228494b341a7865da68c2e586815b508303374d2dc2223?s=96&d=mm&r=g","contentUrl":"https:\/\/secure.gravatar.com\/avatar\/706770cb0fb6fef61b228494b341a7865da68c2e586815b508303374d2dc2223?s=96&d=mm&r=g","caption":"Daniel Mesquita"},"url":"https:\/\/www.estrategiaconcursos.com.br\/blog\/author\/danielmesquitaestrategiaconcursos-com-br\/"}]}},"_links":{"self":[{"href":"https:\/\/www.estrategiaconcursos.com.br\/blog\/wp-json\/wp\/v2\/posts\/29404","targetHints":{"allow":["GET"]}}],"collection":[{"href":"https:\/\/www.estrategiaconcursos.com.br\/blog\/wp-json\/wp\/v2\/posts"}],"about":[{"href":"https:\/\/www.estrategiaconcursos.com.br\/blog\/wp-json\/wp\/v2\/types\/post"}],"author":[{"embeddable":true,"href":"https:\/\/www.estrategiaconcursos.com.br\/blog\/wp-json\/wp\/v2\/users\/8"}],"replies":[{"embeddable":true,"href":"https:\/\/www.estrategiaconcursos.com.br\/blog\/wp-json\/wp\/v2\/comments?post=29404"}],"version-history":[{"count":6,"href":"https:\/\/www.estrategiaconcursos.com.br\/blog\/wp-json\/wp\/v2\/posts\/29404\/revisions"}],"predecessor-version":[{"id":1113307,"href":"https:\/\/www.estrategiaconcursos.com.br\/blog\/wp-json\/wp\/v2\/posts\/29404\/revisions\/1113307"}],"wp:attachment":[{"href":"https:\/\/www.estrategiaconcursos.com.br\/blog\/wp-json\/wp\/v2\/media?parent=29404"}],"wp:term":[{"taxonomy":"category","embeddable":true,"href":"https:\/\/www.estrategiaconcursos.com.br\/blog\/wp-json\/wp\/v2\/categories?post=29404"},{"taxonomy":"post_tag","embeddable":true,"href":"https:\/\/www.estrategiaconcursos.com.br\/blog\/wp-json\/wp\/v2\/tags?post=29404"},{"taxonomy":"tax_estado","embeddable":true,"href":"https:\/\/www.estrategiaconcursos.com.br\/blog\/wp-json\/wp\/v2\/tax_estado?post=29404"}],"curies":[{"name":"wp","href":"https:\/\/api.w.org\/{rel}","templated":true}]}}