{"id":29250,"date":"2015-11-18T17:25:28","date_gmt":"2015-11-18T20:25:28","guid":{"rendered":"http:\/\/www.estrategiaconcursos.com.br\/blog\/?p=29250"},"modified":"2015-11-19T07:05:11","modified_gmt":"2015-11-19T10:05:11","slug":"questoes-de-politicas-publicas-appgg","status":"publish","type":"post","link":"https:\/\/www.estrategiaconcursos.com.br\/blog\/questoes-de-politicas-publicas-appgg\/","title":{"rendered":"Quest\u00f5es de Pol\u00edticas P\u00fablicas &#8211; APPGG &#8211; Recurso"},"content":{"rendered":"<p>Ol\u00e1 pessoal,<\/p>\n<p>Estou trabalhando no coment\u00e1rio das quest\u00f5es de PP e GG dos concursos da Prefeitura de S\u00e3o Paulo. As provas vieram bem pesadas,\u00a0acima do que foi cobrado no \u00faltimo concurso de Gestor Federal, e j\u00e1 visualizei uma\u00a0quest\u00e3o pass\u00edvel de recurso. Abaixo trago algumas quest\u00f5es pol\u00eamicas da\u00a0prova de Pol\u00edticas P\u00fablicas que foi aplicada no \u00faltimo final de semana. Assim que tiver comentado todas as quest\u00f5es, irei postar no site e atualizar o artigo<\/p>\n<p>&nbsp;<\/p>\n<p><strong>(VUNESP \u2013 PREF. S.P. \u2013 APPGG \u2013 2015) O papel da burocracia na formula\u00e7\u00e3o das pol\u00edticas p\u00fablicas, conforme modelos de an\u00e1lise contempor\u00e2neos, \u00e9<\/strong><\/p>\n<p><strong>(A) restrito aos funcion\u00e1rios que ocupam as posi\u00e7\u00f5es mais altas na hierarquia e participam das arenas de decis\u00e3o pol\u00edtica.<\/strong><\/p>\n<p><strong>(B) inexistente, pois os burocratas preponderantemente implementam as pol\u00edticas p\u00fablicas.<\/strong><\/p>\n<p><strong>(C) inexistente, pois a burocracia apenas implementa as pol\u00edticas p\u00fablicas.<\/strong><\/p>\n<p><strong>(D) compartilhado entre funcion\u00e1rios de alto e baixo escal\u00e3o que formulam e implementam pol\u00edticas p\u00fablicas.<\/strong><\/p>\n<p><strong>(E) restrito aos funcion\u00e1rios de alto e baixo escal\u00e3o que formulam e implementam pol\u00edticas p\u00fablicas.<\/strong><\/p>\n<p>&nbsp;<\/p>\n<p>A quest\u00e3o trata da participa\u00e7\u00e3o da burocracia na formula\u00e7\u00e3o das pol\u00edticas p\u00fablicas. Os agentes burocr\u00e1ticos participam tanto da formula\u00e7\u00e3o, como da implementa\u00e7\u00e3o das pol\u00edticas p\u00fablicas.<\/p>\n<p>Aqui podemos fazer uma diferencia\u00e7\u00e3o: quest\u00e3o trata da burocracia de alto escal\u00e3o, dos que ocupam posi\u00e7\u00f5es de n\u00edvel estrat\u00e9gico. Esses atuam, claro, na formula\u00e7\u00e3o das pol\u00edticas p\u00fablicas.<\/p>\n<p>Entretanto, existe um outro tipo de burocracia, que chamamos de burocracia de n\u00edvel de rua ou \u201cstreet level bureaucracy\u201d. Seriam os servidores que atuam diretamente na execu\u00e7\u00e3o da pol\u00edtica p\u00fablica, prestando servi\u00e7os diretamente \u00e0 popula\u00e7\u00e3o.<\/p>\n<p>Aqui \u00e9 que a quest\u00e3o fica pol\u00eamica, pois existem autores que dizem que a burocracia de n\u00edvel de rua atua sim na formula\u00e7\u00e3o das pol\u00edticas p\u00fablicas. De acordo com Ilza Jorge<a href=\"http:\/\/www.estrategiaconcursos.com.br\/blog\/wp-admin\/post.php?post=29250&amp;action=edit#_ftn1\" name=\"_ftnref1\"><span style=\"text-decoration: underline\">[1]<\/span><\/a>,<\/p>\n<p><em>\u201cEles acreditam [<strong>os burocratas do n\u00edvel da rua<\/strong>] estar fazendo o melhor que podem sob circunst\u00e2ncias adversas e desenvolvem t\u00e9cnicas para recuperar valores do servi\u00e7o e <strong>da formula\u00e7\u00e3o de pol\u00edticas<\/strong> dentro dos limites impostos sobre eles pela estrutura do trabalho. Eles desenvolvem concep\u00e7\u00f5es de seu trabalho e de seus clientes que estreitam a lacuna existente entre suas limita\u00e7\u00f5es pessoais e profissionais e o ideal do servi\u00e7o (Lipsky apud Ham e Hill, 1993:187) \u201c<\/em><\/p>\n<p>O gabarito da banca \u00e9 a letra A, que restringe a participa\u00e7\u00e3o na formula\u00e7\u00e3o aos burocratas de alto escal\u00e3o, sem considerar a participa\u00e7\u00e3o dos burocratas de n\u00edvel de rua. Deste modo, eu pediria a anula\u00e7\u00e3o da quest\u00e3o, pois o entendimento n\u00e3o \u00e9 consenso na literatura.<\/p>\n<p>&nbsp;<\/p>\n<p><a href=\"http:\/\/www.estrategiaconcursos.com.br\/blog\/wp-admin\/post.php?post=29250&amp;action=edit#_ftnref1\" name=\"_ftn1\"><span style=\"text-decoration: underline\">[1]<\/span><\/a> (Jorge, 2012)<\/p>\n<p>&nbsp;<\/p>\n<p>&nbsp;<\/p>\n<p><em><strong>(VUNESP \u2013 PREF. S.P. \u2013 APPGG \u2013 2015) top-down e bottom-up s\u00e3o modelos para<\/strong><\/em><\/p>\n<p><em><strong>(A) analisar os resultados de pol\u00edticas p\u00fablicas.<\/strong><\/em><\/p>\n<p><em><strong>(B) estudar a formula\u00e7\u00e3o das pol\u00edticas p\u00fablicas.<\/strong><\/em><\/p>\n<p><em><strong>(C) estudar a implementa\u00e7\u00e3o das pol\u00edticas p\u00fablicas.<\/strong><\/em><\/p>\n<p><em><strong>(D) avaliar pol\u00edticas p\u00fablicas.<\/strong><\/em><\/p>\n<p><em><strong>(E) implementar pol\u00edticas p\u00fablicas.<\/strong><\/em><\/p>\n<p>&nbsp;<\/p>\n<p>Essa quest\u00e3o foi de uma maldade da banca imensa. O problema \u00e9 o seguinte: de acordo com Sabatier<a href=\"http:\/\/www.estrategiaconcursos.com.br\/blog\/wp-admin\/post-new.php#_ftn1\" name=\"_ftnref1\"><span style=\"text-decoration: underline\">[1]<\/span><\/a>, existem <strong>dois modelos de implementa\u00e7\u00e3o<\/strong> de pol\u00edticas p\u00fablicas: o modelo <span style=\"text-decoration: underline\">top-down<\/span> (de cima para baixo) e o modelo <span style=\"text-decoration: underline\">bottom-up<\/span> (de baixo para cima).<\/p>\n<p>O primeiro modelo seria o modelo top-down, que se basearia na no\u00e7\u00e3o de que a decis\u00e3o pol\u00edtica definiria a pol\u00edtica \u201cpor cima\u201d. J\u00e1 o modelo bottom-up seria um modelo em que a pol\u00edtica seria formada pelo n\u00edvel operacional, pela \u201cbase da pir\u00e2mide\u201d, os funcion\u00e1rios em contato direto com os usu\u00e1rios diretos.<\/p>\n<p>Esses modelos s\u00e3o, naturalmente, conceitos te\u00f3ricos que nos auxiliam no entendimento de como as pol\u00edticas p\u00fablicas podem ser implementadas. Entretanto, a banca trouxe duas alternativas semelhantes. Na letra C, a banca diz \u201c<strong>estudar a implementa\u00e7\u00e3o das pol\u00edticas p\u00fablicas<\/strong>\u201d, j\u00e1 na letra E diz \u201c<strong>implementar pol\u00edticas p\u00fablicas<\/strong>\u201d.<\/p>\n<p>Ora, se esses conceitos s\u00e3o modelos, n\u00f3s estamos tratando de conceitos te\u00f3ricos, de estudos, n\u00e3o de um \u201cplano de a\u00e7\u00e3o\u201d para implementar as pol\u00edticas p\u00fablicas. A letra C est\u00e1 certa mesmo.<\/p>\n<p><a href=\"http:\/\/www.estrategiaconcursos.com.br\/blog\/wp-admin\/post-new.php#_ftnref1\" name=\"_ftn1\"><span style=\"text-decoration: underline\">[1]<\/span><\/a> (Sabatier, 1986) apud (Secchi, 2010)<\/p>\n<p>&nbsp;<\/p>\n<p><strong>(VUNESP \u2013 PREF. S.P. \u2013 APPGG \u2013 2015) O modelo racional e o modelo incremental se diferenciam porque<\/strong><\/p>\n<p><strong>(A) o primeiro avalia as alternativas de forma comparada, e o segundo avalia as alternativas de acordo com as metas a serem alcan\u00e7adas.<\/strong><\/p>\n<p><strong>(B) o primeiro considera todas as alternativas de pol\u00edticas, e o segundo considera as melhores alternativas.<\/strong><\/p>\n<p><strong>(C) o primeiro define as metas de acordo com crit\u00e9rios t\u00e9cnicos, e o segundo define as metas de acordo com crit\u00e9rios sociais.<\/strong><\/p>\n<p><strong>(D) o primeiro define o problema de forma completa, e o segundo define e redefine o problema ao longo do processo.<\/strong><\/p>\n<p><strong>(E) o primeiro se aplica \u00e0 formula\u00e7\u00e3o, implementa\u00e7\u00e3o e avalia\u00e7\u00e3o das pol\u00edticas p\u00fablicas, e o segundo se aplica apenas \u00e0 implementa\u00e7\u00e3o das pol\u00edticas p\u00fablicas.<\/strong><\/p>\n<p>&nbsp;<\/p>\n<p>O modelo incremental, como o pr\u00f3prio nome indica, busca a solu\u00e7\u00e3o dos problemas de maneira gradual, ou seja, sem introduzir grandes mudan\u00e7as ou rupturas no modo como as coisas j\u00e1 s\u00e3o executadas.<\/p>\n<p>J\u00e1 o modelo racional cr\u00ea que existam \u201cinforma\u00e7\u00f5es completas\u201d ao dispor dos agentes p\u00fablicos e de que seria poss\u00edvel uma decis\u00e3o que tomasse em quest\u00e3o todas as alternativas poss\u00edveis com base em uma racionalidade.<\/p>\n<p>Ou seja, o modelo postula que o Estado teria condi\u00e7\u00f5es de prever todos os desdobramentos futuros de suas decis\u00f5es e analisar todas as vari\u00e1veis importantes. Assim, a letra D \u00e9 mesmo a alternativa correta, pois o modelo racional busca mesmo definir o problema da forma \u201ccompleta\u201d, enquanto o modelo incremental redefine o problema ao longo do processo.<\/p>\n<p>E como isso ocorre dentro do modelo incremental? Ora, sempre que uma mudan\u00e7a incremental ocorre, a situa\u00e7\u00e3o muda um pouco, pois as mudan\u00e7as s\u00e3o graduais. Se a mudan\u00e7a for positiva, o gestor p\u00fablico aprofunda as mudan\u00e7as na mesma dire\u00e7\u00e3o. Se a mudan\u00e7a for negativa, o gestor ir\u00e1 propor alguma medida corretiva, mas sempre de modo progressivo, incremental. O gabarito \u00e9 mesmo a letra D.<\/p>\n<p>&nbsp;<\/p>\n<p><strong>(VUNESP \u2013 PREF. S.P. \u2013 APPGG \u2013 2015) No conceito de racionalidade limitada, as limita\u00e7\u00f5es \u00e0 racionalidade devem-se aos fatores:<\/strong><\/p>\n<p><strong>(A) individuais (como as prefer\u00eancias) e organizacionais (como a hierarquia).<\/strong><\/p>\n<p><strong>(B) individuais (como a mem\u00f3ria) e econ\u00f4micos (como a efici\u00eancia).<\/strong><\/p>\n<p><strong>(C) organizacionais (como a disponibilidade de informa\u00e7\u00f5es e de tempo) e individuais (como a cogni\u00e7\u00e3o).<\/strong><\/p>\n<p><strong>(D) organizacionais (como o ambiente organizacional) e individuais (como as emo\u00e7\u00f5es).<\/strong><\/p>\n<p><strong>(E) econ\u00f4micos (como a efetividade) e individuais (como os valores).<\/strong><\/p>\n<p>&nbsp;<\/p>\n<p>Para Simon, a racionalidade limitada espelha melhor as condi\u00e7\u00f5es de tomada de decis\u00e3o: as pessoas s\u00e3o racionais apenas at\u00e9 certo ponto, principalmente nos aspectos em que elas conseguem perceber ou interpretar<a href=\"http:\/\/www.estrategiaconcursos.com.br\/blog\/wp-admin\/post.php?post=29250&amp;action=edit#_ftn1\" name=\"_ftnref1\"><span style=\"text-decoration: underline\">[1]<\/span><\/a>. Para ele, existem dois tipos de limita\u00e7\u00e3o: do contexto do problema (que a banca considerou como \u201corganizacionais\u201d) e do indiv\u00edduo.<\/p>\n<p>A letra A est\u00e1 incorreta, pois a hierarquia n\u00e3o \u00e9 vista como uma limita\u00e7\u00e3o para a tomada de decis\u00e3o. O mesmo pode ser dito da letra B: a efici\u00eancia n\u00e3o \u00e9 uma limita\u00e7\u00e3o para a tomada de decis\u00e3o. Tampouco existe um tipo de limita\u00e7\u00e3o \u201cecon\u00f4mica\u201d.<\/p>\n<p>J\u00e1 a letra C est\u00e1 correta. A falta de informa\u00e7\u00f5es e o tempo escasso s\u00e3o mesmo limita\u00e7\u00f5es do contexto do problema e a cogni\u00e7\u00e3o (capacidade de aprender, de adquirir um conhecimento, de processar as informa\u00e7\u00f5es) \u00e9 mesmo uma limita\u00e7\u00e3o individual.<\/p>\n<p>A letra D est\u00e1 errada, pois o ambiente organizacional n\u00e3o \u00e9 uma limita\u00e7\u00e3o. Finalmente, a letra E tamb\u00e9m est\u00e1 errada. A efetividade n\u00e3o \u00e9 uma limita\u00e7\u00e3o da tomada de decis\u00e3o e n\u00e3o existe um tipo de limita\u00e7\u00e3o \u201cecon\u00f4mico\u201d. O gabarito \u00e9 mesmo a letra C.<\/p>\n<p>&nbsp;<\/p>\n<p><a href=\"http:\/\/www.estrategiaconcursos.com.br\/blog\/wp-admin\/post.php?post=29250&amp;action=edit#_ftnref1\" name=\"_ftn1\"><span style=\"text-decoration: underline\">[1]<\/span><\/a> (Chiavenato, Introdu\u00e7\u00e3o \u00e0 teoria geral da administra\u00e7\u00e3o, 2011)<\/p>\n<p>&nbsp;<\/p>\n<p><strong>(VUNESP \u2013 PREF. S.P. \u2013 APPGG \u2013 2015) Segundo a teoria dos m\u00faltiplos fluxos, a mudan\u00e7a na agenda ocorre quando h\u00e1 converg\u00eancia entre<\/strong><\/p>\n<p><strong>(A) difus\u00e3o de ideias, debate de alternativas e decis\u00e3o pol\u00edtica.<\/strong><\/p>\n<p><strong>(B) oportunidades, decis\u00e3o de lideran\u00e7as e apoio pol\u00edtico.<\/strong><\/p>\n<p><strong>(C) tomada de decis\u00e3o, constru\u00e7\u00e3o de apoio pol\u00edtico e apoio popular.<\/strong><\/p>\n<p><strong>(D) reconhecimento de um problema, identifica\u00e7\u00e3o de alternativas e constru\u00e7\u00e3o de apoio pol\u00edtico.<\/strong><\/p>\n<p><strong>(E) identifica\u00e7\u00e3o de um problema, tomada de decis\u00e3o e implementa\u00e7\u00e3o eficiente.<\/strong><\/p>\n<p>&nbsp;<\/p>\n<p>De acordo com Kingdon, o <strong>modelo dos fluxos m\u00faltiplos<\/strong> tenta explicar porque alguns temas entram e outros n\u00e3o entram na agenda governamental. O modelo postula que os governos s\u00e3o permeados por tr\u00eas fluxos:<\/p>\n<ul>\n<li>Fluxo dos problemas;<\/li>\n<li>Fluxo das solu\u00e7\u00f5es ou alternativas;<\/li>\n<li>Fluxo da pol\u00edtica.<\/li>\n<\/ul>\n<p>Assim, devemos reconhecer que o problema existe (1), identificar alternativas vi\u00e1veis de resolu\u00e7\u00e3o do problema (2) e construir uma base de apoio pol\u00edtico para viabilizar a solu\u00e7\u00e3o escolhida (3).<\/p>\n<p>Alguns alunos me perguntaram sobre a letra A, mas a difus\u00e3o de ideias n\u00e3o trata exclusivamente dos problemas. Assim, est\u00e1 mesmo errada. J\u00e1 a letra D est\u00e1 perfeita. O gabarito \u00e9 mesmo a letra D.<\/p>\n<p>&nbsp;<\/p>\n<p><strong>(VUNESP \u2013 PREF. S.P. \u2013 APPGG \u2013 2015) De acordo com a teoria do equil\u00edbrio pontuado, as pol\u00edticas p\u00fablicas<\/strong><\/p>\n<p><strong>(A) sofrem mudan\u00e7as incrementais e mudan\u00e7as de grande escala, dependendo da emerg\u00eancia de mudan\u00e7as nas imagens e nas institui\u00e7\u00f5es.<\/strong><\/p>\n<p><strong>(B) mudam quando o equil\u00edbrio \u00e9 alterado por mudan\u00e7as incrementais nas imagens e nas institui\u00e7\u00f5es.<\/strong><\/p>\n<p><strong>(C) mudam abruptamente, por meio de altera\u00e7\u00f5es no monop\u00f3lio das imagens e nas institui\u00e7\u00f5es.<\/strong><\/p>\n<p><strong>(D) mudam quando o equil\u00edbrio \u00e9 quebrado por altera\u00e7\u00f5es abruptas no monop\u00f3lio das imagens e nas institui\u00e7\u00f5es.<\/strong><\/p>\n<p><strong>(E) mudam incrementalmente, por meio de altera\u00e7\u00f5es nas imagens e nas institui\u00e7\u00f5es.<\/strong><\/p>\n<p>&nbsp;<\/p>\n<p>A quest\u00e3o trata da Teoria do Equil\u00edbrio Pontuado. De acordo com essa teoria, existe uma situa\u00e7\u00e3o recorrente nas pol\u00edticas p\u00fablicas: <strong>apesar das pol\u00edticas serem, geralmente, marcadas por uma estabilidade<\/strong>, <strong>ocasionalmente ocorrem grandes &#8220;rupturas&#8221;<\/strong>. Assim, as pol\u00edticas p\u00fablicas teriam um car\u00e1ter de estabilidade, mas grandes mudan\u00e7as poderiam ocorrer (em crises, por exemplo).<\/p>\n<p>Esta teoria foi desenvolvida primeiramente, por Frank Baumgartner e Bryan Jones ao longo dos anos 80 e 90, tendo como base a pol\u00edtica norte-americana. A letra A, que \u00e9 o gabarito da banca, est\u00e1 mesmo certa. De acordo com a teoria, as pol\u00edticas p\u00fablicas podem sofrer mudan\u00e7as incrementais (pequenas e progressivas), quando existe uma certa estabilidade, e sofrer rupturas quando o cen\u00e1rio \u00e9 de crise.<\/p>\n<p>A letra B est\u00e1 errada, pois as mudan\u00e7as n\u00e3o s\u00f3 s\u00e3o incrementais, mas tamb\u00e9m dr\u00e1sticas quando ocorrem crises. E o equil\u00edbrio n\u00e3o \u00e9 alterado pelas mudan\u00e7as incrementais.<\/p>\n<p>A letra C tamb\u00e9m est\u00e1 errada. As mudan\u00e7as n\u00e3o s\u00e3o necessariamente abruptas, como j\u00e1 vimos. E existem diversos fatores que podem gerar as crises, que possibilitam as mudan\u00e7as dr\u00e1sticas. Pelos mesmos motivos, as letras D e E est\u00e3o igualmente erradas. O gabarito \u00e9 mesmo a letra A.<\/p>\n<p>&nbsp;<\/p>\n<p><strong>\u00a0(VUNESP \u2013 PREF. S.P. \u2013 APPGG \u2013 2015) O transporte p\u00fablico na cidade de S\u00e3o Paulo representa uma pol\u00edtica p\u00fablica<\/strong><\/p>\n<p><strong>(A) regulat\u00f3ria.<\/strong><\/p>\n<p><strong>(B) distributiva.<\/strong><\/p>\n<p><strong>(C) redistributiva.<\/strong><\/p>\n<p><strong>(D) empreendedora.<\/strong><\/p>\n<p><strong>(E) majorit\u00e1ria.<\/strong><\/p>\n<p>&nbsp;<\/p>\n<p>A quest\u00e3o trata dos tipos de pol\u00edticas p\u00fablicas e pede o conhecimento da tipologia desenvolvida por Theodore Lowi. De acordo com este autor, os tipos de pol\u00edticas p\u00fablicas s\u00e3o<a href=\"http:\/\/www.estrategiaconcursos.com.br\/blog\/wp-admin\/post.php?post=29250&amp;action=edit#_ftn1\" name=\"_ftnref1\"><span style=\"text-decoration: underline\">[1]<\/span><\/a>: regulat\u00f3rias (servem para regular algum mercado ou setor), constitutivas (definem as regras da disputa pol\u00edtica e da elabora\u00e7\u00e3o das pol\u00edticas p\u00fablicas), distributivas (benef\u00edcios s\u00e3o concentrados em um n\u00famero restrito de grupos ou pessoas, enquanto os custos s\u00e3o difusos para toda a sociedade) e redistributivas (custeadas por um grupo restrito de pessoas para o benef\u00edcio tamb\u00e9m de um grupo restrito de pessoas).<\/p>\n<p>A resposta da quest\u00e3o demandaria algum entendimento de como funcionam as pol\u00edticas de transporte p\u00fablico. O Estado subsidia, atrav\u00e9s de impostos, as companhias que prestam os servi\u00e7os de transporte. Elas cobram taxas (tarifa) dos seus usu\u00e1rios, mas recebem recursos p\u00fablicos diretamente dos governos estaduais e municipais.<\/p>\n<p>Podemos ver isso em uma not\u00edcia recente sobre o governo Haddad<a href=\"http:\/\/www.estrategiaconcursos.com.br\/blog\/wp-admin\/post.php?post=29250&amp;action=edit#_ftn2\" name=\"_ftnref2\"><span style=\"text-decoration: underline\">[2]<\/span><\/a>:<\/p>\n<p>\u201cA Prefeitura de S\u00e3o Paulo publicou um decreto nesta ter\u00e7a-feira (20) aumentando os subs\u00eddios pagos \u00e0s empresas de \u00f4nibus em R$ 144 milh\u00f5es. Os valores s\u00e3o compensa\u00e7\u00f5es tarif\u00e1rias previstas em contrato e que servem para \u201cindenizar\u201d as empresas pelo transporte de pessoas que n\u00e3o pagam a tarifa de R$ 3,50. \u00c9 o caso dos estudantes, que desde o in\u00edcio do ano podem fazer viagens totalmente gratuitas. \u201d<\/p>\n<p>Assim sendo, essa \u00e9 uma pol\u00edtica distributiva, pois \u00e9 custeada de modo difuso pela sociedade (atrav\u00e9s de impostos), mas beneficia um grupo restrito (os usu\u00e1rios do servi\u00e7o). O gabarito da banca \u00e9 mesmo a letra B.<\/p>\n<p>&nbsp;<\/p>\n<p><a href=\"http:\/\/www.estrategiaconcursos.com.br\/blog\/wp-admin\/post.php?post=29250&amp;action=edit#_ftnref1\" name=\"_ftn1\"><span style=\"text-decoration: underline\">[1]<\/span><\/a> (Lowi, 1964) apud (Secchi, 2010)<\/p>\n<p><a href=\"http:\/\/www.estrategiaconcursos.com.br\/blog\/wp-admin\/post.php?post=29250&amp;action=edit#_ftnref2\" name=\"_ftn2\"><span style=\"text-decoration: underline\">[2]<\/span><\/a> Fonte: http:\/\/g1.globo.com\/sao-paulo\/noticia\/2015\/10\/haddad-amplia-subsidios-empresas-de-onibus-em-r-144-milhoes.html<\/p>\n<p>&nbsp;<\/p>\n<p>&nbsp;<\/p>\n<p><strong>(VUNESP \u2013 PREF. S.P. \u2013 APPGG \u2013 2015) Entre as pol\u00edticas municipais da cidade de S\u00e3o Paulo apresentadas a seguir, o modelo de tri\u00e2ngulos de ferro \u00e9 a abordagem mais adequada para explicar a(s)<\/strong><\/p>\n<p><strong>(A) pol\u00edtica de seguran\u00e7a urbana.<\/strong><\/p>\n<p><strong>(B) pol\u00edtica habitacional.<\/strong><\/p>\n<p><strong>(C) pol\u00edtica educacional.<\/strong><\/p>\n<p><strong>(D) pol\u00edticas afirmativas.<\/strong><\/p>\n<p><strong>(E) pol\u00edtica de uso e ocupa\u00e7\u00e3o do solo.<\/strong><\/p>\n<p>&nbsp;<\/p>\n<p>Quest\u00e3o muito dif\u00edcil. Na minha opini\u00e3o, pede mais conhecimento pr\u00e1tico do que te\u00f3rico. O modelo do \u201ctri\u00e2ngulo de ferro\u201d estuda o relacionamento entre tr\u00eas tipos de atores: pol\u00edticos (congresso), burocratas e lobistas ou grupos de interesses. De acordo com a teoria, esses tr\u00eas \u201catores\u201d atuariam em conjunto na defini\u00e7\u00e3o das pol\u00edticas p\u00fablicas de maneira que todos sa\u00edssem beneficiados.<\/p>\n<p>O pol\u00edtico no parlamento teria o poder de aprovar legisla\u00e7\u00f5es ben\u00e9ficas aos lobistas ou grupos de interesse, mas necessita de recursos destes.<\/p>\n<p>Os burocratas podem definir detalhes da implementa\u00e7\u00e3o das pol\u00edticas p\u00fablicas, beneficiando as \u00e1reas de interesse dos pol\u00edticos (seu estado ou cidade, por exemplo), mas necessitam de verbas para seus \u00f3rg\u00e3os e, claro, manter seus cargos \u2013 o que o pol\u00edtico pode garantir.<\/p>\n<p>Deste modo, todos sairiam ganhando, menos o interesse p\u00fablico, naturalmente. Uma premissa importante do modelo \u00e9 a exist\u00eancia de grupos pequenos e est\u00e1veis de participantes aut\u00f4nomos, que participariam em conjunto para controlar certas pol\u00edticas e programas p\u00fablicos.<\/p>\n<p>Essa teoria foi desenvolvida nos Estados Unidos no come\u00e7o do s\u00e9culo passado e esteve muito em voga nos anos 60 e 70. O problema da quest\u00e3o, por\u00e9m, n\u00e3o \u00e9 a teoria.<\/p>\n<p>A banca pede que o candidato conhe\u00e7a profundamente cada uma destas pol\u00edticas p\u00fablicas no munic\u00edpio de S\u00e3o Paulo e o seu funcionamento interno, bem como o relacionamento entre os pol\u00edticos (vereadores) e grupos de interesse locais.<\/p>\n<p>A pol\u00edtica de uso e ocupa\u00e7\u00e3o do solo foi escolhida pela banca como a correta. Esse tipo de pol\u00edtica, que define quais s\u00e3o os tipos de utiliza\u00e7\u00e3o poss\u00edvel em cada regi\u00e3o e bairro (comercial, residencial, industrial, misto, com alta ou baixa densidade etc.) costuma ter sim esse tipo de relacionamento entre esses atores, configurando um \u201ctri\u00e2ngulo de ferro\u201d.<\/p>\n<p>Entretanto, existem casos em outras localidades em que a pol\u00edtica habitacional tamb\u00e9m pode funcionar com base neste modelo. Os pr\u00f3prios estudos nos Estados Unidos sobre o \u201ctri\u00e2ngulo de ferro\u201d tratam do funcionamento deste modelo na pol\u00edtica de seguran\u00e7a nacional de l\u00e1.<\/p>\n<p>As demais pol\u00edticas citadas pela banca (educa\u00e7\u00e3o e a\u00e7\u00f5es afirmativas) n\u00e3o costumam mesmo ter esse tipo de relacionamento. De qualquer forma, o candidato teria mesmo de conhecer a fundo o funcionamento da pol\u00edtica em \u00e2mbito municipal para acertar essa quest\u00e3o. O gabarito da banca \u00e9 mesmo a letra E.<\/p>\n<p>&nbsp;<\/p>\n<p>&nbsp;<\/p>\n<p>Abra\u00e7os,<\/p>\n<p>Rodrigo Renn\u00f3<\/p>\n","protected":false},"excerpt":{"rendered":"<p>Ol\u00e1 pessoal, Estou trabalhando no coment\u00e1rio das quest\u00f5es de PP e GG dos concursos da Prefeitura de S\u00e3o Paulo. As provas vieram bem pesadas,\u00a0acima do que foi cobrado no \u00faltimo concurso de Gestor Federal, e j\u00e1 visualizei uma\u00a0quest\u00e3o pass\u00edvel de recurso. Abaixo trago algumas quest\u00f5es pol\u00eamicas da\u00a0prova de Pol\u00edticas P\u00fablicas que foi aplicada no \u00faltimo [&hellip;]<\/p>\n","protected":false},"author":28,"featured_media":0,"comment_status":"open","ping_status":"open","sticky":false,"template":"","format":"standard","meta":{"post_tipo":"article","footnotes":""},"categories":[],"tags":[],"tax_estado":[],"class_list":["post-29250","post","type-post","status-publish","format-standard","hentry"],"acf":[],"yoast_head":"<!-- This site is optimized with the Yoast SEO Premium plugin v27.2 (Yoast SEO v27.2) - https:\/\/yoast.com\/product\/yoast-seo-premium-wordpress\/ -->\n<title>Quest\u00f5es de Pol\u00edticas P\u00fablicas - APPGG - Recurso<\/title>\n<meta name=\"robots\" content=\"index, follow, max-snippet:-1, max-image-preview:large, max-video-preview:-1\" \/>\n<link rel=\"canonical\" href=\"https:\/\/www.estrategiaconcursos.com.br\/blog\/questoes-de-politicas-publicas-appgg\/\" \/>\n<meta property=\"og:locale\" content=\"pt_BR\" \/>\n<meta property=\"og:type\" content=\"article\" \/>\n<meta property=\"og:title\" content=\"Quest\u00f5es de Pol\u00edticas P\u00fablicas - APPGG - Recurso\" \/>\n<meta property=\"og:description\" content=\"Ol\u00e1 pessoal, Estou trabalhando no coment\u00e1rio das quest\u00f5es de PP e GG dos concursos da Prefeitura de S\u00e3o Paulo. As provas vieram bem pesadas,\u00a0acima do que foi cobrado no \u00faltimo concurso de Gestor Federal, e j\u00e1 visualizei uma\u00a0quest\u00e3o pass\u00edvel de recurso. Abaixo trago algumas quest\u00f5es pol\u00eamicas da\u00a0prova de Pol\u00edticas P\u00fablicas que foi aplicada no \u00faltimo [&hellip;]\" \/>\n<meta property=\"og:url\" content=\"https:\/\/www.estrategiaconcursos.com.br\/blog\/questoes-de-politicas-publicas-appgg\/\" \/>\n<meta property=\"og:site_name\" content=\"Estrat\u00e9gia Concursos\" \/>\n<meta property=\"article:author\" content=\"https:\/\/www.facebook.com\/profrodrigorenno\/\" \/>\n<meta property=\"article:published_time\" content=\"2015-11-18T20:25:28+00:00\" \/>\n<meta property=\"article:modified_time\" content=\"2015-11-19T10:05:11+00:00\" \/>\n<meta name=\"author\" content=\"Rodrigo Renn\u00f3\" \/>\n<meta name=\"twitter:card\" content=\"summary_large_image\" \/>\n<meta name=\"twitter:creator\" content=\"@rrenno99\" \/>\n<meta name=\"twitter:site\" content=\"@EstratConcursos\" \/>\n<meta name=\"twitter:label1\" content=\"Escrito por\" \/>\n\t<meta name=\"twitter:data1\" content=\"Rodrigo Renn\u00f3\" \/>\n\t<meta name=\"twitter:label2\" content=\"Est. tempo de leitura\" \/>\n\t<meta name=\"twitter:data2\" content=\"14 minutos\" \/>\n<script type=\"application\/ld+json\" class=\"yoast-schema-graph\">{\"@context\":\"https:\/\/schema.org\",\"@graph\":[{\"@type\":\"NewsArticle\",\"@id\":\"https:\/\/www.estrategiaconcursos.com.br\/blog\/questoes-de-politicas-publicas-appgg\/#article\",\"isPartOf\":{\"@id\":\"https:\/\/www.estrategiaconcursos.com.br\/blog\/questoes-de-politicas-publicas-appgg\/\"},\"author\":{\"name\":\"Rodrigo Renn\u00f3\",\"@id\":\"https:\/\/www.estrategiaconcursos.com.br\/blog\/#\/schema\/person\/bf6975c1a7ae4811d6ab0380ae0cca4f\"},\"headline\":\"Quest\u00f5es de Pol\u00edticas P\u00fablicas &#8211; APPGG &#8211; Recurso\",\"datePublished\":\"2015-11-18T20:25:28+00:00\",\"dateModified\":\"2015-11-19T10:05:11+00:00\",\"mainEntityOfPage\":{\"@id\":\"https:\/\/www.estrategiaconcursos.com.br\/blog\/questoes-de-politicas-publicas-appgg\/\"},\"wordCount\":2745,\"commentCount\":28,\"publisher\":{\"@id\":\"https:\/\/www.estrategiaconcursos.com.br\/blog\/#organization\"},\"inLanguage\":\"pt-BR\",\"potentialAction\":[{\"@type\":\"CommentAction\",\"name\":\"Comment\",\"target\":[\"https:\/\/www.estrategiaconcursos.com.br\/blog\/questoes-de-politicas-publicas-appgg\/#respond\"]}],\"copyrightYear\":\"2015\",\"copyrightHolder\":{\"@id\":\"https:\/\/www.estrategiaconcursos.com.br\/blog\/#organization\"}},{\"@type\":\"WebPage\",\"@id\":\"https:\/\/www.estrategiaconcursos.com.br\/blog\/questoes-de-politicas-publicas-appgg\/\",\"url\":\"https:\/\/www.estrategiaconcursos.com.br\/blog\/questoes-de-politicas-publicas-appgg\/\",\"name\":\"Quest\u00f5es de Pol\u00edticas P\u00fablicas - APPGG - Recurso\",\"isPartOf\":{\"@id\":\"https:\/\/www.estrategiaconcursos.com.br\/blog\/#website\"},\"datePublished\":\"2015-11-18T20:25:28+00:00\",\"dateModified\":\"2015-11-19T10:05:11+00:00\",\"breadcrumb\":{\"@id\":\"https:\/\/www.estrategiaconcursos.com.br\/blog\/questoes-de-politicas-publicas-appgg\/#breadcrumb\"},\"inLanguage\":\"pt-BR\",\"potentialAction\":[{\"@type\":\"ReadAction\",\"target\":[\"https:\/\/www.estrategiaconcursos.com.br\/blog\/questoes-de-politicas-publicas-appgg\/\"]}]},{\"@type\":\"BreadcrumbList\",\"@id\":\"https:\/\/www.estrategiaconcursos.com.br\/blog\/questoes-de-politicas-publicas-appgg\/#breadcrumb\",\"itemListElement\":[{\"@type\":\"ListItem\",\"position\":1,\"name\":\"In\u00edcio\",\"item\":\"https:\/\/www.estrategiaconcursos.com.br\/blog\/\"},{\"@type\":\"ListItem\",\"position\":2,\"name\":\"Quest\u00f5es de Pol\u00edticas P\u00fablicas &#8211; APPGG &#8211; Recurso\"}]},{\"@type\":\"WebSite\",\"@id\":\"https:\/\/www.estrategiaconcursos.com.br\/blog\/#website\",\"url\":\"https:\/\/www.estrategiaconcursos.com.br\/blog\/\",\"name\":\"Estrat\u00e9gia Concursos\",\"description\":\"O blog da Estrat\u00e9gia Concursos traz not\u00edcias sobre concursos e artigos de professores oferecendo cursos para concursos (pdf + videaulas) no site.\",\"publisher\":{\"@id\":\"https:\/\/www.estrategiaconcursos.com.br\/blog\/#organization\"},\"potentialAction\":[{\"@type\":\"SearchAction\",\"target\":{\"@type\":\"EntryPoint\",\"urlTemplate\":\"https:\/\/www.estrategiaconcursos.com.br\/blog\/?s={search_term_string}\"},\"query-input\":{\"@type\":\"PropertyValueSpecification\",\"valueRequired\":true,\"valueName\":\"search_term_string\"}}],\"inLanguage\":\"pt-BR\"},{\"@type\":\"Organization\",\"@id\":\"https:\/\/www.estrategiaconcursos.com.br\/blog\/#organization\",\"name\":\"Estrat\u00e9gia Concursos\",\"url\":\"https:\/\/www.estrategiaconcursos.com.br\/blog\/\",\"logo\":{\"@type\":\"ImageObject\",\"inLanguage\":\"pt-BR\",\"@id\":\"https:\/\/www.estrategiaconcursos.com.br\/blog\/#\/schema\/logo\/image\/\",\"url\":\"https:\/\/dhg1h5j42swfq.cloudfront.net\/2025\/06\/03203428\/logo_concursos-1.jpg\",\"contentUrl\":\"https:\/\/dhg1h5j42swfq.cloudfront.net\/2025\/06\/03203428\/logo_concursos-1.jpg\",\"width\":230,\"height\":60,\"caption\":\"Estrat\u00e9gia Concursos\"},\"image\":{\"@id\":\"https:\/\/www.estrategiaconcursos.com.br\/blog\/#\/schema\/logo\/image\/\"},\"sameAs\":[\"https:\/\/x.com\/EstratConcursos\"]},{\"@type\":\"Person\",\"@id\":\"https:\/\/www.estrategiaconcursos.com.br\/blog\/#\/schema\/person\/bf6975c1a7ae4811d6ab0380ae0cca4f\",\"name\":\"Rodrigo Renn\u00f3\",\"image\":{\"@type\":\"ImageObject\",\"inLanguage\":\"pt-BR\",\"@id\":\"https:\/\/secure.gravatar.com\/avatar\/efdc384f2d98c0ae80e238b5e4017956d7560318cb79eb2ce7daa3ff14769c10?s=96&d=mm&r=g\",\"url\":\"https:\/\/secure.gravatar.com\/avatar\/efdc384f2d98c0ae80e238b5e4017956d7560318cb79eb2ce7daa3ff14769c10?s=96&d=mm&r=g\",\"contentUrl\":\"https:\/\/secure.gravatar.com\/avatar\/efdc384f2d98c0ae80e238b5e4017956d7560318cb79eb2ce7daa3ff14769c10?s=96&d=mm&r=g\",\"caption\":\"Rodrigo Renn\u00f3\"},\"sameAs\":[\"https:\/\/www.facebook.com\/profrodrigorenno\/\",\"https:\/\/x.com\/rrenno99\"],\"url\":\"https:\/\/www.estrategiaconcursos.com.br\/blog\/author\/rodrigorennoestrategiaconcursos-com-br\/\"}]}<\/script>\n<!-- \/ Yoast SEO Premium plugin. -->","yoast_head_json":{"title":"Quest\u00f5es de Pol\u00edticas P\u00fablicas - APPGG - Recurso","robots":{"index":"index","follow":"follow","max-snippet":"max-snippet:-1","max-image-preview":"max-image-preview:large","max-video-preview":"max-video-preview:-1"},"canonical":"https:\/\/www.estrategiaconcursos.com.br\/blog\/questoes-de-politicas-publicas-appgg\/","og_locale":"pt_BR","og_type":"article","og_title":"Quest\u00f5es de Pol\u00edticas P\u00fablicas - APPGG - Recurso","og_description":"Ol\u00e1 pessoal, Estou trabalhando no coment\u00e1rio das quest\u00f5es de PP e GG dos concursos da Prefeitura de S\u00e3o Paulo. As provas vieram bem pesadas,\u00a0acima do que foi cobrado no \u00faltimo concurso de Gestor Federal, e j\u00e1 visualizei uma\u00a0quest\u00e3o pass\u00edvel de recurso. Abaixo trago algumas quest\u00f5es pol\u00eamicas da\u00a0prova de Pol\u00edticas P\u00fablicas que foi aplicada no \u00faltimo [&hellip;]","og_url":"https:\/\/www.estrategiaconcursos.com.br\/blog\/questoes-de-politicas-publicas-appgg\/","og_site_name":"Estrat\u00e9gia Concursos","article_author":"https:\/\/www.facebook.com\/profrodrigorenno\/","article_published_time":"2015-11-18T20:25:28+00:00","article_modified_time":"2015-11-19T10:05:11+00:00","author":"Rodrigo Renn\u00f3","twitter_card":"summary_large_image","twitter_creator":"@rrenno99","twitter_site":"@EstratConcursos","twitter_misc":{"Escrito por":"Rodrigo Renn\u00f3","Est. tempo de leitura":"14 minutos"},"schema":{"@context":"https:\/\/schema.org","@graph":[{"@type":"NewsArticle","@id":"https:\/\/www.estrategiaconcursos.com.br\/blog\/questoes-de-politicas-publicas-appgg\/#article","isPartOf":{"@id":"https:\/\/www.estrategiaconcursos.com.br\/blog\/questoes-de-politicas-publicas-appgg\/"},"author":{"name":"Rodrigo Renn\u00f3","@id":"https:\/\/www.estrategiaconcursos.com.br\/blog\/#\/schema\/person\/bf6975c1a7ae4811d6ab0380ae0cca4f"},"headline":"Quest\u00f5es de Pol\u00edticas P\u00fablicas &#8211; APPGG &#8211; Recurso","datePublished":"2015-11-18T20:25:28+00:00","dateModified":"2015-11-19T10:05:11+00:00","mainEntityOfPage":{"@id":"https:\/\/www.estrategiaconcursos.com.br\/blog\/questoes-de-politicas-publicas-appgg\/"},"wordCount":2745,"commentCount":28,"publisher":{"@id":"https:\/\/www.estrategiaconcursos.com.br\/blog\/#organization"},"inLanguage":"pt-BR","potentialAction":[{"@type":"CommentAction","name":"Comment","target":["https:\/\/www.estrategiaconcursos.com.br\/blog\/questoes-de-politicas-publicas-appgg\/#respond"]}],"copyrightYear":"2015","copyrightHolder":{"@id":"https:\/\/www.estrategiaconcursos.com.br\/blog\/#organization"}},{"@type":"WebPage","@id":"https:\/\/www.estrategiaconcursos.com.br\/blog\/questoes-de-politicas-publicas-appgg\/","url":"https:\/\/www.estrategiaconcursos.com.br\/blog\/questoes-de-politicas-publicas-appgg\/","name":"Quest\u00f5es de Pol\u00edticas P\u00fablicas - APPGG - Recurso","isPartOf":{"@id":"https:\/\/www.estrategiaconcursos.com.br\/blog\/#website"},"datePublished":"2015-11-18T20:25:28+00:00","dateModified":"2015-11-19T10:05:11+00:00","breadcrumb":{"@id":"https:\/\/www.estrategiaconcursos.com.br\/blog\/questoes-de-politicas-publicas-appgg\/#breadcrumb"},"inLanguage":"pt-BR","potentialAction":[{"@type":"ReadAction","target":["https:\/\/www.estrategiaconcursos.com.br\/blog\/questoes-de-politicas-publicas-appgg\/"]}]},{"@type":"BreadcrumbList","@id":"https:\/\/www.estrategiaconcursos.com.br\/blog\/questoes-de-politicas-publicas-appgg\/#breadcrumb","itemListElement":[{"@type":"ListItem","position":1,"name":"In\u00edcio","item":"https:\/\/www.estrategiaconcursos.com.br\/blog\/"},{"@type":"ListItem","position":2,"name":"Quest\u00f5es de Pol\u00edticas P\u00fablicas &#8211; APPGG &#8211; Recurso"}]},{"@type":"WebSite","@id":"https:\/\/www.estrategiaconcursos.com.br\/blog\/#website","url":"https:\/\/www.estrategiaconcursos.com.br\/blog\/","name":"Estrat\u00e9gia Concursos","description":"O blog da Estrat\u00e9gia Concursos traz not\u00edcias sobre concursos e artigos de professores oferecendo cursos para concursos (pdf + videaulas) no site.","publisher":{"@id":"https:\/\/www.estrategiaconcursos.com.br\/blog\/#organization"},"potentialAction":[{"@type":"SearchAction","target":{"@type":"EntryPoint","urlTemplate":"https:\/\/www.estrategiaconcursos.com.br\/blog\/?s={search_term_string}"},"query-input":{"@type":"PropertyValueSpecification","valueRequired":true,"valueName":"search_term_string"}}],"inLanguage":"pt-BR"},{"@type":"Organization","@id":"https:\/\/www.estrategiaconcursos.com.br\/blog\/#organization","name":"Estrat\u00e9gia Concursos","url":"https:\/\/www.estrategiaconcursos.com.br\/blog\/","logo":{"@type":"ImageObject","inLanguage":"pt-BR","@id":"https:\/\/www.estrategiaconcursos.com.br\/blog\/#\/schema\/logo\/image\/","url":"https:\/\/dhg1h5j42swfq.cloudfront.net\/2025\/06\/03203428\/logo_concursos-1.jpg","contentUrl":"https:\/\/dhg1h5j42swfq.cloudfront.net\/2025\/06\/03203428\/logo_concursos-1.jpg","width":230,"height":60,"caption":"Estrat\u00e9gia Concursos"},"image":{"@id":"https:\/\/www.estrategiaconcursos.com.br\/blog\/#\/schema\/logo\/image\/"},"sameAs":["https:\/\/x.com\/EstratConcursos"]},{"@type":"Person","@id":"https:\/\/www.estrategiaconcursos.com.br\/blog\/#\/schema\/person\/bf6975c1a7ae4811d6ab0380ae0cca4f","name":"Rodrigo Renn\u00f3","image":{"@type":"ImageObject","inLanguage":"pt-BR","@id":"https:\/\/secure.gravatar.com\/avatar\/efdc384f2d98c0ae80e238b5e4017956d7560318cb79eb2ce7daa3ff14769c10?s=96&d=mm&r=g","url":"https:\/\/secure.gravatar.com\/avatar\/efdc384f2d98c0ae80e238b5e4017956d7560318cb79eb2ce7daa3ff14769c10?s=96&d=mm&r=g","contentUrl":"https:\/\/secure.gravatar.com\/avatar\/efdc384f2d98c0ae80e238b5e4017956d7560318cb79eb2ce7daa3ff14769c10?s=96&d=mm&r=g","caption":"Rodrigo Renn\u00f3"},"sameAs":["https:\/\/www.facebook.com\/profrodrigorenno\/","https:\/\/x.com\/rrenno99"],"url":"https:\/\/www.estrategiaconcursos.com.br\/blog\/author\/rodrigorennoestrategiaconcursos-com-br\/"}]}},"_links":{"self":[{"href":"https:\/\/www.estrategiaconcursos.com.br\/blog\/wp-json\/wp\/v2\/posts\/29250","targetHints":{"allow":["GET"]}}],"collection":[{"href":"https:\/\/www.estrategiaconcursos.com.br\/blog\/wp-json\/wp\/v2\/posts"}],"about":[{"href":"https:\/\/www.estrategiaconcursos.com.br\/blog\/wp-json\/wp\/v2\/types\/post"}],"author":[{"embeddable":true,"href":"https:\/\/www.estrategiaconcursos.com.br\/blog\/wp-json\/wp\/v2\/users\/28"}],"replies":[{"embeddable":true,"href":"https:\/\/www.estrategiaconcursos.com.br\/blog\/wp-json\/wp\/v2\/comments?post=29250"}],"version-history":[{"count":4,"href":"https:\/\/www.estrategiaconcursos.com.br\/blog\/wp-json\/wp\/v2\/posts\/29250\/revisions"}],"predecessor-version":[{"id":29275,"href":"https:\/\/www.estrategiaconcursos.com.br\/blog\/wp-json\/wp\/v2\/posts\/29250\/revisions\/29275"}],"wp:attachment":[{"href":"https:\/\/www.estrategiaconcursos.com.br\/blog\/wp-json\/wp\/v2\/media?parent=29250"}],"wp:term":[{"taxonomy":"category","embeddable":true,"href":"https:\/\/www.estrategiaconcursos.com.br\/blog\/wp-json\/wp\/v2\/categories?post=29250"},{"taxonomy":"post_tag","embeddable":true,"href":"https:\/\/www.estrategiaconcursos.com.br\/blog\/wp-json\/wp\/v2\/tags?post=29250"},{"taxonomy":"tax_estado","embeddable":true,"href":"https:\/\/www.estrategiaconcursos.com.br\/blog\/wp-json\/wp\/v2\/tax_estado?post=29250"}],"curies":[{"name":"wp","href":"https:\/\/api.w.org\/{rel}","templated":true}]}}