{"id":29170,"date":"2015-11-17T19:21:35","date_gmt":"2015-11-17T22:21:35","guid":{"rendered":"http:\/\/www.estrategiaconcursos.com.br\/blog\/?p=29170"},"modified":"2015-11-18T09:59:21","modified_gmt":"2015-11-18T12:59:21","slug":"estudante-morre-apos-tomografia-em-hospital-particular-de-campinas-sp","status":"publish","type":"post","link":"https:\/\/www.estrategiaconcursos.com.br\/blog\/estudante-morre-apos-tomografia-em-hospital-particular-de-campinas-sp\/","title":{"rendered":"Estudante morre ap\u00f3s tomografia em hospital particular de Campinas (SP)"},"content":{"rendered":"<header class=\"pg_cp_topoPaginas\">\n<h1 class=\"pg-color10\"><\/h1>\n<div class=\"info-header\">\n<p class=\"pg-color10\">Colabora\u00e7\u00e3o para o UOL, em Campinas (SP)<\/p>\n<p><span class=\"data\">17\/11\/2015<\/span>12h37<\/p>\n<\/div>\n<div class=\"botoes\"><\/div>\n<\/header>\n<div id=\"texto\">\n<div class=\"imagem-representativa imagem-300x200\">\n<ul>\n<li>\n<div class=\"pinit-wraper\"><img loading=\"lazy\" decoding=\"async\" class=\"imagem pinit-img\" title=\"Reprodu\u00e7\u00e3o \/ Facebook\" src=\"http:\/\/imguol.com\/c\/noticias\/0f\/2015\/11\/17\/petra-heleno-1447771407006_300x200.jpg\" alt=\"Estudante sofreu choque anafil\u00e1tico\" width=\"300\" height=\"200\" \/><\/div>\n<p>Estudante sofreu choque anafil\u00e1tico<\/li>\n<\/ul>\n<\/div>\n<p>A estudante\u00a0Petra\u00a0Heleno, 18, morreu nesta segunda-feira (16) ap\u00f3s passar por uma tomografia computadorizada no Hospital Vera Cruz, em Campinas (a 93 quil\u00f4metros de <strong>S\u00e3o Paulo<\/strong>). Ela, que fez o exame para descobrir a origem de uma dor de garganta que n\u00e3o melhorava com tratamento,\u00a0teve um choque anafil\u00e1tico &#8211;rea\u00e7\u00e3o al\u00e9rgica ao contraste iodado utilizado no exame.<\/p>\n<p>Petra j\u00e1 estava internada na unidade, quando passou pelo procedimento no \u00faltimo s\u00e1bado (14). O hospital disse, em nota, &#8220;a paciente e fam\u00edlia n\u00e3o tinham o conhecimento de que esta possu\u00eda restri\u00e7\u00f5es e comprometimentos al\u00e9rgicos quanto ao contraste&#8221; quando preencheram a documenta\u00e7\u00e3o exigida para a realiza\u00e7\u00e3o do exame.<\/p>\n<p>A paciente foi socorrida por um m\u00e9dico alergologista assim que foram percebidas as primeiras rea\u00e7\u00f5es do in\u00edcio de choque anafil\u00e1tico e transferida para a UTI (Unidade de Terapia Intensiva). Ela teve morte cerebral \u00e0s 14h56 desta segunda-feira (16).<\/p>\n<p>Em nota, o hospital lamentou &#8220;que o desfecho deste relato n\u00e3o correspondeu aos nossos desejos e expectativas&#8221; e ressaltou que, segundo o Col\u00e9gio Brasileiro de Radiologia, com base em estudos internacionais, as rea\u00e7\u00f5es adversas ao exame feito com iodado i\u00f4nico acontecem numa propor\u00e7\u00e3o de 1 para cada 150 mil pacientes e as mortes a cada 15 mil.<\/p>\n<h3>Mortes ap\u00f3s resson\u00e2ncia<\/h3>\n<p>Em janeiro de 2013, tr\u00eas pessoas morreram no Hospital Vera Cruz ap\u00f3s a realiza\u00e7\u00e3o de exames:\u00a0Pedro Jos\u00e9 Ribeiro Porto Filho, 36,\u00a0Mayra\u00a0Cristina Augusto Monteiro, 25, e Manuel Pereira de Souza, 39.<\/p>\n<p>Depois de quase cem dias de investiga\u00e7\u00f5es, a pol\u00edcia concluiu que as v\u00edtimas receberam na veia, por engano, 10 mililitros de\u00a0perfluorocarbono (subst\u00e2ncia industrial), que era armazenada pela\u00a0RMC\u00a0em bolsas reaproveitadas de soro fisiol\u00f3gico, sem identifica\u00e7\u00e3o, motivo que teria induzido ao erro uma auxiliar de enfermagem que trabalhava no local havia dez dias.<\/p>\n<p>O juiz Gustavo\u00a0Pisarewski\u00a0Mois\u00e9s, da 6\u00aa Vara C\u00edvel, condenou em mar\u00e7o do ano passado\u00a0o hospital e a cl\u00ednica Resson\u00e2ncia Magn\u00e9tica Campinas (RMC) a pagarem uma indeniza\u00e7\u00e3o de R$ 1 milh\u00e3o aos pais de Porto Filho\u00a0por danos\u00a0morais, mas ainda cabe recurso.<\/p>\n<p>O delegado Jos\u00e9 Carlos Fernandes da Silva, do 1\u00b0 Distrito Policial de Campinas, afirmou que n\u00e3o houve registro de boletim de ocorr\u00eancia para apura\u00e7\u00e3o da morte de Petra Heleno.\u00a0Segundo ele, a advogada da fam\u00edlia considerou\u00a0que n\u00e3o houve problema no procedimento do hospital, por isso n\u00e3o prestar\u00e1 queixa.<\/p>\n<p>A jovem foi sepultada nesta manh\u00e3.<\/p>\n<p>&#8220;Ainda n\u00e3o acreditamos. Ela era uma aluna muito querida. Estamos muito comovidos. Parece que ela ainda vai chegar aqui&#8221;, disse o coordenador pedag\u00f3gico Anderson Gama, do Col\u00e9gio Crescer, onde a jovem estudava h\u00e1 sete anos e cursava o 3\u00b0 ano do Ensino M\u00e9dio.<\/p>\n<\/div>\n","protected":false},"excerpt":{"rendered":"<p>Colabora\u00e7\u00e3o para o UOL, em Campinas (SP) 17\/11\/201512h37 Estudante sofreu choque anafil\u00e1tico A estudante\u00a0Petra\u00a0Heleno, 18, morreu nesta segunda-feira (16) ap\u00f3s passar por uma tomografia computadorizada no Hospital Vera Cruz, em Campinas (a 93 quil\u00f4metros de S\u00e3o Paulo). Ela, que fez o exame para descobrir a origem de uma dor de garganta que n\u00e3o melhorava com [&hellip;]<\/p>\n","protected":false},"author":1,"featured_media":0,"comment_status":"open","ping_status":"open","sticky":false,"template":"","format":"standard","meta":{"post_tipo":"news","footnotes":""},"categories":[1],"tags":[],"tax_estado":[],"class_list":["post-29170","post","type-post","status-publish","format-standard","hentry","category-cursos-e-concursos"],"acf":[],"yoast_head":"<!-- This site is optimized with the Yoast SEO Premium plugin v27.2 (Yoast SEO v27.2) - https:\/\/yoast.com\/product\/yoast-seo-premium-wordpress\/ -->\n<title>Estudante morre ap\u00f3s tomografia em hospital particular de Campinas (SP)<\/title>\n<meta name=\"robots\" content=\"index, follow, max-snippet:-1, max-image-preview:large, max-video-preview:-1\" \/>\n<link rel=\"canonical\" href=\"https:\/\/www.estrategiaconcursos.com.br\/blog\/estudante-morre-apos-tomografia-em-hospital-particular-de-campinas-sp\/\" \/>\n<meta property=\"og:locale\" content=\"pt_BR\" \/>\n<meta property=\"og:type\" content=\"article\" \/>\n<meta property=\"og:title\" content=\"Estudante morre ap\u00f3s tomografia em hospital particular de Campinas (SP)\" \/>\n<meta property=\"og:description\" content=\"Colabora\u00e7\u00e3o para o UOL, em Campinas (SP) 17\/11\/201512h37 Estudante sofreu choque anafil\u00e1tico A estudante\u00a0Petra\u00a0Heleno, 18, morreu nesta segunda-feira (16) ap\u00f3s passar por uma tomografia computadorizada no Hospital Vera Cruz, em Campinas (a 93 quil\u00f4metros de S\u00e3o Paulo). Ela, que fez o exame para descobrir a origem de uma dor de garganta que n\u00e3o melhorava com [&hellip;]\" \/>\n<meta property=\"og:url\" content=\"https:\/\/www.estrategiaconcursos.com.br\/blog\/estudante-morre-apos-tomografia-em-hospital-particular-de-campinas-sp\/\" \/>\n<meta property=\"og:site_name\" content=\"Estrat\u00e9gia Concursos\" \/>\n<meta property=\"article:author\" content=\"https:\/\/www.facebook.com\/EstrategiaConcursos\" \/>\n<meta property=\"article:published_time\" content=\"2015-11-17T22:21:35+00:00\" \/>\n<meta property=\"article:modified_time\" content=\"2015-11-18T12:59:21+00:00\" \/>\n<meta property=\"og:image\" content=\"http:\/\/imguol.com\/c\/noticias\/0f\/2015\/11\/17\/petra-heleno-1447771407006_300x200.jpg\" \/>\n<meta name=\"author\" content=\"Coordena\u00e7\u00e3o\" \/>\n<meta name=\"twitter:card\" content=\"summary_large_image\" \/>\n<meta name=\"twitter:creator\" content=\"@EstratConcursos\" \/>\n<meta name=\"twitter:site\" content=\"@EstratConcursos\" \/>\n<meta name=\"twitter:label1\" content=\"Escrito por\" \/>\n\t<meta name=\"twitter:data1\" content=\"Coordena\u00e7\u00e3o\" \/>\n\t<meta name=\"twitter:label2\" content=\"Est. tempo de leitura\" \/>\n\t<meta name=\"twitter:data2\" content=\"2 minutos\" \/>\n<script type=\"application\/ld+json\" class=\"yoast-schema-graph\">{\"@context\":\"https:\/\/schema.org\",\"@graph\":[{\"@type\":\"NewsArticle\",\"@id\":\"https:\/\/www.estrategiaconcursos.com.br\/blog\/estudante-morre-apos-tomografia-em-hospital-particular-de-campinas-sp\/#article\",\"isPartOf\":{\"@id\":\"https:\/\/www.estrategiaconcursos.com.br\/blog\/estudante-morre-apos-tomografia-em-hospital-particular-de-campinas-sp\/\"},\"author\":{\"name\":\"Coordena\u00e7\u00e3o\",\"@id\":\"https:\/\/www.estrategiaconcursos.com.br\/blog\/#\/schema\/person\/b4a388c97673c5f483d72185668afa1f\"},\"headline\":\"Estudante morre ap\u00f3s tomografia em hospital particular de Campinas (SP)\",\"datePublished\":\"2015-11-17T22:21:35+00:00\",\"dateModified\":\"2015-11-18T12:59:21+00:00\",\"mainEntityOfPage\":{\"@id\":\"https:\/\/www.estrategiaconcursos.com.br\/blog\/estudante-morre-apos-tomografia-em-hospital-particular-de-campinas-sp\/\"},\"wordCount\":494,\"commentCount\":0,\"publisher\":{\"@id\":\"https:\/\/www.estrategiaconcursos.com.br\/blog\/#organization\"},\"image\":{\"@id\":\"https:\/\/www.estrategiaconcursos.com.br\/blog\/estudante-morre-apos-tomografia-em-hospital-particular-de-campinas-sp\/#primaryimage\"},\"thumbnailUrl\":\"http:\/\/imguol.com\/c\/noticias\/0f\/2015\/11\/17\/petra-heleno-1447771407006_300x200.jpg\",\"articleSection\":[\"Concursos P\u00fablicos\"],\"inLanguage\":\"pt-BR\",\"potentialAction\":[{\"@type\":\"CommentAction\",\"name\":\"Comment\",\"target\":[\"https:\/\/www.estrategiaconcursos.com.br\/blog\/estudante-morre-apos-tomografia-em-hospital-particular-de-campinas-sp\/#respond\"]}],\"copyrightYear\":\"2015\",\"copyrightHolder\":{\"@id\":\"https:\/\/www.estrategiaconcursos.com.br\/blog\/#organization\"}},{\"@type\":\"WebPage\",\"@id\":\"https:\/\/www.estrategiaconcursos.com.br\/blog\/estudante-morre-apos-tomografia-em-hospital-particular-de-campinas-sp\/\",\"url\":\"https:\/\/www.estrategiaconcursos.com.br\/blog\/estudante-morre-apos-tomografia-em-hospital-particular-de-campinas-sp\/\",\"name\":\"Estudante morre ap\u00f3s tomografia em hospital particular de Campinas (SP)\",\"isPartOf\":{\"@id\":\"https:\/\/www.estrategiaconcursos.com.br\/blog\/#website\"},\"primaryImageOfPage\":{\"@id\":\"https:\/\/www.estrategiaconcursos.com.br\/blog\/estudante-morre-apos-tomografia-em-hospital-particular-de-campinas-sp\/#primaryimage\"},\"image\":{\"@id\":\"https:\/\/www.estrategiaconcursos.com.br\/blog\/estudante-morre-apos-tomografia-em-hospital-particular-de-campinas-sp\/#primaryimage\"},\"thumbnailUrl\":\"http:\/\/imguol.com\/c\/noticias\/0f\/2015\/11\/17\/petra-heleno-1447771407006_300x200.jpg\",\"datePublished\":\"2015-11-17T22:21:35+00:00\",\"dateModified\":\"2015-11-18T12:59:21+00:00\",\"breadcrumb\":{\"@id\":\"https:\/\/www.estrategiaconcursos.com.br\/blog\/estudante-morre-apos-tomografia-em-hospital-particular-de-campinas-sp\/#breadcrumb\"},\"inLanguage\":\"pt-BR\",\"potentialAction\":[{\"@type\":\"ReadAction\",\"target\":[\"https:\/\/www.estrategiaconcursos.com.br\/blog\/estudante-morre-apos-tomografia-em-hospital-particular-de-campinas-sp\/\"]}]},{\"@type\":\"ImageObject\",\"inLanguage\":\"pt-BR\",\"@id\":\"https:\/\/www.estrategiaconcursos.com.br\/blog\/estudante-morre-apos-tomografia-em-hospital-particular-de-campinas-sp\/#primaryimage\",\"url\":\"http:\/\/imguol.com\/c\/noticias\/0f\/2015\/11\/17\/petra-heleno-1447771407006_300x200.jpg\",\"contentUrl\":\"http:\/\/imguol.com\/c\/noticias\/0f\/2015\/11\/17\/petra-heleno-1447771407006_300x200.jpg\"},{\"@type\":\"BreadcrumbList\",\"@id\":\"https:\/\/www.estrategiaconcursos.com.br\/blog\/estudante-morre-apos-tomografia-em-hospital-particular-de-campinas-sp\/#breadcrumb\",\"itemListElement\":[{\"@type\":\"ListItem\",\"position\":1,\"name\":\"In\u00edcio\",\"item\":\"https:\/\/www.estrategiaconcursos.com.br\/blog\/\"},{\"@type\":\"ListItem\",\"position\":2,\"name\":\"Estudante morre ap\u00f3s tomografia em hospital particular de Campinas (SP)\"}]},{\"@type\":\"WebSite\",\"@id\":\"https:\/\/www.estrategiaconcursos.com.br\/blog\/#website\",\"url\":\"https:\/\/www.estrategiaconcursos.com.br\/blog\/\",\"name\":\"Estrat\u00e9gia Concursos\",\"description\":\"O blog da Estrat\u00e9gia Concursos traz not\u00edcias sobre concursos e artigos de professores oferecendo cursos para concursos (pdf + videaulas) no site.\",\"publisher\":{\"@id\":\"https:\/\/www.estrategiaconcursos.com.br\/blog\/#organization\"},\"potentialAction\":[{\"@type\":\"SearchAction\",\"target\":{\"@type\":\"EntryPoint\",\"urlTemplate\":\"https:\/\/www.estrategiaconcursos.com.br\/blog\/?s={search_term_string}\"},\"query-input\":{\"@type\":\"PropertyValueSpecification\",\"valueRequired\":true,\"valueName\":\"search_term_string\"}}],\"inLanguage\":\"pt-BR\"},{\"@type\":\"Organization\",\"@id\":\"https:\/\/www.estrategiaconcursos.com.br\/blog\/#organization\",\"name\":\"Estrat\u00e9gia Concursos\",\"url\":\"https:\/\/www.estrategiaconcursos.com.br\/blog\/\",\"logo\":{\"@type\":\"ImageObject\",\"inLanguage\":\"pt-BR\",\"@id\":\"https:\/\/www.estrategiaconcursos.com.br\/blog\/#\/schema\/logo\/image\/\",\"url\":\"https:\/\/dhg1h5j42swfq.cloudfront.net\/2025\/06\/03203428\/logo_concursos-1.jpg\",\"contentUrl\":\"https:\/\/dhg1h5j42swfq.cloudfront.net\/2025\/06\/03203428\/logo_concursos-1.jpg\",\"width\":230,\"height\":60,\"caption\":\"Estrat\u00e9gia Concursos\"},\"image\":{\"@id\":\"https:\/\/www.estrategiaconcursos.com.br\/blog\/#\/schema\/logo\/image\/\"},\"sameAs\":[\"https:\/\/x.com\/EstratConcursos\"]},{\"@type\":\"Person\",\"@id\":\"https:\/\/www.estrategiaconcursos.com.br\/blog\/#\/schema\/person\/b4a388c97673c5f483d72185668afa1f\",\"name\":\"Coordena\u00e7\u00e3o\",\"image\":{\"@type\":\"ImageObject\",\"inLanguage\":\"pt-BR\",\"@id\":\"https:\/\/secure.gravatar.com\/avatar\/b720319e4c9a967eb58678d110f4fe35452fc5d5f97b202bac7b8acceb18c6ad?s=96&d=mm&r=g\",\"url\":\"https:\/\/secure.gravatar.com\/avatar\/b720319e4c9a967eb58678d110f4fe35452fc5d5f97b202bac7b8acceb18c6ad?s=96&d=mm&r=g\",\"contentUrl\":\"https:\/\/secure.gravatar.com\/avatar\/b720319e4c9a967eb58678d110f4fe35452fc5d5f97b202bac7b8acceb18c6ad?s=96&d=mm&r=g\",\"caption\":\"Coordena\u00e7\u00e3o\"},\"sameAs\":[\"https:\/\/www.facebook.com\/EstrategiaConcursos\",\"https:\/\/x.com\/EstratConcursos\"],\"url\":\"https:\/\/www.estrategiaconcursos.com.br\/blog\/author\/estrategia2013\/\"}]}<\/script>\n<!-- \/ Yoast SEO Premium plugin. -->","yoast_head_json":{"title":"Estudante morre ap\u00f3s tomografia em hospital particular de Campinas (SP)","robots":{"index":"index","follow":"follow","max-snippet":"max-snippet:-1","max-image-preview":"max-image-preview:large","max-video-preview":"max-video-preview:-1"},"canonical":"https:\/\/www.estrategiaconcursos.com.br\/blog\/estudante-morre-apos-tomografia-em-hospital-particular-de-campinas-sp\/","og_locale":"pt_BR","og_type":"article","og_title":"Estudante morre ap\u00f3s tomografia em hospital particular de Campinas (SP)","og_description":"Colabora\u00e7\u00e3o para o UOL, em Campinas (SP) 17\/11\/201512h37 Estudante sofreu choque anafil\u00e1tico A estudante\u00a0Petra\u00a0Heleno, 18, morreu nesta segunda-feira (16) ap\u00f3s passar por uma tomografia computadorizada no Hospital Vera Cruz, em Campinas (a 93 quil\u00f4metros de S\u00e3o Paulo). Ela, que fez o exame para descobrir a origem de uma dor de garganta que n\u00e3o melhorava com [&hellip;]","og_url":"https:\/\/www.estrategiaconcursos.com.br\/blog\/estudante-morre-apos-tomografia-em-hospital-particular-de-campinas-sp\/","og_site_name":"Estrat\u00e9gia Concursos","article_author":"https:\/\/www.facebook.com\/EstrategiaConcursos","article_published_time":"2015-11-17T22:21:35+00:00","article_modified_time":"2015-11-18T12:59:21+00:00","og_image":[{"url":"http:\/\/imguol.com\/c\/noticias\/0f\/2015\/11\/17\/petra-heleno-1447771407006_300x200.jpg","type":"","width":"","height":""}],"author":"Coordena\u00e7\u00e3o","twitter_card":"summary_large_image","twitter_creator":"@EstratConcursos","twitter_site":"@EstratConcursos","twitter_misc":{"Escrito por":"Coordena\u00e7\u00e3o","Est. tempo de leitura":"2 minutos"},"schema":{"@context":"https:\/\/schema.org","@graph":[{"@type":"NewsArticle","@id":"https:\/\/www.estrategiaconcursos.com.br\/blog\/estudante-morre-apos-tomografia-em-hospital-particular-de-campinas-sp\/#article","isPartOf":{"@id":"https:\/\/www.estrategiaconcursos.com.br\/blog\/estudante-morre-apos-tomografia-em-hospital-particular-de-campinas-sp\/"},"author":{"name":"Coordena\u00e7\u00e3o","@id":"https:\/\/www.estrategiaconcursos.com.br\/blog\/#\/schema\/person\/b4a388c97673c5f483d72185668afa1f"},"headline":"Estudante morre ap\u00f3s tomografia em hospital particular de Campinas (SP)","datePublished":"2015-11-17T22:21:35+00:00","dateModified":"2015-11-18T12:59:21+00:00","mainEntityOfPage":{"@id":"https:\/\/www.estrategiaconcursos.com.br\/blog\/estudante-morre-apos-tomografia-em-hospital-particular-de-campinas-sp\/"},"wordCount":494,"commentCount":0,"publisher":{"@id":"https:\/\/www.estrategiaconcursos.com.br\/blog\/#organization"},"image":{"@id":"https:\/\/www.estrategiaconcursos.com.br\/blog\/estudante-morre-apos-tomografia-em-hospital-particular-de-campinas-sp\/#primaryimage"},"thumbnailUrl":"http:\/\/imguol.com\/c\/noticias\/0f\/2015\/11\/17\/petra-heleno-1447771407006_300x200.jpg","articleSection":["Concursos P\u00fablicos"],"inLanguage":"pt-BR","potentialAction":[{"@type":"CommentAction","name":"Comment","target":["https:\/\/www.estrategiaconcursos.com.br\/blog\/estudante-morre-apos-tomografia-em-hospital-particular-de-campinas-sp\/#respond"]}],"copyrightYear":"2015","copyrightHolder":{"@id":"https:\/\/www.estrategiaconcursos.com.br\/blog\/#organization"}},{"@type":"WebPage","@id":"https:\/\/www.estrategiaconcursos.com.br\/blog\/estudante-morre-apos-tomografia-em-hospital-particular-de-campinas-sp\/","url":"https:\/\/www.estrategiaconcursos.com.br\/blog\/estudante-morre-apos-tomografia-em-hospital-particular-de-campinas-sp\/","name":"Estudante morre ap\u00f3s tomografia em hospital particular de Campinas (SP)","isPartOf":{"@id":"https:\/\/www.estrategiaconcursos.com.br\/blog\/#website"},"primaryImageOfPage":{"@id":"https:\/\/www.estrategiaconcursos.com.br\/blog\/estudante-morre-apos-tomografia-em-hospital-particular-de-campinas-sp\/#primaryimage"},"image":{"@id":"https:\/\/www.estrategiaconcursos.com.br\/blog\/estudante-morre-apos-tomografia-em-hospital-particular-de-campinas-sp\/#primaryimage"},"thumbnailUrl":"http:\/\/imguol.com\/c\/noticias\/0f\/2015\/11\/17\/petra-heleno-1447771407006_300x200.jpg","datePublished":"2015-11-17T22:21:35+00:00","dateModified":"2015-11-18T12:59:21+00:00","breadcrumb":{"@id":"https:\/\/www.estrategiaconcursos.com.br\/blog\/estudante-morre-apos-tomografia-em-hospital-particular-de-campinas-sp\/#breadcrumb"},"inLanguage":"pt-BR","potentialAction":[{"@type":"ReadAction","target":["https:\/\/www.estrategiaconcursos.com.br\/blog\/estudante-morre-apos-tomografia-em-hospital-particular-de-campinas-sp\/"]}]},{"@type":"ImageObject","inLanguage":"pt-BR","@id":"https:\/\/www.estrategiaconcursos.com.br\/blog\/estudante-morre-apos-tomografia-em-hospital-particular-de-campinas-sp\/#primaryimage","url":"http:\/\/imguol.com\/c\/noticias\/0f\/2015\/11\/17\/petra-heleno-1447771407006_300x200.jpg","contentUrl":"http:\/\/imguol.com\/c\/noticias\/0f\/2015\/11\/17\/petra-heleno-1447771407006_300x200.jpg"},{"@type":"BreadcrumbList","@id":"https:\/\/www.estrategiaconcursos.com.br\/blog\/estudante-morre-apos-tomografia-em-hospital-particular-de-campinas-sp\/#breadcrumb","itemListElement":[{"@type":"ListItem","position":1,"name":"In\u00edcio","item":"https:\/\/www.estrategiaconcursos.com.br\/blog\/"},{"@type":"ListItem","position":2,"name":"Estudante morre ap\u00f3s tomografia em hospital particular de Campinas (SP)"}]},{"@type":"WebSite","@id":"https:\/\/www.estrategiaconcursos.com.br\/blog\/#website","url":"https:\/\/www.estrategiaconcursos.com.br\/blog\/","name":"Estrat\u00e9gia Concursos","description":"O blog da Estrat\u00e9gia Concursos traz not\u00edcias sobre concursos e artigos de professores oferecendo cursos para concursos (pdf + videaulas) no site.","publisher":{"@id":"https:\/\/www.estrategiaconcursos.com.br\/blog\/#organization"},"potentialAction":[{"@type":"SearchAction","target":{"@type":"EntryPoint","urlTemplate":"https:\/\/www.estrategiaconcursos.com.br\/blog\/?s={search_term_string}"},"query-input":{"@type":"PropertyValueSpecification","valueRequired":true,"valueName":"search_term_string"}}],"inLanguage":"pt-BR"},{"@type":"Organization","@id":"https:\/\/www.estrategiaconcursos.com.br\/blog\/#organization","name":"Estrat\u00e9gia Concursos","url":"https:\/\/www.estrategiaconcursos.com.br\/blog\/","logo":{"@type":"ImageObject","inLanguage":"pt-BR","@id":"https:\/\/www.estrategiaconcursos.com.br\/blog\/#\/schema\/logo\/image\/","url":"https:\/\/dhg1h5j42swfq.cloudfront.net\/2025\/06\/03203428\/logo_concursos-1.jpg","contentUrl":"https:\/\/dhg1h5j42swfq.cloudfront.net\/2025\/06\/03203428\/logo_concursos-1.jpg","width":230,"height":60,"caption":"Estrat\u00e9gia Concursos"},"image":{"@id":"https:\/\/www.estrategiaconcursos.com.br\/blog\/#\/schema\/logo\/image\/"},"sameAs":["https:\/\/x.com\/EstratConcursos"]},{"@type":"Person","@id":"https:\/\/www.estrategiaconcursos.com.br\/blog\/#\/schema\/person\/b4a388c97673c5f483d72185668afa1f","name":"Coordena\u00e7\u00e3o","image":{"@type":"ImageObject","inLanguage":"pt-BR","@id":"https:\/\/secure.gravatar.com\/avatar\/b720319e4c9a967eb58678d110f4fe35452fc5d5f97b202bac7b8acceb18c6ad?s=96&d=mm&r=g","url":"https:\/\/secure.gravatar.com\/avatar\/b720319e4c9a967eb58678d110f4fe35452fc5d5f97b202bac7b8acceb18c6ad?s=96&d=mm&r=g","contentUrl":"https:\/\/secure.gravatar.com\/avatar\/b720319e4c9a967eb58678d110f4fe35452fc5d5f97b202bac7b8acceb18c6ad?s=96&d=mm&r=g","caption":"Coordena\u00e7\u00e3o"},"sameAs":["https:\/\/www.facebook.com\/EstrategiaConcursos","https:\/\/x.com\/EstratConcursos"],"url":"https:\/\/www.estrategiaconcursos.com.br\/blog\/author\/estrategia2013\/"}]}},"_links":{"self":[{"href":"https:\/\/www.estrategiaconcursos.com.br\/blog\/wp-json\/wp\/v2\/posts\/29170","targetHints":{"allow":["GET"]}}],"collection":[{"href":"https:\/\/www.estrategiaconcursos.com.br\/blog\/wp-json\/wp\/v2\/posts"}],"about":[{"href":"https:\/\/www.estrategiaconcursos.com.br\/blog\/wp-json\/wp\/v2\/types\/post"}],"author":[{"embeddable":true,"href":"https:\/\/www.estrategiaconcursos.com.br\/blog\/wp-json\/wp\/v2\/users\/1"}],"replies":[{"embeddable":true,"href":"https:\/\/www.estrategiaconcursos.com.br\/blog\/wp-json\/wp\/v2\/comments?post=29170"}],"version-history":[{"count":2,"href":"https:\/\/www.estrategiaconcursos.com.br\/blog\/wp-json\/wp\/v2\/posts\/29170\/revisions"}],"predecessor-version":[{"id":29215,"href":"https:\/\/www.estrategiaconcursos.com.br\/blog\/wp-json\/wp\/v2\/posts\/29170\/revisions\/29215"}],"wp:attachment":[{"href":"https:\/\/www.estrategiaconcursos.com.br\/blog\/wp-json\/wp\/v2\/media?parent=29170"}],"wp:term":[{"taxonomy":"category","embeddable":true,"href":"https:\/\/www.estrategiaconcursos.com.br\/blog\/wp-json\/wp\/v2\/categories?post=29170"},{"taxonomy":"post_tag","embeddable":true,"href":"https:\/\/www.estrategiaconcursos.com.br\/blog\/wp-json\/wp\/v2\/tags?post=29170"},{"taxonomy":"tax_estado","embeddable":true,"href":"https:\/\/www.estrategiaconcursos.com.br\/blog\/wp-json\/wp\/v2\/tax_estado?post=29170"}],"curies":[{"name":"wp","href":"https:\/\/api.w.org\/{rel}","templated":true}]}}