{"id":29114,"date":"2015-11-17T13:45:31","date_gmt":"2015-11-17T16:45:31","guid":{"rendered":"http:\/\/www.estrategiaconcursos.com.br\/blog\/?p=29114"},"modified":"2018-09-28T18:11:55","modified_gmt":"2018-09-28T21:11:55","slug":"concurso-appgg-prova-comentada-de-gestao-de-processos-projetos-e-ti","status":"publish","type":"post","link":"https:\/\/www.estrategiaconcursos.com.br\/blog\/concurso-appgg-prova-comentada-de-gestao-de-processos-projetos-e-ti\/","title":{"rendered":"Concurso APPGG: prova comentada de Gest\u00e3o de Processos, Projetos e TI"},"content":{"rendered":"<p style=\"text-align: justify;\">Ol\u00e1 amigos!<\/p>\n<p style=\"text-align: justify;\">Venho hoje comentar a prova do concurso APPGG, trazendo as quest\u00f5es de Gest\u00e3o de Projetos, Processos e TI. Pra &#8220;variar&#8221;, a VUNESP aprontou algumas surpresas, superdosando a cobran\u00e7a de Modelagem de Processos de Neg\u00f3cio, e ignorando outros assuntos previstos em edital, como Workflow e Gerenciamento Eletr\u00f4nico de Documentos. Vejamos:<\/p>\n<p style=\"text-align: justify;\"><strong>16. Na modelagem de processos, os eventos acontecem\u00a0<\/strong><strong>durante o curso do processo de neg\u00f3cios, afetam o fluxo\u00a0<\/strong><strong>e podem ter uma determinada causa. Entre os eventos\u00a0<\/strong><strong>de in\u00edcio, aquele que tamb\u00e9m \u00e9 chamado de condicional,\u00a0<\/strong><strong>e \u00e9 utilizado para iniciar um processo quando uma condi\u00e7\u00e3o\u00a0<\/strong><strong>verdadeira for cumprida, \u00e9 denominado<\/strong><\/p>\n<p style=\"text-align: justify;\">(A) sinal de in\u00edcio.<br \/>\n(B) m\u00faltiplo in\u00edcio.<br \/>\n<strong>(C) regra de in\u00edcio.<\/strong><br \/>\n(D) mensagem de in\u00edcio.<br \/>\n(E) temporizador de in\u00edcio.<\/p>\n<p style=\"text-align: justify;\"><strong>Coment\u00e1rios<\/strong>:\u00a0Quest\u00e3o muito dif\u00edicil de BPMN, pois <span style=\"text-decoration: underline;\">evento de in\u00edcio condicional<\/span> \u00e9 o nome mais comum para esse tipo de evento, acionado quando as condi\u00e7\u00f5es de uma regra se tornam verdadeiras. <span style=\"text-decoration: underline;\">Regra de in\u00edcio<\/span> \u00e9 um nome correto, por\u00e9m pouco utilizado.<\/p>\n<p style=\"text-align: justify;\">Pesquisando com um pouco mais de calma, descobri que a banca se baseou no <span style=\"text-decoration: underline; color: #0000ff;\"><strong><a style=\"color: #0000ff; text-decoration: underline;\" href=\"http:\/\/www.modernizacao.mpf.mp.br\/bpm\/publicacoes\/manual-de-gestao-por-processos.pdf\">Manual de Gest\u00e3o por Processos do Minist\u00e9rio P\u00fablico Federal<\/a><\/strong><\/span>. E o interessante \u00e9 que as refer\u00eancias bibliogr\u00e1ficas deste manual n\u00e3o incluem o <span style=\"color: #ff0000;\"><strong><a style=\"color: #ff0000;\" href=\"http:\/\/www.bpmn.org\/\">BPMN.ORG<\/a><\/strong><\/span>, dom\u00ednio da OMG, respons\u00e1vel pela nota\u00e7\u00e3o em si. Por conta disso, enfrentamos v\u00e1rios problemas com sin\u00f4nimos de defini\u00e7\u00f5es ao longo desta prova.<\/p>\n<p style=\"text-align: justify;\">As senten\u00e7as das quest\u00f5es de prova s\u00e3o transcri\u00e7\u00f5es do manual (p\u00e1gina 28 para essa quest\u00e3o).<\/p>\n<p style=\"text-align: justify;\"><strong>17. Considerando os objetos de conex\u00e3o, fa\u00e7a a correla\u00e7\u00e3o\u00a0<\/strong><strong>correta entre as colunas.<\/strong><\/p>\n<p style=\"text-align: justify;\"><a href=\"https:\/\/dhg1h5j42swfq.cloudfront.net\/2015\/11\/17120824\/Sem-t%C3%ADtulo.png\"><img loading=\"lazy\" decoding=\"async\" class=\"alignnone size-medium wp-image-29115\" src=\"https:\/\/dhg1h5j42swfq.cloudfront.net\/2015\/11\/17120824\/Sem-t%C3%ADtulo.png\" alt=\"Sem t\u00edtulo\" width=\"300\" height=\"161\" srcset=\"https:\/\/dhg1h5j42swfq.cloudfront.net\/2015\/11\/17120824\/Sem-t%C3%ADtulo.png 647w, https:\/\/dhg1h5j42swfq.cloudfront.net\/2015\/11\/17120824\/Sem-t%C3%ADtulo.png 300w, https:\/\/dhg1h5j42swfq.cloudfront.net\/2015\/11\/17120824\/Sem-t%C3%ADtulo.png 500w\" sizes=\"auto, (max-width: 300px) 100vw, 300px\" \/><\/a><\/p>\n<p>A correla\u00e7\u00e3o correta \u00e9:<br \/>\n(A) 1A, 2B e 3C.<br \/>\n(B) 1C, 2B e 3A.<br \/>\n(C) 1A, 2C e 3B.<br \/>\n<strong>(D) 1C, 2A e 3B.<\/strong><br \/>\n(E) 1B, 2A e 3C.<\/p>\n<p>&nbsp;<\/p>\n<p style=\"text-align: justify;\"><strong>Coment\u00e1rios<\/strong>: Transcri\u00e7\u00e3o da p\u00e1gina 35 do <span style=\"text-decoration: underline;\"><span style=\"color: #0000ff;\"><strong><a style=\"color: #0000ff; text-decoration: underline;\" href=\"http:\/\/www.modernizacao.mpf.mp.br\/bpm\/publicacoes\/manual-de-gestao-por-processos.pdf\">Manual de Gest\u00e3o por Processos do Minist\u00e9rio P\u00fablico Federal<\/a><\/strong><\/span><\/span>. Mais uma vez, &#8220;Fluxo de Mensagem&#8221; \u00e9 o nome mais comum para &#8220;Fluxo de Montagem&#8221;, o que pode ter trazido alguma dificuldade para a resolu\u00e7\u00e3o da quest\u00e3o. Mas, trabalhar por elimina\u00e7\u00e3o era o melhor caminho para acertar a quest\u00e3o.<\/p>\n<p>&nbsp;<\/p>\n<p style=\"text-align: justify;\"><strong>18. Na modelagem de processos, as decis\u00f5es s\u00e3o usadas\u00a0<\/strong><strong>para definir que rumo o fluxo vai seguir e controlar\u00a0<\/strong><strong>suas ramifica\u00e7\u00f5es. A decis\u00e3o de gateway paralelo\u00a0<\/strong><strong>\u00e9 caracterizada pelo s\u00edmbolo &#8230;I&#8230; e \u00e9 utilizada\u00a0<\/strong><strong>quando &#8230;II&#8230; .<\/strong><\/p>\n<p style=\"text-align: justify;\"><strong>Assinale a alternativa que preenche corretamente as\u00a0<\/strong><strong>lacunas.<\/strong><br \/>\n(A) I \u2013 <a href=\"https:\/\/dhg1h5j42swfq.cloudfront.net\/2015\/11\/17121309\/A.png\"><img loading=\"lazy\" decoding=\"async\" class=\"alignnone size-full wp-image-29116\" src=\"https:\/\/dhg1h5j42swfq.cloudfront.net\/2015\/11\/17121309\/A.png\" alt=\"A\" width=\"54\" height=\"55\" \/><\/a>\u2026 II \u2013 houver v\u00e1rias op\u00e7\u00f5es a serem seguidas,\u00a0v\u00e1rios caminhos. Antes da decis\u00e3o, dever\u00e1\u00a0haver uma atividade que forne\u00e7a os dados para a\u00a0tomada de decis\u00e3o.<\/p>\n<p style=\"text-align: justify;\"><strong>(B) I \u2013 <a href=\"https:\/\/dhg1h5j42swfq.cloudfront.net\/2015\/11\/17121323\/B.png\"><img loading=\"lazy\" decoding=\"async\" class=\"alignnone size-full wp-image-29117\" src=\"https:\/\/dhg1h5j42swfq.cloudfront.net\/2015\/11\/17121323\/B.png\" alt=\"B\" width=\"54\" height=\"50\" \/><\/a>\u2026 II \u2013 n\u00e3o h\u00e1 decis\u00e3o a ser tomada, todos os\u00a0<\/strong><strong>caminhos devem ser seguidos simultaneamente.\u00a0<\/strong><strong>Quando for necess\u00e1rio sincronizar os fluxos, utiliza-se\u00a0<\/strong><strong>o mesmo gateway.<\/strong><\/p>\n<p style=\"text-align: justify;\">(C) I \u2013 <a href=\"https:\/\/dhg1h5j42swfq.cloudfront.net\/2015\/11\/17121333\/C.png\"><img loading=\"lazy\" decoding=\"async\" class=\"alignnone size-full wp-image-29118\" src=\"https:\/\/dhg1h5j42swfq.cloudfront.net\/2015\/11\/17121333\/C.png\" alt=\"C\" width=\"54\" height=\"50\" \/><\/a>\u2026 II \u2013 s\u00f3 h\u00e1 um caminho a ser escolhido.\u00a0Mas, necessariamente, haver\u00e1 eventos intermedi\u00e1rios\u00a0em cada um dos caminhos a ser escolhido para\u00a0estabelecer uma condi\u00e7\u00e3o de decis\u00e3o. Quando um\u00a0for escolhido, as demais op\u00e7\u00f5es s\u00e3o eliminadas.<\/p>\n<p style=\"text-align: justify;\">(D) I \u2013 <a href=\"https:\/\/dhg1h5j42swfq.cloudfront.net\/2015\/11\/17121347\/D.png\"><img loading=\"lazy\" decoding=\"async\" class=\"alignnone size-full wp-image-29119\" src=\"https:\/\/dhg1h5j42swfq.cloudfront.net\/2015\/11\/17121347\/D.png\" alt=\"D\" width=\"54\" height=\"50\" \/><\/a>\u2026 II \u2013 houver v\u00e1rias op\u00e7\u00f5es a serem seguidas,\u00a0v\u00e1rios caminhos. Antes da decis\u00e3o, dever\u00e1\u00a0haver uma atividade que forne\u00e7a os dados para a\u00a0tomada de decis\u00e3o. Para sincronizar os fluxos,\u00a0utiliza-se o mesmo gateway.<\/p>\n<p style=\"text-align: justify;\">(E) I \u2013 <a href=\"https:\/\/dhg1h5j42swfq.cloudfront.net\/2015\/11\/17121401\/E.png\"><img loading=\"lazy\" decoding=\"async\" class=\"alignnone size-full wp-image-29120\" src=\"https:\/\/dhg1h5j42swfq.cloudfront.net\/2015\/11\/17121401\/E.png\" alt=\"E\" width=\"54\" height=\"52\" \/><\/a>\u2026 II \u2013 v\u00e1rias atividades convergem para uma\u00a0atividade\u00a0posterior comum. Nesse caso, esse elemento\u00a0ser\u00e1 utilizado antes da atividade comum para\u00a0demonstrar que todas as anteriores seguir\u00e3o um\u00a0mesmo caminho.<\/p>\n<p style=\"text-align: justify;\"><strong>Coment\u00e1rios<\/strong>: O s\u00edmbolo da cruz representa a decis\u00e3o de gateway paralelo, o que j\u00e1 eliminaria tr\u00eas alternativas da quest\u00e3o. E, como o pr\u00f3prio nome indica, todos os caminhos paralelos devem ser seguidos, ou seja, n\u00e3o h\u00e1 tomada de decis\u00e3o. Tamb\u00e9m est\u00e1 na p\u00e1gina 34 do Manual do MPF.<\/p>\n<p style=\"text-align: justify;\"><strong>19. Atividades representam um termo gen\u00e9rico para o trabalho\u00a0<\/strong><strong>que a organiza\u00e7\u00e3o realiza. Podem conter uma ou\u00a0<\/strong><strong>mais tarefas em n\u00edveis mais detalhados. O tipo de m\u00faltiplas\u00a0<\/strong><strong>inst\u00e2ncias indica<\/strong><\/p>\n<p style=\"text-align: justify;\">(A) que uma atividade dever\u00e1 ser repetida at\u00e9 que uma\u00a0condi\u00e7\u00e3o estabelecida anteriormente seja cumprida.<\/p>\n<p style=\"text-align: justify;\">(B) atividade n\u00e3o autom\u00e1tica, realizada por uma pessoa,\u00a0sem uso do sistema.<\/p>\n<p style=\"text-align: justify;\"><strong>(C) que a atividade possui v\u00e1rios dados a serem verificados,\u00a0<\/strong><strong>e deve ser especificado o n\u00famero de vezes que\u00a0<\/strong><strong>a atividade se repetir\u00e1.<\/strong><\/p>\n<p style=\"text-align: justify;\">(D) que no desempenho de uma atividade existe um\u00a0check-list a ser adotado.<\/p>\n<p style=\"text-align: justify;\">(E) que a atividade \u00e9 normalmente utilizada nos est\u00e1gios\u00a0iniciais do desenvolvimento do processo.<\/p>\n<p style=\"text-align: justify;\"><strong>Coment\u00e1rios<\/strong>: Outra quest\u00e3o bem dif\u00edcil, cobrando um aspecto bem tecnicista, sobre tipos de atividades. Tamb\u00e9m est\u00e1 na p\u00e1gina 32 do Manual do MPF.<\/p>\n<p style=\"text-align: justify;\"><strong>20. Entre os Stakeholders de um projeto, aquele que tem por\u00a0<\/strong><strong>fun\u00e7\u00f5es e responsabilidades criar planos de projeto e planos\u00a0<\/strong><strong>de gerenciamento relacionados ao projeto, mede o\u00a0<\/strong><strong>desempenho do projeto, aplica a\u00e7\u00f5es corretivas, controla\u00a0<\/strong><strong>os resultados do projeto, coordena a equipe e relata sua\u00a0<\/strong><strong>situa\u00e7\u00e3o \u00e9 o<\/strong><\/p>\n<p style=\"text-align: justify;\">(A) patrocinador do projeto.<br \/>\n(B) cliente.<br \/>\n(C) gerente funcional.<br \/>\n(D) fornecedor.<br \/>\n<strong>(E) gerente de projeto.<\/strong><\/p>\n<p style=\"text-align: justify;\"><strong>Coment\u00e1rios<\/strong>:\u00a0O <span style=\"text-decoration: underline;\">gerente de projeto<\/span> \u00e9 quem faz o projeto acontecer: planeja, distribui tarefas, coordena a equipe, monitora e controla os resultados do projeto, dentre (muitas) outras atribui\u00e7\u00f5es.<\/p>\n<p style=\"text-align: justify;\"><strong>21. No n\u00edvel mais baixo em uma estrutura anal\u00edtica de projetos\u00a0<\/strong><strong>\u2013 EAP, s\u00e3o definidas as atribui\u00e7\u00f5es dos recursos e as\u00a0<\/strong><strong>estimativas de tempo e de custo. Independentemente de\u00a0<\/strong><strong>a EAP possuir tr\u00eas ou cinco n\u00edveis, o n\u00edvel mais baixo em<\/strong><br \/>\n<strong>qualquer um dos casos \u00e9 considerado o n\u00edvel de<\/strong><\/p>\n<p style=\"text-align: justify;\"><strong>(A) pacote de trabalho.<\/strong><br \/>\n(B) opini\u00e3o especializada.<br \/>\n(C) estimativa param\u00e9trica.<br \/>\n(D) sistema de filtragem.<br \/>\n(E) c\u00f3digo de identifica\u00e7\u00e3o.<\/p>\n<p style=\"text-align: justify;\"><strong>Coment\u00e1rios<\/strong>: Fundamental o estudo do PMBOK para acertar essa quest\u00e3o. O processo mais importante (e mais cobrado em concursos) \u00e9 a cria\u00e7\u00e3o da EAP, respons\u00e1vel pela decomposi\u00e7\u00e3o do projeto em unidades menores e de mais f\u00e1cil gerenciamento, at\u00e9 a menor unidade, chamada de <span style=\"text-decoration: underline;\">pacote de trabalho<\/span>.<\/p>\n<p style=\"text-align: justify;\"><strong>22. Considerando uma sequ\u00eancia linear do processo regular\u00a0<\/strong><strong>de implanta\u00e7\u00e3o de software, assinale a alternativa que\u00a0<\/strong><strong>apresenta a etapa constitu\u00edda por: <\/strong><\/p>\n<p style=\"text-align: justify;\"><strong>(a) realizar o check-list\u00a0<\/strong><strong>de infraestrutura dos usu\u00e1rios; <\/strong><\/p>\n<p style=\"text-align: justify;\"><strong>(b) verificar a disponibilidade\u00a0<\/strong><strong>dos ambientes de treinamento e produ\u00e7\u00e3o; e <\/strong><\/p>\n<p style=\"text-align: justify;\"><strong>(c)\u00a0<\/strong><strong>realizar cargas iniciais de dados.<\/strong><\/p>\n<p style=\"text-align: justify;\">(A) conclus\u00e3o e aceite.<br \/>\n(B) execu\u00e7\u00e3o do primeiro ciclo.<br \/>\n(C) expans\u00e3o na organiza\u00e7\u00e3o.<br \/>\n<strong>(D) prepara\u00e7\u00e3o do ambiente.<\/strong><br \/>\n(E) levantamento de requisitos.<\/p>\n<p style=\"text-align: justify;\"><strong>Coment\u00e1rios<\/strong>:\u00a0A <span style=\"text-decoration: underline;\">prepara\u00e7\u00e3o do ambiente<\/span> \u00e9 subetapa da implanta\u00e7\u00e3o do sistema no ambiente final de opera\u00e7\u00e3o.<\/p>\n<p style=\"text-align: justify;\"><strong>23. Os processos organizacionais podem ser classificados\u00a0<\/strong><strong>em tr\u00eas categorias: gerenciais, final\u00edsticos e meios. Os\u00a0<\/strong><strong>processos gerenciais s\u00e3o aqueles ligados \u00e0 estrat\u00e9gia da\u00a0<\/strong><strong>organiza\u00e7\u00e3o. Est\u00e3o diretamente relacionados \u00e0 formula\u00e7\u00e3o\u00a0<\/strong><strong>de pol\u00edticas e diretrizes para se estabelecerem e\u00a0<\/strong><strong>concretizarem metas. Tamb\u00e9m referem-se<\/strong><\/p>\n<p style=\"text-align: justify;\">(A) \u00e0 gest\u00e3o dos recursos necess\u00e1rios ao desenvolvimento\u00a0de todos os processos da institui\u00e7\u00e3o.<\/p>\n<p style=\"text-align: justify;\">(B) \u00e0 ess\u00eancia de funcionamento do \u00f3rg\u00e3o e\/ou departamento,\u00a0e garantem o suporte adequado aos processos\u00a0final\u00edsticos.<\/p>\n<p style=\"text-align: justify;\">(C) \u00e0 ess\u00eancia de funcionamento do \u00f3rg\u00e3o e\/ou departamento.\u00a0Caracterizam a atua\u00e7\u00e3o do \u00f3rg\u00e3o e\/ou\u00a0departamento e recebem apoio de outros processos\u00a0internos, gerando um produto ou servi\u00e7o.<\/p>\n<p style=\"text-align: justify;\">(D) aos processos essenciais para a gest\u00e3o efetiva da\u00a0organiza\u00e7\u00e3o, garantindo o suporte adequado aos\u00a0processos final\u00edsticos.<\/p>\n<p style=\"text-align: justify;\"><strong>(E) ao estabelecimento de indicadores de desempenho\u00a0<\/strong><strong>e \u00e0s formas de avalia\u00e7\u00e3o dos resultados alcan\u00e7ados\u00a0<\/strong><strong>interna e externamente \u00e0 organiza\u00e7\u00e3o.<\/strong><\/p>\n<p style=\"text-align: justify;\"><strong>Coment\u00e1rios<\/strong>:\u00a0A p\u00e1gina 23 do Manual do MPF traz a classifica\u00e7\u00e3o abordada no enunciado. A rigor, processos gerenciais, final\u00edsticos e meios correspondem a processos de <span style=\"text-decoration: underline;\">governan\u00e7a<\/span>, <span style=\"text-decoration: underline;\">operacionais<\/span> e <span style=\"text-decoration: underline;\">de suporte<\/span>, respectivamente.<\/p>\n<p style=\"text-align: justify;\"><strong>24. As pessoas, institui\u00e7\u00f5es ou organiza\u00e7\u00f5es que, de alguma\u00a0<\/strong><strong>forma, s\u00e3o influenciadas ou impactadas pelas a\u00e7\u00f5es de\u00a0<\/strong><strong>uma organiza\u00e7\u00e3o s\u00e3o chamadas de<\/strong><\/p>\n<p style=\"text-align: justify;\">(A) gerentes de projeto.<br \/>\n(B) gestores da mudan\u00e7a.<br \/>\n<strong>(C) stakeholders.<\/strong><br \/>\n(D) fornecedores.<br \/>\n(E) clientes.<\/p>\n<p style=\"text-align: justify;\"><strong>Coment\u00e1rios<\/strong>: <span style=\"text-decoration: underline;\">Stakeholder<\/span>\u00a0\u00e9 o nome dado a todo interessado no projeto, sendo influenciado ou impactado pelos seus resultados.<\/p>\n<p style=\"text-align: justify;\"><strong>25. A especifica\u00e7\u00e3o de requisitos representa o conjunto de\u00a0<\/strong><strong>todas as atividades realizadas para identificar, analisar,\u00a0<\/strong><strong>especificar e definir as necessidades de neg\u00f3cio que um\u00a0<\/strong><strong>aplicativo deve prover para a solu\u00e7\u00e3o do problema levantado.\u00a0<\/strong><strong>A metodologia baseada em din\u00e2micas de grupo,\u00a0<\/strong><strong>uso de t\u00e9cnicas visuais, manuten\u00e7\u00e3o do processo organizado\u00a0<\/strong><strong>e racional e utiliza\u00e7\u00e3o de documenta\u00e7\u00e3o padr\u00e3o e\u00a0<\/strong><strong>cuja implementa\u00e7\u00e3o permite aos desenvolvedores ajudar\u00a0<\/strong><strong>os usu\u00e1rios na formula\u00e7\u00e3o de problemas e na explora\u00e7\u00e3o\u00a0<\/strong><strong>de solu\u00e7\u00f5es \u00e9 denominada<\/strong><\/p>\n<p style=\"text-align: justify;\">(A) viewpoint-oriented requirements definition \u2013 VORD.<br \/>\n(B) etnografia.<br \/>\n(C) prototipagem.<br \/>\n<strong>(D) joint application design \u2013 JAD.<\/strong><br \/>\n(E) reuni\u00e3o estruturada.<\/p>\n<p style=\"text-align: justify;\"><strong>Coment\u00e1rios<\/strong>:\u00a0O <span style=\"text-decoration: underline;\">JAD<\/span> (<em>Joint Application Design<\/em>) \u00e9 uma t\u00e9cnica de levantamento interativo, criada por dois profissionais da IBM do Canad\u00e1 na d\u00e9cada de 1970 onde, em uma ou mais sess\u00f5es, s\u00e3o reunidos todos os interessados no assunto para tomar as decis\u00f5es sobre o mesmo. A t\u00e9cnica tem uma abordagem voltada para o trabalho em equipe e visa definir um modelo de solu\u00e7\u00e3o de problemas baseado em <span style=\"text-decoration: underline;\">consenso e din\u00e2micas de grupo.<\/span><\/p>\n<p style=\"text-align: justify;\">Como saldo final, entendo que a prova n\u00e3o foi f\u00e1cil, em especial pela cobran\u00e7a excessiva em cima de um \u00fanico assunto, com base em uma refer\u00eancia bibliogr\u00e1fica at\u00edpica.<\/p>\n<p style=\"text-align: justify;\">Alguns podem cogitar a possibilidade de pedir a anula\u00e7\u00e3o das quest\u00f5es de modelagem de neg\u00f3cio, em virtude das quest\u00f5es n\u00e3o utilizarem a BPMN.ORG como refer\u00eancia. Embora veja poucas possibilidades deste tipo de recurso prosseguir, O embasamento necess\u00e1rio para a formula\u00e7\u00e3o de tal recurso foi\u00a0dado no in\u00edcio do artigo.<\/p>\n<p style=\"text-align: justify;\">Espero que tenham feito uma boa prova. Sucesso!<\/p>\n","protected":false},"excerpt":{"rendered":"<p>Ol\u00e1 amigos! Venho hoje comentar a prova do concurso APPGG, trazendo as quest\u00f5es de Gest\u00e3o de Projetos, Processos e TI. Pra &#8220;variar&#8221;, a VUNESP aprontou algumas surpresas, superdosando a cobran\u00e7a de Modelagem de Processos de Neg\u00f3cio, e ignorando outros assuntos previstos em edital, como Workflow e Gerenciamento Eletr\u00f4nico de Documentos. Vejamos: 16. Na modelagem de [&hellip;]<\/p>\n","protected":false},"author":48,"featured_media":0,"comment_status":"open","ping_status":"open","sticky":false,"template":"","format":"standard","meta":{"post_tipo":"article","footnotes":""},"categories":[],"tags":[1002],"tax_estado":[],"class_list":["post-29114","post","type-post","status-publish","format-standard","hentry","tag-appgg-sp"],"acf":[],"yoast_head":"<!-- This site is optimized with the Yoast SEO Premium plugin v27.2 (Yoast SEO v27.2) - https:\/\/yoast.com\/product\/yoast-seo-premium-wordpress\/ -->\n<title>Concurso APPGG: prova comentada de Gest\u00e3o de Processos, Projetos e TI<\/title>\n<meta name=\"description\" content=\"Coment\u00e1rios a prova do concurso APPGG, trazendo as quest\u00f5es de Gest\u00e3o de Projetos, Processos e TI. Leia mais!\" \/>\n<meta name=\"robots\" content=\"index, follow, max-snippet:-1, max-image-preview:large, max-video-preview:-1\" \/>\n<link rel=\"canonical\" href=\"https:\/\/www.estrategiaconcursos.com.br\/blog\/concurso-appgg-prova-comentada-de-gestao-de-processos-projetos-e-ti\/\" \/>\n<meta property=\"og:locale\" content=\"pt_BR\" \/>\n<meta property=\"og:type\" content=\"article\" \/>\n<meta property=\"og:title\" content=\"Concurso APPGG: prova comentada de Gest\u00e3o de Processos, Projetos e TI\" \/>\n<meta property=\"og:description\" content=\"Coment\u00e1rios a prova do concurso APPGG, trazendo as quest\u00f5es de Gest\u00e3o de Projetos, Processos e TI. Leia mais!\" \/>\n<meta property=\"og:url\" content=\"https:\/\/www.estrategiaconcursos.com.br\/blog\/concurso-appgg-prova-comentada-de-gestao-de-processos-projetos-e-ti\/\" \/>\n<meta property=\"og:site_name\" content=\"Estrat\u00e9gia Concursos\" \/>\n<meta property=\"article:published_time\" content=\"2015-11-17T16:45:31+00:00\" \/>\n<meta property=\"article:modified_time\" content=\"2018-09-28T21:11:55+00:00\" \/>\n<meta property=\"og:image\" content=\"https:\/\/www.estrategiaconcursos.com.br\/blog\/wp-content\/uploads\/2015\/11\/A.png\" \/>\n<meta name=\"author\" content=\"Coordena\u00e7\u00e3o\" \/>\n<meta name=\"twitter:card\" content=\"summary_large_image\" \/>\n<meta name=\"twitter:creator\" content=\"@EstratConcursos\" \/>\n<meta name=\"twitter:site\" content=\"@EstratConcursos\" \/>\n<meta name=\"twitter:label1\" content=\"Escrito por\" \/>\n\t<meta name=\"twitter:data1\" content=\"Coordena\u00e7\u00e3o\" \/>\n\t<meta name=\"twitter:label2\" content=\"Est. tempo de leitura\" \/>\n\t<meta name=\"twitter:data2\" content=\"8 minutos\" \/>\n<script type=\"application\/ld+json\" class=\"yoast-schema-graph\">{\"@context\":\"https:\/\/schema.org\",\"@graph\":[{\"@type\":\"NewsArticle\",\"@id\":\"https:\/\/www.estrategiaconcursos.com.br\/blog\/concurso-appgg-prova-comentada-de-gestao-de-processos-projetos-e-ti\/#article\",\"isPartOf\":{\"@id\":\"https:\/\/www.estrategiaconcursos.com.br\/blog\/concurso-appgg-prova-comentada-de-gestao-de-processos-projetos-e-ti\/\"},\"author\":{\"name\":\"Coordena\u00e7\u00e3o\",\"@id\":\"https:\/\/www.estrategiaconcursos.com.br\/blog\/#\/schema\/person\/cdad40b5818eb228a838461fcd656da7\"},\"headline\":\"Concurso APPGG: prova comentada de Gest\u00e3o de Processos, Projetos e TI\",\"datePublished\":\"2015-11-17T16:45:31+00:00\",\"dateModified\":\"2018-09-28T21:11:55+00:00\",\"mainEntityOfPage\":{\"@id\":\"https:\/\/www.estrategiaconcursos.com.br\/blog\/concurso-appgg-prova-comentada-de-gestao-de-processos-projetos-e-ti\/\"},\"wordCount\":1667,\"commentCount\":2,\"publisher\":{\"@id\":\"https:\/\/www.estrategiaconcursos.com.br\/blog\/#organization\"},\"image\":{\"@id\":\"https:\/\/www.estrategiaconcursos.com.br\/blog\/concurso-appgg-prova-comentada-de-gestao-de-processos-projetos-e-ti\/#primaryimage\"},\"thumbnailUrl\":\"https:\/\/www.estrategiaconcursos.com.br\/blog\/wp-content\/uploads\/2015\/11\/A.png\",\"keywords\":[\"APPGG-SP\"],\"inLanguage\":\"pt-BR\",\"potentialAction\":[{\"@type\":\"CommentAction\",\"name\":\"Comment\",\"target\":[\"https:\/\/www.estrategiaconcursos.com.br\/blog\/concurso-appgg-prova-comentada-de-gestao-de-processos-projetos-e-ti\/#respond\"]}],\"copyrightYear\":\"2015\",\"copyrightHolder\":{\"@id\":\"https:\/\/www.estrategiaconcursos.com.br\/blog\/#organization\"}},{\"@type\":\"WebPage\",\"@id\":\"https:\/\/www.estrategiaconcursos.com.br\/blog\/concurso-appgg-prova-comentada-de-gestao-de-processos-projetos-e-ti\/\",\"url\":\"https:\/\/www.estrategiaconcursos.com.br\/blog\/concurso-appgg-prova-comentada-de-gestao-de-processos-projetos-e-ti\/\",\"name\":\"Concurso APPGG: prova comentada de Gest\u00e3o de Processos, Projetos e TI\",\"isPartOf\":{\"@id\":\"https:\/\/www.estrategiaconcursos.com.br\/blog\/#website\"},\"primaryImageOfPage\":{\"@id\":\"https:\/\/www.estrategiaconcursos.com.br\/blog\/concurso-appgg-prova-comentada-de-gestao-de-processos-projetos-e-ti\/#primaryimage\"},\"image\":{\"@id\":\"https:\/\/www.estrategiaconcursos.com.br\/blog\/concurso-appgg-prova-comentada-de-gestao-de-processos-projetos-e-ti\/#primaryimage\"},\"thumbnailUrl\":\"https:\/\/www.estrategiaconcursos.com.br\/blog\/wp-content\/uploads\/2015\/11\/A.png\",\"datePublished\":\"2015-11-17T16:45:31+00:00\",\"dateModified\":\"2018-09-28T21:11:55+00:00\",\"description\":\"Coment\u00e1rios a prova do concurso APPGG, trazendo as quest\u00f5es de Gest\u00e3o de Projetos, Processos e TI. Leia mais!\",\"breadcrumb\":{\"@id\":\"https:\/\/www.estrategiaconcursos.com.br\/blog\/concurso-appgg-prova-comentada-de-gestao-de-processos-projetos-e-ti\/#breadcrumb\"},\"inLanguage\":\"pt-BR\",\"potentialAction\":[{\"@type\":\"ReadAction\",\"target\":[\"https:\/\/www.estrategiaconcursos.com.br\/blog\/concurso-appgg-prova-comentada-de-gestao-de-processos-projetos-e-ti\/\"]}]},{\"@type\":\"ImageObject\",\"inLanguage\":\"pt-BR\",\"@id\":\"https:\/\/www.estrategiaconcursos.com.br\/blog\/concurso-appgg-prova-comentada-de-gestao-de-processos-projetos-e-ti\/#primaryimage\",\"url\":\"https:\/\/dhg1h5j42swfq.cloudfront.net\/2015\/11\/17121309\/A.png\",\"contentUrl\":\"https:\/\/dhg1h5j42swfq.cloudfront.net\/2015\/11\/17121309\/A.png\",\"width\":54,\"height\":55},{\"@type\":\"BreadcrumbList\",\"@id\":\"https:\/\/www.estrategiaconcursos.com.br\/blog\/concurso-appgg-prova-comentada-de-gestao-de-processos-projetos-e-ti\/#breadcrumb\",\"itemListElement\":[{\"@type\":\"ListItem\",\"position\":1,\"name\":\"In\u00edcio\",\"item\":\"https:\/\/www.estrategiaconcursos.com.br\/blog\/\"},{\"@type\":\"ListItem\",\"position\":2,\"name\":\"Concurso APPGG: prova comentada de Gest\u00e3o de Processos, Projetos e TI\"}]},{\"@type\":\"WebSite\",\"@id\":\"https:\/\/www.estrategiaconcursos.com.br\/blog\/#website\",\"url\":\"https:\/\/www.estrategiaconcursos.com.br\/blog\/\",\"name\":\"Estrat\u00e9gia Concursos\",\"description\":\"O blog da Estrat\u00e9gia Concursos traz not\u00edcias sobre concursos e artigos de professores oferecendo cursos para concursos (pdf + videaulas) no site.\",\"publisher\":{\"@id\":\"https:\/\/www.estrategiaconcursos.com.br\/blog\/#organization\"},\"potentialAction\":[{\"@type\":\"SearchAction\",\"target\":{\"@type\":\"EntryPoint\",\"urlTemplate\":\"https:\/\/www.estrategiaconcursos.com.br\/blog\/?s={search_term_string}\"},\"query-input\":{\"@type\":\"PropertyValueSpecification\",\"valueRequired\":true,\"valueName\":\"search_term_string\"}}],\"inLanguage\":\"pt-BR\"},{\"@type\":\"Organization\",\"@id\":\"https:\/\/www.estrategiaconcursos.com.br\/blog\/#organization\",\"name\":\"Estrat\u00e9gia Concursos\",\"url\":\"https:\/\/www.estrategiaconcursos.com.br\/blog\/\",\"logo\":{\"@type\":\"ImageObject\",\"inLanguage\":\"pt-BR\",\"@id\":\"https:\/\/www.estrategiaconcursos.com.br\/blog\/#\/schema\/logo\/image\/\",\"url\":\"https:\/\/dhg1h5j42swfq.cloudfront.net\/2025\/06\/03203428\/logo_concursos-1.jpg\",\"contentUrl\":\"https:\/\/dhg1h5j42swfq.cloudfront.net\/2025\/06\/03203428\/logo_concursos-1.jpg\",\"width\":230,\"height\":60,\"caption\":\"Estrat\u00e9gia Concursos\"},\"image\":{\"@id\":\"https:\/\/www.estrategiaconcursos.com.br\/blog\/#\/schema\/logo\/image\/\"},\"sameAs\":[\"https:\/\/x.com\/EstratConcursos\"]},{\"@type\":\"Person\",\"@id\":\"https:\/\/www.estrategiaconcursos.com.br\/blog\/#\/schema\/person\/cdad40b5818eb228a838461fcd656da7\",\"name\":\"Coordena\u00e7\u00e3o\",\"image\":{\"@type\":\"ImageObject\",\"inLanguage\":\"pt-BR\",\"@id\":\"https:\/\/secure.gravatar.com\/avatar\/a413b22da0f5009c634f6c4586a2dbe5207074fd5becd88db5183b8069ef25e4?s=96&d=mm&r=g\",\"url\":\"https:\/\/secure.gravatar.com\/avatar\/a413b22da0f5009c634f6c4586a2dbe5207074fd5becd88db5183b8069ef25e4?s=96&d=mm&r=g\",\"contentUrl\":\"https:\/\/secure.gravatar.com\/avatar\/a413b22da0f5009c634f6c4586a2dbe5207074fd5becd88db5183b8069ef25e4?s=96&d=mm&r=g\",\"caption\":\"Coordena\u00e7\u00e3o\"},\"url\":\"https:\/\/www.estrategiaconcursos.com.br\/blog\/author\/contatoestrategiaconcursos-com-br\/\"}]}<\/script>\n<!-- \/ Yoast SEO Premium plugin. -->","yoast_head_json":{"title":"Concurso APPGG: prova comentada de Gest\u00e3o de Processos, Projetos e TI","description":"Coment\u00e1rios a prova do concurso APPGG, trazendo as quest\u00f5es de Gest\u00e3o de Projetos, Processos e TI. Leia mais!","robots":{"index":"index","follow":"follow","max-snippet":"max-snippet:-1","max-image-preview":"max-image-preview:large","max-video-preview":"max-video-preview:-1"},"canonical":"https:\/\/www.estrategiaconcursos.com.br\/blog\/concurso-appgg-prova-comentada-de-gestao-de-processos-projetos-e-ti\/","og_locale":"pt_BR","og_type":"article","og_title":"Concurso APPGG: prova comentada de Gest\u00e3o de Processos, Projetos e TI","og_description":"Coment\u00e1rios a prova do concurso APPGG, trazendo as quest\u00f5es de Gest\u00e3o de Projetos, Processos e TI. Leia mais!","og_url":"https:\/\/www.estrategiaconcursos.com.br\/blog\/concurso-appgg-prova-comentada-de-gestao-de-processos-projetos-e-ti\/","og_site_name":"Estrat\u00e9gia Concursos","article_published_time":"2015-11-17T16:45:31+00:00","article_modified_time":"2018-09-28T21:11:55+00:00","og_image":[{"url":"https:\/\/www.estrategiaconcursos.com.br\/blog\/wp-content\/uploads\/2015\/11\/A.png","type":"","width":"","height":""}],"author":"Coordena\u00e7\u00e3o","twitter_card":"summary_large_image","twitter_creator":"@EstratConcursos","twitter_site":"@EstratConcursos","twitter_misc":{"Escrito por":"Coordena\u00e7\u00e3o","Est. tempo de leitura":"8 minutos"},"schema":{"@context":"https:\/\/schema.org","@graph":[{"@type":"NewsArticle","@id":"https:\/\/www.estrategiaconcursos.com.br\/blog\/concurso-appgg-prova-comentada-de-gestao-de-processos-projetos-e-ti\/#article","isPartOf":{"@id":"https:\/\/www.estrategiaconcursos.com.br\/blog\/concurso-appgg-prova-comentada-de-gestao-de-processos-projetos-e-ti\/"},"author":{"name":"Coordena\u00e7\u00e3o","@id":"https:\/\/www.estrategiaconcursos.com.br\/blog\/#\/schema\/person\/cdad40b5818eb228a838461fcd656da7"},"headline":"Concurso APPGG: prova comentada de Gest\u00e3o de Processos, Projetos e TI","datePublished":"2015-11-17T16:45:31+00:00","dateModified":"2018-09-28T21:11:55+00:00","mainEntityOfPage":{"@id":"https:\/\/www.estrategiaconcursos.com.br\/blog\/concurso-appgg-prova-comentada-de-gestao-de-processos-projetos-e-ti\/"},"wordCount":1667,"commentCount":2,"publisher":{"@id":"https:\/\/www.estrategiaconcursos.com.br\/blog\/#organization"},"image":{"@id":"https:\/\/www.estrategiaconcursos.com.br\/blog\/concurso-appgg-prova-comentada-de-gestao-de-processos-projetos-e-ti\/#primaryimage"},"thumbnailUrl":"https:\/\/www.estrategiaconcursos.com.br\/blog\/wp-content\/uploads\/2015\/11\/A.png","keywords":["APPGG-SP"],"inLanguage":"pt-BR","potentialAction":[{"@type":"CommentAction","name":"Comment","target":["https:\/\/www.estrategiaconcursos.com.br\/blog\/concurso-appgg-prova-comentada-de-gestao-de-processos-projetos-e-ti\/#respond"]}],"copyrightYear":"2015","copyrightHolder":{"@id":"https:\/\/www.estrategiaconcursos.com.br\/blog\/#organization"}},{"@type":"WebPage","@id":"https:\/\/www.estrategiaconcursos.com.br\/blog\/concurso-appgg-prova-comentada-de-gestao-de-processos-projetos-e-ti\/","url":"https:\/\/www.estrategiaconcursos.com.br\/blog\/concurso-appgg-prova-comentada-de-gestao-de-processos-projetos-e-ti\/","name":"Concurso APPGG: prova comentada de Gest\u00e3o de Processos, Projetos e TI","isPartOf":{"@id":"https:\/\/www.estrategiaconcursos.com.br\/blog\/#website"},"primaryImageOfPage":{"@id":"https:\/\/www.estrategiaconcursos.com.br\/blog\/concurso-appgg-prova-comentada-de-gestao-de-processos-projetos-e-ti\/#primaryimage"},"image":{"@id":"https:\/\/www.estrategiaconcursos.com.br\/blog\/concurso-appgg-prova-comentada-de-gestao-de-processos-projetos-e-ti\/#primaryimage"},"thumbnailUrl":"https:\/\/www.estrategiaconcursos.com.br\/blog\/wp-content\/uploads\/2015\/11\/A.png","datePublished":"2015-11-17T16:45:31+00:00","dateModified":"2018-09-28T21:11:55+00:00","description":"Coment\u00e1rios a prova do concurso APPGG, trazendo as quest\u00f5es de Gest\u00e3o de Projetos, Processos e TI. Leia mais!","breadcrumb":{"@id":"https:\/\/www.estrategiaconcursos.com.br\/blog\/concurso-appgg-prova-comentada-de-gestao-de-processos-projetos-e-ti\/#breadcrumb"},"inLanguage":"pt-BR","potentialAction":[{"@type":"ReadAction","target":["https:\/\/www.estrategiaconcursos.com.br\/blog\/concurso-appgg-prova-comentada-de-gestao-de-processos-projetos-e-ti\/"]}]},{"@type":"ImageObject","inLanguage":"pt-BR","@id":"https:\/\/www.estrategiaconcursos.com.br\/blog\/concurso-appgg-prova-comentada-de-gestao-de-processos-projetos-e-ti\/#primaryimage","url":"https:\/\/dhg1h5j42swfq.cloudfront.net\/2015\/11\/17121309\/A.png","contentUrl":"https:\/\/dhg1h5j42swfq.cloudfront.net\/2015\/11\/17121309\/A.png","width":54,"height":55},{"@type":"BreadcrumbList","@id":"https:\/\/www.estrategiaconcursos.com.br\/blog\/concurso-appgg-prova-comentada-de-gestao-de-processos-projetos-e-ti\/#breadcrumb","itemListElement":[{"@type":"ListItem","position":1,"name":"In\u00edcio","item":"https:\/\/www.estrategiaconcursos.com.br\/blog\/"},{"@type":"ListItem","position":2,"name":"Concurso APPGG: prova comentada de Gest\u00e3o de Processos, Projetos e TI"}]},{"@type":"WebSite","@id":"https:\/\/www.estrategiaconcursos.com.br\/blog\/#website","url":"https:\/\/www.estrategiaconcursos.com.br\/blog\/","name":"Estrat\u00e9gia Concursos","description":"O blog da Estrat\u00e9gia Concursos traz not\u00edcias sobre concursos e artigos de professores oferecendo cursos para concursos (pdf + videaulas) no site.","publisher":{"@id":"https:\/\/www.estrategiaconcursos.com.br\/blog\/#organization"},"potentialAction":[{"@type":"SearchAction","target":{"@type":"EntryPoint","urlTemplate":"https:\/\/www.estrategiaconcursos.com.br\/blog\/?s={search_term_string}"},"query-input":{"@type":"PropertyValueSpecification","valueRequired":true,"valueName":"search_term_string"}}],"inLanguage":"pt-BR"},{"@type":"Organization","@id":"https:\/\/www.estrategiaconcursos.com.br\/blog\/#organization","name":"Estrat\u00e9gia Concursos","url":"https:\/\/www.estrategiaconcursos.com.br\/blog\/","logo":{"@type":"ImageObject","inLanguage":"pt-BR","@id":"https:\/\/www.estrategiaconcursos.com.br\/blog\/#\/schema\/logo\/image\/","url":"https:\/\/dhg1h5j42swfq.cloudfront.net\/2025\/06\/03203428\/logo_concursos-1.jpg","contentUrl":"https:\/\/dhg1h5j42swfq.cloudfront.net\/2025\/06\/03203428\/logo_concursos-1.jpg","width":230,"height":60,"caption":"Estrat\u00e9gia Concursos"},"image":{"@id":"https:\/\/www.estrategiaconcursos.com.br\/blog\/#\/schema\/logo\/image\/"},"sameAs":["https:\/\/x.com\/EstratConcursos"]},{"@type":"Person","@id":"https:\/\/www.estrategiaconcursos.com.br\/blog\/#\/schema\/person\/cdad40b5818eb228a838461fcd656da7","name":"Coordena\u00e7\u00e3o","image":{"@type":"ImageObject","inLanguage":"pt-BR","@id":"https:\/\/secure.gravatar.com\/avatar\/a413b22da0f5009c634f6c4586a2dbe5207074fd5becd88db5183b8069ef25e4?s=96&d=mm&r=g","url":"https:\/\/secure.gravatar.com\/avatar\/a413b22da0f5009c634f6c4586a2dbe5207074fd5becd88db5183b8069ef25e4?s=96&d=mm&r=g","contentUrl":"https:\/\/secure.gravatar.com\/avatar\/a413b22da0f5009c634f6c4586a2dbe5207074fd5becd88db5183b8069ef25e4?s=96&d=mm&r=g","caption":"Coordena\u00e7\u00e3o"},"url":"https:\/\/www.estrategiaconcursos.com.br\/blog\/author\/contatoestrategiaconcursos-com-br\/"}]}},"_links":{"self":[{"href":"https:\/\/www.estrategiaconcursos.com.br\/blog\/wp-json\/wp\/v2\/posts\/29114","targetHints":{"allow":["GET"]}}],"collection":[{"href":"https:\/\/www.estrategiaconcursos.com.br\/blog\/wp-json\/wp\/v2\/posts"}],"about":[{"href":"https:\/\/www.estrategiaconcursos.com.br\/blog\/wp-json\/wp\/v2\/types\/post"}],"author":[{"embeddable":true,"href":"https:\/\/www.estrategiaconcursos.com.br\/blog\/wp-json\/wp\/v2\/users\/48"}],"replies":[{"embeddable":true,"href":"https:\/\/www.estrategiaconcursos.com.br\/blog\/wp-json\/wp\/v2\/comments?post=29114"}],"version-history":[{"count":5,"href":"https:\/\/www.estrategiaconcursos.com.br\/blog\/wp-json\/wp\/v2\/posts\/29114\/revisions"}],"predecessor-version":[{"id":144132,"href":"https:\/\/www.estrategiaconcursos.com.br\/blog\/wp-json\/wp\/v2\/posts\/29114\/revisions\/144132"}],"wp:attachment":[{"href":"https:\/\/www.estrategiaconcursos.com.br\/blog\/wp-json\/wp\/v2\/media?parent=29114"}],"wp:term":[{"taxonomy":"category","embeddable":true,"href":"https:\/\/www.estrategiaconcursos.com.br\/blog\/wp-json\/wp\/v2\/categories?post=29114"},{"taxonomy":"post_tag","embeddable":true,"href":"https:\/\/www.estrategiaconcursos.com.br\/blog\/wp-json\/wp\/v2\/tags?post=29114"},{"taxonomy":"tax_estado","embeddable":true,"href":"https:\/\/www.estrategiaconcursos.com.br\/blog\/wp-json\/wp\/v2\/tax_estado?post=29114"}],"curies":[{"name":"wp","href":"https:\/\/api.w.org\/{rel}","templated":true}]}}