{"id":28956,"date":"2015-11-13T09:50:20","date_gmt":"2015-11-13T12:50:20","guid":{"rendered":"http:\/\/www.estrategiaconcursos.com.br\/blog\/?p=28956"},"modified":"2017-02-24T10:55:09","modified_gmt":"2017-02-24T13:55:09","slug":"concurso-ans-edital-divulgado-sao-ofertadas-102-vagas-em-cargos-de-nivel-medio-saiba-mais","status":"publish","type":"post","link":"https:\/\/www.estrategiaconcursos.com.br\/blog\/concurso-ans-edital-divulgado-sao-ofertadas-102-vagas-em-cargos-de-nivel-medio-saiba-mais\/","title":{"rendered":"Concurso ANS: Edital divulgado. S\u00e3o ofertadas 102 vagas em cargos de n\u00edvel m\u00e9dio. Saiba mais!"},"content":{"rendered":"<p style=\"text-align: justify;\">\n\t<span style=\"color: #000000;\"><a href=\"https:\/\/dhg1h5j42swfq.cloudfront.net\/2015\/10\/26103951\/concurso-ANS.jpg\"><img loading=\"lazy\" decoding=\"async\" alt=\"concurso ANS\" class=\"alignleft wp-image-28382 size-medium\" height=\"300\" src=\"https:\/\/dhg1h5j42swfq.cloudfront.net\/2015\/10\/26103951\/concurso-ANS.jpg\" width=\"300\" srcset=\"https:\/\/dhg1h5j42swfq.cloudfront.net\/2015\/10\/26103951\/concurso-ANS.jpg 787w, https:\/\/dhg1h5j42swfq.cloudfront.net\/2015\/10\/26103951\/concurso-ANS.jpg 150w, https:\/\/dhg1h5j42swfq.cloudfront.net\/2015\/10\/26103951\/concurso-ANS.jpg 300w\" sizes=\"auto, (max-width: 300px) 100vw, 300px\" \/><\/a>Foi publicado no Di&aacute;rio Oficial da Uni&atilde;o desta sexta feira, 13, o edital para realiza&ccedil;&atilde;o do concurso p&uacute;blico da Ag&ecirc;ncia Nacional de Sa&uacute;de Suplementar (ANS). S&atilde;o 36 vagas para T&eacute;cnico em Regula&ccedil;&atilde;o de Sa&uacute;de Suplementar e 66 para T&eacute;cnico Administrativo, totalizando 102 cargos, al&eacute;m de forma&ccedil;&atilde;o de cadastro de reserva.&nbsp;As inscri&ccedil;&otilde;es devem ser feitas pelo site da organizadora, a<\/span> <a href=\"http:\/\/ww5.funcab.org\/inicial.asp?id=321\">FUNCAB<\/a>,&nbsp;<span style=\"color: #000000;\">no per&iacute;odo de 17 de novembro a 13 de dezembro. A taxa &eacute; de R$ 74.<\/span>\n<\/p>\n<p style=\"text-align: justify;\">\n\t<span style=\"color: #000000;\">Os candidatos devem ter n&iacute;vel m&eacute;dio completo para participar da sele&ccedil;&atilde;o.&nbsp;Os sal&aacute;rios variam&nbsp;de R$ 5.689,52 a 5.957,52.&nbsp;<\/span>\n<\/p>\n<p style=\"text-align: justify;\">\n\t<span style=\"color: #000000;\">As oportunidades s&atilde;o para Cear&aacute;, Par&aacute;, Paran&aacute;, Rio de Janeiro, S&atilde;o Paulo, Mato Grosso e no Distrito Federal.<\/span>\n<\/p>\n<p style=\"text-align: justify;\">\n\t<span style=\"color: #000000;\">O concurso ser&aacute; realizado em &uacute;nica etapa, dividida em duas fases, que contar&aacute; de prova objetiva de car&aacute;ter classificat&oacute;rio e eliminat&oacute;rio e prova discursiva de car&aacute;ter classificat&oacute;rio e eliminat&oacute;rio.&nbsp;As provas est&atilde;o previstas para o dia 21 de fevereiro de 2016 e ser&atilde;o aplicadas em todas as capitais brasileiras.<\/span>\n<\/p>\n<p style=\"text-align: justify;\">\n\t<span style=\"color: #000000;\">O prazo de validade do concurso ANS ser&aacute; de um ano, a contar da data da publica&ccedil;&atilde;o da homologa&ccedil;&atilde;o de seu resultado final, podendo ser prorrogado, uma vez, por igual per&iacute;odo.<\/span>\n<\/p>\n<p style=\"text-align: justify;\">\n\t<span style=\"color: #000000;\">Confira o edital em:<\/span>\n<\/p>\n<p>\n\t<a href=\"https:\/\/dhg1h5j42swfq.cloudfront.net\/2015\/11\/13094649\/Edital-concurso-ANS.pdf\">Edital concurso ANS<\/a>\n<\/p>\n<p style=\"text-align: justify;\">\n\t<span style=\"color: #000000;\"><strong>O Estrat&eacute;gia Concursos&nbsp;j&aacute; lan&ccedil;ou cursos para este concurso (os cursos postados pr&eacute; edital ser&atilde;o atualizados). Veja&nbsp;em:<\/strong><\/span>\n<\/p>\n<p>\n\t<a href=\"https:\/\/www.estrategiaconcursos.com.br\/cursosPorConcurso\/ans-agencia-nacional-de-saude-suplementar-140\/\">https:\/\/www.estrategiaconcursos.com.br\/cursosPorConcurso\/ans-agencia-nacional-de-saude-suplementar-140\/<\/a>\n<\/p>\n<p>\n\t<span style=\"color: #000000;\">Assessoria de Comunica&ccedil;&atilde;o<\/span>\n<\/p>\n<p>\n\t<span style=\"color: #000000;\">comunicacao@estrategiaconcursos.com.br<\/span><\/p>\n","protected":false},"excerpt":{"rendered":"<p>Foi publicado no Di&aacute;rio Oficial da Uni&atilde;o desta sexta feira, 13, o edital para realiza&ccedil;&atilde;o do concurso p&uacute;blico da Ag&ecirc;ncia Nacional de Sa&uacute;de Suplementar (ANS). S&atilde;o 36 vagas para T&eacute;cnico em Regula&ccedil;&atilde;o de Sa&uacute;de Suplementar e 66 para T&eacute;cnico Administrativo, totalizando 102 cargos, al&eacute;m de forma&ccedil;&atilde;o de cadastro de reserva.&nbsp;As inscri&ccedil;&otilde;es devem ser feitas pelo [&hellip;]<\/p>\n","protected":false},"author":1,"featured_media":0,"comment_status":"open","ping_status":"open","sticky":false,"template":"","format":"standard","meta":{"post_tipo":"news","footnotes":""},"categories":[1],"tags":[778,48],"tax_estado":[],"class_list":["post-28956","post","type-post","status-publish","format-standard","hentry","category-cursos-e-concursos","tag-ans","tag-edital"],"acf":[],"yoast_head":"<!-- This site is optimized with the Yoast SEO Premium plugin v27.2 (Yoast SEO v27.2) - https:\/\/yoast.com\/product\/yoast-seo-premium-wordpress\/ -->\n<title>Concurso ANS: Edital divulgado. S\u00e3o ofertadas 102 vagas em cargos de n\u00edvel m\u00e9dio. Saiba mais!<\/title>\n<meta name=\"description\" content=\"Foi publicado no Di\u00e1rio Oficial da Uni\u00e3o desta sexta feira, 13, o edital para realiza\u00e7\u00e3o do concurso ANS. Saiba mais!\" \/>\n<meta name=\"robots\" content=\"index, follow, max-snippet:-1, max-image-preview:large, max-video-preview:-1\" \/>\n<link rel=\"canonical\" href=\"https:\/\/www.estrategiaconcursos.com.br\/blog\/concurso-ans-edital-divulgado-sao-ofertadas-102-vagas-em-cargos-de-nivel-medio-saiba-mais\/\" \/>\n<meta property=\"og:locale\" content=\"pt_BR\" \/>\n<meta property=\"og:type\" content=\"article\" \/>\n<meta property=\"og:title\" content=\"Concurso ANS: Edital divulgado. S\u00e3o ofertadas 102 vagas em cargos de n\u00edvel m\u00e9dio. Saiba mais!\" \/>\n<meta property=\"og:description\" content=\"Foi publicado no Di\u00e1rio Oficial da Uni\u00e3o desta sexta feira, 13, o edital para realiza\u00e7\u00e3o do concurso ANS. Saiba mais!\" \/>\n<meta property=\"og:url\" content=\"https:\/\/www.estrategiaconcursos.com.br\/blog\/concurso-ans-edital-divulgado-sao-ofertadas-102-vagas-em-cargos-de-nivel-medio-saiba-mais\/\" \/>\n<meta property=\"og:site_name\" content=\"Estrat\u00e9gia Concursos\" \/>\n<meta property=\"article:author\" content=\"https:\/\/www.facebook.com\/EstrategiaConcursos\" \/>\n<meta property=\"article:published_time\" content=\"2015-11-13T12:50:20+00:00\" \/>\n<meta property=\"article:modified_time\" content=\"2017-02-24T13:55:09+00:00\" \/>\n<meta property=\"og:image\" content=\"https:\/\/www.estrategiaconcursos.com.br\/blog\/wp-content\/uploads\/2015\/10\/concurso-ANS-300x300.jpg\" \/>\n<meta name=\"author\" content=\"Coordena\u00e7\u00e3o\" \/>\n<meta name=\"twitter:card\" content=\"summary_large_image\" \/>\n<meta name=\"twitter:creator\" content=\"@EstratConcursos\" \/>\n<meta name=\"twitter:site\" content=\"@EstratConcursos\" \/>\n<meta name=\"twitter:label1\" content=\"Escrito por\" \/>\n\t<meta name=\"twitter:data1\" content=\"Coordena\u00e7\u00e3o\" \/>\n\t<meta name=\"twitter:label2\" content=\"Est. tempo de leitura\" \/>\n\t<meta name=\"twitter:data2\" content=\"2 minutos\" \/>\n<script type=\"application\/ld+json\" class=\"yoast-schema-graph\">{\"@context\":\"https:\/\/schema.org\",\"@graph\":[{\"@type\":\"NewsArticle\",\"@id\":\"https:\/\/www.estrategiaconcursos.com.br\/blog\/concurso-ans-edital-divulgado-sao-ofertadas-102-vagas-em-cargos-de-nivel-medio-saiba-mais\/#article\",\"isPartOf\":{\"@id\":\"https:\/\/www.estrategiaconcursos.com.br\/blog\/concurso-ans-edital-divulgado-sao-ofertadas-102-vagas-em-cargos-de-nivel-medio-saiba-mais\/\"},\"author\":{\"name\":\"Coordena\u00e7\u00e3o\",\"@id\":\"https:\/\/www.estrategiaconcursos.com.br\/blog\/#\/schema\/person\/b4a388c97673c5f483d72185668afa1f\"},\"headline\":\"Concurso ANS: Edital divulgado. S\u00e3o ofertadas 102 vagas em cargos de n\u00edvel m\u00e9dio. Saiba mais!\",\"datePublished\":\"2015-11-13T12:50:20+00:00\",\"dateModified\":\"2017-02-24T13:55:09+00:00\",\"mainEntityOfPage\":{\"@id\":\"https:\/\/www.estrategiaconcursos.com.br\/blog\/concurso-ans-edital-divulgado-sao-ofertadas-102-vagas-em-cargos-de-nivel-medio-saiba-mais\/\"},\"wordCount\":336,\"commentCount\":6,\"publisher\":{\"@id\":\"https:\/\/www.estrategiaconcursos.com.br\/blog\/#organization\"},\"image\":{\"@id\":\"https:\/\/www.estrategiaconcursos.com.br\/blog\/concurso-ans-edital-divulgado-sao-ofertadas-102-vagas-em-cargos-de-nivel-medio-saiba-mais\/#primaryimage\"},\"thumbnailUrl\":\"https:\/\/www.estrategiaconcursos.com.br\/blog\/wp-content\/uploads\/2015\/10\/concurso-ANS-300x300.jpg\",\"keywords\":[\"ANS\",\"edital\"],\"articleSection\":[\"Concursos P\u00fablicos\"],\"inLanguage\":\"pt-BR\",\"potentialAction\":[{\"@type\":\"CommentAction\",\"name\":\"Comment\",\"target\":[\"https:\/\/www.estrategiaconcursos.com.br\/blog\/concurso-ans-edital-divulgado-sao-ofertadas-102-vagas-em-cargos-de-nivel-medio-saiba-mais\/#respond\"]}],\"copyrightYear\":\"2015\",\"copyrightHolder\":{\"@id\":\"https:\/\/www.estrategiaconcursos.com.br\/blog\/#organization\"}},{\"@type\":\"WebPage\",\"@id\":\"https:\/\/www.estrategiaconcursos.com.br\/blog\/concurso-ans-edital-divulgado-sao-ofertadas-102-vagas-em-cargos-de-nivel-medio-saiba-mais\/\",\"url\":\"https:\/\/www.estrategiaconcursos.com.br\/blog\/concurso-ans-edital-divulgado-sao-ofertadas-102-vagas-em-cargos-de-nivel-medio-saiba-mais\/\",\"name\":\"Concurso ANS: Edital divulgado. S\u00e3o ofertadas 102 vagas em cargos de n\u00edvel m\u00e9dio. Saiba mais!\",\"isPartOf\":{\"@id\":\"https:\/\/www.estrategiaconcursos.com.br\/blog\/#website\"},\"primaryImageOfPage\":{\"@id\":\"https:\/\/www.estrategiaconcursos.com.br\/blog\/concurso-ans-edital-divulgado-sao-ofertadas-102-vagas-em-cargos-de-nivel-medio-saiba-mais\/#primaryimage\"},\"image\":{\"@id\":\"https:\/\/www.estrategiaconcursos.com.br\/blog\/concurso-ans-edital-divulgado-sao-ofertadas-102-vagas-em-cargos-de-nivel-medio-saiba-mais\/#primaryimage\"},\"thumbnailUrl\":\"https:\/\/www.estrategiaconcursos.com.br\/blog\/wp-content\/uploads\/2015\/10\/concurso-ANS-300x300.jpg\",\"datePublished\":\"2015-11-13T12:50:20+00:00\",\"dateModified\":\"2017-02-24T13:55:09+00:00\",\"description\":\"Foi publicado no Di\u00e1rio Oficial da Uni\u00e3o desta sexta feira, 13, o edital para realiza\u00e7\u00e3o do concurso ANS. Saiba mais!\",\"breadcrumb\":{\"@id\":\"https:\/\/www.estrategiaconcursos.com.br\/blog\/concurso-ans-edital-divulgado-sao-ofertadas-102-vagas-em-cargos-de-nivel-medio-saiba-mais\/#breadcrumb\"},\"inLanguage\":\"pt-BR\",\"potentialAction\":[{\"@type\":\"ReadAction\",\"target\":[\"https:\/\/www.estrategiaconcursos.com.br\/blog\/concurso-ans-edital-divulgado-sao-ofertadas-102-vagas-em-cargos-de-nivel-medio-saiba-mais\/\"]}]},{\"@type\":\"ImageObject\",\"inLanguage\":\"pt-BR\",\"@id\":\"https:\/\/www.estrategiaconcursos.com.br\/blog\/concurso-ans-edital-divulgado-sao-ofertadas-102-vagas-em-cargos-de-nivel-medio-saiba-mais\/#primaryimage\",\"url\":\"https:\/\/dhg1h5j42swfq.cloudfront.net\/2015\/10\/26103951\/concurso-ANS.jpg\",\"contentUrl\":\"https:\/\/dhg1h5j42swfq.cloudfront.net\/2015\/10\/26103951\/concurso-ANS.jpg\",\"width\":787,\"height\":787},{\"@type\":\"BreadcrumbList\",\"@id\":\"https:\/\/www.estrategiaconcursos.com.br\/blog\/concurso-ans-edital-divulgado-sao-ofertadas-102-vagas-em-cargos-de-nivel-medio-saiba-mais\/#breadcrumb\",\"itemListElement\":[{\"@type\":\"ListItem\",\"position\":1,\"name\":\"In\u00edcio\",\"item\":\"https:\/\/www.estrategiaconcursos.com.br\/blog\/\"},{\"@type\":\"ListItem\",\"position\":2,\"name\":\"Concurso ANS: Edital divulgado. S\u00e3o ofertadas 102 vagas em cargos de n\u00edvel m\u00e9dio. Saiba mais!\"}]},{\"@type\":\"WebSite\",\"@id\":\"https:\/\/www.estrategiaconcursos.com.br\/blog\/#website\",\"url\":\"https:\/\/www.estrategiaconcursos.com.br\/blog\/\",\"name\":\"Estrat\u00e9gia Concursos\",\"description\":\"O blog da Estrat\u00e9gia Concursos traz not\u00edcias sobre concursos e artigos de professores oferecendo cursos para concursos (pdf + videaulas) no site.\",\"publisher\":{\"@id\":\"https:\/\/www.estrategiaconcursos.com.br\/blog\/#organization\"},\"potentialAction\":[{\"@type\":\"SearchAction\",\"target\":{\"@type\":\"EntryPoint\",\"urlTemplate\":\"https:\/\/www.estrategiaconcursos.com.br\/blog\/?s={search_term_string}\"},\"query-input\":{\"@type\":\"PropertyValueSpecification\",\"valueRequired\":true,\"valueName\":\"search_term_string\"}}],\"inLanguage\":\"pt-BR\"},{\"@type\":\"Organization\",\"@id\":\"https:\/\/www.estrategiaconcursos.com.br\/blog\/#organization\",\"name\":\"Estrat\u00e9gia Concursos\",\"url\":\"https:\/\/www.estrategiaconcursos.com.br\/blog\/\",\"logo\":{\"@type\":\"ImageObject\",\"inLanguage\":\"pt-BR\",\"@id\":\"https:\/\/www.estrategiaconcursos.com.br\/blog\/#\/schema\/logo\/image\/\",\"url\":\"https:\/\/dhg1h5j42swfq.cloudfront.net\/2025\/06\/03203428\/logo_concursos-1.jpg\",\"contentUrl\":\"https:\/\/dhg1h5j42swfq.cloudfront.net\/2025\/06\/03203428\/logo_concursos-1.jpg\",\"width\":230,\"height\":60,\"caption\":\"Estrat\u00e9gia Concursos\"},\"image\":{\"@id\":\"https:\/\/www.estrategiaconcursos.com.br\/blog\/#\/schema\/logo\/image\/\"},\"sameAs\":[\"https:\/\/x.com\/EstratConcursos\"]},{\"@type\":\"Person\",\"@id\":\"https:\/\/www.estrategiaconcursos.com.br\/blog\/#\/schema\/person\/b4a388c97673c5f483d72185668afa1f\",\"name\":\"Coordena\u00e7\u00e3o\",\"image\":{\"@type\":\"ImageObject\",\"inLanguage\":\"pt-BR\",\"@id\":\"https:\/\/secure.gravatar.com\/avatar\/b720319e4c9a967eb58678d110f4fe35452fc5d5f97b202bac7b8acceb18c6ad?s=96&d=mm&r=g\",\"url\":\"https:\/\/secure.gravatar.com\/avatar\/b720319e4c9a967eb58678d110f4fe35452fc5d5f97b202bac7b8acceb18c6ad?s=96&d=mm&r=g\",\"contentUrl\":\"https:\/\/secure.gravatar.com\/avatar\/b720319e4c9a967eb58678d110f4fe35452fc5d5f97b202bac7b8acceb18c6ad?s=96&d=mm&r=g\",\"caption\":\"Coordena\u00e7\u00e3o\"},\"sameAs\":[\"https:\/\/www.facebook.com\/EstrategiaConcursos\",\"https:\/\/x.com\/EstratConcursos\"],\"url\":\"https:\/\/www.estrategiaconcursos.com.br\/blog\/author\/estrategia2013\/\"}]}<\/script>\n<!-- \/ Yoast SEO Premium plugin. -->","yoast_head_json":{"title":"Concurso ANS: Edital divulgado. S\u00e3o ofertadas 102 vagas em cargos de n\u00edvel m\u00e9dio. Saiba mais!","description":"Foi publicado no Di\u00e1rio Oficial da Uni\u00e3o desta sexta feira, 13, o edital para realiza\u00e7\u00e3o do concurso ANS. Saiba mais!","robots":{"index":"index","follow":"follow","max-snippet":"max-snippet:-1","max-image-preview":"max-image-preview:large","max-video-preview":"max-video-preview:-1"},"canonical":"https:\/\/www.estrategiaconcursos.com.br\/blog\/concurso-ans-edital-divulgado-sao-ofertadas-102-vagas-em-cargos-de-nivel-medio-saiba-mais\/","og_locale":"pt_BR","og_type":"article","og_title":"Concurso ANS: Edital divulgado. S\u00e3o ofertadas 102 vagas em cargos de n\u00edvel m\u00e9dio. Saiba mais!","og_description":"Foi publicado no Di\u00e1rio Oficial da Uni\u00e3o desta sexta feira, 13, o edital para realiza\u00e7\u00e3o do concurso ANS. Saiba mais!","og_url":"https:\/\/www.estrategiaconcursos.com.br\/blog\/concurso-ans-edital-divulgado-sao-ofertadas-102-vagas-em-cargos-de-nivel-medio-saiba-mais\/","og_site_name":"Estrat\u00e9gia Concursos","article_author":"https:\/\/www.facebook.com\/EstrategiaConcursos","article_published_time":"2015-11-13T12:50:20+00:00","article_modified_time":"2017-02-24T13:55:09+00:00","og_image":[{"url":"https:\/\/www.estrategiaconcursos.com.br\/blog\/wp-content\/uploads\/2015\/10\/concurso-ANS-300x300.jpg","type":"","width":"","height":""}],"author":"Coordena\u00e7\u00e3o","twitter_card":"summary_large_image","twitter_creator":"@EstratConcursos","twitter_site":"@EstratConcursos","twitter_misc":{"Escrito por":"Coordena\u00e7\u00e3o","Est. tempo de leitura":"2 minutos"},"schema":{"@context":"https:\/\/schema.org","@graph":[{"@type":"NewsArticle","@id":"https:\/\/www.estrategiaconcursos.com.br\/blog\/concurso-ans-edital-divulgado-sao-ofertadas-102-vagas-em-cargos-de-nivel-medio-saiba-mais\/#article","isPartOf":{"@id":"https:\/\/www.estrategiaconcursos.com.br\/blog\/concurso-ans-edital-divulgado-sao-ofertadas-102-vagas-em-cargos-de-nivel-medio-saiba-mais\/"},"author":{"name":"Coordena\u00e7\u00e3o","@id":"https:\/\/www.estrategiaconcursos.com.br\/blog\/#\/schema\/person\/b4a388c97673c5f483d72185668afa1f"},"headline":"Concurso ANS: Edital divulgado. S\u00e3o ofertadas 102 vagas em cargos de n\u00edvel m\u00e9dio. Saiba mais!","datePublished":"2015-11-13T12:50:20+00:00","dateModified":"2017-02-24T13:55:09+00:00","mainEntityOfPage":{"@id":"https:\/\/www.estrategiaconcursos.com.br\/blog\/concurso-ans-edital-divulgado-sao-ofertadas-102-vagas-em-cargos-de-nivel-medio-saiba-mais\/"},"wordCount":336,"commentCount":6,"publisher":{"@id":"https:\/\/www.estrategiaconcursos.com.br\/blog\/#organization"},"image":{"@id":"https:\/\/www.estrategiaconcursos.com.br\/blog\/concurso-ans-edital-divulgado-sao-ofertadas-102-vagas-em-cargos-de-nivel-medio-saiba-mais\/#primaryimage"},"thumbnailUrl":"https:\/\/www.estrategiaconcursos.com.br\/blog\/wp-content\/uploads\/2015\/10\/concurso-ANS-300x300.jpg","keywords":["ANS","edital"],"articleSection":["Concursos P\u00fablicos"],"inLanguage":"pt-BR","potentialAction":[{"@type":"CommentAction","name":"Comment","target":["https:\/\/www.estrategiaconcursos.com.br\/blog\/concurso-ans-edital-divulgado-sao-ofertadas-102-vagas-em-cargos-de-nivel-medio-saiba-mais\/#respond"]}],"copyrightYear":"2015","copyrightHolder":{"@id":"https:\/\/www.estrategiaconcursos.com.br\/blog\/#organization"}},{"@type":"WebPage","@id":"https:\/\/www.estrategiaconcursos.com.br\/blog\/concurso-ans-edital-divulgado-sao-ofertadas-102-vagas-em-cargos-de-nivel-medio-saiba-mais\/","url":"https:\/\/www.estrategiaconcursos.com.br\/blog\/concurso-ans-edital-divulgado-sao-ofertadas-102-vagas-em-cargos-de-nivel-medio-saiba-mais\/","name":"Concurso ANS: Edital divulgado. S\u00e3o ofertadas 102 vagas em cargos de n\u00edvel m\u00e9dio. Saiba mais!","isPartOf":{"@id":"https:\/\/www.estrategiaconcursos.com.br\/blog\/#website"},"primaryImageOfPage":{"@id":"https:\/\/www.estrategiaconcursos.com.br\/blog\/concurso-ans-edital-divulgado-sao-ofertadas-102-vagas-em-cargos-de-nivel-medio-saiba-mais\/#primaryimage"},"image":{"@id":"https:\/\/www.estrategiaconcursos.com.br\/blog\/concurso-ans-edital-divulgado-sao-ofertadas-102-vagas-em-cargos-de-nivel-medio-saiba-mais\/#primaryimage"},"thumbnailUrl":"https:\/\/www.estrategiaconcursos.com.br\/blog\/wp-content\/uploads\/2015\/10\/concurso-ANS-300x300.jpg","datePublished":"2015-11-13T12:50:20+00:00","dateModified":"2017-02-24T13:55:09+00:00","description":"Foi publicado no Di\u00e1rio Oficial da Uni\u00e3o desta sexta feira, 13, o edital para realiza\u00e7\u00e3o do concurso ANS. Saiba mais!","breadcrumb":{"@id":"https:\/\/www.estrategiaconcursos.com.br\/blog\/concurso-ans-edital-divulgado-sao-ofertadas-102-vagas-em-cargos-de-nivel-medio-saiba-mais\/#breadcrumb"},"inLanguage":"pt-BR","potentialAction":[{"@type":"ReadAction","target":["https:\/\/www.estrategiaconcursos.com.br\/blog\/concurso-ans-edital-divulgado-sao-ofertadas-102-vagas-em-cargos-de-nivel-medio-saiba-mais\/"]}]},{"@type":"ImageObject","inLanguage":"pt-BR","@id":"https:\/\/www.estrategiaconcursos.com.br\/blog\/concurso-ans-edital-divulgado-sao-ofertadas-102-vagas-em-cargos-de-nivel-medio-saiba-mais\/#primaryimage","url":"https:\/\/dhg1h5j42swfq.cloudfront.net\/2015\/10\/26103951\/concurso-ANS.jpg","contentUrl":"https:\/\/dhg1h5j42swfq.cloudfront.net\/2015\/10\/26103951\/concurso-ANS.jpg","width":787,"height":787},{"@type":"BreadcrumbList","@id":"https:\/\/www.estrategiaconcursos.com.br\/blog\/concurso-ans-edital-divulgado-sao-ofertadas-102-vagas-em-cargos-de-nivel-medio-saiba-mais\/#breadcrumb","itemListElement":[{"@type":"ListItem","position":1,"name":"In\u00edcio","item":"https:\/\/www.estrategiaconcursos.com.br\/blog\/"},{"@type":"ListItem","position":2,"name":"Concurso ANS: Edital divulgado. S\u00e3o ofertadas 102 vagas em cargos de n\u00edvel m\u00e9dio. Saiba mais!"}]},{"@type":"WebSite","@id":"https:\/\/www.estrategiaconcursos.com.br\/blog\/#website","url":"https:\/\/www.estrategiaconcursos.com.br\/blog\/","name":"Estrat\u00e9gia Concursos","description":"O blog da Estrat\u00e9gia Concursos traz not\u00edcias sobre concursos e artigos de professores oferecendo cursos para concursos (pdf + videaulas) no site.","publisher":{"@id":"https:\/\/www.estrategiaconcursos.com.br\/blog\/#organization"},"potentialAction":[{"@type":"SearchAction","target":{"@type":"EntryPoint","urlTemplate":"https:\/\/www.estrategiaconcursos.com.br\/blog\/?s={search_term_string}"},"query-input":{"@type":"PropertyValueSpecification","valueRequired":true,"valueName":"search_term_string"}}],"inLanguage":"pt-BR"},{"@type":"Organization","@id":"https:\/\/www.estrategiaconcursos.com.br\/blog\/#organization","name":"Estrat\u00e9gia Concursos","url":"https:\/\/www.estrategiaconcursos.com.br\/blog\/","logo":{"@type":"ImageObject","inLanguage":"pt-BR","@id":"https:\/\/www.estrategiaconcursos.com.br\/blog\/#\/schema\/logo\/image\/","url":"https:\/\/dhg1h5j42swfq.cloudfront.net\/2025\/06\/03203428\/logo_concursos-1.jpg","contentUrl":"https:\/\/dhg1h5j42swfq.cloudfront.net\/2025\/06\/03203428\/logo_concursos-1.jpg","width":230,"height":60,"caption":"Estrat\u00e9gia Concursos"},"image":{"@id":"https:\/\/www.estrategiaconcursos.com.br\/blog\/#\/schema\/logo\/image\/"},"sameAs":["https:\/\/x.com\/EstratConcursos"]},{"@type":"Person","@id":"https:\/\/www.estrategiaconcursos.com.br\/blog\/#\/schema\/person\/b4a388c97673c5f483d72185668afa1f","name":"Coordena\u00e7\u00e3o","image":{"@type":"ImageObject","inLanguage":"pt-BR","@id":"https:\/\/secure.gravatar.com\/avatar\/b720319e4c9a967eb58678d110f4fe35452fc5d5f97b202bac7b8acceb18c6ad?s=96&d=mm&r=g","url":"https:\/\/secure.gravatar.com\/avatar\/b720319e4c9a967eb58678d110f4fe35452fc5d5f97b202bac7b8acceb18c6ad?s=96&d=mm&r=g","contentUrl":"https:\/\/secure.gravatar.com\/avatar\/b720319e4c9a967eb58678d110f4fe35452fc5d5f97b202bac7b8acceb18c6ad?s=96&d=mm&r=g","caption":"Coordena\u00e7\u00e3o"},"sameAs":["https:\/\/www.facebook.com\/EstrategiaConcursos","https:\/\/x.com\/EstratConcursos"],"url":"https:\/\/www.estrategiaconcursos.com.br\/blog\/author\/estrategia2013\/"}]}},"_links":{"self":[{"href":"https:\/\/www.estrategiaconcursos.com.br\/blog\/wp-json\/wp\/v2\/posts\/28956","targetHints":{"allow":["GET"]}}],"collection":[{"href":"https:\/\/www.estrategiaconcursos.com.br\/blog\/wp-json\/wp\/v2\/posts"}],"about":[{"href":"https:\/\/www.estrategiaconcursos.com.br\/blog\/wp-json\/wp\/v2\/types\/post"}],"author":[{"embeddable":true,"href":"https:\/\/www.estrategiaconcursos.com.br\/blog\/wp-json\/wp\/v2\/users\/1"}],"replies":[{"embeddable":true,"href":"https:\/\/www.estrategiaconcursos.com.br\/blog\/wp-json\/wp\/v2\/comments?post=28956"}],"version-history":[{"count":4,"href":"https:\/\/www.estrategiaconcursos.com.br\/blog\/wp-json\/wp\/v2\/posts\/28956\/revisions"}],"predecessor-version":[{"id":65760,"href":"https:\/\/www.estrategiaconcursos.com.br\/blog\/wp-json\/wp\/v2\/posts\/28956\/revisions\/65760"}],"wp:attachment":[{"href":"https:\/\/www.estrategiaconcursos.com.br\/blog\/wp-json\/wp\/v2\/media?parent=28956"}],"wp:term":[{"taxonomy":"category","embeddable":true,"href":"https:\/\/www.estrategiaconcursos.com.br\/blog\/wp-json\/wp\/v2\/categories?post=28956"},{"taxonomy":"post_tag","embeddable":true,"href":"https:\/\/www.estrategiaconcursos.com.br\/blog\/wp-json\/wp\/v2\/tags?post=28956"},{"taxonomy":"tax_estado","embeddable":true,"href":"https:\/\/www.estrategiaconcursos.com.br\/blog\/wp-json\/wp\/v2\/tax_estado?post=28956"}],"curies":[{"name":"wp","href":"https:\/\/api.w.org\/{rel}","templated":true}]}}