{"id":28897,"date":"2015-11-12T10:06:41","date_gmt":"2015-11-12T13:06:41","guid":{"rendered":"http:\/\/www.estrategiaconcursos.com.br\/blog\/?p=28897"},"modified":"2015-11-13T08:45:04","modified_gmt":"2015-11-13T11:45:04","slug":"concurso-mp-rs-edital-publicado-oportunidades-sao-para-o-cargo-de-agente-administrativo","status":"publish","type":"post","link":"https:\/\/www.estrategiaconcursos.com.br\/blog\/concurso-mp-rs-edital-publicado-oportunidades-sao-para-o-cargo-de-agente-administrativo\/","title":{"rendered":"Concurso MP-RS: Edital publicado! Oportunidades s\u00e3o para o cargo de Agente Administrativo."},"content":{"rendered":"<p style=\"text-align: justify;\"><span style=\"color: #000000;\"><a href=\"https:\/\/dhg1h5j42swfq.cloudfront.net\/2015\/11\/12095741\/concurso-MP-RS.png\"><img loading=\"lazy\" decoding=\"async\" class=\"alignleft wp-image-28900 size-full\" src=\"https:\/\/dhg1h5j42swfq.cloudfront.net\/2015\/11\/12095741\/concurso-MP-RS.png\" alt=\"concurso MP-RS\" width=\"300\" height=\"75\" \/><\/a>Foi publicado,\u00a0no Di\u00e1rio de Justi\u00e7a do Estado, o edital de <a title=\"Cursos para Concurso MP-RS\" href=\"https:\/\/www.estrategiaconcursos.com.br\/cursosPorConcurso\/ministerio-publico-do-rio-grande-do-sul-mp-rs\/\" target=\"_blank\">concurso p\u00fablico do Minist\u00e9rio P\u00fablico do Estado do Rio Grande do Sul<\/a>, realizado para forma\u00e7\u00e3o de cadastro de reserva no cargo de Agente Administrativo. As inscri\u00e7\u00f5es come\u00e7am no dia 1 de dezembro de 2015 e v\u00e3o at\u00e9 o dia 17 de dezembro e devem ser realizadas atrav\u00e9s do\u00a0link<\/span>\u00a0<a href=\"http:\/\/www.mprs.mp.br\/concursos\">http:\/\/www.mprs.mp.br\/concursos<\/a>. <span style=\"color: #000000;\">A taxa \u00e9 de\u00a0R$116,41.<\/span><\/p>\n<p style=\"text-align: justify;\"><span style=\"color: #000000;\">O cargo de agente administrativo, que exige n\u00edvel m\u00e9dio, tem vencimento inicial de R$4.356,85 e\u00a0jornada de trabalho de 40 horas semanais.\u00a0As oportunidades s\u00e3o para as\u00a016 Regi\u00f5es Administrativas do Estado (Miss\u00f5es, M\u00e9dio Uruguai, Planalto, Alto Jacu\u00ed, Serra, Vale do Taquari, Campos de Cima da Serra, Vale do Rio Pardo, Regi\u00e3o Central, Fronteira Oeste, Regi\u00e3o da Campanha, Regi\u00e3o Sul, Regi\u00e3o do Litoral, Regi\u00e3o Metropolitana, Regi\u00e3o de Porto Alegre e Delta do Jacu\u00ed).<\/span><\/p>\n<p style=\"text-align: justify;\"><span style=\"color: #000000;\">Os candidatos ser\u00e3o avaliados\u00a0por meio de Provas de L\u00edngua Portuguesa, No\u00e7\u00f5es de Direito e Legisla\u00e7\u00e3o, No\u00e7\u00f5es de Administra\u00e7\u00e3o, Inform\u00e1tica e Racioc\u00ednio L\u00f3gico-Matem\u00e1tico, que devem ser aplicadas na data prov\u00e1vel de 15 de maio de 2016, na cidade de Porto Alegre &#8211; RS.<\/span><\/p>\n<p style=\"text-align: justify;\"><span style=\"color: #000000;\">O agente administrativo tem como atribui\u00e7\u00f5es envolver execu\u00e7\u00e3o de trabalhos relacionados \u00e0 organiza\u00e7\u00e3o, controle e manuten\u00e7\u00e3o dos servi\u00e7os de recursos humanos, administrativos, patrimonial, de finan\u00e7as e cont\u00e1bil; bem como na realiza\u00e7\u00e3o de tarefas de apoio aos diversos \u00f3rg\u00e3os da estrutura do Minist\u00e9rio P\u00fablico.<\/span><\/p>\n<p style=\"text-align: justify;\"><span style=\"color: #000000;\">O concurso ter\u00e1 validade de dois anos, a contar da data da publica\u00e7\u00e3o da homologa\u00e7\u00e3o do resultado final, podendo ser prorrogado por igual per\u00edodo, uma \u00fanica vez, a crit\u00e9rio da Administra\u00e7\u00e3o do MP. <\/span><\/p>\n<p style=\"text-align: justify;\"><span style=\"color: #000000;\">Confira o edital em:<\/span><\/p>\n<p><a href=\"https:\/\/dhg1h5j42swfq.cloudfront.net\/2015\/11\/12095644\/Edital-concurso-MP-RS.pdf\">Edital concurso MP-RS<\/a><\/p>\n<p style=\"text-align: justify;\"><span style=\"color: #000000;\">O Estrat\u00e9gia Concursos lan\u00e7ar\u00e1, em breve, cursos para este concurso. Acompanhe em:<\/span><\/p>\n<p><a href=\"https:\/\/www.estrategiaconcursos.com.br\/cursosPorConcurso\/ministerio-publico-do-rio-grande-do-sul-mp-rs\/\">https:\/\/www.estrategiaconcursos.com.br\/cursosPorConcurso\/ministerio-publico-do-rio-grande-do-sul-mp-rs\/<\/a><\/p>\n<p style=\"text-align: justify;\"><span style=\"color: #000000;\">Assessoria de Comunica\u00e7\u00e3o<\/span><\/p>\n<p style=\"text-align: justify;\"><span style=\"color: #000000;\">comunicacao@estrategiaconcursos.com.br<\/span><\/p>\n<p>&nbsp;<\/p>\n","protected":false},"excerpt":{"rendered":"<p>Foi publicado,\u00a0no Di\u00e1rio de Justi\u00e7a do Estado, o edital de concurso p\u00fablico do Minist\u00e9rio P\u00fablico do Estado do Rio Grande do Sul, realizado para forma\u00e7\u00e3o de cadastro de reserva no cargo de Agente Administrativo. As inscri\u00e7\u00f5es come\u00e7am no dia 1 de dezembro de 2015 e v\u00e3o at\u00e9 o dia 17 de dezembro e devem ser [&hellip;]<\/p>\n","protected":false},"author":1,"featured_media":0,"comment_status":"open","ping_status":"open","sticky":false,"template":"","format":"standard","meta":{"post_tipo":"news","footnotes":""},"categories":[1],"tags":[1068],"tax_estado":[],"class_list":["post-28897","post","type-post","status-publish","format-standard","hentry","category-cursos-e-concursos","tag-mp-rs"],"acf":[],"yoast_head":"<!-- This site is optimized with the Yoast SEO Premium plugin v27.2 (Yoast SEO v27.2) - https:\/\/yoast.com\/product\/yoast-seo-premium-wordpress\/ -->\n<title>Concurso MP-RS: Edital publicado! Oportunidades s\u00e3o para o cargo de Agente Administrativo.<\/title>\n<meta name=\"description\" content=\"Foi publicado, no Di\u00e1rio de Justi\u00e7a do Estado, o edital do concurso MP-RS, realizado para forma\u00e7\u00e3o de cadastro de reserva no cargo de Agente Administrativo.\" \/>\n<meta name=\"robots\" content=\"index, follow, max-snippet:-1, max-image-preview:large, max-video-preview:-1\" \/>\n<link rel=\"canonical\" href=\"https:\/\/www.estrategiaconcursos.com.br\/blog\/concurso-mp-rs-edital-publicado-oportunidades-sao-para-o-cargo-de-agente-administrativo\/\" \/>\n<meta property=\"og:locale\" content=\"pt_BR\" \/>\n<meta property=\"og:type\" content=\"article\" \/>\n<meta property=\"og:title\" content=\"Concurso MP-RS: Edital publicado! Oportunidades s\u00e3o para o cargo de Agente Administrativo.\" \/>\n<meta property=\"og:description\" content=\"Foi publicado, no Di\u00e1rio de Justi\u00e7a do Estado, o edital do concurso MP-RS, realizado para forma\u00e7\u00e3o de cadastro de reserva no cargo de Agente Administrativo.\" \/>\n<meta property=\"og:url\" content=\"https:\/\/www.estrategiaconcursos.com.br\/blog\/concurso-mp-rs-edital-publicado-oportunidades-sao-para-o-cargo-de-agente-administrativo\/\" \/>\n<meta property=\"og:site_name\" content=\"Estrat\u00e9gia Concursos\" \/>\n<meta property=\"article:author\" content=\"https:\/\/www.facebook.com\/EstrategiaConcursos\" \/>\n<meta property=\"article:published_time\" content=\"2015-11-12T13:06:41+00:00\" \/>\n<meta property=\"article:modified_time\" content=\"2015-11-13T11:45:04+00:00\" \/>\n<meta property=\"og:image\" content=\"https:\/\/dhg1h5j42swfq.cloudfront.net\/2015\/11\/12095741\/concurso-MP-RS.png\" \/>\n<meta name=\"author\" content=\"Coordena\u00e7\u00e3o\" \/>\n<meta name=\"twitter:card\" content=\"summary_large_image\" \/>\n<meta name=\"twitter:creator\" content=\"@EstratConcursos\" \/>\n<meta name=\"twitter:site\" content=\"@EstratConcursos\" \/>\n<meta name=\"twitter:label1\" content=\"Escrito por\" \/>\n\t<meta name=\"twitter:data1\" content=\"Coordena\u00e7\u00e3o\" \/>\n\t<meta name=\"twitter:label2\" content=\"Est. tempo de leitura\" \/>\n\t<meta name=\"twitter:data2\" content=\"2 minutos\" \/>\n<script type=\"application\/ld+json\" class=\"yoast-schema-graph\">{\"@context\":\"https:\/\/schema.org\",\"@graph\":[{\"@type\":\"NewsArticle\",\"@id\":\"https:\/\/www.estrategiaconcursos.com.br\/blog\/concurso-mp-rs-edital-publicado-oportunidades-sao-para-o-cargo-de-agente-administrativo\/#article\",\"isPartOf\":{\"@id\":\"https:\/\/www.estrategiaconcursos.com.br\/blog\/concurso-mp-rs-edital-publicado-oportunidades-sao-para-o-cargo-de-agente-administrativo\/\"},\"author\":{\"name\":\"Coordena\u00e7\u00e3o\",\"@id\":\"https:\/\/www.estrategiaconcursos.com.br\/blog\/#\/schema\/person\/b4a388c97673c5f483d72185668afa1f\"},\"headline\":\"Concurso MP-RS: Edital publicado! Oportunidades s\u00e3o para o cargo de Agente Administrativo.\",\"datePublished\":\"2015-11-12T13:06:41+00:00\",\"dateModified\":\"2015-11-13T11:45:04+00:00\",\"mainEntityOfPage\":{\"@id\":\"https:\/\/www.estrategiaconcursos.com.br\/blog\/concurso-mp-rs-edital-publicado-oportunidades-sao-para-o-cargo-de-agente-administrativo\/\"},\"wordCount\":353,\"commentCount\":0,\"publisher\":{\"@id\":\"https:\/\/www.estrategiaconcursos.com.br\/blog\/#organization\"},\"image\":{\"@id\":\"https:\/\/www.estrategiaconcursos.com.br\/blog\/concurso-mp-rs-edital-publicado-oportunidades-sao-para-o-cargo-de-agente-administrativo\/#primaryimage\"},\"thumbnailUrl\":\"https:\/\/dhg1h5j42swfq.cloudfront.net\/2015\/11\/12095741\/concurso-MP-RS.png\",\"keywords\":[\"MP-RS\"],\"articleSection\":[\"Concursos P\u00fablicos\"],\"inLanguage\":\"pt-BR\",\"potentialAction\":[{\"@type\":\"CommentAction\",\"name\":\"Comment\",\"target\":[\"https:\/\/www.estrategiaconcursos.com.br\/blog\/concurso-mp-rs-edital-publicado-oportunidades-sao-para-o-cargo-de-agente-administrativo\/#respond\"]}],\"copyrightYear\":\"2015\",\"copyrightHolder\":{\"@id\":\"https:\/\/www.estrategiaconcursos.com.br\/blog\/#organization\"}},{\"@type\":\"WebPage\",\"@id\":\"https:\/\/www.estrategiaconcursos.com.br\/blog\/concurso-mp-rs-edital-publicado-oportunidades-sao-para-o-cargo-de-agente-administrativo\/\",\"url\":\"https:\/\/www.estrategiaconcursos.com.br\/blog\/concurso-mp-rs-edital-publicado-oportunidades-sao-para-o-cargo-de-agente-administrativo\/\",\"name\":\"Concurso MP-RS: Edital publicado! Oportunidades s\u00e3o para o cargo de Agente Administrativo.\",\"isPartOf\":{\"@id\":\"https:\/\/www.estrategiaconcursos.com.br\/blog\/#website\"},\"primaryImageOfPage\":{\"@id\":\"https:\/\/www.estrategiaconcursos.com.br\/blog\/concurso-mp-rs-edital-publicado-oportunidades-sao-para-o-cargo-de-agente-administrativo\/#primaryimage\"},\"image\":{\"@id\":\"https:\/\/www.estrategiaconcursos.com.br\/blog\/concurso-mp-rs-edital-publicado-oportunidades-sao-para-o-cargo-de-agente-administrativo\/#primaryimage\"},\"thumbnailUrl\":\"https:\/\/dhg1h5j42swfq.cloudfront.net\/2015\/11\/12095741\/concurso-MP-RS.png\",\"datePublished\":\"2015-11-12T13:06:41+00:00\",\"dateModified\":\"2015-11-13T11:45:04+00:00\",\"description\":\"Foi publicado, no Di\u00e1rio de Justi\u00e7a do Estado, o edital do concurso MP-RS, realizado para forma\u00e7\u00e3o de cadastro de reserva no cargo de Agente Administrativo.\",\"breadcrumb\":{\"@id\":\"https:\/\/www.estrategiaconcursos.com.br\/blog\/concurso-mp-rs-edital-publicado-oportunidades-sao-para-o-cargo-de-agente-administrativo\/#breadcrumb\"},\"inLanguage\":\"pt-BR\",\"potentialAction\":[{\"@type\":\"ReadAction\",\"target\":[\"https:\/\/www.estrategiaconcursos.com.br\/blog\/concurso-mp-rs-edital-publicado-oportunidades-sao-para-o-cargo-de-agente-administrativo\/\"]}]},{\"@type\":\"ImageObject\",\"inLanguage\":\"pt-BR\",\"@id\":\"https:\/\/www.estrategiaconcursos.com.br\/blog\/concurso-mp-rs-edital-publicado-oportunidades-sao-para-o-cargo-de-agente-administrativo\/#primaryimage\",\"url\":\"https:\/\/dhg1h5j42swfq.cloudfront.net\/2015\/11\/12095741\/concurso-MP-RS.png\",\"contentUrl\":\"https:\/\/dhg1h5j42swfq.cloudfront.net\/2015\/11\/12095741\/concurso-MP-RS.png\"},{\"@type\":\"BreadcrumbList\",\"@id\":\"https:\/\/www.estrategiaconcursos.com.br\/blog\/concurso-mp-rs-edital-publicado-oportunidades-sao-para-o-cargo-de-agente-administrativo\/#breadcrumb\",\"itemListElement\":[{\"@type\":\"ListItem\",\"position\":1,\"name\":\"In\u00edcio\",\"item\":\"https:\/\/www.estrategiaconcursos.com.br\/blog\/\"},{\"@type\":\"ListItem\",\"position\":2,\"name\":\"Concurso MP-RS: Edital publicado! Oportunidades s\u00e3o para o cargo de Agente Administrativo.\"}]},{\"@type\":\"WebSite\",\"@id\":\"https:\/\/www.estrategiaconcursos.com.br\/blog\/#website\",\"url\":\"https:\/\/www.estrategiaconcursos.com.br\/blog\/\",\"name\":\"Estrat\u00e9gia Concursos\",\"description\":\"O blog da Estrat\u00e9gia Concursos traz not\u00edcias sobre concursos e artigos de professores oferecendo cursos para concursos (pdf + videaulas) no site.\",\"publisher\":{\"@id\":\"https:\/\/www.estrategiaconcursos.com.br\/blog\/#organization\"},\"potentialAction\":[{\"@type\":\"SearchAction\",\"target\":{\"@type\":\"EntryPoint\",\"urlTemplate\":\"https:\/\/www.estrategiaconcursos.com.br\/blog\/?s={search_term_string}\"},\"query-input\":{\"@type\":\"PropertyValueSpecification\",\"valueRequired\":true,\"valueName\":\"search_term_string\"}}],\"inLanguage\":\"pt-BR\"},{\"@type\":\"Organization\",\"@id\":\"https:\/\/www.estrategiaconcursos.com.br\/blog\/#organization\",\"name\":\"Estrat\u00e9gia Concursos\",\"url\":\"https:\/\/www.estrategiaconcursos.com.br\/blog\/\",\"logo\":{\"@type\":\"ImageObject\",\"inLanguage\":\"pt-BR\",\"@id\":\"https:\/\/www.estrategiaconcursos.com.br\/blog\/#\/schema\/logo\/image\/\",\"url\":\"https:\/\/dhg1h5j42swfq.cloudfront.net\/2025\/06\/03203428\/logo_concursos-1.jpg\",\"contentUrl\":\"https:\/\/dhg1h5j42swfq.cloudfront.net\/2025\/06\/03203428\/logo_concursos-1.jpg\",\"width\":230,\"height\":60,\"caption\":\"Estrat\u00e9gia Concursos\"},\"image\":{\"@id\":\"https:\/\/www.estrategiaconcursos.com.br\/blog\/#\/schema\/logo\/image\/\"},\"sameAs\":[\"https:\/\/x.com\/EstratConcursos\"]},{\"@type\":\"Person\",\"@id\":\"https:\/\/www.estrategiaconcursos.com.br\/blog\/#\/schema\/person\/b4a388c97673c5f483d72185668afa1f\",\"name\":\"Coordena\u00e7\u00e3o\",\"image\":{\"@type\":\"ImageObject\",\"inLanguage\":\"pt-BR\",\"@id\":\"https:\/\/secure.gravatar.com\/avatar\/b720319e4c9a967eb58678d110f4fe35452fc5d5f97b202bac7b8acceb18c6ad?s=96&d=mm&r=g\",\"url\":\"https:\/\/secure.gravatar.com\/avatar\/b720319e4c9a967eb58678d110f4fe35452fc5d5f97b202bac7b8acceb18c6ad?s=96&d=mm&r=g\",\"contentUrl\":\"https:\/\/secure.gravatar.com\/avatar\/b720319e4c9a967eb58678d110f4fe35452fc5d5f97b202bac7b8acceb18c6ad?s=96&d=mm&r=g\",\"caption\":\"Coordena\u00e7\u00e3o\"},\"sameAs\":[\"https:\/\/www.facebook.com\/EstrategiaConcursos\",\"https:\/\/x.com\/EstratConcursos\"],\"url\":\"https:\/\/www.estrategiaconcursos.com.br\/blog\/author\/estrategia2013\/\"}]}<\/script>\n<!-- \/ Yoast SEO Premium plugin. -->","yoast_head_json":{"title":"Concurso MP-RS: Edital publicado! Oportunidades s\u00e3o para o cargo de Agente Administrativo.","description":"Foi publicado, no Di\u00e1rio de Justi\u00e7a do Estado, o edital do concurso MP-RS, realizado para forma\u00e7\u00e3o de cadastro de reserva no cargo de Agente Administrativo.","robots":{"index":"index","follow":"follow","max-snippet":"max-snippet:-1","max-image-preview":"max-image-preview:large","max-video-preview":"max-video-preview:-1"},"canonical":"https:\/\/www.estrategiaconcursos.com.br\/blog\/concurso-mp-rs-edital-publicado-oportunidades-sao-para-o-cargo-de-agente-administrativo\/","og_locale":"pt_BR","og_type":"article","og_title":"Concurso MP-RS: Edital publicado! Oportunidades s\u00e3o para o cargo de Agente Administrativo.","og_description":"Foi publicado, no Di\u00e1rio de Justi\u00e7a do Estado, o edital do concurso MP-RS, realizado para forma\u00e7\u00e3o de cadastro de reserva no cargo de Agente Administrativo.","og_url":"https:\/\/www.estrategiaconcursos.com.br\/blog\/concurso-mp-rs-edital-publicado-oportunidades-sao-para-o-cargo-de-agente-administrativo\/","og_site_name":"Estrat\u00e9gia Concursos","article_author":"https:\/\/www.facebook.com\/EstrategiaConcursos","article_published_time":"2015-11-12T13:06:41+00:00","article_modified_time":"2015-11-13T11:45:04+00:00","og_image":[{"url":"https:\/\/dhg1h5j42swfq.cloudfront.net\/2015\/11\/12095741\/concurso-MP-RS.png","type":"","width":"","height":""}],"author":"Coordena\u00e7\u00e3o","twitter_card":"summary_large_image","twitter_creator":"@EstratConcursos","twitter_site":"@EstratConcursos","twitter_misc":{"Escrito por":"Coordena\u00e7\u00e3o","Est. tempo de leitura":"2 minutos"},"schema":{"@context":"https:\/\/schema.org","@graph":[{"@type":"NewsArticle","@id":"https:\/\/www.estrategiaconcursos.com.br\/blog\/concurso-mp-rs-edital-publicado-oportunidades-sao-para-o-cargo-de-agente-administrativo\/#article","isPartOf":{"@id":"https:\/\/www.estrategiaconcursos.com.br\/blog\/concurso-mp-rs-edital-publicado-oportunidades-sao-para-o-cargo-de-agente-administrativo\/"},"author":{"name":"Coordena\u00e7\u00e3o","@id":"https:\/\/www.estrategiaconcursos.com.br\/blog\/#\/schema\/person\/b4a388c97673c5f483d72185668afa1f"},"headline":"Concurso MP-RS: Edital publicado! Oportunidades s\u00e3o para o cargo de Agente Administrativo.","datePublished":"2015-11-12T13:06:41+00:00","dateModified":"2015-11-13T11:45:04+00:00","mainEntityOfPage":{"@id":"https:\/\/www.estrategiaconcursos.com.br\/blog\/concurso-mp-rs-edital-publicado-oportunidades-sao-para-o-cargo-de-agente-administrativo\/"},"wordCount":353,"commentCount":0,"publisher":{"@id":"https:\/\/www.estrategiaconcursos.com.br\/blog\/#organization"},"image":{"@id":"https:\/\/www.estrategiaconcursos.com.br\/blog\/concurso-mp-rs-edital-publicado-oportunidades-sao-para-o-cargo-de-agente-administrativo\/#primaryimage"},"thumbnailUrl":"https:\/\/dhg1h5j42swfq.cloudfront.net\/2015\/11\/12095741\/concurso-MP-RS.png","keywords":["MP-RS"],"articleSection":["Concursos P\u00fablicos"],"inLanguage":"pt-BR","potentialAction":[{"@type":"CommentAction","name":"Comment","target":["https:\/\/www.estrategiaconcursos.com.br\/blog\/concurso-mp-rs-edital-publicado-oportunidades-sao-para-o-cargo-de-agente-administrativo\/#respond"]}],"copyrightYear":"2015","copyrightHolder":{"@id":"https:\/\/www.estrategiaconcursos.com.br\/blog\/#organization"}},{"@type":"WebPage","@id":"https:\/\/www.estrategiaconcursos.com.br\/blog\/concurso-mp-rs-edital-publicado-oportunidades-sao-para-o-cargo-de-agente-administrativo\/","url":"https:\/\/www.estrategiaconcursos.com.br\/blog\/concurso-mp-rs-edital-publicado-oportunidades-sao-para-o-cargo-de-agente-administrativo\/","name":"Concurso MP-RS: Edital publicado! Oportunidades s\u00e3o para o cargo de Agente Administrativo.","isPartOf":{"@id":"https:\/\/www.estrategiaconcursos.com.br\/blog\/#website"},"primaryImageOfPage":{"@id":"https:\/\/www.estrategiaconcursos.com.br\/blog\/concurso-mp-rs-edital-publicado-oportunidades-sao-para-o-cargo-de-agente-administrativo\/#primaryimage"},"image":{"@id":"https:\/\/www.estrategiaconcursos.com.br\/blog\/concurso-mp-rs-edital-publicado-oportunidades-sao-para-o-cargo-de-agente-administrativo\/#primaryimage"},"thumbnailUrl":"https:\/\/dhg1h5j42swfq.cloudfront.net\/2015\/11\/12095741\/concurso-MP-RS.png","datePublished":"2015-11-12T13:06:41+00:00","dateModified":"2015-11-13T11:45:04+00:00","description":"Foi publicado, no Di\u00e1rio de Justi\u00e7a do Estado, o edital do concurso MP-RS, realizado para forma\u00e7\u00e3o de cadastro de reserva no cargo de Agente Administrativo.","breadcrumb":{"@id":"https:\/\/www.estrategiaconcursos.com.br\/blog\/concurso-mp-rs-edital-publicado-oportunidades-sao-para-o-cargo-de-agente-administrativo\/#breadcrumb"},"inLanguage":"pt-BR","potentialAction":[{"@type":"ReadAction","target":["https:\/\/www.estrategiaconcursos.com.br\/blog\/concurso-mp-rs-edital-publicado-oportunidades-sao-para-o-cargo-de-agente-administrativo\/"]}]},{"@type":"ImageObject","inLanguage":"pt-BR","@id":"https:\/\/www.estrategiaconcursos.com.br\/blog\/concurso-mp-rs-edital-publicado-oportunidades-sao-para-o-cargo-de-agente-administrativo\/#primaryimage","url":"https:\/\/dhg1h5j42swfq.cloudfront.net\/2015\/11\/12095741\/concurso-MP-RS.png","contentUrl":"https:\/\/dhg1h5j42swfq.cloudfront.net\/2015\/11\/12095741\/concurso-MP-RS.png"},{"@type":"BreadcrumbList","@id":"https:\/\/www.estrategiaconcursos.com.br\/blog\/concurso-mp-rs-edital-publicado-oportunidades-sao-para-o-cargo-de-agente-administrativo\/#breadcrumb","itemListElement":[{"@type":"ListItem","position":1,"name":"In\u00edcio","item":"https:\/\/www.estrategiaconcursos.com.br\/blog\/"},{"@type":"ListItem","position":2,"name":"Concurso MP-RS: Edital publicado! Oportunidades s\u00e3o para o cargo de Agente Administrativo."}]},{"@type":"WebSite","@id":"https:\/\/www.estrategiaconcursos.com.br\/blog\/#website","url":"https:\/\/www.estrategiaconcursos.com.br\/blog\/","name":"Estrat\u00e9gia Concursos","description":"O blog da Estrat\u00e9gia Concursos traz not\u00edcias sobre concursos e artigos de professores oferecendo cursos para concursos (pdf + videaulas) no site.","publisher":{"@id":"https:\/\/www.estrategiaconcursos.com.br\/blog\/#organization"},"potentialAction":[{"@type":"SearchAction","target":{"@type":"EntryPoint","urlTemplate":"https:\/\/www.estrategiaconcursos.com.br\/blog\/?s={search_term_string}"},"query-input":{"@type":"PropertyValueSpecification","valueRequired":true,"valueName":"search_term_string"}}],"inLanguage":"pt-BR"},{"@type":"Organization","@id":"https:\/\/www.estrategiaconcursos.com.br\/blog\/#organization","name":"Estrat\u00e9gia Concursos","url":"https:\/\/www.estrategiaconcursos.com.br\/blog\/","logo":{"@type":"ImageObject","inLanguage":"pt-BR","@id":"https:\/\/www.estrategiaconcursos.com.br\/blog\/#\/schema\/logo\/image\/","url":"https:\/\/dhg1h5j42swfq.cloudfront.net\/2025\/06\/03203428\/logo_concursos-1.jpg","contentUrl":"https:\/\/dhg1h5j42swfq.cloudfront.net\/2025\/06\/03203428\/logo_concursos-1.jpg","width":230,"height":60,"caption":"Estrat\u00e9gia Concursos"},"image":{"@id":"https:\/\/www.estrategiaconcursos.com.br\/blog\/#\/schema\/logo\/image\/"},"sameAs":["https:\/\/x.com\/EstratConcursos"]},{"@type":"Person","@id":"https:\/\/www.estrategiaconcursos.com.br\/blog\/#\/schema\/person\/b4a388c97673c5f483d72185668afa1f","name":"Coordena\u00e7\u00e3o","image":{"@type":"ImageObject","inLanguage":"pt-BR","@id":"https:\/\/secure.gravatar.com\/avatar\/b720319e4c9a967eb58678d110f4fe35452fc5d5f97b202bac7b8acceb18c6ad?s=96&d=mm&r=g","url":"https:\/\/secure.gravatar.com\/avatar\/b720319e4c9a967eb58678d110f4fe35452fc5d5f97b202bac7b8acceb18c6ad?s=96&d=mm&r=g","contentUrl":"https:\/\/secure.gravatar.com\/avatar\/b720319e4c9a967eb58678d110f4fe35452fc5d5f97b202bac7b8acceb18c6ad?s=96&d=mm&r=g","caption":"Coordena\u00e7\u00e3o"},"sameAs":["https:\/\/www.facebook.com\/EstrategiaConcursos","https:\/\/x.com\/EstratConcursos"],"url":"https:\/\/www.estrategiaconcursos.com.br\/blog\/author\/estrategia2013\/"}]}},"_links":{"self":[{"href":"https:\/\/www.estrategiaconcursos.com.br\/blog\/wp-json\/wp\/v2\/posts\/28897","targetHints":{"allow":["GET"]}}],"collection":[{"href":"https:\/\/www.estrategiaconcursos.com.br\/blog\/wp-json\/wp\/v2\/posts"}],"about":[{"href":"https:\/\/www.estrategiaconcursos.com.br\/blog\/wp-json\/wp\/v2\/types\/post"}],"author":[{"embeddable":true,"href":"https:\/\/www.estrategiaconcursos.com.br\/blog\/wp-json\/wp\/v2\/users\/1"}],"replies":[{"embeddable":true,"href":"https:\/\/www.estrategiaconcursos.com.br\/blog\/wp-json\/wp\/v2\/comments?post=28897"}],"version-history":[{"count":4,"href":"https:\/\/www.estrategiaconcursos.com.br\/blog\/wp-json\/wp\/v2\/posts\/28897\/revisions"}],"predecessor-version":[{"id":28939,"href":"https:\/\/www.estrategiaconcursos.com.br\/blog\/wp-json\/wp\/v2\/posts\/28897\/revisions\/28939"}],"wp:attachment":[{"href":"https:\/\/www.estrategiaconcursos.com.br\/blog\/wp-json\/wp\/v2\/media?parent=28897"}],"wp:term":[{"taxonomy":"category","embeddable":true,"href":"https:\/\/www.estrategiaconcursos.com.br\/blog\/wp-json\/wp\/v2\/categories?post=28897"},{"taxonomy":"post_tag","embeddable":true,"href":"https:\/\/www.estrategiaconcursos.com.br\/blog\/wp-json\/wp\/v2\/tags?post=28897"},{"taxonomy":"tax_estado","embeddable":true,"href":"https:\/\/www.estrategiaconcursos.com.br\/blog\/wp-json\/wp\/v2\/tax_estado?post=28897"}],"curies":[{"name":"wp","href":"https:\/\/api.w.org\/{rel}","templated":true}]}}