{"id":28873,"date":"2015-11-11T10:52:32","date_gmt":"2015-11-11T13:52:32","guid":{"rendered":"http:\/\/www.estrategiaconcursos.com.br\/blog\/?p=28873"},"modified":"2015-11-12T08:25:53","modified_gmt":"2015-11-12T11:25:53","slug":"escolhida-banca-organizadora-do-concurso-trt-mt-23a-regiao-certame-devera-ocorrer-este-ano-com-previsao-de-vagas-para-tecnicos-e-analistas-judiciarios","status":"publish","type":"post","link":"https:\/\/www.estrategiaconcursos.com.br\/blog\/escolhida-banca-organizadora-do-concurso-trt-mt-23a-regiao-certame-devera-ocorrer-este-ano-com-previsao-de-vagas-para-tecnicos-e-analistas-judiciarios\/","title":{"rendered":"Escolhida banca organizadora do concurso TRT-MT (23\u00aa Regi\u00e3o). Certame dever\u00e1 ocorrer este ano, com previs\u00e3o de vagas para t\u00e9cnicos e analistas judici\u00e1rios"},"content":{"rendered":"<p style=\"text-align: justify;\"><span style=\"color: #000000;\"><a href=\"https:\/\/dhg1h5j42swfq.cloudfront.net\/2015\/11\/11104944\/TRT-MT.jpg\"><img loading=\"lazy\" decoding=\"async\" class=\" size-full wp-image-28874 alignleft\" src=\"https:\/\/dhg1h5j42swfq.cloudfront.net\/2015\/11\/11104944\/TRT-MT.jpg\" alt=\"TRT-MT\" width=\"300\" height=\"225\" \/><\/a>Foi publicado no Di\u00e1rio Oficial da Uni\u00e3o, o documento que define a<strong>\u00a0<\/strong>Funda\u00e7\u00e3o Carlos Chagas (FCC) como organizadora do pr\u00f3ximo concurso do\u00a0Tribunal Regional do Trabalho da 23\u00aa Regi\u00e3o, localizado no Mato Grosso (TRT-MT). A escolha foi realizada por meio de dispensa de licita\u00e7\u00e3o.<\/span><\/p>\n<p style=\"text-align: justify;\"><span style=\"color: #000000;\">N\u00e3o foram divulgados os cargos nem quantas vagas ser\u00e3o ofertadas, mas sabe-se que os mesmos\u00a0ser\u00e3o para cobrir a demanda deixada pelos servidores que se aposentaram ou sa\u00edram do TRT-MT. A\u00a0expectativa \u00e9 de sejam abertas oportunidades imediatas e de cadastro reserva para t\u00e9cnicos e analistas judici\u00e1rios.<\/span><\/p>\n<p style=\"text-align: justify;\"><span style=\"color: #000000;\">Para concorrer ao cargo de t\u00e9cnico, \u00e9 necess\u00e1rio diploma de n\u00edvel m\u00e9dio. J\u00e1 para o cargo de\u00a0analista, \u00e9 necess\u00e1rio\u00a0forma\u00e7\u00e3o superior<strong>\u00a0<\/strong>em \u00e1reas a serem especificadas no edital. As remunera\u00e7\u00f5es iniciais podem variar de\u00a0R$ 5.365,92 a R$ 8.803,97.<\/span><\/p>\n<p style=\"text-align: justify;\"><span style=\"color: #000000;\">Confira o que diz o documento que disp\u00f5e sobre a escolha da banca:<\/span><\/p>\n<p style=\"text-align: center;\"><span style=\"color: #000000;\">TRIBUNAL REGIONAL DO TRABALHO\u00a0DA 23\u00aa REGI\u00c3O<\/span><br \/>\n<span style=\"color: #000000;\">EXTRATO DE CONTRATO<\/span><br \/>\n<span style=\"color: #000000;\">Proc 5.163\/15. Dispensa. Contrato 26\/15. Contrata\u00e7\u00e3o de institui\u00e7\u00e3o especializada para a realiza\u00e7\u00e3o de concurso p\u00fablico para provimento\u00a0de cargos vagos do quadro permanente de servidores deste Tribunal e forma\u00e7\u00e3o de cadastro de reserva. Contratante: TRT 23\u00aa Regi\u00e3o. Contratada: <b>Funda\u00e7\u00e3o Carlos Chagas<\/b>. CNPJ 60.555.513\/0001-90. Valor Total R$ 1.840.000,00. Assinatura 23\/10\/15. Vig\u00eancia: 12 meses a\u00a0contar da assinatura. Dot. Orc. PT 02.122.0571.4256.0051. Signat\u00e1rios: Edson Bueno de Souza \/TRT; Gl\u00f3ria Maria Santos Pereira.<\/span><\/p>\n<p style=\"text-align: justify;\"><span style=\"color: #000000;\"><strong>\u00daltimo concurso TRT-MT<\/strong><\/span><\/p>\n<p style=\"text-align: justify;\"><span style=\"color: #000000;\">O \u00faltimo concurso realizado pelo TRT-MT foi em 2011. Quando de sua realiza\u00e7\u00e3o, o concurso foi integralmente realizado para cadastro de reserva. Na \u00e9poca, tramitavam em Bras\u00edlia tr\u00eas projetos de leis que, juntos, criavam um total de 188 cargos na Justi\u00e7a do Trabalho em Mato Grosso. Com a aprova\u00e7\u00f5es dessas leis, foram nomeados candidatos para a totalidade dos cargos, conforme interesse da administra\u00e7\u00e3o.\u00a0<\/span><\/p>\n<p style=\"text-align: justify;\"><span style=\"color: #000000;\"><strong>O Estrat\u00e9gia Concursos j\u00e1 lan\u00e7ou\u00a0cursos para este concurso. Veja em:<\/strong><\/span><\/p>\n<p><a href=\"https:\/\/www.estrategiaconcursos.com.br\/cursosPorConcurso\/trt-23-regiao-mato-grosso\/\">https:\/\/www.estrategiaconcursos.com.br\/cursosPorConcurso\/trt-23-regiao-mato-grosso\/<\/a><\/p>\n<p style=\"text-align: justify;\"><span style=\"color: #000000;\">Assessoria de Comunica\u00e7\u00e3o<\/span><\/p>\n<p style=\"text-align: justify;\"><span style=\"color: #000000;\">comunicacao@estrategiaconcursos.com.br<\/span><\/p>\n","protected":false},"excerpt":{"rendered":"<p>Foi publicado no Di\u00e1rio Oficial da Uni\u00e3o, o documento que define a\u00a0Funda\u00e7\u00e3o Carlos Chagas (FCC) como organizadora do pr\u00f3ximo concurso do\u00a0Tribunal Regional do Trabalho da 23\u00aa Regi\u00e3o, localizado no Mato Grosso (TRT-MT). A escolha foi realizada por meio de dispensa de licita\u00e7\u00e3o. N\u00e3o foram divulgados os cargos nem quantas vagas ser\u00e3o ofertadas, mas sabe-se que [&hellip;]<\/p>\n","protected":false},"author":1,"featured_media":0,"comment_status":"open","ping_status":"open","sticky":false,"template":"","format":"standard","meta":{"post_tipo":"news","footnotes":""},"categories":[1],"tags":[380,1066,1065],"tax_estado":[],"class_list":["post-28873","post","type-post","status-publish","format-standard","hentry","category-cursos-e-concursos","tag-banca","tag-trt-23","tag-trt-mt"],"acf":[],"yoast_head":"<!-- This site is optimized with the Yoast SEO Premium plugin v27.2 (Yoast SEO v27.2) - https:\/\/yoast.com\/product\/yoast-seo-premium-wordpress\/ -->\n<title>Escolhida banca organizadora do concurso TRT-MT (23\u00aa Regi\u00e3o). Certame dever\u00e1 ocorrer este ano, com previs\u00e3o de vagas para t\u00e9cnicos e analistas judici\u00e1rios<\/title>\n<meta name=\"description\" content=\"Foi publicado no Di\u00e1rio Oficial da Uni\u00e3o, o documento que define a Funda\u00e7\u00e3o Carlos Chagas (FCC) como organizadora do pr\u00f3ximo concurso TRT-MT.\" \/>\n<meta name=\"robots\" content=\"index, follow, max-snippet:-1, max-image-preview:large, max-video-preview:-1\" \/>\n<link rel=\"canonical\" href=\"https:\/\/www.estrategiaconcursos.com.br\/blog\/escolhida-banca-organizadora-do-concurso-trt-mt-23a-regiao-certame-devera-ocorrer-este-ano-com-previsao-de-vagas-para-tecnicos-e-analistas-judiciarios\/\" \/>\n<meta property=\"og:locale\" content=\"pt_BR\" \/>\n<meta property=\"og:type\" content=\"article\" \/>\n<meta property=\"og:title\" content=\"Escolhida banca organizadora do concurso TRT-MT (23\u00aa Regi\u00e3o). Certame dever\u00e1 ocorrer este ano, com previs\u00e3o de vagas para t\u00e9cnicos e analistas judici\u00e1rios\" \/>\n<meta property=\"og:description\" content=\"Foi publicado no Di\u00e1rio Oficial da Uni\u00e3o, o documento que define a Funda\u00e7\u00e3o Carlos Chagas (FCC) como organizadora do pr\u00f3ximo concurso TRT-MT.\" \/>\n<meta property=\"og:url\" content=\"https:\/\/www.estrategiaconcursos.com.br\/blog\/escolhida-banca-organizadora-do-concurso-trt-mt-23a-regiao-certame-devera-ocorrer-este-ano-com-previsao-de-vagas-para-tecnicos-e-analistas-judiciarios\/\" \/>\n<meta property=\"og:site_name\" content=\"Estrat\u00e9gia Concursos\" \/>\n<meta property=\"article:author\" content=\"https:\/\/www.facebook.com\/EstrategiaConcursos\" \/>\n<meta property=\"article:published_time\" content=\"2015-11-11T13:52:32+00:00\" \/>\n<meta property=\"article:modified_time\" content=\"2015-11-12T11:25:53+00:00\" \/>\n<meta property=\"og:image\" content=\"https:\/\/dhg1h5j42swfq.cloudfront.net\/2015\/11\/11104944\/TRT-MT.jpg\" \/>\n<meta name=\"author\" content=\"Coordena\u00e7\u00e3o\" \/>\n<meta name=\"twitter:card\" content=\"summary_large_image\" \/>\n<meta name=\"twitter:creator\" content=\"@EstratConcursos\" \/>\n<meta name=\"twitter:site\" content=\"@EstratConcursos\" \/>\n<meta name=\"twitter:label1\" content=\"Escrito por\" \/>\n\t<meta name=\"twitter:data1\" content=\"Coordena\u00e7\u00e3o\" \/>\n\t<meta name=\"twitter:label2\" content=\"Est. tempo de leitura\" \/>\n\t<meta name=\"twitter:data2\" content=\"2 minutos\" \/>\n<script type=\"application\/ld+json\" class=\"yoast-schema-graph\">{\"@context\":\"https:\/\/schema.org\",\"@graph\":[{\"@type\":\"NewsArticle\",\"@id\":\"https:\/\/www.estrategiaconcursos.com.br\/blog\/escolhida-banca-organizadora-do-concurso-trt-mt-23a-regiao-certame-devera-ocorrer-este-ano-com-previsao-de-vagas-para-tecnicos-e-analistas-judiciarios\/#article\",\"isPartOf\":{\"@id\":\"https:\/\/www.estrategiaconcursos.com.br\/blog\/escolhida-banca-organizadora-do-concurso-trt-mt-23a-regiao-certame-devera-ocorrer-este-ano-com-previsao-de-vagas-para-tecnicos-e-analistas-judiciarios\/\"},\"author\":{\"name\":\"Coordena\u00e7\u00e3o\",\"@id\":\"https:\/\/www.estrategiaconcursos.com.br\/blog\/#\/schema\/person\/b4a388c97673c5f483d72185668afa1f\"},\"headline\":\"Escolhida banca organizadora do concurso TRT-MT (23\u00aa Regi\u00e3o). Certame dever\u00e1 ocorrer este ano, com previs\u00e3o de vagas para t\u00e9cnicos e analistas judici\u00e1rios\",\"datePublished\":\"2015-11-11T13:52:32+00:00\",\"dateModified\":\"2015-11-12T11:25:53+00:00\",\"mainEntityOfPage\":{\"@id\":\"https:\/\/www.estrategiaconcursos.com.br\/blog\/escolhida-banca-organizadora-do-concurso-trt-mt-23a-regiao-certame-devera-ocorrer-este-ano-com-previsao-de-vagas-para-tecnicos-e-analistas-judiciarios\/\"},\"wordCount\":365,\"commentCount\":0,\"publisher\":{\"@id\":\"https:\/\/www.estrategiaconcursos.com.br\/blog\/#organization\"},\"image\":{\"@id\":\"https:\/\/www.estrategiaconcursos.com.br\/blog\/escolhida-banca-organizadora-do-concurso-trt-mt-23a-regiao-certame-devera-ocorrer-este-ano-com-previsao-de-vagas-para-tecnicos-e-analistas-judiciarios\/#primaryimage\"},\"thumbnailUrl\":\"https:\/\/dhg1h5j42swfq.cloudfront.net\/2015\/11\/11104944\/TRT-MT.jpg\",\"keywords\":[\"banca\",\"TRT 23\",\"TRT-MT\"],\"articleSection\":[\"Concursos P\u00fablicos\"],\"inLanguage\":\"pt-BR\",\"potentialAction\":[{\"@type\":\"CommentAction\",\"name\":\"Comment\",\"target\":[\"https:\/\/www.estrategiaconcursos.com.br\/blog\/escolhida-banca-organizadora-do-concurso-trt-mt-23a-regiao-certame-devera-ocorrer-este-ano-com-previsao-de-vagas-para-tecnicos-e-analistas-judiciarios\/#respond\"]}],\"copyrightYear\":\"2015\",\"copyrightHolder\":{\"@id\":\"https:\/\/www.estrategiaconcursos.com.br\/blog\/#organization\"}},{\"@type\":\"WebPage\",\"@id\":\"https:\/\/www.estrategiaconcursos.com.br\/blog\/escolhida-banca-organizadora-do-concurso-trt-mt-23a-regiao-certame-devera-ocorrer-este-ano-com-previsao-de-vagas-para-tecnicos-e-analistas-judiciarios\/\",\"url\":\"https:\/\/www.estrategiaconcursos.com.br\/blog\/escolhida-banca-organizadora-do-concurso-trt-mt-23a-regiao-certame-devera-ocorrer-este-ano-com-previsao-de-vagas-para-tecnicos-e-analistas-judiciarios\/\",\"name\":\"Escolhida banca organizadora do concurso TRT-MT (23\u00aa Regi\u00e3o). Certame dever\u00e1 ocorrer este ano, com previs\u00e3o de vagas para t\u00e9cnicos e analistas judici\u00e1rios\",\"isPartOf\":{\"@id\":\"https:\/\/www.estrategiaconcursos.com.br\/blog\/#website\"},\"primaryImageOfPage\":{\"@id\":\"https:\/\/www.estrategiaconcursos.com.br\/blog\/escolhida-banca-organizadora-do-concurso-trt-mt-23a-regiao-certame-devera-ocorrer-este-ano-com-previsao-de-vagas-para-tecnicos-e-analistas-judiciarios\/#primaryimage\"},\"image\":{\"@id\":\"https:\/\/www.estrategiaconcursos.com.br\/blog\/escolhida-banca-organizadora-do-concurso-trt-mt-23a-regiao-certame-devera-ocorrer-este-ano-com-previsao-de-vagas-para-tecnicos-e-analistas-judiciarios\/#primaryimage\"},\"thumbnailUrl\":\"https:\/\/dhg1h5j42swfq.cloudfront.net\/2015\/11\/11104944\/TRT-MT.jpg\",\"datePublished\":\"2015-11-11T13:52:32+00:00\",\"dateModified\":\"2015-11-12T11:25:53+00:00\",\"description\":\"Foi publicado no Di\u00e1rio Oficial da Uni\u00e3o, o documento que define a Funda\u00e7\u00e3o Carlos Chagas (FCC) como organizadora do pr\u00f3ximo concurso TRT-MT.\",\"breadcrumb\":{\"@id\":\"https:\/\/www.estrategiaconcursos.com.br\/blog\/escolhida-banca-organizadora-do-concurso-trt-mt-23a-regiao-certame-devera-ocorrer-este-ano-com-previsao-de-vagas-para-tecnicos-e-analistas-judiciarios\/#breadcrumb\"},\"inLanguage\":\"pt-BR\",\"potentialAction\":[{\"@type\":\"ReadAction\",\"target\":[\"https:\/\/www.estrategiaconcursos.com.br\/blog\/escolhida-banca-organizadora-do-concurso-trt-mt-23a-regiao-certame-devera-ocorrer-este-ano-com-previsao-de-vagas-para-tecnicos-e-analistas-judiciarios\/\"]}]},{\"@type\":\"ImageObject\",\"inLanguage\":\"pt-BR\",\"@id\":\"https:\/\/www.estrategiaconcursos.com.br\/blog\/escolhida-banca-organizadora-do-concurso-trt-mt-23a-regiao-certame-devera-ocorrer-este-ano-com-previsao-de-vagas-para-tecnicos-e-analistas-judiciarios\/#primaryimage\",\"url\":\"https:\/\/dhg1h5j42swfq.cloudfront.net\/2015\/11\/11104944\/TRT-MT.jpg\",\"contentUrl\":\"https:\/\/dhg1h5j42swfq.cloudfront.net\/2015\/11\/11104944\/TRT-MT.jpg\"},{\"@type\":\"BreadcrumbList\",\"@id\":\"https:\/\/www.estrategiaconcursos.com.br\/blog\/escolhida-banca-organizadora-do-concurso-trt-mt-23a-regiao-certame-devera-ocorrer-este-ano-com-previsao-de-vagas-para-tecnicos-e-analistas-judiciarios\/#breadcrumb\",\"itemListElement\":[{\"@type\":\"ListItem\",\"position\":1,\"name\":\"In\u00edcio\",\"item\":\"https:\/\/www.estrategiaconcursos.com.br\/blog\/\"},{\"@type\":\"ListItem\",\"position\":2,\"name\":\"Escolhida banca organizadora do concurso TRT-MT (23\u00aa Regi\u00e3o). Certame dever\u00e1 ocorrer este ano, com previs\u00e3o de vagas para t\u00e9cnicos e analistas judici\u00e1rios\"}]},{\"@type\":\"WebSite\",\"@id\":\"https:\/\/www.estrategiaconcursos.com.br\/blog\/#website\",\"url\":\"https:\/\/www.estrategiaconcursos.com.br\/blog\/\",\"name\":\"Estrat\u00e9gia Concursos\",\"description\":\"O blog da Estrat\u00e9gia Concursos traz not\u00edcias sobre concursos e artigos de professores oferecendo cursos para concursos (pdf + videaulas) no site.\",\"publisher\":{\"@id\":\"https:\/\/www.estrategiaconcursos.com.br\/blog\/#organization\"},\"potentialAction\":[{\"@type\":\"SearchAction\",\"target\":{\"@type\":\"EntryPoint\",\"urlTemplate\":\"https:\/\/www.estrategiaconcursos.com.br\/blog\/?s={search_term_string}\"},\"query-input\":{\"@type\":\"PropertyValueSpecification\",\"valueRequired\":true,\"valueName\":\"search_term_string\"}}],\"inLanguage\":\"pt-BR\"},{\"@type\":\"Organization\",\"@id\":\"https:\/\/www.estrategiaconcursos.com.br\/blog\/#organization\",\"name\":\"Estrat\u00e9gia Concursos\",\"url\":\"https:\/\/www.estrategiaconcursos.com.br\/blog\/\",\"logo\":{\"@type\":\"ImageObject\",\"inLanguage\":\"pt-BR\",\"@id\":\"https:\/\/www.estrategiaconcursos.com.br\/blog\/#\/schema\/logo\/image\/\",\"url\":\"https:\/\/dhg1h5j42swfq.cloudfront.net\/2025\/06\/03203428\/logo_concursos-1.jpg\",\"contentUrl\":\"https:\/\/dhg1h5j42swfq.cloudfront.net\/2025\/06\/03203428\/logo_concursos-1.jpg\",\"width\":230,\"height\":60,\"caption\":\"Estrat\u00e9gia Concursos\"},\"image\":{\"@id\":\"https:\/\/www.estrategiaconcursos.com.br\/blog\/#\/schema\/logo\/image\/\"},\"sameAs\":[\"https:\/\/x.com\/EstratConcursos\"]},{\"@type\":\"Person\",\"@id\":\"https:\/\/www.estrategiaconcursos.com.br\/blog\/#\/schema\/person\/b4a388c97673c5f483d72185668afa1f\",\"name\":\"Coordena\u00e7\u00e3o\",\"image\":{\"@type\":\"ImageObject\",\"inLanguage\":\"pt-BR\",\"@id\":\"https:\/\/secure.gravatar.com\/avatar\/b720319e4c9a967eb58678d110f4fe35452fc5d5f97b202bac7b8acceb18c6ad?s=96&d=mm&r=g\",\"url\":\"https:\/\/secure.gravatar.com\/avatar\/b720319e4c9a967eb58678d110f4fe35452fc5d5f97b202bac7b8acceb18c6ad?s=96&d=mm&r=g\",\"contentUrl\":\"https:\/\/secure.gravatar.com\/avatar\/b720319e4c9a967eb58678d110f4fe35452fc5d5f97b202bac7b8acceb18c6ad?s=96&d=mm&r=g\",\"caption\":\"Coordena\u00e7\u00e3o\"},\"sameAs\":[\"https:\/\/www.facebook.com\/EstrategiaConcursos\",\"https:\/\/x.com\/EstratConcursos\"],\"url\":\"https:\/\/www.estrategiaconcursos.com.br\/blog\/author\/estrategia2013\/\"}]}<\/script>\n<!-- \/ Yoast SEO Premium plugin. -->","yoast_head_json":{"title":"Escolhida banca organizadora do concurso TRT-MT (23\u00aa Regi\u00e3o). Certame dever\u00e1 ocorrer este ano, com previs\u00e3o de vagas para t\u00e9cnicos e analistas judici\u00e1rios","description":"Foi publicado no Di\u00e1rio Oficial da Uni\u00e3o, o documento que define a Funda\u00e7\u00e3o Carlos Chagas (FCC) como organizadora do pr\u00f3ximo concurso TRT-MT.","robots":{"index":"index","follow":"follow","max-snippet":"max-snippet:-1","max-image-preview":"max-image-preview:large","max-video-preview":"max-video-preview:-1"},"canonical":"https:\/\/www.estrategiaconcursos.com.br\/blog\/escolhida-banca-organizadora-do-concurso-trt-mt-23a-regiao-certame-devera-ocorrer-este-ano-com-previsao-de-vagas-para-tecnicos-e-analistas-judiciarios\/","og_locale":"pt_BR","og_type":"article","og_title":"Escolhida banca organizadora do concurso TRT-MT (23\u00aa Regi\u00e3o). Certame dever\u00e1 ocorrer este ano, com previs\u00e3o de vagas para t\u00e9cnicos e analistas judici\u00e1rios","og_description":"Foi publicado no Di\u00e1rio Oficial da Uni\u00e3o, o documento que define a Funda\u00e7\u00e3o Carlos Chagas (FCC) como organizadora do pr\u00f3ximo concurso TRT-MT.","og_url":"https:\/\/www.estrategiaconcursos.com.br\/blog\/escolhida-banca-organizadora-do-concurso-trt-mt-23a-regiao-certame-devera-ocorrer-este-ano-com-previsao-de-vagas-para-tecnicos-e-analistas-judiciarios\/","og_site_name":"Estrat\u00e9gia Concursos","article_author":"https:\/\/www.facebook.com\/EstrategiaConcursos","article_published_time":"2015-11-11T13:52:32+00:00","article_modified_time":"2015-11-12T11:25:53+00:00","og_image":[{"url":"https:\/\/dhg1h5j42swfq.cloudfront.net\/2015\/11\/11104944\/TRT-MT.jpg","type":"","width":"","height":""}],"author":"Coordena\u00e7\u00e3o","twitter_card":"summary_large_image","twitter_creator":"@EstratConcursos","twitter_site":"@EstratConcursos","twitter_misc":{"Escrito por":"Coordena\u00e7\u00e3o","Est. tempo de leitura":"2 minutos"},"schema":{"@context":"https:\/\/schema.org","@graph":[{"@type":"NewsArticle","@id":"https:\/\/www.estrategiaconcursos.com.br\/blog\/escolhida-banca-organizadora-do-concurso-trt-mt-23a-regiao-certame-devera-ocorrer-este-ano-com-previsao-de-vagas-para-tecnicos-e-analistas-judiciarios\/#article","isPartOf":{"@id":"https:\/\/www.estrategiaconcursos.com.br\/blog\/escolhida-banca-organizadora-do-concurso-trt-mt-23a-regiao-certame-devera-ocorrer-este-ano-com-previsao-de-vagas-para-tecnicos-e-analistas-judiciarios\/"},"author":{"name":"Coordena\u00e7\u00e3o","@id":"https:\/\/www.estrategiaconcursos.com.br\/blog\/#\/schema\/person\/b4a388c97673c5f483d72185668afa1f"},"headline":"Escolhida banca organizadora do concurso TRT-MT (23\u00aa Regi\u00e3o). Certame dever\u00e1 ocorrer este ano, com previs\u00e3o de vagas para t\u00e9cnicos e analistas judici\u00e1rios","datePublished":"2015-11-11T13:52:32+00:00","dateModified":"2015-11-12T11:25:53+00:00","mainEntityOfPage":{"@id":"https:\/\/www.estrategiaconcursos.com.br\/blog\/escolhida-banca-organizadora-do-concurso-trt-mt-23a-regiao-certame-devera-ocorrer-este-ano-com-previsao-de-vagas-para-tecnicos-e-analistas-judiciarios\/"},"wordCount":365,"commentCount":0,"publisher":{"@id":"https:\/\/www.estrategiaconcursos.com.br\/blog\/#organization"},"image":{"@id":"https:\/\/www.estrategiaconcursos.com.br\/blog\/escolhida-banca-organizadora-do-concurso-trt-mt-23a-regiao-certame-devera-ocorrer-este-ano-com-previsao-de-vagas-para-tecnicos-e-analistas-judiciarios\/#primaryimage"},"thumbnailUrl":"https:\/\/dhg1h5j42swfq.cloudfront.net\/2015\/11\/11104944\/TRT-MT.jpg","keywords":["banca","TRT 23","TRT-MT"],"articleSection":["Concursos P\u00fablicos"],"inLanguage":"pt-BR","potentialAction":[{"@type":"CommentAction","name":"Comment","target":["https:\/\/www.estrategiaconcursos.com.br\/blog\/escolhida-banca-organizadora-do-concurso-trt-mt-23a-regiao-certame-devera-ocorrer-este-ano-com-previsao-de-vagas-para-tecnicos-e-analistas-judiciarios\/#respond"]}],"copyrightYear":"2015","copyrightHolder":{"@id":"https:\/\/www.estrategiaconcursos.com.br\/blog\/#organization"}},{"@type":"WebPage","@id":"https:\/\/www.estrategiaconcursos.com.br\/blog\/escolhida-banca-organizadora-do-concurso-trt-mt-23a-regiao-certame-devera-ocorrer-este-ano-com-previsao-de-vagas-para-tecnicos-e-analistas-judiciarios\/","url":"https:\/\/www.estrategiaconcursos.com.br\/blog\/escolhida-banca-organizadora-do-concurso-trt-mt-23a-regiao-certame-devera-ocorrer-este-ano-com-previsao-de-vagas-para-tecnicos-e-analistas-judiciarios\/","name":"Escolhida banca organizadora do concurso TRT-MT (23\u00aa Regi\u00e3o). Certame dever\u00e1 ocorrer este ano, com previs\u00e3o de vagas para t\u00e9cnicos e analistas judici\u00e1rios","isPartOf":{"@id":"https:\/\/www.estrategiaconcursos.com.br\/blog\/#website"},"primaryImageOfPage":{"@id":"https:\/\/www.estrategiaconcursos.com.br\/blog\/escolhida-banca-organizadora-do-concurso-trt-mt-23a-regiao-certame-devera-ocorrer-este-ano-com-previsao-de-vagas-para-tecnicos-e-analistas-judiciarios\/#primaryimage"},"image":{"@id":"https:\/\/www.estrategiaconcursos.com.br\/blog\/escolhida-banca-organizadora-do-concurso-trt-mt-23a-regiao-certame-devera-ocorrer-este-ano-com-previsao-de-vagas-para-tecnicos-e-analistas-judiciarios\/#primaryimage"},"thumbnailUrl":"https:\/\/dhg1h5j42swfq.cloudfront.net\/2015\/11\/11104944\/TRT-MT.jpg","datePublished":"2015-11-11T13:52:32+00:00","dateModified":"2015-11-12T11:25:53+00:00","description":"Foi publicado no Di\u00e1rio Oficial da Uni\u00e3o, o documento que define a Funda\u00e7\u00e3o Carlos Chagas (FCC) como organizadora do pr\u00f3ximo concurso TRT-MT.","breadcrumb":{"@id":"https:\/\/www.estrategiaconcursos.com.br\/blog\/escolhida-banca-organizadora-do-concurso-trt-mt-23a-regiao-certame-devera-ocorrer-este-ano-com-previsao-de-vagas-para-tecnicos-e-analistas-judiciarios\/#breadcrumb"},"inLanguage":"pt-BR","potentialAction":[{"@type":"ReadAction","target":["https:\/\/www.estrategiaconcursos.com.br\/blog\/escolhida-banca-organizadora-do-concurso-trt-mt-23a-regiao-certame-devera-ocorrer-este-ano-com-previsao-de-vagas-para-tecnicos-e-analistas-judiciarios\/"]}]},{"@type":"ImageObject","inLanguage":"pt-BR","@id":"https:\/\/www.estrategiaconcursos.com.br\/blog\/escolhida-banca-organizadora-do-concurso-trt-mt-23a-regiao-certame-devera-ocorrer-este-ano-com-previsao-de-vagas-para-tecnicos-e-analistas-judiciarios\/#primaryimage","url":"https:\/\/dhg1h5j42swfq.cloudfront.net\/2015\/11\/11104944\/TRT-MT.jpg","contentUrl":"https:\/\/dhg1h5j42swfq.cloudfront.net\/2015\/11\/11104944\/TRT-MT.jpg"},{"@type":"BreadcrumbList","@id":"https:\/\/www.estrategiaconcursos.com.br\/blog\/escolhida-banca-organizadora-do-concurso-trt-mt-23a-regiao-certame-devera-ocorrer-este-ano-com-previsao-de-vagas-para-tecnicos-e-analistas-judiciarios\/#breadcrumb","itemListElement":[{"@type":"ListItem","position":1,"name":"In\u00edcio","item":"https:\/\/www.estrategiaconcursos.com.br\/blog\/"},{"@type":"ListItem","position":2,"name":"Escolhida banca organizadora do concurso TRT-MT (23\u00aa Regi\u00e3o). Certame dever\u00e1 ocorrer este ano, com previs\u00e3o de vagas para t\u00e9cnicos e analistas judici\u00e1rios"}]},{"@type":"WebSite","@id":"https:\/\/www.estrategiaconcursos.com.br\/blog\/#website","url":"https:\/\/www.estrategiaconcursos.com.br\/blog\/","name":"Estrat\u00e9gia Concursos","description":"O blog da Estrat\u00e9gia Concursos traz not\u00edcias sobre concursos e artigos de professores oferecendo cursos para concursos (pdf + videaulas) no site.","publisher":{"@id":"https:\/\/www.estrategiaconcursos.com.br\/blog\/#organization"},"potentialAction":[{"@type":"SearchAction","target":{"@type":"EntryPoint","urlTemplate":"https:\/\/www.estrategiaconcursos.com.br\/blog\/?s={search_term_string}"},"query-input":{"@type":"PropertyValueSpecification","valueRequired":true,"valueName":"search_term_string"}}],"inLanguage":"pt-BR"},{"@type":"Organization","@id":"https:\/\/www.estrategiaconcursos.com.br\/blog\/#organization","name":"Estrat\u00e9gia Concursos","url":"https:\/\/www.estrategiaconcursos.com.br\/blog\/","logo":{"@type":"ImageObject","inLanguage":"pt-BR","@id":"https:\/\/www.estrategiaconcursos.com.br\/blog\/#\/schema\/logo\/image\/","url":"https:\/\/dhg1h5j42swfq.cloudfront.net\/2025\/06\/03203428\/logo_concursos-1.jpg","contentUrl":"https:\/\/dhg1h5j42swfq.cloudfront.net\/2025\/06\/03203428\/logo_concursos-1.jpg","width":230,"height":60,"caption":"Estrat\u00e9gia Concursos"},"image":{"@id":"https:\/\/www.estrategiaconcursos.com.br\/blog\/#\/schema\/logo\/image\/"},"sameAs":["https:\/\/x.com\/EstratConcursos"]},{"@type":"Person","@id":"https:\/\/www.estrategiaconcursos.com.br\/blog\/#\/schema\/person\/b4a388c97673c5f483d72185668afa1f","name":"Coordena\u00e7\u00e3o","image":{"@type":"ImageObject","inLanguage":"pt-BR","@id":"https:\/\/secure.gravatar.com\/avatar\/b720319e4c9a967eb58678d110f4fe35452fc5d5f97b202bac7b8acceb18c6ad?s=96&d=mm&r=g","url":"https:\/\/secure.gravatar.com\/avatar\/b720319e4c9a967eb58678d110f4fe35452fc5d5f97b202bac7b8acceb18c6ad?s=96&d=mm&r=g","contentUrl":"https:\/\/secure.gravatar.com\/avatar\/b720319e4c9a967eb58678d110f4fe35452fc5d5f97b202bac7b8acceb18c6ad?s=96&d=mm&r=g","caption":"Coordena\u00e7\u00e3o"},"sameAs":["https:\/\/www.facebook.com\/EstrategiaConcursos","https:\/\/x.com\/EstratConcursos"],"url":"https:\/\/www.estrategiaconcursos.com.br\/blog\/author\/estrategia2013\/"}]}},"_links":{"self":[{"href":"https:\/\/www.estrategiaconcursos.com.br\/blog\/wp-json\/wp\/v2\/posts\/28873","targetHints":{"allow":["GET"]}}],"collection":[{"href":"https:\/\/www.estrategiaconcursos.com.br\/blog\/wp-json\/wp\/v2\/posts"}],"about":[{"href":"https:\/\/www.estrategiaconcursos.com.br\/blog\/wp-json\/wp\/v2\/types\/post"}],"author":[{"embeddable":true,"href":"https:\/\/www.estrategiaconcursos.com.br\/blog\/wp-json\/wp\/v2\/users\/1"}],"replies":[{"embeddable":true,"href":"https:\/\/www.estrategiaconcursos.com.br\/blog\/wp-json\/wp\/v2\/comments?post=28873"}],"version-history":[{"count":2,"href":"https:\/\/www.estrategiaconcursos.com.br\/blog\/wp-json\/wp\/v2\/posts\/28873\/revisions"}],"predecessor-version":[{"id":28896,"href":"https:\/\/www.estrategiaconcursos.com.br\/blog\/wp-json\/wp\/v2\/posts\/28873\/revisions\/28896"}],"wp:attachment":[{"href":"https:\/\/www.estrategiaconcursos.com.br\/blog\/wp-json\/wp\/v2\/media?parent=28873"}],"wp:term":[{"taxonomy":"category","embeddable":true,"href":"https:\/\/www.estrategiaconcursos.com.br\/blog\/wp-json\/wp\/v2\/categories?post=28873"},{"taxonomy":"post_tag","embeddable":true,"href":"https:\/\/www.estrategiaconcursos.com.br\/blog\/wp-json\/wp\/v2\/tags?post=28873"},{"taxonomy":"tax_estado","embeddable":true,"href":"https:\/\/www.estrategiaconcursos.com.br\/blog\/wp-json\/wp\/v2\/tax_estado?post=28873"}],"curies":[{"name":"wp","href":"https:\/\/api.w.org\/{rel}","templated":true}]}}