{"id":28839,"date":"2015-11-10T17:54:10","date_gmt":"2015-11-10T20:54:10","guid":{"rendered":"http:\/\/www.estrategiaconcursos.com.br\/blog\/?p=28839"},"modified":"2015-11-10T17:54:10","modified_gmt":"2015-11-10T20:54:10","slug":"tre-ap-comentarios-as-questoes-de-penal-e-processo-penal-ajaa-tem-recurso","status":"publish","type":"post","link":"https:\/\/www.estrategiaconcursos.com.br\/blog\/tre-ap-comentarios-as-questoes-de-penal-e-processo-penal-ajaa-tem-recurso\/","title":{"rendered":"TRE-AP &#8211; Coment\u00e1rios \u00e0s quest\u00f5es de penal e processo penal (AJAA) &#8211; TEM RECURSO!"},"content":{"rendered":"<p style=\"text-align: justify\">Ol\u00e1, pessoal<\/p>\n<p style=\"text-align: justify\">Boa tarde!<\/p>\n<p style=\"text-align: justify\">Vou comentar neste artigo as quest\u00f5es de Direito Penal e Direito Processual Penal que foram cobradas pela FCC no recente concurso do TRE-AP, para o cargo de ANALISTA JUDICI\u00c1RIO &#8211; \u00c1REA ADMINISTRATIVA, cuja prova foi aplicada neste \u00faltimo domingo.<\/p>\n<p style=\"text-align: justify\">Achei que a prova teve um n\u00edvel razo\u00e1vel, considerando o cargo a que se destinava. Contudo, quem estudou pelo nosso material com certeza se saiu bem. <span style=\"color: #ff0000\"><strong>Vejo possibilidade de recurso em uma das quest\u00f5es!<\/strong><\/span><\/p>\n<p style=\"text-align: justify\">Vamos a elas:<\/p>\n<p style=\"text-align: justify\"><strong>(FCC &#8211; 2015 &#8211; TRE-AP \u2013 ANALISTA JUDICI\u00c1RIO)<\/strong><\/p>\n<p style=\"text-align: justify\"><strong>Renato, com 20 anos de idade \u00e9 abordado por policiais militares ap\u00f3s se envolver em uma briga em boate da cidade de Macap\u00e1. Embriagado e extremamente nervoso Renato passa a ofender os policiais no exerc\u00edcio regular da fun\u00e7\u00e3o. Conduzido ao Distrito Policial Renato acaba posteriormente denunciado pelo Minist\u00e9rio P\u00fablico por cri-me de desacato e, por senten\u00e7a final, condenado ao pagamento de 20 dias-multa, no valor unit\u00e1rio m\u00ednimo como incurso no artigo 331, do C\u00f3digo Penal (crime de desacato). Neste caso, a prescri\u00e7\u00e3o da pena aplicada ocorrer\u00e1 em<\/strong><\/p>\n<p style=\"text-align: justify\"><strong>(A) 05 anos.<\/strong><\/p>\n<p style=\"text-align: justify\"><strong>(B) 02 anos.<\/strong><\/p>\n<p style=\"text-align: justify\"><strong>(C) 01 ano.<\/strong><\/p>\n<p style=\"text-align: justify\"><strong>(D) 04 anos. <\/strong><\/p>\n<p style=\"text-align: justify\"><strong>(E) 03 anos.<\/strong><\/p>\n<p style=\"text-align: justify\"><strong>COMENT\u00c1RIOS: <\/strong>No caso em tela a prescri\u00e7\u00e3o deve ser analisada nos termos do art. 114, I do CP, que estabelece que o prazo seja de dois anos quando a pena de multa for a \u00fanica cominada ou APLICADA (que \u00e9 o caso). Contudo, o agente era menor de 21 anos na data do fato, de forma que este prazo dever\u00e1 ser reduzido pela metade, nos termos do art. 115 do CP. Assim, a prescri\u00e7\u00e3o ocorrer\u00e1 em 01 ano.<\/p>\n<p style=\"text-align: justify\"><span style=\"color: #0000ff\"><strong>Portanto, a ALTERNATIVA CORRETA \u00c9 A LETRA C.<\/strong><\/span><\/p>\n<p style=\"text-align: justify\"><strong>\u00a0<\/strong><\/p>\n<p style=\"text-align: justify\"><strong>(FCC &#8211; 2015 &#8211; TRE-AP \u2013 ANALISTA JUDICI\u00c1RIO)<\/strong><\/p>\n<p style=\"text-align: justify\"><strong>Maria \u00e9 aprovada no vestibular para uma determinada Universidade Federal. No dia da matr\u00edcula, Maria, caloura, \u00e9 recebida pelos alunos veteranos da universidade e submetida a um trote acad\u00eamico violento. Al\u00e9m de outras coisas que foi obrigada a fazer, Maria foi amarrada em uma cadeira de bar e obrigada a ingerir bebida alco\u00f3lica at\u00e9 ficar completamente embriagada e sem qualquer possibilidade de entender o car\u00e1ter il\u00edcito de um fato ou de determinar-se de acordo com este entendimento. Maria \u00e9 liberada do trote e sai do bar, dirigindo-se at\u00e9 o seu ve\u00edculo que estava estacionado em via p\u00fablica, sem conseguir moviment\u00e1-lo. Abordada por policiais, desacatou-os. Neste caso, no que concerne ao crime de desacato,<\/strong><\/p>\n<p style=\"text-align: justify\"><strong>(A) ter\u00e1 a pena reduzida de um a dois ter\u00e7os.<\/strong><\/p>\n<p style=\"text-align: justify\"><strong>(B) estar\u00e1 isenta de pena.<\/strong><\/p>\n<p style=\"text-align: justify\"><strong>(C) ter\u00e1 a pena reduzida de metade.<\/strong><\/p>\n<p style=\"text-align: justify\"><strong>(D) ter\u00e1 a pena reduzida em 1\/6.<\/strong><\/p>\n<p style=\"text-align: justify\"><strong>(E) ter\u00e1 a pena aumentada de 1\/3.<\/strong><\/p>\n<p style=\"text-align: justify\"><strong>COMENT\u00c1RIOS: <\/strong>No caso em tela Maria estar\u00e1 isenta de pena, pois \u00e9 considerada inimput\u00e1vel neste caso. A embriaguez completa, desde que proveniente de caso fortuito ou for\u00e7a maior (como foi o caso), exclui a imputabilidade penal, nos termos do art. 28, \u00a71\u00ba do CP, desde que o agente seja, ao tempo da a\u00e7\u00e3o ou da omiss\u00e3o, inteiramente incapaz de entender o car\u00e1ter il\u00edcito do fato ou de determinar-se de acordo com esse entendimento.<\/p>\n<p style=\"text-align: justify\"><span style=\"color: #0000ff\"><strong>Portanto, a ALTERNATIVA CORRETA \u00c9 A LETRA B.<\/strong><\/span><\/p>\n<p style=\"text-align: justify\"><strong>\u00a0<\/strong><\/p>\n<p style=\"text-align: justify\"><strong>(FCC &#8211; 2015 &#8211; TRE-AP \u2013 ANALISTA JUDICI\u00c1RIO)<\/strong><\/p>\n<p style=\"text-align: justify\"><strong>Sobre as penas restritivas de direito \u00e9 certo que<\/strong><\/p>\n<p style=\"text-align: justify\"><strong>(A) se o condenado for reincidente o juiz n\u00e3o poder\u00e1 substituir a pena privativa de liberdade por pena restritiva de direitos em caso de nova condena\u00e7\u00e3o.<\/strong><\/p>\n<p style=\"text-align: justify\"><strong>(B) no caso de presta\u00e7\u00e3o de servi\u00e7os \u00e0 comunidade ou entidades p\u00fablicas se a pena substitu\u00edda for superior a um ano, \u00e9 facultado ao condenado cumprir a pena substitutiva em menor tempo, nunca inferior a 2\/3 da pena privativa de liberdade fixada.<\/strong><\/p>\n<p style=\"text-align: justify\"><strong>(C) no caso de descumprimento injustificado da pena restritiva de direitos ela converte-se em privativa de liberdade e, no c\u00e1lculo da pena privativa de liberdade a executar ser\u00e1 deduzido o tempo cumprido da pena restritiva de direitos, respeitado o saldo m\u00ednimo de trinta dias de deten\u00e7\u00e3o ou reclus\u00e3o.<\/strong><\/p>\n<p style=\"text-align: justify\"><strong>(D) se tratando de presta\u00e7\u00e3o pecuni\u00e1ria o valor pago pelo r\u00e9u n\u00e3o ser\u00e1 deduzido do montante de eventual condena\u00e7\u00e3o em a\u00e7\u00e3o de repara\u00e7\u00e3o civil, ainda que coincidentes os benefici\u00e1rios.<\/strong><\/p>\n<p style=\"text-align: justify\"><strong>(E) a presta\u00e7\u00e3o de servi\u00e7os \u00e0 comunidade ou a entidades p\u00fablicas \u00e9 aplic\u00e1vel apenas \u00e0s condena\u00e7\u00f5es superiores a um ano de priva\u00e7\u00e3o da liberdade.<\/strong><\/p>\n<p style=\"text-align: justify\"><strong>COMENT\u00c1RIOS:<\/strong><\/p>\n<p style=\"text-align: justify\">A) ERRADA: A reincid\u00eancia s\u00f3 impediria a substitui\u00e7\u00e3o em caso de se tratar de reincid\u00eancia em crime doloso (art. 44, II do CP). Contudo, mesmo neste caso, o juiz \u201cpoder\u00e1 aplicar a substitui\u00e7\u00e3o, desde que, em face de condena\u00e7\u00e3o anterior, a medida seja socialmente recomend\u00e1vel e a reincid\u00eancia n\u00e3o se tenha operado em virtude da pr\u00e1tica do mesmo crime\u201d, nos termos do art. 44, \u00a73\u00ba do CP.<\/p>\n<p style=\"text-align: justify\">B) ERRADA: Item errado, pois neste caso, \u00e9 facultado ao condenado cumprir a pena substitutiva em menor tempo, mas nunca inferior \u00e0 metade da pena privativa de liberdade fixada, nos termos do art. 46, \u00a74\u00ba do CP.<\/p>\n<p style=\"text-align: justify\">C) CORRETA: Item correto, pois esta \u00e9 a exata previs\u00e3o contida no 44, \u00a74\u00ba do CP:<\/p>\n<p style=\"text-align: justify\">Art. 44 (&#8230;)<\/p>\n<p style=\"text-align: justify\">4o A pena restritiva de direitos converte-se em privativa de liberdade quando ocorrer o descumprimento injustificado da restri\u00e7\u00e3o imposta. No c\u00e1lculo da pena privativa de liberdade a executar ser\u00e1 deduzido o tempo cumprido da pena restritiva de direitos, respeitado o saldo m\u00ednimo de trinta dias de deten\u00e7\u00e3o ou reclus\u00e3o. (Inclu\u00eddo pela Lei n\u00ba 9.714, de 1998)<\/p>\n<p style=\"text-align: justify\">D) ERRADA: Item errado, pois em se tratando de pena restritiva de direitos na modalidade de presta\u00e7\u00e3o pecuni\u00e1ria, o \u201cvalor pago ser\u00e1 deduzido do montante de eventual condena\u00e7\u00e3o em a\u00e7\u00e3o de repara\u00e7\u00e3o civil, se coincidentes os benefici\u00e1rios\u201d, nos termos do art. 45, \u00a71\u00ba do CP.<\/p>\n<p style=\"text-align: justify\">E) ERRADA: Item errado, pois tal modalidade \u00e9 aplic\u00e1vel \u00e0s condena\u00e7\u00f5es superiores a seis meses de priva\u00e7\u00e3o da liberdade, nos termos do art. 46 do CP.<\/p>\n<p style=\"text-align: justify\"><span style=\"color: #0000ff\"><strong>Portanto, a ALTERNATIVA CORRETA \u00c9 A LETRA C.<\/strong><\/span><\/p>\n<p style=\"text-align: justify\"><strong>(FCC &#8211; 2015 &#8211; TRE-AP \u2013 ANALISTA JUDICI\u00c1RIO)<\/strong><\/p>\n<p style=\"text-align: justify\"><strong>Augusto \u00e9 condenado a cumprir pena de 01 ano de reclus\u00e3o pelo crime de falsidade ideol\u00f3gica. Habilitou-se durante o tr\u00e2mite da a\u00e7\u00e3o penal um Assistente de Acusa\u00e7\u00e3o. Inconformado com a condena\u00e7\u00e3o Augusto apresenta recurso de apela\u00e7\u00e3o para tentar reverter a senten\u00e7a dentro do prazo de cinco dias. Assinado o termo de apela\u00e7\u00e3o Augusto ter\u00e1 prazo para arrazoar o recurso, previsto no C\u00f3digo de Processo Penal e, posteriormente, o Minist\u00e9rio P\u00fablico ter\u00e1 direito ao mesmo prazo para contrarrazoar. Em seguida, o Assistente de Acusa\u00e7\u00e3o poder\u00e1 apresentar suas raz\u00f5es no prazo de:<\/strong><\/p>\n<p style=\"text-align: justify\"><strong>(A) 03 dias.<\/strong><\/p>\n<p style=\"text-align: justify\"><strong>(B) 48 horas.<\/strong><\/p>\n<p style=\"text-align: justify\"><strong>(C) 05 dias.<\/strong><\/p>\n<p style=\"text-align: justify\"><strong>(D) 08 dias.<\/strong><\/p>\n<p style=\"text-align: justify\"><strong>(E) 10 dias.<\/strong><\/p>\n<p style=\"text-align: justify\"><strong>COMENT\u00c1RIOS: <\/strong>O assistente de acusa\u00e7\u00e3o apresentar\u00e1 suas raz\u00f5es no prazo de 03 dias, ap\u00f3s o prazo do MP, nos termos do art. 600, \u00a71\u00ba do CPP:<\/p>\n<p style=\"text-align: justify\">Art. 600. Assinado o termo de apela\u00e7\u00e3o, o apelante e, depois dele, o apelado ter\u00e3o o prazo de oito dias cada um para oferecer raz\u00f5es, salvo nos processos de contraven\u00e7\u00e3o, em que o prazo ser\u00e1 de tr\u00eas dias.<\/p>\n<p style=\"text-align: justify\">1\u00ba Se houver assistente, este arrazoar\u00e1, no prazo de tr\u00eas dias, ap\u00f3s o Minist\u00e9rio P\u00fablico.<\/p>\n<p style=\"text-align: justify\"><span style=\"color: #0000ff\"><strong>Portanto, a ALTERNATIVA CORRETA \u00c9 A LETRA A.<\/strong><\/span><\/p>\n<p style=\"text-align: justify\"><strong>\u00a0<\/strong><\/p>\n<p style=\"text-align: justify\"><strong>(FCC &#8211; 2015 &#8211; TRE-AP \u2013 ANALISTA JUDICI\u00c1RIO)<\/strong><\/p>\n<p style=\"text-align: justify\"><strong>Sobre a busca e apreens\u00e3o, de acordo com o C\u00f3digo de Processo Penal, \u00e9 INCORRETO afirmar:<\/strong><\/p>\n<p style=\"text-align: justify\"><strong>(A) A autoridade ou seus agentes poder\u00e3o penetrar no territ\u00f3rio de jurisdi\u00e7\u00e3o alheia, ainda que de outro Estado, quando, para o fim de apreens\u00e3o, forem no seguimento de pessoa ou coisa, devendo apresentar-se \u00e0 competente autoridade local, antes da dilig\u00eancia ou ap\u00f3s, conforme a urg\u00eancia desta.<\/strong><\/p>\n<p style=\"text-align: justify\"><strong>(B) A busca poder\u00e1 ser determinada de of\u00edcio ou a requerimento de qualquer das partes.<\/strong><\/p>\n<p style=\"text-align: justify\"><strong>(C) Quando a pr\u00f3pria autoridade policial ou judici\u00e1ria n\u00e3o a realizar pessoalmente, a busca domiciliar dever\u00e1 ser precedida da expedi\u00e7\u00e3o de mandado.<\/strong><\/p>\n<p style=\"text-align: justify\"><strong>(D) A busca domiciliar independer\u00e1 de mandado no caso de pris\u00e3o.<\/strong><\/p>\n<p style=\"text-align: justify\"><strong>(E) N\u00e3o ser\u00e1 permitida em nenhuma hip\u00f3tese a apreens\u00e3o de documento em poder do defensor do acusado.<\/strong><\/p>\n<p style=\"text-align: justify\"><strong>COMENT\u00c1RIOS:<\/strong><\/p>\n<p style=\"text-align: justify\">A) CORRETA: Item correto, pois esta \u00e9 a exata previs\u00e3o do art. 250 do CPP.<\/p>\n<p style=\"text-align: justify\">B) CORRETA: Item correto, pois esta \u00e9 a exata previs\u00e3o do art. 242 do CPP.<\/p>\n<p style=\"text-align: justify\">C) ERRADA: Item errado. Embora esta seja a exata reda\u00e7\u00e3o do art. 241 do CPP, boa parte da Doutrina sustenta que este artigo n\u00e3o foi recepcionado em sua integralidade pela Constitui\u00e7\u00e3o Federal, pois seria inconstitucional no que tange \u00e0 dispensa do mandado judicial pelo simples fato de a autoridade policial realizar a dilig\u00eancia pessoalmente, j\u00e1 que se trata de cl\u00e1usula de reserva de jurisdi\u00e7\u00e3o. Assim, o item est\u00e1 incorreto.<\/p>\n<p style=\"text-align: justify\">D) ERRADA: item errado, pois tal ressalva s\u00f3 se aplica \u00e0 busca pessoal. No caso de busca domiciliar para fins de pris\u00e3o, somente em caso de flagrante delito \u00e9 que se dispensa o mandado, nos termos do art. 5\u00ba, XI da Constitui\u00e7\u00e3o Federal.<\/p>\n<p style=\"text-align: justify\">E) ERRADA: Item tamb\u00e9m errado, pois poder\u00e1 ser realizada apreens\u00e3o de documento em poder do defensor do acusado quando este documento constituir elemento do corpo de delito, nos termos do art. 243, \u00a72\u00ba do CPP.<\/p>\n<p style=\"text-align: justify\"><strong><span style=\"color: #ff0000\">Assim, vemos que existem tr\u00eas itens incorretos. A Banca deu a alternativa E como incorreta, mas as alternativas C e D tamb\u00e9m est\u00e3o erradas.<\/span><\/strong><\/p>\n<p style=\"text-align: justify\"><span style=\"color: #ff0000\"><strong>Portanto, a quest\u00e3o deveria ser ANULADA.<\/strong><\/span><\/p>\n<p style=\"text-align: justify\"><strong>(FCC &#8211; 2015 &#8211; TRE-AP \u2013 ANALISTA JUDICI\u00c1RIO)<\/strong><\/p>\n<p style=\"text-align: justify\"><strong>Paulo \u00e9 denunciado pelo Minist\u00e9rio P\u00fablico como incurso nas penas do artigo 334-A, do C\u00f3digo Penal (contrabando). Recebida a den\u00fancia o r\u00e9u n\u00e3o \u00e9 localizado para cita\u00e7\u00e3o pessoal, sendo determinada a sua cita\u00e7\u00e3o por edital. Consumada a cita\u00e7\u00e3o ficta o r\u00e9u n\u00e3o comparece nem constitui advogado. Murilo, o Magistrado que preside a a\u00e7\u00e3o penal, determina a suspens\u00e3o do processo e do curso do prazo prescricional. Neste caso, conforme S\u00famula do Superior Tribunal de Justi\u00e7a, o per\u00edodo de suspens\u00e3o do prazo prescricional \u00e9<\/strong><\/p>\n<p style=\"text-align: justify\"><strong>(A) indeterminado.<\/strong><\/p>\n<p style=\"text-align: justify\"><strong>(B) regulado pelo m\u00e1ximo da pena cominada ao delito imputado ao r\u00e9u.<\/strong><\/p>\n<p style=\"text-align: justify\"><strong>(C) de no m\u00e1ximo 20 anos.<\/strong><\/p>\n<p style=\"text-align: justify\"><strong>(D) de no m\u00e1ximo 10 anos.<\/strong><\/p>\n<p style=\"text-align: justify\"><strong>(E) estabelecido pelo Supremo Tribunal Federal por meio de resolu\u00e7\u00e3o.<\/strong><\/p>\n<p style=\"text-align: justify\"><strong>COMENT\u00c1RIOS: <\/strong>O prazo de prescri\u00e7\u00e3o, neste caso, \u00e9 regulado pelo m\u00e1ximo da pena abstratamente cominada ao delito imputado ao acusado, conforme verbete n\u00b0 415 da s\u00famula do STJ:<\/p>\n<p style=\"text-align: justify\"><strong>S\u00famula 415 do STJ<\/strong><\/p>\n<p style=\"text-align: justify\">O per\u00edodo de suspens\u00e3o do prazo prescricional \u00e9 regulado pelo m\u00e1ximo da pena cominada.<\/p>\n<p style=\"text-align: justify\"><span style=\"color: #0000ff\"><strong>Portanto, a ALTERNATIVA CORRETA \u00c9 A LETRA B.<\/strong><\/span><\/p>\n<p style=\"text-align: justify\"><strong>Bons estudos!<\/strong><\/p>\n<p style=\"text-align: justify\"><strong>Prof. Renan Araujo<\/strong><\/p>\n","protected":false},"excerpt":{"rendered":"<p>Ol\u00e1, pessoal Boa tarde! Vou comentar neste artigo as quest\u00f5es de Direito Penal e Direito Processual Penal que foram cobradas pela FCC no recente concurso do TRE-AP, para o cargo de ANALISTA JUDICI\u00c1RIO &#8211; \u00c1REA ADMINISTRATIVA, cuja prova foi aplicada neste \u00faltimo domingo. Achei que a prova teve um n\u00edvel razo\u00e1vel, considerando o cargo a [&hellip;]<\/p>\n","protected":false},"author":39,"featured_media":0,"comment_status":"open","ping_status":"open","sticky":false,"template":"","format":"standard","meta":{"post_tipo":"article","footnotes":""},"categories":[1],"tags":[],"tax_estado":[],"class_list":["post-28839","post","type-post","status-publish","format-standard","hentry","category-cursos-e-concursos"],"acf":[],"yoast_head":"<!-- This site is optimized with the Yoast SEO Premium plugin v27.2 (Yoast SEO v27.2) - https:\/\/yoast.com\/product\/yoast-seo-premium-wordpress\/ -->\n<title>tre-ap penal e processo penal recurso coment\u00e1rios<\/title>\n<meta name=\"description\" content=\"tre-ap penal e processo penal recurso coment\u00e1rios\" \/>\n<meta name=\"robots\" content=\"index, follow, max-snippet:-1, max-image-preview:large, max-video-preview:-1\" \/>\n<link rel=\"canonical\" href=\"https:\/\/www.estrategiaconcursos.com.br\/blog\/tre-ap-comentarios-as-questoes-de-penal-e-processo-penal-ajaa-tem-recurso\/\" \/>\n<meta property=\"og:locale\" content=\"pt_BR\" \/>\n<meta property=\"og:type\" content=\"article\" \/>\n<meta property=\"og:title\" content=\"TRE-AP - Coment\u00e1rios \u00e0s quest\u00f5es de penal e processo penal (AJAA) - TEM RECURSO!\" \/>\n<meta property=\"og:description\" content=\"tre-ap penal e processo penal recurso coment\u00e1rios\" \/>\n<meta property=\"og:url\" content=\"https:\/\/www.estrategiaconcursos.com.br\/blog\/tre-ap-comentarios-as-questoes-de-penal-e-processo-penal-ajaa-tem-recurso\/\" \/>\n<meta property=\"og:site_name\" content=\"Estrat\u00e9gia Concursos\" \/>\n<meta property=\"article:published_time\" content=\"2015-11-10T20:54:10+00:00\" \/>\n<meta name=\"author\" content=\"Renan Araujo\" \/>\n<meta name=\"twitter:card\" content=\"summary_large_image\" \/>\n<meta name=\"twitter:creator\" content=\"@EstratConcursos\" \/>\n<meta name=\"twitter:site\" content=\"@EstratConcursos\" \/>\n<meta name=\"twitter:label1\" content=\"Escrito por\" \/>\n\t<meta name=\"twitter:data1\" content=\"Renan Araujo\" \/>\n\t<meta name=\"twitter:label2\" content=\"Est. tempo de leitura\" \/>\n\t<meta name=\"twitter:data2\" content=\"9 minutos\" \/>\n<script type=\"application\/ld+json\" class=\"yoast-schema-graph\">{\"@context\":\"https:\/\/schema.org\",\"@graph\":[{\"@type\":\"NewsArticle\",\"@id\":\"https:\/\/www.estrategiaconcursos.com.br\/blog\/tre-ap-comentarios-as-questoes-de-penal-e-processo-penal-ajaa-tem-recurso\/#article\",\"isPartOf\":{\"@id\":\"https:\/\/www.estrategiaconcursos.com.br\/blog\/tre-ap-comentarios-as-questoes-de-penal-e-processo-penal-ajaa-tem-recurso\/\"},\"author\":{\"name\":\"Renan Araujo\",\"@id\":\"https:\/\/www.estrategiaconcursos.com.br\/blog\/#\/schema\/person\/1a7a7af72da82939a6308b2ee292162b\"},\"headline\":\"TRE-AP &#8211; Coment\u00e1rios \u00e0s quest\u00f5es de penal e processo penal (AJAA) &#8211; TEM RECURSO!\",\"datePublished\":\"2015-11-10T20:54:10+00:00\",\"mainEntityOfPage\":{\"@id\":\"https:\/\/www.estrategiaconcursos.com.br\/blog\/tre-ap-comentarios-as-questoes-de-penal-e-processo-penal-ajaa-tem-recurso\/\"},\"wordCount\":1789,\"commentCount\":0,\"publisher\":{\"@id\":\"https:\/\/www.estrategiaconcursos.com.br\/blog\/#organization\"},\"articleSection\":[\"Concursos P\u00fablicos\"],\"inLanguage\":\"pt-BR\",\"potentialAction\":[{\"@type\":\"CommentAction\",\"name\":\"Comment\",\"target\":[\"https:\/\/www.estrategiaconcursos.com.br\/blog\/tre-ap-comentarios-as-questoes-de-penal-e-processo-penal-ajaa-tem-recurso\/#respond\"]}],\"copyrightYear\":\"2015\",\"copyrightHolder\":{\"@id\":\"https:\/\/www.estrategiaconcursos.com.br\/blog\/#organization\"}},{\"@type\":\"WebPage\",\"@id\":\"https:\/\/www.estrategiaconcursos.com.br\/blog\/tre-ap-comentarios-as-questoes-de-penal-e-processo-penal-ajaa-tem-recurso\/\",\"url\":\"https:\/\/www.estrategiaconcursos.com.br\/blog\/tre-ap-comentarios-as-questoes-de-penal-e-processo-penal-ajaa-tem-recurso\/\",\"name\":\"tre-ap penal e processo penal recurso coment\u00e1rios\",\"isPartOf\":{\"@id\":\"https:\/\/www.estrategiaconcursos.com.br\/blog\/#website\"},\"datePublished\":\"2015-11-10T20:54:10+00:00\",\"description\":\"tre-ap penal e processo penal recurso coment\u00e1rios\",\"breadcrumb\":{\"@id\":\"https:\/\/www.estrategiaconcursos.com.br\/blog\/tre-ap-comentarios-as-questoes-de-penal-e-processo-penal-ajaa-tem-recurso\/#breadcrumb\"},\"inLanguage\":\"pt-BR\",\"potentialAction\":[{\"@type\":\"ReadAction\",\"target\":[\"https:\/\/www.estrategiaconcursos.com.br\/blog\/tre-ap-comentarios-as-questoes-de-penal-e-processo-penal-ajaa-tem-recurso\/\"]}]},{\"@type\":\"BreadcrumbList\",\"@id\":\"https:\/\/www.estrategiaconcursos.com.br\/blog\/tre-ap-comentarios-as-questoes-de-penal-e-processo-penal-ajaa-tem-recurso\/#breadcrumb\",\"itemListElement\":[{\"@type\":\"ListItem\",\"position\":1,\"name\":\"In\u00edcio\",\"item\":\"https:\/\/www.estrategiaconcursos.com.br\/blog\/\"},{\"@type\":\"ListItem\",\"position\":2,\"name\":\"TRE-AP &#8211; Coment\u00e1rios \u00e0s quest\u00f5es de penal e processo penal (AJAA) &#8211; TEM RECURSO!\"}]},{\"@type\":\"WebSite\",\"@id\":\"https:\/\/www.estrategiaconcursos.com.br\/blog\/#website\",\"url\":\"https:\/\/www.estrategiaconcursos.com.br\/blog\/\",\"name\":\"Estrat\u00e9gia Concursos\",\"description\":\"O blog da Estrat\u00e9gia Concursos traz not\u00edcias sobre concursos e artigos de professores oferecendo cursos para concursos (pdf + videaulas) no site.\",\"publisher\":{\"@id\":\"https:\/\/www.estrategiaconcursos.com.br\/blog\/#organization\"},\"potentialAction\":[{\"@type\":\"SearchAction\",\"target\":{\"@type\":\"EntryPoint\",\"urlTemplate\":\"https:\/\/www.estrategiaconcursos.com.br\/blog\/?s={search_term_string}\"},\"query-input\":{\"@type\":\"PropertyValueSpecification\",\"valueRequired\":true,\"valueName\":\"search_term_string\"}}],\"inLanguage\":\"pt-BR\"},{\"@type\":\"Organization\",\"@id\":\"https:\/\/www.estrategiaconcursos.com.br\/blog\/#organization\",\"name\":\"Estrat\u00e9gia Concursos\",\"url\":\"https:\/\/www.estrategiaconcursos.com.br\/blog\/\",\"logo\":{\"@type\":\"ImageObject\",\"inLanguage\":\"pt-BR\",\"@id\":\"https:\/\/www.estrategiaconcursos.com.br\/blog\/#\/schema\/logo\/image\/\",\"url\":\"https:\/\/dhg1h5j42swfq.cloudfront.net\/2025\/06\/03203428\/logo_concursos-1.jpg\",\"contentUrl\":\"https:\/\/dhg1h5j42swfq.cloudfront.net\/2025\/06\/03203428\/logo_concursos-1.jpg\",\"width\":230,\"height\":60,\"caption\":\"Estrat\u00e9gia Concursos\"},\"image\":{\"@id\":\"https:\/\/www.estrategiaconcursos.com.br\/blog\/#\/schema\/logo\/image\/\"},\"sameAs\":[\"https:\/\/x.com\/EstratConcursos\"]},{\"@type\":\"Person\",\"@id\":\"https:\/\/www.estrategiaconcursos.com.br\/blog\/#\/schema\/person\/1a7a7af72da82939a6308b2ee292162b\",\"name\":\"Renan Araujo\",\"image\":{\"@type\":\"ImageObject\",\"inLanguage\":\"pt-BR\",\"@id\":\"https:\/\/secure.gravatar.com\/avatar\/ca6cb9ba5a547fbe93c05c63d6103dff6c2566555a601f1efb8590a69fb9ed76?s=96&d=mm&r=g\",\"url\":\"https:\/\/secure.gravatar.com\/avatar\/ca6cb9ba5a547fbe93c05c63d6103dff6c2566555a601f1efb8590a69fb9ed76?s=96&d=mm&r=g\",\"contentUrl\":\"https:\/\/secure.gravatar.com\/avatar\/ca6cb9ba5a547fbe93c05c63d6103dff6c2566555a601f1efb8590a69fb9ed76?s=96&d=mm&r=g\",\"caption\":\"Renan Araujo\"},\"url\":\"https:\/\/www.estrategiaconcursos.com.br\/blog\/author\/renanaraujoestrategiaconcursos-com-br\/\"}]}<\/script>\n<!-- \/ Yoast SEO Premium plugin. -->","yoast_head_json":{"title":"tre-ap penal e processo penal recurso coment\u00e1rios","description":"tre-ap penal e processo penal recurso coment\u00e1rios","robots":{"index":"index","follow":"follow","max-snippet":"max-snippet:-1","max-image-preview":"max-image-preview:large","max-video-preview":"max-video-preview:-1"},"canonical":"https:\/\/www.estrategiaconcursos.com.br\/blog\/tre-ap-comentarios-as-questoes-de-penal-e-processo-penal-ajaa-tem-recurso\/","og_locale":"pt_BR","og_type":"article","og_title":"TRE-AP - Coment\u00e1rios \u00e0s quest\u00f5es de penal e processo penal (AJAA) - TEM RECURSO!","og_description":"tre-ap penal e processo penal recurso coment\u00e1rios","og_url":"https:\/\/www.estrategiaconcursos.com.br\/blog\/tre-ap-comentarios-as-questoes-de-penal-e-processo-penal-ajaa-tem-recurso\/","og_site_name":"Estrat\u00e9gia Concursos","article_published_time":"2015-11-10T20:54:10+00:00","author":"Renan Araujo","twitter_card":"summary_large_image","twitter_creator":"@EstratConcursos","twitter_site":"@EstratConcursos","twitter_misc":{"Escrito por":"Renan Araujo","Est. tempo de leitura":"9 minutos"},"schema":{"@context":"https:\/\/schema.org","@graph":[{"@type":"NewsArticle","@id":"https:\/\/www.estrategiaconcursos.com.br\/blog\/tre-ap-comentarios-as-questoes-de-penal-e-processo-penal-ajaa-tem-recurso\/#article","isPartOf":{"@id":"https:\/\/www.estrategiaconcursos.com.br\/blog\/tre-ap-comentarios-as-questoes-de-penal-e-processo-penal-ajaa-tem-recurso\/"},"author":{"name":"Renan Araujo","@id":"https:\/\/www.estrategiaconcursos.com.br\/blog\/#\/schema\/person\/1a7a7af72da82939a6308b2ee292162b"},"headline":"TRE-AP &#8211; Coment\u00e1rios \u00e0s quest\u00f5es de penal e processo penal (AJAA) &#8211; TEM RECURSO!","datePublished":"2015-11-10T20:54:10+00:00","mainEntityOfPage":{"@id":"https:\/\/www.estrategiaconcursos.com.br\/blog\/tre-ap-comentarios-as-questoes-de-penal-e-processo-penal-ajaa-tem-recurso\/"},"wordCount":1789,"commentCount":0,"publisher":{"@id":"https:\/\/www.estrategiaconcursos.com.br\/blog\/#organization"},"articleSection":["Concursos P\u00fablicos"],"inLanguage":"pt-BR","potentialAction":[{"@type":"CommentAction","name":"Comment","target":["https:\/\/www.estrategiaconcursos.com.br\/blog\/tre-ap-comentarios-as-questoes-de-penal-e-processo-penal-ajaa-tem-recurso\/#respond"]}],"copyrightYear":"2015","copyrightHolder":{"@id":"https:\/\/www.estrategiaconcursos.com.br\/blog\/#organization"}},{"@type":"WebPage","@id":"https:\/\/www.estrategiaconcursos.com.br\/blog\/tre-ap-comentarios-as-questoes-de-penal-e-processo-penal-ajaa-tem-recurso\/","url":"https:\/\/www.estrategiaconcursos.com.br\/blog\/tre-ap-comentarios-as-questoes-de-penal-e-processo-penal-ajaa-tem-recurso\/","name":"tre-ap penal e processo penal recurso coment\u00e1rios","isPartOf":{"@id":"https:\/\/www.estrategiaconcursos.com.br\/blog\/#website"},"datePublished":"2015-11-10T20:54:10+00:00","description":"tre-ap penal e processo penal recurso coment\u00e1rios","breadcrumb":{"@id":"https:\/\/www.estrategiaconcursos.com.br\/blog\/tre-ap-comentarios-as-questoes-de-penal-e-processo-penal-ajaa-tem-recurso\/#breadcrumb"},"inLanguage":"pt-BR","potentialAction":[{"@type":"ReadAction","target":["https:\/\/www.estrategiaconcursos.com.br\/blog\/tre-ap-comentarios-as-questoes-de-penal-e-processo-penal-ajaa-tem-recurso\/"]}]},{"@type":"BreadcrumbList","@id":"https:\/\/www.estrategiaconcursos.com.br\/blog\/tre-ap-comentarios-as-questoes-de-penal-e-processo-penal-ajaa-tem-recurso\/#breadcrumb","itemListElement":[{"@type":"ListItem","position":1,"name":"In\u00edcio","item":"https:\/\/www.estrategiaconcursos.com.br\/blog\/"},{"@type":"ListItem","position":2,"name":"TRE-AP &#8211; Coment\u00e1rios \u00e0s quest\u00f5es de penal e processo penal (AJAA) &#8211; TEM RECURSO!"}]},{"@type":"WebSite","@id":"https:\/\/www.estrategiaconcursos.com.br\/blog\/#website","url":"https:\/\/www.estrategiaconcursos.com.br\/blog\/","name":"Estrat\u00e9gia Concursos","description":"O blog da Estrat\u00e9gia Concursos traz not\u00edcias sobre concursos e artigos de professores oferecendo cursos para concursos (pdf + videaulas) no site.","publisher":{"@id":"https:\/\/www.estrategiaconcursos.com.br\/blog\/#organization"},"potentialAction":[{"@type":"SearchAction","target":{"@type":"EntryPoint","urlTemplate":"https:\/\/www.estrategiaconcursos.com.br\/blog\/?s={search_term_string}"},"query-input":{"@type":"PropertyValueSpecification","valueRequired":true,"valueName":"search_term_string"}}],"inLanguage":"pt-BR"},{"@type":"Organization","@id":"https:\/\/www.estrategiaconcursos.com.br\/blog\/#organization","name":"Estrat\u00e9gia Concursos","url":"https:\/\/www.estrategiaconcursos.com.br\/blog\/","logo":{"@type":"ImageObject","inLanguage":"pt-BR","@id":"https:\/\/www.estrategiaconcursos.com.br\/blog\/#\/schema\/logo\/image\/","url":"https:\/\/dhg1h5j42swfq.cloudfront.net\/2025\/06\/03203428\/logo_concursos-1.jpg","contentUrl":"https:\/\/dhg1h5j42swfq.cloudfront.net\/2025\/06\/03203428\/logo_concursos-1.jpg","width":230,"height":60,"caption":"Estrat\u00e9gia Concursos"},"image":{"@id":"https:\/\/www.estrategiaconcursos.com.br\/blog\/#\/schema\/logo\/image\/"},"sameAs":["https:\/\/x.com\/EstratConcursos"]},{"@type":"Person","@id":"https:\/\/www.estrategiaconcursos.com.br\/blog\/#\/schema\/person\/1a7a7af72da82939a6308b2ee292162b","name":"Renan Araujo","image":{"@type":"ImageObject","inLanguage":"pt-BR","@id":"https:\/\/secure.gravatar.com\/avatar\/ca6cb9ba5a547fbe93c05c63d6103dff6c2566555a601f1efb8590a69fb9ed76?s=96&d=mm&r=g","url":"https:\/\/secure.gravatar.com\/avatar\/ca6cb9ba5a547fbe93c05c63d6103dff6c2566555a601f1efb8590a69fb9ed76?s=96&d=mm&r=g","contentUrl":"https:\/\/secure.gravatar.com\/avatar\/ca6cb9ba5a547fbe93c05c63d6103dff6c2566555a601f1efb8590a69fb9ed76?s=96&d=mm&r=g","caption":"Renan Araujo"},"url":"https:\/\/www.estrategiaconcursos.com.br\/blog\/author\/renanaraujoestrategiaconcursos-com-br\/"}]}},"_links":{"self":[{"href":"https:\/\/www.estrategiaconcursos.com.br\/blog\/wp-json\/wp\/v2\/posts\/28839","targetHints":{"allow":["GET"]}}],"collection":[{"href":"https:\/\/www.estrategiaconcursos.com.br\/blog\/wp-json\/wp\/v2\/posts"}],"about":[{"href":"https:\/\/www.estrategiaconcursos.com.br\/blog\/wp-json\/wp\/v2\/types\/post"}],"author":[{"embeddable":true,"href":"https:\/\/www.estrategiaconcursos.com.br\/blog\/wp-json\/wp\/v2\/users\/39"}],"replies":[{"embeddable":true,"href":"https:\/\/www.estrategiaconcursos.com.br\/blog\/wp-json\/wp\/v2\/comments?post=28839"}],"version-history":[{"count":2,"href":"https:\/\/www.estrategiaconcursos.com.br\/blog\/wp-json\/wp\/v2\/posts\/28839\/revisions"}],"predecessor-version":[{"id":28841,"href":"https:\/\/www.estrategiaconcursos.com.br\/blog\/wp-json\/wp\/v2\/posts\/28839\/revisions\/28841"}],"wp:attachment":[{"href":"https:\/\/www.estrategiaconcursos.com.br\/blog\/wp-json\/wp\/v2\/media?parent=28839"}],"wp:term":[{"taxonomy":"category","embeddable":true,"href":"https:\/\/www.estrategiaconcursos.com.br\/blog\/wp-json\/wp\/v2\/categories?post=28839"},{"taxonomy":"post_tag","embeddable":true,"href":"https:\/\/www.estrategiaconcursos.com.br\/blog\/wp-json\/wp\/v2\/tags?post=28839"},{"taxonomy":"tax_estado","embeddable":true,"href":"https:\/\/www.estrategiaconcursos.com.br\/blog\/wp-json\/wp\/v2\/tax_estado?post=28839"}],"curies":[{"name":"wp","href":"https:\/\/api.w.org\/{rel}","templated":true}]}}