{"id":28716,"date":"2015-11-09T08:22:20","date_gmt":"2015-11-09T11:22:20","guid":{"rendered":"http:\/\/www.estrategiaconcursos.com.br\/blog\/?p=28716"},"modified":"2015-11-09T08:23:11","modified_gmt":"2015-11-09T11:23:11","slug":"termina-nesta-segunda-feira-as-inscricoes-para-o-concurso-da-secretaria-de-politicas-para-criancas-adolescentes-e-juventude-do-df-sao-144-vagas-imediatas-e-mais-604-para-cr","status":"publish","type":"post","link":"https:\/\/www.estrategiaconcursos.com.br\/blog\/termina-nesta-segunda-feira-as-inscricoes-para-o-concurso-da-secretaria-de-politicas-para-criancas-adolescentes-e-juventude-do-df-sao-144-vagas-imediatas-e-mais-604-para-cr\/","title":{"rendered":"Termina nesta segunda-feira o prazo para inscri\u00e7\u00f5es no concurso da Secretaria de Pol\u00edticas para Crian\u00e7as, Adolescentes e Juventude do DF. S\u00e3o 144 vagas imediatas e mais 604 para CR"},"content":{"rendered":"<p style=\"text-align: justify;\"><a href=\"https:\/\/dhg1h5j42swfq.cloudfront.net\/2015\/08\/26204734\/concurso-da-Secretaria-de-Pol%C3%ADticas-para-Crian%C3%A7as-Adolescentes-e-Juventude-do-DF.jpg\"><img loading=\"lazy\" decoding=\"async\" class=\"alignleft wp-image-26293 size-full\" src=\"https:\/\/dhg1h5j42swfq.cloudfront.net\/2015\/08\/26204734\/concurso-da-Secretaria-de-Pol%C3%ADticas-para-Crian%C3%A7as-Adolescentes-e-Juventude-do-DF.jpg\" alt=\"concurso da Secretaria de Pol\u00edticas para Crian\u00e7as, Adolescentes e Juventude do DF\" width=\"160\" height=\"160\" srcset=\"https:\/\/dhg1h5j42swfq.cloudfront.net\/2015\/08\/26204734\/concurso-da-Secretaria-de-Pol%C3%ADticas-para-Crian%C3%A7as-Adolescentes-e-Juventude-do-DF.jpg 160w, https:\/\/dhg1h5j42swfq.cloudfront.net\/2015\/08\/26204734\/concurso-da-Secretaria-de-Pol%C3%ADticas-para-Crian%C3%A7as-Adolescentes-e-Juventude-do-DF.jpg 150w\" sizes=\"auto, (max-width: 160px) 100vw, 160px\" \/><\/a><span style=\"color: #000000;\">Termina nesta segunda-feira, dia 9 de outubro, o per\u00edodo para inscri\u00e7\u00f5es no concurso da Secretaria de Pol\u00edticas para Crian\u00e7as, Adolescentes e Juventude do Distrito Federal.\u00a0Os interessados t\u00eam at\u00e9 \u00e0s 23h59 (hor\u00e1rio de Bras\u00edlia) para acessar o site\u00a0<span style=\"color: #3366ff;\">\u00a0<a style=\"color: #3366ff;\" href=\"http:\/\/inscricao.universa.org.br\/ProcessoSeletivo.aspx?id=b2a79194\">http:\/\/inscricao.universa.org.br\/ProcessoSeletivo.aspx?id=b2a79194<\/a><\/span>\u00a0e fazer sua inscri\u00e7\u00e3o\u00a0. A taxa \u00e9 de R$ 91,00.<\/span><\/p>\n<p style=\"text-align: justify;\"><span style=\"color: #000000;\">O concurso da Secretaria de Pol\u00edticas para Crian\u00e7as, Adolescentes e Juventude do DF prev\u00ea o preenchimento de 114 vagas imediatas para o cargo de Atendente de Reintegra\u00e7\u00e3o Socioeducativo (ATRS), al\u00e9m de 604 vagas para cadastro de reserva.<\/span><\/p>\n<p style=\"text-align: justify;\"><span style=\"color: #000000;\">O cargo de ATRS exige diploma de conclus\u00e3o de curso de n\u00edvel superior em qualquer \u00e1rea e oferece vencimentos de R$ 3.730,22 por 30 horas semanais de trabalho.<\/span><\/p>\n<p style=\"text-align: justify;\"><span style=\"color: #000000;\">O concurso da Secretaria de Pol\u00edticas para Crian\u00e7as, Adolescentes e Juventude do DF ser\u00e1 formado pelas seguintes fases: Na primeira etapa haver\u00e1 prova objetiva, de car\u00e1ter eliminat\u00f3rio e classificat\u00f3rio, al\u00e9m de prova discursiva, de car\u00e1ter eliminat\u00f3rio e classificat\u00f3rio, mais avalia\u00e7\u00e3o psicol\u00f3gica, de car\u00e1ter eliminat\u00f3rio, sindic\u00e2ncia de vida pregressa e investiga\u00e7\u00e3o social, de car\u00e1ter eliminat\u00f3rio, e prova de capacidade f\u00edsica, de car\u00e1ter eliminat\u00f3rio.<\/span><\/p>\n<p style=\"text-align: justify;\"><span style=\"color: #000000;\">A segunda etapa consistir\u00e1 de curso de forma\u00e7\u00e3o, de car\u00e1ter eliminat\u00f3rio e classificat\u00f3rio, a ser realizada pela Funda\u00e7\u00e3o Universa.<\/span><\/p>\n<p style=\"text-align: justify;\"><span style=\"color: #000000;\">A data prov\u00e1vel para as provas objetiva e discursiva \u00e9 de 29 de novembro e as mesmas ser\u00e3o aplicadas na cidade de Bras\u00edlia\/DF.<\/span><\/p>\n<p style=\"text-align: justify;\"><span style=\"color: #000000;\">H\u00e1 hoje um d\u00e9ficit de mais de 700 profissionais no sistema socioeducativo. Para a secret\u00e1ria de pol\u00edticas p\u00fablicas da institui\u00e7\u00e3o esse \u00e9 um grande passo para que tal d\u00e9ficit comece a ser sanado.<\/span><\/p>\n<p><span style=\"color: #000000;\">Confira o edital em:<\/span><\/p>\n<p><span style=\"color: #3366ff;\"><a style=\"color: #3366ff;\" href=\"https:\/\/dhg1h5j42swfq.cloudfront.net\/2015\/08\/26174316\/Edital-concurso-da-Secretaria-de-Pol%C3%ADticas-para-Crian%C3%A7as-Adolescentes-e-Juventude-do-DF.pdf\">Edital concurso da Secretaria de Pol\u00edticas para Crian\u00e7as, Adolescentes e Juventude do DF<\/a><\/span><\/p>\n<p style=\"text-align: justify;\"><span style=\"color: #000000;\"><strong>O Estrat\u00e9gia Concursos j\u00e1 lan\u00e7ou cursos para esse concurso. Confira em:<\/strong><\/span><\/p>\n<p style=\"text-align: justify;\"><span style=\"color: #3366ff;\"><a style=\"color: #3366ff;\" href=\"https:\/\/www.estrategiaconcursos.com.br\/cursosPorConcurso\/secretaria-da-crianca-df-409\/\">https:\/\/www.estrategiaconcursos.com.br\/cursosPorConcurso\/secretaria-da-crianca-df-409\/<\/a><\/span><\/p>\n<p style=\"text-align: justify;\"><span style=\"color: #000000;\">Assessoria de Comunica\u00e7\u00e3o<\/span><\/p>\n<p style=\"text-align: justify;\"><span style=\"color: #000000;\">comunicacao@estrategiaconcursos.com.br<\/span><\/p>\n","protected":false},"excerpt":{"rendered":"<p>Termina nesta segunda-feira, dia 9 de outubro, o per\u00edodo para inscri\u00e7\u00f5es no concurso da Secretaria de Pol\u00edticas para Crian\u00e7as, Adolescentes e Juventude do Distrito Federal.\u00a0Os interessados t\u00eam at\u00e9 \u00e0s 23h59 (hor\u00e1rio de Bras\u00edlia) para acessar o site\u00a0\u00a0http:\/\/inscricao.universa.org.br\/ProcessoSeletivo.aspx?id=b2a79194\u00a0e fazer sua inscri\u00e7\u00e3o\u00a0. A taxa \u00e9 de R$ 91,00. O concurso da Secretaria de Pol\u00edticas para Crian\u00e7as, Adolescentes [&hellip;]<\/p>\n","protected":false},"author":1,"featured_media":0,"comment_status":"open","ping_status":"open","sticky":false,"template":"","format":"standard","meta":{"post_tipo":"news","footnotes":""},"categories":[1],"tags":[1049,1059],"tax_estado":[],"class_list":["post-28716","post","type-post","status-publish","format-standard","hentry","category-cursos-e-concursos","tag-adolescentes-e-juventude-do-df","tag-secretaria-de-politicas-para-criancas"],"acf":[],"yoast_head":"<!-- This site is optimized with the Yoast SEO Premium plugin v27.2 (Yoast SEO v27.2) - https:\/\/yoast.com\/product\/yoast-seo-premium-wordpress\/ -->\n<title>Termina nesta segunda-feira o prazo para inscri\u00e7\u00f5es no concurso da Secretaria de Pol\u00edticas para Crian\u00e7as, Adolescentes e Juventude do DF. S\u00e3o 144 vagas imediatas e mais 604 para CR<\/title>\n<meta name=\"description\" content=\"Termina nesta segunda-feira, dia 9, o per\u00edodo para inscri\u00e7\u00f5es no concurso da Secretaria de Pol\u00edticas para Crian\u00e7as, Adolescentes e Juventude do DF.\" \/>\n<meta name=\"robots\" content=\"index, follow, max-snippet:-1, max-image-preview:large, max-video-preview:-1\" \/>\n<link rel=\"canonical\" href=\"https:\/\/www.estrategiaconcursos.com.br\/blog\/termina-nesta-segunda-feira-as-inscricoes-para-o-concurso-da-secretaria-de-politicas-para-criancas-adolescentes-e-juventude-do-df-sao-144-vagas-imediatas-e-mais-604-para-cr\/\" \/>\n<meta property=\"og:locale\" content=\"pt_BR\" \/>\n<meta property=\"og:type\" content=\"article\" \/>\n<meta property=\"og:title\" content=\"Termina nesta segunda-feira o prazo para inscri\u00e7\u00f5es no concurso da Secretaria de Pol\u00edticas para Crian\u00e7as, Adolescentes e Juventude do DF. S\u00e3o 144 vagas imediatas e mais 604 para CR\" \/>\n<meta property=\"og:description\" content=\"Termina nesta segunda-feira, dia 9, o per\u00edodo para inscri\u00e7\u00f5es no concurso da Secretaria de Pol\u00edticas para Crian\u00e7as, Adolescentes e Juventude do DF.\" \/>\n<meta property=\"og:url\" content=\"https:\/\/www.estrategiaconcursos.com.br\/blog\/termina-nesta-segunda-feira-as-inscricoes-para-o-concurso-da-secretaria-de-politicas-para-criancas-adolescentes-e-juventude-do-df-sao-144-vagas-imediatas-e-mais-604-para-cr\/\" \/>\n<meta property=\"og:site_name\" content=\"Estrat\u00e9gia Concursos\" \/>\n<meta property=\"article:author\" content=\"https:\/\/www.facebook.com\/EstrategiaConcursos\" \/>\n<meta property=\"article:published_time\" content=\"2015-11-09T11:22:20+00:00\" \/>\n<meta property=\"article:modified_time\" content=\"2015-11-09T11:23:11+00:00\" \/>\n<meta property=\"og:image\" content=\"https:\/\/dhg1h5j42swfq.cloudfront.net\/2015\/08\/26204734\/concurso-da-Secretaria-de-Pol%C3%ADticas-para-Crian%C3%A7as-Adolescentes-e-Juventude-do-DF.jpg\" \/>\n<meta name=\"author\" content=\"Coordena\u00e7\u00e3o\" \/>\n<meta name=\"twitter:card\" content=\"summary_large_image\" \/>\n<meta name=\"twitter:creator\" content=\"@EstratConcursos\" \/>\n<meta name=\"twitter:site\" content=\"@EstratConcursos\" \/>\n<meta name=\"twitter:label1\" content=\"Escrito por\" \/>\n\t<meta name=\"twitter:data1\" content=\"Coordena\u00e7\u00e3o\" \/>\n\t<meta name=\"twitter:label2\" content=\"Est. tempo de leitura\" \/>\n\t<meta name=\"twitter:data2\" content=\"2 minutos\" \/>\n<script type=\"application\/ld+json\" class=\"yoast-schema-graph\">{\"@context\":\"https:\/\/schema.org\",\"@graph\":[{\"@type\":\"NewsArticle\",\"@id\":\"https:\/\/www.estrategiaconcursos.com.br\/blog\/termina-nesta-segunda-feira-as-inscricoes-para-o-concurso-da-secretaria-de-politicas-para-criancas-adolescentes-e-juventude-do-df-sao-144-vagas-imediatas-e-mais-604-para-cr\/#article\",\"isPartOf\":{\"@id\":\"https:\/\/www.estrategiaconcursos.com.br\/blog\/termina-nesta-segunda-feira-as-inscricoes-para-o-concurso-da-secretaria-de-politicas-para-criancas-adolescentes-e-juventude-do-df-sao-144-vagas-imediatas-e-mais-604-para-cr\/\"},\"author\":{\"name\":\"Coordena\u00e7\u00e3o\",\"@id\":\"https:\/\/www.estrategiaconcursos.com.br\/blog\/#\/schema\/person\/b4a388c97673c5f483d72185668afa1f\"},\"headline\":\"Termina nesta segunda-feira o prazo para inscri\u00e7\u00f5es no concurso da Secretaria de Pol\u00edticas para Crian\u00e7as, Adolescentes e Juventude do DF. S\u00e3o 144 vagas imediatas e mais 604 para CR\",\"datePublished\":\"2015-11-09T11:22:20+00:00\",\"dateModified\":\"2015-11-09T11:23:11+00:00\",\"mainEntityOfPage\":{\"@id\":\"https:\/\/www.estrategiaconcursos.com.br\/blog\/termina-nesta-segunda-feira-as-inscricoes-para-o-concurso-da-secretaria-de-politicas-para-criancas-adolescentes-e-juventude-do-df-sao-144-vagas-imediatas-e-mais-604-para-cr\/\"},\"wordCount\":376,\"commentCount\":0,\"publisher\":{\"@id\":\"https:\/\/www.estrategiaconcursos.com.br\/blog\/#organization\"},\"image\":{\"@id\":\"https:\/\/www.estrategiaconcursos.com.br\/blog\/termina-nesta-segunda-feira-as-inscricoes-para-o-concurso-da-secretaria-de-politicas-para-criancas-adolescentes-e-juventude-do-df-sao-144-vagas-imediatas-e-mais-604-para-cr\/#primaryimage\"},\"thumbnailUrl\":\"https:\/\/dhg1h5j42swfq.cloudfront.net\/2015\/08\/26204734\/concurso-da-Secretaria-de-Pol%C3%ADticas-para-Crian%C3%A7as-Adolescentes-e-Juventude-do-DF.jpg\",\"keywords\":[\"Adolescentes e Juventude do DF\",\"Secretaria de Pol\u00edticas para Crian\u00e7as\"],\"articleSection\":[\"Concursos P\u00fablicos\"],\"inLanguage\":\"pt-BR\",\"potentialAction\":[{\"@type\":\"CommentAction\",\"name\":\"Comment\",\"target\":[\"https:\/\/www.estrategiaconcursos.com.br\/blog\/termina-nesta-segunda-feira-as-inscricoes-para-o-concurso-da-secretaria-de-politicas-para-criancas-adolescentes-e-juventude-do-df-sao-144-vagas-imediatas-e-mais-604-para-cr\/#respond\"]}],\"copyrightYear\":\"2015\",\"copyrightHolder\":{\"@id\":\"https:\/\/www.estrategiaconcursos.com.br\/blog\/#organization\"}},{\"@type\":\"WebPage\",\"@id\":\"https:\/\/www.estrategiaconcursos.com.br\/blog\/termina-nesta-segunda-feira-as-inscricoes-para-o-concurso-da-secretaria-de-politicas-para-criancas-adolescentes-e-juventude-do-df-sao-144-vagas-imediatas-e-mais-604-para-cr\/\",\"url\":\"https:\/\/www.estrategiaconcursos.com.br\/blog\/termina-nesta-segunda-feira-as-inscricoes-para-o-concurso-da-secretaria-de-politicas-para-criancas-adolescentes-e-juventude-do-df-sao-144-vagas-imediatas-e-mais-604-para-cr\/\",\"name\":\"Termina nesta segunda-feira o prazo para inscri\u00e7\u00f5es no concurso da Secretaria de Pol\u00edticas para Crian\u00e7as, Adolescentes e Juventude do DF. S\u00e3o 144 vagas imediatas e mais 604 para CR\",\"isPartOf\":{\"@id\":\"https:\/\/www.estrategiaconcursos.com.br\/blog\/#website\"},\"primaryImageOfPage\":{\"@id\":\"https:\/\/www.estrategiaconcursos.com.br\/blog\/termina-nesta-segunda-feira-as-inscricoes-para-o-concurso-da-secretaria-de-politicas-para-criancas-adolescentes-e-juventude-do-df-sao-144-vagas-imediatas-e-mais-604-para-cr\/#primaryimage\"},\"image\":{\"@id\":\"https:\/\/www.estrategiaconcursos.com.br\/blog\/termina-nesta-segunda-feira-as-inscricoes-para-o-concurso-da-secretaria-de-politicas-para-criancas-adolescentes-e-juventude-do-df-sao-144-vagas-imediatas-e-mais-604-para-cr\/#primaryimage\"},\"thumbnailUrl\":\"https:\/\/dhg1h5j42swfq.cloudfront.net\/2015\/08\/26204734\/concurso-da-Secretaria-de-Pol%C3%ADticas-para-Crian%C3%A7as-Adolescentes-e-Juventude-do-DF.jpg\",\"datePublished\":\"2015-11-09T11:22:20+00:00\",\"dateModified\":\"2015-11-09T11:23:11+00:00\",\"description\":\"Termina nesta segunda-feira, dia 9, o per\u00edodo para inscri\u00e7\u00f5es no concurso da Secretaria de Pol\u00edticas para Crian\u00e7as, Adolescentes e Juventude do DF.\",\"breadcrumb\":{\"@id\":\"https:\/\/www.estrategiaconcursos.com.br\/blog\/termina-nesta-segunda-feira-as-inscricoes-para-o-concurso-da-secretaria-de-politicas-para-criancas-adolescentes-e-juventude-do-df-sao-144-vagas-imediatas-e-mais-604-para-cr\/#breadcrumb\"},\"inLanguage\":\"pt-BR\",\"potentialAction\":[{\"@type\":\"ReadAction\",\"target\":[\"https:\/\/www.estrategiaconcursos.com.br\/blog\/termina-nesta-segunda-feira-as-inscricoes-para-o-concurso-da-secretaria-de-politicas-para-criancas-adolescentes-e-juventude-do-df-sao-144-vagas-imediatas-e-mais-604-para-cr\/\"]}]},{\"@type\":\"ImageObject\",\"inLanguage\":\"pt-BR\",\"@id\":\"https:\/\/www.estrategiaconcursos.com.br\/blog\/termina-nesta-segunda-feira-as-inscricoes-para-o-concurso-da-secretaria-de-politicas-para-criancas-adolescentes-e-juventude-do-df-sao-144-vagas-imediatas-e-mais-604-para-cr\/#primaryimage\",\"url\":\"https:\/\/dhg1h5j42swfq.cloudfront.net\/2015\/08\/26204734\/concurso-da-Secretaria-de-Pol%C3%ADticas-para-Crian%C3%A7as-Adolescentes-e-Juventude-do-DF.jpg\",\"contentUrl\":\"https:\/\/dhg1h5j42swfq.cloudfront.net\/2015\/08\/26204734\/concurso-da-Secretaria-de-Pol%C3%ADticas-para-Crian%C3%A7as-Adolescentes-e-Juventude-do-DF.jpg\"},{\"@type\":\"BreadcrumbList\",\"@id\":\"https:\/\/www.estrategiaconcursos.com.br\/blog\/termina-nesta-segunda-feira-as-inscricoes-para-o-concurso-da-secretaria-de-politicas-para-criancas-adolescentes-e-juventude-do-df-sao-144-vagas-imediatas-e-mais-604-para-cr\/#breadcrumb\",\"itemListElement\":[{\"@type\":\"ListItem\",\"position\":1,\"name\":\"In\u00edcio\",\"item\":\"https:\/\/www.estrategiaconcursos.com.br\/blog\/\"},{\"@type\":\"ListItem\",\"position\":2,\"name\":\"Termina nesta segunda-feira o prazo para inscri\u00e7\u00f5es no concurso da Secretaria de Pol\u00edticas para Crian\u00e7as, Adolescentes e Juventude do DF. S\u00e3o 144 vagas imediatas e mais 604 para CR\"}]},{\"@type\":\"WebSite\",\"@id\":\"https:\/\/www.estrategiaconcursos.com.br\/blog\/#website\",\"url\":\"https:\/\/www.estrategiaconcursos.com.br\/blog\/\",\"name\":\"Estrat\u00e9gia Concursos\",\"description\":\"O blog da Estrat\u00e9gia Concursos traz not\u00edcias sobre concursos e artigos de professores oferecendo cursos para concursos (pdf + videaulas) no site.\",\"publisher\":{\"@id\":\"https:\/\/www.estrategiaconcursos.com.br\/blog\/#organization\"},\"potentialAction\":[{\"@type\":\"SearchAction\",\"target\":{\"@type\":\"EntryPoint\",\"urlTemplate\":\"https:\/\/www.estrategiaconcursos.com.br\/blog\/?s={search_term_string}\"},\"query-input\":{\"@type\":\"PropertyValueSpecification\",\"valueRequired\":true,\"valueName\":\"search_term_string\"}}],\"inLanguage\":\"pt-BR\"},{\"@type\":\"Organization\",\"@id\":\"https:\/\/www.estrategiaconcursos.com.br\/blog\/#organization\",\"name\":\"Estrat\u00e9gia Concursos\",\"url\":\"https:\/\/www.estrategiaconcursos.com.br\/blog\/\",\"logo\":{\"@type\":\"ImageObject\",\"inLanguage\":\"pt-BR\",\"@id\":\"https:\/\/www.estrategiaconcursos.com.br\/blog\/#\/schema\/logo\/image\/\",\"url\":\"https:\/\/dhg1h5j42swfq.cloudfront.net\/2025\/06\/03203428\/logo_concursos-1.jpg\",\"contentUrl\":\"https:\/\/dhg1h5j42swfq.cloudfront.net\/2025\/06\/03203428\/logo_concursos-1.jpg\",\"width\":230,\"height\":60,\"caption\":\"Estrat\u00e9gia Concursos\"},\"image\":{\"@id\":\"https:\/\/www.estrategiaconcursos.com.br\/blog\/#\/schema\/logo\/image\/\"},\"sameAs\":[\"https:\/\/x.com\/EstratConcursos\"]},{\"@type\":\"Person\",\"@id\":\"https:\/\/www.estrategiaconcursos.com.br\/blog\/#\/schema\/person\/b4a388c97673c5f483d72185668afa1f\",\"name\":\"Coordena\u00e7\u00e3o\",\"image\":{\"@type\":\"ImageObject\",\"inLanguage\":\"pt-BR\",\"@id\":\"https:\/\/secure.gravatar.com\/avatar\/b720319e4c9a967eb58678d110f4fe35452fc5d5f97b202bac7b8acceb18c6ad?s=96&d=mm&r=g\",\"url\":\"https:\/\/secure.gravatar.com\/avatar\/b720319e4c9a967eb58678d110f4fe35452fc5d5f97b202bac7b8acceb18c6ad?s=96&d=mm&r=g\",\"contentUrl\":\"https:\/\/secure.gravatar.com\/avatar\/b720319e4c9a967eb58678d110f4fe35452fc5d5f97b202bac7b8acceb18c6ad?s=96&d=mm&r=g\",\"caption\":\"Coordena\u00e7\u00e3o\"},\"sameAs\":[\"https:\/\/www.facebook.com\/EstrategiaConcursos\",\"https:\/\/x.com\/EstratConcursos\"],\"url\":\"https:\/\/www.estrategiaconcursos.com.br\/blog\/author\/estrategia2013\/\"}]}<\/script>\n<!-- \/ Yoast SEO Premium plugin. -->","yoast_head_json":{"title":"Termina nesta segunda-feira o prazo para inscri\u00e7\u00f5es no concurso da Secretaria de Pol\u00edticas para Crian\u00e7as, Adolescentes e Juventude do DF. S\u00e3o 144 vagas imediatas e mais 604 para CR","description":"Termina nesta segunda-feira, dia 9, o per\u00edodo para inscri\u00e7\u00f5es no concurso da Secretaria de Pol\u00edticas para Crian\u00e7as, Adolescentes e Juventude do DF.","robots":{"index":"index","follow":"follow","max-snippet":"max-snippet:-1","max-image-preview":"max-image-preview:large","max-video-preview":"max-video-preview:-1"},"canonical":"https:\/\/www.estrategiaconcursos.com.br\/blog\/termina-nesta-segunda-feira-as-inscricoes-para-o-concurso-da-secretaria-de-politicas-para-criancas-adolescentes-e-juventude-do-df-sao-144-vagas-imediatas-e-mais-604-para-cr\/","og_locale":"pt_BR","og_type":"article","og_title":"Termina nesta segunda-feira o prazo para inscri\u00e7\u00f5es no concurso da Secretaria de Pol\u00edticas para Crian\u00e7as, Adolescentes e Juventude do DF. S\u00e3o 144 vagas imediatas e mais 604 para CR","og_description":"Termina nesta segunda-feira, dia 9, o per\u00edodo para inscri\u00e7\u00f5es no concurso da Secretaria de Pol\u00edticas para Crian\u00e7as, Adolescentes e Juventude do DF.","og_url":"https:\/\/www.estrategiaconcursos.com.br\/blog\/termina-nesta-segunda-feira-as-inscricoes-para-o-concurso-da-secretaria-de-politicas-para-criancas-adolescentes-e-juventude-do-df-sao-144-vagas-imediatas-e-mais-604-para-cr\/","og_site_name":"Estrat\u00e9gia Concursos","article_author":"https:\/\/www.facebook.com\/EstrategiaConcursos","article_published_time":"2015-11-09T11:22:20+00:00","article_modified_time":"2015-11-09T11:23:11+00:00","og_image":[{"url":"https:\/\/dhg1h5j42swfq.cloudfront.net\/2015\/08\/26204734\/concurso-da-Secretaria-de-Pol%C3%ADticas-para-Crian%C3%A7as-Adolescentes-e-Juventude-do-DF.jpg","type":"","width":"","height":""}],"author":"Coordena\u00e7\u00e3o","twitter_card":"summary_large_image","twitter_creator":"@EstratConcursos","twitter_site":"@EstratConcursos","twitter_misc":{"Escrito por":"Coordena\u00e7\u00e3o","Est. tempo de leitura":"2 minutos"},"schema":{"@context":"https:\/\/schema.org","@graph":[{"@type":"NewsArticle","@id":"https:\/\/www.estrategiaconcursos.com.br\/blog\/termina-nesta-segunda-feira-as-inscricoes-para-o-concurso-da-secretaria-de-politicas-para-criancas-adolescentes-e-juventude-do-df-sao-144-vagas-imediatas-e-mais-604-para-cr\/#article","isPartOf":{"@id":"https:\/\/www.estrategiaconcursos.com.br\/blog\/termina-nesta-segunda-feira-as-inscricoes-para-o-concurso-da-secretaria-de-politicas-para-criancas-adolescentes-e-juventude-do-df-sao-144-vagas-imediatas-e-mais-604-para-cr\/"},"author":{"name":"Coordena\u00e7\u00e3o","@id":"https:\/\/www.estrategiaconcursos.com.br\/blog\/#\/schema\/person\/b4a388c97673c5f483d72185668afa1f"},"headline":"Termina nesta segunda-feira o prazo para inscri\u00e7\u00f5es no concurso da Secretaria de Pol\u00edticas para Crian\u00e7as, Adolescentes e Juventude do DF. S\u00e3o 144 vagas imediatas e mais 604 para CR","datePublished":"2015-11-09T11:22:20+00:00","dateModified":"2015-11-09T11:23:11+00:00","mainEntityOfPage":{"@id":"https:\/\/www.estrategiaconcursos.com.br\/blog\/termina-nesta-segunda-feira-as-inscricoes-para-o-concurso-da-secretaria-de-politicas-para-criancas-adolescentes-e-juventude-do-df-sao-144-vagas-imediatas-e-mais-604-para-cr\/"},"wordCount":376,"commentCount":0,"publisher":{"@id":"https:\/\/www.estrategiaconcursos.com.br\/blog\/#organization"},"image":{"@id":"https:\/\/www.estrategiaconcursos.com.br\/blog\/termina-nesta-segunda-feira-as-inscricoes-para-o-concurso-da-secretaria-de-politicas-para-criancas-adolescentes-e-juventude-do-df-sao-144-vagas-imediatas-e-mais-604-para-cr\/#primaryimage"},"thumbnailUrl":"https:\/\/dhg1h5j42swfq.cloudfront.net\/2015\/08\/26204734\/concurso-da-Secretaria-de-Pol%C3%ADticas-para-Crian%C3%A7as-Adolescentes-e-Juventude-do-DF.jpg","keywords":["Adolescentes e Juventude do DF","Secretaria de Pol\u00edticas para Crian\u00e7as"],"articleSection":["Concursos P\u00fablicos"],"inLanguage":"pt-BR","potentialAction":[{"@type":"CommentAction","name":"Comment","target":["https:\/\/www.estrategiaconcursos.com.br\/blog\/termina-nesta-segunda-feira-as-inscricoes-para-o-concurso-da-secretaria-de-politicas-para-criancas-adolescentes-e-juventude-do-df-sao-144-vagas-imediatas-e-mais-604-para-cr\/#respond"]}],"copyrightYear":"2015","copyrightHolder":{"@id":"https:\/\/www.estrategiaconcursos.com.br\/blog\/#organization"}},{"@type":"WebPage","@id":"https:\/\/www.estrategiaconcursos.com.br\/blog\/termina-nesta-segunda-feira-as-inscricoes-para-o-concurso-da-secretaria-de-politicas-para-criancas-adolescentes-e-juventude-do-df-sao-144-vagas-imediatas-e-mais-604-para-cr\/","url":"https:\/\/www.estrategiaconcursos.com.br\/blog\/termina-nesta-segunda-feira-as-inscricoes-para-o-concurso-da-secretaria-de-politicas-para-criancas-adolescentes-e-juventude-do-df-sao-144-vagas-imediatas-e-mais-604-para-cr\/","name":"Termina nesta segunda-feira o prazo para inscri\u00e7\u00f5es no concurso da Secretaria de Pol\u00edticas para Crian\u00e7as, Adolescentes e Juventude do DF. S\u00e3o 144 vagas imediatas e mais 604 para CR","isPartOf":{"@id":"https:\/\/www.estrategiaconcursos.com.br\/blog\/#website"},"primaryImageOfPage":{"@id":"https:\/\/www.estrategiaconcursos.com.br\/blog\/termina-nesta-segunda-feira-as-inscricoes-para-o-concurso-da-secretaria-de-politicas-para-criancas-adolescentes-e-juventude-do-df-sao-144-vagas-imediatas-e-mais-604-para-cr\/#primaryimage"},"image":{"@id":"https:\/\/www.estrategiaconcursos.com.br\/blog\/termina-nesta-segunda-feira-as-inscricoes-para-o-concurso-da-secretaria-de-politicas-para-criancas-adolescentes-e-juventude-do-df-sao-144-vagas-imediatas-e-mais-604-para-cr\/#primaryimage"},"thumbnailUrl":"https:\/\/dhg1h5j42swfq.cloudfront.net\/2015\/08\/26204734\/concurso-da-Secretaria-de-Pol%C3%ADticas-para-Crian%C3%A7as-Adolescentes-e-Juventude-do-DF.jpg","datePublished":"2015-11-09T11:22:20+00:00","dateModified":"2015-11-09T11:23:11+00:00","description":"Termina nesta segunda-feira, dia 9, o per\u00edodo para inscri\u00e7\u00f5es no concurso da Secretaria de Pol\u00edticas para Crian\u00e7as, Adolescentes e Juventude do DF.","breadcrumb":{"@id":"https:\/\/www.estrategiaconcursos.com.br\/blog\/termina-nesta-segunda-feira-as-inscricoes-para-o-concurso-da-secretaria-de-politicas-para-criancas-adolescentes-e-juventude-do-df-sao-144-vagas-imediatas-e-mais-604-para-cr\/#breadcrumb"},"inLanguage":"pt-BR","potentialAction":[{"@type":"ReadAction","target":["https:\/\/www.estrategiaconcursos.com.br\/blog\/termina-nesta-segunda-feira-as-inscricoes-para-o-concurso-da-secretaria-de-politicas-para-criancas-adolescentes-e-juventude-do-df-sao-144-vagas-imediatas-e-mais-604-para-cr\/"]}]},{"@type":"ImageObject","inLanguage":"pt-BR","@id":"https:\/\/www.estrategiaconcursos.com.br\/blog\/termina-nesta-segunda-feira-as-inscricoes-para-o-concurso-da-secretaria-de-politicas-para-criancas-adolescentes-e-juventude-do-df-sao-144-vagas-imediatas-e-mais-604-para-cr\/#primaryimage","url":"https:\/\/dhg1h5j42swfq.cloudfront.net\/2015\/08\/26204734\/concurso-da-Secretaria-de-Pol%C3%ADticas-para-Crian%C3%A7as-Adolescentes-e-Juventude-do-DF.jpg","contentUrl":"https:\/\/dhg1h5j42swfq.cloudfront.net\/2015\/08\/26204734\/concurso-da-Secretaria-de-Pol%C3%ADticas-para-Crian%C3%A7as-Adolescentes-e-Juventude-do-DF.jpg"},{"@type":"BreadcrumbList","@id":"https:\/\/www.estrategiaconcursos.com.br\/blog\/termina-nesta-segunda-feira-as-inscricoes-para-o-concurso-da-secretaria-de-politicas-para-criancas-adolescentes-e-juventude-do-df-sao-144-vagas-imediatas-e-mais-604-para-cr\/#breadcrumb","itemListElement":[{"@type":"ListItem","position":1,"name":"In\u00edcio","item":"https:\/\/www.estrategiaconcursos.com.br\/blog\/"},{"@type":"ListItem","position":2,"name":"Termina nesta segunda-feira o prazo para inscri\u00e7\u00f5es no concurso da Secretaria de Pol\u00edticas para Crian\u00e7as, Adolescentes e Juventude do DF. S\u00e3o 144 vagas imediatas e mais 604 para CR"}]},{"@type":"WebSite","@id":"https:\/\/www.estrategiaconcursos.com.br\/blog\/#website","url":"https:\/\/www.estrategiaconcursos.com.br\/blog\/","name":"Estrat\u00e9gia Concursos","description":"O blog da Estrat\u00e9gia Concursos traz not\u00edcias sobre concursos e artigos de professores oferecendo cursos para concursos (pdf + videaulas) no site.","publisher":{"@id":"https:\/\/www.estrategiaconcursos.com.br\/blog\/#organization"},"potentialAction":[{"@type":"SearchAction","target":{"@type":"EntryPoint","urlTemplate":"https:\/\/www.estrategiaconcursos.com.br\/blog\/?s={search_term_string}"},"query-input":{"@type":"PropertyValueSpecification","valueRequired":true,"valueName":"search_term_string"}}],"inLanguage":"pt-BR"},{"@type":"Organization","@id":"https:\/\/www.estrategiaconcursos.com.br\/blog\/#organization","name":"Estrat\u00e9gia Concursos","url":"https:\/\/www.estrategiaconcursos.com.br\/blog\/","logo":{"@type":"ImageObject","inLanguage":"pt-BR","@id":"https:\/\/www.estrategiaconcursos.com.br\/blog\/#\/schema\/logo\/image\/","url":"https:\/\/dhg1h5j42swfq.cloudfront.net\/2025\/06\/03203428\/logo_concursos-1.jpg","contentUrl":"https:\/\/dhg1h5j42swfq.cloudfront.net\/2025\/06\/03203428\/logo_concursos-1.jpg","width":230,"height":60,"caption":"Estrat\u00e9gia Concursos"},"image":{"@id":"https:\/\/www.estrategiaconcursos.com.br\/blog\/#\/schema\/logo\/image\/"},"sameAs":["https:\/\/x.com\/EstratConcursos"]},{"@type":"Person","@id":"https:\/\/www.estrategiaconcursos.com.br\/blog\/#\/schema\/person\/b4a388c97673c5f483d72185668afa1f","name":"Coordena\u00e7\u00e3o","image":{"@type":"ImageObject","inLanguage":"pt-BR","@id":"https:\/\/secure.gravatar.com\/avatar\/b720319e4c9a967eb58678d110f4fe35452fc5d5f97b202bac7b8acceb18c6ad?s=96&d=mm&r=g","url":"https:\/\/secure.gravatar.com\/avatar\/b720319e4c9a967eb58678d110f4fe35452fc5d5f97b202bac7b8acceb18c6ad?s=96&d=mm&r=g","contentUrl":"https:\/\/secure.gravatar.com\/avatar\/b720319e4c9a967eb58678d110f4fe35452fc5d5f97b202bac7b8acceb18c6ad?s=96&d=mm&r=g","caption":"Coordena\u00e7\u00e3o"},"sameAs":["https:\/\/www.facebook.com\/EstrategiaConcursos","https:\/\/x.com\/EstratConcursos"],"url":"https:\/\/www.estrategiaconcursos.com.br\/blog\/author\/estrategia2013\/"}]}},"_links":{"self":[{"href":"https:\/\/www.estrategiaconcursos.com.br\/blog\/wp-json\/wp\/v2\/posts\/28716","targetHints":{"allow":["GET"]}}],"collection":[{"href":"https:\/\/www.estrategiaconcursos.com.br\/blog\/wp-json\/wp\/v2\/posts"}],"about":[{"href":"https:\/\/www.estrategiaconcursos.com.br\/blog\/wp-json\/wp\/v2\/types\/post"}],"author":[{"embeddable":true,"href":"https:\/\/www.estrategiaconcursos.com.br\/blog\/wp-json\/wp\/v2\/users\/1"}],"replies":[{"embeddable":true,"href":"https:\/\/www.estrategiaconcursos.com.br\/blog\/wp-json\/wp\/v2\/comments?post=28716"}],"version-history":[{"count":4,"href":"https:\/\/www.estrategiaconcursos.com.br\/blog\/wp-json\/wp\/v2\/posts\/28716\/revisions"}],"predecessor-version":[{"id":28720,"href":"https:\/\/www.estrategiaconcursos.com.br\/blog\/wp-json\/wp\/v2\/posts\/28716\/revisions\/28720"}],"wp:attachment":[{"href":"https:\/\/www.estrategiaconcursos.com.br\/blog\/wp-json\/wp\/v2\/media?parent=28716"}],"wp:term":[{"taxonomy":"category","embeddable":true,"href":"https:\/\/www.estrategiaconcursos.com.br\/blog\/wp-json\/wp\/v2\/categories?post=28716"},{"taxonomy":"post_tag","embeddable":true,"href":"https:\/\/www.estrategiaconcursos.com.br\/blog\/wp-json\/wp\/v2\/tags?post=28716"},{"taxonomy":"tax_estado","embeddable":true,"href":"https:\/\/www.estrategiaconcursos.com.br\/blog\/wp-json\/wp\/v2\/tax_estado?post=28716"}],"curies":[{"name":"wp","href":"https:\/\/api.w.org\/{rel}","templated":true}]}}