{"id":28348,"date":"2015-10-23T22:44:07","date_gmt":"2015-10-24T01:44:07","guid":{"rendered":"http:\/\/www.estrategiaconcursos.com.br\/blog\/?p=28348"},"modified":"2015-10-26T08:15:31","modified_gmt":"2015-10-26T11:15:31","slug":"reflexoes-acerca-do-gabarito-definitivo-da-prova-de-pedagogo-stj","status":"publish","type":"post","link":"https:\/\/www.estrategiaconcursos.com.br\/blog\/reflexoes-acerca-do-gabarito-definitivo-da-prova-de-pedagogo-stj\/","title":{"rendered":"Reflex\u00f5es acerca do gabarito definitivo da prova de Pedagogo STJ"},"content":{"rendered":"<p>Ol\u00e1, Pessoal!<br \/>\nTudo bem?<br \/>\nSaiu o gabarito definitivo da prova de Pedagogo do STJ e gostaria de fazer uma breve reflex\u00e3o:<br \/>\n<em><strong>A Pedagogia \u00e9 ci\u00eancia humana. Logo, n\u00e3o h\u00e1 verdade absoluta.<\/strong><\/em><\/p>\n<p>Tal fator \u00e9 elevado \u00e0 <strong>m\u00e1xima pot\u00eancia<\/strong> quando falamos em concurso p\u00fablico. As bancas, muitas vezes, se acham soberanas e consideram uma resposta completamente diferente daquelas que estamos acostumados a ter em outras bancas. Tantas\u00a0vezes, desprezando o que \u00e9 dito por autores consagrados, inclusive.<\/p>\n<p>Entretanto, trabalhamos (Fabiana e eu), cerca de 30 horas semanais, com um \u00fanico objetivo: elaborarmos um material que contemple as principais vis\u00f5es daqueles autores respeitados pelas bancas. O que isso quer dizer? Que nosso material se preocupa em informar o que A MAIORIA das bancas cobra. \u00c9 um trabalho de muita pesquisa e de grande responsabilidade.<\/p>\n<p>E um excelente exemplo do que estou falando \u00e9 a anula\u00e7\u00e3o do item 94 da prova do STJ\/Pedagogo:<\/p>\n<p>94\u00a0<em>Os recursos audiovisuais foram os principais recursos tecnol\u00f3gicos utilizados na primeira fase da educa\u00e7\u00e3o a dist\u00e2ncia.\u00a0<\/em><\/p>\n<p>A princ\u00edpio, a banca considerou a quest\u00e3o <strong>correta<\/strong>. O que gerou uma s\u00e9rie de mensagens indignadas por parte de nossos alunos, pois, em nossa aula, afirmamos que \u201ca primeira gera\u00e7\u00e3o a EaD, sobretudo o ensino por correspond\u00eancia, surge efetivamente apenas em meados do S\u00e9culo XIX, em virtude do desenvolvimento dos meios de transporte e de comunica\u00e7\u00e3o, como trens e correio. Portanto, podemos apontar como sua primeira gera\u00e7\u00e3o os materiais primordialmente impressos e encaminhados pelos correios. Rapidamente, houve v\u00e1rias iniciativas de cria\u00e7\u00e3o de cursos a dist\u00e2ncia com o surgimento de sociedades, institutos e escolas\u201d.<\/p>\n<p>Tal defini\u00e7\u00e3o \u00e9 extra\u00edda de autores consagrados como MAIA e MATTAR, 2007; MOORE e KEARSLEY, 2008, por serem autores bastantes cobrados em certames de bancas tradicionais.<\/p>\n<p>Existe uma corrente que inclui os recursos audiovisuais na primeira fase da EaD? SIM! Existe! Mas n\u00e3o \u00e9 este o conceito que vem sendo apontado nas provas atuais. E como j\u00e1 falamos: prezamos por considerar o que \u00e9 dito pela MAIORIA dos autores. Tampouco seriam os principais recursos desta fase. Logo, o item est\u00e1 incorreto.<\/p>\n<p>Na ocasi\u00e3o, orientamos nossos alunos a impetrarem recursos.<br \/>\nCom o gabarito oficial, a quest\u00e3o foi <strong>anulada<\/strong>. Ou seja: o CESPE reconheceu que a afirmativa n\u00e3o era correta. <strong>E ficamos felizes, pois houve o reconhecimento de que a vis\u00e3o da banca diferia do consenso da maioria (o que nos inclui).<\/strong><\/p>\n<p><strong><em>E o que podemos considerar com tudo isso?<\/em><\/strong><br \/>\nMuitas vezes, a banca andar\u00e1 na contram\u00e3o SIM, do que est\u00e1 em diversos livros. Noutras vezes, ela considerar\u00e1 seu recurso. O que deve ficar em mente \u00e9 que a pedagogia \u00e9 uma ci\u00eancia humana e isso a deixa pass\u00edvel de interpreta\u00e7\u00e3o. Um mesmo assunto tem mais de um vi\u00e9s. Entretanto, o que buscamos, diuturnamente, \u00e9 estarmos alinhados ao que \u00e9 cobrado com const\u00e2ncia, pelas Bancas.\u00a0<span style=\"font-weight: 300;\">Analisando as outras quest\u00f5es anuladas pelo CESPE (Cebrasp) deste concurso, algumas que foram anuladas, entendemos que nem deveriam ser. Apenas a troca de gabarito em algumas delas, resolveria. Entretanto, a banca optou por anul\u00e1-las.<\/span><\/p>\n<p>E isso acontece em diversas provas. O que tem que ficar claro \u00e9 que os alunos do Estrat\u00e9gia Concursos SEMPRE ter\u00e3o os conte\u00fados mais atualizados para que possam estudar com seguran\u00e7a objetivando\u00a0sempre os melhores resultados.<br \/>\nE fica uma outra dica: o treino leva a perfei\u00e7\u00e3o. Quanto mais exerc\u00edcios de provas anteriores voc\u00eas fizerem, mais f\u00e1cil ficar\u00e1 o entendimento de como a banca \u201craciocina\u201d em cima dos assuntos cobrados.<\/p>\n<p>Desejamos a todos excelentes estudos e ficamos no aguardo de not\u00edcias de posse, como tem acontecido nos concursos em que ministramos cursos.<br \/>\nUm abra\u00e7o.<\/p>\n<p>Fernanda e Fabiana<\/p>\n","protected":false},"excerpt":{"rendered":"<p>Ol\u00e1, Pessoal! Tudo bem? Saiu o gabarito definitivo da prova de Pedagogo do STJ e gostaria de fazer uma breve reflex\u00e3o: A Pedagogia \u00e9 ci\u00eancia humana. Logo, n\u00e3o h\u00e1 verdade absoluta. Tal fator \u00e9 elevado \u00e0 m\u00e1xima pot\u00eancia quando falamos em concurso p\u00fablico. As bancas, muitas vezes, se acham soberanas e consideram uma resposta completamente [&hellip;]<\/p>\n","protected":false},"author":126,"featured_media":0,"comment_status":"open","ping_status":"open","sticky":false,"template":"","format":"standard","meta":{"post_tipo":"article","footnotes":""},"categories":[],"tags":[53,818],"tax_estado":[],"class_list":["post-28348","post","type-post","status-publish","format-standard","hentry","tag-pedagogia","tag-stj"],"acf":[],"yoast_head":"<!-- This site is optimized with the Yoast SEO Premium plugin v27.2 (Yoast SEO v27.2) - https:\/\/yoast.com\/product\/yoast-seo-premium-wordpress\/ -->\n<title>Reflex\u00f5es gabarito definitivo da prova de Pedagogo STJ<\/title>\n<meta name=\"description\" content=\"Saiu o gabarito definitivo da prova de Pedagogo do STJ e gostaria de fazer uma breve reflex\u00e3o: A Pedagogia \u00e9 ci\u00eancia humana. Logo, n\u00e3o h\u00e1 verdade absoluta.\" \/>\n<meta name=\"robots\" content=\"index, follow, max-snippet:-1, max-image-preview:large, max-video-preview:-1\" \/>\n<link rel=\"canonical\" href=\"https:\/\/www.estrategiaconcursos.com.br\/blog\/reflexoes-acerca-do-gabarito-definitivo-da-prova-de-pedagogo-stj\/\" \/>\n<meta property=\"og:locale\" content=\"pt_BR\" \/>\n<meta property=\"og:type\" content=\"article\" \/>\n<meta property=\"og:title\" content=\"Reflex\u00f5es acerca do gabarito definitivo da prova de Pedagogo STJ\" \/>\n<meta property=\"og:description\" content=\"Saiu o gabarito definitivo da prova de Pedagogo do STJ e gostaria de fazer uma breve reflex\u00e3o: A Pedagogia \u00e9 ci\u00eancia humana. Logo, n\u00e3o h\u00e1 verdade absoluta.\" \/>\n<meta property=\"og:url\" content=\"https:\/\/www.estrategiaconcursos.com.br\/blog\/reflexoes-acerca-do-gabarito-definitivo-da-prova-de-pedagogo-stj\/\" \/>\n<meta property=\"og:site_name\" content=\"Estrat\u00e9gia Concursos\" \/>\n<meta property=\"article:published_time\" content=\"2015-10-24T01:44:07+00:00\" \/>\n<meta property=\"article:modified_time\" content=\"2015-10-26T11:15:31+00:00\" \/>\n<meta name=\"author\" content=\"Fernanda Lima\" \/>\n<meta name=\"twitter:card\" content=\"summary_large_image\" \/>\n<meta name=\"twitter:creator\" content=\"@EstratConcursos\" \/>\n<meta name=\"twitter:site\" content=\"@EstratConcursos\" \/>\n<meta name=\"twitter:label1\" content=\"Escrito por\" \/>\n\t<meta name=\"twitter:data1\" content=\"Fernanda Lima\" \/>\n\t<meta name=\"twitter:label2\" content=\"Est. tempo de leitura\" \/>\n\t<meta name=\"twitter:data2\" content=\"3 minutos\" \/>\n<script type=\"application\/ld+json\" class=\"yoast-schema-graph\">{\"@context\":\"https:\/\/schema.org\",\"@graph\":[{\"@type\":\"NewsArticle\",\"@id\":\"https:\/\/www.estrategiaconcursos.com.br\/blog\/reflexoes-acerca-do-gabarito-definitivo-da-prova-de-pedagogo-stj\/#article\",\"isPartOf\":{\"@id\":\"https:\/\/www.estrategiaconcursos.com.br\/blog\/reflexoes-acerca-do-gabarito-definitivo-da-prova-de-pedagogo-stj\/\"},\"author\":{\"name\":\"Fernanda Lima\",\"@id\":\"https:\/\/www.estrategiaconcursos.com.br\/blog\/#\/schema\/person\/5d4ebb838c36e7268ecdb69610a40bce\"},\"headline\":\"Reflex\u00f5es acerca do gabarito definitivo da prova de Pedagogo STJ\",\"datePublished\":\"2015-10-24T01:44:07+00:00\",\"dateModified\":\"2015-10-26T11:15:31+00:00\",\"mainEntityOfPage\":{\"@id\":\"https:\/\/www.estrategiaconcursos.com.br\/blog\/reflexoes-acerca-do-gabarito-definitivo-da-prova-de-pedagogo-stj\/\"},\"wordCount\":633,\"commentCount\":2,\"publisher\":{\"@id\":\"https:\/\/www.estrategiaconcursos.com.br\/blog\/#organization\"},\"keywords\":[\"Pedagogia\",\"STJ\"],\"inLanguage\":\"pt-BR\",\"potentialAction\":[{\"@type\":\"CommentAction\",\"name\":\"Comment\",\"target\":[\"https:\/\/www.estrategiaconcursos.com.br\/blog\/reflexoes-acerca-do-gabarito-definitivo-da-prova-de-pedagogo-stj\/#respond\"]}],\"copyrightYear\":\"2015\",\"copyrightHolder\":{\"@id\":\"https:\/\/www.estrategiaconcursos.com.br\/blog\/#organization\"}},{\"@type\":\"WebPage\",\"@id\":\"https:\/\/www.estrategiaconcursos.com.br\/blog\/reflexoes-acerca-do-gabarito-definitivo-da-prova-de-pedagogo-stj\/\",\"url\":\"https:\/\/www.estrategiaconcursos.com.br\/blog\/reflexoes-acerca-do-gabarito-definitivo-da-prova-de-pedagogo-stj\/\",\"name\":\"Reflex\u00f5es gabarito definitivo da prova de Pedagogo STJ\",\"isPartOf\":{\"@id\":\"https:\/\/www.estrategiaconcursos.com.br\/blog\/#website\"},\"datePublished\":\"2015-10-24T01:44:07+00:00\",\"dateModified\":\"2015-10-26T11:15:31+00:00\",\"description\":\"Saiu o gabarito definitivo da prova de Pedagogo do STJ e gostaria de fazer uma breve reflex\u00e3o: A Pedagogia \u00e9 ci\u00eancia humana. Logo, n\u00e3o h\u00e1 verdade absoluta.\",\"breadcrumb\":{\"@id\":\"https:\/\/www.estrategiaconcursos.com.br\/blog\/reflexoes-acerca-do-gabarito-definitivo-da-prova-de-pedagogo-stj\/#breadcrumb\"},\"inLanguage\":\"pt-BR\",\"potentialAction\":[{\"@type\":\"ReadAction\",\"target\":[\"https:\/\/www.estrategiaconcursos.com.br\/blog\/reflexoes-acerca-do-gabarito-definitivo-da-prova-de-pedagogo-stj\/\"]}]},{\"@type\":\"BreadcrumbList\",\"@id\":\"https:\/\/www.estrategiaconcursos.com.br\/blog\/reflexoes-acerca-do-gabarito-definitivo-da-prova-de-pedagogo-stj\/#breadcrumb\",\"itemListElement\":[{\"@type\":\"ListItem\",\"position\":1,\"name\":\"In\u00edcio\",\"item\":\"https:\/\/www.estrategiaconcursos.com.br\/blog\/\"},{\"@type\":\"ListItem\",\"position\":2,\"name\":\"Reflex\u00f5es acerca do gabarito definitivo da prova de Pedagogo STJ\"}]},{\"@type\":\"WebSite\",\"@id\":\"https:\/\/www.estrategiaconcursos.com.br\/blog\/#website\",\"url\":\"https:\/\/www.estrategiaconcursos.com.br\/blog\/\",\"name\":\"Estrat\u00e9gia Concursos\",\"description\":\"O blog da Estrat\u00e9gia Concursos traz not\u00edcias sobre concursos e artigos de professores oferecendo cursos para concursos (pdf + videaulas) no site.\",\"publisher\":{\"@id\":\"https:\/\/www.estrategiaconcursos.com.br\/blog\/#organization\"},\"potentialAction\":[{\"@type\":\"SearchAction\",\"target\":{\"@type\":\"EntryPoint\",\"urlTemplate\":\"https:\/\/www.estrategiaconcursos.com.br\/blog\/?s={search_term_string}\"},\"query-input\":{\"@type\":\"PropertyValueSpecification\",\"valueRequired\":true,\"valueName\":\"search_term_string\"}}],\"inLanguage\":\"pt-BR\"},{\"@type\":\"Organization\",\"@id\":\"https:\/\/www.estrategiaconcursos.com.br\/blog\/#organization\",\"name\":\"Estrat\u00e9gia Concursos\",\"url\":\"https:\/\/www.estrategiaconcursos.com.br\/blog\/\",\"logo\":{\"@type\":\"ImageObject\",\"inLanguage\":\"pt-BR\",\"@id\":\"https:\/\/www.estrategiaconcursos.com.br\/blog\/#\/schema\/logo\/image\/\",\"url\":\"https:\/\/dhg1h5j42swfq.cloudfront.net\/2025\/06\/03203428\/logo_concursos-1.jpg\",\"contentUrl\":\"https:\/\/dhg1h5j42swfq.cloudfront.net\/2025\/06\/03203428\/logo_concursos-1.jpg\",\"width\":230,\"height\":60,\"caption\":\"Estrat\u00e9gia Concursos\"},\"image\":{\"@id\":\"https:\/\/www.estrategiaconcursos.com.br\/blog\/#\/schema\/logo\/image\/\"},\"sameAs\":[\"https:\/\/x.com\/EstratConcursos\"]},{\"@type\":\"Person\",\"@id\":\"https:\/\/www.estrategiaconcursos.com.br\/blog\/#\/schema\/person\/5d4ebb838c36e7268ecdb69610a40bce\",\"name\":\"Fernanda Lima\",\"image\":{\"@type\":\"ImageObject\",\"inLanguage\":\"pt-BR\",\"@id\":\"https:\/\/secure.gravatar.com\/avatar\/a3b4c6d78711dc76e039bdcfddf6735abbc256395f7becce9441eb63d000a0b6?s=96&d=mm&r=g\",\"url\":\"https:\/\/secure.gravatar.com\/avatar\/a3b4c6d78711dc76e039bdcfddf6735abbc256395f7becce9441eb63d000a0b6?s=96&d=mm&r=g\",\"contentUrl\":\"https:\/\/secure.gravatar.com\/avatar\/a3b4c6d78711dc76e039bdcfddf6735abbc256395f7becce9441eb63d000a0b6?s=96&d=mm&r=g\",\"caption\":\"Fernanda Lima\"},\"url\":\"https:\/\/www.estrategiaconcursos.com.br\/blog\/author\/fernandalimaestrategiaconcursos-com-br\/\"}]}<\/script>\n<!-- \/ Yoast SEO Premium plugin. -->","yoast_head_json":{"title":"Reflex\u00f5es gabarito definitivo da prova de Pedagogo STJ","description":"Saiu o gabarito definitivo da prova de Pedagogo do STJ e gostaria de fazer uma breve reflex\u00e3o: A Pedagogia \u00e9 ci\u00eancia humana. Logo, n\u00e3o h\u00e1 verdade absoluta.","robots":{"index":"index","follow":"follow","max-snippet":"max-snippet:-1","max-image-preview":"max-image-preview:large","max-video-preview":"max-video-preview:-1"},"canonical":"https:\/\/www.estrategiaconcursos.com.br\/blog\/reflexoes-acerca-do-gabarito-definitivo-da-prova-de-pedagogo-stj\/","og_locale":"pt_BR","og_type":"article","og_title":"Reflex\u00f5es acerca do gabarito definitivo da prova de Pedagogo STJ","og_description":"Saiu o gabarito definitivo da prova de Pedagogo do STJ e gostaria de fazer uma breve reflex\u00e3o: A Pedagogia \u00e9 ci\u00eancia humana. Logo, n\u00e3o h\u00e1 verdade absoluta.","og_url":"https:\/\/www.estrategiaconcursos.com.br\/blog\/reflexoes-acerca-do-gabarito-definitivo-da-prova-de-pedagogo-stj\/","og_site_name":"Estrat\u00e9gia Concursos","article_published_time":"2015-10-24T01:44:07+00:00","article_modified_time":"2015-10-26T11:15:31+00:00","author":"Fernanda Lima","twitter_card":"summary_large_image","twitter_creator":"@EstratConcursos","twitter_site":"@EstratConcursos","twitter_misc":{"Escrito por":"Fernanda Lima","Est. tempo de leitura":"3 minutos"},"schema":{"@context":"https:\/\/schema.org","@graph":[{"@type":"NewsArticle","@id":"https:\/\/www.estrategiaconcursos.com.br\/blog\/reflexoes-acerca-do-gabarito-definitivo-da-prova-de-pedagogo-stj\/#article","isPartOf":{"@id":"https:\/\/www.estrategiaconcursos.com.br\/blog\/reflexoes-acerca-do-gabarito-definitivo-da-prova-de-pedagogo-stj\/"},"author":{"name":"Fernanda Lima","@id":"https:\/\/www.estrategiaconcursos.com.br\/blog\/#\/schema\/person\/5d4ebb838c36e7268ecdb69610a40bce"},"headline":"Reflex\u00f5es acerca do gabarito definitivo da prova de Pedagogo STJ","datePublished":"2015-10-24T01:44:07+00:00","dateModified":"2015-10-26T11:15:31+00:00","mainEntityOfPage":{"@id":"https:\/\/www.estrategiaconcursos.com.br\/blog\/reflexoes-acerca-do-gabarito-definitivo-da-prova-de-pedagogo-stj\/"},"wordCount":633,"commentCount":2,"publisher":{"@id":"https:\/\/www.estrategiaconcursos.com.br\/blog\/#organization"},"keywords":["Pedagogia","STJ"],"inLanguage":"pt-BR","potentialAction":[{"@type":"CommentAction","name":"Comment","target":["https:\/\/www.estrategiaconcursos.com.br\/blog\/reflexoes-acerca-do-gabarito-definitivo-da-prova-de-pedagogo-stj\/#respond"]}],"copyrightYear":"2015","copyrightHolder":{"@id":"https:\/\/www.estrategiaconcursos.com.br\/blog\/#organization"}},{"@type":"WebPage","@id":"https:\/\/www.estrategiaconcursos.com.br\/blog\/reflexoes-acerca-do-gabarito-definitivo-da-prova-de-pedagogo-stj\/","url":"https:\/\/www.estrategiaconcursos.com.br\/blog\/reflexoes-acerca-do-gabarito-definitivo-da-prova-de-pedagogo-stj\/","name":"Reflex\u00f5es gabarito definitivo da prova de Pedagogo STJ","isPartOf":{"@id":"https:\/\/www.estrategiaconcursos.com.br\/blog\/#website"},"datePublished":"2015-10-24T01:44:07+00:00","dateModified":"2015-10-26T11:15:31+00:00","description":"Saiu o gabarito definitivo da prova de Pedagogo do STJ e gostaria de fazer uma breve reflex\u00e3o: A Pedagogia \u00e9 ci\u00eancia humana. Logo, n\u00e3o h\u00e1 verdade absoluta.","breadcrumb":{"@id":"https:\/\/www.estrategiaconcursos.com.br\/blog\/reflexoes-acerca-do-gabarito-definitivo-da-prova-de-pedagogo-stj\/#breadcrumb"},"inLanguage":"pt-BR","potentialAction":[{"@type":"ReadAction","target":["https:\/\/www.estrategiaconcursos.com.br\/blog\/reflexoes-acerca-do-gabarito-definitivo-da-prova-de-pedagogo-stj\/"]}]},{"@type":"BreadcrumbList","@id":"https:\/\/www.estrategiaconcursos.com.br\/blog\/reflexoes-acerca-do-gabarito-definitivo-da-prova-de-pedagogo-stj\/#breadcrumb","itemListElement":[{"@type":"ListItem","position":1,"name":"In\u00edcio","item":"https:\/\/www.estrategiaconcursos.com.br\/blog\/"},{"@type":"ListItem","position":2,"name":"Reflex\u00f5es acerca do gabarito definitivo da prova de Pedagogo STJ"}]},{"@type":"WebSite","@id":"https:\/\/www.estrategiaconcursos.com.br\/blog\/#website","url":"https:\/\/www.estrategiaconcursos.com.br\/blog\/","name":"Estrat\u00e9gia Concursos","description":"O blog da Estrat\u00e9gia Concursos traz not\u00edcias sobre concursos e artigos de professores oferecendo cursos para concursos (pdf + videaulas) no site.","publisher":{"@id":"https:\/\/www.estrategiaconcursos.com.br\/blog\/#organization"},"potentialAction":[{"@type":"SearchAction","target":{"@type":"EntryPoint","urlTemplate":"https:\/\/www.estrategiaconcursos.com.br\/blog\/?s={search_term_string}"},"query-input":{"@type":"PropertyValueSpecification","valueRequired":true,"valueName":"search_term_string"}}],"inLanguage":"pt-BR"},{"@type":"Organization","@id":"https:\/\/www.estrategiaconcursos.com.br\/blog\/#organization","name":"Estrat\u00e9gia Concursos","url":"https:\/\/www.estrategiaconcursos.com.br\/blog\/","logo":{"@type":"ImageObject","inLanguage":"pt-BR","@id":"https:\/\/www.estrategiaconcursos.com.br\/blog\/#\/schema\/logo\/image\/","url":"https:\/\/dhg1h5j42swfq.cloudfront.net\/2025\/06\/03203428\/logo_concursos-1.jpg","contentUrl":"https:\/\/dhg1h5j42swfq.cloudfront.net\/2025\/06\/03203428\/logo_concursos-1.jpg","width":230,"height":60,"caption":"Estrat\u00e9gia Concursos"},"image":{"@id":"https:\/\/www.estrategiaconcursos.com.br\/blog\/#\/schema\/logo\/image\/"},"sameAs":["https:\/\/x.com\/EstratConcursos"]},{"@type":"Person","@id":"https:\/\/www.estrategiaconcursos.com.br\/blog\/#\/schema\/person\/5d4ebb838c36e7268ecdb69610a40bce","name":"Fernanda Lima","image":{"@type":"ImageObject","inLanguage":"pt-BR","@id":"https:\/\/secure.gravatar.com\/avatar\/a3b4c6d78711dc76e039bdcfddf6735abbc256395f7becce9441eb63d000a0b6?s=96&d=mm&r=g","url":"https:\/\/secure.gravatar.com\/avatar\/a3b4c6d78711dc76e039bdcfddf6735abbc256395f7becce9441eb63d000a0b6?s=96&d=mm&r=g","contentUrl":"https:\/\/secure.gravatar.com\/avatar\/a3b4c6d78711dc76e039bdcfddf6735abbc256395f7becce9441eb63d000a0b6?s=96&d=mm&r=g","caption":"Fernanda Lima"},"url":"https:\/\/www.estrategiaconcursos.com.br\/blog\/author\/fernandalimaestrategiaconcursos-com-br\/"}]}},"_links":{"self":[{"href":"https:\/\/www.estrategiaconcursos.com.br\/blog\/wp-json\/wp\/v2\/posts\/28348","targetHints":{"allow":["GET"]}}],"collection":[{"href":"https:\/\/www.estrategiaconcursos.com.br\/blog\/wp-json\/wp\/v2\/posts"}],"about":[{"href":"https:\/\/www.estrategiaconcursos.com.br\/blog\/wp-json\/wp\/v2\/types\/post"}],"author":[{"embeddable":true,"href":"https:\/\/www.estrategiaconcursos.com.br\/blog\/wp-json\/wp\/v2\/users\/126"}],"replies":[{"embeddable":true,"href":"https:\/\/www.estrategiaconcursos.com.br\/blog\/wp-json\/wp\/v2\/comments?post=28348"}],"version-history":[{"count":11,"href":"https:\/\/www.estrategiaconcursos.com.br\/blog\/wp-json\/wp\/v2\/posts\/28348\/revisions"}],"predecessor-version":[{"id":28370,"href":"https:\/\/www.estrategiaconcursos.com.br\/blog\/wp-json\/wp\/v2\/posts\/28348\/revisions\/28370"}],"wp:attachment":[{"href":"https:\/\/www.estrategiaconcursos.com.br\/blog\/wp-json\/wp\/v2\/media?parent=28348"}],"wp:term":[{"taxonomy":"category","embeddable":true,"href":"https:\/\/www.estrategiaconcursos.com.br\/blog\/wp-json\/wp\/v2\/categories?post=28348"},{"taxonomy":"post_tag","embeddable":true,"href":"https:\/\/www.estrategiaconcursos.com.br\/blog\/wp-json\/wp\/v2\/tags?post=28348"},{"taxonomy":"tax_estado","embeddable":true,"href":"https:\/\/www.estrategiaconcursos.com.br\/blog\/wp-json\/wp\/v2\/tax_estado?post=28348"}],"curies":[{"name":"wp","href":"https:\/\/api.w.org\/{rel}","templated":true}]}}