{"id":28273,"date":"2015-10-21T07:41:12","date_gmt":"2015-10-21T10:41:12","guid":{"rendered":"http:\/\/www.estrategiaconcursos.com.br\/blog\/?p=28273"},"modified":"2015-10-20T17:46:54","modified_gmt":"2015-10-20T20:46:54","slug":"concurso-tre-mt-prazo-para-inscricoes-termina-nesta-quarta-feira","status":"publish","type":"post","link":"https:\/\/www.estrategiaconcursos.com.br\/blog\/concurso-tre-mt-prazo-para-inscricoes-termina-nesta-quarta-feira\/","title":{"rendered":"Concurso TRE-MT: Prazo para inscri\u00e7\u00f5es termina nesta quarta-feira. Vagas para os cargos de T\u00e9cnico e Analista Judici\u00e1rio. Saiba mais!"},"content":{"rendered":"<p style=\"text-align: justify;\"><span style=\"color: #000000;\"><a href=\"https:\/\/dhg1h5j42swfq.cloudfront.net\/2015\/08\/13102657\/concurso-TRE-MT.jpg\"><img loading=\"lazy\" decoding=\"async\" class=\"alignleft wp-image-25524 size-thumbnail\" src=\"https:\/\/dhg1h5j42swfq.cloudfront.net\/2015\/08\/13102657\/concurso-TRE-MT-150x150.jpg\" alt=\"concurso TRE-MT\" width=\"150\" height=\"150\" \/><\/a>Termina nesta quarta-feira, 21,\u00a0o prazo para inscri\u00e7\u00f5es no concurso\u00a0do\u00a0Tribunal Regional Eleitoral de Mato Grosso (<span style=\"color: #3366ff;\"><a style=\"color: #3366ff;\" href=\"https:\/\/www.estrategiaconcursos.com.br\/cursosPorConcurso\/tre-mt-tribunal-regional-eleitoral-do-mato-grosso-403\/\">concurso TRE-MT<\/a><\/span>), que visa o preenchimento de\u00a012 vagas e forma\u00e7\u00e3o de cadastro de reserva em cargos de n\u00edvel m\u00e9dio e superior. Os interessados devem acessar o site\u00a0<span style=\"color: #3366ff;\"><a style=\"color: #3366ff;\" href=\"http:\/\/www.cespe.unb.br\/concursos\/tre_mt_15\/\" target=\"_blank\">http:\/\/www.cespe.unb.br\/concursos\/tre_mt_15\/<\/a><\/span>\u00a0at\u00e9 as 23h59, hor\u00e1rio de Bras\u00edlia. As taxas s\u00e3o de R$ 70 para n\u00edvel m\u00e9dio e de R$ 90 para n\u00edvel superior.<\/span><\/p>\n<p style=\"text-align: justify;\"><span style=\"color: #000000;\">Para quem possui n\u00edvel superior, as oportunidades do concurso TRE-MT s\u00e3o para o cargo de Analista nas \u00e1reas\u00a0Administrativa (CR), Judici\u00e1ria (4), An\u00e1lise de Sistemas (CR), Contabilidade (CR) e Engenharia (CR). J\u00e1 para quem possui n\u00edvel m\u00e9dio, as vagas s\u00e3o para T\u00e9cnico Judici\u00e1rio na \u00e1rea Administrativa (5) e de Programa\u00e7\u00e3o de Sistemas (3).\u00a0Os sal\u00e1rios s\u00e3o de R$ 8.803,97 e\u00a0R$ 5.365,92, respectivamente e a\u00a0jornada semanal de trabalho \u00e9 de 40 horas<\/span><\/p>\n<p style=\"text-align: justify;\"><span style=\"color: #000000;\">O concurso ter\u00e1 provas objetiva e discursiva, aplicadas em 13 de dezembro, pela manh\u00e3 para n\u00edvel superior e \u00e0 tarde para n\u00edvel m\u00e9dio,\u00a0\u00a0nas cidades de Barra do Gar\u00e7as, Cuiab\u00e1 e Sinop.<\/span><\/p>\n<p style=\"text-align: justify;\"><span style=\"color: #000000;\">O prazo de validade do concurso TRE-MT \u00e9 de dois anos, contados a partir da data de publica\u00e7\u00e3o da homologa\u00e7\u00e3o do resultado final, podendo ser prorrogado, uma \u00fanica vez, por igual per\u00edodo.<\/span><\/p>\n<p style=\"text-align: justify;\"><span style=\"color: #000000;\">Confira o edital em:<\/span><\/p>\n<p style=\"text-align: justify;\"><span style=\"color: #3366ff;\"><a style=\"color: #3366ff;\" href=\"https:\/\/dhg1h5j42swfq.cloudfront.net\/2015\/09\/24163726\/Edital-concurso-TRE-MT.pdf\">Edital concurso TRE-MT<\/a><\/span><\/p>\n<p style=\"text-align: justify;\"><span style=\"color: #000000;\"><strong>O Estrat\u00e9gia Concursos j\u00e1 lan\u00e7ou cursos para o concurso TRE-MT. Confira em:<\/strong><\/span><\/p>\n<p style=\"text-align: justify;\"><span style=\"color: #3366ff;\"><a style=\"color: #3366ff;\" href=\"https:\/\/www.estrategiaconcursos.com.br\/cursosPorConcurso\/tre-mt-tribunal-regional-eleitoral-do-mato-grosso-403\/\">https:\/\/www.estrategiaconcursos.com.br\/cursosPorConcurso\/tre-mt-tribunal-regional-eleitoral-do-mato-grosso-403\/<\/a><\/span><\/p>\n<p style=\"text-align: justify;\"><span style=\"color: #000000;\">Assessoria de Comunica\u00e7\u00e3o<\/span><\/p>\n<p style=\"text-align: justify;\"><span style=\"color: #000000;\">comunicacao@estrategiaconcursos.com.br<\/span><\/p>\n","protected":false},"excerpt":{"rendered":"<p>Termina nesta quarta-feira, 21,\u00a0o prazo para inscri\u00e7\u00f5es no concurso\u00a0do\u00a0Tribunal Regional Eleitoral de Mato Grosso (concurso TRE-MT), que visa o preenchimento de\u00a012 vagas e forma\u00e7\u00e3o de cadastro de reserva em cargos de n\u00edvel m\u00e9dio e superior. Os interessados devem acessar o site\u00a0http:\/\/www.cespe.unb.br\/concursos\/tre_mt_15\/\u00a0at\u00e9 as 23h59, hor\u00e1rio de Bras\u00edlia. As taxas s\u00e3o de R$ 70 para n\u00edvel m\u00e9dio [&hellip;]<\/p>\n","protected":false},"author":1,"featured_media":0,"comment_status":"open","ping_status":"open","sticky":false,"template":"","format":"standard","meta":{"post_tipo":"news","footnotes":""},"categories":[1],"tags":[858],"tax_estado":[],"class_list":["post-28273","post","type-post","status-publish","format-standard","hentry","category-cursos-e-concursos","tag-tre-mt"],"acf":[],"yoast_head":"<!-- This site is optimized with the Yoast SEO Premium plugin v27.2 (Yoast SEO v27.2) - https:\/\/yoast.com\/product\/yoast-seo-premium-wordpress\/ -->\n<title>Concurso TRE-MT: Prazo para inscri\u00e7\u00f5es termina nesta quarta-feira. Vagas para os cargos de T\u00e9cnico e Analista Judici\u00e1rio. Saiba mais!<\/title>\n<meta name=\"description\" content=\"Termina nesta quarta-feira, 21, o prazo para inscri\u00e7\u00f5es no concurso TRE-MT. Saiba mais!\" \/>\n<meta name=\"robots\" content=\"index, follow, max-snippet:-1, max-image-preview:large, max-video-preview:-1\" \/>\n<link rel=\"canonical\" href=\"https:\/\/www.estrategiaconcursos.com.br\/blog\/concurso-tre-mt-prazo-para-inscricoes-termina-nesta-quarta-feira\/\" \/>\n<meta property=\"og:locale\" content=\"pt_BR\" \/>\n<meta property=\"og:type\" content=\"article\" \/>\n<meta property=\"og:title\" content=\"Concurso TRE-MT: Prazo para inscri\u00e7\u00f5es termina nesta quarta-feira. Vagas para os cargos de T\u00e9cnico e Analista Judici\u00e1rio. Saiba mais!\" \/>\n<meta property=\"og:description\" content=\"Termina nesta quarta-feira, 21, o prazo para inscri\u00e7\u00f5es no concurso TRE-MT. Saiba mais!\" \/>\n<meta property=\"og:url\" content=\"https:\/\/www.estrategiaconcursos.com.br\/blog\/concurso-tre-mt-prazo-para-inscricoes-termina-nesta-quarta-feira\/\" \/>\n<meta property=\"og:site_name\" content=\"Estrat\u00e9gia Concursos\" \/>\n<meta property=\"article:author\" content=\"https:\/\/www.facebook.com\/EstrategiaConcursos\" \/>\n<meta property=\"article:published_time\" content=\"2015-10-21T10:41:12+00:00\" \/>\n<meta property=\"og:image\" content=\"https:\/\/dhg1h5j42swfq.cloudfront.net\/2015\/08\/13102657\/concurso-TRE-MT-150x150.jpg\" \/>\n<meta name=\"author\" content=\"Coordena\u00e7\u00e3o\" \/>\n<meta name=\"twitter:card\" content=\"summary_large_image\" \/>\n<meta name=\"twitter:creator\" content=\"@EstratConcursos\" \/>\n<meta name=\"twitter:site\" content=\"@EstratConcursos\" \/>\n<meta name=\"twitter:label1\" content=\"Escrito por\" \/>\n\t<meta name=\"twitter:data1\" content=\"Coordena\u00e7\u00e3o\" \/>\n\t<meta name=\"twitter:label2\" content=\"Est. tempo de leitura\" \/>\n\t<meta name=\"twitter:data2\" content=\"1 minuto\" \/>\n<script type=\"application\/ld+json\" class=\"yoast-schema-graph\">{\"@context\":\"https:\/\/schema.org\",\"@graph\":[{\"@type\":\"NewsArticle\",\"@id\":\"https:\/\/www.estrategiaconcursos.com.br\/blog\/concurso-tre-mt-prazo-para-inscricoes-termina-nesta-quarta-feira\/#article\",\"isPartOf\":{\"@id\":\"https:\/\/www.estrategiaconcursos.com.br\/blog\/concurso-tre-mt-prazo-para-inscricoes-termina-nesta-quarta-feira\/\"},\"author\":{\"name\":\"Coordena\u00e7\u00e3o\",\"@id\":\"https:\/\/www.estrategiaconcursos.com.br\/blog\/#\/schema\/person\/b4a388c97673c5f483d72185668afa1f\"},\"headline\":\"Concurso TRE-MT: Prazo para inscri\u00e7\u00f5es termina nesta quarta-feira. Vagas para os cargos de T\u00e9cnico e Analista Judici\u00e1rio. Saiba mais!\",\"datePublished\":\"2015-10-21T10:41:12+00:00\",\"mainEntityOfPage\":{\"@id\":\"https:\/\/www.estrategiaconcursos.com.br\/blog\/concurso-tre-mt-prazo-para-inscricoes-termina-nesta-quarta-feira\/\"},\"wordCount\":285,\"commentCount\":0,\"publisher\":{\"@id\":\"https:\/\/www.estrategiaconcursos.com.br\/blog\/#organization\"},\"image\":{\"@id\":\"https:\/\/www.estrategiaconcursos.com.br\/blog\/concurso-tre-mt-prazo-para-inscricoes-termina-nesta-quarta-feira\/#primaryimage\"},\"thumbnailUrl\":\"https:\/\/dhg1h5j42swfq.cloudfront.net\/2015\/08\/13102657\/concurso-TRE-MT-150x150.jpg\",\"keywords\":[\"TRE-MT\"],\"articleSection\":[\"Concursos P\u00fablicos\"],\"inLanguage\":\"pt-BR\",\"potentialAction\":[{\"@type\":\"CommentAction\",\"name\":\"Comment\",\"target\":[\"https:\/\/www.estrategiaconcursos.com.br\/blog\/concurso-tre-mt-prazo-para-inscricoes-termina-nesta-quarta-feira\/#respond\"]}],\"copyrightYear\":\"2015\",\"copyrightHolder\":{\"@id\":\"https:\/\/www.estrategiaconcursos.com.br\/blog\/#organization\"}},{\"@type\":\"WebPage\",\"@id\":\"https:\/\/www.estrategiaconcursos.com.br\/blog\/concurso-tre-mt-prazo-para-inscricoes-termina-nesta-quarta-feira\/\",\"url\":\"https:\/\/www.estrategiaconcursos.com.br\/blog\/concurso-tre-mt-prazo-para-inscricoes-termina-nesta-quarta-feira\/\",\"name\":\"Concurso TRE-MT: Prazo para inscri\u00e7\u00f5es termina nesta quarta-feira. Vagas para os cargos de T\u00e9cnico e Analista Judici\u00e1rio. Saiba mais!\",\"isPartOf\":{\"@id\":\"https:\/\/www.estrategiaconcursos.com.br\/blog\/#website\"},\"primaryImageOfPage\":{\"@id\":\"https:\/\/www.estrategiaconcursos.com.br\/blog\/concurso-tre-mt-prazo-para-inscricoes-termina-nesta-quarta-feira\/#primaryimage\"},\"image\":{\"@id\":\"https:\/\/www.estrategiaconcursos.com.br\/blog\/concurso-tre-mt-prazo-para-inscricoes-termina-nesta-quarta-feira\/#primaryimage\"},\"thumbnailUrl\":\"https:\/\/dhg1h5j42swfq.cloudfront.net\/2015\/08\/13102657\/concurso-TRE-MT-150x150.jpg\",\"datePublished\":\"2015-10-21T10:41:12+00:00\",\"description\":\"Termina nesta quarta-feira, 21, o prazo para inscri\u00e7\u00f5es no concurso TRE-MT. Saiba mais!\",\"breadcrumb\":{\"@id\":\"https:\/\/www.estrategiaconcursos.com.br\/blog\/concurso-tre-mt-prazo-para-inscricoes-termina-nesta-quarta-feira\/#breadcrumb\"},\"inLanguage\":\"pt-BR\",\"potentialAction\":[{\"@type\":\"ReadAction\",\"target\":[\"https:\/\/www.estrategiaconcursos.com.br\/blog\/concurso-tre-mt-prazo-para-inscricoes-termina-nesta-quarta-feira\/\"]}]},{\"@type\":\"ImageObject\",\"inLanguage\":\"pt-BR\",\"@id\":\"https:\/\/www.estrategiaconcursos.com.br\/blog\/concurso-tre-mt-prazo-para-inscricoes-termina-nesta-quarta-feira\/#primaryimage\",\"url\":\"https:\/\/dhg1h5j42swfq.cloudfront.net\/2015\/08\/13102657\/concurso-TRE-MT-150x150.jpg\",\"contentUrl\":\"https:\/\/dhg1h5j42swfq.cloudfront.net\/2015\/08\/13102657\/concurso-TRE-MT-150x150.jpg\"},{\"@type\":\"BreadcrumbList\",\"@id\":\"https:\/\/www.estrategiaconcursos.com.br\/blog\/concurso-tre-mt-prazo-para-inscricoes-termina-nesta-quarta-feira\/#breadcrumb\",\"itemListElement\":[{\"@type\":\"ListItem\",\"position\":1,\"name\":\"In\u00edcio\",\"item\":\"https:\/\/www.estrategiaconcursos.com.br\/blog\/\"},{\"@type\":\"ListItem\",\"position\":2,\"name\":\"Concurso TRE-MT: Prazo para inscri\u00e7\u00f5es termina nesta quarta-feira. Vagas para os cargos de T\u00e9cnico e Analista Judici\u00e1rio. Saiba mais!\"}]},{\"@type\":\"WebSite\",\"@id\":\"https:\/\/www.estrategiaconcursos.com.br\/blog\/#website\",\"url\":\"https:\/\/www.estrategiaconcursos.com.br\/blog\/\",\"name\":\"Estrat\u00e9gia Concursos\",\"description\":\"O blog da Estrat\u00e9gia Concursos traz not\u00edcias sobre concursos e artigos de professores oferecendo cursos para concursos (pdf + videaulas) no site.\",\"publisher\":{\"@id\":\"https:\/\/www.estrategiaconcursos.com.br\/blog\/#organization\"},\"potentialAction\":[{\"@type\":\"SearchAction\",\"target\":{\"@type\":\"EntryPoint\",\"urlTemplate\":\"https:\/\/www.estrategiaconcursos.com.br\/blog\/?s={search_term_string}\"},\"query-input\":{\"@type\":\"PropertyValueSpecification\",\"valueRequired\":true,\"valueName\":\"search_term_string\"}}],\"inLanguage\":\"pt-BR\"},{\"@type\":\"Organization\",\"@id\":\"https:\/\/www.estrategiaconcursos.com.br\/blog\/#organization\",\"name\":\"Estrat\u00e9gia Concursos\",\"url\":\"https:\/\/www.estrategiaconcursos.com.br\/blog\/\",\"logo\":{\"@type\":\"ImageObject\",\"inLanguage\":\"pt-BR\",\"@id\":\"https:\/\/www.estrategiaconcursos.com.br\/blog\/#\/schema\/logo\/image\/\",\"url\":\"https:\/\/dhg1h5j42swfq.cloudfront.net\/2025\/06\/03203428\/logo_concursos-1.jpg\",\"contentUrl\":\"https:\/\/dhg1h5j42swfq.cloudfront.net\/2025\/06\/03203428\/logo_concursos-1.jpg\",\"width\":230,\"height\":60,\"caption\":\"Estrat\u00e9gia Concursos\"},\"image\":{\"@id\":\"https:\/\/www.estrategiaconcursos.com.br\/blog\/#\/schema\/logo\/image\/\"},\"sameAs\":[\"https:\/\/x.com\/EstratConcursos\"]},{\"@type\":\"Person\",\"@id\":\"https:\/\/www.estrategiaconcursos.com.br\/blog\/#\/schema\/person\/b4a388c97673c5f483d72185668afa1f\",\"name\":\"Coordena\u00e7\u00e3o\",\"image\":{\"@type\":\"ImageObject\",\"inLanguage\":\"pt-BR\",\"@id\":\"https:\/\/secure.gravatar.com\/avatar\/b720319e4c9a967eb58678d110f4fe35452fc5d5f97b202bac7b8acceb18c6ad?s=96&d=mm&r=g\",\"url\":\"https:\/\/secure.gravatar.com\/avatar\/b720319e4c9a967eb58678d110f4fe35452fc5d5f97b202bac7b8acceb18c6ad?s=96&d=mm&r=g\",\"contentUrl\":\"https:\/\/secure.gravatar.com\/avatar\/b720319e4c9a967eb58678d110f4fe35452fc5d5f97b202bac7b8acceb18c6ad?s=96&d=mm&r=g\",\"caption\":\"Coordena\u00e7\u00e3o\"},\"sameAs\":[\"https:\/\/www.facebook.com\/EstrategiaConcursos\",\"https:\/\/x.com\/EstratConcursos\"],\"url\":\"https:\/\/www.estrategiaconcursos.com.br\/blog\/author\/estrategia2013\/\"}]}<\/script>\n<!-- \/ Yoast SEO Premium plugin. -->","yoast_head_json":{"title":"Concurso TRE-MT: Prazo para inscri\u00e7\u00f5es termina nesta quarta-feira. Vagas para os cargos de T\u00e9cnico e Analista Judici\u00e1rio. Saiba mais!","description":"Termina nesta quarta-feira, 21, o prazo para inscri\u00e7\u00f5es no concurso TRE-MT. Saiba mais!","robots":{"index":"index","follow":"follow","max-snippet":"max-snippet:-1","max-image-preview":"max-image-preview:large","max-video-preview":"max-video-preview:-1"},"canonical":"https:\/\/www.estrategiaconcursos.com.br\/blog\/concurso-tre-mt-prazo-para-inscricoes-termina-nesta-quarta-feira\/","og_locale":"pt_BR","og_type":"article","og_title":"Concurso TRE-MT: Prazo para inscri\u00e7\u00f5es termina nesta quarta-feira. Vagas para os cargos de T\u00e9cnico e Analista Judici\u00e1rio. Saiba mais!","og_description":"Termina nesta quarta-feira, 21, o prazo para inscri\u00e7\u00f5es no concurso TRE-MT. Saiba mais!","og_url":"https:\/\/www.estrategiaconcursos.com.br\/blog\/concurso-tre-mt-prazo-para-inscricoes-termina-nesta-quarta-feira\/","og_site_name":"Estrat\u00e9gia Concursos","article_author":"https:\/\/www.facebook.com\/EstrategiaConcursos","article_published_time":"2015-10-21T10:41:12+00:00","og_image":[{"url":"https:\/\/dhg1h5j42swfq.cloudfront.net\/2015\/08\/13102657\/concurso-TRE-MT-150x150.jpg","type":"","width":"","height":""}],"author":"Coordena\u00e7\u00e3o","twitter_card":"summary_large_image","twitter_creator":"@EstratConcursos","twitter_site":"@EstratConcursos","twitter_misc":{"Escrito por":"Coordena\u00e7\u00e3o","Est. tempo de leitura":"1 minuto"},"schema":{"@context":"https:\/\/schema.org","@graph":[{"@type":"NewsArticle","@id":"https:\/\/www.estrategiaconcursos.com.br\/blog\/concurso-tre-mt-prazo-para-inscricoes-termina-nesta-quarta-feira\/#article","isPartOf":{"@id":"https:\/\/www.estrategiaconcursos.com.br\/blog\/concurso-tre-mt-prazo-para-inscricoes-termina-nesta-quarta-feira\/"},"author":{"name":"Coordena\u00e7\u00e3o","@id":"https:\/\/www.estrategiaconcursos.com.br\/blog\/#\/schema\/person\/b4a388c97673c5f483d72185668afa1f"},"headline":"Concurso TRE-MT: Prazo para inscri\u00e7\u00f5es termina nesta quarta-feira. Vagas para os cargos de T\u00e9cnico e Analista Judici\u00e1rio. Saiba mais!","datePublished":"2015-10-21T10:41:12+00:00","mainEntityOfPage":{"@id":"https:\/\/www.estrategiaconcursos.com.br\/blog\/concurso-tre-mt-prazo-para-inscricoes-termina-nesta-quarta-feira\/"},"wordCount":285,"commentCount":0,"publisher":{"@id":"https:\/\/www.estrategiaconcursos.com.br\/blog\/#organization"},"image":{"@id":"https:\/\/www.estrategiaconcursos.com.br\/blog\/concurso-tre-mt-prazo-para-inscricoes-termina-nesta-quarta-feira\/#primaryimage"},"thumbnailUrl":"https:\/\/dhg1h5j42swfq.cloudfront.net\/2015\/08\/13102657\/concurso-TRE-MT-150x150.jpg","keywords":["TRE-MT"],"articleSection":["Concursos P\u00fablicos"],"inLanguage":"pt-BR","potentialAction":[{"@type":"CommentAction","name":"Comment","target":["https:\/\/www.estrategiaconcursos.com.br\/blog\/concurso-tre-mt-prazo-para-inscricoes-termina-nesta-quarta-feira\/#respond"]}],"copyrightYear":"2015","copyrightHolder":{"@id":"https:\/\/www.estrategiaconcursos.com.br\/blog\/#organization"}},{"@type":"WebPage","@id":"https:\/\/www.estrategiaconcursos.com.br\/blog\/concurso-tre-mt-prazo-para-inscricoes-termina-nesta-quarta-feira\/","url":"https:\/\/www.estrategiaconcursos.com.br\/blog\/concurso-tre-mt-prazo-para-inscricoes-termina-nesta-quarta-feira\/","name":"Concurso TRE-MT: Prazo para inscri\u00e7\u00f5es termina nesta quarta-feira. Vagas para os cargos de T\u00e9cnico e Analista Judici\u00e1rio. Saiba mais!","isPartOf":{"@id":"https:\/\/www.estrategiaconcursos.com.br\/blog\/#website"},"primaryImageOfPage":{"@id":"https:\/\/www.estrategiaconcursos.com.br\/blog\/concurso-tre-mt-prazo-para-inscricoes-termina-nesta-quarta-feira\/#primaryimage"},"image":{"@id":"https:\/\/www.estrategiaconcursos.com.br\/blog\/concurso-tre-mt-prazo-para-inscricoes-termina-nesta-quarta-feira\/#primaryimage"},"thumbnailUrl":"https:\/\/dhg1h5j42swfq.cloudfront.net\/2015\/08\/13102657\/concurso-TRE-MT-150x150.jpg","datePublished":"2015-10-21T10:41:12+00:00","description":"Termina nesta quarta-feira, 21, o prazo para inscri\u00e7\u00f5es no concurso TRE-MT. Saiba mais!","breadcrumb":{"@id":"https:\/\/www.estrategiaconcursos.com.br\/blog\/concurso-tre-mt-prazo-para-inscricoes-termina-nesta-quarta-feira\/#breadcrumb"},"inLanguage":"pt-BR","potentialAction":[{"@type":"ReadAction","target":["https:\/\/www.estrategiaconcursos.com.br\/blog\/concurso-tre-mt-prazo-para-inscricoes-termina-nesta-quarta-feira\/"]}]},{"@type":"ImageObject","inLanguage":"pt-BR","@id":"https:\/\/www.estrategiaconcursos.com.br\/blog\/concurso-tre-mt-prazo-para-inscricoes-termina-nesta-quarta-feira\/#primaryimage","url":"https:\/\/dhg1h5j42swfq.cloudfront.net\/2015\/08\/13102657\/concurso-TRE-MT-150x150.jpg","contentUrl":"https:\/\/dhg1h5j42swfq.cloudfront.net\/2015\/08\/13102657\/concurso-TRE-MT-150x150.jpg"},{"@type":"BreadcrumbList","@id":"https:\/\/www.estrategiaconcursos.com.br\/blog\/concurso-tre-mt-prazo-para-inscricoes-termina-nesta-quarta-feira\/#breadcrumb","itemListElement":[{"@type":"ListItem","position":1,"name":"In\u00edcio","item":"https:\/\/www.estrategiaconcursos.com.br\/blog\/"},{"@type":"ListItem","position":2,"name":"Concurso TRE-MT: Prazo para inscri\u00e7\u00f5es termina nesta quarta-feira. Vagas para os cargos de T\u00e9cnico e Analista Judici\u00e1rio. Saiba mais!"}]},{"@type":"WebSite","@id":"https:\/\/www.estrategiaconcursos.com.br\/blog\/#website","url":"https:\/\/www.estrategiaconcursos.com.br\/blog\/","name":"Estrat\u00e9gia Concursos","description":"O blog da Estrat\u00e9gia Concursos traz not\u00edcias sobre concursos e artigos de professores oferecendo cursos para concursos (pdf + videaulas) no site.","publisher":{"@id":"https:\/\/www.estrategiaconcursos.com.br\/blog\/#organization"},"potentialAction":[{"@type":"SearchAction","target":{"@type":"EntryPoint","urlTemplate":"https:\/\/www.estrategiaconcursos.com.br\/blog\/?s={search_term_string}"},"query-input":{"@type":"PropertyValueSpecification","valueRequired":true,"valueName":"search_term_string"}}],"inLanguage":"pt-BR"},{"@type":"Organization","@id":"https:\/\/www.estrategiaconcursos.com.br\/blog\/#organization","name":"Estrat\u00e9gia Concursos","url":"https:\/\/www.estrategiaconcursos.com.br\/blog\/","logo":{"@type":"ImageObject","inLanguage":"pt-BR","@id":"https:\/\/www.estrategiaconcursos.com.br\/blog\/#\/schema\/logo\/image\/","url":"https:\/\/dhg1h5j42swfq.cloudfront.net\/2025\/06\/03203428\/logo_concursos-1.jpg","contentUrl":"https:\/\/dhg1h5j42swfq.cloudfront.net\/2025\/06\/03203428\/logo_concursos-1.jpg","width":230,"height":60,"caption":"Estrat\u00e9gia Concursos"},"image":{"@id":"https:\/\/www.estrategiaconcursos.com.br\/blog\/#\/schema\/logo\/image\/"},"sameAs":["https:\/\/x.com\/EstratConcursos"]},{"@type":"Person","@id":"https:\/\/www.estrategiaconcursos.com.br\/blog\/#\/schema\/person\/b4a388c97673c5f483d72185668afa1f","name":"Coordena\u00e7\u00e3o","image":{"@type":"ImageObject","inLanguage":"pt-BR","@id":"https:\/\/secure.gravatar.com\/avatar\/b720319e4c9a967eb58678d110f4fe35452fc5d5f97b202bac7b8acceb18c6ad?s=96&d=mm&r=g","url":"https:\/\/secure.gravatar.com\/avatar\/b720319e4c9a967eb58678d110f4fe35452fc5d5f97b202bac7b8acceb18c6ad?s=96&d=mm&r=g","contentUrl":"https:\/\/secure.gravatar.com\/avatar\/b720319e4c9a967eb58678d110f4fe35452fc5d5f97b202bac7b8acceb18c6ad?s=96&d=mm&r=g","caption":"Coordena\u00e7\u00e3o"},"sameAs":["https:\/\/www.facebook.com\/EstrategiaConcursos","https:\/\/x.com\/EstratConcursos"],"url":"https:\/\/www.estrategiaconcursos.com.br\/blog\/author\/estrategia2013\/"}]}},"_links":{"self":[{"href":"https:\/\/www.estrategiaconcursos.com.br\/blog\/wp-json\/wp\/v2\/posts\/28273","targetHints":{"allow":["GET"]}}],"collection":[{"href":"https:\/\/www.estrategiaconcursos.com.br\/blog\/wp-json\/wp\/v2\/posts"}],"about":[{"href":"https:\/\/www.estrategiaconcursos.com.br\/blog\/wp-json\/wp\/v2\/types\/post"}],"author":[{"embeddable":true,"href":"https:\/\/www.estrategiaconcursos.com.br\/blog\/wp-json\/wp\/v2\/users\/1"}],"replies":[{"embeddable":true,"href":"https:\/\/www.estrategiaconcursos.com.br\/blog\/wp-json\/wp\/v2\/comments?post=28273"}],"version-history":[{"count":1,"href":"https:\/\/www.estrategiaconcursos.com.br\/blog\/wp-json\/wp\/v2\/posts\/28273\/revisions"}],"predecessor-version":[{"id":28278,"href":"https:\/\/www.estrategiaconcursos.com.br\/blog\/wp-json\/wp\/v2\/posts\/28273\/revisions\/28278"}],"wp:attachment":[{"href":"https:\/\/www.estrategiaconcursos.com.br\/blog\/wp-json\/wp\/v2\/media?parent=28273"}],"wp:term":[{"taxonomy":"category","embeddable":true,"href":"https:\/\/www.estrategiaconcursos.com.br\/blog\/wp-json\/wp\/v2\/categories?post=28273"},{"taxonomy":"post_tag","embeddable":true,"href":"https:\/\/www.estrategiaconcursos.com.br\/blog\/wp-json\/wp\/v2\/tags?post=28273"},{"taxonomy":"tax_estado","embeddable":true,"href":"https:\/\/www.estrategiaconcursos.com.br\/blog\/wp-json\/wp\/v2\/tax_estado?post=28273"}],"curies":[{"name":"wp","href":"https:\/\/api.w.org\/{rel}","templated":true}]}}