{"id":28188,"date":"2015-10-21T08:15:10","date_gmt":"2015-10-21T11:15:10","guid":{"rendered":"http:\/\/www.estrategiaconcursos.com.br\/blog\/?p=28188"},"modified":"2015-10-19T09:22:16","modified_gmt":"2015-10-19T12:22:16","slug":"concurso-tre-ap-prazo-para-inscricoes-termina-nesta-quarta-feira-vagas-para-os-cargos-de-tecnico-e-analista-judiciario-saiba-mais","status":"publish","type":"post","link":"https:\/\/www.estrategiaconcursos.com.br\/blog\/concurso-tre-ap-prazo-para-inscricoes-termina-nesta-quarta-feira-vagas-para-os-cargos-de-tecnico-e-analista-judiciario-saiba-mais\/","title":{"rendered":"Concurso TRE-AP: Prazo para inscri\u00e7\u00f5es termina nesta quarta-feira. Vagas para os cargos de T\u00e9cnico e Analista Judici\u00e1rio. Saiba mais!"},"content":{"rendered":"<p style=\"text-align: justify;\"><span style=\"color: #000000;\"><a href=\"https:\/\/dhg1h5j42swfq.cloudfront.net\/2015\/09\/24101952\/concurso-TRE-AP-2.jpg\"><img loading=\"lazy\" decoding=\"async\" class=\"alignleft wp-image-27409 size-medium\" src=\"https:\/\/dhg1h5j42swfq.cloudfront.net\/2015\/09\/24101952\/concurso-TRE-AP-2-300x153.jpg\" alt=\"concurso TRE-AP 2\" width=\"300\" height=\"153\" srcset=\"https:\/\/dhg1h5j42swfq.cloudfront.net\/2015\/09\/24101952\/concurso-TRE-AP-2.jpg 300w, https:\/\/dhg1h5j42swfq.cloudfront.net\/2015\/09\/24101952\/concurso-TRE-AP-2.jpg 500w, https:\/\/dhg1h5j42swfq.cloudfront.net\/2015\/09\/24101952\/concurso-TRE-AP-2.jpg 800w\" sizes=\"auto, (max-width: 300px) 100vw, 300px\" \/><\/a>Termina nesta quarta-feira, 21, o prazo para inscri\u00e7\u00f5es no concurso do\u00a0Tribunal Regional Eleitoral do Amap\u00e1 (<span style=\"color: #3366ff;\"><a style=\"color: #3366ff;\" href=\"https:\/\/www.estrategiaconcursos.com.br\/cursosPorConcurso\/tre-ap-tribunal-regional-eleitoral-do-amapa-427\/\">Concurso TRE-AP<\/a>)<\/span>, que prev\u00ea o preenchimento de vagas em cargos de n\u00edveis m\u00e9dio e superior. Os interessados devem acessar o site da organizadora, a <span style=\"color: #3366ff;\"><a style=\"color: #3366ff;\" href=\"http:\/\/www.concursosfcc.com.br\/concursos\/treap115\/index.html\">FCC<\/a><\/span>, at\u00e9 \u00e0s 14h. As taxas s\u00e3o de R$ 60,00 e R$ 80,00.<\/span><\/p>\n<p style=\"text-align: justify;\"><span style=\"color: #000000;\">Para quem possui n\u00edvel m\u00e9dio, as vagas do concurso TRE-AP s\u00e3o para\u00a0o cargo de T\u00e9cnico Judici\u00e1rio na \u00e1rea Administrativa (4 vagas), al\u00e9m de forma\u00e7\u00e3o de cadastro de reserva nas \u00e1reas de\u00a0 Especializado em Programa\u00e7\u00e3o de Sistemas e Opera\u00e7\u00e3o de Computadores. Para este, a remunera\u00e7\u00e3o ofertada \u00e9 de\u00a0R$ 5.425,79.<\/span><\/p>\n<p style=\"text-align: justify;\"><span style=\"color: #000000;\">J\u00e1 para n\u00edvel superior, as vagas s\u00e3o para o cargo de\u00a0Analista Judici\u00e1rio, na \u00e1rea Judici\u00e1ria (2 vagas), e cadastro de reserva nas \u00e1reas Administrativa e Apoio Especializado em Engenharia, An\u00e1lise de Sistemas e Contabilidade. A remunera\u00e7\u00e3o oferecida \u00e9 de\u00a0R$ 8.863,84.<\/span><\/p>\n<p style=\"text-align: justify;\"><span style=\"color: #000000;\">Clique na imagem para amplia-la:<\/span><\/p>\n<p><a href=\"https:\/\/dhg1h5j42swfq.cloudfront.net\/2015\/09\/24132009\/concurso-TRE-AP.jpg\"><img loading=\"lazy\" decoding=\"async\" class=\"aligncenter wp-image-27412 size-large\" src=\"https:\/\/dhg1h5j42swfq.cloudfront.net\/2015\/09\/24132009\/concurso-TRE-AP-1024x782.jpg\" alt=\"concurso TRE-AP\" width=\"584\" height=\"446\" srcset=\"https:\/\/dhg1h5j42swfq.cloudfront.net\/2015\/09\/24132009\/concurso-TRE-AP.jpg 1024w, https:\/\/dhg1h5j42swfq.cloudfront.net\/2015\/09\/24132009\/concurso-TRE-AP.jpg 300w, https:\/\/dhg1h5j42swfq.cloudfront.net\/2015\/09\/24132009\/concurso-TRE-AP.jpg 393w\" sizes=\"auto, (max-width: 584px) 100vw, 584px\" \/><\/a><\/p>\n<p><a href=\"https:\/\/dhg1h5j42swfq.cloudfront.net\/2015\/09\/24132009\/concurso-TRE-AP-3.jpg\"><img loading=\"lazy\" decoding=\"async\" class=\"aligncenter wp-image-27413 size-large\" src=\"https:\/\/dhg1h5j42swfq.cloudfront.net\/2015\/09\/24132009\/concurso-TRE-AP-3-1024x621.jpg\" alt=\"concurso TRE-AP 3\" width=\"584\" height=\"354\" srcset=\"https:\/\/dhg1h5j42swfq.cloudfront.net\/2015\/09\/24132009\/concurso-TRE-AP-3.jpg 1024w, https:\/\/dhg1h5j42swfq.cloudfront.net\/2015\/09\/24132009\/concurso-TRE-AP-3.jpg 300w, https:\/\/dhg1h5j42swfq.cloudfront.net\/2015\/09\/24132009\/concurso-TRE-AP-3.jpg 494w\" sizes=\"auto, (max-width: 584px) 100vw, 584px\" \/><\/a><\/p>\n<p style=\"text-align: justify;\"><span style=\"color: #000000;\">As provas objetiva,\u00a0com quest\u00f5es de conhecimentos gerais e espec\u00edficos, e discursiva de reda\u00e7\u00e3o\u00a0do concurso TRE-AP ser\u00e3o realizadas no dia 08 de novembro de 2015\u00a0na Cidade de Macap\u00e1\/AP.<\/span><\/p>\n<p style=\"text-align: justify;\"><span style=\"color: #000000;\">O concurso TRE-AP\u00a0ter\u00e1 validade de dois anos, a contar da data da publica\u00e7\u00e3o da homologa\u00e7\u00e3o do resultado final, podendo ser prorrogado por igual per\u00edodo, a crit\u00e9rio do Tribunal Regional Eleitoral do Amap\u00e1.<\/span><\/p>\n<p style=\"text-align: justify;\"><span style=\"color: #000000;\">\u00a0Confira o edital em:<\/span><\/p>\n<p><span style=\"color: #3366ff;\"><a style=\"color: #3366ff;\" href=\"https:\/\/dhg1h5j42swfq.cloudfront.net\/2015\/09\/24101432\/Edital-concurso-TRE-AP.pdf\">Edital concurso TRE-AP<\/a><\/span><\/p>\n<p><span style=\"color: #000000;\"><strong>O Estrat\u00e9gia Concursos j\u00e1 lan\u00e7ou cursos para o concurso TRE-AP (os cursos lan\u00e7ados pr\u00e9 edital ser\u00e3o atualizados de acordo com o edital). Confira em:<\/strong><\/span><\/p>\n<p><span style=\"color: #3366ff;\"><a style=\"color: #3366ff;\" href=\"https:\/\/www.estrategiaconcursos.com.br\/cursosPorConcurso\/tre-ap-tribunal-regional-eleitoral-do-amapa-427\/\">https:\/\/www.estrategiaconcursos.com.br\/cursosPorConcurso\/tre-ap-tribunal-regional-eleitoral-do-amapa-427\/<\/a><\/span><\/p>\n<p><span style=\"color: #000000;\">Assessoria de Comunica\u00e7\u00e3o<\/span><\/p>\n<p><span style=\"color: #000000;\">comunicacao@estrategiaconcursos.com.br<\/span><\/p>\n<p>&nbsp;<\/p>\n","protected":false},"excerpt":{"rendered":"<p>Termina nesta quarta-feira, 21, o prazo para inscri\u00e7\u00f5es no concurso do\u00a0Tribunal Regional Eleitoral do Amap\u00e1 (Concurso TRE-AP), que prev\u00ea o preenchimento de vagas em cargos de n\u00edveis m\u00e9dio e superior. Os interessados devem acessar o site da organizadora, a FCC, at\u00e9 \u00e0s 14h. As taxas s\u00e3o de R$ 60,00 e R$ 80,00. Para quem possui [&hellip;]<\/p>\n","protected":false},"author":1,"featured_media":0,"comment_status":"open","ping_status":"open","sticky":false,"template":"","format":"standard","meta":{"post_tipo":"news","footnotes":""},"categories":[1],"tags":[1012],"tax_estado":[],"class_list":["post-28188","post","type-post","status-publish","format-standard","hentry","category-cursos-e-concursos","tag-tre-ap"],"acf":[],"yoast_head":"<!-- This site is optimized with the Yoast SEO Premium plugin v27.2 (Yoast SEO v27.2) - https:\/\/yoast.com\/product\/yoast-seo-premium-wordpress\/ -->\n<title>Concurso TRE-AP: Prazo para inscri\u00e7\u00f5es termina nesta quarta-feira. Vagas para os cargos de T\u00e9cnico e Analista Judici\u00e1rio. Saiba mais!<\/title>\n<meta name=\"description\" content=\"Termina nesta quarta-feira, 21, o prazo para inscri\u00e7\u00f5es no concurso TRE-AP. Saiba mais!\" \/>\n<meta name=\"robots\" content=\"index, follow, max-snippet:-1, max-image-preview:large, max-video-preview:-1\" \/>\n<link rel=\"canonical\" href=\"https:\/\/www.estrategiaconcursos.com.br\/blog\/concurso-tre-ap-prazo-para-inscricoes-termina-nesta-quarta-feira-vagas-para-os-cargos-de-tecnico-e-analista-judiciario-saiba-mais\/\" \/>\n<meta property=\"og:locale\" content=\"pt_BR\" \/>\n<meta property=\"og:type\" content=\"article\" \/>\n<meta property=\"og:title\" content=\"Concurso TRE-AP: Prazo para inscri\u00e7\u00f5es termina nesta quarta-feira. Vagas para os cargos de T\u00e9cnico e Analista Judici\u00e1rio. Saiba mais!\" \/>\n<meta property=\"og:description\" content=\"Termina nesta quarta-feira, 21, o prazo para inscri\u00e7\u00f5es no concurso TRE-AP. Saiba mais!\" \/>\n<meta property=\"og:url\" content=\"https:\/\/www.estrategiaconcursos.com.br\/blog\/concurso-tre-ap-prazo-para-inscricoes-termina-nesta-quarta-feira-vagas-para-os-cargos-de-tecnico-e-analista-judiciario-saiba-mais\/\" \/>\n<meta property=\"og:site_name\" content=\"Estrat\u00e9gia Concursos\" \/>\n<meta property=\"article:author\" content=\"https:\/\/www.facebook.com\/EstrategiaConcursos\" \/>\n<meta property=\"article:published_time\" content=\"2015-10-21T11:15:10+00:00\" \/>\n<meta property=\"og:image\" content=\"https:\/\/dhg1h5j42swfq.cloudfront.net\/2015\/09\/24101952\/concurso-TRE-AP-2-300x153.jpg\" \/>\n<meta name=\"author\" content=\"Coordena\u00e7\u00e3o\" \/>\n<meta name=\"twitter:card\" content=\"summary_large_image\" \/>\n<meta name=\"twitter:creator\" content=\"@EstratConcursos\" \/>\n<meta name=\"twitter:site\" content=\"@EstratConcursos\" \/>\n<meta name=\"twitter:label1\" content=\"Escrito por\" \/>\n\t<meta name=\"twitter:data1\" content=\"Coordena\u00e7\u00e3o\" \/>\n\t<meta name=\"twitter:label2\" content=\"Est. tempo de leitura\" \/>\n\t<meta name=\"twitter:data2\" content=\"1 minuto\" \/>\n<script type=\"application\/ld+json\" class=\"yoast-schema-graph\">{\"@context\":\"https:\/\/schema.org\",\"@graph\":[{\"@type\":\"NewsArticle\",\"@id\":\"https:\/\/www.estrategiaconcursos.com.br\/blog\/concurso-tre-ap-prazo-para-inscricoes-termina-nesta-quarta-feira-vagas-para-os-cargos-de-tecnico-e-analista-judiciario-saiba-mais\/#article\",\"isPartOf\":{\"@id\":\"https:\/\/www.estrategiaconcursos.com.br\/blog\/concurso-tre-ap-prazo-para-inscricoes-termina-nesta-quarta-feira-vagas-para-os-cargos-de-tecnico-e-analista-judiciario-saiba-mais\/\"},\"author\":{\"name\":\"Coordena\u00e7\u00e3o\",\"@id\":\"https:\/\/www.estrategiaconcursos.com.br\/blog\/#\/schema\/person\/b4a388c97673c5f483d72185668afa1f\"},\"headline\":\"Concurso TRE-AP: Prazo para inscri\u00e7\u00f5es termina nesta quarta-feira. Vagas para os cargos de T\u00e9cnico e Analista Judici\u00e1rio. Saiba mais!\",\"datePublished\":\"2015-10-21T11:15:10+00:00\",\"mainEntityOfPage\":{\"@id\":\"https:\/\/www.estrategiaconcursos.com.br\/blog\/concurso-tre-ap-prazo-para-inscricoes-termina-nesta-quarta-feira-vagas-para-os-cargos-de-tecnico-e-analista-judiciario-saiba-mais\/\"},\"wordCount\":304,\"commentCount\":0,\"publisher\":{\"@id\":\"https:\/\/www.estrategiaconcursos.com.br\/blog\/#organization\"},\"image\":{\"@id\":\"https:\/\/www.estrategiaconcursos.com.br\/blog\/concurso-tre-ap-prazo-para-inscricoes-termina-nesta-quarta-feira-vagas-para-os-cargos-de-tecnico-e-analista-judiciario-saiba-mais\/#primaryimage\"},\"thumbnailUrl\":\"https:\/\/dhg1h5j42swfq.cloudfront.net\/2015\/09\/24101952\/concurso-TRE-AP-2-300x153.jpg\",\"keywords\":[\"TRE-AP\"],\"articleSection\":[\"Concursos P\u00fablicos\"],\"inLanguage\":\"pt-BR\",\"potentialAction\":[{\"@type\":\"CommentAction\",\"name\":\"Comment\",\"target\":[\"https:\/\/www.estrategiaconcursos.com.br\/blog\/concurso-tre-ap-prazo-para-inscricoes-termina-nesta-quarta-feira-vagas-para-os-cargos-de-tecnico-e-analista-judiciario-saiba-mais\/#respond\"]}],\"copyrightYear\":\"2015\",\"copyrightHolder\":{\"@id\":\"https:\/\/www.estrategiaconcursos.com.br\/blog\/#organization\"}},{\"@type\":\"WebPage\",\"@id\":\"https:\/\/www.estrategiaconcursos.com.br\/blog\/concurso-tre-ap-prazo-para-inscricoes-termina-nesta-quarta-feira-vagas-para-os-cargos-de-tecnico-e-analista-judiciario-saiba-mais\/\",\"url\":\"https:\/\/www.estrategiaconcursos.com.br\/blog\/concurso-tre-ap-prazo-para-inscricoes-termina-nesta-quarta-feira-vagas-para-os-cargos-de-tecnico-e-analista-judiciario-saiba-mais\/\",\"name\":\"Concurso TRE-AP: Prazo para inscri\u00e7\u00f5es termina nesta quarta-feira. Vagas para os cargos de T\u00e9cnico e Analista Judici\u00e1rio. Saiba mais!\",\"isPartOf\":{\"@id\":\"https:\/\/www.estrategiaconcursos.com.br\/blog\/#website\"},\"primaryImageOfPage\":{\"@id\":\"https:\/\/www.estrategiaconcursos.com.br\/blog\/concurso-tre-ap-prazo-para-inscricoes-termina-nesta-quarta-feira-vagas-para-os-cargos-de-tecnico-e-analista-judiciario-saiba-mais\/#primaryimage\"},\"image\":{\"@id\":\"https:\/\/www.estrategiaconcursos.com.br\/blog\/concurso-tre-ap-prazo-para-inscricoes-termina-nesta-quarta-feira-vagas-para-os-cargos-de-tecnico-e-analista-judiciario-saiba-mais\/#primaryimage\"},\"thumbnailUrl\":\"https:\/\/dhg1h5j42swfq.cloudfront.net\/2015\/09\/24101952\/concurso-TRE-AP-2-300x153.jpg\",\"datePublished\":\"2015-10-21T11:15:10+00:00\",\"description\":\"Termina nesta quarta-feira, 21, o prazo para inscri\u00e7\u00f5es no concurso TRE-AP. Saiba mais!\",\"breadcrumb\":{\"@id\":\"https:\/\/www.estrategiaconcursos.com.br\/blog\/concurso-tre-ap-prazo-para-inscricoes-termina-nesta-quarta-feira-vagas-para-os-cargos-de-tecnico-e-analista-judiciario-saiba-mais\/#breadcrumb\"},\"inLanguage\":\"pt-BR\",\"potentialAction\":[{\"@type\":\"ReadAction\",\"target\":[\"https:\/\/www.estrategiaconcursos.com.br\/blog\/concurso-tre-ap-prazo-para-inscricoes-termina-nesta-quarta-feira-vagas-para-os-cargos-de-tecnico-e-analista-judiciario-saiba-mais\/\"]}]},{\"@type\":\"ImageObject\",\"inLanguage\":\"pt-BR\",\"@id\":\"https:\/\/www.estrategiaconcursos.com.br\/blog\/concurso-tre-ap-prazo-para-inscricoes-termina-nesta-quarta-feira-vagas-para-os-cargos-de-tecnico-e-analista-judiciario-saiba-mais\/#primaryimage\",\"url\":\"https:\/\/dhg1h5j42swfq.cloudfront.net\/2015\/09\/24101952\/concurso-TRE-AP-2-300x153.jpg\",\"contentUrl\":\"https:\/\/dhg1h5j42swfq.cloudfront.net\/2015\/09\/24101952\/concurso-TRE-AP-2-300x153.jpg\"},{\"@type\":\"BreadcrumbList\",\"@id\":\"https:\/\/www.estrategiaconcursos.com.br\/blog\/concurso-tre-ap-prazo-para-inscricoes-termina-nesta-quarta-feira-vagas-para-os-cargos-de-tecnico-e-analista-judiciario-saiba-mais\/#breadcrumb\",\"itemListElement\":[{\"@type\":\"ListItem\",\"position\":1,\"name\":\"In\u00edcio\",\"item\":\"https:\/\/www.estrategiaconcursos.com.br\/blog\/\"},{\"@type\":\"ListItem\",\"position\":2,\"name\":\"Concurso TRE-AP: Prazo para inscri\u00e7\u00f5es termina nesta quarta-feira. Vagas para os cargos de T\u00e9cnico e Analista Judici\u00e1rio. Saiba mais!\"}]},{\"@type\":\"WebSite\",\"@id\":\"https:\/\/www.estrategiaconcursos.com.br\/blog\/#website\",\"url\":\"https:\/\/www.estrategiaconcursos.com.br\/blog\/\",\"name\":\"Estrat\u00e9gia Concursos\",\"description\":\"O blog da Estrat\u00e9gia Concursos traz not\u00edcias sobre concursos e artigos de professores oferecendo cursos para concursos (pdf + videaulas) no site.\",\"publisher\":{\"@id\":\"https:\/\/www.estrategiaconcursos.com.br\/blog\/#organization\"},\"potentialAction\":[{\"@type\":\"SearchAction\",\"target\":{\"@type\":\"EntryPoint\",\"urlTemplate\":\"https:\/\/www.estrategiaconcursos.com.br\/blog\/?s={search_term_string}\"},\"query-input\":{\"@type\":\"PropertyValueSpecification\",\"valueRequired\":true,\"valueName\":\"search_term_string\"}}],\"inLanguage\":\"pt-BR\"},{\"@type\":\"Organization\",\"@id\":\"https:\/\/www.estrategiaconcursos.com.br\/blog\/#organization\",\"name\":\"Estrat\u00e9gia Concursos\",\"url\":\"https:\/\/www.estrategiaconcursos.com.br\/blog\/\",\"logo\":{\"@type\":\"ImageObject\",\"inLanguage\":\"pt-BR\",\"@id\":\"https:\/\/www.estrategiaconcursos.com.br\/blog\/#\/schema\/logo\/image\/\",\"url\":\"https:\/\/dhg1h5j42swfq.cloudfront.net\/2025\/06\/03203428\/logo_concursos-1.jpg\",\"contentUrl\":\"https:\/\/dhg1h5j42swfq.cloudfront.net\/2025\/06\/03203428\/logo_concursos-1.jpg\",\"width\":230,\"height\":60,\"caption\":\"Estrat\u00e9gia Concursos\"},\"image\":{\"@id\":\"https:\/\/www.estrategiaconcursos.com.br\/blog\/#\/schema\/logo\/image\/\"},\"sameAs\":[\"https:\/\/x.com\/EstratConcursos\"]},{\"@type\":\"Person\",\"@id\":\"https:\/\/www.estrategiaconcursos.com.br\/blog\/#\/schema\/person\/b4a388c97673c5f483d72185668afa1f\",\"name\":\"Coordena\u00e7\u00e3o\",\"image\":{\"@type\":\"ImageObject\",\"inLanguage\":\"pt-BR\",\"@id\":\"https:\/\/secure.gravatar.com\/avatar\/b720319e4c9a967eb58678d110f4fe35452fc5d5f97b202bac7b8acceb18c6ad?s=96&d=mm&r=g\",\"url\":\"https:\/\/secure.gravatar.com\/avatar\/b720319e4c9a967eb58678d110f4fe35452fc5d5f97b202bac7b8acceb18c6ad?s=96&d=mm&r=g\",\"contentUrl\":\"https:\/\/secure.gravatar.com\/avatar\/b720319e4c9a967eb58678d110f4fe35452fc5d5f97b202bac7b8acceb18c6ad?s=96&d=mm&r=g\",\"caption\":\"Coordena\u00e7\u00e3o\"},\"sameAs\":[\"https:\/\/www.facebook.com\/EstrategiaConcursos\",\"https:\/\/x.com\/EstratConcursos\"],\"url\":\"https:\/\/www.estrategiaconcursos.com.br\/blog\/author\/estrategia2013\/\"}]}<\/script>\n<!-- \/ Yoast SEO Premium plugin. -->","yoast_head_json":{"title":"Concurso TRE-AP: Prazo para inscri\u00e7\u00f5es termina nesta quarta-feira. Vagas para os cargos de T\u00e9cnico e Analista Judici\u00e1rio. Saiba mais!","description":"Termina nesta quarta-feira, 21, o prazo para inscri\u00e7\u00f5es no concurso TRE-AP. Saiba mais!","robots":{"index":"index","follow":"follow","max-snippet":"max-snippet:-1","max-image-preview":"max-image-preview:large","max-video-preview":"max-video-preview:-1"},"canonical":"https:\/\/www.estrategiaconcursos.com.br\/blog\/concurso-tre-ap-prazo-para-inscricoes-termina-nesta-quarta-feira-vagas-para-os-cargos-de-tecnico-e-analista-judiciario-saiba-mais\/","og_locale":"pt_BR","og_type":"article","og_title":"Concurso TRE-AP: Prazo para inscri\u00e7\u00f5es termina nesta quarta-feira. Vagas para os cargos de T\u00e9cnico e Analista Judici\u00e1rio. Saiba mais!","og_description":"Termina nesta quarta-feira, 21, o prazo para inscri\u00e7\u00f5es no concurso TRE-AP. Saiba mais!","og_url":"https:\/\/www.estrategiaconcursos.com.br\/blog\/concurso-tre-ap-prazo-para-inscricoes-termina-nesta-quarta-feira-vagas-para-os-cargos-de-tecnico-e-analista-judiciario-saiba-mais\/","og_site_name":"Estrat\u00e9gia Concursos","article_author":"https:\/\/www.facebook.com\/EstrategiaConcursos","article_published_time":"2015-10-21T11:15:10+00:00","og_image":[{"url":"https:\/\/dhg1h5j42swfq.cloudfront.net\/2015\/09\/24101952\/concurso-TRE-AP-2-300x153.jpg","type":"","width":"","height":""}],"author":"Coordena\u00e7\u00e3o","twitter_card":"summary_large_image","twitter_creator":"@EstratConcursos","twitter_site":"@EstratConcursos","twitter_misc":{"Escrito por":"Coordena\u00e7\u00e3o","Est. tempo de leitura":"1 minuto"},"schema":{"@context":"https:\/\/schema.org","@graph":[{"@type":"NewsArticle","@id":"https:\/\/www.estrategiaconcursos.com.br\/blog\/concurso-tre-ap-prazo-para-inscricoes-termina-nesta-quarta-feira-vagas-para-os-cargos-de-tecnico-e-analista-judiciario-saiba-mais\/#article","isPartOf":{"@id":"https:\/\/www.estrategiaconcursos.com.br\/blog\/concurso-tre-ap-prazo-para-inscricoes-termina-nesta-quarta-feira-vagas-para-os-cargos-de-tecnico-e-analista-judiciario-saiba-mais\/"},"author":{"name":"Coordena\u00e7\u00e3o","@id":"https:\/\/www.estrategiaconcursos.com.br\/blog\/#\/schema\/person\/b4a388c97673c5f483d72185668afa1f"},"headline":"Concurso TRE-AP: Prazo para inscri\u00e7\u00f5es termina nesta quarta-feira. Vagas para os cargos de T\u00e9cnico e Analista Judici\u00e1rio. Saiba mais!","datePublished":"2015-10-21T11:15:10+00:00","mainEntityOfPage":{"@id":"https:\/\/www.estrategiaconcursos.com.br\/blog\/concurso-tre-ap-prazo-para-inscricoes-termina-nesta-quarta-feira-vagas-para-os-cargos-de-tecnico-e-analista-judiciario-saiba-mais\/"},"wordCount":304,"commentCount":0,"publisher":{"@id":"https:\/\/www.estrategiaconcursos.com.br\/blog\/#organization"},"image":{"@id":"https:\/\/www.estrategiaconcursos.com.br\/blog\/concurso-tre-ap-prazo-para-inscricoes-termina-nesta-quarta-feira-vagas-para-os-cargos-de-tecnico-e-analista-judiciario-saiba-mais\/#primaryimage"},"thumbnailUrl":"https:\/\/dhg1h5j42swfq.cloudfront.net\/2015\/09\/24101952\/concurso-TRE-AP-2-300x153.jpg","keywords":["TRE-AP"],"articleSection":["Concursos P\u00fablicos"],"inLanguage":"pt-BR","potentialAction":[{"@type":"CommentAction","name":"Comment","target":["https:\/\/www.estrategiaconcursos.com.br\/blog\/concurso-tre-ap-prazo-para-inscricoes-termina-nesta-quarta-feira-vagas-para-os-cargos-de-tecnico-e-analista-judiciario-saiba-mais\/#respond"]}],"copyrightYear":"2015","copyrightHolder":{"@id":"https:\/\/www.estrategiaconcursos.com.br\/blog\/#organization"}},{"@type":"WebPage","@id":"https:\/\/www.estrategiaconcursos.com.br\/blog\/concurso-tre-ap-prazo-para-inscricoes-termina-nesta-quarta-feira-vagas-para-os-cargos-de-tecnico-e-analista-judiciario-saiba-mais\/","url":"https:\/\/www.estrategiaconcursos.com.br\/blog\/concurso-tre-ap-prazo-para-inscricoes-termina-nesta-quarta-feira-vagas-para-os-cargos-de-tecnico-e-analista-judiciario-saiba-mais\/","name":"Concurso TRE-AP: Prazo para inscri\u00e7\u00f5es termina nesta quarta-feira. Vagas para os cargos de T\u00e9cnico e Analista Judici\u00e1rio. Saiba mais!","isPartOf":{"@id":"https:\/\/www.estrategiaconcursos.com.br\/blog\/#website"},"primaryImageOfPage":{"@id":"https:\/\/www.estrategiaconcursos.com.br\/blog\/concurso-tre-ap-prazo-para-inscricoes-termina-nesta-quarta-feira-vagas-para-os-cargos-de-tecnico-e-analista-judiciario-saiba-mais\/#primaryimage"},"image":{"@id":"https:\/\/www.estrategiaconcursos.com.br\/blog\/concurso-tre-ap-prazo-para-inscricoes-termina-nesta-quarta-feira-vagas-para-os-cargos-de-tecnico-e-analista-judiciario-saiba-mais\/#primaryimage"},"thumbnailUrl":"https:\/\/dhg1h5j42swfq.cloudfront.net\/2015\/09\/24101952\/concurso-TRE-AP-2-300x153.jpg","datePublished":"2015-10-21T11:15:10+00:00","description":"Termina nesta quarta-feira, 21, o prazo para inscri\u00e7\u00f5es no concurso TRE-AP. Saiba mais!","breadcrumb":{"@id":"https:\/\/www.estrategiaconcursos.com.br\/blog\/concurso-tre-ap-prazo-para-inscricoes-termina-nesta-quarta-feira-vagas-para-os-cargos-de-tecnico-e-analista-judiciario-saiba-mais\/#breadcrumb"},"inLanguage":"pt-BR","potentialAction":[{"@type":"ReadAction","target":["https:\/\/www.estrategiaconcursos.com.br\/blog\/concurso-tre-ap-prazo-para-inscricoes-termina-nesta-quarta-feira-vagas-para-os-cargos-de-tecnico-e-analista-judiciario-saiba-mais\/"]}]},{"@type":"ImageObject","inLanguage":"pt-BR","@id":"https:\/\/www.estrategiaconcursos.com.br\/blog\/concurso-tre-ap-prazo-para-inscricoes-termina-nesta-quarta-feira-vagas-para-os-cargos-de-tecnico-e-analista-judiciario-saiba-mais\/#primaryimage","url":"https:\/\/dhg1h5j42swfq.cloudfront.net\/2015\/09\/24101952\/concurso-TRE-AP-2-300x153.jpg","contentUrl":"https:\/\/dhg1h5j42swfq.cloudfront.net\/2015\/09\/24101952\/concurso-TRE-AP-2-300x153.jpg"},{"@type":"BreadcrumbList","@id":"https:\/\/www.estrategiaconcursos.com.br\/blog\/concurso-tre-ap-prazo-para-inscricoes-termina-nesta-quarta-feira-vagas-para-os-cargos-de-tecnico-e-analista-judiciario-saiba-mais\/#breadcrumb","itemListElement":[{"@type":"ListItem","position":1,"name":"In\u00edcio","item":"https:\/\/www.estrategiaconcursos.com.br\/blog\/"},{"@type":"ListItem","position":2,"name":"Concurso TRE-AP: Prazo para inscri\u00e7\u00f5es termina nesta quarta-feira. Vagas para os cargos de T\u00e9cnico e Analista Judici\u00e1rio. Saiba mais!"}]},{"@type":"WebSite","@id":"https:\/\/www.estrategiaconcursos.com.br\/blog\/#website","url":"https:\/\/www.estrategiaconcursos.com.br\/blog\/","name":"Estrat\u00e9gia Concursos","description":"O blog da Estrat\u00e9gia Concursos traz not\u00edcias sobre concursos e artigos de professores oferecendo cursos para concursos (pdf + videaulas) no site.","publisher":{"@id":"https:\/\/www.estrategiaconcursos.com.br\/blog\/#organization"},"potentialAction":[{"@type":"SearchAction","target":{"@type":"EntryPoint","urlTemplate":"https:\/\/www.estrategiaconcursos.com.br\/blog\/?s={search_term_string}"},"query-input":{"@type":"PropertyValueSpecification","valueRequired":true,"valueName":"search_term_string"}}],"inLanguage":"pt-BR"},{"@type":"Organization","@id":"https:\/\/www.estrategiaconcursos.com.br\/blog\/#organization","name":"Estrat\u00e9gia Concursos","url":"https:\/\/www.estrategiaconcursos.com.br\/blog\/","logo":{"@type":"ImageObject","inLanguage":"pt-BR","@id":"https:\/\/www.estrategiaconcursos.com.br\/blog\/#\/schema\/logo\/image\/","url":"https:\/\/dhg1h5j42swfq.cloudfront.net\/2025\/06\/03203428\/logo_concursos-1.jpg","contentUrl":"https:\/\/dhg1h5j42swfq.cloudfront.net\/2025\/06\/03203428\/logo_concursos-1.jpg","width":230,"height":60,"caption":"Estrat\u00e9gia Concursos"},"image":{"@id":"https:\/\/www.estrategiaconcursos.com.br\/blog\/#\/schema\/logo\/image\/"},"sameAs":["https:\/\/x.com\/EstratConcursos"]},{"@type":"Person","@id":"https:\/\/www.estrategiaconcursos.com.br\/blog\/#\/schema\/person\/b4a388c97673c5f483d72185668afa1f","name":"Coordena\u00e7\u00e3o","image":{"@type":"ImageObject","inLanguage":"pt-BR","@id":"https:\/\/secure.gravatar.com\/avatar\/b720319e4c9a967eb58678d110f4fe35452fc5d5f97b202bac7b8acceb18c6ad?s=96&d=mm&r=g","url":"https:\/\/secure.gravatar.com\/avatar\/b720319e4c9a967eb58678d110f4fe35452fc5d5f97b202bac7b8acceb18c6ad?s=96&d=mm&r=g","contentUrl":"https:\/\/secure.gravatar.com\/avatar\/b720319e4c9a967eb58678d110f4fe35452fc5d5f97b202bac7b8acceb18c6ad?s=96&d=mm&r=g","caption":"Coordena\u00e7\u00e3o"},"sameAs":["https:\/\/www.facebook.com\/EstrategiaConcursos","https:\/\/x.com\/EstratConcursos"],"url":"https:\/\/www.estrategiaconcursos.com.br\/blog\/author\/estrategia2013\/"}]}},"_links":{"self":[{"href":"https:\/\/www.estrategiaconcursos.com.br\/blog\/wp-json\/wp\/v2\/posts\/28188","targetHints":{"allow":["GET"]}}],"collection":[{"href":"https:\/\/www.estrategiaconcursos.com.br\/blog\/wp-json\/wp\/v2\/posts"}],"about":[{"href":"https:\/\/www.estrategiaconcursos.com.br\/blog\/wp-json\/wp\/v2\/types\/post"}],"author":[{"embeddable":true,"href":"https:\/\/www.estrategiaconcursos.com.br\/blog\/wp-json\/wp\/v2\/users\/1"}],"replies":[{"embeddable":true,"href":"https:\/\/www.estrategiaconcursos.com.br\/blog\/wp-json\/wp\/v2\/comments?post=28188"}],"version-history":[{"count":1,"href":"https:\/\/www.estrategiaconcursos.com.br\/blog\/wp-json\/wp\/v2\/posts\/28188\/revisions"}],"predecessor-version":[{"id":28189,"href":"https:\/\/www.estrategiaconcursos.com.br\/blog\/wp-json\/wp\/v2\/posts\/28188\/revisions\/28189"}],"wp:attachment":[{"href":"https:\/\/www.estrategiaconcursos.com.br\/blog\/wp-json\/wp\/v2\/media?parent=28188"}],"wp:term":[{"taxonomy":"category","embeddable":true,"href":"https:\/\/www.estrategiaconcursos.com.br\/blog\/wp-json\/wp\/v2\/categories?post=28188"},{"taxonomy":"post_tag","embeddable":true,"href":"https:\/\/www.estrategiaconcursos.com.br\/blog\/wp-json\/wp\/v2\/tags?post=28188"},{"taxonomy":"tax_estado","embeddable":true,"href":"https:\/\/www.estrategiaconcursos.com.br\/blog\/wp-json\/wp\/v2\/tax_estado?post=28188"}],"curies":[{"name":"wp","href":"https:\/\/api.w.org\/{rel}","templated":true}]}}