{"id":28145,"date":"2015-10-16T20:19:05","date_gmt":"2015-10-16T23:19:05","guid":{"rendered":"http:\/\/www.estrategiaconcursos.com.br\/blog\/?p=28145"},"modified":"2015-10-16T20:19:05","modified_gmt":"2015-10-16T23:19:05","slug":"existe-a-forma-verbal-houvera-escolhido","status":"publish","type":"post","link":"https:\/\/www.estrategiaconcursos.com.br\/blog\/existe-a-forma-verbal-houvera-escolhido\/","title":{"rendered":"Existe a forma verbal &#8220;houvera escolhido&#8221;?"},"content":{"rendered":"<p>Ol\u00e1, pessoal!<\/p>\n<p>Hoje, ao responder a um aluno no f\u00f3rum, pensei em compartilhar aqui esta resposta, pois \u00e9 d\u00favida que\u00a0alguns alunos apresentam.<\/p>\n<p>O questionamento\u00a0foi a respeito de uma quest\u00e3o da FCC que havia inserido a locu\u00e7\u00e3o verbal &#8220;houvera escolhido&#8221;. Dentre as locu\u00e7\u00f5es verbais apresentadas nas gram\u00e1ticas, esta n\u00e3o aparece e normalmente n\u00e3o comentamos em nossas aulas.<\/p>\n<p>Mas e a\u00ed? Existe a locu\u00e7\u00e3o verbal &#8220;houvera escolhido&#8221;?<\/p>\n<p>\u00c9 o seguinte: muitas vezes, por quest\u00f5es de estilo, alguns autores empregam o pret\u00e9rito mais-que-perfeito do indicativo (houvera) no lugar do pret\u00e9rito imperfeito do subjuntivo (houvesse). Por exemplo, cito um verso do\u00a0cl\u00e1ssico\u00a0poeta portugu\u00eas Lu\u00eds Vaz de Cam\u00f5es:\u00a0&#8220;E, se mais mundo <strong>houvera<\/strong>, l\u00e1 <strong>chegara<\/strong>&#8220;.<\/p>\n<p>Cam\u00f5es\u00a0emprega &#8220;houvera&#8221; (pret\u00e9rito mais-que-perfeito do indicativo) no lugar de &#8220;houvesse&#8221; (pret\u00e9rito imperfeito do subjuntivo). Por extens\u00e3o,\u00a0&#8220;chegara&#8221; est\u00e1 sendo empregado no lugar do futuro do pret\u00e9rito do indicativo &#8220;chegaria&#8221;.<\/p>\n<p>Certamente, ao estilo cl\u00e1ssico, n\u00e3o seria t\u00e3o bem vista a forma j\u00e1 bem conhecida &#8220;E, se mais mundo\u00a0<strong>houvesse<\/strong>, l\u00e1\u00a0<strong>chegaria<\/strong>&#8220;. Essa \u00e9 a combina\u00e7\u00e3o de modo e tempo verbal n\u00famero 2, como tenho apresentado em minhas aulas de emprego de modo e tempo verbal.<\/p>\n<p>Mas Cam\u00f5es ampliou! Estilisticamente, soa agrad\u00e1vel, n\u00e3o \u00e9?!<\/p>\n<p>Tamb\u00e9m vemos essa constru\u00e7\u00e3o em passagens b\u00edblicas, como em: &#8220;Se eu viera, nem lhes\u00a0<strong>houvera falado<\/strong>, n\u00e3o teriam pecado, mas, agora, n\u00e3o t\u00eam desculpa do seu pecado.\u201d (Jo\u00e3o 15: 22)<\/p>\n<p>Neste caso, \u00a0foi realizada\u00a0essa troca no verbo auxiliar (&#8220;houvera&#8221; no lugar de &#8220;houvesse&#8221;). Assim, tamb\u00e9m no tempo composto se admite tal troca estil\u00edstica.<\/p>\n<p>Por fim, voltando \u00e0 pergunta do aluno, a locu\u00e7\u00e3o verbal &#8220;houvera escolhido&#8221; estaria no lugar de &#8220;houvesse escolhido&#8221;. Estilisticamente e, se bem dosada, \u00e9 estilo de linguagem!<\/p>\n<p>Um grande abra\u00e7o a todos e um final de semana de muito estudo!<\/p>\n<p>Terror<\/p>\n","protected":false},"excerpt":{"rendered":"<p>Ol\u00e1, pessoal! Hoje, ao responder a um aluno no f\u00f3rum, pensei em compartilhar aqui esta resposta, pois \u00e9 d\u00favida que\u00a0alguns alunos apresentam. O questionamento\u00a0foi a respeito de uma quest\u00e3o da FCC que havia inserido a locu\u00e7\u00e3o verbal &#8220;houvera escolhido&#8221;. Dentre as locu\u00e7\u00f5es verbais apresentadas nas gram\u00e1ticas, esta n\u00e3o aparece e normalmente n\u00e3o comentamos em nossas [&hellip;]<\/p>\n","protected":false},"author":214,"featured_media":0,"comment_status":"open","ping_status":"open","sticky":false,"template":"","format":"standard","meta":{"post_tipo":"article","footnotes":""},"categories":[1],"tags":[46,40,328,1032,630],"tax_estado":[],"class_list":["post-28145","post","type-post","status-publish","format-standard","hentry","category-cursos-e-concursos","tag-comentarios","tag-concurso","tag-fcc","tag-houvera-escolhido","tag-questoes-comentadas"],"acf":[],"yoast_head":"<!-- This site is optimized with the Yoast SEO Premium plugin v27.2 (Yoast SEO v27.2) - https:\/\/yoast.com\/product\/yoast-seo-premium-wordpress\/ -->\n<title>Existe a forma verbal &quot;houvera escolhido&quot;?<\/title>\n<meta name=\"robots\" content=\"index, follow, max-snippet:-1, max-image-preview:large, max-video-preview:-1\" \/>\n<link rel=\"canonical\" href=\"https:\/\/www.estrategiaconcursos.com.br\/blog\/existe-a-forma-verbal-houvera-escolhido\/\" \/>\n<meta property=\"og:locale\" content=\"pt_BR\" \/>\n<meta property=\"og:type\" content=\"article\" \/>\n<meta property=\"og:title\" content=\"Existe a forma verbal &quot;houvera escolhido&quot;?\" \/>\n<meta property=\"og:description\" content=\"Ol\u00e1, pessoal! Hoje, ao responder a um aluno no f\u00f3rum, pensei em compartilhar aqui esta resposta, pois \u00e9 d\u00favida que\u00a0alguns alunos apresentam. O questionamento\u00a0foi a respeito de uma quest\u00e3o da FCC que havia inserido a locu\u00e7\u00e3o verbal &#8220;houvera escolhido&#8221;. Dentre as locu\u00e7\u00f5es verbais apresentadas nas gram\u00e1ticas, esta n\u00e3o aparece e normalmente n\u00e3o comentamos em nossas [&hellip;]\" \/>\n<meta property=\"og:url\" content=\"https:\/\/www.estrategiaconcursos.com.br\/blog\/existe-a-forma-verbal-houvera-escolhido\/\" \/>\n<meta property=\"og:site_name\" content=\"Estrat\u00e9gia Concursos\" \/>\n<meta property=\"article:published_time\" content=\"2015-10-16T23:19:05+00:00\" \/>\n<meta name=\"author\" content=\"D\u00e9cio Terror Filho\" \/>\n<meta name=\"twitter:card\" content=\"summary_large_image\" \/>\n<meta name=\"twitter:creator\" content=\"@EstratConcursos\" \/>\n<meta name=\"twitter:site\" content=\"@EstratConcursos\" \/>\n<meta name=\"twitter:label1\" content=\"Escrito por\" \/>\n\t<meta name=\"twitter:data1\" content=\"D\u00e9cio Terror Filho\" \/>\n\t<meta name=\"twitter:label2\" content=\"Est. tempo de leitura\" \/>\n\t<meta name=\"twitter:data2\" content=\"2 minutos\" \/>\n<script type=\"application\/ld+json\" class=\"yoast-schema-graph\">{\"@context\":\"https:\/\/schema.org\",\"@graph\":[{\"@type\":\"NewsArticle\",\"@id\":\"https:\/\/www.estrategiaconcursos.com.br\/blog\/existe-a-forma-verbal-houvera-escolhido\/#article\",\"isPartOf\":{\"@id\":\"https:\/\/www.estrategiaconcursos.com.br\/blog\/existe-a-forma-verbal-houvera-escolhido\/\"},\"author\":{\"name\":\"D\u00e9cio Terror Filho\",\"@id\":\"https:\/\/www.estrategiaconcursos.com.br\/blog\/#\/schema\/person\/e8165364027a31208914fc77c3314727\"},\"headline\":\"Existe a forma verbal &#8220;houvera escolhido&#8221;?\",\"datePublished\":\"2015-10-16T23:19:05+00:00\",\"mainEntityOfPage\":{\"@id\":\"https:\/\/www.estrategiaconcursos.com.br\/blog\/existe-a-forma-verbal-houvera-escolhido\/\"},\"wordCount\":328,\"commentCount\":2,\"publisher\":{\"@id\":\"https:\/\/www.estrategiaconcursos.com.br\/blog\/#organization\"},\"keywords\":[\"Coment\u00e1rios\",\"Concurso\",\"FCC\",\"houvera escolhido\",\"Quest\u00f5es comentadas\"],\"articleSection\":[\"Concursos P\u00fablicos\"],\"inLanguage\":\"pt-BR\",\"potentialAction\":[{\"@type\":\"CommentAction\",\"name\":\"Comment\",\"target\":[\"https:\/\/www.estrategiaconcursos.com.br\/blog\/existe-a-forma-verbal-houvera-escolhido\/#respond\"]}],\"copyrightYear\":\"2015\",\"copyrightHolder\":{\"@id\":\"https:\/\/www.estrategiaconcursos.com.br\/blog\/#organization\"}},{\"@type\":\"WebPage\",\"@id\":\"https:\/\/www.estrategiaconcursos.com.br\/blog\/existe-a-forma-verbal-houvera-escolhido\/\",\"url\":\"https:\/\/www.estrategiaconcursos.com.br\/blog\/existe-a-forma-verbal-houvera-escolhido\/\",\"name\":\"Existe a forma verbal \\\"houvera escolhido\\\"?\",\"isPartOf\":{\"@id\":\"https:\/\/www.estrategiaconcursos.com.br\/blog\/#website\"},\"datePublished\":\"2015-10-16T23:19:05+00:00\",\"breadcrumb\":{\"@id\":\"https:\/\/www.estrategiaconcursos.com.br\/blog\/existe-a-forma-verbal-houvera-escolhido\/#breadcrumb\"},\"inLanguage\":\"pt-BR\",\"potentialAction\":[{\"@type\":\"ReadAction\",\"target\":[\"https:\/\/www.estrategiaconcursos.com.br\/blog\/existe-a-forma-verbal-houvera-escolhido\/\"]}]},{\"@type\":\"BreadcrumbList\",\"@id\":\"https:\/\/www.estrategiaconcursos.com.br\/blog\/existe-a-forma-verbal-houvera-escolhido\/#breadcrumb\",\"itemListElement\":[{\"@type\":\"ListItem\",\"position\":1,\"name\":\"In\u00edcio\",\"item\":\"https:\/\/www.estrategiaconcursos.com.br\/blog\/\"},{\"@type\":\"ListItem\",\"position\":2,\"name\":\"Existe a forma verbal &#8220;houvera escolhido&#8221;?\"}]},{\"@type\":\"WebSite\",\"@id\":\"https:\/\/www.estrategiaconcursos.com.br\/blog\/#website\",\"url\":\"https:\/\/www.estrategiaconcursos.com.br\/blog\/\",\"name\":\"Estrat\u00e9gia Concursos\",\"description\":\"O blog da Estrat\u00e9gia Concursos traz not\u00edcias sobre concursos e artigos de professores oferecendo cursos para concursos (pdf + videaulas) no site.\",\"publisher\":{\"@id\":\"https:\/\/www.estrategiaconcursos.com.br\/blog\/#organization\"},\"potentialAction\":[{\"@type\":\"SearchAction\",\"target\":{\"@type\":\"EntryPoint\",\"urlTemplate\":\"https:\/\/www.estrategiaconcursos.com.br\/blog\/?s={search_term_string}\"},\"query-input\":{\"@type\":\"PropertyValueSpecification\",\"valueRequired\":true,\"valueName\":\"search_term_string\"}}],\"inLanguage\":\"pt-BR\"},{\"@type\":\"Organization\",\"@id\":\"https:\/\/www.estrategiaconcursos.com.br\/blog\/#organization\",\"name\":\"Estrat\u00e9gia Concursos\",\"url\":\"https:\/\/www.estrategiaconcursos.com.br\/blog\/\",\"logo\":{\"@type\":\"ImageObject\",\"inLanguage\":\"pt-BR\",\"@id\":\"https:\/\/www.estrategiaconcursos.com.br\/blog\/#\/schema\/logo\/image\/\",\"url\":\"https:\/\/dhg1h5j42swfq.cloudfront.net\/2025\/06\/03203428\/logo_concursos-1.jpg\",\"contentUrl\":\"https:\/\/dhg1h5j42swfq.cloudfront.net\/2025\/06\/03203428\/logo_concursos-1.jpg\",\"width\":230,\"height\":60,\"caption\":\"Estrat\u00e9gia Concursos\"},\"image\":{\"@id\":\"https:\/\/www.estrategiaconcursos.com.br\/blog\/#\/schema\/logo\/image\/\"},\"sameAs\":[\"https:\/\/x.com\/EstratConcursos\"]},{\"@type\":\"Person\",\"@id\":\"https:\/\/www.estrategiaconcursos.com.br\/blog\/#\/schema\/person\/e8165364027a31208914fc77c3314727\",\"name\":\"D\u00e9cio Terror Filho\",\"image\":{\"@type\":\"ImageObject\",\"inLanguage\":\"pt-BR\",\"@id\":\"https:\/\/secure.gravatar.com\/avatar\/a5b78e734de7c6482e965926e78344deb81abbc34282a3c9536cbb1a59728a37?s=96&d=mm&r=g\",\"url\":\"https:\/\/secure.gravatar.com\/avatar\/a5b78e734de7c6482e965926e78344deb81abbc34282a3c9536cbb1a59728a37?s=96&d=mm&r=g\",\"contentUrl\":\"https:\/\/secure.gravatar.com\/avatar\/a5b78e734de7c6482e965926e78344deb81abbc34282a3c9536cbb1a59728a37?s=96&d=mm&r=g\",\"caption\":\"D\u00e9cio Terror Filho\"},\"url\":\"https:\/\/www.estrategiaconcursos.com.br\/blog\/author\/contatoterrorportugues-com-br\/\"}]}<\/script>\n<!-- \/ Yoast SEO Premium plugin. -->","yoast_head_json":{"title":"Existe a forma verbal \"houvera escolhido\"?","robots":{"index":"index","follow":"follow","max-snippet":"max-snippet:-1","max-image-preview":"max-image-preview:large","max-video-preview":"max-video-preview:-1"},"canonical":"https:\/\/www.estrategiaconcursos.com.br\/blog\/existe-a-forma-verbal-houvera-escolhido\/","og_locale":"pt_BR","og_type":"article","og_title":"Existe a forma verbal \"houvera escolhido\"?","og_description":"Ol\u00e1, pessoal! Hoje, ao responder a um aluno no f\u00f3rum, pensei em compartilhar aqui esta resposta, pois \u00e9 d\u00favida que\u00a0alguns alunos apresentam. O questionamento\u00a0foi a respeito de uma quest\u00e3o da FCC que havia inserido a locu\u00e7\u00e3o verbal &#8220;houvera escolhido&#8221;. Dentre as locu\u00e7\u00f5es verbais apresentadas nas gram\u00e1ticas, esta n\u00e3o aparece e normalmente n\u00e3o comentamos em nossas [&hellip;]","og_url":"https:\/\/www.estrategiaconcursos.com.br\/blog\/existe-a-forma-verbal-houvera-escolhido\/","og_site_name":"Estrat\u00e9gia Concursos","article_published_time":"2015-10-16T23:19:05+00:00","author":"D\u00e9cio Terror Filho","twitter_card":"summary_large_image","twitter_creator":"@EstratConcursos","twitter_site":"@EstratConcursos","twitter_misc":{"Escrito por":"D\u00e9cio Terror Filho","Est. tempo de leitura":"2 minutos"},"schema":{"@context":"https:\/\/schema.org","@graph":[{"@type":"NewsArticle","@id":"https:\/\/www.estrategiaconcursos.com.br\/blog\/existe-a-forma-verbal-houvera-escolhido\/#article","isPartOf":{"@id":"https:\/\/www.estrategiaconcursos.com.br\/blog\/existe-a-forma-verbal-houvera-escolhido\/"},"author":{"name":"D\u00e9cio Terror Filho","@id":"https:\/\/www.estrategiaconcursos.com.br\/blog\/#\/schema\/person\/e8165364027a31208914fc77c3314727"},"headline":"Existe a forma verbal &#8220;houvera escolhido&#8221;?","datePublished":"2015-10-16T23:19:05+00:00","mainEntityOfPage":{"@id":"https:\/\/www.estrategiaconcursos.com.br\/blog\/existe-a-forma-verbal-houvera-escolhido\/"},"wordCount":328,"commentCount":2,"publisher":{"@id":"https:\/\/www.estrategiaconcursos.com.br\/blog\/#organization"},"keywords":["Coment\u00e1rios","Concurso","FCC","houvera escolhido","Quest\u00f5es comentadas"],"articleSection":["Concursos P\u00fablicos"],"inLanguage":"pt-BR","potentialAction":[{"@type":"CommentAction","name":"Comment","target":["https:\/\/www.estrategiaconcursos.com.br\/blog\/existe-a-forma-verbal-houvera-escolhido\/#respond"]}],"copyrightYear":"2015","copyrightHolder":{"@id":"https:\/\/www.estrategiaconcursos.com.br\/blog\/#organization"}},{"@type":"WebPage","@id":"https:\/\/www.estrategiaconcursos.com.br\/blog\/existe-a-forma-verbal-houvera-escolhido\/","url":"https:\/\/www.estrategiaconcursos.com.br\/blog\/existe-a-forma-verbal-houvera-escolhido\/","name":"Existe a forma verbal \"houvera escolhido\"?","isPartOf":{"@id":"https:\/\/www.estrategiaconcursos.com.br\/blog\/#website"},"datePublished":"2015-10-16T23:19:05+00:00","breadcrumb":{"@id":"https:\/\/www.estrategiaconcursos.com.br\/blog\/existe-a-forma-verbal-houvera-escolhido\/#breadcrumb"},"inLanguage":"pt-BR","potentialAction":[{"@type":"ReadAction","target":["https:\/\/www.estrategiaconcursos.com.br\/blog\/existe-a-forma-verbal-houvera-escolhido\/"]}]},{"@type":"BreadcrumbList","@id":"https:\/\/www.estrategiaconcursos.com.br\/blog\/existe-a-forma-verbal-houvera-escolhido\/#breadcrumb","itemListElement":[{"@type":"ListItem","position":1,"name":"In\u00edcio","item":"https:\/\/www.estrategiaconcursos.com.br\/blog\/"},{"@type":"ListItem","position":2,"name":"Existe a forma verbal &#8220;houvera escolhido&#8221;?"}]},{"@type":"WebSite","@id":"https:\/\/www.estrategiaconcursos.com.br\/blog\/#website","url":"https:\/\/www.estrategiaconcursos.com.br\/blog\/","name":"Estrat\u00e9gia Concursos","description":"O blog da Estrat\u00e9gia Concursos traz not\u00edcias sobre concursos e artigos de professores oferecendo cursos para concursos (pdf + videaulas) no site.","publisher":{"@id":"https:\/\/www.estrategiaconcursos.com.br\/blog\/#organization"},"potentialAction":[{"@type":"SearchAction","target":{"@type":"EntryPoint","urlTemplate":"https:\/\/www.estrategiaconcursos.com.br\/blog\/?s={search_term_string}"},"query-input":{"@type":"PropertyValueSpecification","valueRequired":true,"valueName":"search_term_string"}}],"inLanguage":"pt-BR"},{"@type":"Organization","@id":"https:\/\/www.estrategiaconcursos.com.br\/blog\/#organization","name":"Estrat\u00e9gia Concursos","url":"https:\/\/www.estrategiaconcursos.com.br\/blog\/","logo":{"@type":"ImageObject","inLanguage":"pt-BR","@id":"https:\/\/www.estrategiaconcursos.com.br\/blog\/#\/schema\/logo\/image\/","url":"https:\/\/dhg1h5j42swfq.cloudfront.net\/2025\/06\/03203428\/logo_concursos-1.jpg","contentUrl":"https:\/\/dhg1h5j42swfq.cloudfront.net\/2025\/06\/03203428\/logo_concursos-1.jpg","width":230,"height":60,"caption":"Estrat\u00e9gia Concursos"},"image":{"@id":"https:\/\/www.estrategiaconcursos.com.br\/blog\/#\/schema\/logo\/image\/"},"sameAs":["https:\/\/x.com\/EstratConcursos"]},{"@type":"Person","@id":"https:\/\/www.estrategiaconcursos.com.br\/blog\/#\/schema\/person\/e8165364027a31208914fc77c3314727","name":"D\u00e9cio Terror Filho","image":{"@type":"ImageObject","inLanguage":"pt-BR","@id":"https:\/\/secure.gravatar.com\/avatar\/a5b78e734de7c6482e965926e78344deb81abbc34282a3c9536cbb1a59728a37?s=96&d=mm&r=g","url":"https:\/\/secure.gravatar.com\/avatar\/a5b78e734de7c6482e965926e78344deb81abbc34282a3c9536cbb1a59728a37?s=96&d=mm&r=g","contentUrl":"https:\/\/secure.gravatar.com\/avatar\/a5b78e734de7c6482e965926e78344deb81abbc34282a3c9536cbb1a59728a37?s=96&d=mm&r=g","caption":"D\u00e9cio Terror Filho"},"url":"https:\/\/www.estrategiaconcursos.com.br\/blog\/author\/contatoterrorportugues-com-br\/"}]}},"_links":{"self":[{"href":"https:\/\/www.estrategiaconcursos.com.br\/blog\/wp-json\/wp\/v2\/posts\/28145","targetHints":{"allow":["GET"]}}],"collection":[{"href":"https:\/\/www.estrategiaconcursos.com.br\/blog\/wp-json\/wp\/v2\/posts"}],"about":[{"href":"https:\/\/www.estrategiaconcursos.com.br\/blog\/wp-json\/wp\/v2\/types\/post"}],"author":[{"embeddable":true,"href":"https:\/\/www.estrategiaconcursos.com.br\/blog\/wp-json\/wp\/v2\/users\/214"}],"replies":[{"embeddable":true,"href":"https:\/\/www.estrategiaconcursos.com.br\/blog\/wp-json\/wp\/v2\/comments?post=28145"}],"version-history":[{"count":1,"href":"https:\/\/www.estrategiaconcursos.com.br\/blog\/wp-json\/wp\/v2\/posts\/28145\/revisions"}],"predecessor-version":[{"id":28146,"href":"https:\/\/www.estrategiaconcursos.com.br\/blog\/wp-json\/wp\/v2\/posts\/28145\/revisions\/28146"}],"wp:attachment":[{"href":"https:\/\/www.estrategiaconcursos.com.br\/blog\/wp-json\/wp\/v2\/media?parent=28145"}],"wp:term":[{"taxonomy":"category","embeddable":true,"href":"https:\/\/www.estrategiaconcursos.com.br\/blog\/wp-json\/wp\/v2\/categories?post=28145"},{"taxonomy":"post_tag","embeddable":true,"href":"https:\/\/www.estrategiaconcursos.com.br\/blog\/wp-json\/wp\/v2\/tags?post=28145"},{"taxonomy":"tax_estado","embeddable":true,"href":"https:\/\/www.estrategiaconcursos.com.br\/blog\/wp-json\/wp\/v2\/tax_estado?post=28145"}],"curies":[{"name":"wp","href":"https:\/\/api.w.org\/{rel}","templated":true}]}}