{"id":28062,"date":"2015-10-14T08:00:19","date_gmt":"2015-10-14T11:00:19","guid":{"rendered":"http:\/\/www.estrategiaconcursos.com.br\/blog\/?p=28062"},"modified":"2015-10-14T10:58:25","modified_gmt":"2015-10-14T13:58:25","slug":"dissecando-o-edital-do-trers-2015-edital-publicado","status":"publish","type":"post","link":"https:\/\/www.estrategiaconcursos.com.br\/blog\/dissecando-o-edital-do-trers-2015-edital-publicado\/","title":{"rendered":"Dissecando o Edital do TRE\/RS 2015 &#8211; edital publicado!"},"content":{"rendered":"<p style=\"text-align: justify\"><a href=\"https:\/\/dhg1h5j42swfq.cloudfront.net\/2015\/10\/14075025\/trers.jpg\"><img loading=\"lazy\" decoding=\"async\" class=\" size-medium wp-image-28077 alignleft\" src=\"https:\/\/dhg1h5j42swfq.cloudfront.net\/2015\/10\/14075025\/trers-300x154.jpg\" alt=\"trers\" width=\"300\" height=\"154\" srcset=\"https:\/\/dhg1h5j42swfq.cloudfront.net\/2015\/10\/14075025\/trers.jpg 300w, https:\/\/dhg1h5j42swfq.cloudfront.net\/2015\/10\/14075025\/trers.jpg 304w\" sizes=\"auto, (max-width: 300px) 100vw, 300px\" \/><\/a>Ol\u00e1 pessoal, aqui \u00e9 o Ricardo Torques e vamos analisar o edital do <strong>Tribunal Regional Eleitoral do Rio Grande do Sul<\/strong> (<strong>TRE-RS<\/strong>), lan\u00e7ado em <strong>13.10.2015<\/strong>.<\/p>\n<p style=\"text-align: justify\">Embora imprescind\u00edvel a leitura integral do edital, caso voc\u00ea v\u00e1 prestar as provas em <strong>20.12<\/strong>, a fim de orient\u00e1-los, sintetizamos neste artigo as <strong>principais informa\u00e7\u00f5es<\/strong> relativas ao concurso. Este pequeno artigo serve para quem j\u00e1 estiver estudando, para adaptar os estudos ao edital e para quem for iniciar os estudos, para que o fa\u00e7a segundo <strong>&#8220;as regras do jogo&#8221;<\/strong>!<\/p>\n<p style=\"text-align: justify\"><strong>O CESPE<\/strong><\/p>\n<p style=\"text-align: justify\">O concurso ser\u00e1 realizado pelo CESPE\/CEBRASPE, banca tradicional na \u00e1rea de concursos eleitorais, que lan\u00e7ou recentemente dois concursos na \u00e1rea. S\u00e3o eles <strong>TRE\/GO<\/strong> e <strong>TRE\/MT<\/strong> (com provas em 13.12). S\u00e3o \u00f3timos par\u00e2metros para o nosso concurso.<\/p>\n<p style=\"text-align: justify\">\u00c9 uma banca complexa! Ao contr\u00e1rio de outras bancas tradicionais, como a FCC e a FGV, o CESPE caracteriza-se por cobrar assuntos mais aprofundados. Em rela\u00e7\u00e3o \u00e0s disciplinas jur\u00eddicas, a banca exige, por vezes, conhecimentos doutrin\u00e1rios majorit\u00e1rios e jurisprudenciais. Contudo, o conhecimento da legisla\u00e7\u00e3o sempre ser\u00e1 fundamental para um bom desempenho em prova. Desse modo, devemos organizar os estudos com conhecimento da <strong>legisla\u00e7\u00e3o atualizada<\/strong>, <strong>conceitos doutrin\u00e1rios b\u00e1sicos<\/strong>, <strong>jurisprud\u00eancia do TSE e do STF<\/strong>.<\/p>\n<p style=\"text-align: justify\"><strong>Informa\u00e7\u00f5es gerais<\/strong><\/p>\n<p style=\"text-align: justify\">O <strong>concurso ser\u00e1 realizado no dia 20.12<\/strong> e compreender\u00e1 <strong>provas objetivas e discursivas<\/strong> para todos os cargos.<\/p>\n<p style=\"text-align: justify\">Ao contr\u00e1rio do que tradicionalmente \u00e9 observado, a prova objetiva ser\u00e1 de <strong>m\u00faltipla escolha<\/strong>, com <strong>cinco alternativas<\/strong> (A, B, C, D e E), e n\u00e3o de assertivas. Desse modo, devemos resolver quest\u00f5es anteriores do CESPE, para nos familiarizar com o estilo da banca, bem como quest\u00f5es de alternativas para nos adaptarmos com a modalidade de quest\u00e3o.<\/p>\n<p style=\"text-align: justify\">Em rela\u00e7\u00e3o \u00e0s provas discursivas, teremos duas modalidades. Para parte dos cargos de analista haver\u00e1 dois <strong>estudos de caso<\/strong> e para a prova de t\u00e9cnico e para alguns cargos de analista ser\u00e1 exigida uma <strong>reda\u00e7\u00e3o<\/strong>. Analisaremos tais provas com mais detalhes adiante.<\/p>\n<p style=\"text-align: justify\">Temos uma importante vantagem nesse certame: <strong>a possibilidade de prestar provas para t\u00e9cnico e para analista<\/strong>. Por exemplo, se voc\u00ea possuiu curso superior poder\u00e1, a depender da forma\u00e7\u00e3o, concorrer para os cargos de Analista Judici\u00e1rio. Paralelamente, poder\u00e1 prestar, para o mesmo concurso, a prova de T\u00e9cnico Judici\u00e1rio. \u00c9 uma forma de, <strong>otimizar as chances de aprova\u00e7\u00e3o<\/strong>.<\/p>\n<p style=\"text-align: justify\">Isso \u00e9 poss\u00edvel porque as provas de <strong>T\u00e9cnico Judici\u00e1rio<\/strong>, com dura\u00e7\u00e3o de <strong>4h<\/strong>, ser\u00e3o realizadas no <strong>turno da manh\u00e3<\/strong>. Ao passo que as provas para <strong>Analista Judici\u00e1rio<\/strong>, com dura\u00e7\u00e3o de <strong>5h<\/strong>, ser\u00e3o realizadas no <strong>turno da tarde<\/strong>.<\/p>\n<p style=\"text-align: justify\"><a href=\"https:\/\/dhg1h5j42swfq.cloudfront.net\/2015\/10\/14074958\/01.jpg\"><img loading=\"lazy\" decoding=\"async\" class=\" size-medium wp-image-28063 aligncenter\" src=\"https:\/\/dhg1h5j42swfq.cloudfront.net\/2015\/10\/14074958\/01-300x112.jpg\" alt=\"01\" width=\"300\" height=\"112\" srcset=\"https:\/\/dhg1h5j42swfq.cloudfront.net\/2015\/10\/14074958\/01.jpg 300w, https:\/\/dhg1h5j42swfq.cloudfront.net\/2015\/10\/14074958\/01.jpg 1024w, https:\/\/dhg1h5j42swfq.cloudfront.net\/2015\/10\/14074958\/01.jpg 500w, https:\/\/dhg1h5j42swfq.cloudfront.net\/2015\/10\/14074958\/01.jpg 1063w\" sizes=\"auto, (max-width: 300px) 100vw, 300px\" \/><\/a><\/p>\n<p style=\"text-align: justify\">Certamente quem optar por ambas as provas, ter\u00e1 um dia cansativo, mas dado o quantitativo de nomea\u00e7\u00f5es, especialmente, no cargo de T\u00e9cnico Judici\u00e1rio, \u00e9 uma boa oportunidade, ainda mais em tempos de escassez de concursos p\u00fablicos.<\/p>\n<p style=\"text-align: justify\">Notem que o concurso oferta um n\u00famero pequeno de vagas imediatas, mas prev\u00ea a forma\u00e7\u00e3o de cadastro de reserva, um indicativo de diversas nomea\u00e7\u00f5es ao longo do prazo de <strong>validade do concurso<\/strong>, que \u00e9 de <strong>dois anos<\/strong>, <strong>prorrog\u00e1veis por mais dois<\/strong>. Provavelmente o concurso ser\u00e1 homologado no primeiro semestre de 2016. Se prorrogado (o que tamb\u00e9m \u00e9 mais prov\u00e1vel), ter\u00e1 <strong>validade at\u00e9 o primeiro semestre de 2020<\/strong>. Ao longo de todo esse per\u00edodo, a depender da vac\u00e2ncias, cria\u00e7\u00e3o de cargos e disponibilidade or\u00e7ament\u00e1ria, os candidatos melhores classificados ser\u00e3o nomeados.<\/p>\n<p style=\"text-align: justify\">J\u00e1 que estamos falando das vagas, atentem-se para o pr\u00f3ximo t\u00f3pico.<\/p>\n<p style=\"text-align: justify\"><strong>Os Cargos<\/strong><\/p>\n<p style=\"text-align: justify\">Trata-se de um concurso para as mais variadas \u00e1reas das carreiras de T\u00e9cnico e Analista Judici\u00e1rios. Dada a maior procura, e chances de nomea\u00e7\u00f5es, trataremos dos tr\u00eas principais cargos desse certamente.<\/p>\n<p style=\"text-align: justify\"><span style=\"text-decoration: underline\">Analista Judici\u00e1rio &#8211; \u00c1rea Judici\u00e1ria<\/span> (AJAJ)<\/p>\n<p style=\"text-align: justify\">Foram anunciadas <strong>cinco vagas imediatas<\/strong> e <strong>forma\u00e7\u00e3o de cadastro de reserva<\/strong>. Isso, todavia, n\u00e3o significa que poucos ser\u00e3o os candidatos nomeados. Por exemplo, no concurso realizado em <strong>2011<\/strong>, embora o edital previsse apenas 16 vagas, foram nomeados os <strong>primeiros 51 colocados<\/strong>.<\/p>\n<p style=\"text-align: justify\"><span style=\"text-decoration: underline\">Analista Judici\u00e1rio &#8211; \u00c1rea Administrativa<\/span> (AJAA)<\/p>\n<p style=\"text-align: justify\">Aqui foi anunciada apenas <strong>uma vaga<\/strong> e <strong>forma\u00e7\u00e3o de cadastro de reserva<\/strong>. Entretanto, no certame anterior foram nomeados os <strong>25 primeiros classificados<\/strong>, embora no edital de 2011 estivessem previstas apenas seis vagas.<\/p>\n<p style=\"text-align: justify\"><span style=\"text-decoration: underline\">T\u00e9cnico Judici\u00e1rio &#8211; \u00c1rea Administrativa<\/span> (TJAA)<\/p>\n<p style=\"text-align: justify\">Em rela\u00e7\u00e3o ao cargo de T\u00e9cnico Judici\u00e1rio &#8211; \u00c1rea Judici\u00e1ria, a oferta inicial \u00e9 de <strong>13 vagas<\/strong> mais <strong>forma\u00e7\u00e3o de cadastro de reserva<\/strong>. Durante o prazo de validade do concurso anterior, foram nomeamos os <strong>primeiros 120 colocados<\/strong>, embora no edital de 2011 estivessem previstas apenas 14 vagas.<\/p>\n<p style=\"text-align: justify\">A expectativa de nomea\u00e7\u00f5es \u00e9 endossada pelo quantitativo de corre\u00e7\u00f5es de provas discursivas. Ser\u00e3o corrigidas &#8211; para cada um dos cargos de AJAJ, AJAA e TJAA \u2013 os textos dissertativos dos 200 primeiros classificados para ampla concorr\u00eancia e os textos dissertativos dos 40 primeiros classificados para quem concorrer\u00e1 nas vagas reservadas aos negros.<\/p>\n<p style=\"text-align: justify\">Dessa forma, o panorama geral dos cargos e expectativa de nomea\u00e7\u00f5es \u00e9 a seguinte:<\/p>\n<p style=\"text-align: justify\"><a href=\"https:\/\/dhg1h5j42swfq.cloudfront.net\/2015\/10\/14075000\/02.jpg\"><img loading=\"lazy\" decoding=\"async\" class=\" size-medium wp-image-28064 aligncenter\" src=\"https:\/\/dhg1h5j42swfq.cloudfront.net\/2015\/10\/14075000\/02-300x193.jpg\" alt=\"02\" width=\"300\" height=\"193\" srcset=\"https:\/\/dhg1h5j42swfq.cloudfront.net\/2015\/10\/14075000\/02.jpg 300w, https:\/\/dhg1h5j42swfq.cloudfront.net\/2015\/10\/14075000\/02.jpg 467w, https:\/\/dhg1h5j42swfq.cloudfront.net\/2015\/10\/14075000\/02.jpg 756w\" sizes=\"auto, (max-width: 300px) 100vw, 300px\" \/><\/a><\/p>\n<p style=\"text-align: justify\">Se animou a prestar o concurso? \u00c9 uma excelente oportunidade, acreditem!<\/p>\n<p style=\"text-align: justify\">Vamos, na sequ\u00eancia, tratar de como ser\u00e1 estruturada a prova dos tr\u00eas principais cargos.<\/p>\n<p style=\"text-align: justify\"><strong>Prova para AJAJ<\/strong><\/p>\n<p style=\"text-align: justify\">O concurso ser\u00e1 composto por tr\u00eas provas, conforme esquema abaixo:<\/p>\n<p style=\"text-align: justify\"><a href=\"https:\/\/dhg1h5j42swfq.cloudfront.net\/2015\/10\/14075008\/03.jpg\"><img loading=\"lazy\" decoding=\"async\" class=\" size-medium wp-image-28066 aligncenter\" src=\"https:\/\/dhg1h5j42swfq.cloudfront.net\/2015\/10\/14075008\/03-300x95.jpg\" alt=\"03\" width=\"300\" height=\"95\" srcset=\"https:\/\/dhg1h5j42swfq.cloudfront.net\/2015\/10\/14075008\/03.jpg 300w, https:\/\/dhg1h5j42swfq.cloudfront.net\/2015\/10\/14075008\/03.jpg 500w, https:\/\/dhg1h5j42swfq.cloudfront.net\/2015\/10\/14075008\/03.jpg 751w\" sizes=\"auto, (max-width: 300px) 100vw, 300px\" \/><\/a><\/p>\n<p style=\"text-align: justify\">Desse modo, <strong>cada quest\u00e3o da P1 valer\u00e1 0,5 ponto, cada quest\u00e3o da P2 valer\u00e1 0,75 ponto e cada estudo de caso valer\u00e1 10 pontos<\/strong>.<\/p>\n<p style=\"text-align: justify\">Estatisticamente, a pontua\u00e7\u00e3o da prova de AJAJ fica distribu\u00edda da seguinte forma:<\/p>\n<p style=\"text-align: justify\"><a href=\"https:\/\/dhg1h5j42swfq.cloudfront.net\/2015\/10\/14075009\/04.jpg\"><img loading=\"lazy\" decoding=\"async\" class=\" size-medium wp-image-28067 aligncenter\" src=\"https:\/\/dhg1h5j42swfq.cloudfront.net\/2015\/10\/14075009\/04-300x215.jpg\" alt=\"04\" width=\"300\" height=\"215\" srcset=\"https:\/\/dhg1h5j42swfq.cloudfront.net\/2015\/10\/14075009\/04.jpg 300w, https:\/\/dhg1h5j42swfq.cloudfront.net\/2015\/10\/14075009\/04.jpg 418w, https:\/\/dhg1h5j42swfq.cloudfront.net\/2015\/10\/14075009\/04.jpg 626w\" sizes=\"auto, (max-width: 300px) 100vw, 300px\" \/><\/a><\/p>\n<p style=\"text-align: justify\">O conte\u00fado da <strong>P1 &#8211; Conhecimentos Gerais<\/strong> abranger\u00e1 as seguintes disciplinas: <strong>L\u00edngua Portuguesa<\/strong>, <strong>No\u00e7\u00f5es de Inform\u00e1tica<\/strong>, <strong>Normas Aplic\u00e1veis aos Servidores P\u00fablicos<\/strong>, <strong>Regimento Interno do TRE\/RS<\/strong> e <strong>C\u00f3digo de \u00c9tica do TRE\/RS<\/strong>.<\/p>\n<p style=\"text-align: justify\">O conte\u00fado da <strong>P2 &#8211; Conhecimentos Espec\u00edficos<\/strong> abranger\u00e1 as seguintes disciplinas<strong>: Direito Eleitoral<\/strong>, <strong>Direito Administrativo<\/strong>, <strong>Direito Constitucional<\/strong>, <strong>Direito Civil<\/strong>, <strong>Direito Processual Civil<\/strong>, <strong>Direito Penal<\/strong>, <strong>Direito Processual Penal<\/strong> e <strong>No\u00e7\u00f5es de Administra\u00e7\u00e3o<\/strong>.<\/p>\n<p style=\"text-align: justify\">As provas objetivas ser\u00e3o de m\u00faltipla escolha e com cinco alternativas, entre as quais voc\u00ea dever\u00e1 assinalar uma \u00fanica op\u00e7\u00e3o, sem descontos caso erre alguma quest\u00e3o.<\/p>\n<p style=\"text-align: justify\">O conte\u00fado da <strong>P3 &#8211; Estudo de Caso<\/strong> abranger\u00e1 as seguintes disciplinas: <strong>Direito Eleitoral<\/strong>, <strong>Direito Administrativo<\/strong> e <strong>Normas Aplic\u00e1veis aos Servidores P\u00fablicos Federais<\/strong>.<\/p>\n<p style=\"text-align: justify\">Ser\u00e3o dois estudos de caso, a serem desenvolvidos em, no m\u00e1ximo 30 linhas e ser\u00e3o avaliados segundo o dom\u00ednio da L\u00edngua Portuguesa e dos conte\u00fados t\u00e9cnicos acima mencionados.<\/p>\n<p style=\"text-align: justify\">Em s\u00edntese os conte\u00fados constantes da ementa do edital estar\u00e3o distribu\u00eddos nas tr\u00eas provas do seguinte modo:<\/p>\n<p style=\"text-align: justify\"><a href=\"https:\/\/dhg1h5j42swfq.cloudfront.net\/2015\/10\/14075011\/05.jpg\"><img loading=\"lazy\" decoding=\"async\" class=\" size-medium wp-image-28068 aligncenter\" src=\"https:\/\/dhg1h5j42swfq.cloudfront.net\/2015\/10\/14075011\/05-300x198.jpg\" alt=\"05\" width=\"300\" height=\"198\" srcset=\"https:\/\/dhg1h5j42swfq.cloudfront.net\/2015\/10\/14075011\/05.jpg 300w, https:\/\/dhg1h5j42swfq.cloudfront.net\/2015\/10\/14075011\/05.jpg 453w, https:\/\/dhg1h5j42swfq.cloudfront.net\/2015\/10\/14075011\/05.jpg 650w\" sizes=\"auto, (max-width: 300px) 100vw, 300px\" \/><\/a><\/p>\n<p style=\"text-align: justify\">Da composi\u00e7\u00e3o acima, ante a natureza do cargo e as exig\u00eancias em prova, \u00e9 fundamental se preparar com afinco em Direito Eleitoral, Direito Administrativo e Normas Aplic\u00e1veis aos Servidores P\u00fablicos Federais, pois al\u00e9m de cobradas nas respectivas provas objetivas, figurar\u00e3o no estudo de caso, que representa 35% da prova aproximadamente.<\/p>\n<p style=\"text-align: justify\"><strong>Prova para AJAA<\/strong><\/p>\n<p style=\"text-align: justify\">A prova ser\u00e1 composta por tr\u00eas provas, conforme esquema abaixo:<\/p>\n<p style=\"text-align: justify\"><a href=\"https:\/\/dhg1h5j42swfq.cloudfront.net\/2015\/10\/14075013\/06.jpg\"><img loading=\"lazy\" decoding=\"async\" class=\" size-medium wp-image-28069 aligncenter\" src=\"https:\/\/dhg1h5j42swfq.cloudfront.net\/2015\/10\/14075013\/06-300x92.jpg\" alt=\"06\" width=\"300\" height=\"92\" srcset=\"https:\/\/dhg1h5j42swfq.cloudfront.net\/2015\/10\/14075013\/06.jpg 300w, https:\/\/dhg1h5j42swfq.cloudfront.net\/2015\/10\/14075013\/06.jpg 500w, https:\/\/dhg1h5j42swfq.cloudfront.net\/2015\/10\/14075013\/06.jpg 630w\" sizes=\"auto, (max-width: 300px) 100vw, 300px\" \/><\/a><\/p>\n<p style=\"text-align: justify\">Desse modo, <strong>cada quest\u00e3o da P1 valer\u00e1 0,5 ponto, cada quest\u00e3o da P2 valer\u00e1 0,75 ponto e a reda\u00e7\u00e3o equivaler\u00e1 a 20 pontos<\/strong>.<\/p>\n<p style=\"text-align: justify\">Estatisticamente, a pontua\u00e7\u00e3o da prova de AJAA fica distribu\u00edda da seguinte forma:<\/p>\n<p style=\"text-align: justify\"><a href=\"https:\/\/dhg1h5j42swfq.cloudfront.net\/2015\/10\/14075015\/07.jpg\"><img loading=\"lazy\" decoding=\"async\" class=\" size-medium wp-image-28070 aligncenter\" src=\"https:\/\/dhg1h5j42swfq.cloudfront.net\/2015\/10\/14075015\/07-300x218.jpg\" alt=\"07\" width=\"300\" height=\"218\" srcset=\"https:\/\/dhg1h5j42swfq.cloudfront.net\/2015\/10\/14075015\/07.jpg 300w, https:\/\/dhg1h5j42swfq.cloudfront.net\/2015\/10\/14075015\/07.jpg 414w, https:\/\/dhg1h5j42swfq.cloudfront.net\/2015\/10\/14075015\/07.jpg 619w\" sizes=\"auto, (max-width: 300px) 100vw, 300px\" \/><\/a><\/p>\n<p style=\"text-align: justify\">O conte\u00fado da <strong>P1 &#8211; Conhecimentos Gerais<\/strong> abranger\u00e1 as seguintes disciplinas: <strong>L\u00edngua Portuguesa<\/strong>, <strong>No\u00e7\u00f5es de Inform\u00e1tica<\/strong>, <strong>Normas Aplic\u00e1veis aos Servidores P\u00fablicos<\/strong>, <strong>Regimento Interno do TRE\/RS<\/strong> e <strong>C\u00f3digo de \u00c9tica do TRE\/RS<\/strong>.<\/p>\n<p style=\"text-align: justify\">O conte\u00fado da <strong>P2 &#8211; Conhecimentos Espec\u00edficos<\/strong> abranger\u00e1 as seguintes disciplinas<strong>: No\u00e7\u00f5es de Direito Eleitoral<\/strong>, <strong>No\u00e7\u00f5es de Direito Administrativo<\/strong>, <strong>No\u00e7\u00f5es de Direito Constitucional<\/strong> e <strong>No\u00e7\u00f5es de Administra\u00e7\u00e3o<\/strong>.<\/p>\n<p style=\"text-align: justify\">As provas objetivas ser\u00e3o de m\u00faltipla escolha e com cinco alternativas, entre as quais voc\u00ea dever\u00e1 assinalar uma \u00fanica op\u00e7\u00e3o, sem descontos caso erre alguma quest\u00e3o.<\/p>\n<p style=\"text-align: justify\">O conte\u00fado da <strong>P3 &#8211; Reda\u00e7\u00e3o<\/strong> abranger\u00e1 um <strong>tema da atualidade<\/strong> a ser desenvolvido em, no m\u00e1ximo 30 linhas, avaliado segundo o dom\u00ednio da L\u00edngua Portuguesa e dos conte\u00fados de atualidades.<\/p>\n<p style=\"text-align: justify\">Em s\u00edntese os conte\u00fados constantes da ementa do edital estar\u00e3o distribu\u00eddos nas tr\u00eas provas do seguinte modo:<\/p>\n<p style=\"text-align: justify\"><a href=\"https:\/\/dhg1h5j42swfq.cloudfront.net\/2015\/10\/14075016\/08.png\"><img loading=\"lazy\" decoding=\"async\" class=\" size-medium wp-image-28071 aligncenter\" src=\"https:\/\/dhg1h5j42swfq.cloudfront.net\/2015\/10\/14075016\/08-300x237.png\" alt=\"08\" width=\"300\" height=\"237\" srcset=\"https:\/\/dhg1h5j42swfq.cloudfront.net\/2015\/10\/14075016\/08.png 300w, https:\/\/dhg1h5j42swfq.cloudfront.net\/2015\/10\/14075016\/08.png 379w, https:\/\/dhg1h5j42swfq.cloudfront.net\/2015\/10\/14075016\/08.png 602w\" sizes=\"auto, (max-width: 300px) 100vw, 300px\" \/><\/a><\/p>\n<p style=\"text-align: justify\">Da composi\u00e7\u00e3o acima, ante a natureza do cargo e as exig\u00eancias em prova, \u00e9 fundamental se preparar bem para as provas de conhecimento espec\u00edfico, bem como para a prova de reda\u00e7\u00e3o, que ser\u00e1 fundamental para definir os melhores classificados.<\/p>\n<p style=\"text-align: justify\"><strong>Prova para TJAA<\/strong><\/p>\n<p style=\"text-align: justify\">A prova ser\u00e1 composta por tr\u00eas provas, conforme esquema abaixo:<\/p>\n<p style=\"text-align: justify\"><a href=\"https:\/\/dhg1h5j42swfq.cloudfront.net\/2015\/10\/14075018\/09.jpg\"><img loading=\"lazy\" decoding=\"async\" class=\" size-medium wp-image-28072 aligncenter\" src=\"https:\/\/dhg1h5j42swfq.cloudfront.net\/2015\/10\/14075018\/09-300x94.jpg\" alt=\"09\" width=\"300\" height=\"94\" srcset=\"https:\/\/dhg1h5j42swfq.cloudfront.net\/2015\/10\/14075018\/09.jpg 300w, https:\/\/dhg1h5j42swfq.cloudfront.net\/2015\/10\/14075018\/09.jpg 500w, https:\/\/dhg1h5j42swfq.cloudfront.net\/2015\/10\/14075018\/09.jpg 639w\" sizes=\"auto, (max-width: 300px) 100vw, 300px\" \/><\/a><\/p>\n<p style=\"text-align: justify\">Desse modo, <strong>cada quest\u00e3o da P1 valer\u00e1 0,5 ponto, cada quest\u00e3o da P2 valer\u00e1 0,75 ponto e a reda\u00e7\u00e3o equivaler\u00e1 a 20 pontos<\/strong>.<\/p>\n<p style=\"text-align: justify\">Estatisticamente, a pontua\u00e7\u00e3o da prova de TJAA fica distribu\u00edda da seguinte forma:<\/p>\n<p style=\"text-align: justify\"><a href=\"https:\/\/dhg1h5j42swfq.cloudfront.net\/2015\/10\/14075019\/10.jpg\"><img loading=\"lazy\" decoding=\"async\" class=\" size-medium wp-image-28073 aligncenter\" src=\"https:\/\/dhg1h5j42swfq.cloudfront.net\/2015\/10\/14075019\/10-300x213.jpg\" alt=\"10\" width=\"300\" height=\"213\" srcset=\"https:\/\/dhg1h5j42swfq.cloudfront.net\/2015\/10\/14075019\/10.jpg 300w, https:\/\/dhg1h5j42swfq.cloudfront.net\/2015\/10\/14075019\/10.jpg 423w, https:\/\/dhg1h5j42swfq.cloudfront.net\/2015\/10\/14075019\/10.jpg 628w\" sizes=\"auto, (max-width: 300px) 100vw, 300px\" \/><\/a><\/p>\n<p style=\"text-align: justify\">O conte\u00fado da <strong>P1 &#8211; Conhecimentos Gerais<\/strong> abranger\u00e1 as seguintes disciplinas: <strong>L\u00edngua Portuguesa<\/strong>, <strong>No\u00e7\u00f5es de Inform\u00e1tica<\/strong>, <strong>Normas Aplic\u00e1veis aos Servidores P\u00fablicos<\/strong>, <strong>Regimento Interno do TRE\/RS<\/strong> e <strong>C\u00f3digo de \u00c9tica do TRE\/RS<\/strong>.<\/p>\n<p style=\"text-align: justify\">O conte\u00fado da <strong>P2 &#8211; Conhecimentos Espec\u00edficos<\/strong> abranger\u00e1 as seguintes disciplinas<strong>: No\u00e7\u00f5es de Direito Eleitoral<\/strong>, <strong>No\u00e7\u00f5es de Direito Administrativo<\/strong>, <strong>No\u00e7\u00f5es de Direito Constitucional<\/strong> e <strong>No\u00e7\u00f5es de Administra\u00e7\u00e3o<\/strong>.<\/p>\n<p style=\"text-align: justify\">As provas objetivas ser\u00e3o de m\u00faltipla escolha e com cinco alternativas, entre as quais voc\u00ea dever\u00e1 assinalar uma \u00fanica op\u00e7\u00e3o, sem descontos caso erre alguma quest\u00e3o.<\/p>\n<p style=\"text-align: justify\">O conte\u00fado da <strong>P3 &#8211; Reda\u00e7\u00e3o<\/strong> abranger\u00e1 um tema da atualidade a ser desenvolvido em, no m\u00e1ximo 30 linhas, avaliado segundo o dom\u00ednio da L\u00edngua Portuguesa e dos conte\u00fados de atualidade referido.<\/p>\n<p style=\"text-align: justify\">Em s\u00edntese os conte\u00fados constantes da ementa do edital estar\u00e3o distribu\u00eddos nas tr\u00eas provas do seguinte modo:<\/p>\n<p style=\"text-align: justify\"><a href=\"https:\/\/dhg1h5j42swfq.cloudfront.net\/2015\/10\/14075021\/11.jpg\"><img loading=\"lazy\" decoding=\"async\" class=\" size-medium wp-image-28074 aligncenter\" src=\"https:\/\/dhg1h5j42swfq.cloudfront.net\/2015\/10\/14075021\/11-300x195.jpg\" alt=\"11\" width=\"300\" height=\"195\" srcset=\"https:\/\/dhg1h5j42swfq.cloudfront.net\/2015\/10\/14075021\/11.jpg 300w, https:\/\/dhg1h5j42swfq.cloudfront.net\/2015\/10\/14075021\/11.jpg 462w, https:\/\/dhg1h5j42swfq.cloudfront.net\/2015\/10\/14075021\/11.jpg 635w\" sizes=\"auto, (max-width: 300px) 100vw, 300px\" \/><\/a><\/p>\n<p style=\"text-align: justify\">Da composi\u00e7\u00e3o acima, ante a natureza do cargo e as exig\u00eancias em prova, \u00e9 fundamental se preparar bem para as provas de conhecimentos espec\u00edficos, bem como para a prova de reda\u00e7\u00e3o, que ser\u00e1 fundamental para definir os melhores classificados.<\/p>\n<p style=\"text-align: justify\"><strong>Nota de Corte<\/strong><\/p>\n<p style=\"text-align: justify\">Cada concurso \u00e9 uma realidade diferente, ainda mais considerando que no concurso de 2011 a prova do TRE\/RS foi realizada pela FCC e, neste concurso, ser\u00e1 realizad pelo CESPE.<\/p>\n<p style=\"text-align: justify\">Ainda assim, algumas informa\u00e7\u00f5es estat\u00edsticas s\u00e3o relevantes para orientar nossa prepara\u00e7\u00e3o.<\/p>\n<p style=\"text-align: justify\">Para tanto, vamos analisar dois concursos anteriores de TRE, o primeiro deles ser\u00e1 o TRE\/RS realizado em 2011 pela FCC e o segundo, com intuito de aproximar da nossa realidade, vamos tratar do TRE\/GO, realizado em 2015 pelo CESPE.<\/p>\n<p style=\"text-align: justify\">Ao contrapor ambos os certames, teremos uma vis\u00e3o aproximada da pontua\u00e7\u00e3o necess\u00e1ria para uma boa classifica\u00e7\u00e3o.<\/p>\n<p style=\"text-align: justify\">No concurso de 2011, com a homologa\u00e7\u00e3o do resultado, e considerando a quantidade de candidatos nomeados, tivemos a seguinte nota de corte, tendo em vista o \u00faltimo candidato nomeado durante a validade do concurso:<\/p>\n<p style=\"text-align: justify\"><a href=\"https:\/\/dhg1h5j42swfq.cloudfront.net\/2015\/10\/14075023\/12.jpg\"><img loading=\"lazy\" decoding=\"async\" class=\" size-medium wp-image-28075 aligncenter\" src=\"https:\/\/dhg1h5j42swfq.cloudfront.net\/2015\/10\/14075023\/12-300x112.jpg\" alt=\"12\" width=\"300\" height=\"112\" srcset=\"https:\/\/dhg1h5j42swfq.cloudfront.net\/2015\/10\/14075023\/12.jpg 300w, https:\/\/dhg1h5j42swfq.cloudfront.net\/2015\/10\/14075023\/12.jpg 500w, https:\/\/dhg1h5j42swfq.cloudfront.net\/2015\/10\/14075023\/12.jpg 511w\" sizes=\"auto, (max-width: 300px) 100vw, 300px\" \/><\/a><\/p>\n<p style=\"text-align: justify\">Temos, como voc\u00eas podem perceber, pontua\u00e7\u00f5es altas, especialmente para o cargo de T\u00e9cnico Judici\u00e1rio &#8211; \u00c1rea Administrativa. Entretanto, frise-se, esse concurso foi realizado pela FCC.<\/p>\n<p style=\"text-align: justify\">Vamos, na sequ\u00eancia, comparar os dados acima, com base no concurso do TRE\/GO, homologado h\u00e1 meses atr\u00e1s.<\/p>\n<p style=\"text-align: justify\">Se considerarmos a pontua\u00e7\u00e3o do candidato aprovado no concurso do TRE\/GO na coloca\u00e7\u00e3o do \u00faltimo candidato nomeado no concurso anterior do TRE\/RS, temos as seguintes notas de corte:<\/p>\n<p style=\"text-align: justify\"><a href=\"https:\/\/dhg1h5j42swfq.cloudfront.net\/2015\/10\/14075024\/13.jpg\"><img loading=\"lazy\" decoding=\"async\" class=\" size-medium wp-image-28076 aligncenter\" src=\"https:\/\/dhg1h5j42swfq.cloudfront.net\/2015\/10\/14075024\/13-300x107.jpg\" alt=\"13\" width=\"300\" height=\"107\" srcset=\"https:\/\/dhg1h5j42swfq.cloudfront.net\/2015\/10\/14075024\/13.jpg 300w, https:\/\/dhg1h5j42swfq.cloudfront.net\/2015\/10\/14075024\/13.jpg 500w, https:\/\/dhg1h5j42swfq.cloudfront.net\/2015\/10\/14075024\/13.jpg 507w\" sizes=\"auto, (max-width: 300px) 100vw, 300px\" \/><\/a><\/p>\n<p style=\"text-align: justify\">Embora certamente tenhamos alguma especificidade no concurso vindouro, podemos estabelecer como par\u00e2metro, as pontua\u00e7\u00f5es acima, como um indicativo de bom desempenho neste concurso.<\/p>\n<p style=\"text-align: justify\">Logo, <strong>a sua prepara\u00e7\u00e3o dever\u00e1 mirar, ao menos, 70% na prova de AJAJ e AJAA e 80% na prova de TJAA. S\u00e3o par\u00e2metros para um excelente desempenho e com reais chances de nomea\u00e7\u00e3o<\/strong>.<\/p>\n<p style=\"text-align: justify\"><strong>Orienta\u00e7\u00f5es de Prepara\u00e7\u00e3o <\/strong><\/p>\n<p style=\"text-align: justify\">Em vista de tudo o escrevemos, reproduzimos aqui algumas valiosas orienta\u00e7\u00f5es do Prof. Ricardo Vale, quanto \u00e0 organiza\u00e7\u00e3o dos seus estudos!<\/p>\n<p style=\"text-align: justify\">O edital do TRE\/RS acabou de ser publicado. Agora, voc\u00ea precisa se dedicar com for\u00e7a total. E, para isso, tem que fazer um planejamento. E, \u00e9 claro, cumprir esse planejamento.<\/p>\n<p style=\"text-align: justify\">Para que voc\u00ea possa fazer um planejamento nessa reta final, seguem algumas dicas:<\/p>\n<ol style=\"text-align: justify\">\n<li>O concurso do TRE\/RS 2015 ser\u00e1 no dia 20 de dezembro. Como estou escrevendo esse artigo no dia 13 de outubro, <strong>faltam 68 dias<\/strong> para a prova.<\/li>\n<li>Sabendo disso, voc\u00ea tem que pensar o seguinte: quantas horas eu tenho dispon\u00edveis por dia? 4 horas? 6 horas? 8 horas?<\/li>\n<li>Feito esse levantamento, <strong>monte o seu ciclo de estudos<\/strong> at\u00e9 a data da prova. Sugiro reservar a \u00faltima semana apenas para a resolu\u00e7\u00e3o de exerc\u00edcios e revis\u00f5es.<\/li>\n<li>N\u00e3o fique desesperado para terminar o edital! <strong>Estude de maneira objetiva<\/strong>, focando nos aspectos principais de cada disciplina. <strong>Resolva muitas quest\u00f5es<\/strong>! Revise a mat\u00e9ria o tempo todo!! Acumule o maior n\u00famero poss\u00edvel de HBC`s (Horas de Bunda na Cadeira).<\/li>\n<li>Leia o m\u00e1ximo poss\u00edvel! No dia da prova, ser\u00e3o <strong>4 horas e 30 minutos ou 5 horas, a depender do cargo, lendo os enunciados do CESPE<\/strong>. Se voc\u00ea n\u00e3o estiver acostumado com a leitura e treinada a concentra\u00e7\u00e3o para o per\u00edodo, s\u00e3o grandes as chances de voc\u00ea n\u00e3o se sair bem.<\/li>\n<li><strong>Prepare-se para a prova discursiva!<\/strong> Ela poder\u00e1 ser a grande diferen\u00e7a em seu resultado!<\/li>\n<\/ol>\n<p style=\"text-align: justify\"><strong>Cursos Estrat\u00e9gia Concursos<\/strong><\/p>\n<p style=\"text-align: justify\">Por fim, deixamos aqui o link para os nossos cursos. Dentro da perspectiva apresentada, an\u00e1lise de quest\u00f5es, estilo da banca, lan\u00e7amos cursos objetivos, atualizados e com total foco no edital publicado.<\/p>\n<p style=\"text-align: center\"><strong><a href=\"https:\/\/www.estrategiaconcursos.com.br\/cursosPorConcurso\/tre-rs-tribunal-regional-eleitoral-do-rio-grande-do-sul-425\/\">https:\/\/www.estrategiaconcursos.com.br\/cursosPorConcurso\/tre-rs-tribunal-regional-eleitoral-do-rio-grande-do-sul-425\/<\/a><\/strong><\/p>\n<p style=\"text-align: justify\">N\u00e3o deixem de conferir nossas aulas demonstrativas e, se houver alguma d\u00favida, deixe seu coment\u00e1rio abaixo.<\/p>\n<p>No mais, desejo a todos uma excelente prepara\u00e7\u00e3o e muito sucesso nesta caminha rumo ao TRE\/RS.<\/p>\n<p>Bons estudos e um forte abra\u00e7o a todos,<\/p>\n<p style=\"text-align: right\"><strong>Professor Ricardo Torques<\/strong><\/p>\n<p style=\"text-align: right\"><strong><span style=\"text-decoration: underline\">rst.estrategia@gmail.com<\/span><\/strong><\/p>\n<p style=\"text-align: right\"><strong><a href=\"https:\/\/www.facebook.com\/ricardo.s.torques\">https:\/\/www.facebook.com\/ricardo.s.torques<\/a><\/strong><\/p>\n","protected":false},"excerpt":{"rendered":"<p>Ol\u00e1 pessoal, aqui \u00e9 o Ricardo Torques e vamos analisar o edital do Tribunal Regional Eleitoral do Rio Grande do Sul (TRE-RS), lan\u00e7ado em 13.10.2015. Embora imprescind\u00edvel a leitura integral do edital, caso voc\u00ea v\u00e1 prestar as provas em 20.12, a fim de orient\u00e1-los, sintetizamos neste artigo as principais informa\u00e7\u00f5es relativas ao concurso. Este pequeno [&hellip;]<\/p>\n","protected":false},"author":180,"featured_media":0,"comment_status":"open","ping_status":"open","sticky":false,"template":"","format":"standard","meta":{"post_tipo":"article","footnotes":""},"categories":[1],"tags":[1031,1007],"tax_estado":[],"class_list":["post-28062","post","type-post","status-publish","format-standard","hentry","category-cursos-e-concursos","tag-dissecando-o-edital","tag-tre-rs"],"acf":[],"yoast_head":"<!-- This site is optimized with the Yoast SEO Premium plugin v27.2 (Yoast SEO v27.2) - https:\/\/yoast.com\/product\/yoast-seo-premium-wordpress\/ -->\n<title>Dissecando o Edital do TRE\/RS 2015 - edital publicado!<\/title>\n<meta name=\"description\" content=\"Ol\u00e1, pessoal! Aqui \u00e9 o Prof. Ricardo Torques e nesse artigo iremos analisar em detalhes o edital TRE\/RS, bem como dar dicas de prepara\u00e7\u00e3o para esse concurso\" \/>\n<meta name=\"robots\" content=\"index, follow, max-snippet:-1, max-image-preview:large, max-video-preview:-1\" \/>\n<link rel=\"canonical\" href=\"https:\/\/www.estrategiaconcursos.com.br\/blog\/dissecando-o-edital-do-trers-2015-edital-publicado\/\" \/>\n<meta property=\"og:locale\" content=\"pt_BR\" \/>\n<meta property=\"og:type\" content=\"article\" \/>\n<meta property=\"og:title\" content=\"Dissecando o Edital do TRE\/RS 2015 - edital publicado!\" \/>\n<meta property=\"og:description\" content=\"Ol\u00e1, pessoal! Aqui \u00e9 o Prof. Ricardo Torques e nesse artigo iremos analisar em detalhes o edital TRE\/RS, bem como dar dicas de prepara\u00e7\u00e3o para esse concurso\" \/>\n<meta property=\"og:url\" content=\"https:\/\/www.estrategiaconcursos.com.br\/blog\/dissecando-o-edital-do-trers-2015-edital-publicado\/\" \/>\n<meta property=\"og:site_name\" content=\"Estrat\u00e9gia Concursos\" \/>\n<meta property=\"article:author\" content=\"https:\/\/www.facebook.com\/ricardo.s.torques\" \/>\n<meta property=\"article:published_time\" content=\"2015-10-14T11:00:19+00:00\" \/>\n<meta property=\"article:modified_time\" content=\"2015-10-14T13:58:25+00:00\" \/>\n<meta property=\"og:image\" content=\"https:\/\/dhg1h5j42swfq.cloudfront.net\/2015\/10\/14075025\/trers-300x154.jpg\" \/>\n<meta name=\"author\" content=\"Ricardo Torques\" \/>\n<meta name=\"twitter:card\" content=\"summary_large_image\" \/>\n<meta name=\"twitter:creator\" content=\"@EstratConcursos\" \/>\n<meta name=\"twitter:site\" content=\"@EstratConcursos\" \/>\n<meta name=\"twitter:label1\" content=\"Escrito por\" \/>\n\t<meta name=\"twitter:data1\" content=\"Ricardo Torques\" \/>\n\t<meta name=\"twitter:label2\" content=\"Est. tempo de leitura\" \/>\n\t<meta name=\"twitter:data2\" content=\"12 minutos\" \/>\n<script type=\"application\/ld+json\" class=\"yoast-schema-graph\">{\"@context\":\"https:\/\/schema.org\",\"@graph\":[{\"@type\":\"NewsArticle\",\"@id\":\"https:\/\/www.estrategiaconcursos.com.br\/blog\/dissecando-o-edital-do-trers-2015-edital-publicado\/#article\",\"isPartOf\":{\"@id\":\"https:\/\/www.estrategiaconcursos.com.br\/blog\/dissecando-o-edital-do-trers-2015-edital-publicado\/\"},\"author\":{\"name\":\"Ricardo Torques\",\"@id\":\"https:\/\/www.estrategiaconcursos.com.br\/blog\/#\/schema\/person\/aa39cf5ddb518e5bdce27c35788405e2\"},\"headline\":\"Dissecando o Edital do TRE\/RS 2015 &#8211; edital publicado!\",\"datePublished\":\"2015-10-14T11:00:19+00:00\",\"dateModified\":\"2015-10-14T13:58:25+00:00\",\"mainEntityOfPage\":{\"@id\":\"https:\/\/www.estrategiaconcursos.com.br\/blog\/dissecando-o-edital-do-trers-2015-edital-publicado\/\"},\"wordCount\":2320,\"commentCount\":13,\"publisher\":{\"@id\":\"https:\/\/www.estrategiaconcursos.com.br\/blog\/#organization\"},\"image\":{\"@id\":\"https:\/\/www.estrategiaconcursos.com.br\/blog\/dissecando-o-edital-do-trers-2015-edital-publicado\/#primaryimage\"},\"thumbnailUrl\":\"https:\/\/dhg1h5j42swfq.cloudfront.net\/2015\/10\/14075025\/trers-300x154.jpg\",\"keywords\":[\"Dissecando o Edital\",\"TRE-RS\"],\"articleSection\":[\"Concursos P\u00fablicos\"],\"inLanguage\":\"pt-BR\",\"potentialAction\":[{\"@type\":\"CommentAction\",\"name\":\"Comment\",\"target\":[\"https:\/\/www.estrategiaconcursos.com.br\/blog\/dissecando-o-edital-do-trers-2015-edital-publicado\/#respond\"]}],\"copyrightYear\":\"2015\",\"copyrightHolder\":{\"@id\":\"https:\/\/www.estrategiaconcursos.com.br\/blog\/#organization\"}},{\"@type\":\"WebPage\",\"@id\":\"https:\/\/www.estrategiaconcursos.com.br\/blog\/dissecando-o-edital-do-trers-2015-edital-publicado\/\",\"url\":\"https:\/\/www.estrategiaconcursos.com.br\/blog\/dissecando-o-edital-do-trers-2015-edital-publicado\/\",\"name\":\"Dissecando o Edital do TRE\/RS 2015 - edital publicado!\",\"isPartOf\":{\"@id\":\"https:\/\/www.estrategiaconcursos.com.br\/blog\/#website\"},\"primaryImageOfPage\":{\"@id\":\"https:\/\/www.estrategiaconcursos.com.br\/blog\/dissecando-o-edital-do-trers-2015-edital-publicado\/#primaryimage\"},\"image\":{\"@id\":\"https:\/\/www.estrategiaconcursos.com.br\/blog\/dissecando-o-edital-do-trers-2015-edital-publicado\/#primaryimage\"},\"thumbnailUrl\":\"https:\/\/dhg1h5j42swfq.cloudfront.net\/2015\/10\/14075025\/trers-300x154.jpg\",\"datePublished\":\"2015-10-14T11:00:19+00:00\",\"dateModified\":\"2015-10-14T13:58:25+00:00\",\"description\":\"Ol\u00e1, pessoal! Aqui \u00e9 o Prof. Ricardo Torques e nesse artigo iremos analisar em detalhes o edital TRE\/RS, bem como dar dicas de prepara\u00e7\u00e3o para esse concurso\",\"breadcrumb\":{\"@id\":\"https:\/\/www.estrategiaconcursos.com.br\/blog\/dissecando-o-edital-do-trers-2015-edital-publicado\/#breadcrumb\"},\"inLanguage\":\"pt-BR\",\"potentialAction\":[{\"@type\":\"ReadAction\",\"target\":[\"https:\/\/www.estrategiaconcursos.com.br\/blog\/dissecando-o-edital-do-trers-2015-edital-publicado\/\"]}]},{\"@type\":\"ImageObject\",\"inLanguage\":\"pt-BR\",\"@id\":\"https:\/\/www.estrategiaconcursos.com.br\/blog\/dissecando-o-edital-do-trers-2015-edital-publicado\/#primaryimage\",\"url\":\"https:\/\/dhg1h5j42swfq.cloudfront.net\/2015\/10\/14075025\/trers-300x154.jpg\",\"contentUrl\":\"https:\/\/dhg1h5j42swfq.cloudfront.net\/2015\/10\/14075025\/trers-300x154.jpg\"},{\"@type\":\"BreadcrumbList\",\"@id\":\"https:\/\/www.estrategiaconcursos.com.br\/blog\/dissecando-o-edital-do-trers-2015-edital-publicado\/#breadcrumb\",\"itemListElement\":[{\"@type\":\"ListItem\",\"position\":1,\"name\":\"In\u00edcio\",\"item\":\"https:\/\/www.estrategiaconcursos.com.br\/blog\/\"},{\"@type\":\"ListItem\",\"position\":2,\"name\":\"Dissecando o Edital do TRE\/RS 2015 &#8211; edital publicado!\"}]},{\"@type\":\"WebSite\",\"@id\":\"https:\/\/www.estrategiaconcursos.com.br\/blog\/#website\",\"url\":\"https:\/\/www.estrategiaconcursos.com.br\/blog\/\",\"name\":\"Estrat\u00e9gia Concursos\",\"description\":\"O blog da Estrat\u00e9gia Concursos traz not\u00edcias sobre concursos e artigos de professores oferecendo cursos para concursos (pdf + videaulas) no site.\",\"publisher\":{\"@id\":\"https:\/\/www.estrategiaconcursos.com.br\/blog\/#organization\"},\"potentialAction\":[{\"@type\":\"SearchAction\",\"target\":{\"@type\":\"EntryPoint\",\"urlTemplate\":\"https:\/\/www.estrategiaconcursos.com.br\/blog\/?s={search_term_string}\"},\"query-input\":{\"@type\":\"PropertyValueSpecification\",\"valueRequired\":true,\"valueName\":\"search_term_string\"}}],\"inLanguage\":\"pt-BR\"},{\"@type\":\"Organization\",\"@id\":\"https:\/\/www.estrategiaconcursos.com.br\/blog\/#organization\",\"name\":\"Estrat\u00e9gia Concursos\",\"url\":\"https:\/\/www.estrategiaconcursos.com.br\/blog\/\",\"logo\":{\"@type\":\"ImageObject\",\"inLanguage\":\"pt-BR\",\"@id\":\"https:\/\/www.estrategiaconcursos.com.br\/blog\/#\/schema\/logo\/image\/\",\"url\":\"https:\/\/dhg1h5j42swfq.cloudfront.net\/2025\/06\/03203428\/logo_concursos-1.jpg\",\"contentUrl\":\"https:\/\/dhg1h5j42swfq.cloudfront.net\/2025\/06\/03203428\/logo_concursos-1.jpg\",\"width\":230,\"height\":60,\"caption\":\"Estrat\u00e9gia Concursos\"},\"image\":{\"@id\":\"https:\/\/www.estrategiaconcursos.com.br\/blog\/#\/schema\/logo\/image\/\"},\"sameAs\":[\"https:\/\/x.com\/EstratConcursos\"]},{\"@type\":\"Person\",\"@id\":\"https:\/\/www.estrategiaconcursos.com.br\/blog\/#\/schema\/person\/aa39cf5ddb518e5bdce27c35788405e2\",\"name\":\"Ricardo Torques\",\"image\":{\"@type\":\"ImageObject\",\"inLanguage\":\"pt-BR\",\"@id\":\"https:\/\/secure.gravatar.com\/avatar\/ce9ac6c3cff25fe86d15ed568ebc64d1724baf5c0693133bcb1f6073f712f92a?s=96&d=mm&r=g\",\"url\":\"https:\/\/secure.gravatar.com\/avatar\/ce9ac6c3cff25fe86d15ed568ebc64d1724baf5c0693133bcb1f6073f712f92a?s=96&d=mm&r=g\",\"contentUrl\":\"https:\/\/secure.gravatar.com\/avatar\/ce9ac6c3cff25fe86d15ed568ebc64d1724baf5c0693133bcb1f6073f712f92a?s=96&d=mm&r=g\",\"caption\":\"Ricardo Torques\"},\"sameAs\":[\"https:\/\/www.facebook.com\/ricardo.s.torques\"],\"url\":\"https:\/\/www.estrategiaconcursos.com.br\/blog\/author\/ricardotorquesestrategiaconcursos-com-br\/\"}]}<\/script>\n<!-- \/ Yoast SEO Premium plugin. -->","yoast_head_json":{"title":"Dissecando o Edital do TRE\/RS 2015 - edital publicado!","description":"Ol\u00e1, pessoal! Aqui \u00e9 o Prof. Ricardo Torques e nesse artigo iremos analisar em detalhes o edital TRE\/RS, bem como dar dicas de prepara\u00e7\u00e3o para esse concurso","robots":{"index":"index","follow":"follow","max-snippet":"max-snippet:-1","max-image-preview":"max-image-preview:large","max-video-preview":"max-video-preview:-1"},"canonical":"https:\/\/www.estrategiaconcursos.com.br\/blog\/dissecando-o-edital-do-trers-2015-edital-publicado\/","og_locale":"pt_BR","og_type":"article","og_title":"Dissecando o Edital do TRE\/RS 2015 - edital publicado!","og_description":"Ol\u00e1, pessoal! Aqui \u00e9 o Prof. Ricardo Torques e nesse artigo iremos analisar em detalhes o edital TRE\/RS, bem como dar dicas de prepara\u00e7\u00e3o para esse concurso","og_url":"https:\/\/www.estrategiaconcursos.com.br\/blog\/dissecando-o-edital-do-trers-2015-edital-publicado\/","og_site_name":"Estrat\u00e9gia Concursos","article_author":"https:\/\/www.facebook.com\/ricardo.s.torques","article_published_time":"2015-10-14T11:00:19+00:00","article_modified_time":"2015-10-14T13:58:25+00:00","og_image":[{"url":"https:\/\/dhg1h5j42swfq.cloudfront.net\/2015\/10\/14075025\/trers-300x154.jpg","type":"","width":"","height":""}],"author":"Ricardo Torques","twitter_card":"summary_large_image","twitter_creator":"@EstratConcursos","twitter_site":"@EstratConcursos","twitter_misc":{"Escrito por":"Ricardo Torques","Est. tempo de leitura":"12 minutos"},"schema":{"@context":"https:\/\/schema.org","@graph":[{"@type":"NewsArticle","@id":"https:\/\/www.estrategiaconcursos.com.br\/blog\/dissecando-o-edital-do-trers-2015-edital-publicado\/#article","isPartOf":{"@id":"https:\/\/www.estrategiaconcursos.com.br\/blog\/dissecando-o-edital-do-trers-2015-edital-publicado\/"},"author":{"name":"Ricardo Torques","@id":"https:\/\/www.estrategiaconcursos.com.br\/blog\/#\/schema\/person\/aa39cf5ddb518e5bdce27c35788405e2"},"headline":"Dissecando o Edital do TRE\/RS 2015 &#8211; edital publicado!","datePublished":"2015-10-14T11:00:19+00:00","dateModified":"2015-10-14T13:58:25+00:00","mainEntityOfPage":{"@id":"https:\/\/www.estrategiaconcursos.com.br\/blog\/dissecando-o-edital-do-trers-2015-edital-publicado\/"},"wordCount":2320,"commentCount":13,"publisher":{"@id":"https:\/\/www.estrategiaconcursos.com.br\/blog\/#organization"},"image":{"@id":"https:\/\/www.estrategiaconcursos.com.br\/blog\/dissecando-o-edital-do-trers-2015-edital-publicado\/#primaryimage"},"thumbnailUrl":"https:\/\/dhg1h5j42swfq.cloudfront.net\/2015\/10\/14075025\/trers-300x154.jpg","keywords":["Dissecando o Edital","TRE-RS"],"articleSection":["Concursos P\u00fablicos"],"inLanguage":"pt-BR","potentialAction":[{"@type":"CommentAction","name":"Comment","target":["https:\/\/www.estrategiaconcursos.com.br\/blog\/dissecando-o-edital-do-trers-2015-edital-publicado\/#respond"]}],"copyrightYear":"2015","copyrightHolder":{"@id":"https:\/\/www.estrategiaconcursos.com.br\/blog\/#organization"}},{"@type":"WebPage","@id":"https:\/\/www.estrategiaconcursos.com.br\/blog\/dissecando-o-edital-do-trers-2015-edital-publicado\/","url":"https:\/\/www.estrategiaconcursos.com.br\/blog\/dissecando-o-edital-do-trers-2015-edital-publicado\/","name":"Dissecando o Edital do TRE\/RS 2015 - edital publicado!","isPartOf":{"@id":"https:\/\/www.estrategiaconcursos.com.br\/blog\/#website"},"primaryImageOfPage":{"@id":"https:\/\/www.estrategiaconcursos.com.br\/blog\/dissecando-o-edital-do-trers-2015-edital-publicado\/#primaryimage"},"image":{"@id":"https:\/\/www.estrategiaconcursos.com.br\/blog\/dissecando-o-edital-do-trers-2015-edital-publicado\/#primaryimage"},"thumbnailUrl":"https:\/\/dhg1h5j42swfq.cloudfront.net\/2015\/10\/14075025\/trers-300x154.jpg","datePublished":"2015-10-14T11:00:19+00:00","dateModified":"2015-10-14T13:58:25+00:00","description":"Ol\u00e1, pessoal! Aqui \u00e9 o Prof. Ricardo Torques e nesse artigo iremos analisar em detalhes o edital TRE\/RS, bem como dar dicas de prepara\u00e7\u00e3o para esse concurso","breadcrumb":{"@id":"https:\/\/www.estrategiaconcursos.com.br\/blog\/dissecando-o-edital-do-trers-2015-edital-publicado\/#breadcrumb"},"inLanguage":"pt-BR","potentialAction":[{"@type":"ReadAction","target":["https:\/\/www.estrategiaconcursos.com.br\/blog\/dissecando-o-edital-do-trers-2015-edital-publicado\/"]}]},{"@type":"ImageObject","inLanguage":"pt-BR","@id":"https:\/\/www.estrategiaconcursos.com.br\/blog\/dissecando-o-edital-do-trers-2015-edital-publicado\/#primaryimage","url":"https:\/\/dhg1h5j42swfq.cloudfront.net\/2015\/10\/14075025\/trers-300x154.jpg","contentUrl":"https:\/\/dhg1h5j42swfq.cloudfront.net\/2015\/10\/14075025\/trers-300x154.jpg"},{"@type":"BreadcrumbList","@id":"https:\/\/www.estrategiaconcursos.com.br\/blog\/dissecando-o-edital-do-trers-2015-edital-publicado\/#breadcrumb","itemListElement":[{"@type":"ListItem","position":1,"name":"In\u00edcio","item":"https:\/\/www.estrategiaconcursos.com.br\/blog\/"},{"@type":"ListItem","position":2,"name":"Dissecando o Edital do TRE\/RS 2015 &#8211; edital publicado!"}]},{"@type":"WebSite","@id":"https:\/\/www.estrategiaconcursos.com.br\/blog\/#website","url":"https:\/\/www.estrategiaconcursos.com.br\/blog\/","name":"Estrat\u00e9gia Concursos","description":"O blog da Estrat\u00e9gia Concursos traz not\u00edcias sobre concursos e artigos de professores oferecendo cursos para concursos (pdf + videaulas) no site.","publisher":{"@id":"https:\/\/www.estrategiaconcursos.com.br\/blog\/#organization"},"potentialAction":[{"@type":"SearchAction","target":{"@type":"EntryPoint","urlTemplate":"https:\/\/www.estrategiaconcursos.com.br\/blog\/?s={search_term_string}"},"query-input":{"@type":"PropertyValueSpecification","valueRequired":true,"valueName":"search_term_string"}}],"inLanguage":"pt-BR"},{"@type":"Organization","@id":"https:\/\/www.estrategiaconcursos.com.br\/blog\/#organization","name":"Estrat\u00e9gia Concursos","url":"https:\/\/www.estrategiaconcursos.com.br\/blog\/","logo":{"@type":"ImageObject","inLanguage":"pt-BR","@id":"https:\/\/www.estrategiaconcursos.com.br\/blog\/#\/schema\/logo\/image\/","url":"https:\/\/dhg1h5j42swfq.cloudfront.net\/2025\/06\/03203428\/logo_concursos-1.jpg","contentUrl":"https:\/\/dhg1h5j42swfq.cloudfront.net\/2025\/06\/03203428\/logo_concursos-1.jpg","width":230,"height":60,"caption":"Estrat\u00e9gia Concursos"},"image":{"@id":"https:\/\/www.estrategiaconcursos.com.br\/blog\/#\/schema\/logo\/image\/"},"sameAs":["https:\/\/x.com\/EstratConcursos"]},{"@type":"Person","@id":"https:\/\/www.estrategiaconcursos.com.br\/blog\/#\/schema\/person\/aa39cf5ddb518e5bdce27c35788405e2","name":"Ricardo Torques","image":{"@type":"ImageObject","inLanguage":"pt-BR","@id":"https:\/\/secure.gravatar.com\/avatar\/ce9ac6c3cff25fe86d15ed568ebc64d1724baf5c0693133bcb1f6073f712f92a?s=96&d=mm&r=g","url":"https:\/\/secure.gravatar.com\/avatar\/ce9ac6c3cff25fe86d15ed568ebc64d1724baf5c0693133bcb1f6073f712f92a?s=96&d=mm&r=g","contentUrl":"https:\/\/secure.gravatar.com\/avatar\/ce9ac6c3cff25fe86d15ed568ebc64d1724baf5c0693133bcb1f6073f712f92a?s=96&d=mm&r=g","caption":"Ricardo Torques"},"sameAs":["https:\/\/www.facebook.com\/ricardo.s.torques"],"url":"https:\/\/www.estrategiaconcursos.com.br\/blog\/author\/ricardotorquesestrategiaconcursos-com-br\/"}]}},"_links":{"self":[{"href":"https:\/\/www.estrategiaconcursos.com.br\/blog\/wp-json\/wp\/v2\/posts\/28062","targetHints":{"allow":["GET"]}}],"collection":[{"href":"https:\/\/www.estrategiaconcursos.com.br\/blog\/wp-json\/wp\/v2\/posts"}],"about":[{"href":"https:\/\/www.estrategiaconcursos.com.br\/blog\/wp-json\/wp\/v2\/types\/post"}],"author":[{"embeddable":true,"href":"https:\/\/www.estrategiaconcursos.com.br\/blog\/wp-json\/wp\/v2\/users\/180"}],"replies":[{"embeddable":true,"href":"https:\/\/www.estrategiaconcursos.com.br\/blog\/wp-json\/wp\/v2\/comments?post=28062"}],"version-history":[{"count":6,"href":"https:\/\/www.estrategiaconcursos.com.br\/blog\/wp-json\/wp\/v2\/posts\/28062\/revisions"}],"predecessor-version":[{"id":28100,"href":"https:\/\/www.estrategiaconcursos.com.br\/blog\/wp-json\/wp\/v2\/posts\/28062\/revisions\/28100"}],"wp:attachment":[{"href":"https:\/\/www.estrategiaconcursos.com.br\/blog\/wp-json\/wp\/v2\/media?parent=28062"}],"wp:term":[{"taxonomy":"category","embeddable":true,"href":"https:\/\/www.estrategiaconcursos.com.br\/blog\/wp-json\/wp\/v2\/categories?post=28062"},{"taxonomy":"post_tag","embeddable":true,"href":"https:\/\/www.estrategiaconcursos.com.br\/blog\/wp-json\/wp\/v2\/tags?post=28062"},{"taxonomy":"tax_estado","embeddable":true,"href":"https:\/\/www.estrategiaconcursos.com.br\/blog\/wp-json\/wp\/v2\/tax_estado?post=28062"}],"curies":[{"name":"wp","href":"https:\/\/api.w.org\/{rel}","templated":true}]}}