{"id":28057,"date":"2015-10-13T22:22:56","date_gmt":"2015-10-14T01:22:56","guid":{"rendered":"http:\/\/www.estrategiaconcursos.com.br\/blog\/?p=28057"},"modified":"2015-10-15T09:52:36","modified_gmt":"2015-10-15T12:52:36","slug":"questoes-de-direito-tributario-comentadas-prova-agu2015","status":"publish","type":"post","link":"https:\/\/www.estrategiaconcursos.com.br\/blog\/questoes-de-direito-tributario-comentadas-prova-agu2015\/","title":{"rendered":"Quest\u00f5es de Direito Tribut\u00e1rio Comentadas (Prova AGU\/2015)"},"content":{"rendered":"<p style=\"text-align: justify;\">Ol\u00e1, amigos do Estrat\u00e9gia! Tudo bem?<\/p>\n<p style=\"text-align: justify;\">Hoje iremos comentar as quest\u00f5es de Direito Tribut\u00e1rio cobradas na prova da Advocacia Geral da Uni\u00e3o!<\/p>\n<p style=\"text-align: justify;\">A prova foi bastante previs\u00edvel, repleta de quest\u00f5es de n\u00edvel f\u00e1cil e intermedi\u00e1rio. N\u00e3o vi quest\u00f5es realmente complexas. Fiquei muito contente em saber que os meus alunos que se dedicaram n\u00e3o tiveram qualquer dificuldade! De antem\u00e3o, adiantamos que n\u00e3o encontramos possibilidade de recursos.<\/p>\n<p style=\"text-align: justify;\">\u00a0Vamos l\u00e1?<\/p>\n<p style=\"text-align: justify;\"><em>Carlos ajuizou, em 2006, a\u00e7\u00e3o contra Paulo, na qual pleiteou indeniza\u00e7\u00e3o por danos materiais e morais. Ap\u00f3s senten\u00e7a transitada em julgado, ele obteve julgamento de proced\u00eancia total dos pedidos formulados, raz\u00e3o pela qual recebeu, a t\u00edtulo de indeniza\u00e7\u00e3o por danos morais, o valor de R$ 50.000, sendo R$ 20.000 a t\u00edtulo de danos morais pr\u00f3prios e R$ 30.000 a t\u00edtulo de danos est\u00e9ticos. Pelos danos materiais, Carlos recebeu R$ 30.000, dos quais R$ 10.000 correspondem a danos emergentes e R$ 20.000 a lucros cessantes. No tempo devido, ele declarou os valores recebidos e efetuou o recolhimento do imposto de renda correspondente.<\/em><\/p>\n<p style=\"text-align: justify;\"><em>Com refer\u00eancia a essa situa\u00e7\u00e3o hipot\u00e9tica, julgue os itens a seguir.<\/em><\/p>\n<p style=\"text-align: justify;\"><strong>71 \u00a0Por ser tributo sujeito ao autolan\u00e7amento, n\u00e3o ser\u00e1\u0301 admitida a repeti\u00e7\u00e3o de ind\u00e9bito, podendo o valor pago a maior ser utilizado pelo contribuinte em futura compensa\u00e7\u00e3o com outros cr\u00e9ditos tribut\u00e1rios.<\/strong><\/p>\n<p style=\"text-align: justify;\"><span style=\"color: #3366ff;\"><strong>Coment\u00e1rio:<\/strong> <\/span>A reda\u00e7\u00e3o desta assertiva n\u00e3o faz o menor sentido, j\u00e1 que o art. 165, do CTN, estabeleceu que o sujeito passivo tem direito, independentemente de pr\u00e9vio protesto, \u00e0 restitui\u00e7\u00e3o total ou parcial do tributo, seja qual for a modalidade do seu pagamento.<\/p>\n<p style=\"text-align: justify;\"><strong>Gabarito:<\/strong> Quest\u00e3o errada.<\/p>\n<p style=\"text-align: justify;\"><strong>72 \u00a0A extin\u00e7\u00e3o do cr\u00e9dito tribut\u00e1rio ocorrer\u00e1 cinco anos ap\u00f3s o pagamento realizado por Carlos, quando ocorre a homologa\u00e7\u00e3o t\u00e1cita da declara\u00e7\u00e3o e do pagamento realizado, visto que o imposto de renda \u00e9 esp\u00e9cie tribut\u00e1ria sujeita a lan\u00e7amento por homologa\u00e7\u00e3o.<\/strong><\/p>\n<p style=\"text-align: justify;\"><span style=\"color: #3366ff;\"><strong>Coment\u00e1rio:<\/strong> <\/span>A quest\u00e3o est\u00e1 errada porque a extin\u00e7\u00e3o do cr\u00e9dito tribut\u00e1rio se d\u00e1 com a homologa\u00e7\u00e3o t\u00e1cita ap\u00f3s 05 anos contados da data de ocorr\u00eancia do fato gerador, conforme disp\u00f5e o art. 150, \u00a7\u00a04\u00ba, do CTN. Quest\u00e3o errada.<\/p>\n<p style=\"text-align: justify;\"><strong>Gabarito:<\/strong> Quest\u00e3o errada.<\/p>\n<p style=\"text-align: justify;\"><strong>73 \u00a0O prazo para a propositura de a\u00e7\u00e3o de repeti\u00e7\u00e3o de ind\u00e9bito ser\u00e1\u0301 de cinco anos a partir do primeiro dia do exerc\u00edcio seguinte \u00e0 extin\u00e7\u00e3o do cr\u00e9dito tribut\u00e1rio.<\/strong><\/p>\n<p style=\"text-align: justify;\"><span style=\"color: #3366ff;\"><strong>Coment\u00e1rio:<\/strong> <\/span>O art. 168, I, do CTN, estabelece que o direito de pleitear a restitui\u00e7\u00e3o extingue-se com o decurso do prazo de 05 anos, a contar da data de extin\u00e7\u00e3o do cr\u00e9dito tribut\u00e1rio.<\/p>\n<p style=\"text-align: justify;\">Esta quest\u00e3o deve ser respondida com base no art. 3\u00ba, da LC 118\/05, que prev\u00ea a extin\u00e7\u00e3o do cr\u00e9dito tribut\u00e1rio, para efeito de interpreta\u00e7\u00e3o do art. 168, I, do CTN, em se tratando de tributo lan\u00e7ado por homologa\u00e7\u00e3o, no momento do pagamento antecipado, e n\u00e3o \u201ccinco anos a partir do primeiro dia do exerc\u00edcio seguinte \u00e0 extin\u00e7\u00e3o do cr\u00e9dito tribut\u00e1rio\u201d.<\/p>\n<p style=\"text-align: justify;\"><strong>Gabarito:<\/strong> Quest\u00e3o errada.<\/p>\n<p style=\"text-align: justify;\"><em>Por dispositivo legal expresso, a obriga\u00e7\u00e3o de recolhimento de determinado imposto foi atribu\u00edda a pessoa diversa da do contribuinte, devendo esse pagamento ser feito antecipadamente, em momento pr\u00e9vio \u00e0 ocorr\u00eancia do fato gerador, previsto para ocorrer no futuro.<\/em><\/p>\n<p style=\"text-align: justify;\"><em>Com rela\u00e7\u00e3o a essa situa\u00e7\u00e3o, julgue os itens seguintes.<\/em><\/p>\n<p style=\"text-align: justify;\"><strong>74 \u00a0N\u00e3o ocorrendo o fato gerador, o contribuinte substitu\u00eddo ter\u00e1\u0301 direito \u00e0 restitui\u00e7\u00e3o do valor do imposto pago. Por\u00e9m, ocorrendo o fato gerador com base de c\u00e1lculo inferior \u00e0 prevista, n\u00e3o ser\u00e1\u0301 obrigat\u00f3ria a restitui\u00e7\u00e3o da diferen\u00e7a paga a maior, conforme jurisprud\u00eancia do STF.<\/strong><\/p>\n<p style=\"text-align: justify;\"><span style=\"color: #3366ff;\"><strong>Coment\u00e1rio:<\/strong> <\/span>Durante o nosso curso, fizemos quest\u00e3o de elaborar um quadro \u201cpreste aten\u00e7\u00e3o\u201d, dizendo exatamente isto: Se o fato gerador presumido n\u00e3o ocorrer, \u00e9 assegurada a devolu\u00e7\u00e3o do que foi pago. Caso ocorra, e a base de c\u00e1lculo seja distinta, n\u00e3o h\u00e1 complementa\u00e7\u00e3o ou devolu\u00e7\u00e3o da diferen\u00e7a. Veja que nosso quadrinho se tornou uma quest\u00e3o de prova! :)<\/p>\n<p style=\"text-align: justify;\"><strong>Gabarito:<\/strong> Quest\u00e3o correta.<\/p>\n<p style=\"text-align: justify;\"><strong>75 \u00a0Na situa\u00e7\u00e3o considerada, trata-se do instituto denominado substitui\u00e7\u00e3o tributaria progressiva, que tem previs\u00e3o expressa relativa ao ICMS.<\/strong><\/p>\n<p style=\"text-align: justify;\"><span style=\"color: #3366ff;\"><strong>Coment\u00e1rio:<\/strong> <\/span>Novamente, os meus alunos n\u00e3o ter\u00e3o dificuldade com esta quest\u00e3o, j\u00e1 que elaboramos uma dica de prova: na substitui\u00e7\u00e3o \u201cpara frente\u201d (progressiva), quem fica para frente (no elo posterior da cadeia) \u00e9 substitu\u00eddo. Como consequ\u00eancia l\u00f3gica, paga o tributo quem vem antes, ou seja, o pagamento \u00e9 antecipado.<\/p>\n<p style=\"text-align: justify;\"><strong>Gabarito:<\/strong> Quest\u00e3o correta.<\/p>\n<p style=\"text-align: justify;\"><em>Acerca dos princ\u00edpios constitucionais tribut\u00e1rios, julgue os itens subsequentes.<\/em><\/p>\n<p style=\"text-align: justify;\"><strong>76 Pela aplica\u00e7\u00e3o do princ\u00edpio da anterioridade tribut\u00e1ria, quaisquer modifica\u00e7\u00f5es na base de c\u00e1lculo ou na al\u00edquota dos tributos ter\u00e3o sua efic\u00e1cia suspensa at\u00e9 o primeiro dia do exerc\u00edcio financeiro seguinte \u00e0 publica\u00e7\u00e3o da lei que promoveu a altera\u00e7\u00e3o.<\/strong><\/p>\n<p style=\"text-align: justify;\"><span style=\"color: #3366ff;\"><strong>Coment\u00e1rio:<\/strong> <\/span>Primeiramente, devemos nos lembrar de que tal princ\u00edpio n\u00e3o se aplica a quaisquer altera\u00e7\u00f5es, mas t\u00e3o somente \u00e0 institui\u00e7\u00e3o ou majora\u00e7\u00e3o de tributos. Em segundo lugar, h\u00e1 diversas exce\u00e7\u00f5es, no que diz respeito \u00e0 altera\u00e7\u00e3o das al\u00edquotas.<\/p>\n<p style=\"text-align: justify;\"><strong>Gabarito:<\/strong> Quest\u00e3o errada.<\/p>\n<p style=\"text-align: justify;\"><strong>77 O princ\u00edpio da isonomia tribut\u00e1ria imp\u00f5e que o tributo incida sobre as atividades l\u00edcitas e, igualmente, sobre as atividades il\u00edcitas, de modo a se consagrar a regra da interpreta\u00e7\u00e3o objetiva do fato gerador. Dessa forma, \u00e9 leg\u00edtima a cobran\u00e7a de IPTU sobre im\u00f3vel constru\u00eddo irregularmente, em \u00e1rea non aedificandi, n\u00e3o significando tal cobran\u00e7a de tributo concord\u00e2ncia do poder p\u00fablico com a ocupa\u00e7\u00e3o irregular.<\/strong><\/p>\n<p style=\"text-align: justify;\"><span style=\"color: #3366ff;\"><strong>Coment\u00e1rio:<\/strong> <\/span>O art. 118, do CTN, estabelece a interpreta\u00e7\u00e3o objetiva do fato gerador, ao dizer que a defini\u00e7\u00e3o legal do fato gerador \u00e9 interpretada abstraindo-se da validade jur\u00eddica dos atos efetivamente praticados pelos contribuintes, respons\u00e1veis, ou terceiros, bem como da natureza do seu objeto ou dos seus efeitos e dos efeitos dos fatos efetivamente ocorridos. Em decorr\u00eancia do exposto, pouca importa se o im\u00f3vel foi constru\u00eddo irregularmente, se o fato gerador (propriedade imobili\u00e1ria) ocorreu, o IPTU \u00e9 devido, n\u00e3o significando tal cobran\u00e7a de tributo concord\u00e2ncia do poder p\u00fablico com a ocupa\u00e7\u00e3o irregular.<\/p>\n<p style=\"text-align: justify;\"><strong>Gabarito:<\/strong> Quest\u00e3o correta.<\/p>\n<p style=\"text-align: justify;\"><strong>78 Conforme o princ\u00edpio da irretroatividade da lei tribut\u00e1ria, n\u00e3o se admite a cobran\u00e7a de tributos em rela\u00e7\u00e3o a fatos geradores ocorridos em per\u00edodo anterior \u00e0 vig\u00eancia da lei que os instituiu ou aumentou. Entretanto, o C\u00f3digo Tribut\u00e1rio Nacional admite a aplica\u00e7\u00e3o retroativa de lei que estabele\u00e7a penalidade menos severa que a prevista na norma vigente ao tempo da pratica do ato a que se refere, desde que n\u00e3o tenha havido julgamento definitivo.<\/strong><\/p>\n<p style=\"text-align: justify;\"><span style=\"color: #3366ff;\"><strong>Coment\u00e1rio:<\/strong> <\/span>De fato, n\u00e3o obstante a regra seja a irretroatividade da lei tribut\u00e1ria, o art. 106, do CTN, admitiu a retroatividade da lei mais ben\u00e9fica, no que diz respeito \u00e0s penalidades pecuni\u00e1rias, desde que n\u00e3o se trate de ato definitivamente julgado.<\/p>\n<p style=\"text-align: justify;\"><strong>Gabarito:<\/strong> Quest\u00e3o correta.<\/p>\n<p style=\"text-align: justify;\"><strong>79 O princ\u00edpio da veda\u00e7\u00e3o \u00e0 utiliza\u00e7\u00e3o de tributo com efeito de confisco, previsto expressamente na CF, aplica-se igualmente \u00e0s multas tribut\u00e1rias, de modo a limitar, conforme jurisprud\u00eancia pac\u00edfica do STF, o poder do Estado na institui\u00e7\u00e3o e cobran\u00e7a de penalidades.<\/strong><\/p>\n<p style=\"text-align: justify;\"><span style=\"color: #3366ff;\"><strong>Coment\u00e1rio:<\/strong> O<\/span> STF tem entendimento pac\u00edfico, conforme se demonstra no julgamento da ADI 551\/RJ, acerca da aplicabilidade do princ\u00edpio da veda\u00e7\u00e3o \u00e0 utiliza\u00e7\u00e3o de tributo com efeito de confisco \u00e0s multas tribut\u00e1rias.<\/p>\n<p style=\"text-align: justify;\"><strong>\u00a0Gabarito:<\/strong> Quest\u00e3o correta.<\/p>\n<p style=\"text-align: justify;\"><strong>80 De acordo com o princ\u00edpio da legalidade, fica vedada a cria\u00e7\u00e3o ou a majora\u00e7\u00e3o de tributos, bem como a comina\u00e7\u00e3o de penalidades em caso de viola\u00e7\u00e3o da legisla\u00e7\u00e3o tribut\u00e1ria, salvo por meio de lei.<\/strong><\/p>\n<p style=\"text-align: justify;\"><span style=\"color: #3366ff;\"><strong>Coment\u00e1rio:<\/strong> <\/span>Deveras, a institui\u00e7\u00e3o e majora\u00e7\u00e3o de tributos bem como a comina\u00e7\u00e3o de penalidades devem sempre ocorrer mediante edi\u00e7\u00e3o de lei.<\/p>\n<p style=\"text-align: justify;\"><strong>Gabarito:<\/strong> Quest\u00e3o correta.<\/p>\n<p style=\"text-align: justify;\">\u00c9 isso a\u00ed, pessoal!<\/p>\n<p style=\"text-align: justify;\">Um grande abra\u00e7o e at\u00e9 a pr\u00f3xima!<\/p>\n<p style=\"text-align: justify;\"><span style=\"color: #ff0000;\"><strong>F\u00e1bio Dutra<\/strong><\/span><\/p>\n<p style=\"text-align: justify;\"><span style=\"color: #ff0000;\"><strong>Professor de Direito Tribut\u00e1rio e Legisla\u00e7\u00e3o Tribut\u00e1ria<\/strong><\/span><\/p>\n","protected":false},"excerpt":{"rendered":"<p>Ol\u00e1, amigos do Estrat\u00e9gia! Tudo bem? Hoje iremos comentar as quest\u00f5es de Direito Tribut\u00e1rio cobradas na prova da Advocacia Geral da Uni\u00e3o! A prova foi bastante previs\u00edvel, repleta de quest\u00f5es de n\u00edvel f\u00e1cil e intermedi\u00e1rio. N\u00e3o vi quest\u00f5es realmente complexas. Fiquei muito contente em saber que os meus alunos que se dedicaram n\u00e3o tiveram qualquer [&hellip;]<\/p>\n","protected":false},"author":150,"featured_media":0,"comment_status":"open","ping_status":"open","sticky":false,"template":"","format":"standard","meta":{"post_tipo":"article","footnotes":""},"categories":[],"tags":[17,535],"tax_estado":[],"class_list":["post-28057","post","type-post","status-publish","format-standard","hentry","tag-agu","tag-direito-tributario"],"acf":[],"yoast_head":"<!-- This site is optimized with the Yoast SEO Premium plugin v27.2 (Yoast SEO v27.2) - https:\/\/yoast.com\/product\/yoast-seo-premium-wordpress\/ -->\n<title>Quest\u00f5es de Direito Tribut\u00e1rio Comentadas (Prova AGU\/2015)<\/title>\n<meta name=\"description\" content=\"Hoje iremos comentar as quest\u00f5es de Direito Tribut\u00e1rio cobradas na prova do Concurso da Advocacia Geral da Uni\u00e3o 2015!\" \/>\n<meta name=\"robots\" content=\"index, follow, max-snippet:-1, max-image-preview:large, max-video-preview:-1\" \/>\n<link rel=\"canonical\" href=\"https:\/\/www.estrategiaconcursos.com.br\/blog\/questoes-de-direito-tributario-comentadas-prova-agu2015\/\" \/>\n<meta property=\"og:locale\" content=\"pt_BR\" \/>\n<meta property=\"og:type\" content=\"article\" \/>\n<meta property=\"og:title\" content=\"Quest\u00f5es de Direito Tribut\u00e1rio Comentadas (Prova AGU\/2015)\" \/>\n<meta property=\"og:description\" content=\"Hoje iremos comentar as quest\u00f5es de Direito Tribut\u00e1rio cobradas na prova do Concurso da Advocacia Geral da Uni\u00e3o 2015!\" \/>\n<meta property=\"og:url\" content=\"https:\/\/www.estrategiaconcursos.com.br\/blog\/questoes-de-direito-tributario-comentadas-prova-agu2015\/\" \/>\n<meta property=\"og:site_name\" content=\"Estrat\u00e9gia Concursos\" \/>\n<meta property=\"article:published_time\" content=\"2015-10-14T01:22:56+00:00\" \/>\n<meta property=\"article:modified_time\" content=\"2015-10-15T12:52:36+00:00\" \/>\n<meta name=\"author\" content=\"F\u00e1bio Dutra\" \/>\n<meta name=\"twitter:card\" content=\"summary_large_image\" \/>\n<meta name=\"twitter:creator\" content=\"@EstratConcursos\" \/>\n<meta name=\"twitter:site\" content=\"@EstratConcursos\" \/>\n<meta name=\"twitter:label1\" content=\"Escrito por\" \/>\n\t<meta name=\"twitter:data1\" content=\"F\u00e1bio Dutra\" \/>\n\t<meta name=\"twitter:label2\" content=\"Est. tempo de leitura\" \/>\n\t<meta name=\"twitter:data2\" content=\"7 minutos\" \/>\n<script type=\"application\/ld+json\" class=\"yoast-schema-graph\">{\"@context\":\"https:\/\/schema.org\",\"@graph\":[{\"@type\":\"NewsArticle\",\"@id\":\"https:\/\/www.estrategiaconcursos.com.br\/blog\/questoes-de-direito-tributario-comentadas-prova-agu2015\/#article\",\"isPartOf\":{\"@id\":\"https:\/\/www.estrategiaconcursos.com.br\/blog\/questoes-de-direito-tributario-comentadas-prova-agu2015\/\"},\"author\":{\"name\":\"F\u00e1bio Dutra\",\"@id\":\"https:\/\/www.estrategiaconcursos.com.br\/blog\/#\/schema\/person\/c6615b1e72eae70edca73ea5362ead63\"},\"headline\":\"Quest\u00f5es de Direito Tribut\u00e1rio Comentadas (Prova AGU\/2015)\",\"datePublished\":\"2015-10-14T01:22:56+00:00\",\"dateModified\":\"2015-10-15T12:52:36+00:00\",\"mainEntityOfPage\":{\"@id\":\"https:\/\/www.estrategiaconcursos.com.br\/blog\/questoes-de-direito-tributario-comentadas-prova-agu2015\/\"},\"wordCount\":1401,\"commentCount\":6,\"publisher\":{\"@id\":\"https:\/\/www.estrategiaconcursos.com.br\/blog\/#organization\"},\"keywords\":[\"AGU\",\"Direito Tribut\u00e1rio\"],\"inLanguage\":\"pt-BR\",\"potentialAction\":[{\"@type\":\"CommentAction\",\"name\":\"Comment\",\"target\":[\"https:\/\/www.estrategiaconcursos.com.br\/blog\/questoes-de-direito-tributario-comentadas-prova-agu2015\/#respond\"]}],\"copyrightYear\":\"2015\",\"copyrightHolder\":{\"@id\":\"https:\/\/www.estrategiaconcursos.com.br\/blog\/#organization\"}},{\"@type\":\"WebPage\",\"@id\":\"https:\/\/www.estrategiaconcursos.com.br\/blog\/questoes-de-direito-tributario-comentadas-prova-agu2015\/\",\"url\":\"https:\/\/www.estrategiaconcursos.com.br\/blog\/questoes-de-direito-tributario-comentadas-prova-agu2015\/\",\"name\":\"Quest\u00f5es de Direito Tribut\u00e1rio Comentadas (Prova AGU\/2015)\",\"isPartOf\":{\"@id\":\"https:\/\/www.estrategiaconcursos.com.br\/blog\/#website\"},\"datePublished\":\"2015-10-14T01:22:56+00:00\",\"dateModified\":\"2015-10-15T12:52:36+00:00\",\"description\":\"Hoje iremos comentar as quest\u00f5es de Direito Tribut\u00e1rio cobradas na prova do Concurso da Advocacia Geral da Uni\u00e3o 2015!\",\"breadcrumb\":{\"@id\":\"https:\/\/www.estrategiaconcursos.com.br\/blog\/questoes-de-direito-tributario-comentadas-prova-agu2015\/#breadcrumb\"},\"inLanguage\":\"pt-BR\",\"potentialAction\":[{\"@type\":\"ReadAction\",\"target\":[\"https:\/\/www.estrategiaconcursos.com.br\/blog\/questoes-de-direito-tributario-comentadas-prova-agu2015\/\"]}]},{\"@type\":\"BreadcrumbList\",\"@id\":\"https:\/\/www.estrategiaconcursos.com.br\/blog\/questoes-de-direito-tributario-comentadas-prova-agu2015\/#breadcrumb\",\"itemListElement\":[{\"@type\":\"ListItem\",\"position\":1,\"name\":\"In\u00edcio\",\"item\":\"https:\/\/www.estrategiaconcursos.com.br\/blog\/\"},{\"@type\":\"ListItem\",\"position\":2,\"name\":\"Quest\u00f5es de Direito Tribut\u00e1rio Comentadas (Prova AGU\/2015)\"}]},{\"@type\":\"WebSite\",\"@id\":\"https:\/\/www.estrategiaconcursos.com.br\/blog\/#website\",\"url\":\"https:\/\/www.estrategiaconcursos.com.br\/blog\/\",\"name\":\"Estrat\u00e9gia Concursos\",\"description\":\"O blog da Estrat\u00e9gia Concursos traz not\u00edcias sobre concursos e artigos de professores oferecendo cursos para concursos (pdf + videaulas) no site.\",\"publisher\":{\"@id\":\"https:\/\/www.estrategiaconcursos.com.br\/blog\/#organization\"},\"potentialAction\":[{\"@type\":\"SearchAction\",\"target\":{\"@type\":\"EntryPoint\",\"urlTemplate\":\"https:\/\/www.estrategiaconcursos.com.br\/blog\/?s={search_term_string}\"},\"query-input\":{\"@type\":\"PropertyValueSpecification\",\"valueRequired\":true,\"valueName\":\"search_term_string\"}}],\"inLanguage\":\"pt-BR\"},{\"@type\":\"Organization\",\"@id\":\"https:\/\/www.estrategiaconcursos.com.br\/blog\/#organization\",\"name\":\"Estrat\u00e9gia Concursos\",\"url\":\"https:\/\/www.estrategiaconcursos.com.br\/blog\/\",\"logo\":{\"@type\":\"ImageObject\",\"inLanguage\":\"pt-BR\",\"@id\":\"https:\/\/www.estrategiaconcursos.com.br\/blog\/#\/schema\/logo\/image\/\",\"url\":\"https:\/\/dhg1h5j42swfq.cloudfront.net\/2025\/06\/03203428\/logo_concursos-1.jpg\",\"contentUrl\":\"https:\/\/dhg1h5j42swfq.cloudfront.net\/2025\/06\/03203428\/logo_concursos-1.jpg\",\"width\":230,\"height\":60,\"caption\":\"Estrat\u00e9gia Concursos\"},\"image\":{\"@id\":\"https:\/\/www.estrategiaconcursos.com.br\/blog\/#\/schema\/logo\/image\/\"},\"sameAs\":[\"https:\/\/x.com\/EstratConcursos\"]},{\"@type\":\"Person\",\"@id\":\"https:\/\/www.estrategiaconcursos.com.br\/blog\/#\/schema\/person\/c6615b1e72eae70edca73ea5362ead63\",\"name\":\"F\u00e1bio Dutra\",\"image\":{\"@type\":\"ImageObject\",\"inLanguage\":\"pt-BR\",\"@id\":\"https:\/\/secure.gravatar.com\/avatar\/2fb4b2715a33320653086a45a7174528e6836e078753b587b59cb70f7b453819?s=96&d=mm&r=g\",\"url\":\"https:\/\/secure.gravatar.com\/avatar\/2fb4b2715a33320653086a45a7174528e6836e078753b587b59cb70f7b453819?s=96&d=mm&r=g\",\"contentUrl\":\"https:\/\/secure.gravatar.com\/avatar\/2fb4b2715a33320653086a45a7174528e6836e078753b587b59cb70f7b453819?s=96&d=mm&r=g\",\"caption\":\"F\u00e1bio Dutra\"},\"url\":\"https:\/\/www.estrategiaconcursos.com.br\/blog\/author\/fabiodutraestrategiaconcursos-com-br\/\"}]}<\/script>\n<!-- \/ Yoast SEO Premium plugin. -->","yoast_head_json":{"title":"Quest\u00f5es de Direito Tribut\u00e1rio Comentadas (Prova AGU\/2015)","description":"Hoje iremos comentar as quest\u00f5es de Direito Tribut\u00e1rio cobradas na prova do Concurso da Advocacia Geral da Uni\u00e3o 2015!","robots":{"index":"index","follow":"follow","max-snippet":"max-snippet:-1","max-image-preview":"max-image-preview:large","max-video-preview":"max-video-preview:-1"},"canonical":"https:\/\/www.estrategiaconcursos.com.br\/blog\/questoes-de-direito-tributario-comentadas-prova-agu2015\/","og_locale":"pt_BR","og_type":"article","og_title":"Quest\u00f5es de Direito Tribut\u00e1rio Comentadas (Prova AGU\/2015)","og_description":"Hoje iremos comentar as quest\u00f5es de Direito Tribut\u00e1rio cobradas na prova do Concurso da Advocacia Geral da Uni\u00e3o 2015!","og_url":"https:\/\/www.estrategiaconcursos.com.br\/blog\/questoes-de-direito-tributario-comentadas-prova-agu2015\/","og_site_name":"Estrat\u00e9gia Concursos","article_published_time":"2015-10-14T01:22:56+00:00","article_modified_time":"2015-10-15T12:52:36+00:00","author":"F\u00e1bio Dutra","twitter_card":"summary_large_image","twitter_creator":"@EstratConcursos","twitter_site":"@EstratConcursos","twitter_misc":{"Escrito por":"F\u00e1bio Dutra","Est. tempo de leitura":"7 minutos"},"schema":{"@context":"https:\/\/schema.org","@graph":[{"@type":"NewsArticle","@id":"https:\/\/www.estrategiaconcursos.com.br\/blog\/questoes-de-direito-tributario-comentadas-prova-agu2015\/#article","isPartOf":{"@id":"https:\/\/www.estrategiaconcursos.com.br\/blog\/questoes-de-direito-tributario-comentadas-prova-agu2015\/"},"author":{"name":"F\u00e1bio Dutra","@id":"https:\/\/www.estrategiaconcursos.com.br\/blog\/#\/schema\/person\/c6615b1e72eae70edca73ea5362ead63"},"headline":"Quest\u00f5es de Direito Tribut\u00e1rio Comentadas (Prova AGU\/2015)","datePublished":"2015-10-14T01:22:56+00:00","dateModified":"2015-10-15T12:52:36+00:00","mainEntityOfPage":{"@id":"https:\/\/www.estrategiaconcursos.com.br\/blog\/questoes-de-direito-tributario-comentadas-prova-agu2015\/"},"wordCount":1401,"commentCount":6,"publisher":{"@id":"https:\/\/www.estrategiaconcursos.com.br\/blog\/#organization"},"keywords":["AGU","Direito Tribut\u00e1rio"],"inLanguage":"pt-BR","potentialAction":[{"@type":"CommentAction","name":"Comment","target":["https:\/\/www.estrategiaconcursos.com.br\/blog\/questoes-de-direito-tributario-comentadas-prova-agu2015\/#respond"]}],"copyrightYear":"2015","copyrightHolder":{"@id":"https:\/\/www.estrategiaconcursos.com.br\/blog\/#organization"}},{"@type":"WebPage","@id":"https:\/\/www.estrategiaconcursos.com.br\/blog\/questoes-de-direito-tributario-comentadas-prova-agu2015\/","url":"https:\/\/www.estrategiaconcursos.com.br\/blog\/questoes-de-direito-tributario-comentadas-prova-agu2015\/","name":"Quest\u00f5es de Direito Tribut\u00e1rio Comentadas (Prova AGU\/2015)","isPartOf":{"@id":"https:\/\/www.estrategiaconcursos.com.br\/blog\/#website"},"datePublished":"2015-10-14T01:22:56+00:00","dateModified":"2015-10-15T12:52:36+00:00","description":"Hoje iremos comentar as quest\u00f5es de Direito Tribut\u00e1rio cobradas na prova do Concurso da Advocacia Geral da Uni\u00e3o 2015!","breadcrumb":{"@id":"https:\/\/www.estrategiaconcursos.com.br\/blog\/questoes-de-direito-tributario-comentadas-prova-agu2015\/#breadcrumb"},"inLanguage":"pt-BR","potentialAction":[{"@type":"ReadAction","target":["https:\/\/www.estrategiaconcursos.com.br\/blog\/questoes-de-direito-tributario-comentadas-prova-agu2015\/"]}]},{"@type":"BreadcrumbList","@id":"https:\/\/www.estrategiaconcursos.com.br\/blog\/questoes-de-direito-tributario-comentadas-prova-agu2015\/#breadcrumb","itemListElement":[{"@type":"ListItem","position":1,"name":"In\u00edcio","item":"https:\/\/www.estrategiaconcursos.com.br\/blog\/"},{"@type":"ListItem","position":2,"name":"Quest\u00f5es de Direito Tribut\u00e1rio Comentadas (Prova AGU\/2015)"}]},{"@type":"WebSite","@id":"https:\/\/www.estrategiaconcursos.com.br\/blog\/#website","url":"https:\/\/www.estrategiaconcursos.com.br\/blog\/","name":"Estrat\u00e9gia Concursos","description":"O blog da Estrat\u00e9gia Concursos traz not\u00edcias sobre concursos e artigos de professores oferecendo cursos para concursos (pdf + videaulas) no site.","publisher":{"@id":"https:\/\/www.estrategiaconcursos.com.br\/blog\/#organization"},"potentialAction":[{"@type":"SearchAction","target":{"@type":"EntryPoint","urlTemplate":"https:\/\/www.estrategiaconcursos.com.br\/blog\/?s={search_term_string}"},"query-input":{"@type":"PropertyValueSpecification","valueRequired":true,"valueName":"search_term_string"}}],"inLanguage":"pt-BR"},{"@type":"Organization","@id":"https:\/\/www.estrategiaconcursos.com.br\/blog\/#organization","name":"Estrat\u00e9gia Concursos","url":"https:\/\/www.estrategiaconcursos.com.br\/blog\/","logo":{"@type":"ImageObject","inLanguage":"pt-BR","@id":"https:\/\/www.estrategiaconcursos.com.br\/blog\/#\/schema\/logo\/image\/","url":"https:\/\/dhg1h5j42swfq.cloudfront.net\/2025\/06\/03203428\/logo_concursos-1.jpg","contentUrl":"https:\/\/dhg1h5j42swfq.cloudfront.net\/2025\/06\/03203428\/logo_concursos-1.jpg","width":230,"height":60,"caption":"Estrat\u00e9gia Concursos"},"image":{"@id":"https:\/\/www.estrategiaconcursos.com.br\/blog\/#\/schema\/logo\/image\/"},"sameAs":["https:\/\/x.com\/EstratConcursos"]},{"@type":"Person","@id":"https:\/\/www.estrategiaconcursos.com.br\/blog\/#\/schema\/person\/c6615b1e72eae70edca73ea5362ead63","name":"F\u00e1bio Dutra","image":{"@type":"ImageObject","inLanguage":"pt-BR","@id":"https:\/\/secure.gravatar.com\/avatar\/2fb4b2715a33320653086a45a7174528e6836e078753b587b59cb70f7b453819?s=96&d=mm&r=g","url":"https:\/\/secure.gravatar.com\/avatar\/2fb4b2715a33320653086a45a7174528e6836e078753b587b59cb70f7b453819?s=96&d=mm&r=g","contentUrl":"https:\/\/secure.gravatar.com\/avatar\/2fb4b2715a33320653086a45a7174528e6836e078753b587b59cb70f7b453819?s=96&d=mm&r=g","caption":"F\u00e1bio Dutra"},"url":"https:\/\/www.estrategiaconcursos.com.br\/blog\/author\/fabiodutraestrategiaconcursos-com-br\/"}]}},"_links":{"self":[{"href":"https:\/\/www.estrategiaconcursos.com.br\/blog\/wp-json\/wp\/v2\/posts\/28057","targetHints":{"allow":["GET"]}}],"collection":[{"href":"https:\/\/www.estrategiaconcursos.com.br\/blog\/wp-json\/wp\/v2\/posts"}],"about":[{"href":"https:\/\/www.estrategiaconcursos.com.br\/blog\/wp-json\/wp\/v2\/types\/post"}],"author":[{"embeddable":true,"href":"https:\/\/www.estrategiaconcursos.com.br\/blog\/wp-json\/wp\/v2\/users\/150"}],"replies":[{"embeddable":true,"href":"https:\/\/www.estrategiaconcursos.com.br\/blog\/wp-json\/wp\/v2\/comments?post=28057"}],"version-history":[{"count":3,"href":"https:\/\/www.estrategiaconcursos.com.br\/blog\/wp-json\/wp\/v2\/posts\/28057\/revisions"}],"predecessor-version":[{"id":28122,"href":"https:\/\/www.estrategiaconcursos.com.br\/blog\/wp-json\/wp\/v2\/posts\/28057\/revisions\/28122"}],"wp:attachment":[{"href":"https:\/\/www.estrategiaconcursos.com.br\/blog\/wp-json\/wp\/v2\/media?parent=28057"}],"wp:term":[{"taxonomy":"category","embeddable":true,"href":"https:\/\/www.estrategiaconcursos.com.br\/blog\/wp-json\/wp\/v2\/categories?post=28057"},{"taxonomy":"post_tag","embeddable":true,"href":"https:\/\/www.estrategiaconcursos.com.br\/blog\/wp-json\/wp\/v2\/tags?post=28057"},{"taxonomy":"tax_estado","embeddable":true,"href":"https:\/\/www.estrategiaconcursos.com.br\/blog\/wp-json\/wp\/v2\/tax_estado?post=28057"}],"curies":[{"name":"wp","href":"https:\/\/api.w.org\/{rel}","templated":true}]}}