{"id":28002,"date":"2015-10-12T19:46:53","date_gmt":"2015-10-12T22:46:53","guid":{"rendered":"http:\/\/www.estrategiaconcursos.com.br\/blog\/?p=28002"},"modified":"2018-09-28T18:50:22","modified_gmt":"2018-09-28T21:50:22","slug":"chegar-preparado-na-discursiva-do-apo-ti-fez-toda-a-diferenca-pra-mim-e-pra-voce","status":"publish","type":"post","link":"https:\/\/www.estrategiaconcursos.com.br\/blog\/chegar-preparado-na-discursiva-do-apo-ti-fez-toda-a-diferenca-pra-mim-e-pra-voce\/","title":{"rendered":"Chegar preparado na discursiva do APO-TI fez TODA a diferen\u00e7a pra mim. E pra voce?"},"content":{"rendered":"<p style=\"text-align: justify;\">Ol\u00e1 amigos e amigas!<\/p>\n<p style=\"text-align: justify;\">Queria aproveitar esse momento para compartilhar uma experi\u00eancia que fez toda a diferen\u00e7a para mim quando prestei o concurso do APO-TI em 2010.<\/p>\n<p style=\"text-align: justify;\">Naquele concurso, existiam 28 vagas para a ampla concorr\u00eancia, e, ap\u00f3s a primeira etapa(prova objetiva), eu havia ficado em 54\u00ba lugar.<\/p>\n<p style=\"text-align: justify;\">Minha prova discursiva, \u00e0 \u00e9poca, era composta de 2 disserta\u00e7\u00f5es (sobre AFO e Economia) e 4 quest\u00f5es discursivas, sobre temas da atualidade (n\u00e3o haviam quest\u00f5es discursivas de TI).<\/p>\n<p style=\"text-align: justify;\">Foi quando eu decidi adquirir um curso de discursivas para o concurso, ministrados pelos professores S\u00e9rgio Mendes e Heber Carvalho.<\/p>\n<p style=\"text-align: justify;\">Praticar diversos temas de discursivas me fez entender melhor assuntos que eu sabia, digamos assim, &#8220;mais ou menos&#8221;, que \u00e9 um n\u00edvel que te faz acertar quest\u00f5es de m\u00faltipla escolha. Convenhamos, uma coisa \u00e9 marcar &#8220;X&#8221; dentre cinco itens, outra coisa \u00a0\u00e9 escrever com propriedade sobre determinado assunto.<\/p>\n<p style=\"text-align: justify;\">Com esse &#8220;upgrade&#8221;, subi de 54\u00ba para 31\u00ba lugar. Posteriormente, com os t\u00edtulos, consegui ficar em 25\u00ba, ou seja, no limite para tomar posse entre os 28 aprovados. Em particular, na discursiva de AFO, gabaritei a reda\u00e7\u00e3o, o que me rendeu pontos preciosos.<\/p>\n<p style=\"text-align: justify;\">Pra voc\u00eas, em 2015, haver\u00e1 um <strong>Parecer sobre Planejamento e Or\u00e7amento P\u00fablico<\/strong>, uma <strong>Quest\u00e3o sobre Pol\u00edticas P\u00fablicas e Realidade Brasileira<\/strong>, e uma <span style=\"color: #0000ff;\"><strong>Disserta\u00e7\u00e3o de Tecnologia da Informa\u00e7\u00e3o<\/strong><\/span>.<\/p>\n<p style=\"text-align: justify;\">Seja qual for a sua especialidade de TI (Projetos, Sistemas ou Infra), <strong>Treine, Treine e Treine!<\/strong> Para estar confiante e escrever bem sobre um assunto, \u00e9 preciso praticar antes. Falo isso com a experi\u00eancia de quem viveu esse certame na pele, e ganhou posi\u00e7\u00f5es preciosas no concurso na fase das discursivas. Uma prepara\u00e7\u00e3o mais ou menos lhe rende um resultado mais ou menos, e mais ou menos n\u00e3o \u00e9 o suficiente para tomar posse. Lembre-se disso!<\/p>\n<p style=\"text-align: justify;\">Tenha uma excelente semana!<\/p>\n<p><span style=\"text-decoration: underline; color: #0000ff;\"><strong><a style=\"color: #0000ff; text-decoration: underline;\" href=\"https:\/\/www.estrategiaconcursos.com.br\/curso\/discursivas-p-apo-mpog-ti-gerencia-de-projetos-e-governanca-de-ti-com-2-correcoes-por-aluno\/\">https:\/\/www.estrategiaconcursos.com.br\/curso\/discursivas-p-apo-mpog-ti-gerencia-de-projetos-e-governanca-de-ti-com-2-correcoes-por-aluno\/<\/a><\/strong><\/span><\/p>\n<p><span style=\"text-decoration: underline; color: #0000ff;\"><strong><a style=\"color: #0000ff; text-decoration: underline;\" href=\"https:\/\/www.estrategiaconcursos.com.br\/curso\/discursivas-p-apo-mpog-tecnologia-da-informacao-com-2-correcoes-por-aluno\/\">https:\/\/www.estrategiaconcursos.com.br\/curso\/discursivas-p-apo-mpog-tecnologia-da-informacao-com-2-correcoes-por-aluno\/<\/a><\/strong><\/span><\/p>\n<p><span style=\"text-decoration: underline; color: #0000ff;\"><strong><a style=\"color: #0000ff; text-decoration: underline;\" href=\"https:\/\/www.estrategiaconcursos.com.br\/curso\/discursivas-p-apo-mpog-ti-gestao-de-infraestrutura-de-ti-com-2-correcoes-por-aluno\/\">https:\/\/www.estrategiaconcursos.com.br\/curso\/discursivas-p-apo-mpog-ti-gestao-de-infraestrutura-de-ti-com-2-correcoes-por-aluno\/<\/a><\/strong><\/span><\/p>\n","protected":false},"excerpt":{"rendered":"<p>Ol\u00e1 amigos e amigas! Queria aproveitar esse momento para compartilhar uma experi\u00eancia que fez toda a diferen\u00e7a para mim quando prestei o concurso do APO-TI em 2010. Naquele concurso, existiam 28 vagas para a ampla concorr\u00eancia, e, ap\u00f3s a primeira etapa(prova objetiva), eu havia ficado em 54\u00ba lugar. Minha prova discursiva, \u00e0 \u00e9poca, era composta [&hellip;]<\/p>\n","protected":false},"author":48,"featured_media":0,"comment_status":"open","ping_status":"open","sticky":false,"template":"","format":"standard","meta":{"post_tipo":"article","footnotes":""},"categories":[1],"tags":[],"tax_estado":[],"class_list":["post-28002","post","type-post","status-publish","format-standard","hentry","category-cursos-e-concursos"],"acf":[],"yoast_head":"<!-- This site is optimized with the Yoast SEO Premium plugin v27.2 (Yoast SEO v27.2) - https:\/\/yoast.com\/product\/yoast-seo-premium-wordpress\/ -->\n<title>Chegar preparado na discursiva do APO-TI fez TODA a diferen\u00e7a pra mim. E pra voce?<\/title>\n<meta name=\"robots\" content=\"index, follow, max-snippet:-1, max-image-preview:large, max-video-preview:-1\" \/>\n<link rel=\"canonical\" href=\"https:\/\/www.estrategiaconcursos.com.br\/blog\/chegar-preparado-na-discursiva-do-apo-ti-fez-toda-a-diferenca-pra-mim-e-pra-voce\/\" \/>\n<meta property=\"og:locale\" content=\"pt_BR\" \/>\n<meta property=\"og:type\" content=\"article\" \/>\n<meta property=\"og:title\" content=\"Chegar preparado na discursiva do APO-TI fez TODA a diferen\u00e7a pra mim. E pra voce?\" \/>\n<meta property=\"og:description\" content=\"Ol\u00e1 amigos e amigas! Queria aproveitar esse momento para compartilhar uma experi\u00eancia que fez toda a diferen\u00e7a para mim quando prestei o concurso do APO-TI em 2010. Naquele concurso, existiam 28 vagas para a ampla concorr\u00eancia, e, ap\u00f3s a primeira etapa(prova objetiva), eu havia ficado em 54\u00ba lugar. Minha prova discursiva, \u00e0 \u00e9poca, era composta [&hellip;]\" \/>\n<meta property=\"og:url\" content=\"https:\/\/www.estrategiaconcursos.com.br\/blog\/chegar-preparado-na-discursiva-do-apo-ti-fez-toda-a-diferenca-pra-mim-e-pra-voce\/\" \/>\n<meta property=\"og:site_name\" content=\"Estrat\u00e9gia Concursos\" \/>\n<meta property=\"article:published_time\" content=\"2015-10-12T22:46:53+00:00\" \/>\n<meta property=\"article:modified_time\" content=\"2018-09-28T21:50:22+00:00\" \/>\n<meta name=\"author\" content=\"Coordena\u00e7\u00e3o\" \/>\n<meta name=\"twitter:card\" content=\"summary_large_image\" \/>\n<meta name=\"twitter:creator\" content=\"@EstratConcursos\" \/>\n<meta name=\"twitter:site\" content=\"@EstratConcursos\" \/>\n<meta name=\"twitter:label1\" content=\"Escrito por\" \/>\n\t<meta name=\"twitter:data1\" content=\"Coordena\u00e7\u00e3o\" \/>\n\t<meta name=\"twitter:label2\" content=\"Est. tempo de leitura\" \/>\n\t<meta name=\"twitter:data2\" content=\"2 minutos\" \/>\n<script type=\"application\/ld+json\" class=\"yoast-schema-graph\">{\"@context\":\"https:\/\/schema.org\",\"@graph\":[{\"@type\":\"NewsArticle\",\"@id\":\"https:\/\/www.estrategiaconcursos.com.br\/blog\/chegar-preparado-na-discursiva-do-apo-ti-fez-toda-a-diferenca-pra-mim-e-pra-voce\/#article\",\"isPartOf\":{\"@id\":\"https:\/\/www.estrategiaconcursos.com.br\/blog\/chegar-preparado-na-discursiva-do-apo-ti-fez-toda-a-diferenca-pra-mim-e-pra-voce\/\"},\"author\":{\"name\":\"Coordena\u00e7\u00e3o\",\"@id\":\"https:\/\/www.estrategiaconcursos.com.br\/blog\/#\/schema\/person\/cdad40b5818eb228a838461fcd656da7\"},\"headline\":\"Chegar preparado na discursiva do APO-TI fez TODA a diferen\u00e7a pra mim. E pra voce?\",\"datePublished\":\"2015-10-12T22:46:53+00:00\",\"dateModified\":\"2018-09-28T21:50:22+00:00\",\"mainEntityOfPage\":{\"@id\":\"https:\/\/www.estrategiaconcursos.com.br\/blog\/chegar-preparado-na-discursiva-do-apo-ti-fez-toda-a-diferenca-pra-mim-e-pra-voce\/\"},\"wordCount\":345,\"commentCount\":1,\"publisher\":{\"@id\":\"https:\/\/www.estrategiaconcursos.com.br\/blog\/#organization\"},\"articleSection\":[\"Concursos P\u00fablicos\"],\"inLanguage\":\"pt-BR\",\"potentialAction\":[{\"@type\":\"CommentAction\",\"name\":\"Comment\",\"target\":[\"https:\/\/www.estrategiaconcursos.com.br\/blog\/chegar-preparado-na-discursiva-do-apo-ti-fez-toda-a-diferenca-pra-mim-e-pra-voce\/#respond\"]}],\"copyrightYear\":\"2015\",\"copyrightHolder\":{\"@id\":\"https:\/\/www.estrategiaconcursos.com.br\/blog\/#organization\"}},{\"@type\":\"WebPage\",\"@id\":\"https:\/\/www.estrategiaconcursos.com.br\/blog\/chegar-preparado-na-discursiva-do-apo-ti-fez-toda-a-diferenca-pra-mim-e-pra-voce\/\",\"url\":\"https:\/\/www.estrategiaconcursos.com.br\/blog\/chegar-preparado-na-discursiva-do-apo-ti-fez-toda-a-diferenca-pra-mim-e-pra-voce\/\",\"name\":\"Chegar preparado na discursiva do APO-TI fez TODA a diferen\u00e7a pra mim. E pra voce?\",\"isPartOf\":{\"@id\":\"https:\/\/www.estrategiaconcursos.com.br\/blog\/#website\"},\"datePublished\":\"2015-10-12T22:46:53+00:00\",\"dateModified\":\"2018-09-28T21:50:22+00:00\",\"breadcrumb\":{\"@id\":\"https:\/\/www.estrategiaconcursos.com.br\/blog\/chegar-preparado-na-discursiva-do-apo-ti-fez-toda-a-diferenca-pra-mim-e-pra-voce\/#breadcrumb\"},\"inLanguage\":\"pt-BR\",\"potentialAction\":[{\"@type\":\"ReadAction\",\"target\":[\"https:\/\/www.estrategiaconcursos.com.br\/blog\/chegar-preparado-na-discursiva-do-apo-ti-fez-toda-a-diferenca-pra-mim-e-pra-voce\/\"]}]},{\"@type\":\"BreadcrumbList\",\"@id\":\"https:\/\/www.estrategiaconcursos.com.br\/blog\/chegar-preparado-na-discursiva-do-apo-ti-fez-toda-a-diferenca-pra-mim-e-pra-voce\/#breadcrumb\",\"itemListElement\":[{\"@type\":\"ListItem\",\"position\":1,\"name\":\"In\u00edcio\",\"item\":\"https:\/\/www.estrategiaconcursos.com.br\/blog\/\"},{\"@type\":\"ListItem\",\"position\":2,\"name\":\"Chegar preparado na discursiva do APO-TI fez TODA a diferen\u00e7a pra mim. E pra voce?\"}]},{\"@type\":\"WebSite\",\"@id\":\"https:\/\/www.estrategiaconcursos.com.br\/blog\/#website\",\"url\":\"https:\/\/www.estrategiaconcursos.com.br\/blog\/\",\"name\":\"Estrat\u00e9gia Concursos\",\"description\":\"O blog da Estrat\u00e9gia Concursos traz not\u00edcias sobre concursos e artigos de professores oferecendo cursos para concursos (pdf + videaulas) no site.\",\"publisher\":{\"@id\":\"https:\/\/www.estrategiaconcursos.com.br\/blog\/#organization\"},\"potentialAction\":[{\"@type\":\"SearchAction\",\"target\":{\"@type\":\"EntryPoint\",\"urlTemplate\":\"https:\/\/www.estrategiaconcursos.com.br\/blog\/?s={search_term_string}\"},\"query-input\":{\"@type\":\"PropertyValueSpecification\",\"valueRequired\":true,\"valueName\":\"search_term_string\"}}],\"inLanguage\":\"pt-BR\"},{\"@type\":\"Organization\",\"@id\":\"https:\/\/www.estrategiaconcursos.com.br\/blog\/#organization\",\"name\":\"Estrat\u00e9gia Concursos\",\"url\":\"https:\/\/www.estrategiaconcursos.com.br\/blog\/\",\"logo\":{\"@type\":\"ImageObject\",\"inLanguage\":\"pt-BR\",\"@id\":\"https:\/\/www.estrategiaconcursos.com.br\/blog\/#\/schema\/logo\/image\/\",\"url\":\"https:\/\/dhg1h5j42swfq.cloudfront.net\/2025\/06\/03203428\/logo_concursos-1.jpg\",\"contentUrl\":\"https:\/\/dhg1h5j42swfq.cloudfront.net\/2025\/06\/03203428\/logo_concursos-1.jpg\",\"width\":230,\"height\":60,\"caption\":\"Estrat\u00e9gia Concursos\"},\"image\":{\"@id\":\"https:\/\/www.estrategiaconcursos.com.br\/blog\/#\/schema\/logo\/image\/\"},\"sameAs\":[\"https:\/\/x.com\/EstratConcursos\"]},{\"@type\":\"Person\",\"@id\":\"https:\/\/www.estrategiaconcursos.com.br\/blog\/#\/schema\/person\/cdad40b5818eb228a838461fcd656da7\",\"name\":\"Coordena\u00e7\u00e3o\",\"image\":{\"@type\":\"ImageObject\",\"inLanguage\":\"pt-BR\",\"@id\":\"https:\/\/secure.gravatar.com\/avatar\/a413b22da0f5009c634f6c4586a2dbe5207074fd5becd88db5183b8069ef25e4?s=96&d=mm&r=g\",\"url\":\"https:\/\/secure.gravatar.com\/avatar\/a413b22da0f5009c634f6c4586a2dbe5207074fd5becd88db5183b8069ef25e4?s=96&d=mm&r=g\",\"contentUrl\":\"https:\/\/secure.gravatar.com\/avatar\/a413b22da0f5009c634f6c4586a2dbe5207074fd5becd88db5183b8069ef25e4?s=96&d=mm&r=g\",\"caption\":\"Coordena\u00e7\u00e3o\"},\"url\":\"https:\/\/www.estrategiaconcursos.com.br\/blog\/author\/contatoestrategiaconcursos-com-br\/\"}]}<\/script>\n<!-- \/ Yoast SEO Premium plugin. -->","yoast_head_json":{"title":"Chegar preparado na discursiva do APO-TI fez TODA a diferen\u00e7a pra mim. E pra voce?","robots":{"index":"index","follow":"follow","max-snippet":"max-snippet:-1","max-image-preview":"max-image-preview:large","max-video-preview":"max-video-preview:-1"},"canonical":"https:\/\/www.estrategiaconcursos.com.br\/blog\/chegar-preparado-na-discursiva-do-apo-ti-fez-toda-a-diferenca-pra-mim-e-pra-voce\/","og_locale":"pt_BR","og_type":"article","og_title":"Chegar preparado na discursiva do APO-TI fez TODA a diferen\u00e7a pra mim. E pra voce?","og_description":"Ol\u00e1 amigos e amigas! Queria aproveitar esse momento para compartilhar uma experi\u00eancia que fez toda a diferen\u00e7a para mim quando prestei o concurso do APO-TI em 2010. Naquele concurso, existiam 28 vagas para a ampla concorr\u00eancia, e, ap\u00f3s a primeira etapa(prova objetiva), eu havia ficado em 54\u00ba lugar. Minha prova discursiva, \u00e0 \u00e9poca, era composta [&hellip;]","og_url":"https:\/\/www.estrategiaconcursos.com.br\/blog\/chegar-preparado-na-discursiva-do-apo-ti-fez-toda-a-diferenca-pra-mim-e-pra-voce\/","og_site_name":"Estrat\u00e9gia Concursos","article_published_time":"2015-10-12T22:46:53+00:00","article_modified_time":"2018-09-28T21:50:22+00:00","author":"Coordena\u00e7\u00e3o","twitter_card":"summary_large_image","twitter_creator":"@EstratConcursos","twitter_site":"@EstratConcursos","twitter_misc":{"Escrito por":"Coordena\u00e7\u00e3o","Est. tempo de leitura":"2 minutos"},"schema":{"@context":"https:\/\/schema.org","@graph":[{"@type":"NewsArticle","@id":"https:\/\/www.estrategiaconcursos.com.br\/blog\/chegar-preparado-na-discursiva-do-apo-ti-fez-toda-a-diferenca-pra-mim-e-pra-voce\/#article","isPartOf":{"@id":"https:\/\/www.estrategiaconcursos.com.br\/blog\/chegar-preparado-na-discursiva-do-apo-ti-fez-toda-a-diferenca-pra-mim-e-pra-voce\/"},"author":{"name":"Coordena\u00e7\u00e3o","@id":"https:\/\/www.estrategiaconcursos.com.br\/blog\/#\/schema\/person\/cdad40b5818eb228a838461fcd656da7"},"headline":"Chegar preparado na discursiva do APO-TI fez TODA a diferen\u00e7a pra mim. E pra voce?","datePublished":"2015-10-12T22:46:53+00:00","dateModified":"2018-09-28T21:50:22+00:00","mainEntityOfPage":{"@id":"https:\/\/www.estrategiaconcursos.com.br\/blog\/chegar-preparado-na-discursiva-do-apo-ti-fez-toda-a-diferenca-pra-mim-e-pra-voce\/"},"wordCount":345,"commentCount":1,"publisher":{"@id":"https:\/\/www.estrategiaconcursos.com.br\/blog\/#organization"},"articleSection":["Concursos P\u00fablicos"],"inLanguage":"pt-BR","potentialAction":[{"@type":"CommentAction","name":"Comment","target":["https:\/\/www.estrategiaconcursos.com.br\/blog\/chegar-preparado-na-discursiva-do-apo-ti-fez-toda-a-diferenca-pra-mim-e-pra-voce\/#respond"]}],"copyrightYear":"2015","copyrightHolder":{"@id":"https:\/\/www.estrategiaconcursos.com.br\/blog\/#organization"}},{"@type":"WebPage","@id":"https:\/\/www.estrategiaconcursos.com.br\/blog\/chegar-preparado-na-discursiva-do-apo-ti-fez-toda-a-diferenca-pra-mim-e-pra-voce\/","url":"https:\/\/www.estrategiaconcursos.com.br\/blog\/chegar-preparado-na-discursiva-do-apo-ti-fez-toda-a-diferenca-pra-mim-e-pra-voce\/","name":"Chegar preparado na discursiva do APO-TI fez TODA a diferen\u00e7a pra mim. E pra voce?","isPartOf":{"@id":"https:\/\/www.estrategiaconcursos.com.br\/blog\/#website"},"datePublished":"2015-10-12T22:46:53+00:00","dateModified":"2018-09-28T21:50:22+00:00","breadcrumb":{"@id":"https:\/\/www.estrategiaconcursos.com.br\/blog\/chegar-preparado-na-discursiva-do-apo-ti-fez-toda-a-diferenca-pra-mim-e-pra-voce\/#breadcrumb"},"inLanguage":"pt-BR","potentialAction":[{"@type":"ReadAction","target":["https:\/\/www.estrategiaconcursos.com.br\/blog\/chegar-preparado-na-discursiva-do-apo-ti-fez-toda-a-diferenca-pra-mim-e-pra-voce\/"]}]},{"@type":"BreadcrumbList","@id":"https:\/\/www.estrategiaconcursos.com.br\/blog\/chegar-preparado-na-discursiva-do-apo-ti-fez-toda-a-diferenca-pra-mim-e-pra-voce\/#breadcrumb","itemListElement":[{"@type":"ListItem","position":1,"name":"In\u00edcio","item":"https:\/\/www.estrategiaconcursos.com.br\/blog\/"},{"@type":"ListItem","position":2,"name":"Chegar preparado na discursiva do APO-TI fez TODA a diferen\u00e7a pra mim. E pra voce?"}]},{"@type":"WebSite","@id":"https:\/\/www.estrategiaconcursos.com.br\/blog\/#website","url":"https:\/\/www.estrategiaconcursos.com.br\/blog\/","name":"Estrat\u00e9gia Concursos","description":"O blog da Estrat\u00e9gia Concursos traz not\u00edcias sobre concursos e artigos de professores oferecendo cursos para concursos (pdf + videaulas) no site.","publisher":{"@id":"https:\/\/www.estrategiaconcursos.com.br\/blog\/#organization"},"potentialAction":[{"@type":"SearchAction","target":{"@type":"EntryPoint","urlTemplate":"https:\/\/www.estrategiaconcursos.com.br\/blog\/?s={search_term_string}"},"query-input":{"@type":"PropertyValueSpecification","valueRequired":true,"valueName":"search_term_string"}}],"inLanguage":"pt-BR"},{"@type":"Organization","@id":"https:\/\/www.estrategiaconcursos.com.br\/blog\/#organization","name":"Estrat\u00e9gia Concursos","url":"https:\/\/www.estrategiaconcursos.com.br\/blog\/","logo":{"@type":"ImageObject","inLanguage":"pt-BR","@id":"https:\/\/www.estrategiaconcursos.com.br\/blog\/#\/schema\/logo\/image\/","url":"https:\/\/dhg1h5j42swfq.cloudfront.net\/2025\/06\/03203428\/logo_concursos-1.jpg","contentUrl":"https:\/\/dhg1h5j42swfq.cloudfront.net\/2025\/06\/03203428\/logo_concursos-1.jpg","width":230,"height":60,"caption":"Estrat\u00e9gia Concursos"},"image":{"@id":"https:\/\/www.estrategiaconcursos.com.br\/blog\/#\/schema\/logo\/image\/"},"sameAs":["https:\/\/x.com\/EstratConcursos"]},{"@type":"Person","@id":"https:\/\/www.estrategiaconcursos.com.br\/blog\/#\/schema\/person\/cdad40b5818eb228a838461fcd656da7","name":"Coordena\u00e7\u00e3o","image":{"@type":"ImageObject","inLanguage":"pt-BR","@id":"https:\/\/secure.gravatar.com\/avatar\/a413b22da0f5009c634f6c4586a2dbe5207074fd5becd88db5183b8069ef25e4?s=96&d=mm&r=g","url":"https:\/\/secure.gravatar.com\/avatar\/a413b22da0f5009c634f6c4586a2dbe5207074fd5becd88db5183b8069ef25e4?s=96&d=mm&r=g","contentUrl":"https:\/\/secure.gravatar.com\/avatar\/a413b22da0f5009c634f6c4586a2dbe5207074fd5becd88db5183b8069ef25e4?s=96&d=mm&r=g","caption":"Coordena\u00e7\u00e3o"},"url":"https:\/\/www.estrategiaconcursos.com.br\/blog\/author\/contatoestrategiaconcursos-com-br\/"}]}},"_links":{"self":[{"href":"https:\/\/www.estrategiaconcursos.com.br\/blog\/wp-json\/wp\/v2\/posts\/28002","targetHints":{"allow":["GET"]}}],"collection":[{"href":"https:\/\/www.estrategiaconcursos.com.br\/blog\/wp-json\/wp\/v2\/posts"}],"about":[{"href":"https:\/\/www.estrategiaconcursos.com.br\/blog\/wp-json\/wp\/v2\/types\/post"}],"author":[{"embeddable":true,"href":"https:\/\/www.estrategiaconcursos.com.br\/blog\/wp-json\/wp\/v2\/users\/48"}],"replies":[{"embeddable":true,"href":"https:\/\/www.estrategiaconcursos.com.br\/blog\/wp-json\/wp\/v2\/comments?post=28002"}],"version-history":[{"count":12,"href":"https:\/\/www.estrategiaconcursos.com.br\/blog\/wp-json\/wp\/v2\/posts\/28002\/revisions"}],"predecessor-version":[{"id":144221,"href":"https:\/\/www.estrategiaconcursos.com.br\/blog\/wp-json\/wp\/v2\/posts\/28002\/revisions\/144221"}],"wp:attachment":[{"href":"https:\/\/www.estrategiaconcursos.com.br\/blog\/wp-json\/wp\/v2\/media?parent=28002"}],"wp:term":[{"taxonomy":"category","embeddable":true,"href":"https:\/\/www.estrategiaconcursos.com.br\/blog\/wp-json\/wp\/v2\/categories?post=28002"},{"taxonomy":"post_tag","embeddable":true,"href":"https:\/\/www.estrategiaconcursos.com.br\/blog\/wp-json\/wp\/v2\/tags?post=28002"},{"taxonomy":"tax_estado","embeddable":true,"href":"https:\/\/www.estrategiaconcursos.com.br\/blog\/wp-json\/wp\/v2\/tax_estado?post=28002"}],"curies":[{"name":"wp","href":"https:\/\/api.w.org\/{rel}","templated":true}]}}