{"id":27995,"date":"2015-10-15T08:57:14","date_gmt":"2015-10-15T11:57:14","guid":{"rendered":"http:\/\/www.estrategiaconcursos.com.br\/blog\/?p=27995"},"modified":"2015-10-15T16:55:50","modified_gmt":"2015-10-15T19:55:50","slug":"termina-nesta-quita-feira-o-prazo-para-inscricoes-no-concurso-tre-pb-vagas-sao-para-cargos-em-niveis-medio-e-superior-saiba-mais","status":"publish","type":"post","link":"https:\/\/www.estrategiaconcursos.com.br\/blog\/termina-nesta-quita-feira-o-prazo-para-inscricoes-no-concurso-tre-pb-vagas-sao-para-cargos-em-niveis-medio-e-superior-saiba-mais\/","title":{"rendered":"Prorrogado prazo para inscri\u00e7\u00f5es no concurso TRE-PB. Vagas s\u00e3o para cargos em n\u00edveis m\u00e9dio e superior. Saiba mais!"},"content":{"rendered":"<p style=\"text-align: justify;\"><span style=\"color: #000000;\"><a href=\"https:\/\/dhg1h5j42swfq.cloudfront.net\/2015\/07\/concurso-TRE-PB.jpg\"><img loading=\"lazy\" decoding=\"async\" class=\"alignleft wp-image-24658 size-medium\" src=\"https:\/\/dhg1h5j42swfq.cloudfront.net\/2015\/07\/concurso-TRE-PB-300x200.jpg\" alt=\"concurso TRE-PB\" width=\"300\" height=\"200\" srcset=\"https:\/\/dhg1h5j42swfq.cloudfront.net\/2015\/07\/concurso-TRE-PB.jpg 300w, https:\/\/dhg1h5j42swfq.cloudfront.net\/2015\/07\/concurso-TRE-PB.jpg 450w, https:\/\/dhg1h5j42swfq.cloudfront.net\/2015\/07\/concurso-TRE-PB.jpg 995w\" sizes=\"auto, (max-width: 300px) 100vw, 300px\" \/><\/a>O prazo para inscri\u00e7\u00f5es no concurso do Tribunal Regional Eleitoral da Para\u00edba<\/span> (<a href=\"https:\/\/www.estrategiaconcursos.com.br\/cursosPorConcurso\/tre-pb-tribunal-regional-eleitoral-da-paraiba-392\/\">concurso TRE-PB<\/a>), <span style=\"color: #000000;\">que terminaria nesta quinta-feira, 15, foi prorrogado. Os interessados t\u00eam agora\u00a0<\/span>\u00a0<span style=\"color: #000000;\">at\u00e9 \u00e0s 14h do pr\u00f3ximo dia 20 para\u00a0acessar o site\u00a0da organizadora, a <a href=\"http:\/\/www.concursosfcc.com.br\/concursos\/trepb115\/index.html\">FCC<\/a>. As taxas\u00a0s\u00e3o de R$60,00 para t\u00e9cnico e R$75,00 para analista.<\/span><\/p>\n<p style=\"text-align: justify;\"><span style=\"color: #000000;\">O concurso TRE-PB prev\u00ea o preenchimento de vagas nos cargos de T\u00e9cnico Judici\u00e1rio (n\u00edvel m\u00e9dio) e Analista judici\u00e1rio (n\u00edvel superior).<\/span><\/p>\n<p style=\"text-align: justify;\"><span style=\"color: #000000;\">Para Analista judici\u00e1rio, com atua\u00e7\u00e3o na \u00e1rea administrativa, est\u00e3o sendo oferecidas 4 vagas + forma\u00e7\u00e3o de Cadastro de reserva. Das vagas dispon\u00edveis, uma \u00e9 destinada a negros. \u00c9 imprescind\u00edvel diploma, devidamente registrado, de conclus\u00e3o de curso superior, inclusive licenciatura plena, em qualquer \u00e1rea de forma\u00e7\u00e3o, fornecido por institui\u00e7\u00e3o de ensino superior reconhecida pelo MEC. Os vencimentos s\u00e3o de R$8.863,84.<\/span><\/p>\n<p style=\"text-align: justify;\"><span style=\"color: #000000;\">Os cargos para t\u00e9cnico do concurso TRE-PB se subdividem em tr\u00eas especialidades: \u00c1rea administrativa, onde est\u00e3o sendo oferecidas 13 vagas mais forma\u00e7\u00e3o de CR, sendo 1 vaga destinada a portadores de defici\u00eancia e 3 a candidatos negros; Especialidade em programa\u00e7\u00e3o de sistemas, onde h\u00e1 dispon\u00edvel 1 vaga mais CR; por fim, h\u00e1 uma vaga, al\u00e9m de forma\u00e7\u00e3o de CR para operador de computadores. A remunera\u00e7\u00e3o para estes cargos \u00e9 de R$5.425,79<\/span><\/p>\n<p style=\"text-align: justify;\"><span style=\"color: #000000;\">Os vencimentos, em ambos os cargos, correspondem ao sal\u00e1rio + Gratifica\u00e7\u00e3o de Atividade Judici\u00e1ria (GAJ) + Vantagem Pecuni\u00e1ria Individual (VPI). Para todos os cargos, a carga hor\u00e1ria \u00e9 de 40 horas semanais.<\/span><\/p>\n<p style=\"text-align: justify;\"><span style=\"color: #000000;\">Os candidatos \u00e0 \u00e1rea administrativa devem possuir certificado, devidamente registrado, de conclus\u00e3o do ensino m\u00e9dio, ou curso equivalente, expedido por institui\u00e7\u00e3o devidamente reconhecida pelo MEC.<\/span><\/p>\n<p style=\"text-align: justify;\"><span style=\"color: #000000;\">No caso dos pretendentes ao cargo de programador de sistemas, \u00e9 necess\u00e1rio possuir certificado, devidamente registrado, de conclus\u00e3o do ensino m\u00e9dio, ou curso equivalente, expedido por institui\u00e7\u00e3o devidamente reconhecida pelo MEC, al\u00e9m de habilita\u00e7\u00e3o em cursos de programa\u00e7\u00e3o de sistemas, com carga hor\u00e1ria de, no m\u00ednimo, 120 horas\/aula, expedida por institui\u00e7\u00e3o reconhecida pelo MEC. Ser\u00e3o aceitas tamb\u00e9m, horas\/aula das disciplinas de programa\u00e7\u00e3o, banco de dados e engenharia de software, em curso de Tecnologia da Informa\u00e7\u00e3o, que tenham sido cursadas em institui\u00e7\u00f5es reconhecidas pelo MEC.<\/span><\/p>\n<p style=\"text-align: justify;\"><span style=\"color: #000000;\">Para o cargo de operador de computador, tamb\u00e9m \u00e9 exigido certificado, devidamente registrado, de conclus\u00e3o do ensino m\u00e9dio, ou curso equivalente, expedido por institui\u00e7\u00e3o devidamente reconhecida pelo MEC, al\u00e9m de habilita\u00e7\u00e3o em cursos de opera\u00e7\u00e3o de computadores, com carga hor\u00e1ria de, no m\u00ednimo, 120 horas\/aula, expedida por institui\u00e7\u00e3o reconhecida pelo MEC. Tamb\u00e9m ser\u00e3o aceitas horas\/aula das disciplinas de Arquitetura e Organiza\u00e7\u00e3o de Computadores, Sistemas Operacionais, Redes de Computadores e Eletr\u00f4nica, em curso superior na \u00e1rea de Tecnologia da Informa\u00e7\u00e3o, cursadas em institui\u00e7\u00f5es reconhecidas pelo MEC.<\/span><\/p>\n<p style=\"text-align: justify;\"><span style=\"color: #000000;\">Para todos os cargos, haver\u00e1 provas de conhecimentos gerais e espec\u00edficos. No caso do cargo de Analista, haver\u00e1 tamb\u00e9m prova discursiva\/reda\u00e7\u00e3o. Todas ser\u00e3o de car\u00e1ter eliminat\u00f3rio e classificat\u00f3rio.<\/span><\/p>\n<p style=\"text-align: justify;\"><span style=\"color: #000000;\">A aplica\u00e7\u00e3o das Provas Objetivas e Discursiva-Reda\u00e7\u00e3o do concurso TRE-PB est\u00e1 prevista para o dia 29 de novembro, nas Cidades de Jo\u00e3o Pessoa, Campina Grande, Patos e Sousa no Estado da Para\u00edba, conforme op\u00e7\u00e3o de cidade de realiza\u00e7\u00e3o das Provas indicada pelo candidato no Formul\u00e1rio de Inscri\u00e7\u00e3o via Internet.<\/span><\/p>\n<p style=\"text-align: justify;\"><span style=\"color: #000000;\">Confira o edital em:<\/span><\/p>\n<p><a href=\"https:\/\/dhg1h5j42swfq.cloudfront.net\/2015\/09\/08140354\/Edital-concurso-TRE-PB.pdf\">Edital concurso TRE-PB<\/a><\/p>\n<p style=\"text-align: justify;\"><span style=\"color: #000000;\">O concurso TRE-PB ter\u00e1 validade de dois anos, a contar da data da publica\u00e7\u00e3o da homologa\u00e7\u00e3o do resultado final, podendo ser prorrogado por igual per\u00edodo, a crit\u00e9rio do Tribunal Regional Eleitoral da Para\u00edba.<\/span><\/p>\n<p style=\"text-align: justify;\"><span style=\"color: #000000;\"><strong>O Estrat\u00e9gia Concursos j\u00e1 lan\u00e7ou cursos para o concurso TRE-PB. Confira em:<\/strong><\/span><\/p>\n<p><a href=\"https:\/\/www.estrategiaconcursos.com.br\/cursosPorConcurso\/tre-pb-tribunal-regional-eleitoral-da-paraiba-392\/\">https:\/\/www.estrategiaconcursos.com.br\/cursosPorConcurso\/tre-pb-tribunal-regional-eleitoral-da-paraiba-392\/<\/a><\/p>\n<p style=\"text-align: justify;\"><span style=\"color: #000000;\">\u00a0Assessoria de Comunica\u00e7\u00e3o<\/span><\/p>\n<p style=\"text-align: justify;\"><span style=\"color: #000000;\">comunicacao@estrategiaconcursos.com.br<\/span><\/p>\n","protected":false},"excerpt":{"rendered":"<p>O prazo para inscri\u00e7\u00f5es no concurso do Tribunal Regional Eleitoral da Para\u00edba (concurso TRE-PB), que terminaria nesta quinta-feira, 15, foi prorrogado. Os interessados t\u00eam agora\u00a0\u00a0at\u00e9 \u00e0s 14h do pr\u00f3ximo dia 20 para\u00a0acessar o site\u00a0da organizadora, a FCC. As taxas\u00a0s\u00e3o de R$60,00 para t\u00e9cnico e R$75,00 para analista. O concurso TRE-PB prev\u00ea o preenchimento de vagas [&hellip;]<\/p>\n","protected":false},"author":1,"featured_media":0,"comment_status":"open","ping_status":"open","sticky":false,"template":"","format":"standard","meta":{"post_tipo":"news","footnotes":""},"categories":[1],"tags":[674,798],"tax_estado":[],"class_list":["post-27995","post","type-post","status-publish","format-standard","hentry","category-cursos-e-concursos","tag-inscricoes","tag-tre-pb"],"acf":[],"yoast_head":"<!-- This site is optimized with the Yoast SEO Premium plugin v27.2 (Yoast SEO v27.2) - https:\/\/yoast.com\/product\/yoast-seo-premium-wordpress\/ -->\n<title>Prorrogado prazo para inscri\u00e7\u00f5es no concurso TRE-PB. Vagas s\u00e3o para cargos em n\u00edveis m\u00e9dio e superior. Saiba mais!<\/title>\n<meta name=\"description\" content=\"Termina nesta quita-feira o prazo para inscri\u00e7\u00f5es no concurso TRE-PB. Saiba mais!\" \/>\n<meta name=\"robots\" content=\"index, follow, max-snippet:-1, max-image-preview:large, max-video-preview:-1\" \/>\n<link rel=\"canonical\" href=\"https:\/\/www.estrategiaconcursos.com.br\/blog\/termina-nesta-quita-feira-o-prazo-para-inscricoes-no-concurso-tre-pb-vagas-sao-para-cargos-em-niveis-medio-e-superior-saiba-mais\/\" \/>\n<meta property=\"og:locale\" content=\"pt_BR\" \/>\n<meta property=\"og:type\" content=\"article\" \/>\n<meta property=\"og:title\" content=\"Prorrogado prazo para inscri\u00e7\u00f5es no concurso TRE-PB. Vagas s\u00e3o para cargos em n\u00edveis m\u00e9dio e superior. Saiba mais!\" \/>\n<meta property=\"og:description\" content=\"Termina nesta quita-feira o prazo para inscri\u00e7\u00f5es no concurso TRE-PB. Saiba mais!\" \/>\n<meta property=\"og:url\" content=\"https:\/\/www.estrategiaconcursos.com.br\/blog\/termina-nesta-quita-feira-o-prazo-para-inscricoes-no-concurso-tre-pb-vagas-sao-para-cargos-em-niveis-medio-e-superior-saiba-mais\/\" \/>\n<meta property=\"og:site_name\" content=\"Estrat\u00e9gia Concursos\" \/>\n<meta property=\"article:author\" content=\"https:\/\/www.facebook.com\/EstrategiaConcursos\" \/>\n<meta property=\"article:published_time\" content=\"2015-10-15T11:57:14+00:00\" \/>\n<meta property=\"article:modified_time\" content=\"2015-10-15T19:55:50+00:00\" \/>\n<meta property=\"og:image\" content=\"https:\/\/dhg1h5j42swfq.cloudfront.net\/2015\/07\/concurso-TRE-PB-300x200.jpg\" \/>\n<meta name=\"author\" content=\"Coordena\u00e7\u00e3o\" \/>\n<meta name=\"twitter:card\" content=\"summary_large_image\" \/>\n<meta name=\"twitter:creator\" content=\"@EstratConcursos\" \/>\n<meta name=\"twitter:site\" content=\"@EstratConcursos\" \/>\n<meta name=\"twitter:label1\" content=\"Escrito por\" \/>\n\t<meta name=\"twitter:data1\" content=\"Coordena\u00e7\u00e3o\" \/>\n\t<meta name=\"twitter:label2\" content=\"Est. tempo de leitura\" \/>\n\t<meta name=\"twitter:data2\" content=\"3 minutos\" \/>\n<script type=\"application\/ld+json\" class=\"yoast-schema-graph\">{\"@context\":\"https:\/\/schema.org\",\"@graph\":[{\"@type\":\"NewsArticle\",\"@id\":\"https:\/\/www.estrategiaconcursos.com.br\/blog\/termina-nesta-quita-feira-o-prazo-para-inscricoes-no-concurso-tre-pb-vagas-sao-para-cargos-em-niveis-medio-e-superior-saiba-mais\/#article\",\"isPartOf\":{\"@id\":\"https:\/\/www.estrategiaconcursos.com.br\/blog\/termina-nesta-quita-feira-o-prazo-para-inscricoes-no-concurso-tre-pb-vagas-sao-para-cargos-em-niveis-medio-e-superior-saiba-mais\/\"},\"author\":{\"name\":\"Coordena\u00e7\u00e3o\",\"@id\":\"https:\/\/www.estrategiaconcursos.com.br\/blog\/#\/schema\/person\/b4a388c97673c5f483d72185668afa1f\"},\"headline\":\"Prorrogado prazo para inscri\u00e7\u00f5es no concurso TRE-PB. Vagas s\u00e3o para cargos em n\u00edveis m\u00e9dio e superior. Saiba mais!\",\"datePublished\":\"2015-10-15T11:57:14+00:00\",\"dateModified\":\"2015-10-15T19:55:50+00:00\",\"mainEntityOfPage\":{\"@id\":\"https:\/\/www.estrategiaconcursos.com.br\/blog\/termina-nesta-quita-feira-o-prazo-para-inscricoes-no-concurso-tre-pb-vagas-sao-para-cargos-em-niveis-medio-e-superior-saiba-mais\/\"},\"wordCount\":670,\"commentCount\":0,\"publisher\":{\"@id\":\"https:\/\/www.estrategiaconcursos.com.br\/blog\/#organization\"},\"image\":{\"@id\":\"https:\/\/www.estrategiaconcursos.com.br\/blog\/termina-nesta-quita-feira-o-prazo-para-inscricoes-no-concurso-tre-pb-vagas-sao-para-cargos-em-niveis-medio-e-superior-saiba-mais\/#primaryimage\"},\"thumbnailUrl\":\"https:\/\/dhg1h5j42swfq.cloudfront.net\/2015\/07\/concurso-TRE-PB-300x200.jpg\",\"keywords\":[\"inscri\u00e7\u00f5es\",\"TRE-PB\"],\"articleSection\":[\"Concursos P\u00fablicos\"],\"inLanguage\":\"pt-BR\",\"potentialAction\":[{\"@type\":\"CommentAction\",\"name\":\"Comment\",\"target\":[\"https:\/\/www.estrategiaconcursos.com.br\/blog\/termina-nesta-quita-feira-o-prazo-para-inscricoes-no-concurso-tre-pb-vagas-sao-para-cargos-em-niveis-medio-e-superior-saiba-mais\/#respond\"]}],\"copyrightYear\":\"2015\",\"copyrightHolder\":{\"@id\":\"https:\/\/www.estrategiaconcursos.com.br\/blog\/#organization\"}},{\"@type\":\"WebPage\",\"@id\":\"https:\/\/www.estrategiaconcursos.com.br\/blog\/termina-nesta-quita-feira-o-prazo-para-inscricoes-no-concurso-tre-pb-vagas-sao-para-cargos-em-niveis-medio-e-superior-saiba-mais\/\",\"url\":\"https:\/\/www.estrategiaconcursos.com.br\/blog\/termina-nesta-quita-feira-o-prazo-para-inscricoes-no-concurso-tre-pb-vagas-sao-para-cargos-em-niveis-medio-e-superior-saiba-mais\/\",\"name\":\"Prorrogado prazo para inscri\u00e7\u00f5es no concurso TRE-PB. Vagas s\u00e3o para cargos em n\u00edveis m\u00e9dio e superior. Saiba mais!\",\"isPartOf\":{\"@id\":\"https:\/\/www.estrategiaconcursos.com.br\/blog\/#website\"},\"primaryImageOfPage\":{\"@id\":\"https:\/\/www.estrategiaconcursos.com.br\/blog\/termina-nesta-quita-feira-o-prazo-para-inscricoes-no-concurso-tre-pb-vagas-sao-para-cargos-em-niveis-medio-e-superior-saiba-mais\/#primaryimage\"},\"image\":{\"@id\":\"https:\/\/www.estrategiaconcursos.com.br\/blog\/termina-nesta-quita-feira-o-prazo-para-inscricoes-no-concurso-tre-pb-vagas-sao-para-cargos-em-niveis-medio-e-superior-saiba-mais\/#primaryimage\"},\"thumbnailUrl\":\"https:\/\/dhg1h5j42swfq.cloudfront.net\/2015\/07\/concurso-TRE-PB-300x200.jpg\",\"datePublished\":\"2015-10-15T11:57:14+00:00\",\"dateModified\":\"2015-10-15T19:55:50+00:00\",\"description\":\"Termina nesta quita-feira o prazo para inscri\u00e7\u00f5es no concurso TRE-PB. Saiba mais!\",\"breadcrumb\":{\"@id\":\"https:\/\/www.estrategiaconcursos.com.br\/blog\/termina-nesta-quita-feira-o-prazo-para-inscricoes-no-concurso-tre-pb-vagas-sao-para-cargos-em-niveis-medio-e-superior-saiba-mais\/#breadcrumb\"},\"inLanguage\":\"pt-BR\",\"potentialAction\":[{\"@type\":\"ReadAction\",\"target\":[\"https:\/\/www.estrategiaconcursos.com.br\/blog\/termina-nesta-quita-feira-o-prazo-para-inscricoes-no-concurso-tre-pb-vagas-sao-para-cargos-em-niveis-medio-e-superior-saiba-mais\/\"]}]},{\"@type\":\"ImageObject\",\"inLanguage\":\"pt-BR\",\"@id\":\"https:\/\/www.estrategiaconcursos.com.br\/blog\/termina-nesta-quita-feira-o-prazo-para-inscricoes-no-concurso-tre-pb-vagas-sao-para-cargos-em-niveis-medio-e-superior-saiba-mais\/#primaryimage\",\"url\":\"https:\/\/dhg1h5j42swfq.cloudfront.net\/2015\/07\/concurso-TRE-PB-300x200.jpg\",\"contentUrl\":\"https:\/\/dhg1h5j42swfq.cloudfront.net\/2015\/07\/concurso-TRE-PB-300x200.jpg\"},{\"@type\":\"BreadcrumbList\",\"@id\":\"https:\/\/www.estrategiaconcursos.com.br\/blog\/termina-nesta-quita-feira-o-prazo-para-inscricoes-no-concurso-tre-pb-vagas-sao-para-cargos-em-niveis-medio-e-superior-saiba-mais\/#breadcrumb\",\"itemListElement\":[{\"@type\":\"ListItem\",\"position\":1,\"name\":\"In\u00edcio\",\"item\":\"https:\/\/www.estrategiaconcursos.com.br\/blog\/\"},{\"@type\":\"ListItem\",\"position\":2,\"name\":\"Prorrogado prazo para inscri\u00e7\u00f5es no concurso TRE-PB. Vagas s\u00e3o para cargos em n\u00edveis m\u00e9dio e superior. Saiba mais!\"}]},{\"@type\":\"WebSite\",\"@id\":\"https:\/\/www.estrategiaconcursos.com.br\/blog\/#website\",\"url\":\"https:\/\/www.estrategiaconcursos.com.br\/blog\/\",\"name\":\"Estrat\u00e9gia Concursos\",\"description\":\"O blog da Estrat\u00e9gia Concursos traz not\u00edcias sobre concursos e artigos de professores oferecendo cursos para concursos (pdf + videaulas) no site.\",\"publisher\":{\"@id\":\"https:\/\/www.estrategiaconcursos.com.br\/blog\/#organization\"},\"potentialAction\":[{\"@type\":\"SearchAction\",\"target\":{\"@type\":\"EntryPoint\",\"urlTemplate\":\"https:\/\/www.estrategiaconcursos.com.br\/blog\/?s={search_term_string}\"},\"query-input\":{\"@type\":\"PropertyValueSpecification\",\"valueRequired\":true,\"valueName\":\"search_term_string\"}}],\"inLanguage\":\"pt-BR\"},{\"@type\":\"Organization\",\"@id\":\"https:\/\/www.estrategiaconcursos.com.br\/blog\/#organization\",\"name\":\"Estrat\u00e9gia Concursos\",\"url\":\"https:\/\/www.estrategiaconcursos.com.br\/blog\/\",\"logo\":{\"@type\":\"ImageObject\",\"inLanguage\":\"pt-BR\",\"@id\":\"https:\/\/www.estrategiaconcursos.com.br\/blog\/#\/schema\/logo\/image\/\",\"url\":\"https:\/\/dhg1h5j42swfq.cloudfront.net\/2025\/06\/03203428\/logo_concursos-1.jpg\",\"contentUrl\":\"https:\/\/dhg1h5j42swfq.cloudfront.net\/2025\/06\/03203428\/logo_concursos-1.jpg\",\"width\":230,\"height\":60,\"caption\":\"Estrat\u00e9gia Concursos\"},\"image\":{\"@id\":\"https:\/\/www.estrategiaconcursos.com.br\/blog\/#\/schema\/logo\/image\/\"},\"sameAs\":[\"https:\/\/x.com\/EstratConcursos\"]},{\"@type\":\"Person\",\"@id\":\"https:\/\/www.estrategiaconcursos.com.br\/blog\/#\/schema\/person\/b4a388c97673c5f483d72185668afa1f\",\"name\":\"Coordena\u00e7\u00e3o\",\"image\":{\"@type\":\"ImageObject\",\"inLanguage\":\"pt-BR\",\"@id\":\"https:\/\/secure.gravatar.com\/avatar\/b720319e4c9a967eb58678d110f4fe35452fc5d5f97b202bac7b8acceb18c6ad?s=96&d=mm&r=g\",\"url\":\"https:\/\/secure.gravatar.com\/avatar\/b720319e4c9a967eb58678d110f4fe35452fc5d5f97b202bac7b8acceb18c6ad?s=96&d=mm&r=g\",\"contentUrl\":\"https:\/\/secure.gravatar.com\/avatar\/b720319e4c9a967eb58678d110f4fe35452fc5d5f97b202bac7b8acceb18c6ad?s=96&d=mm&r=g\",\"caption\":\"Coordena\u00e7\u00e3o\"},\"sameAs\":[\"https:\/\/www.facebook.com\/EstrategiaConcursos\",\"https:\/\/x.com\/EstratConcursos\"],\"url\":\"https:\/\/www.estrategiaconcursos.com.br\/blog\/author\/estrategia2013\/\"}]}<\/script>\n<!-- \/ Yoast SEO Premium plugin. -->","yoast_head_json":{"title":"Prorrogado prazo para inscri\u00e7\u00f5es no concurso TRE-PB. Vagas s\u00e3o para cargos em n\u00edveis m\u00e9dio e superior. Saiba mais!","description":"Termina nesta quita-feira o prazo para inscri\u00e7\u00f5es no concurso TRE-PB. Saiba mais!","robots":{"index":"index","follow":"follow","max-snippet":"max-snippet:-1","max-image-preview":"max-image-preview:large","max-video-preview":"max-video-preview:-1"},"canonical":"https:\/\/www.estrategiaconcursos.com.br\/blog\/termina-nesta-quita-feira-o-prazo-para-inscricoes-no-concurso-tre-pb-vagas-sao-para-cargos-em-niveis-medio-e-superior-saiba-mais\/","og_locale":"pt_BR","og_type":"article","og_title":"Prorrogado prazo para inscri\u00e7\u00f5es no concurso TRE-PB. Vagas s\u00e3o para cargos em n\u00edveis m\u00e9dio e superior. Saiba mais!","og_description":"Termina nesta quita-feira o prazo para inscri\u00e7\u00f5es no concurso TRE-PB. Saiba mais!","og_url":"https:\/\/www.estrategiaconcursos.com.br\/blog\/termina-nesta-quita-feira-o-prazo-para-inscricoes-no-concurso-tre-pb-vagas-sao-para-cargos-em-niveis-medio-e-superior-saiba-mais\/","og_site_name":"Estrat\u00e9gia Concursos","article_author":"https:\/\/www.facebook.com\/EstrategiaConcursos","article_published_time":"2015-10-15T11:57:14+00:00","article_modified_time":"2015-10-15T19:55:50+00:00","og_image":[{"url":"https:\/\/dhg1h5j42swfq.cloudfront.net\/2015\/07\/concurso-TRE-PB-300x200.jpg","type":"","width":"","height":""}],"author":"Coordena\u00e7\u00e3o","twitter_card":"summary_large_image","twitter_creator":"@EstratConcursos","twitter_site":"@EstratConcursos","twitter_misc":{"Escrito por":"Coordena\u00e7\u00e3o","Est. tempo de leitura":"3 minutos"},"schema":{"@context":"https:\/\/schema.org","@graph":[{"@type":"NewsArticle","@id":"https:\/\/www.estrategiaconcursos.com.br\/blog\/termina-nesta-quita-feira-o-prazo-para-inscricoes-no-concurso-tre-pb-vagas-sao-para-cargos-em-niveis-medio-e-superior-saiba-mais\/#article","isPartOf":{"@id":"https:\/\/www.estrategiaconcursos.com.br\/blog\/termina-nesta-quita-feira-o-prazo-para-inscricoes-no-concurso-tre-pb-vagas-sao-para-cargos-em-niveis-medio-e-superior-saiba-mais\/"},"author":{"name":"Coordena\u00e7\u00e3o","@id":"https:\/\/www.estrategiaconcursos.com.br\/blog\/#\/schema\/person\/b4a388c97673c5f483d72185668afa1f"},"headline":"Prorrogado prazo para inscri\u00e7\u00f5es no concurso TRE-PB. Vagas s\u00e3o para cargos em n\u00edveis m\u00e9dio e superior. Saiba mais!","datePublished":"2015-10-15T11:57:14+00:00","dateModified":"2015-10-15T19:55:50+00:00","mainEntityOfPage":{"@id":"https:\/\/www.estrategiaconcursos.com.br\/blog\/termina-nesta-quita-feira-o-prazo-para-inscricoes-no-concurso-tre-pb-vagas-sao-para-cargos-em-niveis-medio-e-superior-saiba-mais\/"},"wordCount":670,"commentCount":0,"publisher":{"@id":"https:\/\/www.estrategiaconcursos.com.br\/blog\/#organization"},"image":{"@id":"https:\/\/www.estrategiaconcursos.com.br\/blog\/termina-nesta-quita-feira-o-prazo-para-inscricoes-no-concurso-tre-pb-vagas-sao-para-cargos-em-niveis-medio-e-superior-saiba-mais\/#primaryimage"},"thumbnailUrl":"https:\/\/dhg1h5j42swfq.cloudfront.net\/2015\/07\/concurso-TRE-PB-300x200.jpg","keywords":["inscri\u00e7\u00f5es","TRE-PB"],"articleSection":["Concursos P\u00fablicos"],"inLanguage":"pt-BR","potentialAction":[{"@type":"CommentAction","name":"Comment","target":["https:\/\/www.estrategiaconcursos.com.br\/blog\/termina-nesta-quita-feira-o-prazo-para-inscricoes-no-concurso-tre-pb-vagas-sao-para-cargos-em-niveis-medio-e-superior-saiba-mais\/#respond"]}],"copyrightYear":"2015","copyrightHolder":{"@id":"https:\/\/www.estrategiaconcursos.com.br\/blog\/#organization"}},{"@type":"WebPage","@id":"https:\/\/www.estrategiaconcursos.com.br\/blog\/termina-nesta-quita-feira-o-prazo-para-inscricoes-no-concurso-tre-pb-vagas-sao-para-cargos-em-niveis-medio-e-superior-saiba-mais\/","url":"https:\/\/www.estrategiaconcursos.com.br\/blog\/termina-nesta-quita-feira-o-prazo-para-inscricoes-no-concurso-tre-pb-vagas-sao-para-cargos-em-niveis-medio-e-superior-saiba-mais\/","name":"Prorrogado prazo para inscri\u00e7\u00f5es no concurso TRE-PB. Vagas s\u00e3o para cargos em n\u00edveis m\u00e9dio e superior. Saiba mais!","isPartOf":{"@id":"https:\/\/www.estrategiaconcursos.com.br\/blog\/#website"},"primaryImageOfPage":{"@id":"https:\/\/www.estrategiaconcursos.com.br\/blog\/termina-nesta-quita-feira-o-prazo-para-inscricoes-no-concurso-tre-pb-vagas-sao-para-cargos-em-niveis-medio-e-superior-saiba-mais\/#primaryimage"},"image":{"@id":"https:\/\/www.estrategiaconcursos.com.br\/blog\/termina-nesta-quita-feira-o-prazo-para-inscricoes-no-concurso-tre-pb-vagas-sao-para-cargos-em-niveis-medio-e-superior-saiba-mais\/#primaryimage"},"thumbnailUrl":"https:\/\/dhg1h5j42swfq.cloudfront.net\/2015\/07\/concurso-TRE-PB-300x200.jpg","datePublished":"2015-10-15T11:57:14+00:00","dateModified":"2015-10-15T19:55:50+00:00","description":"Termina nesta quita-feira o prazo para inscri\u00e7\u00f5es no concurso TRE-PB. Saiba mais!","breadcrumb":{"@id":"https:\/\/www.estrategiaconcursos.com.br\/blog\/termina-nesta-quita-feira-o-prazo-para-inscricoes-no-concurso-tre-pb-vagas-sao-para-cargos-em-niveis-medio-e-superior-saiba-mais\/#breadcrumb"},"inLanguage":"pt-BR","potentialAction":[{"@type":"ReadAction","target":["https:\/\/www.estrategiaconcursos.com.br\/blog\/termina-nesta-quita-feira-o-prazo-para-inscricoes-no-concurso-tre-pb-vagas-sao-para-cargos-em-niveis-medio-e-superior-saiba-mais\/"]}]},{"@type":"ImageObject","inLanguage":"pt-BR","@id":"https:\/\/www.estrategiaconcursos.com.br\/blog\/termina-nesta-quita-feira-o-prazo-para-inscricoes-no-concurso-tre-pb-vagas-sao-para-cargos-em-niveis-medio-e-superior-saiba-mais\/#primaryimage","url":"https:\/\/dhg1h5j42swfq.cloudfront.net\/2015\/07\/concurso-TRE-PB-300x200.jpg","contentUrl":"https:\/\/dhg1h5j42swfq.cloudfront.net\/2015\/07\/concurso-TRE-PB-300x200.jpg"},{"@type":"BreadcrumbList","@id":"https:\/\/www.estrategiaconcursos.com.br\/blog\/termina-nesta-quita-feira-o-prazo-para-inscricoes-no-concurso-tre-pb-vagas-sao-para-cargos-em-niveis-medio-e-superior-saiba-mais\/#breadcrumb","itemListElement":[{"@type":"ListItem","position":1,"name":"In\u00edcio","item":"https:\/\/www.estrategiaconcursos.com.br\/blog\/"},{"@type":"ListItem","position":2,"name":"Prorrogado prazo para inscri\u00e7\u00f5es no concurso TRE-PB. Vagas s\u00e3o para cargos em n\u00edveis m\u00e9dio e superior. Saiba mais!"}]},{"@type":"WebSite","@id":"https:\/\/www.estrategiaconcursos.com.br\/blog\/#website","url":"https:\/\/www.estrategiaconcursos.com.br\/blog\/","name":"Estrat\u00e9gia Concursos","description":"O blog da Estrat\u00e9gia Concursos traz not\u00edcias sobre concursos e artigos de professores oferecendo cursos para concursos (pdf + videaulas) no site.","publisher":{"@id":"https:\/\/www.estrategiaconcursos.com.br\/blog\/#organization"},"potentialAction":[{"@type":"SearchAction","target":{"@type":"EntryPoint","urlTemplate":"https:\/\/www.estrategiaconcursos.com.br\/blog\/?s={search_term_string}"},"query-input":{"@type":"PropertyValueSpecification","valueRequired":true,"valueName":"search_term_string"}}],"inLanguage":"pt-BR"},{"@type":"Organization","@id":"https:\/\/www.estrategiaconcursos.com.br\/blog\/#organization","name":"Estrat\u00e9gia Concursos","url":"https:\/\/www.estrategiaconcursos.com.br\/blog\/","logo":{"@type":"ImageObject","inLanguage":"pt-BR","@id":"https:\/\/www.estrategiaconcursos.com.br\/blog\/#\/schema\/logo\/image\/","url":"https:\/\/dhg1h5j42swfq.cloudfront.net\/2025\/06\/03203428\/logo_concursos-1.jpg","contentUrl":"https:\/\/dhg1h5j42swfq.cloudfront.net\/2025\/06\/03203428\/logo_concursos-1.jpg","width":230,"height":60,"caption":"Estrat\u00e9gia Concursos"},"image":{"@id":"https:\/\/www.estrategiaconcursos.com.br\/blog\/#\/schema\/logo\/image\/"},"sameAs":["https:\/\/x.com\/EstratConcursos"]},{"@type":"Person","@id":"https:\/\/www.estrategiaconcursos.com.br\/blog\/#\/schema\/person\/b4a388c97673c5f483d72185668afa1f","name":"Coordena\u00e7\u00e3o","image":{"@type":"ImageObject","inLanguage":"pt-BR","@id":"https:\/\/secure.gravatar.com\/avatar\/b720319e4c9a967eb58678d110f4fe35452fc5d5f97b202bac7b8acceb18c6ad?s=96&d=mm&r=g","url":"https:\/\/secure.gravatar.com\/avatar\/b720319e4c9a967eb58678d110f4fe35452fc5d5f97b202bac7b8acceb18c6ad?s=96&d=mm&r=g","contentUrl":"https:\/\/secure.gravatar.com\/avatar\/b720319e4c9a967eb58678d110f4fe35452fc5d5f97b202bac7b8acceb18c6ad?s=96&d=mm&r=g","caption":"Coordena\u00e7\u00e3o"},"sameAs":["https:\/\/www.facebook.com\/EstrategiaConcursos","https:\/\/x.com\/EstratConcursos"],"url":"https:\/\/www.estrategiaconcursos.com.br\/blog\/author\/estrategia2013\/"}]}},"_links":{"self":[{"href":"https:\/\/www.estrategiaconcursos.com.br\/blog\/wp-json\/wp\/v2\/posts\/27995","targetHints":{"allow":["GET"]}}],"collection":[{"href":"https:\/\/www.estrategiaconcursos.com.br\/blog\/wp-json\/wp\/v2\/posts"}],"about":[{"href":"https:\/\/www.estrategiaconcursos.com.br\/blog\/wp-json\/wp\/v2\/types\/post"}],"author":[{"embeddable":true,"href":"https:\/\/www.estrategiaconcursos.com.br\/blog\/wp-json\/wp\/v2\/users\/1"}],"replies":[{"embeddable":true,"href":"https:\/\/www.estrategiaconcursos.com.br\/blog\/wp-json\/wp\/v2\/comments?post=27995"}],"version-history":[{"count":4,"href":"https:\/\/www.estrategiaconcursos.com.br\/blog\/wp-json\/wp\/v2\/posts\/27995\/revisions"}],"predecessor-version":[{"id":28130,"href":"https:\/\/www.estrategiaconcursos.com.br\/blog\/wp-json\/wp\/v2\/posts\/27995\/revisions\/28130"}],"wp:attachment":[{"href":"https:\/\/www.estrategiaconcursos.com.br\/blog\/wp-json\/wp\/v2\/media?parent=27995"}],"wp:term":[{"taxonomy":"category","embeddable":true,"href":"https:\/\/www.estrategiaconcursos.com.br\/blog\/wp-json\/wp\/v2\/categories?post=27995"},{"taxonomy":"post_tag","embeddable":true,"href":"https:\/\/www.estrategiaconcursos.com.br\/blog\/wp-json\/wp\/v2\/tags?post=27995"},{"taxonomy":"tax_estado","embeddable":true,"href":"https:\/\/www.estrategiaconcursos.com.br\/blog\/wp-json\/wp\/v2\/tax_estado?post=27995"}],"curies":[{"name":"wp","href":"https:\/\/api.w.org\/{rel}","templated":true}]}}