{"id":27811,"date":"2015-10-06T12:05:15","date_gmt":"2015-10-06T15:05:15","guid":{"rendered":"http:\/\/www.estrategiaconcursos.com.br\/blog\/?p=27811"},"modified":"2015-10-13T17:09:56","modified_gmt":"2015-10-13T20:09:56","slug":"prova-comentada-apo-2015-orcamento-governamental","status":"publish","type":"post","link":"https:\/\/www.estrategiaconcursos.com.br\/blog\/prova-comentada-apo-2015-orcamento-governamental\/","title":{"rendered":"Prova comentada APO &#8211; 2015 &#8211; Or\u00e7amento Governamental"},"content":{"rendered":"<p>Ol\u00e1 amigos! Como \u00e9 bom estar aqui!<\/p>\n<p>&nbsp;<\/p>\n<p>Segue a prova comentada de Or\u00e7amento Governamental para Analista de Planejamento e Or\u00e7amento de 2015. Banca: ESAF.<\/p>\n<p>&nbsp;<\/p>\n<p><strong>1- A classifica\u00e7\u00e3o funcional da despesa procura responder basicamente \u00e0 seguinte indaga\u00e7\u00e3o:<\/strong><\/p>\n<p><strong>a) de que forma os recursos p\u00fablicos ser\u00e3o aplicados.<\/strong><\/p>\n<p><strong>b) em que \u00e1rea territorial ser\u00e3o aplicados os recursos.<\/strong><\/p>\n<p><strong>c) qual a amplitude da a\u00e7\u00e3o governamental que ser\u00e1 realizada.<\/strong><\/p>\n<p><strong>d) em que \u00e1reas de despesa a a\u00e7\u00e3o governamental ser\u00e1 realizada.<\/strong><\/p>\n<p><strong>e) em que institui\u00e7\u00e3o ou minist\u00e9rio ser\u00e3o alocados os recursos.<\/strong><\/p>\n<p>&nbsp;<\/p>\n<p>A classifica\u00e7\u00e3o funcional, por fun\u00e7\u00f5es e subfun\u00e7\u00f5es, busca responder basicamente \u00e0 indaga\u00e7\u00e3o <span style=\"text-decoration: underline\">\u201cem que\u201d \u00e1rea de a\u00e7\u00e3o governamental a despesa ser\u00e1 realizada<\/span>.<\/p>\n<p>Resposta: Letra D<\/p>\n<p>&nbsp;<\/p>\n<p><strong>2- Sobre o conte\u00fado, tramita\u00e7\u00e3o e prazos relacionados \u00e0 elabora\u00e7\u00e3o da Lei de Diretrizes Or\u00e7ament\u00e1rias <\/strong><strong>\u2500<\/strong><strong> LDO, \u00e9 correto afirmar:<\/strong><\/p>\n<p><strong>a) no caso da necessidade de limita\u00e7\u00e3o de empenho e movimenta\u00e7\u00e3o financeira prevista no art. 9\u00ba da Lei Complementar n. 101\/2000, a LDO 2015 determina que cada Poder apurar\u00e1 o montante necess\u00e1rio e proceder\u00e1 \u00e0 limita\u00e7\u00e3o necess\u00e1ria.<\/strong><\/p>\n<p><strong>b) em obedi\u00eancia \u00e0 disposi\u00e7\u00e3o constitucional vigente, o projeto de lei de diretrizes or\u00e7ament\u00e1rias ser\u00e1 encaminhado at\u00e9 oito meses e meio antes do encerramento do exerc\u00edcio financeiro e devolvido para san\u00e7\u00e3o at\u00e9 o encerramento do primeiro per\u00edodo da sess\u00e3o legislativa.<\/strong><\/p>\n<p><strong>c) o parecer da Comiss\u00e3o Mista Permanente de que trata o \u00a7 1\u00ba do art. 166 da Constitui\u00e7\u00e3o Federal restringir-se-\u00e1 \u00e0 adequa\u00e7\u00e3o dos limites a serem obedecidos pela Lei Or\u00e7ament\u00e1ria Anual <\/strong><strong>\u2500<\/strong><\/p>\n<p><strong>d) na hip\u00f3tese de n\u00e3o aprova\u00e7\u00e3o e san\u00e7\u00e3o da lei or\u00e7ament\u00e1ria anual para o exerc\u00edcio, a LDO autoriza a execu\u00e7\u00e3o provis\u00f3ria limitando-se as despesas globais<br \/>\na oito doze avos dos montantes constantes do projeto de lei do or\u00e7amento.<\/strong><\/p>\n<p><strong>e) o Congresso Nacional tem a prerrogativa de rejeitar o projeto de lei de diretrizes or\u00e7ament\u00e1rias, caso em que a Constitui\u00e7\u00e3o Federal determina a aplica\u00e7\u00e3o da lei promulgada no exerc\u00edcio anterior.<\/strong><\/p>\n<p>&nbsp;<\/p>\n<p>a) Errada. Se for necess\u00e1rio efetuar a limita\u00e7\u00e3o de empenho e movimenta\u00e7\u00e3o financeira, o <strong>Poder Executivo<\/strong> apurar\u00e1 o montante necess\u00e1rio e informar\u00e1 a cada \u00f3rg\u00e3o or\u00e7ament\u00e1rio dos Poderes Legislativo e Judici\u00e1rio, do Minist\u00e9rio P\u00fablico da Uni\u00e3o e da Defensoria P\u00fablica da Uni\u00e3o.<\/p>\n<p>&nbsp;<\/p>\n<p>b) Correta. O projeto de lei de diretrizes or\u00e7ament\u00e1rias ser\u00e1 encaminhado at\u00e9 oito meses e meio antes do encerramento do exerc\u00edcio financeiro e devolvido para san\u00e7\u00e3o at\u00e9 o encerramento do primeiro per\u00edodo da sess\u00e3o legislativa<\/p>\n<p>&nbsp;<\/p>\n<p>c) Errada. O parecer da Comiss\u00e3o Mista Permanente de que trata o \u00a7 1\u00ba do art. 166 da Constitui\u00e7\u00e3o Federal (Comiss\u00e3o Mista de Planos, Or\u00e7amentos P\u00fablicos e Fiscaliza\u00e7\u00e3o) \u00e9 bastante completo, <strong>n\u00e3o se<\/strong> restringindo apenas \u00e0 adequa\u00e7\u00e3o dos limites.<\/p>\n<p>&nbsp;<\/p>\n<p>d) Errada. A cada ano, as LDOs determinam que se o Projeto de Lei Or\u00e7ament\u00e1ria \u2013 PLOA n\u00e3o for sancionado pelo Presidente da Rep\u00fablica at\u00e9 31 de dezembro do ano corrente, parte da programa\u00e7\u00e3o dele constante poder\u00e1 ser executada at\u00e9 o limite de <strong>1<\/strong>\/12 do total de cada a\u00e7\u00e3o prevista no referido projeto de lei, multiplicado pelo n\u00famero de meses decorridos at\u00e9 a san\u00e7\u00e3o da respectiva lei.<\/p>\n<p>&nbsp;<\/p>\n<p>e) Errada. O Congresso Nacional <strong>n\u00e3o<\/strong> tem a prerrogativa de rejeitar o projeto de lei de diretrizes or\u00e7ament\u00e1rias. A Constitui\u00e7\u00e3o Federal disp\u00f5e que a sess\u00e3o legislativa n\u00e3o ser\u00e1 interrompida sem a aprova\u00e7\u00e3o da LDO.<\/p>\n<p>&nbsp;<\/p>\n<p>Resposta: Letra B<\/p>\n<p><strong>3- A ado\u00e7\u00e3o do or\u00e7amento participativo como instrumento de complementa\u00e7\u00e3o da democracia representativa proporciona \u00e0 sociedade<\/strong><\/p>\n<p><strong>a) gerir, ela pr\u00f3pria, os recursos destinados \u00e0 aplica\u00e7\u00e3o em investimentos e servi\u00e7os que beneficiam a sua regi\u00e3o.<\/strong><\/p>\n<p><strong>b) diminuir a for\u00e7a e o papel do legislativo na defini\u00e7\u00e3o das prioridades na aplica\u00e7\u00e3o dos recursos p\u00fablicos.<\/strong><\/p>\n<p><strong>c) submeter o governo \u00e0 vontade da sociedade na defini\u00e7\u00e3o das pol\u00edticas p\u00fablicas e prioridades na realiza\u00e7\u00e3o de investimentos.<\/strong><\/p>\n<p><strong>d) transferir do governo para a sociedade a responsabilidade pela gest\u00e3o dos bens p\u00fablicos de uso comum.<\/strong><\/p>\n<p><strong>e) definir prioridades de investimentos em obras e servi\u00e7os a serem realizados a cada ano com recursos do ente p\u00fablico.<\/strong><\/p>\n<p>&nbsp;<\/p>\n<p>No or\u00e7amento participativo, <strong>n\u00e3o<\/strong> h\u00e1 perda da participa\u00e7\u00e3o ou for\u00e7a do Legislativo (alternativa \u201cB\u201d) e nem diretamente de legitimidade. H\u00e1 um aperfei\u00e7oamento da etapa que se desenvolveria apenas no Executivo. No or\u00e7amento participativo, a comunidade \u00e9 considerada parceira do Executivo no processo or\u00e7ament\u00e1rio e <strong>n\u00e3o<\/strong> passa a gerir ela pr\u00f3pria os recursos (alternativa \u201cA\u201d), <strong>tampouco<\/strong> h\u00e1 a transfer\u00eancia de responsabilidades (alternativa \u201cD\u201d). A iniciativa das leis or\u00e7ament\u00e1rias \u00e9 do Poder Executivo. Assim, tal Poder deve ouvir a popula\u00e7\u00e3o, mas n\u00e3o \u00e9 obrigado a segui-las. Logo, <strong>n\u00e3o<\/strong> h\u00e1 submiss\u00e3o do governo \u00e0 vontade da sociedade (alternativa \u201cC\u201d).<\/p>\n<p>&nbsp;<\/p>\n<p>O or\u00e7amento participativo objetiva a participa\u00e7\u00e3o real da popula\u00e7\u00e3o no processo de elabora\u00e7\u00e3o e a aloca\u00e7\u00e3o dos recursos p\u00fablicos de forma eficiente e eficaz segundo as demandas sociais, o que pode ocorrer pela defini\u00e7\u00e3o de prioridades de investimentos em obras e servi\u00e7os a serem realizados a cada ano com recursos do ente p\u00fablico (alternativa \u201cE\u201d)<\/p>\n<p>&nbsp;<\/p>\n<p>Resposta: Letra E<\/p>\n<p><strong>4- O Relat\u00f3rio de Gest\u00e3o Fiscal de que trata a Lei Complementar n. 101\/2000 deve conter o comparativo com os limites definidos naquela Lei. Assinale a op\u00e7\u00e3o que indica um limite n\u00e3o exigido pela Lei.<\/strong><\/p>\n<p><strong>a) Opera\u00e7\u00f5es de cr\u00e9dito, inclusive por antecipa\u00e7\u00e3o de receita.<\/strong><\/p>\n<p><strong>b) D\u00edvida consolidada e mobili\u00e1ria.<\/strong><\/p>\n<p><strong>c) Investimentos financiados por opera\u00e7\u00f5es de cr\u00e9dito.<\/strong><\/p>\n<p><strong>d) Despesa total com pessoal.<\/strong><\/p>\n<p><strong>e) Concess\u00e3o de garantia.<\/strong><\/p>\n<p>&nbsp;<\/p>\n<p>O Relat\u00f3rio de Gest\u00e3o Fiscal conter\u00e1 comparativo com os limites de que trata a LRF, dos seguintes montantes:<\/p>\n<p>_ despesa total com pessoal, distinguindo a com inativos e pensionistas;<\/p>\n<p>d\u00edvidas consolidada e mobili\u00e1ria; concess\u00e3o de garantias; e opera\u00e7\u00f5es de cr\u00e9dito, inclusive por antecipa\u00e7\u00e3o de receita (tais demonstrativos estar\u00e3o apenas no RGF do _ Poder Executivo).<\/p>\n<p>&nbsp;<\/p>\n<p>Logo, n\u00e3o trata literalmente dos investimentos financiados por opera\u00e7\u00f5es de cr\u00e9dito.<\/p>\n<p>Resposta: Letra C<\/p>\n<p><strong>5- Assinale a op\u00e7\u00e3o incorreta a respeito do Relat\u00f3rio Resumido da Execu\u00e7\u00e3o Or\u00e7ament\u00e1ria de que trata o art. 52 da Lei Complementar n. 101\/2001.<\/strong><\/p>\n<p><strong>a) O prazo m\u00e1ximo para a sua publica\u00e7\u00e3o \u00e9 de 60 dias ap\u00f3s o encerramento de cada bimestre e de 30 dias quando se tratar do \u00faltimo bimestre do mandato do dirigente.<\/strong><\/p>\n<p><strong>b) As de despesas executadas devem ser demonstradas no Balan\u00e7o Or\u00e7amento por fun\u00e7\u00e3o e subfun\u00e7\u00e3o.<\/strong><\/p>\n<p><strong>c) Os restos a pagar devem figurar pelos valores inscritos, valores pagos e os saldos a pagar.<\/strong><\/p>\n<p><strong>d) O demonstrativo da apura\u00e7\u00e3o da receita corrente l\u00edquida deve evidenciar a sua evolu\u00e7\u00e3o, bem como a previs\u00e3o de desempenho at\u00e9 o final do exerc\u00edcio.<\/strong><\/p>\n<p><strong>e) Quando houver limita\u00e7\u00e3o de empenho no exerc\u00edcio, devem ser apresentadas justificativas para tal fato. <\/strong><\/p>\n<p><strong>\u00a0<\/strong><\/p>\n<p>a) \u00c9 a incorreta. O Poder Executivo publicar\u00e1, at\u00e9 <strong>30<\/strong> dias ap\u00f3s o encerramento de cada bimestre, relat\u00f3rio resumido da execu\u00e7\u00e3o or\u00e7ament\u00e1ria \u2013 RREO.<\/p>\n<p><strong>\u00a0<\/strong><\/p>\n<p>b) Correta. O RREO ser\u00e1 composto, entre outros, de demonstrativos da execu\u00e7\u00e3o das despesas, por fun\u00e7\u00e3o e subfun\u00e7\u00e3o.<\/p>\n<p><strong>\u00a0<\/strong><\/p>\n<p>c) e d) Corretas. Acompanhar\u00e3o o RREO demonstrativos, entre outros, relativos a apura\u00e7\u00e3o da receita corrente l\u00edquida e sua evolu\u00e7\u00e3o, assim como a previs\u00e3o de seu desempenho at\u00e9 o final do exerc\u00edcio, bem como de Restos a Pagar, detalhando, por Poder e \u00f3rg\u00e3o, os valores inscritos, os pagamentos realizados e o montante a pagar.<\/p>\n<p>&nbsp;<\/p>\n<p>e) Correta. Quando for o caso, ser\u00e3o apresentadas justificativas da limita\u00e7\u00e3o de empenho e da frustra\u00e7\u00e3o de receitas, especificando as medidas de combate \u00e0 sonega\u00e7\u00e3o e \u00e0 evas\u00e3o fiscal, adotadas e a adotar, e as a\u00e7\u00f5es de fiscaliza\u00e7\u00e3o e cobran\u00e7a.<\/p>\n<p>&nbsp;<\/p>\n<p>Resposta: Letra A<\/p>\n<p>&nbsp;<\/p>\n<p><strong>\u00a0<\/strong><\/p>\n<p><strong>6- Assinale a op\u00e7\u00e3o incorreta a respeito do conte\u00fado e finalidade do Relat\u00f3rio de Avalia\u00e7\u00e3o do Cumprimento das Metas Fiscais de que tratam a Lei Complementar n.101\/2000 e a Lei n. 13.080\/2014 (LDO 2015).<\/strong><\/p>\n<p><strong>a) Devem ser apresentadas no relat\u00f3rio as justificativas para os desvios observados em rela\u00e7\u00e3o \u00e0s proje\u00e7\u00f5es realizadas.<\/strong><\/p>\n<p><strong>b) \u00c9 de responsabilidade do Minist\u00e9rio do Planejamento manter atualizado na internet demonstrativo bimestral com os montantes aprovados e os valores da limita\u00e7\u00e3o de empenho e movimenta\u00e7\u00e3o financeira por unidade or\u00e7ament\u00e1ria.<\/strong><\/p>\n<p><strong>c) Pode ocorrer o restabelecimento da limita\u00e7\u00e3o de empenho a qualquer tempo, devendo e relat\u00f3rio que autoriza tal a\u00e7\u00e3o ser divulgado na internet e encaminhado ao Congresso Nacional.<\/strong><\/p>\n<p><strong>d) A necessidade de limita\u00e7\u00e3o de empenho identificada fora da avalia\u00e7\u00e3o bimestral aplica-se somente ao Poder Executivo.<\/strong><\/p>\n<p><strong>e) O Relat\u00f3rio deve ser divulgado na internet e encaminhado ao Congresso Nacional para aprecia\u00e7\u00e3o da Comiss\u00e3o Mista prevista no art. 166 da Constitui\u00e7\u00e3o Federal.<\/strong><\/p>\n<p>&nbsp;<\/p>\n<p>Quest\u00e3o baseada na letra fria da LDO-2015.<\/p>\n<p>&nbsp;<\/p>\n<p>Na alternativa \u201cB\u201d, os <strong>\u00f3rg\u00e3os setoriais de planejamento e or\u00e7amento ou equivalentes<\/strong> manter\u00e3o atualizado no respectivo s\u00edtio da\u00a0internet\u00a0demonstrativo bimestral com os montantes aprovados e os valores da limita\u00e7\u00e3o de empenho e movimenta\u00e7\u00e3o financeira por unidade or\u00e7ament\u00e1ria.<\/p>\n<p>As demais alternativas est\u00e3o corretas.<\/p>\n<p>Resposta: Letra B<\/p>\n<p><strong>7- A respeito dos conceitos or\u00e7amento impositivo <em>versus <\/em>or\u00e7amento autorizativo e das pr\u00e1ticas observadas na elabora\u00e7\u00e3o e execu\u00e7\u00e3o do or\u00e7amento no Brasil em anos recentes, \u00e9 correto afirmar, exceto:<\/strong><\/p>\n<p><strong>a) existe um rol de despesas que as leis e a Constitui\u00e7\u00e3o Federal definem como obrigat\u00f3rias.<\/strong><\/p>\n<p><strong>b) restos a pagar n\u00e3o processados podem ser prorrogados para al\u00e9m do exerc\u00edcio subsequente ao exerc\u00edcio de sua inscri\u00e7\u00e3o.<\/strong><\/p>\n<p><strong>c) a Emenda Constitucional 86\/2015 tornou obrigat\u00f3ria a execu\u00e7\u00e3o de todo o or\u00e7amento aprovado no \u00e2mbito do Poder Executivo.<\/strong><\/p>\n<p><strong>d) as transfer\u00eancias constitucionais n\u00e3o podem ser objeto de limita\u00e7\u00e3o de empenhos determinados pela Lei de Responsabilidade Fiscal.<\/strong><\/p>\n<p><strong>e) a emiss\u00e3o da nota de empenho por unidade gestora n\u00e3o garante a realiza\u00e7\u00e3o da despesa, uma vez que pode ser anulado.<\/strong><\/p>\n<p>&nbsp;<\/p>\n<p>Quest\u00e3o que mistura diversos t\u00f3picos da mat\u00e9ria.<\/p>\n<p>&nbsp;<\/p>\n<p>a) Correta. Apesar de a veda\u00e7\u00e3o \u00e0 vincula\u00e7\u00e3o de receitas abranger apenas os impostos, os demais tributos s\u00e3o vinculados pela sua pr\u00f3pria natureza. Mesmo em rela\u00e7\u00e3o aos impostos, h\u00e1 v\u00e1rias exce\u00e7\u00f5es constitucionais que acarretam em mais vincula\u00e7\u00f5es. H\u00e1, ainda, as despesas obrigat\u00f3rias, que tamb\u00e9m acabam por vincular o or\u00e7amento, porque n\u00e3o se pode deixar de execut\u00e1-las, como acontece com o pagamento de pessoal, por exemplo. Isso tudo diminui a capacidade de discricionariedade do gestor p\u00fablico, engessando o or\u00e7amento.<\/p>\n<p>&nbsp;<\/p>\n<p>b) Correta. Como regra geral, os restos a pagar inscritos na condi\u00e7\u00e3o de n\u00e3o processados e n\u00e3o liquidados posteriormente ter\u00e3o validade at\u00e9 30 de junho do segundo ano subsequente ao de sua inscri\u00e7\u00e3o.<\/p>\n<p>&nbsp;<\/p>\n<p>c) \u00c9 a incorreta. A Emenda Constitucional n\u00ba 86, de 17 de mar\u00e7o de 2015, alterou os arts. 165, 166 e 198 da Constitui\u00e7\u00e3o Federal, para tornar obrigat\u00f3ria a execu\u00e7\u00e3o da programa\u00e7\u00e3o or\u00e7ament\u00e1ria que especifica: <strong>emendas parlamentares individuais \u00e0 lei or\u00e7ament\u00e1ria anual<\/strong>. A EC 86\/2015 recebeu o apelido de EC do Or\u00e7amento Impositivo. Na verdade, \u00e9 apenas uma pequena parte da dota\u00e7\u00e3o da Lei Or\u00e7ament\u00e1ria Anual que passou a ser de execu\u00e7\u00e3o obrigat\u00f3ria (impositiva). Trata-se um or\u00e7amento impositivo com \u201cjeitinho brasileiro\u201d. Foi aprovada uma EC que obriga o Poder executivo a cumprir as emendas individuais parlamentares, enquanto que o conceito de or\u00e7amento impositivo tradicionalmente est\u00e1 relacionado a aprova\u00e7\u00e3o de uma norma que obriga o Poder Executivo a cumprir as leis or\u00e7ament\u00e1rias de maneira bem mais ampla.<\/p>\n<p>&nbsp;<\/p>\n<p>d) Correta.\u00a0N\u00e3o ser\u00e3o objeto de limita\u00e7\u00e3o de empenho as despesas que constituam obriga\u00e7\u00f5es constitucionais e legais do ente, inclusive aquelas destinadas ao pagamento do servi\u00e7o da d\u00edvida, e as ressalvadas pela lei de diretrizes or\u00e7ament\u00e1rias.<\/p>\n<p>&nbsp;<\/p>\n<p>e) Correta. Um empenho pode ser anulado. Caso o valor do empenho exceda o montante da despesa realizada, o empenho dever\u00e1 ser anulado parcialmente. O empenho dever\u00e1 ser totalmente anulado quando tiver sido emitido incorretamente ou quando o objeto do contrato n\u00e3o tiver sido cumprido.<\/p>\n<p>&nbsp;<\/p>\n<p>Resposta: Letra C<\/p>\n<p><strong>8- A principal caracter\u00edstica que diferencia receitas correntes de receitas de capital \u00e9:<\/strong><\/p>\n<p><strong>a) as receitas correntes destinam-se ao financiamento das despesas correntes enquanto as receitas de capital financiam as despesas de capital.<\/strong><\/p>\n<p><strong>b) as receitas correntes decorrem do poder de tributa\u00e7\u00e3o do Estado enquanto as receitas de capital decorrem das atividades operacionais.<\/strong><\/p>\n<p><strong>c) ambas, quando presentes no or\u00e7amento da entidade, demonstram a capacidade da institui\u00e7\u00e3o em arrecadar tributos e realizar a presta\u00e7\u00e3o de servi\u00e7os n\u00e3o financeiros. <\/strong><\/p>\n<p><strong>d) em ambas as receitas o aumento da disponibilidade financeira do ente arrecadador est\u00e1 condicionado \u00e0 destina\u00e7\u00e3o que se dar\u00e1 aos recursos.<\/strong><\/p>\n<p><strong>e) ambas t\u00eam o poder de aumentar a disponibilidade financeira do Estado, por\u00e9m, as receitas de capital, na sua maioria, n\u00e3o provocam efeitos sobre o patrim\u00f4nio l\u00edquido.<\/strong><\/p>\n<p>&nbsp;<\/p>\n<p>Em geral, as receitas de capital s\u00e3o representadas por muta\u00e7\u00f5es patrimoniais que nada acrescentam ao patrim\u00f4nio p\u00fablico, s\u00f3 ocorrendo uma troca de elementos patrimoniais, isto \u00e9, um aumento no sistema financeiro (entrada de recursos financeiros) e uma baixa no sistema patrimonial (sa\u00edda do patrim\u00f4nio em troca de recursos financeiros).<\/p>\n<p>Resposta: Letra E<\/p>\n<p><strong>9- Sobre os limites em rela\u00e7\u00e3o \u00e0 receita corrente l\u00edquida para os gastos com pessoal no \u00e2mbito federal estabelecidos pela Lei Complementar n. 101\/2000, \u00e9 correto afirmar, exceto:<\/strong><\/p>\n<p><strong>a) 3% (tr\u00eas por cento) para o Poder Legislativo incluindo o Tribunal de Contas da Uni\u00e3o.<\/strong><\/p>\n<p><strong>b) 3% (tr\u00eas por cento) para custeio de despesas do Distrito Federal e dos ex-territ\u00f3rios.<\/strong><\/p>\n<p><strong>c) 0,6% (seis d\u00e9cimos por cento) para o Minist\u00e9rio P\u00fablico Federal.<br \/>\nd) 6% (seis por cento) para o Poder Judici\u00e1rio.<\/strong><\/p>\n<p><strong>e) 37,9% (trinta e sete inteiros e nove d\u00e9cimos por cento) para o Poder Executivo.<\/strong><\/p>\n<p>&nbsp;<\/p>\n<p><strong>Cabe recurso!<\/strong><\/p>\n<p>&nbsp;<\/p>\n<p>A reparti\u00e7\u00e3o dos limites globais n\u00e3o poder\u00e1 exceder os seguintes percentuais na esfera federal:<\/p>\n<p>_ <strong>2,5%<\/strong> para o Legislativo, inclu\u00eddo o Tribunal de Contas da Uni\u00e3o (alternativa \u201cA\u201d).<\/p>\n<p>_ 6% para o Judici\u00e1rio (alternativa \u201cD\u201d)<\/p>\n<p>_ 40,9% para o Executivo, destacando-se 3% para as despesas do DF e ex-territ\u00f3rios (alternativas \u201cB\u201d e \u201cE\u201d, sendo que o examinador descontou os 3% na alternativa &#8220;E&#8221;, o que j\u00e1 deixou a quest\u00e3o estranha).<\/p>\n<p>_ 0,6% para o Minist\u00e9rio P\u00fablico da <strong>Uni\u00e3o<\/strong> (alternativa \u201cC\u201d).<\/p>\n<p>&nbsp;<\/p>\n<p>O MPF \u00e9 um ramo\u00a0do MPU. Se o MPF pudesse utilizar 0,6% da RCL, n\u00e3o sobraria nada para os demais ramos do MPU.<\/p>\n<p>Gabarito da Banca: Letra A<\/p>\n<p><strong>Resposta: Letras A e C incorretas, portanto deveria ser anulada.<\/strong><\/p>\n<p>&nbsp;<\/p>\n<p><strong>10- Em rela\u00e7\u00e3o \u00e0s atribui\u00e7\u00f5es e funcionamento dos \u00f3rg\u00e3os central e setoriais do Sistema de Planejamento e Or\u00e7amento Federal, \u00e9 correto afirmar:<\/strong><\/p>\n<p><strong>a) o \u00f3rg\u00e3o central do sistema, nesta condi\u00e7\u00e3o, subordina os setoriais dos demais Poderes em raz\u00e3o da necessidade de coordena\u00e7\u00e3o definida pela Constitui\u00e7\u00e3o Federal.<\/strong><\/p>\n<p><strong>b) os \u00f3rg\u00e3os setoriais e espec\u00edficos est\u00e3o sujeitos \u00e0 orienta\u00e7\u00e3o normativa do \u00f3rg\u00e3o central do sistema sem preju\u00edzo da subordina\u00e7\u00e3o ao \u00f3rg\u00e3o a qual pertencem.<\/strong><\/p>\n<p><strong>c) os \u00f3rg\u00e3os integrantes da Presid\u00eancia da Rep\u00fablica, em raz\u00e3o da sua import\u00e2ncia estrat\u00e9gica, possuem cada um o seu pr\u00f3prio \u00f3rg\u00e3o setorial.<\/strong><\/p>\n<p><strong>d) os \u00f3rg\u00e3os setoriais s\u00e3o as unidades de planejamento, or\u00e7amento e finan\u00e7as dos Minist\u00e9rios, da Advocacia Geral da Uni\u00e3o, da Vice-Presid\u00eancia e da Casa Civil da Presid\u00eancia da Rep\u00fablica.<\/strong><\/p>\n<p><strong>e) os \u00f3rg\u00e3os integrantes do Sistema de Planejamento t\u00eam compet\u00eancia exclusiva para realizar a avalia\u00e7\u00e3o dos planos e programas no \u00e2mbito da Administra\u00e7\u00e3o P\u00fablica Federal.<\/strong><\/p>\n<p>&nbsp;<\/p>\n<p>Quest\u00e3o baseada na Lei 10.180\/2001.<\/p>\n<p>&nbsp;<\/p>\n<p>a) Errada. Sem preju\u00edzo das compet\u00eancias constitucionais e legais de outros Poderes, as unidades respons\u00e1veis pelos seus or\u00e7amentos ficam sujeitas \u00e0 <strong>orienta\u00e7\u00e3o normativa<\/strong> do \u00f3rg\u00e3o central do Sistema (art. 5\u00ba).<\/p>\n<p>&nbsp;<\/p>\n<p>b) Correta. Os \u00f3rg\u00e3os setoriais e espec\u00edficos ficam sujeitos \u00e0 orienta\u00e7\u00e3o normativa e \u00e0 supervis\u00e3o t\u00e9cnica do \u00f3rg\u00e3o central do Sistema, sem preju\u00edzo da subordina\u00e7\u00e3o ao \u00f3rg\u00e3o em cuja estrutura administrativa estiverem integrados (art. 4\u00ba, \u00a7 3\u00ba).<\/p>\n<p>&nbsp;<\/p>\n<p>c) Errada. Pelo contr\u00e1rio.\u00a0O \u00f3rg\u00e3o setorial da Casa Civil da Presid\u00eancia da Rep\u00fablica tem como \u00e1rea de atua\u00e7\u00e3o <strong>todos os \u00f3rg\u00e3os integrantes da Presid\u00eancia da Rep\u00fablica<\/strong>, ressalvados outros determinados em legisla\u00e7\u00e3o espec\u00edfica (art. 4\u00ba, \u00a7 5\u00ba).<\/p>\n<p>&nbsp;<\/p>\n<p>d) Errada. Os \u00f3rg\u00e3os setoriais s\u00e3o as unidades de <strong>planejamento e or\u00e7amento<\/strong> dos Minist\u00e9rios, da Advocacia-Geral da Uni\u00e3o, da Vice-Presid\u00eancia e da Casa Civil da Presid\u00eancia da Rep\u00fablica (art. 4\u00ba, \u00a7 1\u00ba).<\/p>\n<p>&nbsp;<\/p>\n<p>e) Errada. <strong>Sem preju\u00edzo das compet\u00eancias constitucionais e legais de outros Poderes e \u00f3rg\u00e3os da Administra\u00e7\u00e3o P\u00fablica Federal<\/strong>, os \u00f3rg\u00e3os integrantes do Sistema de Planejamento e de Or\u00e7amento Federal e as unidades respons\u00e1veis pelo planejamento e or\u00e7amento dos demais Poderes realizar\u00e3o o acompanhamento e a avalia\u00e7\u00e3o dos planos e programas respectivos (art. 6\u00ba).<\/p>\n<p>&nbsp;<\/p>\n<p>Resposta: Letra B<\/p>\n<p><strong>11- Assinale a op\u00e7\u00e3o incorreta a respeito da gest\u00e3o e uso da receita e da realiza\u00e7\u00e3o da despesa or\u00e7ament\u00e1ria da Uni\u00e3o.<\/strong><\/p>\n<p><strong>a) A reabertura dos cr\u00e9ditos especiais abertos no exerc\u00edcio anterior est\u00e1 condicionada \u00e0 exist\u00eancia de saldos ainda n\u00e3o aplicados e a data de abertura dos mesmos.<\/strong><\/p>\n<p><strong>b) A descentraliza\u00e7\u00e3o de cr\u00e9ditos constitui-se no poder que uma unidade or\u00e7ament\u00e1ria ou administrativa d\u00e1 a outra para utilizar os cr\u00e9ditos que est\u00e3o sob a sua supervis\u00e3o.<\/strong><\/p>\n<p><strong>c) O pr\u00e9-empenho, embora provoque o bloqueio do cr\u00e9dito or\u00e7ament\u00e1rio, n\u00e3o tem os mesmos efeitos jur\u00eddicos do empenho da despesa.<\/strong><\/p>\n<p><strong>d) Os limites para a movimenta\u00e7\u00e3o e empenho dos cr\u00e9ditos consignados no or\u00e7amento do Poder Executivo s\u00e3o definidos no Decreto de Programa\u00e7\u00e3o<br \/>\n<\/strong><\/p>\n<p><strong>e) O Empenho na modalidade global destina-se \u00e0 realiza\u00e7\u00e3o de despesa cujo montante \u00e9 previamente conhecido e o pagamento \u00e9 realizado de uma s\u00f3 vez.<\/strong><\/p>\n<p>&nbsp;<\/p>\n<p>Quest\u00e3o que mistura diversos t\u00f3picos da mat\u00e9ria.<\/p>\n<p>&nbsp;<\/p>\n<p>a) Correta. A reabertura dos cr\u00e9ditos especiais abertos no exerc\u00edcio anterior est\u00e1 condicionada \u00e0 exist\u00eancia de saldos ainda n\u00e3o aplicados, ou seja, se os cr\u00e9ditos forem integralmente utilizados n\u00e3o h\u00e1 como serem reabertos; bem como \u00e0 data de abertura dos mesmos, a qual deve ter ocorrido nos \u00faltimos quatro meses do exerc\u00edcio.<\/p>\n<p>&nbsp;<\/p>\n<p>b) Correta. A descentraliza\u00e7\u00e3o de cr\u00e9ditos constitui-se no poder que uma unidade or\u00e7ament\u00e1ria ou administrativa d\u00e1 a outra para utilizar os cr\u00e9ditos que est\u00e3o sob a sua supervis\u00e3o. Na descentraliza\u00e7\u00e3o, as dota\u00e7\u00f5es ser\u00e3o empregadas obrigat\u00f3ria e integralmente na consecu\u00e7\u00e3o do objetivo previsto pelo programa de trabalho pertinente, respeitadas fielmente a classifica\u00e7\u00e3o funcional e a estrutura program\u00e1tica. Portanto, a \u00fanica diferen\u00e7a \u00e9 que a execu\u00e7\u00e3o da despesa or\u00e7ament\u00e1ria ser\u00e1 realizada por outro \u00f3rg\u00e3o ou entidade.<\/p>\n<p>&nbsp;<\/p>\n<p>c) Correta. O pr\u00e9-empenho \u00e9 apenas uma reserva de dota\u00e7\u00e3o or\u00e7ament\u00e1ria. J\u00e1 o empenho importa deduzir seu valor de dota\u00e7\u00e3o adequada \u00e0 despesa a realizar, por for\u00e7a do compromisso assumido.<\/p>\n<p>&nbsp;<\/p>\n<p>d) Correta. Os limites para a movimenta\u00e7\u00e3o e empenho dos cr\u00e9ditos consignados no or\u00e7amento do Poder Executivo s\u00e3o definidos no Decreto de Programa\u00e7\u00e3o<br \/>\nFinanceira, mais conhecido como \u201cDecreto de Contingenciamento\u201d.<\/p>\n<p>&nbsp;<\/p>\n<p>e) \u00c9 a incorreta. O Empenho na modalidade <strong>ordin\u00e1ria<\/strong> destina-se \u00e0 realiza\u00e7\u00e3o de despesa cujo montante \u00e9 previamente conhecido e o pagamento \u00e9 realizado de uma s\u00f3 vez. O empenho global destina-se a despesas contratuais e outras sujeitas a <strong>parcelamento<\/strong>.<\/p>\n<p>&nbsp;<\/p>\n<p>Resposta: Letra E<\/p>\n<p><strong>12- Assinale a op\u00e7\u00e3o que indica uma finalidade que n\u00e3o pertence ao Sistema de Planejamento e Or\u00e7amento Federal.<\/strong><\/p>\n<p><strong>a) Gerenciar o processo de planejamento e or\u00e7amento federal.<\/strong><\/p>\n<p><strong>b) Formular planos nacionais, setoriais e regionais de desenvolvimento econ\u00f4mico e social.<\/strong><\/p>\n<p><strong>c) Formular o planejamento estrat\u00e9gico nacional.<\/strong><\/p>\n<p><strong>d) Supervisionar a execu\u00e7\u00e3o, pelos demais entes da federa\u00e7\u00e3o, de planos nacionais em que a participa\u00e7\u00e3o desses entes seja determinada por lei.<\/strong><\/p>\n<p><strong>e) Promover a articula\u00e7\u00e3o com os Estados, o Distrito Federal e os Munic\u00edpios, visando a compatibiliza\u00e7\u00e3o de normas e tarefas afins aos diversos Sistemas.<\/strong><\/p>\n<p>&nbsp;<\/p>\n<p>O Sistema de Planejamento e de Or\u00e7amento Federal tem por finalidade (art. 2\u00ba da Lei 10.180\/2001):<\/p>\n<p>I &#8211; formular o planejamento estrat\u00e9gico nacional (alternativa \u201cC\u201d);<\/p>\n<p>II &#8211; formular planos nacionais, setoriais e regionais de desenvolvimento econ\u00f4mico e social (alternativa \u201cB\u201d);<\/p>\n<p>III &#8211; formular o plano plurianual, as diretrizes or\u00e7ament\u00e1rias e os or\u00e7amentos anuais;<\/p>\n<p>IV &#8211; gerenciar o processo de planejamento e or\u00e7amento federal (alternativa \u201cA\u201d);<\/p>\n<p>V &#8211; promover a articula\u00e7\u00e3o com os Estados, o Distrito Federal e os Munic\u00edpios, visando a compatibiliza\u00e7\u00e3o de normas e tarefas afins aos diversos Sistemas, nos planos federal, estadual, distrital e municipal (alternativa \u201cE\u201d).<\/p>\n<p>&nbsp;<\/p>\n<p>Logo, <strong>n\u00e3o<\/strong> h\u00e1 a finalidade de supervisionar a execu\u00e7\u00e3o, pelos demais entes da federa\u00e7\u00e3o, de planos nacionais em que a participa\u00e7\u00e3o desses entes seja determinada por lei.<\/p>\n<p>Resposta: Letra D<\/p>\n<p>&nbsp;<\/p>\n<p>&nbsp;<\/p>\n<p><strong>13- Sobre a gest\u00e3o das disponibilidades de caixa do Tesouro Nacional, de que trata o art. 164, \u00a7 3\u00ba da Constitui\u00e7\u00e3o Federal (Conta \u00danica), \u00e9 correto afirmar, exceto:<\/strong><\/p>\n<p><strong>a) a movimenta\u00e7\u00e3o de recursos da Conta \u00danica \u00e9 efetuada mediante documentos, tais como Ordem Banc\u00e1ria <\/strong><strong>\u2500<\/strong><strong> OB, Guia de Recolhimento da Uni\u00e3o <\/strong><strong>\u2500<\/strong><strong> GRU, GPS \u2013 Eletr\u00f4nica, Nota de Sistema <\/strong><strong>\u2500<\/strong><strong> NS ou Nota de Lan\u00e7amento <\/strong><strong>\u2500<\/strong><strong> NL, de acordo com as respectivas finalidades.<\/strong><\/p>\n<p><strong>b) a Conta \u00danica do Tesouro tem por finalidade acolher as disponibilidades financeiras da Uni\u00e3o a serem movimentadas pelas Unidades Gestoras da<br \/>\nAdministra\u00e7\u00e3o Federal.<\/strong><\/p>\n<p><strong>c) as Unidades Gestoras da Administra\u00e7\u00e3o Direta e Indireta est\u00e3o autorizadas a fazer aplica\u00e7\u00f5es financeiras via a Conta \u00danica desde que as receitas obtidas sejam utilizadas na execu\u00e7\u00e3o das pol\u00edticas p\u00fablicas a seu cargo.<\/strong><\/p>\n<p><strong>d) as Ordens Banc\u00e1rias para movimenta\u00e7\u00e3o da Conta \u00danica n\u00e3o necessitam ser impressas, exce\u00e7\u00e3o feita \u00e0s modalidades Ordem Banc\u00e1ria de Pagamento \u2013 OBP, Ordem Banc\u00e1ria de C\u00e2mbio &#8211; OBK, Ordem Banc\u00e1ria Judicial \u2013 OBJ e Ordem Banc\u00e1ria para pagamentos da STN \u2013 OBSTN.<\/strong><\/p>\n<p><strong>e) a operacionaliza\u00e7\u00e3o da Conta \u00danica do Tesouro Nacional ser\u00e1 efetuada por interm\u00e9dio do Banco do Brasil, ou, excepcionalmente, por outros agentes financeiros autorizados pelo Minist\u00e9rio da Fazenda.<\/strong><\/p>\n<p>&nbsp;<\/p>\n<p>Na alternativa \u201cC\u201d, somente poder\u00e3o efetuar aplica\u00e7\u00f5es financeiras na Conta \u00danica do Tesouro Nacional <strong>as entidades que contarem com autoriza\u00e7\u00e3o espec\u00edfica em lei<\/strong>, <strong>n\u00e3o se admitindo aplica\u00e7\u00f5es de entidades n\u00e3o integrantes do or\u00e7amento fiscal e da seguridade social<\/strong>.<\/p>\n<p>As demais alternativas est\u00e3o corretas.<\/p>\n<p>Resposta: Letra C<\/p>\n<p><strong>14- A respeito da integra\u00e7\u00e3o entre a origem e a destina\u00e7\u00e3o dos recursos arrecadados pelo Estado no processo or\u00e7ament\u00e1rio federal, \u00e9 correto afirmar:<\/strong><\/p>\n<p><strong>a) a natureza de receita or\u00e7ament\u00e1ria busca identificar a origem do recurso segundo seu fato gerador enquanto a fonte\/destina\u00e7\u00e3o de recursos possui a finalidade de identificar o destino da sua aplica\u00e7\u00e3o.<\/strong><\/p>\n<p><strong>b) a fonte\/destina\u00e7\u00e3o indica a origem dos recursos segundo seu agente financiador enquanto a natureza da despesa or\u00e7ament\u00e1ria possui finalidade prec\u00edpua de indicar a classifica\u00e7\u00e3o econ\u00f4mica do gasto.<\/strong><\/p>\n<p><strong>c) a natureza da receita or\u00e7ament\u00e1ria busca identificar a origem dos recursos segundo o fato de natureza tribut\u00e1ria enquanto a fonte\/destina\u00e7\u00e3o indica a institui\u00e7\u00e3o respons\u00e1vel pela aplica\u00e7\u00e3o.<\/strong><\/p>\n<p><strong>d) a natureza de receita or\u00e7ament\u00e1ria vincula os recursos ao fato gerador enquanto a fun\u00e7\u00e3o, o programa de governo e a fonte\/destina\u00e7\u00e3o indicam as \u00e1reas em que devem ser aplicados.<\/strong><\/p>\n<p><strong>e) a fonte\/destina\u00e7\u00e3o vincula os recursos \u00e0s \u00e1reas de atua\u00e7\u00e3o do Estado enquanto a natureza da receita or\u00e7ament\u00e1ria vincula os fatos geradores ao setor produtivo do qual prov\u00eam os recursos.<\/strong><\/p>\n<p>&nbsp;<\/p>\n<p>As naturezas de receitas or\u00e7ament\u00e1rias procuram refletir o fato gerador que ocasionou o ingresso dos recursos aos cofres p\u00fablicos. J\u00e1 a classifica\u00e7\u00e3o por fontes evidencia sua aplica\u00e7\u00e3o segundo a determina\u00e7\u00e3o legal, sendo, ao mesmo tempo, uma classifica\u00e7\u00e3o da receita e da despesa.<\/p>\n<p>Como mecanismo integrador entre a receita e a despesa, o c\u00f3digo de destina\u00e7\u00e3o\/fonte de recursos exerce um duplo papel na execu\u00e7\u00e3o or\u00e7ament\u00e1ria. Para a receita or\u00e7ament\u00e1ria, esse c\u00f3digo tem a finalidade de indicar a destina\u00e7\u00e3o de recursos para a realiza\u00e7\u00e3o de determinadas despesas or\u00e7ament\u00e1rias. Para a despesa or\u00e7ament\u00e1ria, identifica a origem dos recursos que est\u00e3o sendo utilizados.<\/p>\n<p>Resposta: Letra A<\/p>\n<p><strong>15- A realiza\u00e7\u00e3o de despesa por interm\u00e9dio de Suprimento de Fundos de que trata o art. 68 da Lei n. 4.320\/64 tem as seguintes caracter\u00edsticas, exceto:<\/strong><\/p>\n<p><strong>a) os recursos devem ser movimentados por meio do Cart\u00e3o de Pagamento do Governo Federal e excepcionalmente por meio de conta banc\u00e1ria.<\/strong><\/p>\n<p><strong>b) quando a aplica\u00e7\u00e3o do suprimento de fundos se der por meio do Cart\u00e3o de Pagamento do Governo Federal, \u00e9 expressamente proibida a realiza\u00e7\u00e3o de saques em esp\u00e9cie.<\/strong><\/p>\n<p><strong>c) a omiss\u00e3o da presta\u00e7\u00e3o de contas pelo agente suprido, ap\u00f3s decorrido o prazo estabelecido em notifica\u00e7\u00e3o, poder\u00e1 ensejar o desconto da import\u00e2ncia devida em folha de pagamento.<\/strong><\/p>\n<p><strong>d) mesmo sendo de pequeno vulto, as compras que apresentam car\u00e1ter repetitivo realizadas mediante suprimento de fundos caracterizam-se como fracionamento de despesa.<\/strong><\/p>\n<p><strong>e) despesas de car\u00e1ter sigiloso podem ser realizadas mediante suprimento de fundos, desde que haja regramento para esse fim.<\/strong><\/p>\n<p>&nbsp;<\/p>\n<p>Na alternativa \u201cB\u201d, \u00e9 <strong>vedada<\/strong> a utiliza\u00e7\u00e3o do CPGF na modalidade de saque, <strong>exceto<\/strong> no tocante \u00e0s despesas:<\/p>\n<p>_ De que trata o art. 47, ou seja, decorrente de Regime Especial de Execu\u00e7\u00e3o estabelecido em instru\u00e7\u00f5es aprovadas pelos respectivos Ministros de Estado, vedada a delega\u00e7\u00e3o de compet\u00eancia.<\/p>\n<p>_ Decorrentes de situa\u00e7\u00f5es espec\u00edficas do \u00f3rg\u00e3o ou entidade, nos termos do autorizado em portaria pelo Ministro de Estado competente e nunca superior a 30% do total da despesa anual do \u00f3rg\u00e3o ou entidade efetuada com suprimento de fundos.<\/p>\n<p>_ Decorrentes de situa\u00e7\u00f5es espec\u00edficas da ag\u00eancia reguladora, nos termos do autorizado em portaria pelo seu dirigente m\u00e1ximo e nunca superior a 30% do total da despesa anual da ag\u00eancia efetuada com suprimento de fundos.<\/p>\n<p>&nbsp;<\/p>\n<p>Logo, <strong>n\u00e3o<\/strong> \u00e9 expressamente proibido o saque, pois h\u00e1 exce\u00e7\u00f5es.<\/p>\n<p>As demais alternativas est\u00e3o corretas.<\/p>\n<p>Resposta: Letra B<\/p>\n<p>&nbsp;<\/p>\n<p>Forte abra\u00e7o!<\/p>\n<p>S\u00e9rgio Mendes<\/p>\n<p>.<\/p>\n<p>Fa\u00e7a um curso\u00a0online espec\u00edfico para o seu concurso:\u00a0<a href=\"http:\/\/www.estrategiaconcursos.com.br\/cursosPorProfessor\/sergio-mendes-3000\/\">http:\/\/www.estrategiaconcursos.com.br\/cursosPorProfessor\/sergio-mendes-3000\/<\/a><\/p>\n<p>.<\/p>\n<p>Quer uma prepara\u00e7\u00e3o mais geral para diversos concursos? Fa\u00e7a o curso regular de Administra\u00e7\u00e3o Financeira e Or\u00e7ament\u00e1ria e Lei de Responsabilidade Fiscal:<\/p>\n<p><a href=\"https:\/\/www.estrategiaconcursos.com.br\/curso\/curso-regular-de-administracao-financeira-e-orcamentaria-e-lei-de-resp-fiscal-com-videoaulas-6129\/\">https:\/\/www.estrategiaconcursos.com.br\/curso\/curso-regular-de-administracao-financeira-e-orcamentaria-e-lei-de-resp-fiscal-com-videoaulas-6129\/<\/a><\/p>\n<p style=\"text-align: justify\">\n","protected":false},"excerpt":{"rendered":"<p>Ol\u00e1 amigos! Como \u00e9 bom estar aqui! &nbsp; Segue a prova comentada de Or\u00e7amento Governamental para Analista de Planejamento e Or\u00e7amento de 2015. Banca: ESAF. &nbsp; 1- A classifica\u00e7\u00e3o funcional da despesa procura responder basicamente \u00e0 seguinte indaga\u00e7\u00e3o: a) de que forma os recursos p\u00fablicos ser\u00e3o aplicados. b) em que \u00e1rea territorial ser\u00e3o aplicados os [&hellip;]<\/p>\n","protected":false},"author":29,"featured_media":0,"comment_status":"open","ping_status":"open","sticky":false,"template":"","format":"standard","meta":{"post_tipo":"article","footnotes":""},"categories":[],"tags":[785,1030],"tax_estado":[],"class_list":["post-27811","post","type-post","status-publish","format-standard","hentry","tag-apo-mpog","tag-orcamento-governamental"],"acf":[],"yoast_head":"<!-- This site is optimized with the Yoast SEO Premium plugin v27.2 (Yoast SEO v27.2) - https:\/\/yoast.com\/product\/yoast-seo-premium-wordpress\/ -->\n<title>Prova comentada APO - 2015 - Or\u00e7amento Governamental<\/title>\n<meta name=\"robots\" content=\"index, follow, max-snippet:-1, max-image-preview:large, max-video-preview:-1\" \/>\n<link rel=\"canonical\" href=\"https:\/\/www.estrategiaconcursos.com.br\/blog\/prova-comentada-apo-2015-orcamento-governamental\/\" \/>\n<meta property=\"og:locale\" content=\"pt_BR\" \/>\n<meta property=\"og:type\" content=\"article\" \/>\n<meta property=\"og:title\" content=\"Prova comentada APO - 2015 - Or\u00e7amento Governamental\" \/>\n<meta property=\"og:description\" content=\"Ol\u00e1 amigos! Como \u00e9 bom estar aqui! &nbsp; Segue a prova comentada de Or\u00e7amento Governamental para Analista de Planejamento e Or\u00e7amento de 2015. Banca: ESAF. &nbsp; 1- A classifica\u00e7\u00e3o funcional da despesa procura responder basicamente \u00e0 seguinte indaga\u00e7\u00e3o: a) de que forma os recursos p\u00fablicos ser\u00e3o aplicados. b) em que \u00e1rea territorial ser\u00e3o aplicados os [&hellip;]\" \/>\n<meta property=\"og:url\" content=\"https:\/\/www.estrategiaconcursos.com.br\/blog\/prova-comentada-apo-2015-orcamento-governamental\/\" \/>\n<meta property=\"og:site_name\" content=\"Estrat\u00e9gia Concursos\" \/>\n<meta property=\"article:author\" content=\"https:\/\/www.facebook.com\/profsergiomendes\" \/>\n<meta property=\"article:published_time\" content=\"2015-10-06T15:05:15+00:00\" \/>\n<meta property=\"article:modified_time\" content=\"2015-10-13T20:09:56+00:00\" \/>\n<meta name=\"author\" content=\"S\u00e9rgio Mendes\" \/>\n<meta name=\"twitter:card\" content=\"summary_large_image\" \/>\n<meta name=\"twitter:creator\" content=\"@EstratConcursos\" \/>\n<meta name=\"twitter:site\" content=\"@EstratConcursos\" \/>\n<meta name=\"twitter:label1\" content=\"Escrito por\" \/>\n\t<meta name=\"twitter:data1\" content=\"S\u00e9rgio Mendes\" \/>\n\t<meta name=\"twitter:label2\" content=\"Est. tempo de leitura\" \/>\n\t<meta name=\"twitter:data2\" content=\"23 minutos\" \/>\n<script type=\"application\/ld+json\" class=\"yoast-schema-graph\">{\"@context\":\"https:\/\/schema.org\",\"@graph\":[{\"@type\":\"NewsArticle\",\"@id\":\"https:\/\/www.estrategiaconcursos.com.br\/blog\/prova-comentada-apo-2015-orcamento-governamental\/#article\",\"isPartOf\":{\"@id\":\"https:\/\/www.estrategiaconcursos.com.br\/blog\/prova-comentada-apo-2015-orcamento-governamental\/\"},\"author\":{\"name\":\"S\u00e9rgio Mendes\",\"@id\":\"https:\/\/www.estrategiaconcursos.com.br\/blog\/#\/schema\/person\/4ddc4a162b4fdffa2ea9956dbf62f583\"},\"headline\":\"Prova comentada APO &#8211; 2015 &#8211; Or\u00e7amento Governamental\",\"datePublished\":\"2015-10-06T15:05:15+00:00\",\"dateModified\":\"2015-10-13T20:09:56+00:00\",\"mainEntityOfPage\":{\"@id\":\"https:\/\/www.estrategiaconcursos.com.br\/blog\/prova-comentada-apo-2015-orcamento-governamental\/\"},\"wordCount\":4626,\"commentCount\":9,\"publisher\":{\"@id\":\"https:\/\/www.estrategiaconcursos.com.br\/blog\/#organization\"},\"keywords\":[\"APO-MPOG\",\"Or\u00e7amento Governamental\"],\"inLanguage\":\"pt-BR\",\"potentialAction\":[{\"@type\":\"CommentAction\",\"name\":\"Comment\",\"target\":[\"https:\/\/www.estrategiaconcursos.com.br\/blog\/prova-comentada-apo-2015-orcamento-governamental\/#respond\"]}],\"copyrightYear\":\"2015\",\"copyrightHolder\":{\"@id\":\"https:\/\/www.estrategiaconcursos.com.br\/blog\/#organization\"}},{\"@type\":\"WebPage\",\"@id\":\"https:\/\/www.estrategiaconcursos.com.br\/blog\/prova-comentada-apo-2015-orcamento-governamental\/\",\"url\":\"https:\/\/www.estrategiaconcursos.com.br\/blog\/prova-comentada-apo-2015-orcamento-governamental\/\",\"name\":\"Prova comentada APO - 2015 - Or\u00e7amento Governamental\",\"isPartOf\":{\"@id\":\"https:\/\/www.estrategiaconcursos.com.br\/blog\/#website\"},\"datePublished\":\"2015-10-06T15:05:15+00:00\",\"dateModified\":\"2015-10-13T20:09:56+00:00\",\"breadcrumb\":{\"@id\":\"https:\/\/www.estrategiaconcursos.com.br\/blog\/prova-comentada-apo-2015-orcamento-governamental\/#breadcrumb\"},\"inLanguage\":\"pt-BR\",\"potentialAction\":[{\"@type\":\"ReadAction\",\"target\":[\"https:\/\/www.estrategiaconcursos.com.br\/blog\/prova-comentada-apo-2015-orcamento-governamental\/\"]}]},{\"@type\":\"BreadcrumbList\",\"@id\":\"https:\/\/www.estrategiaconcursos.com.br\/blog\/prova-comentada-apo-2015-orcamento-governamental\/#breadcrumb\",\"itemListElement\":[{\"@type\":\"ListItem\",\"position\":1,\"name\":\"In\u00edcio\",\"item\":\"https:\/\/www.estrategiaconcursos.com.br\/blog\/\"},{\"@type\":\"ListItem\",\"position\":2,\"name\":\"Prova comentada APO &#8211; 2015 &#8211; Or\u00e7amento Governamental\"}]},{\"@type\":\"WebSite\",\"@id\":\"https:\/\/www.estrategiaconcursos.com.br\/blog\/#website\",\"url\":\"https:\/\/www.estrategiaconcursos.com.br\/blog\/\",\"name\":\"Estrat\u00e9gia Concursos\",\"description\":\"O blog da Estrat\u00e9gia Concursos traz not\u00edcias sobre concursos e artigos de professores oferecendo cursos para concursos (pdf + videaulas) no site.\",\"publisher\":{\"@id\":\"https:\/\/www.estrategiaconcursos.com.br\/blog\/#organization\"},\"potentialAction\":[{\"@type\":\"SearchAction\",\"target\":{\"@type\":\"EntryPoint\",\"urlTemplate\":\"https:\/\/www.estrategiaconcursos.com.br\/blog\/?s={search_term_string}\"},\"query-input\":{\"@type\":\"PropertyValueSpecification\",\"valueRequired\":true,\"valueName\":\"search_term_string\"}}],\"inLanguage\":\"pt-BR\"},{\"@type\":\"Organization\",\"@id\":\"https:\/\/www.estrategiaconcursos.com.br\/blog\/#organization\",\"name\":\"Estrat\u00e9gia Concursos\",\"url\":\"https:\/\/www.estrategiaconcursos.com.br\/blog\/\",\"logo\":{\"@type\":\"ImageObject\",\"inLanguage\":\"pt-BR\",\"@id\":\"https:\/\/www.estrategiaconcursos.com.br\/blog\/#\/schema\/logo\/image\/\",\"url\":\"https:\/\/dhg1h5j42swfq.cloudfront.net\/2025\/06\/03203428\/logo_concursos-1.jpg\",\"contentUrl\":\"https:\/\/dhg1h5j42swfq.cloudfront.net\/2025\/06\/03203428\/logo_concursos-1.jpg\",\"width\":230,\"height\":60,\"caption\":\"Estrat\u00e9gia Concursos\"},\"image\":{\"@id\":\"https:\/\/www.estrategiaconcursos.com.br\/blog\/#\/schema\/logo\/image\/\"},\"sameAs\":[\"https:\/\/x.com\/EstratConcursos\"]},{\"@type\":\"Person\",\"@id\":\"https:\/\/www.estrategiaconcursos.com.br\/blog\/#\/schema\/person\/4ddc4a162b4fdffa2ea9956dbf62f583\",\"name\":\"S\u00e9rgio Mendes\",\"image\":{\"@type\":\"ImageObject\",\"inLanguage\":\"pt-BR\",\"@id\":\"https:\/\/secure.gravatar.com\/avatar\/4eb4b562c33f40d6f7f76579da7e07350c69579df7db305d32a69ed32ecfd5ce?s=96&d=mm&r=g\",\"url\":\"https:\/\/secure.gravatar.com\/avatar\/4eb4b562c33f40d6f7f76579da7e07350c69579df7db305d32a69ed32ecfd5ce?s=96&d=mm&r=g\",\"contentUrl\":\"https:\/\/secure.gravatar.com\/avatar\/4eb4b562c33f40d6f7f76579da7e07350c69579df7db305d32a69ed32ecfd5ce?s=96&d=mm&r=g\",\"caption\":\"S\u00e9rgio Mendes\"},\"sameAs\":[\"https:\/\/www.facebook.com\/profsergiomendes\"],\"url\":\"https:\/\/www.estrategiaconcursos.com.br\/blog\/author\/sergiomendesestrategiaconcursos-com-br\/\"}]}<\/script>\n<!-- \/ Yoast SEO Premium plugin. -->","yoast_head_json":{"title":"Prova comentada APO - 2015 - Or\u00e7amento Governamental","robots":{"index":"index","follow":"follow","max-snippet":"max-snippet:-1","max-image-preview":"max-image-preview:large","max-video-preview":"max-video-preview:-1"},"canonical":"https:\/\/www.estrategiaconcursos.com.br\/blog\/prova-comentada-apo-2015-orcamento-governamental\/","og_locale":"pt_BR","og_type":"article","og_title":"Prova comentada APO - 2015 - Or\u00e7amento Governamental","og_description":"Ol\u00e1 amigos! Como \u00e9 bom estar aqui! &nbsp; Segue a prova comentada de Or\u00e7amento Governamental para Analista de Planejamento e Or\u00e7amento de 2015. Banca: ESAF. &nbsp; 1- A classifica\u00e7\u00e3o funcional da despesa procura responder basicamente \u00e0 seguinte indaga\u00e7\u00e3o: a) de que forma os recursos p\u00fablicos ser\u00e3o aplicados. b) em que \u00e1rea territorial ser\u00e3o aplicados os [&hellip;]","og_url":"https:\/\/www.estrategiaconcursos.com.br\/blog\/prova-comentada-apo-2015-orcamento-governamental\/","og_site_name":"Estrat\u00e9gia Concursos","article_author":"https:\/\/www.facebook.com\/profsergiomendes","article_published_time":"2015-10-06T15:05:15+00:00","article_modified_time":"2015-10-13T20:09:56+00:00","author":"S\u00e9rgio Mendes","twitter_card":"summary_large_image","twitter_creator":"@EstratConcursos","twitter_site":"@EstratConcursos","twitter_misc":{"Escrito por":"S\u00e9rgio Mendes","Est. tempo de leitura":"23 minutos"},"schema":{"@context":"https:\/\/schema.org","@graph":[{"@type":"NewsArticle","@id":"https:\/\/www.estrategiaconcursos.com.br\/blog\/prova-comentada-apo-2015-orcamento-governamental\/#article","isPartOf":{"@id":"https:\/\/www.estrategiaconcursos.com.br\/blog\/prova-comentada-apo-2015-orcamento-governamental\/"},"author":{"name":"S\u00e9rgio Mendes","@id":"https:\/\/www.estrategiaconcursos.com.br\/blog\/#\/schema\/person\/4ddc4a162b4fdffa2ea9956dbf62f583"},"headline":"Prova comentada APO &#8211; 2015 &#8211; Or\u00e7amento Governamental","datePublished":"2015-10-06T15:05:15+00:00","dateModified":"2015-10-13T20:09:56+00:00","mainEntityOfPage":{"@id":"https:\/\/www.estrategiaconcursos.com.br\/blog\/prova-comentada-apo-2015-orcamento-governamental\/"},"wordCount":4626,"commentCount":9,"publisher":{"@id":"https:\/\/www.estrategiaconcursos.com.br\/blog\/#organization"},"keywords":["APO-MPOG","Or\u00e7amento Governamental"],"inLanguage":"pt-BR","potentialAction":[{"@type":"CommentAction","name":"Comment","target":["https:\/\/www.estrategiaconcursos.com.br\/blog\/prova-comentada-apo-2015-orcamento-governamental\/#respond"]}],"copyrightYear":"2015","copyrightHolder":{"@id":"https:\/\/www.estrategiaconcursos.com.br\/blog\/#organization"}},{"@type":"WebPage","@id":"https:\/\/www.estrategiaconcursos.com.br\/blog\/prova-comentada-apo-2015-orcamento-governamental\/","url":"https:\/\/www.estrategiaconcursos.com.br\/blog\/prova-comentada-apo-2015-orcamento-governamental\/","name":"Prova comentada APO - 2015 - Or\u00e7amento Governamental","isPartOf":{"@id":"https:\/\/www.estrategiaconcursos.com.br\/blog\/#website"},"datePublished":"2015-10-06T15:05:15+00:00","dateModified":"2015-10-13T20:09:56+00:00","breadcrumb":{"@id":"https:\/\/www.estrategiaconcursos.com.br\/blog\/prova-comentada-apo-2015-orcamento-governamental\/#breadcrumb"},"inLanguage":"pt-BR","potentialAction":[{"@type":"ReadAction","target":["https:\/\/www.estrategiaconcursos.com.br\/blog\/prova-comentada-apo-2015-orcamento-governamental\/"]}]},{"@type":"BreadcrumbList","@id":"https:\/\/www.estrategiaconcursos.com.br\/blog\/prova-comentada-apo-2015-orcamento-governamental\/#breadcrumb","itemListElement":[{"@type":"ListItem","position":1,"name":"In\u00edcio","item":"https:\/\/www.estrategiaconcursos.com.br\/blog\/"},{"@type":"ListItem","position":2,"name":"Prova comentada APO &#8211; 2015 &#8211; Or\u00e7amento Governamental"}]},{"@type":"WebSite","@id":"https:\/\/www.estrategiaconcursos.com.br\/blog\/#website","url":"https:\/\/www.estrategiaconcursos.com.br\/blog\/","name":"Estrat\u00e9gia Concursos","description":"O blog da Estrat\u00e9gia Concursos traz not\u00edcias sobre concursos e artigos de professores oferecendo cursos para concursos (pdf + videaulas) no site.","publisher":{"@id":"https:\/\/www.estrategiaconcursos.com.br\/blog\/#organization"},"potentialAction":[{"@type":"SearchAction","target":{"@type":"EntryPoint","urlTemplate":"https:\/\/www.estrategiaconcursos.com.br\/blog\/?s={search_term_string}"},"query-input":{"@type":"PropertyValueSpecification","valueRequired":true,"valueName":"search_term_string"}}],"inLanguage":"pt-BR"},{"@type":"Organization","@id":"https:\/\/www.estrategiaconcursos.com.br\/blog\/#organization","name":"Estrat\u00e9gia Concursos","url":"https:\/\/www.estrategiaconcursos.com.br\/blog\/","logo":{"@type":"ImageObject","inLanguage":"pt-BR","@id":"https:\/\/www.estrategiaconcursos.com.br\/blog\/#\/schema\/logo\/image\/","url":"https:\/\/dhg1h5j42swfq.cloudfront.net\/2025\/06\/03203428\/logo_concursos-1.jpg","contentUrl":"https:\/\/dhg1h5j42swfq.cloudfront.net\/2025\/06\/03203428\/logo_concursos-1.jpg","width":230,"height":60,"caption":"Estrat\u00e9gia Concursos"},"image":{"@id":"https:\/\/www.estrategiaconcursos.com.br\/blog\/#\/schema\/logo\/image\/"},"sameAs":["https:\/\/x.com\/EstratConcursos"]},{"@type":"Person","@id":"https:\/\/www.estrategiaconcursos.com.br\/blog\/#\/schema\/person\/4ddc4a162b4fdffa2ea9956dbf62f583","name":"S\u00e9rgio Mendes","image":{"@type":"ImageObject","inLanguage":"pt-BR","@id":"https:\/\/secure.gravatar.com\/avatar\/4eb4b562c33f40d6f7f76579da7e07350c69579df7db305d32a69ed32ecfd5ce?s=96&d=mm&r=g","url":"https:\/\/secure.gravatar.com\/avatar\/4eb4b562c33f40d6f7f76579da7e07350c69579df7db305d32a69ed32ecfd5ce?s=96&d=mm&r=g","contentUrl":"https:\/\/secure.gravatar.com\/avatar\/4eb4b562c33f40d6f7f76579da7e07350c69579df7db305d32a69ed32ecfd5ce?s=96&d=mm&r=g","caption":"S\u00e9rgio Mendes"},"sameAs":["https:\/\/www.facebook.com\/profsergiomendes"],"url":"https:\/\/www.estrategiaconcursos.com.br\/blog\/author\/sergiomendesestrategiaconcursos-com-br\/"}]}},"_links":{"self":[{"href":"https:\/\/www.estrategiaconcursos.com.br\/blog\/wp-json\/wp\/v2\/posts\/27811","targetHints":{"allow":["GET"]}}],"collection":[{"href":"https:\/\/www.estrategiaconcursos.com.br\/blog\/wp-json\/wp\/v2\/posts"}],"about":[{"href":"https:\/\/www.estrategiaconcursos.com.br\/blog\/wp-json\/wp\/v2\/types\/post"}],"author":[{"embeddable":true,"href":"https:\/\/www.estrategiaconcursos.com.br\/blog\/wp-json\/wp\/v2\/users\/29"}],"replies":[{"embeddable":true,"href":"https:\/\/www.estrategiaconcursos.com.br\/blog\/wp-json\/wp\/v2\/comments?post=27811"}],"version-history":[{"count":6,"href":"https:\/\/www.estrategiaconcursos.com.br\/blog\/wp-json\/wp\/v2\/posts\/27811\/revisions"}],"predecessor-version":[{"id":27842,"href":"https:\/\/www.estrategiaconcursos.com.br\/blog\/wp-json\/wp\/v2\/posts\/27811\/revisions\/27842"}],"wp:attachment":[{"href":"https:\/\/www.estrategiaconcursos.com.br\/blog\/wp-json\/wp\/v2\/media?parent=27811"}],"wp:term":[{"taxonomy":"category","embeddable":true,"href":"https:\/\/www.estrategiaconcursos.com.br\/blog\/wp-json\/wp\/v2\/categories?post=27811"},{"taxonomy":"post_tag","embeddable":true,"href":"https:\/\/www.estrategiaconcursos.com.br\/blog\/wp-json\/wp\/v2\/tags?post=27811"},{"taxonomy":"tax_estado","embeddable":true,"href":"https:\/\/www.estrategiaconcursos.com.br\/blog\/wp-json\/wp\/v2\/tax_estado?post=27811"}],"curies":[{"name":"wp","href":"https:\/\/api.w.org\/{rel}","templated":true}]}}