{"id":27750,"date":"2015-10-04T23:13:31","date_gmt":"2015-10-05T02:13:31","guid":{"rendered":"http:\/\/www.estrategiaconcursos.com.br\/blog\/?p=27750"},"modified":"2015-10-04T23:15:11","modified_gmt":"2015-10-05T02:15:11","slug":"27750","status":"publish","type":"post","link":"https:\/\/www.estrategiaconcursos.com.br\/blog\/27750\/","title":{"rendered":"Reforma Eleitoral (Lei n\u00ba 13.165\/2015) e Concursos de TRE. Aten\u00e7\u00e3o!"},"content":{"rendered":"<p style=\"text-align: justify\"><a href=\"https:\/\/dhg1h5j42swfq.cloudfront.net\/2015\/10\/04231109\/Tribunal-Regional-Eleitoral-de-Pernambuco.jpeg\"><img loading=\"lazy\" decoding=\"async\" class=\"  wp-image-27751 alignleft\" src=\"https:\/\/dhg1h5j42swfq.cloudfront.net\/2015\/10\/04231109\/Tribunal-Regional-Eleitoral-de-Pernambuco-298x300.jpeg\" alt=\"Tribunal Regional Eleitoral de Pernambuco\" width=\"278\" height=\"280\" srcset=\"https:\/\/dhg1h5j42swfq.cloudfront.net\/2015\/10\/04231109\/Tribunal-Regional-Eleitoral-de-Pernambuco.jpeg 298w, https:\/\/dhg1h5j42swfq.cloudfront.net\/2015\/10\/04231109\/Tribunal-Regional-Eleitoral-de-Pernambuco.jpeg 150w, https:\/\/dhg1h5j42swfq.cloudfront.net\/2015\/10\/04231109\/Tribunal-Regional-Eleitoral-de-Pernambuco.jpeg 318w\" sizes=\"auto, (max-width: 278px) 100vw, 278px\" \/><\/a>Ol\u00e1 pessoal, esse artigo \u00e9 fundamental para voc\u00ea que est\u00e1 estudando ou est\u00e1 pensando em iniciar os estudos para concursos na \u00e1rea eleitoral.<\/p>\n<p style=\"text-align: justify\">Nos \u00faltimos meses tivemos uma enxurrada de not\u00edcias em rela\u00e7\u00e3o a concursos para Tribunais Regionais Eleitoral. Desde o final de 2014, v\u00e1rios concursos foram aplicados. Tivemos: TRE\/MG, TRE\/GO e TRE\/RR. Mais recentemente houve o concurso do TRE\/AC e do TRE\/MA.<\/p>\n<p style=\"text-align: justify\">A temporada de concursos eleitorais ainda n\u00e3o acabou. Pelo contr\u00e1rio, <strong>est\u00e1 longe de acabar&#8230;<\/strong><\/p>\n<p style=\"text-align: justify\">Temos edital aberto para o TRE\/AP, TRE\/SE e TRE\/MT.<\/p>\n<p style=\"text-align: justify\">N\u00e3o tardar\u00e1 muito ser\u00e3o lan\u00e7ados os editais do TRE\/RS e TRE\/PI, ambos com bancas definidas. H\u00e1, ainda, expectativa para a defini\u00e7\u00e3o do concurso do TRE\/BA e TRE\/PE, todos neste ano de 2015. Para 2016 sabemos que haver\u00e1 TRE\/SP, cuja comiss\u00e3o do concurso est\u00e1 formada.<\/p>\n<p style=\"text-align: justify\"><strong>Ou seja, \u00e9 tanto TRE que a gente quase se perde&#8230;<\/strong><\/p>\n<p style=\"text-align: justify\">Essa onda de TREs \u00e9 influenciada, em grande medida, pela aus\u00eancia de concursos nos anos de 2013 e 2014, bem como pela recente aprova\u00e7\u00e3o da Lei n\u00ba 13.150\/2015. Esse diploma criou in\u00fameros cargos para a \u00e1rea eleitoral, al\u00e9m de criar diversas fun\u00e7\u00f5es.<\/p>\n<p style=\"text-align: justify\">Logo, nesse per\u00edodo em que os concursos est\u00e3o \u201cescassos\u201d em face da crise econ\u00f4mica, <strong>os concursos para TREs est\u00e3o na contram\u00e3o<\/strong>! Uma \u00f3tima oportunidade, portanto, que quem quiser ingressar no Poder Judici\u00e1rio Eleitoral. Al\u00e9m de excelente remunera\u00e7\u00e3o (6 mil reais aproximadamente para os cargos de n\u00edvel m\u00e9dio e 8 mil reais para os de n\u00edvel superior), a qualidade do trabalho \u00e9 \u00f3tima, a jornada \u00e9 de sete horas em m\u00e9dia. Isso sem contar, com a desejada estabilidade, motivador extra em per\u00edodos de crise.<\/p>\n<p style=\"text-align: justify\">Assim, para todos que estivem se preparando para os concursos na \u00e1rea eleitoral, <span style=\"color: #ff0000\"><strong>ATEN\u00c7\u00c3O<\/strong><\/span>!<\/p>\n<p style=\"text-align: justify\">Em <strong>29.09.2015<\/strong> tivemos uma <strong>importante altera\u00e7\u00e3o na legisla\u00e7\u00e3o eleitoral<\/strong>.<\/p>\n<p style=\"text-align: justify\">A <strong>Lei n\u00ba 13.165\/2015<\/strong>, denominada <strong>Lei da Reforma Eleitoral<\/strong>, trouxe in\u00fameras altera\u00e7\u00f5es nas leis eleitoris. Isso impacta diretamente nossos estudos.<\/p>\n<p style=\"text-align: justify\">Essa lei nada mais fez do que alterar in\u00fameros artigos do <strong>C\u00f3digo Eleitoral<\/strong> (Lei n\u00ba 4.737\/1965), da <strong>Lei das Elei\u00e7\u00f5es<\/strong> (Lei n\u00ba 9.504\/1997) e <strong>Lei dos Partidos Pol\u00edticos<\/strong> (Lei n\u00ba 9.096\/1995).<\/p>\n<p style=\"text-align: justify\">Pasmem! As tr\u00eas principais legisla\u00e7\u00f5es eleitorais foram alteradas!<\/p>\n<p style=\"text-align: justify\">Assim, diante dos in\u00fameros questionamentos que recebi no f\u00f3rum dos nossos cursos, por e-mail e nas redes sociais, a fim de orient\u00e1-lo quanto \u00e0 aplicabilidade das altera\u00e7\u00f5es para o seu concurso, analisamos a situa\u00e7\u00e3o de cada TRE de forma espec\u00edfica. Vejamos:<\/p>\n<p style=\"text-align: justify\"><strong><span style=\"text-decoration: underline\">TRE\/SE<\/span><\/strong><\/p>\n<p style=\"text-align: justify\">Com edital lan\u00e7ado em 20.08.2015, <strong>n\u00e3o ser\u00e3o aplicadas as regras novas da Lei da Reforma Eleitoral<\/strong>.<\/p>\n<p style=\"text-align: justify\">Na parte referente \u00e0s disposi\u00e7\u00f5es finais, o item 15.2 do edital refere que \u201ca legisla\u00e7\u00e3o com vig\u00eancia ap\u00f3s a data de publica\u00e7\u00e3o deste Edital, bem como as altera\u00e7\u00f5es em dispositivos constitucionais, legais e normativos a ela posteriores n\u00e3o ser\u00e3o objeto de avalia\u00e7\u00e3o nas provas do Concurso\u201d.<\/p>\n<p style=\"text-align: justify\">Portanto, <strong><span style=\"color: #ff0000\">SE VOC\u00ca VAI PRESTAR TRE\/SE N\u00c3O ESTUDE A LEI N\u00ba 13.165\/2015, ELA N\u00c3O SER\u00c1 EXIGIDA EM SUA PROVA<\/span><\/strong>.<\/p>\n<p style=\"text-align: justify\">Nem sequer abram a lei, para evitar confus\u00f5es quanto \u00e0 compreens\u00e3o da mat\u00e9ria.<\/p>\n<p style=\"text-align: justify\"><strong><span style=\"text-decoration: underline\">TRE\/AP<\/span><\/strong><\/p>\n<p style=\"text-align: justify\">Com edital lan\u00e7ado em 28.09.2015, ou seja, <strong>UM DIA ANTES<\/strong> da Lei n\u00ba 13.165\/2015, tamb\u00e9m <strong>n\u00e3o ser\u00e3o aplicadas as regras novas da Lei da Reforma Eleitoral<\/strong>.<\/p>\n<p style=\"text-align: justify\">Do mesmo modo, na parte referente \u00e0s disposi\u00e7\u00f5es finais, o item 15.2 do edital FCC refere que \u201ca legisla\u00e7\u00e3o com vig\u00eancia ap\u00f3s a data de publica\u00e7\u00e3o deste Edital, bem como as altera\u00e7\u00f5es em dispositivos constitucionais, legais e normativos a ela posteriores n\u00e3o ser\u00e3o objeto de avalia\u00e7\u00e3o nas provas do Concurso\u201d.<\/p>\n<p style=\"text-align: justify\">Portanto, <span style=\"color: #ff0000\"><strong>SE VOC\u00ca VAI PRESTAR TRE\/AP N\u00c3O ESTUDE A LEI N\u00ba 13.165\/2015, ELA N\u00c3O SER\u00c1 EXIGIDA EM SUA PROVA<\/strong><\/span>.<\/p>\n<p style=\"text-align: justify\">Nem sequer abram a lei, para evitar confus\u00f5es quanto \u00e0 compreens\u00e3o da mat\u00e9ria.<\/p>\n<p style=\"text-align: justify\"><strong><span style=\"text-decoration: underline\">TRE\/PB<\/span><\/strong><\/p>\n<p style=\"text-align: justify\">Com edital lan\u00e7ado em 08.09.2015, <strong>n\u00e3o ser\u00e3o aplicadas as regras novas da Lei da Reforma Eleitoral<\/strong>.<\/p>\n<p style=\"text-align: justify\">Na parte referente \u00e0s disposi\u00e7\u00f5es finais, o item 15.2 do edital refere que \u201ca legisla\u00e7\u00e3o com vig\u00eancia ap\u00f3s a data de publica\u00e7\u00e3o deste Edital, bem como as altera\u00e7\u00f5es em dispositivos constitucionais, legais e normativos a ela posteriores n\u00e3o ser\u00e3o objeto de avalia\u00e7\u00e3o nas provas do Concurso\u201d.<\/p>\n<p style=\"text-align: justify\">Portanto, <span style=\"color: #ff0000\"><strong>SE VOC\u00ca VAI PRESTAR TRE\/PB N\u00c3O ESTUDE A LEI N\u00ba 13.165\/2015, ELA N\u00c3O SER\u00c1 EXIGIDA EM SUA PROVA<\/strong><\/span>.<\/p>\n<p style=\"text-align: justify\">Nem sequer abram a lei, para evitar confus\u00f5es quanto \u00e0 compreens\u00e3o da mat\u00e9ria.<\/p>\n<p style=\"text-align: justify\"><strong><span style=\"text-decoration: underline\">TRE\/MT<\/span><\/strong><\/p>\n<p style=\"text-align: justify\">Com edital lan\u00e7ado em 23.09.2015, <strong>n\u00e3o ser\u00e3o aplicadas as regras novas da Lei da Reforma Eleitoral<\/strong>.<\/p>\n<p style=\"text-align: justify\">O item 14.36 da ementa do edital do CESPE expressa que \u201clegisla\u00e7\u00e3o com entrada em vigor ap\u00f3s a data de publica\u00e7\u00e3o deste edital, bem como as altera\u00e7\u00f5es em dispositivos legais e normativos a ele posteriores n\u00e3o ser\u00e3o objeto de avalia\u00e7\u00e3o, salvo se contempladas nos objetos de avalia\u00e7\u00e3o constantes do item 15 deste edital\u201d.<\/p>\n<p style=\"text-align: justify\">Como n\u00e3o h\u00e1 qualquer refer\u00eancia \u00e0 Reforma Eleitoral na ementa do edital, n\u00e3o precisa se preocupar com recentes altera\u00e7\u00f5es.<\/p>\n<p style=\"text-align: justify\">Portanto, <span style=\"color: #ff0000\"><strong>SE VOC\u00ca VAI PRESTAR TRE\/MT N\u00c3O ESTUDE A LEI N\u00ba 13.165\/2015, ELA N\u00c3O SER\u00c1 EXIGIDA EM SUA PROVA<\/strong><\/span>.<\/p>\n<p style=\"text-align: justify\">Nem sequer abram a lei, para evitar confus\u00f5es quanto \u00e0 compreens\u00e3o da mat\u00e9ria.<\/p>\n<p style=\"text-align: justify\"><strong><span style=\"text-decoration: underline\">TRE\/RS e TRE\/PI<\/span> (e demais TREs cujos editais n\u00e3o foram lan\u00e7ados)<\/strong><\/p>\n<p style=\"text-align: justify\">Como voc\u00eas puderam notar, para delimita\u00e7\u00e3o das mat\u00e9rias que ser\u00e3o objeto de prova, importa a <strong>data do edital<\/strong>. Como para esses concursos vindouros, nem sequer temos edital, n\u00e3o resta outra alternativa, <strong>temos que estudar a Lei n\u00ba 13.165\/2015<\/strong>.<\/p>\n<p style=\"text-align: justify\">Aqui, pessoal, o racioc\u00ednio deve ser o inverso!<\/p>\n<p style=\"text-align: justify\"><strong><span style=\"color: #000080\">EVITEM MATERIAIS QUE N\u00c3O ESTEJAM ADAPTADO \u00c0S ALTERA\u00c7\u00d5ES RECENTES DA REFORMA ELEITORAL<\/span>. <\/strong><\/p>\n<p style=\"text-align: justify\">Como s\u00e3o mat\u00e9rias novas, tradicionalmente as bancas cobram tais assuntos em concurso. Portanto, a probabilidade de desperdi\u00e7ar trabalho \u00e9 grande. Cuidem!<\/p>\n<p style=\"text-align: justify\">Nesse contexto, nossos cursos, especialmente para o TRE\/RS e TRE\/PI ser\u00e3o integralmente adaptados \u00e0 nova lei. Faremos os devidos ajustes e voc\u00eas ser\u00e3o informados de forma detalhada nas respectivas p\u00e1ginas dos cursos.<\/p>\n<p style=\"text-align: justify\">\u00a0Portanto, pessoal, mantenham a calma, e estudem com afinco. As recentes altera\u00e7\u00f5es na legisla\u00e7\u00e3o constituem uma \u00f3tima oportunidade para voc\u00ea intensificar os estudos e se destacar em meio \u00e0 multid\u00e3o de concorrentes.<\/p>\n<p style=\"text-align: justify\">Sigam firmes no prop\u00f3sito e se houver qualquer d\u00favida, deixe seu coment\u00e1rio abaixo.<\/p>\n<p style=\"text-align: justify\">E lembrem-se, nossos cursos est\u00e3o dispon\u00edveis em:<\/p>\n<p style=\"text-align: center\"><strong><a href=\"https:\/\/www.estrategiaconcursos.com.br\/cursosPorProfessor\/ricardo-torques-3341\/\">https:\/\/www.estrategiaconcursos.com.br\/cursosPorProfessor\/ricardo-torques-3341\/<\/a><\/strong><\/p>\n<p style=\"text-align: justify\">Excelente final de domingo e boa semana de estudos!<\/p>\n<p style=\"text-align: justify\">Um forte abra\u00e7o e bons estudos a todos!<\/p>\n<p style=\"text-align: right\">Ricardo Torques<\/p>\n<p style=\"text-align: right\"><a href=\"rst.estrategia@gmail.com\"><span style=\"text-decoration: underline\">rst.estrategia@gmail.com<\/span><\/a><\/p>\n<p style=\"text-align: right\"><a href=\"https:\/\/www.facebook.com\/ricardo.s.torques\">https:\/\/www.facebook.com\/ricardo.s.torques<\/a><\/p>\n","protected":false},"excerpt":{"rendered":"<p>Ol\u00e1 pessoal, esse artigo \u00e9 fundamental para voc\u00ea que est\u00e1 estudando ou est\u00e1 pensando em iniciar os estudos para concursos na \u00e1rea eleitoral. Nos \u00faltimos meses tivemos uma enxurrada de not\u00edcias em rela\u00e7\u00e3o a concursos para Tribunais Regionais Eleitoral. Desde o final de 2014, v\u00e1rios concursos foram aplicados. Tivemos: TRE\/MG, TRE\/GO e TRE\/RR. Mais recentemente [&hellip;]<\/p>\n","protected":false},"author":180,"featured_media":0,"comment_status":"open","ping_status":"open","sticky":false,"template":"","format":"standard","meta":{"post_tipo":"article","footnotes":""},"categories":[1],"tags":[],"tax_estado":[],"class_list":["post-27750","post","type-post","status-publish","format-standard","hentry","category-cursos-e-concursos"],"acf":[],"yoast_head":"<!-- This site is optimized with the Yoast SEO Premium plugin v27.2 (Yoast SEO v27.2) - https:\/\/yoast.com\/product\/yoast-seo-premium-wordpress\/ -->\n<title>Reforma Eleitoral (Lei n\u00ba 13.165\/2015) e Concursos de TRE. Aten\u00e7\u00e3o!<\/title>\n<meta name=\"robots\" content=\"index, follow, max-snippet:-1, max-image-preview:large, max-video-preview:-1\" \/>\n<link rel=\"canonical\" href=\"https:\/\/www.estrategiaconcursos.com.br\/blog\/27750\/\" \/>\n<meta property=\"og:locale\" content=\"pt_BR\" \/>\n<meta property=\"og:type\" content=\"article\" \/>\n<meta property=\"og:title\" content=\"Reforma Eleitoral (Lei n\u00ba 13.165\/2015) e Concursos de TRE. Aten\u00e7\u00e3o!\" \/>\n<meta property=\"og:description\" content=\"Ol\u00e1 pessoal, esse artigo \u00e9 fundamental para voc\u00ea que est\u00e1 estudando ou est\u00e1 pensando em iniciar os estudos para concursos na \u00e1rea eleitoral. Nos \u00faltimos meses tivemos uma enxurrada de not\u00edcias em rela\u00e7\u00e3o a concursos para Tribunais Regionais Eleitoral. Desde o final de 2014, v\u00e1rios concursos foram aplicados. Tivemos: TRE\/MG, TRE\/GO e TRE\/RR. Mais recentemente [&hellip;]\" \/>\n<meta property=\"og:url\" content=\"https:\/\/www.estrategiaconcursos.com.br\/blog\/27750\/\" \/>\n<meta property=\"og:site_name\" content=\"Estrat\u00e9gia Concursos\" \/>\n<meta property=\"article:author\" content=\"https:\/\/www.facebook.com\/ricardo.s.torques\" \/>\n<meta property=\"article:published_time\" content=\"2015-10-05T02:13:31+00:00\" \/>\n<meta property=\"article:modified_time\" content=\"2015-10-05T02:15:11+00:00\" \/>\n<meta property=\"og:image\" content=\"https:\/\/dhg1h5j42swfq.cloudfront.net\/2015\/10\/04231109\/Tribunal-Regional-Eleitoral-de-Pernambuco-298x300.jpeg\" \/>\n<meta name=\"author\" content=\"Ricardo Torques\" \/>\n<meta name=\"twitter:card\" content=\"summary_large_image\" \/>\n<meta name=\"twitter:creator\" content=\"@EstratConcursos\" \/>\n<meta name=\"twitter:site\" content=\"@EstratConcursos\" \/>\n<meta name=\"twitter:label1\" content=\"Escrito por\" \/>\n\t<meta name=\"twitter:data1\" content=\"Ricardo Torques\" \/>\n\t<meta name=\"twitter:label2\" content=\"Est. tempo de leitura\" \/>\n\t<meta name=\"twitter:data2\" content=\"6 minutos\" \/>\n<script type=\"application\/ld+json\" class=\"yoast-schema-graph\">{\"@context\":\"https:\/\/schema.org\",\"@graph\":[{\"@type\":\"NewsArticle\",\"@id\":\"https:\/\/www.estrategiaconcursos.com.br\/blog\/27750\/#article\",\"isPartOf\":{\"@id\":\"https:\/\/www.estrategiaconcursos.com.br\/blog\/27750\/\"},\"author\":{\"name\":\"Ricardo Torques\",\"@id\":\"https:\/\/www.estrategiaconcursos.com.br\/blog\/#\/schema\/person\/aa39cf5ddb518e5bdce27c35788405e2\"},\"headline\":\"Reforma Eleitoral (Lei n\u00ba 13.165\/2015) e Concursos de TRE. Aten\u00e7\u00e3o!\",\"datePublished\":\"2015-10-05T02:13:31+00:00\",\"dateModified\":\"2015-10-05T02:15:11+00:00\",\"mainEntityOfPage\":{\"@id\":\"https:\/\/www.estrategiaconcursos.com.br\/blog\/27750\/\"},\"wordCount\":1156,\"commentCount\":5,\"publisher\":{\"@id\":\"https:\/\/www.estrategiaconcursos.com.br\/blog\/#organization\"},\"image\":{\"@id\":\"https:\/\/www.estrategiaconcursos.com.br\/blog\/27750\/#primaryimage\"},\"thumbnailUrl\":\"https:\/\/dhg1h5j42swfq.cloudfront.net\/2015\/10\/04231109\/Tribunal-Regional-Eleitoral-de-Pernambuco-298x300.jpeg\",\"articleSection\":[\"Concursos P\u00fablicos\"],\"inLanguage\":\"pt-BR\",\"potentialAction\":[{\"@type\":\"CommentAction\",\"name\":\"Comment\",\"target\":[\"https:\/\/www.estrategiaconcursos.com.br\/blog\/27750\/#respond\"]}],\"copyrightYear\":\"2015\",\"copyrightHolder\":{\"@id\":\"https:\/\/www.estrategiaconcursos.com.br\/blog\/#organization\"}},{\"@type\":\"WebPage\",\"@id\":\"https:\/\/www.estrategiaconcursos.com.br\/blog\/27750\/\",\"url\":\"https:\/\/www.estrategiaconcursos.com.br\/blog\/27750\/\",\"name\":\"Reforma Eleitoral (Lei n\u00ba 13.165\/2015) e Concursos de TRE. Aten\u00e7\u00e3o!\",\"isPartOf\":{\"@id\":\"https:\/\/www.estrategiaconcursos.com.br\/blog\/#website\"},\"primaryImageOfPage\":{\"@id\":\"https:\/\/www.estrategiaconcursos.com.br\/blog\/27750\/#primaryimage\"},\"image\":{\"@id\":\"https:\/\/www.estrategiaconcursos.com.br\/blog\/27750\/#primaryimage\"},\"thumbnailUrl\":\"https:\/\/dhg1h5j42swfq.cloudfront.net\/2015\/10\/04231109\/Tribunal-Regional-Eleitoral-de-Pernambuco-298x300.jpeg\",\"datePublished\":\"2015-10-05T02:13:31+00:00\",\"dateModified\":\"2015-10-05T02:15:11+00:00\",\"breadcrumb\":{\"@id\":\"https:\/\/www.estrategiaconcursos.com.br\/blog\/27750\/#breadcrumb\"},\"inLanguage\":\"pt-BR\",\"potentialAction\":[{\"@type\":\"ReadAction\",\"target\":[\"https:\/\/www.estrategiaconcursos.com.br\/blog\/27750\/\"]}]},{\"@type\":\"ImageObject\",\"inLanguage\":\"pt-BR\",\"@id\":\"https:\/\/www.estrategiaconcursos.com.br\/blog\/27750\/#primaryimage\",\"url\":\"https:\/\/dhg1h5j42swfq.cloudfront.net\/2015\/10\/04231109\/Tribunal-Regional-Eleitoral-de-Pernambuco-298x300.jpeg\",\"contentUrl\":\"https:\/\/dhg1h5j42swfq.cloudfront.net\/2015\/10\/04231109\/Tribunal-Regional-Eleitoral-de-Pernambuco-298x300.jpeg\"},{\"@type\":\"BreadcrumbList\",\"@id\":\"https:\/\/www.estrategiaconcursos.com.br\/blog\/27750\/#breadcrumb\",\"itemListElement\":[{\"@type\":\"ListItem\",\"position\":1,\"name\":\"In\u00edcio\",\"item\":\"https:\/\/www.estrategiaconcursos.com.br\/blog\/\"},{\"@type\":\"ListItem\",\"position\":2,\"name\":\"Reforma Eleitoral (Lei n\u00ba 13.165\/2015) e Concursos de TRE. Aten\u00e7\u00e3o!\"}]},{\"@type\":\"WebSite\",\"@id\":\"https:\/\/www.estrategiaconcursos.com.br\/blog\/#website\",\"url\":\"https:\/\/www.estrategiaconcursos.com.br\/blog\/\",\"name\":\"Estrat\u00e9gia Concursos\",\"description\":\"O blog da Estrat\u00e9gia Concursos traz not\u00edcias sobre concursos e artigos de professores oferecendo cursos para concursos (pdf + videaulas) no site.\",\"publisher\":{\"@id\":\"https:\/\/www.estrategiaconcursos.com.br\/blog\/#organization\"},\"potentialAction\":[{\"@type\":\"SearchAction\",\"target\":{\"@type\":\"EntryPoint\",\"urlTemplate\":\"https:\/\/www.estrategiaconcursos.com.br\/blog\/?s={search_term_string}\"},\"query-input\":{\"@type\":\"PropertyValueSpecification\",\"valueRequired\":true,\"valueName\":\"search_term_string\"}}],\"inLanguage\":\"pt-BR\"},{\"@type\":\"Organization\",\"@id\":\"https:\/\/www.estrategiaconcursos.com.br\/blog\/#organization\",\"name\":\"Estrat\u00e9gia Concursos\",\"url\":\"https:\/\/www.estrategiaconcursos.com.br\/blog\/\",\"logo\":{\"@type\":\"ImageObject\",\"inLanguage\":\"pt-BR\",\"@id\":\"https:\/\/www.estrategiaconcursos.com.br\/blog\/#\/schema\/logo\/image\/\",\"url\":\"https:\/\/dhg1h5j42swfq.cloudfront.net\/2025\/06\/03203428\/logo_concursos-1.jpg\",\"contentUrl\":\"https:\/\/dhg1h5j42swfq.cloudfront.net\/2025\/06\/03203428\/logo_concursos-1.jpg\",\"width\":230,\"height\":60,\"caption\":\"Estrat\u00e9gia Concursos\"},\"image\":{\"@id\":\"https:\/\/www.estrategiaconcursos.com.br\/blog\/#\/schema\/logo\/image\/\"},\"sameAs\":[\"https:\/\/x.com\/EstratConcursos\"]},{\"@type\":\"Person\",\"@id\":\"https:\/\/www.estrategiaconcursos.com.br\/blog\/#\/schema\/person\/aa39cf5ddb518e5bdce27c35788405e2\",\"name\":\"Ricardo Torques\",\"image\":{\"@type\":\"ImageObject\",\"inLanguage\":\"pt-BR\",\"@id\":\"https:\/\/secure.gravatar.com\/avatar\/ce9ac6c3cff25fe86d15ed568ebc64d1724baf5c0693133bcb1f6073f712f92a?s=96&d=mm&r=g\",\"url\":\"https:\/\/secure.gravatar.com\/avatar\/ce9ac6c3cff25fe86d15ed568ebc64d1724baf5c0693133bcb1f6073f712f92a?s=96&d=mm&r=g\",\"contentUrl\":\"https:\/\/secure.gravatar.com\/avatar\/ce9ac6c3cff25fe86d15ed568ebc64d1724baf5c0693133bcb1f6073f712f92a?s=96&d=mm&r=g\",\"caption\":\"Ricardo Torques\"},\"sameAs\":[\"https:\/\/www.facebook.com\/ricardo.s.torques\"],\"url\":\"https:\/\/www.estrategiaconcursos.com.br\/blog\/author\/ricardotorquesestrategiaconcursos-com-br\/\"}]}<\/script>\n<!-- \/ Yoast SEO Premium plugin. -->","yoast_head_json":{"title":"Reforma Eleitoral (Lei n\u00ba 13.165\/2015) e Concursos de TRE. Aten\u00e7\u00e3o!","robots":{"index":"index","follow":"follow","max-snippet":"max-snippet:-1","max-image-preview":"max-image-preview:large","max-video-preview":"max-video-preview:-1"},"canonical":"https:\/\/www.estrategiaconcursos.com.br\/blog\/27750\/","og_locale":"pt_BR","og_type":"article","og_title":"Reforma Eleitoral (Lei n\u00ba 13.165\/2015) e Concursos de TRE. Aten\u00e7\u00e3o!","og_description":"Ol\u00e1 pessoal, esse artigo \u00e9 fundamental para voc\u00ea que est\u00e1 estudando ou est\u00e1 pensando em iniciar os estudos para concursos na \u00e1rea eleitoral. Nos \u00faltimos meses tivemos uma enxurrada de not\u00edcias em rela\u00e7\u00e3o a concursos para Tribunais Regionais Eleitoral. Desde o final de 2014, v\u00e1rios concursos foram aplicados. Tivemos: TRE\/MG, TRE\/GO e TRE\/RR. Mais recentemente [&hellip;]","og_url":"https:\/\/www.estrategiaconcursos.com.br\/blog\/27750\/","og_site_name":"Estrat\u00e9gia Concursos","article_author":"https:\/\/www.facebook.com\/ricardo.s.torques","article_published_time":"2015-10-05T02:13:31+00:00","article_modified_time":"2015-10-05T02:15:11+00:00","og_image":[{"url":"https:\/\/dhg1h5j42swfq.cloudfront.net\/2015\/10\/04231109\/Tribunal-Regional-Eleitoral-de-Pernambuco-298x300.jpeg","type":"","width":"","height":""}],"author":"Ricardo Torques","twitter_card":"summary_large_image","twitter_creator":"@EstratConcursos","twitter_site":"@EstratConcursos","twitter_misc":{"Escrito por":"Ricardo Torques","Est. tempo de leitura":"6 minutos"},"schema":{"@context":"https:\/\/schema.org","@graph":[{"@type":"NewsArticle","@id":"https:\/\/www.estrategiaconcursos.com.br\/blog\/27750\/#article","isPartOf":{"@id":"https:\/\/www.estrategiaconcursos.com.br\/blog\/27750\/"},"author":{"name":"Ricardo Torques","@id":"https:\/\/www.estrategiaconcursos.com.br\/blog\/#\/schema\/person\/aa39cf5ddb518e5bdce27c35788405e2"},"headline":"Reforma Eleitoral (Lei n\u00ba 13.165\/2015) e Concursos de TRE. Aten\u00e7\u00e3o!","datePublished":"2015-10-05T02:13:31+00:00","dateModified":"2015-10-05T02:15:11+00:00","mainEntityOfPage":{"@id":"https:\/\/www.estrategiaconcursos.com.br\/blog\/27750\/"},"wordCount":1156,"commentCount":5,"publisher":{"@id":"https:\/\/www.estrategiaconcursos.com.br\/blog\/#organization"},"image":{"@id":"https:\/\/www.estrategiaconcursos.com.br\/blog\/27750\/#primaryimage"},"thumbnailUrl":"https:\/\/dhg1h5j42swfq.cloudfront.net\/2015\/10\/04231109\/Tribunal-Regional-Eleitoral-de-Pernambuco-298x300.jpeg","articleSection":["Concursos P\u00fablicos"],"inLanguage":"pt-BR","potentialAction":[{"@type":"CommentAction","name":"Comment","target":["https:\/\/www.estrategiaconcursos.com.br\/blog\/27750\/#respond"]}],"copyrightYear":"2015","copyrightHolder":{"@id":"https:\/\/www.estrategiaconcursos.com.br\/blog\/#organization"}},{"@type":"WebPage","@id":"https:\/\/www.estrategiaconcursos.com.br\/blog\/27750\/","url":"https:\/\/www.estrategiaconcursos.com.br\/blog\/27750\/","name":"Reforma Eleitoral (Lei n\u00ba 13.165\/2015) e Concursos de TRE. Aten\u00e7\u00e3o!","isPartOf":{"@id":"https:\/\/www.estrategiaconcursos.com.br\/blog\/#website"},"primaryImageOfPage":{"@id":"https:\/\/www.estrategiaconcursos.com.br\/blog\/27750\/#primaryimage"},"image":{"@id":"https:\/\/www.estrategiaconcursos.com.br\/blog\/27750\/#primaryimage"},"thumbnailUrl":"https:\/\/dhg1h5j42swfq.cloudfront.net\/2015\/10\/04231109\/Tribunal-Regional-Eleitoral-de-Pernambuco-298x300.jpeg","datePublished":"2015-10-05T02:13:31+00:00","dateModified":"2015-10-05T02:15:11+00:00","breadcrumb":{"@id":"https:\/\/www.estrategiaconcursos.com.br\/blog\/27750\/#breadcrumb"},"inLanguage":"pt-BR","potentialAction":[{"@type":"ReadAction","target":["https:\/\/www.estrategiaconcursos.com.br\/blog\/27750\/"]}]},{"@type":"ImageObject","inLanguage":"pt-BR","@id":"https:\/\/www.estrategiaconcursos.com.br\/blog\/27750\/#primaryimage","url":"https:\/\/dhg1h5j42swfq.cloudfront.net\/2015\/10\/04231109\/Tribunal-Regional-Eleitoral-de-Pernambuco-298x300.jpeg","contentUrl":"https:\/\/dhg1h5j42swfq.cloudfront.net\/2015\/10\/04231109\/Tribunal-Regional-Eleitoral-de-Pernambuco-298x300.jpeg"},{"@type":"BreadcrumbList","@id":"https:\/\/www.estrategiaconcursos.com.br\/blog\/27750\/#breadcrumb","itemListElement":[{"@type":"ListItem","position":1,"name":"In\u00edcio","item":"https:\/\/www.estrategiaconcursos.com.br\/blog\/"},{"@type":"ListItem","position":2,"name":"Reforma Eleitoral (Lei n\u00ba 13.165\/2015) e Concursos de TRE. Aten\u00e7\u00e3o!"}]},{"@type":"WebSite","@id":"https:\/\/www.estrategiaconcursos.com.br\/blog\/#website","url":"https:\/\/www.estrategiaconcursos.com.br\/blog\/","name":"Estrat\u00e9gia Concursos","description":"O blog da Estrat\u00e9gia Concursos traz not\u00edcias sobre concursos e artigos de professores oferecendo cursos para concursos (pdf + videaulas) no site.","publisher":{"@id":"https:\/\/www.estrategiaconcursos.com.br\/blog\/#organization"},"potentialAction":[{"@type":"SearchAction","target":{"@type":"EntryPoint","urlTemplate":"https:\/\/www.estrategiaconcursos.com.br\/blog\/?s={search_term_string}"},"query-input":{"@type":"PropertyValueSpecification","valueRequired":true,"valueName":"search_term_string"}}],"inLanguage":"pt-BR"},{"@type":"Organization","@id":"https:\/\/www.estrategiaconcursos.com.br\/blog\/#organization","name":"Estrat\u00e9gia Concursos","url":"https:\/\/www.estrategiaconcursos.com.br\/blog\/","logo":{"@type":"ImageObject","inLanguage":"pt-BR","@id":"https:\/\/www.estrategiaconcursos.com.br\/blog\/#\/schema\/logo\/image\/","url":"https:\/\/dhg1h5j42swfq.cloudfront.net\/2025\/06\/03203428\/logo_concursos-1.jpg","contentUrl":"https:\/\/dhg1h5j42swfq.cloudfront.net\/2025\/06\/03203428\/logo_concursos-1.jpg","width":230,"height":60,"caption":"Estrat\u00e9gia Concursos"},"image":{"@id":"https:\/\/www.estrategiaconcursos.com.br\/blog\/#\/schema\/logo\/image\/"},"sameAs":["https:\/\/x.com\/EstratConcursos"]},{"@type":"Person","@id":"https:\/\/www.estrategiaconcursos.com.br\/blog\/#\/schema\/person\/aa39cf5ddb518e5bdce27c35788405e2","name":"Ricardo Torques","image":{"@type":"ImageObject","inLanguage":"pt-BR","@id":"https:\/\/secure.gravatar.com\/avatar\/ce9ac6c3cff25fe86d15ed568ebc64d1724baf5c0693133bcb1f6073f712f92a?s=96&d=mm&r=g","url":"https:\/\/secure.gravatar.com\/avatar\/ce9ac6c3cff25fe86d15ed568ebc64d1724baf5c0693133bcb1f6073f712f92a?s=96&d=mm&r=g","contentUrl":"https:\/\/secure.gravatar.com\/avatar\/ce9ac6c3cff25fe86d15ed568ebc64d1724baf5c0693133bcb1f6073f712f92a?s=96&d=mm&r=g","caption":"Ricardo Torques"},"sameAs":["https:\/\/www.facebook.com\/ricardo.s.torques"],"url":"https:\/\/www.estrategiaconcursos.com.br\/blog\/author\/ricardotorquesestrategiaconcursos-com-br\/"}]}},"_links":{"self":[{"href":"https:\/\/www.estrategiaconcursos.com.br\/blog\/wp-json\/wp\/v2\/posts\/27750","targetHints":{"allow":["GET"]}}],"collection":[{"href":"https:\/\/www.estrategiaconcursos.com.br\/blog\/wp-json\/wp\/v2\/posts"}],"about":[{"href":"https:\/\/www.estrategiaconcursos.com.br\/blog\/wp-json\/wp\/v2\/types\/post"}],"author":[{"embeddable":true,"href":"https:\/\/www.estrategiaconcursos.com.br\/blog\/wp-json\/wp\/v2\/users\/180"}],"replies":[{"embeddable":true,"href":"https:\/\/www.estrategiaconcursos.com.br\/blog\/wp-json\/wp\/v2\/comments?post=27750"}],"version-history":[{"count":4,"href":"https:\/\/www.estrategiaconcursos.com.br\/blog\/wp-json\/wp\/v2\/posts\/27750\/revisions"}],"predecessor-version":[{"id":27781,"href":"https:\/\/www.estrategiaconcursos.com.br\/blog\/wp-json\/wp\/v2\/posts\/27750\/revisions\/27781"}],"wp:attachment":[{"href":"https:\/\/www.estrategiaconcursos.com.br\/blog\/wp-json\/wp\/v2\/media?parent=27750"}],"wp:term":[{"taxonomy":"category","embeddable":true,"href":"https:\/\/www.estrategiaconcursos.com.br\/blog\/wp-json\/wp\/v2\/categories?post=27750"},{"taxonomy":"post_tag","embeddable":true,"href":"https:\/\/www.estrategiaconcursos.com.br\/blog\/wp-json\/wp\/v2\/tags?post=27750"},{"taxonomy":"tax_estado","embeddable":true,"href":"https:\/\/www.estrategiaconcursos.com.br\/blog\/wp-json\/wp\/v2\/tax_estado?post=27750"}],"curies":[{"name":"wp","href":"https:\/\/api.w.org\/{rel}","templated":true}]}}