{"id":27736,"date":"2015-10-04T13:39:18","date_gmt":"2015-10-04T16:39:18","guid":{"rendered":"http:\/\/www.estrategiaconcursos.com.br\/blog\/?p=27736"},"modified":"2015-10-05T17:12:58","modified_gmt":"2015-10-05T20:12:58","slug":"trers-edital-reforma-eleitoral-e-numero-de-vagas","status":"publish","type":"post","link":"https:\/\/www.estrategiaconcursos.com.br\/blog\/trers-edital-reforma-eleitoral-e-numero-de-vagas\/","title":{"rendered":"TRE\/RS &#8211; Edital, reforma eleitoral e n\u00famero de vagas"},"content":{"rendered":"<p style=\"text-align: justify;\"><a href=\"https:\/\/dhg1h5j42swfq.cloudfront.net\/2015\/10\/04133852\/TRE-rs.jpg\"><img loading=\"lazy\" decoding=\"async\" class=\" size-medium wp-image-27739 alignleft\" src=\"https:\/\/dhg1h5j42swfq.cloudfront.net\/2015\/10\/04133852\/TRE-rs-300x154.jpg\" alt=\"TRE-rs\" width=\"300\" height=\"154\" srcset=\"https:\/\/dhg1h5j42swfq.cloudfront.net\/2015\/10\/04133852\/TRE-rs.jpg 300w, https:\/\/dhg1h5j42swfq.cloudfront.net\/2015\/10\/04133852\/TRE-rs.jpg 304w\" sizes=\"auto, (max-width: 300px) 100vw, 300px\" \/><\/a>Ol\u00e1 pessoal! Estamos aqui para tratar do <a title=\"Cursos para Concurso TRE-RS\" href=\"https:\/\/www.estrategiaconcursos.com.br\/cursosPorConcurso\/tre-rs-tribunal-regional-eleitoral-do-rio-grande-do-sul-425\/\" target=\"_blank\">concurso para o TRE\/RS<\/a>!<\/p>\n<p style=\"text-align: justify;\">Voc\u00eas j\u00e1 devem saber, mas ao contr\u00e1rio do edital de 2011, a banca escolhida foi o <strong>CESPE\/CEBRASPE<\/strong>. Al\u00e9m disso, muito recentemente o TRE divulgou o contrato assinado com o CESPE, contendo algumas informa\u00e7\u00f5es quanto ao nosso edital. Vejamos o que \u00e9 importante para n\u00f3s!<\/p>\n<p style=\"text-align: justify;\">O contrato explicitou o n\u00famero de vagas inicialmente ofertadas:<\/p>\n<ul>\n<li style=\"text-align: justify;\">Analista Judici\u00e1rio \u2013 \u00c1rea Judici\u00e1ria (AJAJ) \u2013 4 vagas (al\u00e9m de forma\u00e7\u00e3o de cadastro de reserva)<\/li>\n<li style=\"text-align: justify;\">Analista Judici\u00e1rio \u2013 \u00c1rea Administrativa (AJAA) \u2013 1 vaga (al\u00e9m de forma\u00e7\u00e3o de cadastro de reserva)<\/li>\n<li style=\"text-align: justify;\">T\u00e9cnico Judici\u00e1rio \u2013 \u00c1rea Administrativa (TJAA) \u2013 1 vaga ((al\u00e9m de forma\u00e7\u00e3o de cadastro de reserva)<\/li>\n<\/ul>\n<p style=\"text-align: justify;\"><strong>Vale a pena dedicar-se para um concurso que prev\u00ea apenas 6 vagas em edital? <\/strong>Vamos responder indiretamente&#8230;<\/p>\n<p style=\"text-align: justify;\">No concurso anterior, foram previstas poucas vagas e forma\u00e7\u00e3o de cadastro de reserva. Contudo, ao longo da validade do concurso (2 anos, prorrog\u00e1veis por mais 2) foram nomeados dezenas de candidatos aprovados.<\/p>\n<p style=\"text-align: justify;\">Vejam:<\/p>\n<ul>\n<li style=\"text-align: justify;\"><strong>TJAA<\/strong> &#8211; 130 nomeados<\/li>\n<li style=\"text-align: justify;\"><strong>AJAA &#8211; <\/strong>25 nomeados<\/li>\n<li style=\"text-align: justify;\"><strong>AJAJ<\/strong> \u2013 52 nomeados<\/li>\n<\/ul>\n<p style=\"text-align: justify;\">Se n\u00e3o bastasse a quantidade de nomeados no curso anterior, recentemente foi aprovada a <strong>Lei n\u00ba 13.150\/2015<\/strong>, que criou in\u00fameros cargos e fun\u00e7\u00f5es na Justi\u00e7a Eleitoral.<\/p>\n<p style=\"text-align: justify;\"><strong>Logo, vai perder a oportunidade?!<\/strong><\/p>\n<p style=\"text-align: justify;\">Al\u00e9m disso, o contrato prev\u00ea realiza\u00e7\u00e3o de provas ainda no ano de 2015, contudo assegura 60 dias entre edital e a realiza\u00e7\u00e3o das provas.<\/p>\n<p style=\"text-align: justify;\">N\u00e3o sabemos precisar quando o edital ser\u00e1 lan\u00e7ado, mas certamente teremos tempo significativo at\u00e9 o exame, de modo que voc\u00eas poder\u00e3o se preparar com tranquilidade e, mais importante, com qualidade.<\/p>\n<p style=\"text-align: justify;\">Caso voc\u00ea esteja estudando ou decidam preparar-se, aten\u00e7\u00e3o! Tivemos, h\u00e1 menos de 10 dias, significativa altera\u00e7\u00e3o nas principais leis eleitorais. Para voc\u00eas terem ideia, a Lei n\u00ba 13.165\/2015 alterou o C\u00f3digo Eleitoral, a Lei das Elei\u00e7\u00f5es e a Lei dos Partidos Pol\u00edticos. Em face disso, praticamente metade do nosso curso dever\u00e1 ser reformulado.<\/p>\n<p style=\"text-align: justify;\"><strong>Ent\u00e3o, professor, n\u00e3o vou estudar! Mudou tudo&#8230;<\/strong><\/p>\n<p style=\"text-align: justify;\">Na dificuldade, nascem as oportunidades. Trata-se de um concurso com significativo n\u00famero de vagas, com \u00f3timos sal\u00e1rios e em um estado com alta qualidade de vida.<\/p>\n<p style=\"text-align: justify;\">Como houve altera\u00e7\u00e3o na legisla\u00e7\u00e3o, todos est\u00e3o \u201cno mesmo barco\u201d, dos mais experientes aos iniciantes. Dessa forma, quem tiver coragem e se dedicar com afinco ter\u00e1 uma excelente oportunidade de ingresso no servi\u00e7o p\u00fablico.<\/p>\n<p style=\"text-align: justify;\">Com esse esp\u00edrito, lan\u00e7amos nossos cursos para os cargos de AJAJ, AJAA e TJAA. Al\u00e9m disso, teremos curso espec\u00edfico para an\u00e1lise do Regimento Interno do TRE\/RS. Confiram!<\/p>\n<p style=\"text-align: justify;\"><strong>AJAJ<\/strong> \u2013 https:\/\/www.estrategiaconcursos.com.br\/curso\/direito-eleitoral-p-tre-rs-analista-judiciario-area-judiciaria-8825\/<\/p>\n<p style=\"text-align: justify;\"><strong>AJAA e TJAA<\/strong> &#8211; https:\/\/www.estrategiaconcursos.com.br\/curso\/direito-eleitoral-p-tre-rs-analista-e-tecnico-area-administrativa-8826\/<\/p>\n<p style=\"text-align: justify;\"><strong>Regimento Interno (todos os cargos<\/strong>) \u2013 https:\/\/www.estrategiaconcursos.com.br\/curso\/regimento-interno-p-tre-rs-todos-os-cargos-8828\/<\/p>\n<p style=\"text-align: justify;\">Quaisquer d\u00favidas deixe seu coment\u00e1rio abaixo!<\/p>\n<p style=\"text-align: justify;\">Bons estudos!<\/p>\n<p style=\"text-align: justify;\">Ricardo Torques<\/p>\n<p style=\"text-align: justify;\"><a href=\"mailto:rst.estrategia@gmail.com\">rst.estrategia@gmail.com<\/a><\/p>\n<p style=\"text-align: justify;\"><a href=\"https:\/\/www.facebook.com\/ricardo.s.torques\">https:\/\/www.facebook.com\/ricardo.s.torques<\/a><\/p>\n","protected":false},"excerpt":{"rendered":"<p>Ol\u00e1 pessoal! Estamos aqui para tratar do concurso para o TRE\/RS! Voc\u00eas j\u00e1 devem saber, mas ao contr\u00e1rio do edital de 2011, a banca escolhida foi o CESPE\/CEBRASPE. Al\u00e9m disso, muito recentemente o TRE divulgou o contrato assinado com o CESPE, contendo algumas informa\u00e7\u00f5es quanto ao nosso edital. Vejamos o que \u00e9 importante para n\u00f3s! [&hellip;]<\/p>\n","protected":false},"author":180,"featured_media":0,"comment_status":"open","ping_status":"open","sticky":false,"template":"","format":"standard","meta":{"post_tipo":"article","footnotes":""},"categories":[1],"tags":[1007],"tax_estado":[],"class_list":["post-27736","post","type-post","status-publish","format-standard","hentry","category-cursos-e-concursos","tag-tre-rs"],"acf":[],"yoast_head":"<!-- This site is optimized with the Yoast SEO Premium plugin v27.2 (Yoast SEO v27.2) - https:\/\/yoast.com\/product\/yoast-seo-premium-wordpress\/ -->\n<title>TRE\/RS - Edital, reforma eleitoral e n\u00famero de vagas<\/title>\n<meta name=\"description\" content=\"Recentemente o TRE-RS divulgou o contrato assinado com o CESPE, contendo algumas informa\u00e7\u00f5es quanto ao nosso edital. Vejamos o que \u00e9 importante para n\u00f3s!\" \/>\n<meta name=\"robots\" content=\"index, follow, max-snippet:-1, max-image-preview:large, max-video-preview:-1\" \/>\n<link rel=\"canonical\" href=\"https:\/\/www.estrategiaconcursos.com.br\/blog\/trers-edital-reforma-eleitoral-e-numero-de-vagas\/\" \/>\n<meta property=\"og:locale\" content=\"pt_BR\" \/>\n<meta property=\"og:type\" content=\"article\" \/>\n<meta property=\"og:title\" content=\"TRE\/RS - Edital, reforma eleitoral e n\u00famero de vagas\" \/>\n<meta property=\"og:description\" content=\"Recentemente o TRE-RS divulgou o contrato assinado com o CESPE, contendo algumas informa\u00e7\u00f5es quanto ao nosso edital. Vejamos o que \u00e9 importante para n\u00f3s!\" \/>\n<meta property=\"og:url\" content=\"https:\/\/www.estrategiaconcursos.com.br\/blog\/trers-edital-reforma-eleitoral-e-numero-de-vagas\/\" \/>\n<meta property=\"og:site_name\" content=\"Estrat\u00e9gia Concursos\" \/>\n<meta property=\"article:author\" content=\"https:\/\/www.facebook.com\/ricardo.s.torques\" \/>\n<meta property=\"article:published_time\" content=\"2015-10-04T16:39:18+00:00\" \/>\n<meta property=\"article:modified_time\" content=\"2015-10-05T20:12:58+00:00\" \/>\n<meta property=\"og:image\" content=\"https:\/\/dhg1h5j42swfq.cloudfront.net\/2015\/10\/04133852\/TRE-rs-300x154.jpg\" \/>\n<meta name=\"author\" content=\"Ricardo Torques\" \/>\n<meta name=\"twitter:card\" content=\"summary_large_image\" \/>\n<meta name=\"twitter:creator\" content=\"@EstratConcursos\" \/>\n<meta name=\"twitter:site\" content=\"@EstratConcursos\" \/>\n<meta name=\"twitter:label1\" content=\"Escrito por\" \/>\n\t<meta name=\"twitter:data1\" content=\"Ricardo Torques\" \/>\n\t<meta name=\"twitter:label2\" content=\"Est. tempo de leitura\" \/>\n\t<meta name=\"twitter:data2\" content=\"2 minutos\" \/>\n<script type=\"application\/ld+json\" class=\"yoast-schema-graph\">{\"@context\":\"https:\/\/schema.org\",\"@graph\":[{\"@type\":\"NewsArticle\",\"@id\":\"https:\/\/www.estrategiaconcursos.com.br\/blog\/trers-edital-reforma-eleitoral-e-numero-de-vagas\/#article\",\"isPartOf\":{\"@id\":\"https:\/\/www.estrategiaconcursos.com.br\/blog\/trers-edital-reforma-eleitoral-e-numero-de-vagas\/\"},\"author\":{\"name\":\"Ricardo Torques\",\"@id\":\"https:\/\/www.estrategiaconcursos.com.br\/blog\/#\/schema\/person\/aa39cf5ddb518e5bdce27c35788405e2\"},\"headline\":\"TRE\/RS &#8211; Edital, reforma eleitoral e n\u00famero de vagas\",\"datePublished\":\"2015-10-04T16:39:18+00:00\",\"dateModified\":\"2015-10-05T20:12:58+00:00\",\"mainEntityOfPage\":{\"@id\":\"https:\/\/www.estrategiaconcursos.com.br\/blog\/trers-edital-reforma-eleitoral-e-numero-de-vagas\/\"},\"wordCount\":501,\"commentCount\":2,\"publisher\":{\"@id\":\"https:\/\/www.estrategiaconcursos.com.br\/blog\/#organization\"},\"image\":{\"@id\":\"https:\/\/www.estrategiaconcursos.com.br\/blog\/trers-edital-reforma-eleitoral-e-numero-de-vagas\/#primaryimage\"},\"thumbnailUrl\":\"https:\/\/dhg1h5j42swfq.cloudfront.net\/2015\/10\/04133852\/TRE-rs-300x154.jpg\",\"keywords\":[\"TRE-RS\"],\"articleSection\":[\"Concursos P\u00fablicos\"],\"inLanguage\":\"pt-BR\",\"potentialAction\":[{\"@type\":\"CommentAction\",\"name\":\"Comment\",\"target\":[\"https:\/\/www.estrategiaconcursos.com.br\/blog\/trers-edital-reforma-eleitoral-e-numero-de-vagas\/#respond\"]}],\"copyrightYear\":\"2015\",\"copyrightHolder\":{\"@id\":\"https:\/\/www.estrategiaconcursos.com.br\/blog\/#organization\"}},{\"@type\":\"WebPage\",\"@id\":\"https:\/\/www.estrategiaconcursos.com.br\/blog\/trers-edital-reforma-eleitoral-e-numero-de-vagas\/\",\"url\":\"https:\/\/www.estrategiaconcursos.com.br\/blog\/trers-edital-reforma-eleitoral-e-numero-de-vagas\/\",\"name\":\"TRE\/RS - Edital, reforma eleitoral e n\u00famero de vagas\",\"isPartOf\":{\"@id\":\"https:\/\/www.estrategiaconcursos.com.br\/blog\/#website\"},\"primaryImageOfPage\":{\"@id\":\"https:\/\/www.estrategiaconcursos.com.br\/blog\/trers-edital-reforma-eleitoral-e-numero-de-vagas\/#primaryimage\"},\"image\":{\"@id\":\"https:\/\/www.estrategiaconcursos.com.br\/blog\/trers-edital-reforma-eleitoral-e-numero-de-vagas\/#primaryimage\"},\"thumbnailUrl\":\"https:\/\/dhg1h5j42swfq.cloudfront.net\/2015\/10\/04133852\/TRE-rs-300x154.jpg\",\"datePublished\":\"2015-10-04T16:39:18+00:00\",\"dateModified\":\"2015-10-05T20:12:58+00:00\",\"description\":\"Recentemente o TRE-RS divulgou o contrato assinado com o CESPE, contendo algumas informa\u00e7\u00f5es quanto ao nosso edital. Vejamos o que \u00e9 importante para n\u00f3s!\",\"breadcrumb\":{\"@id\":\"https:\/\/www.estrategiaconcursos.com.br\/blog\/trers-edital-reforma-eleitoral-e-numero-de-vagas\/#breadcrumb\"},\"inLanguage\":\"pt-BR\",\"potentialAction\":[{\"@type\":\"ReadAction\",\"target\":[\"https:\/\/www.estrategiaconcursos.com.br\/blog\/trers-edital-reforma-eleitoral-e-numero-de-vagas\/\"]}]},{\"@type\":\"ImageObject\",\"inLanguage\":\"pt-BR\",\"@id\":\"https:\/\/www.estrategiaconcursos.com.br\/blog\/trers-edital-reforma-eleitoral-e-numero-de-vagas\/#primaryimage\",\"url\":\"https:\/\/dhg1h5j42swfq.cloudfront.net\/2015\/10\/04133852\/TRE-rs-300x154.jpg\",\"contentUrl\":\"https:\/\/dhg1h5j42swfq.cloudfront.net\/2015\/10\/04133852\/TRE-rs-300x154.jpg\"},{\"@type\":\"BreadcrumbList\",\"@id\":\"https:\/\/www.estrategiaconcursos.com.br\/blog\/trers-edital-reforma-eleitoral-e-numero-de-vagas\/#breadcrumb\",\"itemListElement\":[{\"@type\":\"ListItem\",\"position\":1,\"name\":\"In\u00edcio\",\"item\":\"https:\/\/www.estrategiaconcursos.com.br\/blog\/\"},{\"@type\":\"ListItem\",\"position\":2,\"name\":\"TRE\/RS &#8211; Edital, reforma eleitoral e n\u00famero de vagas\"}]},{\"@type\":\"WebSite\",\"@id\":\"https:\/\/www.estrategiaconcursos.com.br\/blog\/#website\",\"url\":\"https:\/\/www.estrategiaconcursos.com.br\/blog\/\",\"name\":\"Estrat\u00e9gia Concursos\",\"description\":\"O blog da Estrat\u00e9gia Concursos traz not\u00edcias sobre concursos e artigos de professores oferecendo cursos para concursos (pdf + videaulas) no site.\",\"publisher\":{\"@id\":\"https:\/\/www.estrategiaconcursos.com.br\/blog\/#organization\"},\"potentialAction\":[{\"@type\":\"SearchAction\",\"target\":{\"@type\":\"EntryPoint\",\"urlTemplate\":\"https:\/\/www.estrategiaconcursos.com.br\/blog\/?s={search_term_string}\"},\"query-input\":{\"@type\":\"PropertyValueSpecification\",\"valueRequired\":true,\"valueName\":\"search_term_string\"}}],\"inLanguage\":\"pt-BR\"},{\"@type\":\"Organization\",\"@id\":\"https:\/\/www.estrategiaconcursos.com.br\/blog\/#organization\",\"name\":\"Estrat\u00e9gia Concursos\",\"url\":\"https:\/\/www.estrategiaconcursos.com.br\/blog\/\",\"logo\":{\"@type\":\"ImageObject\",\"inLanguage\":\"pt-BR\",\"@id\":\"https:\/\/www.estrategiaconcursos.com.br\/blog\/#\/schema\/logo\/image\/\",\"url\":\"https:\/\/dhg1h5j42swfq.cloudfront.net\/2025\/06\/03203428\/logo_concursos-1.jpg\",\"contentUrl\":\"https:\/\/dhg1h5j42swfq.cloudfront.net\/2025\/06\/03203428\/logo_concursos-1.jpg\",\"width\":230,\"height\":60,\"caption\":\"Estrat\u00e9gia Concursos\"},\"image\":{\"@id\":\"https:\/\/www.estrategiaconcursos.com.br\/blog\/#\/schema\/logo\/image\/\"},\"sameAs\":[\"https:\/\/x.com\/EstratConcursos\"]},{\"@type\":\"Person\",\"@id\":\"https:\/\/www.estrategiaconcursos.com.br\/blog\/#\/schema\/person\/aa39cf5ddb518e5bdce27c35788405e2\",\"name\":\"Ricardo Torques\",\"image\":{\"@type\":\"ImageObject\",\"inLanguage\":\"pt-BR\",\"@id\":\"https:\/\/secure.gravatar.com\/avatar\/ce9ac6c3cff25fe86d15ed568ebc64d1724baf5c0693133bcb1f6073f712f92a?s=96&d=mm&r=g\",\"url\":\"https:\/\/secure.gravatar.com\/avatar\/ce9ac6c3cff25fe86d15ed568ebc64d1724baf5c0693133bcb1f6073f712f92a?s=96&d=mm&r=g\",\"contentUrl\":\"https:\/\/secure.gravatar.com\/avatar\/ce9ac6c3cff25fe86d15ed568ebc64d1724baf5c0693133bcb1f6073f712f92a?s=96&d=mm&r=g\",\"caption\":\"Ricardo Torques\"},\"sameAs\":[\"https:\/\/www.facebook.com\/ricardo.s.torques\"],\"url\":\"https:\/\/www.estrategiaconcursos.com.br\/blog\/author\/ricardotorquesestrategiaconcursos-com-br\/\"}]}<\/script>\n<!-- \/ Yoast SEO Premium plugin. -->","yoast_head_json":{"title":"TRE\/RS - Edital, reforma eleitoral e n\u00famero de vagas","description":"Recentemente o TRE-RS divulgou o contrato assinado com o CESPE, contendo algumas informa\u00e7\u00f5es quanto ao nosso edital. Vejamos o que \u00e9 importante para n\u00f3s!","robots":{"index":"index","follow":"follow","max-snippet":"max-snippet:-1","max-image-preview":"max-image-preview:large","max-video-preview":"max-video-preview:-1"},"canonical":"https:\/\/www.estrategiaconcursos.com.br\/blog\/trers-edital-reforma-eleitoral-e-numero-de-vagas\/","og_locale":"pt_BR","og_type":"article","og_title":"TRE\/RS - Edital, reforma eleitoral e n\u00famero de vagas","og_description":"Recentemente o TRE-RS divulgou o contrato assinado com o CESPE, contendo algumas informa\u00e7\u00f5es quanto ao nosso edital. Vejamos o que \u00e9 importante para n\u00f3s!","og_url":"https:\/\/www.estrategiaconcursos.com.br\/blog\/trers-edital-reforma-eleitoral-e-numero-de-vagas\/","og_site_name":"Estrat\u00e9gia Concursos","article_author":"https:\/\/www.facebook.com\/ricardo.s.torques","article_published_time":"2015-10-04T16:39:18+00:00","article_modified_time":"2015-10-05T20:12:58+00:00","og_image":[{"url":"https:\/\/dhg1h5j42swfq.cloudfront.net\/2015\/10\/04133852\/TRE-rs-300x154.jpg","type":"","width":"","height":""}],"author":"Ricardo Torques","twitter_card":"summary_large_image","twitter_creator":"@EstratConcursos","twitter_site":"@EstratConcursos","twitter_misc":{"Escrito por":"Ricardo Torques","Est. tempo de leitura":"2 minutos"},"schema":{"@context":"https:\/\/schema.org","@graph":[{"@type":"NewsArticle","@id":"https:\/\/www.estrategiaconcursos.com.br\/blog\/trers-edital-reforma-eleitoral-e-numero-de-vagas\/#article","isPartOf":{"@id":"https:\/\/www.estrategiaconcursos.com.br\/blog\/trers-edital-reforma-eleitoral-e-numero-de-vagas\/"},"author":{"name":"Ricardo Torques","@id":"https:\/\/www.estrategiaconcursos.com.br\/blog\/#\/schema\/person\/aa39cf5ddb518e5bdce27c35788405e2"},"headline":"TRE\/RS &#8211; Edital, reforma eleitoral e n\u00famero de vagas","datePublished":"2015-10-04T16:39:18+00:00","dateModified":"2015-10-05T20:12:58+00:00","mainEntityOfPage":{"@id":"https:\/\/www.estrategiaconcursos.com.br\/blog\/trers-edital-reforma-eleitoral-e-numero-de-vagas\/"},"wordCount":501,"commentCount":2,"publisher":{"@id":"https:\/\/www.estrategiaconcursos.com.br\/blog\/#organization"},"image":{"@id":"https:\/\/www.estrategiaconcursos.com.br\/blog\/trers-edital-reforma-eleitoral-e-numero-de-vagas\/#primaryimage"},"thumbnailUrl":"https:\/\/dhg1h5j42swfq.cloudfront.net\/2015\/10\/04133852\/TRE-rs-300x154.jpg","keywords":["TRE-RS"],"articleSection":["Concursos P\u00fablicos"],"inLanguage":"pt-BR","potentialAction":[{"@type":"CommentAction","name":"Comment","target":["https:\/\/www.estrategiaconcursos.com.br\/blog\/trers-edital-reforma-eleitoral-e-numero-de-vagas\/#respond"]}],"copyrightYear":"2015","copyrightHolder":{"@id":"https:\/\/www.estrategiaconcursos.com.br\/blog\/#organization"}},{"@type":"WebPage","@id":"https:\/\/www.estrategiaconcursos.com.br\/blog\/trers-edital-reforma-eleitoral-e-numero-de-vagas\/","url":"https:\/\/www.estrategiaconcursos.com.br\/blog\/trers-edital-reforma-eleitoral-e-numero-de-vagas\/","name":"TRE\/RS - Edital, reforma eleitoral e n\u00famero de vagas","isPartOf":{"@id":"https:\/\/www.estrategiaconcursos.com.br\/blog\/#website"},"primaryImageOfPage":{"@id":"https:\/\/www.estrategiaconcursos.com.br\/blog\/trers-edital-reforma-eleitoral-e-numero-de-vagas\/#primaryimage"},"image":{"@id":"https:\/\/www.estrategiaconcursos.com.br\/blog\/trers-edital-reforma-eleitoral-e-numero-de-vagas\/#primaryimage"},"thumbnailUrl":"https:\/\/dhg1h5j42swfq.cloudfront.net\/2015\/10\/04133852\/TRE-rs-300x154.jpg","datePublished":"2015-10-04T16:39:18+00:00","dateModified":"2015-10-05T20:12:58+00:00","description":"Recentemente o TRE-RS divulgou o contrato assinado com o CESPE, contendo algumas informa\u00e7\u00f5es quanto ao nosso edital. Vejamos o que \u00e9 importante para n\u00f3s!","breadcrumb":{"@id":"https:\/\/www.estrategiaconcursos.com.br\/blog\/trers-edital-reforma-eleitoral-e-numero-de-vagas\/#breadcrumb"},"inLanguage":"pt-BR","potentialAction":[{"@type":"ReadAction","target":["https:\/\/www.estrategiaconcursos.com.br\/blog\/trers-edital-reforma-eleitoral-e-numero-de-vagas\/"]}]},{"@type":"ImageObject","inLanguage":"pt-BR","@id":"https:\/\/www.estrategiaconcursos.com.br\/blog\/trers-edital-reforma-eleitoral-e-numero-de-vagas\/#primaryimage","url":"https:\/\/dhg1h5j42swfq.cloudfront.net\/2015\/10\/04133852\/TRE-rs-300x154.jpg","contentUrl":"https:\/\/dhg1h5j42swfq.cloudfront.net\/2015\/10\/04133852\/TRE-rs-300x154.jpg"},{"@type":"BreadcrumbList","@id":"https:\/\/www.estrategiaconcursos.com.br\/blog\/trers-edital-reforma-eleitoral-e-numero-de-vagas\/#breadcrumb","itemListElement":[{"@type":"ListItem","position":1,"name":"In\u00edcio","item":"https:\/\/www.estrategiaconcursos.com.br\/blog\/"},{"@type":"ListItem","position":2,"name":"TRE\/RS &#8211; Edital, reforma eleitoral e n\u00famero de vagas"}]},{"@type":"WebSite","@id":"https:\/\/www.estrategiaconcursos.com.br\/blog\/#website","url":"https:\/\/www.estrategiaconcursos.com.br\/blog\/","name":"Estrat\u00e9gia Concursos","description":"O blog da Estrat\u00e9gia Concursos traz not\u00edcias sobre concursos e artigos de professores oferecendo cursos para concursos (pdf + videaulas) no site.","publisher":{"@id":"https:\/\/www.estrategiaconcursos.com.br\/blog\/#organization"},"potentialAction":[{"@type":"SearchAction","target":{"@type":"EntryPoint","urlTemplate":"https:\/\/www.estrategiaconcursos.com.br\/blog\/?s={search_term_string}"},"query-input":{"@type":"PropertyValueSpecification","valueRequired":true,"valueName":"search_term_string"}}],"inLanguage":"pt-BR"},{"@type":"Organization","@id":"https:\/\/www.estrategiaconcursos.com.br\/blog\/#organization","name":"Estrat\u00e9gia Concursos","url":"https:\/\/www.estrategiaconcursos.com.br\/blog\/","logo":{"@type":"ImageObject","inLanguage":"pt-BR","@id":"https:\/\/www.estrategiaconcursos.com.br\/blog\/#\/schema\/logo\/image\/","url":"https:\/\/dhg1h5j42swfq.cloudfront.net\/2025\/06\/03203428\/logo_concursos-1.jpg","contentUrl":"https:\/\/dhg1h5j42swfq.cloudfront.net\/2025\/06\/03203428\/logo_concursos-1.jpg","width":230,"height":60,"caption":"Estrat\u00e9gia Concursos"},"image":{"@id":"https:\/\/www.estrategiaconcursos.com.br\/blog\/#\/schema\/logo\/image\/"},"sameAs":["https:\/\/x.com\/EstratConcursos"]},{"@type":"Person","@id":"https:\/\/www.estrategiaconcursos.com.br\/blog\/#\/schema\/person\/aa39cf5ddb518e5bdce27c35788405e2","name":"Ricardo Torques","image":{"@type":"ImageObject","inLanguage":"pt-BR","@id":"https:\/\/secure.gravatar.com\/avatar\/ce9ac6c3cff25fe86d15ed568ebc64d1724baf5c0693133bcb1f6073f712f92a?s=96&d=mm&r=g","url":"https:\/\/secure.gravatar.com\/avatar\/ce9ac6c3cff25fe86d15ed568ebc64d1724baf5c0693133bcb1f6073f712f92a?s=96&d=mm&r=g","contentUrl":"https:\/\/secure.gravatar.com\/avatar\/ce9ac6c3cff25fe86d15ed568ebc64d1724baf5c0693133bcb1f6073f712f92a?s=96&d=mm&r=g","caption":"Ricardo Torques"},"sameAs":["https:\/\/www.facebook.com\/ricardo.s.torques"],"url":"https:\/\/www.estrategiaconcursos.com.br\/blog\/author\/ricardotorquesestrategiaconcursos-com-br\/"}]}},"_links":{"self":[{"href":"https:\/\/www.estrategiaconcursos.com.br\/blog\/wp-json\/wp\/v2\/posts\/27736","targetHints":{"allow":["GET"]}}],"collection":[{"href":"https:\/\/www.estrategiaconcursos.com.br\/blog\/wp-json\/wp\/v2\/posts"}],"about":[{"href":"https:\/\/www.estrategiaconcursos.com.br\/blog\/wp-json\/wp\/v2\/types\/post"}],"author":[{"embeddable":true,"href":"https:\/\/www.estrategiaconcursos.com.br\/blog\/wp-json\/wp\/v2\/users\/180"}],"replies":[{"embeddable":true,"href":"https:\/\/www.estrategiaconcursos.com.br\/blog\/wp-json\/wp\/v2\/comments?post=27736"}],"version-history":[{"count":2,"href":"https:\/\/www.estrategiaconcursos.com.br\/blog\/wp-json\/wp\/v2\/posts\/27736\/revisions"}],"predecessor-version":[{"id":27780,"href":"https:\/\/www.estrategiaconcursos.com.br\/blog\/wp-json\/wp\/v2\/posts\/27736\/revisions\/27780"}],"wp:attachment":[{"href":"https:\/\/www.estrategiaconcursos.com.br\/blog\/wp-json\/wp\/v2\/media?parent=27736"}],"wp:term":[{"taxonomy":"category","embeddable":true,"href":"https:\/\/www.estrategiaconcursos.com.br\/blog\/wp-json\/wp\/v2\/categories?post=27736"},{"taxonomy":"post_tag","embeddable":true,"href":"https:\/\/www.estrategiaconcursos.com.br\/blog\/wp-json\/wp\/v2\/tags?post=27736"},{"taxonomy":"tax_estado","embeddable":true,"href":"https:\/\/www.estrategiaconcursos.com.br\/blog\/wp-json\/wp\/v2\/tax_estado?post=27736"}],"curies":[{"name":"wp","href":"https:\/\/api.w.org\/{rel}","templated":true}]}}